{"id":18803,"date":"2015-11-11T14:00:00","date_gmt":"2015-11-11T16:00:00","guid":{"rendered":"https:\/\/www.silutesnaujienos.lt\/lt\/savivaldybes-politikai-gesina-minijos-kaimo-konflikta\/"},"modified":"2015-11-11T14:00:00","modified_gmt":"2015-11-11T16:00:00","slug":"savivaldybes-politikai-gesina-minijos-kaimo-konflikta","status":"publish","type":"post","link":"https:\/\/www.silutesnaujienos.lt\/lt\/savivaldybes-politikai-gesina-minijos-kaimo-konflikta\/","title":{"rendered":"Savivaldyb\u0117s politikai gesina Minijos kaimo konflikt\u0105"},"content":{"rendered":"<p>&nbsp;<strong><a target=\"_blank\" rel=\"caption[Minijos kaimo bendruomen\u0117s narys S.Budrys (kair\u0117je) politikams parod\u0117 dokumentus, si\u0173stus Savivaldyb\u0117s administracijai, kuriuose mingi\u0161kiai pra\u0161\u0117 leisti r\u016bpintis Minijos up\u0117s krantini\u0173 prie\u017ei\u016bra.] noopener noreferrer\" class=\"jcepopup\" href=\"\/\/silutesnaujienos.lt\/images\/stories\/2015\/LAPKRITIS\/11\/MINGES_1.jpg\" data-rel=\"lightbox-gallery-KT2gncfY\" data-rl_title=\"\" data-rl_caption=\"\"><img loading=\"lazy\" decoding=\"async\" style=\"margin: 5px; float: left;\" class=\"caption\" title=\"\" alt=\"MINGES 1\" src=\"\/\/silutesnaujienos.lt\/images\/stories\/2015\/LAPKRITIS\/11\/thumbnails\/thumb_MINGES_1.jpg\" height=\"230\" width=\"307\" \/><\/a>Savivaldyb\u0117s Tarybos Ekonomikos ir finans\u0173 komiteto nariai penktadienio popiet\u0119 de\u0161iniajame Minijos up\u0117s krante \u012frengtoje prieplaukoje susitiko su Minijos (Ming\u0117s) kaimo bendruomen\u0117s \u017emon\u0117mis spr\u0119sti j\u0173 pavie\u0161intos problemos. D\u0117l tos prieplaukos nuomos kilo mingi\u0161ki\u0173 nepasitenkinimas Savivaldyb\u0117s administracijos veiksmais.<br \/><\/strong><br \/><strong>Teis\u0117t\u0105, bet galimai neteising\u0105 Savivaldyb\u0117s administracijos direktoriaus Sigito \u0160epu\u010dio sprendim\u0105 i\u0161nuomoti Minijos prieplaukas vie\u0161ojo konkurso b\u016bdu savivaldyb\u0117s politikams apskund\u0117 mingi\u0161kis verslininkas Saulius Budrys. Jis kaltina Savivaldyb\u0117s administracij\u0105, kad skelbiant konkurs\u0105 buvo ignoruotas Minijos kaimo bendruomeni\u0173 pra\u0161ymas leisti krantines pri\u017ei\u016br\u0117ti patiems ir apsieiti be mokes\u010dio Savivaldybei, juolab kad Minijos krantin\u0117s, rekonstruotos u\u017e ES paramos l\u0117\u0161as, tur\u0117jo pagerinti infrastrukt\u016br\u0105 visiems kaimo gyventojams ir j\u0173 sve\u010diams.<br \/><\/strong><br \/><strong>Apie tai \u201e\u0160ilut\u0117s naujienos\u201c prie\u0161 savait\u0119 jau ra\u0161\u0117 straipsnyje \u201ePolitikai suabejojo Ming\u0117s krantini\u0173 nuomos teisingumu\u201c.<\/strong><strong><br \/><\/strong><br \/><strong>\u017dvalg\u0117si vietoje<br \/><\/strong><br \/>Politikai, ap\u017ei\u016br\u0117j\u0119 krantin\u0119, akivaizd\u017eiai mat\u0117, kad dalis i\u0161nuomotos&nbsp; krantin\u0117s (43 met\u0173 ilgio) labiau pana\u0161i \u012f ap\u017evalgos aik\u0161tel\u0119, kuri laivams nepriplaukiama, nes per sekli. Likusieji du tre\u010ddaliai krantin\u0117s, be jau \u010dia stovin\u010di\u0173 \u201eAisyt\u0117s\u201c laivo ir katerio, talpint\u0173 dar du ar tris nedidelius laivus. Daugeliui i\u0161 susirinkusi\u0173 politik\u0173 liko neai\u0161ku, kaip krantin\u0117s nuoma tur\u0117t\u0173 atsipirkti nuomos konkurs\u0105 laim\u0117jusiam klaip\u0117die\u010diui, kuris u\u017e krantin\u0119 pasi\u016bl\u0117 \u012f Savivaldyb\u0117s biud\u017eet\u0105 kas m\u0117nes\u012f mok\u0117ti po 1050 eur\u0173 per vis\u0105 laivybos laikotarp\u012f.<\/p>\n<p>Tik S.Budrys gerai nutuokia, kad jis, bene vienintelis Ming\u0117s kaime gyvenantis ir laiv\u0105 \u201eAisyt\u0117\u201c \u0161alia savo valdos laikantis asmuo, bus priverstas patraukti \u201eAisyt\u0119\u201c i\u0161 i\u0161nuomotos krantin\u0117s arba mok\u0117ti did\u017eiul\u012f mokest\u012f.<\/p>\n<p>Bendraudami su \u017emon\u0117mis politikai gird\u0117jo priekai\u0161t\u0173, kad Savivaldyb\u0117s administracija su bendruomene nesitar\u0117 apie galimyb\u0119 panaudos sutartimi leisti pa\u010diai bendruomenei tvarkytis savo kieme. Dabar dalies krantini\u0173 nuoma dirbtinai supykd\u0117 \u017emones. Vieniems krantin\u0117s prie nam\u0173 liko nemokamos, kitiems, norintiems i\u0161saugoti savo teis\u0119 laikyti laivus prie vald\u0173, teko dalyvauti konkursuose ir teks mok\u0117ti mokes\u010dius \u012f Savivaldyb\u0117s biud\u017eet\u0105. Dar labiau pykdo faktas, kad vien\u0105 krantin\u0117s dal\u012f i\u0161sinuomojo asmuo tarsi niekaip nesusij\u0119s su Minijos kaimu. Buvo svarstan\u010di\u0173, kad kas \u017eino, gal Savivaldybei patiks toks pasipinigavimas ir po kurio laiko visos krantin\u0117s bus i\u0161nuomotos, o mingi\u0161ki\u0173 laivams nemokam\u0173 viet\u0173 nebeliks?<\/p>\n<p><strong>Ka\u017ekas ne taip!?<\/strong><a target=\"_blank\" rel=\"caption[Klaip\u0117dietis A.Urbis komiteto pirmininkui S.Kazlauskui sak\u0117, kad jis s\u0105\u017einingai dalyvavo krantin\u0117s nuomos vie\u0161ajame konkurse ir dabar laukia, kol Savivaldyb\u0117 jam sutartimi perduos valdyti dal\u012f krantin\u0117s.] noopener noreferrer\" class=\"jcepopup\" href=\"\/\/silutesnaujienos.lt\/images\/stories\/2015\/LAPKRITIS\/11\/MINGES_2.jpg\" data-rel=\"lightbox-gallery-KT2gncfY\" data-rl_title=\"\" data-rl_caption=\"\"><img loading=\"lazy\" decoding=\"async\" style=\"margin: 5px; float: right;\" class=\"caption\" title=\"\" alt=\"MINGES 2\" src=\"\/\/silutesnaujienos.lt\/images\/stories\/2015\/LAPKRITIS\/11\/thumbnails\/thumb_MINGES_2.jpg\" height=\"230\" width=\"307\" \/><\/a><\/p>\n<p>Po krantin\u0117s ap\u017ei\u016bros politikai ir pora de\u0161im\u010di\u0173 Minijos kaimo \u017emoni\u0173 i\u0161va\u017eiuojam\u0105j\u012f pos\u0117d\u012f t\u0119s\u0117 kaimo seni\u016bnai\u010dio Jurgio Ge\u010do namuose.<\/p>\n<p>Susirinkime dalyvavo vienintelis Savivaldyb\u0117s administracijos atstovas &#8211; Kint\u0173 seni\u016bnas Antanas Kli\u017eentis. Ta\u010diau jis politikus ir mingi\u0161kius gal\u0117jo informuoti tik apie bendras krantin\u0117s pakran\u010di\u0173 prie\u017ei\u016bros s\u0105lygas, apie liept\u0173 \u012fteisinim\u0105.<\/p>\n<p>S.Budrys dar kart\u0105 pateik\u0117 dokumentus apie bendruomen\u0117s pastangas gauti panaudai krantines&nbsp; ir j\u0173 prie\u017ei\u016br\u0105. Politikams mingi\u0161kiai dar kart\u0105 patvirtino nor\u0105, kad jie patys nori tvarkytis savo kieme, ir pra\u0161\u0117 panaikinti vie\u0161\u0173j\u0173 pirkim\u0173 konkurso rezultatus.<\/p>\n<p>Socialdemokratas, \u0161v\u0117k\u0161ni\u0161kis Antanas Martinkus, i\u0161klaus\u0119s \u017emones, kreip\u0117si \u012f komiteto pirminink\u0105 Stepon\u0105 Kazlausk\u0105 si\u016blydamas taisyti konfliktin\u0119 situacij\u0105 mingi\u0161ki\u0173 naudai. Jis sak\u0117, kad \u0160v\u0117k\u0161nos seni\u016bnijoje \u012fprasta pana\u0161ias situacijas spr\u0119sti tampriai bendraujant su \u017emon\u0117mis, o jeigu klausimas susietas su vietos verslu, tai problema sprend\u017eiama taip, kad tik pad\u0117t\u0173 vietos verslininkui. Juk b\u016btent vietos verslas kuria darbo vietas ir pildo Savivaldyb\u0117s biud\u017eet\u0105 mokes\u010diais. Ming\u0117je pasielgta visai prie\u0161ingai. A.Martinkaus manymu, Savivaldyb\u0117s administracijos direktoriaus sprendimas i\u0161nuomoti krantines nepad\u0117jo vietos gyventojams, bet juos sukir\u0161ino ir nuskriaud\u0117.<\/p>\n<p>A.Martinkui pritar\u0117 ir liberalas A.Jakas, kurio nuomone, Savivaldyb\u0117s administracija pasielg\u0117 neteisingai, nei\u0161klausiusi bendruomen\u0117s pageidavimo. Juolab kad krantini\u0173 sutvarkymas ES paramos l\u0117\u0161omis \u012fpareigoja Savivaldyb\u0117s administracij\u0105 nesiekti pelno.<\/p>\n<p>Komiteto pirmininkas, \u201etvarkietis\u201c S.Kazlauskas sak\u0117, kad komitetas dabar jokio sprendimo paskelbti negali, nes privalo i\u0161klausyti ir Savivaldyb\u0117s administracijos vadovyb\u0117s. Jis apgailestavo, kad i\u0161va\u017eiuojamajame pos\u0117dyje administracijos vadovai nedalyvavo, tod\u0117l teks juos kviestis \u012f komiteto pos\u0117d\u012f. <\/p>\n<p><strong>Nieko nepa\u017eeid\u0117. Turi id\u0117j\u0173<\/strong><\/p>\n<p>Tik pos\u0117d\u017eiui pasibaigus ir jo dalyviams jau bei\u0161sivaik\u0161tant, S.Kazlauskas su\u017einojo, kad tarp mingi\u0161ki\u0173 b\u016brio vis\u0105 laik\u0105 buvo ir kalb\u0173 klaus\u0117si vie\u0161\u0105j\u012f konkurs\u0105 laim\u0117j\u0119s ir krantin\u0117s perdavimo laukiantis klaip\u0117dietis Arvydas Urbis. S.Kazlauskui jis patvirtino, jog s\u0105\u017einingai dalyvavo konkurse, Savivaldybei pasi\u016bl\u0117 solid\u017ei\u0105 sum\u0105 ir laim\u0117jo konkurs\u0105. Jis sak\u0117 nieko nepa\u017eeid\u0119s, tod\u0117l tikisi, kad krantin\u0117 jam bus perduota naudoti. A.Urbis savo planuojamo verslo neatskleid\u0117 ir tik kalb\u0117jo, kad brandinamos mintys anks\u010diau ar v\u0117liau bus realizuotos. Jis sak\u0117 neabejoj\u0105s, kad ir 43 m krantin\u0117s gali duoti tiek pelno, jog u\u017eteks kas m\u0117nes\u012f Savivaldybei mok\u0117ti 1050 Eur nuomos mokest\u012f.<\/p>\n<p>Kai kurioms mingi\u0161k\u0117ms, kurios pernelyg kar\u0161tai klaip\u0117die\u010diui prikai\u0161iojo, kad jis kaime &#8211; svetimas ir kad jis sukir\u0161ino kaimynus, A.Urbis pra\u0161\u0117 nusiraminti, nes kitaip gali tekti gintis teisme.<\/p>\n","protected":false},"excerpt":{"rendered":"<p>&nbsp;Savivaldyb\u0117s Tarybos Ekonomikos ir finans\u0173 komiteto nariai penktadienio popiet\u0119 de\u0161iniajame Minijos up\u0117s krante \u012frengtoje prieplaukoje susitiko su Minijos (Ming\u0117s) kaimo bendruomen\u0117s \u017emon\u0117mis spr\u0119sti j\u0173 pavie\u0161intos problemos. D\u0117l tos prieplaukos nuomos kilo mingi\u0161ki\u0173 nepasitenkinimas Savivaldyb\u0117s administracijos veiksmais.Teis\u0117t\u0105, bet galimai neteising\u0105 Savivaldyb\u0117s administracijos direktoriaus Sigito \u0160epu\u010dio sprendim\u0105 i\u0161nuomoti Minijos prieplaukas vie\u0161ojo konkurso b\u016bdu savivaldyb\u0117s politikams apskund\u0117 mingi\u0161kis [&hellip;]<\/p>\n","protected":false},"author":2,"featured_media":0,"comment_status":"open","ping_status":"open","sticky":false,"template":"","format":"standard","meta":{"footnotes":""},"categories":[2],"tags":[],"class_list":{"0":"post-18803","1":"post","2":"type-post","3":"status-publish","4":"format-standard","6":"category-aktualijos"},"yoast_head":"<!-- This site is optimized with the Yoast SEO plugin v27.5 - https:\/\/yoast.com\/product\/yoast-seo-wordpress\/ -->\n<title>Savivaldyb\u0117s politikai gesina Minijos kaimo konflikt\u0105 - \u0160ilut\u0117s naujienos<\/title>\n<meta name=\"robots\" content=\"index, follow, max-snippet:-1, max-image-preview:large, max-video-preview:-1\" \/>\n<link rel=\"canonical\" href=\"https:\/\/www.silutesnaujienos.lt\/lt\/savivaldybes-politikai-gesina-minijos-kaimo-konflikta\/\" \/>\n<meta property=\"og:locale\" content=\"lt_LT\" \/>\n<meta property=\"og:type\" content=\"article\" \/>\n<meta property=\"og:title\" content=\"Savivaldyb\u0117s politikai gesina Minijos kaimo konflikt\u0105 - \u0160ilut\u0117s naujienos\" \/>\n<meta property=\"og:description\" content=\"&nbsp;Savivaldyb\u0117s Tarybos Ekonomikos ir finans\u0173 komiteto nariai penktadienio popiet\u0119 de\u0161iniajame Minijos up\u0117s krante \u012frengtoje prieplaukoje susitiko su Minijos (Ming\u0117s) kaimo bendruomen\u0117s \u017emon\u0117mis spr\u0119sti j\u0173 pavie\u0161intos problemos. D\u0117l tos prieplaukos nuomos kilo mingi\u0161ki\u0173 nepasitenkinimas Savivaldyb\u0117s administracijos veiksmais.Teis\u0117t\u0105, bet galimai neteising\u0105 Savivaldyb\u0117s administracijos direktoriaus Sigito \u0160epu\u010dio sprendim\u0105 i\u0161nuomoti Minijos prieplaukas vie\u0161ojo konkurso b\u016bdu savivaldyb\u0117s politikams apskund\u0117 mingi\u0161kis [&hellip;]\" \/>\n<meta property=\"og:url\" content=\"https:\/\/www.silutesnaujienos.lt\/lt\/savivaldybes-politikai-gesina-minijos-kaimo-konflikta\/\" \/>\n<meta property=\"og:site_name\" content=\"\u0160ilut\u0117s naujienos\" \/>\n<meta property=\"article:publisher\" content=\"https:\/\/www.facebook.com\/silutes.naujienos\/\" \/>\n<meta property=\"article:published_time\" content=\"2015-11-11T16:00:00+00:00\" \/>\n<meta property=\"og:image\" content=\"\/\/silutesnaujienos.lt\/images\/stories\/2015\/LAPKRITIS\/11\/thumbnails\/thumb_MINGES_1.jpg\" \/>\n<meta name=\"author\" content=\"\u0160ilut\u0117s naujien\u0173 inf.\" \/>\n<meta name=\"twitter:card\" content=\"summary_large_image\" \/>\n<meta name=\"twitter:label1\" content=\"Written by\" \/>\n\t<meta name=\"twitter:data1\" content=\"\u0160ilut\u0117s naujien\u0173 inf.\" \/>\n\t<meta name=\"twitter:label2\" content=\"Est. reading time\" \/>\n\t<meta name=\"twitter:data2\" content=\"4 minut\u0117s\" \/>\n<script type=\"application\/ld+json\" class=\"yoast-schema-graph\">{\"@context\":\"https:\\\/\\\/schema.org\",\"@graph\":[{\"@type\":\"Article\",\"@id\":\"https:\\\/\\\/www.silutesnaujienos.lt\\\/lt\\\/savivaldybes-politikai-gesina-minijos-kaimo-konflikta\\\/#article\",\"isPartOf\":{\"@id\":\"https:\\\/\\\/www.silutesnaujienos.lt\\\/lt\\\/savivaldybes-politikai-gesina-minijos-kaimo-konflikta\\\/\"},\"author\":{\"name\":\"\u0160ilut\u0117s naujien\u0173 inf.\",\"@id\":\"https:\\\/\\\/www.silutesnaujienos.lt\\\/lt\\\/#\\\/schema\\\/person\\\/976440ef837444400af3c77c19c61454\"},\"headline\":\"Savivaldyb\u0117s politikai gesina Minijos kaimo konflikt\u0105\",\"datePublished\":\"2015-11-11T16:00:00+00:00\",\"mainEntityOfPage\":{\"@id\":\"https:\\\/\\\/www.silutesnaujienos.lt\\\/lt\\\/savivaldybes-politikai-gesina-minijos-kaimo-konflikta\\\/\"},\"wordCount\":858,\"commentCount\":0,\"publisher\":{\"@id\":\"https:\\\/\\\/www.silutesnaujienos.lt\\\/lt\\\/#organization\"},\"articleSection\":[\"Aktualijos\"],\"inLanguage\":\"lt-LT\",\"potentialAction\":[{\"@type\":\"CommentAction\",\"name\":\"Comment\",\"target\":[\"https:\\\/\\\/www.silutesnaujienos.lt\\\/lt\\\/savivaldybes-politikai-gesina-minijos-kaimo-konflikta\\\/#respond\"]}]},{\"@type\":\"WebPage\",\"@id\":\"https:\\\/\\\/www.silutesnaujienos.lt\\\/lt\\\/savivaldybes-politikai-gesina-minijos-kaimo-konflikta\\\/\",\"url\":\"https:\\\/\\\/www.silutesnaujienos.lt\\\/lt\\\/savivaldybes-politikai-gesina-minijos-kaimo-konflikta\\\/\",\"name\":\"Savivaldyb\u0117s politikai gesina Minijos kaimo konflikt\u0105 - \u0160ilut\u0117s naujienos\",\"isPartOf\":{\"@id\":\"https:\\\/\\\/www.silutesnaujienos.lt\\\/lt\\\/#website\"},\"datePublished\":\"2015-11-11T16:00:00+00:00\",\"breadcrumb\":{\"@id\":\"https:\\\/\\\/www.silutesnaujienos.lt\\\/lt\\\/savivaldybes-politikai-gesina-minijos-kaimo-konflikta\\\/#breadcrumb\"},\"inLanguage\":\"lt-LT\",\"potentialAction\":[{\"@type\":\"ReadAction\",\"target\":[\"https:\\\/\\\/www.silutesnaujienos.lt\\\/lt\\\/savivaldybes-politikai-gesina-minijos-kaimo-konflikta\\\/\"]}]},{\"@type\":\"BreadcrumbList\",\"@id\":\"https:\\\/\\\/www.silutesnaujienos.lt\\\/lt\\\/savivaldybes-politikai-gesina-minijos-kaimo-konflikta\\\/#breadcrumb\",\"itemListElement\":[{\"@type\":\"ListItem\",\"position\":1,\"name\":\"Home\",\"item\":\"https:\\\/\\\/www.silutesnaujienos.lt\\\/lt\\\/\"},{\"@type\":\"ListItem\",\"position\":2,\"name\":\"Savivaldyb\u0117s politikai gesina Minijos kaimo konflikt\u0105\"}]},{\"@type\":\"WebSite\",\"@id\":\"https:\\\/\\\/www.silutesnaujienos.lt\\\/lt\\\/#website\",\"url\":\"https:\\\/\\\/www.silutesnaujienos.lt\\\/lt\\\/\",\"name\":\"\u0160ilut\u0117s naujienos\",\"description\":\"B\u016bk ant naujien\u0173 bangos!\",\"publisher\":{\"@id\":\"https:\\\/\\\/www.silutesnaujienos.lt\\\/lt\\\/#organization\"},\"potentialAction\":[{\"@type\":\"SearchAction\",\"target\":{\"@type\":\"EntryPoint\",\"urlTemplate\":\"https:\\\/\\\/www.silutesnaujienos.lt\\\/lt\\\/?s={search_term_string}\"},\"query-input\":{\"@type\":\"PropertyValueSpecification\",\"valueRequired\":true,\"valueName\":\"search_term_string\"}}],\"inLanguage\":\"lt-LT\"},{\"@type\":\"Organization\",\"@id\":\"https:\\\/\\\/www.silutesnaujienos.lt\\\/lt\\\/#organization\",\"name\":\"\u0160ilut\u0117s naujienos\",\"url\":\"https:\\\/\\\/www.silutesnaujienos.lt\\\/lt\\\/\",\"logo\":{\"@type\":\"ImageObject\",\"inLanguage\":\"lt-LT\",\"@id\":\"https:\\\/\\\/www.silutesnaujienos.lt\\\/lt\\\/#\\\/schema\\\/logo\\\/image\\\/\",\"url\":\"https:\\\/\\\/www.silutesnaujienos.lt\\\/lt\\\/wp-content\\\/uploads\\\/2020\\\/06\\\/FB_MAIN.jpg\",\"contentUrl\":\"https:\\\/\\\/www.silutesnaujienos.lt\\\/lt\\\/wp-content\\\/uploads\\\/2020\\\/06\\\/FB_MAIN.jpg\",\"width\":1700,\"height\":956,\"caption\":\"\u0160ilut\u0117s naujienos\"},\"image\":{\"@id\":\"https:\\\/\\\/www.silutesnaujienos.lt\\\/lt\\\/#\\\/schema\\\/logo\\\/image\\\/\"},\"sameAs\":[\"https:\\\/\\\/www.facebook.com\\\/silutes.naujienos\\\/\",\"https:\\\/\\\/www.youtube.com\\\/channel\\\/UCxW-cgrJDt8GxIMxSTAfJZg\"]},{\"@type\":\"Person\",\"@id\":\"https:\\\/\\\/www.silutesnaujienos.lt\\\/lt\\\/#\\\/schema\\\/person\\\/976440ef837444400af3c77c19c61454\",\"name\":\"\u0160ilut\u0117s naujien\u0173 inf.\",\"image\":{\"@type\":\"ImageObject\",\"inLanguage\":\"lt-LT\",\"@id\":\"https:\\\/\\\/www.silutesnaujienos.lt\\\/lt\\\/wp-content\\\/uploads\\\/2020\\\/06\\\/favicon.png\",\"url\":\"https:\\\/\\\/www.silutesnaujienos.lt\\\/lt\\\/wp-content\\\/uploads\\\/2020\\\/06\\\/favicon.png\",\"contentUrl\":\"https:\\\/\\\/www.silutesnaujienos.lt\\\/lt\\\/wp-content\\\/uploads\\\/2020\\\/06\\\/favicon.png\",\"caption\":\"\u0160ilut\u0117s naujien\u0173 inf.\"},\"url\":\"https:\\\/\\\/www.silutesnaujienos.lt\\\/lt\\\/author\\\/vadas\\\/\"}]}<\/script>\n<!-- \/ Yoast SEO plugin. -->","yoast_head_json":{"title":"Savivaldyb\u0117s politikai gesina Minijos kaimo konflikt\u0105 - \u0160ilut\u0117s naujienos","robots":{"index":"index","follow":"follow","max-snippet":"max-snippet:-1","max-image-preview":"max-image-preview:large","max-video-preview":"max-video-preview:-1"},"canonical":"https:\/\/www.silutesnaujienos.lt\/lt\/savivaldybes-politikai-gesina-minijos-kaimo-konflikta\/","og_locale":"lt_LT","og_type":"article","og_title":"Savivaldyb\u0117s politikai gesina Minijos kaimo konflikt\u0105 - \u0160ilut\u0117s naujienos","og_description":"&nbsp;Savivaldyb\u0117s Tarybos Ekonomikos ir finans\u0173 komiteto nariai penktadienio popiet\u0119 de\u0161iniajame Minijos up\u0117s krante \u012frengtoje prieplaukoje susitiko su Minijos (Ming\u0117s) kaimo bendruomen\u0117s \u017emon\u0117mis spr\u0119sti j\u0173 pavie\u0161intos problemos. D\u0117l tos prieplaukos nuomos kilo mingi\u0161ki\u0173 nepasitenkinimas Savivaldyb\u0117s administracijos veiksmais.Teis\u0117t\u0105, bet galimai neteising\u0105 Savivaldyb\u0117s administracijos direktoriaus Sigito \u0160epu\u010dio sprendim\u0105 i\u0161nuomoti Minijos prieplaukas vie\u0161ojo konkurso b\u016bdu savivaldyb\u0117s politikams apskund\u0117 mingi\u0161kis [&hellip;]","og_url":"https:\/\/www.silutesnaujienos.lt\/lt\/savivaldybes-politikai-gesina-minijos-kaimo-konflikta\/","og_site_name":"\u0160ilut\u0117s naujienos","article_publisher":"https:\/\/www.facebook.com\/silutes.naujienos\/","article_published_time":"2015-11-11T16:00:00+00:00","og_image":[{"url":"\/\/silutesnaujienos.lt\/images\/stories\/2015\/LAPKRITIS\/11\/thumbnails\/thumb_MINGES_1.jpg","type":"","width":"","height":""}],"author":"\u0160ilut\u0117s naujien\u0173 inf.","twitter_card":"summary_large_image","twitter_misc":{"Written by":"\u0160ilut\u0117s naujien\u0173 inf.","Est. reading time":"4 minut\u0117s"},"schema":{"@context":"https:\/\/schema.org","@graph":[{"@type":"Article","@id":"https:\/\/www.silutesnaujienos.lt\/lt\/savivaldybes-politikai-gesina-minijos-kaimo-konflikta\/#article","isPartOf":{"@id":"https:\/\/www.silutesnaujienos.lt\/lt\/savivaldybes-politikai-gesina-minijos-kaimo-konflikta\/"},"author":{"name":"\u0160ilut\u0117s naujien\u0173 inf.","@id":"https:\/\/www.silutesnaujienos.lt\/lt\/#\/schema\/person\/976440ef837444400af3c77c19c61454"},"headline":"Savivaldyb\u0117s politikai gesina Minijos kaimo konflikt\u0105","datePublished":"2015-11-11T16:00:00+00:00","mainEntityOfPage":{"@id":"https:\/\/www.silutesnaujienos.lt\/lt\/savivaldybes-politikai-gesina-minijos-kaimo-konflikta\/"},"wordCount":858,"commentCount":0,"publisher":{"@id":"https:\/\/www.silutesnaujienos.lt\/lt\/#organization"},"articleSection":["Aktualijos"],"inLanguage":"lt-LT","potentialAction":[{"@type":"CommentAction","name":"Comment","target":["https:\/\/www.silutesnaujienos.lt\/lt\/savivaldybes-politikai-gesina-minijos-kaimo-konflikta\/#respond"]}]},{"@type":"WebPage","@id":"https:\/\/www.silutesnaujienos.lt\/lt\/savivaldybes-politikai-gesina-minijos-kaimo-konflikta\/","url":"https:\/\/www.silutesnaujienos.lt\/lt\/savivaldybes-politikai-gesina-minijos-kaimo-konflikta\/","name":"Savivaldyb\u0117s politikai gesina Minijos kaimo konflikt\u0105 - \u0160ilut\u0117s naujienos","isPartOf":{"@id":"https:\/\/www.silutesnaujienos.lt\/lt\/#website"},"datePublished":"2015-11-11T16:00:00+00:00","breadcrumb":{"@id":"https:\/\/www.silutesnaujienos.lt\/lt\/savivaldybes-politikai-gesina-minijos-kaimo-konflikta\/#breadcrumb"},"inLanguage":"lt-LT","potentialAction":[{"@type":"ReadAction","target":["https:\/\/www.silutesnaujienos.lt\/lt\/savivaldybes-politikai-gesina-minijos-kaimo-konflikta\/"]}]},{"@type":"BreadcrumbList","@id":"https:\/\/www.silutesnaujienos.lt\/lt\/savivaldybes-politikai-gesina-minijos-kaimo-konflikta\/#breadcrumb","itemListElement":[{"@type":"ListItem","position":1,"name":"Home","item":"https:\/\/www.silutesnaujienos.lt\/lt\/"},{"@type":"ListItem","position":2,"name":"Savivaldyb\u0117s politikai gesina Minijos kaimo konflikt\u0105"}]},{"@type":"WebSite","@id":"https:\/\/www.silutesnaujienos.lt\/lt\/#website","url":"https:\/\/www.silutesnaujienos.lt\/lt\/","name":"\u0160ilut\u0117s naujienos","description":"B\u016bk ant naujien\u0173 bangos!","publisher":{"@id":"https:\/\/www.silutesnaujienos.lt\/lt\/#organization"},"potentialAction":[{"@type":"SearchAction","target":{"@type":"EntryPoint","urlTemplate":"https:\/\/www.silutesnaujienos.lt\/lt\/?s={search_term_string}"},"query-input":{"@type":"PropertyValueSpecification","valueRequired":true,"valueName":"search_term_string"}}],"inLanguage":"lt-LT"},{"@type":"Organization","@id":"https:\/\/www.silutesnaujienos.lt\/lt\/#organization","name":"\u0160ilut\u0117s naujienos","url":"https:\/\/www.silutesnaujienos.lt\/lt\/","logo":{"@type":"ImageObject","inLanguage":"lt-LT","@id":"https:\/\/www.silutesnaujienos.lt\/lt\/#\/schema\/logo\/image\/","url":"https:\/\/www.silutesnaujienos.lt\/lt\/wp-content\/uploads\/2020\/06\/FB_MAIN.jpg","contentUrl":"https:\/\/www.silutesnaujienos.lt\/lt\/wp-content\/uploads\/2020\/06\/FB_MAIN.jpg","width":1700,"height":956,"caption":"\u0160ilut\u0117s naujienos"},"image":{"@id":"https:\/\/www.silutesnaujienos.lt\/lt\/#\/schema\/logo\/image\/"},"sameAs":["https:\/\/www.facebook.com\/silutes.naujienos\/","https:\/\/www.youtube.com\/channel\/UCxW-cgrJDt8GxIMxSTAfJZg"]},{"@type":"Person","@id":"https:\/\/www.silutesnaujienos.lt\/lt\/#\/schema\/person\/976440ef837444400af3c77c19c61454","name":"\u0160ilut\u0117s naujien\u0173 inf.","image":{"@type":"ImageObject","inLanguage":"lt-LT","@id":"https:\/\/www.silutesnaujienos.lt\/lt\/wp-content\/uploads\/2020\/06\/favicon.png","url":"https:\/\/www.silutesnaujienos.lt\/lt\/wp-content\/uploads\/2020\/06\/favicon.png","contentUrl":"https:\/\/www.silutesnaujienos.lt\/lt\/wp-content\/uploads\/2020\/06\/favicon.png","caption":"\u0160ilut\u0117s naujien\u0173 inf."},"url":"https:\/\/www.silutesnaujienos.lt\/lt\/author\/vadas\/"}]}},"publishpress_future_workflow_manual_trigger":{"enabledWorkflows":[]},"amp_enabled":true,"_links":{"self":[{"href":"https:\/\/www.silutesnaujienos.lt\/lt\/wp-json\/wp\/v2\/posts\/18803","targetHints":{"allow":["GET"]}}],"collection":[{"href":"https:\/\/www.silutesnaujienos.lt\/lt\/wp-json\/wp\/v2\/posts"}],"about":[{"href":"https:\/\/www.silutesnaujienos.lt\/lt\/wp-json\/wp\/v2\/types\/post"}],"author":[{"embeddable":true,"href":"https:\/\/www.silutesnaujienos.lt\/lt\/wp-json\/wp\/v2\/users\/2"}],"replies":[{"embeddable":true,"href":"https:\/\/www.silutesnaujienos.lt\/lt\/wp-json\/wp\/v2\/comments?post=18803"}],"version-history":[{"count":0,"href":"https:\/\/www.silutesnaujienos.lt\/lt\/wp-json\/wp\/v2\/posts\/18803\/revisions"}],"wp:attachment":[{"href":"https:\/\/www.silutesnaujienos.lt\/lt\/wp-json\/wp\/v2\/media?parent=18803"}],"wp:term":[{"taxonomy":"category","embeddable":true,"href":"https:\/\/www.silutesnaujienos.lt\/lt\/wp-json\/wp\/v2\/categories?post=18803"},{"taxonomy":"post_tag","embeddable":true,"href":"https:\/\/www.silutesnaujienos.lt\/lt\/wp-json\/wp\/v2\/tags?post=18803"}],"curies":[{"name":"wp","href":"https:\/\/api.w.org\/{rel}","templated":true}]}}