{"id":19371,"date":"2012-12-18T06:27:01","date_gmt":"2012-12-18T08:27:01","guid":{"rendered":"https:\/\/www.silutesnaujienos.lt\/lt\/sveksnos-gimnazistai-prisimine-religine-advento-prasme\/"},"modified":"2012-12-18T06:27:01","modified_gmt":"2012-12-18T08:27:01","slug":"sveksnos-gimnazistai-prisimine-religine-advento-prasme","status":"publish","type":"post","link":"https:\/\/www.silutesnaujienos.lt\/lt\/sveksnos-gimnazistai-prisimine-religine-advento-prasme\/","title":{"rendered":"\u0160v\u0117k\u0161nos gimnazistai prisimin\u0117 religin\u0119 Advento prasm\u0119"},"content":{"rendered":"<p><a target=\"_blank\" rel=\"caption[Advento vakaras \u0160v\u0117k\u0161nos &quot;Saul\u0117s&quot; gimnazijoje. \/ Organizatori\u0173 nuotr.] noopener noreferrer\" class=\"jcepopup\" href=\"\/\/silutesnaujienos.lt\/images\/stories\/2012\/12\/14\/100_2969.jpg\" data-rel=\"lightbox-gallery-K7SH2opd\" data-rl_title=\"\" data-rl_caption=\"\"><img loading=\"lazy\" decoding=\"async\" style=\"margin: 5px; float: left;\" class=\"caption\" title=\"\" alt=\"100 2969\" src=\"\/\/silutesnaujienos.lt\/images\/stories\/2012\/12\/14\/thumbnails\/thumb_100_2969.jpg\" height=\"230\" width=\"307\" \/><\/a><strong>&#8230;kad ir tavo \u0161irdy ka\u017ekas u\u017egimt\u0173 \/ Pa\u017evelk, vaikeli&#8230; \/ Med\u017eiai taip nurim\u0119&#8230; \/ Pamyn\u0119 puo\u0161n\u0173 r\u016bb\u0105 \/ Sau po kojom. \/ Kokia rimtis, \/ Koks \u012fstabus gra\u017eumas \/ Advento nakt\u012f miglomis nuklost\u0117.<\/strong><\/p>\n<p><strong>\u0160iais \u017eod\u017eiais susikaupimo vakar\u0105 prad\u0117jo \u0160v\u0117k\u0161nos &#8222;Saul\u0117s&#8221; gimnazijos tikybos mokytojai Reda Kondrotait\u0117 ir Remigijus O\u017eelis.<\/strong><\/p>\n<p>Gruod\u017eio \u0161e\u0161t\u0105j\u0105 susirinkusiems mokiniams, t\u0117vams, bendruomen\u0117s nariams ir parapijos dvasininkams vedantieji kalb\u0117jo apie Advento prasm\u0119 m\u016bs\u0173 gyvenime. Jie primin\u0117, kad svarbiausia ne tik greitai besibaigian\u010di\u0173 met\u0173 l\u016bkes\u010diai, bet \u0161irdyje i\u0161gyvenantis adventinis laukimas, kuris tur\u0117t\u0173 vykti ne prekybos centruose, bet m\u016bs\u0173 \u0161irdyse.<\/p>\n<p>Vakaro ved\u0117jai kalb\u0117jo, kad gruod\u017eio \u0161e\u0161toji taip pat yra \u0161v. Mikalojaus \u2013 Kal\u0117d\u0173 Senelio diena. Mes taip pat tur\u0117tume prisiminti, kad m\u016bs\u0173 gimimo lauk\u0117 m\u016bs\u0173 t\u0117vai. Prisimindami J\u0117zaus gimim\u0105 1-4 klasi\u0173 mokini\u0173 choras, vadovaujamas mokytojos Onos Jurjonien\u0117s, atliko giesm\u0119.<\/p>\n<p>Gimnazistai skait\u0117 istorijas, skirtas adventiniams apm\u0105stymams. Vakar\u0105 papuo\u0161\u0117 pedagogi\u0173 Redos Kundrotait\u0117s, O.Jurjonien\u0117s ir \u017dibut\u0117s Sukackien\u0117s tercetas. Jos giedojo adventines giesmes.<\/p>\n<p>Garbingi sve\u010diai prapijos dvasininkai, seni\u016bnas, gimnazijos direktor\u0117, u\u017edeg\u0117 keturias Advento \u017evakes. \u0160i\u0173 \u017evaki\u0173 u\u017edegim\u0105 vainikavo mokytojos Violetos Stonien\u0117s inscenizacija &#8222;Keturios \u017evak\u0117s&#8221;, gitara pritar\u0117 septintok\u0117 Gabriel\u0117 Semenenkait\u0117.<\/p>\n<p>Adventinis vakaras baig\u0117si link\u0117jimu, kad kiekvienas par\u0117j\u0119 \u012f savo namus, darytum\u0117me t\u0105 pat\u012f, k\u0105 dar\u0117 Dievas \u2013 tapkime \u017emogumi.&nbsp; U\u017edekime savo \u0161irdis tik\u0117jimui, vil\u010diai, meilei, ramybei.<\/p>\n<p>Vakar\u0105 organizuoti pad\u0117jo direktor\u0117s pavaduotoja ugdymui Rima Po\u0161kien\u0117, gimnazijos mokytojai J\u016brat\u0117 Leonien\u0117, Danut\u0117 \u0160neideraitien\u0117, Vaidotas Did\u017ei\u016bnas ir mokiniai.<\/p>\n","protected":false},"excerpt":{"rendered":"<p>&#8230;kad ir tavo \u0161irdy ka\u017ekas u\u017egimt\u0173 \/ Pa\u017evelk, vaikeli&#8230; \/ Med\u017eiai taip nurim\u0119&#8230; \/ Pamyn\u0119 puo\u0161n\u0173 r\u016bb\u0105 \/ Sau po kojom. \/ Kokia rimtis, \/ Koks \u012fstabus gra\u017eumas \/ Advento nakt\u012f miglomis nuklost\u0117. \u0160iais \u017eod\u017eiais susikaupimo vakar\u0105 prad\u0117jo \u0160v\u0117k\u0161nos &#8222;Saul\u0117s&#8221; gimnazijos tikybos mokytojai Reda Kondrotait\u0117 ir Remigijus O\u017eelis. Gruod\u017eio \u0161e\u0161t\u0105j\u0105 susirinkusiems mokiniams, t\u0117vams, bendruomen\u0117s nariams [&hellip;]<\/p>\n","protected":false},"author":2,"featured_media":0,"comment_status":"open","ping_status":"open","sticky":false,"template":"","format":"standard","meta":{"footnotes":""},"categories":[4],"tags":[],"class_list":{"0":"post-19371","1":"post","2":"type-post","3":"status-publish","4":"format-standard","6":"category-jaunimo-banga"},"yoast_head":"<!-- This site is optimized with the Yoast SEO plugin v27.5 - https:\/\/yoast.com\/product\/yoast-seo-wordpress\/ -->\n<title>\u0160v\u0117k\u0161nos gimnazistai prisimin\u0117 religin\u0119 Advento prasm\u0119 - \u0160ilut\u0117s naujienos<\/title>\n<meta name=\"robots\" content=\"index, follow, max-snippet:-1, max-image-preview:large, max-video-preview:-1\" \/>\n<link rel=\"canonical\" href=\"https:\/\/www.silutesnaujienos.lt\/lt\/sveksnos-gimnazistai-prisimine-religine-advento-prasme\/\" \/>\n<meta property=\"og:locale\" content=\"lt_LT\" \/>\n<meta property=\"og:type\" content=\"article\" \/>\n<meta property=\"og:title\" content=\"\u0160v\u0117k\u0161nos gimnazistai prisimin\u0117 religin\u0119 Advento prasm\u0119 - \u0160ilut\u0117s naujienos\" \/>\n<meta property=\"og:description\" content=\"&#8230;kad ir tavo \u0161irdy ka\u017ekas u\u017egimt\u0173 \/ Pa\u017evelk, vaikeli&#8230; \/ Med\u017eiai taip nurim\u0119&#8230; \/ Pamyn\u0119 puo\u0161n\u0173 r\u016bb\u0105 \/ Sau po kojom. \/ Kokia rimtis, \/ Koks \u012fstabus gra\u017eumas \/ Advento nakt\u012f miglomis nuklost\u0117. \u0160iais \u017eod\u017eiais susikaupimo vakar\u0105 prad\u0117jo \u0160v\u0117k\u0161nos &#8222;Saul\u0117s&#8221; gimnazijos tikybos mokytojai Reda Kondrotait\u0117 ir Remigijus O\u017eelis. Gruod\u017eio \u0161e\u0161t\u0105j\u0105 susirinkusiems mokiniams, t\u0117vams, bendruomen\u0117s nariams [&hellip;]\" \/>\n<meta property=\"og:url\" content=\"https:\/\/www.silutesnaujienos.lt\/lt\/sveksnos-gimnazistai-prisimine-religine-advento-prasme\/\" \/>\n<meta property=\"og:site_name\" content=\"\u0160ilut\u0117s naujienos\" \/>\n<meta property=\"article:publisher\" content=\"https:\/\/www.facebook.com\/silutes.naujienos\/\" \/>\n<meta property=\"article:published_time\" content=\"2012-12-18T08:27:01+00:00\" \/>\n<meta property=\"og:image\" content=\"\/\/silutesnaujienos.lt\/images\/stories\/2012\/12\/14\/thumbnails\/thumb_100_2969.jpg\" \/>\n<meta name=\"author\" content=\"\u0160ilut\u0117s naujien\u0173 inf.\" \/>\n<meta name=\"twitter:card\" content=\"summary_large_image\" \/>\n<meta name=\"twitter:label1\" content=\"Written by\" \/>\n\t<meta name=\"twitter:data1\" content=\"\u0160ilut\u0117s naujien\u0173 inf.\" \/>\n\t<meta name=\"twitter:label2\" content=\"Est. reading time\" \/>\n\t<meta name=\"twitter:data2\" content=\"1 minut\u0117\" \/>\n<script type=\"application\/ld+json\" class=\"yoast-schema-graph\">{\"@context\":\"https:\\\/\\\/schema.org\",\"@graph\":[{\"@type\":\"Article\",\"@id\":\"https:\\\/\\\/www.silutesnaujienos.lt\\\/lt\\\/sveksnos-gimnazistai-prisimine-religine-advento-prasme\\\/#article\",\"isPartOf\":{\"@id\":\"https:\\\/\\\/www.silutesnaujienos.lt\\\/lt\\\/sveksnos-gimnazistai-prisimine-religine-advento-prasme\\\/\"},\"author\":{\"name\":\"\u0160ilut\u0117s naujien\u0173 inf.\",\"@id\":\"https:\\\/\\\/www.silutesnaujienos.lt\\\/lt\\\/#\\\/schema\\\/person\\\/976440ef837444400af3c77c19c61454\"},\"headline\":\"\u0160v\u0117k\u0161nos gimnazistai prisimin\u0117 religin\u0119 Advento prasm\u0119\",\"datePublished\":\"2012-12-18T08:27:01+00:00\",\"mainEntityOfPage\":{\"@id\":\"https:\\\/\\\/www.silutesnaujienos.lt\\\/lt\\\/sveksnos-gimnazistai-prisimine-religine-advento-prasme\\\/\"},\"wordCount\":279,\"commentCount\":0,\"publisher\":{\"@id\":\"https:\\\/\\\/www.silutesnaujienos.lt\\\/lt\\\/#organization\"},\"articleSection\":[\"Jaunimo banga\"],\"inLanguage\":\"lt-LT\",\"potentialAction\":[{\"@type\":\"CommentAction\",\"name\":\"Comment\",\"target\":[\"https:\\\/\\\/www.silutesnaujienos.lt\\\/lt\\\/sveksnos-gimnazistai-prisimine-religine-advento-prasme\\\/#respond\"]}]},{\"@type\":\"WebPage\",\"@id\":\"https:\\\/\\\/www.silutesnaujienos.lt\\\/lt\\\/sveksnos-gimnazistai-prisimine-religine-advento-prasme\\\/\",\"url\":\"https:\\\/\\\/www.silutesnaujienos.lt\\\/lt\\\/sveksnos-gimnazistai-prisimine-religine-advento-prasme\\\/\",\"name\":\"\u0160v\u0117k\u0161nos gimnazistai prisimin\u0117 religin\u0119 Advento prasm\u0119 - \u0160ilut\u0117s naujienos\",\"isPartOf\":{\"@id\":\"https:\\\/\\\/www.silutesnaujienos.lt\\\/lt\\\/#website\"},\"datePublished\":\"2012-12-18T08:27:01+00:00\",\"breadcrumb\":{\"@id\":\"https:\\\/\\\/www.silutesnaujienos.lt\\\/lt\\\/sveksnos-gimnazistai-prisimine-religine-advento-prasme\\\/#breadcrumb\"},\"inLanguage\":\"lt-LT\",\"potentialAction\":[{\"@type\":\"ReadAction\",\"target\":[\"https:\\\/\\\/www.silutesnaujienos.lt\\\/lt\\\/sveksnos-gimnazistai-prisimine-religine-advento-prasme\\\/\"]}]},{\"@type\":\"BreadcrumbList\",\"@id\":\"https:\\\/\\\/www.silutesnaujienos.lt\\\/lt\\\/sveksnos-gimnazistai-prisimine-religine-advento-prasme\\\/#breadcrumb\",\"itemListElement\":[{\"@type\":\"ListItem\",\"position\":1,\"name\":\"Home\",\"item\":\"https:\\\/\\\/www.silutesnaujienos.lt\\\/lt\\\/\"},{\"@type\":\"ListItem\",\"position\":2,\"name\":\"\u0160v\u0117k\u0161nos gimnazistai prisimin\u0117 religin\u0119 Advento prasm\u0119\"}]},{\"@type\":\"WebSite\",\"@id\":\"https:\\\/\\\/www.silutesnaujienos.lt\\\/lt\\\/#website\",\"url\":\"https:\\\/\\\/www.silutesnaujienos.lt\\\/lt\\\/\",\"name\":\"\u0160ilut\u0117s naujienos\",\"description\":\"B\u016bk ant naujien\u0173 bangos!\",\"publisher\":{\"@id\":\"https:\\\/\\\/www.silutesnaujienos.lt\\\/lt\\\/#organization\"},\"potentialAction\":[{\"@type\":\"SearchAction\",\"target\":{\"@type\":\"EntryPoint\",\"urlTemplate\":\"https:\\\/\\\/www.silutesnaujienos.lt\\\/lt\\\/?s={search_term_string}\"},\"query-input\":{\"@type\":\"PropertyValueSpecification\",\"valueRequired\":true,\"valueName\":\"search_term_string\"}}],\"inLanguage\":\"lt-LT\"},{\"@type\":\"Organization\",\"@id\":\"https:\\\/\\\/www.silutesnaujienos.lt\\\/lt\\\/#organization\",\"name\":\"\u0160ilut\u0117s naujienos\",\"url\":\"https:\\\/\\\/www.silutesnaujienos.lt\\\/lt\\\/\",\"logo\":{\"@type\":\"ImageObject\",\"inLanguage\":\"lt-LT\",\"@id\":\"https:\\\/\\\/www.silutesnaujienos.lt\\\/lt\\\/#\\\/schema\\\/logo\\\/image\\\/\",\"url\":\"https:\\\/\\\/www.silutesnaujienos.lt\\\/lt\\\/wp-content\\\/uploads\\\/2020\\\/06\\\/FB_MAIN.jpg\",\"contentUrl\":\"https:\\\/\\\/www.silutesnaujienos.lt\\\/lt\\\/wp-content\\\/uploads\\\/2020\\\/06\\\/FB_MAIN.jpg\",\"width\":1700,\"height\":956,\"caption\":\"\u0160ilut\u0117s naujienos\"},\"image\":{\"@id\":\"https:\\\/\\\/www.silutesnaujienos.lt\\\/lt\\\/#\\\/schema\\\/logo\\\/image\\\/\"},\"sameAs\":[\"https:\\\/\\\/www.facebook.com\\\/silutes.naujienos\\\/\",\"https:\\\/\\\/www.youtube.com\\\/channel\\\/UCxW-cgrJDt8GxIMxSTAfJZg\"]},{\"@type\":\"Person\",\"@id\":\"https:\\\/\\\/www.silutesnaujienos.lt\\\/lt\\\/#\\\/schema\\\/person\\\/976440ef837444400af3c77c19c61454\",\"name\":\"\u0160ilut\u0117s naujien\u0173 inf.\",\"image\":{\"@type\":\"ImageObject\",\"inLanguage\":\"lt-LT\",\"@id\":\"https:\\\/\\\/www.silutesnaujienos.lt\\\/lt\\\/wp-content\\\/uploads\\\/2020\\\/06\\\/favicon.png\",\"url\":\"https:\\\/\\\/www.silutesnaujienos.lt\\\/lt\\\/wp-content\\\/uploads\\\/2020\\\/06\\\/favicon.png\",\"contentUrl\":\"https:\\\/\\\/www.silutesnaujienos.lt\\\/lt\\\/wp-content\\\/uploads\\\/2020\\\/06\\\/favicon.png\",\"caption\":\"\u0160ilut\u0117s naujien\u0173 inf.\"},\"url\":\"https:\\\/\\\/www.silutesnaujienos.lt\\\/lt\\\/author\\\/vadas\\\/\"}]}<\/script>\n<!-- \/ Yoast SEO plugin. -->","yoast_head_json":{"title":"\u0160v\u0117k\u0161nos gimnazistai prisimin\u0117 religin\u0119 Advento prasm\u0119 - \u0160ilut\u0117s naujienos","robots":{"index":"index","follow":"follow","max-snippet":"max-snippet:-1","max-image-preview":"max-image-preview:large","max-video-preview":"max-video-preview:-1"},"canonical":"https:\/\/www.silutesnaujienos.lt\/lt\/sveksnos-gimnazistai-prisimine-religine-advento-prasme\/","og_locale":"lt_LT","og_type":"article","og_title":"\u0160v\u0117k\u0161nos gimnazistai prisimin\u0117 religin\u0119 Advento prasm\u0119 - \u0160ilut\u0117s naujienos","og_description":"&#8230;kad ir tavo \u0161irdy ka\u017ekas u\u017egimt\u0173 \/ Pa\u017evelk, vaikeli&#8230; \/ Med\u017eiai taip nurim\u0119&#8230; \/ Pamyn\u0119 puo\u0161n\u0173 r\u016bb\u0105 \/ Sau po kojom. \/ Kokia rimtis, \/ Koks \u012fstabus gra\u017eumas \/ Advento nakt\u012f miglomis nuklost\u0117. \u0160iais \u017eod\u017eiais susikaupimo vakar\u0105 prad\u0117jo \u0160v\u0117k\u0161nos &#8222;Saul\u0117s&#8221; gimnazijos tikybos mokytojai Reda Kondrotait\u0117 ir Remigijus O\u017eelis. Gruod\u017eio \u0161e\u0161t\u0105j\u0105 susirinkusiems mokiniams, t\u0117vams, bendruomen\u0117s nariams [&hellip;]","og_url":"https:\/\/www.silutesnaujienos.lt\/lt\/sveksnos-gimnazistai-prisimine-religine-advento-prasme\/","og_site_name":"\u0160ilut\u0117s naujienos","article_publisher":"https:\/\/www.facebook.com\/silutes.naujienos\/","article_published_time":"2012-12-18T08:27:01+00:00","og_image":[{"url":"\/\/silutesnaujienos.lt\/images\/stories\/2012\/12\/14\/thumbnails\/thumb_100_2969.jpg","type":"","width":"","height":""}],"author":"\u0160ilut\u0117s naujien\u0173 inf.","twitter_card":"summary_large_image","twitter_misc":{"Written by":"\u0160ilut\u0117s naujien\u0173 inf.","Est. reading time":"1 minut\u0117"},"schema":{"@context":"https:\/\/schema.org","@graph":[{"@type":"Article","@id":"https:\/\/www.silutesnaujienos.lt\/lt\/sveksnos-gimnazistai-prisimine-religine-advento-prasme\/#article","isPartOf":{"@id":"https:\/\/www.silutesnaujienos.lt\/lt\/sveksnos-gimnazistai-prisimine-religine-advento-prasme\/"},"author":{"name":"\u0160ilut\u0117s naujien\u0173 inf.","@id":"https:\/\/www.silutesnaujienos.lt\/lt\/#\/schema\/person\/976440ef837444400af3c77c19c61454"},"headline":"\u0160v\u0117k\u0161nos gimnazistai prisimin\u0117 religin\u0119 Advento prasm\u0119","datePublished":"2012-12-18T08:27:01+00:00","mainEntityOfPage":{"@id":"https:\/\/www.silutesnaujienos.lt\/lt\/sveksnos-gimnazistai-prisimine-religine-advento-prasme\/"},"wordCount":279,"commentCount":0,"publisher":{"@id":"https:\/\/www.silutesnaujienos.lt\/lt\/#organization"},"articleSection":["Jaunimo banga"],"inLanguage":"lt-LT","potentialAction":[{"@type":"CommentAction","name":"Comment","target":["https:\/\/www.silutesnaujienos.lt\/lt\/sveksnos-gimnazistai-prisimine-religine-advento-prasme\/#respond"]}]},{"@type":"WebPage","@id":"https:\/\/www.silutesnaujienos.lt\/lt\/sveksnos-gimnazistai-prisimine-religine-advento-prasme\/","url":"https:\/\/www.silutesnaujienos.lt\/lt\/sveksnos-gimnazistai-prisimine-religine-advento-prasme\/","name":"\u0160v\u0117k\u0161nos gimnazistai prisimin\u0117 religin\u0119 Advento prasm\u0119 - \u0160ilut\u0117s naujienos","isPartOf":{"@id":"https:\/\/www.silutesnaujienos.lt\/lt\/#website"},"datePublished":"2012-12-18T08:27:01+00:00","breadcrumb":{"@id":"https:\/\/www.silutesnaujienos.lt\/lt\/sveksnos-gimnazistai-prisimine-religine-advento-prasme\/#breadcrumb"},"inLanguage":"lt-LT","potentialAction":[{"@type":"ReadAction","target":["https:\/\/www.silutesnaujienos.lt\/lt\/sveksnos-gimnazistai-prisimine-religine-advento-prasme\/"]}]},{"@type":"BreadcrumbList","@id":"https:\/\/www.silutesnaujienos.lt\/lt\/sveksnos-gimnazistai-prisimine-religine-advento-prasme\/#breadcrumb","itemListElement":[{"@type":"ListItem","position":1,"name":"Home","item":"https:\/\/www.silutesnaujienos.lt\/lt\/"},{"@type":"ListItem","position":2,"name":"\u0160v\u0117k\u0161nos gimnazistai prisimin\u0117 religin\u0119 Advento prasm\u0119"}]},{"@type":"WebSite","@id":"https:\/\/www.silutesnaujienos.lt\/lt\/#website","url":"https:\/\/www.silutesnaujienos.lt\/lt\/","name":"\u0160ilut\u0117s naujienos","description":"B\u016bk ant naujien\u0173 bangos!","publisher":{"@id":"https:\/\/www.silutesnaujienos.lt\/lt\/#organization"},"potentialAction":[{"@type":"SearchAction","target":{"@type":"EntryPoint","urlTemplate":"https:\/\/www.silutesnaujienos.lt\/lt\/?s={search_term_string}"},"query-input":{"@type":"PropertyValueSpecification","valueRequired":true,"valueName":"search_term_string"}}],"inLanguage":"lt-LT"},{"@type":"Organization","@id":"https:\/\/www.silutesnaujienos.lt\/lt\/#organization","name":"\u0160ilut\u0117s naujienos","url":"https:\/\/www.silutesnaujienos.lt\/lt\/","logo":{"@type":"ImageObject","inLanguage":"lt-LT","@id":"https:\/\/www.silutesnaujienos.lt\/lt\/#\/schema\/logo\/image\/","url":"https:\/\/www.silutesnaujienos.lt\/lt\/wp-content\/uploads\/2020\/06\/FB_MAIN.jpg","contentUrl":"https:\/\/www.silutesnaujienos.lt\/lt\/wp-content\/uploads\/2020\/06\/FB_MAIN.jpg","width":1700,"height":956,"caption":"\u0160ilut\u0117s naujienos"},"image":{"@id":"https:\/\/www.silutesnaujienos.lt\/lt\/#\/schema\/logo\/image\/"},"sameAs":["https:\/\/www.facebook.com\/silutes.naujienos\/","https:\/\/www.youtube.com\/channel\/UCxW-cgrJDt8GxIMxSTAfJZg"]},{"@type":"Person","@id":"https:\/\/www.silutesnaujienos.lt\/lt\/#\/schema\/person\/976440ef837444400af3c77c19c61454","name":"\u0160ilut\u0117s naujien\u0173 inf.","image":{"@type":"ImageObject","inLanguage":"lt-LT","@id":"https:\/\/www.silutesnaujienos.lt\/lt\/wp-content\/uploads\/2020\/06\/favicon.png","url":"https:\/\/www.silutesnaujienos.lt\/lt\/wp-content\/uploads\/2020\/06\/favicon.png","contentUrl":"https:\/\/www.silutesnaujienos.lt\/lt\/wp-content\/uploads\/2020\/06\/favicon.png","caption":"\u0160ilut\u0117s naujien\u0173 inf."},"url":"https:\/\/www.silutesnaujienos.lt\/lt\/author\/vadas\/"}]}},"publishpress_future_workflow_manual_trigger":{"enabledWorkflows":[]},"amp_enabled":true,"_links":{"self":[{"href":"https:\/\/www.silutesnaujienos.lt\/lt\/wp-json\/wp\/v2\/posts\/19371","targetHints":{"allow":["GET"]}}],"collection":[{"href":"https:\/\/www.silutesnaujienos.lt\/lt\/wp-json\/wp\/v2\/posts"}],"about":[{"href":"https:\/\/www.silutesnaujienos.lt\/lt\/wp-json\/wp\/v2\/types\/post"}],"author":[{"embeddable":true,"href":"https:\/\/www.silutesnaujienos.lt\/lt\/wp-json\/wp\/v2\/users\/2"}],"replies":[{"embeddable":true,"href":"https:\/\/www.silutesnaujienos.lt\/lt\/wp-json\/wp\/v2\/comments?post=19371"}],"version-history":[{"count":0,"href":"https:\/\/www.silutesnaujienos.lt\/lt\/wp-json\/wp\/v2\/posts\/19371\/revisions"}],"wp:attachment":[{"href":"https:\/\/www.silutesnaujienos.lt\/lt\/wp-json\/wp\/v2\/media?parent=19371"}],"wp:term":[{"taxonomy":"category","embeddable":true,"href":"https:\/\/www.silutesnaujienos.lt\/lt\/wp-json\/wp\/v2\/categories?post=19371"},{"taxonomy":"post_tag","embeddable":true,"href":"https:\/\/www.silutesnaujienos.lt\/lt\/wp-json\/wp\/v2\/tags?post=19371"}],"curies":[{"name":"wp","href":"https:\/\/api.w.org\/{rel}","templated":true}]}}