{"id":19832,"date":"2015-09-13T17:00:00","date_gmt":"2015-09-13T19:00:00","guid":{"rendered":"https:\/\/www.silutesnaujienos.lt\/lt\/vaiku-meninis-lavinimas-turi-koja-kojon-zengti-su-siandiena\/"},"modified":"2015-09-13T17:00:00","modified_gmt":"2015-09-13T19:00:00","slug":"vaiku-meninis-lavinimas-turi-koja-kojon-zengti-su-siandiena","status":"publish","type":"post","link":"https:\/\/www.silutesnaujienos.lt\/lt\/vaiku-meninis-lavinimas-turi-koja-kojon-zengti-su-siandiena\/","title":{"rendered":"Vaik\u0173 meninis lavinimas turi koja kojon \u017eengti su \u0161iandiena"},"content":{"rendered":"<p><a target=\"_blank\" rel=\"caption[Vakar\u0173 kranto jaunimo studija su jos \u012fk\u016br\u0117ju M.Eiva \u0161iemet v\u0117l laukia muzikuoti norin\u010di\u0173 \u0161iluti\u0161ki\u0173.] noopener noreferrer\" class=\"jcepopup\" href=\"\/\/silutesnaujienos.lt\/images\/stories\/2015\/RUGSEJIS\/08\/mykolas_eiva_vakaru_kranto_studija.jpg\" data-rel=\"lightbox-gallery-7sHrMw2o\" data-rl_title=\"\" data-rl_caption=\"\"><img loading=\"lazy\" decoding=\"async\" style=\"margin: 5px; float: left;\" class=\"caption\" title=\"\" alt=\"mykolas eiva vakaru kranto studija\" src=\"\/\/silutesnaujienos.lt\/images\/stories\/2015\/RUGSEJIS\/08\/thumbnails\/thumb_mykolas_eiva_vakaru_kranto_studija.jpg\" height=\"230\" width=\"307\" \/><\/a><strong>U\u017ekilusi ant energingos ir entuziastingos kult\u016brin\u0117s bangos, sub\u016brusi ne vien\u0105 jaun\u0105 \u0161iluti\u0161k\u012f dainuoti ir muzikuoti, V\u0161\u012e Vakar\u0173 kranto jaunimo studija bent por\u0105 met\u0173 buvo prigesinusi savo veikl\u0105. Tiesa, dalyvavo ir organizavo \u012fvairi\u0173 rengini\u0173, ta\u010diau varomoji studijos id\u0117j\u0173 j\u0117ga &#8211; Mykolas Eiva, kaip ir pats pripa\u017e\u012fsta, ils\u0117josi bei kaup\u0117si naujam etapui.<br \/><\/strong><br \/><strong>Pagaliau laikas ry\u017etingai v\u0117l veikti at\u0117jo. Mykolas sako, jog vis d\u0117lto u\u017esiimti menine veikla, pl\u0117sti \u0161iluti\u0161ki\u0173 kult\u016brin\u012f akirat\u012f bei gabumus &#8211; jam gera. \u201eMan \u010dia patinka, gerai jau\u010diuosi, nes viskas \u010dia ir prad\u0117ta\u201c, &#8211; sako klaip\u0117dietis, kuris pastar\u0105j\u012f de\u0161imtmet\u012f \u012f \u0160ilut\u0119 atvyksta vos ne kasdien ir pama\u017eu \u010dia leid\u017eia savo \u0161aknis. Turb\u016bt dar daugelis atsimena \u0160ilut\u0117je veikusi\u0105 muzikos mokykl\u0105 \u201eYamaha\u201c, kurioje M.Eiva tur\u0117jo gitarist\u0173 klas\u0119 ir i\u0161mok\u0117 valdyti stygas ne vien\u0105 muzikos myl\u0117toj\u0105. V\u0117liau Pirmojoje gimnazijoje suk\u016br\u0117 estradin\u0117s muzikos ansamblio klas\u0119, dirbo \u017demai\u010di\u0173 Naumies\u010dio gimnazijoje su gitarist\u0173 b\u016breliu.<\/strong><strong><br \/><\/strong><br \/><strong>Reik\u0117jo pails\u0117ti ir <\/strong><strong>susikaupti<br \/><\/strong><br \/>2010-aisiais iniciatyvi\u0173 \u0161iluti\u0161ki\u0173 Vyganto Sto\u0161kaus, Gra\u017evydo Railos ir klaip\u0117die\u010dio M.Eivos iniciatyva buvo \u012fkurta V\u0161\u012e Vakar\u0173 kranto jaunimo studija. Deja, po keleri\u0173 s\u0117kming\u0173 gyvavimo met\u0173 ji ir \u012fk\u016br\u0117j\u0173 si\u016blomos id\u0117jos \u0117m\u0117 po truput\u012f bl\u0117sti, nesulaukusios palaikymo i\u0161 Savivaldyb\u0117s &#8211; studijos renginiai beveik negaudavo l\u0117\u0161\u0173 i\u0161 Kult\u016bros r\u0117mimo programos.<\/p>\n<p>\u201eAtsibodo tarsi galva trankyti \u012f sien\u0105. Supratau, jog turiu pails\u0117ti\u201c, &#8211; sako Mykolas, kuris paskutiniuosius pora met\u0173 daugiau laiko leido sostin\u0117je, kur tuo pa\u010diu \u012fgijo d\u017eiazo muzikos magistro kvalifikacin\u012f laipsn\u012f, pasis\u0117m\u0117 patirties, gra\u017ei\u0173 pavyzd\u017ei\u0173.<br \/>\u201eGal id\u0117jos ir nebenaujos, ta\u010diau atsirado kitoks po\u017ei\u016bris ir noras \u012fgyvendinti visk\u0105 dar nei\u0161bandytais keliais\u201c, &#8211; \u0161iandien v\u0117l sugr\u012f\u017e\u0119s \u012f \u0160ilut\u0119 sako Mykolas, pasiruo\u0161\u0119s savo k\u016brybi\u0161kumu ir meile menui pasidalinti su \u0161iluti\u0161kiais.<\/p>\n<p>\u201eMenas vertinamas visur, nes jis visur yra. \u017dinoma, norisi id\u0117jas, sukauptas didmies\u010diuose, kur menas klesti, parve\u017eti ir \u012f tok\u012f miestel\u012f, nes \u010dia dar tikrai yra tu\u0161\u010di\u0173 erdvi\u0173\u201c, &#8211; atvirauja pa\u0161nekovas, kuris save jau laiko neatsiejama m\u016bs\u0173 kra\u0161to dalimi, nes \u010dia gyvena pa\u017e\u012fstami \u017emon\u0117s: u\u017eauginti muzikantai, surasti draugai, bendramin\u010diai.<\/p>\n<p><strong>Pritr\u016bko tik \u012fra\u0161o<\/strong><\/p>\n<p>Taigi su prasid\u0117jusiais naujaisiais mokslo metais naujai duris atvers ir naujoms kult\u016brin\u0117ms id\u0117joms subrendusi Vakar\u0173 kranto jaunimo studija, kurioje, anot Mykolo, veiks ir \u0161iuolaikinio vokalo, ir solinio dainavimo, ir gitaros, b\u016bgn\u0173 bei mu\u0161am\u0173j\u0173 instrument\u0173 klas\u0117s.<\/p>\n<p>\u201eSu meno mokykla konkuruoti nenorime, atvirk\u0161\u010diai &#8211; norime bendradarbiauti, papildyti\u201c, &#8211; sako Mykolas, kuris ne taip seniai dalyvavo konkurse \u0160ilut\u0117s rajono vaik\u0173 meno mokyklos direktoriaus pareigoms eiti. Deja, pasak M.Eivos, keisti ir paradoksal\u016bs \u012fstatymai tikslo pasiekti t\u0105kart nepad\u0117jo n\u0117 vienam i\u0161 kandidat\u0173.<\/p>\n<p>\u201eJuokinga, bet pritr\u016bko pus\u0117s balo, tai yra popier\u0117lio, kuriame b\u016bt\u0173 \u012fra\u0161yta \u201ePedagogin\u0117 kvalifikacija\u201c, &#8211; apie nes\u0117km\u0119 konkurse pasakojo Mykolas, pedagogin\u012f darb\u0105 dirb\u0119s daugiau nei de\u0161imt met\u0173.<\/p>\n<p><strong>Darbai turi augti, o ne stov\u0117ti<\/strong><\/p>\n<p>Pakeisti mokyklos veid\u0105, anot Mykolo, n\u0117ra lengvas u\u017edavinys, kur\u012f jis jau suvok\u0117 eidamas ir \u012f konkurs\u0105. \u201eViskas turi b\u016bti auginama pama\u017eu\u201c, &#8211; sako neseniai d\u017eiazo muzikos magistro kvalifikacij\u0105 \u012fgij\u0119s muzikantas, mokytojas, tuo pa\u010diu pripa\u017eindamas, jog \u0160ilut\u0117je turi atsirasti galimyb\u0117 vaikams mokytis specialybi\u0173, kurios \u0161iuo metu yra vienos i\u0161 populiariausi\u0173: gitaros, bosin\u0117s gitaros, d\u017eiazo muzikos, vokalo, teatro, choro. Dal\u012f \u0161i\u0173 specialybi\u0173 \u0161iais metais kaip tik ir si\u016blo Vakar\u0173 kranto jaunimo studija, kuri m\u016bs\u0173 kra\u0161t\u0105 garsina vieninteliu \u0161alyje organizuojamu respublikiniu klasikin\u0117s gitaros konkursu, rengiamu Klaip\u0117doje.<\/p>\n<p>Anot Mykolo, \u0161iemet \u0160ilut\u0117je v\u0117l laukiami \u012fvairaus am\u017eiaus mokiniai, norintys prisijungti prie Vakar\u0173 kranto jaunimo studijos rengiam\u0173 muzikinio lavinimo pamok\u0173, kurios prasideda jau \u0161i\u0173 met\u0173 rugs\u0117j\u012f. Norintieji pasiteirauti gali kreiptis telefonu 8 612 94861.<\/p>\n","protected":false},"excerpt":{"rendered":"<p>U\u017ekilusi ant energingos ir entuziastingos kult\u016brin\u0117s bangos, sub\u016brusi ne vien\u0105 jaun\u0105 \u0161iluti\u0161k\u012f dainuoti ir muzikuoti, V\u0161\u012e Vakar\u0173 kranto jaunimo studija bent por\u0105 met\u0173 buvo prigesinusi savo veikl\u0105. Tiesa, dalyvavo ir organizavo \u012fvairi\u0173 rengini\u0173, ta\u010diau varomoji studijos id\u0117j\u0173 j\u0117ga &#8211; Mykolas Eiva, kaip ir pats pripa\u017e\u012fsta, ils\u0117josi bei kaup\u0117si naujam etapui.Pagaliau laikas ry\u017etingai v\u0117l veikti at\u0117jo. [&hellip;]<\/p>\n","protected":false},"author":2,"featured_media":0,"comment_status":"open","ping_status":"open","sticky":false,"template":"","format":"standard","meta":{"footnotes":""},"categories":[4],"tags":[],"class_list":{"0":"post-19832","1":"post","2":"type-post","3":"status-publish","4":"format-standard","6":"category-jaunimo-banga"},"yoast_head":"<!-- This site is optimized with the Yoast SEO plugin v27.5 - https:\/\/yoast.com\/product\/yoast-seo-wordpress\/ -->\n<title>Vaik\u0173 meninis lavinimas turi koja kojon \u017eengti su \u0161iandiena - \u0160ilut\u0117s naujienos<\/title>\n<meta name=\"robots\" content=\"index, follow, max-snippet:-1, max-image-preview:large, max-video-preview:-1\" \/>\n<link rel=\"canonical\" href=\"https:\/\/www.silutesnaujienos.lt\/lt\/vaiku-meninis-lavinimas-turi-koja-kojon-zengti-su-siandiena\/\" \/>\n<meta property=\"og:locale\" content=\"lt_LT\" \/>\n<meta property=\"og:type\" content=\"article\" \/>\n<meta property=\"og:title\" content=\"Vaik\u0173 meninis lavinimas turi koja kojon \u017eengti su \u0161iandiena - \u0160ilut\u0117s naujienos\" \/>\n<meta property=\"og:description\" content=\"U\u017ekilusi ant energingos ir entuziastingos kult\u016brin\u0117s bangos, sub\u016brusi ne vien\u0105 jaun\u0105 \u0161iluti\u0161k\u012f dainuoti ir muzikuoti, V\u0161\u012e Vakar\u0173 kranto jaunimo studija bent por\u0105 met\u0173 buvo prigesinusi savo veikl\u0105. Tiesa, dalyvavo ir organizavo \u012fvairi\u0173 rengini\u0173, ta\u010diau varomoji studijos id\u0117j\u0173 j\u0117ga &#8211; Mykolas Eiva, kaip ir pats pripa\u017e\u012fsta, ils\u0117josi bei kaup\u0117si naujam etapui.Pagaliau laikas ry\u017etingai v\u0117l veikti at\u0117jo. [&hellip;]\" \/>\n<meta property=\"og:url\" content=\"https:\/\/www.silutesnaujienos.lt\/lt\/vaiku-meninis-lavinimas-turi-koja-kojon-zengti-su-siandiena\/\" \/>\n<meta property=\"og:site_name\" content=\"\u0160ilut\u0117s naujienos\" \/>\n<meta property=\"article:publisher\" content=\"https:\/\/www.facebook.com\/silutes.naujienos\/\" \/>\n<meta property=\"article:published_time\" content=\"2015-09-13T19:00:00+00:00\" \/>\n<meta property=\"og:image\" content=\"\/\/silutesnaujienos.lt\/images\/stories\/2015\/RUGSEJIS\/08\/thumbnails\/thumb_mykolas_eiva_vakaru_kranto_studija.jpg\" \/>\n<meta name=\"author\" content=\"\u0160ilut\u0117s naujien\u0173 inf.\" \/>\n<meta name=\"twitter:card\" content=\"summary_large_image\" \/>\n<meta name=\"twitter:label1\" content=\"Written by\" \/>\n\t<meta name=\"twitter:data1\" content=\"\u0160ilut\u0117s naujien\u0173 inf.\" \/>\n\t<meta name=\"twitter:label2\" content=\"Est. reading time\" \/>\n\t<meta name=\"twitter:data2\" content=\"3 minut\u0117s\" \/>\n<script type=\"application\/ld+json\" class=\"yoast-schema-graph\">{\"@context\":\"https:\\\/\\\/schema.org\",\"@graph\":[{\"@type\":\"Article\",\"@id\":\"https:\\\/\\\/www.silutesnaujienos.lt\\\/lt\\\/vaiku-meninis-lavinimas-turi-koja-kojon-zengti-su-siandiena\\\/#article\",\"isPartOf\":{\"@id\":\"https:\\\/\\\/www.silutesnaujienos.lt\\\/lt\\\/vaiku-meninis-lavinimas-turi-koja-kojon-zengti-su-siandiena\\\/\"},\"author\":{\"name\":\"\u0160ilut\u0117s naujien\u0173 inf.\",\"@id\":\"https:\\\/\\\/www.silutesnaujienos.lt\\\/lt\\\/#\\\/schema\\\/person\\\/976440ef837444400af3c77c19c61454\"},\"headline\":\"Vaik\u0173 meninis lavinimas turi koja kojon \u017eengti su \u0161iandiena\",\"datePublished\":\"2015-09-13T19:00:00+00:00\",\"mainEntityOfPage\":{\"@id\":\"https:\\\/\\\/www.silutesnaujienos.lt\\\/lt\\\/vaiku-meninis-lavinimas-turi-koja-kojon-zengti-su-siandiena\\\/\"},\"wordCount\":662,\"commentCount\":0,\"publisher\":{\"@id\":\"https:\\\/\\\/www.silutesnaujienos.lt\\\/lt\\\/#organization\"},\"articleSection\":[\"Jaunimo banga\"],\"inLanguage\":\"lt-LT\",\"potentialAction\":[{\"@type\":\"CommentAction\",\"name\":\"Comment\",\"target\":[\"https:\\\/\\\/www.silutesnaujienos.lt\\\/lt\\\/vaiku-meninis-lavinimas-turi-koja-kojon-zengti-su-siandiena\\\/#respond\"]}]},{\"@type\":\"WebPage\",\"@id\":\"https:\\\/\\\/www.silutesnaujienos.lt\\\/lt\\\/vaiku-meninis-lavinimas-turi-koja-kojon-zengti-su-siandiena\\\/\",\"url\":\"https:\\\/\\\/www.silutesnaujienos.lt\\\/lt\\\/vaiku-meninis-lavinimas-turi-koja-kojon-zengti-su-siandiena\\\/\",\"name\":\"Vaik\u0173 meninis lavinimas turi koja kojon \u017eengti su \u0161iandiena - \u0160ilut\u0117s naujienos\",\"isPartOf\":{\"@id\":\"https:\\\/\\\/www.silutesnaujienos.lt\\\/lt\\\/#website\"},\"datePublished\":\"2015-09-13T19:00:00+00:00\",\"breadcrumb\":{\"@id\":\"https:\\\/\\\/www.silutesnaujienos.lt\\\/lt\\\/vaiku-meninis-lavinimas-turi-koja-kojon-zengti-su-siandiena\\\/#breadcrumb\"},\"inLanguage\":\"lt-LT\",\"potentialAction\":[{\"@type\":\"ReadAction\",\"target\":[\"https:\\\/\\\/www.silutesnaujienos.lt\\\/lt\\\/vaiku-meninis-lavinimas-turi-koja-kojon-zengti-su-siandiena\\\/\"]}]},{\"@type\":\"BreadcrumbList\",\"@id\":\"https:\\\/\\\/www.silutesnaujienos.lt\\\/lt\\\/vaiku-meninis-lavinimas-turi-koja-kojon-zengti-su-siandiena\\\/#breadcrumb\",\"itemListElement\":[{\"@type\":\"ListItem\",\"position\":1,\"name\":\"Home\",\"item\":\"https:\\\/\\\/www.silutesnaujienos.lt\\\/lt\\\/\"},{\"@type\":\"ListItem\",\"position\":2,\"name\":\"Vaik\u0173 meninis lavinimas turi koja kojon \u017eengti su \u0161iandiena\"}]},{\"@type\":\"WebSite\",\"@id\":\"https:\\\/\\\/www.silutesnaujienos.lt\\\/lt\\\/#website\",\"url\":\"https:\\\/\\\/www.silutesnaujienos.lt\\\/lt\\\/\",\"name\":\"\u0160ilut\u0117s naujienos\",\"description\":\"B\u016bk ant naujien\u0173 bangos!\",\"publisher\":{\"@id\":\"https:\\\/\\\/www.silutesnaujienos.lt\\\/lt\\\/#organization\"},\"potentialAction\":[{\"@type\":\"SearchAction\",\"target\":{\"@type\":\"EntryPoint\",\"urlTemplate\":\"https:\\\/\\\/www.silutesnaujienos.lt\\\/lt\\\/?s={search_term_string}\"},\"query-input\":{\"@type\":\"PropertyValueSpecification\",\"valueRequired\":true,\"valueName\":\"search_term_string\"}}],\"inLanguage\":\"lt-LT\"},{\"@type\":\"Organization\",\"@id\":\"https:\\\/\\\/www.silutesnaujienos.lt\\\/lt\\\/#organization\",\"name\":\"\u0160ilut\u0117s naujienos\",\"url\":\"https:\\\/\\\/www.silutesnaujienos.lt\\\/lt\\\/\",\"logo\":{\"@type\":\"ImageObject\",\"inLanguage\":\"lt-LT\",\"@id\":\"https:\\\/\\\/www.silutesnaujienos.lt\\\/lt\\\/#\\\/schema\\\/logo\\\/image\\\/\",\"url\":\"https:\\\/\\\/www.silutesnaujienos.lt\\\/lt\\\/wp-content\\\/uploads\\\/2020\\\/06\\\/FB_MAIN.jpg\",\"contentUrl\":\"https:\\\/\\\/www.silutesnaujienos.lt\\\/lt\\\/wp-content\\\/uploads\\\/2020\\\/06\\\/FB_MAIN.jpg\",\"width\":1700,\"height\":956,\"caption\":\"\u0160ilut\u0117s naujienos\"},\"image\":{\"@id\":\"https:\\\/\\\/www.silutesnaujienos.lt\\\/lt\\\/#\\\/schema\\\/logo\\\/image\\\/\"},\"sameAs\":[\"https:\\\/\\\/www.facebook.com\\\/silutes.naujienos\\\/\",\"https:\\\/\\\/www.youtube.com\\\/channel\\\/UCxW-cgrJDt8GxIMxSTAfJZg\"]},{\"@type\":\"Person\",\"@id\":\"https:\\\/\\\/www.silutesnaujienos.lt\\\/lt\\\/#\\\/schema\\\/person\\\/976440ef837444400af3c77c19c61454\",\"name\":\"\u0160ilut\u0117s naujien\u0173 inf.\",\"image\":{\"@type\":\"ImageObject\",\"inLanguage\":\"lt-LT\",\"@id\":\"https:\\\/\\\/www.silutesnaujienos.lt\\\/lt\\\/wp-content\\\/uploads\\\/2020\\\/06\\\/favicon.png\",\"url\":\"https:\\\/\\\/www.silutesnaujienos.lt\\\/lt\\\/wp-content\\\/uploads\\\/2020\\\/06\\\/favicon.png\",\"contentUrl\":\"https:\\\/\\\/www.silutesnaujienos.lt\\\/lt\\\/wp-content\\\/uploads\\\/2020\\\/06\\\/favicon.png\",\"caption\":\"\u0160ilut\u0117s naujien\u0173 inf.\"},\"url\":\"https:\\\/\\\/www.silutesnaujienos.lt\\\/lt\\\/author\\\/vadas\\\/\"}]}<\/script>\n<!-- \/ Yoast SEO plugin. -->","yoast_head_json":{"title":"Vaik\u0173 meninis lavinimas turi koja kojon \u017eengti su \u0161iandiena - \u0160ilut\u0117s naujienos","robots":{"index":"index","follow":"follow","max-snippet":"max-snippet:-1","max-image-preview":"max-image-preview:large","max-video-preview":"max-video-preview:-1"},"canonical":"https:\/\/www.silutesnaujienos.lt\/lt\/vaiku-meninis-lavinimas-turi-koja-kojon-zengti-su-siandiena\/","og_locale":"lt_LT","og_type":"article","og_title":"Vaik\u0173 meninis lavinimas turi koja kojon \u017eengti su \u0161iandiena - \u0160ilut\u0117s naujienos","og_description":"U\u017ekilusi ant energingos ir entuziastingos kult\u016brin\u0117s bangos, sub\u016brusi ne vien\u0105 jaun\u0105 \u0161iluti\u0161k\u012f dainuoti ir muzikuoti, V\u0161\u012e Vakar\u0173 kranto jaunimo studija bent por\u0105 met\u0173 buvo prigesinusi savo veikl\u0105. Tiesa, dalyvavo ir organizavo \u012fvairi\u0173 rengini\u0173, ta\u010diau varomoji studijos id\u0117j\u0173 j\u0117ga &#8211; Mykolas Eiva, kaip ir pats pripa\u017e\u012fsta, ils\u0117josi bei kaup\u0117si naujam etapui.Pagaliau laikas ry\u017etingai v\u0117l veikti at\u0117jo. [&hellip;]","og_url":"https:\/\/www.silutesnaujienos.lt\/lt\/vaiku-meninis-lavinimas-turi-koja-kojon-zengti-su-siandiena\/","og_site_name":"\u0160ilut\u0117s naujienos","article_publisher":"https:\/\/www.facebook.com\/silutes.naujienos\/","article_published_time":"2015-09-13T19:00:00+00:00","og_image":[{"url":"\/\/silutesnaujienos.lt\/images\/stories\/2015\/RUGSEJIS\/08\/thumbnails\/thumb_mykolas_eiva_vakaru_kranto_studija.jpg","type":"","width":"","height":""}],"author":"\u0160ilut\u0117s naujien\u0173 inf.","twitter_card":"summary_large_image","twitter_misc":{"Written by":"\u0160ilut\u0117s naujien\u0173 inf.","Est. reading time":"3 minut\u0117s"},"schema":{"@context":"https:\/\/schema.org","@graph":[{"@type":"Article","@id":"https:\/\/www.silutesnaujienos.lt\/lt\/vaiku-meninis-lavinimas-turi-koja-kojon-zengti-su-siandiena\/#article","isPartOf":{"@id":"https:\/\/www.silutesnaujienos.lt\/lt\/vaiku-meninis-lavinimas-turi-koja-kojon-zengti-su-siandiena\/"},"author":{"name":"\u0160ilut\u0117s naujien\u0173 inf.","@id":"https:\/\/www.silutesnaujienos.lt\/lt\/#\/schema\/person\/976440ef837444400af3c77c19c61454"},"headline":"Vaik\u0173 meninis lavinimas turi koja kojon \u017eengti su \u0161iandiena","datePublished":"2015-09-13T19:00:00+00:00","mainEntityOfPage":{"@id":"https:\/\/www.silutesnaujienos.lt\/lt\/vaiku-meninis-lavinimas-turi-koja-kojon-zengti-su-siandiena\/"},"wordCount":662,"commentCount":0,"publisher":{"@id":"https:\/\/www.silutesnaujienos.lt\/lt\/#organization"},"articleSection":["Jaunimo banga"],"inLanguage":"lt-LT","potentialAction":[{"@type":"CommentAction","name":"Comment","target":["https:\/\/www.silutesnaujienos.lt\/lt\/vaiku-meninis-lavinimas-turi-koja-kojon-zengti-su-siandiena\/#respond"]}]},{"@type":"WebPage","@id":"https:\/\/www.silutesnaujienos.lt\/lt\/vaiku-meninis-lavinimas-turi-koja-kojon-zengti-su-siandiena\/","url":"https:\/\/www.silutesnaujienos.lt\/lt\/vaiku-meninis-lavinimas-turi-koja-kojon-zengti-su-siandiena\/","name":"Vaik\u0173 meninis lavinimas turi koja kojon \u017eengti su \u0161iandiena - \u0160ilut\u0117s naujienos","isPartOf":{"@id":"https:\/\/www.silutesnaujienos.lt\/lt\/#website"},"datePublished":"2015-09-13T19:00:00+00:00","breadcrumb":{"@id":"https:\/\/www.silutesnaujienos.lt\/lt\/vaiku-meninis-lavinimas-turi-koja-kojon-zengti-su-siandiena\/#breadcrumb"},"inLanguage":"lt-LT","potentialAction":[{"@type":"ReadAction","target":["https:\/\/www.silutesnaujienos.lt\/lt\/vaiku-meninis-lavinimas-turi-koja-kojon-zengti-su-siandiena\/"]}]},{"@type":"BreadcrumbList","@id":"https:\/\/www.silutesnaujienos.lt\/lt\/vaiku-meninis-lavinimas-turi-koja-kojon-zengti-su-siandiena\/#breadcrumb","itemListElement":[{"@type":"ListItem","position":1,"name":"Home","item":"https:\/\/www.silutesnaujienos.lt\/lt\/"},{"@type":"ListItem","position":2,"name":"Vaik\u0173 meninis lavinimas turi koja kojon \u017eengti su \u0161iandiena"}]},{"@type":"WebSite","@id":"https:\/\/www.silutesnaujienos.lt\/lt\/#website","url":"https:\/\/www.silutesnaujienos.lt\/lt\/","name":"\u0160ilut\u0117s naujienos","description":"B\u016bk ant naujien\u0173 bangos!","publisher":{"@id":"https:\/\/www.silutesnaujienos.lt\/lt\/#organization"},"potentialAction":[{"@type":"SearchAction","target":{"@type":"EntryPoint","urlTemplate":"https:\/\/www.silutesnaujienos.lt\/lt\/?s={search_term_string}"},"query-input":{"@type":"PropertyValueSpecification","valueRequired":true,"valueName":"search_term_string"}}],"inLanguage":"lt-LT"},{"@type":"Organization","@id":"https:\/\/www.silutesnaujienos.lt\/lt\/#organization","name":"\u0160ilut\u0117s naujienos","url":"https:\/\/www.silutesnaujienos.lt\/lt\/","logo":{"@type":"ImageObject","inLanguage":"lt-LT","@id":"https:\/\/www.silutesnaujienos.lt\/lt\/#\/schema\/logo\/image\/","url":"https:\/\/www.silutesnaujienos.lt\/lt\/wp-content\/uploads\/2020\/06\/FB_MAIN.jpg","contentUrl":"https:\/\/www.silutesnaujienos.lt\/lt\/wp-content\/uploads\/2020\/06\/FB_MAIN.jpg","width":1700,"height":956,"caption":"\u0160ilut\u0117s naujienos"},"image":{"@id":"https:\/\/www.silutesnaujienos.lt\/lt\/#\/schema\/logo\/image\/"},"sameAs":["https:\/\/www.facebook.com\/silutes.naujienos\/","https:\/\/www.youtube.com\/channel\/UCxW-cgrJDt8GxIMxSTAfJZg"]},{"@type":"Person","@id":"https:\/\/www.silutesnaujienos.lt\/lt\/#\/schema\/person\/976440ef837444400af3c77c19c61454","name":"\u0160ilut\u0117s naujien\u0173 inf.","image":{"@type":"ImageObject","inLanguage":"lt-LT","@id":"https:\/\/www.silutesnaujienos.lt\/lt\/wp-content\/uploads\/2020\/06\/favicon.png","url":"https:\/\/www.silutesnaujienos.lt\/lt\/wp-content\/uploads\/2020\/06\/favicon.png","contentUrl":"https:\/\/www.silutesnaujienos.lt\/lt\/wp-content\/uploads\/2020\/06\/favicon.png","caption":"\u0160ilut\u0117s naujien\u0173 inf."},"url":"https:\/\/www.silutesnaujienos.lt\/lt\/author\/vadas\/"}]}},"publishpress_future_workflow_manual_trigger":{"enabledWorkflows":[]},"amp_enabled":true,"_links":{"self":[{"href":"https:\/\/www.silutesnaujienos.lt\/lt\/wp-json\/wp\/v2\/posts\/19832","targetHints":{"allow":["GET"]}}],"collection":[{"href":"https:\/\/www.silutesnaujienos.lt\/lt\/wp-json\/wp\/v2\/posts"}],"about":[{"href":"https:\/\/www.silutesnaujienos.lt\/lt\/wp-json\/wp\/v2\/types\/post"}],"author":[{"embeddable":true,"href":"https:\/\/www.silutesnaujienos.lt\/lt\/wp-json\/wp\/v2\/users\/2"}],"replies":[{"embeddable":true,"href":"https:\/\/www.silutesnaujienos.lt\/lt\/wp-json\/wp\/v2\/comments?post=19832"}],"version-history":[{"count":0,"href":"https:\/\/www.silutesnaujienos.lt\/lt\/wp-json\/wp\/v2\/posts\/19832\/revisions"}],"wp:attachment":[{"href":"https:\/\/www.silutesnaujienos.lt\/lt\/wp-json\/wp\/v2\/media?parent=19832"}],"wp:term":[{"taxonomy":"category","embeddable":true,"href":"https:\/\/www.silutesnaujienos.lt\/lt\/wp-json\/wp\/v2\/categories?post=19832"},{"taxonomy":"post_tag","embeddable":true,"href":"https:\/\/www.silutesnaujienos.lt\/lt\/wp-json\/wp\/v2\/tags?post=19832"}],"curies":[{"name":"wp","href":"https:\/\/api.w.org\/{rel}","templated":true}]}}