{"id":19844,"date":"2015-10-04T05:00:00","date_gmt":"2015-10-04T07:00:00","guid":{"rendered":"https:\/\/www.silutesnaujienos.lt\/lt\/europos-kalbu-diena-minejo-sportiskai-meniskai\/"},"modified":"2015-10-04T05:00:00","modified_gmt":"2015-10-04T07:00:00","slug":"europos-kalbu-diena-minejo-sportiskai-meniskai","status":"publish","type":"post","link":"https:\/\/www.silutesnaujienos.lt\/lt\/europos-kalbu-diena-minejo-sportiskai-meniskai\/","title":{"rendered":"Europos kalb\u0173 dien\u0105 min\u0117jo sporti\u0161kai, meni\u0161kai"},"content":{"rendered":"<p><a target=\"_blank\" rel=\"caption[Juknaiti\u0161kiai krep\u0161inink\u0173 komandas palaik\u0117 \u012fvairiomis kalbomis: angl\u0173, vokie\u010di\u0173, rus\u0173, latvi\u0173, pranc\u016bz\u0173, lietuvi\u0173.] noopener noreferrer\" class=\"jcepopup\" href=\"\/\/silutesnaujienos.lt\/images\/stories\/2015\/RUGSEJIS\/29\/kalbu_diena_juknaiciai_sirgaliai.jpg\" data-rel=\"lightbox-gallery-W6n0fDKN\" data-rl_title=\"\" data-rl_caption=\"\"><img loading=\"lazy\" decoding=\"async\" style=\"margin: 5px; float: left;\" class=\"caption\" title=\"\" alt=\"kalbu diena juknaiciai sirgaliai\" src=\"\/\/silutesnaujienos.lt\/images\/stories\/2015\/RUGSEJIS\/29\/thumbnails\/thumb_kalbu_diena_juknaiciai_sirgaliai.jpg\" height=\"230\" width=\"307\" \/><\/a><strong>Juknai\u010di\u0173 pagrindin\u0117s mokyklos kalb\u0173 mokytojai kasmet stengiasi organizuoti \u012fvairius renginius, kad kuo labiau sudomint\u0173 mokinius ir paskatint\u0173 juos dom\u0117tis \u012fvairiomis kalbomis. \u0160iais metais Europos kalb\u0173 diena vyko su \u0161\u016bkiu \u201eKovoju u\u017e kalb\u0105\u201c. Dar neatsl\u016bgus krep\u0161inio kar\u0161tinei ir tebeskambant mintyse \u012fvairi\u0173 \u0161ali\u0173 komand\u0173 pavadinimams bei sirgali\u0173 \u0161\u016bksniams paband\u0117me sujungti du skirtingus mokini\u0173 pom\u0117gius: sport\u0105 ir kalb\u0105.<\/strong><strong><br \/><\/strong><br \/>5-10 klas\u0117s pasirinko po vien\u0105 kalb\u0105 (penktokai &#8211; lietuvi\u0173, \u0161e\u0161tokai &#8211; pranc\u016bz\u0173, septintokai &#8211; angl\u0173, a\u0161tuntokai &#8211; vokie\u010di\u0173, <a target=\"_blank\" class=\"jcepopup\" href=\"\/\/silutesnaujienos.lt\/images\/stories\/2015\/RUGSEJIS\/29\/kalbu_diena_juknaiciai_krepsinis.jpg\" rel=\"noopener noreferrer\" data-rel=\"lightbox-gallery-W6n0fDKN\" data-rl_title=\"\" data-rl_caption=\"\" title=\"\"><img loading=\"lazy\" decoding=\"async\" style=\"margin: 5px; float: right;\" alt=\"kalbu diena juknaiciai krepsinis\" src=\"\/\/silutesnaujienos.lt\/images\/stories\/2015\/RUGSEJIS\/29\/thumbnails\/thumb_kalbu_diena_juknaiciai_krepsinis.jpg\" height=\"230\" width=\"307\" \/><\/a>devintokai &#8211; rus\u0173, de\u0161imtokai &#8211; latvi\u0173) ir sub\u016br\u0117 klas\u0117s krep\u0161inio komand\u0105, kuri kovos u\u017e pasirinkt\u0105 kalb\u0105. Komandos suk\u016br\u0117 pavadinimus, \u0161\u016bkius, emblemas.<\/p>\n<p>Penktadien\u012f nuo pat ankstyvo ryto kiekviena klas\u0117 pasipuo\u0161\u0117 savo kabineto duris \u012fvairia atributika u\u017esienio kalbomis. O v\u0117liau \u201eu\u017esienie\u010di\u0173\u201c krep\u0161inink\u0173komandos su savo sirgaliais sugu\u017e\u0117jo \u012f sporto sal\u0119, kur prasid\u0117jo draugi\u0161kos krep\u0161inio var\u017eybos. Sporto sal\u0117 mirg\u0117jo \u012fvairi\u0173 \u0161ali\u0173 v\u0117liav\u0117l\u0117mis. Ypa\u010d smagu buvo klausytis fan\u0173, skanduojan\u010di\u0173 palaikymo \u0161\u016bkius \u012fvairiomis kalbomis.<\/p>\n<p>Po var\u017eyb\u0173 komand\u0173 lauk\u0117 staigmenos, nes kiekviena klas\u0117 paruo\u0161\u0117 savo prie\u0161inink\u0173 komandai po sald\u0173 priz\u0105 kaip pad\u0117k\u0105 u\u017e draugi\u0161kas var\u017eybas.<\/p>\n<p>Europos kalb\u0173 dienos renginys patiko ir mokiniams, ir mokytojams. Tikim\u0117s, kad kiekvienais metais mokykloje organizuojami renginiai \u0161iai dienai pamin\u0117ti vis labiau motyvuos jaun\u0105j\u0105 kart\u0105 mokytis u\u017esienio kalb\u0173, nes kalbos mok\u0117jimas atveria duris ir nutiesia tiltus \u012f plat\u0173j\u012f pasaul\u012f, suteikia galimyb\u0119 bendrauti ir laisv\u0119 pa\u017einti.<\/p>\n<p><a type=\"image\" class=\"jcepopup\" target=\"_blank\" href=\"\/\/silutesnaujienos.lt\/images\/stories\/2015\/RUGSEJIS\/29\/kalbos_diena_gardamas.jpg\" rel=\"noopener noreferrer\" data-rel=\"lightbox-gallery-W6n0fDKN\" data-rl_title=\"\" data-rl_caption=\"\" title=\"\"><img loading=\"lazy\" decoding=\"async\" style=\"margin: 5px; float: left;\" alt=\"kalbos diena gardamas\" src=\"\/\/silutesnaujienos.lt\/images\/stories\/2015\/RUGSEJIS\/29\/thumbnails\/thumb_kalbos_diena_gardamas.jpg\" height=\"230\" width=\"307\" \/><\/a><strong>Lietuvi\u0173 kalbos mokytoja Gitana POCIUT\u0116<\/strong><\/p>\n<p>&nbsp;<\/p>\n<p>Min\u0117dami Europos kalb\u0173 dien\u0105 Gardamo pagrindin\u0117s mokyklos mokiniai tur\u0117jo galimyb\u0119 atskleisti savo meninius sugeb\u0117jimus: pie\u0161\u0117 i\u0161sitraukt\u0173 burt\u0173 keliu \u0161ali\u0173 v\u0117liavas ant tako prie\u0161ais mokykl\u0105, ant kabinet\u0173 dur\u0173 prikabino pasisveikinimus \u012fvairiomis kalbomis. Savait\u0119 u\u017ebaig\u0117 angli\u0161komis dainomis, kuri\u0173 i\u0161mok\u0117 angl\u0173 k. mokytoja Rita Ge\u010dien\u0117.<\/p>\n","protected":false},"excerpt":{"rendered":"<p>Juknai\u010di\u0173 pagrindin\u0117s mokyklos kalb\u0173 mokytojai kasmet stengiasi organizuoti \u012fvairius renginius, kad kuo labiau sudomint\u0173 mokinius ir paskatint\u0173 juos dom\u0117tis \u012fvairiomis kalbomis. \u0160iais metais Europos kalb\u0173 diena vyko su \u0161\u016bkiu \u201eKovoju u\u017e kalb\u0105\u201c. Dar neatsl\u016bgus krep\u0161inio kar\u0161tinei ir tebeskambant mintyse \u012fvairi\u0173 \u0161ali\u0173 komand\u0173 pavadinimams bei sirgali\u0173 \u0161\u016bksniams paband\u0117me sujungti du skirtingus mokini\u0173 pom\u0117gius: sport\u0105 ir kalb\u0105.5-10 [&hellip;]<\/p>\n","protected":false},"author":2,"featured_media":0,"comment_status":"open","ping_status":"open","sticky":false,"template":"","format":"standard","meta":{"footnotes":""},"categories":[4],"tags":[],"class_list":{"0":"post-19844","1":"post","2":"type-post","3":"status-publish","4":"format-standard","6":"category-jaunimo-banga"},"yoast_head":"<!-- This site is optimized with the Yoast SEO plugin v27.5 - https:\/\/yoast.com\/product\/yoast-seo-wordpress\/ -->\n<title>Europos kalb\u0173 dien\u0105 min\u0117jo sporti\u0161kai, meni\u0161kai - \u0160ilut\u0117s naujienos<\/title>\n<meta name=\"robots\" content=\"index, follow, max-snippet:-1, max-image-preview:large, max-video-preview:-1\" \/>\n<link rel=\"canonical\" href=\"https:\/\/www.silutesnaujienos.lt\/lt\/europos-kalbu-diena-minejo-sportiskai-meniskai\/\" \/>\n<meta property=\"og:locale\" content=\"lt_LT\" \/>\n<meta property=\"og:type\" content=\"article\" \/>\n<meta property=\"og:title\" content=\"Europos kalb\u0173 dien\u0105 min\u0117jo sporti\u0161kai, meni\u0161kai - \u0160ilut\u0117s naujienos\" \/>\n<meta property=\"og:description\" content=\"Juknai\u010di\u0173 pagrindin\u0117s mokyklos kalb\u0173 mokytojai kasmet stengiasi organizuoti \u012fvairius renginius, kad kuo labiau sudomint\u0173 mokinius ir paskatint\u0173 juos dom\u0117tis \u012fvairiomis kalbomis. \u0160iais metais Europos kalb\u0173 diena vyko su \u0161\u016bkiu \u201eKovoju u\u017e kalb\u0105\u201c. Dar neatsl\u016bgus krep\u0161inio kar\u0161tinei ir tebeskambant mintyse \u012fvairi\u0173 \u0161ali\u0173 komand\u0173 pavadinimams bei sirgali\u0173 \u0161\u016bksniams paband\u0117me sujungti du skirtingus mokini\u0173 pom\u0117gius: sport\u0105 ir kalb\u0105.5-10 [&hellip;]\" \/>\n<meta property=\"og:url\" content=\"https:\/\/www.silutesnaujienos.lt\/lt\/europos-kalbu-diena-minejo-sportiskai-meniskai\/\" \/>\n<meta property=\"og:site_name\" content=\"\u0160ilut\u0117s naujienos\" \/>\n<meta property=\"article:publisher\" content=\"https:\/\/www.facebook.com\/silutes.naujienos\/\" \/>\n<meta property=\"article:published_time\" content=\"2015-10-04T07:00:00+00:00\" \/>\n<meta property=\"og:image\" content=\"\/\/silutesnaujienos.lt\/images\/stories\/2015\/RUGSEJIS\/29\/thumbnails\/thumb_kalbu_diena_juknaiciai_sirgaliai.jpg\" \/>\n<meta name=\"author\" content=\"\u0160ilut\u0117s naujien\u0173 inf.\" \/>\n<meta name=\"twitter:card\" content=\"summary_large_image\" \/>\n<meta name=\"twitter:label1\" content=\"Written by\" \/>\n\t<meta name=\"twitter:data1\" content=\"\u0160ilut\u0117s naujien\u0173 inf.\" \/>\n\t<meta name=\"twitter:label2\" content=\"Est. reading time\" \/>\n\t<meta name=\"twitter:data2\" content=\"2 minut\u0117s\" \/>\n<script type=\"application\/ld+json\" class=\"yoast-schema-graph\">{\"@context\":\"https:\\\/\\\/schema.org\",\"@graph\":[{\"@type\":\"Article\",\"@id\":\"https:\\\/\\\/www.silutesnaujienos.lt\\\/lt\\\/europos-kalbu-diena-minejo-sportiskai-meniskai\\\/#article\",\"isPartOf\":{\"@id\":\"https:\\\/\\\/www.silutesnaujienos.lt\\\/lt\\\/europos-kalbu-diena-minejo-sportiskai-meniskai\\\/\"},\"author\":{\"name\":\"\u0160ilut\u0117s naujien\u0173 inf.\",\"@id\":\"https:\\\/\\\/www.silutesnaujienos.lt\\\/lt\\\/#\\\/schema\\\/person\\\/976440ef837444400af3c77c19c61454\"},\"headline\":\"Europos kalb\u0173 dien\u0105 min\u0117jo sporti\u0161kai, meni\u0161kai\",\"datePublished\":\"2015-10-04T07:00:00+00:00\",\"mainEntityOfPage\":{\"@id\":\"https:\\\/\\\/www.silutesnaujienos.lt\\\/lt\\\/europos-kalbu-diena-minejo-sportiskai-meniskai\\\/\"},\"wordCount\":317,\"commentCount\":0,\"publisher\":{\"@id\":\"https:\\\/\\\/www.silutesnaujienos.lt\\\/lt\\\/#organization\"},\"articleSection\":[\"Jaunimo banga\"],\"inLanguage\":\"lt-LT\",\"potentialAction\":[{\"@type\":\"CommentAction\",\"name\":\"Comment\",\"target\":[\"https:\\\/\\\/www.silutesnaujienos.lt\\\/lt\\\/europos-kalbu-diena-minejo-sportiskai-meniskai\\\/#respond\"]}]},{\"@type\":\"WebPage\",\"@id\":\"https:\\\/\\\/www.silutesnaujienos.lt\\\/lt\\\/europos-kalbu-diena-minejo-sportiskai-meniskai\\\/\",\"url\":\"https:\\\/\\\/www.silutesnaujienos.lt\\\/lt\\\/europos-kalbu-diena-minejo-sportiskai-meniskai\\\/\",\"name\":\"Europos kalb\u0173 dien\u0105 min\u0117jo sporti\u0161kai, meni\u0161kai - \u0160ilut\u0117s naujienos\",\"isPartOf\":{\"@id\":\"https:\\\/\\\/www.silutesnaujienos.lt\\\/lt\\\/#website\"},\"datePublished\":\"2015-10-04T07:00:00+00:00\",\"breadcrumb\":{\"@id\":\"https:\\\/\\\/www.silutesnaujienos.lt\\\/lt\\\/europos-kalbu-diena-minejo-sportiskai-meniskai\\\/#breadcrumb\"},\"inLanguage\":\"lt-LT\",\"potentialAction\":[{\"@type\":\"ReadAction\",\"target\":[\"https:\\\/\\\/www.silutesnaujienos.lt\\\/lt\\\/europos-kalbu-diena-minejo-sportiskai-meniskai\\\/\"]}]},{\"@type\":\"BreadcrumbList\",\"@id\":\"https:\\\/\\\/www.silutesnaujienos.lt\\\/lt\\\/europos-kalbu-diena-minejo-sportiskai-meniskai\\\/#breadcrumb\",\"itemListElement\":[{\"@type\":\"ListItem\",\"position\":1,\"name\":\"Home\",\"item\":\"https:\\\/\\\/www.silutesnaujienos.lt\\\/lt\\\/\"},{\"@type\":\"ListItem\",\"position\":2,\"name\":\"Europos kalb\u0173 dien\u0105 min\u0117jo sporti\u0161kai, meni\u0161kai\"}]},{\"@type\":\"WebSite\",\"@id\":\"https:\\\/\\\/www.silutesnaujienos.lt\\\/lt\\\/#website\",\"url\":\"https:\\\/\\\/www.silutesnaujienos.lt\\\/lt\\\/\",\"name\":\"\u0160ilut\u0117s naujienos\",\"description\":\"B\u016bk ant naujien\u0173 bangos!\",\"publisher\":{\"@id\":\"https:\\\/\\\/www.silutesnaujienos.lt\\\/lt\\\/#organization\"},\"potentialAction\":[{\"@type\":\"SearchAction\",\"target\":{\"@type\":\"EntryPoint\",\"urlTemplate\":\"https:\\\/\\\/www.silutesnaujienos.lt\\\/lt\\\/?s={search_term_string}\"},\"query-input\":{\"@type\":\"PropertyValueSpecification\",\"valueRequired\":true,\"valueName\":\"search_term_string\"}}],\"inLanguage\":\"lt-LT\"},{\"@type\":\"Organization\",\"@id\":\"https:\\\/\\\/www.silutesnaujienos.lt\\\/lt\\\/#organization\",\"name\":\"\u0160ilut\u0117s naujienos\",\"url\":\"https:\\\/\\\/www.silutesnaujienos.lt\\\/lt\\\/\",\"logo\":{\"@type\":\"ImageObject\",\"inLanguage\":\"lt-LT\",\"@id\":\"https:\\\/\\\/www.silutesnaujienos.lt\\\/lt\\\/#\\\/schema\\\/logo\\\/image\\\/\",\"url\":\"https:\\\/\\\/www.silutesnaujienos.lt\\\/lt\\\/wp-content\\\/uploads\\\/2020\\\/06\\\/FB_MAIN.jpg\",\"contentUrl\":\"https:\\\/\\\/www.silutesnaujienos.lt\\\/lt\\\/wp-content\\\/uploads\\\/2020\\\/06\\\/FB_MAIN.jpg\",\"width\":1700,\"height\":956,\"caption\":\"\u0160ilut\u0117s naujienos\"},\"image\":{\"@id\":\"https:\\\/\\\/www.silutesnaujienos.lt\\\/lt\\\/#\\\/schema\\\/logo\\\/image\\\/\"},\"sameAs\":[\"https:\\\/\\\/www.facebook.com\\\/silutes.naujienos\\\/\",\"https:\\\/\\\/www.youtube.com\\\/channel\\\/UCxW-cgrJDt8GxIMxSTAfJZg\"]},{\"@type\":\"Person\",\"@id\":\"https:\\\/\\\/www.silutesnaujienos.lt\\\/lt\\\/#\\\/schema\\\/person\\\/976440ef837444400af3c77c19c61454\",\"name\":\"\u0160ilut\u0117s naujien\u0173 inf.\",\"image\":{\"@type\":\"ImageObject\",\"inLanguage\":\"lt-LT\",\"@id\":\"https:\\\/\\\/www.silutesnaujienos.lt\\\/lt\\\/wp-content\\\/uploads\\\/2020\\\/06\\\/favicon.png\",\"url\":\"https:\\\/\\\/www.silutesnaujienos.lt\\\/lt\\\/wp-content\\\/uploads\\\/2020\\\/06\\\/favicon.png\",\"contentUrl\":\"https:\\\/\\\/www.silutesnaujienos.lt\\\/lt\\\/wp-content\\\/uploads\\\/2020\\\/06\\\/favicon.png\",\"caption\":\"\u0160ilut\u0117s naujien\u0173 inf.\"},\"url\":\"https:\\\/\\\/www.silutesnaujienos.lt\\\/lt\\\/author\\\/vadas\\\/\"}]}<\/script>\n<!-- \/ Yoast SEO plugin. -->","yoast_head_json":{"title":"Europos kalb\u0173 dien\u0105 min\u0117jo sporti\u0161kai, meni\u0161kai - \u0160ilut\u0117s naujienos","robots":{"index":"index","follow":"follow","max-snippet":"max-snippet:-1","max-image-preview":"max-image-preview:large","max-video-preview":"max-video-preview:-1"},"canonical":"https:\/\/www.silutesnaujienos.lt\/lt\/europos-kalbu-diena-minejo-sportiskai-meniskai\/","og_locale":"lt_LT","og_type":"article","og_title":"Europos kalb\u0173 dien\u0105 min\u0117jo sporti\u0161kai, meni\u0161kai - \u0160ilut\u0117s naujienos","og_description":"Juknai\u010di\u0173 pagrindin\u0117s mokyklos kalb\u0173 mokytojai kasmet stengiasi organizuoti \u012fvairius renginius, kad kuo labiau sudomint\u0173 mokinius ir paskatint\u0173 juos dom\u0117tis \u012fvairiomis kalbomis. \u0160iais metais Europos kalb\u0173 diena vyko su \u0161\u016bkiu \u201eKovoju u\u017e kalb\u0105\u201c. Dar neatsl\u016bgus krep\u0161inio kar\u0161tinei ir tebeskambant mintyse \u012fvairi\u0173 \u0161ali\u0173 komand\u0173 pavadinimams bei sirgali\u0173 \u0161\u016bksniams paband\u0117me sujungti du skirtingus mokini\u0173 pom\u0117gius: sport\u0105 ir kalb\u0105.5-10 [&hellip;]","og_url":"https:\/\/www.silutesnaujienos.lt\/lt\/europos-kalbu-diena-minejo-sportiskai-meniskai\/","og_site_name":"\u0160ilut\u0117s naujienos","article_publisher":"https:\/\/www.facebook.com\/silutes.naujienos\/","article_published_time":"2015-10-04T07:00:00+00:00","og_image":[{"url":"\/\/silutesnaujienos.lt\/images\/stories\/2015\/RUGSEJIS\/29\/thumbnails\/thumb_kalbu_diena_juknaiciai_sirgaliai.jpg","type":"","width":"","height":""}],"author":"\u0160ilut\u0117s naujien\u0173 inf.","twitter_card":"summary_large_image","twitter_misc":{"Written by":"\u0160ilut\u0117s naujien\u0173 inf.","Est. reading time":"2 minut\u0117s"},"schema":{"@context":"https:\/\/schema.org","@graph":[{"@type":"Article","@id":"https:\/\/www.silutesnaujienos.lt\/lt\/europos-kalbu-diena-minejo-sportiskai-meniskai\/#article","isPartOf":{"@id":"https:\/\/www.silutesnaujienos.lt\/lt\/europos-kalbu-diena-minejo-sportiskai-meniskai\/"},"author":{"name":"\u0160ilut\u0117s naujien\u0173 inf.","@id":"https:\/\/www.silutesnaujienos.lt\/lt\/#\/schema\/person\/976440ef837444400af3c77c19c61454"},"headline":"Europos kalb\u0173 dien\u0105 min\u0117jo sporti\u0161kai, meni\u0161kai","datePublished":"2015-10-04T07:00:00+00:00","mainEntityOfPage":{"@id":"https:\/\/www.silutesnaujienos.lt\/lt\/europos-kalbu-diena-minejo-sportiskai-meniskai\/"},"wordCount":317,"commentCount":0,"publisher":{"@id":"https:\/\/www.silutesnaujienos.lt\/lt\/#organization"},"articleSection":["Jaunimo banga"],"inLanguage":"lt-LT","potentialAction":[{"@type":"CommentAction","name":"Comment","target":["https:\/\/www.silutesnaujienos.lt\/lt\/europos-kalbu-diena-minejo-sportiskai-meniskai\/#respond"]}]},{"@type":"WebPage","@id":"https:\/\/www.silutesnaujienos.lt\/lt\/europos-kalbu-diena-minejo-sportiskai-meniskai\/","url":"https:\/\/www.silutesnaujienos.lt\/lt\/europos-kalbu-diena-minejo-sportiskai-meniskai\/","name":"Europos kalb\u0173 dien\u0105 min\u0117jo sporti\u0161kai, meni\u0161kai - \u0160ilut\u0117s naujienos","isPartOf":{"@id":"https:\/\/www.silutesnaujienos.lt\/lt\/#website"},"datePublished":"2015-10-04T07:00:00+00:00","breadcrumb":{"@id":"https:\/\/www.silutesnaujienos.lt\/lt\/europos-kalbu-diena-minejo-sportiskai-meniskai\/#breadcrumb"},"inLanguage":"lt-LT","potentialAction":[{"@type":"ReadAction","target":["https:\/\/www.silutesnaujienos.lt\/lt\/europos-kalbu-diena-minejo-sportiskai-meniskai\/"]}]},{"@type":"BreadcrumbList","@id":"https:\/\/www.silutesnaujienos.lt\/lt\/europos-kalbu-diena-minejo-sportiskai-meniskai\/#breadcrumb","itemListElement":[{"@type":"ListItem","position":1,"name":"Home","item":"https:\/\/www.silutesnaujienos.lt\/lt\/"},{"@type":"ListItem","position":2,"name":"Europos kalb\u0173 dien\u0105 min\u0117jo sporti\u0161kai, meni\u0161kai"}]},{"@type":"WebSite","@id":"https:\/\/www.silutesnaujienos.lt\/lt\/#website","url":"https:\/\/www.silutesnaujienos.lt\/lt\/","name":"\u0160ilut\u0117s naujienos","description":"B\u016bk ant naujien\u0173 bangos!","publisher":{"@id":"https:\/\/www.silutesnaujienos.lt\/lt\/#organization"},"potentialAction":[{"@type":"SearchAction","target":{"@type":"EntryPoint","urlTemplate":"https:\/\/www.silutesnaujienos.lt\/lt\/?s={search_term_string}"},"query-input":{"@type":"PropertyValueSpecification","valueRequired":true,"valueName":"search_term_string"}}],"inLanguage":"lt-LT"},{"@type":"Organization","@id":"https:\/\/www.silutesnaujienos.lt\/lt\/#organization","name":"\u0160ilut\u0117s naujienos","url":"https:\/\/www.silutesnaujienos.lt\/lt\/","logo":{"@type":"ImageObject","inLanguage":"lt-LT","@id":"https:\/\/www.silutesnaujienos.lt\/lt\/#\/schema\/logo\/image\/","url":"https:\/\/www.silutesnaujienos.lt\/lt\/wp-content\/uploads\/2020\/06\/FB_MAIN.jpg","contentUrl":"https:\/\/www.silutesnaujienos.lt\/lt\/wp-content\/uploads\/2020\/06\/FB_MAIN.jpg","width":1700,"height":956,"caption":"\u0160ilut\u0117s naujienos"},"image":{"@id":"https:\/\/www.silutesnaujienos.lt\/lt\/#\/schema\/logo\/image\/"},"sameAs":["https:\/\/www.facebook.com\/silutes.naujienos\/","https:\/\/www.youtube.com\/channel\/UCxW-cgrJDt8GxIMxSTAfJZg"]},{"@type":"Person","@id":"https:\/\/www.silutesnaujienos.lt\/lt\/#\/schema\/person\/976440ef837444400af3c77c19c61454","name":"\u0160ilut\u0117s naujien\u0173 inf.","image":{"@type":"ImageObject","inLanguage":"lt-LT","@id":"https:\/\/www.silutesnaujienos.lt\/lt\/wp-content\/uploads\/2020\/06\/favicon.png","url":"https:\/\/www.silutesnaujienos.lt\/lt\/wp-content\/uploads\/2020\/06\/favicon.png","contentUrl":"https:\/\/www.silutesnaujienos.lt\/lt\/wp-content\/uploads\/2020\/06\/favicon.png","caption":"\u0160ilut\u0117s naujien\u0173 inf."},"url":"https:\/\/www.silutesnaujienos.lt\/lt\/author\/vadas\/"}]}},"publishpress_future_workflow_manual_trigger":{"enabledWorkflows":[]},"amp_enabled":true,"_links":{"self":[{"href":"https:\/\/www.silutesnaujienos.lt\/lt\/wp-json\/wp\/v2\/posts\/19844","targetHints":{"allow":["GET"]}}],"collection":[{"href":"https:\/\/www.silutesnaujienos.lt\/lt\/wp-json\/wp\/v2\/posts"}],"about":[{"href":"https:\/\/www.silutesnaujienos.lt\/lt\/wp-json\/wp\/v2\/types\/post"}],"author":[{"embeddable":true,"href":"https:\/\/www.silutesnaujienos.lt\/lt\/wp-json\/wp\/v2\/users\/2"}],"replies":[{"embeddable":true,"href":"https:\/\/www.silutesnaujienos.lt\/lt\/wp-json\/wp\/v2\/comments?post=19844"}],"version-history":[{"count":0,"href":"https:\/\/www.silutesnaujienos.lt\/lt\/wp-json\/wp\/v2\/posts\/19844\/revisions"}],"wp:attachment":[{"href":"https:\/\/www.silutesnaujienos.lt\/lt\/wp-json\/wp\/v2\/media?parent=19844"}],"wp:term":[{"taxonomy":"category","embeddable":true,"href":"https:\/\/www.silutesnaujienos.lt\/lt\/wp-json\/wp\/v2\/categories?post=19844"},{"taxonomy":"post_tag","embeddable":true,"href":"https:\/\/www.silutesnaujienos.lt\/lt\/wp-json\/wp\/v2\/tags?post=19844"}],"curies":[{"name":"wp","href":"https:\/\/api.w.org\/{rel}","templated":true}]}}