{"id":19853,"date":"2015-10-09T13:00:00","date_gmt":"2015-10-09T15:00:00","guid":{"rendered":"https:\/\/www.silutesnaujienos.lt\/lt\/mokiniu-atostogos-si-rudeni-bus-nuo-spalio-19-dienos\/"},"modified":"2015-10-09T13:00:00","modified_gmt":"2015-10-09T15:00:00","slug":"mokiniu-atostogos-si-rudeni-bus-nuo-spalio-19-dienos","status":"publish","type":"post","link":"https:\/\/www.silutesnaujienos.lt\/lt\/mokiniu-atostogos-si-rudeni-bus-nuo-spalio-19-dienos\/","title":{"rendered":"Mokini\u0173 atostogos \u0161\u012f ruden\u012f bus nuo spalio 19 dienos"},"content":{"rendered":"<p><a target=\"_blank\" rel=\"caption[Asociatyvi confirmeonline.com.br nuotr.] noopener noreferrer\" class=\"jcepopup\" href=\"\/\/silutesnaujienos.lt\/images\/stories\/2015\/SPALIS\/09\/Jaunimas.jpg\" data-rel=\"lightbox-gallery-rgOtt0Zp\" data-rl_title=\"\" data-rl_caption=\"\"><img loading=\"lazy\" decoding=\"async\" style=\"margin: 5px; float: left;\" class=\"caption\" title=\"\" alt=\"Jaunimas\" src=\"\/\/silutesnaujienos.lt\/images\/stories\/2015\/SPALIS\/09\/thumbnails\/thumb_Jaunimas.jpg\" height=\"230\" width=\"307\" \/><\/a><strong>Jau ra\u0161\u0117me apie mokytoj\u0173 ir mokini\u0173 t\u0117v\u0173 i\u0161kelt\u0105 problem\u0105, kad m\u016bs\u0173 rajono mokyklose rudens atostogos suplanuotos ne taip, kaip visoje Lietuvoje, o savaite anks\u010diau &#8211; spalio 19-25 dienomis. Tai, anot pedagog\u0173 ir t\u0117v\u0173, kelia nema\u017eai keblum\u0173 atostogas i\u0161 anksto planuojan\u010dioms \u0161eimoms, pa\u017eeid\u017eia vaik\u0173 interesus bei kenkia pedagog\u0173 savi\u0161vietai &#8211; dauguma respublikini\u0173 seminar\u0173 b\u016btent ir yra rengiami atostog\u0173 metu, kurios visoje Lietuvoje bus nuo spalio 26 dienos.<\/strong><\/p>\n<p>\u0160iemet t\u0117vai reikalavo neankstinti rudens atostog\u0173, kad gal\u0117t\u0173 kartu su vaikais atostogauti, susitikti su kituose rajonuose atostogaujan\u010diais giminai\u010diais.<\/p>\n<p>&#8222;\u0160ilut\u0117s naujienos&#8221; pasidom\u0117jo, ar bus atsi\u017evelgta \u012f t\u0117v\u0173 ir mokytoj\u0173 pageidavim\u0105, ar \u0161iemet \u0160ilut\u0117s rajono mokyklose planuotos rudens atostogos vis d\u0117lto vyks dar vasar\u0105 numatytomis dienomis &#8211; nuo spalio 19-osios?<\/p>\n<p>Kaip informavo \u0160ilut\u0117s rajono savivaldyb\u0117s administracijos \u0160vietimo skyriaus ved\u0117ja Birut\u0117 Tekorien\u0117, \u0161iemet mokini\u0173 atostog\u0173 laikas nesikeis. Beje, jis yra suderintas su kiekvienos \u0161vietimo \u012fstaigos bendruoju ugdymo planu. Kaip bus kit\u0105met, dar neai\u0161ku, galb\u016bt mokiniai atostogaus kaip ir visoje Lietuvoje &#8211; spalio pabaigoje.<\/p>\n<p>Anot B.Tekorien\u0117s, rudens atostogos m\u016bs\u0173 rajone paankstinamos jau ne vienerius metus, nes siekiama ma\u017eiau i\u0161leisti pinig\u0173 mokykl\u0173 \u0161ildymui.<\/p>\n<p>&#8222;Pavyzd\u017eiui, 2013 metais ne\u0161ildydama mokykl\u0173 per rudens mokini\u0173 atostogas Savivaldyb\u0117 sutaup\u0117 apie 13 t\u016bkst. eur\u0173&#8221;, &#8211; sak\u0117 B.Tekorien\u0117.<\/p>\n<p>Anot pa\u0161nekov\u0117s, tai, kad rajone rudens atostogos bus anks\u010diau nei visoje Lietuvoje, tikrai netur\u0117t\u0173 pakenkti pedagogams, nes gausyb\u0117 savi\u0161vietos seminar\u0173 yra rengiama ir \u0160ilut\u0117s rajono pedagog\u0173 \u0161vietimo tarnyboje.<\/p>\n","protected":false},"excerpt":{"rendered":"<p>Jau ra\u0161\u0117me apie mokytoj\u0173 ir mokini\u0173 t\u0117v\u0173 i\u0161kelt\u0105 problem\u0105, kad m\u016bs\u0173 rajono mokyklose rudens atostogos suplanuotos ne taip, kaip visoje Lietuvoje, o savaite anks\u010diau &#8211; spalio 19-25 dienomis. Tai, anot pedagog\u0173 ir t\u0117v\u0173, kelia nema\u017eai keblum\u0173 atostogas i\u0161 anksto planuojan\u010dioms \u0161eimoms, pa\u017eeid\u017eia vaik\u0173 interesus bei kenkia pedagog\u0173 savi\u0161vietai &#8211; dauguma respublikini\u0173 seminar\u0173 b\u016btent ir yra [&hellip;]<\/p>\n","protected":false},"author":2,"featured_media":0,"comment_status":"open","ping_status":"open","sticky":false,"template":"","format":"standard","meta":{"footnotes":""},"categories":[4],"tags":[],"class_list":{"0":"post-19853","1":"post","2":"type-post","3":"status-publish","4":"format-standard","6":"category-jaunimo-banga"},"yoast_head":"<!-- This site is optimized with the Yoast SEO plugin v27.5 - https:\/\/yoast.com\/product\/yoast-seo-wordpress\/ -->\n<title>Mokini\u0173 atostogos \u0161\u012f ruden\u012f bus nuo spalio 19 dienos - \u0160ilut\u0117s naujienos<\/title>\n<meta name=\"robots\" content=\"index, follow, max-snippet:-1, max-image-preview:large, max-video-preview:-1\" \/>\n<link rel=\"canonical\" href=\"https:\/\/www.silutesnaujienos.lt\/lt\/mokiniu-atostogos-si-rudeni-bus-nuo-spalio-19-dienos\/\" \/>\n<meta property=\"og:locale\" content=\"lt_LT\" \/>\n<meta property=\"og:type\" content=\"article\" \/>\n<meta property=\"og:title\" content=\"Mokini\u0173 atostogos \u0161\u012f ruden\u012f bus nuo spalio 19 dienos - \u0160ilut\u0117s naujienos\" \/>\n<meta property=\"og:description\" content=\"Jau ra\u0161\u0117me apie mokytoj\u0173 ir mokini\u0173 t\u0117v\u0173 i\u0161kelt\u0105 problem\u0105, kad m\u016bs\u0173 rajono mokyklose rudens atostogos suplanuotos ne taip, kaip visoje Lietuvoje, o savaite anks\u010diau &#8211; spalio 19-25 dienomis. Tai, anot pedagog\u0173 ir t\u0117v\u0173, kelia nema\u017eai keblum\u0173 atostogas i\u0161 anksto planuojan\u010dioms \u0161eimoms, pa\u017eeid\u017eia vaik\u0173 interesus bei kenkia pedagog\u0173 savi\u0161vietai &#8211; dauguma respublikini\u0173 seminar\u0173 b\u016btent ir yra [&hellip;]\" \/>\n<meta property=\"og:url\" content=\"https:\/\/www.silutesnaujienos.lt\/lt\/mokiniu-atostogos-si-rudeni-bus-nuo-spalio-19-dienos\/\" \/>\n<meta property=\"og:site_name\" content=\"\u0160ilut\u0117s naujienos\" \/>\n<meta property=\"article:publisher\" content=\"https:\/\/www.facebook.com\/silutes.naujienos\/\" \/>\n<meta property=\"article:published_time\" content=\"2015-10-09T15:00:00+00:00\" \/>\n<meta property=\"og:image\" content=\"\/\/silutesnaujienos.lt\/images\/stories\/2015\/SPALIS\/09\/thumbnails\/thumb_Jaunimas.jpg\" \/>\n<meta name=\"author\" content=\"\u0160ilut\u0117s naujien\u0173 inf.\" \/>\n<meta name=\"twitter:card\" content=\"summary_large_image\" \/>\n<meta name=\"twitter:label1\" content=\"Written by\" \/>\n\t<meta name=\"twitter:data1\" content=\"\u0160ilut\u0117s naujien\u0173 inf.\" \/>\n\t<meta name=\"twitter:label2\" content=\"Est. reading time\" \/>\n\t<meta name=\"twitter:data2\" content=\"1 minut\u0117\" \/>\n<script type=\"application\/ld+json\" class=\"yoast-schema-graph\">{\"@context\":\"https:\\\/\\\/schema.org\",\"@graph\":[{\"@type\":\"Article\",\"@id\":\"https:\\\/\\\/www.silutesnaujienos.lt\\\/lt\\\/mokiniu-atostogos-si-rudeni-bus-nuo-spalio-19-dienos\\\/#article\",\"isPartOf\":{\"@id\":\"https:\\\/\\\/www.silutesnaujienos.lt\\\/lt\\\/mokiniu-atostogos-si-rudeni-bus-nuo-spalio-19-dienos\\\/\"},\"author\":{\"name\":\"\u0160ilut\u0117s naujien\u0173 inf.\",\"@id\":\"https:\\\/\\\/www.silutesnaujienos.lt\\\/lt\\\/#\\\/schema\\\/person\\\/976440ef837444400af3c77c19c61454\"},\"headline\":\"Mokini\u0173 atostogos \u0161\u012f ruden\u012f bus nuo spalio 19 dienos\",\"datePublished\":\"2015-10-09T15:00:00+00:00\",\"mainEntityOfPage\":{\"@id\":\"https:\\\/\\\/www.silutesnaujienos.lt\\\/lt\\\/mokiniu-atostogos-si-rudeni-bus-nuo-spalio-19-dienos\\\/\"},\"wordCount\":266,\"commentCount\":0,\"publisher\":{\"@id\":\"https:\\\/\\\/www.silutesnaujienos.lt\\\/lt\\\/#organization\"},\"articleSection\":[\"Jaunimo banga\"],\"inLanguage\":\"lt-LT\",\"potentialAction\":[{\"@type\":\"CommentAction\",\"name\":\"Comment\",\"target\":[\"https:\\\/\\\/www.silutesnaujienos.lt\\\/lt\\\/mokiniu-atostogos-si-rudeni-bus-nuo-spalio-19-dienos\\\/#respond\"]}]},{\"@type\":\"WebPage\",\"@id\":\"https:\\\/\\\/www.silutesnaujienos.lt\\\/lt\\\/mokiniu-atostogos-si-rudeni-bus-nuo-spalio-19-dienos\\\/\",\"url\":\"https:\\\/\\\/www.silutesnaujienos.lt\\\/lt\\\/mokiniu-atostogos-si-rudeni-bus-nuo-spalio-19-dienos\\\/\",\"name\":\"Mokini\u0173 atostogos \u0161\u012f ruden\u012f bus nuo spalio 19 dienos - \u0160ilut\u0117s naujienos\",\"isPartOf\":{\"@id\":\"https:\\\/\\\/www.silutesnaujienos.lt\\\/lt\\\/#website\"},\"datePublished\":\"2015-10-09T15:00:00+00:00\",\"breadcrumb\":{\"@id\":\"https:\\\/\\\/www.silutesnaujienos.lt\\\/lt\\\/mokiniu-atostogos-si-rudeni-bus-nuo-spalio-19-dienos\\\/#breadcrumb\"},\"inLanguage\":\"lt-LT\",\"potentialAction\":[{\"@type\":\"ReadAction\",\"target\":[\"https:\\\/\\\/www.silutesnaujienos.lt\\\/lt\\\/mokiniu-atostogos-si-rudeni-bus-nuo-spalio-19-dienos\\\/\"]}]},{\"@type\":\"BreadcrumbList\",\"@id\":\"https:\\\/\\\/www.silutesnaujienos.lt\\\/lt\\\/mokiniu-atostogos-si-rudeni-bus-nuo-spalio-19-dienos\\\/#breadcrumb\",\"itemListElement\":[{\"@type\":\"ListItem\",\"position\":1,\"name\":\"Home\",\"item\":\"https:\\\/\\\/www.silutesnaujienos.lt\\\/lt\\\/\"},{\"@type\":\"ListItem\",\"position\":2,\"name\":\"Mokini\u0173 atostogos \u0161\u012f ruden\u012f bus nuo spalio 19 dienos\"}]},{\"@type\":\"WebSite\",\"@id\":\"https:\\\/\\\/www.silutesnaujienos.lt\\\/lt\\\/#website\",\"url\":\"https:\\\/\\\/www.silutesnaujienos.lt\\\/lt\\\/\",\"name\":\"\u0160ilut\u0117s naujienos\",\"description\":\"B\u016bk ant naujien\u0173 bangos!\",\"publisher\":{\"@id\":\"https:\\\/\\\/www.silutesnaujienos.lt\\\/lt\\\/#organization\"},\"potentialAction\":[{\"@type\":\"SearchAction\",\"target\":{\"@type\":\"EntryPoint\",\"urlTemplate\":\"https:\\\/\\\/www.silutesnaujienos.lt\\\/lt\\\/?s={search_term_string}\"},\"query-input\":{\"@type\":\"PropertyValueSpecification\",\"valueRequired\":true,\"valueName\":\"search_term_string\"}}],\"inLanguage\":\"lt-LT\"},{\"@type\":\"Organization\",\"@id\":\"https:\\\/\\\/www.silutesnaujienos.lt\\\/lt\\\/#organization\",\"name\":\"\u0160ilut\u0117s naujienos\",\"url\":\"https:\\\/\\\/www.silutesnaujienos.lt\\\/lt\\\/\",\"logo\":{\"@type\":\"ImageObject\",\"inLanguage\":\"lt-LT\",\"@id\":\"https:\\\/\\\/www.silutesnaujienos.lt\\\/lt\\\/#\\\/schema\\\/logo\\\/image\\\/\",\"url\":\"https:\\\/\\\/www.silutesnaujienos.lt\\\/lt\\\/wp-content\\\/uploads\\\/2020\\\/06\\\/FB_MAIN.jpg\",\"contentUrl\":\"https:\\\/\\\/www.silutesnaujienos.lt\\\/lt\\\/wp-content\\\/uploads\\\/2020\\\/06\\\/FB_MAIN.jpg\",\"width\":1700,\"height\":956,\"caption\":\"\u0160ilut\u0117s naujienos\"},\"image\":{\"@id\":\"https:\\\/\\\/www.silutesnaujienos.lt\\\/lt\\\/#\\\/schema\\\/logo\\\/image\\\/\"},\"sameAs\":[\"https:\\\/\\\/www.facebook.com\\\/silutes.naujienos\\\/\",\"https:\\\/\\\/www.youtube.com\\\/channel\\\/UCxW-cgrJDt8GxIMxSTAfJZg\"]},{\"@type\":\"Person\",\"@id\":\"https:\\\/\\\/www.silutesnaujienos.lt\\\/lt\\\/#\\\/schema\\\/person\\\/976440ef837444400af3c77c19c61454\",\"name\":\"\u0160ilut\u0117s naujien\u0173 inf.\",\"image\":{\"@type\":\"ImageObject\",\"inLanguage\":\"lt-LT\",\"@id\":\"https:\\\/\\\/www.silutesnaujienos.lt\\\/lt\\\/wp-content\\\/uploads\\\/2020\\\/06\\\/favicon.png\",\"url\":\"https:\\\/\\\/www.silutesnaujienos.lt\\\/lt\\\/wp-content\\\/uploads\\\/2020\\\/06\\\/favicon.png\",\"contentUrl\":\"https:\\\/\\\/www.silutesnaujienos.lt\\\/lt\\\/wp-content\\\/uploads\\\/2020\\\/06\\\/favicon.png\",\"caption\":\"\u0160ilut\u0117s naujien\u0173 inf.\"},\"url\":\"https:\\\/\\\/www.silutesnaujienos.lt\\\/lt\\\/author\\\/vadas\\\/\"}]}<\/script>\n<!-- \/ Yoast SEO plugin. -->","yoast_head_json":{"title":"Mokini\u0173 atostogos \u0161\u012f ruden\u012f bus nuo spalio 19 dienos - \u0160ilut\u0117s naujienos","robots":{"index":"index","follow":"follow","max-snippet":"max-snippet:-1","max-image-preview":"max-image-preview:large","max-video-preview":"max-video-preview:-1"},"canonical":"https:\/\/www.silutesnaujienos.lt\/lt\/mokiniu-atostogos-si-rudeni-bus-nuo-spalio-19-dienos\/","og_locale":"lt_LT","og_type":"article","og_title":"Mokini\u0173 atostogos \u0161\u012f ruden\u012f bus nuo spalio 19 dienos - \u0160ilut\u0117s naujienos","og_description":"Jau ra\u0161\u0117me apie mokytoj\u0173 ir mokini\u0173 t\u0117v\u0173 i\u0161kelt\u0105 problem\u0105, kad m\u016bs\u0173 rajono mokyklose rudens atostogos suplanuotos ne taip, kaip visoje Lietuvoje, o savaite anks\u010diau &#8211; spalio 19-25 dienomis. Tai, anot pedagog\u0173 ir t\u0117v\u0173, kelia nema\u017eai keblum\u0173 atostogas i\u0161 anksto planuojan\u010dioms \u0161eimoms, pa\u017eeid\u017eia vaik\u0173 interesus bei kenkia pedagog\u0173 savi\u0161vietai &#8211; dauguma respublikini\u0173 seminar\u0173 b\u016btent ir yra [&hellip;]","og_url":"https:\/\/www.silutesnaujienos.lt\/lt\/mokiniu-atostogos-si-rudeni-bus-nuo-spalio-19-dienos\/","og_site_name":"\u0160ilut\u0117s naujienos","article_publisher":"https:\/\/www.facebook.com\/silutes.naujienos\/","article_published_time":"2015-10-09T15:00:00+00:00","og_image":[{"url":"\/\/silutesnaujienos.lt\/images\/stories\/2015\/SPALIS\/09\/thumbnails\/thumb_Jaunimas.jpg","type":"","width":"","height":""}],"author":"\u0160ilut\u0117s naujien\u0173 inf.","twitter_card":"summary_large_image","twitter_misc":{"Written by":"\u0160ilut\u0117s naujien\u0173 inf.","Est. reading time":"1 minut\u0117"},"schema":{"@context":"https:\/\/schema.org","@graph":[{"@type":"Article","@id":"https:\/\/www.silutesnaujienos.lt\/lt\/mokiniu-atostogos-si-rudeni-bus-nuo-spalio-19-dienos\/#article","isPartOf":{"@id":"https:\/\/www.silutesnaujienos.lt\/lt\/mokiniu-atostogos-si-rudeni-bus-nuo-spalio-19-dienos\/"},"author":{"name":"\u0160ilut\u0117s naujien\u0173 inf.","@id":"https:\/\/www.silutesnaujienos.lt\/lt\/#\/schema\/person\/976440ef837444400af3c77c19c61454"},"headline":"Mokini\u0173 atostogos \u0161\u012f ruden\u012f bus nuo spalio 19 dienos","datePublished":"2015-10-09T15:00:00+00:00","mainEntityOfPage":{"@id":"https:\/\/www.silutesnaujienos.lt\/lt\/mokiniu-atostogos-si-rudeni-bus-nuo-spalio-19-dienos\/"},"wordCount":266,"commentCount":0,"publisher":{"@id":"https:\/\/www.silutesnaujienos.lt\/lt\/#organization"},"articleSection":["Jaunimo banga"],"inLanguage":"lt-LT","potentialAction":[{"@type":"CommentAction","name":"Comment","target":["https:\/\/www.silutesnaujienos.lt\/lt\/mokiniu-atostogos-si-rudeni-bus-nuo-spalio-19-dienos\/#respond"]}]},{"@type":"WebPage","@id":"https:\/\/www.silutesnaujienos.lt\/lt\/mokiniu-atostogos-si-rudeni-bus-nuo-spalio-19-dienos\/","url":"https:\/\/www.silutesnaujienos.lt\/lt\/mokiniu-atostogos-si-rudeni-bus-nuo-spalio-19-dienos\/","name":"Mokini\u0173 atostogos \u0161\u012f ruden\u012f bus nuo spalio 19 dienos - \u0160ilut\u0117s naujienos","isPartOf":{"@id":"https:\/\/www.silutesnaujienos.lt\/lt\/#website"},"datePublished":"2015-10-09T15:00:00+00:00","breadcrumb":{"@id":"https:\/\/www.silutesnaujienos.lt\/lt\/mokiniu-atostogos-si-rudeni-bus-nuo-spalio-19-dienos\/#breadcrumb"},"inLanguage":"lt-LT","potentialAction":[{"@type":"ReadAction","target":["https:\/\/www.silutesnaujienos.lt\/lt\/mokiniu-atostogos-si-rudeni-bus-nuo-spalio-19-dienos\/"]}]},{"@type":"BreadcrumbList","@id":"https:\/\/www.silutesnaujienos.lt\/lt\/mokiniu-atostogos-si-rudeni-bus-nuo-spalio-19-dienos\/#breadcrumb","itemListElement":[{"@type":"ListItem","position":1,"name":"Home","item":"https:\/\/www.silutesnaujienos.lt\/lt\/"},{"@type":"ListItem","position":2,"name":"Mokini\u0173 atostogos \u0161\u012f ruden\u012f bus nuo spalio 19 dienos"}]},{"@type":"WebSite","@id":"https:\/\/www.silutesnaujienos.lt\/lt\/#website","url":"https:\/\/www.silutesnaujienos.lt\/lt\/","name":"\u0160ilut\u0117s naujienos","description":"B\u016bk ant naujien\u0173 bangos!","publisher":{"@id":"https:\/\/www.silutesnaujienos.lt\/lt\/#organization"},"potentialAction":[{"@type":"SearchAction","target":{"@type":"EntryPoint","urlTemplate":"https:\/\/www.silutesnaujienos.lt\/lt\/?s={search_term_string}"},"query-input":{"@type":"PropertyValueSpecification","valueRequired":true,"valueName":"search_term_string"}}],"inLanguage":"lt-LT"},{"@type":"Organization","@id":"https:\/\/www.silutesnaujienos.lt\/lt\/#organization","name":"\u0160ilut\u0117s naujienos","url":"https:\/\/www.silutesnaujienos.lt\/lt\/","logo":{"@type":"ImageObject","inLanguage":"lt-LT","@id":"https:\/\/www.silutesnaujienos.lt\/lt\/#\/schema\/logo\/image\/","url":"https:\/\/www.silutesnaujienos.lt\/lt\/wp-content\/uploads\/2020\/06\/FB_MAIN.jpg","contentUrl":"https:\/\/www.silutesnaujienos.lt\/lt\/wp-content\/uploads\/2020\/06\/FB_MAIN.jpg","width":1700,"height":956,"caption":"\u0160ilut\u0117s naujienos"},"image":{"@id":"https:\/\/www.silutesnaujienos.lt\/lt\/#\/schema\/logo\/image\/"},"sameAs":["https:\/\/www.facebook.com\/silutes.naujienos\/","https:\/\/www.youtube.com\/channel\/UCxW-cgrJDt8GxIMxSTAfJZg"]},{"@type":"Person","@id":"https:\/\/www.silutesnaujienos.lt\/lt\/#\/schema\/person\/976440ef837444400af3c77c19c61454","name":"\u0160ilut\u0117s naujien\u0173 inf.","image":{"@type":"ImageObject","inLanguage":"lt-LT","@id":"https:\/\/www.silutesnaujienos.lt\/lt\/wp-content\/uploads\/2020\/06\/favicon.png","url":"https:\/\/www.silutesnaujienos.lt\/lt\/wp-content\/uploads\/2020\/06\/favicon.png","contentUrl":"https:\/\/www.silutesnaujienos.lt\/lt\/wp-content\/uploads\/2020\/06\/favicon.png","caption":"\u0160ilut\u0117s naujien\u0173 inf."},"url":"https:\/\/www.silutesnaujienos.lt\/lt\/author\/vadas\/"}]}},"publishpress_future_workflow_manual_trigger":{"enabledWorkflows":[]},"amp_enabled":true,"_links":{"self":[{"href":"https:\/\/www.silutesnaujienos.lt\/lt\/wp-json\/wp\/v2\/posts\/19853","targetHints":{"allow":["GET"]}}],"collection":[{"href":"https:\/\/www.silutesnaujienos.lt\/lt\/wp-json\/wp\/v2\/posts"}],"about":[{"href":"https:\/\/www.silutesnaujienos.lt\/lt\/wp-json\/wp\/v2\/types\/post"}],"author":[{"embeddable":true,"href":"https:\/\/www.silutesnaujienos.lt\/lt\/wp-json\/wp\/v2\/users\/2"}],"replies":[{"embeddable":true,"href":"https:\/\/www.silutesnaujienos.lt\/lt\/wp-json\/wp\/v2\/comments?post=19853"}],"version-history":[{"count":0,"href":"https:\/\/www.silutesnaujienos.lt\/lt\/wp-json\/wp\/v2\/posts\/19853\/revisions"}],"wp:attachment":[{"href":"https:\/\/www.silutesnaujienos.lt\/lt\/wp-json\/wp\/v2\/media?parent=19853"}],"wp:term":[{"taxonomy":"category","embeddable":true,"href":"https:\/\/www.silutesnaujienos.lt\/lt\/wp-json\/wp\/v2\/categories?post=19853"},{"taxonomy":"post_tag","embeddable":true,"href":"https:\/\/www.silutesnaujienos.lt\/lt\/wp-json\/wp\/v2\/tags?post=19853"}],"curies":[{"name":"wp","href":"https:\/\/api.w.org\/{rel}","templated":true}]}}