{"id":20181,"date":"2017-06-06T15:00:00","date_gmt":"2017-06-06T17:00:00","guid":{"rendered":"https:\/\/www.silutesnaujienos.lt\/lt\/40-meti-svenciantys-puseles-vaikai-palinkejo-sau-daug-dovanu-balionu-ir-geru-svenciu\/"},"modified":"2017-06-06T15:00:00","modified_gmt":"2017-06-06T17:00:00","slug":"40-meti-svenciantys-puseles-vaikai-palinkejo-sau-daug-dovanu-balionu-ir-geru-svenciu","status":"publish","type":"post","link":"https:\/\/www.silutesnaujienos.lt\/lt\/40-meti-svenciantys-puseles-vaikai-palinkejo-sau-daug-dovanu-balionu-ir-geru-svenciu\/","title":{"rendered":"40-met\u012f \u0161ven\u010diantys \u201ePu\u0161el\u0117s\u201c vaikai palink\u0117jo sau daug dovan\u0173, balion\u0173 ir ger\u0173 \u0161ven\u010di\u0173"},"content":{"rendered":"<p><a href=\"\/\/silutesnaujienos.lt\/images\/stories\/2017\/06\/02\/pusele_aukuras.jpg\" class=\"jcepopup\" rel=\"caption[Lop\u0161elio - dar\u017eelio \u201ePu\u0161el\u0117\u201c 40-me\u010dio \u0161vent\u0117s aukur\u0105 u\u017edeg\u0117 nuo pat \u012fk\u016brimo dirban\u010dios aukl\u0117tojos B.Bruneikien\u0117 ir V.Urbonien\u0117.] noopener noreferrer\" target=\"_blank\" data-rel=\"lightbox-gallery-QJZlVjn7\" data-rl_title=\"\" data-rl_caption=\"\"><img loading=\"lazy\" decoding=\"async\" src=\"\/\/silutesnaujienos.lt\/images\/stories\/2017\/06\/02\/thumbnails\/thumb_pusele_aukuras.jpg\" alt=\"pusele aukuras\" title=\"\" class=\"caption\" style=\"margin: 5px; float: left;\" height=\"230\" width=\"307\" \/><\/a><strong>Ne\u012ftik\u0117tinai spalvinga, linksma ir triuk\u0161minga pra\u0117jusio penktadienio popiet\u0119 buvo erdviame \u0160ilut\u0117s vaik\u0173 dar\u017eelio &#8211; lop\u0161elio \u201ePu\u0161el\u0117\u201c kieme &#8211; bendruomen\u0117 \u0161vent\u0117 \u012fstaigos 40-\u0105j\u0105 gimtadien\u012f.<br \/><\/strong><br \/><strong>Tiesiog pievoje pasities\u0119 pledus ma\u017eieji \u201e\u010ciau\u0161ku\u010diai\u201c, \u201eGudru\u010diai\u201c, \u201ePabiru\u010diai\u201c, \u201eBi\u010diuliai\u201c ir kitokiais vardais pasivadin\u0119 \u0161io dar\u017eelio ugdytiniai su savo pedagog\u0117mis sutiko sve\u010dius, rod\u0117 jiems, ko i\u0161mok\u0119, dainavo ir \u0161oko. Sve\u010diai i\u0161 \u0160ilut\u0117s rajono savivaldyb\u0117s link\u0117jo \u012fstaigai tolesn\u0117s s\u0117kmingos pl\u0117tros, o patys ma\u017eieji irgi rado, ko sau palink\u0117ti: \u201eDaug dovan\u0173, balioni\u0173 ir ger\u0173 \u0161ven\u010di\u0173\u201c, &#8211; ai\u0161kiai savo ir draug\u0173 pageidavimus i\u0161d\u0117st\u0117 Dorot\u0117ja ir Arielis, su aukl\u0117toja Danguole prad\u0117j\u0119 \u0161ventin\u012f rengin\u012f.<\/strong><strong><br \/><\/strong><br \/><strong>Moko pa\u017einti tradicijas<\/strong><a href=\"\/\/silutesnaujienos.lt\/images\/stories\/2017\/06\/02\/pusele_vaikai.jpg\" class=\"jcepopup\" rel=\"caption[Ant pievel\u0117s sus\u0117d\u0119 ma\u017eieji \u201eBi\u010diuliai\u201c lauk\u0117 savo eil\u0117s parodyti, ko i\u0161mok\u0119.] noopener noreferrer\" target=\"_blank\" data-rel=\"lightbox-gallery-QJZlVjn7\" data-rl_title=\"\" data-rl_caption=\"\"><img loading=\"lazy\" decoding=\"async\" src=\"\/\/silutesnaujienos.lt\/images\/stories\/2017\/06\/02\/thumbnails\/thumb_pusele_vaikai.jpg\" alt=\"pusele vaikai\" title=\"\" class=\"caption\" style=\"margin: 5px; float: right;\" height=\"230\" width=\"307\" \/><\/a><strong><br \/><\/strong><br \/>Beveik visus keturis de\u0161imtme\u010dius \u012fstaigai vadovaujanti direktor\u0117 Virginija \u010c\u0117snien\u0117 visiems primin\u0117 1977-uosius, kai netoli \u0160ilut\u0117s gele\u017einkelio stoties duris atv\u0117r\u0117 dar vienas vaik\u0173 dar\u017eelis &#8211; \u201ePu\u0161el\u0117\u201c. 1993-aisiais jis, kaip ir daugelis to meto ikimokyklinio ugdymo \u012fstaig\u0173, buvo reorganizuotas \u012f dar\u017eel\u012f &#8211; mokykl\u0105, o po de\u0161imtme\u010dio v\u0117l tapo lop\u0161eliu &#8211; dar\u017eeliu.<\/p>\n<p>\u0160iuo metu \u012fstaigoje veikia 9 grup\u0117s, jas lanko 170 vaik\u0173, su kuriais dirba 17 pedagog\u0173 ir 23 aptarnaujan\u010diojo personalo darbuotojai.<\/p>\n<p>\u201ePu\u0161el\u0117s\u201c pedagog\u0117s seniai pasirinko etnokult\u016brinio ugdymo krypt\u012f. Prie\u0161 25 metus suburtas dainuojan\u010di\u0173 ir \u0161okan\u010di\u0173 vaik\u0173 ir pedagogi\u0173 folkloro ansamblis \u201e\u017duvininkai\u201c \u017einomas ir u\u017e m\u016bs\u0173 rajono rib\u0173. Klaip\u0117dos kra\u0161to tautinius r\u016bbus \u012fsigij\u0119s ir Pamario kra\u0161tui b\u016bding\u0105 kult\u016brin\u0119 program\u0105 pareng\u0119s ansamblis \u0160ilut\u0117s rajon\u0105 reprezentuoja ir daugelyje kit\u0173 miest\u0173 rengini\u0173.<\/p>\n<p><a href=\"\/\/silutesnaujienos.lt\/images\/stories\/2017\/06\/02\/pusele_vaikai2jpg.jpg\" class=\"jcepopup\" rel=\"caption[Saul\u0117s atokaitoje \u012fsik\u016br\u0119 \u201ePabiru\u010di\u0173\u201c grup\u0117s ma\u017eyliai ragavo sald\u0173 med\u0173.] noopener noreferrer\" target=\"_blank\" data-rel=\"lightbox-gallery-QJZlVjn7\" data-rl_title=\"\" data-rl_caption=\"\"><img loading=\"lazy\" decoding=\"async\" src=\"\/\/silutesnaujienos.lt\/images\/stories\/2017\/06\/02\/thumbnails\/thumb_pusele_vaikai2jpg.jpg\" alt=\"pusele vaikai2jpg\" title=\"\" class=\"caption\" style=\"margin: 5px; float: left;\" height=\"230\" width=\"307\" \/><\/a>\u201ePu\u0161el\u0117je\u201c, pasak direktor\u0117s, vaikai mokomi pa\u017einti ir perimti Ma\u017eosios Lietuvos tautin\u0117s kult\u016bros tradicijas, etnin\u0117s kult\u016bros temos integruojamos \u012f vaik\u0173 menin\u0119, pa\u017eintin\u0119 ir darbin\u0119 veikl\u0105. O tam, kad ma\u017eieji \u0160ilut\u0117s pilie\u010diai geriau pa\u017eint\u0173 kra\u0161to architekt\u016bros, gamtos, istorijos ir kult\u016bros paminklus, organizuojamos \u012fvairios ekskursijos.<\/p>\n<p>Naudojant lietuvi\u0173 liaudies meno akcentus puo\u0161iamas ir \u0161ios \u012fstaigos interjeras, lauko aplinka.<\/p>\n<p><strong>Pasirodo ir tarptautiniuose renginiuose&nbsp;<\/strong> <\/p>\n<p>Erdvi \u201ePu\u0161el\u0117s\u201c teritorija i\u0161skirtin\u0117 tuo, kad \u010dia ne tik reljefas labai skiriasi nuo kit\u0173 dar\u017eelinuk\u0173 ugdymo \u012fstaig\u0173 &#8211; jis ypatingai kalvotas. Bet jame gausu \u012frengini\u0173 i\u0161 med\u017eio, kuriuos jau daug met\u0173 \u012fstaigai dovanoja \u0160ilut\u0117s ur\u0117dija. Teritorijoje yra ir ma\u017eojo krep\u0161inio bei ma\u017eojo futbolo aik\u0161tel\u0117s, \u201eSveikatos takas\u201c &#8211; medini\u0173 laipiojimo \u012frengini\u0173 kompleksas, dvira\u010di\u0173 trekas, o \u012fstaigoje &#8211; choreografijos ir sporto sal\u0117s. Grupi\u0173 sporto kampeliuose irgi gausu aktyviai jud\u0117ti skatinan\u010di\u0173 priemoni\u0173.<\/p>\n<p>Ugdymo procese \u201ePu\u0161el\u0117s\u201c pedagog\u0117s taiko ir Valdorfo pedagogikos elementus, \u010dia stengiamasi dirbti ir sprendimus priimti ne \u201ed\u0117l\u201c vaik\u0173, bet \u201esu\u201c vaikais, t.y., \u012fsiklausant \u012f j\u0173 nuomon\u0119.<\/p>\n<p>Dar\u017eelyje veikia ir nemiegan\u010di\u0173 piet\u0173 miego vaik\u0173 kambar\u0117lis, kuriame laik\u0105 leid\u017eia tie, kas nenori miego.<\/p>\n<p>\u201ePu\u0161el\u0117s\u201c ugdytiniai jau daug met\u0173 s\u0117kmingai pasirodo daugelyje tarptautini\u0173, \u0161alies ir rajono rengini\u0173, parod\u0173 ir konkurs\u0173, folkloro \u0161vent\u0117se, sporto var\u017eytuv\u0117se. \u0160iemet jie tapo ikimokyklinio ugdymo \u012fstaig\u0173 projekto \u201eLietuvos ma\u017e\u0173j\u0173 \u017eaidyn\u0117s 2017\u201c rajoninio ir regioninio etapo nugal\u0117tojais ir finalini\u0173 \u017eaidyni\u0173 festivalio finalininkais.<\/p>\n<p><strong>Aukur\u0105 u\u017edeg\u0117 veteran\u0117s<\/strong><a href=\"\/\/silutesnaujienos.lt\/images\/stories\/2017\/06\/02\/pusele_vaikai1jpg.jpg\" class=\"jcepopup\" rel=\"caption[\u201e\u010ciau\u0161ku\u010diai\u201c virto spalvingomis boru\u017e\u0117l\u0117mis.] noopener noreferrer\" target=\"_blank\" data-rel=\"lightbox-gallery-QJZlVjn7\" data-rl_title=\"\" data-rl_caption=\"\"><img loading=\"lazy\" decoding=\"async\" src=\"\/\/silutesnaujienos.lt\/images\/stories\/2017\/06\/02\/thumbnails\/thumb_pusele_vaikai1jpg.jpg\" alt=\"pusele vaikai1jpg\" title=\"\" class=\"caption\" style=\"margin: 5px; float: right;\" height=\"230\" width=\"307\" \/><\/a><\/p>\n<p>Dar\u017eelyje vis\u0105 jubiliejin\u0119 savait\u0119 buvo gausu rengini\u0173. Buvo i\u0161vyk\u0173 po miest\u0105, sporto var\u017eyb\u0173, linksm\u0173 estafe\u010di\u0173 ir judri\u0173 liaudi\u0161k\u0173 \u017eaidim\u0173, atvyko sve\u010di\u0173 i\u0161 kit\u0173 ikimokyklinio ugdymo \u012fstaig\u0173.<\/p>\n<p>O penktadienio gegu\u017ein\u0117je \u201ePab\u016bkime kartu\u201c visa bendruomen\u0117 sve\u010dius \u017eav\u0117jo k\u016brybi\u0161kumu. Viena kit\u0105 keit\u0117 i\u0161radingai pasipuo\u0161usi\u0173 ma\u017e\u0173j\u0173 grup\u0117s, demonstruodamos, kiek daineli\u0173 ir \u017eaidim\u0173 jau i\u0161moko. Spalvingumu savo aukl\u0117tiniams nenusileido ir aukl\u0117tojos: \u201eTai \u0161tai kod\u0117l tos aukl\u0117tojos tokios gra\u017eios &#8211; su skryb\u0117l\u0117mis\u201c, &#8211; komentavo tarpusavyje \u012fkaln\u0117je sus\u0117d\u0119 ma\u017eieji.<\/p>\n<p>U\u017edegti \u0161vent\u0117s aukur\u0105 patik\u0117ta nuo pat atidarymo \u201ePu\u0161el\u0117je\u201c dirban\u010dioms Birutei Bruneikienei ir Vidai Urbonienei, joms \u012fteiktos ir g\u0117li\u0173 puok\u0161t\u0117s.<\/p>\n<p>Direktor\u0117s V.\u010c\u0117snien\u0117s ir Savivaldyb\u0117s \u0160vietimo skyriaus pad\u0117kos ra\u0161tai \u012fteikti darb\u0105 jau paliekan\u010dioms Ramunei Klymantienei bei Janinai Rudienei, u\u017e puik\u0173 vaik\u0173 parengim\u0105 respublikiniam vaik\u0173 ir moksleivi\u0173 konkursui \u201eTramtatulis\u201c pad\u0117kota aukl\u0117tojai Irenai \u017d\u0117kienei.<\/p>\n<p>V.\u010c\u0117snien\u0117 d\u0117kojo visoms kolektyvo nar\u0117ms u\u017e s\u0105\u017einingai atliekam\u0105 darb\u0105, t\u0117veliams &#8211; u\u017e pasitik\u0117jim\u0105 ir vertinim\u0105, o vaikams &#8211; u\u017e tai, kad pa\u010dios darbuotojos su jais kasdien patiria atradimo d\u017eiaugsm\u0105.<\/p>\n<p><span style=\"color: #008000;\"><strong><a href=\"%C5%A0iandien%20laikra%C5%A1tyje%20skaitykite:%20Kaip%20gal%C4%97t%C5%B3%20atrodyti%20ateities%20%C5%A0ilokar%C4%8Demos%20kvartalas?%20Aplinkos%20ministras%20su%20svita%20suerzino%20turizmo%20verslininkus.%20Gele%C5%BEinkelis:%20vieta,%20kuri%20baud%C5%BEia%20neatsargiuosius.%20%C5%BDemai%C4%8Di%C5%B3%20Naumies%C4%8Dio%20Sekmines%20%C5%A1iemet%20pagadino%20%E2%80%9Evalanda%20deguto%E2%80%9C.%20Nuo%20bir%C5%BEelio%20neliks%20centralizuotos%20%C5%A1ilumos%20ir%20kar%C5%A1to%20vandens%20lengvat%C5%B3.%20Jaunimo%20ir%20suaugusi%C5%B3j%C5%B3%20mokymo%20centrui%20vadovaus%20M.Surplys.%20Gamt%C4%85%20fotografuojantis%20%C5%A1iluti%C5%A1kis:%20%E2%80%9ENuotraukos%20-%20dalis%20prisiminim%C5%B3,%20kuriuos%20gali%20pamatyti%20realiai%E2%80%9C.%202017%20met%C5%B3%20Pamario%20ilgakase%20tapo%20ilgaplauk%C4%97%20i%C5%A1%20Garg%C5%BEd%C5%B3.%20Su%20priedu%20%E2%80%9ESveikatos%20%C5%A1altinis%E2%80%9C.\"><span style=\"color: #008000;\">Daugiau nuotrauk\u0173 \u201eFacebook\u201c albume.<\/span><\/a><\/strong><\/span><\/p>\n<p><span style=\"color: #008000;\"><strong><a href=\"%C5%A0iandien%20laikra%C5%A1tyje%20skaitykite:%20Kaip%20gal%C4%97t%C5%B3%20atrodyti%20ateities%20%C5%A0ilokar%C4%8Demos%20kvartalas?%20Aplinkos%20ministras%20su%20svita%20suerzino%20turizmo%20verslininkus.%20Gele%C5%BEinkelis:%20vieta,%20kuri%20baud%C5%BEia%20neatsargiuosius.%20%C5%BDemai%C4%8Di%C5%B3%20Naumies%C4%8Dio%20Sekmines%20%C5%A1iemet%20pagadino%20%E2%80%9Evalanda%20deguto%E2%80%9C.%20Nuo%20bir%C5%BEelio%20neliks%20centralizuotos%20%C5%A1ilumos%20ir%20kar%C5%A1to%20vandens%20lengvat%C5%B3.%20Jaunimo%20ir%20suaugusi%C5%B3j%C5%B3%20mokymo%20centrui%20vadovaus%20M.Surplys.%20Gamt%C4%85%20fotografuojantis%20%C5%A1iluti%C5%A1kis:%20%E2%80%9ENuotraukos%20-%20dalis%20prisiminim%C5%B3,%20kuriuos%20gali%20pamatyti%20realiai%E2%80%9C.%202017%20met%C5%B3%20Pamario%20ilgakase%20tapo%20ilgaplauk%C4%97%20i%C5%A1%20Garg%C5%BEd%C5%B3.%20Su%20priedu%20%E2%80%9ESveikatos%20%C5%A1altinis%E2%80%9C.\"><span style=\"color: #008000;\"><\/span><\/a><\/strong><\/span><img decoding=\"async\" src=\"\/\/silutesnaujienos.lt\/images\/stories\/LOGO\/jaunimo banga spaudos remimo fondo.jpg\" alt=\"\" \/><\/p>\n","protected":false},"excerpt":{"rendered":"<p>Ne\u012ftik\u0117tinai spalvinga, linksma ir triuk\u0161minga pra\u0117jusio penktadienio popiet\u0119 buvo erdviame \u0160ilut\u0117s vaik\u0173 dar\u017eelio &#8211; lop\u0161elio \u201ePu\u0161el\u0117\u201c kieme &#8211; bendruomen\u0117 \u0161vent\u0117 \u012fstaigos 40-\u0105j\u0105 gimtadien\u012f.Tiesiog pievoje pasities\u0119 pledus ma\u017eieji \u201e\u010ciau\u0161ku\u010diai\u201c, \u201eGudru\u010diai\u201c, \u201ePabiru\u010diai\u201c, \u201eBi\u010diuliai\u201c ir kitokiais vardais pasivadin\u0119 \u0161io dar\u017eelio ugdytiniai su savo pedagog\u0117mis sutiko sve\u010dius, rod\u0117 jiems, ko i\u0161mok\u0119, dainavo ir \u0161oko. Sve\u010diai i\u0161 \u0160ilut\u0117s rajono savivaldyb\u0117s [&hellip;]<\/p>\n","protected":false},"author":2,"featured_media":0,"comment_status":"open","ping_status":"open","sticky":false,"template":"","format":"standard","meta":{"footnotes":""},"categories":[4],"tags":[],"class_list":{"0":"post-20181","1":"post","2":"type-post","3":"status-publish","4":"format-standard","6":"category-jaunimo-banga"},"yoast_head":"<!-- This site is optimized with the Yoast SEO plugin v27.5 - https:\/\/yoast.com\/product\/yoast-seo-wordpress\/ -->\n<title>40-met\u012f \u0161ven\u010diantys \u201ePu\u0161el\u0117s\u201c vaikai palink\u0117jo sau daug dovan\u0173, balion\u0173 ir ger\u0173 \u0161ven\u010di\u0173 - \u0160ilut\u0117s naujienos<\/title>\n<meta name=\"robots\" content=\"index, follow, max-snippet:-1, max-image-preview:large, max-video-preview:-1\" \/>\n<link rel=\"canonical\" href=\"https:\/\/www.silutesnaujienos.lt\/lt\/40-meti-svenciantys-puseles-vaikai-palinkejo-sau-daug-dovanu-balionu-ir-geru-svenciu\/\" \/>\n<meta property=\"og:locale\" content=\"lt_LT\" \/>\n<meta property=\"og:type\" content=\"article\" \/>\n<meta property=\"og:title\" content=\"40-met\u012f \u0161ven\u010diantys \u201ePu\u0161el\u0117s\u201c vaikai palink\u0117jo sau daug dovan\u0173, balion\u0173 ir ger\u0173 \u0161ven\u010di\u0173 - \u0160ilut\u0117s naujienos\" \/>\n<meta property=\"og:description\" content=\"Ne\u012ftik\u0117tinai spalvinga, linksma ir triuk\u0161minga pra\u0117jusio penktadienio popiet\u0119 buvo erdviame \u0160ilut\u0117s vaik\u0173 dar\u017eelio &#8211; lop\u0161elio \u201ePu\u0161el\u0117\u201c kieme &#8211; bendruomen\u0117 \u0161vent\u0117 \u012fstaigos 40-\u0105j\u0105 gimtadien\u012f.Tiesiog pievoje pasities\u0119 pledus ma\u017eieji \u201e\u010ciau\u0161ku\u010diai\u201c, \u201eGudru\u010diai\u201c, \u201ePabiru\u010diai\u201c, \u201eBi\u010diuliai\u201c ir kitokiais vardais pasivadin\u0119 \u0161io dar\u017eelio ugdytiniai su savo pedagog\u0117mis sutiko sve\u010dius, rod\u0117 jiems, ko i\u0161mok\u0119, dainavo ir \u0161oko. Sve\u010diai i\u0161 \u0160ilut\u0117s rajono savivaldyb\u0117s [&hellip;]\" \/>\n<meta property=\"og:url\" content=\"https:\/\/www.silutesnaujienos.lt\/lt\/40-meti-svenciantys-puseles-vaikai-palinkejo-sau-daug-dovanu-balionu-ir-geru-svenciu\/\" \/>\n<meta property=\"og:site_name\" content=\"\u0160ilut\u0117s naujienos\" \/>\n<meta property=\"article:publisher\" content=\"https:\/\/www.facebook.com\/silutes.naujienos\/\" \/>\n<meta property=\"article:published_time\" content=\"2017-06-06T17:00:00+00:00\" \/>\n<meta property=\"og:image\" content=\"\/\/silutesnaujienos.lt\/images\/stories\/2017\/06\/02\/thumbnails\/thumb_pusele_aukuras.jpg\" \/>\n<meta name=\"author\" content=\"\u0160ilut\u0117s naujien\u0173 inf.\" \/>\n<meta name=\"twitter:card\" content=\"summary_large_image\" \/>\n<meta name=\"twitter:label1\" content=\"Written by\" \/>\n\t<meta name=\"twitter:data1\" content=\"\u0160ilut\u0117s naujien\u0173 inf.\" \/>\n\t<meta name=\"twitter:label2\" content=\"Est. reading time\" \/>\n\t<meta name=\"twitter:data2\" content=\"4 minut\u0117s\" \/>\n<script type=\"application\/ld+json\" class=\"yoast-schema-graph\">{\"@context\":\"https:\\\/\\\/schema.org\",\"@graph\":[{\"@type\":\"Article\",\"@id\":\"https:\\\/\\\/www.silutesnaujienos.lt\\\/lt\\\/40-meti-svenciantys-puseles-vaikai-palinkejo-sau-daug-dovanu-balionu-ir-geru-svenciu\\\/#article\",\"isPartOf\":{\"@id\":\"https:\\\/\\\/www.silutesnaujienos.lt\\\/lt\\\/40-meti-svenciantys-puseles-vaikai-palinkejo-sau-daug-dovanu-balionu-ir-geru-svenciu\\\/\"},\"author\":{\"name\":\"\u0160ilut\u0117s naujien\u0173 inf.\",\"@id\":\"https:\\\/\\\/www.silutesnaujienos.lt\\\/lt\\\/#\\\/schema\\\/person\\\/976440ef837444400af3c77c19c61454\"},\"headline\":\"40-met\u012f \u0161ven\u010diantys \u201ePu\u0161el\u0117s\u201c vaikai palink\u0117jo sau daug dovan\u0173, balion\u0173 ir ger\u0173 \u0161ven\u010di\u0173\",\"datePublished\":\"2017-06-06T17:00:00+00:00\",\"mainEntityOfPage\":{\"@id\":\"https:\\\/\\\/www.silutesnaujienos.lt\\\/lt\\\/40-meti-svenciantys-puseles-vaikai-palinkejo-sau-daug-dovanu-balionu-ir-geru-svenciu\\\/\"},\"wordCount\":761,\"commentCount\":0,\"publisher\":{\"@id\":\"https:\\\/\\\/www.silutesnaujienos.lt\\\/lt\\\/#organization\"},\"articleSection\":[\"Jaunimo banga\"],\"inLanguage\":\"lt-LT\",\"potentialAction\":[{\"@type\":\"CommentAction\",\"name\":\"Comment\",\"target\":[\"https:\\\/\\\/www.silutesnaujienos.lt\\\/lt\\\/40-meti-svenciantys-puseles-vaikai-palinkejo-sau-daug-dovanu-balionu-ir-geru-svenciu\\\/#respond\"]}]},{\"@type\":\"WebPage\",\"@id\":\"https:\\\/\\\/www.silutesnaujienos.lt\\\/lt\\\/40-meti-svenciantys-puseles-vaikai-palinkejo-sau-daug-dovanu-balionu-ir-geru-svenciu\\\/\",\"url\":\"https:\\\/\\\/www.silutesnaujienos.lt\\\/lt\\\/40-meti-svenciantys-puseles-vaikai-palinkejo-sau-daug-dovanu-balionu-ir-geru-svenciu\\\/\",\"name\":\"40-met\u012f \u0161ven\u010diantys \u201ePu\u0161el\u0117s\u201c vaikai palink\u0117jo sau daug dovan\u0173, balion\u0173 ir ger\u0173 \u0161ven\u010di\u0173 - \u0160ilut\u0117s naujienos\",\"isPartOf\":{\"@id\":\"https:\\\/\\\/www.silutesnaujienos.lt\\\/lt\\\/#website\"},\"datePublished\":\"2017-06-06T17:00:00+00:00\",\"breadcrumb\":{\"@id\":\"https:\\\/\\\/www.silutesnaujienos.lt\\\/lt\\\/40-meti-svenciantys-puseles-vaikai-palinkejo-sau-daug-dovanu-balionu-ir-geru-svenciu\\\/#breadcrumb\"},\"inLanguage\":\"lt-LT\",\"potentialAction\":[{\"@type\":\"ReadAction\",\"target\":[\"https:\\\/\\\/www.silutesnaujienos.lt\\\/lt\\\/40-meti-svenciantys-puseles-vaikai-palinkejo-sau-daug-dovanu-balionu-ir-geru-svenciu\\\/\"]}]},{\"@type\":\"BreadcrumbList\",\"@id\":\"https:\\\/\\\/www.silutesnaujienos.lt\\\/lt\\\/40-meti-svenciantys-puseles-vaikai-palinkejo-sau-daug-dovanu-balionu-ir-geru-svenciu\\\/#breadcrumb\",\"itemListElement\":[{\"@type\":\"ListItem\",\"position\":1,\"name\":\"Home\",\"item\":\"https:\\\/\\\/www.silutesnaujienos.lt\\\/lt\\\/\"},{\"@type\":\"ListItem\",\"position\":2,\"name\":\"40-met\u012f \u0161ven\u010diantys \u201ePu\u0161el\u0117s\u201c vaikai palink\u0117jo sau daug dovan\u0173, balion\u0173 ir ger\u0173 \u0161ven\u010di\u0173\"}]},{\"@type\":\"WebSite\",\"@id\":\"https:\\\/\\\/www.silutesnaujienos.lt\\\/lt\\\/#website\",\"url\":\"https:\\\/\\\/www.silutesnaujienos.lt\\\/lt\\\/\",\"name\":\"\u0160ilut\u0117s naujienos\",\"description\":\"B\u016bk ant naujien\u0173 bangos!\",\"publisher\":{\"@id\":\"https:\\\/\\\/www.silutesnaujienos.lt\\\/lt\\\/#organization\"},\"potentialAction\":[{\"@type\":\"SearchAction\",\"target\":{\"@type\":\"EntryPoint\",\"urlTemplate\":\"https:\\\/\\\/www.silutesnaujienos.lt\\\/lt\\\/?s={search_term_string}\"},\"query-input\":{\"@type\":\"PropertyValueSpecification\",\"valueRequired\":true,\"valueName\":\"search_term_string\"}}],\"inLanguage\":\"lt-LT\"},{\"@type\":\"Organization\",\"@id\":\"https:\\\/\\\/www.silutesnaujienos.lt\\\/lt\\\/#organization\",\"name\":\"\u0160ilut\u0117s naujienos\",\"url\":\"https:\\\/\\\/www.silutesnaujienos.lt\\\/lt\\\/\",\"logo\":{\"@type\":\"ImageObject\",\"inLanguage\":\"lt-LT\",\"@id\":\"https:\\\/\\\/www.silutesnaujienos.lt\\\/lt\\\/#\\\/schema\\\/logo\\\/image\\\/\",\"url\":\"https:\\\/\\\/www.silutesnaujienos.lt\\\/lt\\\/wp-content\\\/uploads\\\/2020\\\/06\\\/FB_MAIN.jpg\",\"contentUrl\":\"https:\\\/\\\/www.silutesnaujienos.lt\\\/lt\\\/wp-content\\\/uploads\\\/2020\\\/06\\\/FB_MAIN.jpg\",\"width\":1700,\"height\":956,\"caption\":\"\u0160ilut\u0117s naujienos\"},\"image\":{\"@id\":\"https:\\\/\\\/www.silutesnaujienos.lt\\\/lt\\\/#\\\/schema\\\/logo\\\/image\\\/\"},\"sameAs\":[\"https:\\\/\\\/www.facebook.com\\\/silutes.naujienos\\\/\",\"https:\\\/\\\/www.youtube.com\\\/channel\\\/UCxW-cgrJDt8GxIMxSTAfJZg\"]},{\"@type\":\"Person\",\"@id\":\"https:\\\/\\\/www.silutesnaujienos.lt\\\/lt\\\/#\\\/schema\\\/person\\\/976440ef837444400af3c77c19c61454\",\"name\":\"\u0160ilut\u0117s naujien\u0173 inf.\",\"image\":{\"@type\":\"ImageObject\",\"inLanguage\":\"lt-LT\",\"@id\":\"https:\\\/\\\/www.silutesnaujienos.lt\\\/lt\\\/wp-content\\\/uploads\\\/2020\\\/06\\\/favicon.png\",\"url\":\"https:\\\/\\\/www.silutesnaujienos.lt\\\/lt\\\/wp-content\\\/uploads\\\/2020\\\/06\\\/favicon.png\",\"contentUrl\":\"https:\\\/\\\/www.silutesnaujienos.lt\\\/lt\\\/wp-content\\\/uploads\\\/2020\\\/06\\\/favicon.png\",\"caption\":\"\u0160ilut\u0117s naujien\u0173 inf.\"},\"url\":\"https:\\\/\\\/www.silutesnaujienos.lt\\\/lt\\\/author\\\/vadas\\\/\"}]}<\/script>\n<!-- \/ Yoast SEO plugin. -->","yoast_head_json":{"title":"40-met\u012f \u0161ven\u010diantys \u201ePu\u0161el\u0117s\u201c vaikai palink\u0117jo sau daug dovan\u0173, balion\u0173 ir ger\u0173 \u0161ven\u010di\u0173 - \u0160ilut\u0117s naujienos","robots":{"index":"index","follow":"follow","max-snippet":"max-snippet:-1","max-image-preview":"max-image-preview:large","max-video-preview":"max-video-preview:-1"},"canonical":"https:\/\/www.silutesnaujienos.lt\/lt\/40-meti-svenciantys-puseles-vaikai-palinkejo-sau-daug-dovanu-balionu-ir-geru-svenciu\/","og_locale":"lt_LT","og_type":"article","og_title":"40-met\u012f \u0161ven\u010diantys \u201ePu\u0161el\u0117s\u201c vaikai palink\u0117jo sau daug dovan\u0173, balion\u0173 ir ger\u0173 \u0161ven\u010di\u0173 - \u0160ilut\u0117s naujienos","og_description":"Ne\u012ftik\u0117tinai spalvinga, linksma ir triuk\u0161minga pra\u0117jusio penktadienio popiet\u0119 buvo erdviame \u0160ilut\u0117s vaik\u0173 dar\u017eelio &#8211; lop\u0161elio \u201ePu\u0161el\u0117\u201c kieme &#8211; bendruomen\u0117 \u0161vent\u0117 \u012fstaigos 40-\u0105j\u0105 gimtadien\u012f.Tiesiog pievoje pasities\u0119 pledus ma\u017eieji \u201e\u010ciau\u0161ku\u010diai\u201c, \u201eGudru\u010diai\u201c, \u201ePabiru\u010diai\u201c, \u201eBi\u010diuliai\u201c ir kitokiais vardais pasivadin\u0119 \u0161io dar\u017eelio ugdytiniai su savo pedagog\u0117mis sutiko sve\u010dius, rod\u0117 jiems, ko i\u0161mok\u0119, dainavo ir \u0161oko. Sve\u010diai i\u0161 \u0160ilut\u0117s rajono savivaldyb\u0117s [&hellip;]","og_url":"https:\/\/www.silutesnaujienos.lt\/lt\/40-meti-svenciantys-puseles-vaikai-palinkejo-sau-daug-dovanu-balionu-ir-geru-svenciu\/","og_site_name":"\u0160ilut\u0117s naujienos","article_publisher":"https:\/\/www.facebook.com\/silutes.naujienos\/","article_published_time":"2017-06-06T17:00:00+00:00","og_image":[{"url":"\/\/silutesnaujienos.lt\/images\/stories\/2017\/06\/02\/thumbnails\/thumb_pusele_aukuras.jpg","type":"","width":"","height":""}],"author":"\u0160ilut\u0117s naujien\u0173 inf.","twitter_card":"summary_large_image","twitter_misc":{"Written by":"\u0160ilut\u0117s naujien\u0173 inf.","Est. reading time":"4 minut\u0117s"},"schema":{"@context":"https:\/\/schema.org","@graph":[{"@type":"Article","@id":"https:\/\/www.silutesnaujienos.lt\/lt\/40-meti-svenciantys-puseles-vaikai-palinkejo-sau-daug-dovanu-balionu-ir-geru-svenciu\/#article","isPartOf":{"@id":"https:\/\/www.silutesnaujienos.lt\/lt\/40-meti-svenciantys-puseles-vaikai-palinkejo-sau-daug-dovanu-balionu-ir-geru-svenciu\/"},"author":{"name":"\u0160ilut\u0117s naujien\u0173 inf.","@id":"https:\/\/www.silutesnaujienos.lt\/lt\/#\/schema\/person\/976440ef837444400af3c77c19c61454"},"headline":"40-met\u012f \u0161ven\u010diantys \u201ePu\u0161el\u0117s\u201c vaikai palink\u0117jo sau daug dovan\u0173, balion\u0173 ir ger\u0173 \u0161ven\u010di\u0173","datePublished":"2017-06-06T17:00:00+00:00","mainEntityOfPage":{"@id":"https:\/\/www.silutesnaujienos.lt\/lt\/40-meti-svenciantys-puseles-vaikai-palinkejo-sau-daug-dovanu-balionu-ir-geru-svenciu\/"},"wordCount":761,"commentCount":0,"publisher":{"@id":"https:\/\/www.silutesnaujienos.lt\/lt\/#organization"},"articleSection":["Jaunimo banga"],"inLanguage":"lt-LT","potentialAction":[{"@type":"CommentAction","name":"Comment","target":["https:\/\/www.silutesnaujienos.lt\/lt\/40-meti-svenciantys-puseles-vaikai-palinkejo-sau-daug-dovanu-balionu-ir-geru-svenciu\/#respond"]}]},{"@type":"WebPage","@id":"https:\/\/www.silutesnaujienos.lt\/lt\/40-meti-svenciantys-puseles-vaikai-palinkejo-sau-daug-dovanu-balionu-ir-geru-svenciu\/","url":"https:\/\/www.silutesnaujienos.lt\/lt\/40-meti-svenciantys-puseles-vaikai-palinkejo-sau-daug-dovanu-balionu-ir-geru-svenciu\/","name":"40-met\u012f \u0161ven\u010diantys \u201ePu\u0161el\u0117s\u201c vaikai palink\u0117jo sau daug dovan\u0173, balion\u0173 ir ger\u0173 \u0161ven\u010di\u0173 - \u0160ilut\u0117s naujienos","isPartOf":{"@id":"https:\/\/www.silutesnaujienos.lt\/lt\/#website"},"datePublished":"2017-06-06T17:00:00+00:00","breadcrumb":{"@id":"https:\/\/www.silutesnaujienos.lt\/lt\/40-meti-svenciantys-puseles-vaikai-palinkejo-sau-daug-dovanu-balionu-ir-geru-svenciu\/#breadcrumb"},"inLanguage":"lt-LT","potentialAction":[{"@type":"ReadAction","target":["https:\/\/www.silutesnaujienos.lt\/lt\/40-meti-svenciantys-puseles-vaikai-palinkejo-sau-daug-dovanu-balionu-ir-geru-svenciu\/"]}]},{"@type":"BreadcrumbList","@id":"https:\/\/www.silutesnaujienos.lt\/lt\/40-meti-svenciantys-puseles-vaikai-palinkejo-sau-daug-dovanu-balionu-ir-geru-svenciu\/#breadcrumb","itemListElement":[{"@type":"ListItem","position":1,"name":"Home","item":"https:\/\/www.silutesnaujienos.lt\/lt\/"},{"@type":"ListItem","position":2,"name":"40-met\u012f \u0161ven\u010diantys \u201ePu\u0161el\u0117s\u201c vaikai palink\u0117jo sau daug dovan\u0173, balion\u0173 ir ger\u0173 \u0161ven\u010di\u0173"}]},{"@type":"WebSite","@id":"https:\/\/www.silutesnaujienos.lt\/lt\/#website","url":"https:\/\/www.silutesnaujienos.lt\/lt\/","name":"\u0160ilut\u0117s naujienos","description":"B\u016bk ant naujien\u0173 bangos!","publisher":{"@id":"https:\/\/www.silutesnaujienos.lt\/lt\/#organization"},"potentialAction":[{"@type":"SearchAction","target":{"@type":"EntryPoint","urlTemplate":"https:\/\/www.silutesnaujienos.lt\/lt\/?s={search_term_string}"},"query-input":{"@type":"PropertyValueSpecification","valueRequired":true,"valueName":"search_term_string"}}],"inLanguage":"lt-LT"},{"@type":"Organization","@id":"https:\/\/www.silutesnaujienos.lt\/lt\/#organization","name":"\u0160ilut\u0117s naujienos","url":"https:\/\/www.silutesnaujienos.lt\/lt\/","logo":{"@type":"ImageObject","inLanguage":"lt-LT","@id":"https:\/\/www.silutesnaujienos.lt\/lt\/#\/schema\/logo\/image\/","url":"https:\/\/www.silutesnaujienos.lt\/lt\/wp-content\/uploads\/2020\/06\/FB_MAIN.jpg","contentUrl":"https:\/\/www.silutesnaujienos.lt\/lt\/wp-content\/uploads\/2020\/06\/FB_MAIN.jpg","width":1700,"height":956,"caption":"\u0160ilut\u0117s naujienos"},"image":{"@id":"https:\/\/www.silutesnaujienos.lt\/lt\/#\/schema\/logo\/image\/"},"sameAs":["https:\/\/www.facebook.com\/silutes.naujienos\/","https:\/\/www.youtube.com\/channel\/UCxW-cgrJDt8GxIMxSTAfJZg"]},{"@type":"Person","@id":"https:\/\/www.silutesnaujienos.lt\/lt\/#\/schema\/person\/976440ef837444400af3c77c19c61454","name":"\u0160ilut\u0117s naujien\u0173 inf.","image":{"@type":"ImageObject","inLanguage":"lt-LT","@id":"https:\/\/www.silutesnaujienos.lt\/lt\/wp-content\/uploads\/2020\/06\/favicon.png","url":"https:\/\/www.silutesnaujienos.lt\/lt\/wp-content\/uploads\/2020\/06\/favicon.png","contentUrl":"https:\/\/www.silutesnaujienos.lt\/lt\/wp-content\/uploads\/2020\/06\/favicon.png","caption":"\u0160ilut\u0117s naujien\u0173 inf."},"url":"https:\/\/www.silutesnaujienos.lt\/lt\/author\/vadas\/"}]}},"publishpress_future_workflow_manual_trigger":{"enabledWorkflows":[]},"amp_enabled":true,"_links":{"self":[{"href":"https:\/\/www.silutesnaujienos.lt\/lt\/wp-json\/wp\/v2\/posts\/20181","targetHints":{"allow":["GET"]}}],"collection":[{"href":"https:\/\/www.silutesnaujienos.lt\/lt\/wp-json\/wp\/v2\/posts"}],"about":[{"href":"https:\/\/www.silutesnaujienos.lt\/lt\/wp-json\/wp\/v2\/types\/post"}],"author":[{"embeddable":true,"href":"https:\/\/www.silutesnaujienos.lt\/lt\/wp-json\/wp\/v2\/users\/2"}],"replies":[{"embeddable":true,"href":"https:\/\/www.silutesnaujienos.lt\/lt\/wp-json\/wp\/v2\/comments?post=20181"}],"version-history":[{"count":0,"href":"https:\/\/www.silutesnaujienos.lt\/lt\/wp-json\/wp\/v2\/posts\/20181\/revisions"}],"wp:attachment":[{"href":"https:\/\/www.silutesnaujienos.lt\/lt\/wp-json\/wp\/v2\/media?parent=20181"}],"wp:term":[{"taxonomy":"category","embeddable":true,"href":"https:\/\/www.silutesnaujienos.lt\/lt\/wp-json\/wp\/v2\/categories?post=20181"},{"taxonomy":"post_tag","embeddable":true,"href":"https:\/\/www.silutesnaujienos.lt\/lt\/wp-json\/wp\/v2\/tags?post=20181"}],"curies":[{"name":"wp","href":"https:\/\/api.w.org\/{rel}","templated":true}]}}