{"id":20191,"date":"2017-06-20T05:00:00","date_gmt":"2017-06-20T07:00:00","guid":{"rendered":"https:\/\/www.silutesnaujienos.lt\/lt\/traksedziu-stovyklautojai-keliavo-gimtines-takeliais\/"},"modified":"2017-06-20T05:00:00","modified_gmt":"2017-06-20T07:00:00","slug":"traksedziu-stovyklautojai-keliavo-gimtines-takeliais","status":"publish","type":"post","link":"https:\/\/www.silutesnaujienos.lt\/lt\/traksedziu-stovyklautojai-keliavo-gimtines-takeliais\/","title":{"rendered":"Traks\u0117d\u017ei\u0173 stovyklautojai keliavo gimtin\u0117s takeliais"},"content":{"rendered":"<p><a href=\"\/\/silutesnaujienos.lt\/images\/stories\/2017\/06\/16\/traksedziu_stovykla_pas_pasieniecius.jpg\" class=\"jcepopup\" rel=\"caption[\u012esp\u016bdingiausia stovyklautoj\u0173 i\u0161vyka buvo pas Pag\u0117gi\u0173 rinktin\u0117s Vileiki\u0173 u\u017ekardos pasienie\u010dius.] noopener noreferrer\" target=\"_blank\" data-rel=\"lightbox-gallery-qRHh5ESE\" data-rl_title=\"\" data-rl_caption=\"\"><img loading=\"lazy\" decoding=\"async\" src=\"\/\/silutesnaujienos.lt\/images\/stories\/2017\/06\/16\/thumbnails\/thumb_traksedziu_stovykla_pas_pasieniecius.jpg\" alt=\"traksedziu stovykla_pas_pasieniecius\" title=\"\" class=\"caption\" style=\"margin: 5px; float: left;\" height=\"230\" width=\"307\" \/><\/a><strong>Vasaros poilsio stovykloje \u201eGimtin\u0117s takeliais 2017\u201c atostogas prad\u0117jo 22 \u0160ilut\u0117s M.Jankaus mokyklos Traks\u0117d\u017ei\u0173 progimnazijos skyriaus pradinukai. Jau 13 met\u0173 Traks\u0117d\u017eiuose organizuojama \u0161i vasaros poilsio stovykla, kuri\u0105 finansuoja rajono Savivaldyb\u0117. Stovyklautojai penkias dienas dalyvavo \u012fvairiose veiklose bei i\u0161vykose.<\/strong><strong><br \/><\/strong><br \/>Stovyklos atidarymo metu mokyklos pavaduotoja ugdymui Rita U\u017egalien\u0117 link\u0117jo stovyklautojams turiningai praleisti laik\u0105, pasisemti nauj\u0173 \u012fsp\u016bd\u017ei\u0173. <\/p>\n<p>Pirmoji diena buvo skirta linksmosioms pramogoms. Vaikai var\u017e\u0117si lauko ir stalo \u0161a\u0161ki\u0173 turnyruose, \u017eaid\u0117 \u012fvairius \u017eaidimus. U\u017esi\u0117mimus ved\u0117 F.Bajorai\u010dio vie\u0161osios bibliotekos Traks\u0117d\u017ei\u0173 skyriaus bibliotekinink\u0117 Vida Paldauskien\u0117.<\/p>\n<p>Antroji diena buvo skirta kinui. Vaikai \u017ei\u016br\u0117jo filmukus, dalyvavo viktorinoje \u201eAtsp\u0117k pasak\u0105\u201c, pie\u0161\u0117 labiausiai patikusius pasak\u0173 herojus. <\/p>\n<p>Tre\u010di\u0105j\u0105 stovyklos dien\u0105 vykome \u012f Pag\u0117gi\u0173 rinktin\u0117s Vileiki\u0173 u\u017ekard\u0105. \u010cia dirbantys pareig\u016bnai papasakojo apie pasienie\u010di\u0173 darb\u0105, parod\u0117 savo darbo amunicij\u0105. Vaikai d\u017eiaug\u0117si gal\u0117dami palaikyti rankose ginklus, pavaik\u0161\u010dioti su neper\u0161aunamomis liemen\u0117mis. Didel\u012f \u012fsp\u016bd\u012f paliko dresuotos kalyt\u0117s Koros pasirodymas. Po \u012fsp\u016bdingos ekskursijos visi pietavome gamtoje. \u0160i diena stovyklautojams buvo pati \u012fsimintiniausia.<\/p>\n<p>Ketvirtoji stovyklos diena buvo skirta sportui &#8211; \u0160ilut\u0117s miesto stadione sportines var\u017eybas ved\u0117 k\u016bno kult\u016bros mokytoja Snaig\u0117 Svipait\u0117. <\/p>\n<p>Paskutini\u0105j\u0105 dien\u0105 vykome \u012f pa\u017eintin\u0119 ekskursij\u0105 \u012f Drevern\u0105. Pliaupiantis lietus nesukliud\u0117 aplankyti Drevernos uost\u0105 bei pa\u017evelgti \u012f vietov\u0119 i\u0161 ap\u017evalgos bok\u0161to. Papietav\u0119 gamtoje stovyklautojai buvo apdovanoti pad\u0117kos ra\u0161tais bei diplomais. Palink\u0117jome turining\u0173 atostog\u0173 ir \u0161iltos vasaros.<\/p>\n<p><img decoding=\"async\" src=\"\/\/silutesnaujienos.lt\/images\/stories\/LOGO\/jaunimo banga spaudos remimo fondo.jpg\" alt=\"\" \/><\/p>\n","protected":false},"excerpt":{"rendered":"<p>Vasaros poilsio stovykloje \u201eGimtin\u0117s takeliais 2017\u201c atostogas prad\u0117jo 22 \u0160ilut\u0117s M.Jankaus mokyklos Traks\u0117d\u017ei\u0173 progimnazijos skyriaus pradinukai. Jau 13 met\u0173 Traks\u0117d\u017eiuose organizuojama \u0161i vasaros poilsio stovykla, kuri\u0105 finansuoja rajono Savivaldyb\u0117. Stovyklautojai penkias dienas dalyvavo \u012fvairiose veiklose bei i\u0161vykose.Stovyklos atidarymo metu mokyklos pavaduotoja ugdymui Rita U\u017egalien\u0117 link\u0117jo stovyklautojams turiningai praleisti laik\u0105, pasisemti nauj\u0173 \u012fsp\u016bd\u017ei\u0173. Pirmoji diena buvo [&hellip;]<\/p>\n","protected":false},"author":2,"featured_media":0,"comment_status":"open","ping_status":"open","sticky":false,"template":"","format":"standard","meta":{"footnotes":""},"categories":[4],"tags":[],"class_list":{"0":"post-20191","1":"post","2":"type-post","3":"status-publish","4":"format-standard","6":"category-jaunimo-banga"},"yoast_head":"<!-- This site is optimized with the Yoast SEO plugin v27.5 - https:\/\/yoast.com\/product\/yoast-seo-wordpress\/ -->\n<title>Traks\u0117d\u017ei\u0173 stovyklautojai keliavo gimtin\u0117s takeliais - \u0160ilut\u0117s naujienos<\/title>\n<meta name=\"robots\" content=\"index, follow, max-snippet:-1, max-image-preview:large, max-video-preview:-1\" \/>\n<link rel=\"canonical\" href=\"https:\/\/www.silutesnaujienos.lt\/lt\/traksedziu-stovyklautojai-keliavo-gimtines-takeliais\/\" \/>\n<meta property=\"og:locale\" content=\"lt_LT\" \/>\n<meta property=\"og:type\" content=\"article\" \/>\n<meta property=\"og:title\" content=\"Traks\u0117d\u017ei\u0173 stovyklautojai keliavo gimtin\u0117s takeliais - \u0160ilut\u0117s naujienos\" \/>\n<meta property=\"og:description\" content=\"Vasaros poilsio stovykloje \u201eGimtin\u0117s takeliais 2017\u201c atostogas prad\u0117jo 22 \u0160ilut\u0117s M.Jankaus mokyklos Traks\u0117d\u017ei\u0173 progimnazijos skyriaus pradinukai. Jau 13 met\u0173 Traks\u0117d\u017eiuose organizuojama \u0161i vasaros poilsio stovykla, kuri\u0105 finansuoja rajono Savivaldyb\u0117. Stovyklautojai penkias dienas dalyvavo \u012fvairiose veiklose bei i\u0161vykose.Stovyklos atidarymo metu mokyklos pavaduotoja ugdymui Rita U\u017egalien\u0117 link\u0117jo stovyklautojams turiningai praleisti laik\u0105, pasisemti nauj\u0173 \u012fsp\u016bd\u017ei\u0173. Pirmoji diena buvo [&hellip;]\" \/>\n<meta property=\"og:url\" content=\"https:\/\/www.silutesnaujienos.lt\/lt\/traksedziu-stovyklautojai-keliavo-gimtines-takeliais\/\" \/>\n<meta property=\"og:site_name\" content=\"\u0160ilut\u0117s naujienos\" \/>\n<meta property=\"article:publisher\" content=\"https:\/\/www.facebook.com\/silutes.naujienos\/\" \/>\n<meta property=\"article:published_time\" content=\"2017-06-20T07:00:00+00:00\" \/>\n<meta property=\"og:image\" content=\"\/\/silutesnaujienos.lt\/images\/stories\/2017\/06\/16\/thumbnails\/thumb_traksedziu_stovykla_pas_pasieniecius.jpg\" \/>\n<meta name=\"author\" content=\"\u0160ilut\u0117s naujien\u0173 inf.\" \/>\n<meta name=\"twitter:card\" content=\"summary_large_image\" \/>\n<meta name=\"twitter:label1\" content=\"Written by\" \/>\n\t<meta name=\"twitter:data1\" content=\"\u0160ilut\u0117s naujien\u0173 inf.\" \/>\n\t<meta name=\"twitter:label2\" content=\"Est. reading time\" \/>\n\t<meta name=\"twitter:data2\" content=\"1 minut\u0117\" \/>\n<script type=\"application\/ld+json\" class=\"yoast-schema-graph\">{\"@context\":\"https:\\\/\\\/schema.org\",\"@graph\":[{\"@type\":\"Article\",\"@id\":\"https:\\\/\\\/www.silutesnaujienos.lt\\\/lt\\\/traksedziu-stovyklautojai-keliavo-gimtines-takeliais\\\/#article\",\"isPartOf\":{\"@id\":\"https:\\\/\\\/www.silutesnaujienos.lt\\\/lt\\\/traksedziu-stovyklautojai-keliavo-gimtines-takeliais\\\/\"},\"author\":{\"name\":\"\u0160ilut\u0117s naujien\u0173 inf.\",\"@id\":\"https:\\\/\\\/www.silutesnaujienos.lt\\\/lt\\\/#\\\/schema\\\/person\\\/976440ef837444400af3c77c19c61454\"},\"headline\":\"Traks\u0117d\u017ei\u0173 stovyklautojai keliavo gimtin\u0117s takeliais\",\"datePublished\":\"2017-06-20T07:00:00+00:00\",\"mainEntityOfPage\":{\"@id\":\"https:\\\/\\\/www.silutesnaujienos.lt\\\/lt\\\/traksedziu-stovyklautojai-keliavo-gimtines-takeliais\\\/\"},\"wordCount\":253,\"commentCount\":0,\"publisher\":{\"@id\":\"https:\\\/\\\/www.silutesnaujienos.lt\\\/lt\\\/#organization\"},\"articleSection\":[\"Jaunimo banga\"],\"inLanguage\":\"lt-LT\",\"potentialAction\":[{\"@type\":\"CommentAction\",\"name\":\"Comment\",\"target\":[\"https:\\\/\\\/www.silutesnaujienos.lt\\\/lt\\\/traksedziu-stovyklautojai-keliavo-gimtines-takeliais\\\/#respond\"]}]},{\"@type\":\"WebPage\",\"@id\":\"https:\\\/\\\/www.silutesnaujienos.lt\\\/lt\\\/traksedziu-stovyklautojai-keliavo-gimtines-takeliais\\\/\",\"url\":\"https:\\\/\\\/www.silutesnaujienos.lt\\\/lt\\\/traksedziu-stovyklautojai-keliavo-gimtines-takeliais\\\/\",\"name\":\"Traks\u0117d\u017ei\u0173 stovyklautojai keliavo gimtin\u0117s takeliais - \u0160ilut\u0117s naujienos\",\"isPartOf\":{\"@id\":\"https:\\\/\\\/www.silutesnaujienos.lt\\\/lt\\\/#website\"},\"datePublished\":\"2017-06-20T07:00:00+00:00\",\"breadcrumb\":{\"@id\":\"https:\\\/\\\/www.silutesnaujienos.lt\\\/lt\\\/traksedziu-stovyklautojai-keliavo-gimtines-takeliais\\\/#breadcrumb\"},\"inLanguage\":\"lt-LT\",\"potentialAction\":[{\"@type\":\"ReadAction\",\"target\":[\"https:\\\/\\\/www.silutesnaujienos.lt\\\/lt\\\/traksedziu-stovyklautojai-keliavo-gimtines-takeliais\\\/\"]}]},{\"@type\":\"BreadcrumbList\",\"@id\":\"https:\\\/\\\/www.silutesnaujienos.lt\\\/lt\\\/traksedziu-stovyklautojai-keliavo-gimtines-takeliais\\\/#breadcrumb\",\"itemListElement\":[{\"@type\":\"ListItem\",\"position\":1,\"name\":\"Home\",\"item\":\"https:\\\/\\\/www.silutesnaujienos.lt\\\/lt\\\/\"},{\"@type\":\"ListItem\",\"position\":2,\"name\":\"Traks\u0117d\u017ei\u0173 stovyklautojai keliavo gimtin\u0117s takeliais\"}]},{\"@type\":\"WebSite\",\"@id\":\"https:\\\/\\\/www.silutesnaujienos.lt\\\/lt\\\/#website\",\"url\":\"https:\\\/\\\/www.silutesnaujienos.lt\\\/lt\\\/\",\"name\":\"\u0160ilut\u0117s naujienos\",\"description\":\"B\u016bk ant naujien\u0173 bangos!\",\"publisher\":{\"@id\":\"https:\\\/\\\/www.silutesnaujienos.lt\\\/lt\\\/#organization\"},\"potentialAction\":[{\"@type\":\"SearchAction\",\"target\":{\"@type\":\"EntryPoint\",\"urlTemplate\":\"https:\\\/\\\/www.silutesnaujienos.lt\\\/lt\\\/?s={search_term_string}\"},\"query-input\":{\"@type\":\"PropertyValueSpecification\",\"valueRequired\":true,\"valueName\":\"search_term_string\"}}],\"inLanguage\":\"lt-LT\"},{\"@type\":\"Organization\",\"@id\":\"https:\\\/\\\/www.silutesnaujienos.lt\\\/lt\\\/#organization\",\"name\":\"\u0160ilut\u0117s naujienos\",\"url\":\"https:\\\/\\\/www.silutesnaujienos.lt\\\/lt\\\/\",\"logo\":{\"@type\":\"ImageObject\",\"inLanguage\":\"lt-LT\",\"@id\":\"https:\\\/\\\/www.silutesnaujienos.lt\\\/lt\\\/#\\\/schema\\\/logo\\\/image\\\/\",\"url\":\"https:\\\/\\\/www.silutesnaujienos.lt\\\/lt\\\/wp-content\\\/uploads\\\/2020\\\/06\\\/FB_MAIN.jpg\",\"contentUrl\":\"https:\\\/\\\/www.silutesnaujienos.lt\\\/lt\\\/wp-content\\\/uploads\\\/2020\\\/06\\\/FB_MAIN.jpg\",\"width\":1700,\"height\":956,\"caption\":\"\u0160ilut\u0117s naujienos\"},\"image\":{\"@id\":\"https:\\\/\\\/www.silutesnaujienos.lt\\\/lt\\\/#\\\/schema\\\/logo\\\/image\\\/\"},\"sameAs\":[\"https:\\\/\\\/www.facebook.com\\\/silutes.naujienos\\\/\",\"https:\\\/\\\/www.youtube.com\\\/channel\\\/UCxW-cgrJDt8GxIMxSTAfJZg\"]},{\"@type\":\"Person\",\"@id\":\"https:\\\/\\\/www.silutesnaujienos.lt\\\/lt\\\/#\\\/schema\\\/person\\\/976440ef837444400af3c77c19c61454\",\"name\":\"\u0160ilut\u0117s naujien\u0173 inf.\",\"image\":{\"@type\":\"ImageObject\",\"inLanguage\":\"lt-LT\",\"@id\":\"https:\\\/\\\/www.silutesnaujienos.lt\\\/lt\\\/wp-content\\\/uploads\\\/2020\\\/06\\\/favicon.png\",\"url\":\"https:\\\/\\\/www.silutesnaujienos.lt\\\/lt\\\/wp-content\\\/uploads\\\/2020\\\/06\\\/favicon.png\",\"contentUrl\":\"https:\\\/\\\/www.silutesnaujienos.lt\\\/lt\\\/wp-content\\\/uploads\\\/2020\\\/06\\\/favicon.png\",\"caption\":\"\u0160ilut\u0117s naujien\u0173 inf.\"},\"url\":\"https:\\\/\\\/www.silutesnaujienos.lt\\\/lt\\\/author\\\/vadas\\\/\"}]}<\/script>\n<!-- \/ Yoast SEO plugin. -->","yoast_head_json":{"title":"Traks\u0117d\u017ei\u0173 stovyklautojai keliavo gimtin\u0117s takeliais - \u0160ilut\u0117s naujienos","robots":{"index":"index","follow":"follow","max-snippet":"max-snippet:-1","max-image-preview":"max-image-preview:large","max-video-preview":"max-video-preview:-1"},"canonical":"https:\/\/www.silutesnaujienos.lt\/lt\/traksedziu-stovyklautojai-keliavo-gimtines-takeliais\/","og_locale":"lt_LT","og_type":"article","og_title":"Traks\u0117d\u017ei\u0173 stovyklautojai keliavo gimtin\u0117s takeliais - \u0160ilut\u0117s naujienos","og_description":"Vasaros poilsio stovykloje \u201eGimtin\u0117s takeliais 2017\u201c atostogas prad\u0117jo 22 \u0160ilut\u0117s M.Jankaus mokyklos Traks\u0117d\u017ei\u0173 progimnazijos skyriaus pradinukai. Jau 13 met\u0173 Traks\u0117d\u017eiuose organizuojama \u0161i vasaros poilsio stovykla, kuri\u0105 finansuoja rajono Savivaldyb\u0117. Stovyklautojai penkias dienas dalyvavo \u012fvairiose veiklose bei i\u0161vykose.Stovyklos atidarymo metu mokyklos pavaduotoja ugdymui Rita U\u017egalien\u0117 link\u0117jo stovyklautojams turiningai praleisti laik\u0105, pasisemti nauj\u0173 \u012fsp\u016bd\u017ei\u0173. Pirmoji diena buvo [&hellip;]","og_url":"https:\/\/www.silutesnaujienos.lt\/lt\/traksedziu-stovyklautojai-keliavo-gimtines-takeliais\/","og_site_name":"\u0160ilut\u0117s naujienos","article_publisher":"https:\/\/www.facebook.com\/silutes.naujienos\/","article_published_time":"2017-06-20T07:00:00+00:00","og_image":[{"url":"\/\/silutesnaujienos.lt\/images\/stories\/2017\/06\/16\/thumbnails\/thumb_traksedziu_stovykla_pas_pasieniecius.jpg","type":"","width":"","height":""}],"author":"\u0160ilut\u0117s naujien\u0173 inf.","twitter_card":"summary_large_image","twitter_misc":{"Written by":"\u0160ilut\u0117s naujien\u0173 inf.","Est. reading time":"1 minut\u0117"},"schema":{"@context":"https:\/\/schema.org","@graph":[{"@type":"Article","@id":"https:\/\/www.silutesnaujienos.lt\/lt\/traksedziu-stovyklautojai-keliavo-gimtines-takeliais\/#article","isPartOf":{"@id":"https:\/\/www.silutesnaujienos.lt\/lt\/traksedziu-stovyklautojai-keliavo-gimtines-takeliais\/"},"author":{"name":"\u0160ilut\u0117s naujien\u0173 inf.","@id":"https:\/\/www.silutesnaujienos.lt\/lt\/#\/schema\/person\/976440ef837444400af3c77c19c61454"},"headline":"Traks\u0117d\u017ei\u0173 stovyklautojai keliavo gimtin\u0117s takeliais","datePublished":"2017-06-20T07:00:00+00:00","mainEntityOfPage":{"@id":"https:\/\/www.silutesnaujienos.lt\/lt\/traksedziu-stovyklautojai-keliavo-gimtines-takeliais\/"},"wordCount":253,"commentCount":0,"publisher":{"@id":"https:\/\/www.silutesnaujienos.lt\/lt\/#organization"},"articleSection":["Jaunimo banga"],"inLanguage":"lt-LT","potentialAction":[{"@type":"CommentAction","name":"Comment","target":["https:\/\/www.silutesnaujienos.lt\/lt\/traksedziu-stovyklautojai-keliavo-gimtines-takeliais\/#respond"]}]},{"@type":"WebPage","@id":"https:\/\/www.silutesnaujienos.lt\/lt\/traksedziu-stovyklautojai-keliavo-gimtines-takeliais\/","url":"https:\/\/www.silutesnaujienos.lt\/lt\/traksedziu-stovyklautojai-keliavo-gimtines-takeliais\/","name":"Traks\u0117d\u017ei\u0173 stovyklautojai keliavo gimtin\u0117s takeliais - \u0160ilut\u0117s naujienos","isPartOf":{"@id":"https:\/\/www.silutesnaujienos.lt\/lt\/#website"},"datePublished":"2017-06-20T07:00:00+00:00","breadcrumb":{"@id":"https:\/\/www.silutesnaujienos.lt\/lt\/traksedziu-stovyklautojai-keliavo-gimtines-takeliais\/#breadcrumb"},"inLanguage":"lt-LT","potentialAction":[{"@type":"ReadAction","target":["https:\/\/www.silutesnaujienos.lt\/lt\/traksedziu-stovyklautojai-keliavo-gimtines-takeliais\/"]}]},{"@type":"BreadcrumbList","@id":"https:\/\/www.silutesnaujienos.lt\/lt\/traksedziu-stovyklautojai-keliavo-gimtines-takeliais\/#breadcrumb","itemListElement":[{"@type":"ListItem","position":1,"name":"Home","item":"https:\/\/www.silutesnaujienos.lt\/lt\/"},{"@type":"ListItem","position":2,"name":"Traks\u0117d\u017ei\u0173 stovyklautojai keliavo gimtin\u0117s takeliais"}]},{"@type":"WebSite","@id":"https:\/\/www.silutesnaujienos.lt\/lt\/#website","url":"https:\/\/www.silutesnaujienos.lt\/lt\/","name":"\u0160ilut\u0117s naujienos","description":"B\u016bk ant naujien\u0173 bangos!","publisher":{"@id":"https:\/\/www.silutesnaujienos.lt\/lt\/#organization"},"potentialAction":[{"@type":"SearchAction","target":{"@type":"EntryPoint","urlTemplate":"https:\/\/www.silutesnaujienos.lt\/lt\/?s={search_term_string}"},"query-input":{"@type":"PropertyValueSpecification","valueRequired":true,"valueName":"search_term_string"}}],"inLanguage":"lt-LT"},{"@type":"Organization","@id":"https:\/\/www.silutesnaujienos.lt\/lt\/#organization","name":"\u0160ilut\u0117s naujienos","url":"https:\/\/www.silutesnaujienos.lt\/lt\/","logo":{"@type":"ImageObject","inLanguage":"lt-LT","@id":"https:\/\/www.silutesnaujienos.lt\/lt\/#\/schema\/logo\/image\/","url":"https:\/\/www.silutesnaujienos.lt\/lt\/wp-content\/uploads\/2020\/06\/FB_MAIN.jpg","contentUrl":"https:\/\/www.silutesnaujienos.lt\/lt\/wp-content\/uploads\/2020\/06\/FB_MAIN.jpg","width":1700,"height":956,"caption":"\u0160ilut\u0117s naujienos"},"image":{"@id":"https:\/\/www.silutesnaujienos.lt\/lt\/#\/schema\/logo\/image\/"},"sameAs":["https:\/\/www.facebook.com\/silutes.naujienos\/","https:\/\/www.youtube.com\/channel\/UCxW-cgrJDt8GxIMxSTAfJZg"]},{"@type":"Person","@id":"https:\/\/www.silutesnaujienos.lt\/lt\/#\/schema\/person\/976440ef837444400af3c77c19c61454","name":"\u0160ilut\u0117s naujien\u0173 inf.","image":{"@type":"ImageObject","inLanguage":"lt-LT","@id":"https:\/\/www.silutesnaujienos.lt\/lt\/wp-content\/uploads\/2020\/06\/favicon.png","url":"https:\/\/www.silutesnaujienos.lt\/lt\/wp-content\/uploads\/2020\/06\/favicon.png","contentUrl":"https:\/\/www.silutesnaujienos.lt\/lt\/wp-content\/uploads\/2020\/06\/favicon.png","caption":"\u0160ilut\u0117s naujien\u0173 inf."},"url":"https:\/\/www.silutesnaujienos.lt\/lt\/author\/vadas\/"}]}},"publishpress_future_workflow_manual_trigger":{"enabledWorkflows":[]},"amp_enabled":true,"_links":{"self":[{"href":"https:\/\/www.silutesnaujienos.lt\/lt\/wp-json\/wp\/v2\/posts\/20191","targetHints":{"allow":["GET"]}}],"collection":[{"href":"https:\/\/www.silutesnaujienos.lt\/lt\/wp-json\/wp\/v2\/posts"}],"about":[{"href":"https:\/\/www.silutesnaujienos.lt\/lt\/wp-json\/wp\/v2\/types\/post"}],"author":[{"embeddable":true,"href":"https:\/\/www.silutesnaujienos.lt\/lt\/wp-json\/wp\/v2\/users\/2"}],"replies":[{"embeddable":true,"href":"https:\/\/www.silutesnaujienos.lt\/lt\/wp-json\/wp\/v2\/comments?post=20191"}],"version-history":[{"count":0,"href":"https:\/\/www.silutesnaujienos.lt\/lt\/wp-json\/wp\/v2\/posts\/20191\/revisions"}],"wp:attachment":[{"href":"https:\/\/www.silutesnaujienos.lt\/lt\/wp-json\/wp\/v2\/media?parent=20191"}],"wp:term":[{"taxonomy":"category","embeddable":true,"href":"https:\/\/www.silutesnaujienos.lt\/lt\/wp-json\/wp\/v2\/categories?post=20191"},{"taxonomy":"post_tag","embeddable":true,"href":"https:\/\/www.silutesnaujienos.lt\/lt\/wp-json\/wp\/v2\/tags?post=20191"}],"curies":[{"name":"wp","href":"https:\/\/api.w.org\/{rel}","templated":true}]}}