{"id":20997,"date":"2017-06-08T17:00:00","date_gmt":"2017-06-08T19:00:00","guid":{"rendered":"https:\/\/www.silutesnaujienos.lt\/lt\/zemaiciu-naumiescio-sekmines-siemet-pagadino-valanda-deguto\/"},"modified":"2017-06-08T17:00:00","modified_gmt":"2017-06-08T19:00:00","slug":"zemaiciu-naumiescio-sekmines-siemet-pagadino-valanda-deguto","status":"publish","type":"post","link":"https:\/\/www.silutesnaujienos.lt\/lt\/zemaiciu-naumiescio-sekmines-siemet-pagadino-valanda-deguto\/","title":{"rendered":"\u017demai\u010di\u0173 Naumies\u010dio Sekmines \u0161iemet pagadino \u201evalanda deguto\u201c"},"content":{"rendered":"<p>&nbsp;<a href=\"\/\/silutesnaujienos.lt\/images\/stories\/2017\/06\/06\/Sekmines_eisena.jpg\" class=\"jcepopup\" rel=\"caption[Vieni pirm\u0173j\u0173 eisenoje \u017eygiavo folkloro kolektyv\u0173 nariai ir seni\u016bnijos atstovai.] noopener noreferrer\" target=\"_blank\" data-rel=\"lightbox-gallery-5TxzzZUW\" data-rl_title=\"\" data-rl_caption=\"\"><img loading=\"lazy\" decoding=\"async\" src=\"\/\/silutesnaujienos.lt\/images\/stories\/2017\/06\/06\/thumbnails\/thumb_Sekmines_eisena.jpg\" alt=\"Sekmines eisena\" title=\"\" class=\"caption\" style=\"margin: 5px; float: left;\" height=\"230\" width=\"307\" \/><\/a><strong>Jau devint\u0105 kart\u0105 \u0161ven\u010diamoje ir i\u0161gars\u0117ti sp\u0117jusioje \u017demai\u010di\u0173 Naumies\u010dio kult\u016brinink\u0173 organizuojamoje Sekmini\u0173 \u0161vent\u0117je \u0161iemet buvo visko: ir tradicinis sodyb\u0173 puo\u0161imas ber\u017eeliais, kuriuo u\u017esi\u0117m\u0117 vietos mokinukai, ir sveikinim\u0173, ir liaudi\u0161k\u0173 dain\u0173 bei \u0161oki\u0173. Buvo, deja, ir \u0161auk\u0161tas (tiksliau &#8211; visa valanda) deguto, dar iki \u0161vent\u0117s prad\u017eios nuotaik\u0105 sugadin\u0119s ir jos organizatoriams, ir daugeliui dalyvi\u0173. Paskelbtos \u0161vent\u0117s prad\u017eios teko laukti net 1,5 valandos, tod\u0117l kai kas pasuko namolio nesulauk\u0119 tradicin\u0117s \u0161ventin\u0117s eisenos.<br \/><\/strong><br \/><strong>Gal d\u0117l tos \u201edeguto valandos\u201c, o gal dar ir tod\u0117l, kad t\u0105dien rajone vyko dar du renginiai, \u0161iemet sve\u010di\u0173 ant \u017daliojo kalno buvo itin reta, nors organizatoriai padar\u0117 visk\u0105, kad atvykusieji tur\u0117t\u0173 kuo ir siel\u0105, ir k\u016bn\u0105 pamaloninti, ir \u017einiomis apie kra\u0161to tradicijas praturt\u0117j\u0119 namo i\u0161vykt\u0173.<\/strong><strong><br \/><\/strong><br \/><strong>Visi steng\u0117si nev\u0117luoti<br \/><\/strong><br \/>Naumiesti\u0161kiai visada atsakingai ruo\u0161iasi savosioms Sekmin\u0117ms, nes tai &#8211; vienas svarbiausi\u0173 \u0161ios seni\u016bnijos rengini\u0173.<\/p>\n<p>\u0160iemet, kaip ir kasmet, dvi dienas i\u0161vakar\u0117se ma\u017eieji mokinukai lank\u0117 naumiesti\u0161ki\u0173 sodybas, ir tradici\u0161kai sveikino j\u0173 \u0161eimininkus su vasaros \u0161vente bei puo\u0161\u0117 j\u0173 namus ber\u017eeliais.<\/p>\n<p>Daug nuotaiking\u0173 pasirodym\u0173, maloni\u0173 sveikinim\u0173, smagi\u0173 palink\u0117jim\u0173 ir sodieti\u0161k\u0173 dovan\u0173 \u0161vent\u0117s organizatoriai buvo pareng\u0119 ir Sekmini\u0173 dienai &#8211; sekmadieniui. O visos i\u0161kilm\u0117s, kaip \u012fprasta, tur\u0117jo prasid\u0117ti 13 valand\u0105 \u0161ventine eisena su orkestru nuo \u017ealiojo kalno pap\u0117d\u0117s. Taip \u010dia buvo jau daug met\u0173, ir visi \u0161vent\u0117s gerb\u0117jai gerai \u017einojo, jog tradicij\u0173 \u010dia laikomasi.<\/p>\n<p>Ta\u010diau \u0161iemet buvo kitaip.<br \/><a href=\"\/\/silutesnaujienos.lt\/images\/stories\/2017\/06\/06\/Sekmines_sokejai_mazieji.jpg\" class=\"jcepopup\" rel=\"caption[Ma\u017eieji \u0161ok\u0117jai su mokytoja V.\u0160iaudvytiene tuoj po vidurdienio sustojo pinti kasas ir puo\u0161tis vainikais.] noopener noreferrer\" target=\"_blank\" data-rel=\"lightbox-gallery-5TxzzZUW\" data-rl_title=\"\" data-rl_caption=\"\"><img loading=\"lazy\" decoding=\"async\" src=\"\/\/silutesnaujienos.lt\/images\/stories\/2017\/06\/06\/thumbnails\/thumb_Sekmines_sokejai_mazieji.jpg\" alt=\"Sekmines sokejai_mazieji\" title=\"\" class=\"caption\" style=\"margin: 5px; float: right;\" height=\"230\" width=\"307\" \/><\/a><br \/>Ai\u0161ku, pareigingi organizatoriai ir j\u0173 sukviesti meno kolektyvai \u012f eisenos viet\u0105 susirinko dar gerokai iki to, kai ji tur\u0117jo pajud\u0117ti. D\u0117l visa ko &#8211; kad nepav\u0117luot\u0173. Tad \u010dia jau nuo 12.15 val. b\u016briavosi i\u0161 \u0160ilut\u0117s atvyk\u0119 orkestrai \u201ePamario brass\u201c ir \u201ePamarys\u201c, kartu su jais atva\u017eiavusios \u201ePamariet\u0117s\u201c \u0161ok\u0117jos. Tuo pa\u010diu laiku kasas savo ma\u017eosioms \u0161ok\u0117joms &#8211; naumiesti\u0161k\u0117ms ir \u0161yli\u0161k\u0117ms &#8211; prad\u0117jo pinti ir j\u0173 vadov\u0117, vietos dar\u017eelio &#8211; mokyklos mokytoja Virginija \u0160iaudvytien\u0117. Neilgai trukus prisijung\u0117 Degu\u010di\u0173 fokloro ansamblio \u201ePilut\u0117\u201c nariai, tuoj po j\u0173 &#8211; vainuti\u0161ki\u0173 \u201eVainuta\u201c.<\/p>\n<p>\u010cia pat b\u016briavosi \u017demai\u010di\u0173 Naumies\u010dio seni\u016bnijos ir kra\u0161to etnokult\u016bros centro darbuotojai, pavieniai naumiesti\u0161kiai, \u017eurnalistai.<\/p>\n<p>Deja, ir sulaukus 13 valandos, ir 14 valandos, \u0161ventin\u0117 eisena dar nepajud\u0117jo link \u017daliakalnio. Vis\u0105 \u0161vent\u0117s scenarij\u0173 jauk\u0117 ne\u012ftik\u0117tinai u\u017esit\u0119susios Mi\u0161ios ba\u017eny\u010dioje.<\/p>\n<p>O u\u017e saviveiklinink\u0173 ir \u0161vent\u0117s \u017ei\u016brov\u0173 savo eil\u0117s \u012feiti \u012f ba\u017eny\u010di\u0105 i\u0161tis\u0105 valand\u0105 lauk\u0117&#8230; laidotuvi\u0173 procesija &#8211; gerai \u017einom\u0105 \u0161io kra\u0161to \u017emog\u0173 i\u0161lydintys jo artimieji ir pa\u017e\u012fstami. Mat paskutin\u012f palaiminim\u0105 velioniui \u017demai\u010di\u0173 Naumies\u010dio Arkangelo Mykolo ba\u017eny\u010dios klebonas Stanislovas Anu\u017eis buvo pa\u017ead\u0117j\u0119s suteikti baig\u0119s \u0161v. Mi\u0161ias.<\/p>\n<p><strong>Organizatoriai pra\u0161\u0117 nev\u0117luoti<\/strong><\/p>\n<p>\u201eKaip jau\u010diat\u0117s, kai reikia tiek laukti?\u201c &#8211; art\u0117jant 14-ai valandai klaus\u0117me orkestrant\u0173 ir \u0161ok\u0117j\u0173.<\/p>\n<p>\u201eBlogai\u201c, &#8211; \u017eod\u017ei\u0173 \u012f vat\u0105 nevyniojo ne vienas. \u201e\u017dmon\u0117s darbus yra susiplanav\u0119, jau beveik i\u0161vykti tur\u0117tume, o mes dar savo pasirodymo neprad\u0117jome\u201c, &#8211; trauk\u0117 pe\u010diais vieno kolektyvo vadovas.<\/p>\n<p>\u201ePabandykite m\u016bs\u0173 vietoje pab\u016bti: mes jau beveik valand\u0105 \u010dia stovime su prie\u0161 dvi dienas mirusiu velioniu\u201c, &#8211; pasi\u016bl\u0117 viena laidotuvi\u0173 procesijos dalyv\u0117.<\/p>\n<p><a href=\"\/\/silutesnaujienos.lt\/images\/stories\/2017\/06\/06\/Sekmines_vaisinosi_suriais.jpg\" class=\"jcepopup\" rel=\"caption[Susirinkusieji ir patys vai\u0161inosi s\u016briais, dovanojo juos suva\u017eiavusiems sve\u010diams.] noopener noreferrer\" target=\"_blank\" data-rel=\"lightbox-gallery-5TxzzZUW\" data-rl_title=\"\" data-rl_caption=\"\"><img loading=\"lazy\" decoding=\"async\" src=\"\/\/silutesnaujienos.lt\/images\/stories\/2017\/06\/06\/thumbnails\/thumb_Sekmines_vaisinosi_suriais.jpg\" alt=\"Sekmines vaisinosi_suriais\" title=\"\" class=\"caption\" style=\"margin: 5px; float: right;\" height=\"230\" width=\"307\" \/><\/a>Galiausiai nebeapsikentusi laukian\u010di\u0173j\u0173 raginim\u0173 ba\u017eny\u010dion nuskub\u0117jo pagrindin\u0117 \u0161ios ir daugelio kit\u0173 \u0161ven\u010di\u0173 organizator\u0117 Adma Baltutien\u0117. Tiesa, prie\u0161 tai jai ne vienam \u0161vent\u0117s laukian\u010diam \u017emogui teko ai\u0161kintis, jog ruo\u0161damasi \u0161ventei net kelis kartus pra\u0161iusiklebono S.Anu\u017eio neu\u017et\u0119sti mi\u0161i\u0173, o penktadien\u012f dar ir seni\u016bno papra\u0161iusi, kad \u0161is dvasi\u0161kajam t\u0117veliui skambtelt\u0173 ir papra\u0161yt\u0173 apeigas baigti sutartu laiku.<\/p>\n<p>\u201eSkambino seni\u016bnas, tikrai \u017einau\u201c, &#8211; besiskund\u017eian\u010dius, kad jiems jau kojos belaukiant i\u0161 nuovargio \u012f tam tikr\u0105 viet\u0105 sulindo, laukian\u010diuosius \u012ftikin\u0117jo ir atsipra\u0161in\u0117jo ilgamet\u0117 rengini\u0173 organizator\u0117.<\/p>\n<p>Deja, tik 14 valand\u0105 pro ba\u017eny\u010dios ark\u0105 pasirod\u0117 pirmieji maldininkai, tad dar po keliolikos minu\u010di\u0173 prad\u0117ta formuoti \u0161ventin\u0117 eisena. O dar po keliolikos klebonas pri\u0117m\u0117 laidotuvininkus.<\/p>\n<p>Tik iki to laiko ne vienas \u012f \u0161vent\u0119 atva\u017eiav\u0119s automobilis, pro mini\u0105 prasibrov\u0119s, jau suko \u012f ten, i\u0161 kur atvyk\u0119s&#8230;<br \/>V\u0117liau \u201e\u0160ilut\u0117s naujienoms\u201c klebonas S.Anu\u017eis, paklaustas apie sugadint\u0105 \u0161vent\u0117s \u012f\u017eang\u0105, ai\u0161kino, jog t\u0105dien &#8211; kaip retai b\u016bna &#8211; supuol\u0117 net kelios \u0161vent\u0117s: Sekmin\u0117s, T\u0117vo diena, Palaiminimas. Ba\u017eny\u010dioje buvo ypa\u010d daug \u017emoni\u0173, tod\u0117l ilgiau truko \u0161v. Mi\u0161ios.<\/p>\n<p>Klebonas nesl\u0117p\u0117, kad i\u0161 ryto u\u017etruko ir aukodamas Mi\u0161ias Degu\u010di\u0173 ba\u017eny\u010dioje.<\/p>\n<p>Jis sak\u0117 apgailestaujantis d\u0117l to, kad \u0161vent\u0117s dalyviams teko ilgai laukti, ir norintis atsipra\u0161yti t\u0173, kurie galb\u016bt pavargo laukti.<\/p>\n<p><strong>Sveikino su Sekmin\u0117mis ir T\u0117vo diena<\/strong><\/p>\n<p>Nors Sekmin\u0117s \u012f \u0161\u012f \u017demai\u010di\u0173 Naumies\u010dio miestel\u012f kasmet sutraukdavo daug \u017emoni\u0173 i\u0161 vis\u0173 rajono kampeli\u0173, \u0161\u012fkart tiek j\u0173 nesulaukta. Gali b\u016bti, kad nema\u017eai rengini\u0173 m\u0117g\u0117j\u0173 paviliojo 5-asis \u0160v\u0117k\u0161nos Vestuvi\u0173 muzikant\u0173 festivalis, o dalis gal ruo\u0161\u0117si vykti \u012f Saugas, kur taip pat vyko kult\u016brinis renginys.<\/p>\n<p>Bet Sekmini\u0173 dalyviai \u017daliakalnyje nuo\u0161ird\u017eiai plojo orkestrui, ma\u017eiems ir vyresniems \u0161ok\u0117jams, Sekmini\u0173 dien\u0105 ypa\u010d populiari\u0173 kvadrato var\u017eyb\u0173 dalyviams. Pastaruosius sukviet\u0117 ir var\u017eybas organizavo mokytoja Birut\u0117 Galinauskien\u0117, o medalius visiems u\u017ekabino pats \u017demai\u010di\u0173 Naumies\u010dio seni\u016bnas Virginijus Stasiulis.<\/p>\n<p>Seni\u016bnas susirinkusiesiems primin\u0117, kad Sekmines nuo seno \u0161vent\u0117 ir krik\u0161\u010dionys, ir pagonys. Pastarieji vainikus karv\u0117ms pyn\u0117 ir ant rag\u0173 kabino tik\u0117dami, jog taip puo\u0161iamos jos pieno daugiau duosian\u010dios. Katalikai tik\u0117jo, jog po Sekmini\u0173 \u0161ventoji dvasia apgaubianti visus, tad seni\u016bnas savo ruo\u017etu to ir link\u0117jo visiems \u0161vent\u0117s dalyviams.<br \/>V.Stasiulis T\u0117vo dienos proga pasveikino t\u0117vus, o vietos politikas Antanas Kubaitis primin\u0117, kad reikia sveikinti ir mamytes, nes be mamy\u010di\u0173 neb\u016bt\u0173 ir t\u0117veli\u0173.<\/p>\n<p>\u017demai\u010di\u0173 Naumies\u010dio dar\u017eelio &#8211; mokyklos vadov\u0117 Zofija Lydekien\u0117 pasid\u017eiaug\u0117 \u0161vent\u0117je matydama didel\u012f b\u016br\u012f jaunuomen\u0117s ir tuo, kad \u0161is kra\u0161tas turi kam perduoti tradicijas. O gimnazijos direktorius Liudvikas Genys pasveikino moksleivius su prasid\u0117jusiomis atostogomis.<\/p>\n<p>Vien\u0105 po kito \u012f scen\u0105 kvie\u010diant kolektyvus A.Baltutienei jau nebe pirmus metus talkina mokiniai Guoda ir Domantas, o pati ved\u0117ja \u012f kair\u0119 ir \u012f de\u0161in\u0119 dalijo s\u016brius &#8211; Sekmini\u0173 dovanas.<\/p>\n<p>Kol scenoje keit\u0117si \u0161ok\u0117jai ir dainininkai, vienas kitas i\u0161alk\u0119s jau b\u016briavosi prie seni\u016bnijos palapini\u0173, kur vietos gaspadin\u0117s \u010dir\u0161kino kiau\u0161inien\u0119 ir \u010dirvinius blynus, pastaruosius dar ir uogiene u\u017epildamos. Pirk\u0117j\u0173 gausa negal\u0117jo pasigirti ir tie keli prekybininkai, kurie ant kalno k\u016br\u0117si dar iki vidurdienio.<\/p>\n<p><span style=\"color: #008000;\"><strong><a href=\"https:\/\/www.facebook.com\/pg\/silutes.naujienos\/photos\/?tab=album&amp;album_id=1700653953297052\"><span style=\"color: #008000;\">Daugiau nuotrauk\u0173 \u201eFacebook\u201c albume.<\/span><\/a><\/strong><\/span><\/p>\n<p><span style=\"color: #008000;\"><strong><a href=\"https:\/\/www.facebook.com\/pg\/silutes.naujienos\/photos\/?tab=album&amp;album_id=1700653953297052\"><span style=\"color: #008000;\"><\/span><\/a><\/strong><\/span><img decoding=\"async\" src=\"\/\/silutesnaujienos.lt\/images\/stories\/LOGO\/paveldas spaudos remimo fondo.jpg\" alt=\"\" \/><\/p>\n","protected":false},"excerpt":{"rendered":"<p>&nbsp;Jau devint\u0105 kart\u0105 \u0161ven\u010diamoje ir i\u0161gars\u0117ti sp\u0117jusioje \u017demai\u010di\u0173 Naumies\u010dio kult\u016brinink\u0173 organizuojamoje Sekmini\u0173 \u0161vent\u0117je \u0161iemet buvo visko: ir tradicinis sodyb\u0173 puo\u0161imas ber\u017eeliais, kuriuo u\u017esi\u0117m\u0117 vietos mokinukai, ir sveikinim\u0173, ir liaudi\u0161k\u0173 dain\u0173 bei \u0161oki\u0173. Buvo, deja, ir \u0161auk\u0161tas (tiksliau &#8211; visa valanda) deguto, dar iki \u0161vent\u0117s prad\u017eios nuotaik\u0105 sugadin\u0119s ir jos organizatoriams, ir daugeliui dalyvi\u0173. Paskelbtos \u0161vent\u0117s [&hellip;]<\/p>\n","protected":false},"author":2,"featured_media":0,"comment_status":"open","ping_status":"open","sticky":false,"template":"","format":"standard","meta":{"footnotes":""},"categories":[51],"tags":[],"class_list":{"0":"post-20997","1":"post","2":"type-post","3":"status-publish","4":"format-standard","6":"category-kultura-ir-svietimas"},"yoast_head":"<!-- This site is optimized with the Yoast SEO plugin v27.5 - https:\/\/yoast.com\/product\/yoast-seo-wordpress\/ -->\n<title>\u017demai\u010di\u0173 Naumies\u010dio Sekmines \u0161iemet pagadino \u201evalanda deguto\u201c - \u0160ilut\u0117s naujienos<\/title>\n<meta name=\"robots\" content=\"index, follow, max-snippet:-1, max-image-preview:large, max-video-preview:-1\" \/>\n<link rel=\"canonical\" href=\"https:\/\/www.silutesnaujienos.lt\/lt\/zemaiciu-naumiescio-sekmines-siemet-pagadino-valanda-deguto\/\" \/>\n<meta property=\"og:locale\" content=\"lt_LT\" \/>\n<meta property=\"og:type\" content=\"article\" \/>\n<meta property=\"og:title\" content=\"\u017demai\u010di\u0173 Naumies\u010dio Sekmines \u0161iemet pagadino \u201evalanda deguto\u201c - \u0160ilut\u0117s naujienos\" \/>\n<meta property=\"og:description\" content=\"&nbsp;Jau devint\u0105 kart\u0105 \u0161ven\u010diamoje ir i\u0161gars\u0117ti sp\u0117jusioje \u017demai\u010di\u0173 Naumies\u010dio kult\u016brinink\u0173 organizuojamoje Sekmini\u0173 \u0161vent\u0117je \u0161iemet buvo visko: ir tradicinis sodyb\u0173 puo\u0161imas ber\u017eeliais, kuriuo u\u017esi\u0117m\u0117 vietos mokinukai, ir sveikinim\u0173, ir liaudi\u0161k\u0173 dain\u0173 bei \u0161oki\u0173. Buvo, deja, ir \u0161auk\u0161tas (tiksliau &#8211; visa valanda) deguto, dar iki \u0161vent\u0117s prad\u017eios nuotaik\u0105 sugadin\u0119s ir jos organizatoriams, ir daugeliui dalyvi\u0173. Paskelbtos \u0161vent\u0117s [&hellip;]\" \/>\n<meta property=\"og:url\" content=\"https:\/\/www.silutesnaujienos.lt\/lt\/zemaiciu-naumiescio-sekmines-siemet-pagadino-valanda-deguto\/\" \/>\n<meta property=\"og:site_name\" content=\"\u0160ilut\u0117s naujienos\" \/>\n<meta property=\"article:publisher\" content=\"https:\/\/www.facebook.com\/silutes.naujienos\/\" \/>\n<meta property=\"article:published_time\" content=\"2017-06-08T19:00:00+00:00\" \/>\n<meta property=\"og:image\" content=\"\/\/silutesnaujienos.lt\/images\/stories\/2017\/06\/06\/thumbnails\/thumb_Sekmines_eisena.jpg\" \/>\n<meta name=\"author\" content=\"\u0160ilut\u0117s naujien\u0173 inf.\" \/>\n<meta name=\"twitter:card\" content=\"summary_large_image\" \/>\n<meta name=\"twitter:label1\" content=\"Written by\" \/>\n\t<meta name=\"twitter:data1\" content=\"\u0160ilut\u0117s naujien\u0173 inf.\" \/>\n\t<meta name=\"twitter:label2\" content=\"Est. reading time\" \/>\n\t<meta name=\"twitter:data2\" content=\"6 minut\u0117s\" \/>\n<script type=\"application\/ld+json\" class=\"yoast-schema-graph\">{\"@context\":\"https:\\\/\\\/schema.org\",\"@graph\":[{\"@type\":\"Article\",\"@id\":\"https:\\\/\\\/www.silutesnaujienos.lt\\\/lt\\\/zemaiciu-naumiescio-sekmines-siemet-pagadino-valanda-deguto\\\/#article\",\"isPartOf\":{\"@id\":\"https:\\\/\\\/www.silutesnaujienos.lt\\\/lt\\\/zemaiciu-naumiescio-sekmines-siemet-pagadino-valanda-deguto\\\/\"},\"author\":{\"name\":\"\u0160ilut\u0117s naujien\u0173 inf.\",\"@id\":\"https:\\\/\\\/www.silutesnaujienos.lt\\\/lt\\\/#\\\/schema\\\/person\\\/976440ef837444400af3c77c19c61454\"},\"headline\":\"\u017demai\u010di\u0173 Naumies\u010dio Sekmines \u0161iemet pagadino \u201evalanda deguto\u201c\",\"datePublished\":\"2017-06-08T19:00:00+00:00\",\"mainEntityOfPage\":{\"@id\":\"https:\\\/\\\/www.silutesnaujienos.lt\\\/lt\\\/zemaiciu-naumiescio-sekmines-siemet-pagadino-valanda-deguto\\\/\"},\"wordCount\":1150,\"commentCount\":0,\"publisher\":{\"@id\":\"https:\\\/\\\/www.silutesnaujienos.lt\\\/lt\\\/#organization\"},\"articleSection\":[\"Kult\u016bra ir \u0161vietimas\"],\"inLanguage\":\"lt-LT\",\"potentialAction\":[{\"@type\":\"CommentAction\",\"name\":\"Comment\",\"target\":[\"https:\\\/\\\/www.silutesnaujienos.lt\\\/lt\\\/zemaiciu-naumiescio-sekmines-siemet-pagadino-valanda-deguto\\\/#respond\"]}]},{\"@type\":\"WebPage\",\"@id\":\"https:\\\/\\\/www.silutesnaujienos.lt\\\/lt\\\/zemaiciu-naumiescio-sekmines-siemet-pagadino-valanda-deguto\\\/\",\"url\":\"https:\\\/\\\/www.silutesnaujienos.lt\\\/lt\\\/zemaiciu-naumiescio-sekmines-siemet-pagadino-valanda-deguto\\\/\",\"name\":\"\u017demai\u010di\u0173 Naumies\u010dio Sekmines \u0161iemet pagadino \u201evalanda deguto\u201c - \u0160ilut\u0117s naujienos\",\"isPartOf\":{\"@id\":\"https:\\\/\\\/www.silutesnaujienos.lt\\\/lt\\\/#website\"},\"datePublished\":\"2017-06-08T19:00:00+00:00\",\"breadcrumb\":{\"@id\":\"https:\\\/\\\/www.silutesnaujienos.lt\\\/lt\\\/zemaiciu-naumiescio-sekmines-siemet-pagadino-valanda-deguto\\\/#breadcrumb\"},\"inLanguage\":\"lt-LT\",\"potentialAction\":[{\"@type\":\"ReadAction\",\"target\":[\"https:\\\/\\\/www.silutesnaujienos.lt\\\/lt\\\/zemaiciu-naumiescio-sekmines-siemet-pagadino-valanda-deguto\\\/\"]}]},{\"@type\":\"BreadcrumbList\",\"@id\":\"https:\\\/\\\/www.silutesnaujienos.lt\\\/lt\\\/zemaiciu-naumiescio-sekmines-siemet-pagadino-valanda-deguto\\\/#breadcrumb\",\"itemListElement\":[{\"@type\":\"ListItem\",\"position\":1,\"name\":\"Home\",\"item\":\"https:\\\/\\\/www.silutesnaujienos.lt\\\/lt\\\/\"},{\"@type\":\"ListItem\",\"position\":2,\"name\":\"\u017demai\u010di\u0173 Naumies\u010dio Sekmines \u0161iemet pagadino \u201evalanda deguto\u201c\"}]},{\"@type\":\"WebSite\",\"@id\":\"https:\\\/\\\/www.silutesnaujienos.lt\\\/lt\\\/#website\",\"url\":\"https:\\\/\\\/www.silutesnaujienos.lt\\\/lt\\\/\",\"name\":\"\u0160ilut\u0117s naujienos\",\"description\":\"B\u016bk ant naujien\u0173 bangos!\",\"publisher\":{\"@id\":\"https:\\\/\\\/www.silutesnaujienos.lt\\\/lt\\\/#organization\"},\"potentialAction\":[{\"@type\":\"SearchAction\",\"target\":{\"@type\":\"EntryPoint\",\"urlTemplate\":\"https:\\\/\\\/www.silutesnaujienos.lt\\\/lt\\\/?s={search_term_string}\"},\"query-input\":{\"@type\":\"PropertyValueSpecification\",\"valueRequired\":true,\"valueName\":\"search_term_string\"}}],\"inLanguage\":\"lt-LT\"},{\"@type\":\"Organization\",\"@id\":\"https:\\\/\\\/www.silutesnaujienos.lt\\\/lt\\\/#organization\",\"name\":\"\u0160ilut\u0117s naujienos\",\"url\":\"https:\\\/\\\/www.silutesnaujienos.lt\\\/lt\\\/\",\"logo\":{\"@type\":\"ImageObject\",\"inLanguage\":\"lt-LT\",\"@id\":\"https:\\\/\\\/www.silutesnaujienos.lt\\\/lt\\\/#\\\/schema\\\/logo\\\/image\\\/\",\"url\":\"https:\\\/\\\/www.silutesnaujienos.lt\\\/lt\\\/wp-content\\\/uploads\\\/2020\\\/06\\\/FB_MAIN.jpg\",\"contentUrl\":\"https:\\\/\\\/www.silutesnaujienos.lt\\\/lt\\\/wp-content\\\/uploads\\\/2020\\\/06\\\/FB_MAIN.jpg\",\"width\":1700,\"height\":956,\"caption\":\"\u0160ilut\u0117s naujienos\"},\"image\":{\"@id\":\"https:\\\/\\\/www.silutesnaujienos.lt\\\/lt\\\/#\\\/schema\\\/logo\\\/image\\\/\"},\"sameAs\":[\"https:\\\/\\\/www.facebook.com\\\/silutes.naujienos\\\/\",\"https:\\\/\\\/www.youtube.com\\\/channel\\\/UCxW-cgrJDt8GxIMxSTAfJZg\"]},{\"@type\":\"Person\",\"@id\":\"https:\\\/\\\/www.silutesnaujienos.lt\\\/lt\\\/#\\\/schema\\\/person\\\/976440ef837444400af3c77c19c61454\",\"name\":\"\u0160ilut\u0117s naujien\u0173 inf.\",\"image\":{\"@type\":\"ImageObject\",\"inLanguage\":\"lt-LT\",\"@id\":\"https:\\\/\\\/www.silutesnaujienos.lt\\\/lt\\\/wp-content\\\/uploads\\\/2020\\\/06\\\/favicon.png\",\"url\":\"https:\\\/\\\/www.silutesnaujienos.lt\\\/lt\\\/wp-content\\\/uploads\\\/2020\\\/06\\\/favicon.png\",\"contentUrl\":\"https:\\\/\\\/www.silutesnaujienos.lt\\\/lt\\\/wp-content\\\/uploads\\\/2020\\\/06\\\/favicon.png\",\"caption\":\"\u0160ilut\u0117s naujien\u0173 inf.\"},\"url\":\"https:\\\/\\\/www.silutesnaujienos.lt\\\/lt\\\/author\\\/vadas\\\/\"}]}<\/script>\n<!-- \/ Yoast SEO plugin. -->","yoast_head_json":{"title":"\u017demai\u010di\u0173 Naumies\u010dio Sekmines \u0161iemet pagadino \u201evalanda deguto\u201c - \u0160ilut\u0117s naujienos","robots":{"index":"index","follow":"follow","max-snippet":"max-snippet:-1","max-image-preview":"max-image-preview:large","max-video-preview":"max-video-preview:-1"},"canonical":"https:\/\/www.silutesnaujienos.lt\/lt\/zemaiciu-naumiescio-sekmines-siemet-pagadino-valanda-deguto\/","og_locale":"lt_LT","og_type":"article","og_title":"\u017demai\u010di\u0173 Naumies\u010dio Sekmines \u0161iemet pagadino \u201evalanda deguto\u201c - \u0160ilut\u0117s naujienos","og_description":"&nbsp;Jau devint\u0105 kart\u0105 \u0161ven\u010diamoje ir i\u0161gars\u0117ti sp\u0117jusioje \u017demai\u010di\u0173 Naumies\u010dio kult\u016brinink\u0173 organizuojamoje Sekmini\u0173 \u0161vent\u0117je \u0161iemet buvo visko: ir tradicinis sodyb\u0173 puo\u0161imas ber\u017eeliais, kuriuo u\u017esi\u0117m\u0117 vietos mokinukai, ir sveikinim\u0173, ir liaudi\u0161k\u0173 dain\u0173 bei \u0161oki\u0173. Buvo, deja, ir \u0161auk\u0161tas (tiksliau &#8211; visa valanda) deguto, dar iki \u0161vent\u0117s prad\u017eios nuotaik\u0105 sugadin\u0119s ir jos organizatoriams, ir daugeliui dalyvi\u0173. Paskelbtos \u0161vent\u0117s [&hellip;]","og_url":"https:\/\/www.silutesnaujienos.lt\/lt\/zemaiciu-naumiescio-sekmines-siemet-pagadino-valanda-deguto\/","og_site_name":"\u0160ilut\u0117s naujienos","article_publisher":"https:\/\/www.facebook.com\/silutes.naujienos\/","article_published_time":"2017-06-08T19:00:00+00:00","og_image":[{"url":"\/\/silutesnaujienos.lt\/images\/stories\/2017\/06\/06\/thumbnails\/thumb_Sekmines_eisena.jpg","type":"","width":"","height":""}],"author":"\u0160ilut\u0117s naujien\u0173 inf.","twitter_card":"summary_large_image","twitter_misc":{"Written by":"\u0160ilut\u0117s naujien\u0173 inf.","Est. reading time":"6 minut\u0117s"},"schema":{"@context":"https:\/\/schema.org","@graph":[{"@type":"Article","@id":"https:\/\/www.silutesnaujienos.lt\/lt\/zemaiciu-naumiescio-sekmines-siemet-pagadino-valanda-deguto\/#article","isPartOf":{"@id":"https:\/\/www.silutesnaujienos.lt\/lt\/zemaiciu-naumiescio-sekmines-siemet-pagadino-valanda-deguto\/"},"author":{"name":"\u0160ilut\u0117s naujien\u0173 inf.","@id":"https:\/\/www.silutesnaujienos.lt\/lt\/#\/schema\/person\/976440ef837444400af3c77c19c61454"},"headline":"\u017demai\u010di\u0173 Naumies\u010dio Sekmines \u0161iemet pagadino \u201evalanda deguto\u201c","datePublished":"2017-06-08T19:00:00+00:00","mainEntityOfPage":{"@id":"https:\/\/www.silutesnaujienos.lt\/lt\/zemaiciu-naumiescio-sekmines-siemet-pagadino-valanda-deguto\/"},"wordCount":1150,"commentCount":0,"publisher":{"@id":"https:\/\/www.silutesnaujienos.lt\/lt\/#organization"},"articleSection":["Kult\u016bra ir \u0161vietimas"],"inLanguage":"lt-LT","potentialAction":[{"@type":"CommentAction","name":"Comment","target":["https:\/\/www.silutesnaujienos.lt\/lt\/zemaiciu-naumiescio-sekmines-siemet-pagadino-valanda-deguto\/#respond"]}]},{"@type":"WebPage","@id":"https:\/\/www.silutesnaujienos.lt\/lt\/zemaiciu-naumiescio-sekmines-siemet-pagadino-valanda-deguto\/","url":"https:\/\/www.silutesnaujienos.lt\/lt\/zemaiciu-naumiescio-sekmines-siemet-pagadino-valanda-deguto\/","name":"\u017demai\u010di\u0173 Naumies\u010dio Sekmines \u0161iemet pagadino \u201evalanda deguto\u201c - \u0160ilut\u0117s naujienos","isPartOf":{"@id":"https:\/\/www.silutesnaujienos.lt\/lt\/#website"},"datePublished":"2017-06-08T19:00:00+00:00","breadcrumb":{"@id":"https:\/\/www.silutesnaujienos.lt\/lt\/zemaiciu-naumiescio-sekmines-siemet-pagadino-valanda-deguto\/#breadcrumb"},"inLanguage":"lt-LT","potentialAction":[{"@type":"ReadAction","target":["https:\/\/www.silutesnaujienos.lt\/lt\/zemaiciu-naumiescio-sekmines-siemet-pagadino-valanda-deguto\/"]}]},{"@type":"BreadcrumbList","@id":"https:\/\/www.silutesnaujienos.lt\/lt\/zemaiciu-naumiescio-sekmines-siemet-pagadino-valanda-deguto\/#breadcrumb","itemListElement":[{"@type":"ListItem","position":1,"name":"Home","item":"https:\/\/www.silutesnaujienos.lt\/lt\/"},{"@type":"ListItem","position":2,"name":"\u017demai\u010di\u0173 Naumies\u010dio Sekmines \u0161iemet pagadino \u201evalanda deguto\u201c"}]},{"@type":"WebSite","@id":"https:\/\/www.silutesnaujienos.lt\/lt\/#website","url":"https:\/\/www.silutesnaujienos.lt\/lt\/","name":"\u0160ilut\u0117s naujienos","description":"B\u016bk ant naujien\u0173 bangos!","publisher":{"@id":"https:\/\/www.silutesnaujienos.lt\/lt\/#organization"},"potentialAction":[{"@type":"SearchAction","target":{"@type":"EntryPoint","urlTemplate":"https:\/\/www.silutesnaujienos.lt\/lt\/?s={search_term_string}"},"query-input":{"@type":"PropertyValueSpecification","valueRequired":true,"valueName":"search_term_string"}}],"inLanguage":"lt-LT"},{"@type":"Organization","@id":"https:\/\/www.silutesnaujienos.lt\/lt\/#organization","name":"\u0160ilut\u0117s naujienos","url":"https:\/\/www.silutesnaujienos.lt\/lt\/","logo":{"@type":"ImageObject","inLanguage":"lt-LT","@id":"https:\/\/www.silutesnaujienos.lt\/lt\/#\/schema\/logo\/image\/","url":"https:\/\/www.silutesnaujienos.lt\/lt\/wp-content\/uploads\/2020\/06\/FB_MAIN.jpg","contentUrl":"https:\/\/www.silutesnaujienos.lt\/lt\/wp-content\/uploads\/2020\/06\/FB_MAIN.jpg","width":1700,"height":956,"caption":"\u0160ilut\u0117s naujienos"},"image":{"@id":"https:\/\/www.silutesnaujienos.lt\/lt\/#\/schema\/logo\/image\/"},"sameAs":["https:\/\/www.facebook.com\/silutes.naujienos\/","https:\/\/www.youtube.com\/channel\/UCxW-cgrJDt8GxIMxSTAfJZg"]},{"@type":"Person","@id":"https:\/\/www.silutesnaujienos.lt\/lt\/#\/schema\/person\/976440ef837444400af3c77c19c61454","name":"\u0160ilut\u0117s naujien\u0173 inf.","image":{"@type":"ImageObject","inLanguage":"lt-LT","@id":"https:\/\/www.silutesnaujienos.lt\/lt\/wp-content\/uploads\/2020\/06\/favicon.png","url":"https:\/\/www.silutesnaujienos.lt\/lt\/wp-content\/uploads\/2020\/06\/favicon.png","contentUrl":"https:\/\/www.silutesnaujienos.lt\/lt\/wp-content\/uploads\/2020\/06\/favicon.png","caption":"\u0160ilut\u0117s naujien\u0173 inf."},"url":"https:\/\/www.silutesnaujienos.lt\/lt\/author\/vadas\/"}]}},"publishpress_future_workflow_manual_trigger":{"enabledWorkflows":[]},"amp_enabled":true,"_links":{"self":[{"href":"https:\/\/www.silutesnaujienos.lt\/lt\/wp-json\/wp\/v2\/posts\/20997","targetHints":{"allow":["GET"]}}],"collection":[{"href":"https:\/\/www.silutesnaujienos.lt\/lt\/wp-json\/wp\/v2\/posts"}],"about":[{"href":"https:\/\/www.silutesnaujienos.lt\/lt\/wp-json\/wp\/v2\/types\/post"}],"author":[{"embeddable":true,"href":"https:\/\/www.silutesnaujienos.lt\/lt\/wp-json\/wp\/v2\/users\/2"}],"replies":[{"embeddable":true,"href":"https:\/\/www.silutesnaujienos.lt\/lt\/wp-json\/wp\/v2\/comments?post=20997"}],"version-history":[{"count":0,"href":"https:\/\/www.silutesnaujienos.lt\/lt\/wp-json\/wp\/v2\/posts\/20997\/revisions"}],"wp:attachment":[{"href":"https:\/\/www.silutesnaujienos.lt\/lt\/wp-json\/wp\/v2\/media?parent=20997"}],"wp:term":[{"taxonomy":"category","embeddable":true,"href":"https:\/\/www.silutesnaujienos.lt\/lt\/wp-json\/wp\/v2\/categories?post=20997"},{"taxonomy":"post_tag","embeddable":true,"href":"https:\/\/www.silutesnaujienos.lt\/lt\/wp-json\/wp\/v2\/tags?post=20997"}],"curies":[{"name":"wp","href":"https:\/\/api.w.org\/{rel}","templated":true}]}}