{"id":21014,"date":"2017-08-23T17:00:00","date_gmt":"2017-08-23T19:00:00","guid":{"rendered":"https:\/\/www.silutesnaujienos.lt\/lt\/vilko-pedomis-isejusi-vasara-paliko-ir-vilkycius\/"},"modified":"2017-08-23T17:00:00","modified_gmt":"2017-08-23T19:00:00","slug":"vilko-pedomis-isejusi-vasara-paliko-ir-vilkycius","status":"publish","type":"post","link":"https:\/\/www.silutesnaujienos.lt\/lt\/vilko-pedomis-isejusi-vasara-paliko-ir-vilkycius\/","title":{"rendered":"Vilko p\u0117domis i\u0161\u0117jusi vasara paliko ir Vilky\u010dius"},"content":{"rendered":"<p><a href=\"\/\/silutesnaujienos.lt\/images\/stories\/2017\/08\/22\/Vilkyciu_svente_senoliai.jpg\" class=\"jcepopup\" rel=\"caption[Dovan\u0117l\u0117s \u012fteiktos ir b\u016breliui ilgaam\u017ei\u0173, sulaukusi\u0173 90 daugiau met\u0173.] noopener noreferrer\" target=\"_blank\" data-rel=\"lightbox-gallery-iMEfHaYt\" data-rl_title=\"\" data-rl_caption=\"\"><img loading=\"lazy\" decoding=\"async\" src=\"\/\/silutesnaujienos.lt\/images\/stories\/2017\/08\/22\/thumbnails\/thumb_Vilkyciu_svente_senoliai.jpg\" alt=\"Vilkyciu svente_senoliai\" title=\"\" class=\"caption\" style=\"margin: 5px; float: left;\" height=\"230\" width=\"307\" \/><\/a><strong>Vasarai riedant \u012f antr\u0105j\u0105 pus\u0119 tradici\u0161kai \u017dolin\u0117s dien\u0105 \u201eVilko p\u0117domis\u201c nu\u017eygiuoja ir Saug\u0173 seni\u016bnijos Vilky\u010di\u0173 kaimo \u017emon\u0117s. \u0160iemet \u0161i aktyvi bendruomen\u0117 irgi sureng\u0117&nbsp; savo kasmetin\u0119 \u0161vent\u0119, kurios metu ir v\u0117l pasid\u017eiaug\u0117 gra\u017eiu b\u016breliu savo ilgaam\u017ei\u0173 bei juos kei\u010dian\u010di\u0173 ir bendruomen\u0119 praturtinan\u010di\u0173 naujagimi\u0173, gra\u017eiausiai sodybas besitvarkan\u010diais bei dainuojan\u010diais ir \u0161okan\u010diais savo \u017emon\u0117mis.<br \/><\/strong><br \/><strong>Be to, jie praturt\u0117jo \u017einiomis apie vasaros brandos \u0161vent\u0119 &#8211; \u017dolin\u0119, vis\u0105 dien\u0105 pramogavo ir tiesiog bendravo su seniai matytais kaimynais, o vakare g\u0117r\u0117josi&#8230; ekologi\u0161kais fejerverkais.<\/strong><strong><br \/><\/strong><br \/><strong>Dang\u0173 nu\u0161viet\u0117 <\/strong><strong>ekologi\u0161ki fejerverkai<br \/><\/strong><br \/>Vilkyti\u0161kiai jau ne vienerius metus turi ypating\u0105 tradicij\u0105 &#8211; \u017dolin\u0117s dien\u0105 \u0161v\u0119sdami sve\u010dius \u017eavi \u0161iaud\u0173 skulpt\u016bromis. Bene prie\u0161 4 metus \u0161i\u0105 originali\u0105 id\u0117j\u0105 \u012fgyvendinti prad\u0117j\u0119s kalvis Darius Vilius tradicij\u0105 t\u0119sia iki \u0161iol.<\/p>\n<p>\u0160iemet irgi i\u0161 Vilniaus, Klaip\u0117dos, \u0160iauli\u0173, Dituvos, \u0160ern\u0173, Kint\u0173 ir kit\u0173 vietovi\u0173 suva\u017eiav\u0119 keliolika pyn\u0117j\u0173 &#8211; suaugusi\u0173j\u0173 ir vaik\u0173 &#8211; kas tris, kas vien\u0105 dien\u0105 pyn\u0117 \u0161iaudines skulpt\u016bras. Prie kelio \u012f uostamiest\u012f, \u0161alia tilto per Veivir\u017e\u0105 sustojo saulute ir lietuvi\u0161ku sodu pavadintos skulpt\u016bros, po poros dien\u0173 buvo baigta ir Vilky\u010di\u0173 simbolio &#8211; kaukian\u010dio vilko skulpt\u016bra.<\/p>\n<p>Po \u0161vent\u0117s kai kurie internautai komentavo, jog \u012fgyvendinti toki\u0105 id\u0117j\u0105 tur\u0117t\u0173 pad\u0117ti visa vietov\u0117s bendruomen\u0117.<\/p>\n<p>Taip pat si\u016bloma, kad sukurtos \u0161iaudin\u0117s skulpt\u016bros pagyvent\u0173 ilgiau &#8211; kaip puo\u0161menos.<a href=\"\/\/silutesnaujienos.lt\/images\/stories\/2017\/08\/22\/Vilkyciu_svente_naujagimiai_2.jpg\" class=\"jcepopup\" rel=\"caption[Tradici\u0161kai Vilky\u010di\u0173 \u0161vent\u0117je pristatyti apylink\u0117s naujagimiai. J\u0173 t\u0117velius sveikino seni\u016bn\u0117 D.Rudien\u0117 bei bendruomen\u0117s pirmininkas A.Jonu\u0161as.] noopener noreferrer\" target=\"_blank\" data-rel=\"lightbox-gallery-iMEfHaYt\" data-rl_title=\"\" data-rl_caption=\"\"><img loading=\"lazy\" decoding=\"async\" src=\"\/\/silutesnaujienos.lt\/images\/stories\/2017\/08\/22\/thumbnails\/thumb_Vilkyciu_svente_naujagimiai_2.jpg\" alt=\"Vilkyciu svente_naujagimiai_2\" title=\"\" class=\"caption\" style=\"margin: 5px; float: right;\" height=\"230\" width=\"307\" \/><\/a><\/p>\n<p>D.Vilius sak\u0117, jog \u0161\u012fkart kai kurios skulpt\u016bros ir pabus gal iki rudens, gal ir dar ilgiau &#8211; kol, anot jo, pati gamta pasakys, kad joms jau laikas i\u0161keliauti.<\/p>\n<p>Bet trys \u0161iaudiniai k\u016briniai tradici\u0161kai buvo sudeginti \u017dolin\u0117s dien\u0105, 23 valand\u0105.<\/p>\n<p>\u201e\u0160ilut\u0117s naujienoms\u201c D.Vilius i\u0161dav\u0117 \u0161i\u0105 tradicij\u0105 vadinantis ekologi\u0161kais \u0161vent\u0117s fejerverkais. Ir jau puosel\u0117jantis id\u0117j\u0105 kada nors i\u0161auginti kur kas rimtesn\u012f rengin\u012f &#8211; galb\u016bt etnostovykl\u0105. Anot jo, visada laukiami ir visi bendramin\u010diai, norintys prisid\u0117ti prie \u0161ios \u017eemi\u0161kos k\u016brybos.<\/p>\n<p><strong>Vilkyti\u0161kiai \u017eino, kaip \u0161v\u0119sti \u017dolin\u0119<\/strong><\/p>\n<p>Kol pyn\u0117jai ri\u0161o ir stat\u0117 \u0161iaudines skulpt\u016bras, tradicin\u0117je \u0161ven\u010di\u0173 vietoje &#8211; kaimo centre esan\u010diame parkelyje &#8211; b\u016briavosi pirmieji \u0161vent\u0117s laukiantys vilkyti\u0161kiai. Kas saldumynais ar gira gomur\u012f palepino, kas tiesiog su kaimynais \u0161nektel\u0117jo ir \u012fsp\u016bdingai papuo\u0161ta \u0161vent\u0117s scena pasid\u017eiaug\u0117. O ma\u017eieji nepavargdami linksminosi ant batuto ir jodin\u0117dami Rasos Poci\u016bt\u0117s vadeliojamu Brend\u017eiu ar Editos Lizdenyt\u0117s poniu Artemonu. Abu \u017eirgeliai kantriai ir geranori\u0161kai lauk\u0117, kol jaunieji jojikai \u012fsitaisys jiems ant nugaros.<\/p>\n<p>\u012e \u0161vent\u0117s scen\u0105 u\u017elipusi \u0161vent\u0117s ved\u0117ja Vaida Skuodien\u0117 buvo pa\u017e\u012fstama daugeliui, mat \u010dia yra gimusi ir augusi. Ir nors dabar gyvena Garg\u017eduose, ta\u010diau veda nebe pirm\u0105j\u0105 savo gimtojo kaimo \u0161vent\u0119.<\/p>\n<p><a href=\"\/\/silutesnaujienos.lt\/images\/stories\/2017\/08\/22\/Vilkyciu_svente_mazieji.jpg\" class=\"jcepopup\" rel=\"caption[Dainuoti pasiruo\u0161\u0117 Vilky\u010di\u0173 prie\u0161mokyklinukai.] noopener noreferrer\" target=\"_blank\" data-rel=\"lightbox-gallery-iMEfHaYt\" data-rl_title=\"\" data-rl_caption=\"\"><img loading=\"lazy\" decoding=\"async\" src=\"\/\/silutesnaujienos.lt\/images\/stories\/2017\/08\/22\/thumbnails\/thumb_Vilkyciu_svente_mazieji.jpg\" alt=\"Vilkyciu svente_mazieji\" title=\"\" class=\"caption\" style=\"margin: 5px; float: left;\" height=\"230\" width=\"307\" \/><\/a>Ved\u0117jos \u017eod\u017eiai, jog Rasos &#8211; Jonin\u0117s yra tarsi \u017emogaus jaunyst\u0117, o \u017dolin\u0117 &#8211; jau branda, susikaupimo ir rimties metas, privert\u0117 suklusti visus susirinkusiuosius, nes dar kart\u0105 primin\u0117, jog jau at\u0117jo ir vasaros branda&#8230; Ved\u0117ja primin\u0117 nuo seno \u017einomas \u0161ios dienos tradicijas, kuri\u0173 pagrindin\u0117 &#8211; jog t\u0105dien ri\u0161amos ir \u0161ventinamos \u017eolyn\u0173 puok\u0161tel\u0117s, ir tik\u0117ta, kad jas i\u0161saugojusi\u0173 namus visus metus lyd\u0117s darna ir aplenks ligos.<\/p>\n<p>Tiesa, \u0161iandien, ved\u0117jos pasteb\u0117jimu, nema\u017ea dalis lietuvi\u0173 nebe\u017eino, kaip \u0161v\u0119sti \u017dolin\u0119 ir ar i\u0161 viso jos laukti. Vilkyti\u0161kiai, anot jos, tai gerai \u017eino, nes t\u0105dien turi galimyb\u0119 pab\u016bti vieni su kitais ir pasid\u017eiaugti kartu per metus nuveiktais darbais.<\/p>\n<p><strong>Pagerb\u0117 ir ma\u017eiausius, ir seniausius<\/strong><\/p>\n<p>Vilkyti\u0161kius sveikino vienintelis sve\u010dias &#8211; \u0160ilut\u0117s rajono meras Vytautas Laurinaitis. Jis pasid\u017eiaug\u0117, kad apylink\u0117s \u017emon\u0117s vieninteliai pataik\u0117 geriausi\u0105 or\u0105 savo kaimo \u0161ventei. Vilky\u010di\u0173 bendruomen\u0117, anot mero, yra viena aktyvesni\u0173, vis nerimstanti ir ko nors pra\u0161anti i\u0161 Savivaldyb\u0117s. Jis link\u0117jo, kad ji tokia ir i\u0161likt\u0173, ir dovanojo magnolijos medel\u012f.<\/p>\n<p>Dovan\u0117l\u0119 ir g\u0117li\u0173 meras \u012fteik\u0117 ir Saug\u0173 seni\u016bnei Daliai Rudienei, k\u0105 tik \u0161ventusiai, jo \u017eod\u017eiais tariant, tarpin\u012f jubiliej\u0173.<\/p>\n<p>Seni\u016bn\u0117 savo ruo\u017etu d\u0117kojo Vilky\u010di\u0173 bendruomen\u0117s centro \u201eViltis\u201c pirmininkui Antanui Jonu\u0161ui, kuris su bendramin\u010diais sureng\u0117 gra\u017ei\u0105 \u0161vent\u0119, ir dovanojo pyrag\u0105, kurio po lapel\u012f gal\u0117t\u0173 paskanauti visi bendruomen\u0117s nariai.<\/p>\n<p>Kol mar\u0161us trenk\u0117 Inkakli\u0173 \u201eA\u0161vel\u0117\u201c, sukosi vilkyti\u0161ki\u0173 \u0161oki\u0173 kolektyvo \u201eVeivir\u017eas\u201c ir ma\u017e\u0173j\u0173 prie\u0161mokyklinuk\u0173 \u0161ok\u0117j\u0173 poros, aik\u0161t\u0117je jau b\u016briavosi i\u0161 anksto sukviestos jaunos poros su savo ma\u017eyliais &#8211; per metus gimusiais naujausiais Vilky\u010di\u0173 bendruomen\u0117s nariais. Tad dovan\u0117l\u0117s atiteko Mil\u0117jos Antu\u017eyt\u0117s, Manto B\u016bdvy\u010dio, Alisos Davlevi\u010d, Adomo Genio, Milant\u0117s Keizeryt\u0117s, Gust\u0117s Lygnugaryt\u0117s, Liucijos Mauricait\u0117s, Beno Pivoriaus, Nojaus Pu\u0161inskio, Tajaus Rimkaus, Airono \u0160erpatausko, Ramintos \u016aselyt\u0117s ir Herkaus Zuzevi\u010diaus t\u0117veliams.<a href=\"\/\/silutesnaujienos.lt\/images\/stories\/2017\/08\/22\/vilkyciu_zoline_skydas.jpg\" class=\"jcepopup\" rel=\"caption[Kalvis D.Vilius, sukviet\u0119s b\u016br\u012f pyn\u0117j\u0173, \u017dolin\u0117s proga suk\u016br\u0117 kelet\u0105 balti\u0161k\u0173 \u0161iaudini\u0173 skulpt\u016br\u0173. ] noopener noreferrer\" target=\"_blank\" data-rel=\"lightbox-gallery-iMEfHaYt\" data-rl_title=\"\" data-rl_caption=\"\"><img loading=\"lazy\" decoding=\"async\" src=\"\/\/silutesnaujienos.lt\/images\/stories\/2017\/08\/22\/thumbnails\/thumb_vilkyciu_zoline_skydas.jpg\" alt=\"vilkyciu zoline_skydas\" title=\"\" class=\"caption\" style=\"margin: 5px; float: right;\" height=\"230\" width=\"307\" \/><\/a><\/p>\n<p>Vilkyti\u0161kiai pagarb\u0105 kasmet i\u0161rei\u0161kia ir vyriausiems kaimynams &#8211; 90-ies ir dar solidesnius gimtadienius \u0161ven\u010diantiems senoliams. \u0160iemet pagerbti 90-met\u0117 vilkyti\u0161k\u0117 Ona \u0160velnien\u0117, 91-eri\u0173 sulaukusios vilkyti\u0161k\u0117s Aniceta Baltmi\u0161kien\u0117, Boleslova Armalyt\u0117 ir Marta Jackivien\u0117, 92 met\u0173 sukaktis minin\u010dios Adolfina Jucien\u0117 i\u0161 Diegli\u0173, Barbora \u017demgulien\u0117 i\u0161 Pangiri\u0173, Domicel\u0117 Pokvytait\u0117 i\u0161 Sak\u016bt\u0117li\u0173, 93-ej\u0173 sulauk\u0119 Sak\u016bt\u0117liuose gyvenanti Valerija Jur\u010dien\u0117 bei Petras Uselis i\u0161 Stankai\u010di\u0173, vos metais juos pralenk\u0119s vilkyti\u0161kis Povilas Gud\u017ei\u016bnas ir vyriausia apylink\u0117s ilgaam\u017e\u0117, 96-uosius baigusi vilkyti\u0161k\u0117 Stas\u0117 Rum\u0161ien\u0117.<\/p>\n<p>Bendruomen\u0117 d\u0117kojo ir apdovanojo ir pavyzdingai savo sodybas pri\u017ei\u016brin\u010dias \u0161eimas: Virginij\u0105 ir Valdemar\u0105 Bru\u017eus, gyvenan\u010dius Vilky\u010diuose, Antan\u0105 Grausl\u012f i\u0161 Ais\u0117s kaimo, lankupi\u0161kius Oksan\u0105 Bagdonait\u0119 ir Tom\u0105 Kuzminsk\u0105 bei Virginij\u0105 ir Valentin\u0105 Ge\u010dus i\u0161 \u010ci\u016bteli\u0173.<\/p>\n<p><img decoding=\"async\" src=\"\/\/silutesnaujienos.lt\/images\/stories\/LOGO\/bendruomeniu spaudos remimo fondo.jpg\" alt=\"\" \/><\/p>\n","protected":false},"excerpt":{"rendered":"<p>Vasarai riedant \u012f antr\u0105j\u0105 pus\u0119 tradici\u0161kai \u017dolin\u0117s dien\u0105 \u201eVilko p\u0117domis\u201c nu\u017eygiuoja ir Saug\u0173 seni\u016bnijos Vilky\u010di\u0173 kaimo \u017emon\u0117s. \u0160iemet \u0161i aktyvi bendruomen\u0117 irgi sureng\u0117&nbsp; savo kasmetin\u0119 \u0161vent\u0119, kurios metu ir v\u0117l pasid\u017eiaug\u0117 gra\u017eiu b\u016breliu savo ilgaam\u017ei\u0173 bei juos kei\u010dian\u010di\u0173 ir bendruomen\u0119 praturtinan\u010di\u0173 naujagimi\u0173, gra\u017eiausiai sodybas besitvarkan\u010diais bei dainuojan\u010diais ir \u0161okan\u010diais savo \u017emon\u0117mis.Be to, jie praturt\u0117jo \u017einiomis [&hellip;]<\/p>\n","protected":false},"author":2,"featured_media":0,"comment_status":"open","ping_status":"open","sticky":false,"template":"","format":"standard","meta":{"footnotes":""},"categories":[51],"tags":[],"class_list":{"0":"post-21014","1":"post","2":"type-post","3":"status-publish","4":"format-standard","6":"category-kultura-ir-svietimas"},"yoast_head":"<!-- This site is optimized with the Yoast SEO plugin v27.5 - https:\/\/yoast.com\/product\/yoast-seo-wordpress\/ -->\n<title>Vilko p\u0117domis i\u0161\u0117jusi vasara paliko ir Vilky\u010dius - \u0160ilut\u0117s naujienos<\/title>\n<meta name=\"robots\" content=\"index, follow, max-snippet:-1, max-image-preview:large, max-video-preview:-1\" \/>\n<link rel=\"canonical\" href=\"https:\/\/www.silutesnaujienos.lt\/lt\/vilko-pedomis-isejusi-vasara-paliko-ir-vilkycius\/\" \/>\n<meta property=\"og:locale\" content=\"lt_LT\" \/>\n<meta property=\"og:type\" content=\"article\" \/>\n<meta property=\"og:title\" content=\"Vilko p\u0117domis i\u0161\u0117jusi vasara paliko ir Vilky\u010dius - \u0160ilut\u0117s naujienos\" \/>\n<meta property=\"og:description\" content=\"Vasarai riedant \u012f antr\u0105j\u0105 pus\u0119 tradici\u0161kai \u017dolin\u0117s dien\u0105 \u201eVilko p\u0117domis\u201c nu\u017eygiuoja ir Saug\u0173 seni\u016bnijos Vilky\u010di\u0173 kaimo \u017emon\u0117s. \u0160iemet \u0161i aktyvi bendruomen\u0117 irgi sureng\u0117&nbsp; savo kasmetin\u0119 \u0161vent\u0119, kurios metu ir v\u0117l pasid\u017eiaug\u0117 gra\u017eiu b\u016breliu savo ilgaam\u017ei\u0173 bei juos kei\u010dian\u010di\u0173 ir bendruomen\u0119 praturtinan\u010di\u0173 naujagimi\u0173, gra\u017eiausiai sodybas besitvarkan\u010diais bei dainuojan\u010diais ir \u0161okan\u010diais savo \u017emon\u0117mis.Be to, jie praturt\u0117jo \u017einiomis [&hellip;]\" \/>\n<meta property=\"og:url\" content=\"https:\/\/www.silutesnaujienos.lt\/lt\/vilko-pedomis-isejusi-vasara-paliko-ir-vilkycius\/\" \/>\n<meta property=\"og:site_name\" content=\"\u0160ilut\u0117s naujienos\" \/>\n<meta property=\"article:publisher\" content=\"https:\/\/www.facebook.com\/silutes.naujienos\/\" \/>\n<meta property=\"article:published_time\" content=\"2017-08-23T19:00:00+00:00\" \/>\n<meta property=\"og:image\" content=\"\/\/silutesnaujienos.lt\/images\/stories\/2017\/08\/22\/thumbnails\/thumb_Vilkyciu_svente_senoliai.jpg\" \/>\n<meta name=\"author\" content=\"\u0160ilut\u0117s naujien\u0173 inf.\" \/>\n<meta name=\"twitter:card\" content=\"summary_large_image\" \/>\n<meta name=\"twitter:label1\" content=\"Written by\" \/>\n\t<meta name=\"twitter:data1\" content=\"\u0160ilut\u0117s naujien\u0173 inf.\" \/>\n\t<meta name=\"twitter:label2\" content=\"Est. reading time\" \/>\n\t<meta name=\"twitter:data2\" content=\"5 minut\u0117s\" \/>\n<script type=\"application\/ld+json\" class=\"yoast-schema-graph\">{\"@context\":\"https:\\\/\\\/schema.org\",\"@graph\":[{\"@type\":\"Article\",\"@id\":\"https:\\\/\\\/www.silutesnaujienos.lt\\\/lt\\\/vilko-pedomis-isejusi-vasara-paliko-ir-vilkycius\\\/#article\",\"isPartOf\":{\"@id\":\"https:\\\/\\\/www.silutesnaujienos.lt\\\/lt\\\/vilko-pedomis-isejusi-vasara-paliko-ir-vilkycius\\\/\"},\"author\":{\"name\":\"\u0160ilut\u0117s naujien\u0173 inf.\",\"@id\":\"https:\\\/\\\/www.silutesnaujienos.lt\\\/lt\\\/#\\\/schema\\\/person\\\/976440ef837444400af3c77c19c61454\"},\"headline\":\"Vilko p\u0117domis i\u0161\u0117jusi vasara paliko ir Vilky\u010dius\",\"datePublished\":\"2017-08-23T19:00:00+00:00\",\"mainEntityOfPage\":{\"@id\":\"https:\\\/\\\/www.silutesnaujienos.lt\\\/lt\\\/vilko-pedomis-isejusi-vasara-paliko-ir-vilkycius\\\/\"},\"wordCount\":967,\"commentCount\":0,\"publisher\":{\"@id\":\"https:\\\/\\\/www.silutesnaujienos.lt\\\/lt\\\/#organization\"},\"articleSection\":[\"Kult\u016bra ir \u0161vietimas\"],\"inLanguage\":\"lt-LT\",\"potentialAction\":[{\"@type\":\"CommentAction\",\"name\":\"Comment\",\"target\":[\"https:\\\/\\\/www.silutesnaujienos.lt\\\/lt\\\/vilko-pedomis-isejusi-vasara-paliko-ir-vilkycius\\\/#respond\"]}]},{\"@type\":\"WebPage\",\"@id\":\"https:\\\/\\\/www.silutesnaujienos.lt\\\/lt\\\/vilko-pedomis-isejusi-vasara-paliko-ir-vilkycius\\\/\",\"url\":\"https:\\\/\\\/www.silutesnaujienos.lt\\\/lt\\\/vilko-pedomis-isejusi-vasara-paliko-ir-vilkycius\\\/\",\"name\":\"Vilko p\u0117domis i\u0161\u0117jusi vasara paliko ir Vilky\u010dius - \u0160ilut\u0117s naujienos\",\"isPartOf\":{\"@id\":\"https:\\\/\\\/www.silutesnaujienos.lt\\\/lt\\\/#website\"},\"datePublished\":\"2017-08-23T19:00:00+00:00\",\"breadcrumb\":{\"@id\":\"https:\\\/\\\/www.silutesnaujienos.lt\\\/lt\\\/vilko-pedomis-isejusi-vasara-paliko-ir-vilkycius\\\/#breadcrumb\"},\"inLanguage\":\"lt-LT\",\"potentialAction\":[{\"@type\":\"ReadAction\",\"target\":[\"https:\\\/\\\/www.silutesnaujienos.lt\\\/lt\\\/vilko-pedomis-isejusi-vasara-paliko-ir-vilkycius\\\/\"]}]},{\"@type\":\"BreadcrumbList\",\"@id\":\"https:\\\/\\\/www.silutesnaujienos.lt\\\/lt\\\/vilko-pedomis-isejusi-vasara-paliko-ir-vilkycius\\\/#breadcrumb\",\"itemListElement\":[{\"@type\":\"ListItem\",\"position\":1,\"name\":\"Home\",\"item\":\"https:\\\/\\\/www.silutesnaujienos.lt\\\/lt\\\/\"},{\"@type\":\"ListItem\",\"position\":2,\"name\":\"Vilko p\u0117domis i\u0161\u0117jusi vasara paliko ir Vilky\u010dius\"}]},{\"@type\":\"WebSite\",\"@id\":\"https:\\\/\\\/www.silutesnaujienos.lt\\\/lt\\\/#website\",\"url\":\"https:\\\/\\\/www.silutesnaujienos.lt\\\/lt\\\/\",\"name\":\"\u0160ilut\u0117s naujienos\",\"description\":\"B\u016bk ant naujien\u0173 bangos!\",\"publisher\":{\"@id\":\"https:\\\/\\\/www.silutesnaujienos.lt\\\/lt\\\/#organization\"},\"potentialAction\":[{\"@type\":\"SearchAction\",\"target\":{\"@type\":\"EntryPoint\",\"urlTemplate\":\"https:\\\/\\\/www.silutesnaujienos.lt\\\/lt\\\/?s={search_term_string}\"},\"query-input\":{\"@type\":\"PropertyValueSpecification\",\"valueRequired\":true,\"valueName\":\"search_term_string\"}}],\"inLanguage\":\"lt-LT\"},{\"@type\":\"Organization\",\"@id\":\"https:\\\/\\\/www.silutesnaujienos.lt\\\/lt\\\/#organization\",\"name\":\"\u0160ilut\u0117s naujienos\",\"url\":\"https:\\\/\\\/www.silutesnaujienos.lt\\\/lt\\\/\",\"logo\":{\"@type\":\"ImageObject\",\"inLanguage\":\"lt-LT\",\"@id\":\"https:\\\/\\\/www.silutesnaujienos.lt\\\/lt\\\/#\\\/schema\\\/logo\\\/image\\\/\",\"url\":\"https:\\\/\\\/www.silutesnaujienos.lt\\\/lt\\\/wp-content\\\/uploads\\\/2020\\\/06\\\/FB_MAIN.jpg\",\"contentUrl\":\"https:\\\/\\\/www.silutesnaujienos.lt\\\/lt\\\/wp-content\\\/uploads\\\/2020\\\/06\\\/FB_MAIN.jpg\",\"width\":1700,\"height\":956,\"caption\":\"\u0160ilut\u0117s naujienos\"},\"image\":{\"@id\":\"https:\\\/\\\/www.silutesnaujienos.lt\\\/lt\\\/#\\\/schema\\\/logo\\\/image\\\/\"},\"sameAs\":[\"https:\\\/\\\/www.facebook.com\\\/silutes.naujienos\\\/\",\"https:\\\/\\\/www.youtube.com\\\/channel\\\/UCxW-cgrJDt8GxIMxSTAfJZg\"]},{\"@type\":\"Person\",\"@id\":\"https:\\\/\\\/www.silutesnaujienos.lt\\\/lt\\\/#\\\/schema\\\/person\\\/976440ef837444400af3c77c19c61454\",\"name\":\"\u0160ilut\u0117s naujien\u0173 inf.\",\"image\":{\"@type\":\"ImageObject\",\"inLanguage\":\"lt-LT\",\"@id\":\"https:\\\/\\\/www.silutesnaujienos.lt\\\/lt\\\/wp-content\\\/uploads\\\/2020\\\/06\\\/favicon.png\",\"url\":\"https:\\\/\\\/www.silutesnaujienos.lt\\\/lt\\\/wp-content\\\/uploads\\\/2020\\\/06\\\/favicon.png\",\"contentUrl\":\"https:\\\/\\\/www.silutesnaujienos.lt\\\/lt\\\/wp-content\\\/uploads\\\/2020\\\/06\\\/favicon.png\",\"caption\":\"\u0160ilut\u0117s naujien\u0173 inf.\"},\"url\":\"https:\\\/\\\/www.silutesnaujienos.lt\\\/lt\\\/author\\\/vadas\\\/\"}]}<\/script>\n<!-- \/ Yoast SEO plugin. -->","yoast_head_json":{"title":"Vilko p\u0117domis i\u0161\u0117jusi vasara paliko ir Vilky\u010dius - \u0160ilut\u0117s naujienos","robots":{"index":"index","follow":"follow","max-snippet":"max-snippet:-1","max-image-preview":"max-image-preview:large","max-video-preview":"max-video-preview:-1"},"canonical":"https:\/\/www.silutesnaujienos.lt\/lt\/vilko-pedomis-isejusi-vasara-paliko-ir-vilkycius\/","og_locale":"lt_LT","og_type":"article","og_title":"Vilko p\u0117domis i\u0161\u0117jusi vasara paliko ir Vilky\u010dius - \u0160ilut\u0117s naujienos","og_description":"Vasarai riedant \u012f antr\u0105j\u0105 pus\u0119 tradici\u0161kai \u017dolin\u0117s dien\u0105 \u201eVilko p\u0117domis\u201c nu\u017eygiuoja ir Saug\u0173 seni\u016bnijos Vilky\u010di\u0173 kaimo \u017emon\u0117s. \u0160iemet \u0161i aktyvi bendruomen\u0117 irgi sureng\u0117&nbsp; savo kasmetin\u0119 \u0161vent\u0119, kurios metu ir v\u0117l pasid\u017eiaug\u0117 gra\u017eiu b\u016breliu savo ilgaam\u017ei\u0173 bei juos kei\u010dian\u010di\u0173 ir bendruomen\u0119 praturtinan\u010di\u0173 naujagimi\u0173, gra\u017eiausiai sodybas besitvarkan\u010diais bei dainuojan\u010diais ir \u0161okan\u010diais savo \u017emon\u0117mis.Be to, jie praturt\u0117jo \u017einiomis [&hellip;]","og_url":"https:\/\/www.silutesnaujienos.lt\/lt\/vilko-pedomis-isejusi-vasara-paliko-ir-vilkycius\/","og_site_name":"\u0160ilut\u0117s naujienos","article_publisher":"https:\/\/www.facebook.com\/silutes.naujienos\/","article_published_time":"2017-08-23T19:00:00+00:00","og_image":[{"url":"\/\/silutesnaujienos.lt\/images\/stories\/2017\/08\/22\/thumbnails\/thumb_Vilkyciu_svente_senoliai.jpg","type":"","width":"","height":""}],"author":"\u0160ilut\u0117s naujien\u0173 inf.","twitter_card":"summary_large_image","twitter_misc":{"Written by":"\u0160ilut\u0117s naujien\u0173 inf.","Est. reading time":"5 minut\u0117s"},"schema":{"@context":"https:\/\/schema.org","@graph":[{"@type":"Article","@id":"https:\/\/www.silutesnaujienos.lt\/lt\/vilko-pedomis-isejusi-vasara-paliko-ir-vilkycius\/#article","isPartOf":{"@id":"https:\/\/www.silutesnaujienos.lt\/lt\/vilko-pedomis-isejusi-vasara-paliko-ir-vilkycius\/"},"author":{"name":"\u0160ilut\u0117s naujien\u0173 inf.","@id":"https:\/\/www.silutesnaujienos.lt\/lt\/#\/schema\/person\/976440ef837444400af3c77c19c61454"},"headline":"Vilko p\u0117domis i\u0161\u0117jusi vasara paliko ir Vilky\u010dius","datePublished":"2017-08-23T19:00:00+00:00","mainEntityOfPage":{"@id":"https:\/\/www.silutesnaujienos.lt\/lt\/vilko-pedomis-isejusi-vasara-paliko-ir-vilkycius\/"},"wordCount":967,"commentCount":0,"publisher":{"@id":"https:\/\/www.silutesnaujienos.lt\/lt\/#organization"},"articleSection":["Kult\u016bra ir \u0161vietimas"],"inLanguage":"lt-LT","potentialAction":[{"@type":"CommentAction","name":"Comment","target":["https:\/\/www.silutesnaujienos.lt\/lt\/vilko-pedomis-isejusi-vasara-paliko-ir-vilkycius\/#respond"]}]},{"@type":"WebPage","@id":"https:\/\/www.silutesnaujienos.lt\/lt\/vilko-pedomis-isejusi-vasara-paliko-ir-vilkycius\/","url":"https:\/\/www.silutesnaujienos.lt\/lt\/vilko-pedomis-isejusi-vasara-paliko-ir-vilkycius\/","name":"Vilko p\u0117domis i\u0161\u0117jusi vasara paliko ir Vilky\u010dius - \u0160ilut\u0117s naujienos","isPartOf":{"@id":"https:\/\/www.silutesnaujienos.lt\/lt\/#website"},"datePublished":"2017-08-23T19:00:00+00:00","breadcrumb":{"@id":"https:\/\/www.silutesnaujienos.lt\/lt\/vilko-pedomis-isejusi-vasara-paliko-ir-vilkycius\/#breadcrumb"},"inLanguage":"lt-LT","potentialAction":[{"@type":"ReadAction","target":["https:\/\/www.silutesnaujienos.lt\/lt\/vilko-pedomis-isejusi-vasara-paliko-ir-vilkycius\/"]}]},{"@type":"BreadcrumbList","@id":"https:\/\/www.silutesnaujienos.lt\/lt\/vilko-pedomis-isejusi-vasara-paliko-ir-vilkycius\/#breadcrumb","itemListElement":[{"@type":"ListItem","position":1,"name":"Home","item":"https:\/\/www.silutesnaujienos.lt\/lt\/"},{"@type":"ListItem","position":2,"name":"Vilko p\u0117domis i\u0161\u0117jusi vasara paliko ir Vilky\u010dius"}]},{"@type":"WebSite","@id":"https:\/\/www.silutesnaujienos.lt\/lt\/#website","url":"https:\/\/www.silutesnaujienos.lt\/lt\/","name":"\u0160ilut\u0117s naujienos","description":"B\u016bk ant naujien\u0173 bangos!","publisher":{"@id":"https:\/\/www.silutesnaujienos.lt\/lt\/#organization"},"potentialAction":[{"@type":"SearchAction","target":{"@type":"EntryPoint","urlTemplate":"https:\/\/www.silutesnaujienos.lt\/lt\/?s={search_term_string}"},"query-input":{"@type":"PropertyValueSpecification","valueRequired":true,"valueName":"search_term_string"}}],"inLanguage":"lt-LT"},{"@type":"Organization","@id":"https:\/\/www.silutesnaujienos.lt\/lt\/#organization","name":"\u0160ilut\u0117s naujienos","url":"https:\/\/www.silutesnaujienos.lt\/lt\/","logo":{"@type":"ImageObject","inLanguage":"lt-LT","@id":"https:\/\/www.silutesnaujienos.lt\/lt\/#\/schema\/logo\/image\/","url":"https:\/\/www.silutesnaujienos.lt\/lt\/wp-content\/uploads\/2020\/06\/FB_MAIN.jpg","contentUrl":"https:\/\/www.silutesnaujienos.lt\/lt\/wp-content\/uploads\/2020\/06\/FB_MAIN.jpg","width":1700,"height":956,"caption":"\u0160ilut\u0117s naujienos"},"image":{"@id":"https:\/\/www.silutesnaujienos.lt\/lt\/#\/schema\/logo\/image\/"},"sameAs":["https:\/\/www.facebook.com\/silutes.naujienos\/","https:\/\/www.youtube.com\/channel\/UCxW-cgrJDt8GxIMxSTAfJZg"]},{"@type":"Person","@id":"https:\/\/www.silutesnaujienos.lt\/lt\/#\/schema\/person\/976440ef837444400af3c77c19c61454","name":"\u0160ilut\u0117s naujien\u0173 inf.","image":{"@type":"ImageObject","inLanguage":"lt-LT","@id":"https:\/\/www.silutesnaujienos.lt\/lt\/wp-content\/uploads\/2020\/06\/favicon.png","url":"https:\/\/www.silutesnaujienos.lt\/lt\/wp-content\/uploads\/2020\/06\/favicon.png","contentUrl":"https:\/\/www.silutesnaujienos.lt\/lt\/wp-content\/uploads\/2020\/06\/favicon.png","caption":"\u0160ilut\u0117s naujien\u0173 inf."},"url":"https:\/\/www.silutesnaujienos.lt\/lt\/author\/vadas\/"}]}},"publishpress_future_workflow_manual_trigger":{"enabledWorkflows":[]},"amp_enabled":true,"_links":{"self":[{"href":"https:\/\/www.silutesnaujienos.lt\/lt\/wp-json\/wp\/v2\/posts\/21014","targetHints":{"allow":["GET"]}}],"collection":[{"href":"https:\/\/www.silutesnaujienos.lt\/lt\/wp-json\/wp\/v2\/posts"}],"about":[{"href":"https:\/\/www.silutesnaujienos.lt\/lt\/wp-json\/wp\/v2\/types\/post"}],"author":[{"embeddable":true,"href":"https:\/\/www.silutesnaujienos.lt\/lt\/wp-json\/wp\/v2\/users\/2"}],"replies":[{"embeddable":true,"href":"https:\/\/www.silutesnaujienos.lt\/lt\/wp-json\/wp\/v2\/comments?post=21014"}],"version-history":[{"count":0,"href":"https:\/\/www.silutesnaujienos.lt\/lt\/wp-json\/wp\/v2\/posts\/21014\/revisions"}],"wp:attachment":[{"href":"https:\/\/www.silutesnaujienos.lt\/lt\/wp-json\/wp\/v2\/media?parent=21014"}],"wp:term":[{"taxonomy":"category","embeddable":true,"href":"https:\/\/www.silutesnaujienos.lt\/lt\/wp-json\/wp\/v2\/categories?post=21014"},{"taxonomy":"post_tag","embeddable":true,"href":"https:\/\/www.silutesnaujienos.lt\/lt\/wp-json\/wp\/v2\/tags?post=21014"}],"curies":[{"name":"wp","href":"https:\/\/api.w.org\/{rel}","templated":true}]}}