{"id":25629,"date":"2020-10-30T21:22:48","date_gmt":"2020-10-30T19:22:48","guid":{"rendered":"https:\/\/www.silutesnaujienos.lt\/lt\/?p=25629"},"modified":"2020-10-30T21:22:48","modified_gmt":"2020-10-30T19:22:48","slug":"vietinis-karantinas-gali-buti-paskelbtas-ir-silutes-savivaldybeje","status":"publish","type":"post","link":"https:\/\/www.silutesnaujienos.lt\/lt\/vietinis-karantinas-gali-buti-paskelbtas-ir-silutes-savivaldybeje\/","title":{"rendered":"Vietinis karantinas gali b\u016bti paskelbtas ir \u0160ilut\u0117s savivaldyb\u0117je"},"content":{"rendered":"<p>Siekiant suvaldyti koronaviruso (COVID-19) plitim\u0105, \u012f raudon\u0105 zon\u0105 patekusiose savivaldyb\u0117se privaloma ne tik laikytis specialist\u0173 rekomendacij\u0173 bei nurodym\u0173, bet ir gali b\u016bti sprend\u017eiama d\u0117l lokalaus karantino paskelbimo.<\/p>\n<p>SAM informuoja, kad sprendimai d\u0117l karantino paskelbimo konkre\u010diose savivaldyb\u0117se yra priimami tre\u010diadieniais Vyriausyb\u0117s pos\u0117dyje. Taigi, ar \u0161iose savivaldyb\u0117se bus \u012fvestas karantinas bus sprend\u017eiama kit\u0105 savait\u0119.<\/p>\n<p>\u0160iuo metu \u012f raudon\u0105j\u0105 zon\u0105 \u012ftrauktos 34 \u0161alies savivaldyb\u0117s, gelton\u0105j\u0105 \u2013 21, \u017eali\u0105j\u0105 \u2013 5.<\/p>\n<p>Vietiniai karantinai jau yra paskelbti 21 savivaldyb\u0117je: Elektr\u0117n\u0173, Joni\u0161kio rajono, Jurbarko rajono, Kelm\u0117s rajono, Klaip\u0117dos rajono, Kretingos rajono, Marijampol\u0117s, Pasvalio rajono, Plung\u0117s rajono, Skuodo rajono, \u0160iauli\u0173 rajono, \u0160ven\u010dioni\u0173 rajono, Kauno miesto, Klaip\u0117dos miesto, \u0160ilal\u0117s rajono, \u0160irvint\u0173 rajono, Tel\u0161i\u0173 rajono, Trak\u0173 rajono, Vilniaus miesto, Vilniaus rajono ir Raseini\u0173 rajono savivaldyb\u0117se.<\/p>\n<p>Atsi\u017evelgiant \u012f tarptautini\u0173 organizacij\u0173 rekomendacijas, \u0161alies savivaldyb\u0117s pagal epidemiologinius rodiklius yra skirstomi \u012f tris zonas \u2013 gelton\u0105, \u017eali\u0105 ir raudon\u0105.<\/p>\n<p>\u017dalioji zona rei\u0161kia, kad \u012f j\u0105 patenkan\u010diose savivaldyb\u0117se koronaviruso pavojaus lygis yra \u017eemas, o \u0161\u012f kriterij\u0173 atitinkan\u010dioms savivaldyb\u0117ms neb\u016btina taikyti papildom\u0173 ribojim\u0173. \u012e \u017eali\u0105 zon\u0105 patenka savivaldyb\u0117s, kuriose sergamumas ma\u017eesnis negu 25 atvejai 100 t\u016bkst. gyventoj\u0173 bei teigiam\u0173 tyrim\u0173 dalis per savait\u0119 yra ma\u017eesn\u0117 negu 4 proc.<\/p>\n<p>Geltonoji zona rei\u0161kia, kad joje esan\u010dios savivaldyb\u0117s, siekdamos suvaldyti tolimesn\u012f koronaviruso plitim\u0105, turi b\u016bti pasiruo\u0161usios bei atsakingai laikytis visuomen\u0117s sveikatos ekspert\u0173 rekomendacij\u0173. \u012e gelton\u0105j\u0105 zon\u0105 patenka savivaldyb\u0117s, kuriose sergamumas nevir\u0161ija 50 atvej\u0173 100 t\u016bkst. gyventoj\u0173, o teigiam\u0173 test\u0173 dalis \u2013 lygi arba didesn\u0117 negu 4 proc. arba sergamumas yra 25-150 atvej\u0173 100 t\u016bkst. gyventoj\u0173, o teigiam\u0173 test\u0173 \u2013 ma\u017eiau kaip 4 proc.<\/p>\n<p>\u012e raudon\u0105j\u0105 zon\u0105 patenka tos savivaldyb\u0117s, kuriose sergamumas vir\u0161ija 50 atvej\u0173 100 t\u016bkst. gyventoj\u0173, teigiam\u0173 test\u0173 dalis \u2013 4 proc. ir daugiau, o atvej\u0173, nesusijusi\u0173 su protr\u016bkiais ar \u017eidiniais, dalis yra 30 proc. ar daugiau per savait\u0119, arba tos, kuriose sergamumas bus didesnis negu 150 atvej\u0173 100 t\u016bkst. gyventoj\u0173 ir atvej\u0173, nesusijusi\u0173 su protr\u016bkiais ar \u017eidiniais, dalis yra 30 proc. ar daugiau per savait\u0119, t. y. savivaldyb\u0117je turi b\u016bti registruota ne ma\u017eiau kaip 10 atvej\u0173 per savait\u0119.<\/p>\n<p>Savivaldyb\u0117s vertinamos, atsi\u017evelgiant \u012f tris kriterijus: 14 dien\u0173 sergamumo rodikl\u012f 100 t\u016bkst. gyventoj\u0173, teigiam\u0173 tyrim\u0173 procentin\u0119 dal\u012f tarp vis\u0173 tyrim\u0173, atlikt\u0173 per 7 dienas, ir atvej\u0173, nesusijusi\u0173 su protr\u016bkiais ar \u017eidiniais, procentin\u0119 dal\u012f per 7 dienas.<\/p>\n","protected":false},"excerpt":{"rendered":"<p>Siekiant suvaldyti koronaviruso (COVID-19) plitim\u0105, \u012f raudon\u0105 zon\u0105 patekusiose savivaldyb\u0117se privaloma ne tik laikytis specialist\u0173 rekomendacij\u0173 bei nurodym\u0173, bet ir gali b\u016bti sprend\u017eiama d\u0117l lokalaus karantino paskelbimo. SAM informuoja, kad sprendimai d\u0117l karantino paskelbimo konkre\u010diose savivaldyb\u0117se yra priimami tre\u010diadieniais Vyriausyb\u0117s pos\u0117dyje. Taigi, ar \u0161iose savivaldyb\u0117se bus \u012fvestas karantinas bus sprend\u017eiama kit\u0105 savait\u0119. \u0160iuo metu \u012f [&hellip;]<\/p>\n","protected":false},"author":2,"featured_media":25630,"comment_status":"open","ping_status":"open","sticky":false,"template":"","format":"standard","meta":{"footnotes":""},"categories":[2],"tags":[614,47],"class_list":{"0":"post-25629","1":"post","2":"type-post","3":"status-publish","4":"format-standard","5":"has-post-thumbnail","7":"category-aktualijos","8":"tag-koronavirusas-siluteje","9":"tag-pirmasis"},"yoast_head":"<!-- This site is optimized with the Yoast SEO plugin v27.5 - https:\/\/yoast.com\/product\/yoast-seo-wordpress\/ -->\n<title>Vietinis karantinas gali b\u016bti paskelbtas ir \u0160ilut\u0117s savivaldyb\u0117je - \u0160ilut\u0117s naujienos<\/title>\n<meta name=\"robots\" content=\"index, follow, max-snippet:-1, max-image-preview:large, max-video-preview:-1\" \/>\n<link rel=\"canonical\" href=\"https:\/\/www.silutesnaujienos.lt\/lt\/vietinis-karantinas-gali-buti-paskelbtas-ir-silutes-savivaldybeje\/\" \/>\n<meta property=\"og:locale\" content=\"lt_LT\" \/>\n<meta property=\"og:type\" content=\"article\" \/>\n<meta property=\"og:title\" content=\"Vietinis karantinas gali b\u016bti paskelbtas ir \u0160ilut\u0117s savivaldyb\u0117je - \u0160ilut\u0117s naujienos\" \/>\n<meta property=\"og:description\" content=\"Siekiant suvaldyti koronaviruso (COVID-19) plitim\u0105, \u012f raudon\u0105 zon\u0105 patekusiose savivaldyb\u0117se privaloma ne tik laikytis specialist\u0173 rekomendacij\u0173 bei nurodym\u0173, bet ir gali b\u016bti sprend\u017eiama d\u0117l lokalaus karantino paskelbimo. SAM informuoja, kad sprendimai d\u0117l karantino paskelbimo konkre\u010diose savivaldyb\u0117se yra priimami tre\u010diadieniais Vyriausyb\u0117s pos\u0117dyje. Taigi, ar \u0161iose savivaldyb\u0117se bus \u012fvestas karantinas bus sprend\u017eiama kit\u0105 savait\u0119. \u0160iuo metu \u012f [&hellip;]\" \/>\n<meta property=\"og:url\" content=\"https:\/\/www.silutesnaujienos.lt\/lt\/vietinis-karantinas-gali-buti-paskelbtas-ir-silutes-savivaldybeje\/\" \/>\n<meta property=\"og:site_name\" content=\"\u0160ilut\u0117s naujienos\" \/>\n<meta property=\"article:publisher\" content=\"https:\/\/www.facebook.com\/silutes.naujienos\/\" \/>\n<meta property=\"article:published_time\" content=\"2020-10-30T19:22:48+00:00\" \/>\n<meta property=\"og:image\" content=\"https:\/\/www.silutesnaujienos.lt\/lt\/wp-content\/uploads\/2020\/10\/DJI_0094_OK-scaled.jpg\" \/>\n\t<meta property=\"og:image:width\" content=\"2560\" \/>\n\t<meta property=\"og:image:height\" content=\"1438\" \/>\n\t<meta property=\"og:image:type\" content=\"image\/jpeg\" \/>\n<meta name=\"author\" content=\"\u0160ilut\u0117s naujien\u0173 inf.\" \/>\n<meta name=\"twitter:card\" content=\"summary_large_image\" \/>\n<meta name=\"twitter:label1\" content=\"Written by\" \/>\n\t<meta name=\"twitter:data1\" content=\"\u0160ilut\u0117s naujien\u0173 inf.\" \/>\n\t<meta name=\"twitter:label2\" content=\"Est. reading time\" \/>\n\t<meta name=\"twitter:data2\" content=\"2 minut\u0117s\" \/>\n<script type=\"application\/ld+json\" class=\"yoast-schema-graph\">{\"@context\":\"https:\\\/\\\/schema.org\",\"@graph\":[{\"@type\":\"Article\",\"@id\":\"https:\\\/\\\/www.silutesnaujienos.lt\\\/lt\\\/vietinis-karantinas-gali-buti-paskelbtas-ir-silutes-savivaldybeje\\\/#article\",\"isPartOf\":{\"@id\":\"https:\\\/\\\/www.silutesnaujienos.lt\\\/lt\\\/vietinis-karantinas-gali-buti-paskelbtas-ir-silutes-savivaldybeje\\\/\"},\"author\":{\"name\":\"\u0160ilut\u0117s naujien\u0173 inf.\",\"@id\":\"https:\\\/\\\/www.silutesnaujienos.lt\\\/lt\\\/#\\\/schema\\\/person\\\/976440ef837444400af3c77c19c61454\"},\"headline\":\"Vietinis karantinas gali b\u016bti paskelbtas ir \u0160ilut\u0117s savivaldyb\u0117je\",\"datePublished\":\"2020-10-30T19:22:48+00:00\",\"mainEntityOfPage\":{\"@id\":\"https:\\\/\\\/www.silutesnaujienos.lt\\\/lt\\\/vietinis-karantinas-gali-buti-paskelbtas-ir-silutes-savivaldybeje\\\/\"},\"wordCount\":395,\"commentCount\":0,\"publisher\":{\"@id\":\"https:\\\/\\\/www.silutesnaujienos.lt\\\/lt\\\/#organization\"},\"image\":{\"@id\":\"https:\\\/\\\/www.silutesnaujienos.lt\\\/lt\\\/vietinis-karantinas-gali-buti-paskelbtas-ir-silutes-savivaldybeje\\\/#primaryimage\"},\"thumbnailUrl\":\"https:\\\/\\\/www.silutesnaujienos.lt\\\/lt\\\/wp-content\\\/uploads\\\/2020\\\/10\\\/DJI_0094_OK-scaled.jpg\",\"keywords\":[\"Koronavirusas \u0160ilut\u0117je\",\"Pirmasis\"],\"articleSection\":[\"Aktualijos\"],\"inLanguage\":\"lt-LT\",\"potentialAction\":[{\"@type\":\"CommentAction\",\"name\":\"Comment\",\"target\":[\"https:\\\/\\\/www.silutesnaujienos.lt\\\/lt\\\/vietinis-karantinas-gali-buti-paskelbtas-ir-silutes-savivaldybeje\\\/#respond\"]}]},{\"@type\":\"WebPage\",\"@id\":\"https:\\\/\\\/www.silutesnaujienos.lt\\\/lt\\\/vietinis-karantinas-gali-buti-paskelbtas-ir-silutes-savivaldybeje\\\/\",\"url\":\"https:\\\/\\\/www.silutesnaujienos.lt\\\/lt\\\/vietinis-karantinas-gali-buti-paskelbtas-ir-silutes-savivaldybeje\\\/\",\"name\":\"Vietinis karantinas gali b\u016bti paskelbtas ir \u0160ilut\u0117s savivaldyb\u0117je - \u0160ilut\u0117s naujienos\",\"isPartOf\":{\"@id\":\"https:\\\/\\\/www.silutesnaujienos.lt\\\/lt\\\/#website\"},\"primaryImageOfPage\":{\"@id\":\"https:\\\/\\\/www.silutesnaujienos.lt\\\/lt\\\/vietinis-karantinas-gali-buti-paskelbtas-ir-silutes-savivaldybeje\\\/#primaryimage\"},\"image\":{\"@id\":\"https:\\\/\\\/www.silutesnaujienos.lt\\\/lt\\\/vietinis-karantinas-gali-buti-paskelbtas-ir-silutes-savivaldybeje\\\/#primaryimage\"},\"thumbnailUrl\":\"https:\\\/\\\/www.silutesnaujienos.lt\\\/lt\\\/wp-content\\\/uploads\\\/2020\\\/10\\\/DJI_0094_OK-scaled.jpg\",\"datePublished\":\"2020-10-30T19:22:48+00:00\",\"breadcrumb\":{\"@id\":\"https:\\\/\\\/www.silutesnaujienos.lt\\\/lt\\\/vietinis-karantinas-gali-buti-paskelbtas-ir-silutes-savivaldybeje\\\/#breadcrumb\"},\"inLanguage\":\"lt-LT\",\"potentialAction\":[{\"@type\":\"ReadAction\",\"target\":[\"https:\\\/\\\/www.silutesnaujienos.lt\\\/lt\\\/vietinis-karantinas-gali-buti-paskelbtas-ir-silutes-savivaldybeje\\\/\"]}]},{\"@type\":\"ImageObject\",\"inLanguage\":\"lt-LT\",\"@id\":\"https:\\\/\\\/www.silutesnaujienos.lt\\\/lt\\\/vietinis-karantinas-gali-buti-paskelbtas-ir-silutes-savivaldybeje\\\/#primaryimage\",\"url\":\"https:\\\/\\\/www.silutesnaujienos.lt\\\/lt\\\/wp-content\\\/uploads\\\/2020\\\/10\\\/DJI_0094_OK-scaled.jpg\",\"contentUrl\":\"https:\\\/\\\/www.silutesnaujienos.lt\\\/lt\\\/wp-content\\\/uploads\\\/2020\\\/10\\\/DJI_0094_OK-scaled.jpg\",\"width\":2560,\"height\":1438,\"caption\":\"\u0160ilut\u0117. Ovidijaus Kuldos nuotr.\"},{\"@type\":\"BreadcrumbList\",\"@id\":\"https:\\\/\\\/www.silutesnaujienos.lt\\\/lt\\\/vietinis-karantinas-gali-buti-paskelbtas-ir-silutes-savivaldybeje\\\/#breadcrumb\",\"itemListElement\":[{\"@type\":\"ListItem\",\"position\":1,\"name\":\"Home\",\"item\":\"https:\\\/\\\/www.silutesnaujienos.lt\\\/lt\\\/\"},{\"@type\":\"ListItem\",\"position\":2,\"name\":\"Vietinis karantinas gali b\u016bti paskelbtas ir \u0160ilut\u0117s savivaldyb\u0117je\"}]},{\"@type\":\"WebSite\",\"@id\":\"https:\\\/\\\/www.silutesnaujienos.lt\\\/lt\\\/#website\",\"url\":\"https:\\\/\\\/www.silutesnaujienos.lt\\\/lt\\\/\",\"name\":\"\u0160ilut\u0117s naujienos\",\"description\":\"B\u016bk ant naujien\u0173 bangos!\",\"publisher\":{\"@id\":\"https:\\\/\\\/www.silutesnaujienos.lt\\\/lt\\\/#organization\"},\"potentialAction\":[{\"@type\":\"SearchAction\",\"target\":{\"@type\":\"EntryPoint\",\"urlTemplate\":\"https:\\\/\\\/www.silutesnaujienos.lt\\\/lt\\\/?s={search_term_string}\"},\"query-input\":{\"@type\":\"PropertyValueSpecification\",\"valueRequired\":true,\"valueName\":\"search_term_string\"}}],\"inLanguage\":\"lt-LT\"},{\"@type\":\"Organization\",\"@id\":\"https:\\\/\\\/www.silutesnaujienos.lt\\\/lt\\\/#organization\",\"name\":\"\u0160ilut\u0117s naujienos\",\"url\":\"https:\\\/\\\/www.silutesnaujienos.lt\\\/lt\\\/\",\"logo\":{\"@type\":\"ImageObject\",\"inLanguage\":\"lt-LT\",\"@id\":\"https:\\\/\\\/www.silutesnaujienos.lt\\\/lt\\\/#\\\/schema\\\/logo\\\/image\\\/\",\"url\":\"https:\\\/\\\/www.silutesnaujienos.lt\\\/lt\\\/wp-content\\\/uploads\\\/2020\\\/06\\\/FB_MAIN.jpg\",\"contentUrl\":\"https:\\\/\\\/www.silutesnaujienos.lt\\\/lt\\\/wp-content\\\/uploads\\\/2020\\\/06\\\/FB_MAIN.jpg\",\"width\":1700,\"height\":956,\"caption\":\"\u0160ilut\u0117s naujienos\"},\"image\":{\"@id\":\"https:\\\/\\\/www.silutesnaujienos.lt\\\/lt\\\/#\\\/schema\\\/logo\\\/image\\\/\"},\"sameAs\":[\"https:\\\/\\\/www.facebook.com\\\/silutes.naujienos\\\/\",\"https:\\\/\\\/www.youtube.com\\\/channel\\\/UCxW-cgrJDt8GxIMxSTAfJZg\"]},{\"@type\":\"Person\",\"@id\":\"https:\\\/\\\/www.silutesnaujienos.lt\\\/lt\\\/#\\\/schema\\\/person\\\/976440ef837444400af3c77c19c61454\",\"name\":\"\u0160ilut\u0117s naujien\u0173 inf.\",\"image\":{\"@type\":\"ImageObject\",\"inLanguage\":\"lt-LT\",\"@id\":\"https:\\\/\\\/www.silutesnaujienos.lt\\\/lt\\\/wp-content\\\/uploads\\\/2020\\\/06\\\/favicon.png\",\"url\":\"https:\\\/\\\/www.silutesnaujienos.lt\\\/lt\\\/wp-content\\\/uploads\\\/2020\\\/06\\\/favicon.png\",\"contentUrl\":\"https:\\\/\\\/www.silutesnaujienos.lt\\\/lt\\\/wp-content\\\/uploads\\\/2020\\\/06\\\/favicon.png\",\"caption\":\"\u0160ilut\u0117s naujien\u0173 inf.\"},\"url\":\"https:\\\/\\\/www.silutesnaujienos.lt\\\/lt\\\/author\\\/vadas\\\/\"}]}<\/script>\n<!-- \/ Yoast SEO plugin. -->","yoast_head_json":{"title":"Vietinis karantinas gali b\u016bti paskelbtas ir \u0160ilut\u0117s savivaldyb\u0117je - \u0160ilut\u0117s naujienos","robots":{"index":"index","follow":"follow","max-snippet":"max-snippet:-1","max-image-preview":"max-image-preview:large","max-video-preview":"max-video-preview:-1"},"canonical":"https:\/\/www.silutesnaujienos.lt\/lt\/vietinis-karantinas-gali-buti-paskelbtas-ir-silutes-savivaldybeje\/","og_locale":"lt_LT","og_type":"article","og_title":"Vietinis karantinas gali b\u016bti paskelbtas ir \u0160ilut\u0117s savivaldyb\u0117je - \u0160ilut\u0117s naujienos","og_description":"Siekiant suvaldyti koronaviruso (COVID-19) plitim\u0105, \u012f raudon\u0105 zon\u0105 patekusiose savivaldyb\u0117se privaloma ne tik laikytis specialist\u0173 rekomendacij\u0173 bei nurodym\u0173, bet ir gali b\u016bti sprend\u017eiama d\u0117l lokalaus karantino paskelbimo. SAM informuoja, kad sprendimai d\u0117l karantino paskelbimo konkre\u010diose savivaldyb\u0117se yra priimami tre\u010diadieniais Vyriausyb\u0117s pos\u0117dyje. Taigi, ar \u0161iose savivaldyb\u0117se bus \u012fvestas karantinas bus sprend\u017eiama kit\u0105 savait\u0119. \u0160iuo metu \u012f [&hellip;]","og_url":"https:\/\/www.silutesnaujienos.lt\/lt\/vietinis-karantinas-gali-buti-paskelbtas-ir-silutes-savivaldybeje\/","og_site_name":"\u0160ilut\u0117s naujienos","article_publisher":"https:\/\/www.facebook.com\/silutes.naujienos\/","article_published_time":"2020-10-30T19:22:48+00:00","og_image":[{"width":2560,"height":1438,"url":"https:\/\/www.silutesnaujienos.lt\/lt\/wp-content\/uploads\/2020\/10\/DJI_0094_OK-scaled.jpg","type":"image\/jpeg"}],"author":"\u0160ilut\u0117s naujien\u0173 inf.","twitter_card":"summary_large_image","twitter_misc":{"Written by":"\u0160ilut\u0117s naujien\u0173 inf.","Est. reading time":"2 minut\u0117s"},"schema":{"@context":"https:\/\/schema.org","@graph":[{"@type":"Article","@id":"https:\/\/www.silutesnaujienos.lt\/lt\/vietinis-karantinas-gali-buti-paskelbtas-ir-silutes-savivaldybeje\/#article","isPartOf":{"@id":"https:\/\/www.silutesnaujienos.lt\/lt\/vietinis-karantinas-gali-buti-paskelbtas-ir-silutes-savivaldybeje\/"},"author":{"name":"\u0160ilut\u0117s naujien\u0173 inf.","@id":"https:\/\/www.silutesnaujienos.lt\/lt\/#\/schema\/person\/976440ef837444400af3c77c19c61454"},"headline":"Vietinis karantinas gali b\u016bti paskelbtas ir \u0160ilut\u0117s savivaldyb\u0117je","datePublished":"2020-10-30T19:22:48+00:00","mainEntityOfPage":{"@id":"https:\/\/www.silutesnaujienos.lt\/lt\/vietinis-karantinas-gali-buti-paskelbtas-ir-silutes-savivaldybeje\/"},"wordCount":395,"commentCount":0,"publisher":{"@id":"https:\/\/www.silutesnaujienos.lt\/lt\/#organization"},"image":{"@id":"https:\/\/www.silutesnaujienos.lt\/lt\/vietinis-karantinas-gali-buti-paskelbtas-ir-silutes-savivaldybeje\/#primaryimage"},"thumbnailUrl":"https:\/\/www.silutesnaujienos.lt\/lt\/wp-content\/uploads\/2020\/10\/DJI_0094_OK-scaled.jpg","keywords":["Koronavirusas \u0160ilut\u0117je","Pirmasis"],"articleSection":["Aktualijos"],"inLanguage":"lt-LT","potentialAction":[{"@type":"CommentAction","name":"Comment","target":["https:\/\/www.silutesnaujienos.lt\/lt\/vietinis-karantinas-gali-buti-paskelbtas-ir-silutes-savivaldybeje\/#respond"]}]},{"@type":"WebPage","@id":"https:\/\/www.silutesnaujienos.lt\/lt\/vietinis-karantinas-gali-buti-paskelbtas-ir-silutes-savivaldybeje\/","url":"https:\/\/www.silutesnaujienos.lt\/lt\/vietinis-karantinas-gali-buti-paskelbtas-ir-silutes-savivaldybeje\/","name":"Vietinis karantinas gali b\u016bti paskelbtas ir \u0160ilut\u0117s savivaldyb\u0117je - \u0160ilut\u0117s naujienos","isPartOf":{"@id":"https:\/\/www.silutesnaujienos.lt\/lt\/#website"},"primaryImageOfPage":{"@id":"https:\/\/www.silutesnaujienos.lt\/lt\/vietinis-karantinas-gali-buti-paskelbtas-ir-silutes-savivaldybeje\/#primaryimage"},"image":{"@id":"https:\/\/www.silutesnaujienos.lt\/lt\/vietinis-karantinas-gali-buti-paskelbtas-ir-silutes-savivaldybeje\/#primaryimage"},"thumbnailUrl":"https:\/\/www.silutesnaujienos.lt\/lt\/wp-content\/uploads\/2020\/10\/DJI_0094_OK-scaled.jpg","datePublished":"2020-10-30T19:22:48+00:00","breadcrumb":{"@id":"https:\/\/www.silutesnaujienos.lt\/lt\/vietinis-karantinas-gali-buti-paskelbtas-ir-silutes-savivaldybeje\/#breadcrumb"},"inLanguage":"lt-LT","potentialAction":[{"@type":"ReadAction","target":["https:\/\/www.silutesnaujienos.lt\/lt\/vietinis-karantinas-gali-buti-paskelbtas-ir-silutes-savivaldybeje\/"]}]},{"@type":"ImageObject","inLanguage":"lt-LT","@id":"https:\/\/www.silutesnaujienos.lt\/lt\/vietinis-karantinas-gali-buti-paskelbtas-ir-silutes-savivaldybeje\/#primaryimage","url":"https:\/\/www.silutesnaujienos.lt\/lt\/wp-content\/uploads\/2020\/10\/DJI_0094_OK-scaled.jpg","contentUrl":"https:\/\/www.silutesnaujienos.lt\/lt\/wp-content\/uploads\/2020\/10\/DJI_0094_OK-scaled.jpg","width":2560,"height":1438,"caption":"\u0160ilut\u0117. Ovidijaus Kuldos nuotr."},{"@type":"BreadcrumbList","@id":"https:\/\/www.silutesnaujienos.lt\/lt\/vietinis-karantinas-gali-buti-paskelbtas-ir-silutes-savivaldybeje\/#breadcrumb","itemListElement":[{"@type":"ListItem","position":1,"name":"Home","item":"https:\/\/www.silutesnaujienos.lt\/lt\/"},{"@type":"ListItem","position":2,"name":"Vietinis karantinas gali b\u016bti paskelbtas ir \u0160ilut\u0117s savivaldyb\u0117je"}]},{"@type":"WebSite","@id":"https:\/\/www.silutesnaujienos.lt\/lt\/#website","url":"https:\/\/www.silutesnaujienos.lt\/lt\/","name":"\u0160ilut\u0117s naujienos","description":"B\u016bk ant naujien\u0173 bangos!","publisher":{"@id":"https:\/\/www.silutesnaujienos.lt\/lt\/#organization"},"potentialAction":[{"@type":"SearchAction","target":{"@type":"EntryPoint","urlTemplate":"https:\/\/www.silutesnaujienos.lt\/lt\/?s={search_term_string}"},"query-input":{"@type":"PropertyValueSpecification","valueRequired":true,"valueName":"search_term_string"}}],"inLanguage":"lt-LT"},{"@type":"Organization","@id":"https:\/\/www.silutesnaujienos.lt\/lt\/#organization","name":"\u0160ilut\u0117s naujienos","url":"https:\/\/www.silutesnaujienos.lt\/lt\/","logo":{"@type":"ImageObject","inLanguage":"lt-LT","@id":"https:\/\/www.silutesnaujienos.lt\/lt\/#\/schema\/logo\/image\/","url":"https:\/\/www.silutesnaujienos.lt\/lt\/wp-content\/uploads\/2020\/06\/FB_MAIN.jpg","contentUrl":"https:\/\/www.silutesnaujienos.lt\/lt\/wp-content\/uploads\/2020\/06\/FB_MAIN.jpg","width":1700,"height":956,"caption":"\u0160ilut\u0117s naujienos"},"image":{"@id":"https:\/\/www.silutesnaujienos.lt\/lt\/#\/schema\/logo\/image\/"},"sameAs":["https:\/\/www.facebook.com\/silutes.naujienos\/","https:\/\/www.youtube.com\/channel\/UCxW-cgrJDt8GxIMxSTAfJZg"]},{"@type":"Person","@id":"https:\/\/www.silutesnaujienos.lt\/lt\/#\/schema\/person\/976440ef837444400af3c77c19c61454","name":"\u0160ilut\u0117s naujien\u0173 inf.","image":{"@type":"ImageObject","inLanguage":"lt-LT","@id":"https:\/\/www.silutesnaujienos.lt\/lt\/wp-content\/uploads\/2020\/06\/favicon.png","url":"https:\/\/www.silutesnaujienos.lt\/lt\/wp-content\/uploads\/2020\/06\/favicon.png","contentUrl":"https:\/\/www.silutesnaujienos.lt\/lt\/wp-content\/uploads\/2020\/06\/favicon.png","caption":"\u0160ilut\u0117s naujien\u0173 inf."},"url":"https:\/\/www.silutesnaujienos.lt\/lt\/author\/vadas\/"}]}},"publishpress_future_workflow_manual_trigger":{"enabledWorkflows":[]},"amp_enabled":true,"_links":{"self":[{"href":"https:\/\/www.silutesnaujienos.lt\/lt\/wp-json\/wp\/v2\/posts\/25629","targetHints":{"allow":["GET"]}}],"collection":[{"href":"https:\/\/www.silutesnaujienos.lt\/lt\/wp-json\/wp\/v2\/posts"}],"about":[{"href":"https:\/\/www.silutesnaujienos.lt\/lt\/wp-json\/wp\/v2\/types\/post"}],"author":[{"embeddable":true,"href":"https:\/\/www.silutesnaujienos.lt\/lt\/wp-json\/wp\/v2\/users\/2"}],"replies":[{"embeddable":true,"href":"https:\/\/www.silutesnaujienos.lt\/lt\/wp-json\/wp\/v2\/comments?post=25629"}],"version-history":[{"count":1,"href":"https:\/\/www.silutesnaujienos.lt\/lt\/wp-json\/wp\/v2\/posts\/25629\/revisions"}],"predecessor-version":[{"id":25631,"href":"https:\/\/www.silutesnaujienos.lt\/lt\/wp-json\/wp\/v2\/posts\/25629\/revisions\/25631"}],"wp:featuredmedia":[{"embeddable":true,"href":"https:\/\/www.silutesnaujienos.lt\/lt\/wp-json\/wp\/v2\/media\/25630"}],"wp:attachment":[{"href":"https:\/\/www.silutesnaujienos.lt\/lt\/wp-json\/wp\/v2\/media?parent=25629"}],"wp:term":[{"taxonomy":"category","embeddable":true,"href":"https:\/\/www.silutesnaujienos.lt\/lt\/wp-json\/wp\/v2\/categories?post=25629"},{"taxonomy":"post_tag","embeddable":true,"href":"https:\/\/www.silutesnaujienos.lt\/lt\/wp-json\/wp\/v2\/tags?post=25629"}],"curies":[{"name":"wp","href":"https:\/\/api.w.org\/{rel}","templated":true}]}}