{"id":30796,"date":"2021-05-26T12:00:43","date_gmt":"2021-05-26T09:00:43","guid":{"rendered":"https:\/\/www.silutesnaujienos.lt\/lt\/?p=30796"},"modified":"2021-05-24T11:41:58","modified_gmt":"2021-05-24T08:41:58","slug":"saule-norvaisaite-meno-mokykloje-augau-kaip-savarankiska-asmenybe","status":"publish","type":"post","link":"https:\/\/www.silutesnaujienos.lt\/lt\/saule-norvaisaite-meno-mokykloje-augau-kaip-savarankiska-asmenybe\/","title":{"rendered":"Saul\u0117 Norvai\u0161ait\u0117: \u201eMeno mokykloje augau kaip savaranki\u0161ka asmenyb\u0117\u201c"},"content":{"rendered":"<p>Nuo ma\u017eens mano gyvenimas sukasi ant scenos. Muzika ir \u0161okis mane kaip ma\u017e\u0105 vaik\u0105 apgaubia ir su\u0161ildo. Mo\u010diut\u0117, jau dar\u017eelyje pama\u010diusi tok\u012f atsidavim\u0105 muzikai paskatino mane stoti \u012f tuomet vadinam\u0105 \u0160ilut\u0117s muzikos mokykl\u0105. \u0160e\u0161eri\u0173 met\u0173 \u012fstojau ir prad\u0117jau mokytis pas mokytoj\u0105 Liud\u0105 Ka\u0161\u0117tien\u0119 fortepijono specialyb\u0117s. Visos valandos, praleistos \u0160ilut\u0117s meno mokykloje buvo pilnos d\u017eiaugsmo, li\u016bdesio, juoko, a\u0161ar\u0173, meil\u0117s ir \u0161ilumos. \u010cia a\u0161 augau kaip savaranki\u0161ka asmenyb\u0117, i\u0161mokau i\u0161reik\u0161ti save per muzik\u0105 ir vis\u0105 save atiduoti auditorijai. Tur\u0117jau \u012fveikti daug i\u0161\u0161\u016bki\u0173, kad atsidur\u010diau kur dabar esu, ta\u010diau tai dariau ne viena, visk\u0105 \u012fveikti man pad\u0117jo bendraklasiai, \u0161eima ir mano mylima mokytoja.<\/p>\n<p>\u0160ilut\u0117s meno mokykloje ne tik grojau fortepijonu, bet ir dainavau chore, ansamblyje, kuriems vadovavo dabartin\u0117 mokyklos direktor\u0117 Daiva Pielikien\u0117. Kelion\u0117s su draugais ir mokytojais \u012f dain\u0173 \u0161ventes, televizijos konkurs\u0105 \u201eDain\u0173 dainel\u0117\u201c man buvo vienos i\u0161 \u012fsimintiniausi\u0173. Repeticijos, koncertai, konkursai ir \u012fvairiausi nesusipratimai mane paruo\u0161\u0117 kaip asmenyb\u0119 greitai reaguoti ir rasti i\u0161eit\u012f. B\u016bdama \u0160ilut\u0117s meno mokyklos mokini\u0173 taryboje atradau s\u0105saj\u0173 su kitomis sritimis &#8211; daile, \u0161okiu. Su dail\u0117s ir muzikos mokytoj\u0173 pagalba organizavau renginius, bendradarbiavau \u012fvairiuose projektuose. Visa veikla su mokiniais ir mokytojais i\u0161mok\u0117 mane branginti kiekvien\u0105 nuostabi\u0105 akimirk\u0105. \u0160il\u010diausi prisiminimai i\u0161liko ir dar i\u0161liks ilgai.<\/p>\n<p>Visai \u0160ilut\u0117s meno mokyklos bendruomenei linkiu didelio u\u017esidegimo ir daug meil\u0117s pasirinktai sri\u010diai! Su gimtadieniu, mano mylima mokykla!<\/p>\n","protected":false},"excerpt":{"rendered":"<p>Nuo ma\u017eens mano gyvenimas sukasi ant scenos. Muzika ir \u0161okis mane kaip ma\u017e\u0105 vaik\u0105 apgaubia ir su\u0161ildo. Mo\u010diut\u0117, jau dar\u017eelyje pama\u010diusi tok\u012f atsidavim\u0105 muzikai paskatino mane stoti \u012f tuomet vadinam\u0105 \u0160ilut\u0117s muzikos mokykl\u0105. \u0160e\u0161eri\u0173 met\u0173 \u012fstojau ir prad\u0117jau mokytis pas mokytoj\u0105 Liud\u0105 Ka\u0161\u0117tien\u0119 fortepijono specialyb\u0117s. Visos valandos, praleistos \u0160ilut\u0117s meno mokykloje buvo pilnos d\u017eiaugsmo, li\u016bdesio, [&hellip;]<\/p>\n","protected":false},"author":2,"featured_media":30797,"comment_status":"open","ping_status":"open","sticky":false,"template":"","format":"standard","meta":{"footnotes":""},"categories":[51],"tags":[1994,47],"class_list":{"0":"post-30796","1":"post","2":"type-post","3":"status-publish","4":"format-standard","5":"has-post-thumbnail","7":"category-kultura-ir-svietimas","8":"tag-meno-mokykla","9":"tag-pirmasis"},"yoast_head":"<!-- This site is optimized with the Yoast SEO plugin v27.5 - https:\/\/yoast.com\/product\/yoast-seo-wordpress\/ -->\n<title>Saul\u0117 Norvai\u0161ait\u0117: \u201eMeno mokykloje augau kaip savaranki\u0161ka asmenyb\u0117\u201c - \u0160ilut\u0117s naujienos<\/title>\n<meta name=\"robots\" content=\"index, follow, max-snippet:-1, max-image-preview:large, max-video-preview:-1\" \/>\n<link rel=\"canonical\" href=\"https:\/\/www.silutesnaujienos.lt\/lt\/saule-norvaisaite-meno-mokykloje-augau-kaip-savarankiska-asmenybe\/\" \/>\n<meta property=\"og:locale\" content=\"lt_LT\" \/>\n<meta property=\"og:type\" content=\"article\" \/>\n<meta property=\"og:title\" content=\"Saul\u0117 Norvai\u0161ait\u0117: \u201eMeno mokykloje augau kaip savaranki\u0161ka asmenyb\u0117\u201c - \u0160ilut\u0117s naujienos\" \/>\n<meta property=\"og:description\" content=\"Nuo ma\u017eens mano gyvenimas sukasi ant scenos. Muzika ir \u0161okis mane kaip ma\u017e\u0105 vaik\u0105 apgaubia ir su\u0161ildo. Mo\u010diut\u0117, jau dar\u017eelyje pama\u010diusi tok\u012f atsidavim\u0105 muzikai paskatino mane stoti \u012f tuomet vadinam\u0105 \u0160ilut\u0117s muzikos mokykl\u0105. \u0160e\u0161eri\u0173 met\u0173 \u012fstojau ir prad\u0117jau mokytis pas mokytoj\u0105 Liud\u0105 Ka\u0161\u0117tien\u0119 fortepijono specialyb\u0117s. Visos valandos, praleistos \u0160ilut\u0117s meno mokykloje buvo pilnos d\u017eiaugsmo, li\u016bdesio, [&hellip;]\" \/>\n<meta property=\"og:url\" content=\"https:\/\/www.silutesnaujienos.lt\/lt\/saule-norvaisaite-meno-mokykloje-augau-kaip-savarankiska-asmenybe\/\" \/>\n<meta property=\"og:site_name\" content=\"\u0160ilut\u0117s naujienos\" \/>\n<meta property=\"article:publisher\" content=\"https:\/\/www.facebook.com\/silutes.naujienos\/\" \/>\n<meta property=\"article:published_time\" content=\"2021-05-26T09:00:43+00:00\" \/>\n<meta property=\"og:image\" content=\"https:\/\/www.silutesnaujienos.lt\/lt\/wp-content\/uploads\/2021\/05\/Norvaisaite-Meno-m-scaled-e1621571871408.jpg\" \/>\n\t<meta property=\"og:image:width\" content=\"1200\" \/>\n\t<meta property=\"og:image:height\" content=\"800\" \/>\n\t<meta property=\"og:image:type\" content=\"image\/jpeg\" \/>\n<meta name=\"author\" content=\"\u0160ilut\u0117s naujien\u0173 inf.\" \/>\n<meta name=\"twitter:card\" content=\"summary_large_image\" \/>\n<meta name=\"twitter:label1\" content=\"Written by\" \/>\n\t<meta name=\"twitter:data1\" content=\"\u0160ilut\u0117s naujien\u0173 inf.\" \/>\n\t<meta name=\"twitter:label2\" content=\"Est. reading time\" \/>\n\t<meta name=\"twitter:data2\" content=\"1 minut\u0117\" \/>\n<script type=\"application\/ld+json\" class=\"yoast-schema-graph\">{\"@context\":\"https:\\\/\\\/schema.org\",\"@graph\":[{\"@type\":\"Article\",\"@id\":\"https:\\\/\\\/www.silutesnaujienos.lt\\\/lt\\\/saule-norvaisaite-meno-mokykloje-augau-kaip-savarankiska-asmenybe\\\/#article\",\"isPartOf\":{\"@id\":\"https:\\\/\\\/www.silutesnaujienos.lt\\\/lt\\\/saule-norvaisaite-meno-mokykloje-augau-kaip-savarankiska-asmenybe\\\/\"},\"author\":{\"name\":\"\u0160ilut\u0117s naujien\u0173 inf.\",\"@id\":\"https:\\\/\\\/www.silutesnaujienos.lt\\\/lt\\\/#\\\/schema\\\/person\\\/976440ef837444400af3c77c19c61454\"},\"headline\":\"Saul\u0117 Norvai\u0161ait\u0117: \u201eMeno mokykloje augau kaip savaranki\u0161ka asmenyb\u0117\u201c\",\"datePublished\":\"2021-05-26T09:00:43+00:00\",\"mainEntityOfPage\":{\"@id\":\"https:\\\/\\\/www.silutesnaujienos.lt\\\/lt\\\/saule-norvaisaite-meno-mokykloje-augau-kaip-savarankiska-asmenybe\\\/\"},\"wordCount\":260,\"commentCount\":0,\"publisher\":{\"@id\":\"https:\\\/\\\/www.silutesnaujienos.lt\\\/lt\\\/#organization\"},\"image\":{\"@id\":\"https:\\\/\\\/www.silutesnaujienos.lt\\\/lt\\\/saule-norvaisaite-meno-mokykloje-augau-kaip-savarankiska-asmenybe\\\/#primaryimage\"},\"thumbnailUrl\":\"https:\\\/\\\/www.silutesnaujienos.lt\\\/lt\\\/wp-content\\\/uploads\\\/2021\\\/05\\\/Norvaisaite-Meno-m-scaled-e1621571871408.jpg\",\"keywords\":[\"Meno mokykla\",\"Pirmasis\"],\"articleSection\":[\"Kult\u016bra ir \u0161vietimas\"],\"inLanguage\":\"lt-LT\",\"potentialAction\":[{\"@type\":\"CommentAction\",\"name\":\"Comment\",\"target\":[\"https:\\\/\\\/www.silutesnaujienos.lt\\\/lt\\\/saule-norvaisaite-meno-mokykloje-augau-kaip-savarankiska-asmenybe\\\/#respond\"]}]},{\"@type\":\"WebPage\",\"@id\":\"https:\\\/\\\/www.silutesnaujienos.lt\\\/lt\\\/saule-norvaisaite-meno-mokykloje-augau-kaip-savarankiska-asmenybe\\\/\",\"url\":\"https:\\\/\\\/www.silutesnaujienos.lt\\\/lt\\\/saule-norvaisaite-meno-mokykloje-augau-kaip-savarankiska-asmenybe\\\/\",\"name\":\"Saul\u0117 Norvai\u0161ait\u0117: \u201eMeno mokykloje augau kaip savaranki\u0161ka asmenyb\u0117\u201c - \u0160ilut\u0117s naujienos\",\"isPartOf\":{\"@id\":\"https:\\\/\\\/www.silutesnaujienos.lt\\\/lt\\\/#website\"},\"primaryImageOfPage\":{\"@id\":\"https:\\\/\\\/www.silutesnaujienos.lt\\\/lt\\\/saule-norvaisaite-meno-mokykloje-augau-kaip-savarankiska-asmenybe\\\/#primaryimage\"},\"image\":{\"@id\":\"https:\\\/\\\/www.silutesnaujienos.lt\\\/lt\\\/saule-norvaisaite-meno-mokykloje-augau-kaip-savarankiska-asmenybe\\\/#primaryimage\"},\"thumbnailUrl\":\"https:\\\/\\\/www.silutesnaujienos.lt\\\/lt\\\/wp-content\\\/uploads\\\/2021\\\/05\\\/Norvaisaite-Meno-m-scaled-e1621571871408.jpg\",\"datePublished\":\"2021-05-26T09:00:43+00:00\",\"breadcrumb\":{\"@id\":\"https:\\\/\\\/www.silutesnaujienos.lt\\\/lt\\\/saule-norvaisaite-meno-mokykloje-augau-kaip-savarankiska-asmenybe\\\/#breadcrumb\"},\"inLanguage\":\"lt-LT\",\"potentialAction\":[{\"@type\":\"ReadAction\",\"target\":[\"https:\\\/\\\/www.silutesnaujienos.lt\\\/lt\\\/saule-norvaisaite-meno-mokykloje-augau-kaip-savarankiska-asmenybe\\\/\"]}]},{\"@type\":\"ImageObject\",\"inLanguage\":\"lt-LT\",\"@id\":\"https:\\\/\\\/www.silutesnaujienos.lt\\\/lt\\\/saule-norvaisaite-meno-mokykloje-augau-kaip-savarankiska-asmenybe\\\/#primaryimage\",\"url\":\"https:\\\/\\\/www.silutesnaujienos.lt\\\/lt\\\/wp-content\\\/uploads\\\/2021\\\/05\\\/Norvaisaite-Meno-m-scaled-e1621571871408.jpg\",\"contentUrl\":\"https:\\\/\\\/www.silutesnaujienos.lt\\\/lt\\\/wp-content\\\/uploads\\\/2021\\\/05\\\/Norvaisaite-Meno-m-scaled-e1621571871408.jpg\",\"width\":1200,\"height\":800,\"caption\":\"Saul\u0117 sako, kad patirtis \u0160ilut\u0117s meno mokykloje j\u0105 i\u0161mok\u0117 greit reaguoti ir rasti i\u0161eitis.\"},{\"@type\":\"BreadcrumbList\",\"@id\":\"https:\\\/\\\/www.silutesnaujienos.lt\\\/lt\\\/saule-norvaisaite-meno-mokykloje-augau-kaip-savarankiska-asmenybe\\\/#breadcrumb\",\"itemListElement\":[{\"@type\":\"ListItem\",\"position\":1,\"name\":\"Home\",\"item\":\"https:\\\/\\\/www.silutesnaujienos.lt\\\/lt\\\/\"},{\"@type\":\"ListItem\",\"position\":2,\"name\":\"Saul\u0117 Norvai\u0161ait\u0117: \u201eMeno mokykloje augau kaip savaranki\u0161ka asmenyb\u0117\u201c\"}]},{\"@type\":\"WebSite\",\"@id\":\"https:\\\/\\\/www.silutesnaujienos.lt\\\/lt\\\/#website\",\"url\":\"https:\\\/\\\/www.silutesnaujienos.lt\\\/lt\\\/\",\"name\":\"\u0160ilut\u0117s naujienos\",\"description\":\"B\u016bk ant naujien\u0173 bangos!\",\"publisher\":{\"@id\":\"https:\\\/\\\/www.silutesnaujienos.lt\\\/lt\\\/#organization\"},\"potentialAction\":[{\"@type\":\"SearchAction\",\"target\":{\"@type\":\"EntryPoint\",\"urlTemplate\":\"https:\\\/\\\/www.silutesnaujienos.lt\\\/lt\\\/?s={search_term_string}\"},\"query-input\":{\"@type\":\"PropertyValueSpecification\",\"valueRequired\":true,\"valueName\":\"search_term_string\"}}],\"inLanguage\":\"lt-LT\"},{\"@type\":\"Organization\",\"@id\":\"https:\\\/\\\/www.silutesnaujienos.lt\\\/lt\\\/#organization\",\"name\":\"\u0160ilut\u0117s naujienos\",\"url\":\"https:\\\/\\\/www.silutesnaujienos.lt\\\/lt\\\/\",\"logo\":{\"@type\":\"ImageObject\",\"inLanguage\":\"lt-LT\",\"@id\":\"https:\\\/\\\/www.silutesnaujienos.lt\\\/lt\\\/#\\\/schema\\\/logo\\\/image\\\/\",\"url\":\"https:\\\/\\\/www.silutesnaujienos.lt\\\/lt\\\/wp-content\\\/uploads\\\/2020\\\/06\\\/FB_MAIN.jpg\",\"contentUrl\":\"https:\\\/\\\/www.silutesnaujienos.lt\\\/lt\\\/wp-content\\\/uploads\\\/2020\\\/06\\\/FB_MAIN.jpg\",\"width\":1700,\"height\":956,\"caption\":\"\u0160ilut\u0117s naujienos\"},\"image\":{\"@id\":\"https:\\\/\\\/www.silutesnaujienos.lt\\\/lt\\\/#\\\/schema\\\/logo\\\/image\\\/\"},\"sameAs\":[\"https:\\\/\\\/www.facebook.com\\\/silutes.naujienos\\\/\",\"https:\\\/\\\/www.youtube.com\\\/channel\\\/UCxW-cgrJDt8GxIMxSTAfJZg\"]},{\"@type\":\"Person\",\"@id\":\"https:\\\/\\\/www.silutesnaujienos.lt\\\/lt\\\/#\\\/schema\\\/person\\\/976440ef837444400af3c77c19c61454\",\"name\":\"\u0160ilut\u0117s naujien\u0173 inf.\",\"image\":{\"@type\":\"ImageObject\",\"inLanguage\":\"lt-LT\",\"@id\":\"https:\\\/\\\/www.silutesnaujienos.lt\\\/lt\\\/wp-content\\\/uploads\\\/2020\\\/06\\\/favicon.png\",\"url\":\"https:\\\/\\\/www.silutesnaujienos.lt\\\/lt\\\/wp-content\\\/uploads\\\/2020\\\/06\\\/favicon.png\",\"contentUrl\":\"https:\\\/\\\/www.silutesnaujienos.lt\\\/lt\\\/wp-content\\\/uploads\\\/2020\\\/06\\\/favicon.png\",\"caption\":\"\u0160ilut\u0117s naujien\u0173 inf.\"},\"url\":\"https:\\\/\\\/www.silutesnaujienos.lt\\\/lt\\\/author\\\/vadas\\\/\"}]}<\/script>\n<!-- \/ Yoast SEO plugin. -->","yoast_head_json":{"title":"Saul\u0117 Norvai\u0161ait\u0117: \u201eMeno mokykloje augau kaip savaranki\u0161ka asmenyb\u0117\u201c - \u0160ilut\u0117s naujienos","robots":{"index":"index","follow":"follow","max-snippet":"max-snippet:-1","max-image-preview":"max-image-preview:large","max-video-preview":"max-video-preview:-1"},"canonical":"https:\/\/www.silutesnaujienos.lt\/lt\/saule-norvaisaite-meno-mokykloje-augau-kaip-savarankiska-asmenybe\/","og_locale":"lt_LT","og_type":"article","og_title":"Saul\u0117 Norvai\u0161ait\u0117: \u201eMeno mokykloje augau kaip savaranki\u0161ka asmenyb\u0117\u201c - \u0160ilut\u0117s naujienos","og_description":"Nuo ma\u017eens mano gyvenimas sukasi ant scenos. Muzika ir \u0161okis mane kaip ma\u017e\u0105 vaik\u0105 apgaubia ir su\u0161ildo. Mo\u010diut\u0117, jau dar\u017eelyje pama\u010diusi tok\u012f atsidavim\u0105 muzikai paskatino mane stoti \u012f tuomet vadinam\u0105 \u0160ilut\u0117s muzikos mokykl\u0105. \u0160e\u0161eri\u0173 met\u0173 \u012fstojau ir prad\u0117jau mokytis pas mokytoj\u0105 Liud\u0105 Ka\u0161\u0117tien\u0119 fortepijono specialyb\u0117s. Visos valandos, praleistos \u0160ilut\u0117s meno mokykloje buvo pilnos d\u017eiaugsmo, li\u016bdesio, [&hellip;]","og_url":"https:\/\/www.silutesnaujienos.lt\/lt\/saule-norvaisaite-meno-mokykloje-augau-kaip-savarankiska-asmenybe\/","og_site_name":"\u0160ilut\u0117s naujienos","article_publisher":"https:\/\/www.facebook.com\/silutes.naujienos\/","article_published_time":"2021-05-26T09:00:43+00:00","og_image":[{"width":1200,"height":800,"url":"https:\/\/www.silutesnaujienos.lt\/lt\/wp-content\/uploads\/2021\/05\/Norvaisaite-Meno-m-scaled-e1621571871408.jpg","type":"image\/jpeg"}],"author":"\u0160ilut\u0117s naujien\u0173 inf.","twitter_card":"summary_large_image","twitter_misc":{"Written by":"\u0160ilut\u0117s naujien\u0173 inf.","Est. reading time":"1 minut\u0117"},"schema":{"@context":"https:\/\/schema.org","@graph":[{"@type":"Article","@id":"https:\/\/www.silutesnaujienos.lt\/lt\/saule-norvaisaite-meno-mokykloje-augau-kaip-savarankiska-asmenybe\/#article","isPartOf":{"@id":"https:\/\/www.silutesnaujienos.lt\/lt\/saule-norvaisaite-meno-mokykloje-augau-kaip-savarankiska-asmenybe\/"},"author":{"name":"\u0160ilut\u0117s naujien\u0173 inf.","@id":"https:\/\/www.silutesnaujienos.lt\/lt\/#\/schema\/person\/976440ef837444400af3c77c19c61454"},"headline":"Saul\u0117 Norvai\u0161ait\u0117: \u201eMeno mokykloje augau kaip savaranki\u0161ka asmenyb\u0117\u201c","datePublished":"2021-05-26T09:00:43+00:00","mainEntityOfPage":{"@id":"https:\/\/www.silutesnaujienos.lt\/lt\/saule-norvaisaite-meno-mokykloje-augau-kaip-savarankiska-asmenybe\/"},"wordCount":260,"commentCount":0,"publisher":{"@id":"https:\/\/www.silutesnaujienos.lt\/lt\/#organization"},"image":{"@id":"https:\/\/www.silutesnaujienos.lt\/lt\/saule-norvaisaite-meno-mokykloje-augau-kaip-savarankiska-asmenybe\/#primaryimage"},"thumbnailUrl":"https:\/\/www.silutesnaujienos.lt\/lt\/wp-content\/uploads\/2021\/05\/Norvaisaite-Meno-m-scaled-e1621571871408.jpg","keywords":["Meno mokykla","Pirmasis"],"articleSection":["Kult\u016bra ir \u0161vietimas"],"inLanguage":"lt-LT","potentialAction":[{"@type":"CommentAction","name":"Comment","target":["https:\/\/www.silutesnaujienos.lt\/lt\/saule-norvaisaite-meno-mokykloje-augau-kaip-savarankiska-asmenybe\/#respond"]}]},{"@type":"WebPage","@id":"https:\/\/www.silutesnaujienos.lt\/lt\/saule-norvaisaite-meno-mokykloje-augau-kaip-savarankiska-asmenybe\/","url":"https:\/\/www.silutesnaujienos.lt\/lt\/saule-norvaisaite-meno-mokykloje-augau-kaip-savarankiska-asmenybe\/","name":"Saul\u0117 Norvai\u0161ait\u0117: \u201eMeno mokykloje augau kaip savaranki\u0161ka asmenyb\u0117\u201c - \u0160ilut\u0117s naujienos","isPartOf":{"@id":"https:\/\/www.silutesnaujienos.lt\/lt\/#website"},"primaryImageOfPage":{"@id":"https:\/\/www.silutesnaujienos.lt\/lt\/saule-norvaisaite-meno-mokykloje-augau-kaip-savarankiska-asmenybe\/#primaryimage"},"image":{"@id":"https:\/\/www.silutesnaujienos.lt\/lt\/saule-norvaisaite-meno-mokykloje-augau-kaip-savarankiska-asmenybe\/#primaryimage"},"thumbnailUrl":"https:\/\/www.silutesnaujienos.lt\/lt\/wp-content\/uploads\/2021\/05\/Norvaisaite-Meno-m-scaled-e1621571871408.jpg","datePublished":"2021-05-26T09:00:43+00:00","breadcrumb":{"@id":"https:\/\/www.silutesnaujienos.lt\/lt\/saule-norvaisaite-meno-mokykloje-augau-kaip-savarankiska-asmenybe\/#breadcrumb"},"inLanguage":"lt-LT","potentialAction":[{"@type":"ReadAction","target":["https:\/\/www.silutesnaujienos.lt\/lt\/saule-norvaisaite-meno-mokykloje-augau-kaip-savarankiska-asmenybe\/"]}]},{"@type":"ImageObject","inLanguage":"lt-LT","@id":"https:\/\/www.silutesnaujienos.lt\/lt\/saule-norvaisaite-meno-mokykloje-augau-kaip-savarankiska-asmenybe\/#primaryimage","url":"https:\/\/www.silutesnaujienos.lt\/lt\/wp-content\/uploads\/2021\/05\/Norvaisaite-Meno-m-scaled-e1621571871408.jpg","contentUrl":"https:\/\/www.silutesnaujienos.lt\/lt\/wp-content\/uploads\/2021\/05\/Norvaisaite-Meno-m-scaled-e1621571871408.jpg","width":1200,"height":800,"caption":"Saul\u0117 sako, kad patirtis \u0160ilut\u0117s meno mokykloje j\u0105 i\u0161mok\u0117 greit reaguoti ir rasti i\u0161eitis."},{"@type":"BreadcrumbList","@id":"https:\/\/www.silutesnaujienos.lt\/lt\/saule-norvaisaite-meno-mokykloje-augau-kaip-savarankiska-asmenybe\/#breadcrumb","itemListElement":[{"@type":"ListItem","position":1,"name":"Home","item":"https:\/\/www.silutesnaujienos.lt\/lt\/"},{"@type":"ListItem","position":2,"name":"Saul\u0117 Norvai\u0161ait\u0117: \u201eMeno mokykloje augau kaip savaranki\u0161ka asmenyb\u0117\u201c"}]},{"@type":"WebSite","@id":"https:\/\/www.silutesnaujienos.lt\/lt\/#website","url":"https:\/\/www.silutesnaujienos.lt\/lt\/","name":"\u0160ilut\u0117s naujienos","description":"B\u016bk ant naujien\u0173 bangos!","publisher":{"@id":"https:\/\/www.silutesnaujienos.lt\/lt\/#organization"},"potentialAction":[{"@type":"SearchAction","target":{"@type":"EntryPoint","urlTemplate":"https:\/\/www.silutesnaujienos.lt\/lt\/?s={search_term_string}"},"query-input":{"@type":"PropertyValueSpecification","valueRequired":true,"valueName":"search_term_string"}}],"inLanguage":"lt-LT"},{"@type":"Organization","@id":"https:\/\/www.silutesnaujienos.lt\/lt\/#organization","name":"\u0160ilut\u0117s naujienos","url":"https:\/\/www.silutesnaujienos.lt\/lt\/","logo":{"@type":"ImageObject","inLanguage":"lt-LT","@id":"https:\/\/www.silutesnaujienos.lt\/lt\/#\/schema\/logo\/image\/","url":"https:\/\/www.silutesnaujienos.lt\/lt\/wp-content\/uploads\/2020\/06\/FB_MAIN.jpg","contentUrl":"https:\/\/www.silutesnaujienos.lt\/lt\/wp-content\/uploads\/2020\/06\/FB_MAIN.jpg","width":1700,"height":956,"caption":"\u0160ilut\u0117s naujienos"},"image":{"@id":"https:\/\/www.silutesnaujienos.lt\/lt\/#\/schema\/logo\/image\/"},"sameAs":["https:\/\/www.facebook.com\/silutes.naujienos\/","https:\/\/www.youtube.com\/channel\/UCxW-cgrJDt8GxIMxSTAfJZg"]},{"@type":"Person","@id":"https:\/\/www.silutesnaujienos.lt\/lt\/#\/schema\/person\/976440ef837444400af3c77c19c61454","name":"\u0160ilut\u0117s naujien\u0173 inf.","image":{"@type":"ImageObject","inLanguage":"lt-LT","@id":"https:\/\/www.silutesnaujienos.lt\/lt\/wp-content\/uploads\/2020\/06\/favicon.png","url":"https:\/\/www.silutesnaujienos.lt\/lt\/wp-content\/uploads\/2020\/06\/favicon.png","contentUrl":"https:\/\/www.silutesnaujienos.lt\/lt\/wp-content\/uploads\/2020\/06\/favicon.png","caption":"\u0160ilut\u0117s naujien\u0173 inf."},"url":"https:\/\/www.silutesnaujienos.lt\/lt\/author\/vadas\/"}]}},"publishpress_future_workflow_manual_trigger":{"enabledWorkflows":[]},"amp_enabled":true,"_links":{"self":[{"href":"https:\/\/www.silutesnaujienos.lt\/lt\/wp-json\/wp\/v2\/posts\/30796","targetHints":{"allow":["GET"]}}],"collection":[{"href":"https:\/\/www.silutesnaujienos.lt\/lt\/wp-json\/wp\/v2\/posts"}],"about":[{"href":"https:\/\/www.silutesnaujienos.lt\/lt\/wp-json\/wp\/v2\/types\/post"}],"author":[{"embeddable":true,"href":"https:\/\/www.silutesnaujienos.lt\/lt\/wp-json\/wp\/v2\/users\/2"}],"replies":[{"embeddable":true,"href":"https:\/\/www.silutesnaujienos.lt\/lt\/wp-json\/wp\/v2\/comments?post=30796"}],"version-history":[{"count":1,"href":"https:\/\/www.silutesnaujienos.lt\/lt\/wp-json\/wp\/v2\/posts\/30796\/revisions"}],"predecessor-version":[{"id":30798,"href":"https:\/\/www.silutesnaujienos.lt\/lt\/wp-json\/wp\/v2\/posts\/30796\/revisions\/30798"}],"wp:featuredmedia":[{"embeddable":true,"href":"https:\/\/www.silutesnaujienos.lt\/lt\/wp-json\/wp\/v2\/media\/30797"}],"wp:attachment":[{"href":"https:\/\/www.silutesnaujienos.lt\/lt\/wp-json\/wp\/v2\/media?parent=30796"}],"wp:term":[{"taxonomy":"category","embeddable":true,"href":"https:\/\/www.silutesnaujienos.lt\/lt\/wp-json\/wp\/v2\/categories?post=30796"},{"taxonomy":"post_tag","embeddable":true,"href":"https:\/\/www.silutesnaujienos.lt\/lt\/wp-json\/wp\/v2\/tags?post=30796"}],"curies":[{"name":"wp","href":"https:\/\/api.w.org\/{rel}","templated":true}]}}