{"id":32067,"date":"2021-07-09T16:00:06","date_gmt":"2021-07-09T13:00:06","guid":{"rendered":"https:\/\/www.silutesnaujienos.lt\/lt\/?p=32067"},"modified":"2021-07-14T11:17:10","modified_gmt":"2021-07-14T08:17:10","slug":"zemaiciu-naumiescio-gimnazijai-100-metu-istorija-luziai-buitis-politika-ir-kt","status":"publish","type":"post","link":"https:\/\/www.silutesnaujienos.lt\/lt\/zemaiciu-naumiescio-gimnazijai-100-metu-istorija-luziai-buitis-politika-ir-kt\/","title":{"rendered":"\u017demai\u010di\u0173 Naumies\u010dio gimnazijai \u2013 100 met\u0173: istorija, l\u016b\u017eiai, buitis, politika ir kt."},"content":{"rendered":"<p><strong>Tokios mokyklos pra\u0161\u0117 Naumies\u010dio, Vainuto ir Kv\u0117darnos vals\u010diaus gyventojai, kuriems buvo brangu leisti vaikus \u012f toliau esan\u010dias mokyklas. Nor\u0105 tur\u0117ti mokykl\u0105 Naumiestyje taip pat skatino artima kaimynyst\u0117 su Ma\u017e\u0105ja Lietuva, \u0161alia kurios vietos gyventojai neatrod\u0117 i\u0161prus\u0119. Mokyklos atsiradim\u0105 inicijavo naumiesti\u0161kiai D. Markvaldas, J. Diglis, J. Idzelis ir klebonas J. Baublys.<br \/>\n<\/strong><br \/>\n<strong>Mokykla \u012fsik\u016br\u0117 tuometin\u0117s Taurag\u0117s gatv\u0117s pabaigoje D. Markvaldo neseniai pastatytame name. 1923 metais Klaip\u0117dos kra\u0161t\u0105 prijungus prie Lietuvos paskirties nebeteko iki tol Naumiestyje Klaip\u0117dos gatv\u0117je buvusi muitin\u0117s \u012fstaiga. \u012e jos pastat\u0105 ir \u012fsik\u0117l\u0117 mokykla. Ten su 10 met\u0173 pertrauka ir i\u0161buvo iki 1970 m., kuomet \u012fsik\u016br\u0117 erdviuose trij\u0173 auk\u0161t\u0173 dabartin\u0117s \u017demai\u010di\u0173 Naumies\u010dio gimnazijos r\u016bmuose.<\/strong><\/p>\n<p><strong>Kas ir kaip vyko per t\u0105 \u0161imtmet\u012f galima su\u017einosi apsilankius \u017demai\u010di\u0173 Naumies\u010dio muziejuje, kur atidaryta mokyklos \u0161imtme\u010diui skirta paroda \u201e\u017demai\u010di\u0173 Naumies\u010dio gimnazijai \u2013 100 met\u0173: istorija, l\u016b\u017eiai, buitis, politika ir kt.\u201c.<\/strong><\/p>\n<p><strong>Nuotraukos, dokumentai<\/strong><\/p>\n<p>Paroda \u2013 dviej\u0173 dali\u0173: fotografijos ir dokumentai. Daugelyje nuotrauk\u0173 \u2013 mokiniai su mokytojais mokslo met\u0173 ar mokyklos pabaigtuvi\u0173 proga. J\u0173 muziejaus fonduose n\u0117ra daug, nes tik v\u0117lesniais metais pla\u010diau i\u0161plito fotografija. Ne\u017ei\u016brint buvusio jos brangumo, yra nema\u017eai unikali\u0173 mokyklos prad\u017eios gyvavimo met\u0173 vaizd\u0173 \u2013 parodoje pristatomos pirm\u0173j\u0173 mokyklos laid\u0173 moksleivi\u0173 ir j\u0173 mokytoj\u0173 originalios nuotraukos. 1982 m. muziejaus \u012fk\u016br\u0117jas Benediktas Orentas grei\u010diausiai gavo vis\u0105 pluo\u0161t\u0105 t\u0173 mokslo met\u0173 baigimo nuotrauk\u0173, kurias taip pat galima pamatyti parodoje. V\u0117lesni\u0173 laik\u0173 jau nebeteko muziejaus fonduose rasti.<\/p>\n<p>Ta\u010diau did\u017eiausias turtas &#8211; \u017demai\u010di\u0173 Naumies\u010dio mokyklos 1939 \u2013 1950 met\u0173 dokumentacija. Tai ir gaunami ir siun\u010diami ra\u0161tai, pra\u0161ymai leisti laikyti \u201e\u012fstojamuosius\u201c egzaminus \u012f progimnazij\u0105, dokumentai su egzamin\u0173 med\u017eiaga, biliet\u0173 klausimais, lietuvi\u0173 kalbos ir matematikos u\u017eduo\u010di\u0173 atlikimas su keli\u0173 mokytoj\u0173 vertinimais, egzamin\u0173 protokolai. Atskiros bylos su prie\u0161 tai \u012fgyto mokslo pa\u017eym\u0117jimais. O taip pat pra\u0161ymai atleisti nuo mokes\u010dio u\u017e moksl\u0105, kuris pusme\u010diui buvo 75 litai, kas dabar, ko gero, ir t\u016bkstan\u010diams prilygt\u0173. Taip pat yra ir \u012fvair\u016bs vald\u017ei\u0173 nurodymai, pra\u0161ymai ar rekomendacijos. Be to &#8211; mokyklos vadovyb\u0117s kreipimasis \u012f vald\u017ei\u0105 \u012fvairiausiais klausimais, pavyzd\u017eiui, kad suremontuot\u0173 Naumiestyje pirt\u012f, nes siau\u010diant viduri\u0173 \u0161iltinei moksleiviai neturi kur namuose tinkamai nusiprausti. O kur dar mokytoj\u0173 asmens bylos, algalapiai, darbuotoj\u0173 bei personalo tarifikacijos?<\/p>\n<p>Tai be galo \u012fdomu ir turininga. Juo labiau, kad per tuos laikus b\u016bta skaud\u017ei\u0173 ir svarbi\u0173 istorini\u0173 l\u016b\u017ei\u0173: 1939 m. \u2013 nepriklausomos Lietuvos valstyb\u0117s laikai, 1940 m. soviet\u0173 vald\u017eios atsiradimas, 1941 \u2013 1944 m. &#8211; vokie\u010di\u0173 laikai bei soviet\u0173 vald\u017eios gr\u012f\u017eimas. Tod\u0117l po\u017ei\u016bris \u012f moksl\u0105 skirting\u0173 vald\u017ei\u0173 skirtingas, kitokie ir reikalavimai bei nurodymai.<\/p>\n<p>Vald\u017eios kaita tur\u0117jo \u012ftakos viskam: egzamin\u0173 med\u017eiagai, atlyginim\u0173 dyd\u017eiui&#8230; Pavyzd\u017eiui, at\u0117jus soviet\u0173 vald\u017eiai, jau po met\u0173 \u012fvestas rus\u0173 kalbos egzaminas, moksleiviai taip pat tur\u0117jo parodyti ir TSRS Konstitucijos \u017einias.<\/p>\n<p>\u012edom\u016bs ir daug pasakantys pra\u0161ymai atleisti nuo mokes\u010dio u\u017e moksl\u0105: vieni kreipiasi pra\u0161ydami nuo jo atleisti kaip k\u016br\u0117jo \u2013 savanorio dukrai ar s\u016bnui (direktorius rezoliucija \u2013 100 procent\u0173 atleisti), kiti, kaip nuo bol\u0161evik\u0173 nukent\u0117jusi\u0105 \u0161eim\u0105 \u2013 tie konfiskavo vis\u0105 turt\u0105. Kitame pra\u0161yme nurodoma, kad vokie\u010diai at\u0117m\u0117 arklius ir i\u0161va\u017ein\u0117jo vasaroj\u0173 \u2013 reikia pirkti ir arklius, ir maist\u0105&#8230; Yra ir dokumentas kur pasakyta, jog mokinys J. J. \u201eb\u016bdamas labai gero elgesio&#8230;\u201c \u0161alinamas i\u0161 mokyklos, nes nesumok\u0117jo u\u017e moksl\u0105. Kitas t\u0117vas pats ra\u0161o, kad dukt\u0117 P. M. turi nutraukti moksl\u0105, nes \u201ed\u0117l neturto n\u0117ra kaip mok\u0117ti u\u017e moksl\u0105&#8230;\u201c<\/p>\n<p>Ta\u010diau b\u016bta ir antraip \u2013 moksleiviams i\u0161 Klaip\u0117dos kra\u0161to mok\u0117davo stipendij\u0105. B\u016bta ir kitokios pagalbos: 1939 m. spalio 13 d. mokyklos vadovyb\u0117 ra\u0161o ra\u0161t\u0105 \u017demai\u010di\u0173 Naumies\u010dio vals\u010diaus vir\u0161ininkui, kad i\u0161vardinti mokiniai neturi galimyb\u0117s tinkamai paruo\u0161ti pamokas, nes namuose neturi&#8230; \u017eibalo. Tod\u0117l pra\u0161oma i\u0161vardintiems skirti jo nors po 2 litrus.<\/p>\n<p>\u012edomu, kad didelis d\u0117mesys buvo skiriamas mokini\u0173 drausmei ir tvarkai. Kaip jos laikytis \u2013 yra net keli\u0173 vald\u017ei\u0173 nurodymai. Viename &#8211; Generalinis \u0161vietimo tar\u0117jas Pranas Germantas karo metais ra\u0161\u0117 gie\u017etas instrukcijas, kaip turi elgtis mokiniai, kaip mokytojai, kokia ai\u0161ki tvarka (matyt tai buvo aktualu) privalo b\u016bti mokykloje.<\/p>\n<p><strong>Fortepijono istorija ir t\u0117v\u0173 komiteto vaidmuo<\/strong><\/p>\n<p>Tre\u010dio de\u0161imtme\u010dio pabaigoje Lietuvoje buvo \u201eper\u017ei\u016br\u0117tas mokykl\u0173 tinklas\u201c. Ne\u017ei\u016brint t\u0117v\u0173 pastang\u0173 mokykla \u017demai\u010di\u0173 Naumiestyje 1929 m. u\u017edaryta. Po de\u0161imtme\u010dio Vokietijai susigr\u0105\u017einus Klaip\u0117dos kra\u0161t\u0105 \u010dia buvo perkelta tik k\u0105 \u0160ilut\u0117je duris prav\u0117rusi Vyd\u016bno gimnazija. Lietuvos \u0161vietimo ministro nurodymu, 1939 m. rugs\u0117jo 1 d. \u201eleid\u017eiama atidaryti visas tris pagrindinio progimnazijos tipo klases\u201c \u2013 \u017demai\u010di\u0173 Naumies\u010dio mokykla atgimsta.<\/p>\n<p>Persikeldama gimnazija be kit\u0173 dalyk\u0173 atsive\u017ea ir tur\u0117t\u0105 koncertin\u012f fortepijon\u0105. Kaimynin\u0117s \u0160ilal\u0117s gimnazijos direktorius, su\u017einoj\u0119s, kad Naumiestyje yra ne tik pianinas bet ir koncertinis fortepijonas, 1943 met\u0173 pabaigoje kreipiasi ra\u0161tu \u012f progimnazijos direktori\u0173 su pra\u0161ymu perduoti jiems vien\u0105 j\u0173. Pra\u0161ym\u0105 tarpininkauti \u0161ilali\u0161kiai taip pat i\u0161siun\u010dia ir \u012f Vilni\u0173, \u012f \u0160vietimo valdyb\u0105. Naumies\u010dio mokyklos direktorius atra\u0161o kaimynams, kod\u0117l negali pasidalinti instrumentu. \u012e \u0161i\u0105 byl\u0105 \u012fsiterpia T\u0117v\u0173 komitetas, kurio susirinkimo protokolas siun\u010diamas ir \u012f Vilni\u0173, ir \u012f \u0160ilal\u0119. Ten t\u0117vai argumentuotai i\u0161d\u0117sto, d\u0117l koki\u0173 prie\u017eas\u010di\u0173 nebus dalinamasi instrumentu.<\/p>\n<p>Kitu atveju T\u0117v\u0173 komitetas tur\u0117jo priimti ir kitok\u012f sprendim\u0105. Apie tai su\u017einome i\u0161 \u017demai\u010di\u0173 Naumies\u010dio direktoriaus Petro Jankanto ra\u0161to \u0160vietimo valdybos Vidurinio ir pedagoginio mokslo departamentui. Tik k\u0105 vadovauti progimnazijai \u0117m\u0119s direktorius 1943 met\u0173 ruden\u012f kreipiasi \u012f T\u0117v\u0173 komitet\u0105, pra\u0161ydamas pagalbos maisto produktais sunkiai besiver\u010diantiems mokytojams. Komiteto priimtas sprendimas labai humani\u0161kas, ir, matyt, b\u016btinas. \u012edomu, kad jame numatyti \u012fvair\u016bs apsidraudimai \u2013 mokytojai nieko ne\u012fsipareigoja, o t\u0117vai remia mokytojus pagal i\u0161gales.<\/p>\n<p>Tai tik keletas \u012fdomesni\u0173 parodoje eksponuojam\u0173 dokument\u0173 i\u0161 tos \u0161\u016bsnies, kuri yra muziejaus fonduose. Be to parodoje yra ir visa ko daugiau &#8211; atkurta XX a. vidurio gimnazist\u0173 uniforma, yra ir sovietini\u0173 laik\u0173. Apsilank\u0119 pamatysite ir kit\u0173 mokyklini\u0173 dalyk\u0173, kurie tikrai ne vienam primins ner\u016bpesting\u0105 vaikyst\u0119, jaunyst\u0119, klas\u0117s draugus, mokyklinius metus, mokytojus.<\/p>\n<p>\u017demai\u010di\u0173 Naumies\u010dio muziejus lankytojus priima antradieniais \u2013 penktadieniais nuo 10 iki 18 valandos. \u0160e\u0161tadieniais sve\u010diai laukiami nuo 10 iki 16 valandos.<\/p>\n","protected":false},"excerpt":{"rendered":"<p>Tokios mokyklos pra\u0161\u0117 Naumies\u010dio, Vainuto ir Kv\u0117darnos vals\u010diaus gyventojai, kuriems buvo brangu leisti vaikus \u012f toliau esan\u010dias mokyklas. Nor\u0105 tur\u0117ti mokykl\u0105 Naumiestyje taip pat skatino artima kaimynyst\u0117 su Ma\u017e\u0105ja Lietuva, \u0161alia kurios vietos gyventojai neatrod\u0117 i\u0161prus\u0119. Mokyklos atsiradim\u0105 inicijavo naumiesti\u0161kiai D. Markvaldas, J. Diglis, J. Idzelis ir klebonas J. Baublys. Mokykla \u012fsik\u016br\u0117 tuometin\u0117s Taurag\u0117s gatv\u0117s [&hellip;]<\/p>\n","protected":false},"author":2,"featured_media":32068,"comment_status":"open","ping_status":"open","sticky":false,"template":"","format":"gallery","meta":{"footnotes":""},"categories":[51],"tags":[47,1108],"class_list":{"0":"post-32067","1":"post","2":"type-post","3":"status-publish","4":"format-gallery","5":"has-post-thumbnail","7":"category-kultura-ir-svietimas","8":"tag-pirmasis","9":"tag-zemaiciu-naumiestis","10":"post_format-post-format-gallery"},"yoast_head":"<!-- This site is optimized with the Yoast SEO plugin v27.5 - https:\/\/yoast.com\/product\/yoast-seo-wordpress\/ -->\n<title>\u017demai\u010di\u0173 Naumies\u010dio gimnazijai \u2013 100 met\u0173: istorija, l\u016b\u017eiai, buitis, politika ir kt. - \u0160ilut\u0117s naujienos<\/title>\n<meta name=\"robots\" content=\"index, follow, max-snippet:-1, max-image-preview:large, max-video-preview:-1\" \/>\n<link rel=\"canonical\" href=\"https:\/\/www.silutesnaujienos.lt\/lt\/zemaiciu-naumiescio-gimnazijai-100-metu-istorija-luziai-buitis-politika-ir-kt\/\" \/>\n<meta property=\"og:locale\" content=\"lt_LT\" \/>\n<meta property=\"og:type\" content=\"article\" \/>\n<meta property=\"og:title\" content=\"\u017demai\u010di\u0173 Naumies\u010dio gimnazijai \u2013 100 met\u0173: istorija, l\u016b\u017eiai, buitis, politika ir kt. - \u0160ilut\u0117s naujienos\" \/>\n<meta property=\"og:description\" content=\"Tokios mokyklos pra\u0161\u0117 Naumies\u010dio, Vainuto ir Kv\u0117darnos vals\u010diaus gyventojai, kuriems buvo brangu leisti vaikus \u012f toliau esan\u010dias mokyklas. Nor\u0105 tur\u0117ti mokykl\u0105 Naumiestyje taip pat skatino artima kaimynyst\u0117 su Ma\u017e\u0105ja Lietuva, \u0161alia kurios vietos gyventojai neatrod\u0117 i\u0161prus\u0119. Mokyklos atsiradim\u0105 inicijavo naumiesti\u0161kiai D. Markvaldas, J. Diglis, J. Idzelis ir klebonas J. Baublys. Mokykla \u012fsik\u016br\u0117 tuometin\u0117s Taurag\u0117s gatv\u0117s [&hellip;]\" \/>\n<meta property=\"og:url\" content=\"https:\/\/www.silutesnaujienos.lt\/lt\/zemaiciu-naumiescio-gimnazijai-100-metu-istorija-luziai-buitis-politika-ir-kt\/\" \/>\n<meta property=\"og:site_name\" content=\"\u0160ilut\u0117s naujienos\" \/>\n<meta property=\"article:publisher\" content=\"https:\/\/www.facebook.com\/silutes.naujienos\/\" \/>\n<meta property=\"article:published_time\" content=\"2021-07-09T13:00:06+00:00\" \/>\n<meta property=\"article:modified_time\" content=\"2021-07-14T08:17:10+00:00\" \/>\n<meta property=\"og:image\" content=\"https:\/\/www.silutesnaujienos.lt\/lt\/wp-content\/uploads\/2021\/07\/Zemaiciu-Naumiescio-gimnazijai-e1625851129507.jpg\" \/>\n\t<meta property=\"og:image:width\" content=\"1200\" \/>\n\t<meta property=\"og:image:height\" content=\"763\" \/>\n\t<meta property=\"og:image:type\" content=\"image\/jpeg\" \/>\n<meta name=\"author\" content=\"\u0160ilut\u0117s naujien\u0173 inf.\" \/>\n<meta name=\"twitter:card\" content=\"summary_large_image\" \/>\n<meta name=\"twitter:label1\" content=\"Written by\" \/>\n\t<meta name=\"twitter:data1\" content=\"\u0160ilut\u0117s naujien\u0173 inf.\" \/>\n\t<meta name=\"twitter:label2\" content=\"Est. reading time\" \/>\n\t<meta name=\"twitter:data2\" content=\"4 minut\u0117s\" \/>\n<script type=\"application\/ld+json\" class=\"yoast-schema-graph\">{\"@context\":\"https:\\\/\\\/schema.org\",\"@graph\":[{\"@type\":\"Article\",\"@id\":\"https:\\\/\\\/www.silutesnaujienos.lt\\\/lt\\\/zemaiciu-naumiescio-gimnazijai-100-metu-istorija-luziai-buitis-politika-ir-kt\\\/#article\",\"isPartOf\":{\"@id\":\"https:\\\/\\\/www.silutesnaujienos.lt\\\/lt\\\/zemaiciu-naumiescio-gimnazijai-100-metu-istorija-luziai-buitis-politika-ir-kt\\\/\"},\"author\":{\"name\":\"\u0160ilut\u0117s naujien\u0173 inf.\",\"@id\":\"https:\\\/\\\/www.silutesnaujienos.lt\\\/lt\\\/#\\\/schema\\\/person\\\/976440ef837444400af3c77c19c61454\"},\"headline\":\"\u017demai\u010di\u0173 Naumies\u010dio gimnazijai \u2013 100 met\u0173: istorija, l\u016b\u017eiai, buitis, politika ir kt.\",\"datePublished\":\"2021-07-09T13:00:06+00:00\",\"dateModified\":\"2021-07-14T08:17:10+00:00\",\"mainEntityOfPage\":{\"@id\":\"https:\\\/\\\/www.silutesnaujienos.lt\\\/lt\\\/zemaiciu-naumiescio-gimnazijai-100-metu-istorija-luziai-buitis-politika-ir-kt\\\/\"},\"wordCount\":1067,\"commentCount\":0,\"publisher\":{\"@id\":\"https:\\\/\\\/www.silutesnaujienos.lt\\\/lt\\\/#organization\"},\"image\":{\"@id\":\"https:\\\/\\\/www.silutesnaujienos.lt\\\/lt\\\/zemaiciu-naumiescio-gimnazijai-100-metu-istorija-luziai-buitis-politika-ir-kt\\\/#primaryimage\"},\"thumbnailUrl\":\"https:\\\/\\\/www.silutesnaujienos.lt\\\/lt\\\/wp-content\\\/uploads\\\/2021\\\/07\\\/Zemaiciu-Naumiescio-gimnazijai-e1625851129507.jpg\",\"keywords\":[\"Pirmasis\",\"\u017demai\u010di\u0173 Naumiestis\"],\"articleSection\":[\"Kult\u016bra ir \u0161vietimas\"],\"inLanguage\":\"lt-LT\",\"potentialAction\":[{\"@type\":\"CommentAction\",\"name\":\"Comment\",\"target\":[\"https:\\\/\\\/www.silutesnaujienos.lt\\\/lt\\\/zemaiciu-naumiescio-gimnazijai-100-metu-istorija-luziai-buitis-politika-ir-kt\\\/#respond\"]}]},{\"@type\":\"WebPage\",\"@id\":\"https:\\\/\\\/www.silutesnaujienos.lt\\\/lt\\\/zemaiciu-naumiescio-gimnazijai-100-metu-istorija-luziai-buitis-politika-ir-kt\\\/\",\"url\":\"https:\\\/\\\/www.silutesnaujienos.lt\\\/lt\\\/zemaiciu-naumiescio-gimnazijai-100-metu-istorija-luziai-buitis-politika-ir-kt\\\/\",\"name\":\"\u017demai\u010di\u0173 Naumies\u010dio gimnazijai \u2013 100 met\u0173: istorija, l\u016b\u017eiai, buitis, politika ir kt. - \u0160ilut\u0117s naujienos\",\"isPartOf\":{\"@id\":\"https:\\\/\\\/www.silutesnaujienos.lt\\\/lt\\\/#website\"},\"primaryImageOfPage\":{\"@id\":\"https:\\\/\\\/www.silutesnaujienos.lt\\\/lt\\\/zemaiciu-naumiescio-gimnazijai-100-metu-istorija-luziai-buitis-politika-ir-kt\\\/#primaryimage\"},\"image\":{\"@id\":\"https:\\\/\\\/www.silutesnaujienos.lt\\\/lt\\\/zemaiciu-naumiescio-gimnazijai-100-metu-istorija-luziai-buitis-politika-ir-kt\\\/#primaryimage\"},\"thumbnailUrl\":\"https:\\\/\\\/www.silutesnaujienos.lt\\\/lt\\\/wp-content\\\/uploads\\\/2021\\\/07\\\/Zemaiciu-Naumiescio-gimnazijai-e1625851129507.jpg\",\"datePublished\":\"2021-07-09T13:00:06+00:00\",\"dateModified\":\"2021-07-14T08:17:10+00:00\",\"breadcrumb\":{\"@id\":\"https:\\\/\\\/www.silutesnaujienos.lt\\\/lt\\\/zemaiciu-naumiescio-gimnazijai-100-metu-istorija-luziai-buitis-politika-ir-kt\\\/#breadcrumb\"},\"inLanguage\":\"lt-LT\",\"potentialAction\":[{\"@type\":\"ReadAction\",\"target\":[\"https:\\\/\\\/www.silutesnaujienos.lt\\\/lt\\\/zemaiciu-naumiescio-gimnazijai-100-metu-istorija-luziai-buitis-politika-ir-kt\\\/\"]}]},{\"@type\":\"ImageObject\",\"inLanguage\":\"lt-LT\",\"@id\":\"https:\\\/\\\/www.silutesnaujienos.lt\\\/lt\\\/zemaiciu-naumiescio-gimnazijai-100-metu-istorija-luziai-buitis-politika-ir-kt\\\/#primaryimage\",\"url\":\"https:\\\/\\\/www.silutesnaujienos.lt\\\/lt\\\/wp-content\\\/uploads\\\/2021\\\/07\\\/Zemaiciu-Naumiescio-gimnazijai-e1625851129507.jpg\",\"contentUrl\":\"https:\\\/\\\/www.silutesnaujienos.lt\\\/lt\\\/wp-content\\\/uploads\\\/2021\\\/07\\\/Zemaiciu-Naumiescio-gimnazijai-e1625851129507.jpg\",\"width\":1200,\"height\":763,\"caption\":\"\u017demai\u010di\u0173 Naumies\u010dio vidurin\u0117s mokyklos moksleiviai \u017daliakalnyje 1951 m. po mokslo met\u0173.\"},{\"@type\":\"BreadcrumbList\",\"@id\":\"https:\\\/\\\/www.silutesnaujienos.lt\\\/lt\\\/zemaiciu-naumiescio-gimnazijai-100-metu-istorija-luziai-buitis-politika-ir-kt\\\/#breadcrumb\",\"itemListElement\":[{\"@type\":\"ListItem\",\"position\":1,\"name\":\"Home\",\"item\":\"https:\\\/\\\/www.silutesnaujienos.lt\\\/lt\\\/\"},{\"@type\":\"ListItem\",\"position\":2,\"name\":\"\u017demai\u010di\u0173 Naumies\u010dio gimnazijai \u2013 100 met\u0173: istorija, l\u016b\u017eiai, buitis, politika ir kt.\"}]},{\"@type\":\"WebSite\",\"@id\":\"https:\\\/\\\/www.silutesnaujienos.lt\\\/lt\\\/#website\",\"url\":\"https:\\\/\\\/www.silutesnaujienos.lt\\\/lt\\\/\",\"name\":\"\u0160ilut\u0117s naujienos\",\"description\":\"B\u016bk ant naujien\u0173 bangos!\",\"publisher\":{\"@id\":\"https:\\\/\\\/www.silutesnaujienos.lt\\\/lt\\\/#organization\"},\"potentialAction\":[{\"@type\":\"SearchAction\",\"target\":{\"@type\":\"EntryPoint\",\"urlTemplate\":\"https:\\\/\\\/www.silutesnaujienos.lt\\\/lt\\\/?s={search_term_string}\"},\"query-input\":{\"@type\":\"PropertyValueSpecification\",\"valueRequired\":true,\"valueName\":\"search_term_string\"}}],\"inLanguage\":\"lt-LT\"},{\"@type\":\"Organization\",\"@id\":\"https:\\\/\\\/www.silutesnaujienos.lt\\\/lt\\\/#organization\",\"name\":\"\u0160ilut\u0117s naujienos\",\"url\":\"https:\\\/\\\/www.silutesnaujienos.lt\\\/lt\\\/\",\"logo\":{\"@type\":\"ImageObject\",\"inLanguage\":\"lt-LT\",\"@id\":\"https:\\\/\\\/www.silutesnaujienos.lt\\\/lt\\\/#\\\/schema\\\/logo\\\/image\\\/\",\"url\":\"https:\\\/\\\/www.silutesnaujienos.lt\\\/lt\\\/wp-content\\\/uploads\\\/2020\\\/06\\\/FB_MAIN.jpg\",\"contentUrl\":\"https:\\\/\\\/www.silutesnaujienos.lt\\\/lt\\\/wp-content\\\/uploads\\\/2020\\\/06\\\/FB_MAIN.jpg\",\"width\":1700,\"height\":956,\"caption\":\"\u0160ilut\u0117s naujienos\"},\"image\":{\"@id\":\"https:\\\/\\\/www.silutesnaujienos.lt\\\/lt\\\/#\\\/schema\\\/logo\\\/image\\\/\"},\"sameAs\":[\"https:\\\/\\\/www.facebook.com\\\/silutes.naujienos\\\/\",\"https:\\\/\\\/www.youtube.com\\\/channel\\\/UCxW-cgrJDt8GxIMxSTAfJZg\"]},{\"@type\":\"Person\",\"@id\":\"https:\\\/\\\/www.silutesnaujienos.lt\\\/lt\\\/#\\\/schema\\\/person\\\/976440ef837444400af3c77c19c61454\",\"name\":\"\u0160ilut\u0117s naujien\u0173 inf.\",\"image\":{\"@type\":\"ImageObject\",\"inLanguage\":\"lt-LT\",\"@id\":\"https:\\\/\\\/www.silutesnaujienos.lt\\\/lt\\\/wp-content\\\/uploads\\\/2020\\\/06\\\/favicon.png\",\"url\":\"https:\\\/\\\/www.silutesnaujienos.lt\\\/lt\\\/wp-content\\\/uploads\\\/2020\\\/06\\\/favicon.png\",\"contentUrl\":\"https:\\\/\\\/www.silutesnaujienos.lt\\\/lt\\\/wp-content\\\/uploads\\\/2020\\\/06\\\/favicon.png\",\"caption\":\"\u0160ilut\u0117s naujien\u0173 inf.\"},\"url\":\"https:\\\/\\\/www.silutesnaujienos.lt\\\/lt\\\/author\\\/vadas\\\/\"}]}<\/script>\n<!-- \/ Yoast SEO plugin. -->","yoast_head_json":{"title":"\u017demai\u010di\u0173 Naumies\u010dio gimnazijai \u2013 100 met\u0173: istorija, l\u016b\u017eiai, buitis, politika ir kt. - \u0160ilut\u0117s naujienos","robots":{"index":"index","follow":"follow","max-snippet":"max-snippet:-1","max-image-preview":"max-image-preview:large","max-video-preview":"max-video-preview:-1"},"canonical":"https:\/\/www.silutesnaujienos.lt\/lt\/zemaiciu-naumiescio-gimnazijai-100-metu-istorija-luziai-buitis-politika-ir-kt\/","og_locale":"lt_LT","og_type":"article","og_title":"\u017demai\u010di\u0173 Naumies\u010dio gimnazijai \u2013 100 met\u0173: istorija, l\u016b\u017eiai, buitis, politika ir kt. - \u0160ilut\u0117s naujienos","og_description":"Tokios mokyklos pra\u0161\u0117 Naumies\u010dio, Vainuto ir Kv\u0117darnos vals\u010diaus gyventojai, kuriems buvo brangu leisti vaikus \u012f toliau esan\u010dias mokyklas. Nor\u0105 tur\u0117ti mokykl\u0105 Naumiestyje taip pat skatino artima kaimynyst\u0117 su Ma\u017e\u0105ja Lietuva, \u0161alia kurios vietos gyventojai neatrod\u0117 i\u0161prus\u0119. Mokyklos atsiradim\u0105 inicijavo naumiesti\u0161kiai D. Markvaldas, J. Diglis, J. Idzelis ir klebonas J. Baublys. Mokykla \u012fsik\u016br\u0117 tuometin\u0117s Taurag\u0117s gatv\u0117s [&hellip;]","og_url":"https:\/\/www.silutesnaujienos.lt\/lt\/zemaiciu-naumiescio-gimnazijai-100-metu-istorija-luziai-buitis-politika-ir-kt\/","og_site_name":"\u0160ilut\u0117s naujienos","article_publisher":"https:\/\/www.facebook.com\/silutes.naujienos\/","article_published_time":"2021-07-09T13:00:06+00:00","article_modified_time":"2021-07-14T08:17:10+00:00","og_image":[{"width":1200,"height":763,"url":"https:\/\/www.silutesnaujienos.lt\/lt\/wp-content\/uploads\/2021\/07\/Zemaiciu-Naumiescio-gimnazijai-e1625851129507.jpg","type":"image\/jpeg"}],"author":"\u0160ilut\u0117s naujien\u0173 inf.","twitter_card":"summary_large_image","twitter_misc":{"Written by":"\u0160ilut\u0117s naujien\u0173 inf.","Est. reading time":"4 minut\u0117s"},"schema":{"@context":"https:\/\/schema.org","@graph":[{"@type":"Article","@id":"https:\/\/www.silutesnaujienos.lt\/lt\/zemaiciu-naumiescio-gimnazijai-100-metu-istorija-luziai-buitis-politika-ir-kt\/#article","isPartOf":{"@id":"https:\/\/www.silutesnaujienos.lt\/lt\/zemaiciu-naumiescio-gimnazijai-100-metu-istorija-luziai-buitis-politika-ir-kt\/"},"author":{"name":"\u0160ilut\u0117s naujien\u0173 inf.","@id":"https:\/\/www.silutesnaujienos.lt\/lt\/#\/schema\/person\/976440ef837444400af3c77c19c61454"},"headline":"\u017demai\u010di\u0173 Naumies\u010dio gimnazijai \u2013 100 met\u0173: istorija, l\u016b\u017eiai, buitis, politika ir kt.","datePublished":"2021-07-09T13:00:06+00:00","dateModified":"2021-07-14T08:17:10+00:00","mainEntityOfPage":{"@id":"https:\/\/www.silutesnaujienos.lt\/lt\/zemaiciu-naumiescio-gimnazijai-100-metu-istorija-luziai-buitis-politika-ir-kt\/"},"wordCount":1067,"commentCount":0,"publisher":{"@id":"https:\/\/www.silutesnaujienos.lt\/lt\/#organization"},"image":{"@id":"https:\/\/www.silutesnaujienos.lt\/lt\/zemaiciu-naumiescio-gimnazijai-100-metu-istorija-luziai-buitis-politika-ir-kt\/#primaryimage"},"thumbnailUrl":"https:\/\/www.silutesnaujienos.lt\/lt\/wp-content\/uploads\/2021\/07\/Zemaiciu-Naumiescio-gimnazijai-e1625851129507.jpg","keywords":["Pirmasis","\u017demai\u010di\u0173 Naumiestis"],"articleSection":["Kult\u016bra ir \u0161vietimas"],"inLanguage":"lt-LT","potentialAction":[{"@type":"CommentAction","name":"Comment","target":["https:\/\/www.silutesnaujienos.lt\/lt\/zemaiciu-naumiescio-gimnazijai-100-metu-istorija-luziai-buitis-politika-ir-kt\/#respond"]}]},{"@type":"WebPage","@id":"https:\/\/www.silutesnaujienos.lt\/lt\/zemaiciu-naumiescio-gimnazijai-100-metu-istorija-luziai-buitis-politika-ir-kt\/","url":"https:\/\/www.silutesnaujienos.lt\/lt\/zemaiciu-naumiescio-gimnazijai-100-metu-istorija-luziai-buitis-politika-ir-kt\/","name":"\u017demai\u010di\u0173 Naumies\u010dio gimnazijai \u2013 100 met\u0173: istorija, l\u016b\u017eiai, buitis, politika ir kt. - \u0160ilut\u0117s naujienos","isPartOf":{"@id":"https:\/\/www.silutesnaujienos.lt\/lt\/#website"},"primaryImageOfPage":{"@id":"https:\/\/www.silutesnaujienos.lt\/lt\/zemaiciu-naumiescio-gimnazijai-100-metu-istorija-luziai-buitis-politika-ir-kt\/#primaryimage"},"image":{"@id":"https:\/\/www.silutesnaujienos.lt\/lt\/zemaiciu-naumiescio-gimnazijai-100-metu-istorija-luziai-buitis-politika-ir-kt\/#primaryimage"},"thumbnailUrl":"https:\/\/www.silutesnaujienos.lt\/lt\/wp-content\/uploads\/2021\/07\/Zemaiciu-Naumiescio-gimnazijai-e1625851129507.jpg","datePublished":"2021-07-09T13:00:06+00:00","dateModified":"2021-07-14T08:17:10+00:00","breadcrumb":{"@id":"https:\/\/www.silutesnaujienos.lt\/lt\/zemaiciu-naumiescio-gimnazijai-100-metu-istorija-luziai-buitis-politika-ir-kt\/#breadcrumb"},"inLanguage":"lt-LT","potentialAction":[{"@type":"ReadAction","target":["https:\/\/www.silutesnaujienos.lt\/lt\/zemaiciu-naumiescio-gimnazijai-100-metu-istorija-luziai-buitis-politika-ir-kt\/"]}]},{"@type":"ImageObject","inLanguage":"lt-LT","@id":"https:\/\/www.silutesnaujienos.lt\/lt\/zemaiciu-naumiescio-gimnazijai-100-metu-istorija-luziai-buitis-politika-ir-kt\/#primaryimage","url":"https:\/\/www.silutesnaujienos.lt\/lt\/wp-content\/uploads\/2021\/07\/Zemaiciu-Naumiescio-gimnazijai-e1625851129507.jpg","contentUrl":"https:\/\/www.silutesnaujienos.lt\/lt\/wp-content\/uploads\/2021\/07\/Zemaiciu-Naumiescio-gimnazijai-e1625851129507.jpg","width":1200,"height":763,"caption":"\u017demai\u010di\u0173 Naumies\u010dio vidurin\u0117s mokyklos moksleiviai \u017daliakalnyje 1951 m. po mokslo met\u0173."},{"@type":"BreadcrumbList","@id":"https:\/\/www.silutesnaujienos.lt\/lt\/zemaiciu-naumiescio-gimnazijai-100-metu-istorija-luziai-buitis-politika-ir-kt\/#breadcrumb","itemListElement":[{"@type":"ListItem","position":1,"name":"Home","item":"https:\/\/www.silutesnaujienos.lt\/lt\/"},{"@type":"ListItem","position":2,"name":"\u017demai\u010di\u0173 Naumies\u010dio gimnazijai \u2013 100 met\u0173: istorija, l\u016b\u017eiai, buitis, politika ir kt."}]},{"@type":"WebSite","@id":"https:\/\/www.silutesnaujienos.lt\/lt\/#website","url":"https:\/\/www.silutesnaujienos.lt\/lt\/","name":"\u0160ilut\u0117s naujienos","description":"B\u016bk ant naujien\u0173 bangos!","publisher":{"@id":"https:\/\/www.silutesnaujienos.lt\/lt\/#organization"},"potentialAction":[{"@type":"SearchAction","target":{"@type":"EntryPoint","urlTemplate":"https:\/\/www.silutesnaujienos.lt\/lt\/?s={search_term_string}"},"query-input":{"@type":"PropertyValueSpecification","valueRequired":true,"valueName":"search_term_string"}}],"inLanguage":"lt-LT"},{"@type":"Organization","@id":"https:\/\/www.silutesnaujienos.lt\/lt\/#organization","name":"\u0160ilut\u0117s naujienos","url":"https:\/\/www.silutesnaujienos.lt\/lt\/","logo":{"@type":"ImageObject","inLanguage":"lt-LT","@id":"https:\/\/www.silutesnaujienos.lt\/lt\/#\/schema\/logo\/image\/","url":"https:\/\/www.silutesnaujienos.lt\/lt\/wp-content\/uploads\/2020\/06\/FB_MAIN.jpg","contentUrl":"https:\/\/www.silutesnaujienos.lt\/lt\/wp-content\/uploads\/2020\/06\/FB_MAIN.jpg","width":1700,"height":956,"caption":"\u0160ilut\u0117s naujienos"},"image":{"@id":"https:\/\/www.silutesnaujienos.lt\/lt\/#\/schema\/logo\/image\/"},"sameAs":["https:\/\/www.facebook.com\/silutes.naujienos\/","https:\/\/www.youtube.com\/channel\/UCxW-cgrJDt8GxIMxSTAfJZg"]},{"@type":"Person","@id":"https:\/\/www.silutesnaujienos.lt\/lt\/#\/schema\/person\/976440ef837444400af3c77c19c61454","name":"\u0160ilut\u0117s naujien\u0173 inf.","image":{"@type":"ImageObject","inLanguage":"lt-LT","@id":"https:\/\/www.silutesnaujienos.lt\/lt\/wp-content\/uploads\/2020\/06\/favicon.png","url":"https:\/\/www.silutesnaujienos.lt\/lt\/wp-content\/uploads\/2020\/06\/favicon.png","contentUrl":"https:\/\/www.silutesnaujienos.lt\/lt\/wp-content\/uploads\/2020\/06\/favicon.png","caption":"\u0160ilut\u0117s naujien\u0173 inf."},"url":"https:\/\/www.silutesnaujienos.lt\/lt\/author\/vadas\/"}]}},"publishpress_future_workflow_manual_trigger":{"enabledWorkflows":[]},"amp_enabled":true,"_links":{"self":[{"href":"https:\/\/www.silutesnaujienos.lt\/lt\/wp-json\/wp\/v2\/posts\/32067","targetHints":{"allow":["GET"]}}],"collection":[{"href":"https:\/\/www.silutesnaujienos.lt\/lt\/wp-json\/wp\/v2\/posts"}],"about":[{"href":"https:\/\/www.silutesnaujienos.lt\/lt\/wp-json\/wp\/v2\/types\/post"}],"author":[{"embeddable":true,"href":"https:\/\/www.silutesnaujienos.lt\/lt\/wp-json\/wp\/v2\/users\/2"}],"replies":[{"embeddable":true,"href":"https:\/\/www.silutesnaujienos.lt\/lt\/wp-json\/wp\/v2\/comments?post=32067"}],"version-history":[{"count":2,"href":"https:\/\/www.silutesnaujienos.lt\/lt\/wp-json\/wp\/v2\/posts\/32067\/revisions"}],"predecessor-version":[{"id":32087,"href":"https:\/\/www.silutesnaujienos.lt\/lt\/wp-json\/wp\/v2\/posts\/32067\/revisions\/32087"}],"wp:featuredmedia":[{"embeddable":true,"href":"https:\/\/www.silutesnaujienos.lt\/lt\/wp-json\/wp\/v2\/media\/32068"}],"wp:attachment":[{"href":"https:\/\/www.silutesnaujienos.lt\/lt\/wp-json\/wp\/v2\/media?parent=32067"}],"wp:term":[{"taxonomy":"category","embeddable":true,"href":"https:\/\/www.silutesnaujienos.lt\/lt\/wp-json\/wp\/v2\/categories?post=32067"},{"taxonomy":"post_tag","embeddable":true,"href":"https:\/\/www.silutesnaujienos.lt\/lt\/wp-json\/wp\/v2\/tags?post=32067"}],"curies":[{"name":"wp","href":"https:\/\/api.w.org\/{rel}","templated":true}]}}