{"id":4568,"date":"2013-02-05T09:00:00","date_gmt":"2013-02-05T11:00:00","guid":{"rendered":"https:\/\/www.silutesnaujienos.lt\/lt\/gripas-silutes-rajone-perzenge-epidemijos-slenksti\/"},"modified":"2013-02-05T09:00:00","modified_gmt":"2013-02-05T11:00:00","slug":"gripas-silutes-rajone-perzenge-epidemijos-slenksti","status":"publish","type":"post","link":"https:\/\/www.silutesnaujienos.lt\/lt\/gripas-silutes-rajone-perzenge-epidemijos-slenksti\/","title":{"rendered":"Gripas \u0160ilut\u0117s rajone per\u017eeng\u0117 epidemijos slenkst\u012f"},"content":{"rendered":"<p><a target=\"_blank\" rel=\"caption[Paskelbus gripo epidemij\u0105, \u0160ilut\u0117s rajono savivaldyb\u0117s Socialinio skyriaus specialist\u0117s antradien\u012f dirbo su apsaugin\u0117mis veido kauk\u0117mis. \/ Sigito Grin\u010dinai\u010dio (silutesnaujienos.lt) nuotr.];group[a] noopener noreferrer\" class=\"jcepopup\" href=\"\/\/silutesnaujienos.lt\/images\/stories\/2013\/02\/05\/ANTSNUKIAI_1_copy.jpg\" data-rel=\"lightbox-gallery-0M9C0xc9\" data-rl_title=\"\" data-rl_caption=\"\"><img loading=\"lazy\" decoding=\"async\" style=\"margin: 5px; float: left;\" class=\"caption\" title=\"\" alt=\"ANTSNUKIAI 1 copy\" src=\"\/\/silutesnaujienos.lt\/images\/stories\/2013\/02\/05\/thumbnails\/thumb_ANTSNUKIAI_1_copy.jpg\" height=\"230\" width=\"307\" \/><\/a><strong>Gripo epideminis slenkstis per\u017eengtas ir \u0160ilut\u0117s rajone. Pra\u0117jusi\u0105 savait\u0119 bendras sergamumo gripu ir vir\u0161utini\u0173 kv\u0117pavimo tak\u0173 katarais rodiklis 10-\u010diai t\u016bkstan\u010di\u0173 gyventoj\u0173 m\u016bs\u0173 rajone pasiek\u0117 127,99 (epidemija skelbiama \u0161iam rodikliui pasiekus 100).<\/strong><\/p>\n<p>Ne\u012fprastai daug \u012f \u0160ilut\u0117s ligonin\u0119 paguldyta ne tik sergan\u010di\u0173j\u0173 gripu. Pra\u0117jusios savait\u0117s atodr\u0117kis skaud\u017ei\u0173 traum\u0173 atne\u0161\u0117 p\u0117stiesiems &#8211; daug j\u0173 atsid\u016br\u0117 ligonin\u0117je. Taigi traumas patyrusi\u0173 bei kitomis ligomis susirgusi\u0173 \u017emoni\u0173 pilni visi ligonin\u0117s skyriai, i\u0161skyrus Aku\u0161erijos &#8211; ginekologijos skyri\u0173.<\/p>\n<p><strong>Epidemin\u0117 riba per\u017eengta<\/strong><\/p>\n<p>Klaip\u0117dos visuomen\u0117s sveikatos centro \u0160ilut\u0117s skyriaus duomenimis, gripas itin spar\u010diai \u012fsiver\u017e\u0117 \u012f m\u016bs\u0173 rajon\u0105. Pirm\u0105j\u0105 ir antr\u0105j\u0105 sausio savaites susirgusi\u0173 gripu \u017emoni\u0173 buvo tik 5 ir 6, tre\u010di\u0105j\u0105 savait\u0119 gripas u\u017epuol\u0117 27, ketvirt\u0105j\u0105&nbsp; &#8211; jau 67 asmenis. O pra\u0117jusi\u0105 savait\u0119 rajone u\u017eregistruota net 210 gripo atvej\u0173.<\/p>\n<p>116 susirgusi\u0173j\u0173 &#8211; vaikai iki 17 met\u0173. 4 i\u0161 susirgusi\u0173 vaik\u0173 paguldyti \u012f ligonin\u0119. Tai irgi ne\u012fprastai didelis skai\u010dius, mat iki \u0161iol per savait\u0119 ligonin\u0117je nuo gripo buvo gydoma po vien\u0105 vaik\u0105.<\/p>\n<p>Visuomen\u0117s sveikatos specialist\u0117 Galina Gorbatova suskai\u010diavo, kad dar 355 \u017emon\u0117ms per savait\u0119, i\u0161 j\u0173 &#8211; 260 vaik\u0173, diagnozuoti \u016bm\u016bs vir\u0161utini\u0173 kv\u0117pavimo tak\u0173 katarai.<\/p>\n<p>Gripo epidemija yra skelbiama, kai \u0161ia liga susirgusi\u0173j\u0173 rodiklis per\u017eengia 30-ies rib\u0105. Tuo tarpu m\u016bs\u0173 rajone pra\u0117jusi\u0105 &#8211; penkt\u0105j\u0105 gripo siaut\u0117jimo Lietuvoje savait\u0119, jo rodiklis jau buvo 47,55.<\/p>\n<p><strong>Perpildytas ir Traum\u0173 skyrius<\/strong><\/p>\n<p>\u0160ilut\u0117s ligonin\u0117s vyr. gydytojas Darius Steponkus sak\u0117, jog \u0161e\u0161tadien\u012f pasiektas nelinksmas rekordas &#8211; \u012f Vaik\u0173 lig\u0173 skyri\u0173 kreip\u0117si net 18 vaik\u0173.<\/p>\n<p>Pilni ir kiti m\u016bs\u0173 ligonin\u0117s skyriai, ypa\u010d daug ligoni\u0173 Terapijos skyriuje.<\/p>\n<p>Nema\u017ea \u0161io periodo b\u0117da ligonin\u0117s vadovas vadina slid\u017eias gatves. Pra\u0117jusi\u0105 savait\u0119 po dideli\u0173 \u0161al\u010di\u0173 \u012f Lietuv\u0105 atpl\u016bdus \u0161iltiems orams, gatv\u0117s tapo ypa\u010d slid\u017eios. Tai netruko pajusti traumatologai. \u201eTraum\u0173 skyrius perpildytas virtusi\u0173, griuvusi\u0173 ir traumas patyrusi\u0173 pacient\u0173. Ne vien\u0105 teko operuoti\u201c, &#8211; sak\u0117 D.Steponkus.<\/p>\n<p><strong>Gripas pasiglem\u017e\u0117 dar dvi aukas<\/strong><\/p>\n<p><a target=\"_blank\" class=\"jcepopup\" href=\"\/\/silutesnaujienos.lt\/images\/stories\/2013\/02\/05\/Young-man-sick.jpg\" rel=\"noopener noreferrer\" data-rel=\"lightbox-gallery-0M9C0xc9\" data-rl_title=\"\" data-rl_caption=\"\" title=\"\"><img loading=\"lazy\" decoding=\"async\" style=\"margin: 5px; float: left;\" alt=\"Young-man-sick\" src=\"\/\/silutesnaujienos.lt\/images\/stories\/2013\/02\/05\/thumbnails\/thumb_Young-man-sick.jpg\" height=\"230\" width=\"307\" \/><\/a>Gripas Lietuvoje savaitgal\u012f pasiglem\u017e\u0117 dar dvi gyvybes. Nuo \u0161ios ligos komplikacij\u0173 \u0161e\u0161tadien\u012f Panev\u0117\u017eyje mir\u0117 50 met\u0173, o sekmadien\u012f &#8211; 34 met\u0173 moteris.<\/p>\n<p>\u0160iuo metu Panev\u0117\u017eio ligonin\u0117s Reanimacijos skyriuje gydomos dar dvi sunkios b\u016bkl\u0117s moterys. Visoms joms i\u0161sivyst\u0117 viruso sukeltos komplikacijos. Ligon\u0117s yra prijungtos prie plau\u010dius v\u0117dinan\u010dios aparat\u016bros.<\/p>\n<p>\u0160i\u0173 met\u0173 saus\u012f nuo gripo komplikacij\u0173 mir\u0117 du \u017emon\u0117s. Viena j\u0173 &#8211; 12 met\u0173 kauniet\u0117, kita &#8211; 56 met\u0173 moteris i\u0161 Ignalinos rajono.<\/p>\n<p><strong>Medikai pataria nedelsti<\/strong><\/p>\n<p>Pasklidus informacijai, kai nuo gripo komplikacij\u0173 jau mir\u0117 4 \u017emon\u0117s, gydytojai sulaukia klausim\u0173, ar dar nev\u0117lu skiepytis nuo gripo.<\/p>\n<p>Veiksmingiausia buvo pasiskiepyti prie\u0161 prasidedant gripo epidemijai, nes tik pra\u0117jus 2 savait\u0117ms po paskiepijimo \u017emogaus organizme susidaro antik\u016bn\u0173, kovosian\u010di\u0173 su gripo virusu.<\/p>\n<p>Specialistai prognozuoja, kad po poros savai\u010di\u0173 gripo protr\u016bkis gali prad\u0117ti slopti.<\/p>\n<p>Medikai pataria pajutus pirmuosius gripo simptomus &#8211; auk\u0161t\u0105 temperat\u016br\u0105, galvos, gerkl\u0117s ir raumen\u0173 skausmus &#8211; skubiai kreiptis \u012f \u0161eimos gydytoj\u0105. Da\u017eniausiai gripo sukeltos komplikacijos pasirei\u0161kia per pirm\u0105sias keturias paras.<\/p>\n","protected":false},"excerpt":{"rendered":"<p>Gripo epideminis slenkstis per\u017eengtas ir \u0160ilut\u0117s rajone. Pra\u0117jusi\u0105 savait\u0119 bendras sergamumo gripu ir vir\u0161utini\u0173 kv\u0117pavimo tak\u0173 katarais rodiklis 10-\u010diai t\u016bkstan\u010di\u0173 gyventoj\u0173 m\u016bs\u0173 rajone pasiek\u0117 127,99 (epidemija skelbiama \u0161iam rodikliui pasiekus 100). Ne\u012fprastai daug \u012f \u0160ilut\u0117s ligonin\u0119 paguldyta ne tik sergan\u010di\u0173j\u0173 gripu. Pra\u0117jusios savait\u0117s atodr\u0117kis skaud\u017ei\u0173 traum\u0173 atne\u0161\u0117 p\u0117stiesiems &#8211; daug j\u0173 atsid\u016br\u0117 ligonin\u0117je. Taigi traumas [&hellip;]<\/p>\n","protected":false},"author":1,"featured_media":0,"comment_status":"open","ping_status":"open","sticky":false,"template":"","format":"standard","meta":{"footnotes":""},"categories":[53],"tags":[],"class_list":{"0":"post-4568","1":"post","2":"type-post","3":"status-publish","4":"format-standard","6":"category-sveikatos-saltinis"},"yoast_head":"<!-- This site is optimized with the Yoast SEO plugin v27.5 - https:\/\/yoast.com\/product\/yoast-seo-wordpress\/ -->\n<title>Gripas \u0160ilut\u0117s rajone per\u017eeng\u0117 epidemijos slenkst\u012f - \u0160ilut\u0117s naujienos<\/title>\n<meta name=\"robots\" content=\"index, follow, max-snippet:-1, max-image-preview:large, max-video-preview:-1\" \/>\n<link rel=\"canonical\" href=\"https:\/\/www.silutesnaujienos.lt\/lt\/gripas-silutes-rajone-perzenge-epidemijos-slenksti\/\" \/>\n<meta property=\"og:locale\" content=\"lt_LT\" \/>\n<meta property=\"og:type\" content=\"article\" \/>\n<meta property=\"og:title\" content=\"Gripas \u0160ilut\u0117s rajone per\u017eeng\u0117 epidemijos slenkst\u012f - \u0160ilut\u0117s naujienos\" \/>\n<meta property=\"og:description\" content=\"Gripo epideminis slenkstis per\u017eengtas ir \u0160ilut\u0117s rajone. Pra\u0117jusi\u0105 savait\u0119 bendras sergamumo gripu ir vir\u0161utini\u0173 kv\u0117pavimo tak\u0173 katarais rodiklis 10-\u010diai t\u016bkstan\u010di\u0173 gyventoj\u0173 m\u016bs\u0173 rajone pasiek\u0117 127,99 (epidemija skelbiama \u0161iam rodikliui pasiekus 100). Ne\u012fprastai daug \u012f \u0160ilut\u0117s ligonin\u0119 paguldyta ne tik sergan\u010di\u0173j\u0173 gripu. Pra\u0117jusios savait\u0117s atodr\u0117kis skaud\u017ei\u0173 traum\u0173 atne\u0161\u0117 p\u0117stiesiems &#8211; daug j\u0173 atsid\u016br\u0117 ligonin\u0117je. Taigi traumas [&hellip;]\" \/>\n<meta property=\"og:url\" content=\"https:\/\/www.silutesnaujienos.lt\/lt\/gripas-silutes-rajone-perzenge-epidemijos-slenksti\/\" \/>\n<meta property=\"og:site_name\" content=\"\u0160ilut\u0117s naujienos\" \/>\n<meta property=\"article:publisher\" content=\"https:\/\/www.facebook.com\/silutes.naujienos\/\" \/>\n<meta property=\"article:published_time\" content=\"2013-02-05T11:00:00+00:00\" \/>\n<meta property=\"og:image\" content=\"\/\/silutesnaujienos.lt\/images\/stories\/2013\/02\/05\/thumbnails\/thumb_ANTSNUKIAI_1_copy.jpg\" \/>\n<meta name=\"author\" content=\"\u0160ilut\u0117s naujien\u0173 inf.\" \/>\n<meta name=\"twitter:card\" content=\"summary_large_image\" \/>\n<meta name=\"twitter:label1\" content=\"Written by\" \/>\n\t<meta name=\"twitter:data1\" content=\"\u0160ilut\u0117s naujien\u0173 inf.\" \/>\n\t<meta name=\"twitter:label2\" content=\"Est. reading time\" \/>\n\t<meta name=\"twitter:data2\" content=\"3 minut\u0117s\" \/>\n<script type=\"application\/ld+json\" class=\"yoast-schema-graph\">{\"@context\":\"https:\\\/\\\/schema.org\",\"@graph\":[{\"@type\":\"Article\",\"@id\":\"https:\\\/\\\/www.silutesnaujienos.lt\\\/lt\\\/gripas-silutes-rajone-perzenge-epidemijos-slenksti\\\/#article\",\"isPartOf\":{\"@id\":\"https:\\\/\\\/www.silutesnaujienos.lt\\\/lt\\\/gripas-silutes-rajone-perzenge-epidemijos-slenksti\\\/\"},\"author\":{\"name\":\"\u0160ilut\u0117s naujien\u0173 inf.\",\"@id\":\"https:\\\/\\\/www.silutesnaujienos.lt\\\/lt\\\/#\\\/schema\\\/person\\\/232f475ddd4a7b5f49b3abc788b17e83\"},\"headline\":\"Gripas \u0160ilut\u0117s rajone per\u017eeng\u0117 epidemijos slenkst\u012f\",\"datePublished\":\"2013-02-05T11:00:00+00:00\",\"mainEntityOfPage\":{\"@id\":\"https:\\\/\\\/www.silutesnaujienos.lt\\\/lt\\\/gripas-silutes-rajone-perzenge-epidemijos-slenksti\\\/\"},\"wordCount\":520,\"commentCount\":0,\"publisher\":{\"@id\":\"https:\\\/\\\/www.silutesnaujienos.lt\\\/lt\\\/#organization\"},\"articleSection\":[\"Sveikatos \u0161altinis\"],\"inLanguage\":\"lt-LT\",\"potentialAction\":[{\"@type\":\"CommentAction\",\"name\":\"Comment\",\"target\":[\"https:\\\/\\\/www.silutesnaujienos.lt\\\/lt\\\/gripas-silutes-rajone-perzenge-epidemijos-slenksti\\\/#respond\"]}]},{\"@type\":\"WebPage\",\"@id\":\"https:\\\/\\\/www.silutesnaujienos.lt\\\/lt\\\/gripas-silutes-rajone-perzenge-epidemijos-slenksti\\\/\",\"url\":\"https:\\\/\\\/www.silutesnaujienos.lt\\\/lt\\\/gripas-silutes-rajone-perzenge-epidemijos-slenksti\\\/\",\"name\":\"Gripas \u0160ilut\u0117s rajone per\u017eeng\u0117 epidemijos slenkst\u012f - \u0160ilut\u0117s naujienos\",\"isPartOf\":{\"@id\":\"https:\\\/\\\/www.silutesnaujienos.lt\\\/lt\\\/#website\"},\"datePublished\":\"2013-02-05T11:00:00+00:00\",\"breadcrumb\":{\"@id\":\"https:\\\/\\\/www.silutesnaujienos.lt\\\/lt\\\/gripas-silutes-rajone-perzenge-epidemijos-slenksti\\\/#breadcrumb\"},\"inLanguage\":\"lt-LT\",\"potentialAction\":[{\"@type\":\"ReadAction\",\"target\":[\"https:\\\/\\\/www.silutesnaujienos.lt\\\/lt\\\/gripas-silutes-rajone-perzenge-epidemijos-slenksti\\\/\"]}]},{\"@type\":\"BreadcrumbList\",\"@id\":\"https:\\\/\\\/www.silutesnaujienos.lt\\\/lt\\\/gripas-silutes-rajone-perzenge-epidemijos-slenksti\\\/#breadcrumb\",\"itemListElement\":[{\"@type\":\"ListItem\",\"position\":1,\"name\":\"Home\",\"item\":\"https:\\\/\\\/www.silutesnaujienos.lt\\\/lt\\\/\"},{\"@type\":\"ListItem\",\"position\":2,\"name\":\"Gripas \u0160ilut\u0117s rajone per\u017eeng\u0117 epidemijos slenkst\u012f\"}]},{\"@type\":\"WebSite\",\"@id\":\"https:\\\/\\\/www.silutesnaujienos.lt\\\/lt\\\/#website\",\"url\":\"https:\\\/\\\/www.silutesnaujienos.lt\\\/lt\\\/\",\"name\":\"\u0160ilut\u0117s naujienos\",\"description\":\"B\u016bk ant naujien\u0173 bangos!\",\"publisher\":{\"@id\":\"https:\\\/\\\/www.silutesnaujienos.lt\\\/lt\\\/#organization\"},\"potentialAction\":[{\"@type\":\"SearchAction\",\"target\":{\"@type\":\"EntryPoint\",\"urlTemplate\":\"https:\\\/\\\/www.silutesnaujienos.lt\\\/lt\\\/?s={search_term_string}\"},\"query-input\":{\"@type\":\"PropertyValueSpecification\",\"valueRequired\":true,\"valueName\":\"search_term_string\"}}],\"inLanguage\":\"lt-LT\"},{\"@type\":\"Organization\",\"@id\":\"https:\\\/\\\/www.silutesnaujienos.lt\\\/lt\\\/#organization\",\"name\":\"\u0160ilut\u0117s naujienos\",\"url\":\"https:\\\/\\\/www.silutesnaujienos.lt\\\/lt\\\/\",\"logo\":{\"@type\":\"ImageObject\",\"inLanguage\":\"lt-LT\",\"@id\":\"https:\\\/\\\/www.silutesnaujienos.lt\\\/lt\\\/#\\\/schema\\\/logo\\\/image\\\/\",\"url\":\"https:\\\/\\\/www.silutesnaujienos.lt\\\/lt\\\/wp-content\\\/uploads\\\/2020\\\/06\\\/FB_MAIN.jpg\",\"contentUrl\":\"https:\\\/\\\/www.silutesnaujienos.lt\\\/lt\\\/wp-content\\\/uploads\\\/2020\\\/06\\\/FB_MAIN.jpg\",\"width\":1700,\"height\":956,\"caption\":\"\u0160ilut\u0117s naujienos\"},\"image\":{\"@id\":\"https:\\\/\\\/www.silutesnaujienos.lt\\\/lt\\\/#\\\/schema\\\/logo\\\/image\\\/\"},\"sameAs\":[\"https:\\\/\\\/www.facebook.com\\\/silutes.naujienos\\\/\",\"https:\\\/\\\/www.youtube.com\\\/channel\\\/UCxW-cgrJDt8GxIMxSTAfJZg\"]},{\"@type\":\"Person\",\"@id\":\"https:\\\/\\\/www.silutesnaujienos.lt\\\/lt\\\/#\\\/schema\\\/person\\\/232f475ddd4a7b5f49b3abc788b17e83\",\"name\":\"\u0160ilut\u0117s naujien\u0173 inf.\",\"image\":{\"@type\":\"ImageObject\",\"inLanguage\":\"lt-LT\",\"@id\":\"https:\\\/\\\/www.silutesnaujienos.lt\\\/lt\\\/wp-content\\\/uploads\\\/2020\\\/06\\\/favicon.png\",\"url\":\"https:\\\/\\\/www.silutesnaujienos.lt\\\/lt\\\/wp-content\\\/uploads\\\/2020\\\/06\\\/favicon.png\",\"contentUrl\":\"https:\\\/\\\/www.silutesnaujienos.lt\\\/lt\\\/wp-content\\\/uploads\\\/2020\\\/06\\\/favicon.png\",\"caption\":\"\u0160ilut\u0117s naujien\u0173 inf.\"},\"sameAs\":[\"https:\\\/\\\/www.silutesnaujienos.lt\\\/lt\"],\"url\":\"https:\\\/\\\/www.silutesnaujienos.lt\\\/lt\\\/author\\\/ruta\\\/\"}]}<\/script>\n<!-- \/ Yoast SEO plugin. -->","yoast_head_json":{"title":"Gripas \u0160ilut\u0117s rajone per\u017eeng\u0117 epidemijos slenkst\u012f - \u0160ilut\u0117s naujienos","robots":{"index":"index","follow":"follow","max-snippet":"max-snippet:-1","max-image-preview":"max-image-preview:large","max-video-preview":"max-video-preview:-1"},"canonical":"https:\/\/www.silutesnaujienos.lt\/lt\/gripas-silutes-rajone-perzenge-epidemijos-slenksti\/","og_locale":"lt_LT","og_type":"article","og_title":"Gripas \u0160ilut\u0117s rajone per\u017eeng\u0117 epidemijos slenkst\u012f - \u0160ilut\u0117s naujienos","og_description":"Gripo epideminis slenkstis per\u017eengtas ir \u0160ilut\u0117s rajone. Pra\u0117jusi\u0105 savait\u0119 bendras sergamumo gripu ir vir\u0161utini\u0173 kv\u0117pavimo tak\u0173 katarais rodiklis 10-\u010diai t\u016bkstan\u010di\u0173 gyventoj\u0173 m\u016bs\u0173 rajone pasiek\u0117 127,99 (epidemija skelbiama \u0161iam rodikliui pasiekus 100). Ne\u012fprastai daug \u012f \u0160ilut\u0117s ligonin\u0119 paguldyta ne tik sergan\u010di\u0173j\u0173 gripu. Pra\u0117jusios savait\u0117s atodr\u0117kis skaud\u017ei\u0173 traum\u0173 atne\u0161\u0117 p\u0117stiesiems &#8211; daug j\u0173 atsid\u016br\u0117 ligonin\u0117je. Taigi traumas [&hellip;]","og_url":"https:\/\/www.silutesnaujienos.lt\/lt\/gripas-silutes-rajone-perzenge-epidemijos-slenksti\/","og_site_name":"\u0160ilut\u0117s naujienos","article_publisher":"https:\/\/www.facebook.com\/silutes.naujienos\/","article_published_time":"2013-02-05T11:00:00+00:00","og_image":[{"url":"\/\/silutesnaujienos.lt\/images\/stories\/2013\/02\/05\/thumbnails\/thumb_ANTSNUKIAI_1_copy.jpg","type":"","width":"","height":""}],"author":"\u0160ilut\u0117s naujien\u0173 inf.","twitter_card":"summary_large_image","twitter_misc":{"Written by":"\u0160ilut\u0117s naujien\u0173 inf.","Est. reading time":"3 minut\u0117s"},"schema":{"@context":"https:\/\/schema.org","@graph":[{"@type":"Article","@id":"https:\/\/www.silutesnaujienos.lt\/lt\/gripas-silutes-rajone-perzenge-epidemijos-slenksti\/#article","isPartOf":{"@id":"https:\/\/www.silutesnaujienos.lt\/lt\/gripas-silutes-rajone-perzenge-epidemijos-slenksti\/"},"author":{"name":"\u0160ilut\u0117s naujien\u0173 inf.","@id":"https:\/\/www.silutesnaujienos.lt\/lt\/#\/schema\/person\/232f475ddd4a7b5f49b3abc788b17e83"},"headline":"Gripas \u0160ilut\u0117s rajone per\u017eeng\u0117 epidemijos slenkst\u012f","datePublished":"2013-02-05T11:00:00+00:00","mainEntityOfPage":{"@id":"https:\/\/www.silutesnaujienos.lt\/lt\/gripas-silutes-rajone-perzenge-epidemijos-slenksti\/"},"wordCount":520,"commentCount":0,"publisher":{"@id":"https:\/\/www.silutesnaujienos.lt\/lt\/#organization"},"articleSection":["Sveikatos \u0161altinis"],"inLanguage":"lt-LT","potentialAction":[{"@type":"CommentAction","name":"Comment","target":["https:\/\/www.silutesnaujienos.lt\/lt\/gripas-silutes-rajone-perzenge-epidemijos-slenksti\/#respond"]}]},{"@type":"WebPage","@id":"https:\/\/www.silutesnaujienos.lt\/lt\/gripas-silutes-rajone-perzenge-epidemijos-slenksti\/","url":"https:\/\/www.silutesnaujienos.lt\/lt\/gripas-silutes-rajone-perzenge-epidemijos-slenksti\/","name":"Gripas \u0160ilut\u0117s rajone per\u017eeng\u0117 epidemijos slenkst\u012f - \u0160ilut\u0117s naujienos","isPartOf":{"@id":"https:\/\/www.silutesnaujienos.lt\/lt\/#website"},"datePublished":"2013-02-05T11:00:00+00:00","breadcrumb":{"@id":"https:\/\/www.silutesnaujienos.lt\/lt\/gripas-silutes-rajone-perzenge-epidemijos-slenksti\/#breadcrumb"},"inLanguage":"lt-LT","potentialAction":[{"@type":"ReadAction","target":["https:\/\/www.silutesnaujienos.lt\/lt\/gripas-silutes-rajone-perzenge-epidemijos-slenksti\/"]}]},{"@type":"BreadcrumbList","@id":"https:\/\/www.silutesnaujienos.lt\/lt\/gripas-silutes-rajone-perzenge-epidemijos-slenksti\/#breadcrumb","itemListElement":[{"@type":"ListItem","position":1,"name":"Home","item":"https:\/\/www.silutesnaujienos.lt\/lt\/"},{"@type":"ListItem","position":2,"name":"Gripas \u0160ilut\u0117s rajone per\u017eeng\u0117 epidemijos slenkst\u012f"}]},{"@type":"WebSite","@id":"https:\/\/www.silutesnaujienos.lt\/lt\/#website","url":"https:\/\/www.silutesnaujienos.lt\/lt\/","name":"\u0160ilut\u0117s naujienos","description":"B\u016bk ant naujien\u0173 bangos!","publisher":{"@id":"https:\/\/www.silutesnaujienos.lt\/lt\/#organization"},"potentialAction":[{"@type":"SearchAction","target":{"@type":"EntryPoint","urlTemplate":"https:\/\/www.silutesnaujienos.lt\/lt\/?s={search_term_string}"},"query-input":{"@type":"PropertyValueSpecification","valueRequired":true,"valueName":"search_term_string"}}],"inLanguage":"lt-LT"},{"@type":"Organization","@id":"https:\/\/www.silutesnaujienos.lt\/lt\/#organization","name":"\u0160ilut\u0117s naujienos","url":"https:\/\/www.silutesnaujienos.lt\/lt\/","logo":{"@type":"ImageObject","inLanguage":"lt-LT","@id":"https:\/\/www.silutesnaujienos.lt\/lt\/#\/schema\/logo\/image\/","url":"https:\/\/www.silutesnaujienos.lt\/lt\/wp-content\/uploads\/2020\/06\/FB_MAIN.jpg","contentUrl":"https:\/\/www.silutesnaujienos.lt\/lt\/wp-content\/uploads\/2020\/06\/FB_MAIN.jpg","width":1700,"height":956,"caption":"\u0160ilut\u0117s naujienos"},"image":{"@id":"https:\/\/www.silutesnaujienos.lt\/lt\/#\/schema\/logo\/image\/"},"sameAs":["https:\/\/www.facebook.com\/silutes.naujienos\/","https:\/\/www.youtube.com\/channel\/UCxW-cgrJDt8GxIMxSTAfJZg"]},{"@type":"Person","@id":"https:\/\/www.silutesnaujienos.lt\/lt\/#\/schema\/person\/232f475ddd4a7b5f49b3abc788b17e83","name":"\u0160ilut\u0117s naujien\u0173 inf.","image":{"@type":"ImageObject","inLanguage":"lt-LT","@id":"https:\/\/www.silutesnaujienos.lt\/lt\/wp-content\/uploads\/2020\/06\/favicon.png","url":"https:\/\/www.silutesnaujienos.lt\/lt\/wp-content\/uploads\/2020\/06\/favicon.png","contentUrl":"https:\/\/www.silutesnaujienos.lt\/lt\/wp-content\/uploads\/2020\/06\/favicon.png","caption":"\u0160ilut\u0117s naujien\u0173 inf."},"sameAs":["https:\/\/www.silutesnaujienos.lt\/lt"],"url":"https:\/\/www.silutesnaujienos.lt\/lt\/author\/ruta\/"}]}},"publishpress_future_workflow_manual_trigger":{"enabledWorkflows":[]},"amp_enabled":true,"_links":{"self":[{"href":"https:\/\/www.silutesnaujienos.lt\/lt\/wp-json\/wp\/v2\/posts\/4568","targetHints":{"allow":["GET"]}}],"collection":[{"href":"https:\/\/www.silutesnaujienos.lt\/lt\/wp-json\/wp\/v2\/posts"}],"about":[{"href":"https:\/\/www.silutesnaujienos.lt\/lt\/wp-json\/wp\/v2\/types\/post"}],"author":[{"embeddable":true,"href":"https:\/\/www.silutesnaujienos.lt\/lt\/wp-json\/wp\/v2\/users\/1"}],"replies":[{"embeddable":true,"href":"https:\/\/www.silutesnaujienos.lt\/lt\/wp-json\/wp\/v2\/comments?post=4568"}],"version-history":[{"count":0,"href":"https:\/\/www.silutesnaujienos.lt\/lt\/wp-json\/wp\/v2\/posts\/4568\/revisions"}],"wp:attachment":[{"href":"https:\/\/www.silutesnaujienos.lt\/lt\/wp-json\/wp\/v2\/media?parent=4568"}],"wp:term":[{"taxonomy":"category","embeddable":true,"href":"https:\/\/www.silutesnaujienos.lt\/lt\/wp-json\/wp\/v2\/categories?post=4568"},{"taxonomy":"post_tag","embeddable":true,"href":"https:\/\/www.silutesnaujienos.lt\/lt\/wp-json\/wp\/v2\/tags?post=4568"}],"curies":[{"name":"wp","href":"https:\/\/api.w.org\/{rel}","templated":true}]}}