{"id":51124,"date":"2023-03-28T09:00:29","date_gmt":"2023-03-28T06:00:29","guid":{"rendered":"https:\/\/www.silutesnaujienos.lt\/lt\/?p=51124"},"modified":"2023-03-28T08:55:03","modified_gmt":"2023-03-28T05:55:03","slug":"lietuvoje-ivestas-vasaros-laikas","status":"publish","type":"post","link":"https:\/\/www.silutesnaujienos.lt\/lt\/lietuvoje-ivestas-vasaros-laikas\/","title":{"rendered":"Lietuvoje \u012fvestas vasaros laikas"},"content":{"rendered":"<p>Tai rei\u0161kia, kad \u0161viesusis paros metas ryte prasideda v\u0117liau, o vakare trunka ilgiau. Vasaros laikas galios iki paskutinio spalio sekmadienio, kai laikrod\u017ei\u0173 rodykl\u0117s sukamos valanda atgal ir \u012fvedamas \u017eiemos laikas.<\/p>\n<p>Sukti laik\u0105 visose ES valstyb\u0117se nar\u0117se buvo nutarta dar 1980 m. Sprendimas buvo grind\u017eiamas es\u0105 tai pad\u0117s racionaliau i\u0161naudoti \u0161vies\u0173j\u012f paros met\u0105.<\/p>\n<p><strong>Elta inf.<\/strong><\/p>\n","protected":false},"excerpt":{"rendered":"<p>Tai rei\u0161kia, kad \u0161viesusis paros metas ryte prasideda v\u0117liau, o vakare trunka ilgiau. Vasaros laikas galios iki paskutinio spalio sekmadienio, kai laikrod\u017ei\u0173 rodykl\u0117s sukamos valanda atgal ir \u012fvedamas \u017eiemos laikas. Sukti laik\u0105 visose ES valstyb\u0117se nar\u0117se buvo nutarta dar 1980 m. Sprendimas buvo grind\u017eiamas es\u0105 tai pad\u0117s racionaliau i\u0161naudoti \u0161vies\u0173j\u012f paros met\u0105. Elta inf.<\/p>\n","protected":false},"author":2,"featured_media":50881,"comment_status":"open","ping_status":"closed","sticky":false,"template":"","format":"standard","meta":{"footnotes":""},"categories":[3873],"tags":[47],"class_list":{"0":"post-51124","1":"post","2":"type-post","3":"status-publish","4":"format-standard","5":"has-post-thumbnail","7":"category-elta","8":"tag-pirmasis"},"yoast_head":"<!-- This site is optimized with the Yoast SEO plugin v27.5 - https:\/\/yoast.com\/product\/yoast-seo-wordpress\/ -->\n<title>Lietuvoje \u012fvestas vasaros laikas - \u0160ilut\u0117s naujienos<\/title>\n<meta name=\"robots\" content=\"index, follow, max-snippet:-1, max-image-preview:large, max-video-preview:-1\" \/>\n<link rel=\"canonical\" href=\"https:\/\/www.silutesnaujienos.lt\/lt\/lietuvoje-ivestas-vasaros-laikas\/\" \/>\n<meta property=\"og:locale\" content=\"lt_LT\" \/>\n<meta property=\"og:type\" content=\"article\" \/>\n<meta property=\"og:title\" content=\"Lietuvoje \u012fvestas vasaros laikas - \u0160ilut\u0117s naujienos\" \/>\n<meta property=\"og:description\" content=\"Tai rei\u0161kia, kad \u0161viesusis paros metas ryte prasideda v\u0117liau, o vakare trunka ilgiau. Vasaros laikas galios iki paskutinio spalio sekmadienio, kai laikrod\u017ei\u0173 rodykl\u0117s sukamos valanda atgal ir \u012fvedamas \u017eiemos laikas. Sukti laik\u0105 visose ES valstyb\u0117se nar\u0117se buvo nutarta dar 1980 m. Sprendimas buvo grind\u017eiamas es\u0105 tai pad\u0117s racionaliau i\u0161naudoti \u0161vies\u0173j\u012f paros met\u0105. Elta inf.\" \/>\n<meta property=\"og:url\" content=\"https:\/\/www.silutesnaujienos.lt\/lt\/lietuvoje-ivestas-vasaros-laikas\/\" \/>\n<meta property=\"og:site_name\" content=\"\u0160ilut\u0117s naujienos\" \/>\n<meta property=\"article:publisher\" content=\"https:\/\/www.facebook.com\/silutes.naujienos\/\" \/>\n<meta property=\"article:published_time\" content=\"2023-03-28T06:00:29+00:00\" \/>\n<meta property=\"og:image\" content=\"https:\/\/www.silutesnaujienos.lt\/lt\/wp-content\/uploads\/2023\/03\/laikrodzio-sukimas-2021.jpg\" \/>\n\t<meta property=\"og:image:width\" content=\"1366\" \/>\n\t<meta property=\"og:image:height\" content=\"768\" \/>\n\t<meta property=\"og:image:type\" content=\"image\/jpeg\" \/>\n<meta name=\"author\" content=\"\u0160ilut\u0117s naujien\u0173 inf.\" \/>\n<meta name=\"twitter:card\" content=\"summary_large_image\" \/>\n<meta name=\"twitter:label1\" content=\"Written by\" \/>\n\t<meta name=\"twitter:data1\" content=\"\u0160ilut\u0117s naujien\u0173 inf.\" \/>\n\t<meta name=\"twitter:label2\" content=\"Est. reading time\" \/>\n\t<meta name=\"twitter:data2\" content=\"1 minut\u0117\" \/>\n<script type=\"application\/ld+json\" class=\"yoast-schema-graph\">{\"@context\":\"https:\\\/\\\/schema.org\",\"@graph\":[{\"@type\":\"Article\",\"@id\":\"https:\\\/\\\/www.silutesnaujienos.lt\\\/lt\\\/lietuvoje-ivestas-vasaros-laikas\\\/#article\",\"isPartOf\":{\"@id\":\"https:\\\/\\\/www.silutesnaujienos.lt\\\/lt\\\/lietuvoje-ivestas-vasaros-laikas\\\/\"},\"author\":{\"name\":\"\u0160ilut\u0117s naujien\u0173 inf.\",\"@id\":\"https:\\\/\\\/www.silutesnaujienos.lt\\\/lt\\\/#\\\/schema\\\/person\\\/976440ef837444400af3c77c19c61454\"},\"headline\":\"Lietuvoje \u012fvestas vasaros laikas\",\"datePublished\":\"2023-03-28T06:00:29+00:00\",\"mainEntityOfPage\":{\"@id\":\"https:\\\/\\\/www.silutesnaujienos.lt\\\/lt\\\/lietuvoje-ivestas-vasaros-laikas\\\/\"},\"wordCount\":67,\"commentCount\":0,\"publisher\":{\"@id\":\"https:\\\/\\\/www.silutesnaujienos.lt\\\/lt\\\/#organization\"},\"image\":{\"@id\":\"https:\\\/\\\/www.silutesnaujienos.lt\\\/lt\\\/lietuvoje-ivestas-vasaros-laikas\\\/#primaryimage\"},\"thumbnailUrl\":\"https:\\\/\\\/www.silutesnaujienos.lt\\\/lt\\\/wp-content\\\/uploads\\\/2023\\\/03\\\/laikrodzio-sukimas-2021.jpg\",\"keywords\":[\"Pirmasis\"],\"articleSection\":[\"ELTA\"],\"inLanguage\":\"lt-LT\",\"potentialAction\":[{\"@type\":\"CommentAction\",\"name\":\"Comment\",\"target\":[\"https:\\\/\\\/www.silutesnaujienos.lt\\\/lt\\\/lietuvoje-ivestas-vasaros-laikas\\\/#respond\"]}]},{\"@type\":\"WebPage\",\"@id\":\"https:\\\/\\\/www.silutesnaujienos.lt\\\/lt\\\/lietuvoje-ivestas-vasaros-laikas\\\/\",\"url\":\"https:\\\/\\\/www.silutesnaujienos.lt\\\/lt\\\/lietuvoje-ivestas-vasaros-laikas\\\/\",\"name\":\"Lietuvoje \u012fvestas vasaros laikas - \u0160ilut\u0117s naujienos\",\"isPartOf\":{\"@id\":\"https:\\\/\\\/www.silutesnaujienos.lt\\\/lt\\\/#website\"},\"primaryImageOfPage\":{\"@id\":\"https:\\\/\\\/www.silutesnaujienos.lt\\\/lt\\\/lietuvoje-ivestas-vasaros-laikas\\\/#primaryimage\"},\"image\":{\"@id\":\"https:\\\/\\\/www.silutesnaujienos.lt\\\/lt\\\/lietuvoje-ivestas-vasaros-laikas\\\/#primaryimage\"},\"thumbnailUrl\":\"https:\\\/\\\/www.silutesnaujienos.lt\\\/lt\\\/wp-content\\\/uploads\\\/2023\\\/03\\\/laikrodzio-sukimas-2021.jpg\",\"datePublished\":\"2023-03-28T06:00:29+00:00\",\"breadcrumb\":{\"@id\":\"https:\\\/\\\/www.silutesnaujienos.lt\\\/lt\\\/lietuvoje-ivestas-vasaros-laikas\\\/#breadcrumb\"},\"inLanguage\":\"lt-LT\",\"potentialAction\":[{\"@type\":\"ReadAction\",\"target\":[\"https:\\\/\\\/www.silutesnaujienos.lt\\\/lt\\\/lietuvoje-ivestas-vasaros-laikas\\\/\"]}]},{\"@type\":\"ImageObject\",\"inLanguage\":\"lt-LT\",\"@id\":\"https:\\\/\\\/www.silutesnaujienos.lt\\\/lt\\\/lietuvoje-ivestas-vasaros-laikas\\\/#primaryimage\",\"url\":\"https:\\\/\\\/www.silutesnaujienos.lt\\\/lt\\\/wp-content\\\/uploads\\\/2023\\\/03\\\/laikrodzio-sukimas-2021.jpg\",\"contentUrl\":\"https:\\\/\\\/www.silutesnaujienos.lt\\\/lt\\\/wp-content\\\/uploads\\\/2023\\\/03\\\/laikrodzio-sukimas-2021.jpg\",\"width\":1366,\"height\":768},{\"@type\":\"BreadcrumbList\",\"@id\":\"https:\\\/\\\/www.silutesnaujienos.lt\\\/lt\\\/lietuvoje-ivestas-vasaros-laikas\\\/#breadcrumb\",\"itemListElement\":[{\"@type\":\"ListItem\",\"position\":1,\"name\":\"Home\",\"item\":\"https:\\\/\\\/www.silutesnaujienos.lt\\\/lt\\\/\"},{\"@type\":\"ListItem\",\"position\":2,\"name\":\"Lietuvoje \u012fvestas vasaros laikas\"}]},{\"@type\":\"WebSite\",\"@id\":\"https:\\\/\\\/www.silutesnaujienos.lt\\\/lt\\\/#website\",\"url\":\"https:\\\/\\\/www.silutesnaujienos.lt\\\/lt\\\/\",\"name\":\"\u0160ilut\u0117s naujienos\",\"description\":\"B\u016bk ant naujien\u0173 bangos!\",\"publisher\":{\"@id\":\"https:\\\/\\\/www.silutesnaujienos.lt\\\/lt\\\/#organization\"},\"potentialAction\":[{\"@type\":\"SearchAction\",\"target\":{\"@type\":\"EntryPoint\",\"urlTemplate\":\"https:\\\/\\\/www.silutesnaujienos.lt\\\/lt\\\/?s={search_term_string}\"},\"query-input\":{\"@type\":\"PropertyValueSpecification\",\"valueRequired\":true,\"valueName\":\"search_term_string\"}}],\"inLanguage\":\"lt-LT\"},{\"@type\":\"Organization\",\"@id\":\"https:\\\/\\\/www.silutesnaujienos.lt\\\/lt\\\/#organization\",\"name\":\"\u0160ilut\u0117s naujienos\",\"url\":\"https:\\\/\\\/www.silutesnaujienos.lt\\\/lt\\\/\",\"logo\":{\"@type\":\"ImageObject\",\"inLanguage\":\"lt-LT\",\"@id\":\"https:\\\/\\\/www.silutesnaujienos.lt\\\/lt\\\/#\\\/schema\\\/logo\\\/image\\\/\",\"url\":\"https:\\\/\\\/www.silutesnaujienos.lt\\\/lt\\\/wp-content\\\/uploads\\\/2020\\\/06\\\/FB_MAIN.jpg\",\"contentUrl\":\"https:\\\/\\\/www.silutesnaujienos.lt\\\/lt\\\/wp-content\\\/uploads\\\/2020\\\/06\\\/FB_MAIN.jpg\",\"width\":1700,\"height\":956,\"caption\":\"\u0160ilut\u0117s naujienos\"},\"image\":{\"@id\":\"https:\\\/\\\/www.silutesnaujienos.lt\\\/lt\\\/#\\\/schema\\\/logo\\\/image\\\/\"},\"sameAs\":[\"https:\\\/\\\/www.facebook.com\\\/silutes.naujienos\\\/\",\"https:\\\/\\\/www.youtube.com\\\/channel\\\/UCxW-cgrJDt8GxIMxSTAfJZg\"]},{\"@type\":\"Person\",\"@id\":\"https:\\\/\\\/www.silutesnaujienos.lt\\\/lt\\\/#\\\/schema\\\/person\\\/976440ef837444400af3c77c19c61454\",\"name\":\"\u0160ilut\u0117s naujien\u0173 inf.\",\"image\":{\"@type\":\"ImageObject\",\"inLanguage\":\"lt-LT\",\"@id\":\"https:\\\/\\\/www.silutesnaujienos.lt\\\/lt\\\/wp-content\\\/uploads\\\/2020\\\/06\\\/favicon.png\",\"url\":\"https:\\\/\\\/www.silutesnaujienos.lt\\\/lt\\\/wp-content\\\/uploads\\\/2020\\\/06\\\/favicon.png\",\"contentUrl\":\"https:\\\/\\\/www.silutesnaujienos.lt\\\/lt\\\/wp-content\\\/uploads\\\/2020\\\/06\\\/favicon.png\",\"caption\":\"\u0160ilut\u0117s naujien\u0173 inf.\"},\"url\":\"https:\\\/\\\/www.silutesnaujienos.lt\\\/lt\\\/author\\\/vadas\\\/\"}]}<\/script>\n<!-- \/ Yoast SEO plugin. -->","yoast_head_json":{"title":"Lietuvoje \u012fvestas vasaros laikas - \u0160ilut\u0117s naujienos","robots":{"index":"index","follow":"follow","max-snippet":"max-snippet:-1","max-image-preview":"max-image-preview:large","max-video-preview":"max-video-preview:-1"},"canonical":"https:\/\/www.silutesnaujienos.lt\/lt\/lietuvoje-ivestas-vasaros-laikas\/","og_locale":"lt_LT","og_type":"article","og_title":"Lietuvoje \u012fvestas vasaros laikas - \u0160ilut\u0117s naujienos","og_description":"Tai rei\u0161kia, kad \u0161viesusis paros metas ryte prasideda v\u0117liau, o vakare trunka ilgiau. Vasaros laikas galios iki paskutinio spalio sekmadienio, kai laikrod\u017ei\u0173 rodykl\u0117s sukamos valanda atgal ir \u012fvedamas \u017eiemos laikas. Sukti laik\u0105 visose ES valstyb\u0117se nar\u0117se buvo nutarta dar 1980 m. Sprendimas buvo grind\u017eiamas es\u0105 tai pad\u0117s racionaliau i\u0161naudoti \u0161vies\u0173j\u012f paros met\u0105. Elta inf.","og_url":"https:\/\/www.silutesnaujienos.lt\/lt\/lietuvoje-ivestas-vasaros-laikas\/","og_site_name":"\u0160ilut\u0117s naujienos","article_publisher":"https:\/\/www.facebook.com\/silutes.naujienos\/","article_published_time":"2023-03-28T06:00:29+00:00","og_image":[{"width":1366,"height":768,"url":"https:\/\/www.silutesnaujienos.lt\/lt\/wp-content\/uploads\/2023\/03\/laikrodzio-sukimas-2021.jpg","type":"image\/jpeg"}],"author":"\u0160ilut\u0117s naujien\u0173 inf.","twitter_card":"summary_large_image","twitter_misc":{"Written by":"\u0160ilut\u0117s naujien\u0173 inf.","Est. reading time":"1 minut\u0117"},"schema":{"@context":"https:\/\/schema.org","@graph":[{"@type":"Article","@id":"https:\/\/www.silutesnaujienos.lt\/lt\/lietuvoje-ivestas-vasaros-laikas\/#article","isPartOf":{"@id":"https:\/\/www.silutesnaujienos.lt\/lt\/lietuvoje-ivestas-vasaros-laikas\/"},"author":{"name":"\u0160ilut\u0117s naujien\u0173 inf.","@id":"https:\/\/www.silutesnaujienos.lt\/lt\/#\/schema\/person\/976440ef837444400af3c77c19c61454"},"headline":"Lietuvoje \u012fvestas vasaros laikas","datePublished":"2023-03-28T06:00:29+00:00","mainEntityOfPage":{"@id":"https:\/\/www.silutesnaujienos.lt\/lt\/lietuvoje-ivestas-vasaros-laikas\/"},"wordCount":67,"commentCount":0,"publisher":{"@id":"https:\/\/www.silutesnaujienos.lt\/lt\/#organization"},"image":{"@id":"https:\/\/www.silutesnaujienos.lt\/lt\/lietuvoje-ivestas-vasaros-laikas\/#primaryimage"},"thumbnailUrl":"https:\/\/www.silutesnaujienos.lt\/lt\/wp-content\/uploads\/2023\/03\/laikrodzio-sukimas-2021.jpg","keywords":["Pirmasis"],"articleSection":["ELTA"],"inLanguage":"lt-LT","potentialAction":[{"@type":"CommentAction","name":"Comment","target":["https:\/\/www.silutesnaujienos.lt\/lt\/lietuvoje-ivestas-vasaros-laikas\/#respond"]}]},{"@type":"WebPage","@id":"https:\/\/www.silutesnaujienos.lt\/lt\/lietuvoje-ivestas-vasaros-laikas\/","url":"https:\/\/www.silutesnaujienos.lt\/lt\/lietuvoje-ivestas-vasaros-laikas\/","name":"Lietuvoje \u012fvestas vasaros laikas - \u0160ilut\u0117s naujienos","isPartOf":{"@id":"https:\/\/www.silutesnaujienos.lt\/lt\/#website"},"primaryImageOfPage":{"@id":"https:\/\/www.silutesnaujienos.lt\/lt\/lietuvoje-ivestas-vasaros-laikas\/#primaryimage"},"image":{"@id":"https:\/\/www.silutesnaujienos.lt\/lt\/lietuvoje-ivestas-vasaros-laikas\/#primaryimage"},"thumbnailUrl":"https:\/\/www.silutesnaujienos.lt\/lt\/wp-content\/uploads\/2023\/03\/laikrodzio-sukimas-2021.jpg","datePublished":"2023-03-28T06:00:29+00:00","breadcrumb":{"@id":"https:\/\/www.silutesnaujienos.lt\/lt\/lietuvoje-ivestas-vasaros-laikas\/#breadcrumb"},"inLanguage":"lt-LT","potentialAction":[{"@type":"ReadAction","target":["https:\/\/www.silutesnaujienos.lt\/lt\/lietuvoje-ivestas-vasaros-laikas\/"]}]},{"@type":"ImageObject","inLanguage":"lt-LT","@id":"https:\/\/www.silutesnaujienos.lt\/lt\/lietuvoje-ivestas-vasaros-laikas\/#primaryimage","url":"https:\/\/www.silutesnaujienos.lt\/lt\/wp-content\/uploads\/2023\/03\/laikrodzio-sukimas-2021.jpg","contentUrl":"https:\/\/www.silutesnaujienos.lt\/lt\/wp-content\/uploads\/2023\/03\/laikrodzio-sukimas-2021.jpg","width":1366,"height":768},{"@type":"BreadcrumbList","@id":"https:\/\/www.silutesnaujienos.lt\/lt\/lietuvoje-ivestas-vasaros-laikas\/#breadcrumb","itemListElement":[{"@type":"ListItem","position":1,"name":"Home","item":"https:\/\/www.silutesnaujienos.lt\/lt\/"},{"@type":"ListItem","position":2,"name":"Lietuvoje \u012fvestas vasaros laikas"}]},{"@type":"WebSite","@id":"https:\/\/www.silutesnaujienos.lt\/lt\/#website","url":"https:\/\/www.silutesnaujienos.lt\/lt\/","name":"\u0160ilut\u0117s naujienos","description":"B\u016bk ant naujien\u0173 bangos!","publisher":{"@id":"https:\/\/www.silutesnaujienos.lt\/lt\/#organization"},"potentialAction":[{"@type":"SearchAction","target":{"@type":"EntryPoint","urlTemplate":"https:\/\/www.silutesnaujienos.lt\/lt\/?s={search_term_string}"},"query-input":{"@type":"PropertyValueSpecification","valueRequired":true,"valueName":"search_term_string"}}],"inLanguage":"lt-LT"},{"@type":"Organization","@id":"https:\/\/www.silutesnaujienos.lt\/lt\/#organization","name":"\u0160ilut\u0117s naujienos","url":"https:\/\/www.silutesnaujienos.lt\/lt\/","logo":{"@type":"ImageObject","inLanguage":"lt-LT","@id":"https:\/\/www.silutesnaujienos.lt\/lt\/#\/schema\/logo\/image\/","url":"https:\/\/www.silutesnaujienos.lt\/lt\/wp-content\/uploads\/2020\/06\/FB_MAIN.jpg","contentUrl":"https:\/\/www.silutesnaujienos.lt\/lt\/wp-content\/uploads\/2020\/06\/FB_MAIN.jpg","width":1700,"height":956,"caption":"\u0160ilut\u0117s naujienos"},"image":{"@id":"https:\/\/www.silutesnaujienos.lt\/lt\/#\/schema\/logo\/image\/"},"sameAs":["https:\/\/www.facebook.com\/silutes.naujienos\/","https:\/\/www.youtube.com\/channel\/UCxW-cgrJDt8GxIMxSTAfJZg"]},{"@type":"Person","@id":"https:\/\/www.silutesnaujienos.lt\/lt\/#\/schema\/person\/976440ef837444400af3c77c19c61454","name":"\u0160ilut\u0117s naujien\u0173 inf.","image":{"@type":"ImageObject","inLanguage":"lt-LT","@id":"https:\/\/www.silutesnaujienos.lt\/lt\/wp-content\/uploads\/2020\/06\/favicon.png","url":"https:\/\/www.silutesnaujienos.lt\/lt\/wp-content\/uploads\/2020\/06\/favicon.png","contentUrl":"https:\/\/www.silutesnaujienos.lt\/lt\/wp-content\/uploads\/2020\/06\/favicon.png","caption":"\u0160ilut\u0117s naujien\u0173 inf."},"url":"https:\/\/www.silutesnaujienos.lt\/lt\/author\/vadas\/"}]}},"publishpress_future_workflow_manual_trigger":{"enabledWorkflows":[]},"amp_enabled":true,"_links":{"self":[{"href":"https:\/\/www.silutesnaujienos.lt\/lt\/wp-json\/wp\/v2\/posts\/51124","targetHints":{"allow":["GET"]}}],"collection":[{"href":"https:\/\/www.silutesnaujienos.lt\/lt\/wp-json\/wp\/v2\/posts"}],"about":[{"href":"https:\/\/www.silutesnaujienos.lt\/lt\/wp-json\/wp\/v2\/types\/post"}],"author":[{"embeddable":true,"href":"https:\/\/www.silutesnaujienos.lt\/lt\/wp-json\/wp\/v2\/users\/2"}],"replies":[{"embeddable":true,"href":"https:\/\/www.silutesnaujienos.lt\/lt\/wp-json\/wp\/v2\/comments?post=51124"}],"version-history":[{"count":1,"href":"https:\/\/www.silutesnaujienos.lt\/lt\/wp-json\/wp\/v2\/posts\/51124\/revisions"}],"predecessor-version":[{"id":51128,"href":"https:\/\/www.silutesnaujienos.lt\/lt\/wp-json\/wp\/v2\/posts\/51124\/revisions\/51128"}],"wp:featuredmedia":[{"embeddable":true,"href":"https:\/\/www.silutesnaujienos.lt\/lt\/wp-json\/wp\/v2\/media\/50881"}],"wp:attachment":[{"href":"https:\/\/www.silutesnaujienos.lt\/lt\/wp-json\/wp\/v2\/media?parent=51124"}],"wp:term":[{"taxonomy":"category","embeddable":true,"href":"https:\/\/www.silutesnaujienos.lt\/lt\/wp-json\/wp\/v2\/categories?post=51124"},{"taxonomy":"post_tag","embeddable":true,"href":"https:\/\/www.silutesnaujienos.lt\/lt\/wp-json\/wp\/v2\/tags?post=51124"}],"curies":[{"name":"wp","href":"https:\/\/api.w.org\/{rel}","templated":true}]}}