{"id":5973,"date":"2013-03-12T16:00:00","date_gmt":"2013-03-12T18:00:00","guid":{"rendered":"https:\/\/www.silutesnaujienos.lt\/lt\/seneliu-globos-namu-darbuotojos-ir-gyventojai-gina-slaugos-skyriaus-medikus\/"},"modified":"2013-03-12T16:00:00","modified_gmt":"2013-03-12T18:00:00","slug":"seneliu-globos-namu-darbuotojos-ir-gyventojai-gina-slaugos-skyriaus-medikus","status":"publish","type":"post","link":"https:\/\/www.silutesnaujienos.lt\/lt\/seneliu-globos-namu-darbuotojos-ir-gyventojai-gina-slaugos-skyriaus-medikus\/","title":{"rendered":"Seneli\u0173 globos nam\u0173  darbuotojos ir gyventojai  gina Slaugos skyriaus medikus"},"content":{"rendered":"<p><a target=\"_blank\" rel=\"caption[\u0160ilut\u0117s seneli\u0173 globos nam\u0173 gyventoja Bronel\u0117 ir slaugytoja Gra\u017eina Saldauskien\u0117 sako gerai \u017einan\u010dios, kad Palaikomojo gydymo slaugos skyriuje dirba i\u0161ties savo profesijai atsidav\u0119 medikai.] noopener noreferrer\" class=\"jcepopup\" href=\"\/\/silutesnaujienos.lt\/images\/stories\/2013\/03\/05\/seneliu_globos_namai.jpg\" data-rel=\"lightbox-gallery-RTF7aA27\" data-rl_title=\"\" data-rl_caption=\"\"><img loading=\"lazy\" decoding=\"async\" style=\"margin: 5px; float: left;\" class=\"caption\" title=\"\" alt=\"seneliu globos namai\" src=\"\/\/silutesnaujienos.lt\/images\/stories\/2013\/03\/05\/thumbnails\/thumb_seneliu_globos_namai.jpg\" height=\"230\" width=\"307\" \/><\/a><strong>Redakcija sulauk\u0117 \u0160ilut\u0117s seneli\u0173 globos nam\u0173 darbuotoj\u0173 lai\u0161ko. \u0160ios \u012fstaigos direktor\u0117 Danut\u0117 Valodskien\u0117 ir slaugytojos Virginija Lileikien\u0117, Gra\u017eina Saldauskien\u0117 bei Tamara Gudi\u0161auskien\u0117 ra\u0161o esan\u010dios labai pasipiktinusios viename rajono laikra\u0161tyje ir internetiniame portale i\u0161spausdintu straipsniu \u201eBado akcijos\u201c Palaikomojo gydymo ir slaugos skyriuje?\u201c ir negalin\u010dios tyl\u0117ti, matydamos tok\u012f \u0161mei\u017et\u0105 ir neteisyb\u0119, pilamus ant \u0160ilut\u0117s Palaikomojo gydymo ir slaugos skyriaus bei jo ved\u0117jos Nijol\u0117s Ramanauskien\u0117s.<\/strong><\/p>\n<p><strong>Ved\u0117ja &#8211; \u0161velnus ir \u0161iltas medikas<\/strong><\/p>\n<p>\u201eBjaurus \u0161mei\u017etas, &#8211; tik taip galime pavadinti apie \u0160ilut\u0117s ligonin\u0117s Palaikomojo gydymo ir slaugos skyri\u0173 ir jo ved\u0117j\u0105 gydytoj\u0105 Nijol\u0119 Ramanauskien\u0119 paskleist\u0105 nuomon\u0119.<\/p>\n<p>Manome, kad i\u0161sakyti savo nuomon\u0119 privalome tod\u0117l, kad jau 14 met\u0173 bendradarbiaujame su min\u0117to skyriaus medik\u0117mis. M\u016bs\u0173 \u012fstaigoje gyvena daug sen\u0173, ne\u012fgali\u0173 \u017emoni\u0173, sunki\u0173 ligoni\u0173, kuriems da\u017enai reikia Slaugos skyriaus medik\u0173 prie\u017ei\u016bros. Savo gyventojus nuolat lankome, tod\u0117l daug kart\u0173 mat\u0117me tikr\u0105j\u0105 pad\u0117t\u012f skyriuje ir personalo darb\u0105.<\/p>\n<p>Ved\u0117ja N.Ramanauskien\u0117 yra be galo \u0161velnus, \u0161iltas ir savo darbui visa \u0161irdimi atsidav\u0119s medikas. Daug kart\u0173 mat\u0117me, kaip nuve\u017eus kuri\u0105 mo\u010diut\u0119, ji pati pasitinka, apkabina, u\u017e rank\u0173 palaiko, pagiria: \u201eKaip gra\u017eiai atrodai!\u201c I\u0161 savos patirties \u017einome, kad taip elgiasi ne kiekvienas medikas.<\/p>\n<p>Ky\u0161is ir gydytoja N.Ramanauskien\u0117 &#8211; du absoliu\u010diai nesuderinami dalykai. Be to, manome, kad pirmiausia patys tur\u0117tume nustoti brukti tuos ky\u0161ius gydytojams. Manome, kad tikras medikas &#8211; ir \u201epateptas\u201c, ir \u201eneteptas\u201c &#8211; ligoniu r\u016bpinsis vienodai.<br \/>Niekada nepatik\u0117sime ir tuo, kad gydytoja N.Ramanauskien\u0117 gal\u0117jo mesti \u017emogui \u012f veid\u0105 leidim\u0105 lankyti artim\u0105j\u012f (tokie leidimai buvo dalijami gripo karantino metu) &#8211; ne toks ji \u017emogus. Ji gal\u0117jo nebent paai\u0161kinti situacij\u0105.<\/p>\n<p>I\u0161 kur artimieji gali \u017einoti, kada ved\u0117ja ateina ap\u017ei\u016br\u0117ti j\u0173 ligonio &#8211; jie juk neb\u016bna i\u0161tis\u0105 par\u0105 prie jo, juk i\u0161va\u017eiavo ir paliko. O sunkaus ligonio \u017eod\u017eiai yra pats nepatikimiausias reikalas, t\u0105 \u017eino kiekvienas, kam teko slaugyti tok\u012f \u017emog\u0173. Be to, dauguma skyriuje gydom\u0173 \u017emoni\u0173 serga ir psichikos, ir onkologin\u0117mis ligomis, daugeliui j\u0173 skiriami stipriausi nuskausminamieji. Toki\u0173 vaist\u0173 paveiktas \u017emogus daug laiko b\u016bna tarsi apsn\u016bd\u0119s &#8211; ne visk\u0105 mato, girdi ir prisimena.<\/p>\n<p><strong>Fiksuoti kartais b\u016btina<\/strong><\/p>\n<p>Visos skyriaus medik\u0117s be galo stengiasi pad\u0117ti \u017emogui, o ne palikti j\u012f mirti, kaip teigiama \u0161mei\u017eiki\u0161kame lai\u0161ke.<br \/>Mes turime daug ypa\u010d sunki\u0173, i\u0161 lovos nebepakylan\u010di\u0173 ligoni\u0173, tod\u0117l gerai \u017einome, kokia sunki yra j\u0173 prie\u017ei\u016bra. Reikia nema\u017eai ir fizini\u0173, ir psichini\u0173 j\u0117g\u0173. T\u0105 gali paliudyti ir daugyb\u0117 m\u016bs\u0173 senoli\u0173 artim\u0173j\u0173, kurie patys nebepaj\u0117g\u0117 pri\u017ei\u016br\u0117ti savi\u0161ki\u0173, net vien\u0105 j\u0173 tur\u0117dami. Tod\u0117l ir i\u0161ve\u017e\u0117 juos \u012f globos namus.<\/p>\n<p>Tod\u0117l mes labai gerai suprantame slaugos skyriaus mediki\u0173 darb\u0105: joms daug sunkiau, nes skyriuje guli apie 60 toki\u0173 ligoni\u0173.<br \/>Tame skyriuje guli tik labai sunk\u016bs ligoniai &#8211; juos reikia prausti, maitinti, nuolat keisti sauskelnes. O fiksuoti (ne priri\u0161ti, kaip teigiama laikra\u0161tyje) tokius ligonius kartais b\u016btina d\u0117l j\u0173 pa\u010di\u0173 saugumo: jie gali su\u017ealoti save, i\u0161sipl\u0117\u0161ti kateterius. Jie i\u0161ties drasko sauskelnes, o i\u0161 ten ne\u0161varum\u0173 gali \u012fne\u0161ti ir \u012f burn\u0105, \u012f vir\u0161kinam\u0105j\u012f trakt\u0105.<\/p>\n<p><strong>Seneliai mini tik geru \u017eod\u017eiu<\/strong><\/p>\n<p>\u0160tai kaip apie Slaugos skyriaus mediki\u0173 darb\u0105 atsiliepia m\u016bs\u0173 senoliai.<\/p>\n<p>Jonas, guldomas \u012f skyri\u0173, duso, nebevaik\u0161\u010diojo, o gr\u012f\u017e\u0119s jau ir vaik\u0161\u010dioti gal\u0117jo. Jis be galo giria ten dirban\u010dias moteris.<br \/>Visos prisimename dabar jau a.a. Stepono \u017eod\u017eius. Senol\u012f kamavo trofin\u0117s opos, o gr\u012f\u017eo jis i\u0161gydytas ir vis kalb\u0117davo apie tenyk\u0161\u010di\u0173 \u201edaktar\u0117li\u0173\u201c gerum\u0105.<\/p>\n<p>Jau treti metai m\u016bs\u0173 \u012fstaigoje gyvena Bronel\u0117, jau metai \u0161i 90-met\u0117 nebevaik\u0161to. J\u0105 jau gal de\u0161imtmet\u012f gydo N.Ramanauskien\u0117, ir kiekvien\u0105 kart\u0105 gr\u012f\u017eusi i\u0161 Slaugos skyriaus mo\u010diut\u0117 pasakoja apie ved\u0117jos gerum\u0105 ir \u0161velnum\u0105. Giria ji ir slaugytojas, bet kai tik ved\u0117ja i\u0161eina atostog\u0173, namo pra\u0161osi ir Bronel\u0117. Sako, jog visos palatos moterys ved\u0117jos lyg mamos ateinan\u010dios laukia. \u201eKiek ji mano lig\u0173 i\u0161gyd\u0117 &#8211; nesuskai\u010diuosi\u201c, &#8211; vis pasakoja gr\u012f\u017eusi.<\/p>\n<p>Pikta skaityti ir tokius dalykus, es\u0105 ka\u017ekur pasimet\u0117 ligoniui skirtas maisto siuntinys. \u0160tai ir \u0161iandien lank\u0117me ten gydom\u0105 savo globotin\u0119 Stefanij\u0105. Pa\u010dios mat\u0117me, kad vakar j\u0105 lankiusio s\u016bnaus atne\u0161ti jogurtai ir g\u0117rimai stovi ant senol\u0117s spintel\u0117s.<br \/>Kaip ligoniais r\u016bpinamasi, kaip jie maitinami, kaip jiems nuolat pasi\u016bloma atsigerti, ne kart\u0105 steb\u0117jome lankydamos dabar jau a.a. savo Anel\u0119, ir kitus m\u016bs\u0173 senelius.<\/p>\n<p>Gaila, kad vie\u0161ai buvo paskleisti tokie tikrov\u0117s neatitinkantys dalykai, kad taip \u012fskaudinti i\u0161ties nuo\u0161ird\u017eiai dirbantys medikai. Susidaro \u012fsp\u016bdis, kad savo kliedesius i\u0161sak\u0117 psichikos ligonis, o \u017eurnalistas (lie\u017euvis nesiver\u010dia taip vadinti juos paskleidus\u012f \u017emog\u0173) net nesigilindamas juos sura\u0161\u0117.\u201c<\/p>\n","protected":false},"excerpt":{"rendered":"<p>Redakcija sulauk\u0117 \u0160ilut\u0117s seneli\u0173 globos nam\u0173 darbuotoj\u0173 lai\u0161ko. \u0160ios \u012fstaigos direktor\u0117 Danut\u0117 Valodskien\u0117 ir slaugytojos Virginija Lileikien\u0117, Gra\u017eina Saldauskien\u0117 bei Tamara Gudi\u0161auskien\u0117 ra\u0161o esan\u010dios labai pasipiktinusios viename rajono laikra\u0161tyje ir internetiniame portale i\u0161spausdintu straipsniu \u201eBado akcijos\u201c Palaikomojo gydymo ir slaugos skyriuje?\u201c ir negalin\u010dios tyl\u0117ti, matydamos tok\u012f \u0161mei\u017et\u0105 ir neteisyb\u0119, pilamus ant \u0160ilut\u0117s Palaikomojo gydymo ir [&hellip;]<\/p>\n","protected":false},"author":1,"featured_media":0,"comment_status":"open","ping_status":"open","sticky":false,"template":"","format":"standard","meta":{"footnotes":""},"categories":[2],"tags":[],"class_list":{"0":"post-5973","1":"post","2":"type-post","3":"status-publish","4":"format-standard","6":"category-aktualijos"},"yoast_head":"<!-- This site is optimized with the Yoast SEO plugin v27.5 - https:\/\/yoast.com\/product\/yoast-seo-wordpress\/ -->\n<title>Seneli\u0173 globos nam\u0173 darbuotojos ir gyventojai gina Slaugos skyriaus medikus - \u0160ilut\u0117s naujienos<\/title>\n<meta name=\"robots\" content=\"index, follow, max-snippet:-1, max-image-preview:large, max-video-preview:-1\" \/>\n<link rel=\"canonical\" href=\"https:\/\/www.silutesnaujienos.lt\/lt\/seneliu-globos-namu-darbuotojos-ir-gyventojai-gina-slaugos-skyriaus-medikus\/\" \/>\n<meta property=\"og:locale\" content=\"lt_LT\" \/>\n<meta property=\"og:type\" content=\"article\" \/>\n<meta property=\"og:title\" content=\"Seneli\u0173 globos nam\u0173 darbuotojos ir gyventojai gina Slaugos skyriaus medikus - \u0160ilut\u0117s naujienos\" \/>\n<meta property=\"og:description\" content=\"Redakcija sulauk\u0117 \u0160ilut\u0117s seneli\u0173 globos nam\u0173 darbuotoj\u0173 lai\u0161ko. \u0160ios \u012fstaigos direktor\u0117 Danut\u0117 Valodskien\u0117 ir slaugytojos Virginija Lileikien\u0117, Gra\u017eina Saldauskien\u0117 bei Tamara Gudi\u0161auskien\u0117 ra\u0161o esan\u010dios labai pasipiktinusios viename rajono laikra\u0161tyje ir internetiniame portale i\u0161spausdintu straipsniu \u201eBado akcijos\u201c Palaikomojo gydymo ir slaugos skyriuje?\u201c ir negalin\u010dios tyl\u0117ti, matydamos tok\u012f \u0161mei\u017et\u0105 ir neteisyb\u0119, pilamus ant \u0160ilut\u0117s Palaikomojo gydymo ir [&hellip;]\" \/>\n<meta property=\"og:url\" content=\"https:\/\/www.silutesnaujienos.lt\/lt\/seneliu-globos-namu-darbuotojos-ir-gyventojai-gina-slaugos-skyriaus-medikus\/\" \/>\n<meta property=\"og:site_name\" content=\"\u0160ilut\u0117s naujienos\" \/>\n<meta property=\"article:publisher\" content=\"https:\/\/www.facebook.com\/silutes.naujienos\/\" \/>\n<meta property=\"article:published_time\" content=\"2013-03-12T18:00:00+00:00\" \/>\n<meta property=\"og:image\" content=\"\/\/silutesnaujienos.lt\/images\/stories\/2013\/03\/05\/thumbnails\/thumb_seneliu_globos_namai.jpg\" \/>\n<meta name=\"author\" content=\"\u0160ilut\u0117s naujien\u0173 inf.\" \/>\n<meta name=\"twitter:card\" content=\"summary_large_image\" \/>\n<meta name=\"twitter:label1\" content=\"Written by\" \/>\n\t<meta name=\"twitter:data1\" content=\"\u0160ilut\u0117s naujien\u0173 inf.\" \/>\n\t<meta name=\"twitter:label2\" content=\"Est. reading time\" \/>\n\t<meta name=\"twitter:data2\" content=\"4 minut\u0117s\" \/>\n<script type=\"application\/ld+json\" class=\"yoast-schema-graph\">{\"@context\":\"https:\\\/\\\/schema.org\",\"@graph\":[{\"@type\":\"Article\",\"@id\":\"https:\\\/\\\/www.silutesnaujienos.lt\\\/lt\\\/seneliu-globos-namu-darbuotojos-ir-gyventojai-gina-slaugos-skyriaus-medikus\\\/#article\",\"isPartOf\":{\"@id\":\"https:\\\/\\\/www.silutesnaujienos.lt\\\/lt\\\/seneliu-globos-namu-darbuotojos-ir-gyventojai-gina-slaugos-skyriaus-medikus\\\/\"},\"author\":{\"name\":\"\u0160ilut\u0117s naujien\u0173 inf.\",\"@id\":\"https:\\\/\\\/www.silutesnaujienos.lt\\\/lt\\\/#\\\/schema\\\/person\\\/232f475ddd4a7b5f49b3abc788b17e83\"},\"headline\":\"Seneli\u0173 globos nam\u0173 darbuotojos ir gyventojai gina Slaugos skyriaus medikus\",\"datePublished\":\"2013-03-12T18:00:00+00:00\",\"mainEntityOfPage\":{\"@id\":\"https:\\\/\\\/www.silutesnaujienos.lt\\\/lt\\\/seneliu-globos-namu-darbuotojos-ir-gyventojai-gina-slaugos-skyriaus-medikus\\\/\"},\"wordCount\":834,\"commentCount\":0,\"publisher\":{\"@id\":\"https:\\\/\\\/www.silutesnaujienos.lt\\\/lt\\\/#organization\"},\"articleSection\":[\"Aktualijos\"],\"inLanguage\":\"lt-LT\",\"potentialAction\":[{\"@type\":\"CommentAction\",\"name\":\"Comment\",\"target\":[\"https:\\\/\\\/www.silutesnaujienos.lt\\\/lt\\\/seneliu-globos-namu-darbuotojos-ir-gyventojai-gina-slaugos-skyriaus-medikus\\\/#respond\"]}]},{\"@type\":\"WebPage\",\"@id\":\"https:\\\/\\\/www.silutesnaujienos.lt\\\/lt\\\/seneliu-globos-namu-darbuotojos-ir-gyventojai-gina-slaugos-skyriaus-medikus\\\/\",\"url\":\"https:\\\/\\\/www.silutesnaujienos.lt\\\/lt\\\/seneliu-globos-namu-darbuotojos-ir-gyventojai-gina-slaugos-skyriaus-medikus\\\/\",\"name\":\"Seneli\u0173 globos nam\u0173 darbuotojos ir gyventojai gina Slaugos skyriaus medikus - \u0160ilut\u0117s naujienos\",\"isPartOf\":{\"@id\":\"https:\\\/\\\/www.silutesnaujienos.lt\\\/lt\\\/#website\"},\"datePublished\":\"2013-03-12T18:00:00+00:00\",\"breadcrumb\":{\"@id\":\"https:\\\/\\\/www.silutesnaujienos.lt\\\/lt\\\/seneliu-globos-namu-darbuotojos-ir-gyventojai-gina-slaugos-skyriaus-medikus\\\/#breadcrumb\"},\"inLanguage\":\"lt-LT\",\"potentialAction\":[{\"@type\":\"ReadAction\",\"target\":[\"https:\\\/\\\/www.silutesnaujienos.lt\\\/lt\\\/seneliu-globos-namu-darbuotojos-ir-gyventojai-gina-slaugos-skyriaus-medikus\\\/\"]}]},{\"@type\":\"BreadcrumbList\",\"@id\":\"https:\\\/\\\/www.silutesnaujienos.lt\\\/lt\\\/seneliu-globos-namu-darbuotojos-ir-gyventojai-gina-slaugos-skyriaus-medikus\\\/#breadcrumb\",\"itemListElement\":[{\"@type\":\"ListItem\",\"position\":1,\"name\":\"Home\",\"item\":\"https:\\\/\\\/www.silutesnaujienos.lt\\\/lt\\\/\"},{\"@type\":\"ListItem\",\"position\":2,\"name\":\"Seneli\u0173 globos nam\u0173 darbuotojos ir gyventojai gina Slaugos skyriaus medikus\"}]},{\"@type\":\"WebSite\",\"@id\":\"https:\\\/\\\/www.silutesnaujienos.lt\\\/lt\\\/#website\",\"url\":\"https:\\\/\\\/www.silutesnaujienos.lt\\\/lt\\\/\",\"name\":\"\u0160ilut\u0117s naujienos\",\"description\":\"B\u016bk ant naujien\u0173 bangos!\",\"publisher\":{\"@id\":\"https:\\\/\\\/www.silutesnaujienos.lt\\\/lt\\\/#organization\"},\"potentialAction\":[{\"@type\":\"SearchAction\",\"target\":{\"@type\":\"EntryPoint\",\"urlTemplate\":\"https:\\\/\\\/www.silutesnaujienos.lt\\\/lt\\\/?s={search_term_string}\"},\"query-input\":{\"@type\":\"PropertyValueSpecification\",\"valueRequired\":true,\"valueName\":\"search_term_string\"}}],\"inLanguage\":\"lt-LT\"},{\"@type\":\"Organization\",\"@id\":\"https:\\\/\\\/www.silutesnaujienos.lt\\\/lt\\\/#organization\",\"name\":\"\u0160ilut\u0117s naujienos\",\"url\":\"https:\\\/\\\/www.silutesnaujienos.lt\\\/lt\\\/\",\"logo\":{\"@type\":\"ImageObject\",\"inLanguage\":\"lt-LT\",\"@id\":\"https:\\\/\\\/www.silutesnaujienos.lt\\\/lt\\\/#\\\/schema\\\/logo\\\/image\\\/\",\"url\":\"https:\\\/\\\/www.silutesnaujienos.lt\\\/lt\\\/wp-content\\\/uploads\\\/2020\\\/06\\\/FB_MAIN.jpg\",\"contentUrl\":\"https:\\\/\\\/www.silutesnaujienos.lt\\\/lt\\\/wp-content\\\/uploads\\\/2020\\\/06\\\/FB_MAIN.jpg\",\"width\":1700,\"height\":956,\"caption\":\"\u0160ilut\u0117s naujienos\"},\"image\":{\"@id\":\"https:\\\/\\\/www.silutesnaujienos.lt\\\/lt\\\/#\\\/schema\\\/logo\\\/image\\\/\"},\"sameAs\":[\"https:\\\/\\\/www.facebook.com\\\/silutes.naujienos\\\/\",\"https:\\\/\\\/www.youtube.com\\\/channel\\\/UCxW-cgrJDt8GxIMxSTAfJZg\"]},{\"@type\":\"Person\",\"@id\":\"https:\\\/\\\/www.silutesnaujienos.lt\\\/lt\\\/#\\\/schema\\\/person\\\/232f475ddd4a7b5f49b3abc788b17e83\",\"name\":\"\u0160ilut\u0117s naujien\u0173 inf.\",\"image\":{\"@type\":\"ImageObject\",\"inLanguage\":\"lt-LT\",\"@id\":\"https:\\\/\\\/www.silutesnaujienos.lt\\\/lt\\\/wp-content\\\/uploads\\\/2020\\\/06\\\/favicon.png\",\"url\":\"https:\\\/\\\/www.silutesnaujienos.lt\\\/lt\\\/wp-content\\\/uploads\\\/2020\\\/06\\\/favicon.png\",\"contentUrl\":\"https:\\\/\\\/www.silutesnaujienos.lt\\\/lt\\\/wp-content\\\/uploads\\\/2020\\\/06\\\/favicon.png\",\"caption\":\"\u0160ilut\u0117s naujien\u0173 inf.\"},\"sameAs\":[\"https:\\\/\\\/www.silutesnaujienos.lt\\\/lt\"],\"url\":\"https:\\\/\\\/www.silutesnaujienos.lt\\\/lt\\\/author\\\/ruta\\\/\"}]}<\/script>\n<!-- \/ Yoast SEO plugin. -->","yoast_head_json":{"title":"Seneli\u0173 globos nam\u0173 darbuotojos ir gyventojai gina Slaugos skyriaus medikus - \u0160ilut\u0117s naujienos","robots":{"index":"index","follow":"follow","max-snippet":"max-snippet:-1","max-image-preview":"max-image-preview:large","max-video-preview":"max-video-preview:-1"},"canonical":"https:\/\/www.silutesnaujienos.lt\/lt\/seneliu-globos-namu-darbuotojos-ir-gyventojai-gina-slaugos-skyriaus-medikus\/","og_locale":"lt_LT","og_type":"article","og_title":"Seneli\u0173 globos nam\u0173 darbuotojos ir gyventojai gina Slaugos skyriaus medikus - \u0160ilut\u0117s naujienos","og_description":"Redakcija sulauk\u0117 \u0160ilut\u0117s seneli\u0173 globos nam\u0173 darbuotoj\u0173 lai\u0161ko. \u0160ios \u012fstaigos direktor\u0117 Danut\u0117 Valodskien\u0117 ir slaugytojos Virginija Lileikien\u0117, Gra\u017eina Saldauskien\u0117 bei Tamara Gudi\u0161auskien\u0117 ra\u0161o esan\u010dios labai pasipiktinusios viename rajono laikra\u0161tyje ir internetiniame portale i\u0161spausdintu straipsniu \u201eBado akcijos\u201c Palaikomojo gydymo ir slaugos skyriuje?\u201c ir negalin\u010dios tyl\u0117ti, matydamos tok\u012f \u0161mei\u017et\u0105 ir neteisyb\u0119, pilamus ant \u0160ilut\u0117s Palaikomojo gydymo ir [&hellip;]","og_url":"https:\/\/www.silutesnaujienos.lt\/lt\/seneliu-globos-namu-darbuotojos-ir-gyventojai-gina-slaugos-skyriaus-medikus\/","og_site_name":"\u0160ilut\u0117s naujienos","article_publisher":"https:\/\/www.facebook.com\/silutes.naujienos\/","article_published_time":"2013-03-12T18:00:00+00:00","og_image":[{"url":"\/\/silutesnaujienos.lt\/images\/stories\/2013\/03\/05\/thumbnails\/thumb_seneliu_globos_namai.jpg","type":"","width":"","height":""}],"author":"\u0160ilut\u0117s naujien\u0173 inf.","twitter_card":"summary_large_image","twitter_misc":{"Written by":"\u0160ilut\u0117s naujien\u0173 inf.","Est. reading time":"4 minut\u0117s"},"schema":{"@context":"https:\/\/schema.org","@graph":[{"@type":"Article","@id":"https:\/\/www.silutesnaujienos.lt\/lt\/seneliu-globos-namu-darbuotojos-ir-gyventojai-gina-slaugos-skyriaus-medikus\/#article","isPartOf":{"@id":"https:\/\/www.silutesnaujienos.lt\/lt\/seneliu-globos-namu-darbuotojos-ir-gyventojai-gina-slaugos-skyriaus-medikus\/"},"author":{"name":"\u0160ilut\u0117s naujien\u0173 inf.","@id":"https:\/\/www.silutesnaujienos.lt\/lt\/#\/schema\/person\/232f475ddd4a7b5f49b3abc788b17e83"},"headline":"Seneli\u0173 globos nam\u0173 darbuotojos ir gyventojai gina Slaugos skyriaus medikus","datePublished":"2013-03-12T18:00:00+00:00","mainEntityOfPage":{"@id":"https:\/\/www.silutesnaujienos.lt\/lt\/seneliu-globos-namu-darbuotojos-ir-gyventojai-gina-slaugos-skyriaus-medikus\/"},"wordCount":834,"commentCount":0,"publisher":{"@id":"https:\/\/www.silutesnaujienos.lt\/lt\/#organization"},"articleSection":["Aktualijos"],"inLanguage":"lt-LT","potentialAction":[{"@type":"CommentAction","name":"Comment","target":["https:\/\/www.silutesnaujienos.lt\/lt\/seneliu-globos-namu-darbuotojos-ir-gyventojai-gina-slaugos-skyriaus-medikus\/#respond"]}]},{"@type":"WebPage","@id":"https:\/\/www.silutesnaujienos.lt\/lt\/seneliu-globos-namu-darbuotojos-ir-gyventojai-gina-slaugos-skyriaus-medikus\/","url":"https:\/\/www.silutesnaujienos.lt\/lt\/seneliu-globos-namu-darbuotojos-ir-gyventojai-gina-slaugos-skyriaus-medikus\/","name":"Seneli\u0173 globos nam\u0173 darbuotojos ir gyventojai gina Slaugos skyriaus medikus - \u0160ilut\u0117s naujienos","isPartOf":{"@id":"https:\/\/www.silutesnaujienos.lt\/lt\/#website"},"datePublished":"2013-03-12T18:00:00+00:00","breadcrumb":{"@id":"https:\/\/www.silutesnaujienos.lt\/lt\/seneliu-globos-namu-darbuotojos-ir-gyventojai-gina-slaugos-skyriaus-medikus\/#breadcrumb"},"inLanguage":"lt-LT","potentialAction":[{"@type":"ReadAction","target":["https:\/\/www.silutesnaujienos.lt\/lt\/seneliu-globos-namu-darbuotojos-ir-gyventojai-gina-slaugos-skyriaus-medikus\/"]}]},{"@type":"BreadcrumbList","@id":"https:\/\/www.silutesnaujienos.lt\/lt\/seneliu-globos-namu-darbuotojos-ir-gyventojai-gina-slaugos-skyriaus-medikus\/#breadcrumb","itemListElement":[{"@type":"ListItem","position":1,"name":"Home","item":"https:\/\/www.silutesnaujienos.lt\/lt\/"},{"@type":"ListItem","position":2,"name":"Seneli\u0173 globos nam\u0173 darbuotojos ir gyventojai gina Slaugos skyriaus medikus"}]},{"@type":"WebSite","@id":"https:\/\/www.silutesnaujienos.lt\/lt\/#website","url":"https:\/\/www.silutesnaujienos.lt\/lt\/","name":"\u0160ilut\u0117s naujienos","description":"B\u016bk ant naujien\u0173 bangos!","publisher":{"@id":"https:\/\/www.silutesnaujienos.lt\/lt\/#organization"},"potentialAction":[{"@type":"SearchAction","target":{"@type":"EntryPoint","urlTemplate":"https:\/\/www.silutesnaujienos.lt\/lt\/?s={search_term_string}"},"query-input":{"@type":"PropertyValueSpecification","valueRequired":true,"valueName":"search_term_string"}}],"inLanguage":"lt-LT"},{"@type":"Organization","@id":"https:\/\/www.silutesnaujienos.lt\/lt\/#organization","name":"\u0160ilut\u0117s naujienos","url":"https:\/\/www.silutesnaujienos.lt\/lt\/","logo":{"@type":"ImageObject","inLanguage":"lt-LT","@id":"https:\/\/www.silutesnaujienos.lt\/lt\/#\/schema\/logo\/image\/","url":"https:\/\/www.silutesnaujienos.lt\/lt\/wp-content\/uploads\/2020\/06\/FB_MAIN.jpg","contentUrl":"https:\/\/www.silutesnaujienos.lt\/lt\/wp-content\/uploads\/2020\/06\/FB_MAIN.jpg","width":1700,"height":956,"caption":"\u0160ilut\u0117s naujienos"},"image":{"@id":"https:\/\/www.silutesnaujienos.lt\/lt\/#\/schema\/logo\/image\/"},"sameAs":["https:\/\/www.facebook.com\/silutes.naujienos\/","https:\/\/www.youtube.com\/channel\/UCxW-cgrJDt8GxIMxSTAfJZg"]},{"@type":"Person","@id":"https:\/\/www.silutesnaujienos.lt\/lt\/#\/schema\/person\/232f475ddd4a7b5f49b3abc788b17e83","name":"\u0160ilut\u0117s naujien\u0173 inf.","image":{"@type":"ImageObject","inLanguage":"lt-LT","@id":"https:\/\/www.silutesnaujienos.lt\/lt\/wp-content\/uploads\/2020\/06\/favicon.png","url":"https:\/\/www.silutesnaujienos.lt\/lt\/wp-content\/uploads\/2020\/06\/favicon.png","contentUrl":"https:\/\/www.silutesnaujienos.lt\/lt\/wp-content\/uploads\/2020\/06\/favicon.png","caption":"\u0160ilut\u0117s naujien\u0173 inf."},"sameAs":["https:\/\/www.silutesnaujienos.lt\/lt"],"url":"https:\/\/www.silutesnaujienos.lt\/lt\/author\/ruta\/"}]}},"publishpress_future_workflow_manual_trigger":{"enabledWorkflows":[]},"amp_enabled":true,"_links":{"self":[{"href":"https:\/\/www.silutesnaujienos.lt\/lt\/wp-json\/wp\/v2\/posts\/5973","targetHints":{"allow":["GET"]}}],"collection":[{"href":"https:\/\/www.silutesnaujienos.lt\/lt\/wp-json\/wp\/v2\/posts"}],"about":[{"href":"https:\/\/www.silutesnaujienos.lt\/lt\/wp-json\/wp\/v2\/types\/post"}],"author":[{"embeddable":true,"href":"https:\/\/www.silutesnaujienos.lt\/lt\/wp-json\/wp\/v2\/users\/1"}],"replies":[{"embeddable":true,"href":"https:\/\/www.silutesnaujienos.lt\/lt\/wp-json\/wp\/v2\/comments?post=5973"}],"version-history":[{"count":0,"href":"https:\/\/www.silutesnaujienos.lt\/lt\/wp-json\/wp\/v2\/posts\/5973\/revisions"}],"wp:attachment":[{"href":"https:\/\/www.silutesnaujienos.lt\/lt\/wp-json\/wp\/v2\/media?parent=5973"}],"wp:term":[{"taxonomy":"category","embeddable":true,"href":"https:\/\/www.silutesnaujienos.lt\/lt\/wp-json\/wp\/v2\/categories?post=5973"},{"taxonomy":"post_tag","embeddable":true,"href":"https:\/\/www.silutesnaujienos.lt\/lt\/wp-json\/wp\/v2\/tags?post=5973"}],"curies":[{"name":"wp","href":"https:\/\/api.w.org\/{rel}","templated":true}]}}