{"id":61402,"date":"2024-05-25T12:00:04","date_gmt":"2024-05-25T09:00:04","guid":{"rendered":"https:\/\/www.silutesnaujienos.lt\/lt\/?p=61402"},"modified":"2024-05-21T10:39:29","modified_gmt":"2024-05-21T07:39:29","slug":"praeivius-dziugino-ir-maciku-socialines-globos-namu-gyventojai","status":"publish","type":"post","link":"https:\/\/www.silutesnaujienos.lt\/lt\/praeivius-dziugino-ir-maciku-socialines-globos-namu-gyventojai\/","title":{"rendered":"Praeivius d\u017eiugino ir Macik\u0173 socialin\u0117s globos nam\u0173 gyventojai"},"content":{"rendered":"<p>Asmenims su negalia, gyvenantiems socialin\u0117s globos namuose \u012fvairi veikla ir u\u017eimtumas suteikia gyvenimo prasm\u0119. Muzika j\u0173 gyvenime u\u017eima svarbi\u0105 viet\u0105, grodami ar dainuodami m\u016bs\u0173 gyventojai ugdo geb\u0117jim\u0105 prisitaikyti prie aplinkos, atkurti santyk\u012f su bendruomene ir jau\u010dia visavert\u012f gyvenim\u0105. Po renginio dar ilgai j\u0173 veidus puo\u0161\u0117 \u0161ypsenos, jie spinduliavo ger\u0105 nuotaik\u0105 ir pasitik\u0117jim\u0105 savimi.<\/p>\n<p><em><strong>Lina VAI\u010cIULIEN\u0116, socialin\u0117 darbuotoja<\/strong><\/em><\/p>\n","protected":false},"excerpt":{"rendered":"<p>Asmenims su negalia, gyvenantiems socialin\u0117s globos namuose \u012fvairi veikla ir u\u017eimtumas suteikia gyvenimo prasm\u0119. Muzika j\u0173 gyvenime u\u017eima svarbi\u0105 viet\u0105, grodami ar dainuodami m\u016bs\u0173 gyventojai ugdo geb\u0117jim\u0105 prisitaikyti prie aplinkos, atkurti santyk\u012f su bendruomene ir jau\u010dia visavert\u012f gyvenim\u0105. Po renginio dar ilgai j\u0173 veidus puo\u0161\u0117 \u0161ypsenos, jie spinduliavo ger\u0105 nuotaik\u0105 ir pasitik\u0117jim\u0105 savimi. Lina VAI\u010cIULIEN\u0116, [&hellip;]<\/p>\n","protected":false},"author":2,"featured_media":61404,"comment_status":"open","ping_status":"closed","sticky":false,"template":"","format":"standard","meta":{"footnotes":""},"categories":[52],"tags":[47],"class_list":{"0":"post-61402","1":"post","2":"type-post","3":"status-publish","4":"format-standard","5":"has-post-thumbnail","7":"category-gyvenimas","8":"tag-pirmasis"},"yoast_head":"<!-- This site is optimized with the Yoast SEO plugin v27.5 - https:\/\/yoast.com\/product\/yoast-seo-wordpress\/ -->\n<title>Praeivius d\u017eiugino ir Macik\u0173 socialin\u0117s globos nam\u0173 gyventojai - \u0160ilut\u0117s naujienos<\/title>\n<meta name=\"robots\" content=\"index, follow, max-snippet:-1, max-image-preview:large, max-video-preview:-1\" \/>\n<link rel=\"canonical\" href=\"https:\/\/www.silutesnaujienos.lt\/lt\/praeivius-dziugino-ir-maciku-socialines-globos-namu-gyventojai\/\" \/>\n<meta property=\"og:locale\" content=\"lt_LT\" \/>\n<meta property=\"og:type\" content=\"article\" \/>\n<meta property=\"og:title\" content=\"Praeivius d\u017eiugino ir Macik\u0173 socialin\u0117s globos nam\u0173 gyventojai - \u0160ilut\u0117s naujienos\" \/>\n<meta property=\"og:description\" content=\"Asmenims su negalia, gyvenantiems socialin\u0117s globos namuose \u012fvairi veikla ir u\u017eimtumas suteikia gyvenimo prasm\u0119. Muzika j\u0173 gyvenime u\u017eima svarbi\u0105 viet\u0105, grodami ar dainuodami m\u016bs\u0173 gyventojai ugdo geb\u0117jim\u0105 prisitaikyti prie aplinkos, atkurti santyk\u012f su bendruomene ir jau\u010dia visavert\u012f gyvenim\u0105. Po renginio dar ilgai j\u0173 veidus puo\u0161\u0117 \u0161ypsenos, jie spinduliavo ger\u0105 nuotaik\u0105 ir pasitik\u0117jim\u0105 savimi. Lina VAI\u010cIULIEN\u0116, [&hellip;]\" \/>\n<meta property=\"og:url\" content=\"https:\/\/www.silutesnaujienos.lt\/lt\/praeivius-dziugino-ir-maciku-socialines-globos-namu-gyventojai\/\" \/>\n<meta property=\"og:site_name\" content=\"\u0160ilut\u0117s naujienos\" \/>\n<meta property=\"article:publisher\" content=\"https:\/\/www.facebook.com\/silutes.naujienos\/\" \/>\n<meta property=\"article:published_time\" content=\"2024-05-25T09:00:04+00:00\" \/>\n<meta property=\"og:image\" content=\"https:\/\/www.silutesnaujienos.lt\/lt\/wp-content\/uploads\/2024\/05\/socialines-globos-muzikos.jpg\" \/>\n\t<meta property=\"og:image:width\" content=\"1470\" \/>\n\t<meta property=\"og:image:height\" content=\"756\" \/>\n\t<meta property=\"og:image:type\" content=\"image\/jpeg\" \/>\n<meta name=\"author\" content=\"\u0160ilut\u0117s naujien\u0173 inf.\" \/>\n<meta name=\"twitter:card\" content=\"summary_large_image\" \/>\n<meta name=\"twitter:label1\" content=\"Written by\" \/>\n\t<meta name=\"twitter:data1\" content=\"\u0160ilut\u0117s naujien\u0173 inf.\" \/>\n\t<meta name=\"twitter:label2\" content=\"Est. reading time\" \/>\n\t<meta name=\"twitter:data2\" content=\"1 minut\u0117\" \/>\n<script type=\"application\/ld+json\" class=\"yoast-schema-graph\">{\"@context\":\"https:\\\/\\\/schema.org\",\"@graph\":[{\"@type\":\"Article\",\"@id\":\"https:\\\/\\\/www.silutesnaujienos.lt\\\/lt\\\/praeivius-dziugino-ir-maciku-socialines-globos-namu-gyventojai\\\/#article\",\"isPartOf\":{\"@id\":\"https:\\\/\\\/www.silutesnaujienos.lt\\\/lt\\\/praeivius-dziugino-ir-maciku-socialines-globos-namu-gyventojai\\\/\"},\"author\":{\"name\":\"\u0160ilut\u0117s naujien\u0173 inf.\",\"@id\":\"https:\\\/\\\/www.silutesnaujienos.lt\\\/lt\\\/#\\\/schema\\\/person\\\/976440ef837444400af3c77c19c61454\"},\"headline\":\"Praeivius d\u017eiugino ir Macik\u0173 socialin\u0117s globos nam\u0173 gyventojai\",\"datePublished\":\"2024-05-25T09:00:04+00:00\",\"mainEntityOfPage\":{\"@id\":\"https:\\\/\\\/www.silutesnaujienos.lt\\\/lt\\\/praeivius-dziugino-ir-maciku-socialines-globos-namu-gyventojai\\\/\"},\"wordCount\":75,\"commentCount\":0,\"publisher\":{\"@id\":\"https:\\\/\\\/www.silutesnaujienos.lt\\\/lt\\\/#organization\"},\"image\":{\"@id\":\"https:\\\/\\\/www.silutesnaujienos.lt\\\/lt\\\/praeivius-dziugino-ir-maciku-socialines-globos-namu-gyventojai\\\/#primaryimage\"},\"thumbnailUrl\":\"https:\\\/\\\/www.silutesnaujienos.lt\\\/lt\\\/wp-content\\\/uploads\\\/2024\\\/05\\\/socialines-globos-muzikos.jpg\",\"keywords\":[\"Pirmasis\"],\"articleSection\":[\"Gyvenimas\"],\"inLanguage\":\"lt-LT\",\"potentialAction\":[{\"@type\":\"CommentAction\",\"name\":\"Comment\",\"target\":[\"https:\\\/\\\/www.silutesnaujienos.lt\\\/lt\\\/praeivius-dziugino-ir-maciku-socialines-globos-namu-gyventojai\\\/#respond\"]}]},{\"@type\":\"WebPage\",\"@id\":\"https:\\\/\\\/www.silutesnaujienos.lt\\\/lt\\\/praeivius-dziugino-ir-maciku-socialines-globos-namu-gyventojai\\\/\",\"url\":\"https:\\\/\\\/www.silutesnaujienos.lt\\\/lt\\\/praeivius-dziugino-ir-maciku-socialines-globos-namu-gyventojai\\\/\",\"name\":\"Praeivius d\u017eiugino ir Macik\u0173 socialin\u0117s globos nam\u0173 gyventojai - \u0160ilut\u0117s naujienos\",\"isPartOf\":{\"@id\":\"https:\\\/\\\/www.silutesnaujienos.lt\\\/lt\\\/#website\"},\"primaryImageOfPage\":{\"@id\":\"https:\\\/\\\/www.silutesnaujienos.lt\\\/lt\\\/praeivius-dziugino-ir-maciku-socialines-globos-namu-gyventojai\\\/#primaryimage\"},\"image\":{\"@id\":\"https:\\\/\\\/www.silutesnaujienos.lt\\\/lt\\\/praeivius-dziugino-ir-maciku-socialines-globos-namu-gyventojai\\\/#primaryimage\"},\"thumbnailUrl\":\"https:\\\/\\\/www.silutesnaujienos.lt\\\/lt\\\/wp-content\\\/uploads\\\/2024\\\/05\\\/socialines-globos-muzikos.jpg\",\"datePublished\":\"2024-05-25T09:00:04+00:00\",\"breadcrumb\":{\"@id\":\"https:\\\/\\\/www.silutesnaujienos.lt\\\/lt\\\/praeivius-dziugino-ir-maciku-socialines-globos-namu-gyventojai\\\/#breadcrumb\"},\"inLanguage\":\"lt-LT\",\"potentialAction\":[{\"@type\":\"ReadAction\",\"target\":[\"https:\\\/\\\/www.silutesnaujienos.lt\\\/lt\\\/praeivius-dziugino-ir-maciku-socialines-globos-namu-gyventojai\\\/\"]}]},{\"@type\":\"ImageObject\",\"inLanguage\":\"lt-LT\",\"@id\":\"https:\\\/\\\/www.silutesnaujienos.lt\\\/lt\\\/praeivius-dziugino-ir-maciku-socialines-globos-namu-gyventojai\\\/#primaryimage\",\"url\":\"https:\\\/\\\/www.silutesnaujienos.lt\\\/lt\\\/wp-content\\\/uploads\\\/2024\\\/05\\\/socialines-globos-muzikos.jpg\",\"contentUrl\":\"https:\\\/\\\/www.silutesnaujienos.lt\\\/lt\\\/wp-content\\\/uploads\\\/2024\\\/05\\\/socialines-globos-muzikos.jpg\",\"width\":1470,\"height\":756},{\"@type\":\"BreadcrumbList\",\"@id\":\"https:\\\/\\\/www.silutesnaujienos.lt\\\/lt\\\/praeivius-dziugino-ir-maciku-socialines-globos-namu-gyventojai\\\/#breadcrumb\",\"itemListElement\":[{\"@type\":\"ListItem\",\"position\":1,\"name\":\"Home\",\"item\":\"https:\\\/\\\/www.silutesnaujienos.lt\\\/lt\\\/\"},{\"@type\":\"ListItem\",\"position\":2,\"name\":\"Praeivius d\u017eiugino ir Macik\u0173 socialin\u0117s globos nam\u0173 gyventojai\"}]},{\"@type\":\"WebSite\",\"@id\":\"https:\\\/\\\/www.silutesnaujienos.lt\\\/lt\\\/#website\",\"url\":\"https:\\\/\\\/www.silutesnaujienos.lt\\\/lt\\\/\",\"name\":\"\u0160ilut\u0117s naujienos\",\"description\":\"B\u016bk ant naujien\u0173 bangos!\",\"publisher\":{\"@id\":\"https:\\\/\\\/www.silutesnaujienos.lt\\\/lt\\\/#organization\"},\"potentialAction\":[{\"@type\":\"SearchAction\",\"target\":{\"@type\":\"EntryPoint\",\"urlTemplate\":\"https:\\\/\\\/www.silutesnaujienos.lt\\\/lt\\\/?s={search_term_string}\"},\"query-input\":{\"@type\":\"PropertyValueSpecification\",\"valueRequired\":true,\"valueName\":\"search_term_string\"}}],\"inLanguage\":\"lt-LT\"},{\"@type\":\"Organization\",\"@id\":\"https:\\\/\\\/www.silutesnaujienos.lt\\\/lt\\\/#organization\",\"name\":\"\u0160ilut\u0117s naujienos\",\"url\":\"https:\\\/\\\/www.silutesnaujienos.lt\\\/lt\\\/\",\"logo\":{\"@type\":\"ImageObject\",\"inLanguage\":\"lt-LT\",\"@id\":\"https:\\\/\\\/www.silutesnaujienos.lt\\\/lt\\\/#\\\/schema\\\/logo\\\/image\\\/\",\"url\":\"https:\\\/\\\/www.silutesnaujienos.lt\\\/lt\\\/wp-content\\\/uploads\\\/2020\\\/06\\\/FB_MAIN.jpg\",\"contentUrl\":\"https:\\\/\\\/www.silutesnaujienos.lt\\\/lt\\\/wp-content\\\/uploads\\\/2020\\\/06\\\/FB_MAIN.jpg\",\"width\":1700,\"height\":956,\"caption\":\"\u0160ilut\u0117s naujienos\"},\"image\":{\"@id\":\"https:\\\/\\\/www.silutesnaujienos.lt\\\/lt\\\/#\\\/schema\\\/logo\\\/image\\\/\"},\"sameAs\":[\"https:\\\/\\\/www.facebook.com\\\/silutes.naujienos\\\/\",\"https:\\\/\\\/www.youtube.com\\\/channel\\\/UCxW-cgrJDt8GxIMxSTAfJZg\"]},{\"@type\":\"Person\",\"@id\":\"https:\\\/\\\/www.silutesnaujienos.lt\\\/lt\\\/#\\\/schema\\\/person\\\/976440ef837444400af3c77c19c61454\",\"name\":\"\u0160ilut\u0117s naujien\u0173 inf.\",\"image\":{\"@type\":\"ImageObject\",\"inLanguage\":\"lt-LT\",\"@id\":\"https:\\\/\\\/www.silutesnaujienos.lt\\\/lt\\\/wp-content\\\/uploads\\\/2020\\\/06\\\/favicon.png\",\"url\":\"https:\\\/\\\/www.silutesnaujienos.lt\\\/lt\\\/wp-content\\\/uploads\\\/2020\\\/06\\\/favicon.png\",\"contentUrl\":\"https:\\\/\\\/www.silutesnaujienos.lt\\\/lt\\\/wp-content\\\/uploads\\\/2020\\\/06\\\/favicon.png\",\"caption\":\"\u0160ilut\u0117s naujien\u0173 inf.\"},\"url\":\"https:\\\/\\\/www.silutesnaujienos.lt\\\/lt\\\/author\\\/vadas\\\/\"}]}<\/script>\n<!-- \/ Yoast SEO plugin. -->","yoast_head_json":{"title":"Praeivius d\u017eiugino ir Macik\u0173 socialin\u0117s globos nam\u0173 gyventojai - \u0160ilut\u0117s naujienos","robots":{"index":"index","follow":"follow","max-snippet":"max-snippet:-1","max-image-preview":"max-image-preview:large","max-video-preview":"max-video-preview:-1"},"canonical":"https:\/\/www.silutesnaujienos.lt\/lt\/praeivius-dziugino-ir-maciku-socialines-globos-namu-gyventojai\/","og_locale":"lt_LT","og_type":"article","og_title":"Praeivius d\u017eiugino ir Macik\u0173 socialin\u0117s globos nam\u0173 gyventojai - \u0160ilut\u0117s naujienos","og_description":"Asmenims su negalia, gyvenantiems socialin\u0117s globos namuose \u012fvairi veikla ir u\u017eimtumas suteikia gyvenimo prasm\u0119. Muzika j\u0173 gyvenime u\u017eima svarbi\u0105 viet\u0105, grodami ar dainuodami m\u016bs\u0173 gyventojai ugdo geb\u0117jim\u0105 prisitaikyti prie aplinkos, atkurti santyk\u012f su bendruomene ir jau\u010dia visavert\u012f gyvenim\u0105. Po renginio dar ilgai j\u0173 veidus puo\u0161\u0117 \u0161ypsenos, jie spinduliavo ger\u0105 nuotaik\u0105 ir pasitik\u0117jim\u0105 savimi. Lina VAI\u010cIULIEN\u0116, [&hellip;]","og_url":"https:\/\/www.silutesnaujienos.lt\/lt\/praeivius-dziugino-ir-maciku-socialines-globos-namu-gyventojai\/","og_site_name":"\u0160ilut\u0117s naujienos","article_publisher":"https:\/\/www.facebook.com\/silutes.naujienos\/","article_published_time":"2024-05-25T09:00:04+00:00","og_image":[{"width":1470,"height":756,"url":"https:\/\/www.silutesnaujienos.lt\/lt\/wp-content\/uploads\/2024\/05\/socialines-globos-muzikos.jpg","type":"image\/jpeg"}],"author":"\u0160ilut\u0117s naujien\u0173 inf.","twitter_card":"summary_large_image","twitter_misc":{"Written by":"\u0160ilut\u0117s naujien\u0173 inf.","Est. reading time":"1 minut\u0117"},"schema":{"@context":"https:\/\/schema.org","@graph":[{"@type":"Article","@id":"https:\/\/www.silutesnaujienos.lt\/lt\/praeivius-dziugino-ir-maciku-socialines-globos-namu-gyventojai\/#article","isPartOf":{"@id":"https:\/\/www.silutesnaujienos.lt\/lt\/praeivius-dziugino-ir-maciku-socialines-globos-namu-gyventojai\/"},"author":{"name":"\u0160ilut\u0117s naujien\u0173 inf.","@id":"https:\/\/www.silutesnaujienos.lt\/lt\/#\/schema\/person\/976440ef837444400af3c77c19c61454"},"headline":"Praeivius d\u017eiugino ir Macik\u0173 socialin\u0117s globos nam\u0173 gyventojai","datePublished":"2024-05-25T09:00:04+00:00","mainEntityOfPage":{"@id":"https:\/\/www.silutesnaujienos.lt\/lt\/praeivius-dziugino-ir-maciku-socialines-globos-namu-gyventojai\/"},"wordCount":75,"commentCount":0,"publisher":{"@id":"https:\/\/www.silutesnaujienos.lt\/lt\/#organization"},"image":{"@id":"https:\/\/www.silutesnaujienos.lt\/lt\/praeivius-dziugino-ir-maciku-socialines-globos-namu-gyventojai\/#primaryimage"},"thumbnailUrl":"https:\/\/www.silutesnaujienos.lt\/lt\/wp-content\/uploads\/2024\/05\/socialines-globos-muzikos.jpg","keywords":["Pirmasis"],"articleSection":["Gyvenimas"],"inLanguage":"lt-LT","potentialAction":[{"@type":"CommentAction","name":"Comment","target":["https:\/\/www.silutesnaujienos.lt\/lt\/praeivius-dziugino-ir-maciku-socialines-globos-namu-gyventojai\/#respond"]}]},{"@type":"WebPage","@id":"https:\/\/www.silutesnaujienos.lt\/lt\/praeivius-dziugino-ir-maciku-socialines-globos-namu-gyventojai\/","url":"https:\/\/www.silutesnaujienos.lt\/lt\/praeivius-dziugino-ir-maciku-socialines-globos-namu-gyventojai\/","name":"Praeivius d\u017eiugino ir Macik\u0173 socialin\u0117s globos nam\u0173 gyventojai - \u0160ilut\u0117s naujienos","isPartOf":{"@id":"https:\/\/www.silutesnaujienos.lt\/lt\/#website"},"primaryImageOfPage":{"@id":"https:\/\/www.silutesnaujienos.lt\/lt\/praeivius-dziugino-ir-maciku-socialines-globos-namu-gyventojai\/#primaryimage"},"image":{"@id":"https:\/\/www.silutesnaujienos.lt\/lt\/praeivius-dziugino-ir-maciku-socialines-globos-namu-gyventojai\/#primaryimage"},"thumbnailUrl":"https:\/\/www.silutesnaujienos.lt\/lt\/wp-content\/uploads\/2024\/05\/socialines-globos-muzikos.jpg","datePublished":"2024-05-25T09:00:04+00:00","breadcrumb":{"@id":"https:\/\/www.silutesnaujienos.lt\/lt\/praeivius-dziugino-ir-maciku-socialines-globos-namu-gyventojai\/#breadcrumb"},"inLanguage":"lt-LT","potentialAction":[{"@type":"ReadAction","target":["https:\/\/www.silutesnaujienos.lt\/lt\/praeivius-dziugino-ir-maciku-socialines-globos-namu-gyventojai\/"]}]},{"@type":"ImageObject","inLanguage":"lt-LT","@id":"https:\/\/www.silutesnaujienos.lt\/lt\/praeivius-dziugino-ir-maciku-socialines-globos-namu-gyventojai\/#primaryimage","url":"https:\/\/www.silutesnaujienos.lt\/lt\/wp-content\/uploads\/2024\/05\/socialines-globos-muzikos.jpg","contentUrl":"https:\/\/www.silutesnaujienos.lt\/lt\/wp-content\/uploads\/2024\/05\/socialines-globos-muzikos.jpg","width":1470,"height":756},{"@type":"BreadcrumbList","@id":"https:\/\/www.silutesnaujienos.lt\/lt\/praeivius-dziugino-ir-maciku-socialines-globos-namu-gyventojai\/#breadcrumb","itemListElement":[{"@type":"ListItem","position":1,"name":"Home","item":"https:\/\/www.silutesnaujienos.lt\/lt\/"},{"@type":"ListItem","position":2,"name":"Praeivius d\u017eiugino ir Macik\u0173 socialin\u0117s globos nam\u0173 gyventojai"}]},{"@type":"WebSite","@id":"https:\/\/www.silutesnaujienos.lt\/lt\/#website","url":"https:\/\/www.silutesnaujienos.lt\/lt\/","name":"\u0160ilut\u0117s naujienos","description":"B\u016bk ant naujien\u0173 bangos!","publisher":{"@id":"https:\/\/www.silutesnaujienos.lt\/lt\/#organization"},"potentialAction":[{"@type":"SearchAction","target":{"@type":"EntryPoint","urlTemplate":"https:\/\/www.silutesnaujienos.lt\/lt\/?s={search_term_string}"},"query-input":{"@type":"PropertyValueSpecification","valueRequired":true,"valueName":"search_term_string"}}],"inLanguage":"lt-LT"},{"@type":"Organization","@id":"https:\/\/www.silutesnaujienos.lt\/lt\/#organization","name":"\u0160ilut\u0117s naujienos","url":"https:\/\/www.silutesnaujienos.lt\/lt\/","logo":{"@type":"ImageObject","inLanguage":"lt-LT","@id":"https:\/\/www.silutesnaujienos.lt\/lt\/#\/schema\/logo\/image\/","url":"https:\/\/www.silutesnaujienos.lt\/lt\/wp-content\/uploads\/2020\/06\/FB_MAIN.jpg","contentUrl":"https:\/\/www.silutesnaujienos.lt\/lt\/wp-content\/uploads\/2020\/06\/FB_MAIN.jpg","width":1700,"height":956,"caption":"\u0160ilut\u0117s naujienos"},"image":{"@id":"https:\/\/www.silutesnaujienos.lt\/lt\/#\/schema\/logo\/image\/"},"sameAs":["https:\/\/www.facebook.com\/silutes.naujienos\/","https:\/\/www.youtube.com\/channel\/UCxW-cgrJDt8GxIMxSTAfJZg"]},{"@type":"Person","@id":"https:\/\/www.silutesnaujienos.lt\/lt\/#\/schema\/person\/976440ef837444400af3c77c19c61454","name":"\u0160ilut\u0117s naujien\u0173 inf.","image":{"@type":"ImageObject","inLanguage":"lt-LT","@id":"https:\/\/www.silutesnaujienos.lt\/lt\/wp-content\/uploads\/2020\/06\/favicon.png","url":"https:\/\/www.silutesnaujienos.lt\/lt\/wp-content\/uploads\/2020\/06\/favicon.png","contentUrl":"https:\/\/www.silutesnaujienos.lt\/lt\/wp-content\/uploads\/2020\/06\/favicon.png","caption":"\u0160ilut\u0117s naujien\u0173 inf."},"url":"https:\/\/www.silutesnaujienos.lt\/lt\/author\/vadas\/"}]}},"publishpress_future_workflow_manual_trigger":{"enabledWorkflows":[]},"amp_enabled":true,"_links":{"self":[{"href":"https:\/\/www.silutesnaujienos.lt\/lt\/wp-json\/wp\/v2\/posts\/61402","targetHints":{"allow":["GET"]}}],"collection":[{"href":"https:\/\/www.silutesnaujienos.lt\/lt\/wp-json\/wp\/v2\/posts"}],"about":[{"href":"https:\/\/www.silutesnaujienos.lt\/lt\/wp-json\/wp\/v2\/types\/post"}],"author":[{"embeddable":true,"href":"https:\/\/www.silutesnaujienos.lt\/lt\/wp-json\/wp\/v2\/users\/2"}],"replies":[{"embeddable":true,"href":"https:\/\/www.silutesnaujienos.lt\/lt\/wp-json\/wp\/v2\/comments?post=61402"}],"version-history":[{"count":1,"href":"https:\/\/www.silutesnaujienos.lt\/lt\/wp-json\/wp\/v2\/posts\/61402\/revisions"}],"predecessor-version":[{"id":61405,"href":"https:\/\/www.silutesnaujienos.lt\/lt\/wp-json\/wp\/v2\/posts\/61402\/revisions\/61405"}],"wp:featuredmedia":[{"embeddable":true,"href":"https:\/\/www.silutesnaujienos.lt\/lt\/wp-json\/wp\/v2\/media\/61404"}],"wp:attachment":[{"href":"https:\/\/www.silutesnaujienos.lt\/lt\/wp-json\/wp\/v2\/media?parent=61402"}],"wp:term":[{"taxonomy":"category","embeddable":true,"href":"https:\/\/www.silutesnaujienos.lt\/lt\/wp-json\/wp\/v2\/categories?post=61402"},{"taxonomy":"post_tag","embeddable":true,"href":"https:\/\/www.silutesnaujienos.lt\/lt\/wp-json\/wp\/v2\/tags?post=61402"}],"curies":[{"name":"wp","href":"https:\/\/api.w.org\/{rel}","templated":true}]}}