{"id":6221,"date":"2012-11-13T16:00:00","date_gmt":"2012-11-13T18:00:00","guid":{"rendered":"https:\/\/www.silutesnaujienos.lt\/lt\/lietuvininku-vilties-premijos-laureatams-stoskams-padovanota-tyla\/"},"modified":"2012-11-13T16:00:00","modified_gmt":"2012-11-13T18:00:00","slug":"lietuvininku-vilties-premijos-laureatams-stoskams-padovanota-tyla","status":"publish","type":"post","link":"https:\/\/www.silutesnaujienos.lt\/lt\/lietuvininku-vilties-premijos-laureatams-stoskams-padovanota-tyla\/","title":{"rendered":"\u201eLietuvinink\u0173 vilties\u201c premijos laureatams Sto\u0161kams padovanota tyla"},"content":{"rendered":"<p><a target=\"_blank\" rel=\"caption[Reminta ir Vygantas Sto\u0161kai d\u017eiaugiasi, kad j\u0173 ilgametis darbas pasteb\u0117tas \u012fvertintas viena svarbiausi\u0173 \u0160ilut\u0117s kra\u0161to premij\u0173.] noopener noreferrer\" class=\"jcepopup\" href=\"\/\/silutesnaujienos.lt\/images\/stories\/2012\/11\/13\/lietuvininku_stoskai.jpg\" data-rel=\"lightbox-gallery-udnWY7MG\" data-rl_title=\"\" data-rl_caption=\"\"><img loading=\"lazy\" decoding=\"async\" style=\"margin: 5px; float: left;\" class=\"caption\" title=\"\" alt=\"lietuvininku stoskai\" src=\"\/\/silutesnaujienos.lt\/images\/stories\/2012\/11\/13\/thumbnails\/thumb_lietuvininku_stoskai.jpg\" height=\"230\" width=\"307\" \/><\/a><strong>Kauboji\u0161kas temperamentas, kauboji\u0161kos skryb\u0117l\u0117s, linijiniai \u0161okiai ir kantri muzikos skambesys lydi Vygant\u0105 ir Remint\u0105 STO\u0160KUS, kad ir kur jie nuvykt\u0173. \u0160eimyninis duetas per daugiau nei 20 aktyvios kult\u016brin\u0117s veiklos met\u0173 i\u0161mok\u0117 \u0161iluti\u0161kius pa\u017einti ir pamilti kantri muzik\u0105. Nepavargstantys \u0160ilut\u0117s kra\u0161to reprezentuotojai, jaun\u0173j\u0173 talent\u0173 atrad\u0117jai ir atskleid\u0117jai kaip gyvsidabris juda, neu\u017emiega ant laur\u0173 ir neleid\u017eia u\u017emigti kitiems.<\/strong><\/p>\n<p>\u0160ilut\u0117s kra\u0161to kult\u016brinis gyvenimas ne\u012fsivaizduojamas be Sto\u0161k\u0173 \u0161eimos ind\u0117lio, tod\u0117l nuolatin\u0117s iniciatyvos, entuziazmas ir id\u0117jos \u012fvertintos presti\u017eine \u201eLietuvinink\u0173 vilties\u201c premija.<\/p>\n<p><strong>Koncertavo kantri muzikos pradininkas<\/strong><\/p>\n<p>Nuo 1996-\u0173j\u0173 met\u0173 (su pertraukomis) \u201eLietuvinink\u0173 vilties\u201c premijos laureatais yra tap\u0119 12 asmen\u0173. I\u0161kilming\u0105 rengin\u012f ved\u0117 2003 met\u0173 \u0161ios premijos laureatas Marijus Budraitis ir prad\u0117ti i\u0161kilmes pakviet\u0117 pirm\u0105j\u012f premijos laureat\u0105, kantri muzikos Lietuvoje pradinink\u0105, daininink\u0105 Vytaut\u0105 Babravi\u010di\u0173 &#8211; Sim\u0105. 1978 m. jis \u012fk\u016br\u0117 pirm\u0105j\u0105 Lietuvoje kantri grup\u0119 \u201eDeficitai\u201c.<\/p>\n<p>\u201eA\u0161 esu ve\u0161laus, sulapojusio, i\u0161si\u0161akojusio medelyno &#8211; \u201eLietuvinink\u0173 vilties\u201c premijos liepai\u010di\u0173 ir \u0105\u017euol\u0173 tarpe tik \u017eelmen\u0117lis\u201c, &#8211; kukliai kalb\u0117jo V.Babravi\u010dius. Pagerbdamas ne tik premijos laureatus, bet ir poet\u0105 Mairon\u012f, dainininkas atliko kelet\u0105 k\u016brini\u0173 tautos dainiaus \u017eod\u017eiais. <a target=\"_blank\" rel=\"caption[Savo vadov\u0105 V.Sto\u0161k\u0173 sveikino kantri grup\u0117s \u201eKar\u010dema\u201c kolektyvas.] noopener noreferrer\" class=\"jcepopup\" href=\"\/\/silutesnaujienos.lt\/images\/stories\/2012\/11\/13\/lietuvininku_karcema.jpg\" data-rel=\"lightbox-gallery-udnWY7MG\" data-rl_title=\"\" data-rl_caption=\"\"><img loading=\"lazy\" decoding=\"async\" style=\"margin: 5px; float: right;\" class=\"caption\" title=\"\" alt=\"lietuvininku karcema\" src=\"\/\/silutesnaujienos.lt\/images\/stories\/2012\/11\/13\/thumbnails\/thumb_lietuvininku_karcema.jpg\" height=\"230\" width=\"307\" \/><\/a><\/p>\n<p>Rajono mer\u0117 Daiva \u017debelien\u0117 pasteb\u0117jo, kad Vygantas ir Reminta Sto\u0161kai su meile, muzika, daina, \u0161okiu kartu keliauja gyvenimo keliu. Mer\u0117 \u012fteik\u0117 premij\u0105, kuri\u0105 sudaro laureato diplomas, statul\u0117l\u0117 ir 3000 Lt pinigin\u0117 premija.<\/p>\n<p>Prisimindamas jausm\u0105, kuomet pernai buvo nominuotas \u0161iai premijai, ta\u010diau jos nelaim\u0117jo, Vygantas pripa\u017eino, jog taip ir tur\u0117jo b\u016bti. \u201eVert\u0117jo tuos metus palaukti, kad apdovanojim\u0105 gautume kartu su \u017emona\u201c, &#8211; sak\u0117 jis.<\/p>\n<p><strong>Ugd\u0117 scen\u0105 mylint\u012f jaunim\u0105<\/strong><\/p>\n<p>Patirt\u012f, aistr\u0105 muzikai Sto\u0161kai perduoda jaunajai kartai: \u012fvairiose mokyklose, Vakar\u0173 kranto jaunimo studijoje yra sub\u016br\u0119 nema\u017eai muzikos ir \u0161okio grupi\u0173, ugdo gabius vokalistus. Savo vadovus, mokytojus, bi\u010diulius sveikino jaunieji \u0161ok\u0117jai ir atlik\u0117jai.<\/p>\n<p>Pamario kra\u0161t\u0105 garsina V.Sto\u0161kaus vadovaujama legendin\u0117 grup\u0117 \u201eKar\u010dema\u201c. Jos dainos skamba ne tik visuose rajono kampeliuose, bet ir respublikin\u0117se televizijose, festivaliuose. \u201eKar\u010demos\u201c dain\u0173 gerb\u0117jai klausosi ir \u0161e\u0161i\u0173 grup\u0117s i\u0161leist\u0173 kompaktini\u0173 plok\u0161teli\u0173. O septintasis CD klausytojus pasieks dar \u0161iemet, prie\u0161 Kal\u0117das.<\/p>\n<p>Prie\u0161 trejus metus Vygantas i\u0161augino \u201eKar\u010demos\u201c \u016bgliuk\u0105 &#8211;&nbsp; \u201eKar\u010dem\u0117l\u0119\u201c, kuri jau pra\u017eydo visomis spalvomis ir duoda vaisi\u0173. \u0160i jaunimo grup\u0117 jau plaukia \u012f tarptautinius vandenis, laimi solid\u017eiuose konkursuose.<\/p>\n<p>\u201eJ\u016bs\u0173 d\u0117ka mes susik\u016br\u0117me ir dabar jau\u010diam\u0117s kaip viena \u0161eima\u201c, &#8211; kalb\u0117jo \u201eKar\u010dem\u0117l\u0117s\u201c nariai. Tarp j\u0173 b\u016bgnus mu\u0161a ir Sto\u0161k\u0173 s\u016bnus Dovydas. <a target=\"_blank\" rel=\"caption[Sveikatos savo vaikams ir j\u0173 kolektyvams link\u0117jo Remintos Vyganto t\u0117vai.] noopener noreferrer\" class=\"jcepopup\" href=\"\/\/silutesnaujienos.lt\/images\/stories\/2012\/11\/13\/lietuvininku_tevai.jpg\" data-rel=\"lightbox-gallery-udnWY7MG\" data-rl_title=\"\" data-rl_caption=\"\"><img loading=\"lazy\" decoding=\"async\" style=\"margin: 5px; float: left;\" class=\"caption\" title=\"\" alt=\"lietuvininku tevai\" src=\"\/\/silutesnaujienos.lt\/images\/stories\/2012\/11\/13\/thumbnails\/thumb_lietuvininku_tevai.jpg\" height=\"230\" width=\"307\" \/><\/a><\/p>\n<p>U\u017e tai, kad Vygantas i\u0161mok\u0117 groti mandolina, d\u0117kojo buvusios grup\u0117s \u201e18.20\u201c solist\u0117 Kornelija \u010cepyt\u0117, kartu su muzikantu Mykolu Eiva padovanojusi bi\u010diuliams dainas. M.Eiva prisipa\u017eino, kad sud\u0117lioti visk\u0105, k\u0105 nor\u0117t\u0173 pasakyti geram savo draugui Vygantui, sud\u0117tinga. Vyganto d\u0117ka jis atsid\u016br\u0117 \u0160ilut\u0117je, buvo jos u\u017eburtas, tod\u0117l \u010dia dirba ir kuria. M.Eiva ir V.Sto\u0161kus taip pat yra vieni i\u0161 V\u0160\u012e \u201eVakar\u0173 kranto jaunimo studijos\u201c \u012fk\u016br\u0117j\u0173.<\/p>\n<p>Tradiciniuose V.Sto\u0161kaus ir jo bi\u010diulio Valdo Lacko organizuojamuose \u201ePamario talentuose\u201c atrandami jaunieji talentai, kurie toliau globojami ir palydimi \u012f didesnes scenas. \u201eNiekada net neb\u016b\u010diau \u012fsivaizdavusi, kad stov\u0117siu scenoje ir pasieksiu tiek, kiek dabar\u201c, &#8211; u\u017e padr\u0105sinim\u0105 ir visokeriop\u0105 pagalb\u0105 nuo\u0161ird\u017eiai d\u0117kojo viena i\u0161 \u201ePamario talent\u0173\u201c nugal\u0117toj\u0173 daininink\u0117 Greta Konaverskyt\u0117.<\/p>\n<p><strong>Mam\u0173 p\u0117domis eina dukros<\/strong><\/p>\n<p>R.Sto\u0161kuvien\u0119 savo vadove vadina tikriausiai keli \u0161imtai \u0161ok\u0117j\u0173 &#8211; nuo pradinuk\u0173 iki dabar jau \u0161eimas suk\u016brusi\u0173 ir v\u0117l \u012f suaugusi\u0173j\u0173 \u0161oki\u0173 grup\u0119 susib\u016brusi\u0173 moter\u0173. \u0160aunieji \u201e\u017eibukai\u201c, \u017dem\u0117s \u016bkio mokyklos \u0161ok\u0117jai, kolektyv\u0173 \u201eSal\u016bnas\u201c ir Dakota\u201c nariai per 20 met\u0173 ne kart\u0105 garsino \u0160ilut\u0117s vard\u0105 \u0161alies ir u\u017esienio \u0161oki\u0173 festivaliuose, kituose renginiuose.<\/p>\n<p>Beveik nepastebimai Reminta u\u017eaugino ir \u0161ok\u0117ja tapusi\u0105 dukr\u0105 Guod\u0105, kuri \u0161oka vienoje i\u0161 mergai\u010di\u0173 kantri \u0161oki\u0173 grupi\u0173.<\/p>\n<p>Beje, tai &#8211; jau tre\u010dioji \u0161ios gimin\u0117s \u0161ok\u0117j\u0173 karta: Remintos mama Regina Puod\u017eiuvien\u0117, savo laiku sub\u016brusi presti\u017ein\u012f \u0160ilut\u0117s \u0161oki\u0173 kolektyv\u0105 \u201eRezgin\u0117l\u0117\u201c, ne vien\u0105 de\u0161imtmet\u012f gars\u0117ja savo ugdom\u0173 \u0161oki\u0173 kolektyv\u0173 pasiekimais \u0161alyje ir u\u017esienyje.<\/p>\n<p><strong>Per metus &#8211; 30 rengini\u0173<\/strong><\/p>\n<p>Brand\u016bs ankstesni Sto\u0161k\u0173 pasiekimai, laim\u0117jimai suteikia pagrind\u0105 \u0161vie\u017eioms id\u0117joms, naujoms ambicijoms ir originaliems ateities <a target=\"_blank\" rel=\"caption[R.Sto\u0161kuvien\u0119 sveikino gausus b\u016brys \u0161ok\u0117j\u0173, kuriuos ji i\u0161ugd\u0117 - nuo pradinuk\u0173, paaugli\u0173 iki jau \u0161eimas suk\u016brusi\u0173 ir v\u0117l \u012f suaugusi\u0173j\u0173 \u0161oki\u0173 grup\u0119 susib\u016brusi\u0173 moter\u0173.] noopener noreferrer\" class=\"jcepopup\" href=\"\/\/silutesnaujienos.lt\/images\/stories\/2012\/11\/13\/lietuvininku_vyresnes_sokejos.jpg\" data-rel=\"lightbox-gallery-udnWY7MG\" data-rl_title=\"\" data-rl_caption=\"\"><img loading=\"lazy\" decoding=\"async\" style=\"margin: 5px; float: right;\" class=\"caption\" title=\"\" alt=\"lietuvininku vyresnes sokejos\" src=\"\/\/silutesnaujienos.lt\/images\/stories\/2012\/11\/13\/thumbnails\/thumb_lietuvininku_vyresnes_sokejos.jpg\" height=\"230\" width=\"307\" \/><\/a>projektams. Sto\u0161k\u0173 veikla jau seniai per\u017eeng\u0117 rajono ribas: \u0161eima \u0160ilut\u0117je organizavo Lietuvos kantri muzikos fan\u0173 suva\u017eiavim\u0105 &#8211; festival\u012f \u201e\u017diemcountrys 2011\u201c, \u0161iemet vasar\u0105 Rusn\u0117je pirm\u0105 kart\u0105 surengtas kantri muzikos festivalis \u201eRusn\u0117s country\u201c.<\/p>\n<p>Sto\u0161kai verti premijos &#8211; \u012fsitikin\u0119s \u0160ilut\u0117s kult\u016bros ir pramog\u0173 centro kolektyvas. Jie dvejus metus i\u0161 eil\u0117s teik\u0117 muzikant\u0173 kandidat\u016br\u0105 premijos komitetui. Pasak centro direktor\u0117s J\u016brat\u0117s Pancerovos, ruo\u0161iant parai\u0161k\u0105 paskai\u010diuota, kad per metus V.Sto\u0161kaus ir R.Sto\u0161kuvien\u0117s vadovaujamos grup\u0117s bei \u0161oki\u0173 kolektyvai dalyvauja apie 30-tyje rajonini\u0173 rengini\u0173.<\/p>\n<p>Jie noriai prisijugia prie nekomercini\u0173 iniciatyv\u0173, kartu su bendramin\u010diais organizuoja nemokamus renginius bendruomenei. <\/p>\n<p>\u0160iemet atgaivino muzikant\u0173 improvizacij\u0173 vakar\u0105, rengia tradicines \u201eKantri Kal\u0117das\u201c, \u017duvien\u0117s virimo \u010dempionat\u0105. U\u017e kasmetin\u0119 Gatv\u0117s muzikos dienos glob\u0105 \u0160ilut\u0117je V.Sto\u0161kui pad\u0117k\u0105 i\u0161rei\u0161k\u0117 pats renginio id\u0117jos autorius muzikantas Andrius Mamontovas.<\/p>\n<p>\u201eDailininkai kuria ant drob\u0117s, o muzikantai kuria ant tylos. Tod\u0117l nor\u0117tume jums padovanoti tyl\u0105\u201c, &#8211; kalb\u0117jo vienas i\u0161 daugelio bi\u010diuli\u0173, tarsi apibendrindamas vis\u0173 palink\u0117jimus &#8211; nesustoti kurti.<\/p>\n<p><span style=\"color: #339966;\"><strong>Daugiau nuotrauk\u0173 &#8211; fotogalerijoje<\/strong><\/span> <\/p>\n<p><a href=\"joomplu:7852 type=img\"><img decoding=\"async\" src=\"index.php?option=com_joomgallery&amp;view=image&amp;format=raw&amp;id=7852&amp;type=thumb\" class=\"jg_photo\" alt=\"joomplu:7852\" \/><\/a> <a href=\"joomplu:7862 type=img\"><img decoding=\"async\" src=\"index.php?option=com_joomgallery&amp;view=image&amp;format=raw&amp;id=7862&amp;type=thumb\" class=\"jg_photo\" alt=\"joomplu:7862\" \/><\/a> <a href=\"joomplu:7880 type=img\"><img decoding=\"async\" src=\"index.php?option=com_joomgallery&amp;view=image&amp;format=raw&amp;id=7880&amp;type=thumb\" class=\"jg_photo\" alt=\"joomplu:7880\" \/><\/a><\/p>\n","protected":false},"excerpt":{"rendered":"<p>Kauboji\u0161kas temperamentas, kauboji\u0161kos skryb\u0117l\u0117s, linijiniai \u0161okiai ir kantri muzikos skambesys lydi Vygant\u0105 ir Remint\u0105 STO\u0160KUS, kad ir kur jie nuvykt\u0173. \u0160eimyninis duetas per daugiau nei 20 aktyvios kult\u016brin\u0117s veiklos met\u0173 i\u0161mok\u0117 \u0161iluti\u0161kius pa\u017einti ir pamilti kantri muzik\u0105. Nepavargstantys \u0160ilut\u0117s kra\u0161to reprezentuotojai, jaun\u0173j\u0173 talent\u0173 atrad\u0117jai ir atskleid\u0117jai kaip gyvsidabris juda, neu\u017emiega ant laur\u0173 ir neleid\u017eia u\u017emigti [&hellip;]<\/p>\n","protected":false},"author":1,"featured_media":0,"comment_status":"open","ping_status":"open","sticky":false,"template":"","format":"standard","meta":{"footnotes":""},"categories":[51],"tags":[],"class_list":{"0":"post-6221","1":"post","2":"type-post","3":"status-publish","4":"format-standard","6":"category-kultura-ir-svietimas"},"yoast_head":"<!-- This site is optimized with the Yoast SEO plugin v27.5 - https:\/\/yoast.com\/product\/yoast-seo-wordpress\/ -->\n<title>\u201eLietuvinink\u0173 vilties\u201c premijos laureatams Sto\u0161kams padovanota tyla - \u0160ilut\u0117s naujienos<\/title>\n<meta name=\"robots\" content=\"index, follow, max-snippet:-1, max-image-preview:large, max-video-preview:-1\" \/>\n<link rel=\"canonical\" href=\"https:\/\/www.silutesnaujienos.lt\/lt\/lietuvininku-vilties-premijos-laureatams-stoskams-padovanota-tyla\/\" \/>\n<meta property=\"og:locale\" content=\"lt_LT\" \/>\n<meta property=\"og:type\" content=\"article\" \/>\n<meta property=\"og:title\" content=\"\u201eLietuvinink\u0173 vilties\u201c premijos laureatams Sto\u0161kams padovanota tyla - \u0160ilut\u0117s naujienos\" \/>\n<meta property=\"og:description\" content=\"Kauboji\u0161kas temperamentas, kauboji\u0161kos skryb\u0117l\u0117s, linijiniai \u0161okiai ir kantri muzikos skambesys lydi Vygant\u0105 ir Remint\u0105 STO\u0160KUS, kad ir kur jie nuvykt\u0173. \u0160eimyninis duetas per daugiau nei 20 aktyvios kult\u016brin\u0117s veiklos met\u0173 i\u0161mok\u0117 \u0161iluti\u0161kius pa\u017einti ir pamilti kantri muzik\u0105. Nepavargstantys \u0160ilut\u0117s kra\u0161to reprezentuotojai, jaun\u0173j\u0173 talent\u0173 atrad\u0117jai ir atskleid\u0117jai kaip gyvsidabris juda, neu\u017emiega ant laur\u0173 ir neleid\u017eia u\u017emigti [&hellip;]\" \/>\n<meta property=\"og:url\" content=\"https:\/\/www.silutesnaujienos.lt\/lt\/lietuvininku-vilties-premijos-laureatams-stoskams-padovanota-tyla\/\" \/>\n<meta property=\"og:site_name\" content=\"\u0160ilut\u0117s naujienos\" \/>\n<meta property=\"article:publisher\" content=\"https:\/\/www.facebook.com\/silutes.naujienos\/\" \/>\n<meta property=\"article:published_time\" content=\"2012-11-13T18:00:00+00:00\" \/>\n<meta property=\"og:image\" content=\"\/\/silutesnaujienos.lt\/images\/stories\/2012\/11\/13\/thumbnails\/thumb_lietuvininku_stoskai.jpg\" \/>\n<meta name=\"author\" content=\"\u0160ilut\u0117s naujien\u0173 inf.\" \/>\n<meta name=\"twitter:card\" content=\"summary_large_image\" \/>\n<meta name=\"twitter:label1\" content=\"Written by\" \/>\n\t<meta name=\"twitter:data1\" content=\"\u0160ilut\u0117s naujien\u0173 inf.\" \/>\n\t<meta name=\"twitter:label2\" content=\"Est. reading time\" \/>\n\t<meta name=\"twitter:data2\" content=\"5 minut\u0117s\" \/>\n<script type=\"application\/ld+json\" class=\"yoast-schema-graph\">{\"@context\":\"https:\\\/\\\/schema.org\",\"@graph\":[{\"@type\":\"Article\",\"@id\":\"https:\\\/\\\/www.silutesnaujienos.lt\\\/lt\\\/lietuvininku-vilties-premijos-laureatams-stoskams-padovanota-tyla\\\/#article\",\"isPartOf\":{\"@id\":\"https:\\\/\\\/www.silutesnaujienos.lt\\\/lt\\\/lietuvininku-vilties-premijos-laureatams-stoskams-padovanota-tyla\\\/\"},\"author\":{\"name\":\"\u0160ilut\u0117s naujien\u0173 inf.\",\"@id\":\"https:\\\/\\\/www.silutesnaujienos.lt\\\/lt\\\/#\\\/schema\\\/person\\\/232f475ddd4a7b5f49b3abc788b17e83\"},\"headline\":\"\u201eLietuvinink\u0173 vilties\u201c premijos laureatams Sto\u0161kams padovanota tyla\",\"datePublished\":\"2012-11-13T18:00:00+00:00\",\"mainEntityOfPage\":{\"@id\":\"https:\\\/\\\/www.silutesnaujienos.lt\\\/lt\\\/lietuvininku-vilties-premijos-laureatams-stoskams-padovanota-tyla\\\/\"},\"wordCount\":928,\"commentCount\":0,\"publisher\":{\"@id\":\"https:\\\/\\\/www.silutesnaujienos.lt\\\/lt\\\/#organization\"},\"articleSection\":[\"Kult\u016bra ir \u0161vietimas\"],\"inLanguage\":\"lt-LT\",\"potentialAction\":[{\"@type\":\"CommentAction\",\"name\":\"Comment\",\"target\":[\"https:\\\/\\\/www.silutesnaujienos.lt\\\/lt\\\/lietuvininku-vilties-premijos-laureatams-stoskams-padovanota-tyla\\\/#respond\"]}]},{\"@type\":\"WebPage\",\"@id\":\"https:\\\/\\\/www.silutesnaujienos.lt\\\/lt\\\/lietuvininku-vilties-premijos-laureatams-stoskams-padovanota-tyla\\\/\",\"url\":\"https:\\\/\\\/www.silutesnaujienos.lt\\\/lt\\\/lietuvininku-vilties-premijos-laureatams-stoskams-padovanota-tyla\\\/\",\"name\":\"\u201eLietuvinink\u0173 vilties\u201c premijos laureatams Sto\u0161kams padovanota tyla - \u0160ilut\u0117s naujienos\",\"isPartOf\":{\"@id\":\"https:\\\/\\\/www.silutesnaujienos.lt\\\/lt\\\/#website\"},\"datePublished\":\"2012-11-13T18:00:00+00:00\",\"breadcrumb\":{\"@id\":\"https:\\\/\\\/www.silutesnaujienos.lt\\\/lt\\\/lietuvininku-vilties-premijos-laureatams-stoskams-padovanota-tyla\\\/#breadcrumb\"},\"inLanguage\":\"lt-LT\",\"potentialAction\":[{\"@type\":\"ReadAction\",\"target\":[\"https:\\\/\\\/www.silutesnaujienos.lt\\\/lt\\\/lietuvininku-vilties-premijos-laureatams-stoskams-padovanota-tyla\\\/\"]}]},{\"@type\":\"BreadcrumbList\",\"@id\":\"https:\\\/\\\/www.silutesnaujienos.lt\\\/lt\\\/lietuvininku-vilties-premijos-laureatams-stoskams-padovanota-tyla\\\/#breadcrumb\",\"itemListElement\":[{\"@type\":\"ListItem\",\"position\":1,\"name\":\"Home\",\"item\":\"https:\\\/\\\/www.silutesnaujienos.lt\\\/lt\\\/\"},{\"@type\":\"ListItem\",\"position\":2,\"name\":\"\u201eLietuvinink\u0173 vilties\u201c premijos laureatams Sto\u0161kams padovanota tyla\"}]},{\"@type\":\"WebSite\",\"@id\":\"https:\\\/\\\/www.silutesnaujienos.lt\\\/lt\\\/#website\",\"url\":\"https:\\\/\\\/www.silutesnaujienos.lt\\\/lt\\\/\",\"name\":\"\u0160ilut\u0117s naujienos\",\"description\":\"B\u016bk ant naujien\u0173 bangos!\",\"publisher\":{\"@id\":\"https:\\\/\\\/www.silutesnaujienos.lt\\\/lt\\\/#organization\"},\"potentialAction\":[{\"@type\":\"SearchAction\",\"target\":{\"@type\":\"EntryPoint\",\"urlTemplate\":\"https:\\\/\\\/www.silutesnaujienos.lt\\\/lt\\\/?s={search_term_string}\"},\"query-input\":{\"@type\":\"PropertyValueSpecification\",\"valueRequired\":true,\"valueName\":\"search_term_string\"}}],\"inLanguage\":\"lt-LT\"},{\"@type\":\"Organization\",\"@id\":\"https:\\\/\\\/www.silutesnaujienos.lt\\\/lt\\\/#organization\",\"name\":\"\u0160ilut\u0117s naujienos\",\"url\":\"https:\\\/\\\/www.silutesnaujienos.lt\\\/lt\\\/\",\"logo\":{\"@type\":\"ImageObject\",\"inLanguage\":\"lt-LT\",\"@id\":\"https:\\\/\\\/www.silutesnaujienos.lt\\\/lt\\\/#\\\/schema\\\/logo\\\/image\\\/\",\"url\":\"https:\\\/\\\/www.silutesnaujienos.lt\\\/lt\\\/wp-content\\\/uploads\\\/2020\\\/06\\\/FB_MAIN.jpg\",\"contentUrl\":\"https:\\\/\\\/www.silutesnaujienos.lt\\\/lt\\\/wp-content\\\/uploads\\\/2020\\\/06\\\/FB_MAIN.jpg\",\"width\":1700,\"height\":956,\"caption\":\"\u0160ilut\u0117s naujienos\"},\"image\":{\"@id\":\"https:\\\/\\\/www.silutesnaujienos.lt\\\/lt\\\/#\\\/schema\\\/logo\\\/image\\\/\"},\"sameAs\":[\"https:\\\/\\\/www.facebook.com\\\/silutes.naujienos\\\/\",\"https:\\\/\\\/www.youtube.com\\\/channel\\\/UCxW-cgrJDt8GxIMxSTAfJZg\"]},{\"@type\":\"Person\",\"@id\":\"https:\\\/\\\/www.silutesnaujienos.lt\\\/lt\\\/#\\\/schema\\\/person\\\/232f475ddd4a7b5f49b3abc788b17e83\",\"name\":\"\u0160ilut\u0117s naujien\u0173 inf.\",\"image\":{\"@type\":\"ImageObject\",\"inLanguage\":\"lt-LT\",\"@id\":\"https:\\\/\\\/www.silutesnaujienos.lt\\\/lt\\\/wp-content\\\/uploads\\\/2020\\\/06\\\/favicon.png\",\"url\":\"https:\\\/\\\/www.silutesnaujienos.lt\\\/lt\\\/wp-content\\\/uploads\\\/2020\\\/06\\\/favicon.png\",\"contentUrl\":\"https:\\\/\\\/www.silutesnaujienos.lt\\\/lt\\\/wp-content\\\/uploads\\\/2020\\\/06\\\/favicon.png\",\"caption\":\"\u0160ilut\u0117s naujien\u0173 inf.\"},\"sameAs\":[\"https:\\\/\\\/www.silutesnaujienos.lt\\\/lt\"],\"url\":\"https:\\\/\\\/www.silutesnaujienos.lt\\\/lt\\\/author\\\/ruta\\\/\"}]}<\/script>\n<!-- \/ Yoast SEO plugin. -->","yoast_head_json":{"title":"\u201eLietuvinink\u0173 vilties\u201c premijos laureatams Sto\u0161kams padovanota tyla - \u0160ilut\u0117s naujienos","robots":{"index":"index","follow":"follow","max-snippet":"max-snippet:-1","max-image-preview":"max-image-preview:large","max-video-preview":"max-video-preview:-1"},"canonical":"https:\/\/www.silutesnaujienos.lt\/lt\/lietuvininku-vilties-premijos-laureatams-stoskams-padovanota-tyla\/","og_locale":"lt_LT","og_type":"article","og_title":"\u201eLietuvinink\u0173 vilties\u201c premijos laureatams Sto\u0161kams padovanota tyla - \u0160ilut\u0117s naujienos","og_description":"Kauboji\u0161kas temperamentas, kauboji\u0161kos skryb\u0117l\u0117s, linijiniai \u0161okiai ir kantri muzikos skambesys lydi Vygant\u0105 ir Remint\u0105 STO\u0160KUS, kad ir kur jie nuvykt\u0173. \u0160eimyninis duetas per daugiau nei 20 aktyvios kult\u016brin\u0117s veiklos met\u0173 i\u0161mok\u0117 \u0161iluti\u0161kius pa\u017einti ir pamilti kantri muzik\u0105. Nepavargstantys \u0160ilut\u0117s kra\u0161to reprezentuotojai, jaun\u0173j\u0173 talent\u0173 atrad\u0117jai ir atskleid\u0117jai kaip gyvsidabris juda, neu\u017emiega ant laur\u0173 ir neleid\u017eia u\u017emigti [&hellip;]","og_url":"https:\/\/www.silutesnaujienos.lt\/lt\/lietuvininku-vilties-premijos-laureatams-stoskams-padovanota-tyla\/","og_site_name":"\u0160ilut\u0117s naujienos","article_publisher":"https:\/\/www.facebook.com\/silutes.naujienos\/","article_published_time":"2012-11-13T18:00:00+00:00","og_image":[{"url":"\/\/silutesnaujienos.lt\/images\/stories\/2012\/11\/13\/thumbnails\/thumb_lietuvininku_stoskai.jpg","type":"","width":"","height":""}],"author":"\u0160ilut\u0117s naujien\u0173 inf.","twitter_card":"summary_large_image","twitter_misc":{"Written by":"\u0160ilut\u0117s naujien\u0173 inf.","Est. reading time":"5 minut\u0117s"},"schema":{"@context":"https:\/\/schema.org","@graph":[{"@type":"Article","@id":"https:\/\/www.silutesnaujienos.lt\/lt\/lietuvininku-vilties-premijos-laureatams-stoskams-padovanota-tyla\/#article","isPartOf":{"@id":"https:\/\/www.silutesnaujienos.lt\/lt\/lietuvininku-vilties-premijos-laureatams-stoskams-padovanota-tyla\/"},"author":{"name":"\u0160ilut\u0117s naujien\u0173 inf.","@id":"https:\/\/www.silutesnaujienos.lt\/lt\/#\/schema\/person\/232f475ddd4a7b5f49b3abc788b17e83"},"headline":"\u201eLietuvinink\u0173 vilties\u201c premijos laureatams Sto\u0161kams padovanota tyla","datePublished":"2012-11-13T18:00:00+00:00","mainEntityOfPage":{"@id":"https:\/\/www.silutesnaujienos.lt\/lt\/lietuvininku-vilties-premijos-laureatams-stoskams-padovanota-tyla\/"},"wordCount":928,"commentCount":0,"publisher":{"@id":"https:\/\/www.silutesnaujienos.lt\/lt\/#organization"},"articleSection":["Kult\u016bra ir \u0161vietimas"],"inLanguage":"lt-LT","potentialAction":[{"@type":"CommentAction","name":"Comment","target":["https:\/\/www.silutesnaujienos.lt\/lt\/lietuvininku-vilties-premijos-laureatams-stoskams-padovanota-tyla\/#respond"]}]},{"@type":"WebPage","@id":"https:\/\/www.silutesnaujienos.lt\/lt\/lietuvininku-vilties-premijos-laureatams-stoskams-padovanota-tyla\/","url":"https:\/\/www.silutesnaujienos.lt\/lt\/lietuvininku-vilties-premijos-laureatams-stoskams-padovanota-tyla\/","name":"\u201eLietuvinink\u0173 vilties\u201c premijos laureatams Sto\u0161kams padovanota tyla - \u0160ilut\u0117s naujienos","isPartOf":{"@id":"https:\/\/www.silutesnaujienos.lt\/lt\/#website"},"datePublished":"2012-11-13T18:00:00+00:00","breadcrumb":{"@id":"https:\/\/www.silutesnaujienos.lt\/lt\/lietuvininku-vilties-premijos-laureatams-stoskams-padovanota-tyla\/#breadcrumb"},"inLanguage":"lt-LT","potentialAction":[{"@type":"ReadAction","target":["https:\/\/www.silutesnaujienos.lt\/lt\/lietuvininku-vilties-premijos-laureatams-stoskams-padovanota-tyla\/"]}]},{"@type":"BreadcrumbList","@id":"https:\/\/www.silutesnaujienos.lt\/lt\/lietuvininku-vilties-premijos-laureatams-stoskams-padovanota-tyla\/#breadcrumb","itemListElement":[{"@type":"ListItem","position":1,"name":"Home","item":"https:\/\/www.silutesnaujienos.lt\/lt\/"},{"@type":"ListItem","position":2,"name":"\u201eLietuvinink\u0173 vilties\u201c premijos laureatams Sto\u0161kams padovanota tyla"}]},{"@type":"WebSite","@id":"https:\/\/www.silutesnaujienos.lt\/lt\/#website","url":"https:\/\/www.silutesnaujienos.lt\/lt\/","name":"\u0160ilut\u0117s naujienos","description":"B\u016bk ant naujien\u0173 bangos!","publisher":{"@id":"https:\/\/www.silutesnaujienos.lt\/lt\/#organization"},"potentialAction":[{"@type":"SearchAction","target":{"@type":"EntryPoint","urlTemplate":"https:\/\/www.silutesnaujienos.lt\/lt\/?s={search_term_string}"},"query-input":{"@type":"PropertyValueSpecification","valueRequired":true,"valueName":"search_term_string"}}],"inLanguage":"lt-LT"},{"@type":"Organization","@id":"https:\/\/www.silutesnaujienos.lt\/lt\/#organization","name":"\u0160ilut\u0117s naujienos","url":"https:\/\/www.silutesnaujienos.lt\/lt\/","logo":{"@type":"ImageObject","inLanguage":"lt-LT","@id":"https:\/\/www.silutesnaujienos.lt\/lt\/#\/schema\/logo\/image\/","url":"https:\/\/www.silutesnaujienos.lt\/lt\/wp-content\/uploads\/2020\/06\/FB_MAIN.jpg","contentUrl":"https:\/\/www.silutesnaujienos.lt\/lt\/wp-content\/uploads\/2020\/06\/FB_MAIN.jpg","width":1700,"height":956,"caption":"\u0160ilut\u0117s naujienos"},"image":{"@id":"https:\/\/www.silutesnaujienos.lt\/lt\/#\/schema\/logo\/image\/"},"sameAs":["https:\/\/www.facebook.com\/silutes.naujienos\/","https:\/\/www.youtube.com\/channel\/UCxW-cgrJDt8GxIMxSTAfJZg"]},{"@type":"Person","@id":"https:\/\/www.silutesnaujienos.lt\/lt\/#\/schema\/person\/232f475ddd4a7b5f49b3abc788b17e83","name":"\u0160ilut\u0117s naujien\u0173 inf.","image":{"@type":"ImageObject","inLanguage":"lt-LT","@id":"https:\/\/www.silutesnaujienos.lt\/lt\/wp-content\/uploads\/2020\/06\/favicon.png","url":"https:\/\/www.silutesnaujienos.lt\/lt\/wp-content\/uploads\/2020\/06\/favicon.png","contentUrl":"https:\/\/www.silutesnaujienos.lt\/lt\/wp-content\/uploads\/2020\/06\/favicon.png","caption":"\u0160ilut\u0117s naujien\u0173 inf."},"sameAs":["https:\/\/www.silutesnaujienos.lt\/lt"],"url":"https:\/\/www.silutesnaujienos.lt\/lt\/author\/ruta\/"}]}},"publishpress_future_workflow_manual_trigger":{"enabledWorkflows":[]},"amp_enabled":true,"_links":{"self":[{"href":"https:\/\/www.silutesnaujienos.lt\/lt\/wp-json\/wp\/v2\/posts\/6221","targetHints":{"allow":["GET"]}}],"collection":[{"href":"https:\/\/www.silutesnaujienos.lt\/lt\/wp-json\/wp\/v2\/posts"}],"about":[{"href":"https:\/\/www.silutesnaujienos.lt\/lt\/wp-json\/wp\/v2\/types\/post"}],"author":[{"embeddable":true,"href":"https:\/\/www.silutesnaujienos.lt\/lt\/wp-json\/wp\/v2\/users\/1"}],"replies":[{"embeddable":true,"href":"https:\/\/www.silutesnaujienos.lt\/lt\/wp-json\/wp\/v2\/comments?post=6221"}],"version-history":[{"count":0,"href":"https:\/\/www.silutesnaujienos.lt\/lt\/wp-json\/wp\/v2\/posts\/6221\/revisions"}],"wp:attachment":[{"href":"https:\/\/www.silutesnaujienos.lt\/lt\/wp-json\/wp\/v2\/media?parent=6221"}],"wp:term":[{"taxonomy":"category","embeddable":true,"href":"https:\/\/www.silutesnaujienos.lt\/lt\/wp-json\/wp\/v2\/categories?post=6221"},{"taxonomy":"post_tag","embeddable":true,"href":"https:\/\/www.silutesnaujienos.lt\/lt\/wp-json\/wp\/v2\/tags?post=6221"}],"curies":[{"name":"wp","href":"https:\/\/api.w.org\/{rel}","templated":true}]}}