{"id":6235,"date":"2012-12-18T16:03:36","date_gmt":"2012-12-18T18:03:36","guid":{"rendered":"https:\/\/www.silutesnaujienos.lt\/lt\/i-silute-ir-kaimus-atejo-kaledu-dvasia-foto\/"},"modified":"2012-12-18T16:03:36","modified_gmt":"2012-12-18T18:03:36","slug":"i-silute-ir-kaimus-atejo-kaledu-dvasia-foto","status":"publish","type":"post","link":"https:\/\/www.silutesnaujienos.lt\/lt\/i-silute-ir-kaimus-atejo-kaledu-dvasia-foto\/","title":{"rendered":"\u012e \u0160ilut\u0119 ir kaimus at\u0117jo Kal\u0117d\u0173 dvasia (foto)"},"content":{"rendered":"<p><a target=\"_blank\" rel=\"caption[Pagrindin\u0117 \u0160ilut\u0117s egl\u0117 \u0161iemet su\u017eibo penktadienio pavakar\u0119. \/ Sigito Grin\u010dinai\u010dio (silutesnaujienos.lt) nuotr.];group[a] noopener noreferrer\" class=\"jcepopup\" href=\"\/\/silutesnaujienos.lt\/images\/stories\/2012\/12\/18\/eglutes_iziebimas_13.jpg\" data-rel=\"lightbox-gallery-0PzVgkJO\" data-rl_title=\"\" data-rl_caption=\"\"><img loading=\"lazy\" decoding=\"async\" style=\"margin: 5px; float: left;\" class=\"caption\" title=\"\" alt=\"eglutes iziebimas 13\" src=\"\/\/silutesnaujienos.lt\/images\/stories\/2012\/12\/18\/thumbnails\/thumb_eglutes_iziebimas_13.jpg\" height=\"230\" width=\"307\" \/><\/a><strong>Penktadien\u012f jau ir \u012f \u0160ilut\u0119 at\u0117jo Kal\u0117d\u0173 dvasia &#8211; tai verian\u010dio \u0161al\u010dio nepab\u016bgusiai miniai oficialiai prane\u0161\u0117 ir pagrindin\u0119 miesto egl\u0119 \u012f\u017eieb\u0117 Kal\u0117d\u0173 Senelis ir rajono bei miesto vadovai.<\/strong><\/p>\n<p>Egl\u0117s \u012f\u017eiebimo \u0161vent\u0117je \u0161iemet buvo ir naujovi\u0173, o pati netik\u0117\u010diausia &#8211; ma\u017e\u0173 eglu\u010di\u0173 al\u0117ja, kuri\u0105 kra\u0161to tradicijas \u012fprasminan\u010diais ir pa\u010di\u0173 gamintais \u017eaisliukais papuo\u0161\u0117 rajono mokykl\u0173 moksleiviai ir dar\u017eelinukai.<\/p>\n<p>Pra\u0117jus\u012f savaitgal\u012f egl\u0117s su\u017eibo ir daugelyje seni\u016bnij\u0173 centr\u0173 bei kit\u0173 gyvenvie\u010di\u0173.<\/p>\n<p><strong>Did\u017eiausia naujov\u0117 &#8211; eglu\u010di\u0173 al\u0117ja<\/strong><\/p>\n<p>Kal\u0117dini\u0173 \u017eaisliuk\u0173 gamybos pamokas sureng\u0119 \u0160ilut\u0117s muziejininkai sulauk\u0117 nema\u017eo b\u016brio pasek\u0117j\u0173. \u0160alia H.\u0160ojaus dvaro penktadien\u012f i\u0161sirikiavusios eglait\u0117s nesuspindo dirbtiniais blizgu\u010diais &#8211; j\u0173 \u0161akel\u0117s buvo nukabin\u0117tos pa\u010di\u0173 vaik\u0173 i\u0161 nat\u016brali\u0173 med\u017eiag\u0173 sukurtais dirbiniais.<\/p>\n<p><a target=\"_blank\" rel=\"caption[\u012e \u0160v\u0117k\u0161n\u0105 Kal\u0117d\u0173 Senelis atvyko arklio traukiama karieta. \/ Jono Girskio nuotr.];group[a] noopener noreferrer\" class=\"jcepopup\" href=\"\/\/silutesnaujienos.lt\/images\/stories\/2012\/12\/18\/sveksnos_egle.jpg\" data-rel=\"lightbox-gallery-0PzVgkJO\" data-rl_title=\"\" data-rl_caption=\"\"><img loading=\"lazy\" decoding=\"async\" style=\"margin: 5px; float: left;\" class=\"caption\" title=\"\" alt=\"sveksnos egle\" src=\"\/\/silutesnaujienos.lt\/images\/stories\/2012\/12\/18\/thumbnails\/thumb_sveksnos_egle.jpg\" height=\"230\" width=\"307\" \/><\/a>\u012e \u0161vent\u0119 suva\u017eiav\u0119 ma\u017eieji nelauk\u0117, kol nuskamb\u0117s oficialus kvietimas puo\u0161ti eglutes &#8211; pasirink\u0119 t\u0105, kuri jiems labiausiai patiko, dar\u017eelinukai ir moksleiviai, priklaup\u0119 ant sniego, greit padabino j\u0173 \u0161akas \u0161iaudin\u0117mis, popierin\u0117mis, medin\u0117mis ar i\u0161 obuoli\u0173, kankor\u0117\u017ei\u0173 ir kitoki\u0173 g\u0117rybi\u0173 sukurtomis puo\u0161menomis.<\/p>\n<p>Tuoj sulaukta ir sve\u010di\u0173 &#8211; \u0160ilut\u0117s dramos teatro aktoriai &#8211; mil\u017einai ne vien\u0105 ma\u017eyl\u012f privert\u0117 net i\u0161si\u017eioti i\u0161 nuostabos. Na, o Kal\u0117d\u0173 Senelio pasirodymo netik\u0117tumu, ko gero, nepavadinsi. Pastarasis sve\u010dias su\u0161alti neleido &#8211; mitriai apib\u0117g\u0119s vaik\u0173 b\u016brelius ir ap\u017ei\u016br\u0117j\u0119s eglutes, suskubo kviesti jaunim\u0105 \u012f rat\u0105. Labiausiai seneliui talkino Juknai\u010di\u0173 pagrindin\u0117s mokyklos mokini\u0173 ansambliukas &#8211; ir dainavo, ir ratelius ved\u0117.<\/p>\n<p>V\u0117liau prie Kult\u016bros ir pramog\u0173 centro \u0161urmuliavo kal\u0117dini\u0173 suvenyr\u0173 mug\u0117, netr\u016bko prekybinink\u0173: buvo galima \u012fsigyti vietos meninink\u0173 dirbini\u0173, \u017eaisl\u0173, \u016bkinink\u0173 produkcijos, kepini\u0173, kal\u0117dini\u0173 puo\u0161men\u0173. O tie, kurie iki tol nebuvo susp\u0117j\u0119 prane\u0161ti Kal\u0117d\u0173 Seneliui apie savo svajon\u0119, tai gal\u0117jo padaryti Kal\u0117diniame pa\u0161te.<br \/>Prireik\u0117 rajono vadov\u0173 pagalbos<\/p>\n<p>I\u0161tvermingiausieji kantriai steb\u0117jo teatralizuot\u0105 program\u0105 \u201eKal\u0117dos Triu\u0161landijoje\u201c. V\u0161\u012e \u201eMeno artel\u0117\u201c aktoriai, matyt, gail\u0117dami \u0161\u0105lan\u010di\u0173 ma\u017e\u0173j\u0173 \u0161iluti\u0161ki\u0173, \u012fsuko juos \u012f ilgiausi\u0105 visoje Lietuvoje gyvat\u0119. Tad norintieji ir spektaklio metu gal\u0117jo \u0161iek tiek pamiklinti kojas.<\/p>\n<p>Art\u0117jant metui, kuomet tur\u0117jo b\u016bti \u012f\u017eiebta Kal\u0117d\u0173 egl\u0117, prireik\u0117 net rajono vadov\u0173 pagalbos, mat teatralai nesugeb\u0117jo pataisyti laikrod\u017eio, o be jo \u012f\u017eiebimo ceremonija negal\u0117jo \u012fvykti. \u201eMes pasiruo\u0161\u0119 pad\u0117ti\u201c, &#8211; atsak\u0117 rajono mer\u0117 Daiva \u017debelien\u0117, su visa palyda pakviesta \u012f scen\u0105.<\/p>\n<p>Laikrod\u017eio taisytojams teko pavargti, mat lemput\u0117s ant egl\u0117s vis nesuspindo.<\/p>\n<p><a target=\"_blank\" rel=\"caption[Rusni\u0161kiai \u0161iemet \u012f\u017eieb\u0117 egl\u0119 ir angel\u0105, vai\u0161inosi kar\u0161ta \u017euviene arbata. \/ Sigito Grin\u010dinai\u010dio (silutesnaujienos.lt) nuotr.];group[a] noopener noreferrer\" class=\"jcepopup\" href=\"\/\/silutesnaujienos.lt\/images\/stories\/2012\/12\/18\/rusnes_egle_nykstukai.jpg\" data-rel=\"lightbox-gallery-0PzVgkJO\" data-rl_title=\"\" data-rl_caption=\"\"><img loading=\"lazy\" decoding=\"async\" style=\"margin: 5px; float: right;\" class=\"caption\" title=\"\" alt=\"rusnes egle nykstukai\" src=\"\/\/silutesnaujienos.lt\/images\/stories\/2012\/12\/18\/thumbnails\/thumb_rusnes_egle_nykstukai.jpg\" height=\"230\" width=\"307\" \/><\/a>\u201eReikia stebuklingo \u017eod\u017eio\u201c, &#8211; pagaliau suprato jie ir visi choru i\u0161tar\u0117 t\u0105 \u017eod\u012f: \u201eAtsipra\u0161au\u201c. Bet ir tuokart vis\u0173 lauk\u0117 nusivylimas &#8211; egl\u0117 vis tebestov\u0117jo paskendusi tamsoje.<\/p>\n<p>\u201eO gal reikia sakyti \u201ePra\u0161au?\u201c &#8211; toptel\u0117jo ka\u017ekuriam i\u0161 sve\u010di\u0173. Ir \u0161is \u017eodis pasirod\u0117 bes\u0105s stebuklingas &#8211; ir egl\u0117, ir visa pagrindin\u0117 \u0160ilut\u0117s gatv\u0117 su\u0161vito lempu\u010di\u0173 girliandomis.<\/p>\n<p>\u201eTegu ateina ir \u010dia Kal\u0117d\u0173 dvasia, tegu pildosi slap\u010diausi tro\u0161kimai\u201c, &#8211; link\u0117jo susirinkusiems \u0161iluti\u0161kiams mer\u0117 D.\u017debelien\u0117.<\/p>\n<p>\u201eTegu \u0161itos egl\u0117s spinduliai eina iki \u0161iluti\u0161ki\u0173 \u0161eim\u0173 \u017eidinio ir sukelia \u0161ventin\u0119 nuotaik\u0105\u201c, &#8211; merei antrino savivaldyb\u0117s administracijos direktorius Raimundas Ambrozaitis. \u201eGer\u0173 jums visiems met\u0173\u201c, &#8211; prid\u0117jo ir \u0160ilut\u0117s seni\u016bnas Raimondas Steponkus.<\/p>\n<p>O \u0161vent\u0117s pabaigoje nuskamb\u0117jo plojimai egl\u0119 miestui dovanojusiai \u012fmonei &#8211; UAB \u201eGoldengrass\u201c.<\/p>\n<p><strong>Kal\u0117d\u0173 Senelis aplank\u0117 ir seni\u016bnijas<\/strong><\/p>\n<p><a target=\"_blank\" rel=\"caption[Rusni\u0161kiai \u0161iemet \u012f\u017eieb\u0117 egl\u0119 ir angel\u0105, vai\u0161inosi kar\u0161ta \u017euviene arbata. \/ Sigito Grin\u010dinai\u010dio (silutesnaujienos.lt) nuotr.];group[a] noopener noreferrer\" class=\"jcepopup\" href=\"\/\/silutesnaujienos.lt\/images\/stories\/2012\/12\/18\/eglute_rusneje.jpg\" data-rel=\"lightbox-gallery-0PzVgkJO\" data-rl_title=\"\" data-rl_caption=\"\"><img loading=\"lazy\" decoding=\"async\" style=\"margin: 5px; float: left;\" class=\"caption\" title=\"\" alt=\"eglute rusneje\" src=\"\/\/silutesnaujienos.lt\/images\/stories\/2012\/12\/18\/thumbnails\/thumb_eglute_rusneje.jpg\" height=\"230\" width=\"307\" \/><\/a>Savaitgal\u012f Kal\u0117d\u0173 egl\u0117s su\u017eibo ir kitose rajono vietose.<\/p>\n<p>\u017demai\u010di\u0173 Naumiestyje sekmadien\u012f \u0161urmuliavo mug\u0117, nepating\u0117jusieji atvykti gal\u0117jo nusipirkti visoki\u0173 saldumyn\u0173 ir kitoki\u0173 gardumyn\u0173 kal\u0117diniam stalui. Laukdami Kal\u0117d\u0173 Senelio naumiesti\u0161kiai plojo koncert\u0105 surengusiam ansambliui \u201eKar\u010dem\u0117l\u0117\u201c, o<\/p>\n<p>Kal\u0117d\u0173 Senelis pas juos atvyko ne tu\u0161\u010diomis &#8211; dalijo ir saldaini\u0173 mai\u0161elius, ir dovanas.<\/p>\n<p>Savi\u0161kius sveikino, geros sveikatos ir ger\u0173 met\u0173 visiems link\u0117jo seni\u016bnas Jonas Budreckas.<\/p>\n<p>Rusni\u0161kiai tradici\u0161kai ir \u0161iemet \u012f\u017eieb\u0117 ne tik egl\u0119, bet ir Kal\u0117d\u0173 angel\u0105. Ba\u017eny\u010dioje susirink\u0119 rusni\u0161kiai i\u0161klaus\u0117 kunigo Valdo Miliausko ir seni\u016bn\u0117s Dalios Drobnien\u0117s sveikinimus.<\/p>\n<p>\u0160vent\u0117s organizatoriai pasir\u016bpino ir tuo, kad at\u0117jusieji nesu\u0161alt\u0173 &#8211; Raimondas Plik\u0161nys visus vai\u0161ino kar\u0161ta \u017euviene, buvo ir arbatos. Koncertavo \u0161oki\u0173 kolektyvas \u201eRusnietis\u201c, Juknai\u010di\u0173 moter\u0173 vokalinis ansamblis \u201eV\u0117j\u016bn\u0117\u201c, o atvyk\u0119s Kal\u0117d\u0173 Senelis i\u0161 ki\u0161eni\u0173 trauk\u0117 saldainius ma\u017eiesiems.<\/p>\n<p>\u012e \u0160v\u0117k\u0161n\u0105 Kal\u0117d\u0173 Senelis dar atva\u017eiavo arklio traukiama karali\u0161ka karieta, kuri\u0105 jam par\u016bpino vietos verslininkas Antanas Martinkus. Mat sniego t\u0105dien dar nebuvo tiek, kad reik\u0117t\u0173 rogi\u0173. Senel\u012f pasitiko vietos skautai, sureng\u0119 ir program\u0117l\u0119. Tuoj prie Senelio i\u0161sirikiavo ilgiausia eil\u0117 jam eil\u0117ra\u0161t\u012f pasakyti norin\u010di\u0173 ma\u017eyli\u0173.<\/p>\n<p>Egl\u0119 \u0160v\u0117k\u0161nos miesteliui \u0161iemet dovanojo Vyturi\u0173 gatv\u0117je gyvenantis Vaclovas \u017diogas. \u0160v\u0117k\u0161ni\u0161kiai ir \u0161iemet prie eglut\u0117s pastatys prakart\u0117l\u0119, kuri\u0105 pareng\u0117 meistras Vytautas Bli\u016bd\u017eius.<\/p>\n<p><a href=\"index.php\/foto-galerijos\/2012-12-14-eglui-aljos-atidarymas-ir-iluts-egs-iebimas\"><span style=\"font-size: 12pt;\"><strong>Galerija: egl\u0117s \u012f\u017eiebimas \u0160ilut\u0117je<\/strong><\/span><\/a><\/p>\n<p><a href=\"joomplu:8220 type=img\"><img decoding=\"async\" style=\"border: 3px inset #000000;\" src=\"index.php?option=com_joomgallery&amp;view=image&amp;format=raw&amp;id=8220&amp;type=thumb\" class=\"jg_photo\" alt=\"joomplu:8220\" \/><\/a><\/p>\n","protected":false},"excerpt":{"rendered":"<p>Penktadien\u012f jau ir \u012f \u0160ilut\u0119 at\u0117jo Kal\u0117d\u0173 dvasia &#8211; tai verian\u010dio \u0161al\u010dio nepab\u016bgusiai miniai oficialiai prane\u0161\u0117 ir pagrindin\u0119 miesto egl\u0119 \u012f\u017eieb\u0117 Kal\u0117d\u0173 Senelis ir rajono bei miesto vadovai. Egl\u0117s \u012f\u017eiebimo \u0161vent\u0117je \u0161iemet buvo ir naujovi\u0173, o pati netik\u0117\u010diausia &#8211; ma\u017e\u0173 eglu\u010di\u0173 al\u0117ja, kuri\u0105 kra\u0161to tradicijas \u012fprasminan\u010diais ir pa\u010di\u0173 gamintais \u017eaisliukais papuo\u0161\u0117 rajono mokykl\u0173 moksleiviai ir [&hellip;]<\/p>\n","protected":false},"author":1,"featured_media":0,"comment_status":"open","ping_status":"open","sticky":false,"template":"","format":"standard","meta":{"footnotes":""},"categories":[51],"tags":[],"class_list":{"0":"post-6235","1":"post","2":"type-post","3":"status-publish","4":"format-standard","6":"category-kultura-ir-svietimas"},"yoast_head":"<!-- This site is optimized with the Yoast SEO plugin v27.5 - https:\/\/yoast.com\/product\/yoast-seo-wordpress\/ -->\n<title>\u012e \u0160ilut\u0119 ir kaimus at\u0117jo Kal\u0117d\u0173 dvasia (foto) - \u0160ilut\u0117s naujienos<\/title>\n<meta name=\"robots\" content=\"index, follow, max-snippet:-1, max-image-preview:large, max-video-preview:-1\" \/>\n<link rel=\"canonical\" href=\"https:\/\/www.silutesnaujienos.lt\/lt\/i-silute-ir-kaimus-atejo-kaledu-dvasia-foto\/\" \/>\n<meta property=\"og:locale\" content=\"lt_LT\" \/>\n<meta property=\"og:type\" content=\"article\" \/>\n<meta property=\"og:title\" content=\"\u012e \u0160ilut\u0119 ir kaimus at\u0117jo Kal\u0117d\u0173 dvasia (foto) - \u0160ilut\u0117s naujienos\" \/>\n<meta property=\"og:description\" content=\"Penktadien\u012f jau ir \u012f \u0160ilut\u0119 at\u0117jo Kal\u0117d\u0173 dvasia &#8211; tai verian\u010dio \u0161al\u010dio nepab\u016bgusiai miniai oficialiai prane\u0161\u0117 ir pagrindin\u0119 miesto egl\u0119 \u012f\u017eieb\u0117 Kal\u0117d\u0173 Senelis ir rajono bei miesto vadovai. Egl\u0117s \u012f\u017eiebimo \u0161vent\u0117je \u0161iemet buvo ir naujovi\u0173, o pati netik\u0117\u010diausia &#8211; ma\u017e\u0173 eglu\u010di\u0173 al\u0117ja, kuri\u0105 kra\u0161to tradicijas \u012fprasminan\u010diais ir pa\u010di\u0173 gamintais \u017eaisliukais papuo\u0161\u0117 rajono mokykl\u0173 moksleiviai ir [&hellip;]\" \/>\n<meta property=\"og:url\" content=\"https:\/\/www.silutesnaujienos.lt\/lt\/i-silute-ir-kaimus-atejo-kaledu-dvasia-foto\/\" \/>\n<meta property=\"og:site_name\" content=\"\u0160ilut\u0117s naujienos\" \/>\n<meta property=\"article:publisher\" content=\"https:\/\/www.facebook.com\/silutes.naujienos\/\" \/>\n<meta property=\"article:published_time\" content=\"2012-12-18T18:03:36+00:00\" \/>\n<meta property=\"og:image\" content=\"\/\/silutesnaujienos.lt\/images\/stories\/2012\/12\/18\/thumbnails\/thumb_eglutes_iziebimas_13.jpg\" \/>\n<meta name=\"author\" content=\"\u0160ilut\u0117s naujien\u0173 inf.\" \/>\n<meta name=\"twitter:card\" content=\"summary_large_image\" \/>\n<meta name=\"twitter:label1\" content=\"Written by\" \/>\n\t<meta name=\"twitter:data1\" content=\"\u0160ilut\u0117s naujien\u0173 inf.\" \/>\n\t<meta name=\"twitter:label2\" content=\"Est. reading time\" \/>\n\t<meta name=\"twitter:data2\" content=\"4 minut\u0117s\" \/>\n<script type=\"application\/ld+json\" class=\"yoast-schema-graph\">{\"@context\":\"https:\\\/\\\/schema.org\",\"@graph\":[{\"@type\":\"Article\",\"@id\":\"https:\\\/\\\/www.silutesnaujienos.lt\\\/lt\\\/i-silute-ir-kaimus-atejo-kaledu-dvasia-foto\\\/#article\",\"isPartOf\":{\"@id\":\"https:\\\/\\\/www.silutesnaujienos.lt\\\/lt\\\/i-silute-ir-kaimus-atejo-kaledu-dvasia-foto\\\/\"},\"author\":{\"name\":\"\u0160ilut\u0117s naujien\u0173 inf.\",\"@id\":\"https:\\\/\\\/www.silutesnaujienos.lt\\\/lt\\\/#\\\/schema\\\/person\\\/232f475ddd4a7b5f49b3abc788b17e83\"},\"headline\":\"\u012e \u0160ilut\u0119 ir kaimus at\u0117jo Kal\u0117d\u0173 dvasia (foto)\",\"datePublished\":\"2012-12-18T18:03:36+00:00\",\"mainEntityOfPage\":{\"@id\":\"https:\\\/\\\/www.silutesnaujienos.lt\\\/lt\\\/i-silute-ir-kaimus-atejo-kaledu-dvasia-foto\\\/\"},\"wordCount\":837,\"commentCount\":0,\"publisher\":{\"@id\":\"https:\\\/\\\/www.silutesnaujienos.lt\\\/lt\\\/#organization\"},\"articleSection\":[\"Kult\u016bra ir \u0161vietimas\"],\"inLanguage\":\"lt-LT\",\"potentialAction\":[{\"@type\":\"CommentAction\",\"name\":\"Comment\",\"target\":[\"https:\\\/\\\/www.silutesnaujienos.lt\\\/lt\\\/i-silute-ir-kaimus-atejo-kaledu-dvasia-foto\\\/#respond\"]}]},{\"@type\":\"WebPage\",\"@id\":\"https:\\\/\\\/www.silutesnaujienos.lt\\\/lt\\\/i-silute-ir-kaimus-atejo-kaledu-dvasia-foto\\\/\",\"url\":\"https:\\\/\\\/www.silutesnaujienos.lt\\\/lt\\\/i-silute-ir-kaimus-atejo-kaledu-dvasia-foto\\\/\",\"name\":\"\u012e \u0160ilut\u0119 ir kaimus at\u0117jo Kal\u0117d\u0173 dvasia (foto) - \u0160ilut\u0117s naujienos\",\"isPartOf\":{\"@id\":\"https:\\\/\\\/www.silutesnaujienos.lt\\\/lt\\\/#website\"},\"datePublished\":\"2012-12-18T18:03:36+00:00\",\"breadcrumb\":{\"@id\":\"https:\\\/\\\/www.silutesnaujienos.lt\\\/lt\\\/i-silute-ir-kaimus-atejo-kaledu-dvasia-foto\\\/#breadcrumb\"},\"inLanguage\":\"lt-LT\",\"potentialAction\":[{\"@type\":\"ReadAction\",\"target\":[\"https:\\\/\\\/www.silutesnaujienos.lt\\\/lt\\\/i-silute-ir-kaimus-atejo-kaledu-dvasia-foto\\\/\"]}]},{\"@type\":\"BreadcrumbList\",\"@id\":\"https:\\\/\\\/www.silutesnaujienos.lt\\\/lt\\\/i-silute-ir-kaimus-atejo-kaledu-dvasia-foto\\\/#breadcrumb\",\"itemListElement\":[{\"@type\":\"ListItem\",\"position\":1,\"name\":\"Home\",\"item\":\"https:\\\/\\\/www.silutesnaujienos.lt\\\/lt\\\/\"},{\"@type\":\"ListItem\",\"position\":2,\"name\":\"\u012e \u0160ilut\u0119 ir kaimus at\u0117jo Kal\u0117d\u0173 dvasia (foto)\"}]},{\"@type\":\"WebSite\",\"@id\":\"https:\\\/\\\/www.silutesnaujienos.lt\\\/lt\\\/#website\",\"url\":\"https:\\\/\\\/www.silutesnaujienos.lt\\\/lt\\\/\",\"name\":\"\u0160ilut\u0117s naujienos\",\"description\":\"B\u016bk ant naujien\u0173 bangos!\",\"publisher\":{\"@id\":\"https:\\\/\\\/www.silutesnaujienos.lt\\\/lt\\\/#organization\"},\"potentialAction\":[{\"@type\":\"SearchAction\",\"target\":{\"@type\":\"EntryPoint\",\"urlTemplate\":\"https:\\\/\\\/www.silutesnaujienos.lt\\\/lt\\\/?s={search_term_string}\"},\"query-input\":{\"@type\":\"PropertyValueSpecification\",\"valueRequired\":true,\"valueName\":\"search_term_string\"}}],\"inLanguage\":\"lt-LT\"},{\"@type\":\"Organization\",\"@id\":\"https:\\\/\\\/www.silutesnaujienos.lt\\\/lt\\\/#organization\",\"name\":\"\u0160ilut\u0117s naujienos\",\"url\":\"https:\\\/\\\/www.silutesnaujienos.lt\\\/lt\\\/\",\"logo\":{\"@type\":\"ImageObject\",\"inLanguage\":\"lt-LT\",\"@id\":\"https:\\\/\\\/www.silutesnaujienos.lt\\\/lt\\\/#\\\/schema\\\/logo\\\/image\\\/\",\"url\":\"https:\\\/\\\/www.silutesnaujienos.lt\\\/lt\\\/wp-content\\\/uploads\\\/2020\\\/06\\\/FB_MAIN.jpg\",\"contentUrl\":\"https:\\\/\\\/www.silutesnaujienos.lt\\\/lt\\\/wp-content\\\/uploads\\\/2020\\\/06\\\/FB_MAIN.jpg\",\"width\":1700,\"height\":956,\"caption\":\"\u0160ilut\u0117s naujienos\"},\"image\":{\"@id\":\"https:\\\/\\\/www.silutesnaujienos.lt\\\/lt\\\/#\\\/schema\\\/logo\\\/image\\\/\"},\"sameAs\":[\"https:\\\/\\\/www.facebook.com\\\/silutes.naujienos\\\/\",\"https:\\\/\\\/www.youtube.com\\\/channel\\\/UCxW-cgrJDt8GxIMxSTAfJZg\"]},{\"@type\":\"Person\",\"@id\":\"https:\\\/\\\/www.silutesnaujienos.lt\\\/lt\\\/#\\\/schema\\\/person\\\/232f475ddd4a7b5f49b3abc788b17e83\",\"name\":\"\u0160ilut\u0117s naujien\u0173 inf.\",\"image\":{\"@type\":\"ImageObject\",\"inLanguage\":\"lt-LT\",\"@id\":\"https:\\\/\\\/www.silutesnaujienos.lt\\\/lt\\\/wp-content\\\/uploads\\\/2020\\\/06\\\/favicon.png\",\"url\":\"https:\\\/\\\/www.silutesnaujienos.lt\\\/lt\\\/wp-content\\\/uploads\\\/2020\\\/06\\\/favicon.png\",\"contentUrl\":\"https:\\\/\\\/www.silutesnaujienos.lt\\\/lt\\\/wp-content\\\/uploads\\\/2020\\\/06\\\/favicon.png\",\"caption\":\"\u0160ilut\u0117s naujien\u0173 inf.\"},\"sameAs\":[\"https:\\\/\\\/www.silutesnaujienos.lt\\\/lt\"],\"url\":\"https:\\\/\\\/www.silutesnaujienos.lt\\\/lt\\\/author\\\/ruta\\\/\"}]}<\/script>\n<!-- \/ Yoast SEO plugin. -->","yoast_head_json":{"title":"\u012e \u0160ilut\u0119 ir kaimus at\u0117jo Kal\u0117d\u0173 dvasia (foto) - \u0160ilut\u0117s naujienos","robots":{"index":"index","follow":"follow","max-snippet":"max-snippet:-1","max-image-preview":"max-image-preview:large","max-video-preview":"max-video-preview:-1"},"canonical":"https:\/\/www.silutesnaujienos.lt\/lt\/i-silute-ir-kaimus-atejo-kaledu-dvasia-foto\/","og_locale":"lt_LT","og_type":"article","og_title":"\u012e \u0160ilut\u0119 ir kaimus at\u0117jo Kal\u0117d\u0173 dvasia (foto) - \u0160ilut\u0117s naujienos","og_description":"Penktadien\u012f jau ir \u012f \u0160ilut\u0119 at\u0117jo Kal\u0117d\u0173 dvasia &#8211; tai verian\u010dio \u0161al\u010dio nepab\u016bgusiai miniai oficialiai prane\u0161\u0117 ir pagrindin\u0119 miesto egl\u0119 \u012f\u017eieb\u0117 Kal\u0117d\u0173 Senelis ir rajono bei miesto vadovai. Egl\u0117s \u012f\u017eiebimo \u0161vent\u0117je \u0161iemet buvo ir naujovi\u0173, o pati netik\u0117\u010diausia &#8211; ma\u017e\u0173 eglu\u010di\u0173 al\u0117ja, kuri\u0105 kra\u0161to tradicijas \u012fprasminan\u010diais ir pa\u010di\u0173 gamintais \u017eaisliukais papuo\u0161\u0117 rajono mokykl\u0173 moksleiviai ir [&hellip;]","og_url":"https:\/\/www.silutesnaujienos.lt\/lt\/i-silute-ir-kaimus-atejo-kaledu-dvasia-foto\/","og_site_name":"\u0160ilut\u0117s naujienos","article_publisher":"https:\/\/www.facebook.com\/silutes.naujienos\/","article_published_time":"2012-12-18T18:03:36+00:00","og_image":[{"url":"\/\/silutesnaujienos.lt\/images\/stories\/2012\/12\/18\/thumbnails\/thumb_eglutes_iziebimas_13.jpg","type":"","width":"","height":""}],"author":"\u0160ilut\u0117s naujien\u0173 inf.","twitter_card":"summary_large_image","twitter_misc":{"Written by":"\u0160ilut\u0117s naujien\u0173 inf.","Est. reading time":"4 minut\u0117s"},"schema":{"@context":"https:\/\/schema.org","@graph":[{"@type":"Article","@id":"https:\/\/www.silutesnaujienos.lt\/lt\/i-silute-ir-kaimus-atejo-kaledu-dvasia-foto\/#article","isPartOf":{"@id":"https:\/\/www.silutesnaujienos.lt\/lt\/i-silute-ir-kaimus-atejo-kaledu-dvasia-foto\/"},"author":{"name":"\u0160ilut\u0117s naujien\u0173 inf.","@id":"https:\/\/www.silutesnaujienos.lt\/lt\/#\/schema\/person\/232f475ddd4a7b5f49b3abc788b17e83"},"headline":"\u012e \u0160ilut\u0119 ir kaimus at\u0117jo Kal\u0117d\u0173 dvasia (foto)","datePublished":"2012-12-18T18:03:36+00:00","mainEntityOfPage":{"@id":"https:\/\/www.silutesnaujienos.lt\/lt\/i-silute-ir-kaimus-atejo-kaledu-dvasia-foto\/"},"wordCount":837,"commentCount":0,"publisher":{"@id":"https:\/\/www.silutesnaujienos.lt\/lt\/#organization"},"articleSection":["Kult\u016bra ir \u0161vietimas"],"inLanguage":"lt-LT","potentialAction":[{"@type":"CommentAction","name":"Comment","target":["https:\/\/www.silutesnaujienos.lt\/lt\/i-silute-ir-kaimus-atejo-kaledu-dvasia-foto\/#respond"]}]},{"@type":"WebPage","@id":"https:\/\/www.silutesnaujienos.lt\/lt\/i-silute-ir-kaimus-atejo-kaledu-dvasia-foto\/","url":"https:\/\/www.silutesnaujienos.lt\/lt\/i-silute-ir-kaimus-atejo-kaledu-dvasia-foto\/","name":"\u012e \u0160ilut\u0119 ir kaimus at\u0117jo Kal\u0117d\u0173 dvasia (foto) - \u0160ilut\u0117s naujienos","isPartOf":{"@id":"https:\/\/www.silutesnaujienos.lt\/lt\/#website"},"datePublished":"2012-12-18T18:03:36+00:00","breadcrumb":{"@id":"https:\/\/www.silutesnaujienos.lt\/lt\/i-silute-ir-kaimus-atejo-kaledu-dvasia-foto\/#breadcrumb"},"inLanguage":"lt-LT","potentialAction":[{"@type":"ReadAction","target":["https:\/\/www.silutesnaujienos.lt\/lt\/i-silute-ir-kaimus-atejo-kaledu-dvasia-foto\/"]}]},{"@type":"BreadcrumbList","@id":"https:\/\/www.silutesnaujienos.lt\/lt\/i-silute-ir-kaimus-atejo-kaledu-dvasia-foto\/#breadcrumb","itemListElement":[{"@type":"ListItem","position":1,"name":"Home","item":"https:\/\/www.silutesnaujienos.lt\/lt\/"},{"@type":"ListItem","position":2,"name":"\u012e \u0160ilut\u0119 ir kaimus at\u0117jo Kal\u0117d\u0173 dvasia (foto)"}]},{"@type":"WebSite","@id":"https:\/\/www.silutesnaujienos.lt\/lt\/#website","url":"https:\/\/www.silutesnaujienos.lt\/lt\/","name":"\u0160ilut\u0117s naujienos","description":"B\u016bk ant naujien\u0173 bangos!","publisher":{"@id":"https:\/\/www.silutesnaujienos.lt\/lt\/#organization"},"potentialAction":[{"@type":"SearchAction","target":{"@type":"EntryPoint","urlTemplate":"https:\/\/www.silutesnaujienos.lt\/lt\/?s={search_term_string}"},"query-input":{"@type":"PropertyValueSpecification","valueRequired":true,"valueName":"search_term_string"}}],"inLanguage":"lt-LT"},{"@type":"Organization","@id":"https:\/\/www.silutesnaujienos.lt\/lt\/#organization","name":"\u0160ilut\u0117s naujienos","url":"https:\/\/www.silutesnaujienos.lt\/lt\/","logo":{"@type":"ImageObject","inLanguage":"lt-LT","@id":"https:\/\/www.silutesnaujienos.lt\/lt\/#\/schema\/logo\/image\/","url":"https:\/\/www.silutesnaujienos.lt\/lt\/wp-content\/uploads\/2020\/06\/FB_MAIN.jpg","contentUrl":"https:\/\/www.silutesnaujienos.lt\/lt\/wp-content\/uploads\/2020\/06\/FB_MAIN.jpg","width":1700,"height":956,"caption":"\u0160ilut\u0117s naujienos"},"image":{"@id":"https:\/\/www.silutesnaujienos.lt\/lt\/#\/schema\/logo\/image\/"},"sameAs":["https:\/\/www.facebook.com\/silutes.naujienos\/","https:\/\/www.youtube.com\/channel\/UCxW-cgrJDt8GxIMxSTAfJZg"]},{"@type":"Person","@id":"https:\/\/www.silutesnaujienos.lt\/lt\/#\/schema\/person\/232f475ddd4a7b5f49b3abc788b17e83","name":"\u0160ilut\u0117s naujien\u0173 inf.","image":{"@type":"ImageObject","inLanguage":"lt-LT","@id":"https:\/\/www.silutesnaujienos.lt\/lt\/wp-content\/uploads\/2020\/06\/favicon.png","url":"https:\/\/www.silutesnaujienos.lt\/lt\/wp-content\/uploads\/2020\/06\/favicon.png","contentUrl":"https:\/\/www.silutesnaujienos.lt\/lt\/wp-content\/uploads\/2020\/06\/favicon.png","caption":"\u0160ilut\u0117s naujien\u0173 inf."},"sameAs":["https:\/\/www.silutesnaujienos.lt\/lt"],"url":"https:\/\/www.silutesnaujienos.lt\/lt\/author\/ruta\/"}]}},"publishpress_future_workflow_manual_trigger":{"enabledWorkflows":[]},"amp_enabled":true,"_links":{"self":[{"href":"https:\/\/www.silutesnaujienos.lt\/lt\/wp-json\/wp\/v2\/posts\/6235","targetHints":{"allow":["GET"]}}],"collection":[{"href":"https:\/\/www.silutesnaujienos.lt\/lt\/wp-json\/wp\/v2\/posts"}],"about":[{"href":"https:\/\/www.silutesnaujienos.lt\/lt\/wp-json\/wp\/v2\/types\/post"}],"author":[{"embeddable":true,"href":"https:\/\/www.silutesnaujienos.lt\/lt\/wp-json\/wp\/v2\/users\/1"}],"replies":[{"embeddable":true,"href":"https:\/\/www.silutesnaujienos.lt\/lt\/wp-json\/wp\/v2\/comments?post=6235"}],"version-history":[{"count":0,"href":"https:\/\/www.silutesnaujienos.lt\/lt\/wp-json\/wp\/v2\/posts\/6235\/revisions"}],"wp:attachment":[{"href":"https:\/\/www.silutesnaujienos.lt\/lt\/wp-json\/wp\/v2\/media?parent=6235"}],"wp:term":[{"taxonomy":"category","embeddable":true,"href":"https:\/\/www.silutesnaujienos.lt\/lt\/wp-json\/wp\/v2\/categories?post=6235"},{"taxonomy":"post_tag","embeddable":true,"href":"https:\/\/www.silutesnaujienos.lt\/lt\/wp-json\/wp\/v2\/tags?post=6235"}],"curies":[{"name":"wp","href":"https:\/\/api.w.org\/{rel}","templated":true}]}}