{"id":6237,"date":"2012-12-28T16:00:00","date_gmt":"2012-12-28T18:00:00","guid":{"rendered":"https:\/\/www.silutesnaujienos.lt\/lt\/rajono-kolektyvu-talentu-fejerverku-nesustabde-artejanti-pasaulio-pabaiga\/"},"modified":"2012-12-28T16:00:00","modified_gmt":"2012-12-28T18:00:00","slug":"rajono-kolektyvu-talentu-fejerverku-nesustabde-artejanti-pasaulio-pabaiga","status":"publish","type":"post","link":"https:\/\/www.silutesnaujienos.lt\/lt\/rajono-kolektyvu-talentu-fejerverku-nesustabde-artejanti-pasaulio-pabaiga\/","title":{"rendered":"Rajono kolektyv\u0173 talent\u0173 fejerverk\u0173 nesustabd\u0117 \u201eart\u0117janti\u201c pasaulio pabaiga"},"content":{"rendered":"<p \/><a target=\"_blank\" rel=\"caption[Grup\u0117 \u201eKar\u010dema\u201c pristat\u0117 geriausi\u0173 savo dain\u0173 kompaktin\u0119 plok\u0161tel\u0119.] noopener noreferrer\" class=\"jcepopup\" href=\"\/\/silutesnaujienos.lt\/images\/stories\/2012\/12\/28\/karcema_cd.jpg\" data-rel=\"lightbox-gallery-gWQrE7fI\" data-rl_title=\"\" data-rl_caption=\"\"><img loading=\"lazy\" decoding=\"async\" style=\"margin: 5px; float: left;\" class=\"caption\" title=\"\" alt=\"karcema cd\" src=\"\/\/silutesnaujienos.lt\/images\/stories\/2012\/12\/28\/thumbnails\/thumb_karcema_cd.jpg\" height=\"230\" width=\"307\" \/><\/a><strong>Prie\u0161kal\u0117din\u012f laikotarp\u012f \u0160ilut\u0117 vir\u0117 nuo rengini\u0173 gausos. Energijos kokteilis, stipresnis u\u017e espreso kavos puodel\u012f &#8211; \u201e\u017diemos \u0161okis\u201c. Kal\u0117diniame \u0160ilut\u0117s kult\u016bros ir pramog\u0173 centro kolektyv\u0173 vakare vyko ne tik stebuklingi atradimai, bet ir prad\u0117ta nauja tradicija &#8211; surengti i\u0161kilmingi \u201eStrazdo giesmininko\u201c apdovanojimai.<\/strong><\/p>\n<p>O prie\u0161 maj\u0173 senojo kalendoriaus prana\u0161aujam\u0105 pasaulio pabaig\u0105 vyko tradicinis renginys \u201eCountry Kal\u0117dos\u201c. \u0160iemet jame pristatyta kantri grup\u0117s \u201eKar\u010dema\u201c kompaktin\u0117 plok\u0161tel\u0117, kur sud\u0117tos geriausios grup\u0117s dainos, sukurtos per 18 gyvavimo met\u0173.<\/p>\n<p><strong>Vienoje vietoje &#8211; geriausios \u201eKar\u010demos\u201c dainos<\/strong><\/p>\n<p>Tradicines \u201eCountry Kal\u0117das\u201c devint\u0105 kart\u0105 organizavo Vygantas ir Reminta Sto\u0161kai. T\u0119sdami kal\u0117dines gerumo tradicijas, koncerto organizatoriai pus\u0119 u\u017e bilietus surinkt\u0173 pinig\u0173 skyr\u0117 \u0160ilut\u0117s evangelik\u0173 liuteron\u0173 labdaros organizacijai \u201e\u0160ilut\u0117s Sandora\u201c.<a target=\"_blank\" rel=\"caption[\u0160ilut\u0117s kantri \u0161oki\u0173 klubo \u201eDakota\u201c moterys. \/ Simonos Pu\u017eait\u0117s nuotraukos.] noopener noreferrer\" class=\"jcepopup\" href=\"\/\/silutesnaujienos.lt\/images\/stories\/2012\/12\/28\/karcema_sokejoskartu.jpg\" data-rel=\"lightbox-gallery-gWQrE7fI\" data-rl_title=\"\" data-rl_caption=\"\"><img loading=\"lazy\" decoding=\"async\" style=\"margin: 5px; float: right;\" class=\"caption\" title=\"\" alt=\"karcema sokejoskartu\" src=\"\/\/silutesnaujienos.lt\/images\/stories\/2012\/12\/28\/thumbnails\/thumb_karcema_sokejoskartu.jpg\" height=\"230\" width=\"307\" \/><\/a><\/p>\n<p>Koncerte pasirod\u0117 \u0161oki\u0173 kolektyvai \u201eSal\u016bnas\u201c, \u201eDakota\u201c, jaunoji \u201eKar\u010demos\u201c pamaina &#8211; grup\u0117 \u201eKar\u010dem\u0117l\u0117\u201c, tercetas Vainora, Vita ir Valdas. \u0160ok\u0117jai \u017ei\u016brovus su\u017eav\u0117jo ne tik jau matytomis kompozicijomis, bet ir kal\u0117diniu nyk\u0161tuk\u0173 \u0161okiu pagal dabar ant bangos esan\u010di\u0105, vien\u0105 populiariausi\u0173 dain\u0173 pasaulyje &#8211; Piet\u0173 Kor\u0117jos reperio Psy \u201eGangnam Style\u201c.<\/p>\n<p>\u201eKar\u010demos\u201c muzikantai, pristatydami naujausi\u0105 kompaktin\u0119 plok\u0161tel\u0119 &#8211; \u201eGeriausi\u0173 dain\u0173 album\u0105\u201c, kartu koncertuoti pakviet\u0117 ir senuosius grup\u0117s narius, kurie kada nors grojo per vis\u0105 grup\u0117s gyvavimo laikotarp\u012f. Jie mu\u0161\u0117 b\u016bgnus, paskanino pasirodymus retesni\u0173 muzikos instrument\u0173 skambesiu. \u0160iuo metu grup\u0117je groja vadovas V.Sto\u0161kus, Valdas Lacko,\u00a0 Vainora Tarozait\u0117, R\u016bta \u0160erpytyt\u0117, Viktoras Butvydas, Art\u016bras Petruoka, Remigijus Naus\u0117da.<\/p>\n<p>Muzikantai da\u017enai kompaktin\u0117s plok\u0161tel\u0117s suk\u016brim\u0105 prilygina k\u016bdikio gimimui. Juokaudamas V.Lacko sako, jog\u00a0 pirmasis gimdymas vyksta sunkiausiai, v\u0117liau &#8211; jau lengviau. \u201eNa, o \u0161is, \u0161e\u0161tasis gimdymas, \u201eKar\u010demai\u201c buvo lengviausias ir skland\u017eiausias, visoks -iausias\u201c, &#8211; apib\u016bdino V.Lacko.<\/p>\n<p>Grup\u0117s vadovas V.Sto\u0161kus sako, jog \u012f plok\u0161tel\u0119 pakliuvo 24 labiausiai klausytoj\u0173 pam\u0117gtos, Pamario kra\u0161t\u0105 reprezentuojan\u010dios dainos. Pirm\u0105 kart\u0105 geriausios dainos sud\u0117tos \u012f vien\u0105 album\u0105. Kai kurios dainos <a target=\"_blank\" rel=\"caption[Plasti\u0161kos sporto klubo \u201eAt\u0117n\u0117\u201c \u0161ok\u0117jos.] noopener noreferrer\" class=\"jcepopup\" href=\"\/\/silutesnaujienos.lt\/images\/stories\/2012\/12\/28\/ziemos_sokis_atene.jpg\" data-rel=\"lightbox-gallery-gWQrE7fI\" data-rl_title=\"\" data-rl_caption=\"\"><img loading=\"lazy\" decoding=\"async\" style=\"margin: 5px; float: left;\" class=\"caption\" title=\"\" alt=\"ziemos sokis atene\" src=\"\/\/silutesnaujienos.lt\/images\/stories\/2012\/12\/28\/thumbnails\/thumb_ziemos_sokis_atene.jpg\" height=\"230\" width=\"307\" \/><\/a>\u012fra\u0161ytos naujai, su nauju \u0161iuolaikiniu skambesiu ir nauju tekstu. Album\u0105 galima \u012fsigyti \u0160ilut\u0117s muzikos instrument\u0173 preki\u0173 parduotuv\u0117je \u201e\u0160il\u016bn\u0117\u201c (prie hal\u0117s).<\/p>\n<p><strong>Profesionali\u0173 \u0161ok\u0117j\u0173 pasirodymai\u00a0 <\/strong><\/p>\n<p>Profesional\u0173 \u0161oki\u0173 vakar\u0105 prie\u0161 Kal\u0117das sureng\u0117 \u0160ilut\u0117s sporto klubo \u201eAt\u0117n\u0117\u201c (vad. J\u016brat\u0117 Gricevi\u010dien\u0117), \u0161oki\u0173 klubo \u201e\u017dvaig\u017ed\u016bn\u0117\u201c (vad. Loreta Stanelien\u0117 ir Gintar\u0117 Stanelyt\u0117) ir sportini\u0173 \u0161oki\u0173 klubo \u201eL\u016bgn\u0117\u201c (vad. Asta Maigien\u0117) \u0161ok\u0117jai. Vieni geriausi\u0173 \u0160ilut\u0117s \u0161oki\u0173 kolektyv\u0173 &#8211; daugkartiniai \u012fvairi\u0173 Lietuvos, Europos ir pasaulio festivali\u0173, konkurs\u0173 dalyviai ir laim\u0117tojai.<\/p>\n<p>Koncerte klasikinius \u0161okius keit\u0117 modernaus \u0161okio kompozicijos, \u017eaismingi, teatrali\u0161ki pasirodymai, scen\u0105 puo\u0161\u0117 plasti\u0161k\u0173, sporti\u0161k\u0173 ir eroti\u0161k\u0173 \u0161ok\u0117j\u0173 desantas.<\/p>\n<p><strong>Pirm\u0105 kart\u0105 &#8211; \u201eStrazdo giesmininko\u201c apdovanojimai<\/strong><\/p>\n<p>Met\u0173 pabaigoje savo koncertines programas vieni kitiems ir \u0160ilut\u0117s rajono kult\u016brininkams pristat\u0117 \u0160ilut\u0117s kult\u016bros ir pramog\u0173 centro (KPC) kolektyvai. F\u0117jos vedamas vakaras, suskirstytas \u012f stebuklus, pabr\u0117\u017e\u0117 svarbiausius renginio akcentus.<\/p>\n<p>Pirmasis stebuklas &#8211; visi centro globojami kolektyvai pirm\u0105 kart\u0105 koncertavo kartu viename renginyje. \u0160\u012fkart j\u0173 neskyr\u0117 nei atskiros repeticij\u0173 sal\u0117s, nei skirtingi renginiai.<\/p>\n<p>Antrasis stebuklas &#8211; kartu susirinko beveik visi rajono kult\u016bros <a target=\"_blank\" rel=\"caption[\u0160ilut\u0117s \u0161oki\u0173 klubas \u201e\u017dvaig\u017ed\u016bn\u0117\u201c. \/ Andriaus Vai\u0161noro nuotraukos.] noopener noreferrer\" class=\"jcepopup\" href=\"\/\/silutesnaujienos.lt\/images\/stories\/2012\/12\/28\/ziemos_sokis_zvaigzdune.jpg\" data-rel=\"lightbox-gallery-gWQrE7fI\" data-rl_title=\"\" data-rl_caption=\"\"><img loading=\"lazy\" decoding=\"async\" style=\"margin: 5px; float: right;\" class=\"caption\" title=\"\" alt=\"ziemos sokis zvaigzdune\" src=\"\/\/silutesnaujienos.lt\/images\/stories\/2012\/12\/28\/thumbnails\/thumb_ziemos_sokis_zvaigzdune.jpg\" height=\"230\" width=\"307\" \/><\/a>darbuotojai.<\/p>\n<p>Tre\u010diuoju stebuklu pavadintas \u012f kolektyv\u0173 b\u016br\u012f \u012fsiliej\u0119s \u201eMet\u0173 naujokas\u201c &#8211; \u0160ilut\u0117s meno mokyklos mokytojo Gra\u017evydo Railos vadovaujamas pu\u010diam\u0173j\u0173 kvintetas \u201ePamario brass\u201c.<\/p>\n<p>Apdovanojimai \u201eStrazdas giesmininkas\u201c tapo ketvirtuoju stebuklu. Apdovanojim\u0173 simbolin\u0119 statul\u0117l\u0119 suk\u016br\u0117 centro dailininkas Aurimas Liekis. Skambant Andriaus Kaniavos dainai \u201eStrazdas\u201c \u012f j\u0105 nukreiptos visos ramp\u0173 \u0161viesos.<\/p>\n<p>\u0160ilut\u0117s KPC d\u0117kojo kolektyvams ir apdovanojo juos pad\u0117kos ra\u0161tais ir \u201eStrazdo giesmininko\u201c skulpt\u016br\u0117l\u0117mis. Nominacij\u0173 \u201eTris kartas vienijantis folkloro ansamblis\u201c ir \u201eU\u017e k\u016brybin\u012f aktyvum\u0105 ir tradicij\u0173 puosel\u0117jim\u0105\u201c apdovanojimas \u012fteiktas folkloro ansambliui \u201eVerdain\u0117\u201c (vad. Regina Jokubaityt\u0117).<\/p>\n<p>Mi\u0161rus kamerinis choras \u201eVartana\u201c (vad. Gra\u017eina Matulien\u0117) apdovanotas \u201eU\u017e profesionalios chorin\u0117s muzikos sklaid\u0105\u201c, mi\u0161rus vokalinis ansamblis \u201eMing\u0117\u201c (vad. R.Jokubaityt\u0117) &#8211; \u201eU\u017e vis\u0173 met\u0173 reik\u0161ming\u0105, aktyvi\u0105 veikl\u0105 ir laim\u0117jimus\u201c.<\/p>\n<p>Kantri muzikos ansamblis \u201eKar\u010dema\u201c apdovanojim\u0105 gavo \u201eU\u017e k\u016brybin\u012f aktyvum\u0105\u201c, moter\u0173 vokalinis ansamblis \u201eVaivora\u201c (vad. Gra\u017eina Liaudanskien\u0117) &#8211; \u201eU\u017e tradicij\u0173 puosel\u0117jim\u0105 ir laim\u0117jimus\u201c ir nominacija \u201eDaina gydo ir \u012fkvepia optimizmo\u201c. Jaunimo grupei \u201eKar\u010dem\u0117l\u0117\u201c pad\u0117kota \u201eU\u017e jaunatvi\u0161k\u0105 entuziazm\u0105\u201c.<\/p>\n<p><a href=\"joomplu:8227 type=img\"><img decoding=\"async\" style=\"border: 3px inset #000000;\" src=\"index.php?option=com_joomgallery&#038;view=image&#038;format=raw&#038;id=8227&#038;type=thumb\" class=\"jg_photo\" alt=\"joomplu:8227\" \/><\/a><\/p>\n<p><img loading=\"lazy\" decoding=\"async\" style=\"margin: 5px; vertical-align: middle;\" src=\"\/\/silutesnaujienos.lt\/images\/stories\/LOGO\/spaudos_remimo_fondas.JPG\" alt=\"spaudos remimo fondas\" height=\"61\" width=\"100\" \/>\u00a0<strong>Projektas &#8222;\u0160ilut\u0117s kra\u0161to kult\u016bra ir \u017emon\u0117s: tradicijos, istorija, k\u016bryba&#8221;.<\/strong><\/p>\n","protected":false},"excerpt":{"rendered":"<p>Prie\u0161kal\u0117din\u012f laikotarp\u012f \u0160ilut\u0117 vir\u0117 nuo rengini\u0173 gausos. Energijos kokteilis, stipresnis u\u017e espreso kavos puodel\u012f &#8211; \u201e\u017diemos \u0161okis\u201c. Kal\u0117diniame \u0160ilut\u0117s kult\u016bros ir pramog\u0173 centro kolektyv\u0173 vakare vyko ne tik stebuklingi atradimai, bet ir prad\u0117ta nauja tradicija &#8211; surengti i\u0161kilmingi \u201eStrazdo giesmininko\u201c apdovanojimai. O prie\u0161 maj\u0173 senojo kalendoriaus prana\u0161aujam\u0105 pasaulio pabaig\u0105 vyko tradicinis renginys \u201eCountry Kal\u0117dos\u201c. \u0160iemet [&hellip;]<\/p>\n","protected":false},"author":1,"featured_media":0,"comment_status":"open","ping_status":"open","sticky":false,"template":"","format":"standard","meta":{"footnotes":""},"categories":[51],"tags":[],"class_list":{"0":"post-6237","1":"post","2":"type-post","3":"status-publish","4":"format-standard","6":"category-kultura-ir-svietimas"},"yoast_head":"<!-- This site is optimized with the Yoast SEO plugin v27.5 - https:\/\/yoast.com\/product\/yoast-seo-wordpress\/ -->\n<title>Rajono kolektyv\u0173 talent\u0173 fejerverk\u0173 nesustabd\u0117 \u201eart\u0117janti\u201c pasaulio pabaiga - \u0160ilut\u0117s naujienos<\/title>\n<meta name=\"robots\" content=\"index, follow, max-snippet:-1, max-image-preview:large, max-video-preview:-1\" \/>\n<link rel=\"canonical\" href=\"https:\/\/www.silutesnaujienos.lt\/lt\/rajono-kolektyvu-talentu-fejerverku-nesustabde-artejanti-pasaulio-pabaiga\/\" \/>\n<meta property=\"og:locale\" content=\"lt_LT\" \/>\n<meta property=\"og:type\" content=\"article\" \/>\n<meta property=\"og:title\" content=\"Rajono kolektyv\u0173 talent\u0173 fejerverk\u0173 nesustabd\u0117 \u201eart\u0117janti\u201c pasaulio pabaiga - \u0160ilut\u0117s naujienos\" \/>\n<meta property=\"og:description\" content=\"Prie\u0161kal\u0117din\u012f laikotarp\u012f \u0160ilut\u0117 vir\u0117 nuo rengini\u0173 gausos. Energijos kokteilis, stipresnis u\u017e espreso kavos puodel\u012f &#8211; \u201e\u017diemos \u0161okis\u201c. Kal\u0117diniame \u0160ilut\u0117s kult\u016bros ir pramog\u0173 centro kolektyv\u0173 vakare vyko ne tik stebuklingi atradimai, bet ir prad\u0117ta nauja tradicija &#8211; surengti i\u0161kilmingi \u201eStrazdo giesmininko\u201c apdovanojimai. O prie\u0161 maj\u0173 senojo kalendoriaus prana\u0161aujam\u0105 pasaulio pabaig\u0105 vyko tradicinis renginys \u201eCountry Kal\u0117dos\u201c. \u0160iemet [&hellip;]\" \/>\n<meta property=\"og:url\" content=\"https:\/\/www.silutesnaujienos.lt\/lt\/rajono-kolektyvu-talentu-fejerverku-nesustabde-artejanti-pasaulio-pabaiga\/\" \/>\n<meta property=\"og:site_name\" content=\"\u0160ilut\u0117s naujienos\" \/>\n<meta property=\"article:publisher\" content=\"https:\/\/www.facebook.com\/silutes.naujienos\/\" \/>\n<meta property=\"article:published_time\" content=\"2012-12-28T18:00:00+00:00\" \/>\n<meta property=\"og:image\" content=\"\/\/silutesnaujienos.lt\/images\/stories\/2012\/12\/28\/thumbnails\/thumb_karcema_cd.jpg\" \/>\n<meta name=\"author\" content=\"\u0160ilut\u0117s naujien\u0173 inf.\" \/>\n<meta name=\"twitter:card\" content=\"summary_large_image\" \/>\n<meta name=\"twitter:label1\" content=\"Written by\" \/>\n\t<meta name=\"twitter:data1\" content=\"\u0160ilut\u0117s naujien\u0173 inf.\" \/>\n\t<meta name=\"twitter:label2\" content=\"Est. reading time\" \/>\n\t<meta name=\"twitter:data2\" content=\"4 minut\u0117s\" \/>\n<script type=\"application\/ld+json\" class=\"yoast-schema-graph\">{\"@context\":\"https:\\\/\\\/schema.org\",\"@graph\":[{\"@type\":\"Article\",\"@id\":\"https:\\\/\\\/www.silutesnaujienos.lt\\\/lt\\\/rajono-kolektyvu-talentu-fejerverku-nesustabde-artejanti-pasaulio-pabaiga\\\/#article\",\"isPartOf\":{\"@id\":\"https:\\\/\\\/www.silutesnaujienos.lt\\\/lt\\\/rajono-kolektyvu-talentu-fejerverku-nesustabde-artejanti-pasaulio-pabaiga\\\/\"},\"author\":{\"name\":\"\u0160ilut\u0117s naujien\u0173 inf.\",\"@id\":\"https:\\\/\\\/www.silutesnaujienos.lt\\\/lt\\\/#\\\/schema\\\/person\\\/232f475ddd4a7b5f49b3abc788b17e83\"},\"headline\":\"Rajono kolektyv\u0173 talent\u0173 fejerverk\u0173 nesustabd\u0117 \u201eart\u0117janti\u201c pasaulio pabaiga\",\"datePublished\":\"2012-12-28T18:00:00+00:00\",\"mainEntityOfPage\":{\"@id\":\"https:\\\/\\\/www.silutesnaujienos.lt\\\/lt\\\/rajono-kolektyvu-talentu-fejerverku-nesustabde-artejanti-pasaulio-pabaiga\\\/\"},\"wordCount\":713,\"commentCount\":0,\"publisher\":{\"@id\":\"https:\\\/\\\/www.silutesnaujienos.lt\\\/lt\\\/#organization\"},\"articleSection\":[\"Kult\u016bra ir \u0161vietimas\"],\"inLanguage\":\"lt-LT\",\"potentialAction\":[{\"@type\":\"CommentAction\",\"name\":\"Comment\",\"target\":[\"https:\\\/\\\/www.silutesnaujienos.lt\\\/lt\\\/rajono-kolektyvu-talentu-fejerverku-nesustabde-artejanti-pasaulio-pabaiga\\\/#respond\"]}]},{\"@type\":\"WebPage\",\"@id\":\"https:\\\/\\\/www.silutesnaujienos.lt\\\/lt\\\/rajono-kolektyvu-talentu-fejerverku-nesustabde-artejanti-pasaulio-pabaiga\\\/\",\"url\":\"https:\\\/\\\/www.silutesnaujienos.lt\\\/lt\\\/rajono-kolektyvu-talentu-fejerverku-nesustabde-artejanti-pasaulio-pabaiga\\\/\",\"name\":\"Rajono kolektyv\u0173 talent\u0173 fejerverk\u0173 nesustabd\u0117 \u201eart\u0117janti\u201c pasaulio pabaiga - \u0160ilut\u0117s naujienos\",\"isPartOf\":{\"@id\":\"https:\\\/\\\/www.silutesnaujienos.lt\\\/lt\\\/#website\"},\"datePublished\":\"2012-12-28T18:00:00+00:00\",\"breadcrumb\":{\"@id\":\"https:\\\/\\\/www.silutesnaujienos.lt\\\/lt\\\/rajono-kolektyvu-talentu-fejerverku-nesustabde-artejanti-pasaulio-pabaiga\\\/#breadcrumb\"},\"inLanguage\":\"lt-LT\",\"potentialAction\":[{\"@type\":\"ReadAction\",\"target\":[\"https:\\\/\\\/www.silutesnaujienos.lt\\\/lt\\\/rajono-kolektyvu-talentu-fejerverku-nesustabde-artejanti-pasaulio-pabaiga\\\/\"]}]},{\"@type\":\"BreadcrumbList\",\"@id\":\"https:\\\/\\\/www.silutesnaujienos.lt\\\/lt\\\/rajono-kolektyvu-talentu-fejerverku-nesustabde-artejanti-pasaulio-pabaiga\\\/#breadcrumb\",\"itemListElement\":[{\"@type\":\"ListItem\",\"position\":1,\"name\":\"Home\",\"item\":\"https:\\\/\\\/www.silutesnaujienos.lt\\\/lt\\\/\"},{\"@type\":\"ListItem\",\"position\":2,\"name\":\"Rajono kolektyv\u0173 talent\u0173 fejerverk\u0173 nesustabd\u0117 \u201eart\u0117janti\u201c pasaulio pabaiga\"}]},{\"@type\":\"WebSite\",\"@id\":\"https:\\\/\\\/www.silutesnaujienos.lt\\\/lt\\\/#website\",\"url\":\"https:\\\/\\\/www.silutesnaujienos.lt\\\/lt\\\/\",\"name\":\"\u0160ilut\u0117s naujienos\",\"description\":\"B\u016bk ant naujien\u0173 bangos!\",\"publisher\":{\"@id\":\"https:\\\/\\\/www.silutesnaujienos.lt\\\/lt\\\/#organization\"},\"potentialAction\":[{\"@type\":\"SearchAction\",\"target\":{\"@type\":\"EntryPoint\",\"urlTemplate\":\"https:\\\/\\\/www.silutesnaujienos.lt\\\/lt\\\/?s={search_term_string}\"},\"query-input\":{\"@type\":\"PropertyValueSpecification\",\"valueRequired\":true,\"valueName\":\"search_term_string\"}}],\"inLanguage\":\"lt-LT\"},{\"@type\":\"Organization\",\"@id\":\"https:\\\/\\\/www.silutesnaujienos.lt\\\/lt\\\/#organization\",\"name\":\"\u0160ilut\u0117s naujienos\",\"url\":\"https:\\\/\\\/www.silutesnaujienos.lt\\\/lt\\\/\",\"logo\":{\"@type\":\"ImageObject\",\"inLanguage\":\"lt-LT\",\"@id\":\"https:\\\/\\\/www.silutesnaujienos.lt\\\/lt\\\/#\\\/schema\\\/logo\\\/image\\\/\",\"url\":\"https:\\\/\\\/www.silutesnaujienos.lt\\\/lt\\\/wp-content\\\/uploads\\\/2020\\\/06\\\/FB_MAIN.jpg\",\"contentUrl\":\"https:\\\/\\\/www.silutesnaujienos.lt\\\/lt\\\/wp-content\\\/uploads\\\/2020\\\/06\\\/FB_MAIN.jpg\",\"width\":1700,\"height\":956,\"caption\":\"\u0160ilut\u0117s naujienos\"},\"image\":{\"@id\":\"https:\\\/\\\/www.silutesnaujienos.lt\\\/lt\\\/#\\\/schema\\\/logo\\\/image\\\/\"},\"sameAs\":[\"https:\\\/\\\/www.facebook.com\\\/silutes.naujienos\\\/\",\"https:\\\/\\\/www.youtube.com\\\/channel\\\/UCxW-cgrJDt8GxIMxSTAfJZg\"]},{\"@type\":\"Person\",\"@id\":\"https:\\\/\\\/www.silutesnaujienos.lt\\\/lt\\\/#\\\/schema\\\/person\\\/232f475ddd4a7b5f49b3abc788b17e83\",\"name\":\"\u0160ilut\u0117s naujien\u0173 inf.\",\"image\":{\"@type\":\"ImageObject\",\"inLanguage\":\"lt-LT\",\"@id\":\"https:\\\/\\\/www.silutesnaujienos.lt\\\/lt\\\/wp-content\\\/uploads\\\/2020\\\/06\\\/favicon.png\",\"url\":\"https:\\\/\\\/www.silutesnaujienos.lt\\\/lt\\\/wp-content\\\/uploads\\\/2020\\\/06\\\/favicon.png\",\"contentUrl\":\"https:\\\/\\\/www.silutesnaujienos.lt\\\/lt\\\/wp-content\\\/uploads\\\/2020\\\/06\\\/favicon.png\",\"caption\":\"\u0160ilut\u0117s naujien\u0173 inf.\"},\"sameAs\":[\"https:\\\/\\\/www.silutesnaujienos.lt\\\/lt\"],\"url\":\"https:\\\/\\\/www.silutesnaujienos.lt\\\/lt\\\/author\\\/ruta\\\/\"}]}<\/script>\n<!-- \/ Yoast SEO plugin. -->","yoast_head_json":{"title":"Rajono kolektyv\u0173 talent\u0173 fejerverk\u0173 nesustabd\u0117 \u201eart\u0117janti\u201c pasaulio pabaiga - \u0160ilut\u0117s naujienos","robots":{"index":"index","follow":"follow","max-snippet":"max-snippet:-1","max-image-preview":"max-image-preview:large","max-video-preview":"max-video-preview:-1"},"canonical":"https:\/\/www.silutesnaujienos.lt\/lt\/rajono-kolektyvu-talentu-fejerverku-nesustabde-artejanti-pasaulio-pabaiga\/","og_locale":"lt_LT","og_type":"article","og_title":"Rajono kolektyv\u0173 talent\u0173 fejerverk\u0173 nesustabd\u0117 \u201eart\u0117janti\u201c pasaulio pabaiga - \u0160ilut\u0117s naujienos","og_description":"Prie\u0161kal\u0117din\u012f laikotarp\u012f \u0160ilut\u0117 vir\u0117 nuo rengini\u0173 gausos. Energijos kokteilis, stipresnis u\u017e espreso kavos puodel\u012f &#8211; \u201e\u017diemos \u0161okis\u201c. Kal\u0117diniame \u0160ilut\u0117s kult\u016bros ir pramog\u0173 centro kolektyv\u0173 vakare vyko ne tik stebuklingi atradimai, bet ir prad\u0117ta nauja tradicija &#8211; surengti i\u0161kilmingi \u201eStrazdo giesmininko\u201c apdovanojimai. O prie\u0161 maj\u0173 senojo kalendoriaus prana\u0161aujam\u0105 pasaulio pabaig\u0105 vyko tradicinis renginys \u201eCountry Kal\u0117dos\u201c. \u0160iemet [&hellip;]","og_url":"https:\/\/www.silutesnaujienos.lt\/lt\/rajono-kolektyvu-talentu-fejerverku-nesustabde-artejanti-pasaulio-pabaiga\/","og_site_name":"\u0160ilut\u0117s naujienos","article_publisher":"https:\/\/www.facebook.com\/silutes.naujienos\/","article_published_time":"2012-12-28T18:00:00+00:00","og_image":[{"url":"\/\/silutesnaujienos.lt\/images\/stories\/2012\/12\/28\/thumbnails\/thumb_karcema_cd.jpg","type":"","width":"","height":""}],"author":"\u0160ilut\u0117s naujien\u0173 inf.","twitter_card":"summary_large_image","twitter_misc":{"Written by":"\u0160ilut\u0117s naujien\u0173 inf.","Est. reading time":"4 minut\u0117s"},"schema":{"@context":"https:\/\/schema.org","@graph":[{"@type":"Article","@id":"https:\/\/www.silutesnaujienos.lt\/lt\/rajono-kolektyvu-talentu-fejerverku-nesustabde-artejanti-pasaulio-pabaiga\/#article","isPartOf":{"@id":"https:\/\/www.silutesnaujienos.lt\/lt\/rajono-kolektyvu-talentu-fejerverku-nesustabde-artejanti-pasaulio-pabaiga\/"},"author":{"name":"\u0160ilut\u0117s naujien\u0173 inf.","@id":"https:\/\/www.silutesnaujienos.lt\/lt\/#\/schema\/person\/232f475ddd4a7b5f49b3abc788b17e83"},"headline":"Rajono kolektyv\u0173 talent\u0173 fejerverk\u0173 nesustabd\u0117 \u201eart\u0117janti\u201c pasaulio pabaiga","datePublished":"2012-12-28T18:00:00+00:00","mainEntityOfPage":{"@id":"https:\/\/www.silutesnaujienos.lt\/lt\/rajono-kolektyvu-talentu-fejerverku-nesustabde-artejanti-pasaulio-pabaiga\/"},"wordCount":713,"commentCount":0,"publisher":{"@id":"https:\/\/www.silutesnaujienos.lt\/lt\/#organization"},"articleSection":["Kult\u016bra ir \u0161vietimas"],"inLanguage":"lt-LT","potentialAction":[{"@type":"CommentAction","name":"Comment","target":["https:\/\/www.silutesnaujienos.lt\/lt\/rajono-kolektyvu-talentu-fejerverku-nesustabde-artejanti-pasaulio-pabaiga\/#respond"]}]},{"@type":"WebPage","@id":"https:\/\/www.silutesnaujienos.lt\/lt\/rajono-kolektyvu-talentu-fejerverku-nesustabde-artejanti-pasaulio-pabaiga\/","url":"https:\/\/www.silutesnaujienos.lt\/lt\/rajono-kolektyvu-talentu-fejerverku-nesustabde-artejanti-pasaulio-pabaiga\/","name":"Rajono kolektyv\u0173 talent\u0173 fejerverk\u0173 nesustabd\u0117 \u201eart\u0117janti\u201c pasaulio pabaiga - \u0160ilut\u0117s naujienos","isPartOf":{"@id":"https:\/\/www.silutesnaujienos.lt\/lt\/#website"},"datePublished":"2012-12-28T18:00:00+00:00","breadcrumb":{"@id":"https:\/\/www.silutesnaujienos.lt\/lt\/rajono-kolektyvu-talentu-fejerverku-nesustabde-artejanti-pasaulio-pabaiga\/#breadcrumb"},"inLanguage":"lt-LT","potentialAction":[{"@type":"ReadAction","target":["https:\/\/www.silutesnaujienos.lt\/lt\/rajono-kolektyvu-talentu-fejerverku-nesustabde-artejanti-pasaulio-pabaiga\/"]}]},{"@type":"BreadcrumbList","@id":"https:\/\/www.silutesnaujienos.lt\/lt\/rajono-kolektyvu-talentu-fejerverku-nesustabde-artejanti-pasaulio-pabaiga\/#breadcrumb","itemListElement":[{"@type":"ListItem","position":1,"name":"Home","item":"https:\/\/www.silutesnaujienos.lt\/lt\/"},{"@type":"ListItem","position":2,"name":"Rajono kolektyv\u0173 talent\u0173 fejerverk\u0173 nesustabd\u0117 \u201eart\u0117janti\u201c pasaulio pabaiga"}]},{"@type":"WebSite","@id":"https:\/\/www.silutesnaujienos.lt\/lt\/#website","url":"https:\/\/www.silutesnaujienos.lt\/lt\/","name":"\u0160ilut\u0117s naujienos","description":"B\u016bk ant naujien\u0173 bangos!","publisher":{"@id":"https:\/\/www.silutesnaujienos.lt\/lt\/#organization"},"potentialAction":[{"@type":"SearchAction","target":{"@type":"EntryPoint","urlTemplate":"https:\/\/www.silutesnaujienos.lt\/lt\/?s={search_term_string}"},"query-input":{"@type":"PropertyValueSpecification","valueRequired":true,"valueName":"search_term_string"}}],"inLanguage":"lt-LT"},{"@type":"Organization","@id":"https:\/\/www.silutesnaujienos.lt\/lt\/#organization","name":"\u0160ilut\u0117s naujienos","url":"https:\/\/www.silutesnaujienos.lt\/lt\/","logo":{"@type":"ImageObject","inLanguage":"lt-LT","@id":"https:\/\/www.silutesnaujienos.lt\/lt\/#\/schema\/logo\/image\/","url":"https:\/\/www.silutesnaujienos.lt\/lt\/wp-content\/uploads\/2020\/06\/FB_MAIN.jpg","contentUrl":"https:\/\/www.silutesnaujienos.lt\/lt\/wp-content\/uploads\/2020\/06\/FB_MAIN.jpg","width":1700,"height":956,"caption":"\u0160ilut\u0117s naujienos"},"image":{"@id":"https:\/\/www.silutesnaujienos.lt\/lt\/#\/schema\/logo\/image\/"},"sameAs":["https:\/\/www.facebook.com\/silutes.naujienos\/","https:\/\/www.youtube.com\/channel\/UCxW-cgrJDt8GxIMxSTAfJZg"]},{"@type":"Person","@id":"https:\/\/www.silutesnaujienos.lt\/lt\/#\/schema\/person\/232f475ddd4a7b5f49b3abc788b17e83","name":"\u0160ilut\u0117s naujien\u0173 inf.","image":{"@type":"ImageObject","inLanguage":"lt-LT","@id":"https:\/\/www.silutesnaujienos.lt\/lt\/wp-content\/uploads\/2020\/06\/favicon.png","url":"https:\/\/www.silutesnaujienos.lt\/lt\/wp-content\/uploads\/2020\/06\/favicon.png","contentUrl":"https:\/\/www.silutesnaujienos.lt\/lt\/wp-content\/uploads\/2020\/06\/favicon.png","caption":"\u0160ilut\u0117s naujien\u0173 inf."},"sameAs":["https:\/\/www.silutesnaujienos.lt\/lt"],"url":"https:\/\/www.silutesnaujienos.lt\/lt\/author\/ruta\/"}]}},"publishpress_future_workflow_manual_trigger":{"enabledWorkflows":[]},"amp_enabled":true,"_links":{"self":[{"href":"https:\/\/www.silutesnaujienos.lt\/lt\/wp-json\/wp\/v2\/posts\/6237","targetHints":{"allow":["GET"]}}],"collection":[{"href":"https:\/\/www.silutesnaujienos.lt\/lt\/wp-json\/wp\/v2\/posts"}],"about":[{"href":"https:\/\/www.silutesnaujienos.lt\/lt\/wp-json\/wp\/v2\/types\/post"}],"author":[{"embeddable":true,"href":"https:\/\/www.silutesnaujienos.lt\/lt\/wp-json\/wp\/v2\/users\/1"}],"replies":[{"embeddable":true,"href":"https:\/\/www.silutesnaujienos.lt\/lt\/wp-json\/wp\/v2\/comments?post=6237"}],"version-history":[{"count":0,"href":"https:\/\/www.silutesnaujienos.lt\/lt\/wp-json\/wp\/v2\/posts\/6237\/revisions"}],"wp:attachment":[{"href":"https:\/\/www.silutesnaujienos.lt\/lt\/wp-json\/wp\/v2\/media?parent=6237"}],"wp:term":[{"taxonomy":"category","embeddable":true,"href":"https:\/\/www.silutesnaujienos.lt\/lt\/wp-json\/wp\/v2\/categories?post=6237"},{"taxonomy":"post_tag","embeddable":true,"href":"https:\/\/www.silutesnaujienos.lt\/lt\/wp-json\/wp\/v2\/tags?post=6237"}],"curies":[{"name":"wp","href":"https:\/\/api.w.org\/{rel}","templated":true}]}}