{"id":6239,"date":"2013-01-14T08:00:00","date_gmt":"2013-01-14T10:00:00","guid":{"rendered":"https:\/\/www.silutesnaujienos.lt\/lt\/nepraleiskite-progos-silute-sudrebins-5-orkestru-fiesta\/"},"modified":"2013-01-14T08:00:00","modified_gmt":"2013-01-14T10:00:00","slug":"nepraleiskite-progos-silute-sudrebins-5-orkestru-fiesta","status":"publish","type":"post","link":"https:\/\/www.silutesnaujienos.lt\/lt\/nepraleiskite-progos-silute-sudrebins-5-orkestru-fiesta\/","title":{"rendered":"Nepraleiskite progos: \u0160ilut\u0119 sudrebins 5 orkestr\u0173 fiesta!"},"content":{"rendered":"<p><a target=\"_blank\" class=\"jcepopup\" href=\"\/\/silutesnaujienos.lt\/images\/stories\/2013\/01\/11\/sausio_15_copy.jpg\" rel=\"noopener noreferrer\" data-rel=\"lightbox-gallery-XPwT83um\" data-rl_title=\"\" data-rl_caption=\"\" title=\"\"><img loading=\"lazy\" decoding=\"async\" style=\"margin: 5px; float: left;\" alt=\"sausio 15 copy\" src=\"\/\/silutesnaujienos.lt\/images\/stories\/2013\/01\/11\/thumbnails\/thumb_sausio_15_copy.jpg\" height=\"205\" width=\"307\" \/><\/a><strong>Klaip\u0117dos kra\u0161to prijungimui pamin\u0117ti &#8211; rengini\u0173 j\u016bra<\/strong><\/p>\n<p><strong>Kit\u0105 savait\u0119, sausio 15-18 dienomis, \u0160ilut\u0117 ir visa Lietuva min\u0117s lemtingus 1923 m. sausio 15-osios \u012fvykius, kuomet pranc\u016bz\u0173 valdomas Klaip\u0117dos kra\u0161tas buvo prijungtas prie Did\u017eiosios Lietuvos.<\/strong><\/p>\n<p><strong>Vienas \u012fsp\u016bdingiausi\u0173 rengini\u0173 \u0161iluti\u0161ki\u0173 laukia jau antradien\u012f: \u0160ilut\u0117s kult\u016bros ir pramog\u0173 centre 17.30 val. vyksiantis jubiliejinis koncertas \u201eViena gimin\u0117, viena kalba, viena \u017eem\u0117&#8230;\u201c. Jubiliejin\u0119 dat\u0105 vainikuos penki\u0173 orkestr\u0173, simbolizuojan\u010di\u0173 penkis Lietuvos&nbsp; etnografinius regionus, koncertas.<\/strong><\/p>\n<p>Organizatoriai kvie\u010dia visus aktyviai dalyvauti, b\u016bti \u0161auniais Klaip\u0117dos kra\u0161to istorijos puosel\u0117tojais ir ambasadoriais!<\/p>\n<p>Maloniai kviesdami visus \u0161iluti\u0161kius, rajono gyventojus ir miesto sve\u010dius dalyvauti visuose planuojamuose renginiuose, speciali vicemero \u0160ar\u016bno Lau\u017eiko vadovaujama darbo grup\u0117 spaudos konferencijoje pristat\u0117 svarbiausius vis\u0173 met\u0173 \u0161ios datos min\u0117jimo renginius.<\/p>\n<p>Pastarosiomis dienomis tiek \u0160ilut\u0117s r. savivaldyb\u0117, tiek kitos Klaip\u0117dos kra\u0161to savivaldyb\u0117s Vyriausybei pateik\u0117 metinius min\u0117jimo rengini\u0173 planus. \u0160iluti\u0161kiai jiems tikisi gauti kiek didesn\u012f nei 158 t\u016bkst. lit\u0173 finansavim\u0105 ir sako, kad gal\u0173 gale Lietuvos vald\u017eiai at\u0117jo laikas parodyti didesn\u012f d\u0117mes\u012f Ma\u017eosios Lietuvos etnografinam regionui.<\/p>\n<p>Numatyt\u0173 rengini\u0173 ir plan\u0173 s\u0105ra\u0161as &#8211; i\u0161ties \u012fsp\u016bdingas. Nema\u017eai edukacini\u0173 rengini\u0173, leidini\u0173 ir parod\u0173 pristatym\u0173 planuoja Vie\u0161oji F.Bajorai\u010dio biblioteka, Rusn\u0117s Salos etnokult\u016bros ir informacijos centras bei \u0160ilut\u0117s muziejus.<\/p>\n<p>Rusn\u0117je, pasak vienos i\u0161 darbo grup\u0117s nari\u0173 Birut\u0117s Servien\u0117s, liepos &#8211; rugpj\u016b\u010dio m\u0117nesiais planuojama surengti savait\u0119 truksian\u010di\u0105 edukacin\u0119 &#8211; muzikin\u0119 pu\u010diam\u0173j\u0173 orkestr\u0173 vadov\u0173 stovykl\u0105. 30 stovykloje dalyvausian\u010di\u0173 muzikant\u0173 parengs speciali\u0105 muzikin\u0119 program\u0105 \u201eKlaip\u0117dos kra\u0161to XX a. pr. muzikinio s\u0105j\u016bd\u017eio p\u0117dsakai\u201c, kuri v\u0117liau apkeliaus ne vien\u0105 rengin\u012f.<br \/>\u201ePlanuojame ir regionin\u012f rengin\u012f \u201eNaujai atrandamos Klaip\u0117dos kra\u0161to asmenyb\u0117s. \u0160arlota Kaizer\u201c. Ji mums svarbi tuo, kad savo romanuose apra\u0161\u0117 Rusn\u0117s, Ming\u0117s ir Kint\u0173 apylinki\u0173 \u017emoni\u0173 gyvenimo istorijas, papro\u010dius, tradicijas. Tai \u0161iandien yra labai vertinga kra\u0161to pa\u017einimo istorijai\u201c, &#8211; kalb\u0117jo B.Servien\u0117.<\/p>\n<p>\u012edomius planus pristat\u0117 ir \u0160ilut\u0117s muziejaus direktor\u0117 Roza \u0160ik\u0161nien\u0117. \u201e\u0160ilut\u0117s miesto \u0161vent\u0117s metu Klaip\u0117dos kra\u0161to istorij\u0105 muziejus pristatys \u012fgyvendinant dvi edukacines muziejinink\u0173 parengtas programas: \u201eMa\u017eosios Lietuvos dvar\u0173 kult\u016bra &#8211; \u0161iandienin\u0117ms \u0161eimoms\u201c ir \u201eSenosios muitin\u0117s Klaip\u0117dos kra\u0161to pasienyje\u201c. Pastaroji programa yra mobili ir gali b\u016bti pristatoma kit\u0173 \u0161ven\u010di\u0173 metu kituose rajonuose\u201c, &#8211; pasakojo muziejaus vadov\u0117.<\/p>\n<p>Taip pat muziejaus iniciatyva \u0160ilut\u0117s evangelik\u0173 liuteron\u0173 ba\u017eny\u010dioje bus pristatyta fotografij\u0173 paroda \u201eSenieji \u0161iluti\u0161kiai\u201c. Pasak R.\u0160ik\u0161nien\u0117s, bus stengiamasi apib\u016bdinti kiekvien\u0105 nuotrauk\u0105 &#8211; koks fotografas j\u0105 padar\u0117 ir k\u0105 tuo laikotarpiu veik\u0117 ir dirbo nuotraukose u\u017efiksuoti \u0161iluti\u0161kiai.<\/p>\n<p>\u012eam\u017einti visus min\u0117jimo renginius planuojama dokumentiniame filme bei kartu su Spaudos fotograf\u0173 klubu i\u0161leisti leidin\u012f Klaip\u0117dos kra\u0161to met\u0173 programai \u012fprasminti. Tokiu b\u016bdu, pasak V.Gri\u0161kevi\u010dien\u0117s, sukurta med\u017eiaga po kurio laiko taip pat gal\u0117t\u0173 tapti paveldu ateities kartoms.<\/p>\n<p>Vienu svarbiausiu sumanymu Kult\u016bros skyriaus ved\u0117ja taip pat vadino planus surengti edukacinius Klaip\u0117dos kra\u0161to tautinio paveldo k\u016br\u0117j\u0173 ir kaimo turizmo verslinink\u0173 seminarus bei edukatori\u0173 mokymus. Seminar\u0173 metu b\u016bt\u0173 pristatomas Ma\u017eosios Lietuvos tautinis paveldas, jo specifika, lyginant su kitais regionais, bei galimyb\u0117s tautin\u012f paveld\u0105 taikyti kult\u016briniame turizme.<\/p>\n<p>\u201eDid\u017eiausi kra\u0161to ambasadoriai yra ne kas kitas, o turizmo verslininkai. Tod\u0117l reikia i\u0161naudoti \u0161i\u0105 ni\u0161\u0105\u201c, &#8211; \u012fsitikinusi V.Gri\u0161kevi\u010dien\u0117.<\/p>\n<p><span style=\"font-size: 10pt;\"><strong><a href=\"index.php\/home\/afisa\/4249-2013-01-15-renginiai-skirti-klaipdos-krato-prijungimui-prie-lietuvos-90-m-jubiliejui\">Rengini\u0173 programa <\/a><\/strong><\/span><\/p>\n","protected":false},"excerpt":{"rendered":"<p>Klaip\u0117dos kra\u0161to prijungimui pamin\u0117ti &#8211; rengini\u0173 j\u016bra Kit\u0105 savait\u0119, sausio 15-18 dienomis, \u0160ilut\u0117 ir visa Lietuva min\u0117s lemtingus 1923 m. sausio 15-osios \u012fvykius, kuomet pranc\u016bz\u0173 valdomas Klaip\u0117dos kra\u0161tas buvo prijungtas prie Did\u017eiosios Lietuvos. Vienas \u012fsp\u016bdingiausi\u0173 rengini\u0173 \u0161iluti\u0161ki\u0173 laukia jau antradien\u012f: \u0160ilut\u0117s kult\u016bros ir pramog\u0173 centre 17.30 val. vyksiantis jubiliejinis koncertas \u201eViena gimin\u0117, viena kalba, viena [&hellip;]<\/p>\n","protected":false},"author":1,"featured_media":0,"comment_status":"open","ping_status":"open","sticky":false,"template":"","format":"standard","meta":{"footnotes":""},"categories":[51],"tags":[],"class_list":{"0":"post-6239","1":"post","2":"type-post","3":"status-publish","4":"format-standard","6":"category-kultura-ir-svietimas"},"yoast_head":"<!-- This site is optimized with the Yoast SEO plugin v27.5 - https:\/\/yoast.com\/product\/yoast-seo-wordpress\/ -->\n<title>Nepraleiskite progos: \u0160ilut\u0119 sudrebins 5 orkestr\u0173 fiesta! - \u0160ilut\u0117s naujienos<\/title>\n<meta name=\"robots\" content=\"index, follow, max-snippet:-1, max-image-preview:large, max-video-preview:-1\" \/>\n<link rel=\"canonical\" href=\"https:\/\/www.silutesnaujienos.lt\/lt\/nepraleiskite-progos-silute-sudrebins-5-orkestru-fiesta\/\" \/>\n<meta property=\"og:locale\" content=\"lt_LT\" \/>\n<meta property=\"og:type\" content=\"article\" \/>\n<meta property=\"og:title\" content=\"Nepraleiskite progos: \u0160ilut\u0119 sudrebins 5 orkestr\u0173 fiesta! - \u0160ilut\u0117s naujienos\" \/>\n<meta property=\"og:description\" content=\"Klaip\u0117dos kra\u0161to prijungimui pamin\u0117ti &#8211; rengini\u0173 j\u016bra Kit\u0105 savait\u0119, sausio 15-18 dienomis, \u0160ilut\u0117 ir visa Lietuva min\u0117s lemtingus 1923 m. sausio 15-osios \u012fvykius, kuomet pranc\u016bz\u0173 valdomas Klaip\u0117dos kra\u0161tas buvo prijungtas prie Did\u017eiosios Lietuvos. Vienas \u012fsp\u016bdingiausi\u0173 rengini\u0173 \u0161iluti\u0161ki\u0173 laukia jau antradien\u012f: \u0160ilut\u0117s kult\u016bros ir pramog\u0173 centre 17.30 val. vyksiantis jubiliejinis koncertas \u201eViena gimin\u0117, viena kalba, viena [&hellip;]\" \/>\n<meta property=\"og:url\" content=\"https:\/\/www.silutesnaujienos.lt\/lt\/nepraleiskite-progos-silute-sudrebins-5-orkestru-fiesta\/\" \/>\n<meta property=\"og:site_name\" content=\"\u0160ilut\u0117s naujienos\" \/>\n<meta property=\"article:publisher\" content=\"https:\/\/www.facebook.com\/silutes.naujienos\/\" \/>\n<meta property=\"article:published_time\" content=\"2013-01-14T10:00:00+00:00\" \/>\n<meta property=\"og:image\" content=\"\/\/silutesnaujienos.lt\/images\/stories\/2013\/01\/11\/thumbnails\/thumb_sausio_15_copy.jpg\" \/>\n<meta name=\"author\" content=\"\u0160ilut\u0117s naujien\u0173 inf.\" \/>\n<meta name=\"twitter:card\" content=\"summary_large_image\" \/>\n<meta name=\"twitter:label1\" content=\"Written by\" \/>\n\t<meta name=\"twitter:data1\" content=\"\u0160ilut\u0117s naujien\u0173 inf.\" \/>\n\t<meta name=\"twitter:label2\" content=\"Est. reading time\" \/>\n\t<meta name=\"twitter:data2\" content=\"3 minut\u0117s\" \/>\n<script type=\"application\/ld+json\" class=\"yoast-schema-graph\">{\"@context\":\"https:\\\/\\\/schema.org\",\"@graph\":[{\"@type\":\"Article\",\"@id\":\"https:\\\/\\\/www.silutesnaujienos.lt\\\/lt\\\/nepraleiskite-progos-silute-sudrebins-5-orkestru-fiesta\\\/#article\",\"isPartOf\":{\"@id\":\"https:\\\/\\\/www.silutesnaujienos.lt\\\/lt\\\/nepraleiskite-progos-silute-sudrebins-5-orkestru-fiesta\\\/\"},\"author\":{\"name\":\"\u0160ilut\u0117s naujien\u0173 inf.\",\"@id\":\"https:\\\/\\\/www.silutesnaujienos.lt\\\/lt\\\/#\\\/schema\\\/person\\\/232f475ddd4a7b5f49b3abc788b17e83\"},\"headline\":\"Nepraleiskite progos: \u0160ilut\u0119 sudrebins 5 orkestr\u0173 fiesta!\",\"datePublished\":\"2013-01-14T10:00:00+00:00\",\"mainEntityOfPage\":{\"@id\":\"https:\\\/\\\/www.silutesnaujienos.lt\\\/lt\\\/nepraleiskite-progos-silute-sudrebins-5-orkestru-fiesta\\\/\"},\"wordCount\":589,\"commentCount\":0,\"publisher\":{\"@id\":\"https:\\\/\\\/www.silutesnaujienos.lt\\\/lt\\\/#organization\"},\"articleSection\":[\"Kult\u016bra ir \u0161vietimas\"],\"inLanguage\":\"lt-LT\",\"potentialAction\":[{\"@type\":\"CommentAction\",\"name\":\"Comment\",\"target\":[\"https:\\\/\\\/www.silutesnaujienos.lt\\\/lt\\\/nepraleiskite-progos-silute-sudrebins-5-orkestru-fiesta\\\/#respond\"]}]},{\"@type\":\"WebPage\",\"@id\":\"https:\\\/\\\/www.silutesnaujienos.lt\\\/lt\\\/nepraleiskite-progos-silute-sudrebins-5-orkestru-fiesta\\\/\",\"url\":\"https:\\\/\\\/www.silutesnaujienos.lt\\\/lt\\\/nepraleiskite-progos-silute-sudrebins-5-orkestru-fiesta\\\/\",\"name\":\"Nepraleiskite progos: \u0160ilut\u0119 sudrebins 5 orkestr\u0173 fiesta! - \u0160ilut\u0117s naujienos\",\"isPartOf\":{\"@id\":\"https:\\\/\\\/www.silutesnaujienos.lt\\\/lt\\\/#website\"},\"datePublished\":\"2013-01-14T10:00:00+00:00\",\"breadcrumb\":{\"@id\":\"https:\\\/\\\/www.silutesnaujienos.lt\\\/lt\\\/nepraleiskite-progos-silute-sudrebins-5-orkestru-fiesta\\\/#breadcrumb\"},\"inLanguage\":\"lt-LT\",\"potentialAction\":[{\"@type\":\"ReadAction\",\"target\":[\"https:\\\/\\\/www.silutesnaujienos.lt\\\/lt\\\/nepraleiskite-progos-silute-sudrebins-5-orkestru-fiesta\\\/\"]}]},{\"@type\":\"BreadcrumbList\",\"@id\":\"https:\\\/\\\/www.silutesnaujienos.lt\\\/lt\\\/nepraleiskite-progos-silute-sudrebins-5-orkestru-fiesta\\\/#breadcrumb\",\"itemListElement\":[{\"@type\":\"ListItem\",\"position\":1,\"name\":\"Home\",\"item\":\"https:\\\/\\\/www.silutesnaujienos.lt\\\/lt\\\/\"},{\"@type\":\"ListItem\",\"position\":2,\"name\":\"Nepraleiskite progos: \u0160ilut\u0119 sudrebins 5 orkestr\u0173 fiesta!\"}]},{\"@type\":\"WebSite\",\"@id\":\"https:\\\/\\\/www.silutesnaujienos.lt\\\/lt\\\/#website\",\"url\":\"https:\\\/\\\/www.silutesnaujienos.lt\\\/lt\\\/\",\"name\":\"\u0160ilut\u0117s naujienos\",\"description\":\"B\u016bk ant naujien\u0173 bangos!\",\"publisher\":{\"@id\":\"https:\\\/\\\/www.silutesnaujienos.lt\\\/lt\\\/#organization\"},\"potentialAction\":[{\"@type\":\"SearchAction\",\"target\":{\"@type\":\"EntryPoint\",\"urlTemplate\":\"https:\\\/\\\/www.silutesnaujienos.lt\\\/lt\\\/?s={search_term_string}\"},\"query-input\":{\"@type\":\"PropertyValueSpecification\",\"valueRequired\":true,\"valueName\":\"search_term_string\"}}],\"inLanguage\":\"lt-LT\"},{\"@type\":\"Organization\",\"@id\":\"https:\\\/\\\/www.silutesnaujienos.lt\\\/lt\\\/#organization\",\"name\":\"\u0160ilut\u0117s naujienos\",\"url\":\"https:\\\/\\\/www.silutesnaujienos.lt\\\/lt\\\/\",\"logo\":{\"@type\":\"ImageObject\",\"inLanguage\":\"lt-LT\",\"@id\":\"https:\\\/\\\/www.silutesnaujienos.lt\\\/lt\\\/#\\\/schema\\\/logo\\\/image\\\/\",\"url\":\"https:\\\/\\\/www.silutesnaujienos.lt\\\/lt\\\/wp-content\\\/uploads\\\/2020\\\/06\\\/FB_MAIN.jpg\",\"contentUrl\":\"https:\\\/\\\/www.silutesnaujienos.lt\\\/lt\\\/wp-content\\\/uploads\\\/2020\\\/06\\\/FB_MAIN.jpg\",\"width\":1700,\"height\":956,\"caption\":\"\u0160ilut\u0117s naujienos\"},\"image\":{\"@id\":\"https:\\\/\\\/www.silutesnaujienos.lt\\\/lt\\\/#\\\/schema\\\/logo\\\/image\\\/\"},\"sameAs\":[\"https:\\\/\\\/www.facebook.com\\\/silutes.naujienos\\\/\",\"https:\\\/\\\/www.youtube.com\\\/channel\\\/UCxW-cgrJDt8GxIMxSTAfJZg\"]},{\"@type\":\"Person\",\"@id\":\"https:\\\/\\\/www.silutesnaujienos.lt\\\/lt\\\/#\\\/schema\\\/person\\\/232f475ddd4a7b5f49b3abc788b17e83\",\"name\":\"\u0160ilut\u0117s naujien\u0173 inf.\",\"image\":{\"@type\":\"ImageObject\",\"inLanguage\":\"lt-LT\",\"@id\":\"https:\\\/\\\/www.silutesnaujienos.lt\\\/lt\\\/wp-content\\\/uploads\\\/2020\\\/06\\\/favicon.png\",\"url\":\"https:\\\/\\\/www.silutesnaujienos.lt\\\/lt\\\/wp-content\\\/uploads\\\/2020\\\/06\\\/favicon.png\",\"contentUrl\":\"https:\\\/\\\/www.silutesnaujienos.lt\\\/lt\\\/wp-content\\\/uploads\\\/2020\\\/06\\\/favicon.png\",\"caption\":\"\u0160ilut\u0117s naujien\u0173 inf.\"},\"sameAs\":[\"https:\\\/\\\/www.silutesnaujienos.lt\\\/lt\"],\"url\":\"https:\\\/\\\/www.silutesnaujienos.lt\\\/lt\\\/author\\\/ruta\\\/\"}]}<\/script>\n<!-- \/ Yoast SEO plugin. -->","yoast_head_json":{"title":"Nepraleiskite progos: \u0160ilut\u0119 sudrebins 5 orkestr\u0173 fiesta! - \u0160ilut\u0117s naujienos","robots":{"index":"index","follow":"follow","max-snippet":"max-snippet:-1","max-image-preview":"max-image-preview:large","max-video-preview":"max-video-preview:-1"},"canonical":"https:\/\/www.silutesnaujienos.lt\/lt\/nepraleiskite-progos-silute-sudrebins-5-orkestru-fiesta\/","og_locale":"lt_LT","og_type":"article","og_title":"Nepraleiskite progos: \u0160ilut\u0119 sudrebins 5 orkestr\u0173 fiesta! - \u0160ilut\u0117s naujienos","og_description":"Klaip\u0117dos kra\u0161to prijungimui pamin\u0117ti &#8211; rengini\u0173 j\u016bra Kit\u0105 savait\u0119, sausio 15-18 dienomis, \u0160ilut\u0117 ir visa Lietuva min\u0117s lemtingus 1923 m. sausio 15-osios \u012fvykius, kuomet pranc\u016bz\u0173 valdomas Klaip\u0117dos kra\u0161tas buvo prijungtas prie Did\u017eiosios Lietuvos. Vienas \u012fsp\u016bdingiausi\u0173 rengini\u0173 \u0161iluti\u0161ki\u0173 laukia jau antradien\u012f: \u0160ilut\u0117s kult\u016bros ir pramog\u0173 centre 17.30 val. vyksiantis jubiliejinis koncertas \u201eViena gimin\u0117, viena kalba, viena [&hellip;]","og_url":"https:\/\/www.silutesnaujienos.lt\/lt\/nepraleiskite-progos-silute-sudrebins-5-orkestru-fiesta\/","og_site_name":"\u0160ilut\u0117s naujienos","article_publisher":"https:\/\/www.facebook.com\/silutes.naujienos\/","article_published_time":"2013-01-14T10:00:00+00:00","og_image":[{"url":"\/\/silutesnaujienos.lt\/images\/stories\/2013\/01\/11\/thumbnails\/thumb_sausio_15_copy.jpg","type":"","width":"","height":""}],"author":"\u0160ilut\u0117s naujien\u0173 inf.","twitter_card":"summary_large_image","twitter_misc":{"Written by":"\u0160ilut\u0117s naujien\u0173 inf.","Est. reading time":"3 minut\u0117s"},"schema":{"@context":"https:\/\/schema.org","@graph":[{"@type":"Article","@id":"https:\/\/www.silutesnaujienos.lt\/lt\/nepraleiskite-progos-silute-sudrebins-5-orkestru-fiesta\/#article","isPartOf":{"@id":"https:\/\/www.silutesnaujienos.lt\/lt\/nepraleiskite-progos-silute-sudrebins-5-orkestru-fiesta\/"},"author":{"name":"\u0160ilut\u0117s naujien\u0173 inf.","@id":"https:\/\/www.silutesnaujienos.lt\/lt\/#\/schema\/person\/232f475ddd4a7b5f49b3abc788b17e83"},"headline":"Nepraleiskite progos: \u0160ilut\u0119 sudrebins 5 orkestr\u0173 fiesta!","datePublished":"2013-01-14T10:00:00+00:00","mainEntityOfPage":{"@id":"https:\/\/www.silutesnaujienos.lt\/lt\/nepraleiskite-progos-silute-sudrebins-5-orkestru-fiesta\/"},"wordCount":589,"commentCount":0,"publisher":{"@id":"https:\/\/www.silutesnaujienos.lt\/lt\/#organization"},"articleSection":["Kult\u016bra ir \u0161vietimas"],"inLanguage":"lt-LT","potentialAction":[{"@type":"CommentAction","name":"Comment","target":["https:\/\/www.silutesnaujienos.lt\/lt\/nepraleiskite-progos-silute-sudrebins-5-orkestru-fiesta\/#respond"]}]},{"@type":"WebPage","@id":"https:\/\/www.silutesnaujienos.lt\/lt\/nepraleiskite-progos-silute-sudrebins-5-orkestru-fiesta\/","url":"https:\/\/www.silutesnaujienos.lt\/lt\/nepraleiskite-progos-silute-sudrebins-5-orkestru-fiesta\/","name":"Nepraleiskite progos: \u0160ilut\u0119 sudrebins 5 orkestr\u0173 fiesta! - \u0160ilut\u0117s naujienos","isPartOf":{"@id":"https:\/\/www.silutesnaujienos.lt\/lt\/#website"},"datePublished":"2013-01-14T10:00:00+00:00","breadcrumb":{"@id":"https:\/\/www.silutesnaujienos.lt\/lt\/nepraleiskite-progos-silute-sudrebins-5-orkestru-fiesta\/#breadcrumb"},"inLanguage":"lt-LT","potentialAction":[{"@type":"ReadAction","target":["https:\/\/www.silutesnaujienos.lt\/lt\/nepraleiskite-progos-silute-sudrebins-5-orkestru-fiesta\/"]}]},{"@type":"BreadcrumbList","@id":"https:\/\/www.silutesnaujienos.lt\/lt\/nepraleiskite-progos-silute-sudrebins-5-orkestru-fiesta\/#breadcrumb","itemListElement":[{"@type":"ListItem","position":1,"name":"Home","item":"https:\/\/www.silutesnaujienos.lt\/lt\/"},{"@type":"ListItem","position":2,"name":"Nepraleiskite progos: \u0160ilut\u0119 sudrebins 5 orkestr\u0173 fiesta!"}]},{"@type":"WebSite","@id":"https:\/\/www.silutesnaujienos.lt\/lt\/#website","url":"https:\/\/www.silutesnaujienos.lt\/lt\/","name":"\u0160ilut\u0117s naujienos","description":"B\u016bk ant naujien\u0173 bangos!","publisher":{"@id":"https:\/\/www.silutesnaujienos.lt\/lt\/#organization"},"potentialAction":[{"@type":"SearchAction","target":{"@type":"EntryPoint","urlTemplate":"https:\/\/www.silutesnaujienos.lt\/lt\/?s={search_term_string}"},"query-input":{"@type":"PropertyValueSpecification","valueRequired":true,"valueName":"search_term_string"}}],"inLanguage":"lt-LT"},{"@type":"Organization","@id":"https:\/\/www.silutesnaujienos.lt\/lt\/#organization","name":"\u0160ilut\u0117s naujienos","url":"https:\/\/www.silutesnaujienos.lt\/lt\/","logo":{"@type":"ImageObject","inLanguage":"lt-LT","@id":"https:\/\/www.silutesnaujienos.lt\/lt\/#\/schema\/logo\/image\/","url":"https:\/\/www.silutesnaujienos.lt\/lt\/wp-content\/uploads\/2020\/06\/FB_MAIN.jpg","contentUrl":"https:\/\/www.silutesnaujienos.lt\/lt\/wp-content\/uploads\/2020\/06\/FB_MAIN.jpg","width":1700,"height":956,"caption":"\u0160ilut\u0117s naujienos"},"image":{"@id":"https:\/\/www.silutesnaujienos.lt\/lt\/#\/schema\/logo\/image\/"},"sameAs":["https:\/\/www.facebook.com\/silutes.naujienos\/","https:\/\/www.youtube.com\/channel\/UCxW-cgrJDt8GxIMxSTAfJZg"]},{"@type":"Person","@id":"https:\/\/www.silutesnaujienos.lt\/lt\/#\/schema\/person\/232f475ddd4a7b5f49b3abc788b17e83","name":"\u0160ilut\u0117s naujien\u0173 inf.","image":{"@type":"ImageObject","inLanguage":"lt-LT","@id":"https:\/\/www.silutesnaujienos.lt\/lt\/wp-content\/uploads\/2020\/06\/favicon.png","url":"https:\/\/www.silutesnaujienos.lt\/lt\/wp-content\/uploads\/2020\/06\/favicon.png","contentUrl":"https:\/\/www.silutesnaujienos.lt\/lt\/wp-content\/uploads\/2020\/06\/favicon.png","caption":"\u0160ilut\u0117s naujien\u0173 inf."},"sameAs":["https:\/\/www.silutesnaujienos.lt\/lt"],"url":"https:\/\/www.silutesnaujienos.lt\/lt\/author\/ruta\/"}]}},"publishpress_future_workflow_manual_trigger":{"enabledWorkflows":[]},"amp_enabled":true,"_links":{"self":[{"href":"https:\/\/www.silutesnaujienos.lt\/lt\/wp-json\/wp\/v2\/posts\/6239","targetHints":{"allow":["GET"]}}],"collection":[{"href":"https:\/\/www.silutesnaujienos.lt\/lt\/wp-json\/wp\/v2\/posts"}],"about":[{"href":"https:\/\/www.silutesnaujienos.lt\/lt\/wp-json\/wp\/v2\/types\/post"}],"author":[{"embeddable":true,"href":"https:\/\/www.silutesnaujienos.lt\/lt\/wp-json\/wp\/v2\/users\/1"}],"replies":[{"embeddable":true,"href":"https:\/\/www.silutesnaujienos.lt\/lt\/wp-json\/wp\/v2\/comments?post=6239"}],"version-history":[{"count":0,"href":"https:\/\/www.silutesnaujienos.lt\/lt\/wp-json\/wp\/v2\/posts\/6239\/revisions"}],"wp:attachment":[{"href":"https:\/\/www.silutesnaujienos.lt\/lt\/wp-json\/wp\/v2\/media?parent=6239"}],"wp:term":[{"taxonomy":"category","embeddable":true,"href":"https:\/\/www.silutesnaujienos.lt\/lt\/wp-json\/wp\/v2\/categories?post=6239"},{"taxonomy":"post_tag","embeddable":true,"href":"https:\/\/www.silutesnaujienos.lt\/lt\/wp-json\/wp\/v2\/tags?post=6239"}],"curies":[{"name":"wp","href":"https:\/\/api.w.org\/{rel}","templated":true}]}}