{"id":6240,"date":"2013-01-17T12:00:00","date_gmt":"2013-01-17T14:00:00","guid":{"rendered":"https:\/\/www.silutesnaujienos.lt\/lt\/padekos-vakare-pasmaikstavimai-sveksnos-tema\/"},"modified":"2013-01-17T12:00:00","modified_gmt":"2013-01-17T14:00:00","slug":"padekos-vakare-pasmaikstavimai-sveksnos-tema","status":"publish","type":"post","link":"https:\/\/www.silutesnaujienos.lt\/lt\/padekos-vakare-pasmaikstavimai-sveksnos-tema\/","title":{"rendered":"Pad\u0117kos vakare &#8211; pa\u0161maik\u0161tavimai \u0160v\u0117k\u0161nos tema"},"content":{"rendered":"<p><a target=\"_blank\" rel=\"caption[Gimnazijos direktor\u0117 D.Dirg\u0117lien\u0117 d\u0117kojo ir savo pavaduotojoms R.Po\u0161kienei O.Jurjonienei.];group[3] noopener noreferrer\" class=\"jcepopup\" href=\"\/\/silutesnaujienos.lt\/images\/stories\/2013\/01\/15\/P1110014.jpg\" data-rel=\"lightbox-gallery-UTQCQXHk\" data-rl_title=\"\" data-rl_caption=\"\"><img loading=\"lazy\" decoding=\"async\" style=\"margin: 5px; float: left;\" class=\"caption\" title=\"\" alt=\"P1110014\" src=\"\/\/silutesnaujienos.lt\/images\/stories\/2013\/01\/15\/thumbnails\/thumb_P1110014.jpg\" height=\"230\" width=\"307\" \/><\/a><strong>\u0160v\u0117k\u0161nos bendruomen\u0117s nariai turi gra\u017ei\u0105 tradicij\u0105 &#8211; pad\u0117koti vieni kitiems u\u017e pra\u0117jusi\u0173 met\u0173 darbus, iniciatyvas, \u012fsp\u016bdingus renginius.<\/strong><\/p>\n<p><strong>Pad\u0117kos vakar\u0105 sureng\u0119 \u0161v\u0117k\u0161ni\u0161kiai ir pra\u0117jus\u012f penktadien\u012f d\u0117kojo tiems, kuri\u0173 d\u0117ka, anot seni\u016bno Alfonso \u0160epu\u010dio, \u0160v\u0117k\u0161na yra savitas kra\u0161tas, kurie kuria \u0161io kra\u0161to gyvenim\u0105 gyvai: kuria gro\u017eiu, supratimu, geromis id\u0117jomis ir tiesiog kukliu, tyliu darbu. Visiems jiems nusilenk\u0117 seni\u016bnijos vadovas, visi jie v\u0117liau \u0117jo vienas prie kito ir d\u0117kojo u\u017e pagalb\u0105 sunkiu metu, u\u017e r\u016bpest\u012f silpnesniuoju ir tiesiog u\u017e buvim\u0105 kartu.<\/strong><\/p>\n<p>Pad\u0117kos vakare netr\u016bko ir \u0161maik\u0161tumo &#8211; ne vienas i\u0161 susirinkusi\u0173j\u0173 subtiliai juokavo \u0160v\u0117k\u0161nos tema&#8230;<\/p>\n<p><strong>\u0160viesos akcij\u0105 palaik\u0117 visa bendruomen\u0117<\/strong><\/p>\n<p>Pra\u0117jusieji metai \u0160v\u0117k\u0161nai, A.\u0160epu\u010dio pasteb\u0117jimu, buvo geri ir ypatingi. Ypatingi rengini\u0173 gausa, gerais i\u0161\u0161\u016bkiais ir reik\u0161mingomis iniciatyvomis. Ko gero, ypatingiausia iniciatyva reikt\u0173 vadinti visoje \u0161alyje miestel\u012f i\u0161garsinusi\u0105 akcij\u0105 \u201eMes u\u017e \u0161vies\u0105\u201c, kuri\u0105 inicijavo mokytojas Vaidotas Did\u017ei\u016bnas.<a target=\"_blank\" rel=\"caption[Pirmasis dovan\u0117l\u0119 atsi\u0117m\u0117 akcijos \u201eMes u\u017e \u0161vies\u0105\u201c iniciatorius V.Did\u017ei\u016bnas.];group[3] noopener noreferrer\" class=\"jcepopup\" href=\"\/\/silutesnaujienos.lt\/images\/stories\/2013\/01\/15\/P1110020.jpg\" data-rel=\"lightbox-gallery-UTQCQXHk\" data-rl_title=\"\" data-rl_caption=\"\"><img loading=\"lazy\" decoding=\"async\" style=\"margin: 5px; float: right;\" class=\"caption\" title=\"\" alt=\"P1110020\" src=\"\/\/silutesnaujienos.lt\/images\/stories\/2013\/01\/15\/thumbnails\/thumb_P1110020.jpg\" height=\"230\" width=\"307\" \/><\/a><\/p>\n<p>Pad\u0117kos ra\u0161t\u0105 atsi\u0117m\u0119s pedagogas nesl\u0117p\u0117, kad \u012fvertinimas visada malonus, bet pasteb\u0117jo, jog pad\u0117kos u\u017e pavykusi\u0105 naujov\u0119 verta visa \u012f akcij\u0105 \u012fsijungusi miestelio bendruomen\u0117. Anot V.Did\u017ei\u016bno, i\u0161 tos avanti\u016bros nieko neb\u016bt\u0173 i\u0161\u0117j\u0119, jei jos neb\u016bt\u0173 palaikiusios mokykla ir seni\u016bnija.<\/p>\n<p>Pedagogas nei\u0161tv\u0117r\u0117 nepasidalij\u0119s ir po \u0161ios gra\u017eios akcijos perskaitytais internaut\u0173 komentarais. Vienas j\u0173, anot mokytojo, privert\u0117 j\u012f suprasti, \u201ekur i\u0161 ties\u0173 esanti jo vieta\u201c. \u201eHelovyn\u0105 gali imituoti tik psichiniai ligoniai\u201c, &#8211; taip, anot mokytojo, buvo \u012fvertintas \u0161v\u0117k\u0161ni\u0161ki\u0173 darbas. \u201eTeisus yra Juozas Erlickas sakydamas, kad kai visi eina pirmyn, mes einame durnyn\u201c, &#8211; dar nuo sav\u0119s prid\u0117jo V.Did\u017ei\u016bnas.<\/p>\n<p><strong>Ypa\u010d aktyvus ne\u012fgali\u0173j\u0173 samb\u016bris<\/strong><\/p>\n<p>Seni\u016bnas pasid\u017eiaug\u0117 ir daugyb\u0117s kit\u0173 savi\u0161ki\u0173 darbais. Jo pad\u0117k\u0105 peln\u0117 solid\u0173 \u0160v\u0117k\u0161nos internetin\u012f puslap\u012f suk\u016br\u0119s ir tvarkantis Jonas Girskis, enciklopedin\u012f \u017einyn\u0105 apie miestelio istorij\u0105 \u201e\u0160v\u0117k\u0161nos kra\u0161tas, \u017emon\u0117s ir \u012fvykiai\u201c i\u0161leid\u0119s Petras \u010celiauskas, \u017dagatpurvi\u0173 kaimo kapinaites be joki\u0173 raginim\u0173 \u0117m\u0119sis tvarkyti Eugenijus \u0160uldekovas. Pad\u0117kota ir visus vakaro dalyvius pri\u0117musiems naujos kaimo turizmo sodybos \u201eAls\u0117\u201c \u0161eimininkams R\u016btai ir Edvardui Mikeliams, visai neseniai prad\u0117jusiems savo versl\u0105 \u0160v\u0117k\u0161noje, ir seni\u016bnijos naujienas, anot seni\u016bno, \u201eaktyviai, tikrovi\u0161kai ir realiai\u201c platinantiems rajono laikra\u0161\u010diams.<br \/><a target=\"_blank\" rel=\"caption[Dovanas r\u0117m\u0117jams \u012fteik\u0117 ir sanatorin\u0117s mokyklos direktor\u0117 L.Navickien\u0117.];group[3] noopener noreferrer\" class=\"jcepopup\" href=\"\/\/silutesnaujienos.lt\/images\/stories\/2013\/01\/15\/P1110017.jpg\" data-rel=\"lightbox-gallery-UTQCQXHk\" data-rl_title=\"\" data-rl_caption=\"\"><img loading=\"lazy\" decoding=\"async\" style=\"margin: 5px; float: left;\" class=\"caption\" title=\"\" alt=\"P1110017\" src=\"\/\/silutesnaujienos.lt\/images\/stories\/2013\/01\/15\/thumbnails\/thumb_P1110017.jpg\" height=\"230\" width=\"307\" \/><\/a><br \/>\u201eTurb\u016bt visame rajone n\u0117ra kito tokio \u017emogaus, kuris kasmet naujamet\u0119 nakt\u012f aukot\u0173 savo bendruomenei\u201c, &#8211; tokia seni\u016bno mintis buvo skirta Vytautui Raibiui. Tai jis kasmet prie pagrindin\u0117s \u0160v\u0117k\u0161nos egl\u0117s atsigabena savo muzikos aparat\u016br\u0105 ir kvie\u010dia \u0161v\u0117k\u0161ni\u0161kius sutikti Naujuosius, linksmindamas juos kone iki pary\u010di\u0173.<\/p>\n<p>V.Raibys irgi prisimin\u0117 asmenin\u012f i\u0161gyvenim\u0105 \u0160v\u0117k\u0161nos tema. Kart\u0105 kitame Lietuvos kra\u0161te j\u012f sustabd\u0119 policijos pareig\u016bnai paklaus\u0117 gyvenamosios vietos. I\u0161gird\u0119, kad vyras es\u0105s i\u0161 \u0160v\u0117k\u0161nos, susi\u017evalg\u0119 tarpusavyje paleido j\u012f baudos taip ir nei\u0161ra\u0161\u0119&#8230;<\/p>\n<p>Ypa\u010d aktyviai, anot A.\u0160epu\u010dio, \u012f miestelio gyvenim\u0105 pernai \u012fsijung\u0117 atsigavusi vietos Ne\u012fgali\u0173j\u0173 draugija. \u201eTokio aktyvaus \u017emoni\u0173 samb\u016brio \u0160v\u0117k\u0161noje a\u0161 dar nema\u010diau. Vos pra\u0161vitus, jie jau \u0161mirin\u0117ja seni\u016bnijoje\u201c, &#8211; taip savo susi\u017eav\u0117jim\u0105 ne\u012fgaliaisiais i\u0161rei\u0161k\u0117 seni\u016bnas.<\/p>\n<p>\u0160i darni \u0160v\u0117k\u0161nos ne\u012fgali\u0173j\u0173 \u0161eima dabar jau ir labai didel\u0117 &#8211; vienija 96 \u017emones. O kone nuo nulio prie\u0161 por\u0105 met\u0173 veikl\u0105 prad\u0117jusi j\u0173 vadov\u0117 Ingrita Riterien\u0117 \u0161v\u0117k\u0161ni\u0161kiams dabar primena r\u016bpesting\u0105 mam\u0105 su b\u016briu vaik\u0173.<\/p>\n<p>\u201eA\u0161 did\u017eiuojuosi savo nariais, jie tokie \u0161aun\u016bs\u201c, &#8211; taip savi\u0161kius \u012fvertino ne\u012fgali\u0173j\u0173 pirminink\u0117.<\/p>\n<p><strong>Klebonas mato \u0161ypsenas net belaid\u017eiu telefonu<\/strong><\/p>\n<p>Savo seni\u016bnai\u010diu Valentinu Vanagu tur\u0117t\u0173 did\u017eiuotis Inkakli\u0173 <a target=\"_blank\" rel=\"caption[Savivaldyb\u0117s vadovai seni\u016bnui A.\u0160epu\u010diui \u012fteik\u0117 krep\u0161\u012f duonel\u0117s ir paveiksl\u0105 su 11-os seni\u016bnij\u0173 vaizdais.];group[3] noopener noreferrer\" class=\"jcepopup\" href=\"\/\/silutesnaujienos.lt\/images\/stories\/2013\/01\/15\/P1110033.jpg\" data-rel=\"lightbox-gallery-UTQCQXHk\" data-rl_title=\"\" data-rl_caption=\"\"><img loading=\"lazy\" decoding=\"async\" style=\"margin: 5px; float: right;\" class=\"caption\" title=\"\" alt=\"P1110033\" src=\"\/\/silutesnaujienos.lt\/images\/stories\/2013\/01\/15\/thumbnails\/thumb_P1110033.jpg\" height=\"230\" width=\"307\" \/><\/a>bendruomen\u0117, nes jis, anot seni\u016bno, ma\u017eesn\u012f d\u0117mes\u012f skiria savo kiemui nei gyvenviet\u0117s reikalams. \u201eMes seni\u016bnui, \u017einoma, esame didelis vargas, bet savo tiksl\u0173 vis tiek sieksime ir toliau\u201c, &#8211; tvirtai pa\u017ead\u0117jo inkakli\u0161kis.<\/p>\n<p>Pernai vidurvasar\u012f \u012f bendruomen\u0119 \u012fsijung\u0117 naujas dvasininkas &#8211; klebonas Saulius Katkus. \u201eTvirtai stokite ant \u0160v\u0117k\u0161nos \u017eem\u0117s, ir kad supt\u0173 jus kuo didesnis tikin\u010di\u0173j\u0173 b\u016brys\u201c, &#8211; link\u0117jo A.\u0160eputis.<\/p>\n<p>Klebonas sak\u0117, jog jam labai gra\u017ei \u0161iame miestelyje gyvuojanti tradicija pad\u0117koti vieni kitiems, bet irgi nei\u0161tv\u0117r\u0117 nepa\u0161maik\u0161tav\u0119s \u201evietos tema\u201c. Anot jo, kai dabar paskambin\u0105s \u012f tas parapijas, kuriose jam teko dirbti anks\u010diau, ir prisistat\u0105s, jog skambina i\u0161 \u0160v\u0117k\u0161nos, kitame laido gale garantuotai i\u0161 karto u\u017ematantis \u0161ypsen\u0105, net jei ry\u0161ys b\u016bna belaidis&#8230;<\/p>\n<p>A.\u0160eputis sak\u0117 dar trumpai dirbantis su nauj\u0105ja rajono vald\u017eia, bet jau pajut\u0119s, kad seni\u016bnijos problemos i\u0161girstamos ir suprantamos. Tod\u0117l tur\u012fs pagrindo tik\u0117tis, jog ir \u0161ie metai \u0160v\u0117k\u0161nai bus geri. O merei Daivai \u017debelienei ir administracijos direktoriui Raimundui Ambrozai\u010diui jis \u012fteik\u0117 knygas apie \u0160v\u0117k\u0161n\u0105 &#8211; kad jie dar geriau pa\u017eint\u0173 \u0161\u012f kra\u0161t\u0105.<\/p>\n<p>Vietos fotografo Vytauto Marcinkevi\u010diaus fotografuoti ir ant drob\u0117s perkelti miestelio vaizdai t\u0105vakar \u012fteikti dideliam b\u016briui seni\u016bnijos talkinink\u0173.<\/p>\n<p><strong>Pad\u0117kas i\u0161sak\u0117 ir pedagog\u0117s<\/strong><\/p>\n<p>\u201eSaul\u0117s\u201c gimnazijos direktor\u0117 Dalia Dirg\u0117lien\u0117 pirmiausia d\u0117kojo savo \u012fstaigos bendruomenei ir pavaduotojoms Rimai Po\u0161kienei bei Onutei Jurjonienei, padedan\u010dioms ve\u017eti \u201et\u0105 nemenk\u0105 ve\u017eim\u0105\u201c. \u201eLabai lengva vadovauti, kai tokias pavaduotojas turiu\u201c, &#8211; sak\u0117 direktor\u0117. B\u016briui pedagog\u0173 ir r\u0117m\u0117j\u0173 pad\u0117kota u\u017e tai, kad mokykloje gausu g\u0117li\u0173, menini\u0173 akcent\u0173, o prelatui Petrui Stukui &#8211; u\u017e tai, kad i\u0161leistuv\u0117s pernai buvo kitokios, kad abiturientus prie altoriaus prileido.<a target=\"_blank\" rel=\"caption[Drob\u0117 su \u0160v\u0117k\u0161nos vaizdu \u012fteikta ir verslininkams Reginai Rimui Paulauskams.];group[3] noopener noreferrer\" class=\"jcepopup\" href=\"\/\/silutesnaujienos.lt\/images\/stories\/2013\/01\/15\/P1110027.jpg\" data-rel=\"lightbox-gallery-UTQCQXHk\" data-rl_title=\"\" data-rl_caption=\"\"><img loading=\"lazy\" decoding=\"async\" style=\"margin: 5px; float: left;\" class=\"caption\" title=\"\" alt=\"P1110027\" src=\"\/\/silutesnaujienos.lt\/images\/stories\/2013\/01\/15\/thumbnails\/thumb_P1110027.jpg\" height=\"230\" width=\"307\" \/><\/a><\/p>\n<p>S\u0117kmingais metais pasid\u017eiaug\u0117 ir sanatorin\u0117s mokyklos vadov\u0117 Laima Navickien\u0117. \u0160ios mokyklos ugdytiniai bent ma\u017eais savo darbais jau irgi \u012fsijung\u0117 \u012f bendruomen\u0119, o bendruomen\u0117 juos pri\u0117m\u0117. T\u0105 parod\u0117 ir pirm\u0105 kart\u0105 surengta akcija \u201ePadovanok vaikams kelion\u0119\u201c, kurios metu miestelio bendruomen\u0117 mokyklai paaukojo 2500 lit\u0173. \u201eTaigi ka\u017ekur tikrai va\u017eiuosime\u201c, &#8211; d\u017eiaug\u0117si direktor\u0117, pad\u0117kos varpelius \u012fteikusi verslininkams Toliu\u0161iams ir Ambrozams.<\/p>\n<p>Visai bendruomenei pad\u0117k\u0105 i\u0161sak\u0117 vaik\u0173 dar\u017eelio direktor\u0117 Rita Bagdonien\u0117, nes visa bendruomen\u0117 ir prisideda prie to, kad \u0161ioje \u012fstaigoje netr\u016bkt\u0173 vaik\u0173, b\u016bt\u0173 jauku ir gera.<\/p>\n<p>Mer\u0117 D.\u017debelien\u0117 ir savivaldyb\u0117s administracijos direktorius R.Ambrozaitis pasid\u017eiaug\u0117 ne tik \u0161v\u0117k\u0161ni\u0161ki\u0173 bendruomeni\u0161kumu, bet ir tuo, kad \u0161i bendruomen\u0117 turi ypating\u0105 gaspadori\u0173. \u201eIr kaip tu, seni\u016bne, visur susp\u0117ji?\u201c &#8211; steb\u0117josi R.Ambrozaitis. <\/p>\n<p>Seni\u016bnui A.\u0160epu\u010diui \u012fteiktas duonel\u0117s kupinas krep\u0161ys bei vis\u0105 11-os seni\u016bnij\u0173 \u0161eim\u0105 atspindintis paveikslas.<\/p>\n<p>Vakaro dalyviai g\u0117r\u0117josi Pantomimos teatro spektakliu, pabendravo prie taur\u0117s \u0161ampano.<\/p>\n","protected":false},"excerpt":{"rendered":"<p>\u0160v\u0117k\u0161nos bendruomen\u0117s nariai turi gra\u017ei\u0105 tradicij\u0105 &#8211; pad\u0117koti vieni kitiems u\u017e pra\u0117jusi\u0173 met\u0173 darbus, iniciatyvas, \u012fsp\u016bdingus renginius. Pad\u0117kos vakar\u0105 sureng\u0119 \u0161v\u0117k\u0161ni\u0161kiai ir pra\u0117jus\u012f penktadien\u012f d\u0117kojo tiems, kuri\u0173 d\u0117ka, anot seni\u016bno Alfonso \u0160epu\u010dio, \u0160v\u0117k\u0161na yra savitas kra\u0161tas, kurie kuria \u0161io kra\u0161to gyvenim\u0105 gyvai: kuria gro\u017eiu, supratimu, geromis id\u0117jomis ir tiesiog kukliu, tyliu darbu. Visiems jiems nusilenk\u0117 [&hellip;]<\/p>\n","protected":false},"author":1,"featured_media":0,"comment_status":"open","ping_status":"open","sticky":false,"template":"","format":"standard","meta":{"footnotes":""},"categories":[51],"tags":[],"class_list":{"0":"post-6240","1":"post","2":"type-post","3":"status-publish","4":"format-standard","6":"category-kultura-ir-svietimas"},"yoast_head":"<!-- This site is optimized with the Yoast SEO plugin v27.5 - https:\/\/yoast.com\/product\/yoast-seo-wordpress\/ -->\n<title>Pad\u0117kos vakare - pa\u0161maik\u0161tavimai \u0160v\u0117k\u0161nos tema - \u0160ilut\u0117s naujienos<\/title>\n<meta name=\"robots\" content=\"index, follow, max-snippet:-1, max-image-preview:large, max-video-preview:-1\" \/>\n<link rel=\"canonical\" href=\"https:\/\/www.silutesnaujienos.lt\/lt\/padekos-vakare-pasmaikstavimai-sveksnos-tema\/\" \/>\n<meta property=\"og:locale\" content=\"lt_LT\" \/>\n<meta property=\"og:type\" content=\"article\" \/>\n<meta property=\"og:title\" content=\"Pad\u0117kos vakare - pa\u0161maik\u0161tavimai \u0160v\u0117k\u0161nos tema - \u0160ilut\u0117s naujienos\" \/>\n<meta property=\"og:description\" content=\"\u0160v\u0117k\u0161nos bendruomen\u0117s nariai turi gra\u017ei\u0105 tradicij\u0105 &#8211; pad\u0117koti vieni kitiems u\u017e pra\u0117jusi\u0173 met\u0173 darbus, iniciatyvas, \u012fsp\u016bdingus renginius. Pad\u0117kos vakar\u0105 sureng\u0119 \u0161v\u0117k\u0161ni\u0161kiai ir pra\u0117jus\u012f penktadien\u012f d\u0117kojo tiems, kuri\u0173 d\u0117ka, anot seni\u016bno Alfonso \u0160epu\u010dio, \u0160v\u0117k\u0161na yra savitas kra\u0161tas, kurie kuria \u0161io kra\u0161to gyvenim\u0105 gyvai: kuria gro\u017eiu, supratimu, geromis id\u0117jomis ir tiesiog kukliu, tyliu darbu. Visiems jiems nusilenk\u0117 [&hellip;]\" \/>\n<meta property=\"og:url\" content=\"https:\/\/www.silutesnaujienos.lt\/lt\/padekos-vakare-pasmaikstavimai-sveksnos-tema\/\" \/>\n<meta property=\"og:site_name\" content=\"\u0160ilut\u0117s naujienos\" \/>\n<meta property=\"article:publisher\" content=\"https:\/\/www.facebook.com\/silutes.naujienos\/\" \/>\n<meta property=\"article:published_time\" content=\"2013-01-17T14:00:00+00:00\" \/>\n<meta property=\"og:image\" content=\"\/\/silutesnaujienos.lt\/images\/stories\/2013\/01\/15\/thumbnails\/thumb_P1110014.jpg\" \/>\n<meta name=\"author\" content=\"\u0160ilut\u0117s naujien\u0173 inf.\" \/>\n<meta name=\"twitter:card\" content=\"summary_large_image\" \/>\n<meta name=\"twitter:label1\" content=\"Written by\" \/>\n\t<meta name=\"twitter:data1\" content=\"\u0160ilut\u0117s naujien\u0173 inf.\" \/>\n\t<meta name=\"twitter:label2\" content=\"Est. reading time\" \/>\n\t<meta name=\"twitter:data2\" content=\"6 minut\u0117s\" \/>\n<script type=\"application\/ld+json\" class=\"yoast-schema-graph\">{\"@context\":\"https:\\\/\\\/schema.org\",\"@graph\":[{\"@type\":\"Article\",\"@id\":\"https:\\\/\\\/www.silutesnaujienos.lt\\\/lt\\\/padekos-vakare-pasmaikstavimai-sveksnos-tema\\\/#article\",\"isPartOf\":{\"@id\":\"https:\\\/\\\/www.silutesnaujienos.lt\\\/lt\\\/padekos-vakare-pasmaikstavimai-sveksnos-tema\\\/\"},\"author\":{\"name\":\"\u0160ilut\u0117s naujien\u0173 inf.\",\"@id\":\"https:\\\/\\\/www.silutesnaujienos.lt\\\/lt\\\/#\\\/schema\\\/person\\\/232f475ddd4a7b5f49b3abc788b17e83\"},\"headline\":\"Pad\u0117kos vakare &#8211; pa\u0161maik\u0161tavimai \u0160v\u0117k\u0161nos tema\",\"datePublished\":\"2013-01-17T14:00:00+00:00\",\"mainEntityOfPage\":{\"@id\":\"https:\\\/\\\/www.silutesnaujienos.lt\\\/lt\\\/padekos-vakare-pasmaikstavimai-sveksnos-tema\\\/\"},\"wordCount\":1126,\"commentCount\":0,\"publisher\":{\"@id\":\"https:\\\/\\\/www.silutesnaujienos.lt\\\/lt\\\/#organization\"},\"articleSection\":[\"Kult\u016bra ir \u0161vietimas\"],\"inLanguage\":\"lt-LT\",\"potentialAction\":[{\"@type\":\"CommentAction\",\"name\":\"Comment\",\"target\":[\"https:\\\/\\\/www.silutesnaujienos.lt\\\/lt\\\/padekos-vakare-pasmaikstavimai-sveksnos-tema\\\/#respond\"]}]},{\"@type\":\"WebPage\",\"@id\":\"https:\\\/\\\/www.silutesnaujienos.lt\\\/lt\\\/padekos-vakare-pasmaikstavimai-sveksnos-tema\\\/\",\"url\":\"https:\\\/\\\/www.silutesnaujienos.lt\\\/lt\\\/padekos-vakare-pasmaikstavimai-sveksnos-tema\\\/\",\"name\":\"Pad\u0117kos vakare - pa\u0161maik\u0161tavimai \u0160v\u0117k\u0161nos tema - \u0160ilut\u0117s naujienos\",\"isPartOf\":{\"@id\":\"https:\\\/\\\/www.silutesnaujienos.lt\\\/lt\\\/#website\"},\"datePublished\":\"2013-01-17T14:00:00+00:00\",\"breadcrumb\":{\"@id\":\"https:\\\/\\\/www.silutesnaujienos.lt\\\/lt\\\/padekos-vakare-pasmaikstavimai-sveksnos-tema\\\/#breadcrumb\"},\"inLanguage\":\"lt-LT\",\"potentialAction\":[{\"@type\":\"ReadAction\",\"target\":[\"https:\\\/\\\/www.silutesnaujienos.lt\\\/lt\\\/padekos-vakare-pasmaikstavimai-sveksnos-tema\\\/\"]}]},{\"@type\":\"BreadcrumbList\",\"@id\":\"https:\\\/\\\/www.silutesnaujienos.lt\\\/lt\\\/padekos-vakare-pasmaikstavimai-sveksnos-tema\\\/#breadcrumb\",\"itemListElement\":[{\"@type\":\"ListItem\",\"position\":1,\"name\":\"Home\",\"item\":\"https:\\\/\\\/www.silutesnaujienos.lt\\\/lt\\\/\"},{\"@type\":\"ListItem\",\"position\":2,\"name\":\"Pad\u0117kos vakare &#8211; pa\u0161maik\u0161tavimai \u0160v\u0117k\u0161nos tema\"}]},{\"@type\":\"WebSite\",\"@id\":\"https:\\\/\\\/www.silutesnaujienos.lt\\\/lt\\\/#website\",\"url\":\"https:\\\/\\\/www.silutesnaujienos.lt\\\/lt\\\/\",\"name\":\"\u0160ilut\u0117s naujienos\",\"description\":\"B\u016bk ant naujien\u0173 bangos!\",\"publisher\":{\"@id\":\"https:\\\/\\\/www.silutesnaujienos.lt\\\/lt\\\/#organization\"},\"potentialAction\":[{\"@type\":\"SearchAction\",\"target\":{\"@type\":\"EntryPoint\",\"urlTemplate\":\"https:\\\/\\\/www.silutesnaujienos.lt\\\/lt\\\/?s={search_term_string}\"},\"query-input\":{\"@type\":\"PropertyValueSpecification\",\"valueRequired\":true,\"valueName\":\"search_term_string\"}}],\"inLanguage\":\"lt-LT\"},{\"@type\":\"Organization\",\"@id\":\"https:\\\/\\\/www.silutesnaujienos.lt\\\/lt\\\/#organization\",\"name\":\"\u0160ilut\u0117s naujienos\",\"url\":\"https:\\\/\\\/www.silutesnaujienos.lt\\\/lt\\\/\",\"logo\":{\"@type\":\"ImageObject\",\"inLanguage\":\"lt-LT\",\"@id\":\"https:\\\/\\\/www.silutesnaujienos.lt\\\/lt\\\/#\\\/schema\\\/logo\\\/image\\\/\",\"url\":\"https:\\\/\\\/www.silutesnaujienos.lt\\\/lt\\\/wp-content\\\/uploads\\\/2020\\\/06\\\/FB_MAIN.jpg\",\"contentUrl\":\"https:\\\/\\\/www.silutesnaujienos.lt\\\/lt\\\/wp-content\\\/uploads\\\/2020\\\/06\\\/FB_MAIN.jpg\",\"width\":1700,\"height\":956,\"caption\":\"\u0160ilut\u0117s naujienos\"},\"image\":{\"@id\":\"https:\\\/\\\/www.silutesnaujienos.lt\\\/lt\\\/#\\\/schema\\\/logo\\\/image\\\/\"},\"sameAs\":[\"https:\\\/\\\/www.facebook.com\\\/silutes.naujienos\\\/\",\"https:\\\/\\\/www.youtube.com\\\/channel\\\/UCxW-cgrJDt8GxIMxSTAfJZg\"]},{\"@type\":\"Person\",\"@id\":\"https:\\\/\\\/www.silutesnaujienos.lt\\\/lt\\\/#\\\/schema\\\/person\\\/232f475ddd4a7b5f49b3abc788b17e83\",\"name\":\"\u0160ilut\u0117s naujien\u0173 inf.\",\"image\":{\"@type\":\"ImageObject\",\"inLanguage\":\"lt-LT\",\"@id\":\"https:\\\/\\\/www.silutesnaujienos.lt\\\/lt\\\/wp-content\\\/uploads\\\/2020\\\/06\\\/favicon.png\",\"url\":\"https:\\\/\\\/www.silutesnaujienos.lt\\\/lt\\\/wp-content\\\/uploads\\\/2020\\\/06\\\/favicon.png\",\"contentUrl\":\"https:\\\/\\\/www.silutesnaujienos.lt\\\/lt\\\/wp-content\\\/uploads\\\/2020\\\/06\\\/favicon.png\",\"caption\":\"\u0160ilut\u0117s naujien\u0173 inf.\"},\"sameAs\":[\"https:\\\/\\\/www.silutesnaujienos.lt\\\/lt\"],\"url\":\"https:\\\/\\\/www.silutesnaujienos.lt\\\/lt\\\/author\\\/ruta\\\/\"}]}<\/script>\n<!-- \/ Yoast SEO plugin. -->","yoast_head_json":{"title":"Pad\u0117kos vakare - pa\u0161maik\u0161tavimai \u0160v\u0117k\u0161nos tema - \u0160ilut\u0117s naujienos","robots":{"index":"index","follow":"follow","max-snippet":"max-snippet:-1","max-image-preview":"max-image-preview:large","max-video-preview":"max-video-preview:-1"},"canonical":"https:\/\/www.silutesnaujienos.lt\/lt\/padekos-vakare-pasmaikstavimai-sveksnos-tema\/","og_locale":"lt_LT","og_type":"article","og_title":"Pad\u0117kos vakare - pa\u0161maik\u0161tavimai \u0160v\u0117k\u0161nos tema - \u0160ilut\u0117s naujienos","og_description":"\u0160v\u0117k\u0161nos bendruomen\u0117s nariai turi gra\u017ei\u0105 tradicij\u0105 &#8211; pad\u0117koti vieni kitiems u\u017e pra\u0117jusi\u0173 met\u0173 darbus, iniciatyvas, \u012fsp\u016bdingus renginius. Pad\u0117kos vakar\u0105 sureng\u0119 \u0161v\u0117k\u0161ni\u0161kiai ir pra\u0117jus\u012f penktadien\u012f d\u0117kojo tiems, kuri\u0173 d\u0117ka, anot seni\u016bno Alfonso \u0160epu\u010dio, \u0160v\u0117k\u0161na yra savitas kra\u0161tas, kurie kuria \u0161io kra\u0161to gyvenim\u0105 gyvai: kuria gro\u017eiu, supratimu, geromis id\u0117jomis ir tiesiog kukliu, tyliu darbu. Visiems jiems nusilenk\u0117 [&hellip;]","og_url":"https:\/\/www.silutesnaujienos.lt\/lt\/padekos-vakare-pasmaikstavimai-sveksnos-tema\/","og_site_name":"\u0160ilut\u0117s naujienos","article_publisher":"https:\/\/www.facebook.com\/silutes.naujienos\/","article_published_time":"2013-01-17T14:00:00+00:00","og_image":[{"url":"\/\/silutesnaujienos.lt\/images\/stories\/2013\/01\/15\/thumbnails\/thumb_P1110014.jpg","type":"","width":"","height":""}],"author":"\u0160ilut\u0117s naujien\u0173 inf.","twitter_card":"summary_large_image","twitter_misc":{"Written by":"\u0160ilut\u0117s naujien\u0173 inf.","Est. reading time":"6 minut\u0117s"},"schema":{"@context":"https:\/\/schema.org","@graph":[{"@type":"Article","@id":"https:\/\/www.silutesnaujienos.lt\/lt\/padekos-vakare-pasmaikstavimai-sveksnos-tema\/#article","isPartOf":{"@id":"https:\/\/www.silutesnaujienos.lt\/lt\/padekos-vakare-pasmaikstavimai-sveksnos-tema\/"},"author":{"name":"\u0160ilut\u0117s naujien\u0173 inf.","@id":"https:\/\/www.silutesnaujienos.lt\/lt\/#\/schema\/person\/232f475ddd4a7b5f49b3abc788b17e83"},"headline":"Pad\u0117kos vakare &#8211; pa\u0161maik\u0161tavimai \u0160v\u0117k\u0161nos tema","datePublished":"2013-01-17T14:00:00+00:00","mainEntityOfPage":{"@id":"https:\/\/www.silutesnaujienos.lt\/lt\/padekos-vakare-pasmaikstavimai-sveksnos-tema\/"},"wordCount":1126,"commentCount":0,"publisher":{"@id":"https:\/\/www.silutesnaujienos.lt\/lt\/#organization"},"articleSection":["Kult\u016bra ir \u0161vietimas"],"inLanguage":"lt-LT","potentialAction":[{"@type":"CommentAction","name":"Comment","target":["https:\/\/www.silutesnaujienos.lt\/lt\/padekos-vakare-pasmaikstavimai-sveksnos-tema\/#respond"]}]},{"@type":"WebPage","@id":"https:\/\/www.silutesnaujienos.lt\/lt\/padekos-vakare-pasmaikstavimai-sveksnos-tema\/","url":"https:\/\/www.silutesnaujienos.lt\/lt\/padekos-vakare-pasmaikstavimai-sveksnos-tema\/","name":"Pad\u0117kos vakare - pa\u0161maik\u0161tavimai \u0160v\u0117k\u0161nos tema - \u0160ilut\u0117s naujienos","isPartOf":{"@id":"https:\/\/www.silutesnaujienos.lt\/lt\/#website"},"datePublished":"2013-01-17T14:00:00+00:00","breadcrumb":{"@id":"https:\/\/www.silutesnaujienos.lt\/lt\/padekos-vakare-pasmaikstavimai-sveksnos-tema\/#breadcrumb"},"inLanguage":"lt-LT","potentialAction":[{"@type":"ReadAction","target":["https:\/\/www.silutesnaujienos.lt\/lt\/padekos-vakare-pasmaikstavimai-sveksnos-tema\/"]}]},{"@type":"BreadcrumbList","@id":"https:\/\/www.silutesnaujienos.lt\/lt\/padekos-vakare-pasmaikstavimai-sveksnos-tema\/#breadcrumb","itemListElement":[{"@type":"ListItem","position":1,"name":"Home","item":"https:\/\/www.silutesnaujienos.lt\/lt\/"},{"@type":"ListItem","position":2,"name":"Pad\u0117kos vakare &#8211; pa\u0161maik\u0161tavimai \u0160v\u0117k\u0161nos tema"}]},{"@type":"WebSite","@id":"https:\/\/www.silutesnaujienos.lt\/lt\/#website","url":"https:\/\/www.silutesnaujienos.lt\/lt\/","name":"\u0160ilut\u0117s naujienos","description":"B\u016bk ant naujien\u0173 bangos!","publisher":{"@id":"https:\/\/www.silutesnaujienos.lt\/lt\/#organization"},"potentialAction":[{"@type":"SearchAction","target":{"@type":"EntryPoint","urlTemplate":"https:\/\/www.silutesnaujienos.lt\/lt\/?s={search_term_string}"},"query-input":{"@type":"PropertyValueSpecification","valueRequired":true,"valueName":"search_term_string"}}],"inLanguage":"lt-LT"},{"@type":"Organization","@id":"https:\/\/www.silutesnaujienos.lt\/lt\/#organization","name":"\u0160ilut\u0117s naujienos","url":"https:\/\/www.silutesnaujienos.lt\/lt\/","logo":{"@type":"ImageObject","inLanguage":"lt-LT","@id":"https:\/\/www.silutesnaujienos.lt\/lt\/#\/schema\/logo\/image\/","url":"https:\/\/www.silutesnaujienos.lt\/lt\/wp-content\/uploads\/2020\/06\/FB_MAIN.jpg","contentUrl":"https:\/\/www.silutesnaujienos.lt\/lt\/wp-content\/uploads\/2020\/06\/FB_MAIN.jpg","width":1700,"height":956,"caption":"\u0160ilut\u0117s naujienos"},"image":{"@id":"https:\/\/www.silutesnaujienos.lt\/lt\/#\/schema\/logo\/image\/"},"sameAs":["https:\/\/www.facebook.com\/silutes.naujienos\/","https:\/\/www.youtube.com\/channel\/UCxW-cgrJDt8GxIMxSTAfJZg"]},{"@type":"Person","@id":"https:\/\/www.silutesnaujienos.lt\/lt\/#\/schema\/person\/232f475ddd4a7b5f49b3abc788b17e83","name":"\u0160ilut\u0117s naujien\u0173 inf.","image":{"@type":"ImageObject","inLanguage":"lt-LT","@id":"https:\/\/www.silutesnaujienos.lt\/lt\/wp-content\/uploads\/2020\/06\/favicon.png","url":"https:\/\/www.silutesnaujienos.lt\/lt\/wp-content\/uploads\/2020\/06\/favicon.png","contentUrl":"https:\/\/www.silutesnaujienos.lt\/lt\/wp-content\/uploads\/2020\/06\/favicon.png","caption":"\u0160ilut\u0117s naujien\u0173 inf."},"sameAs":["https:\/\/www.silutesnaujienos.lt\/lt"],"url":"https:\/\/www.silutesnaujienos.lt\/lt\/author\/ruta\/"}]}},"publishpress_future_workflow_manual_trigger":{"enabledWorkflows":[]},"amp_enabled":true,"_links":{"self":[{"href":"https:\/\/www.silutesnaujienos.lt\/lt\/wp-json\/wp\/v2\/posts\/6240","targetHints":{"allow":["GET"]}}],"collection":[{"href":"https:\/\/www.silutesnaujienos.lt\/lt\/wp-json\/wp\/v2\/posts"}],"about":[{"href":"https:\/\/www.silutesnaujienos.lt\/lt\/wp-json\/wp\/v2\/types\/post"}],"author":[{"embeddable":true,"href":"https:\/\/www.silutesnaujienos.lt\/lt\/wp-json\/wp\/v2\/users\/1"}],"replies":[{"embeddable":true,"href":"https:\/\/www.silutesnaujienos.lt\/lt\/wp-json\/wp\/v2\/comments?post=6240"}],"version-history":[{"count":0,"href":"https:\/\/www.silutesnaujienos.lt\/lt\/wp-json\/wp\/v2\/posts\/6240\/revisions"}],"wp:attachment":[{"href":"https:\/\/www.silutesnaujienos.lt\/lt\/wp-json\/wp\/v2\/media?parent=6240"}],"wp:term":[{"taxonomy":"category","embeddable":true,"href":"https:\/\/www.silutesnaujienos.lt\/lt\/wp-json\/wp\/v2\/categories?post=6240"},{"taxonomy":"post_tag","embeddable":true,"href":"https:\/\/www.silutesnaujienos.lt\/lt\/wp-json\/wp\/v2\/tags?post=6240"}],"curies":[{"name":"wp","href":"https:\/\/api.w.org\/{rel}","templated":true}]}}