{"id":6241,"date":"2013-01-18T17:00:00","date_gmt":"2013-01-18T19:00:00","guid":{"rendered":"https:\/\/www.silutesnaujienos.lt\/lt\/sukilimo-atmintis-sujunge-lietuvos-etnografinius-regionus-foto-video\/"},"modified":"2013-01-18T17:00:00","modified_gmt":"2013-01-18T19:00:00","slug":"sukilimo-atmintis-sujunge-lietuvos-etnografinius-regionus-foto-video","status":"publish","type":"post","link":"https:\/\/www.silutesnaujienos.lt\/lt\/sukilimo-atmintis-sujunge-lietuvos-etnografinius-regionus-foto-video\/","title":{"rendered":"Sukilimo atmintis sujung\u0117 Lietuvos etnografinius regionus (foto, video)"},"content":{"rendered":"<p><a target=\"_blank\" rel=\"caption[Kartu su 5 orkestrais dain\u0105 atliko solistai Valdas Lacko ir Algirdas Leonavi\u010dius.] noopener noreferrer\" class=\"jcepopup\" href=\"\/\/silutesnaujienos.lt\/images\/stories\/2013\/01\/18\/klp_kra_orkestrai_arciau.jpg\" data-rel=\"lightbox-gallery-gpVQIN0Z\" data-rl_title=\"\" data-rl_caption=\"\"><img loading=\"lazy\" decoding=\"async\" style=\"margin: 5px; float: left;\" class=\"caption\" title=\"\" alt=\"klp kra orkestrai arciau\" src=\"\/\/silutesnaujienos.lt\/images\/stories\/2013\/01\/18\/thumbnails\/thumb_klp_kra_orkestrai_arciau.jpg\" height=\"230\" width=\"307\" \/><\/a><strong>1923 m. sausio 10-15 dien\u0173 \u012fvykiai laikomi s\u0117kmingiausia jaunos Lietuvos valstyb\u0117s karine operacija. Sukilimu vadinami \u012fvykiai sudar\u0117 galimyb\u0119 Lietuvai prisijungti Klaip\u0117dos kra\u0161t\u0105, tuomet valdyt\u0105 pranc\u016bz\u0173, ir atverti vartus \u012f Baltijos j\u016br\u0105.<\/strong><\/p>\n<p><strong>\u0160i\u0105 savait\u0119 Lietuva mini \u0161i\u0173 \u012fvyki\u0173 90-met\u012f ir \u0161iam jubiliejui renginius skirs visus metus.<\/strong><\/p>\n<p>\u0160ilut\u0117 min\u0117jimo rengini\u0173 puok\u0161t\u0117je suspindo i\u0161skirtinai. Pirmadien\u012f \u0161iluti\u0161ki\u0173 teatral\u0173 mil\u017eini\u0161ki laivai \u012fplauk\u0117 \u012f Seimo r\u016bmus, kur jungtin\u0117 \u0160ilut\u0117s rajono ir Klaip\u0117dos savivaldybi\u0173 delegacija atidar\u0117 istorin\u0119 parod\u0105. Antradien\u012f rengini\u0173 banga nuvilnijo per vis\u0105 rajon\u0105 ir i\u0161judino gyventojus ne tik \u0160ilut\u0117je, bet ir \u012fvairiose seni\u016bnijose: parodos, pokalbiai, lankstinuk\u0173 dalijimo akcijos, prot\u0173 kovos, Ma\u017eosios Lietuvos v\u0117liavos pagerbimas&#8230;<\/p>\n<p>Rengini\u0173 kupin\u0105 dien\u0105 \u0160ilut\u0117je u\u017ebaig\u0117 \u012fsp\u016bdingas penki\u0173 orkestr\u0173, simbolizuojan\u010di\u0173 penkis Lietuvos etnografinius regionus, koncertas. Unikalia lietuvinink\u0173 tarme vestame koncerte paskelbta Tarmi\u0173 met\u0173 prad\u017eia Ma\u017eosios Lietuvos etnografiniame regione.<\/p>\n<p><strong>Pakelta Ma\u017eosios Lietuvos v\u0117liava<\/strong><\/p>\n<p><a target=\"_blank\" rel=\"caption[Prie \u0160ilut\u0117s rajono savivaldyb\u0117s vyko oficialus min\u0117jimas, pad\u0117ta g\u0117li\u0173 prie paminklinio \u017eenklo.] noopener noreferrer\" class=\"jcepopup\" href=\"\/\/silutesnaujienos.lt\/images\/stories\/2013\/01\/18\/klp_kra_mere.jpg\" data-rel=\"lightbox-gallery-gpVQIN0Z\" data-rl_title=\"\" data-rl_caption=\"\"><img loading=\"lazy\" decoding=\"async\" style=\"margin: 5px; float: right;\" class=\"caption\" title=\"\" alt=\"klp kra mere\" src=\"\/\/silutesnaujienos.lt\/images\/stories\/2013\/01\/18\/thumbnails\/thumb_klp_kra_mere.jpg\" height=\"232\" width=\"307\" \/><\/a>Jubiliejaus i\u0161vakar\u0117se Seime vykus\u012f istorin\u0117s parodos \u201eKova d\u0117l Klaip\u0117dos &#8211; \u012fvykiai ir \u017emon\u0117s\u201c atidarym\u0105 papuo\u0161\u0117 stilizuoti \u0160ilut\u0117s kamerinio dramos teatro aktori\u0173 \u012fk\u016bnyti pamario laivai, plaukiojantys tarsi \u017eenklas vandens, k\u016brusio ir l\u0117musio Ma\u017eosios Lietuvos likim\u0105.<\/p>\n<p>Klaip\u0117dos ir \u0160ilut\u0117s merai sak\u0117 sveikinimo kalbas, pabr\u0117\u017eian\u010dias \u0161io istorinio \u012fvykio svarb\u0105 kra\u0161to atei\u010diai, Vidaus reikal\u0173 ministerijos reprezentacinis pu\u010diam\u0173j\u0173 orkestras grojo lietuvinink\u0173 himnu vadinam\u0105 J.Zauerveino \u201eLietuviais esame mes gim\u0119\u201c, istorikai primin\u0117 \u012fvykio detales ir raid\u0105.<\/p>\n<p>\u201ePagal svarb\u0105 \u0161i istorin\u0117 data lygintina su Sausio 13-\u0105ja, Vasario 16-\u0105ja, Kovo 11-\u0105ja, Mindaugo kar\u016bnavimo diena\u201c, &#8211; pabr\u0117\u017e\u0117 parodos atidaryme dalyvav\u0119s Seimo pirmininkas Vydas Gedvilas. Jis taip pat atkreip\u0117 d\u0117mes\u012f \u012f Klaip\u0117dos kra\u0161to ind\u0117l\u012f puosel\u0117jant svarbias tautai vertybes.<\/p>\n<p>Sausio 15-\u0105j\u0105, aidint \u0160ilut\u0117s meno mokyklos pedagogo, fanfarinio orkestro \u201ePamarys\u201c vadovo Gra\u017evydo Railos trimitui prie \u0160ilut\u0117s rajono savivaldyb\u0117s i\u0161kilmingai pakelta Ma\u017eosios Lietuvos v\u0117liava. Tai padaryti patik\u0117ta \u0160ilut\u0117s 305-osios p\u0117stinink\u0173 kuopos kari\u0173 savanori\u0173 vadui kpt. Gediminui Lapinskui ir Klaip\u0117dos apskrities j\u016br\u0173 \u0161auli\u0173 3-osios rinktin\u0117s 8-osios \u0161auli\u0173 kuopos vadui Donatui Jauniui. <\/p>\n<p><a type=\"image\" class=\"jcepopup\" target=\"_blank\" rel=\"caption[Jaunieji \u0161iluti\u0161kiai F.Bajorai\u010dio bibliotekoje dalyvavo netradicin\u0117je istorijos pamokoje \u201eKlaip\u0117dos kra\u0161to prijungimas prie Lietuvos\u201c, kuri\u0105 sureng\u0117 Pamario pagrindin\u0117s mokyklos mokiniai. Jie pristat\u0117 \u012fdomi\u0105 edukacin\u0119 ir menin\u0119 program\u0105, parengti pad\u0117jo mokytoja N.B\u016bdvytien\u0117, angl\u0173 kalbos A.Grigalien\u0117 vyr. muzikos R.Jokubaityt\u0117. \/ Organizatori\u0173 nuotrauka.] noopener noreferrer\" href=\"\/\/silutesnaujienos.lt\/images\/stories\/2013\/01\/18\/klaipedos_krasto_minejimas_vaiku_renginys.jpg\" data-rel=\"lightbox-gallery-gpVQIN0Z\" data-rl_title=\"\" data-rl_caption=\"\"><img loading=\"lazy\" decoding=\"async\" style=\"margin: 5px; float: left;\" class=\"caption\" title=\"\" alt=\"klaipedos krasto minejimas vaiku renginys\" src=\"\/\/silutesnaujienos.lt\/images\/stories\/2013\/01\/18\/thumbnails\/thumb_klaipedos_krasto_minejimas_vaiku_renginys.jpg\" height=\"230\" width=\"307\" \/><\/a>Susirinkusieji tylos minute pagerb\u0117 sukilimo auk\u0173 ir dalyvi\u0173 atminim\u0105, rajono vadovai pad\u0117jo g\u0117li\u0173 prie paminklinio \u017eenklo. Oficialiame min\u0117jime mi\u0161rus choras \u201ePamario aidas\u201c atliko patriotines dainas.<\/p>\n<p><strong>Prot\u0173 kovose \u201epastojo\u201c savanoriai<\/strong><\/p>\n<p>Sklindant anodijos kvapui, aplink \u0161mirin\u0117jant ginkluotiems \u201esukil\u0117liams\u201c, skambant tarpukario Lietuvos estrados atlik\u0117jo Danieliaus Dolskio \u0161lageriams vyko Klaip\u0117dos kra\u0161to savivaldybi\u0173 komand\u0173 prot\u0173 turnyras. Taip \u017eaismingai ir teatrali\u0161kai F.Bajorai\u010dio vie\u0161ojoje bibliotekoje pamin\u0117tas Klaip\u0117dos kra\u0161to atgavimo 90-metis.<\/p>\n<p>Bibliotekininkai renginio dalyvius nuk\u0117l\u0117 \u012f sukilimo laikus &#8211; prie dur\u0173 veik\u0117 pasienio postas, pasitiko ginkluoti \u201esukil\u0117liai\u201c.<\/p>\n<p>Ne ginklus, o pagal\u0105stus protus sur\u0117m\u0117 prot\u0173 kov\u0173 dalyviai. Klaip\u0117dos kra\u0161to savanori\u0173 armijos vad\u0117 Sandra Jablonskien\u0117 \u201epastoti \u012f savanori\u0173 armijos gretas\u201c pakviet\u0117 8 komandas i\u0161 istori\u0161kai Klaip\u0117dos kra\u0161tui priklausiusi\u0173 savivaldybi\u0173.<\/p>\n<p>Atsistoj\u0119 bei prid\u0117j\u0119 de\u0161in\u0119 rank\u0105 prie \u0161irdies \u012f savanorius \u201epastojo\u201c ir turnyre var\u017e\u0117si Jurbarko b\u016brys \u201eKar\u0161uva\u201c, Kretingos \u201eGramatnas kreting\u0117\u0161k\u0117s\u201c, Klaip\u0117dos miesto \u201eKlaip\u0117da &#8211; ger\u0173j\u0173 v\u0117j\u0173 miestas\u201c, Klaip\u0117dos rajono \u201eAnt rube\u017eiaus\u201c, Taurag\u0117s \u201eRube\u017ei\u0161kiai\u201c, Neringos \u201eNeringos bried\u017eiai\u201c, Pag\u0117gi\u0173 \u201eParube\u017eiukai\u201c ir \u0160ilut\u0117s \u201ePel\u0117d\u017eiukai\u201c.<\/p>\n<p>Intelektuali\u0105 kov\u0105 vertino direktorija. B\u016briai tur\u0117jo ne tik demonstruoti \u017einias apie Klaip\u0117dos kra\u0161t\u0105, bet ir steb\u0117ti, ar kituose b\u016briuose n\u0117ra ry\u0161inink\u0173, \u017evalgybinink\u0173 bei \u0161nip\u0173. Juos pasteb\u0117jus &#8211; \u012fduoti. Taisykles ir tvark\u0105 pa\u017eeidin\u0117jan\u010di\u0173 savanori\u0173 nebuvo, tad jie i\u0161veng\u0117 \u012fvairi\u0173 nuobaud\u0173, toki\u0173 kaip stov\u0117ti kampe, daryti prit\u016bpimus, atsispaudimus ar kitus fizinius pratimus.<\/p>\n<p>\u201eJeigu kovos metu staiga pablog\u0117t\u0173 j\u016bs\u0173 b\u016bkl\u0117, imtum\u0117te kar\u0161\u010diuoti, tapt\u0173 sunku kv\u0117puoti, pasireik\u0161t\u0173 infekcija ar apimt\u0173 <a target=\"_blank\" rel=\"caption[Parlamento galerijoje pristatytos parodos \u201eKova d\u0117l Klaip\u0117dos - \u012fvykiai ir \u017emon\u0117s\u201c atidaryme dalyvavo Seimo pirmininkas V.Gedvilas (kair\u0117je). \/ Martyno Ambrazo (ELTA) nuotrauka.] noopener noreferrer\" class=\"jcepopup\" href=\"\/\/silutesnaujienos.lt\/images\/stories\/2013\/01\/18\/klaipedos_krasto_minejimas_gedvilas.jpg\" data-rel=\"lightbox-gallery-gpVQIN0Z\" data-rl_title=\"\" data-rl_caption=\"\"><img loading=\"lazy\" decoding=\"async\" style=\"margin: 5px; float: right;\" class=\"caption\" title=\"\" alt=\"klaipedos krasto minejimas gedvilas\" src=\"\/\/silutesnaujienos.lt\/images\/stories\/2013\/01\/18\/thumbnails\/thumb_klaipedos_krasto_minejimas_gedvilas.jpg\" height=\"230\" width=\"307\" \/><\/a>stresas, b\u016btum\u0117te su\u017eeistas m\u016b\u0161io lauke &#8211; kreipkit\u0117s \u012f medicinos seser\u012f Vit\u0105. Ji jums b\u016btinai pad\u0117s: leis pauostyti anodijos, i\u0161gerti medicininio spirito arba su\u010diulpti validolio tablet\u0119\u201c, &#8211;&nbsp; informavo armijos vad\u0117.<\/p>\n<p>Medicinos sesuo &#8211; bibliotekinink\u0117 Vita Gerulien\u0117 dalyvius nuo prot\u0173 pertempimo \u201egyd\u0117\u201c populiariu Klaip\u0117dos kra\u0161to svaigalu &#8211; anodijos (eterio) su cukrumi desertu.<\/p>\n<p>Susumavus rezultatus, prot\u0173 turnyre tre\u010di\u0105j\u0105 viet\u0105 i\u0161kovojo \u0160ilut\u0117s \u201ePel\u0117d\u017eiukai\u201c, vadovaujami istoriko Algirdo Ge\u010do, antroji vieta atiteko \u201eNeringos bried\u017eiams\u201c, o \u010dempionais tapo Klaip\u0117dos miesto b\u016brys. Visiems kov\u0173 dalyviams \u012fteikti pad\u0117kos ra\u0161tai ir \u201esausas davinys\u201c, o nugal\u0117tojams &#8211; mer\u0117s Daivos \u017debelien\u0117s pasira\u0161yta knyga apie kra\u0161to istorij\u0105.<\/p>\n<p><span style=\"font-size: 12pt;\"><strong>Pasitikrinkite savo \u017einias &#8211; <a href=\"http:\/\/www.silutevb.lt\/media\/public\/stories\/documents\/2013\/sukilimas_puslapiui.pdf\">klausimai i\u0161 prot\u0173 turnyro<\/a>!<\/strong><\/span><\/p>\n<p><span style=\"font-size: 12pt;\"><strong><a href=\"joomplu:8291 type=img\"><img decoding=\"async\" style=\"margin: 5px; vertical-align: middle;\" src=\"index.php?option=com_joomgallery&amp;view=image&amp;format=raw&amp;id=8291&amp;type=thumb\" class=\"jg_photo\" alt=\"joomplu:8291\" \/><\/a><a href=\"joomplu:8301 type=img\"><img decoding=\"async\" style=\"margin: 5px; vertical-align: middle;\" src=\"index.php?option=com_joomgallery&amp;view=image&amp;format=raw&amp;id=8301&amp;type=thumb\" class=\"jg_photo\" alt=\"joomplu:8301\" \/><\/a><a href=\"joomplu:8306 type=img\"><img decoding=\"async\" style=\"margin: 5px; vertical-align: middle;\" src=\"index.php?option=com_joomgallery&amp;view=image&amp;format=raw&amp;id=8306&amp;type=thumb\" class=\"jg_photo\" alt=\"joomplu:8306\" \/><\/a><\/strong><\/span><\/p>\n<p><strong>Kartu &#8211; trij\u0173 kult\u016bros sostini\u0173 orkestrai<\/strong><\/p>\n<p>Jubiliejiniame koncerte \u0160ilut\u0117s kult\u016bros ir pramog\u0173 centre buvo reta galimyb\u0117 i\u0161girsti 5 orkestr\u0173 koncert\u0105. Jame dalyvavo S.\u0160imkaus konservatorijos, Palangos savivaldyb\u0117s, Panev\u0117\u017eio rajono, Taurag\u0117s rajono orkestrai, \u0160ilut\u0117s meno mokyklos orkestras \u201ePamarys\u201c, kolektyvai \u201eMing\u0117\u201c, \u201eVartana\u201c, \u201eVaivora\u201c, \u0160ilut\u0117s Vyd\u016bno gimnazijos ansamblis. <\/p>\n<p><a target=\"_blank\" rel=\"caption[Prot\u0173 turnyre tre\u010di\u0105j\u0105 viet\u0105 laim\u0117jo A.Ge\u010do vadovaujama \u0160ilut\u0117s \u201ePel\u0117d\u017eiuk\u0173\u201c komanda.] noopener noreferrer\" class=\"jcepopup\" href=\"\/\/silutesnaujienos.lt\/images\/stories\/2013\/01\/18\/klaipedos_krasto_minejimas_peledziukai.jpg\" data-rel=\"lightbox-gallery-gpVQIN0Z\" data-rl_title=\"\" data-rl_caption=\"\"><img loading=\"lazy\" decoding=\"async\" style=\"margin: 5px; float: left;\" class=\"caption\" title=\"\" alt=\"klaipedos krasto minejimas peledziukai\" src=\"\/\/silutesnaujienos.lt\/images\/stories\/2013\/01\/18\/thumbnails\/thumb_klaipedos_krasto_minejimas_peledziukai.jpg\" height=\"230\" width=\"307\" \/><\/a>\u201eDid\u017eiuojam\u0117s \u0160ilut\u0117s kra\u0161to praeitimi, \u017emon\u0117mis. Jau\u010diame atsakomyb\u0119 puosel\u0117dami tolerancij\u0105 daugiakult\u016briniam palikimui, r\u016bpindamiesi vertybi\u0173 i\u0161saugojimu, kurdami maloni\u0105 aplink\u0105 ne tik sau, bet ir \u010dia atvykstantiems\u201c, &#8211; kalb\u0117jo rajono mer\u0117 D.\u017debelien\u0117.<\/p>\n<p>Pasak renginio ved\u0117jos etnograf\u0117s Indr\u0117s Skablauskait\u0117s, Ma\u017eojoje Lietuvoje gyvavo tradicija, kad kiekvienas ma\u017eiausias miestelis tur\u0117jo orkestr\u0105. Ne bet kok\u012f, o tok\u012f, kuriam u\u017egrojus \u201eSu visa gyvata \u012f padanges kel(i)am\u0117s\u201c.<\/p>\n<p>Vienoje scenoje kartu koncertavo ir trij\u0173 Kult\u016bros sostini\u0173 orkestrai: 2011 metais Kult\u016bros sostin\u0117s vard\u0105 \u0160ilut\u0117 per\u0117m\u0117 i\u0161 2010 met\u0173 kult\u016bros sostin\u0117s &#8211; Panev\u0117\u017eio rajono. O \u0161iais, 2013 metais, kult\u016bros sostin\u0117s vardu jau did\u017eiuojasi Palanga. \u012esp\u016bdingas koncertas baigtas kra\u0161tie\u010diui kompozitoriui Kaziui Daug\u0117lai diriguojant \u201ePamario mar\u0161ui\u201c ir fejerverkais.<\/p>\n<p>\u201eMan net \u0161irdis \u0117m\u0117 stoti nuo tokio gro\u017eio!\u201c &#8211; po koncerto emocij\u0173 nesl\u0117p\u0117 garbaus am\u017eiaus \u0161iluti\u0161k\u0117, i\u0161sakydama visos publikos, vos tilpusios \u012f Kult\u016bros ir pramog\u0173 centro sal\u0119, \u012fsp\u016bd\u017eius.<\/p>\n<p><strong>Video:<\/strong><\/p>\n<p><iframe loading=\"lazy\" width=\"500\" height=\"375\" src=\"http:\/\/www.youtube.com\/embed\/ezCLXwKYhmQ\" frameborder=\"0\" allowfullscreen=\"true\"><\/iframe><\/p>\n<p><span style=\"font-size: 12pt;\"><strong>Daugiau nuotrauk\u0173 galerijoje:<\/strong><\/span><\/p>\n<p><strong><a href=\"joomplu:8381 type=img\"><img decoding=\"async\" style=\"border: 3px outset #000000;\" src=\"index.php?option=com_joomgallery&amp;view=image&amp;format=raw&amp;id=8381&amp;type=thumb\" class=\"jg_photo\" alt=\"joomplu:8381\" \/><\/a><\/strong><\/p>\n","protected":false},"excerpt":{"rendered":"<p>1923 m. sausio 10-15 dien\u0173 \u012fvykiai laikomi s\u0117kmingiausia jaunos Lietuvos valstyb\u0117s karine operacija. Sukilimu vadinami \u012fvykiai sudar\u0117 galimyb\u0119 Lietuvai prisijungti Klaip\u0117dos kra\u0161t\u0105, tuomet valdyt\u0105 pranc\u016bz\u0173, ir atverti vartus \u012f Baltijos j\u016br\u0105. \u0160i\u0105 savait\u0119 Lietuva mini \u0161i\u0173 \u012fvyki\u0173 90-met\u012f ir \u0161iam jubiliejui renginius skirs visus metus. \u0160ilut\u0117 min\u0117jimo rengini\u0173 puok\u0161t\u0117je suspindo i\u0161skirtinai. Pirmadien\u012f \u0161iluti\u0161ki\u0173 teatral\u0173 mil\u017eini\u0161ki [&hellip;]<\/p>\n","protected":false},"author":1,"featured_media":0,"comment_status":"open","ping_status":"open","sticky":false,"template":"","format":"standard","meta":{"footnotes":""},"categories":[51],"tags":[],"class_list":{"0":"post-6241","1":"post","2":"type-post","3":"status-publish","4":"format-standard","6":"category-kultura-ir-svietimas"},"yoast_head":"<!-- This site is optimized with the Yoast SEO plugin v27.5 - https:\/\/yoast.com\/product\/yoast-seo-wordpress\/ -->\n<title>Sukilimo atmintis sujung\u0117 Lietuvos etnografinius regionus (foto, video) - \u0160ilut\u0117s naujienos<\/title>\n<meta name=\"robots\" content=\"index, follow, max-snippet:-1, max-image-preview:large, max-video-preview:-1\" \/>\n<link rel=\"canonical\" href=\"https:\/\/www.silutesnaujienos.lt\/lt\/sukilimo-atmintis-sujunge-lietuvos-etnografinius-regionus-foto-video\/\" \/>\n<meta property=\"og:locale\" content=\"lt_LT\" \/>\n<meta property=\"og:type\" content=\"article\" \/>\n<meta property=\"og:title\" content=\"Sukilimo atmintis sujung\u0117 Lietuvos etnografinius regionus (foto, video) - \u0160ilut\u0117s naujienos\" \/>\n<meta property=\"og:description\" content=\"1923 m. sausio 10-15 dien\u0173 \u012fvykiai laikomi s\u0117kmingiausia jaunos Lietuvos valstyb\u0117s karine operacija. Sukilimu vadinami \u012fvykiai sudar\u0117 galimyb\u0119 Lietuvai prisijungti Klaip\u0117dos kra\u0161t\u0105, tuomet valdyt\u0105 pranc\u016bz\u0173, ir atverti vartus \u012f Baltijos j\u016br\u0105. \u0160i\u0105 savait\u0119 Lietuva mini \u0161i\u0173 \u012fvyki\u0173 90-met\u012f ir \u0161iam jubiliejui renginius skirs visus metus. \u0160ilut\u0117 min\u0117jimo rengini\u0173 puok\u0161t\u0117je suspindo i\u0161skirtinai. Pirmadien\u012f \u0161iluti\u0161ki\u0173 teatral\u0173 mil\u017eini\u0161ki [&hellip;]\" \/>\n<meta property=\"og:url\" content=\"https:\/\/www.silutesnaujienos.lt\/lt\/sukilimo-atmintis-sujunge-lietuvos-etnografinius-regionus-foto-video\/\" \/>\n<meta property=\"og:site_name\" content=\"\u0160ilut\u0117s naujienos\" \/>\n<meta property=\"article:publisher\" content=\"https:\/\/www.facebook.com\/silutes.naujienos\/\" \/>\n<meta property=\"article:published_time\" content=\"2013-01-18T19:00:00+00:00\" \/>\n<meta property=\"og:image\" content=\"\/\/silutesnaujienos.lt\/images\/stories\/2013\/01\/18\/thumbnails\/thumb_klp_kra_orkestrai_arciau.jpg\" \/>\n<meta name=\"author\" content=\"\u0160ilut\u0117s naujien\u0173 inf.\" \/>\n<meta name=\"twitter:card\" content=\"summary_large_image\" \/>\n<meta name=\"twitter:label1\" content=\"Written by\" \/>\n\t<meta name=\"twitter:data1\" content=\"\u0160ilut\u0117s naujien\u0173 inf.\" \/>\n\t<meta name=\"twitter:label2\" content=\"Est. reading time\" \/>\n\t<meta name=\"twitter:data2\" content=\"5 minut\u0117s\" \/>\n<script type=\"application\/ld+json\" class=\"yoast-schema-graph\">{\"@context\":\"https:\\\/\\\/schema.org\",\"@graph\":[{\"@type\":\"Article\",\"@id\":\"https:\\\/\\\/www.silutesnaujienos.lt\\\/lt\\\/sukilimo-atmintis-sujunge-lietuvos-etnografinius-regionus-foto-video\\\/#article\",\"isPartOf\":{\"@id\":\"https:\\\/\\\/www.silutesnaujienos.lt\\\/lt\\\/sukilimo-atmintis-sujunge-lietuvos-etnografinius-regionus-foto-video\\\/\"},\"author\":{\"name\":\"\u0160ilut\u0117s naujien\u0173 inf.\",\"@id\":\"https:\\\/\\\/www.silutesnaujienos.lt\\\/lt\\\/#\\\/schema\\\/person\\\/232f475ddd4a7b5f49b3abc788b17e83\"},\"headline\":\"Sukilimo atmintis sujung\u0117 Lietuvos etnografinius regionus (foto, video)\",\"datePublished\":\"2013-01-18T19:00:00+00:00\",\"mainEntityOfPage\":{\"@id\":\"https:\\\/\\\/www.silutesnaujienos.lt\\\/lt\\\/sukilimo-atmintis-sujunge-lietuvos-etnografinius-regionus-foto-video\\\/\"},\"wordCount\":1004,\"commentCount\":0,\"publisher\":{\"@id\":\"https:\\\/\\\/www.silutesnaujienos.lt\\\/lt\\\/#organization\"},\"articleSection\":[\"Kult\u016bra ir \u0161vietimas\"],\"inLanguage\":\"lt-LT\",\"potentialAction\":[{\"@type\":\"CommentAction\",\"name\":\"Comment\",\"target\":[\"https:\\\/\\\/www.silutesnaujienos.lt\\\/lt\\\/sukilimo-atmintis-sujunge-lietuvos-etnografinius-regionus-foto-video\\\/#respond\"]}]},{\"@type\":\"WebPage\",\"@id\":\"https:\\\/\\\/www.silutesnaujienos.lt\\\/lt\\\/sukilimo-atmintis-sujunge-lietuvos-etnografinius-regionus-foto-video\\\/\",\"url\":\"https:\\\/\\\/www.silutesnaujienos.lt\\\/lt\\\/sukilimo-atmintis-sujunge-lietuvos-etnografinius-regionus-foto-video\\\/\",\"name\":\"Sukilimo atmintis sujung\u0117 Lietuvos etnografinius regionus (foto, video) - \u0160ilut\u0117s naujienos\",\"isPartOf\":{\"@id\":\"https:\\\/\\\/www.silutesnaujienos.lt\\\/lt\\\/#website\"},\"datePublished\":\"2013-01-18T19:00:00+00:00\",\"breadcrumb\":{\"@id\":\"https:\\\/\\\/www.silutesnaujienos.lt\\\/lt\\\/sukilimo-atmintis-sujunge-lietuvos-etnografinius-regionus-foto-video\\\/#breadcrumb\"},\"inLanguage\":\"lt-LT\",\"potentialAction\":[{\"@type\":\"ReadAction\",\"target\":[\"https:\\\/\\\/www.silutesnaujienos.lt\\\/lt\\\/sukilimo-atmintis-sujunge-lietuvos-etnografinius-regionus-foto-video\\\/\"]}]},{\"@type\":\"BreadcrumbList\",\"@id\":\"https:\\\/\\\/www.silutesnaujienos.lt\\\/lt\\\/sukilimo-atmintis-sujunge-lietuvos-etnografinius-regionus-foto-video\\\/#breadcrumb\",\"itemListElement\":[{\"@type\":\"ListItem\",\"position\":1,\"name\":\"Home\",\"item\":\"https:\\\/\\\/www.silutesnaujienos.lt\\\/lt\\\/\"},{\"@type\":\"ListItem\",\"position\":2,\"name\":\"Sukilimo atmintis sujung\u0117 Lietuvos etnografinius regionus (foto, video)\"}]},{\"@type\":\"WebSite\",\"@id\":\"https:\\\/\\\/www.silutesnaujienos.lt\\\/lt\\\/#website\",\"url\":\"https:\\\/\\\/www.silutesnaujienos.lt\\\/lt\\\/\",\"name\":\"\u0160ilut\u0117s naujienos\",\"description\":\"B\u016bk ant naujien\u0173 bangos!\",\"publisher\":{\"@id\":\"https:\\\/\\\/www.silutesnaujienos.lt\\\/lt\\\/#organization\"},\"potentialAction\":[{\"@type\":\"SearchAction\",\"target\":{\"@type\":\"EntryPoint\",\"urlTemplate\":\"https:\\\/\\\/www.silutesnaujienos.lt\\\/lt\\\/?s={search_term_string}\"},\"query-input\":{\"@type\":\"PropertyValueSpecification\",\"valueRequired\":true,\"valueName\":\"search_term_string\"}}],\"inLanguage\":\"lt-LT\"},{\"@type\":\"Organization\",\"@id\":\"https:\\\/\\\/www.silutesnaujienos.lt\\\/lt\\\/#organization\",\"name\":\"\u0160ilut\u0117s naujienos\",\"url\":\"https:\\\/\\\/www.silutesnaujienos.lt\\\/lt\\\/\",\"logo\":{\"@type\":\"ImageObject\",\"inLanguage\":\"lt-LT\",\"@id\":\"https:\\\/\\\/www.silutesnaujienos.lt\\\/lt\\\/#\\\/schema\\\/logo\\\/image\\\/\",\"url\":\"https:\\\/\\\/www.silutesnaujienos.lt\\\/lt\\\/wp-content\\\/uploads\\\/2020\\\/06\\\/FB_MAIN.jpg\",\"contentUrl\":\"https:\\\/\\\/www.silutesnaujienos.lt\\\/lt\\\/wp-content\\\/uploads\\\/2020\\\/06\\\/FB_MAIN.jpg\",\"width\":1700,\"height\":956,\"caption\":\"\u0160ilut\u0117s naujienos\"},\"image\":{\"@id\":\"https:\\\/\\\/www.silutesnaujienos.lt\\\/lt\\\/#\\\/schema\\\/logo\\\/image\\\/\"},\"sameAs\":[\"https:\\\/\\\/www.facebook.com\\\/silutes.naujienos\\\/\",\"https:\\\/\\\/www.youtube.com\\\/channel\\\/UCxW-cgrJDt8GxIMxSTAfJZg\"]},{\"@type\":\"Person\",\"@id\":\"https:\\\/\\\/www.silutesnaujienos.lt\\\/lt\\\/#\\\/schema\\\/person\\\/232f475ddd4a7b5f49b3abc788b17e83\",\"name\":\"\u0160ilut\u0117s naujien\u0173 inf.\",\"image\":{\"@type\":\"ImageObject\",\"inLanguage\":\"lt-LT\",\"@id\":\"https:\\\/\\\/www.silutesnaujienos.lt\\\/lt\\\/wp-content\\\/uploads\\\/2020\\\/06\\\/favicon.png\",\"url\":\"https:\\\/\\\/www.silutesnaujienos.lt\\\/lt\\\/wp-content\\\/uploads\\\/2020\\\/06\\\/favicon.png\",\"contentUrl\":\"https:\\\/\\\/www.silutesnaujienos.lt\\\/lt\\\/wp-content\\\/uploads\\\/2020\\\/06\\\/favicon.png\",\"caption\":\"\u0160ilut\u0117s naujien\u0173 inf.\"},\"sameAs\":[\"https:\\\/\\\/www.silutesnaujienos.lt\\\/lt\"],\"url\":\"https:\\\/\\\/www.silutesnaujienos.lt\\\/lt\\\/author\\\/ruta\\\/\"}]}<\/script>\n<!-- \/ Yoast SEO plugin. -->","yoast_head_json":{"title":"Sukilimo atmintis sujung\u0117 Lietuvos etnografinius regionus (foto, video) - \u0160ilut\u0117s naujienos","robots":{"index":"index","follow":"follow","max-snippet":"max-snippet:-1","max-image-preview":"max-image-preview:large","max-video-preview":"max-video-preview:-1"},"canonical":"https:\/\/www.silutesnaujienos.lt\/lt\/sukilimo-atmintis-sujunge-lietuvos-etnografinius-regionus-foto-video\/","og_locale":"lt_LT","og_type":"article","og_title":"Sukilimo atmintis sujung\u0117 Lietuvos etnografinius regionus (foto, video) - \u0160ilut\u0117s naujienos","og_description":"1923 m. sausio 10-15 dien\u0173 \u012fvykiai laikomi s\u0117kmingiausia jaunos Lietuvos valstyb\u0117s karine operacija. Sukilimu vadinami \u012fvykiai sudar\u0117 galimyb\u0119 Lietuvai prisijungti Klaip\u0117dos kra\u0161t\u0105, tuomet valdyt\u0105 pranc\u016bz\u0173, ir atverti vartus \u012f Baltijos j\u016br\u0105. \u0160i\u0105 savait\u0119 Lietuva mini \u0161i\u0173 \u012fvyki\u0173 90-met\u012f ir \u0161iam jubiliejui renginius skirs visus metus. \u0160ilut\u0117 min\u0117jimo rengini\u0173 puok\u0161t\u0117je suspindo i\u0161skirtinai. Pirmadien\u012f \u0161iluti\u0161ki\u0173 teatral\u0173 mil\u017eini\u0161ki [&hellip;]","og_url":"https:\/\/www.silutesnaujienos.lt\/lt\/sukilimo-atmintis-sujunge-lietuvos-etnografinius-regionus-foto-video\/","og_site_name":"\u0160ilut\u0117s naujienos","article_publisher":"https:\/\/www.facebook.com\/silutes.naujienos\/","article_published_time":"2013-01-18T19:00:00+00:00","og_image":[{"url":"\/\/silutesnaujienos.lt\/images\/stories\/2013\/01\/18\/thumbnails\/thumb_klp_kra_orkestrai_arciau.jpg","type":"","width":"","height":""}],"author":"\u0160ilut\u0117s naujien\u0173 inf.","twitter_card":"summary_large_image","twitter_misc":{"Written by":"\u0160ilut\u0117s naujien\u0173 inf.","Est. reading time":"5 minut\u0117s"},"schema":{"@context":"https:\/\/schema.org","@graph":[{"@type":"Article","@id":"https:\/\/www.silutesnaujienos.lt\/lt\/sukilimo-atmintis-sujunge-lietuvos-etnografinius-regionus-foto-video\/#article","isPartOf":{"@id":"https:\/\/www.silutesnaujienos.lt\/lt\/sukilimo-atmintis-sujunge-lietuvos-etnografinius-regionus-foto-video\/"},"author":{"name":"\u0160ilut\u0117s naujien\u0173 inf.","@id":"https:\/\/www.silutesnaujienos.lt\/lt\/#\/schema\/person\/232f475ddd4a7b5f49b3abc788b17e83"},"headline":"Sukilimo atmintis sujung\u0117 Lietuvos etnografinius regionus (foto, video)","datePublished":"2013-01-18T19:00:00+00:00","mainEntityOfPage":{"@id":"https:\/\/www.silutesnaujienos.lt\/lt\/sukilimo-atmintis-sujunge-lietuvos-etnografinius-regionus-foto-video\/"},"wordCount":1004,"commentCount":0,"publisher":{"@id":"https:\/\/www.silutesnaujienos.lt\/lt\/#organization"},"articleSection":["Kult\u016bra ir \u0161vietimas"],"inLanguage":"lt-LT","potentialAction":[{"@type":"CommentAction","name":"Comment","target":["https:\/\/www.silutesnaujienos.lt\/lt\/sukilimo-atmintis-sujunge-lietuvos-etnografinius-regionus-foto-video\/#respond"]}]},{"@type":"WebPage","@id":"https:\/\/www.silutesnaujienos.lt\/lt\/sukilimo-atmintis-sujunge-lietuvos-etnografinius-regionus-foto-video\/","url":"https:\/\/www.silutesnaujienos.lt\/lt\/sukilimo-atmintis-sujunge-lietuvos-etnografinius-regionus-foto-video\/","name":"Sukilimo atmintis sujung\u0117 Lietuvos etnografinius regionus (foto, video) - \u0160ilut\u0117s naujienos","isPartOf":{"@id":"https:\/\/www.silutesnaujienos.lt\/lt\/#website"},"datePublished":"2013-01-18T19:00:00+00:00","breadcrumb":{"@id":"https:\/\/www.silutesnaujienos.lt\/lt\/sukilimo-atmintis-sujunge-lietuvos-etnografinius-regionus-foto-video\/#breadcrumb"},"inLanguage":"lt-LT","potentialAction":[{"@type":"ReadAction","target":["https:\/\/www.silutesnaujienos.lt\/lt\/sukilimo-atmintis-sujunge-lietuvos-etnografinius-regionus-foto-video\/"]}]},{"@type":"BreadcrumbList","@id":"https:\/\/www.silutesnaujienos.lt\/lt\/sukilimo-atmintis-sujunge-lietuvos-etnografinius-regionus-foto-video\/#breadcrumb","itemListElement":[{"@type":"ListItem","position":1,"name":"Home","item":"https:\/\/www.silutesnaujienos.lt\/lt\/"},{"@type":"ListItem","position":2,"name":"Sukilimo atmintis sujung\u0117 Lietuvos etnografinius regionus (foto, video)"}]},{"@type":"WebSite","@id":"https:\/\/www.silutesnaujienos.lt\/lt\/#website","url":"https:\/\/www.silutesnaujienos.lt\/lt\/","name":"\u0160ilut\u0117s naujienos","description":"B\u016bk ant naujien\u0173 bangos!","publisher":{"@id":"https:\/\/www.silutesnaujienos.lt\/lt\/#organization"},"potentialAction":[{"@type":"SearchAction","target":{"@type":"EntryPoint","urlTemplate":"https:\/\/www.silutesnaujienos.lt\/lt\/?s={search_term_string}"},"query-input":{"@type":"PropertyValueSpecification","valueRequired":true,"valueName":"search_term_string"}}],"inLanguage":"lt-LT"},{"@type":"Organization","@id":"https:\/\/www.silutesnaujienos.lt\/lt\/#organization","name":"\u0160ilut\u0117s naujienos","url":"https:\/\/www.silutesnaujienos.lt\/lt\/","logo":{"@type":"ImageObject","inLanguage":"lt-LT","@id":"https:\/\/www.silutesnaujienos.lt\/lt\/#\/schema\/logo\/image\/","url":"https:\/\/www.silutesnaujienos.lt\/lt\/wp-content\/uploads\/2020\/06\/FB_MAIN.jpg","contentUrl":"https:\/\/www.silutesnaujienos.lt\/lt\/wp-content\/uploads\/2020\/06\/FB_MAIN.jpg","width":1700,"height":956,"caption":"\u0160ilut\u0117s naujienos"},"image":{"@id":"https:\/\/www.silutesnaujienos.lt\/lt\/#\/schema\/logo\/image\/"},"sameAs":["https:\/\/www.facebook.com\/silutes.naujienos\/","https:\/\/www.youtube.com\/channel\/UCxW-cgrJDt8GxIMxSTAfJZg"]},{"@type":"Person","@id":"https:\/\/www.silutesnaujienos.lt\/lt\/#\/schema\/person\/232f475ddd4a7b5f49b3abc788b17e83","name":"\u0160ilut\u0117s naujien\u0173 inf.","image":{"@type":"ImageObject","inLanguage":"lt-LT","@id":"https:\/\/www.silutesnaujienos.lt\/lt\/wp-content\/uploads\/2020\/06\/favicon.png","url":"https:\/\/www.silutesnaujienos.lt\/lt\/wp-content\/uploads\/2020\/06\/favicon.png","contentUrl":"https:\/\/www.silutesnaujienos.lt\/lt\/wp-content\/uploads\/2020\/06\/favicon.png","caption":"\u0160ilut\u0117s naujien\u0173 inf."},"sameAs":["https:\/\/www.silutesnaujienos.lt\/lt"],"url":"https:\/\/www.silutesnaujienos.lt\/lt\/author\/ruta\/"}]}},"publishpress_future_workflow_manual_trigger":{"enabledWorkflows":[]},"amp_enabled":true,"_links":{"self":[{"href":"https:\/\/www.silutesnaujienos.lt\/lt\/wp-json\/wp\/v2\/posts\/6241","targetHints":{"allow":["GET"]}}],"collection":[{"href":"https:\/\/www.silutesnaujienos.lt\/lt\/wp-json\/wp\/v2\/posts"}],"about":[{"href":"https:\/\/www.silutesnaujienos.lt\/lt\/wp-json\/wp\/v2\/types\/post"}],"author":[{"embeddable":true,"href":"https:\/\/www.silutesnaujienos.lt\/lt\/wp-json\/wp\/v2\/users\/1"}],"replies":[{"embeddable":true,"href":"https:\/\/www.silutesnaujienos.lt\/lt\/wp-json\/wp\/v2\/comments?post=6241"}],"version-history":[{"count":0,"href":"https:\/\/www.silutesnaujienos.lt\/lt\/wp-json\/wp\/v2\/posts\/6241\/revisions"}],"wp:attachment":[{"href":"https:\/\/www.silutesnaujienos.lt\/lt\/wp-json\/wp\/v2\/media?parent=6241"}],"wp:term":[{"taxonomy":"category","embeddable":true,"href":"https:\/\/www.silutesnaujienos.lt\/lt\/wp-json\/wp\/v2\/categories?post=6241"},{"taxonomy":"post_tag","embeddable":true,"href":"https:\/\/www.silutesnaujienos.lt\/lt\/wp-json\/wp\/v2\/tags?post=6241"}],"curies":[{"name":"wp","href":"https:\/\/api.w.org\/{rel}","templated":true}]}}