{"id":6253,"date":"2013-02-23T16:00:00","date_gmt":"2013-02-23T18:00:00","guid":{"rendered":"https:\/\/www.silutesnaujienos.lt\/lt\/rusnes-mokykla-pradejo-430-metu-jubiliejaus-renginiu-maratona\/"},"modified":"2013-02-23T16:00:00","modified_gmt":"2013-02-23T18:00:00","slug":"rusnes-mokykla-pradejo-430-metu-jubiliejaus-renginiu-maratona","status":"publish","type":"post","link":"https:\/\/www.silutesnaujienos.lt\/lt\/rusnes-mokykla-pradejo-430-metu-jubiliejaus-renginiu-maratona\/","title":{"rendered":"Rusn\u0117s mokykla prad\u0117jo 430 met\u0173 jubiliejaus rengini\u0173 maraton\u0105"},"content":{"rendered":"<p><a target=\"_blank\" rel=\"caption[Rusn\u0117s pagrindin\u0117s mokyklos 430 met\u0173 jubiliejui skirt\u0105 koncert\u0105 sureng\u0117 \u0161ios absolventai.] noopener noreferrer\" class=\"jcepopup\" href=\"\/\/silutesnaujienos.lt\/images\/stories\/2013\/02\/22\/rusnes_mokyklos_jubiliejus_lacko.jpg\" data-rel=\"lightbox-gallery-mCrJtUO2\" data-rl_title=\"\" data-rl_caption=\"\"><img loading=\"lazy\" decoding=\"async\" style=\"margin: 5px; float: left;\" class=\"caption\" title=\"\" alt=\"rusnes mokyklos jubiliejus lacko\" src=\"\/\/silutesnaujienos.lt\/images\/stories\/2013\/02\/22\/thumbnails\/thumb_rusnes_mokyklos_jubiliejus_lacko.jpg\" height=\"230\" width=\"307\" \/><\/a><strong>Sekmadien\u012f Rusn\u0117s pagrindin\u0117je mokykloje \u012fvyko salos dainuojamosios poezijos \u017evaig\u017edyno ir sve\u010di\u0173 koncertas. Taip \u0161i mokykla prad\u0117jo savo 430 met\u0173 jubiliejaus pamin\u0117jimo rengini\u0173 maraton\u0105. Koncerto organizatorius &#8211; 51-osios laidos abiturientas, muzikos entuziastas Valdas Lacko su bendramin\u010diais.<\/strong><\/p>\n<p><strong>Absolvent\u0173 dovanos<\/strong><\/p>\n<p>Pirmasis jubiliejini\u0173 rengini\u0173 koncertas \u201eVarom \u012f Rusn\u0119\u201c, pasak mokyklos direktor\u0117s Giliaros Peteraitien\u0117s, organizuotas <a target=\"_blank\" rel=\"caption[Rusni\u0161kiai gausiai susirinko \u012f salos dainuojamosios poezijos \u017evaig\u017edyno ir sve\u010di\u0173 koncert\u0105.] noopener noreferrer\" class=\"jcepopup\" href=\"\/\/silutesnaujienos.lt\/images\/stories\/2013\/02\/22\/rusnes_mokyklos_jubiliejus_sale.jpg\" data-rel=\"lightbox-gallery-mCrJtUO2\" data-rl_title=\"\" data-rl_caption=\"\"><img loading=\"lazy\" decoding=\"async\" style=\"margin: 5px; float: right;\" class=\"caption\" title=\"\" alt=\"rusnes mokyklos jubiliejus sale\" src=\"\/\/silutesnaujienos.lt\/images\/stories\/2013\/02\/22\/thumbnails\/thumb_rusnes_mokyklos_jubiliejus_sale.jpg\" height=\"230\" width=\"307\" \/><\/a>buvusi\u0173 jos absolvent\u0173 iniciatyva kaip dovana mokyklos bendruomenei. Ji vis\u0173 koncerto dalyvi\u0173 akivaizdoje d\u0117kojo tokios dovanos id\u0117jos autoriui V.Lacko.<\/p>\n<p>Pedagog\u0117, kult\u016bros rengini\u0173 organizator\u0117 Solveiga Mockien\u0117 \u201e\u0160ilut\u0117s naujienoms\u201c sak\u0117, kad mokyklos 430-me\u010diui planuojami ma\u017eiausiai dar 7 renginiai &#8211; \u0161oki\u0173 ir dain\u0173 koncertai, spektakliai, parodos, temin\u0117s viktorinos, kuriuos organizuos buvusios mokyklos mokin\u0117s: Violeta Ma\u017eutyt\u0117 &#8211; Benetien\u0117, Jolita \u0160vag\u017edien\u0117, Rasa Jakavi\u010di\u016bt\u0117 &#8211; Gailiuvien\u0117, \u017divil\u0117 Dim\u0161ait\u0117 &#8211; Martinaitien\u0117, Vaiva Dim\u0161ait\u0117 &#8211; Andriulevi\u010dien\u0117, Loreta Vaidilait\u0117 &#8211; Stanelien\u0117, Violeta Lengvinien\u0117, Violeta Domanskien\u0117, Au\u0161ra \u0160la\u017eien\u0117. Renginiai vyks bema\u017e kiekvien\u0105 likus\u012f \u0161i\u0173 met\u0173 m\u0117nes\u012f.<\/p>\n<p><strong>Salos estrados \u017evaig\u017ed\u0117s<\/strong><\/p>\n<p>Sekmadienio koncert\u0105 prad\u0117jo mokyklos absolvent\u0117, dainuojamosios poezijos entuziast\u0117, rusni\u0161kiams labiau \u017einoma kaip m\u0117g\u0117ji\u0161ko teatro studijos aktor\u0117 Inesa Bukantien\u0117.<\/p>\n<p>Renginio ved\u0117jas Voitiechas Deniu\u0161as jaunesnysis vis\u0173 pra\u0161\u0117 did\u017eiausio palaikymo, nes I.Bukantien\u0117 su gitara rankoje viena <a target=\"_blank\" rel=\"caption[Aplodisment\u0173 netr\u016bko ir buvusiam mokyklos absolventui, dainuojamosios poezijos k\u016br\u0117jui N.Pe\u010dkiui.] noopener noreferrer\" class=\"jcepopup\" href=\"\/\/silutesnaujienos.lt\/images\/stories\/2013\/02\/22\/rusnes_mokyklos_jubiliejus_nidas_peckys.jpg\" data-rel=\"lightbox-gallery-mCrJtUO2\" data-rl_title=\"\" data-rl_caption=\"\"><img loading=\"lazy\" decoding=\"async\" style=\"margin: 5px; float: left;\" class=\"caption\" title=\"\" alt=\"rusnes mokyklos jubiliejus nidas peckys\" src=\"\/\/silutesnaujienos.lt\/images\/stories\/2013\/02\/22\/thumbnails\/thumb_rusnes_mokyklos_jubiliejus_nidas_peckys.jpg\" height=\"230\" width=\"307\" \/><\/a>scenoje pasirod\u0117 pirm\u0105 kart\u0105. Nors atlik\u0117jai jaudulys ki\u0161o koj\u0105, ta\u010diau geranori\u0161ki klausytojai aplodismentais u\u017ego\u017e\u0117 visus nesklandumus.<\/p>\n<p>Aplodisment\u0173 netr\u016bko ir kitam buvusiam mokyklos absolventui, didesn\u0119 patirt\u012f scenoje turin\u010diam Rusn\u0117s dainuojamosios poezijos k\u016br\u0117jui Nidui Pe\u010dkiui. Renginio ved\u0117jui j\u012f prista\u010dius kaip gerai \u017einom\u0105 dain\u0173 atlik\u0117j\u0105, Nidas buvusi\u0173 mokytoj\u0173 akivaizdoje prisipa\u017eino, kad pastarieji j\u012f prisimena labiau kaip neklau\u017ead\u0105. Ta\u010diau tuo pat metu pasid\u017eiaug\u0117, kad laiku sustojo ir \u0117m\u0117 gyventi kitaip.<\/p>\n<p>Naujiena Rusn\u0117s estradoje tapo neseniai u\u017e rusni\u0161kio i\u0161tek\u0117jusi Gerda Belokopytova, kuri, \u017ei\u016brov\u0173 nuomone, savo tvirtu balsu gal\u0117t\u0173 pretenduoti ir \u012f televizijose organizuojamus konkursus.<\/p>\n<p>Koncertavo V.Lacko pakviesti bi\u010diuliai i\u0161 Klaip\u0117dos, Garg\u017ed\u0173, \u0160ilut\u0117s. Vakaro vinimi, kaip ir tur\u0117jo b\u016bti, tapo V.Lacko ir jo \u0161eimos nari\u0173 &#8211; sesers Vitos ir sutuoktin\u0117s Vainoros dainos.<\/p>\n","protected":false},"excerpt":{"rendered":"<p>Sekmadien\u012f Rusn\u0117s pagrindin\u0117je mokykloje \u012fvyko salos dainuojamosios poezijos \u017evaig\u017edyno ir sve\u010di\u0173 koncertas. Taip \u0161i mokykla prad\u0117jo savo 430 met\u0173 jubiliejaus pamin\u0117jimo rengini\u0173 maraton\u0105. Koncerto organizatorius &#8211; 51-osios laidos abiturientas, muzikos entuziastas Valdas Lacko su bendramin\u010diais. Absolvent\u0173 dovanos Pirmasis jubiliejini\u0173 rengini\u0173 koncertas \u201eVarom \u012f Rusn\u0119\u201c, pasak mokyklos direktor\u0117s Giliaros Peteraitien\u0117s, organizuotas buvusi\u0173 jos absolvent\u0173 iniciatyva kaip [&hellip;]<\/p>\n","protected":false},"author":1,"featured_media":0,"comment_status":"open","ping_status":"open","sticky":false,"template":"","format":"standard","meta":{"footnotes":""},"categories":[51],"tags":[],"class_list":{"0":"post-6253","1":"post","2":"type-post","3":"status-publish","4":"format-standard","6":"category-kultura-ir-svietimas"},"yoast_head":"<!-- This site is optimized with the Yoast SEO plugin v27.5 - https:\/\/yoast.com\/product\/yoast-seo-wordpress\/ -->\n<title>Rusn\u0117s mokykla prad\u0117jo 430 met\u0173 jubiliejaus rengini\u0173 maraton\u0105 - \u0160ilut\u0117s naujienos<\/title>\n<meta name=\"robots\" content=\"index, follow, max-snippet:-1, max-image-preview:large, max-video-preview:-1\" \/>\n<link rel=\"canonical\" href=\"https:\/\/www.silutesnaujienos.lt\/lt\/rusnes-mokykla-pradejo-430-metu-jubiliejaus-renginiu-maratona\/\" \/>\n<meta property=\"og:locale\" content=\"lt_LT\" \/>\n<meta property=\"og:type\" content=\"article\" \/>\n<meta property=\"og:title\" content=\"Rusn\u0117s mokykla prad\u0117jo 430 met\u0173 jubiliejaus rengini\u0173 maraton\u0105 - \u0160ilut\u0117s naujienos\" \/>\n<meta property=\"og:description\" content=\"Sekmadien\u012f Rusn\u0117s pagrindin\u0117je mokykloje \u012fvyko salos dainuojamosios poezijos \u017evaig\u017edyno ir sve\u010di\u0173 koncertas. Taip \u0161i mokykla prad\u0117jo savo 430 met\u0173 jubiliejaus pamin\u0117jimo rengini\u0173 maraton\u0105. Koncerto organizatorius &#8211; 51-osios laidos abiturientas, muzikos entuziastas Valdas Lacko su bendramin\u010diais. Absolvent\u0173 dovanos Pirmasis jubiliejini\u0173 rengini\u0173 koncertas \u201eVarom \u012f Rusn\u0119\u201c, pasak mokyklos direktor\u0117s Giliaros Peteraitien\u0117s, organizuotas buvusi\u0173 jos absolvent\u0173 iniciatyva kaip [&hellip;]\" \/>\n<meta property=\"og:url\" content=\"https:\/\/www.silutesnaujienos.lt\/lt\/rusnes-mokykla-pradejo-430-metu-jubiliejaus-renginiu-maratona\/\" \/>\n<meta property=\"og:site_name\" content=\"\u0160ilut\u0117s naujienos\" \/>\n<meta property=\"article:publisher\" content=\"https:\/\/www.facebook.com\/silutes.naujienos\/\" \/>\n<meta property=\"article:published_time\" content=\"2013-02-23T18:00:00+00:00\" \/>\n<meta property=\"og:image\" content=\"\/\/silutesnaujienos.lt\/images\/stories\/2013\/02\/22\/thumbnails\/thumb_rusnes_mokyklos_jubiliejus_lacko.jpg\" \/>\n<meta name=\"author\" content=\"\u0160ilut\u0117s naujien\u0173 inf.\" \/>\n<meta name=\"twitter:card\" content=\"summary_large_image\" \/>\n<meta name=\"twitter:label1\" content=\"Written by\" \/>\n\t<meta name=\"twitter:data1\" content=\"\u0160ilut\u0117s naujien\u0173 inf.\" \/>\n\t<meta name=\"twitter:label2\" content=\"Est. reading time\" \/>\n\t<meta name=\"twitter:data2\" content=\"2 minut\u0117s\" \/>\n<script type=\"application\/ld+json\" class=\"yoast-schema-graph\">{\"@context\":\"https:\\\/\\\/schema.org\",\"@graph\":[{\"@type\":\"Article\",\"@id\":\"https:\\\/\\\/www.silutesnaujienos.lt\\\/lt\\\/rusnes-mokykla-pradejo-430-metu-jubiliejaus-renginiu-maratona\\\/#article\",\"isPartOf\":{\"@id\":\"https:\\\/\\\/www.silutesnaujienos.lt\\\/lt\\\/rusnes-mokykla-pradejo-430-metu-jubiliejaus-renginiu-maratona\\\/\"},\"author\":{\"name\":\"\u0160ilut\u0117s naujien\u0173 inf.\",\"@id\":\"https:\\\/\\\/www.silutesnaujienos.lt\\\/lt\\\/#\\\/schema\\\/person\\\/232f475ddd4a7b5f49b3abc788b17e83\"},\"headline\":\"Rusn\u0117s mokykla prad\u0117jo 430 met\u0173 jubiliejaus rengini\u0173 maraton\u0105\",\"datePublished\":\"2013-02-23T18:00:00+00:00\",\"mainEntityOfPage\":{\"@id\":\"https:\\\/\\\/www.silutesnaujienos.lt\\\/lt\\\/rusnes-mokykla-pradejo-430-metu-jubiliejaus-renginiu-maratona\\\/\"},\"wordCount\":365,\"commentCount\":0,\"publisher\":{\"@id\":\"https:\\\/\\\/www.silutesnaujienos.lt\\\/lt\\\/#organization\"},\"articleSection\":[\"Kult\u016bra ir \u0161vietimas\"],\"inLanguage\":\"lt-LT\",\"potentialAction\":[{\"@type\":\"CommentAction\",\"name\":\"Comment\",\"target\":[\"https:\\\/\\\/www.silutesnaujienos.lt\\\/lt\\\/rusnes-mokykla-pradejo-430-metu-jubiliejaus-renginiu-maratona\\\/#respond\"]}]},{\"@type\":\"WebPage\",\"@id\":\"https:\\\/\\\/www.silutesnaujienos.lt\\\/lt\\\/rusnes-mokykla-pradejo-430-metu-jubiliejaus-renginiu-maratona\\\/\",\"url\":\"https:\\\/\\\/www.silutesnaujienos.lt\\\/lt\\\/rusnes-mokykla-pradejo-430-metu-jubiliejaus-renginiu-maratona\\\/\",\"name\":\"Rusn\u0117s mokykla prad\u0117jo 430 met\u0173 jubiliejaus rengini\u0173 maraton\u0105 - \u0160ilut\u0117s naujienos\",\"isPartOf\":{\"@id\":\"https:\\\/\\\/www.silutesnaujienos.lt\\\/lt\\\/#website\"},\"datePublished\":\"2013-02-23T18:00:00+00:00\",\"breadcrumb\":{\"@id\":\"https:\\\/\\\/www.silutesnaujienos.lt\\\/lt\\\/rusnes-mokykla-pradejo-430-metu-jubiliejaus-renginiu-maratona\\\/#breadcrumb\"},\"inLanguage\":\"lt-LT\",\"potentialAction\":[{\"@type\":\"ReadAction\",\"target\":[\"https:\\\/\\\/www.silutesnaujienos.lt\\\/lt\\\/rusnes-mokykla-pradejo-430-metu-jubiliejaus-renginiu-maratona\\\/\"]}]},{\"@type\":\"BreadcrumbList\",\"@id\":\"https:\\\/\\\/www.silutesnaujienos.lt\\\/lt\\\/rusnes-mokykla-pradejo-430-metu-jubiliejaus-renginiu-maratona\\\/#breadcrumb\",\"itemListElement\":[{\"@type\":\"ListItem\",\"position\":1,\"name\":\"Home\",\"item\":\"https:\\\/\\\/www.silutesnaujienos.lt\\\/lt\\\/\"},{\"@type\":\"ListItem\",\"position\":2,\"name\":\"Rusn\u0117s mokykla prad\u0117jo 430 met\u0173 jubiliejaus rengini\u0173 maraton\u0105\"}]},{\"@type\":\"WebSite\",\"@id\":\"https:\\\/\\\/www.silutesnaujienos.lt\\\/lt\\\/#website\",\"url\":\"https:\\\/\\\/www.silutesnaujienos.lt\\\/lt\\\/\",\"name\":\"\u0160ilut\u0117s naujienos\",\"description\":\"B\u016bk ant naujien\u0173 bangos!\",\"publisher\":{\"@id\":\"https:\\\/\\\/www.silutesnaujienos.lt\\\/lt\\\/#organization\"},\"potentialAction\":[{\"@type\":\"SearchAction\",\"target\":{\"@type\":\"EntryPoint\",\"urlTemplate\":\"https:\\\/\\\/www.silutesnaujienos.lt\\\/lt\\\/?s={search_term_string}\"},\"query-input\":{\"@type\":\"PropertyValueSpecification\",\"valueRequired\":true,\"valueName\":\"search_term_string\"}}],\"inLanguage\":\"lt-LT\"},{\"@type\":\"Organization\",\"@id\":\"https:\\\/\\\/www.silutesnaujienos.lt\\\/lt\\\/#organization\",\"name\":\"\u0160ilut\u0117s naujienos\",\"url\":\"https:\\\/\\\/www.silutesnaujienos.lt\\\/lt\\\/\",\"logo\":{\"@type\":\"ImageObject\",\"inLanguage\":\"lt-LT\",\"@id\":\"https:\\\/\\\/www.silutesnaujienos.lt\\\/lt\\\/#\\\/schema\\\/logo\\\/image\\\/\",\"url\":\"https:\\\/\\\/www.silutesnaujienos.lt\\\/lt\\\/wp-content\\\/uploads\\\/2020\\\/06\\\/FB_MAIN.jpg\",\"contentUrl\":\"https:\\\/\\\/www.silutesnaujienos.lt\\\/lt\\\/wp-content\\\/uploads\\\/2020\\\/06\\\/FB_MAIN.jpg\",\"width\":1700,\"height\":956,\"caption\":\"\u0160ilut\u0117s naujienos\"},\"image\":{\"@id\":\"https:\\\/\\\/www.silutesnaujienos.lt\\\/lt\\\/#\\\/schema\\\/logo\\\/image\\\/\"},\"sameAs\":[\"https:\\\/\\\/www.facebook.com\\\/silutes.naujienos\\\/\",\"https:\\\/\\\/www.youtube.com\\\/channel\\\/UCxW-cgrJDt8GxIMxSTAfJZg\"]},{\"@type\":\"Person\",\"@id\":\"https:\\\/\\\/www.silutesnaujienos.lt\\\/lt\\\/#\\\/schema\\\/person\\\/232f475ddd4a7b5f49b3abc788b17e83\",\"name\":\"\u0160ilut\u0117s naujien\u0173 inf.\",\"image\":{\"@type\":\"ImageObject\",\"inLanguage\":\"lt-LT\",\"@id\":\"https:\\\/\\\/www.silutesnaujienos.lt\\\/lt\\\/wp-content\\\/uploads\\\/2020\\\/06\\\/favicon.png\",\"url\":\"https:\\\/\\\/www.silutesnaujienos.lt\\\/lt\\\/wp-content\\\/uploads\\\/2020\\\/06\\\/favicon.png\",\"contentUrl\":\"https:\\\/\\\/www.silutesnaujienos.lt\\\/lt\\\/wp-content\\\/uploads\\\/2020\\\/06\\\/favicon.png\",\"caption\":\"\u0160ilut\u0117s naujien\u0173 inf.\"},\"sameAs\":[\"https:\\\/\\\/www.silutesnaujienos.lt\\\/lt\"],\"url\":\"https:\\\/\\\/www.silutesnaujienos.lt\\\/lt\\\/author\\\/ruta\\\/\"}]}<\/script>\n<!-- \/ Yoast SEO plugin. -->","yoast_head_json":{"title":"Rusn\u0117s mokykla prad\u0117jo 430 met\u0173 jubiliejaus rengini\u0173 maraton\u0105 - \u0160ilut\u0117s naujienos","robots":{"index":"index","follow":"follow","max-snippet":"max-snippet:-1","max-image-preview":"max-image-preview:large","max-video-preview":"max-video-preview:-1"},"canonical":"https:\/\/www.silutesnaujienos.lt\/lt\/rusnes-mokykla-pradejo-430-metu-jubiliejaus-renginiu-maratona\/","og_locale":"lt_LT","og_type":"article","og_title":"Rusn\u0117s mokykla prad\u0117jo 430 met\u0173 jubiliejaus rengini\u0173 maraton\u0105 - \u0160ilut\u0117s naujienos","og_description":"Sekmadien\u012f Rusn\u0117s pagrindin\u0117je mokykloje \u012fvyko salos dainuojamosios poezijos \u017evaig\u017edyno ir sve\u010di\u0173 koncertas. Taip \u0161i mokykla prad\u0117jo savo 430 met\u0173 jubiliejaus pamin\u0117jimo rengini\u0173 maraton\u0105. Koncerto organizatorius &#8211; 51-osios laidos abiturientas, muzikos entuziastas Valdas Lacko su bendramin\u010diais. Absolvent\u0173 dovanos Pirmasis jubiliejini\u0173 rengini\u0173 koncertas \u201eVarom \u012f Rusn\u0119\u201c, pasak mokyklos direktor\u0117s Giliaros Peteraitien\u0117s, organizuotas buvusi\u0173 jos absolvent\u0173 iniciatyva kaip [&hellip;]","og_url":"https:\/\/www.silutesnaujienos.lt\/lt\/rusnes-mokykla-pradejo-430-metu-jubiliejaus-renginiu-maratona\/","og_site_name":"\u0160ilut\u0117s naujienos","article_publisher":"https:\/\/www.facebook.com\/silutes.naujienos\/","article_published_time":"2013-02-23T18:00:00+00:00","og_image":[{"url":"\/\/silutesnaujienos.lt\/images\/stories\/2013\/02\/22\/thumbnails\/thumb_rusnes_mokyklos_jubiliejus_lacko.jpg","type":"","width":"","height":""}],"author":"\u0160ilut\u0117s naujien\u0173 inf.","twitter_card":"summary_large_image","twitter_misc":{"Written by":"\u0160ilut\u0117s naujien\u0173 inf.","Est. reading time":"2 minut\u0117s"},"schema":{"@context":"https:\/\/schema.org","@graph":[{"@type":"Article","@id":"https:\/\/www.silutesnaujienos.lt\/lt\/rusnes-mokykla-pradejo-430-metu-jubiliejaus-renginiu-maratona\/#article","isPartOf":{"@id":"https:\/\/www.silutesnaujienos.lt\/lt\/rusnes-mokykla-pradejo-430-metu-jubiliejaus-renginiu-maratona\/"},"author":{"name":"\u0160ilut\u0117s naujien\u0173 inf.","@id":"https:\/\/www.silutesnaujienos.lt\/lt\/#\/schema\/person\/232f475ddd4a7b5f49b3abc788b17e83"},"headline":"Rusn\u0117s mokykla prad\u0117jo 430 met\u0173 jubiliejaus rengini\u0173 maraton\u0105","datePublished":"2013-02-23T18:00:00+00:00","mainEntityOfPage":{"@id":"https:\/\/www.silutesnaujienos.lt\/lt\/rusnes-mokykla-pradejo-430-metu-jubiliejaus-renginiu-maratona\/"},"wordCount":365,"commentCount":0,"publisher":{"@id":"https:\/\/www.silutesnaujienos.lt\/lt\/#organization"},"articleSection":["Kult\u016bra ir \u0161vietimas"],"inLanguage":"lt-LT","potentialAction":[{"@type":"CommentAction","name":"Comment","target":["https:\/\/www.silutesnaujienos.lt\/lt\/rusnes-mokykla-pradejo-430-metu-jubiliejaus-renginiu-maratona\/#respond"]}]},{"@type":"WebPage","@id":"https:\/\/www.silutesnaujienos.lt\/lt\/rusnes-mokykla-pradejo-430-metu-jubiliejaus-renginiu-maratona\/","url":"https:\/\/www.silutesnaujienos.lt\/lt\/rusnes-mokykla-pradejo-430-metu-jubiliejaus-renginiu-maratona\/","name":"Rusn\u0117s mokykla prad\u0117jo 430 met\u0173 jubiliejaus rengini\u0173 maraton\u0105 - \u0160ilut\u0117s naujienos","isPartOf":{"@id":"https:\/\/www.silutesnaujienos.lt\/lt\/#website"},"datePublished":"2013-02-23T18:00:00+00:00","breadcrumb":{"@id":"https:\/\/www.silutesnaujienos.lt\/lt\/rusnes-mokykla-pradejo-430-metu-jubiliejaus-renginiu-maratona\/#breadcrumb"},"inLanguage":"lt-LT","potentialAction":[{"@type":"ReadAction","target":["https:\/\/www.silutesnaujienos.lt\/lt\/rusnes-mokykla-pradejo-430-metu-jubiliejaus-renginiu-maratona\/"]}]},{"@type":"BreadcrumbList","@id":"https:\/\/www.silutesnaujienos.lt\/lt\/rusnes-mokykla-pradejo-430-metu-jubiliejaus-renginiu-maratona\/#breadcrumb","itemListElement":[{"@type":"ListItem","position":1,"name":"Home","item":"https:\/\/www.silutesnaujienos.lt\/lt\/"},{"@type":"ListItem","position":2,"name":"Rusn\u0117s mokykla prad\u0117jo 430 met\u0173 jubiliejaus rengini\u0173 maraton\u0105"}]},{"@type":"WebSite","@id":"https:\/\/www.silutesnaujienos.lt\/lt\/#website","url":"https:\/\/www.silutesnaujienos.lt\/lt\/","name":"\u0160ilut\u0117s naujienos","description":"B\u016bk ant naujien\u0173 bangos!","publisher":{"@id":"https:\/\/www.silutesnaujienos.lt\/lt\/#organization"},"potentialAction":[{"@type":"SearchAction","target":{"@type":"EntryPoint","urlTemplate":"https:\/\/www.silutesnaujienos.lt\/lt\/?s={search_term_string}"},"query-input":{"@type":"PropertyValueSpecification","valueRequired":true,"valueName":"search_term_string"}}],"inLanguage":"lt-LT"},{"@type":"Organization","@id":"https:\/\/www.silutesnaujienos.lt\/lt\/#organization","name":"\u0160ilut\u0117s naujienos","url":"https:\/\/www.silutesnaujienos.lt\/lt\/","logo":{"@type":"ImageObject","inLanguage":"lt-LT","@id":"https:\/\/www.silutesnaujienos.lt\/lt\/#\/schema\/logo\/image\/","url":"https:\/\/www.silutesnaujienos.lt\/lt\/wp-content\/uploads\/2020\/06\/FB_MAIN.jpg","contentUrl":"https:\/\/www.silutesnaujienos.lt\/lt\/wp-content\/uploads\/2020\/06\/FB_MAIN.jpg","width":1700,"height":956,"caption":"\u0160ilut\u0117s naujienos"},"image":{"@id":"https:\/\/www.silutesnaujienos.lt\/lt\/#\/schema\/logo\/image\/"},"sameAs":["https:\/\/www.facebook.com\/silutes.naujienos\/","https:\/\/www.youtube.com\/channel\/UCxW-cgrJDt8GxIMxSTAfJZg"]},{"@type":"Person","@id":"https:\/\/www.silutesnaujienos.lt\/lt\/#\/schema\/person\/232f475ddd4a7b5f49b3abc788b17e83","name":"\u0160ilut\u0117s naujien\u0173 inf.","image":{"@type":"ImageObject","inLanguage":"lt-LT","@id":"https:\/\/www.silutesnaujienos.lt\/lt\/wp-content\/uploads\/2020\/06\/favicon.png","url":"https:\/\/www.silutesnaujienos.lt\/lt\/wp-content\/uploads\/2020\/06\/favicon.png","contentUrl":"https:\/\/www.silutesnaujienos.lt\/lt\/wp-content\/uploads\/2020\/06\/favicon.png","caption":"\u0160ilut\u0117s naujien\u0173 inf."},"sameAs":["https:\/\/www.silutesnaujienos.lt\/lt"],"url":"https:\/\/www.silutesnaujienos.lt\/lt\/author\/ruta\/"}]}},"publishpress_future_workflow_manual_trigger":{"enabledWorkflows":[]},"amp_enabled":true,"_links":{"self":[{"href":"https:\/\/www.silutesnaujienos.lt\/lt\/wp-json\/wp\/v2\/posts\/6253","targetHints":{"allow":["GET"]}}],"collection":[{"href":"https:\/\/www.silutesnaujienos.lt\/lt\/wp-json\/wp\/v2\/posts"}],"about":[{"href":"https:\/\/www.silutesnaujienos.lt\/lt\/wp-json\/wp\/v2\/types\/post"}],"author":[{"embeddable":true,"href":"https:\/\/www.silutesnaujienos.lt\/lt\/wp-json\/wp\/v2\/users\/1"}],"replies":[{"embeddable":true,"href":"https:\/\/www.silutesnaujienos.lt\/lt\/wp-json\/wp\/v2\/comments?post=6253"}],"version-history":[{"count":0,"href":"https:\/\/www.silutesnaujienos.lt\/lt\/wp-json\/wp\/v2\/posts\/6253\/revisions"}],"wp:attachment":[{"href":"https:\/\/www.silutesnaujienos.lt\/lt\/wp-json\/wp\/v2\/media?parent=6253"}],"wp:term":[{"taxonomy":"category","embeddable":true,"href":"https:\/\/www.silutesnaujienos.lt\/lt\/wp-json\/wp\/v2\/categories?post=6253"},{"taxonomy":"post_tag","embeddable":true,"href":"https:\/\/www.silutesnaujienos.lt\/lt\/wp-json\/wp\/v2\/tags?post=6253"}],"curies":[{"name":"wp","href":"https:\/\/api.w.org\/{rel}","templated":true}]}}