{"id":6256,"date":"2013-03-02T12:00:00","date_gmt":"2013-03-02T14:00:00","guid":{"rendered":"https:\/\/www.silutesnaujienos.lt\/lt\/i-knygu-muges-surmuli-vilniuje-isisuko-ir-silutiskiai-bibliotekininkai\/"},"modified":"2013-03-02T12:00:00","modified_gmt":"2013-03-02T14:00:00","slug":"i-knygu-muges-surmuli-vilniuje-isisuko-ir-silutiskiai-bibliotekininkai","status":"publish","type":"post","link":"https:\/\/www.silutesnaujienos.lt\/lt\/i-knygu-muges-surmuli-vilniuje-isisuko-ir-silutiskiai-bibliotekininkai\/","title":{"rendered":"\u012e knyg\u0173 mug\u0117s \u0161urmul\u012f Vilniuje \u012fsisuko ir \u0161iluti\u0161kiai bibliotekininkai"},"content":{"rendered":"<p><a target=\"_blank\" rel=\"title[\u0160iluti\u0161kiai bibliotekininkai, visai nesikuklindami u\u017ekalbino prezident\u0119 Dali\u0105 Grybauskait\u0119 ir pakviet\u0117 j\u0105 \u012fsiam\u017einti nuotraukoje.] noopener noreferrer\" class=\"jcepopup\" href=\"\/\/silutesnaujienos.lt\/images\/stories\/2013\/03\/01\/knygu_muge_su_grybauskaite.jpg\" data-rel=\"lightbox-gallery-2be6J88I\" data-rl_title=\"\" data-rl_caption=\"\"><img loading=\"lazy\" decoding=\"async\" style=\"margin: 5px; float: left;\" class=\"caption\" title=\"\" alt=\"knygu muge su grybauskaite\" src=\"\/\/silutesnaujienos.lt\/images\/stories\/2013\/03\/01\/thumbnails\/thumb_knygu_muge_su_grybauskaite.jpg\" height=\"230\" width=\"307\" \/><\/a><strong>Tradicin\u0117je keturioliktoje Vilniaus knyg\u0173 mug\u0117je\u20182013 sudalyvavo ir m\u016bs\u0173 kra\u0161to bibliotekininkai. Laiko parodoje jie neleido veltui &#8211; \u012fsiam\u017eino nuotraukoje su prezidente Dalia Grybauskaite, konsultavosi d\u0117l Lietuvinink\u0173 tarm\u0117s \u017eodyno parengimo leidybai.<\/strong><\/p>\n<p><strong>Litexpo parod\u0173 ir konferencij\u0173 centre vykusioje mug\u0117je \u0161\u012fmet dalyvavo 178 \u0161alies ir u\u017esienio leidyklos, 34 sve\u010diai i\u0161 vis\u0173 pasaulio kontinent\u0173.<\/strong><\/p>\n<p><strong>Originalus \u0161\u016bkis \u201e\u010cia knyg\u0173 erdv\u0117 \u2013 prisijunk!\u201c nuo vasario 21-osios sostin\u0119 Vilni\u0173 keturioms dienoms pavert\u0117 pasaulio knyg\u0173 ir knygos k\u016br\u0117j\u0173 meka.<\/strong><\/p>\n<p><strong><a target=\"_blank\" rel=\"title[Vilnius keturioms dienoms virto pasaulio knyg\u0173 ir knygos k\u016br\u0117j\u0173 meka.] noopener noreferrer\" class=\"jcepopup\" href=\"\/\/silutesnaujienos.lt\/images\/stories\/2013\/03\/01\/knygu_muge_2989.jpg\" data-rel=\"lightbox-gallery-2be6J88I\" data-rl_title=\"\" data-rl_caption=\"\"><img loading=\"lazy\" decoding=\"async\" style=\"margin: 5px; float: right;\" class=\"caption\" title=\"\" alt=\"knygu muge 2989\" src=\"\/\/silutesnaujienos.lt\/images\/stories\/2013\/03\/01\/thumbnails\/thumb_knygu_muge_2989.jpg\" height=\"230\" width=\"307\" \/><\/a>Credo &#8211; knyga<\/strong><\/p>\n<p>Mug\u0117s organizatoriai temini\u0173 bi\u010diuli\u0173, \u0161eim\u0173, nekasdieni\u0173 pasimatym\u0173 su knyga dien\u0173 lankytojus pasitiko originaliai i\u0161pl\u0117stomis rengini\u0173 erdv\u0117mis, meno dirbtuv\u0117mis, \u012fvairaus turinio pokalbi\u0173 bei diskusij\u0173 magija, netgi \u2013 koncertais.<\/p>\n<p>Ir vis d\u0117lto renginio credo &#8211; knyga: \u201e&#8230;Jei tu mane prisijaukinsi, mes b\u016bsime vienas kitam reikalingi\u201c, skelbta mug\u0117s kult\u016bros rengini\u0173 reklamose.<\/p>\n<p>Prezident\u0117s Dalios Grybauskait\u0117s ir mero Art\u016bro Zuoko perkirpta simbolin\u0117 knyg\u0173 mug\u0117s atidarymo juostel\u0117 \u201enuplauk\u0117\u201c \u012f atidarymo programos dalyvi\u0173 \u2013 jaunim\u0117lio rankas. O keistuoliai \u0161iluti\u0161kiai bibliotekininkai, visai nesikuklindami\u00a0 u\u017ekalbino prezident\u0119 Dali\u0105 Grybauskait\u0119 ir pakviet\u0117 j\u0105 \u012fsiam\u017einti nuotraukoje.<\/p>\n<p><strong>\u017dodyno parengimas &#8211; kruvinas darbas<\/strong><\/p>\n<p>Pirm\u0105j\u0105 mug\u0117s dien\u0105 tradici\u0161kai, kaip ir kasmet, Forumo sal\u0117je apdovanoti Knygos meno konkurso \u201eVilnius\u20182012\u201c laureatai ir atidaryta knyg\u0173 laurea\u010di\u0173 paroda. Sausakim\u0161oje Forumo sal\u0117je karaliavo g\u0117l\u0117s, gerumas ir aplodisment\u0173 pli\u016bpsniai.<\/p>\n<p>Pagrindin\u0117 Met\u0173 premija skirta Ramunei Janu\u0161evi\u010di\u016btei u\u017e Ramun\u0117s Rachlevi\u010di\u016bt\u0117s knygos \u201eAndrius Puipa. Gyvenimo ir meno virtuozas\u201c apipavidalinim\u0105.<\/p>\n<p>\u0160iluti\u0161kiai bibliotekininkai pasveikino vien\u0105 i\u0161 \u0161io konkurso dalyvi\u0173 Rit\u0105 U\u017enie\u017ei\u016bt\u0119 \u2013 Joni\u0161kio kra\u0161to kalendoriaus\u20182013 \u201eNauji gaspadoriai \u2013 \u0161vie\u017ei kalendoriai\u201c (\u201ePetro ofsetas\u201c, 2012) redakcin\u0117s kolegijos nar\u0119.<\/p>\n<p>Susitikimo su leidinio redaktore tikslas \u2013 konsultacijos d\u0117l Lietuvinink\u0173 tarm\u0117s \u017eodyno parengimo leidybai.<\/p>\n<p>Pasak R.Urnie\u017ei\u016bt\u0117s, \u017eodyno parengimas \u2013 \u201ekruvinas darbas\u201c, trunkantis apie trejus, o gal ir ketverius metus.<\/p>\n<p>\u201eBent trys i\u0161 \u017eodyno reng\u0117j\u0173 turi b\u016bti geri lietuvi\u0173 kalbos ir lietuvi\u0161k\u0173j\u0173 tarmi\u0173 \u017einovai, turintys mokslinius laipsnius\u201c, &#8211; teig\u0117 pa\u0161nekov\u0117 ir lyg tarp kitko paklaus\u0117: \u201eAr toki\u0173 \u017emoni\u0173\u00a0 turite?\u201c.<\/p>\n<p>Kaip pavyzd\u012f knyg\u0173 redaktor\u0117 patar\u0117 susipa\u017einti su \u0161viesios atminties kretingi\u0161kio Juozo Aleksandravi\u010diaus viso gyvenimo darbu \u201eKretingos tarm\u0117s \u017eodynu\u201c, deja, paskelbtu jau po autoriaus mirties.<\/p>\n<p><strong><a target=\"_blank\" rel=\"title[\u0160\u012fmet knyg\u0173 mug\u0117je dalyvavo 178 \u0161alies ir u\u017esienio leidyklos, 34 sve\u010diai i\u0161 vis\u0173 pasaulio kontinent\u0173.] noopener noreferrer\" class=\"jcepopup\" href=\"\/\/silutesnaujienos.lt\/images\/stories\/2013\/03\/01\/knygu_muge_2941.jpg\" data-rel=\"lightbox-gallery-2be6J88I\" data-rl_title=\"\" data-rl_caption=\"\"><img loading=\"lazy\" decoding=\"async\" style=\"margin: 5px; float: left;\" class=\"caption\" title=\"\" alt=\"knygu muge 2941\" src=\"\/\/silutesnaujienos.lt\/images\/stories\/2013\/03\/01\/thumbnails\/thumb_knygu_muge_2941.jpg\" height=\"230\" width=\"307\" \/><\/a>\u012esp\u0117jo nepav\u0117luoti u\u017efiksuoti lietuvinink\u0173 tarm\u0119<\/strong><\/p>\n<p>R.Urnie\u017ei\u016bt\u0117 prisipa\u017eino teigiamai vertinanti Klaip\u0117dos universiteto doc. dr. Jono Bukan\u010dio surinkt\u0105 med\u017eiag\u0105 apie lietuvinink\u0173 tarm\u0119, ta\u010diau \u012fsp\u0117jo, kad labai svarbu nepav\u0117luoti ir paskub\u0117ti u\u017efiksuoti visus \u0161ios tarm\u0117s gyvuosius ne\u0161iotojus.<\/p>\n<p>\u017dmon\u0117s i\u0161eina ir su savimi i\u0161sine\u0161a vis\u0105 tarm\u0117s lobyn\u0105&#8230; \u017dodynas yra vienkartinis leidinys, tod\u0117l b\u016btina tinkamai parengti straipsni\u0173 ab\u0117c\u0117lin\u012f s\u0105vad\u0105, parinkti \u017eod\u017ei\u0173 vartosenos pavyzd\u017eius, parengti transkripcijas bei atitikmenis su kitais \u017eod\u017eiais.<\/p>\n<p>\u201eTai labai ilgas procesas darbo laiko prasme ir brangus &#8211; darbo s\u0105naud\u0173 apmok\u0117jimo prasme, jei ie\u0161koma geriausio\u201c, &#8211; apibendrino pa\u0161nekov\u0117. Ar lemta rastis \u201eLietuvinink\u0173 tarm\u0117s \u017eodynui\u201c?<br \/>\u00a0<br \/>Ir dar&#8230; \u012esigij\u0119 \u012fsp\u016bding\u0105j\u012f \u201eKretingos kra\u0161to \u017eodyn\u0105\u201c, susitik\u0119 su prof. Domu Kaunu ir, perdav\u0119 garsiajam knygotyrininkui \u0161iluti\u0161kio Sauliaus Stankevi\u010diaus dedikuot\u0105 nauj\u0105 sen\u0173j\u0173 atviruk\u0173 leidin\u012f \u201eHeydekrug\u201c (2012),\u00a0 pilni \u012fsp\u016bd\u017ei\u0173 ir atradim\u0173 \u0161iluti\u0161kiai atsisveikino su keturi\u0173 dien\u0173 pasaulio knyg\u0173 sostine tapusiu \u201eLitexpo\u201c parod\u0173 ir konferencij\u0173 centru.<\/p>\n<p>Viena diena mug\u0117je primena tik trump\u0105 stabtel\u0117jim\u0105 ties knyg\u0173 karalyst\u0117s slenks\u010diu. O atminty i\u0161lieka vaizdas, kai lankytojai \u012f parod\u0173 sales \u012feina tu\u0161\u010diomis, o i\u0161eina su knyg\u0173 ne\u0161uliu&#8230;<\/p>\n","protected":false},"excerpt":{"rendered":"<p>Tradicin\u0117je keturioliktoje Vilniaus knyg\u0173 mug\u0117je\u20182013 sudalyvavo ir m\u016bs\u0173 kra\u0161to bibliotekininkai. Laiko parodoje jie neleido veltui &#8211; \u012fsiam\u017eino nuotraukoje su prezidente Dalia Grybauskaite, konsultavosi d\u0117l Lietuvinink\u0173 tarm\u0117s \u017eodyno parengimo leidybai. Litexpo parod\u0173 ir konferencij\u0173 centre vykusioje mug\u0117je \u0161\u012fmet dalyvavo 178 \u0161alies ir u\u017esienio leidyklos, 34 sve\u010diai i\u0161 vis\u0173 pasaulio kontinent\u0173. Originalus \u0161\u016bkis \u201e\u010cia knyg\u0173 erdv\u0117 \u2013 [&hellip;]<\/p>\n","protected":false},"author":1,"featured_media":0,"comment_status":"open","ping_status":"open","sticky":false,"template":"","format":"standard","meta":{"footnotes":""},"categories":[51],"tags":[],"class_list":{"0":"post-6256","1":"post","2":"type-post","3":"status-publish","4":"format-standard","6":"category-kultura-ir-svietimas"},"yoast_head":"<!-- This site is optimized with the Yoast SEO plugin v27.5 - https:\/\/yoast.com\/product\/yoast-seo-wordpress\/ -->\n<title>\u012e knyg\u0173 mug\u0117s \u0161urmul\u012f Vilniuje \u012fsisuko ir \u0161iluti\u0161kiai bibliotekininkai - \u0160ilut\u0117s naujienos<\/title>\n<meta name=\"robots\" content=\"index, follow, max-snippet:-1, max-image-preview:large, max-video-preview:-1\" \/>\n<link rel=\"canonical\" href=\"https:\/\/www.silutesnaujienos.lt\/lt\/i-knygu-muges-surmuli-vilniuje-isisuko-ir-silutiskiai-bibliotekininkai\/\" \/>\n<meta property=\"og:locale\" content=\"lt_LT\" \/>\n<meta property=\"og:type\" content=\"article\" \/>\n<meta property=\"og:title\" content=\"\u012e knyg\u0173 mug\u0117s \u0161urmul\u012f Vilniuje \u012fsisuko ir \u0161iluti\u0161kiai bibliotekininkai - \u0160ilut\u0117s naujienos\" \/>\n<meta property=\"og:description\" content=\"Tradicin\u0117je keturioliktoje Vilniaus knyg\u0173 mug\u0117je\u20182013 sudalyvavo ir m\u016bs\u0173 kra\u0161to bibliotekininkai. Laiko parodoje jie neleido veltui &#8211; \u012fsiam\u017eino nuotraukoje su prezidente Dalia Grybauskaite, konsultavosi d\u0117l Lietuvinink\u0173 tarm\u0117s \u017eodyno parengimo leidybai. Litexpo parod\u0173 ir konferencij\u0173 centre vykusioje mug\u0117je \u0161\u012fmet dalyvavo 178 \u0161alies ir u\u017esienio leidyklos, 34 sve\u010diai i\u0161 vis\u0173 pasaulio kontinent\u0173. Originalus \u0161\u016bkis \u201e\u010cia knyg\u0173 erdv\u0117 \u2013 [&hellip;]\" \/>\n<meta property=\"og:url\" content=\"https:\/\/www.silutesnaujienos.lt\/lt\/i-knygu-muges-surmuli-vilniuje-isisuko-ir-silutiskiai-bibliotekininkai\/\" \/>\n<meta property=\"og:site_name\" content=\"\u0160ilut\u0117s naujienos\" \/>\n<meta property=\"article:publisher\" content=\"https:\/\/www.facebook.com\/silutes.naujienos\/\" \/>\n<meta property=\"article:published_time\" content=\"2013-03-02T14:00:00+00:00\" \/>\n<meta property=\"og:image\" content=\"\/\/silutesnaujienos.lt\/images\/stories\/2013\/03\/01\/thumbnails\/thumb_knygu_muge_su_grybauskaite.jpg\" \/>\n<meta name=\"author\" content=\"\u0160ilut\u0117s naujien\u0173 inf.\" \/>\n<meta name=\"twitter:card\" content=\"summary_large_image\" \/>\n<meta name=\"twitter:label1\" content=\"Written by\" \/>\n\t<meta name=\"twitter:data1\" content=\"\u0160ilut\u0117s naujien\u0173 inf.\" \/>\n\t<meta name=\"twitter:label2\" content=\"Est. reading time\" \/>\n\t<meta name=\"twitter:data2\" content=\"3 minut\u0117s\" \/>\n<script type=\"application\/ld+json\" class=\"yoast-schema-graph\">{\"@context\":\"https:\\\/\\\/schema.org\",\"@graph\":[{\"@type\":\"Article\",\"@id\":\"https:\\\/\\\/www.silutesnaujienos.lt\\\/lt\\\/i-knygu-muges-surmuli-vilniuje-isisuko-ir-silutiskiai-bibliotekininkai\\\/#article\",\"isPartOf\":{\"@id\":\"https:\\\/\\\/www.silutesnaujienos.lt\\\/lt\\\/i-knygu-muges-surmuli-vilniuje-isisuko-ir-silutiskiai-bibliotekininkai\\\/\"},\"author\":{\"name\":\"\u0160ilut\u0117s naujien\u0173 inf.\",\"@id\":\"https:\\\/\\\/www.silutesnaujienos.lt\\\/lt\\\/#\\\/schema\\\/person\\\/232f475ddd4a7b5f49b3abc788b17e83\"},\"headline\":\"\u012e knyg\u0173 mug\u0117s \u0161urmul\u012f Vilniuje \u012fsisuko ir \u0161iluti\u0161kiai bibliotekininkai\",\"datePublished\":\"2013-03-02T14:00:00+00:00\",\"mainEntityOfPage\":{\"@id\":\"https:\\\/\\\/www.silutesnaujienos.lt\\\/lt\\\/i-knygu-muges-surmuli-vilniuje-isisuko-ir-silutiskiai-bibliotekininkai\\\/\"},\"wordCount\":595,\"commentCount\":0,\"publisher\":{\"@id\":\"https:\\\/\\\/www.silutesnaujienos.lt\\\/lt\\\/#organization\"},\"articleSection\":[\"Kult\u016bra ir \u0161vietimas\"],\"inLanguage\":\"lt-LT\",\"potentialAction\":[{\"@type\":\"CommentAction\",\"name\":\"Comment\",\"target\":[\"https:\\\/\\\/www.silutesnaujienos.lt\\\/lt\\\/i-knygu-muges-surmuli-vilniuje-isisuko-ir-silutiskiai-bibliotekininkai\\\/#respond\"]}]},{\"@type\":\"WebPage\",\"@id\":\"https:\\\/\\\/www.silutesnaujienos.lt\\\/lt\\\/i-knygu-muges-surmuli-vilniuje-isisuko-ir-silutiskiai-bibliotekininkai\\\/\",\"url\":\"https:\\\/\\\/www.silutesnaujienos.lt\\\/lt\\\/i-knygu-muges-surmuli-vilniuje-isisuko-ir-silutiskiai-bibliotekininkai\\\/\",\"name\":\"\u012e knyg\u0173 mug\u0117s \u0161urmul\u012f Vilniuje \u012fsisuko ir \u0161iluti\u0161kiai bibliotekininkai - \u0160ilut\u0117s naujienos\",\"isPartOf\":{\"@id\":\"https:\\\/\\\/www.silutesnaujienos.lt\\\/lt\\\/#website\"},\"datePublished\":\"2013-03-02T14:00:00+00:00\",\"breadcrumb\":{\"@id\":\"https:\\\/\\\/www.silutesnaujienos.lt\\\/lt\\\/i-knygu-muges-surmuli-vilniuje-isisuko-ir-silutiskiai-bibliotekininkai\\\/#breadcrumb\"},\"inLanguage\":\"lt-LT\",\"potentialAction\":[{\"@type\":\"ReadAction\",\"target\":[\"https:\\\/\\\/www.silutesnaujienos.lt\\\/lt\\\/i-knygu-muges-surmuli-vilniuje-isisuko-ir-silutiskiai-bibliotekininkai\\\/\"]}]},{\"@type\":\"BreadcrumbList\",\"@id\":\"https:\\\/\\\/www.silutesnaujienos.lt\\\/lt\\\/i-knygu-muges-surmuli-vilniuje-isisuko-ir-silutiskiai-bibliotekininkai\\\/#breadcrumb\",\"itemListElement\":[{\"@type\":\"ListItem\",\"position\":1,\"name\":\"Home\",\"item\":\"https:\\\/\\\/www.silutesnaujienos.lt\\\/lt\\\/\"},{\"@type\":\"ListItem\",\"position\":2,\"name\":\"\u012e knyg\u0173 mug\u0117s \u0161urmul\u012f Vilniuje \u012fsisuko ir \u0161iluti\u0161kiai bibliotekininkai\"}]},{\"@type\":\"WebSite\",\"@id\":\"https:\\\/\\\/www.silutesnaujienos.lt\\\/lt\\\/#website\",\"url\":\"https:\\\/\\\/www.silutesnaujienos.lt\\\/lt\\\/\",\"name\":\"\u0160ilut\u0117s naujienos\",\"description\":\"B\u016bk ant naujien\u0173 bangos!\",\"publisher\":{\"@id\":\"https:\\\/\\\/www.silutesnaujienos.lt\\\/lt\\\/#organization\"},\"potentialAction\":[{\"@type\":\"SearchAction\",\"target\":{\"@type\":\"EntryPoint\",\"urlTemplate\":\"https:\\\/\\\/www.silutesnaujienos.lt\\\/lt\\\/?s={search_term_string}\"},\"query-input\":{\"@type\":\"PropertyValueSpecification\",\"valueRequired\":true,\"valueName\":\"search_term_string\"}}],\"inLanguage\":\"lt-LT\"},{\"@type\":\"Organization\",\"@id\":\"https:\\\/\\\/www.silutesnaujienos.lt\\\/lt\\\/#organization\",\"name\":\"\u0160ilut\u0117s naujienos\",\"url\":\"https:\\\/\\\/www.silutesnaujienos.lt\\\/lt\\\/\",\"logo\":{\"@type\":\"ImageObject\",\"inLanguage\":\"lt-LT\",\"@id\":\"https:\\\/\\\/www.silutesnaujienos.lt\\\/lt\\\/#\\\/schema\\\/logo\\\/image\\\/\",\"url\":\"https:\\\/\\\/www.silutesnaujienos.lt\\\/lt\\\/wp-content\\\/uploads\\\/2020\\\/06\\\/FB_MAIN.jpg\",\"contentUrl\":\"https:\\\/\\\/www.silutesnaujienos.lt\\\/lt\\\/wp-content\\\/uploads\\\/2020\\\/06\\\/FB_MAIN.jpg\",\"width\":1700,\"height\":956,\"caption\":\"\u0160ilut\u0117s naujienos\"},\"image\":{\"@id\":\"https:\\\/\\\/www.silutesnaujienos.lt\\\/lt\\\/#\\\/schema\\\/logo\\\/image\\\/\"},\"sameAs\":[\"https:\\\/\\\/www.facebook.com\\\/silutes.naujienos\\\/\",\"https:\\\/\\\/www.youtube.com\\\/channel\\\/UCxW-cgrJDt8GxIMxSTAfJZg\"]},{\"@type\":\"Person\",\"@id\":\"https:\\\/\\\/www.silutesnaujienos.lt\\\/lt\\\/#\\\/schema\\\/person\\\/232f475ddd4a7b5f49b3abc788b17e83\",\"name\":\"\u0160ilut\u0117s naujien\u0173 inf.\",\"image\":{\"@type\":\"ImageObject\",\"inLanguage\":\"lt-LT\",\"@id\":\"https:\\\/\\\/www.silutesnaujienos.lt\\\/lt\\\/wp-content\\\/uploads\\\/2020\\\/06\\\/favicon.png\",\"url\":\"https:\\\/\\\/www.silutesnaujienos.lt\\\/lt\\\/wp-content\\\/uploads\\\/2020\\\/06\\\/favicon.png\",\"contentUrl\":\"https:\\\/\\\/www.silutesnaujienos.lt\\\/lt\\\/wp-content\\\/uploads\\\/2020\\\/06\\\/favicon.png\",\"caption\":\"\u0160ilut\u0117s naujien\u0173 inf.\"},\"sameAs\":[\"https:\\\/\\\/www.silutesnaujienos.lt\\\/lt\"],\"url\":\"https:\\\/\\\/www.silutesnaujienos.lt\\\/lt\\\/author\\\/ruta\\\/\"}]}<\/script>\n<!-- \/ Yoast SEO plugin. -->","yoast_head_json":{"title":"\u012e knyg\u0173 mug\u0117s \u0161urmul\u012f Vilniuje \u012fsisuko ir \u0161iluti\u0161kiai bibliotekininkai - \u0160ilut\u0117s naujienos","robots":{"index":"index","follow":"follow","max-snippet":"max-snippet:-1","max-image-preview":"max-image-preview:large","max-video-preview":"max-video-preview:-1"},"canonical":"https:\/\/www.silutesnaujienos.lt\/lt\/i-knygu-muges-surmuli-vilniuje-isisuko-ir-silutiskiai-bibliotekininkai\/","og_locale":"lt_LT","og_type":"article","og_title":"\u012e knyg\u0173 mug\u0117s \u0161urmul\u012f Vilniuje \u012fsisuko ir \u0161iluti\u0161kiai bibliotekininkai - \u0160ilut\u0117s naujienos","og_description":"Tradicin\u0117je keturioliktoje Vilniaus knyg\u0173 mug\u0117je\u20182013 sudalyvavo ir m\u016bs\u0173 kra\u0161to bibliotekininkai. Laiko parodoje jie neleido veltui &#8211; \u012fsiam\u017eino nuotraukoje su prezidente Dalia Grybauskaite, konsultavosi d\u0117l Lietuvinink\u0173 tarm\u0117s \u017eodyno parengimo leidybai. Litexpo parod\u0173 ir konferencij\u0173 centre vykusioje mug\u0117je \u0161\u012fmet dalyvavo 178 \u0161alies ir u\u017esienio leidyklos, 34 sve\u010diai i\u0161 vis\u0173 pasaulio kontinent\u0173. Originalus \u0161\u016bkis \u201e\u010cia knyg\u0173 erdv\u0117 \u2013 [&hellip;]","og_url":"https:\/\/www.silutesnaujienos.lt\/lt\/i-knygu-muges-surmuli-vilniuje-isisuko-ir-silutiskiai-bibliotekininkai\/","og_site_name":"\u0160ilut\u0117s naujienos","article_publisher":"https:\/\/www.facebook.com\/silutes.naujienos\/","article_published_time":"2013-03-02T14:00:00+00:00","og_image":[{"url":"\/\/silutesnaujienos.lt\/images\/stories\/2013\/03\/01\/thumbnails\/thumb_knygu_muge_su_grybauskaite.jpg","type":"","width":"","height":""}],"author":"\u0160ilut\u0117s naujien\u0173 inf.","twitter_card":"summary_large_image","twitter_misc":{"Written by":"\u0160ilut\u0117s naujien\u0173 inf.","Est. reading time":"3 minut\u0117s"},"schema":{"@context":"https:\/\/schema.org","@graph":[{"@type":"Article","@id":"https:\/\/www.silutesnaujienos.lt\/lt\/i-knygu-muges-surmuli-vilniuje-isisuko-ir-silutiskiai-bibliotekininkai\/#article","isPartOf":{"@id":"https:\/\/www.silutesnaujienos.lt\/lt\/i-knygu-muges-surmuli-vilniuje-isisuko-ir-silutiskiai-bibliotekininkai\/"},"author":{"name":"\u0160ilut\u0117s naujien\u0173 inf.","@id":"https:\/\/www.silutesnaujienos.lt\/lt\/#\/schema\/person\/232f475ddd4a7b5f49b3abc788b17e83"},"headline":"\u012e knyg\u0173 mug\u0117s \u0161urmul\u012f Vilniuje \u012fsisuko ir \u0161iluti\u0161kiai bibliotekininkai","datePublished":"2013-03-02T14:00:00+00:00","mainEntityOfPage":{"@id":"https:\/\/www.silutesnaujienos.lt\/lt\/i-knygu-muges-surmuli-vilniuje-isisuko-ir-silutiskiai-bibliotekininkai\/"},"wordCount":595,"commentCount":0,"publisher":{"@id":"https:\/\/www.silutesnaujienos.lt\/lt\/#organization"},"articleSection":["Kult\u016bra ir \u0161vietimas"],"inLanguage":"lt-LT","potentialAction":[{"@type":"CommentAction","name":"Comment","target":["https:\/\/www.silutesnaujienos.lt\/lt\/i-knygu-muges-surmuli-vilniuje-isisuko-ir-silutiskiai-bibliotekininkai\/#respond"]}]},{"@type":"WebPage","@id":"https:\/\/www.silutesnaujienos.lt\/lt\/i-knygu-muges-surmuli-vilniuje-isisuko-ir-silutiskiai-bibliotekininkai\/","url":"https:\/\/www.silutesnaujienos.lt\/lt\/i-knygu-muges-surmuli-vilniuje-isisuko-ir-silutiskiai-bibliotekininkai\/","name":"\u012e knyg\u0173 mug\u0117s \u0161urmul\u012f Vilniuje \u012fsisuko ir \u0161iluti\u0161kiai bibliotekininkai - \u0160ilut\u0117s naujienos","isPartOf":{"@id":"https:\/\/www.silutesnaujienos.lt\/lt\/#website"},"datePublished":"2013-03-02T14:00:00+00:00","breadcrumb":{"@id":"https:\/\/www.silutesnaujienos.lt\/lt\/i-knygu-muges-surmuli-vilniuje-isisuko-ir-silutiskiai-bibliotekininkai\/#breadcrumb"},"inLanguage":"lt-LT","potentialAction":[{"@type":"ReadAction","target":["https:\/\/www.silutesnaujienos.lt\/lt\/i-knygu-muges-surmuli-vilniuje-isisuko-ir-silutiskiai-bibliotekininkai\/"]}]},{"@type":"BreadcrumbList","@id":"https:\/\/www.silutesnaujienos.lt\/lt\/i-knygu-muges-surmuli-vilniuje-isisuko-ir-silutiskiai-bibliotekininkai\/#breadcrumb","itemListElement":[{"@type":"ListItem","position":1,"name":"Home","item":"https:\/\/www.silutesnaujienos.lt\/lt\/"},{"@type":"ListItem","position":2,"name":"\u012e knyg\u0173 mug\u0117s \u0161urmul\u012f Vilniuje \u012fsisuko ir \u0161iluti\u0161kiai bibliotekininkai"}]},{"@type":"WebSite","@id":"https:\/\/www.silutesnaujienos.lt\/lt\/#website","url":"https:\/\/www.silutesnaujienos.lt\/lt\/","name":"\u0160ilut\u0117s naujienos","description":"B\u016bk ant naujien\u0173 bangos!","publisher":{"@id":"https:\/\/www.silutesnaujienos.lt\/lt\/#organization"},"potentialAction":[{"@type":"SearchAction","target":{"@type":"EntryPoint","urlTemplate":"https:\/\/www.silutesnaujienos.lt\/lt\/?s={search_term_string}"},"query-input":{"@type":"PropertyValueSpecification","valueRequired":true,"valueName":"search_term_string"}}],"inLanguage":"lt-LT"},{"@type":"Organization","@id":"https:\/\/www.silutesnaujienos.lt\/lt\/#organization","name":"\u0160ilut\u0117s naujienos","url":"https:\/\/www.silutesnaujienos.lt\/lt\/","logo":{"@type":"ImageObject","inLanguage":"lt-LT","@id":"https:\/\/www.silutesnaujienos.lt\/lt\/#\/schema\/logo\/image\/","url":"https:\/\/www.silutesnaujienos.lt\/lt\/wp-content\/uploads\/2020\/06\/FB_MAIN.jpg","contentUrl":"https:\/\/www.silutesnaujienos.lt\/lt\/wp-content\/uploads\/2020\/06\/FB_MAIN.jpg","width":1700,"height":956,"caption":"\u0160ilut\u0117s naujienos"},"image":{"@id":"https:\/\/www.silutesnaujienos.lt\/lt\/#\/schema\/logo\/image\/"},"sameAs":["https:\/\/www.facebook.com\/silutes.naujienos\/","https:\/\/www.youtube.com\/channel\/UCxW-cgrJDt8GxIMxSTAfJZg"]},{"@type":"Person","@id":"https:\/\/www.silutesnaujienos.lt\/lt\/#\/schema\/person\/232f475ddd4a7b5f49b3abc788b17e83","name":"\u0160ilut\u0117s naujien\u0173 inf.","image":{"@type":"ImageObject","inLanguage":"lt-LT","@id":"https:\/\/www.silutesnaujienos.lt\/lt\/wp-content\/uploads\/2020\/06\/favicon.png","url":"https:\/\/www.silutesnaujienos.lt\/lt\/wp-content\/uploads\/2020\/06\/favicon.png","contentUrl":"https:\/\/www.silutesnaujienos.lt\/lt\/wp-content\/uploads\/2020\/06\/favicon.png","caption":"\u0160ilut\u0117s naujien\u0173 inf."},"sameAs":["https:\/\/www.silutesnaujienos.lt\/lt"],"url":"https:\/\/www.silutesnaujienos.lt\/lt\/author\/ruta\/"}]}},"publishpress_future_workflow_manual_trigger":{"enabledWorkflows":[]},"amp_enabled":true,"_links":{"self":[{"href":"https:\/\/www.silutesnaujienos.lt\/lt\/wp-json\/wp\/v2\/posts\/6256","targetHints":{"allow":["GET"]}}],"collection":[{"href":"https:\/\/www.silutesnaujienos.lt\/lt\/wp-json\/wp\/v2\/posts"}],"about":[{"href":"https:\/\/www.silutesnaujienos.lt\/lt\/wp-json\/wp\/v2\/types\/post"}],"author":[{"embeddable":true,"href":"https:\/\/www.silutesnaujienos.lt\/lt\/wp-json\/wp\/v2\/users\/1"}],"replies":[{"embeddable":true,"href":"https:\/\/www.silutesnaujienos.lt\/lt\/wp-json\/wp\/v2\/comments?post=6256"}],"version-history":[{"count":0,"href":"https:\/\/www.silutesnaujienos.lt\/lt\/wp-json\/wp\/v2\/posts\/6256\/revisions"}],"wp:attachment":[{"href":"https:\/\/www.silutesnaujienos.lt\/lt\/wp-json\/wp\/v2\/media?parent=6256"}],"wp:term":[{"taxonomy":"category","embeddable":true,"href":"https:\/\/www.silutesnaujienos.lt\/lt\/wp-json\/wp\/v2\/categories?post=6256"},{"taxonomy":"post_tag","embeddable":true,"href":"https:\/\/www.silutesnaujienos.lt\/lt\/wp-json\/wp\/v2\/tags?post=6256"}],"curies":[{"name":"wp","href":"https:\/\/api.w.org\/{rel}","templated":true}]}}