{"id":6258,"date":"2013-03-04T18:00:00","date_gmt":"2013-03-04T20:00:00","guid":{"rendered":"https:\/\/www.silutesnaujienos.lt\/lt\/kovo-9-osios-lietuvos-dienos-proga-versme-skelbia-konkursa\/"},"modified":"2013-03-04T18:00:00","modified_gmt":"2013-03-04T20:00:00","slug":"kovo-9-osios-lietuvos-dienos-proga-versme-skelbia-konkursa","status":"publish","type":"post","link":"https:\/\/www.silutesnaujienos.lt\/lt\/kovo-9-osios-lietuvos-dienos-proga-versme-skelbia-konkursa\/","title":{"rendered":"Kovo 9-osios &#8211; Lietuvos dienos proga \u201eVersm\u0117\u201c skelbia konkurs\u0105"},"content":{"rendered":"<p><a target=\"_blank\" rel=\"caption[veidas.lt nuotr.] noopener noreferrer\" class=\"jcepopup\" href=\"\/\/silutesnaujienos.lt\/images\/stories\/2013\/03\/05\/lietuvos_veliava2-794210.jpg\" data-rel=\"lightbox-gallery-FQuH3SLS\" data-rl_title=\"\" data-rl_caption=\"\"><img loading=\"lazy\" decoding=\"async\" style=\"margin: 5px; float: left;\" class=\"caption\" title=\"\" alt=\"lietuvos veliava2-794210\" src=\"\/\/silutesnaujienos.lt\/images\/stories\/2013\/03\/05\/thumbnails\/thumb_lietuvos_veliava2-794210.jpg\" height=\"230\" width=\"307\" \/><\/a><strong>\u201e\u0160ventasis Brunonas, dar vadinamas Bonifacijumi, arkivyskupas ir vienuolis, vienuoliktaisiais savo atsivertimo metais Rusios ir Lietuvos pasienyje pagoni\u0173 u\u017emu\u0161tas su a\u0161tuoniolika savi\u0161ki\u0173 kovo 9 dien\u0105 nukeliavo \u012f dang\u0173.\u201c<\/strong><\/p>\n<p>\u0160iame Vokietijos Kvedlinburgo miesto moter\u0173 vienuolyno lotyno kalba ra\u0161yto metra\u0161\u010dio sakinyje, apra\u0161an\u010diame 1009 met\u0173 kovo 9-osios \u012fvykius, buvo pirm\u0105 kart\u0105 pamin\u0117ta Lietuva (Lituae), o 2009-aisiais visi i\u0161kilmingai min\u0117jome diding\u0105 \u0161io \u012fvykio 1000-met\u012f &#8211; Lietuvos t\u016bkstantmet\u012f.<\/p>\n<p>Dar daug tur\u0117jo praeiti met\u0173 ir \u0161imtme\u010di\u0173, kol patys \u0117m\u0117me j\u012f ra\u0161yti ir tebera\u0161ome taip, kaip per am\u017eius tariame &#8211; LIETUVA.<\/p>\n<p>Tad prasminga Kovo 9-\u0105j\u0105 &#8211; pirmojo \u017einomo ra\u0161ytinio Lietuvos pamin\u0117jimo, garsinimo dien\u0105 skirti Lietuvai pagerbti, Lietuvos vardui ir lietuvybei pasaulyje skleisti, ir \u0161i\u0105 dien\u0105 visiems Lietuvos bi\u010diuliams kasmet min\u0117ti Lietuvos dien\u0105.<\/p>\n<p><strong>&#8222;Versm\u0117s&#8221; konkursas<\/strong><\/p>\n<p>&#8222;Versm\u0117s&#8221; leidykla maloniai jus kvie\u010dia kovo 9-\u0105j\u0105 (o moksleivius ir kitus jauniausius konkurso dalyvius &#8211; kovo 8-\u0105j\u0105, penktadien\u012f) kartu su visa Lietuva dalyvauti kasmetiniame leidyklos Lietuvos vardo pirmojo ra\u0161ytinio pamin\u0117jimo renginyje &#8211; konkurse &#8222;Ra\u0161au Lietuvos vard\u0105&#8221;.<\/p>\n<p>\u0160i\u0105 dien\u0105 su meile u\u017era\u0161ykime ir paskleiskime po pasaul\u012f \u017eod\u012f LIETUVA &#8211; kuo prasmingiau, \u012fsp\u016bdingiau, gra\u017eiau, naujovi\u0161kiau&#8230;<\/p>\n<p>Savo u\u017era\u0161yto \u017eod\u017eio LIETUVA nuotraukas ar pa\u010dius k\u016brinius kartu su palink\u0117jimais ir atsiliepimais pra\u0161oma atsi\u0173sti iki kovo 15 dienos adresu <strong><a href=\"mailto:lietuvai1000@versme.lt\">lietuvai1000@versme.lt<\/a> <\/strong>arba paprastu pa\u0161tu<strong> &#8211; &#8222;Versm\u0117s&#8221; leidyklai, Gele\u017einkelio g. 6, 02100 Vilnius.<\/strong><\/p>\n<p>Gra\u017eiausi\u0173 ir prasmingiausi\u0173 u\u017era\u0161\u0173 autoriai, kaip ir kasmet, bus apdovanoti &#8222;Versm\u0117s&#8221; leidyklos bei konkurso partneri\u0173 \u012fsteigtais prizais, o visi gauti darbai kartu su ankstesni\u0173 met\u0173 konkurso darbais bus skelbiami leidyklos interneto svetain\u0117je www.versme.lt\/LIETUVOSDIENA, taip pat ir spaudoje.<\/p>\n<p>Daugiau informacijos apie konkurs\u0105 rasite interneto svetain\u0117je www.versm\u0117.lt.<\/p>\n<p>&#8222;Versm\u0117s&#8221; leidykla maloniai laukia j\u016bs\u0173 dalyvavimo ir gra\u017ei\u0173 darb\u0173!<\/p>\n","protected":false},"excerpt":{"rendered":"<p>\u201e\u0160ventasis Brunonas, dar vadinamas Bonifacijumi, arkivyskupas ir vienuolis, vienuoliktaisiais savo atsivertimo metais Rusios ir Lietuvos pasienyje pagoni\u0173 u\u017emu\u0161tas su a\u0161tuoniolika savi\u0161ki\u0173 kovo 9 dien\u0105 nukeliavo \u012f dang\u0173.\u201c \u0160iame Vokietijos Kvedlinburgo miesto moter\u0173 vienuolyno lotyno kalba ra\u0161yto metra\u0161\u010dio sakinyje, apra\u0161an\u010diame 1009 met\u0173 kovo 9-osios \u012fvykius, buvo pirm\u0105 kart\u0105 pamin\u0117ta Lietuva (Lituae), o 2009-aisiais visi i\u0161kilmingai min\u0117jome [&hellip;]<\/p>\n","protected":false},"author":1,"featured_media":0,"comment_status":"open","ping_status":"open","sticky":false,"template":"","format":"standard","meta":{"footnotes":""},"categories":[51],"tags":[],"class_list":{"0":"post-6258","1":"post","2":"type-post","3":"status-publish","4":"format-standard","6":"category-kultura-ir-svietimas"},"yoast_head":"<!-- This site is optimized with the Yoast SEO plugin v27.4 - https:\/\/yoast.com\/product\/yoast-seo-wordpress\/ -->\n<title>Kovo 9-osios - Lietuvos dienos proga \u201eVersm\u0117\u201c skelbia konkurs\u0105 - \u0160ilut\u0117s naujienos<\/title>\n<meta name=\"robots\" content=\"index, follow, max-snippet:-1, max-image-preview:large, max-video-preview:-1\" \/>\n<link rel=\"canonical\" href=\"https:\/\/www.silutesnaujienos.lt\/lt\/kovo-9-osios-lietuvos-dienos-proga-versme-skelbia-konkursa\/\" \/>\n<meta property=\"og:locale\" content=\"lt_LT\" \/>\n<meta property=\"og:type\" content=\"article\" \/>\n<meta property=\"og:title\" content=\"Kovo 9-osios - Lietuvos dienos proga \u201eVersm\u0117\u201c skelbia konkurs\u0105 - \u0160ilut\u0117s naujienos\" \/>\n<meta property=\"og:description\" content=\"\u201e\u0160ventasis Brunonas, dar vadinamas Bonifacijumi, arkivyskupas ir vienuolis, vienuoliktaisiais savo atsivertimo metais Rusios ir Lietuvos pasienyje pagoni\u0173 u\u017emu\u0161tas su a\u0161tuoniolika savi\u0161ki\u0173 kovo 9 dien\u0105 nukeliavo \u012f dang\u0173.\u201c \u0160iame Vokietijos Kvedlinburgo miesto moter\u0173 vienuolyno lotyno kalba ra\u0161yto metra\u0161\u010dio sakinyje, apra\u0161an\u010diame 1009 met\u0173 kovo 9-osios \u012fvykius, buvo pirm\u0105 kart\u0105 pamin\u0117ta Lietuva (Lituae), o 2009-aisiais visi i\u0161kilmingai min\u0117jome [&hellip;]\" \/>\n<meta property=\"og:url\" content=\"https:\/\/www.silutesnaujienos.lt\/lt\/kovo-9-osios-lietuvos-dienos-proga-versme-skelbia-konkursa\/\" \/>\n<meta property=\"og:site_name\" content=\"\u0160ilut\u0117s naujienos\" \/>\n<meta property=\"article:publisher\" content=\"https:\/\/www.facebook.com\/silutes.naujienos\/\" \/>\n<meta property=\"article:published_time\" content=\"2013-03-04T20:00:00+00:00\" \/>\n<meta property=\"og:image\" content=\"\/\/silutesnaujienos.lt\/images\/stories\/2013\/03\/05\/thumbnails\/thumb_lietuvos_veliava2-794210.jpg\" \/>\n<meta name=\"author\" content=\"\u0160ilut\u0117s naujien\u0173 inf.\" \/>\n<meta name=\"twitter:card\" content=\"summary_large_image\" \/>\n<meta name=\"twitter:label1\" content=\"Written by\" \/>\n\t<meta name=\"twitter:data1\" content=\"\u0160ilut\u0117s naujien\u0173 inf.\" \/>\n\t<meta name=\"twitter:label2\" content=\"Est. reading time\" \/>\n\t<meta name=\"twitter:data2\" content=\"2 minut\u0117s\" \/>\n<script type=\"application\/ld+json\" class=\"yoast-schema-graph\">{\"@context\":\"https:\\\/\\\/schema.org\",\"@graph\":[{\"@type\":\"Article\",\"@id\":\"https:\\\/\\\/www.silutesnaujienos.lt\\\/lt\\\/kovo-9-osios-lietuvos-dienos-proga-versme-skelbia-konkursa\\\/#article\",\"isPartOf\":{\"@id\":\"https:\\\/\\\/www.silutesnaujienos.lt\\\/lt\\\/kovo-9-osios-lietuvos-dienos-proga-versme-skelbia-konkursa\\\/\"},\"author\":{\"name\":\"\u0160ilut\u0117s naujien\u0173 inf.\",\"@id\":\"https:\\\/\\\/www.silutesnaujienos.lt\\\/lt\\\/#\\\/schema\\\/person\\\/232f475ddd4a7b5f49b3abc788b17e83\"},\"headline\":\"Kovo 9-osios &#8211; Lietuvos dienos proga \u201eVersm\u0117\u201c skelbia konkurs\u0105\",\"datePublished\":\"2013-03-04T20:00:00+00:00\",\"mainEntityOfPage\":{\"@id\":\"https:\\\/\\\/www.silutesnaujienos.lt\\\/lt\\\/kovo-9-osios-lietuvos-dienos-proga-versme-skelbia-konkursa\\\/\"},\"wordCount\":320,\"commentCount\":0,\"publisher\":{\"@id\":\"https:\\\/\\\/www.silutesnaujienos.lt\\\/lt\\\/#organization\"},\"articleSection\":[\"Kult\u016bra ir \u0161vietimas\"],\"inLanguage\":\"lt-LT\",\"potentialAction\":[{\"@type\":\"CommentAction\",\"name\":\"Comment\",\"target\":[\"https:\\\/\\\/www.silutesnaujienos.lt\\\/lt\\\/kovo-9-osios-lietuvos-dienos-proga-versme-skelbia-konkursa\\\/#respond\"]}]},{\"@type\":\"WebPage\",\"@id\":\"https:\\\/\\\/www.silutesnaujienos.lt\\\/lt\\\/kovo-9-osios-lietuvos-dienos-proga-versme-skelbia-konkursa\\\/\",\"url\":\"https:\\\/\\\/www.silutesnaujienos.lt\\\/lt\\\/kovo-9-osios-lietuvos-dienos-proga-versme-skelbia-konkursa\\\/\",\"name\":\"Kovo 9-osios - Lietuvos dienos proga \u201eVersm\u0117\u201c skelbia konkurs\u0105 - \u0160ilut\u0117s naujienos\",\"isPartOf\":{\"@id\":\"https:\\\/\\\/www.silutesnaujienos.lt\\\/lt\\\/#website\"},\"datePublished\":\"2013-03-04T20:00:00+00:00\",\"breadcrumb\":{\"@id\":\"https:\\\/\\\/www.silutesnaujienos.lt\\\/lt\\\/kovo-9-osios-lietuvos-dienos-proga-versme-skelbia-konkursa\\\/#breadcrumb\"},\"inLanguage\":\"lt-LT\",\"potentialAction\":[{\"@type\":\"ReadAction\",\"target\":[\"https:\\\/\\\/www.silutesnaujienos.lt\\\/lt\\\/kovo-9-osios-lietuvos-dienos-proga-versme-skelbia-konkursa\\\/\"]}]},{\"@type\":\"BreadcrumbList\",\"@id\":\"https:\\\/\\\/www.silutesnaujienos.lt\\\/lt\\\/kovo-9-osios-lietuvos-dienos-proga-versme-skelbia-konkursa\\\/#breadcrumb\",\"itemListElement\":[{\"@type\":\"ListItem\",\"position\":1,\"name\":\"Home\",\"item\":\"https:\\\/\\\/www.silutesnaujienos.lt\\\/lt\\\/\"},{\"@type\":\"ListItem\",\"position\":2,\"name\":\"Kovo 9-osios &#8211; Lietuvos dienos proga \u201eVersm\u0117\u201c skelbia konkurs\u0105\"}]},{\"@type\":\"WebSite\",\"@id\":\"https:\\\/\\\/www.silutesnaujienos.lt\\\/lt\\\/#website\",\"url\":\"https:\\\/\\\/www.silutesnaujienos.lt\\\/lt\\\/\",\"name\":\"\u0160ilut\u0117s naujienos\",\"description\":\"B\u016bk ant naujien\u0173 bangos!\",\"publisher\":{\"@id\":\"https:\\\/\\\/www.silutesnaujienos.lt\\\/lt\\\/#organization\"},\"potentialAction\":[{\"@type\":\"SearchAction\",\"target\":{\"@type\":\"EntryPoint\",\"urlTemplate\":\"https:\\\/\\\/www.silutesnaujienos.lt\\\/lt\\\/?s={search_term_string}\"},\"query-input\":{\"@type\":\"PropertyValueSpecification\",\"valueRequired\":true,\"valueName\":\"search_term_string\"}}],\"inLanguage\":\"lt-LT\"},{\"@type\":\"Organization\",\"@id\":\"https:\\\/\\\/www.silutesnaujienos.lt\\\/lt\\\/#organization\",\"name\":\"\u0160ilut\u0117s naujienos\",\"url\":\"https:\\\/\\\/www.silutesnaujienos.lt\\\/lt\\\/\",\"logo\":{\"@type\":\"ImageObject\",\"inLanguage\":\"lt-LT\",\"@id\":\"https:\\\/\\\/www.silutesnaujienos.lt\\\/lt\\\/#\\\/schema\\\/logo\\\/image\\\/\",\"url\":\"https:\\\/\\\/www.silutesnaujienos.lt\\\/lt\\\/wp-content\\\/uploads\\\/2020\\\/06\\\/FB_MAIN.jpg\",\"contentUrl\":\"https:\\\/\\\/www.silutesnaujienos.lt\\\/lt\\\/wp-content\\\/uploads\\\/2020\\\/06\\\/FB_MAIN.jpg\",\"width\":1700,\"height\":956,\"caption\":\"\u0160ilut\u0117s naujienos\"},\"image\":{\"@id\":\"https:\\\/\\\/www.silutesnaujienos.lt\\\/lt\\\/#\\\/schema\\\/logo\\\/image\\\/\"},\"sameAs\":[\"https:\\\/\\\/www.facebook.com\\\/silutes.naujienos\\\/\",\"https:\\\/\\\/www.youtube.com\\\/channel\\\/UCxW-cgrJDt8GxIMxSTAfJZg\"]},{\"@type\":\"Person\",\"@id\":\"https:\\\/\\\/www.silutesnaujienos.lt\\\/lt\\\/#\\\/schema\\\/person\\\/232f475ddd4a7b5f49b3abc788b17e83\",\"name\":\"\u0160ilut\u0117s naujien\u0173 inf.\",\"image\":{\"@type\":\"ImageObject\",\"inLanguage\":\"lt-LT\",\"@id\":\"https:\\\/\\\/www.silutesnaujienos.lt\\\/lt\\\/wp-content\\\/uploads\\\/2020\\\/06\\\/favicon.png\",\"url\":\"https:\\\/\\\/www.silutesnaujienos.lt\\\/lt\\\/wp-content\\\/uploads\\\/2020\\\/06\\\/favicon.png\",\"contentUrl\":\"https:\\\/\\\/www.silutesnaujienos.lt\\\/lt\\\/wp-content\\\/uploads\\\/2020\\\/06\\\/favicon.png\",\"caption\":\"\u0160ilut\u0117s naujien\u0173 inf.\"},\"sameAs\":[\"https:\\\/\\\/www.silutesnaujienos.lt\\\/lt\"],\"url\":\"https:\\\/\\\/www.silutesnaujienos.lt\\\/lt\\\/author\\\/ruta\\\/\"}]}<\/script>\n<!-- \/ Yoast SEO plugin. -->","yoast_head_json":{"title":"Kovo 9-osios - Lietuvos dienos proga \u201eVersm\u0117\u201c skelbia konkurs\u0105 - \u0160ilut\u0117s naujienos","robots":{"index":"index","follow":"follow","max-snippet":"max-snippet:-1","max-image-preview":"max-image-preview:large","max-video-preview":"max-video-preview:-1"},"canonical":"https:\/\/www.silutesnaujienos.lt\/lt\/kovo-9-osios-lietuvos-dienos-proga-versme-skelbia-konkursa\/","og_locale":"lt_LT","og_type":"article","og_title":"Kovo 9-osios - Lietuvos dienos proga \u201eVersm\u0117\u201c skelbia konkurs\u0105 - \u0160ilut\u0117s naujienos","og_description":"\u201e\u0160ventasis Brunonas, dar vadinamas Bonifacijumi, arkivyskupas ir vienuolis, vienuoliktaisiais savo atsivertimo metais Rusios ir Lietuvos pasienyje pagoni\u0173 u\u017emu\u0161tas su a\u0161tuoniolika savi\u0161ki\u0173 kovo 9 dien\u0105 nukeliavo \u012f dang\u0173.\u201c \u0160iame Vokietijos Kvedlinburgo miesto moter\u0173 vienuolyno lotyno kalba ra\u0161yto metra\u0161\u010dio sakinyje, apra\u0161an\u010diame 1009 met\u0173 kovo 9-osios \u012fvykius, buvo pirm\u0105 kart\u0105 pamin\u0117ta Lietuva (Lituae), o 2009-aisiais visi i\u0161kilmingai min\u0117jome [&hellip;]","og_url":"https:\/\/www.silutesnaujienos.lt\/lt\/kovo-9-osios-lietuvos-dienos-proga-versme-skelbia-konkursa\/","og_site_name":"\u0160ilut\u0117s naujienos","article_publisher":"https:\/\/www.facebook.com\/silutes.naujienos\/","article_published_time":"2013-03-04T20:00:00+00:00","og_image":[{"url":"\/\/silutesnaujienos.lt\/images\/stories\/2013\/03\/05\/thumbnails\/thumb_lietuvos_veliava2-794210.jpg","type":"","width":"","height":""}],"author":"\u0160ilut\u0117s naujien\u0173 inf.","twitter_card":"summary_large_image","twitter_misc":{"Written by":"\u0160ilut\u0117s naujien\u0173 inf.","Est. reading time":"2 minut\u0117s"},"schema":{"@context":"https:\/\/schema.org","@graph":[{"@type":"Article","@id":"https:\/\/www.silutesnaujienos.lt\/lt\/kovo-9-osios-lietuvos-dienos-proga-versme-skelbia-konkursa\/#article","isPartOf":{"@id":"https:\/\/www.silutesnaujienos.lt\/lt\/kovo-9-osios-lietuvos-dienos-proga-versme-skelbia-konkursa\/"},"author":{"name":"\u0160ilut\u0117s naujien\u0173 inf.","@id":"https:\/\/www.silutesnaujienos.lt\/lt\/#\/schema\/person\/232f475ddd4a7b5f49b3abc788b17e83"},"headline":"Kovo 9-osios &#8211; Lietuvos dienos proga \u201eVersm\u0117\u201c skelbia konkurs\u0105","datePublished":"2013-03-04T20:00:00+00:00","mainEntityOfPage":{"@id":"https:\/\/www.silutesnaujienos.lt\/lt\/kovo-9-osios-lietuvos-dienos-proga-versme-skelbia-konkursa\/"},"wordCount":320,"commentCount":0,"publisher":{"@id":"https:\/\/www.silutesnaujienos.lt\/lt\/#organization"},"articleSection":["Kult\u016bra ir \u0161vietimas"],"inLanguage":"lt-LT","potentialAction":[{"@type":"CommentAction","name":"Comment","target":["https:\/\/www.silutesnaujienos.lt\/lt\/kovo-9-osios-lietuvos-dienos-proga-versme-skelbia-konkursa\/#respond"]}]},{"@type":"WebPage","@id":"https:\/\/www.silutesnaujienos.lt\/lt\/kovo-9-osios-lietuvos-dienos-proga-versme-skelbia-konkursa\/","url":"https:\/\/www.silutesnaujienos.lt\/lt\/kovo-9-osios-lietuvos-dienos-proga-versme-skelbia-konkursa\/","name":"Kovo 9-osios - Lietuvos dienos proga \u201eVersm\u0117\u201c skelbia konkurs\u0105 - \u0160ilut\u0117s naujienos","isPartOf":{"@id":"https:\/\/www.silutesnaujienos.lt\/lt\/#website"},"datePublished":"2013-03-04T20:00:00+00:00","breadcrumb":{"@id":"https:\/\/www.silutesnaujienos.lt\/lt\/kovo-9-osios-lietuvos-dienos-proga-versme-skelbia-konkursa\/#breadcrumb"},"inLanguage":"lt-LT","potentialAction":[{"@type":"ReadAction","target":["https:\/\/www.silutesnaujienos.lt\/lt\/kovo-9-osios-lietuvos-dienos-proga-versme-skelbia-konkursa\/"]}]},{"@type":"BreadcrumbList","@id":"https:\/\/www.silutesnaujienos.lt\/lt\/kovo-9-osios-lietuvos-dienos-proga-versme-skelbia-konkursa\/#breadcrumb","itemListElement":[{"@type":"ListItem","position":1,"name":"Home","item":"https:\/\/www.silutesnaujienos.lt\/lt\/"},{"@type":"ListItem","position":2,"name":"Kovo 9-osios &#8211; Lietuvos dienos proga \u201eVersm\u0117\u201c skelbia konkurs\u0105"}]},{"@type":"WebSite","@id":"https:\/\/www.silutesnaujienos.lt\/lt\/#website","url":"https:\/\/www.silutesnaujienos.lt\/lt\/","name":"\u0160ilut\u0117s naujienos","description":"B\u016bk ant naujien\u0173 bangos!","publisher":{"@id":"https:\/\/www.silutesnaujienos.lt\/lt\/#organization"},"potentialAction":[{"@type":"SearchAction","target":{"@type":"EntryPoint","urlTemplate":"https:\/\/www.silutesnaujienos.lt\/lt\/?s={search_term_string}"},"query-input":{"@type":"PropertyValueSpecification","valueRequired":true,"valueName":"search_term_string"}}],"inLanguage":"lt-LT"},{"@type":"Organization","@id":"https:\/\/www.silutesnaujienos.lt\/lt\/#organization","name":"\u0160ilut\u0117s naujienos","url":"https:\/\/www.silutesnaujienos.lt\/lt\/","logo":{"@type":"ImageObject","inLanguage":"lt-LT","@id":"https:\/\/www.silutesnaujienos.lt\/lt\/#\/schema\/logo\/image\/","url":"https:\/\/www.silutesnaujienos.lt\/lt\/wp-content\/uploads\/2020\/06\/FB_MAIN.jpg","contentUrl":"https:\/\/www.silutesnaujienos.lt\/lt\/wp-content\/uploads\/2020\/06\/FB_MAIN.jpg","width":1700,"height":956,"caption":"\u0160ilut\u0117s naujienos"},"image":{"@id":"https:\/\/www.silutesnaujienos.lt\/lt\/#\/schema\/logo\/image\/"},"sameAs":["https:\/\/www.facebook.com\/silutes.naujienos\/","https:\/\/www.youtube.com\/channel\/UCxW-cgrJDt8GxIMxSTAfJZg"]},{"@type":"Person","@id":"https:\/\/www.silutesnaujienos.lt\/lt\/#\/schema\/person\/232f475ddd4a7b5f49b3abc788b17e83","name":"\u0160ilut\u0117s naujien\u0173 inf.","image":{"@type":"ImageObject","inLanguage":"lt-LT","@id":"https:\/\/www.silutesnaujienos.lt\/lt\/wp-content\/uploads\/2020\/06\/favicon.png","url":"https:\/\/www.silutesnaujienos.lt\/lt\/wp-content\/uploads\/2020\/06\/favicon.png","contentUrl":"https:\/\/www.silutesnaujienos.lt\/lt\/wp-content\/uploads\/2020\/06\/favicon.png","caption":"\u0160ilut\u0117s naujien\u0173 inf."},"sameAs":["https:\/\/www.silutesnaujienos.lt\/lt"],"url":"https:\/\/www.silutesnaujienos.lt\/lt\/author\/ruta\/"}]}},"publishpress_future_workflow_manual_trigger":{"enabledWorkflows":[]},"amp_enabled":true,"_links":{"self":[{"href":"https:\/\/www.silutesnaujienos.lt\/lt\/wp-json\/wp\/v2\/posts\/6258","targetHints":{"allow":["GET"]}}],"collection":[{"href":"https:\/\/www.silutesnaujienos.lt\/lt\/wp-json\/wp\/v2\/posts"}],"about":[{"href":"https:\/\/www.silutesnaujienos.lt\/lt\/wp-json\/wp\/v2\/types\/post"}],"author":[{"embeddable":true,"href":"https:\/\/www.silutesnaujienos.lt\/lt\/wp-json\/wp\/v2\/users\/1"}],"replies":[{"embeddable":true,"href":"https:\/\/www.silutesnaujienos.lt\/lt\/wp-json\/wp\/v2\/comments?post=6258"}],"version-history":[{"count":0,"href":"https:\/\/www.silutesnaujienos.lt\/lt\/wp-json\/wp\/v2\/posts\/6258\/revisions"}],"wp:attachment":[{"href":"https:\/\/www.silutesnaujienos.lt\/lt\/wp-json\/wp\/v2\/media?parent=6258"}],"wp:term":[{"taxonomy":"category","embeddable":true,"href":"https:\/\/www.silutesnaujienos.lt\/lt\/wp-json\/wp\/v2\/categories?post=6258"},{"taxonomy":"post_tag","embeddable":true,"href":"https:\/\/www.silutesnaujienos.lt\/lt\/wp-json\/wp\/v2\/tags?post=6258"}],"curies":[{"name":"wp","href":"https:\/\/api.w.org\/{rel}","templated":true}]}}