{"id":6260,"date":"2013-03-08T16:00:00","date_gmt":"2013-03-08T18:00:00","guid":{"rendered":"https:\/\/www.silutesnaujienos.lt\/lt\/karcemele-dave-garo-lrt-televizijoje-ir-vilniaus-kaziuko-mugeje\/"},"modified":"2013-03-08T16:00:00","modified_gmt":"2013-03-08T18:00:00","slug":"karcemele-dave-garo-lrt-televizijoje-ir-vilniaus-kaziuko-mugeje","status":"publish","type":"post","link":"https:\/\/www.silutesnaujienos.lt\/lt\/karcemele-dave-garo-lrt-televizijoje-ir-vilniaus-kaziuko-mugeje\/","title":{"rendered":"&#8222;Kar\u010dem\u0117l\u0117&#8221; dav\u0117 garo LRT televizijoje ir Vilniaus Kaziuko mug\u0117je"},"content":{"rendered":"<p><strong><a target=\"_blank\" class=\"jcepopup\" href=\"\/\/silutesnaujienos.lt\/images\/stories\/2013\/03\/07\/karcem.jpg\" rel=\"noopener noreferrer\" data-rel=\"lightbox-gallery-tkQHjYht\" data-rl_title=\"\" data-rl_caption=\"\" title=\"\"><img loading=\"lazy\" decoding=\"async\" style=\"margin: 5px; float: left;\" alt=\"karcem\" src=\"\/\/silutesnaujienos.lt\/images\/stories\/2013\/03\/07\/thumbnails\/thumb_karcem.jpg\" height=\"230\" width=\"307\" \/><\/a>Pirmojoje pavasarin\u0117je &#8222;Duokim garo&#8221; laidoje pra\u0117jus\u012f penktadien\u012f sve\u010diavosi \u0160ilut\u0117s jaunimo kantri grup\u0117 &#8222;Kar\u010dem\u0117l\u0117&#8221;, vadovaujama Vyganto Sto\u0161kaus.<\/strong><\/p>\n<p>\u012elingav\u0119 televizijos \u017ei\u016brovus \u0161iluti\u0161kiai tuo savo pasirodymo sostin\u0117je nebaig\u0117. \u012esik\u016brusi Vilniaus \u0161irdyje, netoli Katedros, &#8222;Kar\u010dem\u0117l\u0117&#8221; tris dienas ekstremaliomis oro s\u0105ygomis linksmino Kaziuko mug\u0117s dalyvius ir sve\u010dius.<\/p>\n<p><em>&#8222;Kar\u010dem\u0117l\u0117s&#8221; vie\u0161nag\u0117s Vilniuje akimirkos &#8211; <a href=\"http:\/\/www.silutesnaujienos.lt\/index.php\/foto-galerijos\/kareml-vilniuje\"><span style=\"font-size: 10pt;\"><strong>nuotrauk\u0173 &#8222;Galerijoje&#8221;.<\/strong><\/span><\/a><\/p>\n<p><\/em><\/p>\n","protected":false},"excerpt":{"rendered":"<p>Pirmojoje pavasarin\u0117je &#8222;Duokim garo&#8221; laidoje pra\u0117jus\u012f penktadien\u012f sve\u010diavosi \u0160ilut\u0117s jaunimo kantri grup\u0117 &#8222;Kar\u010dem\u0117l\u0117&#8221;, vadovaujama Vyganto Sto\u0161kaus. \u012elingav\u0119 televizijos \u017ei\u016brovus \u0161iluti\u0161kiai tuo savo pasirodymo sostin\u0117je nebaig\u0117. \u012esik\u016brusi Vilniaus \u0161irdyje, netoli Katedros, &#8222;Kar\u010dem\u0117l\u0117&#8221; tris dienas ekstremaliomis oro s\u0105ygomis linksmino Kaziuko mug\u0117s dalyvius ir sve\u010dius. &#8222;Kar\u010dem\u0117l\u0117s&#8221; vie\u0161nag\u0117s Vilniuje akimirkos &#8211; nuotrauk\u0173 &#8222;Galerijoje&#8221;.<\/p>\n","protected":false},"author":1,"featured_media":0,"comment_status":"open","ping_status":"open","sticky":false,"template":"","format":"standard","meta":{"footnotes":""},"categories":[51],"tags":[],"class_list":{"0":"post-6260","1":"post","2":"type-post","3":"status-publish","4":"format-standard","6":"category-kultura-ir-svietimas"},"yoast_head":"<!-- This site is optimized with the Yoast SEO plugin v27.5 - https:\/\/yoast.com\/product\/yoast-seo-wordpress\/ -->\n<title>&quot;Kar\u010dem\u0117l\u0117&quot; dav\u0117 garo LRT televizijoje ir Vilniaus Kaziuko mug\u0117je - \u0160ilut\u0117s naujienos<\/title>\n<meta name=\"robots\" content=\"index, follow, max-snippet:-1, max-image-preview:large, max-video-preview:-1\" \/>\n<link rel=\"canonical\" href=\"https:\/\/www.silutesnaujienos.lt\/lt\/karcemele-dave-garo-lrt-televizijoje-ir-vilniaus-kaziuko-mugeje\/\" \/>\n<meta property=\"og:locale\" content=\"lt_LT\" \/>\n<meta property=\"og:type\" content=\"article\" \/>\n<meta property=\"og:title\" content=\"&quot;Kar\u010dem\u0117l\u0117&quot; dav\u0117 garo LRT televizijoje ir Vilniaus Kaziuko mug\u0117je - \u0160ilut\u0117s naujienos\" \/>\n<meta property=\"og:description\" content=\"Pirmojoje pavasarin\u0117je &#8222;Duokim garo&#8221; laidoje pra\u0117jus\u012f penktadien\u012f sve\u010diavosi \u0160ilut\u0117s jaunimo kantri grup\u0117 &#8222;Kar\u010dem\u0117l\u0117&#8221;, vadovaujama Vyganto Sto\u0161kaus. \u012elingav\u0119 televizijos \u017ei\u016brovus \u0161iluti\u0161kiai tuo savo pasirodymo sostin\u0117je nebaig\u0117. \u012esik\u016brusi Vilniaus \u0161irdyje, netoli Katedros, &#8222;Kar\u010dem\u0117l\u0117&#8221; tris dienas ekstremaliomis oro s\u0105ygomis linksmino Kaziuko mug\u0117s dalyvius ir sve\u010dius. &#8222;Kar\u010dem\u0117l\u0117s&#8221; vie\u0161nag\u0117s Vilniuje akimirkos &#8211; nuotrauk\u0173 &#8222;Galerijoje&#8221;.\" \/>\n<meta property=\"og:url\" content=\"https:\/\/www.silutesnaujienos.lt\/lt\/karcemele-dave-garo-lrt-televizijoje-ir-vilniaus-kaziuko-mugeje\/\" \/>\n<meta property=\"og:site_name\" content=\"\u0160ilut\u0117s naujienos\" \/>\n<meta property=\"article:publisher\" content=\"https:\/\/www.facebook.com\/silutes.naujienos\/\" \/>\n<meta property=\"article:published_time\" content=\"2013-03-08T18:00:00+00:00\" \/>\n<meta property=\"og:image\" content=\"\/\/silutesnaujienos.lt\/images\/stories\/2013\/03\/07\/thumbnails\/thumb_karcem.jpg\" \/>\n<meta name=\"author\" content=\"\u0160ilut\u0117s naujien\u0173 inf.\" \/>\n<meta name=\"twitter:card\" content=\"summary_large_image\" \/>\n<meta name=\"twitter:label1\" content=\"Written by\" \/>\n\t<meta name=\"twitter:data1\" content=\"\u0160ilut\u0117s naujien\u0173 inf.\" \/>\n<script type=\"application\/ld+json\" class=\"yoast-schema-graph\">{\"@context\":\"https:\\\/\\\/schema.org\",\"@graph\":[{\"@type\":\"Article\",\"@id\":\"https:\\\/\\\/www.silutesnaujienos.lt\\\/lt\\\/karcemele-dave-garo-lrt-televizijoje-ir-vilniaus-kaziuko-mugeje\\\/#article\",\"isPartOf\":{\"@id\":\"https:\\\/\\\/www.silutesnaujienos.lt\\\/lt\\\/karcemele-dave-garo-lrt-televizijoje-ir-vilniaus-kaziuko-mugeje\\\/\"},\"author\":{\"name\":\"\u0160ilut\u0117s naujien\u0173 inf.\",\"@id\":\"https:\\\/\\\/www.silutesnaujienos.lt\\\/lt\\\/#\\\/schema\\\/person\\\/232f475ddd4a7b5f49b3abc788b17e83\"},\"headline\":\"&#8222;Kar\u010dem\u0117l\u0117&#8221; dav\u0117 garo LRT televizijoje ir Vilniaus Kaziuko mug\u0117je\",\"datePublished\":\"2013-03-08T18:00:00+00:00\",\"mainEntityOfPage\":{\"@id\":\"https:\\\/\\\/www.silutesnaujienos.lt\\\/lt\\\/karcemele-dave-garo-lrt-televizijoje-ir-vilniaus-kaziuko-mugeje\\\/\"},\"wordCount\":82,\"commentCount\":0,\"publisher\":{\"@id\":\"https:\\\/\\\/www.silutesnaujienos.lt\\\/lt\\\/#organization\"},\"articleSection\":[\"Kult\u016bra ir \u0161vietimas\"],\"inLanguage\":\"lt-LT\",\"potentialAction\":[{\"@type\":\"CommentAction\",\"name\":\"Comment\",\"target\":[\"https:\\\/\\\/www.silutesnaujienos.lt\\\/lt\\\/karcemele-dave-garo-lrt-televizijoje-ir-vilniaus-kaziuko-mugeje\\\/#respond\"]}]},{\"@type\":\"WebPage\",\"@id\":\"https:\\\/\\\/www.silutesnaujienos.lt\\\/lt\\\/karcemele-dave-garo-lrt-televizijoje-ir-vilniaus-kaziuko-mugeje\\\/\",\"url\":\"https:\\\/\\\/www.silutesnaujienos.lt\\\/lt\\\/karcemele-dave-garo-lrt-televizijoje-ir-vilniaus-kaziuko-mugeje\\\/\",\"name\":\"\\\"Kar\u010dem\u0117l\u0117\\\" dav\u0117 garo LRT televizijoje ir Vilniaus Kaziuko mug\u0117je - \u0160ilut\u0117s naujienos\",\"isPartOf\":{\"@id\":\"https:\\\/\\\/www.silutesnaujienos.lt\\\/lt\\\/#website\"},\"datePublished\":\"2013-03-08T18:00:00+00:00\",\"breadcrumb\":{\"@id\":\"https:\\\/\\\/www.silutesnaujienos.lt\\\/lt\\\/karcemele-dave-garo-lrt-televizijoje-ir-vilniaus-kaziuko-mugeje\\\/#breadcrumb\"},\"inLanguage\":\"lt-LT\",\"potentialAction\":[{\"@type\":\"ReadAction\",\"target\":[\"https:\\\/\\\/www.silutesnaujienos.lt\\\/lt\\\/karcemele-dave-garo-lrt-televizijoje-ir-vilniaus-kaziuko-mugeje\\\/\"]}]},{\"@type\":\"BreadcrumbList\",\"@id\":\"https:\\\/\\\/www.silutesnaujienos.lt\\\/lt\\\/karcemele-dave-garo-lrt-televizijoje-ir-vilniaus-kaziuko-mugeje\\\/#breadcrumb\",\"itemListElement\":[{\"@type\":\"ListItem\",\"position\":1,\"name\":\"Home\",\"item\":\"https:\\\/\\\/www.silutesnaujienos.lt\\\/lt\\\/\"},{\"@type\":\"ListItem\",\"position\":2,\"name\":\"\u201eKar\u010dem\u0117l\u0117\u201c dav\u0117 garo LRT televizijoje ir Vilniaus Kaziuko mug\u0117je\"}]},{\"@type\":\"WebSite\",\"@id\":\"https:\\\/\\\/www.silutesnaujienos.lt\\\/lt\\\/#website\",\"url\":\"https:\\\/\\\/www.silutesnaujienos.lt\\\/lt\\\/\",\"name\":\"\u0160ilut\u0117s naujienos\",\"description\":\"B\u016bk ant naujien\u0173 bangos!\",\"publisher\":{\"@id\":\"https:\\\/\\\/www.silutesnaujienos.lt\\\/lt\\\/#organization\"},\"potentialAction\":[{\"@type\":\"SearchAction\",\"target\":{\"@type\":\"EntryPoint\",\"urlTemplate\":\"https:\\\/\\\/www.silutesnaujienos.lt\\\/lt\\\/?s={search_term_string}\"},\"query-input\":{\"@type\":\"PropertyValueSpecification\",\"valueRequired\":true,\"valueName\":\"search_term_string\"}}],\"inLanguage\":\"lt-LT\"},{\"@type\":\"Organization\",\"@id\":\"https:\\\/\\\/www.silutesnaujienos.lt\\\/lt\\\/#organization\",\"name\":\"\u0160ilut\u0117s naujienos\",\"url\":\"https:\\\/\\\/www.silutesnaujienos.lt\\\/lt\\\/\",\"logo\":{\"@type\":\"ImageObject\",\"inLanguage\":\"lt-LT\",\"@id\":\"https:\\\/\\\/www.silutesnaujienos.lt\\\/lt\\\/#\\\/schema\\\/logo\\\/image\\\/\",\"url\":\"https:\\\/\\\/www.silutesnaujienos.lt\\\/lt\\\/wp-content\\\/uploads\\\/2020\\\/06\\\/FB_MAIN.jpg\",\"contentUrl\":\"https:\\\/\\\/www.silutesnaujienos.lt\\\/lt\\\/wp-content\\\/uploads\\\/2020\\\/06\\\/FB_MAIN.jpg\",\"width\":1700,\"height\":956,\"caption\":\"\u0160ilut\u0117s naujienos\"},\"image\":{\"@id\":\"https:\\\/\\\/www.silutesnaujienos.lt\\\/lt\\\/#\\\/schema\\\/logo\\\/image\\\/\"},\"sameAs\":[\"https:\\\/\\\/www.facebook.com\\\/silutes.naujienos\\\/\",\"https:\\\/\\\/www.youtube.com\\\/channel\\\/UCxW-cgrJDt8GxIMxSTAfJZg\"]},{\"@type\":\"Person\",\"@id\":\"https:\\\/\\\/www.silutesnaujienos.lt\\\/lt\\\/#\\\/schema\\\/person\\\/232f475ddd4a7b5f49b3abc788b17e83\",\"name\":\"\u0160ilut\u0117s naujien\u0173 inf.\",\"image\":{\"@type\":\"ImageObject\",\"inLanguage\":\"lt-LT\",\"@id\":\"https:\\\/\\\/www.silutesnaujienos.lt\\\/lt\\\/wp-content\\\/uploads\\\/2020\\\/06\\\/favicon.png\",\"url\":\"https:\\\/\\\/www.silutesnaujienos.lt\\\/lt\\\/wp-content\\\/uploads\\\/2020\\\/06\\\/favicon.png\",\"contentUrl\":\"https:\\\/\\\/www.silutesnaujienos.lt\\\/lt\\\/wp-content\\\/uploads\\\/2020\\\/06\\\/favicon.png\",\"caption\":\"\u0160ilut\u0117s naujien\u0173 inf.\"},\"sameAs\":[\"https:\\\/\\\/www.silutesnaujienos.lt\\\/lt\"],\"url\":\"https:\\\/\\\/www.silutesnaujienos.lt\\\/lt\\\/author\\\/ruta\\\/\"}]}<\/script>\n<!-- \/ Yoast SEO plugin. -->","yoast_head_json":{"title":"\"Kar\u010dem\u0117l\u0117\" dav\u0117 garo LRT televizijoje ir Vilniaus Kaziuko mug\u0117je - \u0160ilut\u0117s naujienos","robots":{"index":"index","follow":"follow","max-snippet":"max-snippet:-1","max-image-preview":"max-image-preview:large","max-video-preview":"max-video-preview:-1"},"canonical":"https:\/\/www.silutesnaujienos.lt\/lt\/karcemele-dave-garo-lrt-televizijoje-ir-vilniaus-kaziuko-mugeje\/","og_locale":"lt_LT","og_type":"article","og_title":"\"Kar\u010dem\u0117l\u0117\" dav\u0117 garo LRT televizijoje ir Vilniaus Kaziuko mug\u0117je - \u0160ilut\u0117s naujienos","og_description":"Pirmojoje pavasarin\u0117je &#8222;Duokim garo&#8221; laidoje pra\u0117jus\u012f penktadien\u012f sve\u010diavosi \u0160ilut\u0117s jaunimo kantri grup\u0117 &#8222;Kar\u010dem\u0117l\u0117&#8221;, vadovaujama Vyganto Sto\u0161kaus. \u012elingav\u0119 televizijos \u017ei\u016brovus \u0161iluti\u0161kiai tuo savo pasirodymo sostin\u0117je nebaig\u0117. \u012esik\u016brusi Vilniaus \u0161irdyje, netoli Katedros, &#8222;Kar\u010dem\u0117l\u0117&#8221; tris dienas ekstremaliomis oro s\u0105ygomis linksmino Kaziuko mug\u0117s dalyvius ir sve\u010dius. &#8222;Kar\u010dem\u0117l\u0117s&#8221; vie\u0161nag\u0117s Vilniuje akimirkos &#8211; nuotrauk\u0173 &#8222;Galerijoje&#8221;.","og_url":"https:\/\/www.silutesnaujienos.lt\/lt\/karcemele-dave-garo-lrt-televizijoje-ir-vilniaus-kaziuko-mugeje\/","og_site_name":"\u0160ilut\u0117s naujienos","article_publisher":"https:\/\/www.facebook.com\/silutes.naujienos\/","article_published_time":"2013-03-08T18:00:00+00:00","og_image":[{"url":"\/\/silutesnaujienos.lt\/images\/stories\/2013\/03\/07\/thumbnails\/thumb_karcem.jpg","type":"","width":"","height":""}],"author":"\u0160ilut\u0117s naujien\u0173 inf.","twitter_card":"summary_large_image","twitter_misc":{"Written by":"\u0160ilut\u0117s naujien\u0173 inf."},"schema":{"@context":"https:\/\/schema.org","@graph":[{"@type":"Article","@id":"https:\/\/www.silutesnaujienos.lt\/lt\/karcemele-dave-garo-lrt-televizijoje-ir-vilniaus-kaziuko-mugeje\/#article","isPartOf":{"@id":"https:\/\/www.silutesnaujienos.lt\/lt\/karcemele-dave-garo-lrt-televizijoje-ir-vilniaus-kaziuko-mugeje\/"},"author":{"name":"\u0160ilut\u0117s naujien\u0173 inf.","@id":"https:\/\/www.silutesnaujienos.lt\/lt\/#\/schema\/person\/232f475ddd4a7b5f49b3abc788b17e83"},"headline":"&#8222;Kar\u010dem\u0117l\u0117&#8221; dav\u0117 garo LRT televizijoje ir Vilniaus Kaziuko mug\u0117je","datePublished":"2013-03-08T18:00:00+00:00","mainEntityOfPage":{"@id":"https:\/\/www.silutesnaujienos.lt\/lt\/karcemele-dave-garo-lrt-televizijoje-ir-vilniaus-kaziuko-mugeje\/"},"wordCount":82,"commentCount":0,"publisher":{"@id":"https:\/\/www.silutesnaujienos.lt\/lt\/#organization"},"articleSection":["Kult\u016bra ir \u0161vietimas"],"inLanguage":"lt-LT","potentialAction":[{"@type":"CommentAction","name":"Comment","target":["https:\/\/www.silutesnaujienos.lt\/lt\/karcemele-dave-garo-lrt-televizijoje-ir-vilniaus-kaziuko-mugeje\/#respond"]}]},{"@type":"WebPage","@id":"https:\/\/www.silutesnaujienos.lt\/lt\/karcemele-dave-garo-lrt-televizijoje-ir-vilniaus-kaziuko-mugeje\/","url":"https:\/\/www.silutesnaujienos.lt\/lt\/karcemele-dave-garo-lrt-televizijoje-ir-vilniaus-kaziuko-mugeje\/","name":"\"Kar\u010dem\u0117l\u0117\" dav\u0117 garo LRT televizijoje ir Vilniaus Kaziuko mug\u0117je - \u0160ilut\u0117s naujienos","isPartOf":{"@id":"https:\/\/www.silutesnaujienos.lt\/lt\/#website"},"datePublished":"2013-03-08T18:00:00+00:00","breadcrumb":{"@id":"https:\/\/www.silutesnaujienos.lt\/lt\/karcemele-dave-garo-lrt-televizijoje-ir-vilniaus-kaziuko-mugeje\/#breadcrumb"},"inLanguage":"lt-LT","potentialAction":[{"@type":"ReadAction","target":["https:\/\/www.silutesnaujienos.lt\/lt\/karcemele-dave-garo-lrt-televizijoje-ir-vilniaus-kaziuko-mugeje\/"]}]},{"@type":"BreadcrumbList","@id":"https:\/\/www.silutesnaujienos.lt\/lt\/karcemele-dave-garo-lrt-televizijoje-ir-vilniaus-kaziuko-mugeje\/#breadcrumb","itemListElement":[{"@type":"ListItem","position":1,"name":"Home","item":"https:\/\/www.silutesnaujienos.lt\/lt\/"},{"@type":"ListItem","position":2,"name":"\u201eKar\u010dem\u0117l\u0117\u201c dav\u0117 garo LRT televizijoje ir Vilniaus Kaziuko mug\u0117je"}]},{"@type":"WebSite","@id":"https:\/\/www.silutesnaujienos.lt\/lt\/#website","url":"https:\/\/www.silutesnaujienos.lt\/lt\/","name":"\u0160ilut\u0117s naujienos","description":"B\u016bk ant naujien\u0173 bangos!","publisher":{"@id":"https:\/\/www.silutesnaujienos.lt\/lt\/#organization"},"potentialAction":[{"@type":"SearchAction","target":{"@type":"EntryPoint","urlTemplate":"https:\/\/www.silutesnaujienos.lt\/lt\/?s={search_term_string}"},"query-input":{"@type":"PropertyValueSpecification","valueRequired":true,"valueName":"search_term_string"}}],"inLanguage":"lt-LT"},{"@type":"Organization","@id":"https:\/\/www.silutesnaujienos.lt\/lt\/#organization","name":"\u0160ilut\u0117s naujienos","url":"https:\/\/www.silutesnaujienos.lt\/lt\/","logo":{"@type":"ImageObject","inLanguage":"lt-LT","@id":"https:\/\/www.silutesnaujienos.lt\/lt\/#\/schema\/logo\/image\/","url":"https:\/\/www.silutesnaujienos.lt\/lt\/wp-content\/uploads\/2020\/06\/FB_MAIN.jpg","contentUrl":"https:\/\/www.silutesnaujienos.lt\/lt\/wp-content\/uploads\/2020\/06\/FB_MAIN.jpg","width":1700,"height":956,"caption":"\u0160ilut\u0117s naujienos"},"image":{"@id":"https:\/\/www.silutesnaujienos.lt\/lt\/#\/schema\/logo\/image\/"},"sameAs":["https:\/\/www.facebook.com\/silutes.naujienos\/","https:\/\/www.youtube.com\/channel\/UCxW-cgrJDt8GxIMxSTAfJZg"]},{"@type":"Person","@id":"https:\/\/www.silutesnaujienos.lt\/lt\/#\/schema\/person\/232f475ddd4a7b5f49b3abc788b17e83","name":"\u0160ilut\u0117s naujien\u0173 inf.","image":{"@type":"ImageObject","inLanguage":"lt-LT","@id":"https:\/\/www.silutesnaujienos.lt\/lt\/wp-content\/uploads\/2020\/06\/favicon.png","url":"https:\/\/www.silutesnaujienos.lt\/lt\/wp-content\/uploads\/2020\/06\/favicon.png","contentUrl":"https:\/\/www.silutesnaujienos.lt\/lt\/wp-content\/uploads\/2020\/06\/favicon.png","caption":"\u0160ilut\u0117s naujien\u0173 inf."},"sameAs":["https:\/\/www.silutesnaujienos.lt\/lt"],"url":"https:\/\/www.silutesnaujienos.lt\/lt\/author\/ruta\/"}]}},"publishpress_future_workflow_manual_trigger":{"enabledWorkflows":[]},"amp_enabled":true,"_links":{"self":[{"href":"https:\/\/www.silutesnaujienos.lt\/lt\/wp-json\/wp\/v2\/posts\/6260","targetHints":{"allow":["GET"]}}],"collection":[{"href":"https:\/\/www.silutesnaujienos.lt\/lt\/wp-json\/wp\/v2\/posts"}],"about":[{"href":"https:\/\/www.silutesnaujienos.lt\/lt\/wp-json\/wp\/v2\/types\/post"}],"author":[{"embeddable":true,"href":"https:\/\/www.silutesnaujienos.lt\/lt\/wp-json\/wp\/v2\/users\/1"}],"replies":[{"embeddable":true,"href":"https:\/\/www.silutesnaujienos.lt\/lt\/wp-json\/wp\/v2\/comments?post=6260"}],"version-history":[{"count":0,"href":"https:\/\/www.silutesnaujienos.lt\/lt\/wp-json\/wp\/v2\/posts\/6260\/revisions"}],"wp:attachment":[{"href":"https:\/\/www.silutesnaujienos.lt\/lt\/wp-json\/wp\/v2\/media?parent=6260"}],"wp:term":[{"taxonomy":"category","embeddable":true,"href":"https:\/\/www.silutesnaujienos.lt\/lt\/wp-json\/wp\/v2\/categories?post=6260"},{"taxonomy":"post_tag","embeddable":true,"href":"https:\/\/www.silutesnaujienos.lt\/lt\/wp-json\/wp\/v2\/tags?post=6260"}],"curies":[{"name":"wp","href":"https:\/\/api.w.org\/{rel}","templated":true}]}}