{"id":6408,"date":"2013-08-30T11:00:00","date_gmt":"2013-08-30T13:00:00","guid":{"rendered":"https:\/\/www.silutesnaujienos.lt\/lt\/sajudzio-25-meti-minejo-ir-vainutas\/"},"modified":"2013-08-30T11:00:00","modified_gmt":"2013-08-30T13:00:00","slug":"sajudzio-25-meti-minejo-ir-vainutas","status":"publish","type":"post","link":"https:\/\/www.silutesnaujienos.lt\/lt\/sajudzio-25-meti-minejo-ir-vainutas\/","title":{"rendered":"S\u0105j\u016bd\u017eio 25-met\u012f min\u0117jo ir Vainutas"},"content":{"rendered":"<p><a target=\"_blank\" rel=\"caption[\u0160ilut\u0117s F.Bajorai\u010dio vie\u0161osios bibliotekos Vainuto filialas sureng\u0117 Lietuvos persitvarkymo s\u0105j\u016bd\u017eio 25-\u0173j\u0173 metini\u0173 min\u0117jim\u0105. ] noopener noreferrer\" class=\"jcepopup\" href=\"\/\/silutesnaujienos.lt\/images\/stories\/2013\/08\/30\/sajudis_vainute.jpg\" data-rel=\"lightbox-gallery-gnDyYsMp\" data-rl_title=\"\" data-rl_caption=\"\"><img loading=\"lazy\" decoding=\"async\" style=\"margin: 5px; float: left;\" class=\"caption\" title=\"\" alt=\"sajudis vainute\" src=\"\/\/silutesnaujienos.lt\/images\/stories\/2013\/08\/30\/thumbnails\/thumb_sajudis_vainute.jpg\" height=\"230\" width=\"307\" \/><\/a><strong>Rugpj\u016b\u010dio 23-\u0105j\u0105 Bikav\u0117n\u0173 sen\u0173j\u0173 kaimo tradicij\u0173 kult\u016bros centras ir \u0160ilut\u0117s F.Bajorai\u010dio vie\u0161osios bibliotekos Vainuto filialas sureng\u0117 Lietuvos persitvarkymo s\u0105j\u016bd\u017eio 25-\u0173j\u0173 metini\u0173 min\u0117jim\u0105. \u012e rengin\u012f sukviesti Vainuto seni\u016bnijos S\u0105j\u016bd\u017eio aktyvistai.<\/strong><\/p>\n<p>Renginys prasid\u0117jo giedant Tauti\u0161k\u0105 giesm\u0119. Prisiminimais band\u0117me persikelti \u012f 1988-uosius metus, kada Lietuvoje vyko didelis perversmas. <\/p>\n<p>S\u0105j\u016bdie\u010diai Valentina Jasaitien\u0117, Maryt\u0117 Matevi\u010dien\u0117 ir Jonas Vai\u010dekauskas trumpai papasakojo, koks tai buvo sunkus laikotarpis Lietuvai ir jos gyventojams. Prisimin\u0117, kaip nepabijojo su Bikav\u0117n\u0173 kaimo \u017emon\u0117mis i\u0161kelti trispalv\u0119 v\u0117liav\u0105.<\/p>\n<p> Anel\u0117 Lileikien\u0117 pasakojo, kaip buvo i\u0161kelta trispalv\u0117 Vainute.<\/p>\n<p>Popiet\u0117je pasidalinta prisiminimais apie bikav\u0117ni\u0161ki\u0173 ir vainuti\u0161ki\u0173 dalyvavim\u0105 Baltijos kelyje, kurio metu Baltijos valstyb\u0117s dar kart\u0105 \u012frod\u0117 norin\u010dios b\u016bti nepriklausomos.<\/p>\n<p>Vainuto seni\u016bnas Vitalijus Mockus s\u0105j\u016bdie\u010diams \u012fteik\u0117 po knyg\u0105, \u0161vent\u0117s organizatoriai &#8211; g\u0117li\u0173, o Bikav\u0117n\u0173 moter\u0173 ansamblis \u201e\u017dolyna\u201c atliko kelet\u0105 dain\u0173.&nbsp;&nbsp;<\/p>\n","protected":false},"excerpt":{"rendered":"<p>Rugpj\u016b\u010dio 23-\u0105j\u0105 Bikav\u0117n\u0173 sen\u0173j\u0173 kaimo tradicij\u0173 kult\u016bros centras ir \u0160ilut\u0117s F.Bajorai\u010dio vie\u0161osios bibliotekos Vainuto filialas sureng\u0117 Lietuvos persitvarkymo s\u0105j\u016bd\u017eio 25-\u0173j\u0173 metini\u0173 min\u0117jim\u0105. \u012e rengin\u012f sukviesti Vainuto seni\u016bnijos S\u0105j\u016bd\u017eio aktyvistai. Renginys prasid\u0117jo giedant Tauti\u0161k\u0105 giesm\u0119. Prisiminimais band\u0117me persikelti \u012f 1988-uosius metus, kada Lietuvoje vyko didelis perversmas. S\u0105j\u016bdie\u010diai Valentina Jasaitien\u0117, Maryt\u0117 Matevi\u010dien\u0117 ir Jonas Vai\u010dekauskas trumpai papasakojo, [&hellip;]<\/p>\n","protected":false},"author":1,"featured_media":0,"comment_status":"open","ping_status":"open","sticky":false,"template":"","format":"standard","meta":{"footnotes":""},"categories":[51],"tags":[],"class_list":{"0":"post-6408","1":"post","2":"type-post","3":"status-publish","4":"format-standard","6":"category-kultura-ir-svietimas"},"yoast_head":"<!-- This site is optimized with the Yoast SEO plugin v27.5 - https:\/\/yoast.com\/product\/yoast-seo-wordpress\/ -->\n<title>S\u0105j\u016bd\u017eio 25-met\u012f min\u0117jo ir Vainutas - \u0160ilut\u0117s naujienos<\/title>\n<meta name=\"robots\" content=\"index, follow, max-snippet:-1, max-image-preview:large, max-video-preview:-1\" \/>\n<link rel=\"canonical\" href=\"https:\/\/www.silutesnaujienos.lt\/lt\/sajudzio-25-meti-minejo-ir-vainutas\/\" \/>\n<meta property=\"og:locale\" content=\"lt_LT\" \/>\n<meta property=\"og:type\" content=\"article\" \/>\n<meta property=\"og:title\" content=\"S\u0105j\u016bd\u017eio 25-met\u012f min\u0117jo ir Vainutas - \u0160ilut\u0117s naujienos\" \/>\n<meta property=\"og:description\" content=\"Rugpj\u016b\u010dio 23-\u0105j\u0105 Bikav\u0117n\u0173 sen\u0173j\u0173 kaimo tradicij\u0173 kult\u016bros centras ir \u0160ilut\u0117s F.Bajorai\u010dio vie\u0161osios bibliotekos Vainuto filialas sureng\u0117 Lietuvos persitvarkymo s\u0105j\u016bd\u017eio 25-\u0173j\u0173 metini\u0173 min\u0117jim\u0105. \u012e rengin\u012f sukviesti Vainuto seni\u016bnijos S\u0105j\u016bd\u017eio aktyvistai. Renginys prasid\u0117jo giedant Tauti\u0161k\u0105 giesm\u0119. Prisiminimais band\u0117me persikelti \u012f 1988-uosius metus, kada Lietuvoje vyko didelis perversmas. S\u0105j\u016bdie\u010diai Valentina Jasaitien\u0117, Maryt\u0117 Matevi\u010dien\u0117 ir Jonas Vai\u010dekauskas trumpai papasakojo, [&hellip;]\" \/>\n<meta property=\"og:url\" content=\"https:\/\/www.silutesnaujienos.lt\/lt\/sajudzio-25-meti-minejo-ir-vainutas\/\" \/>\n<meta property=\"og:site_name\" content=\"\u0160ilut\u0117s naujienos\" \/>\n<meta property=\"article:publisher\" content=\"https:\/\/www.facebook.com\/silutes.naujienos\/\" \/>\n<meta property=\"article:published_time\" content=\"2013-08-30T13:00:00+00:00\" \/>\n<meta property=\"og:image\" content=\"\/\/silutesnaujienos.lt\/images\/stories\/2013\/08\/30\/thumbnails\/thumb_sajudis_vainute.jpg\" \/>\n<meta name=\"author\" content=\"\u0160ilut\u0117s naujien\u0173 inf.\" \/>\n<meta name=\"twitter:card\" content=\"summary_large_image\" \/>\n<meta name=\"twitter:label1\" content=\"Written by\" \/>\n\t<meta name=\"twitter:data1\" content=\"\u0160ilut\u0117s naujien\u0173 inf.\" \/>\n\t<meta name=\"twitter:label2\" content=\"Est. reading time\" \/>\n\t<meta name=\"twitter:data2\" content=\"1 minut\u0117\" \/>\n<script type=\"application\/ld+json\" class=\"yoast-schema-graph\">{\"@context\":\"https:\\\/\\\/schema.org\",\"@graph\":[{\"@type\":\"Article\",\"@id\":\"https:\\\/\\\/www.silutesnaujienos.lt\\\/lt\\\/sajudzio-25-meti-minejo-ir-vainutas\\\/#article\",\"isPartOf\":{\"@id\":\"https:\\\/\\\/www.silutesnaujienos.lt\\\/lt\\\/sajudzio-25-meti-minejo-ir-vainutas\\\/\"},\"author\":{\"name\":\"\u0160ilut\u0117s naujien\u0173 inf.\",\"@id\":\"https:\\\/\\\/www.silutesnaujienos.lt\\\/lt\\\/#\\\/schema\\\/person\\\/232f475ddd4a7b5f49b3abc788b17e83\"},\"headline\":\"S\u0105j\u016bd\u017eio 25-met\u012f min\u0117jo ir Vainutas\",\"datePublished\":\"2013-08-30T13:00:00+00:00\",\"mainEntityOfPage\":{\"@id\":\"https:\\\/\\\/www.silutesnaujienos.lt\\\/lt\\\/sajudzio-25-meti-minejo-ir-vainutas\\\/\"},\"wordCount\":176,\"commentCount\":0,\"publisher\":{\"@id\":\"https:\\\/\\\/www.silutesnaujienos.lt\\\/lt\\\/#organization\"},\"articleSection\":[\"Kult\u016bra ir \u0161vietimas\"],\"inLanguage\":\"lt-LT\",\"potentialAction\":[{\"@type\":\"CommentAction\",\"name\":\"Comment\",\"target\":[\"https:\\\/\\\/www.silutesnaujienos.lt\\\/lt\\\/sajudzio-25-meti-minejo-ir-vainutas\\\/#respond\"]}]},{\"@type\":\"WebPage\",\"@id\":\"https:\\\/\\\/www.silutesnaujienos.lt\\\/lt\\\/sajudzio-25-meti-minejo-ir-vainutas\\\/\",\"url\":\"https:\\\/\\\/www.silutesnaujienos.lt\\\/lt\\\/sajudzio-25-meti-minejo-ir-vainutas\\\/\",\"name\":\"S\u0105j\u016bd\u017eio 25-met\u012f min\u0117jo ir Vainutas - \u0160ilut\u0117s naujienos\",\"isPartOf\":{\"@id\":\"https:\\\/\\\/www.silutesnaujienos.lt\\\/lt\\\/#website\"},\"datePublished\":\"2013-08-30T13:00:00+00:00\",\"breadcrumb\":{\"@id\":\"https:\\\/\\\/www.silutesnaujienos.lt\\\/lt\\\/sajudzio-25-meti-minejo-ir-vainutas\\\/#breadcrumb\"},\"inLanguage\":\"lt-LT\",\"potentialAction\":[{\"@type\":\"ReadAction\",\"target\":[\"https:\\\/\\\/www.silutesnaujienos.lt\\\/lt\\\/sajudzio-25-meti-minejo-ir-vainutas\\\/\"]}]},{\"@type\":\"BreadcrumbList\",\"@id\":\"https:\\\/\\\/www.silutesnaujienos.lt\\\/lt\\\/sajudzio-25-meti-minejo-ir-vainutas\\\/#breadcrumb\",\"itemListElement\":[{\"@type\":\"ListItem\",\"position\":1,\"name\":\"Home\",\"item\":\"https:\\\/\\\/www.silutesnaujienos.lt\\\/lt\\\/\"},{\"@type\":\"ListItem\",\"position\":2,\"name\":\"S\u0105j\u016bd\u017eio 25-met\u012f min\u0117jo ir Vainutas\"}]},{\"@type\":\"WebSite\",\"@id\":\"https:\\\/\\\/www.silutesnaujienos.lt\\\/lt\\\/#website\",\"url\":\"https:\\\/\\\/www.silutesnaujienos.lt\\\/lt\\\/\",\"name\":\"\u0160ilut\u0117s naujienos\",\"description\":\"B\u016bk ant naujien\u0173 bangos!\",\"publisher\":{\"@id\":\"https:\\\/\\\/www.silutesnaujienos.lt\\\/lt\\\/#organization\"},\"potentialAction\":[{\"@type\":\"SearchAction\",\"target\":{\"@type\":\"EntryPoint\",\"urlTemplate\":\"https:\\\/\\\/www.silutesnaujienos.lt\\\/lt\\\/?s={search_term_string}\"},\"query-input\":{\"@type\":\"PropertyValueSpecification\",\"valueRequired\":true,\"valueName\":\"search_term_string\"}}],\"inLanguage\":\"lt-LT\"},{\"@type\":\"Organization\",\"@id\":\"https:\\\/\\\/www.silutesnaujienos.lt\\\/lt\\\/#organization\",\"name\":\"\u0160ilut\u0117s naujienos\",\"url\":\"https:\\\/\\\/www.silutesnaujienos.lt\\\/lt\\\/\",\"logo\":{\"@type\":\"ImageObject\",\"inLanguage\":\"lt-LT\",\"@id\":\"https:\\\/\\\/www.silutesnaujienos.lt\\\/lt\\\/#\\\/schema\\\/logo\\\/image\\\/\",\"url\":\"https:\\\/\\\/www.silutesnaujienos.lt\\\/lt\\\/wp-content\\\/uploads\\\/2020\\\/06\\\/FB_MAIN.jpg\",\"contentUrl\":\"https:\\\/\\\/www.silutesnaujienos.lt\\\/lt\\\/wp-content\\\/uploads\\\/2020\\\/06\\\/FB_MAIN.jpg\",\"width\":1700,\"height\":956,\"caption\":\"\u0160ilut\u0117s naujienos\"},\"image\":{\"@id\":\"https:\\\/\\\/www.silutesnaujienos.lt\\\/lt\\\/#\\\/schema\\\/logo\\\/image\\\/\"},\"sameAs\":[\"https:\\\/\\\/www.facebook.com\\\/silutes.naujienos\\\/\",\"https:\\\/\\\/www.youtube.com\\\/channel\\\/UCxW-cgrJDt8GxIMxSTAfJZg\"]},{\"@type\":\"Person\",\"@id\":\"https:\\\/\\\/www.silutesnaujienos.lt\\\/lt\\\/#\\\/schema\\\/person\\\/232f475ddd4a7b5f49b3abc788b17e83\",\"name\":\"\u0160ilut\u0117s naujien\u0173 inf.\",\"image\":{\"@type\":\"ImageObject\",\"inLanguage\":\"lt-LT\",\"@id\":\"https:\\\/\\\/www.silutesnaujienos.lt\\\/lt\\\/wp-content\\\/uploads\\\/2020\\\/06\\\/favicon.png\",\"url\":\"https:\\\/\\\/www.silutesnaujienos.lt\\\/lt\\\/wp-content\\\/uploads\\\/2020\\\/06\\\/favicon.png\",\"contentUrl\":\"https:\\\/\\\/www.silutesnaujienos.lt\\\/lt\\\/wp-content\\\/uploads\\\/2020\\\/06\\\/favicon.png\",\"caption\":\"\u0160ilut\u0117s naujien\u0173 inf.\"},\"sameAs\":[\"https:\\\/\\\/www.silutesnaujienos.lt\\\/lt\"],\"url\":\"https:\\\/\\\/www.silutesnaujienos.lt\\\/lt\\\/author\\\/ruta\\\/\"}]}<\/script>\n<!-- \/ Yoast SEO plugin. -->","yoast_head_json":{"title":"S\u0105j\u016bd\u017eio 25-met\u012f min\u0117jo ir Vainutas - \u0160ilut\u0117s naujienos","robots":{"index":"index","follow":"follow","max-snippet":"max-snippet:-1","max-image-preview":"max-image-preview:large","max-video-preview":"max-video-preview:-1"},"canonical":"https:\/\/www.silutesnaujienos.lt\/lt\/sajudzio-25-meti-minejo-ir-vainutas\/","og_locale":"lt_LT","og_type":"article","og_title":"S\u0105j\u016bd\u017eio 25-met\u012f min\u0117jo ir Vainutas - \u0160ilut\u0117s naujienos","og_description":"Rugpj\u016b\u010dio 23-\u0105j\u0105 Bikav\u0117n\u0173 sen\u0173j\u0173 kaimo tradicij\u0173 kult\u016bros centras ir \u0160ilut\u0117s F.Bajorai\u010dio vie\u0161osios bibliotekos Vainuto filialas sureng\u0117 Lietuvos persitvarkymo s\u0105j\u016bd\u017eio 25-\u0173j\u0173 metini\u0173 min\u0117jim\u0105. \u012e rengin\u012f sukviesti Vainuto seni\u016bnijos S\u0105j\u016bd\u017eio aktyvistai. Renginys prasid\u0117jo giedant Tauti\u0161k\u0105 giesm\u0119. Prisiminimais band\u0117me persikelti \u012f 1988-uosius metus, kada Lietuvoje vyko didelis perversmas. S\u0105j\u016bdie\u010diai Valentina Jasaitien\u0117, Maryt\u0117 Matevi\u010dien\u0117 ir Jonas Vai\u010dekauskas trumpai papasakojo, [&hellip;]","og_url":"https:\/\/www.silutesnaujienos.lt\/lt\/sajudzio-25-meti-minejo-ir-vainutas\/","og_site_name":"\u0160ilut\u0117s naujienos","article_publisher":"https:\/\/www.facebook.com\/silutes.naujienos\/","article_published_time":"2013-08-30T13:00:00+00:00","og_image":[{"url":"\/\/silutesnaujienos.lt\/images\/stories\/2013\/08\/30\/thumbnails\/thumb_sajudis_vainute.jpg","type":"","width":"","height":""}],"author":"\u0160ilut\u0117s naujien\u0173 inf.","twitter_card":"summary_large_image","twitter_misc":{"Written by":"\u0160ilut\u0117s naujien\u0173 inf.","Est. reading time":"1 minut\u0117"},"schema":{"@context":"https:\/\/schema.org","@graph":[{"@type":"Article","@id":"https:\/\/www.silutesnaujienos.lt\/lt\/sajudzio-25-meti-minejo-ir-vainutas\/#article","isPartOf":{"@id":"https:\/\/www.silutesnaujienos.lt\/lt\/sajudzio-25-meti-minejo-ir-vainutas\/"},"author":{"name":"\u0160ilut\u0117s naujien\u0173 inf.","@id":"https:\/\/www.silutesnaujienos.lt\/lt\/#\/schema\/person\/232f475ddd4a7b5f49b3abc788b17e83"},"headline":"S\u0105j\u016bd\u017eio 25-met\u012f min\u0117jo ir Vainutas","datePublished":"2013-08-30T13:00:00+00:00","mainEntityOfPage":{"@id":"https:\/\/www.silutesnaujienos.lt\/lt\/sajudzio-25-meti-minejo-ir-vainutas\/"},"wordCount":176,"commentCount":0,"publisher":{"@id":"https:\/\/www.silutesnaujienos.lt\/lt\/#organization"},"articleSection":["Kult\u016bra ir \u0161vietimas"],"inLanguage":"lt-LT","potentialAction":[{"@type":"CommentAction","name":"Comment","target":["https:\/\/www.silutesnaujienos.lt\/lt\/sajudzio-25-meti-minejo-ir-vainutas\/#respond"]}]},{"@type":"WebPage","@id":"https:\/\/www.silutesnaujienos.lt\/lt\/sajudzio-25-meti-minejo-ir-vainutas\/","url":"https:\/\/www.silutesnaujienos.lt\/lt\/sajudzio-25-meti-minejo-ir-vainutas\/","name":"S\u0105j\u016bd\u017eio 25-met\u012f min\u0117jo ir Vainutas - \u0160ilut\u0117s naujienos","isPartOf":{"@id":"https:\/\/www.silutesnaujienos.lt\/lt\/#website"},"datePublished":"2013-08-30T13:00:00+00:00","breadcrumb":{"@id":"https:\/\/www.silutesnaujienos.lt\/lt\/sajudzio-25-meti-minejo-ir-vainutas\/#breadcrumb"},"inLanguage":"lt-LT","potentialAction":[{"@type":"ReadAction","target":["https:\/\/www.silutesnaujienos.lt\/lt\/sajudzio-25-meti-minejo-ir-vainutas\/"]}]},{"@type":"BreadcrumbList","@id":"https:\/\/www.silutesnaujienos.lt\/lt\/sajudzio-25-meti-minejo-ir-vainutas\/#breadcrumb","itemListElement":[{"@type":"ListItem","position":1,"name":"Home","item":"https:\/\/www.silutesnaujienos.lt\/lt\/"},{"@type":"ListItem","position":2,"name":"S\u0105j\u016bd\u017eio 25-met\u012f min\u0117jo ir Vainutas"}]},{"@type":"WebSite","@id":"https:\/\/www.silutesnaujienos.lt\/lt\/#website","url":"https:\/\/www.silutesnaujienos.lt\/lt\/","name":"\u0160ilut\u0117s naujienos","description":"B\u016bk ant naujien\u0173 bangos!","publisher":{"@id":"https:\/\/www.silutesnaujienos.lt\/lt\/#organization"},"potentialAction":[{"@type":"SearchAction","target":{"@type":"EntryPoint","urlTemplate":"https:\/\/www.silutesnaujienos.lt\/lt\/?s={search_term_string}"},"query-input":{"@type":"PropertyValueSpecification","valueRequired":true,"valueName":"search_term_string"}}],"inLanguage":"lt-LT"},{"@type":"Organization","@id":"https:\/\/www.silutesnaujienos.lt\/lt\/#organization","name":"\u0160ilut\u0117s naujienos","url":"https:\/\/www.silutesnaujienos.lt\/lt\/","logo":{"@type":"ImageObject","inLanguage":"lt-LT","@id":"https:\/\/www.silutesnaujienos.lt\/lt\/#\/schema\/logo\/image\/","url":"https:\/\/www.silutesnaujienos.lt\/lt\/wp-content\/uploads\/2020\/06\/FB_MAIN.jpg","contentUrl":"https:\/\/www.silutesnaujienos.lt\/lt\/wp-content\/uploads\/2020\/06\/FB_MAIN.jpg","width":1700,"height":956,"caption":"\u0160ilut\u0117s naujienos"},"image":{"@id":"https:\/\/www.silutesnaujienos.lt\/lt\/#\/schema\/logo\/image\/"},"sameAs":["https:\/\/www.facebook.com\/silutes.naujienos\/","https:\/\/www.youtube.com\/channel\/UCxW-cgrJDt8GxIMxSTAfJZg"]},{"@type":"Person","@id":"https:\/\/www.silutesnaujienos.lt\/lt\/#\/schema\/person\/232f475ddd4a7b5f49b3abc788b17e83","name":"\u0160ilut\u0117s naujien\u0173 inf.","image":{"@type":"ImageObject","inLanguage":"lt-LT","@id":"https:\/\/www.silutesnaujienos.lt\/lt\/wp-content\/uploads\/2020\/06\/favicon.png","url":"https:\/\/www.silutesnaujienos.lt\/lt\/wp-content\/uploads\/2020\/06\/favicon.png","contentUrl":"https:\/\/www.silutesnaujienos.lt\/lt\/wp-content\/uploads\/2020\/06\/favicon.png","caption":"\u0160ilut\u0117s naujien\u0173 inf."},"sameAs":["https:\/\/www.silutesnaujienos.lt\/lt"],"url":"https:\/\/www.silutesnaujienos.lt\/lt\/author\/ruta\/"}]}},"publishpress_future_workflow_manual_trigger":{"enabledWorkflows":[]},"amp_enabled":true,"_links":{"self":[{"href":"https:\/\/www.silutesnaujienos.lt\/lt\/wp-json\/wp\/v2\/posts\/6408","targetHints":{"allow":["GET"]}}],"collection":[{"href":"https:\/\/www.silutesnaujienos.lt\/lt\/wp-json\/wp\/v2\/posts"}],"about":[{"href":"https:\/\/www.silutesnaujienos.lt\/lt\/wp-json\/wp\/v2\/types\/post"}],"author":[{"embeddable":true,"href":"https:\/\/www.silutesnaujienos.lt\/lt\/wp-json\/wp\/v2\/users\/1"}],"replies":[{"embeddable":true,"href":"https:\/\/www.silutesnaujienos.lt\/lt\/wp-json\/wp\/v2\/comments?post=6408"}],"version-history":[{"count":0,"href":"https:\/\/www.silutesnaujienos.lt\/lt\/wp-json\/wp\/v2\/posts\/6408\/revisions"}],"wp:attachment":[{"href":"https:\/\/www.silutesnaujienos.lt\/lt\/wp-json\/wp\/v2\/media?parent=6408"}],"wp:term":[{"taxonomy":"category","embeddable":true,"href":"https:\/\/www.silutesnaujienos.lt\/lt\/wp-json\/wp\/v2\/categories?post=6408"},{"taxonomy":"post_tag","embeddable":true,"href":"https:\/\/www.silutesnaujienos.lt\/lt\/wp-json\/wp\/v2\/tags?post=6408"}],"curies":[{"name":"wp","href":"https:\/\/api.w.org\/{rel}","templated":true}]}}