{"id":6841,"date":"2014-12-14T18:00:00","date_gmt":"2014-12-14T20:00:00","guid":{"rendered":"https:\/\/www.silutesnaujienos.lt\/lt\/su-artejanciomis-sventemis-sveikino-ziemos-sokis-2014\/"},"modified":"2014-12-14T18:00:00","modified_gmt":"2014-12-14T20:00:00","slug":"su-artejanciomis-sventemis-sveikino-ziemos-sokis-2014","status":"publish","type":"post","link":"https:\/\/www.silutesnaujienos.lt\/lt\/su-artejanciomis-sventemis-sveikino-ziemos-sokis-2014\/","title":{"rendered":"Su art\u0117jan\u010diomis \u0161vent\u0117mis sveikino \u201e\u017diemos \u0161okis 2014\u201c"},"content":{"rendered":"<p><a target=\"_blank\" rel=\"caption[Gausiai sal\u0117je susirinkusius \u017ei\u016brovus kaitino trys garsiausi m\u016bs\u0173 miesto \u0161oki\u0173 kolektyvai: \u201eAt\u0117n\u0117\u201c, \u201eL\u016bgn\u0117\u201c ir \u201e\u017dvaig\u017ed\u016bn\u0117\u201c. ] noopener noreferrer\" class=\"jcepopup\" href=\"\/\/silutesnaujienos.lt\/images\/stories\/2014\/GRUODIS\/12\/ziemos_sokis_atene.jpg\" data-rel=\"lightbox-gallery-Utdm0LlX\" data-rl_title=\"\" data-rl_caption=\"\"><img loading=\"lazy\" decoding=\"async\" style=\"margin: 5px; float: left;\" class=\"caption\" title=\"\" alt=\"ziemos sokis atene\" src=\"\/\/silutesnaujienos.lt\/images\/stories\/2014\/GRUODIS\/12\/thumbnails\/thumb_ziemos_sokis_atene.jpg\" height=\"230\" width=\"307\" \/><\/a><strong>\u0160ilut\u0117s kult\u016bros ir pramog\u0173 centre savo gerb\u0117jus su art\u0117jan\u010diomis \u0161vent\u0117mis pasveikino ir \u012fkaitino trys garsiausi m\u016bs\u0173 miesto \u0161oki\u0173 kolektyvai: \u201eAt\u0117n\u0117\u201c, \u201e\u017dvaig\u017ed\u016bn\u0117\u201c ir \u201eL\u016bgn\u0117\u201c. Kasmetinis j\u0173 kal\u0117dinis renginys \u201e\u017diemos \u0161okis\u201c &#8211; tarsi energijos u\u017etaisas, dar kart\u0105 patvirtino, kad tokio gra\u017eaus, energingo, eleganti\u0161ko ir aktyvaus jaunimo kaip \u0160ilut\u0117je tur\u0117t\u0173 pavyd\u0117ti bet kuris kitas miestas.<\/strong><\/p>\n<p>\u201e\u017diemos \u0161okyje 2014\u201c debiutavo ma\u017eieji sporto klubo \u201eAt\u0117n\u0117\u201c \u0161ok\u0117jai, kuri\u0173 \u0161okis \u201eMano svajon\u0117\u201c peln\u0117 did\u017eiausias \u017ei\u016brov\u0173 <a target=\"_blank\" rel=\"caption[&quot;L\u016bgn\u0117s&quot; \u0161ok\u0117jos.] noopener noreferrer\" class=\"jcepopup\" href=\"\/\/silutesnaujienos.lt\/images\/stories\/2014\/GRUODIS\/12\/ziemos_sokis_lugne.jpg\" data-rel=\"lightbox-gallery-Utdm0LlX\" data-rl_title=\"\" data-rl_caption=\"\"><img loading=\"lazy\" decoding=\"async\" style=\"margin: 5px; float: right;\" class=\"caption\" title=\"\" alt=\"ziemos sokis lugne\" src=\"\/\/silutesnaujienos.lt\/images\/stories\/2014\/GRUODIS\/12\/thumbnails\/thumb_ziemos_sokis_lugne.jpg\" height=\"230\" width=\"307\" \/><\/a>simpatijas. Taip pat pasirod\u0117 dar keturios \u201eAt\u0117n\u0173\u201c \u0161ok\u0117j\u0173 grup\u0117s.<\/p>\n<p>Darb\u0161\u010di\u0173 bei energing\u0173 treneri\u0173 J\u016brat\u0117s Gricevi\u010dien\u0117s bei Ingos Mikutyt\u0117s paruo\u0161tos merginos \u0161iemet jau turi nema\u017e\u0105 apdovanojim\u0173 krait\u0119. \u201eAt\u0117n\u0117\u201c dalyvavo tarptautiniame festivalyje Stambule, Turkijoje, o 2015-aisiais vyks \u012f Pasaulio gimnastiad\u0105 Helsinkyje (Suomija).<\/p>\n<p>Scenoje savo gerb\u0117jams nusilenk\u0117 \u0160ilut\u0117s \u0161oki\u0173 klubas \u201e\u017dvaig\u017ed\u016bn\u0117\u201c. Su \u0161io kolektyvo \u0161ok\u0117jais jau ne vienerius metus pasiaukojamai dirba vadov\u0117s Loreta Stanelien\u0117 bei Gintar\u0117 Stanelyt\u0117. \u201e\u017diemos \u0161okyje\u201c pasirod\u0117 penkios \u017evaig\u017edyn\u0173 vardais pavadintos vaik\u0173 ir jaunimo grup\u0117s: \u201c\u017dvaig\u017ed\u016bniukai\u201c, \u201eIja\u201c, \u201eVela\u201c, \u201eDorado\u201c ir \u201eMensa\u201c. Energingasis kolektyvas \u0161iemet v\u0117l susi\u017e\u0117r\u0117 daug apdovanojim\u0173 \u012fvairiuose respublikiniuose ir tarptautiniuose konkursuose bei festivaliuose. \u201e\u017dvaig\u017ed\u016bn\u0117\u201c jau ruo\u0161ia nauj\u0105 program\u0105, kuri\u0105 pristatys gegu\u017e\u0117s m\u0117nes\u012f, Miesto \u0161vent\u0117s metu.<\/p>\n<p>Sportin\u012f meistri\u0161kum\u0105 ir elegancij\u0105 susirinkusiesiems pademonstravo \u0160ilut\u0117s sportini\u0173 \u0161oki\u0173 klubo \u201eL\u016bgn\u0117\u201c poros, su kuriomis dirba Asta Maigien\u0117. Besibaigiantys metai \u0161iam klubui taip pat buvo dosn\u016bs, \u201eL\u016bgn\u0117s\u201c \u0161ok\u0117jai dalyvavo ne viename konkurse ir peln\u0117 auk\u0161tus \u012fvertinimus.<\/p>\n<p><span style=\"color: #339966;\"><strong><a href=\"https:\/\/www.facebook.com\/media\/set\/?set=a.973190772710044.1073742016.137305029631960&amp;type=1\"><span style=\"color: #339966;\">Daugiau nuotrauk\u0173 \u201e\u0160ilut\u0117s naujien\u0173\u201c Facebook albume!<\/span><\/a><\/strong><\/span><\/p>\n","protected":false},"excerpt":{"rendered":"<p>\u0160ilut\u0117s kult\u016bros ir pramog\u0173 centre savo gerb\u0117jus su art\u0117jan\u010diomis \u0161vent\u0117mis pasveikino ir \u012fkaitino trys garsiausi m\u016bs\u0173 miesto \u0161oki\u0173 kolektyvai: \u201eAt\u0117n\u0117\u201c, \u201e\u017dvaig\u017ed\u016bn\u0117\u201c ir \u201eL\u016bgn\u0117\u201c. Kasmetinis j\u0173 kal\u0117dinis renginys \u201e\u017diemos \u0161okis\u201c &#8211; tarsi energijos u\u017etaisas, dar kart\u0105 patvirtino, kad tokio gra\u017eaus, energingo, eleganti\u0161ko ir aktyvaus jaunimo kaip \u0160ilut\u0117je tur\u0117t\u0173 pavyd\u0117ti bet kuris kitas miestas. \u201e\u017diemos \u0161okyje 2014\u201c [&hellip;]<\/p>\n","protected":false},"author":1,"featured_media":0,"comment_status":"open","ping_status":"open","sticky":false,"template":"","format":"standard","meta":{"footnotes":""},"categories":[51],"tags":[],"class_list":{"0":"post-6841","1":"post","2":"type-post","3":"status-publish","4":"format-standard","6":"category-kultura-ir-svietimas"},"yoast_head":"<!-- This site is optimized with the Yoast SEO plugin v27.5 - https:\/\/yoast.com\/product\/yoast-seo-wordpress\/ -->\n<title>Su art\u0117jan\u010diomis \u0161vent\u0117mis sveikino \u201e\u017diemos \u0161okis 2014\u201c - \u0160ilut\u0117s naujienos<\/title>\n<meta name=\"robots\" content=\"index, follow, max-snippet:-1, max-image-preview:large, max-video-preview:-1\" \/>\n<link rel=\"canonical\" href=\"https:\/\/www.silutesnaujienos.lt\/lt\/su-artejanciomis-sventemis-sveikino-ziemos-sokis-2014\/\" \/>\n<meta property=\"og:locale\" content=\"lt_LT\" \/>\n<meta property=\"og:type\" content=\"article\" \/>\n<meta property=\"og:title\" content=\"Su art\u0117jan\u010diomis \u0161vent\u0117mis sveikino \u201e\u017diemos \u0161okis 2014\u201c - \u0160ilut\u0117s naujienos\" \/>\n<meta property=\"og:description\" content=\"\u0160ilut\u0117s kult\u016bros ir pramog\u0173 centre savo gerb\u0117jus su art\u0117jan\u010diomis \u0161vent\u0117mis pasveikino ir \u012fkaitino trys garsiausi m\u016bs\u0173 miesto \u0161oki\u0173 kolektyvai: \u201eAt\u0117n\u0117\u201c, \u201e\u017dvaig\u017ed\u016bn\u0117\u201c ir \u201eL\u016bgn\u0117\u201c. Kasmetinis j\u0173 kal\u0117dinis renginys \u201e\u017diemos \u0161okis\u201c &#8211; tarsi energijos u\u017etaisas, dar kart\u0105 patvirtino, kad tokio gra\u017eaus, energingo, eleganti\u0161ko ir aktyvaus jaunimo kaip \u0160ilut\u0117je tur\u0117t\u0173 pavyd\u0117ti bet kuris kitas miestas. \u201e\u017diemos \u0161okyje 2014\u201c [&hellip;]\" \/>\n<meta property=\"og:url\" content=\"https:\/\/www.silutesnaujienos.lt\/lt\/su-artejanciomis-sventemis-sveikino-ziemos-sokis-2014\/\" \/>\n<meta property=\"og:site_name\" content=\"\u0160ilut\u0117s naujienos\" \/>\n<meta property=\"article:publisher\" content=\"https:\/\/www.facebook.com\/silutes.naujienos\/\" \/>\n<meta property=\"article:published_time\" content=\"2014-12-14T20:00:00+00:00\" \/>\n<meta property=\"og:image\" content=\"\/\/silutesnaujienos.lt\/images\/stories\/2014\/GRUODIS\/12\/thumbnails\/thumb_ziemos_sokis_atene.jpg\" \/>\n<meta name=\"author\" content=\"\u0160ilut\u0117s naujien\u0173 inf.\" \/>\n<meta name=\"twitter:card\" content=\"summary_large_image\" \/>\n<meta name=\"twitter:label1\" content=\"Written by\" \/>\n\t<meta name=\"twitter:data1\" content=\"\u0160ilut\u0117s naujien\u0173 inf.\" \/>\n\t<meta name=\"twitter:label2\" content=\"Est. reading time\" \/>\n\t<meta name=\"twitter:data2\" content=\"1 minut\u0117\" \/>\n<script type=\"application\/ld+json\" class=\"yoast-schema-graph\">{\"@context\":\"https:\\\/\\\/schema.org\",\"@graph\":[{\"@type\":\"Article\",\"@id\":\"https:\\\/\\\/www.silutesnaujienos.lt\\\/lt\\\/su-artejanciomis-sventemis-sveikino-ziemos-sokis-2014\\\/#article\",\"isPartOf\":{\"@id\":\"https:\\\/\\\/www.silutesnaujienos.lt\\\/lt\\\/su-artejanciomis-sventemis-sveikino-ziemos-sokis-2014\\\/\"},\"author\":{\"name\":\"\u0160ilut\u0117s naujien\u0173 inf.\",\"@id\":\"https:\\\/\\\/www.silutesnaujienos.lt\\\/lt\\\/#\\\/schema\\\/person\\\/232f475ddd4a7b5f49b3abc788b17e83\"},\"headline\":\"Su art\u0117jan\u010diomis \u0161vent\u0117mis sveikino \u201e\u017diemos \u0161okis 2014\u201c\",\"datePublished\":\"2014-12-14T20:00:00+00:00\",\"mainEntityOfPage\":{\"@id\":\"https:\\\/\\\/www.silutesnaujienos.lt\\\/lt\\\/su-artejanciomis-sventemis-sveikino-ziemos-sokis-2014\\\/\"},\"wordCount\":284,\"commentCount\":0,\"publisher\":{\"@id\":\"https:\\\/\\\/www.silutesnaujienos.lt\\\/lt\\\/#organization\"},\"articleSection\":[\"Kult\u016bra ir \u0161vietimas\"],\"inLanguage\":\"lt-LT\",\"potentialAction\":[{\"@type\":\"CommentAction\",\"name\":\"Comment\",\"target\":[\"https:\\\/\\\/www.silutesnaujienos.lt\\\/lt\\\/su-artejanciomis-sventemis-sveikino-ziemos-sokis-2014\\\/#respond\"]}]},{\"@type\":\"WebPage\",\"@id\":\"https:\\\/\\\/www.silutesnaujienos.lt\\\/lt\\\/su-artejanciomis-sventemis-sveikino-ziemos-sokis-2014\\\/\",\"url\":\"https:\\\/\\\/www.silutesnaujienos.lt\\\/lt\\\/su-artejanciomis-sventemis-sveikino-ziemos-sokis-2014\\\/\",\"name\":\"Su art\u0117jan\u010diomis \u0161vent\u0117mis sveikino \u201e\u017diemos \u0161okis 2014\u201c - \u0160ilut\u0117s naujienos\",\"isPartOf\":{\"@id\":\"https:\\\/\\\/www.silutesnaujienos.lt\\\/lt\\\/#website\"},\"datePublished\":\"2014-12-14T20:00:00+00:00\",\"breadcrumb\":{\"@id\":\"https:\\\/\\\/www.silutesnaujienos.lt\\\/lt\\\/su-artejanciomis-sventemis-sveikino-ziemos-sokis-2014\\\/#breadcrumb\"},\"inLanguage\":\"lt-LT\",\"potentialAction\":[{\"@type\":\"ReadAction\",\"target\":[\"https:\\\/\\\/www.silutesnaujienos.lt\\\/lt\\\/su-artejanciomis-sventemis-sveikino-ziemos-sokis-2014\\\/\"]}]},{\"@type\":\"BreadcrumbList\",\"@id\":\"https:\\\/\\\/www.silutesnaujienos.lt\\\/lt\\\/su-artejanciomis-sventemis-sveikino-ziemos-sokis-2014\\\/#breadcrumb\",\"itemListElement\":[{\"@type\":\"ListItem\",\"position\":1,\"name\":\"Home\",\"item\":\"https:\\\/\\\/www.silutesnaujienos.lt\\\/lt\\\/\"},{\"@type\":\"ListItem\",\"position\":2,\"name\":\"Su art\u0117jan\u010diomis \u0161vent\u0117mis sveikino \u201e\u017diemos \u0161okis 2014\u201c\"}]},{\"@type\":\"WebSite\",\"@id\":\"https:\\\/\\\/www.silutesnaujienos.lt\\\/lt\\\/#website\",\"url\":\"https:\\\/\\\/www.silutesnaujienos.lt\\\/lt\\\/\",\"name\":\"\u0160ilut\u0117s naujienos\",\"description\":\"B\u016bk ant naujien\u0173 bangos!\",\"publisher\":{\"@id\":\"https:\\\/\\\/www.silutesnaujienos.lt\\\/lt\\\/#organization\"},\"potentialAction\":[{\"@type\":\"SearchAction\",\"target\":{\"@type\":\"EntryPoint\",\"urlTemplate\":\"https:\\\/\\\/www.silutesnaujienos.lt\\\/lt\\\/?s={search_term_string}\"},\"query-input\":{\"@type\":\"PropertyValueSpecification\",\"valueRequired\":true,\"valueName\":\"search_term_string\"}}],\"inLanguage\":\"lt-LT\"},{\"@type\":\"Organization\",\"@id\":\"https:\\\/\\\/www.silutesnaujienos.lt\\\/lt\\\/#organization\",\"name\":\"\u0160ilut\u0117s naujienos\",\"url\":\"https:\\\/\\\/www.silutesnaujienos.lt\\\/lt\\\/\",\"logo\":{\"@type\":\"ImageObject\",\"inLanguage\":\"lt-LT\",\"@id\":\"https:\\\/\\\/www.silutesnaujienos.lt\\\/lt\\\/#\\\/schema\\\/logo\\\/image\\\/\",\"url\":\"https:\\\/\\\/www.silutesnaujienos.lt\\\/lt\\\/wp-content\\\/uploads\\\/2020\\\/06\\\/FB_MAIN.jpg\",\"contentUrl\":\"https:\\\/\\\/www.silutesnaujienos.lt\\\/lt\\\/wp-content\\\/uploads\\\/2020\\\/06\\\/FB_MAIN.jpg\",\"width\":1700,\"height\":956,\"caption\":\"\u0160ilut\u0117s naujienos\"},\"image\":{\"@id\":\"https:\\\/\\\/www.silutesnaujienos.lt\\\/lt\\\/#\\\/schema\\\/logo\\\/image\\\/\"},\"sameAs\":[\"https:\\\/\\\/www.facebook.com\\\/silutes.naujienos\\\/\",\"https:\\\/\\\/www.youtube.com\\\/channel\\\/UCxW-cgrJDt8GxIMxSTAfJZg\"]},{\"@type\":\"Person\",\"@id\":\"https:\\\/\\\/www.silutesnaujienos.lt\\\/lt\\\/#\\\/schema\\\/person\\\/232f475ddd4a7b5f49b3abc788b17e83\",\"name\":\"\u0160ilut\u0117s naujien\u0173 inf.\",\"image\":{\"@type\":\"ImageObject\",\"inLanguage\":\"lt-LT\",\"@id\":\"https:\\\/\\\/www.silutesnaujienos.lt\\\/lt\\\/wp-content\\\/uploads\\\/2020\\\/06\\\/favicon.png\",\"url\":\"https:\\\/\\\/www.silutesnaujienos.lt\\\/lt\\\/wp-content\\\/uploads\\\/2020\\\/06\\\/favicon.png\",\"contentUrl\":\"https:\\\/\\\/www.silutesnaujienos.lt\\\/lt\\\/wp-content\\\/uploads\\\/2020\\\/06\\\/favicon.png\",\"caption\":\"\u0160ilut\u0117s naujien\u0173 inf.\"},\"sameAs\":[\"https:\\\/\\\/www.silutesnaujienos.lt\\\/lt\"],\"url\":\"https:\\\/\\\/www.silutesnaujienos.lt\\\/lt\\\/author\\\/ruta\\\/\"}]}<\/script>\n<!-- \/ Yoast SEO plugin. -->","yoast_head_json":{"title":"Su art\u0117jan\u010diomis \u0161vent\u0117mis sveikino \u201e\u017diemos \u0161okis 2014\u201c - \u0160ilut\u0117s naujienos","robots":{"index":"index","follow":"follow","max-snippet":"max-snippet:-1","max-image-preview":"max-image-preview:large","max-video-preview":"max-video-preview:-1"},"canonical":"https:\/\/www.silutesnaujienos.lt\/lt\/su-artejanciomis-sventemis-sveikino-ziemos-sokis-2014\/","og_locale":"lt_LT","og_type":"article","og_title":"Su art\u0117jan\u010diomis \u0161vent\u0117mis sveikino \u201e\u017diemos \u0161okis 2014\u201c - \u0160ilut\u0117s naujienos","og_description":"\u0160ilut\u0117s kult\u016bros ir pramog\u0173 centre savo gerb\u0117jus su art\u0117jan\u010diomis \u0161vent\u0117mis pasveikino ir \u012fkaitino trys garsiausi m\u016bs\u0173 miesto \u0161oki\u0173 kolektyvai: \u201eAt\u0117n\u0117\u201c, \u201e\u017dvaig\u017ed\u016bn\u0117\u201c ir \u201eL\u016bgn\u0117\u201c. Kasmetinis j\u0173 kal\u0117dinis renginys \u201e\u017diemos \u0161okis\u201c &#8211; tarsi energijos u\u017etaisas, dar kart\u0105 patvirtino, kad tokio gra\u017eaus, energingo, eleganti\u0161ko ir aktyvaus jaunimo kaip \u0160ilut\u0117je tur\u0117t\u0173 pavyd\u0117ti bet kuris kitas miestas. \u201e\u017diemos \u0161okyje 2014\u201c [&hellip;]","og_url":"https:\/\/www.silutesnaujienos.lt\/lt\/su-artejanciomis-sventemis-sveikino-ziemos-sokis-2014\/","og_site_name":"\u0160ilut\u0117s naujienos","article_publisher":"https:\/\/www.facebook.com\/silutes.naujienos\/","article_published_time":"2014-12-14T20:00:00+00:00","og_image":[{"url":"\/\/silutesnaujienos.lt\/images\/stories\/2014\/GRUODIS\/12\/thumbnails\/thumb_ziemos_sokis_atene.jpg","type":"","width":"","height":""}],"author":"\u0160ilut\u0117s naujien\u0173 inf.","twitter_card":"summary_large_image","twitter_misc":{"Written by":"\u0160ilut\u0117s naujien\u0173 inf.","Est. reading time":"1 minut\u0117"},"schema":{"@context":"https:\/\/schema.org","@graph":[{"@type":"Article","@id":"https:\/\/www.silutesnaujienos.lt\/lt\/su-artejanciomis-sventemis-sveikino-ziemos-sokis-2014\/#article","isPartOf":{"@id":"https:\/\/www.silutesnaujienos.lt\/lt\/su-artejanciomis-sventemis-sveikino-ziemos-sokis-2014\/"},"author":{"name":"\u0160ilut\u0117s naujien\u0173 inf.","@id":"https:\/\/www.silutesnaujienos.lt\/lt\/#\/schema\/person\/232f475ddd4a7b5f49b3abc788b17e83"},"headline":"Su art\u0117jan\u010diomis \u0161vent\u0117mis sveikino \u201e\u017diemos \u0161okis 2014\u201c","datePublished":"2014-12-14T20:00:00+00:00","mainEntityOfPage":{"@id":"https:\/\/www.silutesnaujienos.lt\/lt\/su-artejanciomis-sventemis-sveikino-ziemos-sokis-2014\/"},"wordCount":284,"commentCount":0,"publisher":{"@id":"https:\/\/www.silutesnaujienos.lt\/lt\/#organization"},"articleSection":["Kult\u016bra ir \u0161vietimas"],"inLanguage":"lt-LT","potentialAction":[{"@type":"CommentAction","name":"Comment","target":["https:\/\/www.silutesnaujienos.lt\/lt\/su-artejanciomis-sventemis-sveikino-ziemos-sokis-2014\/#respond"]}]},{"@type":"WebPage","@id":"https:\/\/www.silutesnaujienos.lt\/lt\/su-artejanciomis-sventemis-sveikino-ziemos-sokis-2014\/","url":"https:\/\/www.silutesnaujienos.lt\/lt\/su-artejanciomis-sventemis-sveikino-ziemos-sokis-2014\/","name":"Su art\u0117jan\u010diomis \u0161vent\u0117mis sveikino \u201e\u017diemos \u0161okis 2014\u201c - \u0160ilut\u0117s naujienos","isPartOf":{"@id":"https:\/\/www.silutesnaujienos.lt\/lt\/#website"},"datePublished":"2014-12-14T20:00:00+00:00","breadcrumb":{"@id":"https:\/\/www.silutesnaujienos.lt\/lt\/su-artejanciomis-sventemis-sveikino-ziemos-sokis-2014\/#breadcrumb"},"inLanguage":"lt-LT","potentialAction":[{"@type":"ReadAction","target":["https:\/\/www.silutesnaujienos.lt\/lt\/su-artejanciomis-sventemis-sveikino-ziemos-sokis-2014\/"]}]},{"@type":"BreadcrumbList","@id":"https:\/\/www.silutesnaujienos.lt\/lt\/su-artejanciomis-sventemis-sveikino-ziemos-sokis-2014\/#breadcrumb","itemListElement":[{"@type":"ListItem","position":1,"name":"Home","item":"https:\/\/www.silutesnaujienos.lt\/lt\/"},{"@type":"ListItem","position":2,"name":"Su art\u0117jan\u010diomis \u0161vent\u0117mis sveikino \u201e\u017diemos \u0161okis 2014\u201c"}]},{"@type":"WebSite","@id":"https:\/\/www.silutesnaujienos.lt\/lt\/#website","url":"https:\/\/www.silutesnaujienos.lt\/lt\/","name":"\u0160ilut\u0117s naujienos","description":"B\u016bk ant naujien\u0173 bangos!","publisher":{"@id":"https:\/\/www.silutesnaujienos.lt\/lt\/#organization"},"potentialAction":[{"@type":"SearchAction","target":{"@type":"EntryPoint","urlTemplate":"https:\/\/www.silutesnaujienos.lt\/lt\/?s={search_term_string}"},"query-input":{"@type":"PropertyValueSpecification","valueRequired":true,"valueName":"search_term_string"}}],"inLanguage":"lt-LT"},{"@type":"Organization","@id":"https:\/\/www.silutesnaujienos.lt\/lt\/#organization","name":"\u0160ilut\u0117s naujienos","url":"https:\/\/www.silutesnaujienos.lt\/lt\/","logo":{"@type":"ImageObject","inLanguage":"lt-LT","@id":"https:\/\/www.silutesnaujienos.lt\/lt\/#\/schema\/logo\/image\/","url":"https:\/\/www.silutesnaujienos.lt\/lt\/wp-content\/uploads\/2020\/06\/FB_MAIN.jpg","contentUrl":"https:\/\/www.silutesnaujienos.lt\/lt\/wp-content\/uploads\/2020\/06\/FB_MAIN.jpg","width":1700,"height":956,"caption":"\u0160ilut\u0117s naujienos"},"image":{"@id":"https:\/\/www.silutesnaujienos.lt\/lt\/#\/schema\/logo\/image\/"},"sameAs":["https:\/\/www.facebook.com\/silutes.naujienos\/","https:\/\/www.youtube.com\/channel\/UCxW-cgrJDt8GxIMxSTAfJZg"]},{"@type":"Person","@id":"https:\/\/www.silutesnaujienos.lt\/lt\/#\/schema\/person\/232f475ddd4a7b5f49b3abc788b17e83","name":"\u0160ilut\u0117s naujien\u0173 inf.","image":{"@type":"ImageObject","inLanguage":"lt-LT","@id":"https:\/\/www.silutesnaujienos.lt\/lt\/wp-content\/uploads\/2020\/06\/favicon.png","url":"https:\/\/www.silutesnaujienos.lt\/lt\/wp-content\/uploads\/2020\/06\/favicon.png","contentUrl":"https:\/\/www.silutesnaujienos.lt\/lt\/wp-content\/uploads\/2020\/06\/favicon.png","caption":"\u0160ilut\u0117s naujien\u0173 inf."},"sameAs":["https:\/\/www.silutesnaujienos.lt\/lt"],"url":"https:\/\/www.silutesnaujienos.lt\/lt\/author\/ruta\/"}]}},"publishpress_future_workflow_manual_trigger":{"enabledWorkflows":[]},"amp_enabled":true,"_links":{"self":[{"href":"https:\/\/www.silutesnaujienos.lt\/lt\/wp-json\/wp\/v2\/posts\/6841","targetHints":{"allow":["GET"]}}],"collection":[{"href":"https:\/\/www.silutesnaujienos.lt\/lt\/wp-json\/wp\/v2\/posts"}],"about":[{"href":"https:\/\/www.silutesnaujienos.lt\/lt\/wp-json\/wp\/v2\/types\/post"}],"author":[{"embeddable":true,"href":"https:\/\/www.silutesnaujienos.lt\/lt\/wp-json\/wp\/v2\/users\/1"}],"replies":[{"embeddable":true,"href":"https:\/\/www.silutesnaujienos.lt\/lt\/wp-json\/wp\/v2\/comments?post=6841"}],"version-history":[{"count":0,"href":"https:\/\/www.silutesnaujienos.lt\/lt\/wp-json\/wp\/v2\/posts\/6841\/revisions"}],"wp:attachment":[{"href":"https:\/\/www.silutesnaujienos.lt\/lt\/wp-json\/wp\/v2\/media?parent=6841"}],"wp:term":[{"taxonomy":"category","embeddable":true,"href":"https:\/\/www.silutesnaujienos.lt\/lt\/wp-json\/wp\/v2\/categories?post=6841"},{"taxonomy":"post_tag","embeddable":true,"href":"https:\/\/www.silutesnaujienos.lt\/lt\/wp-json\/wp\/v2\/tags?post=6841"}],"curies":[{"name":"wp","href":"https:\/\/api.w.org\/{rel}","templated":true}]}}