{"id":6856,"date":"2015-01-16T16:00:00","date_gmt":"2015-01-16T18:00:00","guid":{"rendered":"https:\/\/www.silutesnaujienos.lt\/lt\/drasiausio-lietuvos-politinio-karinio-zygio-iamzinimas-siluteje\/"},"modified":"2015-01-16T16:00:00","modified_gmt":"2015-01-16T18:00:00","slug":"drasiausio-lietuvos-politinio-karinio-zygio-iamzinimas-siluteje","status":"publish","type":"post","link":"https:\/\/www.silutesnaujienos.lt\/lt\/drasiausio-lietuvos-politinio-karinio-zygio-iamzinimas-siluteje\/","title":{"rendered":"Dr\u0105siausio Lietuvos politinio &#8211;  karinio \u017eygio \u012fam\u017einimas \u0160ilut\u0117je"},"content":{"rendered":"<p><a target=\"_blank\" rel=\"caption[Paminklinio \u017eenklo autori\u0173, m\u016bs\u0173 kra\u0161to paveldo puosel\u0117toj\u0173, architekt\u0173 Marijos ir Martyno Purvin\u0173 veikla 2013 metais buvo \u012fvertinta valstybine Jono Basanavi\u010diaus premija.] noopener noreferrer\" class=\"jcepopup\" href=\"\/\/silutesnaujienos.lt\/images\/stories\/2015\/SAUSIS\/13\/sausio_sukilimas_Purvinai_Gedimino_Savickio_ELTA_nuotr.jpg\" data-rel=\"lightbox-gallery-XQXi378H\" data-rl_title=\"\" data-rl_caption=\"\"><img loading=\"lazy\" decoding=\"async\" style=\"margin: 5px; float: left;\" class=\"caption\" title=\"\" alt=\"sausio sukilimas Purvinai Gedimino Savickio ELTA nuotr\" src=\"\/\/silutesnaujienos.lt\/images\/stories\/2015\/SAUSIS\/13\/thumbnails\/thumb_sausio_sukilimas_Purvinai_Gedimino_Savickio_ELTA_nuotr.jpg\" height=\"230\" width=\"307\" \/><\/a><strong>\u201ePrie\u0161 92 metus Lietuva j\u0117ga prisijung\u0117 Klaip\u0117dos kra\u0161t\u0105. \u012evyko vadinamasis Klaip\u0117dos sukilimas \u201e lig \u0161iol pati s\u0117kmingiausia, geriausiai suplanuota Lietuvos politik\u0173, diplomat\u0173, slapt\u0173j\u0173 tarnyb\u0173 ir kariuomen\u0117s operacija, kurios d\u0117ka valstyb\u0117 gavo uost\u0105, o per j\u012f &#8211; i\u0161\u0117jim\u0105 prie j\u016bros.<\/strong><\/p>\n<p><strong>Idealistinis patriotinis pakilimas \u201eatvaduoti lang\u0105 \u012f plat\u0173j\u012f pasaul\u012f\u201c ir s\u0117kmingai pasibaig\u0119s Klaip\u0117dos \u017eygis tvirtai \u012fsir\u0117\u017e\u0117 \u012f tautos istorin\u0119 s\u0105mon\u0119. Klaip\u0117dos kra\u0161to prijungimas pak\u0117l\u0117 patriotin\u012f lietuvi\u0173 \u016bp\u0105 po karinio ir diplomatinio pralaim\u0117jimo kovose d\u0117l Vilniaus kra\u0161to.<\/strong><\/p>\n<p><strong>Pra\u0117jus beveik dvide\u0161im\u010diai met\u0173 po \u0161io sukilimo, Klaip\u0117dos kra\u0161t\u0105 prarijo nacistin\u0117 Vokietija, ta\u010diau, pasibaigus Antrajam pasauliniam karui, b\u016btent 1923 met\u0173 s\u0117kmingo \u017eygio sukurta pad\u0117tis l\u0117m\u0117, kad valstyb\u0117ms nugal\u0117tojoms nekilo abejoni\u0173, kam tur\u0117t\u0173 priklausyti Klaip\u0117dos kra\u0161tas\u201c, &#8211; ra\u0161\u0117 \u201eKult\u016bros barai\u201c.<\/strong><\/p>\n<p><strong>\u0160ilut\u0117s gyventojai kasmet sausio 15 dien\u0105 susirenka prie \u0160ilut\u0117s rajono savivaldyb\u0117s esan\u010dio paminklinio \u017eenklo, skirto 1923 m. sausio 15 d. Klaip\u0117dos kra\u0161to prijungimo prie Lietuvos \u012fvykiams atminti.<\/strong><\/p>\n<p><strong>Ta\u010diau ar \u0161iluti\u0161kiai \u017eino, kada ir kieno iniciatyva pastatytas \u0161is paminklas? Kas yra \u0161ios id\u0117jos sumanytojai ir kam buvo lemta tai \u012fgyvendinti?<\/strong><\/p>\n<p><strong>Istorini\u0173 \u012fvyki\u0173 ir asmenybi\u0173 \u012fam\u017einimo komitetas<\/strong><\/p>\n<p>1993 m. lapkri\u010dio 11 d. \u0160ilut\u0117s rajono tarybos sprendimu Nr. 244 \u012fsteigiamas visuomeninis \u201eIstorini\u0173 \u012fvyki\u0173 ir asmenybi\u0173 <a target=\"_blank\" rel=\"caption[Paminklinio \u017eenklo br\u0117\u017einys su paminko matmenimis. Paminklas - lyg prad\u0117tas ir nebaigtas statyti tradicinis lietuvinink\u0173 namas simbolizuoja sud\u0117ting\u0105 Ma\u017eosios Lietuvos likim\u0105.] noopener noreferrer\" class=\"jcepopup\" href=\"\/\/silutesnaujienos.lt\/images\/stories\/2015\/SAUSIS\/13\/sausio_sukilimas_paminklinio_zenklo_brezinys.jpg\" data-rel=\"lightbox-gallery-XQXi378H\" data-rl_title=\"\" data-rl_caption=\"\"><img loading=\"lazy\" decoding=\"async\" style=\"margin: 5px; float: right;\" class=\"caption\" title=\"\" alt=\"sausio sukilimas paminklinio zenklo brezinys\" src=\"\/\/silutesnaujienos.lt\/images\/stories\/2015\/SAUSIS\/13\/thumbnails\/thumb_sausio_sukilimas_paminklinio_zenklo_brezinys.jpg\" height=\"230\" width=\"307\" \/><\/a>\u012fam\u017einimo\u201c komitetas. Komitet\u0105 sudaro 8 \u017emon\u0117s:&nbsp; \u0160ilut\u0117s rajono savivaldyb\u0117s kult\u016bros, \u0161vietimo ir sporto skyriaus ved\u0117jo pavaduotojas S.Sodonis,&nbsp; pensininkas J.Bal\u010diauskas, tuometinis miesto tarybos pirmininkas V.Skirkevi\u010dius, \u0160ilut\u0117s muziejaus direktor\u0117 R.\u0160ik\u0161nien\u0117, paminklotvarkinink\u0117 N.Lauraitien\u0117,&nbsp; \u0160ilut\u0117s rajono vyriausiasis architektas V.Mikalauskas, architektai Marija ir Martynas Purvinai. Kaip skelbia \u0161io komiteto nuostatai, pagrindinis j\u0173 u\u017edavinys yra nustatyti asmenybes ir \u012fvykius, kuriuos verta \u012fam\u017einti.<\/p>\n<p>1993 m. \u012fsteigtas komitetas nuo pat pirmos darbo dienos aktyviai imasi visuomenin\u0117s veiklos. Renka duomenis apie asmenybes ir \u012fvykius, kuriuos verta \u012fam\u017einti, telkia visuomen\u0119 diskusijoms, teikia pasi\u016blymus rajono Savivaldybei asmenybi\u0173 ir \u012fvyki\u0173 \u012fam\u017einimo klausimais. Skelbia konkursus, numato, kaip tur\u0117t\u0173 b\u016bti \u012fam\u017einti \u012fvykiai ir asmenyb\u0117s.<\/p>\n<p>1994 m. gegu\u017e\u0117s 17 d. Istorini\u0173 \u012fvyki\u0173 ir asmenybi\u0173 \u012fam\u017einimo komitetas kreipiasi \u012f&nbsp; kra\u0161to gyventojus: \u201eMieli tautie\u010diai, per pus\u0161imt\u012f okupacijos met\u0173 nuo m\u016bs\u0173 buvo slepiama tautos ir valstyb\u0117s istorija. Net kelios kartos \u017emoni\u0173 apie praeit\u012f ma\u017eai k\u0105 \u017einojo. Mes savo kra\u0161te &#8211; Ma\u017eojoje Lietuvoje &#8211; turime istorijai ir kult\u016brai did\u017eiai nusipelniusi\u0173 ir pla\u010diai \u017einom\u0173 asmenybi\u0173: Vyd\u016bnas, M.Jankus, Ma\u017eosios Lietuvos vyriausiasis gelb\u0117jimo komiteto signatarai, E.Jagomastas, A.Brakas, H.Zudermanas ir kiti. &lt;&#8230;&gt; Juos pagerbti ir prisiminti &#8211; m\u016bs\u0173 pareiga. Memorialin\u0117s plok\u0161t\u0117s, paminklai \u0161viesiausioms kra\u0161to galvoms ne tik papuo\u0161 sen\u0105j\u0105 \u0160ilut\u0119 ir jos apylinkes, bet ir prikels istorin\u0119 atmint\u012f\u201c.<\/p>\n<p><strong>Paminklinio \u017eenklo statybos id\u0117ja<\/strong><\/p>\n<p>1994 m. pabaigoje Istorini\u0173 \u012fvyki\u0173 ir asmenybi\u0173 \u012fam\u017einimo komitetas kartu su tuometine \u0160ilut\u0117s rajono valdyba kreipiasi \u012f Lietuvos istorijos institut\u0105 su pra\u0161ymu&nbsp; i\u0161sakyti savo nuomon\u0119 d\u0117l paminklo, skirto Klaip\u0117dos kra\u0161to prijungimui prie Lietuvos Respublikos pamin\u0117ti, pastatymo.<\/p>\n<p>1995 m. sausio 3 d. Lietuvos istorijos institutas duoda atsakym\u0105: \u201eD\u017eiaugiam\u0117s Valdybos garbinga pilietine nuostata ir pritariame jos nutarimui pastatyti paminkl\u0105, skirt\u0105 Klaip\u0117dos kra\u0161to prijungimui prie Did\u017eiosios Lietuvos atminti. Tas \u012fvykis, \u017eymintis lietuvi\u0161k\u0173 \u017eemi\u0173 susijungim\u0105 Lietuvos valstyb\u0117je, yra be galo svarbus ir reik\u0161mingas\u201c.<\/p>\n<p>\u0160ilut\u0117s rajono valdyba, gavusi Lietuvos istorijos instituto pritarim\u0105, 1995 m. vasario 13 d. i\u0161leid\u017eia potvark\u012f \u201eD\u0117l statini\u0173 projekt\u0173 konkurs\u0173 organizavimo\u201c, kuriame paskelbiamas architekt\u016brini\u0173 id\u0117j\u0173 konkursas paminklo projektui sukurti.<br \/>Savo ruo\u017etu Istorini\u0173 \u012fvyki\u0173 ir asmenybi\u0173 \u012fam\u017einimo komitetas kreipiasi \u012f visus geros valios \u017emones pra\u0161ydamas paremti paminklo projektavimo ir statybos darbus. \u012e kvietim\u0105 aukoti paminklo statybai atsiliepia \u012fmon\u0117s, organizacijos, tautie\u010diai, gyvenantys Amerikoje, Australijoje, Vokietijoje, Meksikoje ir kt. u\u017esienio valstyb\u0117se.<\/p>\n<p>Ta\u010diau kei\u010diantis rajono vald\u017eiai, biud\u017eete l\u0117\u0161\u0173 paminklo statybai nelieka. Tuomet Istorini\u0173 \u012fvyki\u0173 ir asmenybi\u0173 \u012fam\u017einimo komiteto taryba ra\u0161tu kreipiasi \u012f Seimo nar\u012f V.Marti\u0161ausk\u0105 su pra\u0161ymu tarpininkauti gaunant valstybin\u012f finansavim\u0105 paminklo statybai. \u0160iluti\u0161kiai sulaukia Lietuvos Respublikos kult\u016bros ministerijos paramos.<\/p>\n<p>1997 m. rugpj\u016b\u010dio 22 d. \u0160ilut\u0117s rajono savivaldyb\u0117s valdyba sprendimu Nr. 139 \u201eD\u0117l paminklo\u201c leid\u017eia \u0160ilut\u0117s rajono istorini\u0173 \u012fvyki\u0173 ir asmenybi\u0173 \u012fam\u017einimo komitetui prie \u0160ilut\u0117s rajono savivaldyb\u0117s statyti paminkl\u0105, skirt\u0105 Klaip\u0117dos kra\u0161to prijungimui prie Lietuvos.<\/p>\n<p><strong>K\u0105 simbolizuoja paminklinis \u017eenklas?<\/strong><br \/><a target=\"_blank\" rel=\"caption[\u0160ilut\u0117s gyventojai kasmet sausio 15 dien\u0105 susirenka pamin\u0117ti 1923 met\u0173 Klaip\u0117dos kra\u0161to prijungimo prie Lietuvos \u012fvykius.] noopener noreferrer\" class=\"jcepopup\" href=\"\/\/silutesnaujienos.lt\/images\/stories\/2015\/SAUSIS\/13\/sausio_sukilimas_paminklas_minejimas.jpg\" data-rel=\"lightbox-gallery-XQXi378H\" data-rl_title=\"\" data-rl_caption=\"\"><img loading=\"lazy\" decoding=\"async\" style=\"margin: 5px; float: left;\" class=\"caption\" title=\"\" alt=\"sausio sukilimas paminklas minejimas\" src=\"\/\/silutesnaujienos.lt\/images\/stories\/2015\/SAUSIS\/13\/thumbnails\/thumb_sausio_sukilimas_paminklas_minejimas.jpg\" height=\"230\" width=\"307\" \/><\/a>Art\u0117jant 75-eri\u0173 met\u0173 Klaip\u0117dos kra\u0161to sukilimo metin\u0117ms, komitetas, nor\u0117damas \u012fam\u017einti 1923 m. \u012fvykius, siek\u0117 sukviesti visame pasaulyje i\u0161sibars\u010diusius Ma\u017eosios Lietuvos gyventojus ir j\u0173 palikuonis, kurie gal\u0117t\u0173 pareik\u0161ti savo nuomon\u0119 ir materialiai paremti paminklo statyb\u0105. Deja, neatsirado pakankamai nei l\u0117\u0161\u0173, nei laiko i\u0161ties rimtam&nbsp; tarptautinio masto paminklo k\u016br\u0117j\u0173 konkursui parengti, buvo belik\u0119 vos keli m\u0117nesiai reik\u0161mingam jubiliejui pasirengti.<\/p>\n<p>Tod\u0117l Istorini\u0173 \u012fvyki\u0173 ir asmenybi\u0173 \u012fam\u017einimo komitetas pasi\u016bl\u0117 prie \u0160ilut\u0117s rajono savivaldyb\u0117s pastatyti kukl\u0173 atminimo \u017eenkl\u0105. Jo projekt\u0105 neatlygintinai pareng\u0117 architekt\u0117 Marija Purvinien\u0117 ir dr. Martynas Purvinas.<\/p>\n<p>Pasirinktas pigiausias paminklo variantas, atspindintis Ma\u017eajai Lietuvai b\u016bding\u0105 sant\u016brum\u0105 bei taupum\u0105. Paminklo i\u0161vaizda tur\u0117jo simbolizuoti Klaip\u0117dos kra\u0161to istorij\u0105 ir tradicijas. Pasi\u016blyta i\u0161 Ma\u017eajai Lietuvai b\u016bding\u0173 statybini\u0173 med\u017eiag\u0173 (skelt\u0173 lauko akmen\u0173, raudon\u0173 plyt\u0173) sum\u016bryti neauk\u0161t\u0105 sienel\u0119, kuri simbolizuot\u0173 lyg prad\u0117to statyti tradicinio namo pamat\u0105. Prie sienel\u0117s pamato b\u016bt\u0173 \u012fm\u016bryta plok\u0161t\u0117 su statybos prad\u017eios data ir \u012fra\u0161u: \u201e1923 m. sausio 15 d. Klaip\u0117dos kra\u0161to prijungimas prie Lietuvos\u201c. Kitoje plok\u0161t\u0117je pateikta Ma\u017eosios Lietuvos vyriausiojo gelb\u0117jimo komiteto deklaracijos faksimil\u0117. \u0160ie \u012fra\u0161ai tur\u0117jo atspind\u0117ti lietuvi\u0161kojo Klaip\u0117dos kra\u0161to gimimo metrikos, \u017eenklinan\u010dios \u0161io kra\u0161to prad\u017ei\u0105, parodan\u010dios ir dabartin\u0117s vald\u017eios \u0161iame kra\u0161te t\u0119stinum\u0105 ir teis\u0117tum\u0105.<\/p>\n<p>Paminklo forma \u201e lyg prad\u0117tas ir nebaigtas statyti tradicinis lietuvinink\u0173 namas &#8211; simbolizuoja sud\u0117ting\u0105 Ma\u017eosios Lietuvos likim\u0105.<br \/>Istorini\u0173 \u012fvyki\u0173 ir asmenybi\u0173 komitetui net ir kukliomis l\u0117\u0161omis pavyko 1998 m. pastatyti paminklin\u012f \u017eenkl\u0105, \u012fam\u017einant\u012f 1923 m. istorin\u012f \u012fvyk\u012f, kai menkai ginkluoti savanoriai, remiami Lietuvos kari\u0173, nepabijojo stoti prie\u0161 tuo metu kra\u0161t\u0105 vald\u017eiusi\u0105 Pranc\u016bzij\u0105.<\/p>\n<p>&nbsp;<\/p>\n<p><strong>Istorija byloja<\/strong><\/p>\n<p>1923 m. sausio 10-19 dienomis \u012fvyko lemtingas lietuvi\u0173 sukilimas prie\u0161 pranc\u016bz\u0173 valdym\u0105 Klaip\u0117dos kra\u0161te, u\u017etikrin\u0119s Lietuvos \u016bkiui galimyb\u0119 naudotis Klaip\u0117dos uostu. \u0160is sukilimas buvo svarbus savaranki\u0161kas politinis ir karinis \u017eingsnis tarpukario Lietuvos istorijoje.<\/p>\n<p>Ratifikavus Versalio sutart\u012f, 1920 m. sausio 10 d. Klaip\u0117dos kra\u0161tas buvo atskirtas nuo Vokietijos ir Antant\u0117s valstybi\u0173 vardu pavestas valdyti Pranc\u016bzijai, kol bus galutinai nuspr\u0119stas jo likimas.<br \/>1922 m. gruod\u017eio 20 d. Lietuva buvo pripa\u017einta de jure, ta\u010diau Ambasadori\u0173 konferencija neskub\u0117jo spr\u0119sti Klaip\u0117dos kra\u0161to klausimo. Praradusi vilt\u012f, kad Klaip\u0117da bus perduota Lietuvai diplomatiniu keliu, Lietuvos vyriausyb\u0117 nusprend\u0117 improvizuoti Klaip\u0117dos kra\u0161to gyventoj\u0173 sukilim\u0105, kad, remiantis j\u0173 pareik\u0161ta valia, Klaip\u0117dos kra\u0161t\u0105 b\u016bt\u0173 galima prijungti prie Lietuvos. 1922 m. gruod\u017eio m\u0117nes\u012f buvo sudarytas Vyriausiasis Ma\u017eosios Lietuvos gelb\u0117jimo komitetas, tur\u0117j\u0119s oficialiai vadovauti sukilimui.<\/p>\n<p>Sukilimas prasid\u0117jo 1923 m. sausio 10 d. Nesulaukusi rimtesnio pranc\u016bz\u0173 pasiprie\u0161inimo, sausio 15 d. reguliarioji Lietuvos kariuomen\u0117 \u012f\u017eeng\u0117 \u012f Klaip\u0117dos kra\u0161t\u0105. Tos pa\u010dios dienos vidurdien\u012f buvo paskelbtos paliaubos. 1923 m. vasario 16 d. Ambasadori\u0173 konferencija paskelb\u0117 Antant\u0117s ir Lietuvos susitarim\u0105. Klaip\u0117dos kra\u0161tas buvo perduotas Lietuvai \u201e su s\u0105lyga, kad, parengus Klaip\u0117dos kra\u0161to status\u0105 apibr\u0117\u017eian\u010dius dokumentus, kra\u0161tui bus suteikta autonomija ir bus \u012fsteigtos autonomin\u0117s institucijos. 1924 m. gegu\u017e\u0117s 8 d. Pary\u017eiuje pasira\u0161ius Klaip\u0117dos konvencij\u0105, Klaip\u0117dos kra\u0161tas autonominiais pagrindais atiteko Lietuvos Respublikai. Tai buvo patvirtinta ir 1928 m. sausio 29 d. pasira\u0161ytoje Lietuvos ir Vokietijos sienos sutartyje.<\/p>\n<p>Parodoje galima susipa\u017einti su svarbiausiais Vyriausiojo Ma\u017eosios Lietuvos gelb\u0117jimo komiteto paskelbtais dokumentais: atsi\u0161aukimu \u201eBroliai \u0161auliai!\u201c, kvie\u010dian\u010diu \u0160auli\u0173 s\u0105jungos narius pad\u0117ti klaip\u0117di\u0161kiams, \u0160ilut\u0117je pasira\u0161ytu manifestu, kuriame skelbiama, kad komiteto nariai ima vald\u017ei\u0105 \u012f savo rankas, komiteto atsi\u0161aukimu, raginan\u010diu prisid\u0117ti prie sukilimo dalyvi\u0173, 1923 m. sausio 19 d. Gelb\u0117jimo komiteto skyri\u0173 ir draugij\u0173 atstov\u0173 suva\u017eiavime priimta deklaracija, skelbian\u010dia Klaip\u0117dos kra\u0161to prijungim\u0105 prie Lietuvos autonomijos teis\u0117mis.<\/p>\n","protected":false},"excerpt":{"rendered":"<p>\u201ePrie\u0161 92 metus Lietuva j\u0117ga prisijung\u0117 Klaip\u0117dos kra\u0161t\u0105. \u012evyko vadinamasis Klaip\u0117dos sukilimas \u201e lig \u0161iol pati s\u0117kmingiausia, geriausiai suplanuota Lietuvos politik\u0173, diplomat\u0173, slapt\u0173j\u0173 tarnyb\u0173 ir kariuomen\u0117s operacija, kurios d\u0117ka valstyb\u0117 gavo uost\u0105, o per j\u012f &#8211; i\u0161\u0117jim\u0105 prie j\u016bros. Idealistinis patriotinis pakilimas \u201eatvaduoti lang\u0105 \u012f plat\u0173j\u012f pasaul\u012f\u201c ir s\u0117kmingai pasibaig\u0119s Klaip\u0117dos \u017eygis tvirtai \u012fsir\u0117\u017e\u0117 \u012f [&hellip;]<\/p>\n","protected":false},"author":1,"featured_media":0,"comment_status":"open","ping_status":"open","sticky":false,"template":"","format":"standard","meta":{"footnotes":""},"categories":[51],"tags":[],"class_list":{"0":"post-6856","1":"post","2":"type-post","3":"status-publish","4":"format-standard","6":"category-kultura-ir-svietimas"},"yoast_head":"<!-- This site is optimized with the Yoast SEO plugin v27.5 - https:\/\/yoast.com\/product\/yoast-seo-wordpress\/ -->\n<title>Dr\u0105siausio Lietuvos politinio - karinio \u017eygio \u012fam\u017einimas \u0160ilut\u0117je - \u0160ilut\u0117s naujienos<\/title>\n<meta name=\"robots\" content=\"index, follow, max-snippet:-1, max-image-preview:large, max-video-preview:-1\" \/>\n<link rel=\"canonical\" href=\"https:\/\/www.silutesnaujienos.lt\/lt\/drasiausio-lietuvos-politinio-karinio-zygio-iamzinimas-siluteje\/\" \/>\n<meta property=\"og:locale\" content=\"lt_LT\" \/>\n<meta property=\"og:type\" content=\"article\" \/>\n<meta property=\"og:title\" content=\"Dr\u0105siausio Lietuvos politinio - karinio \u017eygio \u012fam\u017einimas \u0160ilut\u0117je - \u0160ilut\u0117s naujienos\" \/>\n<meta property=\"og:description\" content=\"\u201ePrie\u0161 92 metus Lietuva j\u0117ga prisijung\u0117 Klaip\u0117dos kra\u0161t\u0105. \u012evyko vadinamasis Klaip\u0117dos sukilimas \u201e lig \u0161iol pati s\u0117kmingiausia, geriausiai suplanuota Lietuvos politik\u0173, diplomat\u0173, slapt\u0173j\u0173 tarnyb\u0173 ir kariuomen\u0117s operacija, kurios d\u0117ka valstyb\u0117 gavo uost\u0105, o per j\u012f &#8211; i\u0161\u0117jim\u0105 prie j\u016bros. Idealistinis patriotinis pakilimas \u201eatvaduoti lang\u0105 \u012f plat\u0173j\u012f pasaul\u012f\u201c ir s\u0117kmingai pasibaig\u0119s Klaip\u0117dos \u017eygis tvirtai \u012fsir\u0117\u017e\u0117 \u012f [&hellip;]\" \/>\n<meta property=\"og:url\" content=\"https:\/\/www.silutesnaujienos.lt\/lt\/drasiausio-lietuvos-politinio-karinio-zygio-iamzinimas-siluteje\/\" \/>\n<meta property=\"og:site_name\" content=\"\u0160ilut\u0117s naujienos\" \/>\n<meta property=\"article:publisher\" content=\"https:\/\/www.facebook.com\/silutes.naujienos\/\" \/>\n<meta property=\"article:published_time\" content=\"2015-01-16T18:00:00+00:00\" \/>\n<meta property=\"og:image\" content=\"\/\/silutesnaujienos.lt\/images\/stories\/2015\/SAUSIS\/13\/thumbnails\/thumb_sausio_sukilimas_Purvinai_Gedimino_Savickio_ELTA_nuotr.jpg\" \/>\n<meta name=\"author\" content=\"\u0160ilut\u0117s naujien\u0173 inf.\" \/>\n<meta name=\"twitter:card\" content=\"summary_large_image\" \/>\n<meta name=\"twitter:label1\" content=\"Written by\" \/>\n\t<meta name=\"twitter:data1\" content=\"\u0160ilut\u0117s naujien\u0173 inf.\" \/>\n\t<meta name=\"twitter:label2\" content=\"Est. reading time\" \/>\n\t<meta name=\"twitter:data2\" content=\"7 minut\u0117s\" \/>\n<script type=\"application\/ld+json\" class=\"yoast-schema-graph\">{\"@context\":\"https:\\\/\\\/schema.org\",\"@graph\":[{\"@type\":\"Article\",\"@id\":\"https:\\\/\\\/www.silutesnaujienos.lt\\\/lt\\\/drasiausio-lietuvos-politinio-karinio-zygio-iamzinimas-siluteje\\\/#article\",\"isPartOf\":{\"@id\":\"https:\\\/\\\/www.silutesnaujienos.lt\\\/lt\\\/drasiausio-lietuvos-politinio-karinio-zygio-iamzinimas-siluteje\\\/\"},\"author\":{\"name\":\"\u0160ilut\u0117s naujien\u0173 inf.\",\"@id\":\"https:\\\/\\\/www.silutesnaujienos.lt\\\/lt\\\/#\\\/schema\\\/person\\\/232f475ddd4a7b5f49b3abc788b17e83\"},\"headline\":\"Dr\u0105siausio Lietuvos politinio &#8211; karinio \u017eygio \u012fam\u017einimas \u0160ilut\u0117je\",\"datePublished\":\"2015-01-16T18:00:00+00:00\",\"mainEntityOfPage\":{\"@id\":\"https:\\\/\\\/www.silutesnaujienos.lt\\\/lt\\\/drasiausio-lietuvos-politinio-karinio-zygio-iamzinimas-siluteje\\\/\"},\"wordCount\":1388,\"commentCount\":0,\"publisher\":{\"@id\":\"https:\\\/\\\/www.silutesnaujienos.lt\\\/lt\\\/#organization\"},\"articleSection\":[\"Kult\u016bra ir \u0161vietimas\"],\"inLanguage\":\"lt-LT\",\"potentialAction\":[{\"@type\":\"CommentAction\",\"name\":\"Comment\",\"target\":[\"https:\\\/\\\/www.silutesnaujienos.lt\\\/lt\\\/drasiausio-lietuvos-politinio-karinio-zygio-iamzinimas-siluteje\\\/#respond\"]}]},{\"@type\":\"WebPage\",\"@id\":\"https:\\\/\\\/www.silutesnaujienos.lt\\\/lt\\\/drasiausio-lietuvos-politinio-karinio-zygio-iamzinimas-siluteje\\\/\",\"url\":\"https:\\\/\\\/www.silutesnaujienos.lt\\\/lt\\\/drasiausio-lietuvos-politinio-karinio-zygio-iamzinimas-siluteje\\\/\",\"name\":\"Dr\u0105siausio Lietuvos politinio - karinio \u017eygio \u012fam\u017einimas \u0160ilut\u0117je - \u0160ilut\u0117s naujienos\",\"isPartOf\":{\"@id\":\"https:\\\/\\\/www.silutesnaujienos.lt\\\/lt\\\/#website\"},\"datePublished\":\"2015-01-16T18:00:00+00:00\",\"breadcrumb\":{\"@id\":\"https:\\\/\\\/www.silutesnaujienos.lt\\\/lt\\\/drasiausio-lietuvos-politinio-karinio-zygio-iamzinimas-siluteje\\\/#breadcrumb\"},\"inLanguage\":\"lt-LT\",\"potentialAction\":[{\"@type\":\"ReadAction\",\"target\":[\"https:\\\/\\\/www.silutesnaujienos.lt\\\/lt\\\/drasiausio-lietuvos-politinio-karinio-zygio-iamzinimas-siluteje\\\/\"]}]},{\"@type\":\"BreadcrumbList\",\"@id\":\"https:\\\/\\\/www.silutesnaujienos.lt\\\/lt\\\/drasiausio-lietuvos-politinio-karinio-zygio-iamzinimas-siluteje\\\/#breadcrumb\",\"itemListElement\":[{\"@type\":\"ListItem\",\"position\":1,\"name\":\"Home\",\"item\":\"https:\\\/\\\/www.silutesnaujienos.lt\\\/lt\\\/\"},{\"@type\":\"ListItem\",\"position\":2,\"name\":\"Dr\u0105siausio Lietuvos politinio &#8211; karinio \u017eygio \u012fam\u017einimas \u0160ilut\u0117je\"}]},{\"@type\":\"WebSite\",\"@id\":\"https:\\\/\\\/www.silutesnaujienos.lt\\\/lt\\\/#website\",\"url\":\"https:\\\/\\\/www.silutesnaujienos.lt\\\/lt\\\/\",\"name\":\"\u0160ilut\u0117s naujienos\",\"description\":\"B\u016bk ant naujien\u0173 bangos!\",\"publisher\":{\"@id\":\"https:\\\/\\\/www.silutesnaujienos.lt\\\/lt\\\/#organization\"},\"potentialAction\":[{\"@type\":\"SearchAction\",\"target\":{\"@type\":\"EntryPoint\",\"urlTemplate\":\"https:\\\/\\\/www.silutesnaujienos.lt\\\/lt\\\/?s={search_term_string}\"},\"query-input\":{\"@type\":\"PropertyValueSpecification\",\"valueRequired\":true,\"valueName\":\"search_term_string\"}}],\"inLanguage\":\"lt-LT\"},{\"@type\":\"Organization\",\"@id\":\"https:\\\/\\\/www.silutesnaujienos.lt\\\/lt\\\/#organization\",\"name\":\"\u0160ilut\u0117s naujienos\",\"url\":\"https:\\\/\\\/www.silutesnaujienos.lt\\\/lt\\\/\",\"logo\":{\"@type\":\"ImageObject\",\"inLanguage\":\"lt-LT\",\"@id\":\"https:\\\/\\\/www.silutesnaujienos.lt\\\/lt\\\/#\\\/schema\\\/logo\\\/image\\\/\",\"url\":\"https:\\\/\\\/www.silutesnaujienos.lt\\\/lt\\\/wp-content\\\/uploads\\\/2020\\\/06\\\/FB_MAIN.jpg\",\"contentUrl\":\"https:\\\/\\\/www.silutesnaujienos.lt\\\/lt\\\/wp-content\\\/uploads\\\/2020\\\/06\\\/FB_MAIN.jpg\",\"width\":1700,\"height\":956,\"caption\":\"\u0160ilut\u0117s naujienos\"},\"image\":{\"@id\":\"https:\\\/\\\/www.silutesnaujienos.lt\\\/lt\\\/#\\\/schema\\\/logo\\\/image\\\/\"},\"sameAs\":[\"https:\\\/\\\/www.facebook.com\\\/silutes.naujienos\\\/\",\"https:\\\/\\\/www.youtube.com\\\/channel\\\/UCxW-cgrJDt8GxIMxSTAfJZg\"]},{\"@type\":\"Person\",\"@id\":\"https:\\\/\\\/www.silutesnaujienos.lt\\\/lt\\\/#\\\/schema\\\/person\\\/232f475ddd4a7b5f49b3abc788b17e83\",\"name\":\"\u0160ilut\u0117s naujien\u0173 inf.\",\"image\":{\"@type\":\"ImageObject\",\"inLanguage\":\"lt-LT\",\"@id\":\"https:\\\/\\\/www.silutesnaujienos.lt\\\/lt\\\/wp-content\\\/uploads\\\/2020\\\/06\\\/favicon.png\",\"url\":\"https:\\\/\\\/www.silutesnaujienos.lt\\\/lt\\\/wp-content\\\/uploads\\\/2020\\\/06\\\/favicon.png\",\"contentUrl\":\"https:\\\/\\\/www.silutesnaujienos.lt\\\/lt\\\/wp-content\\\/uploads\\\/2020\\\/06\\\/favicon.png\",\"caption\":\"\u0160ilut\u0117s naujien\u0173 inf.\"},\"sameAs\":[\"https:\\\/\\\/www.silutesnaujienos.lt\\\/lt\"],\"url\":\"https:\\\/\\\/www.silutesnaujienos.lt\\\/lt\\\/author\\\/ruta\\\/\"}]}<\/script>\n<!-- \/ Yoast SEO plugin. -->","yoast_head_json":{"title":"Dr\u0105siausio Lietuvos politinio - karinio \u017eygio \u012fam\u017einimas \u0160ilut\u0117je - \u0160ilut\u0117s naujienos","robots":{"index":"index","follow":"follow","max-snippet":"max-snippet:-1","max-image-preview":"max-image-preview:large","max-video-preview":"max-video-preview:-1"},"canonical":"https:\/\/www.silutesnaujienos.lt\/lt\/drasiausio-lietuvos-politinio-karinio-zygio-iamzinimas-siluteje\/","og_locale":"lt_LT","og_type":"article","og_title":"Dr\u0105siausio Lietuvos politinio - karinio \u017eygio \u012fam\u017einimas \u0160ilut\u0117je - \u0160ilut\u0117s naujienos","og_description":"\u201ePrie\u0161 92 metus Lietuva j\u0117ga prisijung\u0117 Klaip\u0117dos kra\u0161t\u0105. \u012evyko vadinamasis Klaip\u0117dos sukilimas \u201e lig \u0161iol pati s\u0117kmingiausia, geriausiai suplanuota Lietuvos politik\u0173, diplomat\u0173, slapt\u0173j\u0173 tarnyb\u0173 ir kariuomen\u0117s operacija, kurios d\u0117ka valstyb\u0117 gavo uost\u0105, o per j\u012f &#8211; i\u0161\u0117jim\u0105 prie j\u016bros. Idealistinis patriotinis pakilimas \u201eatvaduoti lang\u0105 \u012f plat\u0173j\u012f pasaul\u012f\u201c ir s\u0117kmingai pasibaig\u0119s Klaip\u0117dos \u017eygis tvirtai \u012fsir\u0117\u017e\u0117 \u012f [&hellip;]","og_url":"https:\/\/www.silutesnaujienos.lt\/lt\/drasiausio-lietuvos-politinio-karinio-zygio-iamzinimas-siluteje\/","og_site_name":"\u0160ilut\u0117s naujienos","article_publisher":"https:\/\/www.facebook.com\/silutes.naujienos\/","article_published_time":"2015-01-16T18:00:00+00:00","og_image":[{"url":"\/\/silutesnaujienos.lt\/images\/stories\/2015\/SAUSIS\/13\/thumbnails\/thumb_sausio_sukilimas_Purvinai_Gedimino_Savickio_ELTA_nuotr.jpg","type":"","width":"","height":""}],"author":"\u0160ilut\u0117s naujien\u0173 inf.","twitter_card":"summary_large_image","twitter_misc":{"Written by":"\u0160ilut\u0117s naujien\u0173 inf.","Est. reading time":"7 minut\u0117s"},"schema":{"@context":"https:\/\/schema.org","@graph":[{"@type":"Article","@id":"https:\/\/www.silutesnaujienos.lt\/lt\/drasiausio-lietuvos-politinio-karinio-zygio-iamzinimas-siluteje\/#article","isPartOf":{"@id":"https:\/\/www.silutesnaujienos.lt\/lt\/drasiausio-lietuvos-politinio-karinio-zygio-iamzinimas-siluteje\/"},"author":{"name":"\u0160ilut\u0117s naujien\u0173 inf.","@id":"https:\/\/www.silutesnaujienos.lt\/lt\/#\/schema\/person\/232f475ddd4a7b5f49b3abc788b17e83"},"headline":"Dr\u0105siausio Lietuvos politinio &#8211; karinio \u017eygio \u012fam\u017einimas \u0160ilut\u0117je","datePublished":"2015-01-16T18:00:00+00:00","mainEntityOfPage":{"@id":"https:\/\/www.silutesnaujienos.lt\/lt\/drasiausio-lietuvos-politinio-karinio-zygio-iamzinimas-siluteje\/"},"wordCount":1388,"commentCount":0,"publisher":{"@id":"https:\/\/www.silutesnaujienos.lt\/lt\/#organization"},"articleSection":["Kult\u016bra ir \u0161vietimas"],"inLanguage":"lt-LT","potentialAction":[{"@type":"CommentAction","name":"Comment","target":["https:\/\/www.silutesnaujienos.lt\/lt\/drasiausio-lietuvos-politinio-karinio-zygio-iamzinimas-siluteje\/#respond"]}]},{"@type":"WebPage","@id":"https:\/\/www.silutesnaujienos.lt\/lt\/drasiausio-lietuvos-politinio-karinio-zygio-iamzinimas-siluteje\/","url":"https:\/\/www.silutesnaujienos.lt\/lt\/drasiausio-lietuvos-politinio-karinio-zygio-iamzinimas-siluteje\/","name":"Dr\u0105siausio Lietuvos politinio - karinio \u017eygio \u012fam\u017einimas \u0160ilut\u0117je - \u0160ilut\u0117s naujienos","isPartOf":{"@id":"https:\/\/www.silutesnaujienos.lt\/lt\/#website"},"datePublished":"2015-01-16T18:00:00+00:00","breadcrumb":{"@id":"https:\/\/www.silutesnaujienos.lt\/lt\/drasiausio-lietuvos-politinio-karinio-zygio-iamzinimas-siluteje\/#breadcrumb"},"inLanguage":"lt-LT","potentialAction":[{"@type":"ReadAction","target":["https:\/\/www.silutesnaujienos.lt\/lt\/drasiausio-lietuvos-politinio-karinio-zygio-iamzinimas-siluteje\/"]}]},{"@type":"BreadcrumbList","@id":"https:\/\/www.silutesnaujienos.lt\/lt\/drasiausio-lietuvos-politinio-karinio-zygio-iamzinimas-siluteje\/#breadcrumb","itemListElement":[{"@type":"ListItem","position":1,"name":"Home","item":"https:\/\/www.silutesnaujienos.lt\/lt\/"},{"@type":"ListItem","position":2,"name":"Dr\u0105siausio Lietuvos politinio &#8211; karinio \u017eygio \u012fam\u017einimas \u0160ilut\u0117je"}]},{"@type":"WebSite","@id":"https:\/\/www.silutesnaujienos.lt\/lt\/#website","url":"https:\/\/www.silutesnaujienos.lt\/lt\/","name":"\u0160ilut\u0117s naujienos","description":"B\u016bk ant naujien\u0173 bangos!","publisher":{"@id":"https:\/\/www.silutesnaujienos.lt\/lt\/#organization"},"potentialAction":[{"@type":"SearchAction","target":{"@type":"EntryPoint","urlTemplate":"https:\/\/www.silutesnaujienos.lt\/lt\/?s={search_term_string}"},"query-input":{"@type":"PropertyValueSpecification","valueRequired":true,"valueName":"search_term_string"}}],"inLanguage":"lt-LT"},{"@type":"Organization","@id":"https:\/\/www.silutesnaujienos.lt\/lt\/#organization","name":"\u0160ilut\u0117s naujienos","url":"https:\/\/www.silutesnaujienos.lt\/lt\/","logo":{"@type":"ImageObject","inLanguage":"lt-LT","@id":"https:\/\/www.silutesnaujienos.lt\/lt\/#\/schema\/logo\/image\/","url":"https:\/\/www.silutesnaujienos.lt\/lt\/wp-content\/uploads\/2020\/06\/FB_MAIN.jpg","contentUrl":"https:\/\/www.silutesnaujienos.lt\/lt\/wp-content\/uploads\/2020\/06\/FB_MAIN.jpg","width":1700,"height":956,"caption":"\u0160ilut\u0117s naujienos"},"image":{"@id":"https:\/\/www.silutesnaujienos.lt\/lt\/#\/schema\/logo\/image\/"},"sameAs":["https:\/\/www.facebook.com\/silutes.naujienos\/","https:\/\/www.youtube.com\/channel\/UCxW-cgrJDt8GxIMxSTAfJZg"]},{"@type":"Person","@id":"https:\/\/www.silutesnaujienos.lt\/lt\/#\/schema\/person\/232f475ddd4a7b5f49b3abc788b17e83","name":"\u0160ilut\u0117s naujien\u0173 inf.","image":{"@type":"ImageObject","inLanguage":"lt-LT","@id":"https:\/\/www.silutesnaujienos.lt\/lt\/wp-content\/uploads\/2020\/06\/favicon.png","url":"https:\/\/www.silutesnaujienos.lt\/lt\/wp-content\/uploads\/2020\/06\/favicon.png","contentUrl":"https:\/\/www.silutesnaujienos.lt\/lt\/wp-content\/uploads\/2020\/06\/favicon.png","caption":"\u0160ilut\u0117s naujien\u0173 inf."},"sameAs":["https:\/\/www.silutesnaujienos.lt\/lt"],"url":"https:\/\/www.silutesnaujienos.lt\/lt\/author\/ruta\/"}]}},"publishpress_future_workflow_manual_trigger":{"enabledWorkflows":[]},"amp_enabled":true,"_links":{"self":[{"href":"https:\/\/www.silutesnaujienos.lt\/lt\/wp-json\/wp\/v2\/posts\/6856","targetHints":{"allow":["GET"]}}],"collection":[{"href":"https:\/\/www.silutesnaujienos.lt\/lt\/wp-json\/wp\/v2\/posts"}],"about":[{"href":"https:\/\/www.silutesnaujienos.lt\/lt\/wp-json\/wp\/v2\/types\/post"}],"author":[{"embeddable":true,"href":"https:\/\/www.silutesnaujienos.lt\/lt\/wp-json\/wp\/v2\/users\/1"}],"replies":[{"embeddable":true,"href":"https:\/\/www.silutesnaujienos.lt\/lt\/wp-json\/wp\/v2\/comments?post=6856"}],"version-history":[{"count":0,"href":"https:\/\/www.silutesnaujienos.lt\/lt\/wp-json\/wp\/v2\/posts\/6856\/revisions"}],"wp:attachment":[{"href":"https:\/\/www.silutesnaujienos.lt\/lt\/wp-json\/wp\/v2\/media?parent=6856"}],"wp:term":[{"taxonomy":"category","embeddable":true,"href":"https:\/\/www.silutesnaujienos.lt\/lt\/wp-json\/wp\/v2\/categories?post=6856"},{"taxonomy":"post_tag","embeddable":true,"href":"https:\/\/www.silutesnaujienos.lt\/lt\/wp-json\/wp\/v2\/tags?post=6856"}],"curies":[{"name":"wp","href":"https:\/\/api.w.org\/{rel}","templated":true}]}}