{"id":69638,"date":"2025-05-15T12:00:50","date_gmt":"2025-05-15T09:00:50","guid":{"rendered":"https:\/\/www.silutesnaujienos.lt\/lt\/?p=69638"},"modified":"2025-05-14T12:17:22","modified_gmt":"2025-05-14T09:17:22","slug":"medziu-kirtimas-miesto-pakrastyje-virto-kriminalu-ir-sulauke-aplinkosaugininku-demesio","status":"publish","type":"post","link":"https:\/\/www.silutesnaujienos.lt\/lt\/medziu-kirtimas-miesto-pakrastyje-virto-kriminalu-ir-sulauke-aplinkosaugininku-demesio\/","title":{"rendered":"Med\u017ei\u0173 kirtimas miesto pakra\u0161tyje virto kriminalu ir sulauk\u0117 aplinkosauginink\u0173 d\u0117mesio"},"content":{"rendered":"<p><em><strong>Leidimo niekam nei\u0161duota<\/strong><\/em><\/p>\n<p>Nors kirtimas vyko ankstyv\u0105 pavasar\u012f, kirtaviet\u0117je ir \u0161iandien dar riogso suguldyt\u0173 kr\u016bm\u0173 ir med\u017ei\u0173 \u0161ak\u0173 rietuv\u0117s, tarp kuri\u0173 st\u016bkso nupjaut\u0173 med\u017ei\u0173 kelmai. Prad\u0117tas darbas akivaizd\u017eiai nebaigtas, o palikta betvark\u0117 papiktino greta esan\u010di\u0173 gara\u017e\u0173 savininkus. Pasak vyr\u0173, jeigu to \u017eem\u0117s ploto savininkas \u010dia taip vykd\u0117 pavasarin\u0119 aplinkos tvarkymo akcij\u0105, tai jis paliko dar daugiau netvarkos, nei jos buvo iki \u201eakcijos\u201c.<\/p>\n<p><strong>Vis\u0105 straipsn\u012f skaitykite gegu\u017e\u0117s 15 d. \u201e\u0160ilut\u0117s naujien\u0173\u201d laikra\u0161tyje.<\/strong><\/p>\n<p>&nbsp;<\/p>\n<p>&nbsp;<\/p>\n<p>&nbsp;<\/p>\n<p>&nbsp;<\/p>\n","protected":false},"excerpt":{"rendered":"<p>Leidimo niekam nei\u0161duota Nors kirtimas vyko ankstyv\u0105 pavasar\u012f, kirtaviet\u0117je ir \u0161iandien dar riogso suguldyt\u0173 kr\u016bm\u0173 ir med\u017ei\u0173 \u0161ak\u0173 rietuv\u0117s, tarp kuri\u0173 st\u016bkso nupjaut\u0173 med\u017ei\u0173 kelmai. Prad\u0117tas darbas akivaizd\u017eiai nebaigtas, o palikta betvark\u0117 papiktino greta esan\u010di\u0173 gara\u017e\u0173 savininkus. Pasak vyr\u0173, jeigu to \u017eem\u0117s ploto savininkas \u010dia taip vykd\u0117 pavasarin\u0119 aplinkos tvarkymo akcij\u0105, tai jis paliko dar [&hellip;]<\/p>\n","protected":false},"author":2,"featured_media":69639,"comment_status":"open","ping_status":"closed","sticky":false,"template":"","format":"standard","meta":{"footnotes":""},"categories":[2],"tags":[47],"class_list":{"0":"post-69638","1":"post","2":"type-post","3":"status-publish","4":"format-standard","5":"has-post-thumbnail","7":"category-aktualijos","8":"tag-pirmasis"},"yoast_head":"<!-- This site is optimized with the Yoast SEO plugin v27.5 - https:\/\/yoast.com\/product\/yoast-seo-wordpress\/ -->\n<title>Med\u017ei\u0173 kirtimas miesto pakra\u0161tyje virto kriminalu ir sulauk\u0117 aplinkosauginink\u0173 d\u0117mesio - \u0160ilut\u0117s naujienos<\/title>\n<meta name=\"robots\" content=\"index, follow, max-snippet:-1, max-image-preview:large, max-video-preview:-1\" \/>\n<link rel=\"canonical\" href=\"https:\/\/www.silutesnaujienos.lt\/lt\/medziu-kirtimas-miesto-pakrastyje-virto-kriminalu-ir-sulauke-aplinkosaugininku-demesio\/\" \/>\n<meta property=\"og:locale\" content=\"lt_LT\" \/>\n<meta property=\"og:type\" content=\"article\" \/>\n<meta property=\"og:title\" content=\"Med\u017ei\u0173 kirtimas miesto pakra\u0161tyje virto kriminalu ir sulauk\u0117 aplinkosauginink\u0173 d\u0117mesio - \u0160ilut\u0117s naujienos\" \/>\n<meta property=\"og:description\" content=\"Leidimo niekam nei\u0161duota Nors kirtimas vyko ankstyv\u0105 pavasar\u012f, kirtaviet\u0117je ir \u0161iandien dar riogso suguldyt\u0173 kr\u016bm\u0173 ir med\u017ei\u0173 \u0161ak\u0173 rietuv\u0117s, tarp kuri\u0173 st\u016bkso nupjaut\u0173 med\u017ei\u0173 kelmai. Prad\u0117tas darbas akivaizd\u017eiai nebaigtas, o palikta betvark\u0117 papiktino greta esan\u010di\u0173 gara\u017e\u0173 savininkus. Pasak vyr\u0173, jeigu to \u017eem\u0117s ploto savininkas \u010dia taip vykd\u0117 pavasarin\u0119 aplinkos tvarkymo akcij\u0105, tai jis paliko dar [&hellip;]\" \/>\n<meta property=\"og:url\" content=\"https:\/\/www.silutesnaujienos.lt\/lt\/medziu-kirtimas-miesto-pakrastyje-virto-kriminalu-ir-sulauke-aplinkosaugininku-demesio\/\" \/>\n<meta property=\"og:site_name\" content=\"\u0160ilut\u0117s naujienos\" \/>\n<meta property=\"article:publisher\" content=\"https:\/\/www.facebook.com\/silutes.naujienos\/\" \/>\n<meta property=\"article:published_time\" content=\"2025-05-15T09:00:50+00:00\" \/>\n<meta property=\"og:image\" content=\"https:\/\/www.silutesnaujienos.lt\/lt\/wp-content\/uploads\/2025\/05\/krumai-ir-medziai-4-scaled.jpg\" \/>\n\t<meta property=\"og:image:width\" content=\"1920\" \/>\n\t<meta property=\"og:image:height\" content=\"2560\" \/>\n\t<meta property=\"og:image:type\" content=\"image\/jpeg\" \/>\n<meta name=\"author\" content=\"\u0160ilut\u0117s naujien\u0173 inf.\" \/>\n<meta name=\"twitter:card\" content=\"summary_large_image\" \/>\n<meta name=\"twitter:label1\" content=\"Written by\" \/>\n\t<meta name=\"twitter:data1\" content=\"\u0160ilut\u0117s naujien\u0173 inf.\" \/>\n\t<meta name=\"twitter:label2\" content=\"Est. reading time\" \/>\n\t<meta name=\"twitter:data2\" content=\"1 minut\u0117\" \/>\n<script type=\"application\/ld+json\" class=\"yoast-schema-graph\">{\"@context\":\"https:\\\/\\\/schema.org\",\"@graph\":[{\"@type\":\"Article\",\"@id\":\"https:\\\/\\\/www.silutesnaujienos.lt\\\/lt\\\/medziu-kirtimas-miesto-pakrastyje-virto-kriminalu-ir-sulauke-aplinkosaugininku-demesio\\\/#article\",\"isPartOf\":{\"@id\":\"https:\\\/\\\/www.silutesnaujienos.lt\\\/lt\\\/medziu-kirtimas-miesto-pakrastyje-virto-kriminalu-ir-sulauke-aplinkosaugininku-demesio\\\/\"},\"author\":{\"name\":\"\u0160ilut\u0117s naujien\u0173 inf.\",\"@id\":\"https:\\\/\\\/www.silutesnaujienos.lt\\\/lt\\\/#\\\/schema\\\/person\\\/976440ef837444400af3c77c19c61454\"},\"headline\":\"Med\u017ei\u0173 kirtimas miesto pakra\u0161tyje virto kriminalu ir sulauk\u0117 aplinkosauginink\u0173 d\u0117mesio\",\"datePublished\":\"2025-05-15T09:00:50+00:00\",\"mainEntityOfPage\":{\"@id\":\"https:\\\/\\\/www.silutesnaujienos.lt\\\/lt\\\/medziu-kirtimas-miesto-pakrastyje-virto-kriminalu-ir-sulauke-aplinkosaugininku-demesio\\\/\"},\"wordCount\":101,\"commentCount\":3,\"publisher\":{\"@id\":\"https:\\\/\\\/www.silutesnaujienos.lt\\\/lt\\\/#organization\"},\"image\":{\"@id\":\"https:\\\/\\\/www.silutesnaujienos.lt\\\/lt\\\/medziu-kirtimas-miesto-pakrastyje-virto-kriminalu-ir-sulauke-aplinkosaugininku-demesio\\\/#primaryimage\"},\"thumbnailUrl\":\"https:\\\/\\\/www.silutesnaujienos.lt\\\/lt\\\/wp-content\\\/uploads\\\/2025\\\/05\\\/krumai-ir-medziai-4-scaled.jpg\",\"keywords\":[\"Pirmasis\"],\"articleSection\":[\"Aktualijos\"],\"inLanguage\":\"lt-LT\",\"potentialAction\":[{\"@type\":\"CommentAction\",\"name\":\"Comment\",\"target\":[\"https:\\\/\\\/www.silutesnaujienos.lt\\\/lt\\\/medziu-kirtimas-miesto-pakrastyje-virto-kriminalu-ir-sulauke-aplinkosaugininku-demesio\\\/#respond\"]}]},{\"@type\":\"WebPage\",\"@id\":\"https:\\\/\\\/www.silutesnaujienos.lt\\\/lt\\\/medziu-kirtimas-miesto-pakrastyje-virto-kriminalu-ir-sulauke-aplinkosaugininku-demesio\\\/\",\"url\":\"https:\\\/\\\/www.silutesnaujienos.lt\\\/lt\\\/medziu-kirtimas-miesto-pakrastyje-virto-kriminalu-ir-sulauke-aplinkosaugininku-demesio\\\/\",\"name\":\"Med\u017ei\u0173 kirtimas miesto pakra\u0161tyje virto kriminalu ir sulauk\u0117 aplinkosauginink\u0173 d\u0117mesio - \u0160ilut\u0117s naujienos\",\"isPartOf\":{\"@id\":\"https:\\\/\\\/www.silutesnaujienos.lt\\\/lt\\\/#website\"},\"primaryImageOfPage\":{\"@id\":\"https:\\\/\\\/www.silutesnaujienos.lt\\\/lt\\\/medziu-kirtimas-miesto-pakrastyje-virto-kriminalu-ir-sulauke-aplinkosaugininku-demesio\\\/#primaryimage\"},\"image\":{\"@id\":\"https:\\\/\\\/www.silutesnaujienos.lt\\\/lt\\\/medziu-kirtimas-miesto-pakrastyje-virto-kriminalu-ir-sulauke-aplinkosaugininku-demesio\\\/#primaryimage\"},\"thumbnailUrl\":\"https:\\\/\\\/www.silutesnaujienos.lt\\\/lt\\\/wp-content\\\/uploads\\\/2025\\\/05\\\/krumai-ir-medziai-4-scaled.jpg\",\"datePublished\":\"2025-05-15T09:00:50+00:00\",\"breadcrumb\":{\"@id\":\"https:\\\/\\\/www.silutesnaujienos.lt\\\/lt\\\/medziu-kirtimas-miesto-pakrastyje-virto-kriminalu-ir-sulauke-aplinkosaugininku-demesio\\\/#breadcrumb\"},\"inLanguage\":\"lt-LT\",\"potentialAction\":[{\"@type\":\"ReadAction\",\"target\":[\"https:\\\/\\\/www.silutesnaujienos.lt\\\/lt\\\/medziu-kirtimas-miesto-pakrastyje-virto-kriminalu-ir-sulauke-aplinkosaugininku-demesio\\\/\"]}]},{\"@type\":\"ImageObject\",\"inLanguage\":\"lt-LT\",\"@id\":\"https:\\\/\\\/www.silutesnaujienos.lt\\\/lt\\\/medziu-kirtimas-miesto-pakrastyje-virto-kriminalu-ir-sulauke-aplinkosaugininku-demesio\\\/#primaryimage\",\"url\":\"https:\\\/\\\/www.silutesnaujienos.lt\\\/lt\\\/wp-content\\\/uploads\\\/2025\\\/05\\\/krumai-ir-medziai-4-scaled.jpg\",\"contentUrl\":\"https:\\\/\\\/www.silutesnaujienos.lt\\\/lt\\\/wp-content\\\/uploads\\\/2025\\\/05\\\/krumai-ir-medziai-4-scaled.jpg\",\"width\":1920,\"height\":2560},{\"@type\":\"BreadcrumbList\",\"@id\":\"https:\\\/\\\/www.silutesnaujienos.lt\\\/lt\\\/medziu-kirtimas-miesto-pakrastyje-virto-kriminalu-ir-sulauke-aplinkosaugininku-demesio\\\/#breadcrumb\",\"itemListElement\":[{\"@type\":\"ListItem\",\"position\":1,\"name\":\"Home\",\"item\":\"https:\\\/\\\/www.silutesnaujienos.lt\\\/lt\\\/\"},{\"@type\":\"ListItem\",\"position\":2,\"name\":\"Med\u017ei\u0173 kirtimas miesto pakra\u0161tyje virto kriminalu ir sulauk\u0117 aplinkosauginink\u0173 d\u0117mesio\"}]},{\"@type\":\"WebSite\",\"@id\":\"https:\\\/\\\/www.silutesnaujienos.lt\\\/lt\\\/#website\",\"url\":\"https:\\\/\\\/www.silutesnaujienos.lt\\\/lt\\\/\",\"name\":\"\u0160ilut\u0117s naujienos\",\"description\":\"B\u016bk ant naujien\u0173 bangos!\",\"publisher\":{\"@id\":\"https:\\\/\\\/www.silutesnaujienos.lt\\\/lt\\\/#organization\"},\"potentialAction\":[{\"@type\":\"SearchAction\",\"target\":{\"@type\":\"EntryPoint\",\"urlTemplate\":\"https:\\\/\\\/www.silutesnaujienos.lt\\\/lt\\\/?s={search_term_string}\"},\"query-input\":{\"@type\":\"PropertyValueSpecification\",\"valueRequired\":true,\"valueName\":\"search_term_string\"}}],\"inLanguage\":\"lt-LT\"},{\"@type\":\"Organization\",\"@id\":\"https:\\\/\\\/www.silutesnaujienos.lt\\\/lt\\\/#organization\",\"name\":\"\u0160ilut\u0117s naujienos\",\"url\":\"https:\\\/\\\/www.silutesnaujienos.lt\\\/lt\\\/\",\"logo\":{\"@type\":\"ImageObject\",\"inLanguage\":\"lt-LT\",\"@id\":\"https:\\\/\\\/www.silutesnaujienos.lt\\\/lt\\\/#\\\/schema\\\/logo\\\/image\\\/\",\"url\":\"https:\\\/\\\/www.silutesnaujienos.lt\\\/lt\\\/wp-content\\\/uploads\\\/2020\\\/06\\\/FB_MAIN.jpg\",\"contentUrl\":\"https:\\\/\\\/www.silutesnaujienos.lt\\\/lt\\\/wp-content\\\/uploads\\\/2020\\\/06\\\/FB_MAIN.jpg\",\"width\":1700,\"height\":956,\"caption\":\"\u0160ilut\u0117s naujienos\"},\"image\":{\"@id\":\"https:\\\/\\\/www.silutesnaujienos.lt\\\/lt\\\/#\\\/schema\\\/logo\\\/image\\\/\"},\"sameAs\":[\"https:\\\/\\\/www.facebook.com\\\/silutes.naujienos\\\/\",\"https:\\\/\\\/www.youtube.com\\\/channel\\\/UCxW-cgrJDt8GxIMxSTAfJZg\"]},{\"@type\":\"Person\",\"@id\":\"https:\\\/\\\/www.silutesnaujienos.lt\\\/lt\\\/#\\\/schema\\\/person\\\/976440ef837444400af3c77c19c61454\",\"name\":\"\u0160ilut\u0117s naujien\u0173 inf.\",\"image\":{\"@type\":\"ImageObject\",\"inLanguage\":\"lt-LT\",\"@id\":\"https:\\\/\\\/www.silutesnaujienos.lt\\\/lt\\\/wp-content\\\/uploads\\\/2020\\\/06\\\/favicon.png\",\"url\":\"https:\\\/\\\/www.silutesnaujienos.lt\\\/lt\\\/wp-content\\\/uploads\\\/2020\\\/06\\\/favicon.png\",\"contentUrl\":\"https:\\\/\\\/www.silutesnaujienos.lt\\\/lt\\\/wp-content\\\/uploads\\\/2020\\\/06\\\/favicon.png\",\"caption\":\"\u0160ilut\u0117s naujien\u0173 inf.\"},\"url\":\"https:\\\/\\\/www.silutesnaujienos.lt\\\/lt\\\/author\\\/vadas\\\/\"}]}<\/script>\n<!-- \/ Yoast SEO plugin. -->","yoast_head_json":{"title":"Med\u017ei\u0173 kirtimas miesto pakra\u0161tyje virto kriminalu ir sulauk\u0117 aplinkosauginink\u0173 d\u0117mesio - \u0160ilut\u0117s naujienos","robots":{"index":"index","follow":"follow","max-snippet":"max-snippet:-1","max-image-preview":"max-image-preview:large","max-video-preview":"max-video-preview:-1"},"canonical":"https:\/\/www.silutesnaujienos.lt\/lt\/medziu-kirtimas-miesto-pakrastyje-virto-kriminalu-ir-sulauke-aplinkosaugininku-demesio\/","og_locale":"lt_LT","og_type":"article","og_title":"Med\u017ei\u0173 kirtimas miesto pakra\u0161tyje virto kriminalu ir sulauk\u0117 aplinkosauginink\u0173 d\u0117mesio - \u0160ilut\u0117s naujienos","og_description":"Leidimo niekam nei\u0161duota Nors kirtimas vyko ankstyv\u0105 pavasar\u012f, kirtaviet\u0117je ir \u0161iandien dar riogso suguldyt\u0173 kr\u016bm\u0173 ir med\u017ei\u0173 \u0161ak\u0173 rietuv\u0117s, tarp kuri\u0173 st\u016bkso nupjaut\u0173 med\u017ei\u0173 kelmai. Prad\u0117tas darbas akivaizd\u017eiai nebaigtas, o palikta betvark\u0117 papiktino greta esan\u010di\u0173 gara\u017e\u0173 savininkus. Pasak vyr\u0173, jeigu to \u017eem\u0117s ploto savininkas \u010dia taip vykd\u0117 pavasarin\u0119 aplinkos tvarkymo akcij\u0105, tai jis paliko dar [&hellip;]","og_url":"https:\/\/www.silutesnaujienos.lt\/lt\/medziu-kirtimas-miesto-pakrastyje-virto-kriminalu-ir-sulauke-aplinkosaugininku-demesio\/","og_site_name":"\u0160ilut\u0117s naujienos","article_publisher":"https:\/\/www.facebook.com\/silutes.naujienos\/","article_published_time":"2025-05-15T09:00:50+00:00","og_image":[{"width":1920,"height":2560,"url":"https:\/\/www.silutesnaujienos.lt\/lt\/wp-content\/uploads\/2025\/05\/krumai-ir-medziai-4-scaled.jpg","type":"image\/jpeg"}],"author":"\u0160ilut\u0117s naujien\u0173 inf.","twitter_card":"summary_large_image","twitter_misc":{"Written by":"\u0160ilut\u0117s naujien\u0173 inf.","Est. reading time":"1 minut\u0117"},"schema":{"@context":"https:\/\/schema.org","@graph":[{"@type":"Article","@id":"https:\/\/www.silutesnaujienos.lt\/lt\/medziu-kirtimas-miesto-pakrastyje-virto-kriminalu-ir-sulauke-aplinkosaugininku-demesio\/#article","isPartOf":{"@id":"https:\/\/www.silutesnaujienos.lt\/lt\/medziu-kirtimas-miesto-pakrastyje-virto-kriminalu-ir-sulauke-aplinkosaugininku-demesio\/"},"author":{"name":"\u0160ilut\u0117s naujien\u0173 inf.","@id":"https:\/\/www.silutesnaujienos.lt\/lt\/#\/schema\/person\/976440ef837444400af3c77c19c61454"},"headline":"Med\u017ei\u0173 kirtimas miesto pakra\u0161tyje virto kriminalu ir sulauk\u0117 aplinkosauginink\u0173 d\u0117mesio","datePublished":"2025-05-15T09:00:50+00:00","mainEntityOfPage":{"@id":"https:\/\/www.silutesnaujienos.lt\/lt\/medziu-kirtimas-miesto-pakrastyje-virto-kriminalu-ir-sulauke-aplinkosaugininku-demesio\/"},"wordCount":101,"commentCount":3,"publisher":{"@id":"https:\/\/www.silutesnaujienos.lt\/lt\/#organization"},"image":{"@id":"https:\/\/www.silutesnaujienos.lt\/lt\/medziu-kirtimas-miesto-pakrastyje-virto-kriminalu-ir-sulauke-aplinkosaugininku-demesio\/#primaryimage"},"thumbnailUrl":"https:\/\/www.silutesnaujienos.lt\/lt\/wp-content\/uploads\/2025\/05\/krumai-ir-medziai-4-scaled.jpg","keywords":["Pirmasis"],"articleSection":["Aktualijos"],"inLanguage":"lt-LT","potentialAction":[{"@type":"CommentAction","name":"Comment","target":["https:\/\/www.silutesnaujienos.lt\/lt\/medziu-kirtimas-miesto-pakrastyje-virto-kriminalu-ir-sulauke-aplinkosaugininku-demesio\/#respond"]}]},{"@type":"WebPage","@id":"https:\/\/www.silutesnaujienos.lt\/lt\/medziu-kirtimas-miesto-pakrastyje-virto-kriminalu-ir-sulauke-aplinkosaugininku-demesio\/","url":"https:\/\/www.silutesnaujienos.lt\/lt\/medziu-kirtimas-miesto-pakrastyje-virto-kriminalu-ir-sulauke-aplinkosaugininku-demesio\/","name":"Med\u017ei\u0173 kirtimas miesto pakra\u0161tyje virto kriminalu ir sulauk\u0117 aplinkosauginink\u0173 d\u0117mesio - \u0160ilut\u0117s naujienos","isPartOf":{"@id":"https:\/\/www.silutesnaujienos.lt\/lt\/#website"},"primaryImageOfPage":{"@id":"https:\/\/www.silutesnaujienos.lt\/lt\/medziu-kirtimas-miesto-pakrastyje-virto-kriminalu-ir-sulauke-aplinkosaugininku-demesio\/#primaryimage"},"image":{"@id":"https:\/\/www.silutesnaujienos.lt\/lt\/medziu-kirtimas-miesto-pakrastyje-virto-kriminalu-ir-sulauke-aplinkosaugininku-demesio\/#primaryimage"},"thumbnailUrl":"https:\/\/www.silutesnaujienos.lt\/lt\/wp-content\/uploads\/2025\/05\/krumai-ir-medziai-4-scaled.jpg","datePublished":"2025-05-15T09:00:50+00:00","breadcrumb":{"@id":"https:\/\/www.silutesnaujienos.lt\/lt\/medziu-kirtimas-miesto-pakrastyje-virto-kriminalu-ir-sulauke-aplinkosaugininku-demesio\/#breadcrumb"},"inLanguage":"lt-LT","potentialAction":[{"@type":"ReadAction","target":["https:\/\/www.silutesnaujienos.lt\/lt\/medziu-kirtimas-miesto-pakrastyje-virto-kriminalu-ir-sulauke-aplinkosaugininku-demesio\/"]}]},{"@type":"ImageObject","inLanguage":"lt-LT","@id":"https:\/\/www.silutesnaujienos.lt\/lt\/medziu-kirtimas-miesto-pakrastyje-virto-kriminalu-ir-sulauke-aplinkosaugininku-demesio\/#primaryimage","url":"https:\/\/www.silutesnaujienos.lt\/lt\/wp-content\/uploads\/2025\/05\/krumai-ir-medziai-4-scaled.jpg","contentUrl":"https:\/\/www.silutesnaujienos.lt\/lt\/wp-content\/uploads\/2025\/05\/krumai-ir-medziai-4-scaled.jpg","width":1920,"height":2560},{"@type":"BreadcrumbList","@id":"https:\/\/www.silutesnaujienos.lt\/lt\/medziu-kirtimas-miesto-pakrastyje-virto-kriminalu-ir-sulauke-aplinkosaugininku-demesio\/#breadcrumb","itemListElement":[{"@type":"ListItem","position":1,"name":"Home","item":"https:\/\/www.silutesnaujienos.lt\/lt\/"},{"@type":"ListItem","position":2,"name":"Med\u017ei\u0173 kirtimas miesto pakra\u0161tyje virto kriminalu ir sulauk\u0117 aplinkosauginink\u0173 d\u0117mesio"}]},{"@type":"WebSite","@id":"https:\/\/www.silutesnaujienos.lt\/lt\/#website","url":"https:\/\/www.silutesnaujienos.lt\/lt\/","name":"\u0160ilut\u0117s naujienos","description":"B\u016bk ant naujien\u0173 bangos!","publisher":{"@id":"https:\/\/www.silutesnaujienos.lt\/lt\/#organization"},"potentialAction":[{"@type":"SearchAction","target":{"@type":"EntryPoint","urlTemplate":"https:\/\/www.silutesnaujienos.lt\/lt\/?s={search_term_string}"},"query-input":{"@type":"PropertyValueSpecification","valueRequired":true,"valueName":"search_term_string"}}],"inLanguage":"lt-LT"},{"@type":"Organization","@id":"https:\/\/www.silutesnaujienos.lt\/lt\/#organization","name":"\u0160ilut\u0117s naujienos","url":"https:\/\/www.silutesnaujienos.lt\/lt\/","logo":{"@type":"ImageObject","inLanguage":"lt-LT","@id":"https:\/\/www.silutesnaujienos.lt\/lt\/#\/schema\/logo\/image\/","url":"https:\/\/www.silutesnaujienos.lt\/lt\/wp-content\/uploads\/2020\/06\/FB_MAIN.jpg","contentUrl":"https:\/\/www.silutesnaujienos.lt\/lt\/wp-content\/uploads\/2020\/06\/FB_MAIN.jpg","width":1700,"height":956,"caption":"\u0160ilut\u0117s naujienos"},"image":{"@id":"https:\/\/www.silutesnaujienos.lt\/lt\/#\/schema\/logo\/image\/"},"sameAs":["https:\/\/www.facebook.com\/silutes.naujienos\/","https:\/\/www.youtube.com\/channel\/UCxW-cgrJDt8GxIMxSTAfJZg"]},{"@type":"Person","@id":"https:\/\/www.silutesnaujienos.lt\/lt\/#\/schema\/person\/976440ef837444400af3c77c19c61454","name":"\u0160ilut\u0117s naujien\u0173 inf.","image":{"@type":"ImageObject","inLanguage":"lt-LT","@id":"https:\/\/www.silutesnaujienos.lt\/lt\/wp-content\/uploads\/2020\/06\/favicon.png","url":"https:\/\/www.silutesnaujienos.lt\/lt\/wp-content\/uploads\/2020\/06\/favicon.png","contentUrl":"https:\/\/www.silutesnaujienos.lt\/lt\/wp-content\/uploads\/2020\/06\/favicon.png","caption":"\u0160ilut\u0117s naujien\u0173 inf."},"url":"https:\/\/www.silutesnaujienos.lt\/lt\/author\/vadas\/"}]}},"publishpress_future_workflow_manual_trigger":{"enabledWorkflows":[]},"amp_enabled":true,"_links":{"self":[{"href":"https:\/\/www.silutesnaujienos.lt\/lt\/wp-json\/wp\/v2\/posts\/69638","targetHints":{"allow":["GET"]}}],"collection":[{"href":"https:\/\/www.silutesnaujienos.lt\/lt\/wp-json\/wp\/v2\/posts"}],"about":[{"href":"https:\/\/www.silutesnaujienos.lt\/lt\/wp-json\/wp\/v2\/types\/post"}],"author":[{"embeddable":true,"href":"https:\/\/www.silutesnaujienos.lt\/lt\/wp-json\/wp\/v2\/users\/2"}],"replies":[{"embeddable":true,"href":"https:\/\/www.silutesnaujienos.lt\/lt\/wp-json\/wp\/v2\/comments?post=69638"}],"version-history":[{"count":1,"href":"https:\/\/www.silutesnaujienos.lt\/lt\/wp-json\/wp\/v2\/posts\/69638\/revisions"}],"predecessor-version":[{"id":69640,"href":"https:\/\/www.silutesnaujienos.lt\/lt\/wp-json\/wp\/v2\/posts\/69638\/revisions\/69640"}],"wp:featuredmedia":[{"embeddable":true,"href":"https:\/\/www.silutesnaujienos.lt\/lt\/wp-json\/wp\/v2\/media\/69639"}],"wp:attachment":[{"href":"https:\/\/www.silutesnaujienos.lt\/lt\/wp-json\/wp\/v2\/media?parent=69638"}],"wp:term":[{"taxonomy":"category","embeddable":true,"href":"https:\/\/www.silutesnaujienos.lt\/lt\/wp-json\/wp\/v2\/categories?post=69638"},{"taxonomy":"post_tag","embeddable":true,"href":"https:\/\/www.silutesnaujienos.lt\/lt\/wp-json\/wp\/v2\/tags?post=69638"}],"curies":[{"name":"wp","href":"https:\/\/api.w.org\/{rel}","templated":true}]}}