{"id":7001,"date":"2015-08-14T07:00:00","date_gmt":"2015-08-14T09:00:00","guid":{"rendered":"https:\/\/www.silutesnaujienos.lt\/lt\/ka-veikti-si-savaitgali-laukia-renginiu-cunamis\/"},"modified":"2015-08-14T07:00:00","modified_gmt":"2015-08-14T09:00:00","slug":"ka-veikti-si-savaitgali-laukia-renginiu-cunamis","status":"publish","type":"post","link":"https:\/\/www.silutesnaujienos.lt\/lt\/ka-veikti-si-savaitgali-laukia-renginiu-cunamis\/","title":{"rendered":"K\u0105 veikti \u0161\u012f savaitgal\u012f? Laukia rengini\u0173 cunamis!"},"content":{"rendered":"<p><a target=\"_blank\" class=\"jcepopup\" href=\"\/\/silutesnaujienos.lt\/images\/stories\/2015\/RUGPJTIS\/17\/bikavenu_svente.jpg\" rel=\"noopener noreferrer\" data-rel=\"lightbox-gallery-eVzq0dUS\" data-rl_title=\"\" data-rl_caption=\"\" title=\"\"><img loading=\"lazy\" decoding=\"async\" style=\"margin: 5px; float: left;\" alt=\"bikavenu svente\" src=\"\/\/silutesnaujienos.lt\/images\/stories\/2015\/RUGPJTIS\/17\/thumbnails\/thumb_bikavenu_svente.jpg\" height=\"200\" width=\"267\" \/><\/a><strong>Vis dar kaitinant alinantiems kar\u0161\u010diams \u0160ilut\u0117je ir rajone gausu kult\u016brini\u0173 rengini\u0173. Pramog\u0173 cunamis prasid\u0117s nuo penktadienio ir siaus iki pat pirmadienio.<\/strong><a target=\"_blank\" class=\"jcepopup\" href=\"\/\/silutesnaujienos.lt\/images\/stories\/2015\/RUGPJTIS\/17\/Kintai_sirdis_pilna_ugnies.jpg\" rel=\"noopener noreferrer\" data-rel=\"lightbox-gallery-eVzq0dUS\" data-rl_title=\"\" data-rl_caption=\"\" title=\"\"><img loading=\"lazy\" decoding=\"async\" style=\"margin: 5px; float: right;\" alt=\"Kintai sirdis pilna ugnies\" src=\"\/\/silutesnaujienos.lt\/images\/stories\/2015\/RUGPJTIS\/17\/thumbnails\/thumb_Kintai_sirdis_pilna_ugnies.jpg\" height=\"174\" width=\"231\" \/><\/a><\/p>\n<p><span style=\"color: #339966; font-size: 10pt;\"><strong>Penktadien\u012f 16 val.<\/strong><\/span> &#8211; i\u0161kilmingas 13-osios emalio meno laboratorijos \u201ePamario \u017eenklai 2015\u201c u\u017edarymas ir <strong><span style=\"font-size: 12pt; color: #99cc00;\"><a href=\"http:\/\/silutesnaujienos.lt\/index.php?option=com_content&amp;view=article&amp;id=11823:2015-08-1-14-emalio-meno-laboratorija-pamario-enklai-2015&amp;catid=82:afia&amp;Itemid=118\"><span style=\"color: #99cc00;\">emalio darb\u0173 parodos \u201eKODAS-V\u0116TRUNG\u0116\u201c pristatymas bei puikus koncertas.<\/span><\/a><\/span><\/strong><\/p>\n<p><span style=\"font-size: 10pt;\"><strong><span style=\"color: #339966;\">19 val.<\/span><\/strong><\/span> Vy\u017ei\u0173 evangelik\u0173 liuteron\u0173 ba\u017eny\u010dioje (\u0161alia Juknai\u010di\u0173) galima<span style=\"color: #99cc00;\"><strong><span style=\"font-size: 12pt;\"> <a href=\"http:\/\/silutesnaujienos.lt\/index.php?option=com_content&amp;view=article&amp;id=11900:2015-08-14-susitikimas-vyiuose&amp;catid=82:afia&amp;Itemid=118\">pasiklausyti muzikos.<\/a><\/span><\/strong><\/span> Programoje J\u016bs\u0173 laukia: \u0160ilut\u0117s Vokie\u010di\u0173 bendrijos \u201eHeide\u201c koncertas. Taip pat muzikos garsais dalinsis ir&nbsp; sve\u010diai i\u0161 Klaip\u0117dos Kornelija ir Marius Jankauskiai.<\/p>\n<p><span style=\"font-size: 10pt; color: #339966;\"><a target=\"_blank\" class=\"jcepopup\" href=\"\/\/silutesnaujienos.lt\/images\/stories\/2015\/RUGPJTIS\/17\/vilkyciai_siaudiniu_skulpturu_pleneras.jpg\" rel=\"noopener noreferrer\" data-rel=\"lightbox-gallery-eVzq0dUS\" data-rl_title=\"\" data-rl_caption=\"\" title=\"\"><img loading=\"lazy\" decoding=\"async\" style=\"margin: 5px; float: left;\" alt=\"vilkyciai siaudiniu skulpturu pleneras\" src=\"\/\/silutesnaujienos.lt\/images\/stories\/2015\/RUGPJTIS\/17\/thumbnails\/thumb_vilkyciai_siaudiniu_skulpturu_pleneras.jpg\" height=\"185\" width=\"247\" \/><\/a><\/span><strong><span style=\"font-size: 10pt; color: #339966;\">Penktadien\u012f &#8211; \u0161e\u0161tadien\u012f<\/span><\/strong> Vilky\u010diuose organizuojamas <span style=\"color: #99cc00; font-size: 12pt;\"><strong><a href=\"http:\/\/silutesnaujienos.lt\/index.php?option=com_content&amp;view=article&amp;id=11902:2015-08-14-15-ugnins-olins&amp;catid=82:afia&amp;Itemid=118\"><span style=\"color: #99cc00;\">\u0161iaudini\u0173 skulpt\u016br\u0173 pleneras. <\/span><\/a><\/strong><\/span>Organizatoriai d\u017eiaugiasi, kad pra\u0117jusi\u0173 met\u0173 pirmasis bandymas prad\u017eiugino gan vykusiu rezultatu, tad tradicij\u0105 nori t\u0119sti. Kad k\u016bryba b\u016bt\u0173 gilesn\u0117 kvie\u010dia rinktis jau penktadien\u012f ryte, apsistoti palapin\u0117se Vilky\u010di\u0173 parke, netoli Veivir\u017eo up\u0117s.<\/p>\n<p><span style=\"color: #339966; font-size: 10pt;\"><strong>\u0160e\u0161tadien\u012f nuo 9 val.<\/strong><\/span> prasid\u0117s <a href=\"http:\/\/silutesnaujienos.lt\/index.php?option=com_content&amp;view=article&amp;id=11891:2015-08-15-vilkyi-kaimo-vent&amp;catid=82:afia&amp;Itemid=118\"><strong><span style=\"color: #99cc00; font-size: 12pt;\">Vilky\u010di\u0173 kaimo \u0161vent\u0117 \u201eVilko p\u0117domis 2015\u201c<\/span><\/strong><\/a>.<\/p>\n<p><span style=\"color: #339966; font-size: 10pt;\"><strong>T\u0105 pa\u010di\u0105 dien\u0105 nuo 10 val.<\/strong><\/span> Rusn\u0117s seni\u016bnijos Pakaln\u0117s kaime, prie Nemuno deltos regioninio parko lankytoj\u0173 centro, startuos<strong><span style=\"font-size: 12pt;\"><span style=\"color: #99cc00;\"><a href=\"http:\/\/silutesnaujienos.lt\/index.php?option=com_content&amp;view=article&amp;id=11818:2015-08-15-ketvirtasis-dviviei-baidari-maratonas&amp;catid=82:afia&amp;Itemid=118\"><span style=\"color: #99cc00;\"> 4-asis dvivie\u010di\u0173 baidari\u0173 maratonas<\/span><\/a>.<\/span> <span style=\"font-size: 10pt;\">Maratono programa:<\/span><\/span><\/strong><a target=\"_blank\" class=\"jcepopup\" href=\"\/\/silutesnaujienos.lt\/images\/stories\/2015\/RUGPJTIS\/17\/Vilkyciu_sventes_skelbimas.jpg\" rel=\"noopener noreferrer\" data-rel=\"lightbox-gallery-eVzq0dUS\" data-rl_title=\"\" data-rl_caption=\"\" title=\"\"><img loading=\"lazy\" decoding=\"async\" style=\"margin: 5px; float: right;\" alt=\"Vilkyciu sventes skelbimas\" src=\"\/\/silutesnaujienos.lt\/images\/stories\/2015\/RUGPJTIS\/17\/thumbnails\/thumb_Vilkyciu_sventes_skelbimas.jpg\" height=\"177\" width=\"237\" \/><\/a><\/p>\n<p><strong>10.00-11.30 val.<\/strong> &#8211; dalyvi\u0173 registracija prie NDRP lankytoj\u0173 centro,<br \/><strong>11.30-12.00 val.<\/strong> &#8211; maratono atidarymas<br \/><strong>12.00 val.<\/strong> &#8211; maratono startas,<br \/><strong>15.00-16.00 val.<\/strong> &#8211; dalyvi\u0173 fini\u0161as starto vietoje,<br \/><strong>16.30 val.<\/strong> &#8211; dalyvi\u0173 apdovanojimai,<br \/><strong>17.30 val.<\/strong> &#8211; \u017euvien\u0117s virimas, kava, arbata, kitos vai\u0161\u0117s, vakaro lau\u017eas ir&nbsp; muzika su Rusn\u0117s muzikantu Nidu Pe\u010dkiu. Daugiau skaitykite \u010dia.<\/p>\n<p><strong><span style=\"font-size: 12pt; color: #99cc00;\"><a href=\"http:\/\/silutesnaujienos.lt\/index.php?option=com_content&amp;view=article&amp;id=11883:2015-08-15-usn-vent&amp;catid=82:afia&amp;Itemid=118\"><span style=\"color: #99cc00;\">\u017dolin\u0117s \u0161vent\u0117 \u201e\u017dolyn\u0117liai ligi pat dangaus\u201c <\/span><\/a><\/span><\/strong>vyks ir Us\u0117nuose. <span style=\"color: #339966; font-size: 10pt;\"><strong>\u0160vent\u0117 prasid\u0117s 11 val.<\/strong><a target=\"_blank\" class=\"jcepopup\" href=\"\/\/silutesnaujienos.lt\/images\/stories\/2015\/RUGPJTIS\/17\/Zolines_Traksedziuise_SKELBIMAS-kvietimas.jpg\" rel=\"noopener noreferrer\" data-rel=\"lightbox-gallery-eVzq0dUS\" data-rl_title=\"\" data-rl_caption=\"\" title=\"\"><img loading=\"lazy\" decoding=\"async\" style=\"margin: 5px; float: right;\" alt=\"Zolines Traksedziuise SKELBIMAS-kvietimas\" src=\"\/\/silutesnaujienos.lt\/images\/stories\/2015\/RUGPJTIS\/17\/thumbnails\/thumb_Zolines_Traksedziuise_SKELBIMAS-kvietimas.jpg\" height=\"166\" width=\"222\" \/><\/a><\/span><\/p>\n<p><span style=\"color: #339966; font-size: 10pt;\"><strong>11 val.<\/strong><\/span><strong><span style=\"color: #99cc00; font-size: 12pt;\"> <\/span><span style=\"color: #99cc00; font-size: 12pt;\"><a href=\"http:\/\/silutesnaujienos.lt\/index.php?option=com_content&amp;view=article&amp;id=11851:2015-08-15-olins-traksdiuose&amp;catid=82:afia&amp;Itemid=118\"><span style=\"color: #99cc00;\">\u017dolin\u0119 \u0161v\u0119s Traks\u0117d\u017eiai<\/span><\/a><\/span><span style=\"color: #99cc00; font-size: 12pt; font-family: arial,helvetica,sans-serif;\"><a href=\"http:\/\/silutesnaujienos.lt\/index.php?option=com_content&amp;view=article&amp;id=11851:2015-08-15-olins-traksdiuose&amp;catid=82:afia&amp;Itemid=118\"><span style=\"color: #99cc00;\">.<\/span><\/a><\/span><\/strong> Programa plakate:<\/p>\n<p><span style=\"color: #339966; font-size: 10pt;\"><strong>Bikav\u0117nuose nuo 11 val.<\/strong><\/span> <span style=\"color: #99cc00; font-size: 12pt;\"><strong>vasaros \u0161vent\u0117 \u201eGrajikit, Bikavos \u017eiogeliai\u201c<\/strong><\/span>.<\/p>\n<p><span style=\"color: #339966; font-size: 10pt;\"><strong>T\u0105 \u0161e\u0161tadien\u012f skamb\u0117s ir \u0160ilut\u0117: 18 val.<\/strong><\/span> \u0160ilut\u0117s evangelik\u0173 liuteron\u0173 ba\u017eny\u010dioje <a href=\"http:\/\/silutesnaujienos.lt\/index.php?option=com_content&amp;view=article&amp;id=11796:2015-08-15-festivalis-muzikin-verden-2015&amp;catid=82:afia&amp;Itemid=118\"><strong><span style=\"font-size: 12pt; color: #99cc00;\">festivalis \u201eMuzikin\u0117 <\/span><\/strong><strong><span style=\"font-size: 12pt; color: #99cc00;\">Verden\u0117 2015\u201c<\/span><\/strong><\/a>. Prie\u0161 koncert\u0105 gros \u0160ilut\u0117s rajono vaik\u0173 meno mokyklos mokin\u0117s Meda Sili\u016bt\u0117, Karolina Stonyt\u0117, <a href=\"http:\/\/silutesnaujienos.lt\/index.php?option=com_content&amp;view=article&amp;id=11796:2015-08-15-festivalis-muzikin-verden-2015&amp;catid=82:afia&amp;Itemid=118\"><span style=\"color: #339966; font-size: 10pt;\"><\/span><\/a><a target=\"_blank\" class=\"jcepopup\" href=\"\/\/silutesnaujienos.lt\/images\/stories\/2015\/RUGPJTIS\/17\/usenu_svente.jpg\" rel=\"noopener noreferrer\" data-rel=\"lightbox-gallery-eVzq0dUS\" data-rl_title=\"\" data-rl_caption=\"\" title=\"\"><img loading=\"lazy\" decoding=\"async\" style=\"margin: 5px; float: left;\" alt=\"usenu svente\" src=\"\/\/silutesnaujienos.lt\/images\/stories\/2015\/RUGPJTIS\/17\/thumbnails\/thumb_usenu_svente.jpg\" height=\"189\" width=\"251\" \/><\/a>Gabija Barkauskait\u0117 (mokytoja Liudmila Tunaitien\u0117). &#8222;Muzikin\u0117je Verden\u0117je&#8221; koncertuos Irena Milkevi\u010di\u016bt\u0117 (sopranas), Jurgita Kazakevi\u010di\u016bt\u0117 (vargonai).<\/p>\n<p>Programa: Wolfgang Amadeus Mozart, Johann Sebastian Bach, C\u00e9sar Franck, Balys Dvarionas, Andrew Lloyd Webber, Giuseppe Verdi, Giulio Caccini.<\/p>\n<p><span style=\"color: #339966; font-size: 10pt;\"><strong>Pirmadien\u012f 18.30 val.<\/strong><\/span> prie \u0160ilut\u0117s kult\u016bros ir pramog\u0173 centro &#8211; <span style=\"color: #99cc00; font-size: 12pt;\"><strong>\u201eBurbuliatorius\u201c.<\/strong><\/span><\/p>\n","protected":false},"excerpt":{"rendered":"<p>Vis dar kaitinant alinantiems kar\u0161\u010diams \u0160ilut\u0117je ir rajone gausu kult\u016brini\u0173 rengini\u0173. Pramog\u0173 cunamis prasid\u0117s nuo penktadienio ir siaus iki pat pirmadienio. Penktadien\u012f 16 val. &#8211; i\u0161kilmingas 13-osios emalio meno laboratorijos \u201ePamario \u017eenklai 2015\u201c u\u017edarymas ir emalio darb\u0173 parodos \u201eKODAS-V\u0116TRUNG\u0116\u201c pristatymas bei puikus koncertas. 19 val. Vy\u017ei\u0173 evangelik\u0173 liuteron\u0173 ba\u017eny\u010dioje (\u0161alia Juknai\u010di\u0173) galima pasiklausyti muzikos. Programoje [&hellip;]<\/p>\n","protected":false},"author":1,"featured_media":0,"comment_status":"open","ping_status":"open","sticky":false,"template":"","format":"standard","meta":{"footnotes":""},"categories":[51],"tags":[],"class_list":{"0":"post-7001","1":"post","2":"type-post","3":"status-publish","4":"format-standard","6":"category-kultura-ir-svietimas"},"yoast_head":"<!-- This site is optimized with the Yoast SEO plugin v27.5 - https:\/\/yoast.com\/product\/yoast-seo-wordpress\/ -->\n<title>K\u0105 veikti \u0161\u012f savaitgal\u012f? Laukia rengini\u0173 cunamis! - \u0160ilut\u0117s naujienos<\/title>\n<meta name=\"robots\" content=\"index, follow, max-snippet:-1, max-image-preview:large, max-video-preview:-1\" \/>\n<link rel=\"canonical\" href=\"https:\/\/www.silutesnaujienos.lt\/lt\/ka-veikti-si-savaitgali-laukia-renginiu-cunamis\/\" \/>\n<meta property=\"og:locale\" content=\"lt_LT\" \/>\n<meta property=\"og:type\" content=\"article\" \/>\n<meta property=\"og:title\" content=\"K\u0105 veikti \u0161\u012f savaitgal\u012f? Laukia rengini\u0173 cunamis! - \u0160ilut\u0117s naujienos\" \/>\n<meta property=\"og:description\" content=\"Vis dar kaitinant alinantiems kar\u0161\u010diams \u0160ilut\u0117je ir rajone gausu kult\u016brini\u0173 rengini\u0173. Pramog\u0173 cunamis prasid\u0117s nuo penktadienio ir siaus iki pat pirmadienio. Penktadien\u012f 16 val. &#8211; i\u0161kilmingas 13-osios emalio meno laboratorijos \u201ePamario \u017eenklai 2015\u201c u\u017edarymas ir emalio darb\u0173 parodos \u201eKODAS-V\u0116TRUNG\u0116\u201c pristatymas bei puikus koncertas. 19 val. Vy\u017ei\u0173 evangelik\u0173 liuteron\u0173 ba\u017eny\u010dioje (\u0161alia Juknai\u010di\u0173) galima pasiklausyti muzikos. Programoje [&hellip;]\" \/>\n<meta property=\"og:url\" content=\"https:\/\/www.silutesnaujienos.lt\/lt\/ka-veikti-si-savaitgali-laukia-renginiu-cunamis\/\" \/>\n<meta property=\"og:site_name\" content=\"\u0160ilut\u0117s naujienos\" \/>\n<meta property=\"article:publisher\" content=\"https:\/\/www.facebook.com\/silutes.naujienos\/\" \/>\n<meta property=\"article:published_time\" content=\"2015-08-14T09:00:00+00:00\" \/>\n<meta property=\"og:image\" content=\"\/\/silutesnaujienos.lt\/images\/stories\/2015\/RUGPJTIS\/17\/thumbnails\/thumb_bikavenu_svente.jpg\" \/>\n<meta name=\"author\" content=\"\u0160ilut\u0117s naujien\u0173 inf.\" \/>\n<meta name=\"twitter:card\" content=\"summary_large_image\" \/>\n<meta name=\"twitter:label1\" content=\"Written by\" \/>\n\t<meta name=\"twitter:data1\" content=\"\u0160ilut\u0117s naujien\u0173 inf.\" \/>\n\t<meta name=\"twitter:label2\" content=\"Est. reading time\" \/>\n\t<meta name=\"twitter:data2\" content=\"2 minut\u0117s\" \/>\n<script type=\"application\/ld+json\" class=\"yoast-schema-graph\">{\"@context\":\"https:\\\/\\\/schema.org\",\"@graph\":[{\"@type\":\"Article\",\"@id\":\"https:\\\/\\\/www.silutesnaujienos.lt\\\/lt\\\/ka-veikti-si-savaitgali-laukia-renginiu-cunamis\\\/#article\",\"isPartOf\":{\"@id\":\"https:\\\/\\\/www.silutesnaujienos.lt\\\/lt\\\/ka-veikti-si-savaitgali-laukia-renginiu-cunamis\\\/\"},\"author\":{\"name\":\"\u0160ilut\u0117s naujien\u0173 inf.\",\"@id\":\"https:\\\/\\\/www.silutesnaujienos.lt\\\/lt\\\/#\\\/schema\\\/person\\\/232f475ddd4a7b5f49b3abc788b17e83\"},\"headline\":\"K\u0105 veikti \u0161\u012f savaitgal\u012f? Laukia rengini\u0173 cunamis!\",\"datePublished\":\"2015-08-14T09:00:00+00:00\",\"mainEntityOfPage\":{\"@id\":\"https:\\\/\\\/www.silutesnaujienos.lt\\\/lt\\\/ka-veikti-si-savaitgali-laukia-renginiu-cunamis\\\/\"},\"wordCount\":364,\"commentCount\":0,\"publisher\":{\"@id\":\"https:\\\/\\\/www.silutesnaujienos.lt\\\/lt\\\/#organization\"},\"articleSection\":[\"Kult\u016bra ir \u0161vietimas\"],\"inLanguage\":\"lt-LT\",\"potentialAction\":[{\"@type\":\"CommentAction\",\"name\":\"Comment\",\"target\":[\"https:\\\/\\\/www.silutesnaujienos.lt\\\/lt\\\/ka-veikti-si-savaitgali-laukia-renginiu-cunamis\\\/#respond\"]}]},{\"@type\":\"WebPage\",\"@id\":\"https:\\\/\\\/www.silutesnaujienos.lt\\\/lt\\\/ka-veikti-si-savaitgali-laukia-renginiu-cunamis\\\/\",\"url\":\"https:\\\/\\\/www.silutesnaujienos.lt\\\/lt\\\/ka-veikti-si-savaitgali-laukia-renginiu-cunamis\\\/\",\"name\":\"K\u0105 veikti \u0161\u012f savaitgal\u012f? Laukia rengini\u0173 cunamis! - \u0160ilut\u0117s naujienos\",\"isPartOf\":{\"@id\":\"https:\\\/\\\/www.silutesnaujienos.lt\\\/lt\\\/#website\"},\"datePublished\":\"2015-08-14T09:00:00+00:00\",\"breadcrumb\":{\"@id\":\"https:\\\/\\\/www.silutesnaujienos.lt\\\/lt\\\/ka-veikti-si-savaitgali-laukia-renginiu-cunamis\\\/#breadcrumb\"},\"inLanguage\":\"lt-LT\",\"potentialAction\":[{\"@type\":\"ReadAction\",\"target\":[\"https:\\\/\\\/www.silutesnaujienos.lt\\\/lt\\\/ka-veikti-si-savaitgali-laukia-renginiu-cunamis\\\/\"]}]},{\"@type\":\"BreadcrumbList\",\"@id\":\"https:\\\/\\\/www.silutesnaujienos.lt\\\/lt\\\/ka-veikti-si-savaitgali-laukia-renginiu-cunamis\\\/#breadcrumb\",\"itemListElement\":[{\"@type\":\"ListItem\",\"position\":1,\"name\":\"Home\",\"item\":\"https:\\\/\\\/www.silutesnaujienos.lt\\\/lt\\\/\"},{\"@type\":\"ListItem\",\"position\":2,\"name\":\"K\u0105 veikti \u0161\u012f savaitgal\u012f? Laukia rengini\u0173 cunamis!\"}]},{\"@type\":\"WebSite\",\"@id\":\"https:\\\/\\\/www.silutesnaujienos.lt\\\/lt\\\/#website\",\"url\":\"https:\\\/\\\/www.silutesnaujienos.lt\\\/lt\\\/\",\"name\":\"\u0160ilut\u0117s naujienos\",\"description\":\"B\u016bk ant naujien\u0173 bangos!\",\"publisher\":{\"@id\":\"https:\\\/\\\/www.silutesnaujienos.lt\\\/lt\\\/#organization\"},\"potentialAction\":[{\"@type\":\"SearchAction\",\"target\":{\"@type\":\"EntryPoint\",\"urlTemplate\":\"https:\\\/\\\/www.silutesnaujienos.lt\\\/lt\\\/?s={search_term_string}\"},\"query-input\":{\"@type\":\"PropertyValueSpecification\",\"valueRequired\":true,\"valueName\":\"search_term_string\"}}],\"inLanguage\":\"lt-LT\"},{\"@type\":\"Organization\",\"@id\":\"https:\\\/\\\/www.silutesnaujienos.lt\\\/lt\\\/#organization\",\"name\":\"\u0160ilut\u0117s naujienos\",\"url\":\"https:\\\/\\\/www.silutesnaujienos.lt\\\/lt\\\/\",\"logo\":{\"@type\":\"ImageObject\",\"inLanguage\":\"lt-LT\",\"@id\":\"https:\\\/\\\/www.silutesnaujienos.lt\\\/lt\\\/#\\\/schema\\\/logo\\\/image\\\/\",\"url\":\"https:\\\/\\\/www.silutesnaujienos.lt\\\/lt\\\/wp-content\\\/uploads\\\/2020\\\/06\\\/FB_MAIN.jpg\",\"contentUrl\":\"https:\\\/\\\/www.silutesnaujienos.lt\\\/lt\\\/wp-content\\\/uploads\\\/2020\\\/06\\\/FB_MAIN.jpg\",\"width\":1700,\"height\":956,\"caption\":\"\u0160ilut\u0117s naujienos\"},\"image\":{\"@id\":\"https:\\\/\\\/www.silutesnaujienos.lt\\\/lt\\\/#\\\/schema\\\/logo\\\/image\\\/\"},\"sameAs\":[\"https:\\\/\\\/www.facebook.com\\\/silutes.naujienos\\\/\",\"https:\\\/\\\/www.youtube.com\\\/channel\\\/UCxW-cgrJDt8GxIMxSTAfJZg\"]},{\"@type\":\"Person\",\"@id\":\"https:\\\/\\\/www.silutesnaujienos.lt\\\/lt\\\/#\\\/schema\\\/person\\\/232f475ddd4a7b5f49b3abc788b17e83\",\"name\":\"\u0160ilut\u0117s naujien\u0173 inf.\",\"image\":{\"@type\":\"ImageObject\",\"inLanguage\":\"lt-LT\",\"@id\":\"https:\\\/\\\/www.silutesnaujienos.lt\\\/lt\\\/wp-content\\\/uploads\\\/2020\\\/06\\\/favicon.png\",\"url\":\"https:\\\/\\\/www.silutesnaujienos.lt\\\/lt\\\/wp-content\\\/uploads\\\/2020\\\/06\\\/favicon.png\",\"contentUrl\":\"https:\\\/\\\/www.silutesnaujienos.lt\\\/lt\\\/wp-content\\\/uploads\\\/2020\\\/06\\\/favicon.png\",\"caption\":\"\u0160ilut\u0117s naujien\u0173 inf.\"},\"sameAs\":[\"https:\\\/\\\/www.silutesnaujienos.lt\\\/lt\"],\"url\":\"https:\\\/\\\/www.silutesnaujienos.lt\\\/lt\\\/author\\\/ruta\\\/\"}]}<\/script>\n<!-- \/ Yoast SEO plugin. -->","yoast_head_json":{"title":"K\u0105 veikti \u0161\u012f savaitgal\u012f? Laukia rengini\u0173 cunamis! - \u0160ilut\u0117s naujienos","robots":{"index":"index","follow":"follow","max-snippet":"max-snippet:-1","max-image-preview":"max-image-preview:large","max-video-preview":"max-video-preview:-1"},"canonical":"https:\/\/www.silutesnaujienos.lt\/lt\/ka-veikti-si-savaitgali-laukia-renginiu-cunamis\/","og_locale":"lt_LT","og_type":"article","og_title":"K\u0105 veikti \u0161\u012f savaitgal\u012f? Laukia rengini\u0173 cunamis! - \u0160ilut\u0117s naujienos","og_description":"Vis dar kaitinant alinantiems kar\u0161\u010diams \u0160ilut\u0117je ir rajone gausu kult\u016brini\u0173 rengini\u0173. Pramog\u0173 cunamis prasid\u0117s nuo penktadienio ir siaus iki pat pirmadienio. Penktadien\u012f 16 val. &#8211; i\u0161kilmingas 13-osios emalio meno laboratorijos \u201ePamario \u017eenklai 2015\u201c u\u017edarymas ir emalio darb\u0173 parodos \u201eKODAS-V\u0116TRUNG\u0116\u201c pristatymas bei puikus koncertas. 19 val. Vy\u017ei\u0173 evangelik\u0173 liuteron\u0173 ba\u017eny\u010dioje (\u0161alia Juknai\u010di\u0173) galima pasiklausyti muzikos. Programoje [&hellip;]","og_url":"https:\/\/www.silutesnaujienos.lt\/lt\/ka-veikti-si-savaitgali-laukia-renginiu-cunamis\/","og_site_name":"\u0160ilut\u0117s naujienos","article_publisher":"https:\/\/www.facebook.com\/silutes.naujienos\/","article_published_time":"2015-08-14T09:00:00+00:00","og_image":[{"url":"\/\/silutesnaujienos.lt\/images\/stories\/2015\/RUGPJTIS\/17\/thumbnails\/thumb_bikavenu_svente.jpg","type":"","width":"","height":""}],"author":"\u0160ilut\u0117s naujien\u0173 inf.","twitter_card":"summary_large_image","twitter_misc":{"Written by":"\u0160ilut\u0117s naujien\u0173 inf.","Est. reading time":"2 minut\u0117s"},"schema":{"@context":"https:\/\/schema.org","@graph":[{"@type":"Article","@id":"https:\/\/www.silutesnaujienos.lt\/lt\/ka-veikti-si-savaitgali-laukia-renginiu-cunamis\/#article","isPartOf":{"@id":"https:\/\/www.silutesnaujienos.lt\/lt\/ka-veikti-si-savaitgali-laukia-renginiu-cunamis\/"},"author":{"name":"\u0160ilut\u0117s naujien\u0173 inf.","@id":"https:\/\/www.silutesnaujienos.lt\/lt\/#\/schema\/person\/232f475ddd4a7b5f49b3abc788b17e83"},"headline":"K\u0105 veikti \u0161\u012f savaitgal\u012f? Laukia rengini\u0173 cunamis!","datePublished":"2015-08-14T09:00:00+00:00","mainEntityOfPage":{"@id":"https:\/\/www.silutesnaujienos.lt\/lt\/ka-veikti-si-savaitgali-laukia-renginiu-cunamis\/"},"wordCount":364,"commentCount":0,"publisher":{"@id":"https:\/\/www.silutesnaujienos.lt\/lt\/#organization"},"articleSection":["Kult\u016bra ir \u0161vietimas"],"inLanguage":"lt-LT","potentialAction":[{"@type":"CommentAction","name":"Comment","target":["https:\/\/www.silutesnaujienos.lt\/lt\/ka-veikti-si-savaitgali-laukia-renginiu-cunamis\/#respond"]}]},{"@type":"WebPage","@id":"https:\/\/www.silutesnaujienos.lt\/lt\/ka-veikti-si-savaitgali-laukia-renginiu-cunamis\/","url":"https:\/\/www.silutesnaujienos.lt\/lt\/ka-veikti-si-savaitgali-laukia-renginiu-cunamis\/","name":"K\u0105 veikti \u0161\u012f savaitgal\u012f? Laukia rengini\u0173 cunamis! - \u0160ilut\u0117s naujienos","isPartOf":{"@id":"https:\/\/www.silutesnaujienos.lt\/lt\/#website"},"datePublished":"2015-08-14T09:00:00+00:00","breadcrumb":{"@id":"https:\/\/www.silutesnaujienos.lt\/lt\/ka-veikti-si-savaitgali-laukia-renginiu-cunamis\/#breadcrumb"},"inLanguage":"lt-LT","potentialAction":[{"@type":"ReadAction","target":["https:\/\/www.silutesnaujienos.lt\/lt\/ka-veikti-si-savaitgali-laukia-renginiu-cunamis\/"]}]},{"@type":"BreadcrumbList","@id":"https:\/\/www.silutesnaujienos.lt\/lt\/ka-veikti-si-savaitgali-laukia-renginiu-cunamis\/#breadcrumb","itemListElement":[{"@type":"ListItem","position":1,"name":"Home","item":"https:\/\/www.silutesnaujienos.lt\/lt\/"},{"@type":"ListItem","position":2,"name":"K\u0105 veikti \u0161\u012f savaitgal\u012f? Laukia rengini\u0173 cunamis!"}]},{"@type":"WebSite","@id":"https:\/\/www.silutesnaujienos.lt\/lt\/#website","url":"https:\/\/www.silutesnaujienos.lt\/lt\/","name":"\u0160ilut\u0117s naujienos","description":"B\u016bk ant naujien\u0173 bangos!","publisher":{"@id":"https:\/\/www.silutesnaujienos.lt\/lt\/#organization"},"potentialAction":[{"@type":"SearchAction","target":{"@type":"EntryPoint","urlTemplate":"https:\/\/www.silutesnaujienos.lt\/lt\/?s={search_term_string}"},"query-input":{"@type":"PropertyValueSpecification","valueRequired":true,"valueName":"search_term_string"}}],"inLanguage":"lt-LT"},{"@type":"Organization","@id":"https:\/\/www.silutesnaujienos.lt\/lt\/#organization","name":"\u0160ilut\u0117s naujienos","url":"https:\/\/www.silutesnaujienos.lt\/lt\/","logo":{"@type":"ImageObject","inLanguage":"lt-LT","@id":"https:\/\/www.silutesnaujienos.lt\/lt\/#\/schema\/logo\/image\/","url":"https:\/\/www.silutesnaujienos.lt\/lt\/wp-content\/uploads\/2020\/06\/FB_MAIN.jpg","contentUrl":"https:\/\/www.silutesnaujienos.lt\/lt\/wp-content\/uploads\/2020\/06\/FB_MAIN.jpg","width":1700,"height":956,"caption":"\u0160ilut\u0117s naujienos"},"image":{"@id":"https:\/\/www.silutesnaujienos.lt\/lt\/#\/schema\/logo\/image\/"},"sameAs":["https:\/\/www.facebook.com\/silutes.naujienos\/","https:\/\/www.youtube.com\/channel\/UCxW-cgrJDt8GxIMxSTAfJZg"]},{"@type":"Person","@id":"https:\/\/www.silutesnaujienos.lt\/lt\/#\/schema\/person\/232f475ddd4a7b5f49b3abc788b17e83","name":"\u0160ilut\u0117s naujien\u0173 inf.","image":{"@type":"ImageObject","inLanguage":"lt-LT","@id":"https:\/\/www.silutesnaujienos.lt\/lt\/wp-content\/uploads\/2020\/06\/favicon.png","url":"https:\/\/www.silutesnaujienos.lt\/lt\/wp-content\/uploads\/2020\/06\/favicon.png","contentUrl":"https:\/\/www.silutesnaujienos.lt\/lt\/wp-content\/uploads\/2020\/06\/favicon.png","caption":"\u0160ilut\u0117s naujien\u0173 inf."},"sameAs":["https:\/\/www.silutesnaujienos.lt\/lt"],"url":"https:\/\/www.silutesnaujienos.lt\/lt\/author\/ruta\/"}]}},"publishpress_future_workflow_manual_trigger":{"enabledWorkflows":[]},"amp_enabled":true,"_links":{"self":[{"href":"https:\/\/www.silutesnaujienos.lt\/lt\/wp-json\/wp\/v2\/posts\/7001","targetHints":{"allow":["GET"]}}],"collection":[{"href":"https:\/\/www.silutesnaujienos.lt\/lt\/wp-json\/wp\/v2\/posts"}],"about":[{"href":"https:\/\/www.silutesnaujienos.lt\/lt\/wp-json\/wp\/v2\/types\/post"}],"author":[{"embeddable":true,"href":"https:\/\/www.silutesnaujienos.lt\/lt\/wp-json\/wp\/v2\/users\/1"}],"replies":[{"embeddable":true,"href":"https:\/\/www.silutesnaujienos.lt\/lt\/wp-json\/wp\/v2\/comments?post=7001"}],"version-history":[{"count":0,"href":"https:\/\/www.silutesnaujienos.lt\/lt\/wp-json\/wp\/v2\/posts\/7001\/revisions"}],"wp:attachment":[{"href":"https:\/\/www.silutesnaujienos.lt\/lt\/wp-json\/wp\/v2\/media?parent=7001"}],"wp:term":[{"taxonomy":"category","embeddable":true,"href":"https:\/\/www.silutesnaujienos.lt\/lt\/wp-json\/wp\/v2\/categories?post=7001"},{"taxonomy":"post_tag","embeddable":true,"href":"https:\/\/www.silutesnaujienos.lt\/lt\/wp-json\/wp\/v2\/tags?post=7001"}],"curies":[{"name":"wp","href":"https:\/\/api.w.org\/{rel}","templated":true}]}}