{"id":7008,"date":"2015-08-22T17:00:00","date_gmt":"2015-08-22T19:00:00","guid":{"rendered":"https:\/\/www.silutesnaujienos.lt\/lt\/vilkytiskiai-atidave-duokle-saviskiams-vilkams-ir-zemynai\/"},"modified":"2015-08-22T17:00:00","modified_gmt":"2015-08-22T19:00:00","slug":"vilkytiskiai-atidave-duokle-saviskiams-vilkams-ir-zemynai","status":"publish","type":"post","link":"https:\/\/www.silutesnaujienos.lt\/lt\/vilkytiskiai-atidave-duokle-saviskiams-vilkams-ir-zemynai\/","title":{"rendered":"Vilkyti\u0161kiai atidav\u0117 duokl\u0119 savi\u0161kiams, vilkams ir \u017demynai"},"content":{"rendered":"<p><a target=\"_blank\" rel=\"caption[Tautin\u0117mis juostomis apjuosti apylink\u0117s senjorai.] noopener noreferrer\" class=\"jcepopup\" href=\"\/\/silutesnaujienos.lt\/images\/stories\/2015\/RUGPJTIS\/21\/Vilkyciai_seneliai.jpg\" data-rel=\"lightbox-gallery-4JAV0YJF\" data-rl_title=\"\" data-rl_caption=\"\"><img loading=\"lazy\" decoding=\"async\" style=\"margin: 5px; float: left;\" class=\"caption\" title=\"\" alt=\"Vilkyciai seneliai\" src=\"\/\/silutesnaujienos.lt\/images\/stories\/2015\/RUGPJTIS\/21\/thumbnails\/thumb_Vilkyciai_seneliai.jpg\" height=\"230\" width=\"307\" \/><\/a><strong>Originaliais akcentais &#8211; pagoni\u0161komis ir krik\u0161\u010dioni\u0161komis tradicijomis &#8211; antr\u0105j\u0105 savo kaimo \u0161vent\u0119 \u201eVilko p\u0117domis 2015\u201c apipyn\u0117 Saug\u0173 seni\u016bnijos Vilky\u010di\u0173 kaimo \u017emon\u0117s.<br \/><\/strong><br \/><strong>\u017dolin\u0117s proga \u010dia surengtas \u0161iaudini\u0173 skulpt\u016br\u0173 pleneras, kurio vaisiai \u0161vent\u0117s vakar\u0105 suliepsnojo ir nu\u0161viet\u0117 visos apylink\u0117s dang\u0173. O \u0161vent\u0117s dien\u0105 pagerbti senjorai ir ma\u017eiausieji bendruomen\u0117s nariai, aktyviausiai sportuojantys ir gra\u017eiausiai besitvarkantys kaimynai, duokl\u0117 atiduota ir pa\u010diai deivei \u017demynai, ir&#8230; gyvenviet\u0117s pavadinimo kaltininkams &#8211; vilkams, mat kaip tik j\u0173 p\u0117dos puo\u0161\u0117 ir scen\u0105, ir i\u0161dalintus suvenyrus.<\/strong><strong><br \/><\/strong><br \/><strong>\u0160iaudin\u0117s skulpt\u016bros virto pelenais<\/strong><a target=\"_blank\" rel=\"caption[Savi\u0161kiams dainavo Vilky\u010di\u0173 pagrindin\u0117s mokyklos mergai\u010di\u0173 ansamblis.] noopener noreferrer\" class=\"jcepopup\" href=\"\/\/silutesnaujienos.lt\/images\/stories\/2015\/RUGPJTIS\/21\/Vilkyciai_dainininkes.jpg\" data-rel=\"lightbox-gallery-4JAV0YJF\" data-rl_title=\"\" data-rl_caption=\"\"><img loading=\"lazy\" decoding=\"async\" style=\"margin: 5px; float: right;\" class=\"caption\" title=\"\" alt=\"Vilkyciai dainininkes\" src=\"\/\/silutesnaujienos.lt\/images\/stories\/2015\/RUGPJTIS\/21\/thumbnails\/thumb_Vilkyciai_dainininkes.jpg\" height=\"230\" width=\"307\" \/><\/a><strong><br \/><\/strong><br \/>\u201e&#8230; Kad \u0161viesa sklist\u0173, kad darna gimt\u0173, kad taur\u016bs jausmai mus lankyt\u0173, metas ir v\u0117l atiduoti dalel\u0119 sav\u0119s k\u016brybai. \u017demi\u0161kai, \u0161velniai prisiliesti prie istorijos, savo \u0161akn\u0173\u201c, &#8211; taip savo id\u0117j\u0105 Vilky\u010diuose surengti \u0161iaudini\u0173 skulpt\u016br\u0173 plener\u0105 anonsavo daugelio id\u0117j\u0173 generatorius vilkyti\u0161kis kalvis Darius Vilius.<\/p>\n<p>Pernai paband\u0119 \u012fgyvendinti toki\u0105 ne\u012fprast\u0105 mint\u012f vilkyti\u0161kiai pasid\u017eiaug\u0117 vykusiu rezultatu, tad tradicij\u0105 nutar\u0117 t\u0119sti. Pritarian\u010di\u0173j\u0173 vietini\u0173 daug neatsirado, bet laim\u0117, i\u0161bandyti save tokioje k\u016bryboje panoro \u0160v\u0117k\u0161nos ne\u012fgali\u0173j\u0173 draugijos nariai ir viena \u0161iluti\u0161ki\u0173 \u0161eima &#8211; Inga ir Audas Ge\u010dai su at\u017ealomis. Tad \u0161e\u0161tadienio pavakar\u0119 aik\u0161t\u0117je \u0161alia kelio jau puikavosi kelios naujos \u0161iaudin\u0117s skulpt\u016bros, \u010dia buvo atgabentas ir kelis m\u0117nesius prava\u017eiuojan\u010di\u0173j\u0173 pro Vilky\u010dius akis trauk\u0119s \u0161iaudinis pla\u010diaragis briedis.<br \/>Ne vienas, mat\u0119s \u0161iuos \u0161iaudinius \u017dolin\u0117s \u017eenklus, net graudinosi, kuomet jau sutemus jie nu\u0161viet\u0117 apylink\u0117s dang\u0173 ir&#8230; virto pelenais. Pasak D.Viliaus, j\u0173 paskirtis buvo kaip tik tokia &#8211; ne\u0161ti \u0161vies\u0105.<\/p>\n<p><strong>Veiklos buvo visiems<\/strong><\/p>\n<p>Iki vakaro Vilky\u010diuose dar buvo daug atrakcij\u0173 ir veiklos \u012fvairi\u0173 pom\u0117gi\u0173 \u0161vent\u0117s dalyviams.<\/p>\n<p>\u012e susitikim\u0105 susirink\u0119 prie\u0161 20 met\u0173 vietos mokykl\u0105, tuomet dar devynmet\u0119, baig\u0119 vilkyti\u0161kiai v\u0117l s\u0117do \u012f mokyklinius suolus ir susikaup\u0117 pamokoms, kurias jiems ved\u0117 buv\u0119 mokytojai. Tarp \u201emokini\u0173\u201c buvo ir dabartin\u0117 \u0161ios ugdymo \u012fstaigos direktor\u0117 Inga Kirkickien\u0117.<\/p>\n<p><a target=\"_blank\" rel=\"caption[\u0160vent\u0117s dalyviai gal\u0117jo dalyvauti \u0161iaudini\u0173 skulpt\u016br\u0173 k\u016brimo procese, o j\u0173 darbo vaisiai vakare virto pl\u0117nimis.] noopener noreferrer\" class=\"jcepopup\" href=\"\/\/silutesnaujienos.lt\/images\/stories\/2015\/RUGPJTIS\/21\/Vilkyciai_skulpturos.jpg\" data-rel=\"lightbox-gallery-4JAV0YJF\" data-rl_title=\"\" data-rl_caption=\"\"><img loading=\"lazy\" decoding=\"async\" style=\"margin: 5px; float: left;\" class=\"caption\" title=\"\" alt=\"Vilkyciai skulpturos\" src=\"\/\/silutesnaujienos.lt\/images\/stories\/2015\/RUGPJTIS\/21\/thumbnails\/thumb_Vilkyciai_skulpturos.jpg\" height=\"230\" width=\"307\" \/><\/a>Abejing\u0173 nepaliko \u0161alia mokyklos esan\u010dioje pievoje vaik\u0161tin\u0117jantys poniai, kuriuos u\u017e pavad\u017ei\u0173 laik\u0117 \u017einoma kra\u0161to jojik\u0117 Laima Bur\u0161kyt\u0117 ir Edita Lizdenyt\u0117 su broliu Augustu. Laima ry\u017eosi atsivesti tik Meilut\u0119, mat jos \u017eirgas Kadrilis kar\u0161\u010dio nem\u0117gsta, o Edita ir Augustas namuose paliko Limit\u0105, bet visiems, kas nor\u0117jo, leido glostyti nosis Artemonui ir \u010carliui. Septynme\u010diai poniai akivaizd\u017eiai d\u0117l to ned\u017ei\u016bgavo, bet pav\u0117\u017e\u0117jo kiekvien\u0105, kas s\u0117do \u012f j\u0173 tempiam\u0105 kariet\u0105.<\/p>\n<p>Atokiai pievel\u0117je prie \u0161a\u0161ki\u0173 lent\u0173 sus\u0117d\u0119 vyrai berg\u017ed\u017eiai band\u0117 \u012fveikti \u017einom\u0105 \u0161io kra\u0161to \u0161a\u0161kinink\u0119 Iren\u0105 Grauslien\u0119, o ji tikino vis svajojanti (bet nepavyksta) atrasti toki\u0105 gabi\u0105 mergin\u0105, kuri\u0105 gal\u0117t\u0173 \u201epo sav\u0119s palikti\u201c.<\/p>\n<p>\u010cia pat senovini\u0173 amat\u0173 mok\u0117 i\u0161 Priekul\u0117s atvyk\u0119 amatinink\u0173 gildijos \u201eKrikragaa\u201c nariai: vieni kviet\u0117 pasigaminti birbyn\u0119, kiti &#8211; vardin\u0119 odin\u0119 apyrank\u0119, treti &#8211; i\u0161mokti dar nematyt\u0173 judri\u0173 \u017eaidim\u0173. <\/p>\n<p><strong>Sve\u010diai pasid\u017eiaug\u0117, kad bendruomen\u0117s vienijasi<\/strong><\/p>\n<p>Ir besikalbantys, ir jau \u0161a\u0161lykus skanaujantys \u017ei\u016brovai sukluso, kuomet per aik\u0161t\u0119 ir dar pla\u010diau nuaid\u0117jo kaimyn\u0173 priekuli\u0161ki\u0173 kult\u016bros centro mu\u0161am\u0173j\u0173 grup\u0117s, \u201eFreilinomis\u201c pasivadinusios, b\u016bgn\u0173 dundesys. Anot \u0161vent\u0117s ved\u0117jos Linos Bal\u010diauskien\u0117s, tie garsai neabejotinai suvirpino ir pa\u010dios deiv\u0117s \u017demynos \u0161ird\u012f.<\/p>\n<p>Viduvasario \u017eolyn\u0173 puok\u0161teles ved\u0117ja \u012fteik\u0117 visiems sve\u010diams, mat \u0161ventai tikima, jog tam, kas t\u0105dien rankose g\u0117li\u0173 netur\u0117s, velnias gali savo uodeg\u0105 \u012fbrukti&#8230;<a target=\"_blank\" rel=\"caption[ Per metus gimusiems k\u016bdikiams s\u0117km\u0119 lems padovanotos vilko p\u0117dut\u0117s.] noopener noreferrer\" class=\"jcepopup\" href=\"\/\/silutesnaujienos.lt\/images\/stories\/2015\/RUGPJTIS\/21\/Vilkyciai_naujagimiai.jpg\" data-rel=\"lightbox-gallery-4JAV0YJF\" data-rl_title=\"\" data-rl_caption=\"\"><img loading=\"lazy\" decoding=\"async\" style=\"margin: 5px; float: right;\" class=\"caption\" title=\"\" alt=\"Vilkyciai naujagimiai\" src=\"\/\/silutesnaujienos.lt\/images\/stories\/2015\/RUGPJTIS\/21\/thumbnails\/thumb_Vilkyciai_naujagimiai.jpg\" height=\"230\" width=\"307\" \/><\/a><\/p>\n<p>Niekas nesuabejojo, kad turi pagrindo ir kitas tos dienos tik\u0117jimas: kas \u017dolin\u0117s dien\u0105 neina \u012f sve\u010dius pavie\u0161\u0117ti, tas bus neturtingas. Tod\u0117l draug\u0117n t\u0105dien rinkosi kaimynai ir gimin\u0117s, tod\u0117l vis pilnesn\u0117 dar\u0117si ir Vilky\u010di\u0173 kaimo aik\u0161t\u0117.<\/p>\n<p>Susirinkusiuosius sveikin\u0119s savivaldyb\u0117s mero pavaduotojas Virgilijus Pozingis pasid\u017eiaug\u0117, kad Vilky\u010diai kei\u010diasi, j\u0173 bendruomen\u0117s stipr\u0117ja ir randa bendr\u0105 po\u017ei\u016br\u012f \u012f veikl\u0105 ir bendramin\u010dius.<\/p>\n<p>Laikinai seni\u016bnijai vadovaujantis K\u0119stutis Sadauskas pasteb\u0117jo, kad vasaros \u0161vent\u0117 tampa bendruomenes vienijan\u010dia grandimi ir link\u0117jo vietiniams pakantumo ir meil\u0117s vienas kitam. Visam b\u016briui \u0161vent\u0117s organizatori\u0173 ir r\u0117m\u0117j\u0173 d\u0117kojo naujasis bendruomeni\u0173 centro \u201eViltis\u201c pirmininkas Mantas Genys.<\/p>\n<p><strong>Pagerbti seniausi ir jauniausi<\/strong><\/p>\n<p>Vieni po kit\u0173 scenon pakviesti b\u016breliai sporto var\u017eyb\u0173 nugal\u0117toj\u0173, naujagimi\u0173 susilaukusios \u0161eimos, garb\u016bs senjorai ir pavyzdingai besitvarkantys apylink\u0117s \u016bkininkai.<\/p>\n<p>U\u017e puikiai tvarkom\u0105 aplink\u0105 apdovanoti lankupi\u0161k\u0117 Ramut\u0117 Dubuliauskien\u0117, vilkyti\u0161k\u0117 Aldona Venskien\u0117, Vida ir Virginijus Palaikiai i\u0161 Skauteli\u0173 bei Ais\u0117nuose gyvenantis Juozas Kasparavi\u010dius.<\/p>\n<p><a target=\"_blank\" rel=\"caption[Krep\u0161inio ir tinklinio var\u017eyb\u0173 nugal\u0117tojams \u012fteikti pad\u0117kos ra\u0161tai.] noopener noreferrer\" class=\"jcepopup\" href=\"\/\/silutesnaujienos.lt\/images\/stories\/2015\/RUGPJTIS\/21\/Vilkyciai_sportininkai.jpg\" data-rel=\"lightbox-gallery-4JAV0YJF\" data-rl_title=\"\" data-rl_caption=\"\"><img loading=\"lazy\" decoding=\"async\" style=\"margin: 5px; float: left;\" class=\"caption\" title=\"\" alt=\"Vilkyciai sportininkai\" src=\"\/\/silutesnaujienos.lt\/images\/stories\/2015\/RUGPJTIS\/21\/thumbnails\/thumb_Vilkyciai_sportininkai.jpg\" height=\"230\" width=\"307\" \/><\/a>G\u0117li\u0173 puok\u0161t\u0117s \u012fteiktos gausiam b\u016briui ilgaam\u017ei\u0173: vilkyti\u0161k\u0117ms Genovaitei Mickienei ir Irenai Miku\u017eienei, Adolfinai Jucienei i\u0161 Diegli\u0173, Domicelei Pokvytaitei i\u0161 Sak\u016bt\u0117li\u0173, Olgai Rogienei i\u0161 Vilkmed\u017ei\u0173, Barborai \u017demgulienei i\u0161 Pangiri\u0173, vilkyti\u0161kiams Antaninai Juodeikienei, Danutei Razi\u016bnienei, Gretai Sakuotienei ir Liucei Srugytei, Kaziui Useliui ir Stanislavai Dirg\u0117lienei i\u0161 Sak\u016bt\u0117li\u0173, Anicetai Petra\u0161kienei i\u0161 Vilkmed\u017ei\u0173, vilkyti\u0161kiams Stasiui Ge\u010dui ir Domininkui \u0160tulcui.<\/p>\n<p>Dar gausiau nei ilgaam\u017ei\u0173 Vilky\u010di\u0173 apylink\u0117je u\u017eder\u0117jo naujagimi\u0173. Per pastaruosius metus bendruomen\u0119 papild\u0117 Enrika Antu\u017eyt\u0117, Ema \u0160eputyt\u0117, Domantas Gramauskas, L\u0117ja Birbalait\u0117, Gust\u0117 Bru\u017eait\u0117, Goda \u0160iuryt\u0117, Kajus B\u016bdvytis, Deividas Davide Fiorini, Jonas Genys, Lukas Pagojus ir Urt\u0117 \u016aselyt\u0117, Migl\u0117 Petra\u0161kait\u0117, Augustas Pu\u0161korius, Majus ir Mijus Raulinai\u010diai, Gabija Venckut\u0117, Benas Vytuvis, Auks\u0117 Baltrukonyt\u0117, Gabriel\u0117 Urbonait\u0117, Rasvald\u0117 Kolberkyt\u0117 ir Dargiris Vilius. Visiems jiems s\u0117km\u0119 lems bendruomen\u0117s dovanos &#8211; vilko p\u0117dut\u0117s.<\/p>\n<p>Koncert\u0105 vilkyti\u0161kiams dovanojo jauni ir vyresni, savi\u0161kiai ir i\u0161 toliau atvyk\u0119 \u0161ok\u0117jai ir dainininkai, o visai sutemus apie vasaros susib\u016brim\u0105 Vilky\u010diuose visiems, kas jame nedalyvavo, prane\u0161\u0117 fejerverkai ir degan\u010di\u0173 \u0161iaudini\u0173 skulpt\u016br\u0173 liepsn\u0173 pa\u0161vaist\u0117.<img decoding=\"async\" src=\"\/\/silutesnaujienos.lt\/images\/stories\/LOGO\/spaudos_remimo_fondas.JPG\" alt=\"\" align=\"right\" \/><\/p>\n<p><span style=\"color: #008000; font-size: 10pt;\"><strong><a href=\"https:\/\/www.facebook.com\/media\/set\/?set=a.1127379153957871.1073742207.137305029631960&amp;type=3\"><span style=\"color: #008000;\">Daugiau nuotrauk\u0173 \u0083\u201e\u0160ilut\u0117s naujien\u0173\u201c Facebook albume!<\/span><\/a><\/strong><\/span><\/p>\n","protected":false},"excerpt":{"rendered":"<p>Originaliais akcentais &#8211; pagoni\u0161komis ir krik\u0161\u010dioni\u0161komis tradicijomis &#8211; antr\u0105j\u0105 savo kaimo \u0161vent\u0119 \u201eVilko p\u0117domis 2015\u201c apipyn\u0117 Saug\u0173 seni\u016bnijos Vilky\u010di\u0173 kaimo \u017emon\u0117s.\u017dolin\u0117s proga \u010dia surengtas \u0161iaudini\u0173 skulpt\u016br\u0173 pleneras, kurio vaisiai \u0161vent\u0117s vakar\u0105 suliepsnojo ir nu\u0161viet\u0117 visos apylink\u0117s dang\u0173. O \u0161vent\u0117s dien\u0105 pagerbti senjorai ir ma\u017eiausieji bendruomen\u0117s nariai, aktyviausiai sportuojantys ir gra\u017eiausiai besitvarkantys kaimynai, duokl\u0117 atiduota ir [&hellip;]<\/p>\n","protected":false},"author":1,"featured_media":0,"comment_status":"open","ping_status":"open","sticky":false,"template":"","format":"standard","meta":{"footnotes":""},"categories":[51],"tags":[],"class_list":{"0":"post-7008","1":"post","2":"type-post","3":"status-publish","4":"format-standard","6":"category-kultura-ir-svietimas"},"yoast_head":"<!-- This site is optimized with the Yoast SEO plugin v27.5 - https:\/\/yoast.com\/product\/yoast-seo-wordpress\/ -->\n<title>Vilkyti\u0161kiai atidav\u0117 duokl\u0119 savi\u0161kiams, vilkams ir \u017demynai - \u0160ilut\u0117s naujienos<\/title>\n<meta name=\"robots\" content=\"index, follow, max-snippet:-1, max-image-preview:large, max-video-preview:-1\" \/>\n<link rel=\"canonical\" href=\"https:\/\/www.silutesnaujienos.lt\/lt\/vilkytiskiai-atidave-duokle-saviskiams-vilkams-ir-zemynai\/\" \/>\n<meta property=\"og:locale\" content=\"lt_LT\" \/>\n<meta property=\"og:type\" content=\"article\" \/>\n<meta property=\"og:title\" content=\"Vilkyti\u0161kiai atidav\u0117 duokl\u0119 savi\u0161kiams, vilkams ir \u017demynai - \u0160ilut\u0117s naujienos\" \/>\n<meta property=\"og:description\" content=\"Originaliais akcentais &#8211; pagoni\u0161komis ir krik\u0161\u010dioni\u0161komis tradicijomis &#8211; antr\u0105j\u0105 savo kaimo \u0161vent\u0119 \u201eVilko p\u0117domis 2015\u201c apipyn\u0117 Saug\u0173 seni\u016bnijos Vilky\u010di\u0173 kaimo \u017emon\u0117s.\u017dolin\u0117s proga \u010dia surengtas \u0161iaudini\u0173 skulpt\u016br\u0173 pleneras, kurio vaisiai \u0161vent\u0117s vakar\u0105 suliepsnojo ir nu\u0161viet\u0117 visos apylink\u0117s dang\u0173. O \u0161vent\u0117s dien\u0105 pagerbti senjorai ir ma\u017eiausieji bendruomen\u0117s nariai, aktyviausiai sportuojantys ir gra\u017eiausiai besitvarkantys kaimynai, duokl\u0117 atiduota ir [&hellip;]\" \/>\n<meta property=\"og:url\" content=\"https:\/\/www.silutesnaujienos.lt\/lt\/vilkytiskiai-atidave-duokle-saviskiams-vilkams-ir-zemynai\/\" \/>\n<meta property=\"og:site_name\" content=\"\u0160ilut\u0117s naujienos\" \/>\n<meta property=\"article:publisher\" content=\"https:\/\/www.facebook.com\/silutes.naujienos\/\" \/>\n<meta property=\"article:published_time\" content=\"2015-08-22T19:00:00+00:00\" \/>\n<meta property=\"og:image\" content=\"\/\/silutesnaujienos.lt\/images\/stories\/2015\/RUGPJTIS\/21\/thumbnails\/thumb_Vilkyciai_seneliai.jpg\" \/>\n<meta name=\"author\" content=\"\u0160ilut\u0117s naujien\u0173 inf.\" \/>\n<meta name=\"twitter:card\" content=\"summary_large_image\" \/>\n<meta name=\"twitter:label1\" content=\"Written by\" \/>\n\t<meta name=\"twitter:data1\" content=\"\u0160ilut\u0117s naujien\u0173 inf.\" \/>\n\t<meta name=\"twitter:label2\" content=\"Est. reading time\" \/>\n\t<meta name=\"twitter:data2\" content=\"5 minut\u0117s\" \/>\n<script type=\"application\/ld+json\" class=\"yoast-schema-graph\">{\"@context\":\"https:\\\/\\\/schema.org\",\"@graph\":[{\"@type\":\"Article\",\"@id\":\"https:\\\/\\\/www.silutesnaujienos.lt\\\/lt\\\/vilkytiskiai-atidave-duokle-saviskiams-vilkams-ir-zemynai\\\/#article\",\"isPartOf\":{\"@id\":\"https:\\\/\\\/www.silutesnaujienos.lt\\\/lt\\\/vilkytiskiai-atidave-duokle-saviskiams-vilkams-ir-zemynai\\\/\"},\"author\":{\"name\":\"\u0160ilut\u0117s naujien\u0173 inf.\",\"@id\":\"https:\\\/\\\/www.silutesnaujienos.lt\\\/lt\\\/#\\\/schema\\\/person\\\/232f475ddd4a7b5f49b3abc788b17e83\"},\"headline\":\"Vilkyti\u0161kiai atidav\u0117 duokl\u0119 savi\u0161kiams, vilkams ir \u017demynai\",\"datePublished\":\"2015-08-22T19:00:00+00:00\",\"mainEntityOfPage\":{\"@id\":\"https:\\\/\\\/www.silutesnaujienos.lt\\\/lt\\\/vilkytiskiai-atidave-duokle-saviskiams-vilkams-ir-zemynai\\\/\"},\"wordCount\":976,\"commentCount\":0,\"publisher\":{\"@id\":\"https:\\\/\\\/www.silutesnaujienos.lt\\\/lt\\\/#organization\"},\"articleSection\":[\"Kult\u016bra ir \u0161vietimas\"],\"inLanguage\":\"lt-LT\",\"potentialAction\":[{\"@type\":\"CommentAction\",\"name\":\"Comment\",\"target\":[\"https:\\\/\\\/www.silutesnaujienos.lt\\\/lt\\\/vilkytiskiai-atidave-duokle-saviskiams-vilkams-ir-zemynai\\\/#respond\"]}]},{\"@type\":\"WebPage\",\"@id\":\"https:\\\/\\\/www.silutesnaujienos.lt\\\/lt\\\/vilkytiskiai-atidave-duokle-saviskiams-vilkams-ir-zemynai\\\/\",\"url\":\"https:\\\/\\\/www.silutesnaujienos.lt\\\/lt\\\/vilkytiskiai-atidave-duokle-saviskiams-vilkams-ir-zemynai\\\/\",\"name\":\"Vilkyti\u0161kiai atidav\u0117 duokl\u0119 savi\u0161kiams, vilkams ir \u017demynai - \u0160ilut\u0117s naujienos\",\"isPartOf\":{\"@id\":\"https:\\\/\\\/www.silutesnaujienos.lt\\\/lt\\\/#website\"},\"datePublished\":\"2015-08-22T19:00:00+00:00\",\"breadcrumb\":{\"@id\":\"https:\\\/\\\/www.silutesnaujienos.lt\\\/lt\\\/vilkytiskiai-atidave-duokle-saviskiams-vilkams-ir-zemynai\\\/#breadcrumb\"},\"inLanguage\":\"lt-LT\",\"potentialAction\":[{\"@type\":\"ReadAction\",\"target\":[\"https:\\\/\\\/www.silutesnaujienos.lt\\\/lt\\\/vilkytiskiai-atidave-duokle-saviskiams-vilkams-ir-zemynai\\\/\"]}]},{\"@type\":\"BreadcrumbList\",\"@id\":\"https:\\\/\\\/www.silutesnaujienos.lt\\\/lt\\\/vilkytiskiai-atidave-duokle-saviskiams-vilkams-ir-zemynai\\\/#breadcrumb\",\"itemListElement\":[{\"@type\":\"ListItem\",\"position\":1,\"name\":\"Home\",\"item\":\"https:\\\/\\\/www.silutesnaujienos.lt\\\/lt\\\/\"},{\"@type\":\"ListItem\",\"position\":2,\"name\":\"Vilkyti\u0161kiai atidav\u0117 duokl\u0119 savi\u0161kiams, vilkams ir \u017demynai\"}]},{\"@type\":\"WebSite\",\"@id\":\"https:\\\/\\\/www.silutesnaujienos.lt\\\/lt\\\/#website\",\"url\":\"https:\\\/\\\/www.silutesnaujienos.lt\\\/lt\\\/\",\"name\":\"\u0160ilut\u0117s naujienos\",\"description\":\"B\u016bk ant naujien\u0173 bangos!\",\"publisher\":{\"@id\":\"https:\\\/\\\/www.silutesnaujienos.lt\\\/lt\\\/#organization\"},\"potentialAction\":[{\"@type\":\"SearchAction\",\"target\":{\"@type\":\"EntryPoint\",\"urlTemplate\":\"https:\\\/\\\/www.silutesnaujienos.lt\\\/lt\\\/?s={search_term_string}\"},\"query-input\":{\"@type\":\"PropertyValueSpecification\",\"valueRequired\":true,\"valueName\":\"search_term_string\"}}],\"inLanguage\":\"lt-LT\"},{\"@type\":\"Organization\",\"@id\":\"https:\\\/\\\/www.silutesnaujienos.lt\\\/lt\\\/#organization\",\"name\":\"\u0160ilut\u0117s naujienos\",\"url\":\"https:\\\/\\\/www.silutesnaujienos.lt\\\/lt\\\/\",\"logo\":{\"@type\":\"ImageObject\",\"inLanguage\":\"lt-LT\",\"@id\":\"https:\\\/\\\/www.silutesnaujienos.lt\\\/lt\\\/#\\\/schema\\\/logo\\\/image\\\/\",\"url\":\"https:\\\/\\\/www.silutesnaujienos.lt\\\/lt\\\/wp-content\\\/uploads\\\/2020\\\/06\\\/FB_MAIN.jpg\",\"contentUrl\":\"https:\\\/\\\/www.silutesnaujienos.lt\\\/lt\\\/wp-content\\\/uploads\\\/2020\\\/06\\\/FB_MAIN.jpg\",\"width\":1700,\"height\":956,\"caption\":\"\u0160ilut\u0117s naujienos\"},\"image\":{\"@id\":\"https:\\\/\\\/www.silutesnaujienos.lt\\\/lt\\\/#\\\/schema\\\/logo\\\/image\\\/\"},\"sameAs\":[\"https:\\\/\\\/www.facebook.com\\\/silutes.naujienos\\\/\",\"https:\\\/\\\/www.youtube.com\\\/channel\\\/UCxW-cgrJDt8GxIMxSTAfJZg\"]},{\"@type\":\"Person\",\"@id\":\"https:\\\/\\\/www.silutesnaujienos.lt\\\/lt\\\/#\\\/schema\\\/person\\\/232f475ddd4a7b5f49b3abc788b17e83\",\"name\":\"\u0160ilut\u0117s naujien\u0173 inf.\",\"image\":{\"@type\":\"ImageObject\",\"inLanguage\":\"lt-LT\",\"@id\":\"https:\\\/\\\/www.silutesnaujienos.lt\\\/lt\\\/wp-content\\\/uploads\\\/2020\\\/06\\\/favicon.png\",\"url\":\"https:\\\/\\\/www.silutesnaujienos.lt\\\/lt\\\/wp-content\\\/uploads\\\/2020\\\/06\\\/favicon.png\",\"contentUrl\":\"https:\\\/\\\/www.silutesnaujienos.lt\\\/lt\\\/wp-content\\\/uploads\\\/2020\\\/06\\\/favicon.png\",\"caption\":\"\u0160ilut\u0117s naujien\u0173 inf.\"},\"sameAs\":[\"https:\\\/\\\/www.silutesnaujienos.lt\\\/lt\"],\"url\":\"https:\\\/\\\/www.silutesnaujienos.lt\\\/lt\\\/author\\\/ruta\\\/\"}]}<\/script>\n<!-- \/ Yoast SEO plugin. -->","yoast_head_json":{"title":"Vilkyti\u0161kiai atidav\u0117 duokl\u0119 savi\u0161kiams, vilkams ir \u017demynai - \u0160ilut\u0117s naujienos","robots":{"index":"index","follow":"follow","max-snippet":"max-snippet:-1","max-image-preview":"max-image-preview:large","max-video-preview":"max-video-preview:-1"},"canonical":"https:\/\/www.silutesnaujienos.lt\/lt\/vilkytiskiai-atidave-duokle-saviskiams-vilkams-ir-zemynai\/","og_locale":"lt_LT","og_type":"article","og_title":"Vilkyti\u0161kiai atidav\u0117 duokl\u0119 savi\u0161kiams, vilkams ir \u017demynai - \u0160ilut\u0117s naujienos","og_description":"Originaliais akcentais &#8211; pagoni\u0161komis ir krik\u0161\u010dioni\u0161komis tradicijomis &#8211; antr\u0105j\u0105 savo kaimo \u0161vent\u0119 \u201eVilko p\u0117domis 2015\u201c apipyn\u0117 Saug\u0173 seni\u016bnijos Vilky\u010di\u0173 kaimo \u017emon\u0117s.\u017dolin\u0117s proga \u010dia surengtas \u0161iaudini\u0173 skulpt\u016br\u0173 pleneras, kurio vaisiai \u0161vent\u0117s vakar\u0105 suliepsnojo ir nu\u0161viet\u0117 visos apylink\u0117s dang\u0173. O \u0161vent\u0117s dien\u0105 pagerbti senjorai ir ma\u017eiausieji bendruomen\u0117s nariai, aktyviausiai sportuojantys ir gra\u017eiausiai besitvarkantys kaimynai, duokl\u0117 atiduota ir [&hellip;]","og_url":"https:\/\/www.silutesnaujienos.lt\/lt\/vilkytiskiai-atidave-duokle-saviskiams-vilkams-ir-zemynai\/","og_site_name":"\u0160ilut\u0117s naujienos","article_publisher":"https:\/\/www.facebook.com\/silutes.naujienos\/","article_published_time":"2015-08-22T19:00:00+00:00","og_image":[{"url":"\/\/silutesnaujienos.lt\/images\/stories\/2015\/RUGPJTIS\/21\/thumbnails\/thumb_Vilkyciai_seneliai.jpg","type":"","width":"","height":""}],"author":"\u0160ilut\u0117s naujien\u0173 inf.","twitter_card":"summary_large_image","twitter_misc":{"Written by":"\u0160ilut\u0117s naujien\u0173 inf.","Est. reading time":"5 minut\u0117s"},"schema":{"@context":"https:\/\/schema.org","@graph":[{"@type":"Article","@id":"https:\/\/www.silutesnaujienos.lt\/lt\/vilkytiskiai-atidave-duokle-saviskiams-vilkams-ir-zemynai\/#article","isPartOf":{"@id":"https:\/\/www.silutesnaujienos.lt\/lt\/vilkytiskiai-atidave-duokle-saviskiams-vilkams-ir-zemynai\/"},"author":{"name":"\u0160ilut\u0117s naujien\u0173 inf.","@id":"https:\/\/www.silutesnaujienos.lt\/lt\/#\/schema\/person\/232f475ddd4a7b5f49b3abc788b17e83"},"headline":"Vilkyti\u0161kiai atidav\u0117 duokl\u0119 savi\u0161kiams, vilkams ir \u017demynai","datePublished":"2015-08-22T19:00:00+00:00","mainEntityOfPage":{"@id":"https:\/\/www.silutesnaujienos.lt\/lt\/vilkytiskiai-atidave-duokle-saviskiams-vilkams-ir-zemynai\/"},"wordCount":976,"commentCount":0,"publisher":{"@id":"https:\/\/www.silutesnaujienos.lt\/lt\/#organization"},"articleSection":["Kult\u016bra ir \u0161vietimas"],"inLanguage":"lt-LT","potentialAction":[{"@type":"CommentAction","name":"Comment","target":["https:\/\/www.silutesnaujienos.lt\/lt\/vilkytiskiai-atidave-duokle-saviskiams-vilkams-ir-zemynai\/#respond"]}]},{"@type":"WebPage","@id":"https:\/\/www.silutesnaujienos.lt\/lt\/vilkytiskiai-atidave-duokle-saviskiams-vilkams-ir-zemynai\/","url":"https:\/\/www.silutesnaujienos.lt\/lt\/vilkytiskiai-atidave-duokle-saviskiams-vilkams-ir-zemynai\/","name":"Vilkyti\u0161kiai atidav\u0117 duokl\u0119 savi\u0161kiams, vilkams ir \u017demynai - \u0160ilut\u0117s naujienos","isPartOf":{"@id":"https:\/\/www.silutesnaujienos.lt\/lt\/#website"},"datePublished":"2015-08-22T19:00:00+00:00","breadcrumb":{"@id":"https:\/\/www.silutesnaujienos.lt\/lt\/vilkytiskiai-atidave-duokle-saviskiams-vilkams-ir-zemynai\/#breadcrumb"},"inLanguage":"lt-LT","potentialAction":[{"@type":"ReadAction","target":["https:\/\/www.silutesnaujienos.lt\/lt\/vilkytiskiai-atidave-duokle-saviskiams-vilkams-ir-zemynai\/"]}]},{"@type":"BreadcrumbList","@id":"https:\/\/www.silutesnaujienos.lt\/lt\/vilkytiskiai-atidave-duokle-saviskiams-vilkams-ir-zemynai\/#breadcrumb","itemListElement":[{"@type":"ListItem","position":1,"name":"Home","item":"https:\/\/www.silutesnaujienos.lt\/lt\/"},{"@type":"ListItem","position":2,"name":"Vilkyti\u0161kiai atidav\u0117 duokl\u0119 savi\u0161kiams, vilkams ir \u017demynai"}]},{"@type":"WebSite","@id":"https:\/\/www.silutesnaujienos.lt\/lt\/#website","url":"https:\/\/www.silutesnaujienos.lt\/lt\/","name":"\u0160ilut\u0117s naujienos","description":"B\u016bk ant naujien\u0173 bangos!","publisher":{"@id":"https:\/\/www.silutesnaujienos.lt\/lt\/#organization"},"potentialAction":[{"@type":"SearchAction","target":{"@type":"EntryPoint","urlTemplate":"https:\/\/www.silutesnaujienos.lt\/lt\/?s={search_term_string}"},"query-input":{"@type":"PropertyValueSpecification","valueRequired":true,"valueName":"search_term_string"}}],"inLanguage":"lt-LT"},{"@type":"Organization","@id":"https:\/\/www.silutesnaujienos.lt\/lt\/#organization","name":"\u0160ilut\u0117s naujienos","url":"https:\/\/www.silutesnaujienos.lt\/lt\/","logo":{"@type":"ImageObject","inLanguage":"lt-LT","@id":"https:\/\/www.silutesnaujienos.lt\/lt\/#\/schema\/logo\/image\/","url":"https:\/\/www.silutesnaujienos.lt\/lt\/wp-content\/uploads\/2020\/06\/FB_MAIN.jpg","contentUrl":"https:\/\/www.silutesnaujienos.lt\/lt\/wp-content\/uploads\/2020\/06\/FB_MAIN.jpg","width":1700,"height":956,"caption":"\u0160ilut\u0117s naujienos"},"image":{"@id":"https:\/\/www.silutesnaujienos.lt\/lt\/#\/schema\/logo\/image\/"},"sameAs":["https:\/\/www.facebook.com\/silutes.naujienos\/","https:\/\/www.youtube.com\/channel\/UCxW-cgrJDt8GxIMxSTAfJZg"]},{"@type":"Person","@id":"https:\/\/www.silutesnaujienos.lt\/lt\/#\/schema\/person\/232f475ddd4a7b5f49b3abc788b17e83","name":"\u0160ilut\u0117s naujien\u0173 inf.","image":{"@type":"ImageObject","inLanguage":"lt-LT","@id":"https:\/\/www.silutesnaujienos.lt\/lt\/wp-content\/uploads\/2020\/06\/favicon.png","url":"https:\/\/www.silutesnaujienos.lt\/lt\/wp-content\/uploads\/2020\/06\/favicon.png","contentUrl":"https:\/\/www.silutesnaujienos.lt\/lt\/wp-content\/uploads\/2020\/06\/favicon.png","caption":"\u0160ilut\u0117s naujien\u0173 inf."},"sameAs":["https:\/\/www.silutesnaujienos.lt\/lt"],"url":"https:\/\/www.silutesnaujienos.lt\/lt\/author\/ruta\/"}]}},"publishpress_future_workflow_manual_trigger":{"enabledWorkflows":[]},"amp_enabled":true,"_links":{"self":[{"href":"https:\/\/www.silutesnaujienos.lt\/lt\/wp-json\/wp\/v2\/posts\/7008","targetHints":{"allow":["GET"]}}],"collection":[{"href":"https:\/\/www.silutesnaujienos.lt\/lt\/wp-json\/wp\/v2\/posts"}],"about":[{"href":"https:\/\/www.silutesnaujienos.lt\/lt\/wp-json\/wp\/v2\/types\/post"}],"author":[{"embeddable":true,"href":"https:\/\/www.silutesnaujienos.lt\/lt\/wp-json\/wp\/v2\/users\/1"}],"replies":[{"embeddable":true,"href":"https:\/\/www.silutesnaujienos.lt\/lt\/wp-json\/wp\/v2\/comments?post=7008"}],"version-history":[{"count":0,"href":"https:\/\/www.silutesnaujienos.lt\/lt\/wp-json\/wp\/v2\/posts\/7008\/revisions"}],"wp:attachment":[{"href":"https:\/\/www.silutesnaujienos.lt\/lt\/wp-json\/wp\/v2\/media?parent=7008"}],"wp:term":[{"taxonomy":"category","embeddable":true,"href":"https:\/\/www.silutesnaujienos.lt\/lt\/wp-json\/wp\/v2\/categories?post=7008"},{"taxonomy":"post_tag","embeddable":true,"href":"https:\/\/www.silutesnaujienos.lt\/lt\/wp-json\/wp\/v2\/tags?post=7008"}],"curies":[{"name":"wp","href":"https:\/\/api.w.org\/{rel}","templated":true}]}}