{"id":7022,"date":"2015-09-07T17:00:00","date_gmt":"2015-09-07T19:00:00","guid":{"rendered":"https:\/\/www.silutesnaujienos.lt\/lt\/mokslo-ir-ziniu-diena-svente-visas-miestas\/"},"modified":"2015-09-07T17:00:00","modified_gmt":"2015-09-07T19:00:00","slug":"mokslo-ir-ziniu-diena-svente-visas-miestas","status":"publish","type":"post","link":"https:\/\/www.silutesnaujienos.lt\/lt\/mokslo-ir-ziniu-diena-svente-visas-miestas\/","title":{"rendered":"Mokslo ir \u017eini\u0173 dien\u0105 \u0161vent\u0117 visas miestas"},"content":{"rendered":"<p><a target=\"_blank\" rel=\"caption[ \u201ePramogadienyje\u201c visi gal\u0117jo \u012fsitikinti, kad \u0160ilut\u0117je apstu \u012fdomios veiklos, kuria gali u\u017esiimti ir vaikai, jaunimas.] noopener noreferrer\" class=\"jcepopup\" href=\"\/\/silutesnaujienos.lt\/images\/stories\/2015\/RUGSEJIS\/04\/pramogadienis_saskes.jpg\" data-rel=\"lightbox-gallery-fZde0Lms\" data-rl_title=\"\" data-rl_caption=\"\"><img loading=\"lazy\" decoding=\"async\" style=\"margin: 5px; float: left;\" class=\"caption\" title=\"\" alt=\"pramogadienis saskes\" src=\"\/\/silutesnaujienos.lt\/images\/stories\/2015\/RUGSEJIS\/04\/thumbnails\/thumb_pramogadienis_saskes.jpg\" height=\"230\" width=\"307\" \/><\/a><strong>Rugs\u0117jo 1-\u0105j\u0105 aplank\u0119s savo mokyklas, susitik\u0119s su mokytojais ir draugais, popiet \u0160ilut\u0117s jaunimas sugu\u017e\u0117jo \u012f senojo Turgaus aik\u0161t\u0119. \u010cia linksmyb\u0117s &#8211; atsisveikinimas su vasara ir nauj\u0173 mokslo met\u0173 sutikimas &#8211; toliau t\u0119s\u0117si su gausybe pramog\u0173. \u201ePramogadienyje\u201c, kuris \u0161iais metais mieste jau surengtas antr\u0105 kart\u0105, sulaukta dar daugiau \u017eaidim\u0173, var\u017eyb\u0173, var\u017eytuvi\u0173, muzikos, dain\u0173, \u0161oki\u0173 ir dvigubai daugiau dalyvi\u0173 bei smalsuoli\u0173. \u0160vent\u0117 ir linksminosi visi: ir tie, kam \u0161is rugs\u0117jis skelb\u0117 nauj\u0173 mokslo met\u0173 prad\u017ei\u0105, ir tie, kam Mokslo ir \u017eini\u0173 dienos min\u0117jimai i\u0161lik\u0119 tik prisiminimuose.<br \/><\/strong><br \/><strong>U\u017esukusi\u0173j\u0173 \u012f \u201ePramogadien\u012f\u201c lauk\u0117 batutai, pramogos \u0160y\u0161os vandenyse: pasiplaukiojimas irklent\u0117mis, skriejimas nuo vieno kranto \u012f kit\u0105 lynais, kamuolinis futbolas, koj\u016bkai, smiginis, tenisas, skersinis, krep\u0161inio ir rank\u0173 lenkimo var\u017eybos bei kiti malonumai. I\u0161alk\u0119 ir i\u0161tro\u0161k\u0119 vai\u0161inosi gard\u017eiais \u0161a\u0161lykais, lepinosi \u0161alta gira ir klaus\u0117si jaun\u0173j\u0173 \u0161iluti\u0161ki\u0173 atlik\u0117j\u0173 dain\u0173.<\/strong><strong><br \/><\/strong><br \/><strong>Vasaros visai negaila<\/strong><a target=\"_blank\" rel=\"caption[Vyd\u016bnie\u010diai Evaldas ir \u0160ar\u016bnas nesl\u0117p\u0117, jog abu lauk\u0117 mokslo met\u0173 prad\u017eios, nes su ja prasideda aktyvus gyvenimas smag\u016bs renginiai.] noopener noreferrer\" class=\"jcepopup\" href=\"\/\/silutesnaujienos.lt\/images\/stories\/2015\/RUGSEJIS\/04\/pramogadienis_DSCN7408.jpg\" data-rel=\"lightbox-gallery-fZde0Lms\" data-rl_title=\"\" data-rl_caption=\"\"><img loading=\"lazy\" decoding=\"async\" style=\"margin: 5px; float: right;\" class=\"caption\" title=\"\" alt=\"pramogadienis DSCN7408\" src=\"\/\/silutesnaujienos.lt\/images\/stories\/2015\/RUGSEJIS\/04\/thumbnails\/thumb_pramogadienis_DSCN7408.jpg\" height=\"230\" width=\"307\" \/><\/a><strong><br \/><\/strong><br \/>\u0160vent\u0117je sutikti dalyviai nesl\u0117p\u0117 d\u017eiugi\u0173 emocij\u0173, jog b\u016btent taip &#8211; skambiai ir garsiai, vis\u0173 miestie\u010di\u0173 ir sve\u010di\u0173 b\u016bryje &#8211; ir reikia \u0161v\u0119sti mokslo met\u0173 prad\u017ei\u0105.<\/p>\n<p>\u201e\u0160ilut\u0117s naujien\u0173\u201c pakalbintos pirmaklas\u0117s Urt\u0117, Viktorija, Gabija i\u0161 \u0160ilut\u0117s pirmosios gimnazijos sak\u0117, jog pirmoji diena mokykloje joms buvo jaudinanti.<\/p>\n<p>\u201eSavaime suprantama, kad i\u0161 ryto jaut\u0117me \u0161iok\u012f tok\u012f stres\u0105, nes at\u0117jome \u012f nauj\u0105 mokykl\u0105, \u012f nauj\u0105 klas\u0119, pas naujus bendraklasius ir mokytojus\u201c, &#8211; sak\u0117 gimnazist\u0117 Urt\u0117, kuri su klas\u0117s draug\u0117mis po oficialiosios \u0161vent\u0117s dalies mokykloje at\u0117jo pasilinksminti \u012f \u201ePramogadien\u012f. Anot mergin\u0173, surengti toki\u0105 gra\u017ei\u0105, didel\u0119 ir tiek pritraukian\u010di\u0105 \u017ei\u016brov\u0173 bei dalyvi\u0173 \u0161vent\u0119 mieste jau seniai reik\u0117jo. Gimnazist\u0117s prisipa\u017eino, jog visai negaila, jog su vasara joms tenka atsisveikinti, nes \u012f mokykl\u0105 eiti b\u016btina. \u201ePramogadienyje\u201c trys draug\u0117s \u017ead\u0117jo linksmintis iki vakaro.<\/p>\n<p>Egl\u0117 ir Renalda, M.Jankaus pagrindin\u0117s mokyklos a\u0161tuntok\u0117s, \u012f \u201ePramogadien\u012f\u201c u\u017esuko ne tik pasilinksminti ir susitikti su draugais. Egl\u0117 rankose ne\u0161\u0117si ir puok\u0161t\u0119 g\u0117li\u0173, skirt\u0173 \u0161oki\u0173 klubo \u201e\u017dvaig\u017ed\u016bn\u0117\u201c vadov\u0117ms.<\/p>\n<p>\u201ePasiilgome ir mokyklos, ir \u0161oki\u0173 repeticij\u0173. Visai nesigailime, kad vasara prab\u0117go\u201c, &#8211; sak\u0117 pa\u0161nekov\u0117 Egl\u0117, kuri t\u0105dien su kolektyvu lipo \u012f scen\u0105 ir visiems \u017ei\u016brovams dovanojo \u0161ok\u012f.<\/p>\n<p><strong>Mokslai yra gerai<\/strong><\/p>\n<p>Dalyvius, norin\u010dius i\u0161bandyti savo j\u0117gas ir ilgiau pakyboti ant skersinio, registravo vyd\u016bnie\u010diai, II klas\u0117s gimnazistai Evaldas ir \u0160ar\u016bnas. Vaikinai taip pat d\u017eiaug\u0117si, jog pagaliau prasid\u0117jo mokslo metai. \u0160i\u0105 dien\u0105 kiekvienas jau\u010diasi skirtingai. \u201eVieni laukia mokslo met\u0173, kiti &#8211; nelabai. Ta\u010diau mokykla atne\u0161a ger\u0173 jausm\u0173: susitinki po vasaros atostog\u0173 su klas\u0117s draugais, kitais bi\u010diuliais\u201c, &#8211; malonias akimirkas prisimin\u0117 Evaldas. Jam antrino \u0160ar\u016bnas, sakydamas, jog prasid\u0117jus mokslo metams ima virti aktyvus gyvenimas, nes smagi\u0173 rengini\u0173 gimnazijoje yra labai daug.<\/p>\n<p><a target=\"_blank\" rel=\"caption[\u0160ilut\u0117s pirmosios gimnazijos I klas\u0117s gimnazist\u0117s Urt\u0117, Viktorija ir Gabija nesigaili, jog vasara jau prab\u0117go.] noopener noreferrer\" class=\"jcepopup\" href=\"\/\/silutesnaujienos.lt\/images\/stories\/2015\/RUGSEJIS\/04\/pramogadienis_DSCN7402.jpg\" data-rel=\"lightbox-gallery-fZde0Lms\" data-rl_title=\"\" data-rl_caption=\"\"><img loading=\"lazy\" decoding=\"async\" style=\"margin: 5px; float: left;\" class=\"caption\" title=\"\" alt=\"pramogadienis DSCN7402\" src=\"\/\/silutesnaujienos.lt\/images\/stories\/2015\/RUGSEJIS\/04\/thumbnails\/thumb_pramogadienis_DSCN7402.jpg\" height=\"230\" width=\"307\" \/><\/a>Vyresniosios kartos atstovas, \u0161iluti\u0161kis Povilas, \u012f \u201ePramogadien\u012f\u201c u\u017esuko pasmalsauti, nes, anot vyro, kai jis dar buvo mokinys, Mokslo ir \u017eini\u0173 dienos \u0161vent\u0117s buvo rengiamos tik mokyklose. \u201eRugs\u0117jo 1-osios \u0161vent\u0117 visad b\u016bdavo pakilios nuotaikos. <\/p>\n<p>\u017dinoma, b\u016bdavo gaila vasaros, bet juk ir suprantamas dalykas, jog mokslus reikia pabaigti. Smagu b\u016bdavo po atostog\u0173, pirm\u0105j\u0105 mokslo met\u0173 dien\u0105, pamatyti visus po keli\u0173 m\u0117nesi\u0173 pertraukos\u201c, &#8211; prisiminimais dalinosi Povilas.<\/p>\n<p><strong>Kviet\u0117 linksmintis, dalyvauti ir rinktis<\/strong><\/p>\n<p>Su gausybe pramog\u0173, surengt\u0173 \u201ePramogadienyje\u201c, \u0161iluti\u0161kiai ne tik palyd\u0117jo vasar\u0105, bet ir gal\u0117jo pasigro\u017e\u0117ti gausybe spalving\u0173, temperamenting\u0173 bei emocionali\u0173 \u0161oki\u0173 kolektyv\u0173, veikian\u010di\u0173 mieste.<\/p>\n<p>Daugeliui \u0161is koncertas, kur\u012f ved\u0117 Laurynas Nikelis, buvo tarsi kolektyv\u0173 i\u0161tiesta ranka, kiekvien\u0105 kvie\u010dianti prisijungti, prad\u0117ti aktyviai, \u012fdomiai bei turiningai praleisti laisvalaik\u012f. \u0160iluti\u0161kius su Mokslo ir \u017eini\u0173 diena sveikino \u0161oki\u0173 klubas \u201e\u017dvaig\u017ed\u016bn\u0117\u201c (vad. Loreta Stanelien\u0117 ir Gintar\u0117 Stanelyt\u0117), sportini\u0173 \u0161oki\u0173 klubai \u201eL\u016bgn\u0117\u201c (vad. Asta Maigien\u0117), \u201eKubana\u201c (vad. Lina ir Donatas Blusiai), kantri \u0161oki\u0173 grup\u0117 \u201eSal\u016bnas\u201c (vad. Reminta Sto\u0161kuvien\u0117), dainavo \u0161iluti\u0161ki\u0173 mylimi atlik\u0117jai Vainora ir Valdas Lacko, jaunosios solist\u0117s Gintar\u0117 Muraulait\u0117, Rimant\u0117 Stankut\u0117, \u0161oki\u0173 pamok\u0117l\u0119 praved\u0117 sporto ir sveikatingumo klubas \u201eAt\u0117n\u0117\u201c su trenere Inga Mikutyte ir ma\u017eaisiais \u201ePelyt\u0117s Mini mokykl\u0117l\u0117s\u201c nariais.<\/p>\n<p>Vakar\u0105 su diskoteka, \u0161viesos ir garso specialia programa prat\u0119s\u0117 \u012fvairius renginius ir vakar\u0117lius organizuojantis DJ \u201eSetas\u201c bei populiari\u0173 dain\u0173 atlik\u0117jai Greta Konaverskyt\u0117 ir Lukas Ded\u016bra.<\/p>\n<p>Viso \u201ePramogadienio\u201c metu surengt\u0173 var\u017eyb\u0173, konkurs\u0173 dalyviai, patys stipriausi, atkakliausi bei linksmiausi, buvo apdovanoti r\u0117m\u0117j\u0173 prizais: \u0161ako\u010diais bei i\u0161maniaisiais ra\u0161ikliais.<\/p>\n<p><span style=\"color: #008000;\"><strong><a href=\"https:\/\/www.facebook.com\/media\/set\/?set=a.1136258596403260.1073742223.137305029631960&amp;type=3\"><span style=\"color: #008000;\">Daugiau nuotrauk\u0173 \u201e\u0160ilut\u0117s naujien\u0173\u201c Facebook albume!<\/span><\/a><\/strong><\/span><\/p>\n","protected":false},"excerpt":{"rendered":"<p>Rugs\u0117jo 1-\u0105j\u0105 aplank\u0119s savo mokyklas, susitik\u0119s su mokytojais ir draugais, popiet \u0160ilut\u0117s jaunimas sugu\u017e\u0117jo \u012f senojo Turgaus aik\u0161t\u0119. \u010cia linksmyb\u0117s &#8211; atsisveikinimas su vasara ir nauj\u0173 mokslo met\u0173 sutikimas &#8211; toliau t\u0119s\u0117si su gausybe pramog\u0173. \u201ePramogadienyje\u201c, kuris \u0161iais metais mieste jau surengtas antr\u0105 kart\u0105, sulaukta dar daugiau \u017eaidim\u0173, var\u017eyb\u0173, var\u017eytuvi\u0173, muzikos, dain\u0173, \u0161oki\u0173 ir dvigubai [&hellip;]<\/p>\n","protected":false},"author":1,"featured_media":0,"comment_status":"open","ping_status":"open","sticky":false,"template":"","format":"standard","meta":{"footnotes":""},"categories":[51],"tags":[],"class_list":{"0":"post-7022","1":"post","2":"type-post","3":"status-publish","4":"format-standard","6":"category-kultura-ir-svietimas"},"yoast_head":"<!-- This site is optimized with the Yoast SEO plugin v27.5 - https:\/\/yoast.com\/product\/yoast-seo-wordpress\/ -->\n<title>Mokslo ir \u017eini\u0173 dien\u0105 \u0161vent\u0117 visas miestas - \u0160ilut\u0117s naujienos<\/title>\n<meta name=\"robots\" content=\"index, follow, max-snippet:-1, max-image-preview:large, max-video-preview:-1\" \/>\n<link rel=\"canonical\" href=\"https:\/\/www.silutesnaujienos.lt\/lt\/mokslo-ir-ziniu-diena-svente-visas-miestas\/\" \/>\n<meta property=\"og:locale\" content=\"lt_LT\" \/>\n<meta property=\"og:type\" content=\"article\" \/>\n<meta property=\"og:title\" content=\"Mokslo ir \u017eini\u0173 dien\u0105 \u0161vent\u0117 visas miestas - \u0160ilut\u0117s naujienos\" \/>\n<meta property=\"og:description\" content=\"Rugs\u0117jo 1-\u0105j\u0105 aplank\u0119s savo mokyklas, susitik\u0119s su mokytojais ir draugais, popiet \u0160ilut\u0117s jaunimas sugu\u017e\u0117jo \u012f senojo Turgaus aik\u0161t\u0119. \u010cia linksmyb\u0117s &#8211; atsisveikinimas su vasara ir nauj\u0173 mokslo met\u0173 sutikimas &#8211; toliau t\u0119s\u0117si su gausybe pramog\u0173. \u201ePramogadienyje\u201c, kuris \u0161iais metais mieste jau surengtas antr\u0105 kart\u0105, sulaukta dar daugiau \u017eaidim\u0173, var\u017eyb\u0173, var\u017eytuvi\u0173, muzikos, dain\u0173, \u0161oki\u0173 ir dvigubai [&hellip;]\" \/>\n<meta property=\"og:url\" content=\"https:\/\/www.silutesnaujienos.lt\/lt\/mokslo-ir-ziniu-diena-svente-visas-miestas\/\" \/>\n<meta property=\"og:site_name\" content=\"\u0160ilut\u0117s naujienos\" \/>\n<meta property=\"article:publisher\" content=\"https:\/\/www.facebook.com\/silutes.naujienos\/\" \/>\n<meta property=\"article:published_time\" content=\"2015-09-07T19:00:00+00:00\" \/>\n<meta property=\"og:image\" content=\"\/\/silutesnaujienos.lt\/images\/stories\/2015\/RUGSEJIS\/04\/thumbnails\/thumb_pramogadienis_saskes.jpg\" \/>\n<meta name=\"author\" content=\"\u0160ilut\u0117s naujien\u0173 inf.\" \/>\n<meta name=\"twitter:card\" content=\"summary_large_image\" \/>\n<meta name=\"twitter:label1\" content=\"Written by\" \/>\n\t<meta name=\"twitter:data1\" content=\"\u0160ilut\u0117s naujien\u0173 inf.\" \/>\n\t<meta name=\"twitter:label2\" content=\"Est. reading time\" \/>\n\t<meta name=\"twitter:data2\" content=\"4 minut\u0117s\" \/>\n<script type=\"application\/ld+json\" class=\"yoast-schema-graph\">{\"@context\":\"https:\\\/\\\/schema.org\",\"@graph\":[{\"@type\":\"Article\",\"@id\":\"https:\\\/\\\/www.silutesnaujienos.lt\\\/lt\\\/mokslo-ir-ziniu-diena-svente-visas-miestas\\\/#article\",\"isPartOf\":{\"@id\":\"https:\\\/\\\/www.silutesnaujienos.lt\\\/lt\\\/mokslo-ir-ziniu-diena-svente-visas-miestas\\\/\"},\"author\":{\"name\":\"\u0160ilut\u0117s naujien\u0173 inf.\",\"@id\":\"https:\\\/\\\/www.silutesnaujienos.lt\\\/lt\\\/#\\\/schema\\\/person\\\/232f475ddd4a7b5f49b3abc788b17e83\"},\"headline\":\"Mokslo ir \u017eini\u0173 dien\u0105 \u0161vent\u0117 visas miestas\",\"datePublished\":\"2015-09-07T19:00:00+00:00\",\"mainEntityOfPage\":{\"@id\":\"https:\\\/\\\/www.silutesnaujienos.lt\\\/lt\\\/mokslo-ir-ziniu-diena-svente-visas-miestas\\\/\"},\"wordCount\":756,\"commentCount\":0,\"publisher\":{\"@id\":\"https:\\\/\\\/www.silutesnaujienos.lt\\\/lt\\\/#organization\"},\"articleSection\":[\"Kult\u016bra ir \u0161vietimas\"],\"inLanguage\":\"lt-LT\",\"potentialAction\":[{\"@type\":\"CommentAction\",\"name\":\"Comment\",\"target\":[\"https:\\\/\\\/www.silutesnaujienos.lt\\\/lt\\\/mokslo-ir-ziniu-diena-svente-visas-miestas\\\/#respond\"]}]},{\"@type\":\"WebPage\",\"@id\":\"https:\\\/\\\/www.silutesnaujienos.lt\\\/lt\\\/mokslo-ir-ziniu-diena-svente-visas-miestas\\\/\",\"url\":\"https:\\\/\\\/www.silutesnaujienos.lt\\\/lt\\\/mokslo-ir-ziniu-diena-svente-visas-miestas\\\/\",\"name\":\"Mokslo ir \u017eini\u0173 dien\u0105 \u0161vent\u0117 visas miestas - \u0160ilut\u0117s naujienos\",\"isPartOf\":{\"@id\":\"https:\\\/\\\/www.silutesnaujienos.lt\\\/lt\\\/#website\"},\"datePublished\":\"2015-09-07T19:00:00+00:00\",\"breadcrumb\":{\"@id\":\"https:\\\/\\\/www.silutesnaujienos.lt\\\/lt\\\/mokslo-ir-ziniu-diena-svente-visas-miestas\\\/#breadcrumb\"},\"inLanguage\":\"lt-LT\",\"potentialAction\":[{\"@type\":\"ReadAction\",\"target\":[\"https:\\\/\\\/www.silutesnaujienos.lt\\\/lt\\\/mokslo-ir-ziniu-diena-svente-visas-miestas\\\/\"]}]},{\"@type\":\"BreadcrumbList\",\"@id\":\"https:\\\/\\\/www.silutesnaujienos.lt\\\/lt\\\/mokslo-ir-ziniu-diena-svente-visas-miestas\\\/#breadcrumb\",\"itemListElement\":[{\"@type\":\"ListItem\",\"position\":1,\"name\":\"Home\",\"item\":\"https:\\\/\\\/www.silutesnaujienos.lt\\\/lt\\\/\"},{\"@type\":\"ListItem\",\"position\":2,\"name\":\"Mokslo ir \u017eini\u0173 dien\u0105 \u0161vent\u0117 visas miestas\"}]},{\"@type\":\"WebSite\",\"@id\":\"https:\\\/\\\/www.silutesnaujienos.lt\\\/lt\\\/#website\",\"url\":\"https:\\\/\\\/www.silutesnaujienos.lt\\\/lt\\\/\",\"name\":\"\u0160ilut\u0117s naujienos\",\"description\":\"B\u016bk ant naujien\u0173 bangos!\",\"publisher\":{\"@id\":\"https:\\\/\\\/www.silutesnaujienos.lt\\\/lt\\\/#organization\"},\"potentialAction\":[{\"@type\":\"SearchAction\",\"target\":{\"@type\":\"EntryPoint\",\"urlTemplate\":\"https:\\\/\\\/www.silutesnaujienos.lt\\\/lt\\\/?s={search_term_string}\"},\"query-input\":{\"@type\":\"PropertyValueSpecification\",\"valueRequired\":true,\"valueName\":\"search_term_string\"}}],\"inLanguage\":\"lt-LT\"},{\"@type\":\"Organization\",\"@id\":\"https:\\\/\\\/www.silutesnaujienos.lt\\\/lt\\\/#organization\",\"name\":\"\u0160ilut\u0117s naujienos\",\"url\":\"https:\\\/\\\/www.silutesnaujienos.lt\\\/lt\\\/\",\"logo\":{\"@type\":\"ImageObject\",\"inLanguage\":\"lt-LT\",\"@id\":\"https:\\\/\\\/www.silutesnaujienos.lt\\\/lt\\\/#\\\/schema\\\/logo\\\/image\\\/\",\"url\":\"https:\\\/\\\/www.silutesnaujienos.lt\\\/lt\\\/wp-content\\\/uploads\\\/2020\\\/06\\\/FB_MAIN.jpg\",\"contentUrl\":\"https:\\\/\\\/www.silutesnaujienos.lt\\\/lt\\\/wp-content\\\/uploads\\\/2020\\\/06\\\/FB_MAIN.jpg\",\"width\":1700,\"height\":956,\"caption\":\"\u0160ilut\u0117s naujienos\"},\"image\":{\"@id\":\"https:\\\/\\\/www.silutesnaujienos.lt\\\/lt\\\/#\\\/schema\\\/logo\\\/image\\\/\"},\"sameAs\":[\"https:\\\/\\\/www.facebook.com\\\/silutes.naujienos\\\/\",\"https:\\\/\\\/www.youtube.com\\\/channel\\\/UCxW-cgrJDt8GxIMxSTAfJZg\"]},{\"@type\":\"Person\",\"@id\":\"https:\\\/\\\/www.silutesnaujienos.lt\\\/lt\\\/#\\\/schema\\\/person\\\/232f475ddd4a7b5f49b3abc788b17e83\",\"name\":\"\u0160ilut\u0117s naujien\u0173 inf.\",\"image\":{\"@type\":\"ImageObject\",\"inLanguage\":\"lt-LT\",\"@id\":\"https:\\\/\\\/www.silutesnaujienos.lt\\\/lt\\\/wp-content\\\/uploads\\\/2020\\\/06\\\/favicon.png\",\"url\":\"https:\\\/\\\/www.silutesnaujienos.lt\\\/lt\\\/wp-content\\\/uploads\\\/2020\\\/06\\\/favicon.png\",\"contentUrl\":\"https:\\\/\\\/www.silutesnaujienos.lt\\\/lt\\\/wp-content\\\/uploads\\\/2020\\\/06\\\/favicon.png\",\"caption\":\"\u0160ilut\u0117s naujien\u0173 inf.\"},\"sameAs\":[\"https:\\\/\\\/www.silutesnaujienos.lt\\\/lt\"],\"url\":\"https:\\\/\\\/www.silutesnaujienos.lt\\\/lt\\\/author\\\/ruta\\\/\"}]}<\/script>\n<!-- \/ Yoast SEO plugin. -->","yoast_head_json":{"title":"Mokslo ir \u017eini\u0173 dien\u0105 \u0161vent\u0117 visas miestas - \u0160ilut\u0117s naujienos","robots":{"index":"index","follow":"follow","max-snippet":"max-snippet:-1","max-image-preview":"max-image-preview:large","max-video-preview":"max-video-preview:-1"},"canonical":"https:\/\/www.silutesnaujienos.lt\/lt\/mokslo-ir-ziniu-diena-svente-visas-miestas\/","og_locale":"lt_LT","og_type":"article","og_title":"Mokslo ir \u017eini\u0173 dien\u0105 \u0161vent\u0117 visas miestas - \u0160ilut\u0117s naujienos","og_description":"Rugs\u0117jo 1-\u0105j\u0105 aplank\u0119s savo mokyklas, susitik\u0119s su mokytojais ir draugais, popiet \u0160ilut\u0117s jaunimas sugu\u017e\u0117jo \u012f senojo Turgaus aik\u0161t\u0119. \u010cia linksmyb\u0117s &#8211; atsisveikinimas su vasara ir nauj\u0173 mokslo met\u0173 sutikimas &#8211; toliau t\u0119s\u0117si su gausybe pramog\u0173. \u201ePramogadienyje\u201c, kuris \u0161iais metais mieste jau surengtas antr\u0105 kart\u0105, sulaukta dar daugiau \u017eaidim\u0173, var\u017eyb\u0173, var\u017eytuvi\u0173, muzikos, dain\u0173, \u0161oki\u0173 ir dvigubai [&hellip;]","og_url":"https:\/\/www.silutesnaujienos.lt\/lt\/mokslo-ir-ziniu-diena-svente-visas-miestas\/","og_site_name":"\u0160ilut\u0117s naujienos","article_publisher":"https:\/\/www.facebook.com\/silutes.naujienos\/","article_published_time":"2015-09-07T19:00:00+00:00","og_image":[{"url":"\/\/silutesnaujienos.lt\/images\/stories\/2015\/RUGSEJIS\/04\/thumbnails\/thumb_pramogadienis_saskes.jpg","type":"","width":"","height":""}],"author":"\u0160ilut\u0117s naujien\u0173 inf.","twitter_card":"summary_large_image","twitter_misc":{"Written by":"\u0160ilut\u0117s naujien\u0173 inf.","Est. reading time":"4 minut\u0117s"},"schema":{"@context":"https:\/\/schema.org","@graph":[{"@type":"Article","@id":"https:\/\/www.silutesnaujienos.lt\/lt\/mokslo-ir-ziniu-diena-svente-visas-miestas\/#article","isPartOf":{"@id":"https:\/\/www.silutesnaujienos.lt\/lt\/mokslo-ir-ziniu-diena-svente-visas-miestas\/"},"author":{"name":"\u0160ilut\u0117s naujien\u0173 inf.","@id":"https:\/\/www.silutesnaujienos.lt\/lt\/#\/schema\/person\/232f475ddd4a7b5f49b3abc788b17e83"},"headline":"Mokslo ir \u017eini\u0173 dien\u0105 \u0161vent\u0117 visas miestas","datePublished":"2015-09-07T19:00:00+00:00","mainEntityOfPage":{"@id":"https:\/\/www.silutesnaujienos.lt\/lt\/mokslo-ir-ziniu-diena-svente-visas-miestas\/"},"wordCount":756,"commentCount":0,"publisher":{"@id":"https:\/\/www.silutesnaujienos.lt\/lt\/#organization"},"articleSection":["Kult\u016bra ir \u0161vietimas"],"inLanguage":"lt-LT","potentialAction":[{"@type":"CommentAction","name":"Comment","target":["https:\/\/www.silutesnaujienos.lt\/lt\/mokslo-ir-ziniu-diena-svente-visas-miestas\/#respond"]}]},{"@type":"WebPage","@id":"https:\/\/www.silutesnaujienos.lt\/lt\/mokslo-ir-ziniu-diena-svente-visas-miestas\/","url":"https:\/\/www.silutesnaujienos.lt\/lt\/mokslo-ir-ziniu-diena-svente-visas-miestas\/","name":"Mokslo ir \u017eini\u0173 dien\u0105 \u0161vent\u0117 visas miestas - \u0160ilut\u0117s naujienos","isPartOf":{"@id":"https:\/\/www.silutesnaujienos.lt\/lt\/#website"},"datePublished":"2015-09-07T19:00:00+00:00","breadcrumb":{"@id":"https:\/\/www.silutesnaujienos.lt\/lt\/mokslo-ir-ziniu-diena-svente-visas-miestas\/#breadcrumb"},"inLanguage":"lt-LT","potentialAction":[{"@type":"ReadAction","target":["https:\/\/www.silutesnaujienos.lt\/lt\/mokslo-ir-ziniu-diena-svente-visas-miestas\/"]}]},{"@type":"BreadcrumbList","@id":"https:\/\/www.silutesnaujienos.lt\/lt\/mokslo-ir-ziniu-diena-svente-visas-miestas\/#breadcrumb","itemListElement":[{"@type":"ListItem","position":1,"name":"Home","item":"https:\/\/www.silutesnaujienos.lt\/lt\/"},{"@type":"ListItem","position":2,"name":"Mokslo ir \u017eini\u0173 dien\u0105 \u0161vent\u0117 visas miestas"}]},{"@type":"WebSite","@id":"https:\/\/www.silutesnaujienos.lt\/lt\/#website","url":"https:\/\/www.silutesnaujienos.lt\/lt\/","name":"\u0160ilut\u0117s naujienos","description":"B\u016bk ant naujien\u0173 bangos!","publisher":{"@id":"https:\/\/www.silutesnaujienos.lt\/lt\/#organization"},"potentialAction":[{"@type":"SearchAction","target":{"@type":"EntryPoint","urlTemplate":"https:\/\/www.silutesnaujienos.lt\/lt\/?s={search_term_string}"},"query-input":{"@type":"PropertyValueSpecification","valueRequired":true,"valueName":"search_term_string"}}],"inLanguage":"lt-LT"},{"@type":"Organization","@id":"https:\/\/www.silutesnaujienos.lt\/lt\/#organization","name":"\u0160ilut\u0117s naujienos","url":"https:\/\/www.silutesnaujienos.lt\/lt\/","logo":{"@type":"ImageObject","inLanguage":"lt-LT","@id":"https:\/\/www.silutesnaujienos.lt\/lt\/#\/schema\/logo\/image\/","url":"https:\/\/www.silutesnaujienos.lt\/lt\/wp-content\/uploads\/2020\/06\/FB_MAIN.jpg","contentUrl":"https:\/\/www.silutesnaujienos.lt\/lt\/wp-content\/uploads\/2020\/06\/FB_MAIN.jpg","width":1700,"height":956,"caption":"\u0160ilut\u0117s naujienos"},"image":{"@id":"https:\/\/www.silutesnaujienos.lt\/lt\/#\/schema\/logo\/image\/"},"sameAs":["https:\/\/www.facebook.com\/silutes.naujienos\/","https:\/\/www.youtube.com\/channel\/UCxW-cgrJDt8GxIMxSTAfJZg"]},{"@type":"Person","@id":"https:\/\/www.silutesnaujienos.lt\/lt\/#\/schema\/person\/232f475ddd4a7b5f49b3abc788b17e83","name":"\u0160ilut\u0117s naujien\u0173 inf.","image":{"@type":"ImageObject","inLanguage":"lt-LT","@id":"https:\/\/www.silutesnaujienos.lt\/lt\/wp-content\/uploads\/2020\/06\/favicon.png","url":"https:\/\/www.silutesnaujienos.lt\/lt\/wp-content\/uploads\/2020\/06\/favicon.png","contentUrl":"https:\/\/www.silutesnaujienos.lt\/lt\/wp-content\/uploads\/2020\/06\/favicon.png","caption":"\u0160ilut\u0117s naujien\u0173 inf."},"sameAs":["https:\/\/www.silutesnaujienos.lt\/lt"],"url":"https:\/\/www.silutesnaujienos.lt\/lt\/author\/ruta\/"}]}},"publishpress_future_workflow_manual_trigger":{"enabledWorkflows":[]},"amp_enabled":true,"_links":{"self":[{"href":"https:\/\/www.silutesnaujienos.lt\/lt\/wp-json\/wp\/v2\/posts\/7022","targetHints":{"allow":["GET"]}}],"collection":[{"href":"https:\/\/www.silutesnaujienos.lt\/lt\/wp-json\/wp\/v2\/posts"}],"about":[{"href":"https:\/\/www.silutesnaujienos.lt\/lt\/wp-json\/wp\/v2\/types\/post"}],"author":[{"embeddable":true,"href":"https:\/\/www.silutesnaujienos.lt\/lt\/wp-json\/wp\/v2\/users\/1"}],"replies":[{"embeddable":true,"href":"https:\/\/www.silutesnaujienos.lt\/lt\/wp-json\/wp\/v2\/comments?post=7022"}],"version-history":[{"count":0,"href":"https:\/\/www.silutesnaujienos.lt\/lt\/wp-json\/wp\/v2\/posts\/7022\/revisions"}],"wp:attachment":[{"href":"https:\/\/www.silutesnaujienos.lt\/lt\/wp-json\/wp\/v2\/media?parent=7022"}],"wp:term":[{"taxonomy":"category","embeddable":true,"href":"https:\/\/www.silutesnaujienos.lt\/lt\/wp-json\/wp\/v2\/categories?post=7022"},{"taxonomy":"post_tag","embeddable":true,"href":"https:\/\/www.silutesnaujienos.lt\/lt\/wp-json\/wp\/v2\/tags?post=7022"}],"curies":[{"name":"wp","href":"https:\/\/api.w.org\/{rel}","templated":true}]}}