{"id":70348,"date":"2025-06-23T08:55:33","date_gmt":"2025-06-23T05:55:33","guid":{"rendered":"https:\/\/www.silutesnaujienos.lt\/lt\/?p=70348"},"modified":"2025-06-23T08:55:33","modified_gmt":"2025-06-23T05:55:33","slug":"siluteje-neblaivus-asmuo-suzalojo-policijos-pareiguna","status":"publish","type":"post","link":"https:\/\/www.silutesnaujienos.lt\/lt\/siluteje-neblaivus-asmuo-suzalojo-policijos-pareiguna\/","title":{"rendered":"\u0160ilut\u0117je neblaivus asmuo su\u017ealojo policijos pareig\u016bn\u0105"},"content":{"rendered":"<p>Kaip informavo Policijos departamentas, sekmadien\u012f, 19 val. 58 min., gautas prane\u0161imas, kad \u0160ilut\u0117je, Lietuvinink\u0173 gatv\u0117je, prie parduotuv\u0117s, du neblaiv\u016bs asmenys triuk\u0161mauja ir kabin\u0117jasi prie \u017emoni\u0173.<\/p>\n<p>Policijos pareig\u016bnams atvykus \u012f \u012fvykio viet\u0105 ir bandant sulaikyti asmenis, pastarieji aktyviais veiksmais prie\u0161inosi ir su\u017ealojo 46 met\u0173 \u0160ilut\u0117s rajono policijos komisariato pareig\u016bn\u0105.<\/p>\n<p>Pareig\u016bnas, suteikus medicinin\u0119 pagalb\u0105, gydomas ambulatori\u0161kai. \u012etariamieji galimai neblaiv\u016bs (pasitikrinti blaivum\u0105 atsisak\u0117) du 23 met\u0173 vyrai u\u017edaryti \u012f are\u0161tin\u0119.<\/p>\n<p>Prad\u0117tas ikiteisminis tyrimas d\u0117l pasiprie\u0161inimo policijos pareig\u016bnui.<\/p>\n<p><em><strong>Gytis Pank\u016bnas (ELTA)<\/strong><\/em><\/p>\n","protected":false},"excerpt":{"rendered":"<p>Kaip informavo Policijos departamentas, sekmadien\u012f, 19 val. 58 min., gautas prane\u0161imas, kad \u0160ilut\u0117je, Lietuvinink\u0173 gatv\u0117je, prie parduotuv\u0117s, du neblaiv\u016bs asmenys triuk\u0161mauja ir kabin\u0117jasi prie \u017emoni\u0173. Policijos pareig\u016bnams atvykus \u012f \u012fvykio viet\u0105 ir bandant sulaikyti asmenis, pastarieji aktyviais veiksmais prie\u0161inosi ir su\u017ealojo 46 met\u0173 \u0160ilut\u0117s rajono policijos komisariato pareig\u016bn\u0105. Pareig\u016bnas, suteikus medicinin\u0119 pagalb\u0105, gydomas ambulatori\u0161kai. \u012etariamieji [&hellip;]<\/p>\n","protected":false},"author":2,"featured_media":69675,"comment_status":"open","ping_status":"closed","sticky":false,"template":"","format":"standard","meta":{"footnotes":""},"categories":[3873],"tags":[47],"class_list":{"0":"post-70348","1":"post","2":"type-post","3":"status-publish","4":"format-standard","5":"has-post-thumbnail","7":"category-elta","8":"tag-pirmasis"},"yoast_head":"<!-- This site is optimized with the Yoast SEO plugin v27.4 - https:\/\/yoast.com\/product\/yoast-seo-wordpress\/ -->\n<title>\u0160ilut\u0117je neblaivus asmuo su\u017ealojo policijos pareig\u016bn\u0105 - \u0160ilut\u0117s naujienos<\/title>\n<meta name=\"robots\" content=\"index, follow, max-snippet:-1, max-image-preview:large, max-video-preview:-1\" \/>\n<link rel=\"canonical\" href=\"https:\/\/www.silutesnaujienos.lt\/lt\/siluteje-neblaivus-asmuo-suzalojo-policijos-pareiguna\/\" \/>\n<meta property=\"og:locale\" content=\"lt_LT\" \/>\n<meta property=\"og:type\" content=\"article\" \/>\n<meta property=\"og:title\" content=\"\u0160ilut\u0117je neblaivus asmuo su\u017ealojo policijos pareig\u016bn\u0105 - \u0160ilut\u0117s naujienos\" \/>\n<meta property=\"og:description\" content=\"Kaip informavo Policijos departamentas, sekmadien\u012f, 19 val. 58 min., gautas prane\u0161imas, kad \u0160ilut\u0117je, Lietuvinink\u0173 gatv\u0117je, prie parduotuv\u0117s, du neblaiv\u016bs asmenys triuk\u0161mauja ir kabin\u0117jasi prie \u017emoni\u0173. Policijos pareig\u016bnams atvykus \u012f \u012fvykio viet\u0105 ir bandant sulaikyti asmenis, pastarieji aktyviais veiksmais prie\u0161inosi ir su\u017ealojo 46 met\u0173 \u0160ilut\u0117s rajono policijos komisariato pareig\u016bn\u0105. Pareig\u016bnas, suteikus medicinin\u0119 pagalb\u0105, gydomas ambulatori\u0161kai. \u012etariamieji [&hellip;]\" \/>\n<meta property=\"og:url\" content=\"https:\/\/www.silutesnaujienos.lt\/lt\/siluteje-neblaivus-asmuo-suzalojo-policijos-pareiguna\/\" \/>\n<meta property=\"og:site_name\" content=\"\u0160ilut\u0117s naujienos\" \/>\n<meta property=\"article:publisher\" content=\"https:\/\/www.facebook.com\/silutes.naujienos\/\" \/>\n<meta property=\"article:published_time\" content=\"2025-06-23T05:55:33+00:00\" \/>\n<meta property=\"og:image\" content=\"https:\/\/www.silutesnaujienos.lt\/lt\/wp-content\/uploads\/2025\/05\/policijos-1.jpg\" \/>\n\t<meta property=\"og:image:width\" content=\"1920\" \/>\n\t<meta property=\"og:image:height\" content=\"1280\" \/>\n\t<meta property=\"og:image:type\" content=\"image\/jpeg\" \/>\n<meta name=\"author\" content=\"\u0160ilut\u0117s naujien\u0173 inf.\" \/>\n<meta name=\"twitter:card\" content=\"summary_large_image\" \/>\n<meta name=\"twitter:label1\" content=\"Written by\" \/>\n\t<meta name=\"twitter:data1\" content=\"\u0160ilut\u0117s naujien\u0173 inf.\" \/>\n\t<meta name=\"twitter:label2\" content=\"Est. reading time\" \/>\n\t<meta name=\"twitter:data2\" content=\"1 minut\u0117\" \/>\n<script type=\"application\/ld+json\" class=\"yoast-schema-graph\">{\"@context\":\"https:\\\/\\\/schema.org\",\"@graph\":[{\"@type\":\"Article\",\"@id\":\"https:\\\/\\\/www.silutesnaujienos.lt\\\/lt\\\/siluteje-neblaivus-asmuo-suzalojo-policijos-pareiguna\\\/#article\",\"isPartOf\":{\"@id\":\"https:\\\/\\\/www.silutesnaujienos.lt\\\/lt\\\/siluteje-neblaivus-asmuo-suzalojo-policijos-pareiguna\\\/\"},\"author\":{\"name\":\"\u0160ilut\u0117s naujien\u0173 inf.\",\"@id\":\"https:\\\/\\\/www.silutesnaujienos.lt\\\/lt\\\/#\\\/schema\\\/person\\\/976440ef837444400af3c77c19c61454\"},\"headline\":\"\u0160ilut\u0117je neblaivus asmuo su\u017ealojo policijos pareig\u016bn\u0105\",\"datePublished\":\"2025-06-23T05:55:33+00:00\",\"mainEntityOfPage\":{\"@id\":\"https:\\\/\\\/www.silutesnaujienos.lt\\\/lt\\\/siluteje-neblaivus-asmuo-suzalojo-policijos-pareiguna\\\/\"},\"wordCount\":102,\"commentCount\":1,\"publisher\":{\"@id\":\"https:\\\/\\\/www.silutesnaujienos.lt\\\/lt\\\/#organization\"},\"image\":{\"@id\":\"https:\\\/\\\/www.silutesnaujienos.lt\\\/lt\\\/siluteje-neblaivus-asmuo-suzalojo-policijos-pareiguna\\\/#primaryimage\"},\"thumbnailUrl\":\"https:\\\/\\\/www.silutesnaujienos.lt\\\/lt\\\/wp-content\\\/uploads\\\/2025\\\/05\\\/policijos-1.jpg\",\"keywords\":[\"Pirmasis\"],\"articleSection\":[\"ELTA\"],\"inLanguage\":\"lt-LT\",\"potentialAction\":[{\"@type\":\"CommentAction\",\"name\":\"Comment\",\"target\":[\"https:\\\/\\\/www.silutesnaujienos.lt\\\/lt\\\/siluteje-neblaivus-asmuo-suzalojo-policijos-pareiguna\\\/#respond\"]}]},{\"@type\":\"WebPage\",\"@id\":\"https:\\\/\\\/www.silutesnaujienos.lt\\\/lt\\\/siluteje-neblaivus-asmuo-suzalojo-policijos-pareiguna\\\/\",\"url\":\"https:\\\/\\\/www.silutesnaujienos.lt\\\/lt\\\/siluteje-neblaivus-asmuo-suzalojo-policijos-pareiguna\\\/\",\"name\":\"\u0160ilut\u0117je neblaivus asmuo su\u017ealojo policijos pareig\u016bn\u0105 - \u0160ilut\u0117s naujienos\",\"isPartOf\":{\"@id\":\"https:\\\/\\\/www.silutesnaujienos.lt\\\/lt\\\/#website\"},\"primaryImageOfPage\":{\"@id\":\"https:\\\/\\\/www.silutesnaujienos.lt\\\/lt\\\/siluteje-neblaivus-asmuo-suzalojo-policijos-pareiguna\\\/#primaryimage\"},\"image\":{\"@id\":\"https:\\\/\\\/www.silutesnaujienos.lt\\\/lt\\\/siluteje-neblaivus-asmuo-suzalojo-policijos-pareiguna\\\/#primaryimage\"},\"thumbnailUrl\":\"https:\\\/\\\/www.silutesnaujienos.lt\\\/lt\\\/wp-content\\\/uploads\\\/2025\\\/05\\\/policijos-1.jpg\",\"datePublished\":\"2025-06-23T05:55:33+00:00\",\"breadcrumb\":{\"@id\":\"https:\\\/\\\/www.silutesnaujienos.lt\\\/lt\\\/siluteje-neblaivus-asmuo-suzalojo-policijos-pareiguna\\\/#breadcrumb\"},\"inLanguage\":\"lt-LT\",\"potentialAction\":[{\"@type\":\"ReadAction\",\"target\":[\"https:\\\/\\\/www.silutesnaujienos.lt\\\/lt\\\/siluteje-neblaivus-asmuo-suzalojo-policijos-pareiguna\\\/\"]}]},{\"@type\":\"ImageObject\",\"inLanguage\":\"lt-LT\",\"@id\":\"https:\\\/\\\/www.silutesnaujienos.lt\\\/lt\\\/siluteje-neblaivus-asmuo-suzalojo-policijos-pareiguna\\\/#primaryimage\",\"url\":\"https:\\\/\\\/www.silutesnaujienos.lt\\\/lt\\\/wp-content\\\/uploads\\\/2025\\\/05\\\/policijos-1.jpg\",\"contentUrl\":\"https:\\\/\\\/www.silutesnaujienos.lt\\\/lt\\\/wp-content\\\/uploads\\\/2025\\\/05\\\/policijos-1.jpg\",\"width\":1920,\"height\":1280},{\"@type\":\"BreadcrumbList\",\"@id\":\"https:\\\/\\\/www.silutesnaujienos.lt\\\/lt\\\/siluteje-neblaivus-asmuo-suzalojo-policijos-pareiguna\\\/#breadcrumb\",\"itemListElement\":[{\"@type\":\"ListItem\",\"position\":1,\"name\":\"Home\",\"item\":\"https:\\\/\\\/www.silutesnaujienos.lt\\\/lt\\\/\"},{\"@type\":\"ListItem\",\"position\":2,\"name\":\"\u0160ilut\u0117je neblaivus asmuo su\u017ealojo policijos pareig\u016bn\u0105\"}]},{\"@type\":\"WebSite\",\"@id\":\"https:\\\/\\\/www.silutesnaujienos.lt\\\/lt\\\/#website\",\"url\":\"https:\\\/\\\/www.silutesnaujienos.lt\\\/lt\\\/\",\"name\":\"\u0160ilut\u0117s naujienos\",\"description\":\"B\u016bk ant naujien\u0173 bangos!\",\"publisher\":{\"@id\":\"https:\\\/\\\/www.silutesnaujienos.lt\\\/lt\\\/#organization\"},\"potentialAction\":[{\"@type\":\"SearchAction\",\"target\":{\"@type\":\"EntryPoint\",\"urlTemplate\":\"https:\\\/\\\/www.silutesnaujienos.lt\\\/lt\\\/?s={search_term_string}\"},\"query-input\":{\"@type\":\"PropertyValueSpecification\",\"valueRequired\":true,\"valueName\":\"search_term_string\"}}],\"inLanguage\":\"lt-LT\"},{\"@type\":\"Organization\",\"@id\":\"https:\\\/\\\/www.silutesnaujienos.lt\\\/lt\\\/#organization\",\"name\":\"\u0160ilut\u0117s naujienos\",\"url\":\"https:\\\/\\\/www.silutesnaujienos.lt\\\/lt\\\/\",\"logo\":{\"@type\":\"ImageObject\",\"inLanguage\":\"lt-LT\",\"@id\":\"https:\\\/\\\/www.silutesnaujienos.lt\\\/lt\\\/#\\\/schema\\\/logo\\\/image\\\/\",\"url\":\"https:\\\/\\\/www.silutesnaujienos.lt\\\/lt\\\/wp-content\\\/uploads\\\/2020\\\/06\\\/FB_MAIN.jpg\",\"contentUrl\":\"https:\\\/\\\/www.silutesnaujienos.lt\\\/lt\\\/wp-content\\\/uploads\\\/2020\\\/06\\\/FB_MAIN.jpg\",\"width\":1700,\"height\":956,\"caption\":\"\u0160ilut\u0117s naujienos\"},\"image\":{\"@id\":\"https:\\\/\\\/www.silutesnaujienos.lt\\\/lt\\\/#\\\/schema\\\/logo\\\/image\\\/\"},\"sameAs\":[\"https:\\\/\\\/www.facebook.com\\\/silutes.naujienos\\\/\",\"https:\\\/\\\/www.youtube.com\\\/channel\\\/UCxW-cgrJDt8GxIMxSTAfJZg\"]},{\"@type\":\"Person\",\"@id\":\"https:\\\/\\\/www.silutesnaujienos.lt\\\/lt\\\/#\\\/schema\\\/person\\\/976440ef837444400af3c77c19c61454\",\"name\":\"\u0160ilut\u0117s naujien\u0173 inf.\",\"image\":{\"@type\":\"ImageObject\",\"inLanguage\":\"lt-LT\",\"@id\":\"https:\\\/\\\/www.silutesnaujienos.lt\\\/lt\\\/wp-content\\\/uploads\\\/2020\\\/06\\\/favicon.png\",\"url\":\"https:\\\/\\\/www.silutesnaujienos.lt\\\/lt\\\/wp-content\\\/uploads\\\/2020\\\/06\\\/favicon.png\",\"contentUrl\":\"https:\\\/\\\/www.silutesnaujienos.lt\\\/lt\\\/wp-content\\\/uploads\\\/2020\\\/06\\\/favicon.png\",\"caption\":\"\u0160ilut\u0117s naujien\u0173 inf.\"},\"url\":\"https:\\\/\\\/www.silutesnaujienos.lt\\\/lt\\\/author\\\/vadas\\\/\"}]}<\/script>\n<!-- \/ Yoast SEO plugin. -->","yoast_head_json":{"title":"\u0160ilut\u0117je neblaivus asmuo su\u017ealojo policijos pareig\u016bn\u0105 - \u0160ilut\u0117s naujienos","robots":{"index":"index","follow":"follow","max-snippet":"max-snippet:-1","max-image-preview":"max-image-preview:large","max-video-preview":"max-video-preview:-1"},"canonical":"https:\/\/www.silutesnaujienos.lt\/lt\/siluteje-neblaivus-asmuo-suzalojo-policijos-pareiguna\/","og_locale":"lt_LT","og_type":"article","og_title":"\u0160ilut\u0117je neblaivus asmuo su\u017ealojo policijos pareig\u016bn\u0105 - \u0160ilut\u0117s naujienos","og_description":"Kaip informavo Policijos departamentas, sekmadien\u012f, 19 val. 58 min., gautas prane\u0161imas, kad \u0160ilut\u0117je, Lietuvinink\u0173 gatv\u0117je, prie parduotuv\u0117s, du neblaiv\u016bs asmenys triuk\u0161mauja ir kabin\u0117jasi prie \u017emoni\u0173. Policijos pareig\u016bnams atvykus \u012f \u012fvykio viet\u0105 ir bandant sulaikyti asmenis, pastarieji aktyviais veiksmais prie\u0161inosi ir su\u017ealojo 46 met\u0173 \u0160ilut\u0117s rajono policijos komisariato pareig\u016bn\u0105. Pareig\u016bnas, suteikus medicinin\u0119 pagalb\u0105, gydomas ambulatori\u0161kai. \u012etariamieji [&hellip;]","og_url":"https:\/\/www.silutesnaujienos.lt\/lt\/siluteje-neblaivus-asmuo-suzalojo-policijos-pareiguna\/","og_site_name":"\u0160ilut\u0117s naujienos","article_publisher":"https:\/\/www.facebook.com\/silutes.naujienos\/","article_published_time":"2025-06-23T05:55:33+00:00","og_image":[{"width":1920,"height":1280,"url":"https:\/\/www.silutesnaujienos.lt\/lt\/wp-content\/uploads\/2025\/05\/policijos-1.jpg","type":"image\/jpeg"}],"author":"\u0160ilut\u0117s naujien\u0173 inf.","twitter_card":"summary_large_image","twitter_misc":{"Written by":"\u0160ilut\u0117s naujien\u0173 inf.","Est. reading time":"1 minut\u0117"},"schema":{"@context":"https:\/\/schema.org","@graph":[{"@type":"Article","@id":"https:\/\/www.silutesnaujienos.lt\/lt\/siluteje-neblaivus-asmuo-suzalojo-policijos-pareiguna\/#article","isPartOf":{"@id":"https:\/\/www.silutesnaujienos.lt\/lt\/siluteje-neblaivus-asmuo-suzalojo-policijos-pareiguna\/"},"author":{"name":"\u0160ilut\u0117s naujien\u0173 inf.","@id":"https:\/\/www.silutesnaujienos.lt\/lt\/#\/schema\/person\/976440ef837444400af3c77c19c61454"},"headline":"\u0160ilut\u0117je neblaivus asmuo su\u017ealojo policijos pareig\u016bn\u0105","datePublished":"2025-06-23T05:55:33+00:00","mainEntityOfPage":{"@id":"https:\/\/www.silutesnaujienos.lt\/lt\/siluteje-neblaivus-asmuo-suzalojo-policijos-pareiguna\/"},"wordCount":102,"commentCount":1,"publisher":{"@id":"https:\/\/www.silutesnaujienos.lt\/lt\/#organization"},"image":{"@id":"https:\/\/www.silutesnaujienos.lt\/lt\/siluteje-neblaivus-asmuo-suzalojo-policijos-pareiguna\/#primaryimage"},"thumbnailUrl":"https:\/\/www.silutesnaujienos.lt\/lt\/wp-content\/uploads\/2025\/05\/policijos-1.jpg","keywords":["Pirmasis"],"articleSection":["ELTA"],"inLanguage":"lt-LT","potentialAction":[{"@type":"CommentAction","name":"Comment","target":["https:\/\/www.silutesnaujienos.lt\/lt\/siluteje-neblaivus-asmuo-suzalojo-policijos-pareiguna\/#respond"]}]},{"@type":"WebPage","@id":"https:\/\/www.silutesnaujienos.lt\/lt\/siluteje-neblaivus-asmuo-suzalojo-policijos-pareiguna\/","url":"https:\/\/www.silutesnaujienos.lt\/lt\/siluteje-neblaivus-asmuo-suzalojo-policijos-pareiguna\/","name":"\u0160ilut\u0117je neblaivus asmuo su\u017ealojo policijos pareig\u016bn\u0105 - \u0160ilut\u0117s naujienos","isPartOf":{"@id":"https:\/\/www.silutesnaujienos.lt\/lt\/#website"},"primaryImageOfPage":{"@id":"https:\/\/www.silutesnaujienos.lt\/lt\/siluteje-neblaivus-asmuo-suzalojo-policijos-pareiguna\/#primaryimage"},"image":{"@id":"https:\/\/www.silutesnaujienos.lt\/lt\/siluteje-neblaivus-asmuo-suzalojo-policijos-pareiguna\/#primaryimage"},"thumbnailUrl":"https:\/\/www.silutesnaujienos.lt\/lt\/wp-content\/uploads\/2025\/05\/policijos-1.jpg","datePublished":"2025-06-23T05:55:33+00:00","breadcrumb":{"@id":"https:\/\/www.silutesnaujienos.lt\/lt\/siluteje-neblaivus-asmuo-suzalojo-policijos-pareiguna\/#breadcrumb"},"inLanguage":"lt-LT","potentialAction":[{"@type":"ReadAction","target":["https:\/\/www.silutesnaujienos.lt\/lt\/siluteje-neblaivus-asmuo-suzalojo-policijos-pareiguna\/"]}]},{"@type":"ImageObject","inLanguage":"lt-LT","@id":"https:\/\/www.silutesnaujienos.lt\/lt\/siluteje-neblaivus-asmuo-suzalojo-policijos-pareiguna\/#primaryimage","url":"https:\/\/www.silutesnaujienos.lt\/lt\/wp-content\/uploads\/2025\/05\/policijos-1.jpg","contentUrl":"https:\/\/www.silutesnaujienos.lt\/lt\/wp-content\/uploads\/2025\/05\/policijos-1.jpg","width":1920,"height":1280},{"@type":"BreadcrumbList","@id":"https:\/\/www.silutesnaujienos.lt\/lt\/siluteje-neblaivus-asmuo-suzalojo-policijos-pareiguna\/#breadcrumb","itemListElement":[{"@type":"ListItem","position":1,"name":"Home","item":"https:\/\/www.silutesnaujienos.lt\/lt\/"},{"@type":"ListItem","position":2,"name":"\u0160ilut\u0117je neblaivus asmuo su\u017ealojo policijos pareig\u016bn\u0105"}]},{"@type":"WebSite","@id":"https:\/\/www.silutesnaujienos.lt\/lt\/#website","url":"https:\/\/www.silutesnaujienos.lt\/lt\/","name":"\u0160ilut\u0117s naujienos","description":"B\u016bk ant naujien\u0173 bangos!","publisher":{"@id":"https:\/\/www.silutesnaujienos.lt\/lt\/#organization"},"potentialAction":[{"@type":"SearchAction","target":{"@type":"EntryPoint","urlTemplate":"https:\/\/www.silutesnaujienos.lt\/lt\/?s={search_term_string}"},"query-input":{"@type":"PropertyValueSpecification","valueRequired":true,"valueName":"search_term_string"}}],"inLanguage":"lt-LT"},{"@type":"Organization","@id":"https:\/\/www.silutesnaujienos.lt\/lt\/#organization","name":"\u0160ilut\u0117s naujienos","url":"https:\/\/www.silutesnaujienos.lt\/lt\/","logo":{"@type":"ImageObject","inLanguage":"lt-LT","@id":"https:\/\/www.silutesnaujienos.lt\/lt\/#\/schema\/logo\/image\/","url":"https:\/\/www.silutesnaujienos.lt\/lt\/wp-content\/uploads\/2020\/06\/FB_MAIN.jpg","contentUrl":"https:\/\/www.silutesnaujienos.lt\/lt\/wp-content\/uploads\/2020\/06\/FB_MAIN.jpg","width":1700,"height":956,"caption":"\u0160ilut\u0117s naujienos"},"image":{"@id":"https:\/\/www.silutesnaujienos.lt\/lt\/#\/schema\/logo\/image\/"},"sameAs":["https:\/\/www.facebook.com\/silutes.naujienos\/","https:\/\/www.youtube.com\/channel\/UCxW-cgrJDt8GxIMxSTAfJZg"]},{"@type":"Person","@id":"https:\/\/www.silutesnaujienos.lt\/lt\/#\/schema\/person\/976440ef837444400af3c77c19c61454","name":"\u0160ilut\u0117s naujien\u0173 inf.","image":{"@type":"ImageObject","inLanguage":"lt-LT","@id":"https:\/\/www.silutesnaujienos.lt\/lt\/wp-content\/uploads\/2020\/06\/favicon.png","url":"https:\/\/www.silutesnaujienos.lt\/lt\/wp-content\/uploads\/2020\/06\/favicon.png","contentUrl":"https:\/\/www.silutesnaujienos.lt\/lt\/wp-content\/uploads\/2020\/06\/favicon.png","caption":"\u0160ilut\u0117s naujien\u0173 inf."},"url":"https:\/\/www.silutesnaujienos.lt\/lt\/author\/vadas\/"}]}},"publishpress_future_workflow_manual_trigger":{"enabledWorkflows":[]},"amp_enabled":true,"_links":{"self":[{"href":"https:\/\/www.silutesnaujienos.lt\/lt\/wp-json\/wp\/v2\/posts\/70348","targetHints":{"allow":["GET"]}}],"collection":[{"href":"https:\/\/www.silutesnaujienos.lt\/lt\/wp-json\/wp\/v2\/posts"}],"about":[{"href":"https:\/\/www.silutesnaujienos.lt\/lt\/wp-json\/wp\/v2\/types\/post"}],"author":[{"embeddable":true,"href":"https:\/\/www.silutesnaujienos.lt\/lt\/wp-json\/wp\/v2\/users\/2"}],"replies":[{"embeddable":true,"href":"https:\/\/www.silutesnaujienos.lt\/lt\/wp-json\/wp\/v2\/comments?post=70348"}],"version-history":[{"count":1,"href":"https:\/\/www.silutesnaujienos.lt\/lt\/wp-json\/wp\/v2\/posts\/70348\/revisions"}],"predecessor-version":[{"id":70349,"href":"https:\/\/www.silutesnaujienos.lt\/lt\/wp-json\/wp\/v2\/posts\/70348\/revisions\/70349"}],"wp:featuredmedia":[{"embeddable":true,"href":"https:\/\/www.silutesnaujienos.lt\/lt\/wp-json\/wp\/v2\/media\/69675"}],"wp:attachment":[{"href":"https:\/\/www.silutesnaujienos.lt\/lt\/wp-json\/wp\/v2\/media?parent=70348"}],"wp:term":[{"taxonomy":"category","embeddable":true,"href":"https:\/\/www.silutesnaujienos.lt\/lt\/wp-json\/wp\/v2\/categories?post=70348"},{"taxonomy":"post_tag","embeddable":true,"href":"https:\/\/www.silutesnaujienos.lt\/lt\/wp-json\/wp\/v2\/tags?post=70348"}],"curies":[{"name":"wp","href":"https:\/\/api.w.org\/{rel}","templated":true}]}}