{"id":7036,"date":"2015-09-30T13:00:00","date_gmt":"2015-09-30T15:00:00","guid":{"rendered":"https:\/\/www.silutesnaujienos.lt\/lt\/katyciu-seniunijos-20-metis-paminetas-kelione-istoriniu-taku\/"},"modified":"2015-09-30T13:00:00","modified_gmt":"2015-09-30T15:00:00","slug":"katyciu-seniunijos-20-metis-paminetas-kelione-istoriniu-taku","status":"publish","type":"post","link":"https:\/\/www.silutesnaujienos.lt\/lt\/katyciu-seniunijos-20-metis-paminetas-kelione-istoriniu-taku\/","title":{"rendered":"Katy\u010di\u0173 seni\u016bnijos 20-metis pamin\u0117tas kelione  \u201eIstoriniu taku&#8230;\u201c"},"content":{"rendered":"<p><a target=\"_blank\" rel=\"caption[Katy\u010di\u0173 seni\u016bnijos 20 met\u0173 jubiliejaus eisena.] noopener noreferrer\" class=\"jcepopup\" href=\"\/\/silutesnaujienos.lt\/images\/stories\/2015\/RUGSEJIS\/29\/KATYCIAI_20_5.jpg\" data-rel=\"lightbox-gallery-uuLiiR2D\" data-rl_title=\"\" data-rl_caption=\"\"><img loading=\"lazy\" decoding=\"async\" style=\"margin: 5px; float: left;\" class=\"caption\" title=\"\" alt=\"KATYCIAI 20 5\" src=\"\/\/silutesnaujienos.lt\/images\/stories\/2015\/RUGSEJIS\/29\/thumbnails\/thumb_KATYCIAI_20_5.jpg\" height=\"230\" width=\"307\" \/><\/a><strong>Rugs\u0117jo 25-\u0105j\u0105 Katy\u010di\u0173 miestelyje nuo pat vidudienio \u0161urmuliavo tiek seni, tiek jauni. Istorin\u0117je aik\u0161t\u0117je, \u0161alia seni\u016bnijos pastato, puo\u0161niai apsir\u0117d\u0119, o kai kurie ir tautiniais r\u016bbais apsitais\u0119 katyti\u0161kiai ir j\u0173 sve\u010diai rikiavosi \u012f did\u017eiul\u0119 eisen\u0105. <\/p>\n<p>\u201eIstoriniu taku&#8230;\u201c &#8211; taip pavadintas renginys, kuriuo buvo pamin\u0117tas Katy\u010di\u0173 seni\u016bnijos 20 met\u0173 jubiliejus.<br \/><\/strong><br \/><strong>Tai bema\u017e jauniausia \u0160ilut\u0117s rajono savivaldyb\u0117s seni\u016bnija, bet savo vietov\u0117s istorij\u0105 jau skai\u010diuojanti beveik 600 met\u0173.<\/strong><strong><br \/><\/strong><br \/><strong>Miestelio simboliniai vartai<br \/><\/strong> <br \/>Skambant Bikav\u0117n\u0173 kaimo kapelos muzikai, visas pulkas \u017emoni\u0173 t\u0105 dien\u0105 su valstyb\u0117s ir tautin\u0117mis v\u0117liavomis \u0117jo per miestel\u012f link katyti\u0161kiams miel\u0173 viet\u0173.<\/p>\n<p>\u201eDaug nakt\u0173 nemiegojau, kol subrendo mintis, koks tur\u0117t\u0173 b\u016bti \u017eenklas ties Katy\u010di\u0173 miestelio riba, \u0161alia kelio, matomas <a target=\"_blank\" rel=\"caption[Atidaryti Katy\u010di\u0173 simboliniai vartai.] noopener noreferrer\" class=\"jcepopup\" href=\"\/\/silutesnaujienos.lt\/images\/stories\/2015\/RUGSEJIS\/29\/KATYCIAI_20.jpg\" data-rel=\"lightbox-gallery-uuLiiR2D\" data-rl_title=\"\" data-rl_caption=\"\"><img loading=\"lazy\" decoding=\"async\" style=\"margin: 5px; float: right;\" class=\"caption\" title=\"\" alt=\"KATYCIAI 20\" src=\"\/\/silutesnaujienos.lt\/images\/stories\/2015\/RUGSEJIS\/29\/thumbnails\/thumb_KATYCIAI_20.jpg\" height=\"230\" width=\"307\" \/><\/a>atva\u017eiuojantiems i\u0161 rajono centro\u201c, &#8211; kalb\u0117jo laikinai einantis seni\u016bno pareigas Viktoras Vaitiekovas.<\/p>\n<p>Po ilg\u0173 apm\u0105stym\u0173 gim\u0117 mintis, kad miestelio prad\u017ei\u0105 turi \u017eym\u0117ti du stulpai &#8211; tarsi vartai. Juos puo\u0161ia Katy\u010di\u0173 herbas, ant vieno stulpo i\u0161kelta v\u0117trung\u0117 su miestelio simboliu &#8211; katinu, o ant kito stulpo &#8211; baltas rutulys &#8211; vienyb\u0117s, tvirtyb\u0117s ir susib\u016brimo \u017eenklas. Simbolinius vartus sutvirtina metalo juosta su skai\u010diumi 1422 &#8211; tai metai, kai istoriniuose \u0161altiniuose pirm\u0105 kart\u0105 buvo pamin\u0117tas \u0161ios vietov\u0117s pavadinimas.<\/p>\n<p>Sugiedoj\u0119 Tautin\u0119 giesm\u0119 ir pasiklaus\u0119 vietos istoriko Algimanto Valai\u010dio pasakojimo apie Katy\u010di\u0173 istorij\u0105, katyti\u0161kiai i\u0161kilmingai nu\u017eingsniavo prie paminklinio akmens, kuriame \u012fra\u0161yta seni\u016bnijos \u012fsteigimo data.<\/p>\n<p>Paminklin\u012f akmen\u012f atidengti buvo patik\u0117ta savivaldyb\u0117s mero pavaduotojui Algirdui Bal\u010dy\u010diui, kuris Savivaldyb\u0117s administracijai vadovavo anuomet, prie\u0161 por\u0105 de\u0161imtme\u010di\u0173, kai tik buvo prad\u0117tos puosel\u0117ti viltys, kad Katy\u010diuose reik\u0117t\u0173 steigti seni\u016bnij\u0105.<\/p>\n<p><strong>Seni\u016bnijos steig\u0117j\u0173 \u0105\u017euolas<\/strong><\/p>\n<p>I\u0161kilmingoji eisena at\u0117jo ir prie seni\u016bnij\u0105 puo\u0161ian\u010dios skulpt\u016bros, kurioje i\u0161dro\u017eti apylink\u0117s kaim\u0173 pavadinimai. \u010cia visi seni\u016bnijos k\u016brimo sumanytojai, vadovai ar kaip kitaip prie jos puosel\u0117jimo prisid\u0117j\u0119 ir \u0161vent\u0117je dalyvav\u0119 \u017emon\u0117s pasodino \u0105\u017euol\u0105.<\/p>\n<p>Prie\u0161 20 met\u0173 pirmuoju seni\u016bnu buvo \u0161viesios atminties Feliksas Bizauskas, dirb\u0119s dvejus metus. V\u0117liau trejus metus seni\u016bnijai vadovavo Dal\u0117 \u017d\u0117kien\u0117. 15 met\u0173 prie seni\u016bnijos vairo stov\u0117jo seni\u016bn\u0117 Juzefa Tamavi\u010dien\u0117. Pasak V.Vaitiekovo, visi seni\u016bnai steng\u0117si ir daug k\u0105 nuveik\u0117, kad Katy\u010di\u0173 seni\u016bnija \u012fsitvirtint\u0173 ir kad seni\u016bnijos \u017emon\u0117ms b\u016bt\u0173 \u010dia patogiau ir geriau gyventi.<\/p>\n<p><strong>Pad\u0117kos ra\u0161tai seni\u016bnijos k\u016brimo iniciatoriams<\/strong><\/p>\n<p><a target=\"_blank\" rel=\"caption[\u012eteikti pad\u0117kos ra\u0161tai seni\u016bnijos iniciatoriams.] noopener noreferrer\" class=\"jcepopup\" href=\"\/\/silutesnaujienos.lt\/images\/stories\/2015\/RUGSEJIS\/29\/KATYCIAI_20_4.jpg\" data-rel=\"lightbox-gallery-uuLiiR2D\" data-rl_title=\"\" data-rl_caption=\"\"><img loading=\"lazy\" decoding=\"async\" style=\"margin: 5px; float: left;\" class=\"caption\" title=\"\" alt=\"KATYCIAI 20 4\" src=\"\/\/silutesnaujienos.lt\/images\/stories\/2015\/RUGSEJIS\/29\/thumbnails\/thumb_KATYCIAI_20_4.jpg\" height=\"230\" width=\"307\" \/><\/a>Seni\u016bnijos steigimo iniciatoriai, pirmieji prad\u0117j\u0119 mind\u017eioti valdi\u0161kus slenks\u010dius d\u0117l seni\u016bnijos steigimo, buvo Alfredas Stasys Naus\u0117da, Algimantas Plaipa ir Algimantas Valaitis. Jiems Katy\u010di\u0173 rengini\u0173 sal\u0117je buvo \u012fteikti pad\u0117kos ra\u0161tai.<\/p>\n<p>D\u0117l ne\u017einom\u0173 prie\u017eas\u010di\u0173 seni\u016bnijos jubiliejaus i\u0161kilm\u0117se nedalyvavo i\u0161 pareig\u0173 atsistatydinusi J.Tamavi\u010dien\u0117. Tad visos g\u0117l\u0117s ir \u017emoni\u0173 pad\u0117kos atiteko D.\u017d\u0117kienei, kuri sak\u0117, kad jai darbas su seni\u016bnijos \u017emon\u0117mis paliko gra\u017eiausius \u012fsp\u016bd\u017eius.<\/p>\n<p>Seni\u016bnijos jubiliejaus renginys baig\u0117si Katy\u010di\u0173 pagrindin\u0117s mokyklos bendruomen\u0117s ir Natki\u0161ki\u0173 kaimo kapelos \u201eVaivoryk\u0161t\u0117\u201c koncertu bei kukliomis vai\u0161\u0117mis.<\/p>\n","protected":false},"excerpt":{"rendered":"<p>Rugs\u0117jo 25-\u0105j\u0105 Katy\u010di\u0173 miestelyje nuo pat vidudienio \u0161urmuliavo tiek seni, tiek jauni. Istorin\u0117je aik\u0161t\u0117je, \u0161alia seni\u016bnijos pastato, puo\u0161niai apsir\u0117d\u0119, o kai kurie ir tautiniais r\u016bbais apsitais\u0119 katyti\u0161kiai ir j\u0173 sve\u010diai rikiavosi \u012f did\u017eiul\u0119 eisen\u0105. \u201eIstoriniu taku&#8230;\u201c &#8211; taip pavadintas renginys, kuriuo buvo pamin\u0117tas Katy\u010di\u0173 seni\u016bnijos 20 met\u0173 jubiliejus.Tai bema\u017e jauniausia \u0160ilut\u0117s rajono savivaldyb\u0117s seni\u016bnija, bet [&hellip;]<\/p>\n","protected":false},"author":1,"featured_media":0,"comment_status":"open","ping_status":"open","sticky":false,"template":"","format":"standard","meta":{"footnotes":""},"categories":[51],"tags":[],"class_list":{"0":"post-7036","1":"post","2":"type-post","3":"status-publish","4":"format-standard","6":"category-kultura-ir-svietimas"},"yoast_head":"<!-- This site is optimized with the Yoast SEO plugin v27.5 - https:\/\/yoast.com\/product\/yoast-seo-wordpress\/ -->\n<title>Katy\u010di\u0173 seni\u016bnijos 20-metis pamin\u0117tas kelione \u201eIstoriniu taku...\u201c - \u0160ilut\u0117s naujienos<\/title>\n<meta name=\"robots\" content=\"index, follow, max-snippet:-1, max-image-preview:large, max-video-preview:-1\" \/>\n<link rel=\"canonical\" href=\"https:\/\/www.silutesnaujienos.lt\/lt\/katyciu-seniunijos-20-metis-paminetas-kelione-istoriniu-taku\/\" \/>\n<meta property=\"og:locale\" content=\"lt_LT\" \/>\n<meta property=\"og:type\" content=\"article\" \/>\n<meta property=\"og:title\" content=\"Katy\u010di\u0173 seni\u016bnijos 20-metis pamin\u0117tas kelione \u201eIstoriniu taku...\u201c - \u0160ilut\u0117s naujienos\" \/>\n<meta property=\"og:description\" content=\"Rugs\u0117jo 25-\u0105j\u0105 Katy\u010di\u0173 miestelyje nuo pat vidudienio \u0161urmuliavo tiek seni, tiek jauni. Istorin\u0117je aik\u0161t\u0117je, \u0161alia seni\u016bnijos pastato, puo\u0161niai apsir\u0117d\u0119, o kai kurie ir tautiniais r\u016bbais apsitais\u0119 katyti\u0161kiai ir j\u0173 sve\u010diai rikiavosi \u012f did\u017eiul\u0119 eisen\u0105. \u201eIstoriniu taku&#8230;\u201c &#8211; taip pavadintas renginys, kuriuo buvo pamin\u0117tas Katy\u010di\u0173 seni\u016bnijos 20 met\u0173 jubiliejus.Tai bema\u017e jauniausia \u0160ilut\u0117s rajono savivaldyb\u0117s seni\u016bnija, bet [&hellip;]\" \/>\n<meta property=\"og:url\" content=\"https:\/\/www.silutesnaujienos.lt\/lt\/katyciu-seniunijos-20-metis-paminetas-kelione-istoriniu-taku\/\" \/>\n<meta property=\"og:site_name\" content=\"\u0160ilut\u0117s naujienos\" \/>\n<meta property=\"article:publisher\" content=\"https:\/\/www.facebook.com\/silutes.naujienos\/\" \/>\n<meta property=\"article:published_time\" content=\"2015-09-30T15:00:00+00:00\" \/>\n<meta property=\"og:image\" content=\"\/\/silutesnaujienos.lt\/images\/stories\/2015\/RUGSEJIS\/29\/thumbnails\/thumb_KATYCIAI_20_5.jpg\" \/>\n<meta name=\"author\" content=\"\u0160ilut\u0117s naujien\u0173 inf.\" \/>\n<meta name=\"twitter:card\" content=\"summary_large_image\" \/>\n<meta name=\"twitter:label1\" content=\"Written by\" \/>\n\t<meta name=\"twitter:data1\" content=\"\u0160ilut\u0117s naujien\u0173 inf.\" \/>\n\t<meta name=\"twitter:label2\" content=\"Est. reading time\" \/>\n\t<meta name=\"twitter:data2\" content=\"3 minut\u0117s\" \/>\n<script type=\"application\/ld+json\" class=\"yoast-schema-graph\">{\"@context\":\"https:\\\/\\\/schema.org\",\"@graph\":[{\"@type\":\"Article\",\"@id\":\"https:\\\/\\\/www.silutesnaujienos.lt\\\/lt\\\/katyciu-seniunijos-20-metis-paminetas-kelione-istoriniu-taku\\\/#article\",\"isPartOf\":{\"@id\":\"https:\\\/\\\/www.silutesnaujienos.lt\\\/lt\\\/katyciu-seniunijos-20-metis-paminetas-kelione-istoriniu-taku\\\/\"},\"author\":{\"name\":\"\u0160ilut\u0117s naujien\u0173 inf.\",\"@id\":\"https:\\\/\\\/www.silutesnaujienos.lt\\\/lt\\\/#\\\/schema\\\/person\\\/232f475ddd4a7b5f49b3abc788b17e83\"},\"headline\":\"Katy\u010di\u0173 seni\u016bnijos 20-metis pamin\u0117tas kelione \u201eIstoriniu taku&#8230;\u201c\",\"datePublished\":\"2015-09-30T15:00:00+00:00\",\"mainEntityOfPage\":{\"@id\":\"https:\\\/\\\/www.silutesnaujienos.lt\\\/lt\\\/katyciu-seniunijos-20-metis-paminetas-kelione-istoriniu-taku\\\/\"},\"wordCount\":544,\"commentCount\":0,\"publisher\":{\"@id\":\"https:\\\/\\\/www.silutesnaujienos.lt\\\/lt\\\/#organization\"},\"articleSection\":[\"Kult\u016bra ir \u0161vietimas\"],\"inLanguage\":\"lt-LT\",\"potentialAction\":[{\"@type\":\"CommentAction\",\"name\":\"Comment\",\"target\":[\"https:\\\/\\\/www.silutesnaujienos.lt\\\/lt\\\/katyciu-seniunijos-20-metis-paminetas-kelione-istoriniu-taku\\\/#respond\"]}]},{\"@type\":\"WebPage\",\"@id\":\"https:\\\/\\\/www.silutesnaujienos.lt\\\/lt\\\/katyciu-seniunijos-20-metis-paminetas-kelione-istoriniu-taku\\\/\",\"url\":\"https:\\\/\\\/www.silutesnaujienos.lt\\\/lt\\\/katyciu-seniunijos-20-metis-paminetas-kelione-istoriniu-taku\\\/\",\"name\":\"Katy\u010di\u0173 seni\u016bnijos 20-metis pamin\u0117tas kelione \u201eIstoriniu taku...\u201c - \u0160ilut\u0117s naujienos\",\"isPartOf\":{\"@id\":\"https:\\\/\\\/www.silutesnaujienos.lt\\\/lt\\\/#website\"},\"datePublished\":\"2015-09-30T15:00:00+00:00\",\"breadcrumb\":{\"@id\":\"https:\\\/\\\/www.silutesnaujienos.lt\\\/lt\\\/katyciu-seniunijos-20-metis-paminetas-kelione-istoriniu-taku\\\/#breadcrumb\"},\"inLanguage\":\"lt-LT\",\"potentialAction\":[{\"@type\":\"ReadAction\",\"target\":[\"https:\\\/\\\/www.silutesnaujienos.lt\\\/lt\\\/katyciu-seniunijos-20-metis-paminetas-kelione-istoriniu-taku\\\/\"]}]},{\"@type\":\"BreadcrumbList\",\"@id\":\"https:\\\/\\\/www.silutesnaujienos.lt\\\/lt\\\/katyciu-seniunijos-20-metis-paminetas-kelione-istoriniu-taku\\\/#breadcrumb\",\"itemListElement\":[{\"@type\":\"ListItem\",\"position\":1,\"name\":\"Home\",\"item\":\"https:\\\/\\\/www.silutesnaujienos.lt\\\/lt\\\/\"},{\"@type\":\"ListItem\",\"position\":2,\"name\":\"Katy\u010di\u0173 seni\u016bnijos 20-metis pamin\u0117tas kelione \u201eIstoriniu taku&#8230;\u201c\"}]},{\"@type\":\"WebSite\",\"@id\":\"https:\\\/\\\/www.silutesnaujienos.lt\\\/lt\\\/#website\",\"url\":\"https:\\\/\\\/www.silutesnaujienos.lt\\\/lt\\\/\",\"name\":\"\u0160ilut\u0117s naujienos\",\"description\":\"B\u016bk ant naujien\u0173 bangos!\",\"publisher\":{\"@id\":\"https:\\\/\\\/www.silutesnaujienos.lt\\\/lt\\\/#organization\"},\"potentialAction\":[{\"@type\":\"SearchAction\",\"target\":{\"@type\":\"EntryPoint\",\"urlTemplate\":\"https:\\\/\\\/www.silutesnaujienos.lt\\\/lt\\\/?s={search_term_string}\"},\"query-input\":{\"@type\":\"PropertyValueSpecification\",\"valueRequired\":true,\"valueName\":\"search_term_string\"}}],\"inLanguage\":\"lt-LT\"},{\"@type\":\"Organization\",\"@id\":\"https:\\\/\\\/www.silutesnaujienos.lt\\\/lt\\\/#organization\",\"name\":\"\u0160ilut\u0117s naujienos\",\"url\":\"https:\\\/\\\/www.silutesnaujienos.lt\\\/lt\\\/\",\"logo\":{\"@type\":\"ImageObject\",\"inLanguage\":\"lt-LT\",\"@id\":\"https:\\\/\\\/www.silutesnaujienos.lt\\\/lt\\\/#\\\/schema\\\/logo\\\/image\\\/\",\"url\":\"https:\\\/\\\/www.silutesnaujienos.lt\\\/lt\\\/wp-content\\\/uploads\\\/2020\\\/06\\\/FB_MAIN.jpg\",\"contentUrl\":\"https:\\\/\\\/www.silutesnaujienos.lt\\\/lt\\\/wp-content\\\/uploads\\\/2020\\\/06\\\/FB_MAIN.jpg\",\"width\":1700,\"height\":956,\"caption\":\"\u0160ilut\u0117s naujienos\"},\"image\":{\"@id\":\"https:\\\/\\\/www.silutesnaujienos.lt\\\/lt\\\/#\\\/schema\\\/logo\\\/image\\\/\"},\"sameAs\":[\"https:\\\/\\\/www.facebook.com\\\/silutes.naujienos\\\/\",\"https:\\\/\\\/www.youtube.com\\\/channel\\\/UCxW-cgrJDt8GxIMxSTAfJZg\"]},{\"@type\":\"Person\",\"@id\":\"https:\\\/\\\/www.silutesnaujienos.lt\\\/lt\\\/#\\\/schema\\\/person\\\/232f475ddd4a7b5f49b3abc788b17e83\",\"name\":\"\u0160ilut\u0117s naujien\u0173 inf.\",\"image\":{\"@type\":\"ImageObject\",\"inLanguage\":\"lt-LT\",\"@id\":\"https:\\\/\\\/www.silutesnaujienos.lt\\\/lt\\\/wp-content\\\/uploads\\\/2020\\\/06\\\/favicon.png\",\"url\":\"https:\\\/\\\/www.silutesnaujienos.lt\\\/lt\\\/wp-content\\\/uploads\\\/2020\\\/06\\\/favicon.png\",\"contentUrl\":\"https:\\\/\\\/www.silutesnaujienos.lt\\\/lt\\\/wp-content\\\/uploads\\\/2020\\\/06\\\/favicon.png\",\"caption\":\"\u0160ilut\u0117s naujien\u0173 inf.\"},\"sameAs\":[\"https:\\\/\\\/www.silutesnaujienos.lt\\\/lt\"],\"url\":\"https:\\\/\\\/www.silutesnaujienos.lt\\\/lt\\\/author\\\/ruta\\\/\"}]}<\/script>\n<!-- \/ Yoast SEO plugin. -->","yoast_head_json":{"title":"Katy\u010di\u0173 seni\u016bnijos 20-metis pamin\u0117tas kelione \u201eIstoriniu taku...\u201c - \u0160ilut\u0117s naujienos","robots":{"index":"index","follow":"follow","max-snippet":"max-snippet:-1","max-image-preview":"max-image-preview:large","max-video-preview":"max-video-preview:-1"},"canonical":"https:\/\/www.silutesnaujienos.lt\/lt\/katyciu-seniunijos-20-metis-paminetas-kelione-istoriniu-taku\/","og_locale":"lt_LT","og_type":"article","og_title":"Katy\u010di\u0173 seni\u016bnijos 20-metis pamin\u0117tas kelione \u201eIstoriniu taku...\u201c - \u0160ilut\u0117s naujienos","og_description":"Rugs\u0117jo 25-\u0105j\u0105 Katy\u010di\u0173 miestelyje nuo pat vidudienio \u0161urmuliavo tiek seni, tiek jauni. Istorin\u0117je aik\u0161t\u0117je, \u0161alia seni\u016bnijos pastato, puo\u0161niai apsir\u0117d\u0119, o kai kurie ir tautiniais r\u016bbais apsitais\u0119 katyti\u0161kiai ir j\u0173 sve\u010diai rikiavosi \u012f did\u017eiul\u0119 eisen\u0105. \u201eIstoriniu taku&#8230;\u201c &#8211; taip pavadintas renginys, kuriuo buvo pamin\u0117tas Katy\u010di\u0173 seni\u016bnijos 20 met\u0173 jubiliejus.Tai bema\u017e jauniausia \u0160ilut\u0117s rajono savivaldyb\u0117s seni\u016bnija, bet [&hellip;]","og_url":"https:\/\/www.silutesnaujienos.lt\/lt\/katyciu-seniunijos-20-metis-paminetas-kelione-istoriniu-taku\/","og_site_name":"\u0160ilut\u0117s naujienos","article_publisher":"https:\/\/www.facebook.com\/silutes.naujienos\/","article_published_time":"2015-09-30T15:00:00+00:00","og_image":[{"url":"\/\/silutesnaujienos.lt\/images\/stories\/2015\/RUGSEJIS\/29\/thumbnails\/thumb_KATYCIAI_20_5.jpg","type":"","width":"","height":""}],"author":"\u0160ilut\u0117s naujien\u0173 inf.","twitter_card":"summary_large_image","twitter_misc":{"Written by":"\u0160ilut\u0117s naujien\u0173 inf.","Est. reading time":"3 minut\u0117s"},"schema":{"@context":"https:\/\/schema.org","@graph":[{"@type":"Article","@id":"https:\/\/www.silutesnaujienos.lt\/lt\/katyciu-seniunijos-20-metis-paminetas-kelione-istoriniu-taku\/#article","isPartOf":{"@id":"https:\/\/www.silutesnaujienos.lt\/lt\/katyciu-seniunijos-20-metis-paminetas-kelione-istoriniu-taku\/"},"author":{"name":"\u0160ilut\u0117s naujien\u0173 inf.","@id":"https:\/\/www.silutesnaujienos.lt\/lt\/#\/schema\/person\/232f475ddd4a7b5f49b3abc788b17e83"},"headline":"Katy\u010di\u0173 seni\u016bnijos 20-metis pamin\u0117tas kelione \u201eIstoriniu taku&#8230;\u201c","datePublished":"2015-09-30T15:00:00+00:00","mainEntityOfPage":{"@id":"https:\/\/www.silutesnaujienos.lt\/lt\/katyciu-seniunijos-20-metis-paminetas-kelione-istoriniu-taku\/"},"wordCount":544,"commentCount":0,"publisher":{"@id":"https:\/\/www.silutesnaujienos.lt\/lt\/#organization"},"articleSection":["Kult\u016bra ir \u0161vietimas"],"inLanguage":"lt-LT","potentialAction":[{"@type":"CommentAction","name":"Comment","target":["https:\/\/www.silutesnaujienos.lt\/lt\/katyciu-seniunijos-20-metis-paminetas-kelione-istoriniu-taku\/#respond"]}]},{"@type":"WebPage","@id":"https:\/\/www.silutesnaujienos.lt\/lt\/katyciu-seniunijos-20-metis-paminetas-kelione-istoriniu-taku\/","url":"https:\/\/www.silutesnaujienos.lt\/lt\/katyciu-seniunijos-20-metis-paminetas-kelione-istoriniu-taku\/","name":"Katy\u010di\u0173 seni\u016bnijos 20-metis pamin\u0117tas kelione \u201eIstoriniu taku...\u201c - \u0160ilut\u0117s naujienos","isPartOf":{"@id":"https:\/\/www.silutesnaujienos.lt\/lt\/#website"},"datePublished":"2015-09-30T15:00:00+00:00","breadcrumb":{"@id":"https:\/\/www.silutesnaujienos.lt\/lt\/katyciu-seniunijos-20-metis-paminetas-kelione-istoriniu-taku\/#breadcrumb"},"inLanguage":"lt-LT","potentialAction":[{"@type":"ReadAction","target":["https:\/\/www.silutesnaujienos.lt\/lt\/katyciu-seniunijos-20-metis-paminetas-kelione-istoriniu-taku\/"]}]},{"@type":"BreadcrumbList","@id":"https:\/\/www.silutesnaujienos.lt\/lt\/katyciu-seniunijos-20-metis-paminetas-kelione-istoriniu-taku\/#breadcrumb","itemListElement":[{"@type":"ListItem","position":1,"name":"Home","item":"https:\/\/www.silutesnaujienos.lt\/lt\/"},{"@type":"ListItem","position":2,"name":"Katy\u010di\u0173 seni\u016bnijos 20-metis pamin\u0117tas kelione \u201eIstoriniu taku&#8230;\u201c"}]},{"@type":"WebSite","@id":"https:\/\/www.silutesnaujienos.lt\/lt\/#website","url":"https:\/\/www.silutesnaujienos.lt\/lt\/","name":"\u0160ilut\u0117s naujienos","description":"B\u016bk ant naujien\u0173 bangos!","publisher":{"@id":"https:\/\/www.silutesnaujienos.lt\/lt\/#organization"},"potentialAction":[{"@type":"SearchAction","target":{"@type":"EntryPoint","urlTemplate":"https:\/\/www.silutesnaujienos.lt\/lt\/?s={search_term_string}"},"query-input":{"@type":"PropertyValueSpecification","valueRequired":true,"valueName":"search_term_string"}}],"inLanguage":"lt-LT"},{"@type":"Organization","@id":"https:\/\/www.silutesnaujienos.lt\/lt\/#organization","name":"\u0160ilut\u0117s naujienos","url":"https:\/\/www.silutesnaujienos.lt\/lt\/","logo":{"@type":"ImageObject","inLanguage":"lt-LT","@id":"https:\/\/www.silutesnaujienos.lt\/lt\/#\/schema\/logo\/image\/","url":"https:\/\/www.silutesnaujienos.lt\/lt\/wp-content\/uploads\/2020\/06\/FB_MAIN.jpg","contentUrl":"https:\/\/www.silutesnaujienos.lt\/lt\/wp-content\/uploads\/2020\/06\/FB_MAIN.jpg","width":1700,"height":956,"caption":"\u0160ilut\u0117s naujienos"},"image":{"@id":"https:\/\/www.silutesnaujienos.lt\/lt\/#\/schema\/logo\/image\/"},"sameAs":["https:\/\/www.facebook.com\/silutes.naujienos\/","https:\/\/www.youtube.com\/channel\/UCxW-cgrJDt8GxIMxSTAfJZg"]},{"@type":"Person","@id":"https:\/\/www.silutesnaujienos.lt\/lt\/#\/schema\/person\/232f475ddd4a7b5f49b3abc788b17e83","name":"\u0160ilut\u0117s naujien\u0173 inf.","image":{"@type":"ImageObject","inLanguage":"lt-LT","@id":"https:\/\/www.silutesnaujienos.lt\/lt\/wp-content\/uploads\/2020\/06\/favicon.png","url":"https:\/\/www.silutesnaujienos.lt\/lt\/wp-content\/uploads\/2020\/06\/favicon.png","contentUrl":"https:\/\/www.silutesnaujienos.lt\/lt\/wp-content\/uploads\/2020\/06\/favicon.png","caption":"\u0160ilut\u0117s naujien\u0173 inf."},"sameAs":["https:\/\/www.silutesnaujienos.lt\/lt"],"url":"https:\/\/www.silutesnaujienos.lt\/lt\/author\/ruta\/"}]}},"publishpress_future_workflow_manual_trigger":{"enabledWorkflows":[]},"amp_enabled":true,"_links":{"self":[{"href":"https:\/\/www.silutesnaujienos.lt\/lt\/wp-json\/wp\/v2\/posts\/7036","targetHints":{"allow":["GET"]}}],"collection":[{"href":"https:\/\/www.silutesnaujienos.lt\/lt\/wp-json\/wp\/v2\/posts"}],"about":[{"href":"https:\/\/www.silutesnaujienos.lt\/lt\/wp-json\/wp\/v2\/types\/post"}],"author":[{"embeddable":true,"href":"https:\/\/www.silutesnaujienos.lt\/lt\/wp-json\/wp\/v2\/users\/1"}],"replies":[{"embeddable":true,"href":"https:\/\/www.silutesnaujienos.lt\/lt\/wp-json\/wp\/v2\/comments?post=7036"}],"version-history":[{"count":0,"href":"https:\/\/www.silutesnaujienos.lt\/lt\/wp-json\/wp\/v2\/posts\/7036\/revisions"}],"wp:attachment":[{"href":"https:\/\/www.silutesnaujienos.lt\/lt\/wp-json\/wp\/v2\/media?parent=7036"}],"wp:term":[{"taxonomy":"category","embeddable":true,"href":"https:\/\/www.silutesnaujienos.lt\/lt\/wp-json\/wp\/v2\/categories?post=7036"},{"taxonomy":"post_tag","embeddable":true,"href":"https:\/\/www.silutesnaujienos.lt\/lt\/wp-json\/wp\/v2\/tags?post=7036"}],"curies":[{"name":"wp","href":"https:\/\/api.w.org\/{rel}","templated":true}]}}