{"id":7057,"date":"2015-11-23T16:00:00","date_gmt":"2015-11-23T18:00:00","guid":{"rendered":"https:\/\/www.silutesnaujienos.lt\/lt\/pirmosios-choro-vox-libri-gastroles-uzsienyje-buvo-sekmingos\/"},"modified":"2015-11-23T16:00:00","modified_gmt":"2015-11-23T18:00:00","slug":"pirmosios-choro-vox-libri-gastroles-uzsienyje-buvo-sekmingos","status":"publish","type":"post","link":"https:\/\/www.silutesnaujienos.lt\/lt\/pirmosios-choro-vox-libri-gastroles-uzsienyje-buvo-sekmingos\/","title":{"rendered":"Pirmosios choro \u201eVox libri\u201c gastrol\u0117s u\u017esienyje buvo s\u0117kmingos"},"content":{"rendered":"<p><a target=\"_blank\" rel=\"caption[2013 m. \u012fsik\u016br\u0119s choras \u201eVox libri\u201c prie\u0161 savait\u0119 dalyvavo adventin\u0117s muzikos festivayje \u010cekijoje. Tai buvo pirmoji kolektyvo i\u0161vyka \u012f u\u017esien\u012f.] noopener noreferrer\" class=\"jcepopup\" href=\"\/\/silutesnaujienos.lt\/images\/stories\/2015\/LAPKRITIS\/20\/Choras_Vox_libri.jpg\" data-rel=\"lightbox-gallery-crVwzGty\" data-rl_title=\"\" data-rl_caption=\"\"><img loading=\"lazy\" decoding=\"async\" style=\"margin: 5px; float: left;\" class=\"caption\" title=\"\" alt=\"Choras Vox libri\" src=\"\/\/silutesnaujienos.lt\/images\/stories\/2015\/LAPKRITIS\/20\/thumbnails\/thumb_Choras_Vox_libri.jpg\" height=\"230\" width=\"307\" \/><\/a><strong>Prie\u0161 savait\u0119 mi\u0161rus kamerinis choras \u201eVox Libri\u201c dalyvavo adventin\u0117s muzikos festivalyje Prahoje. \u0160iluti\u0161ki\u0173 pasirodymai \u0161v. Nikolo (St. Nicolas) ir \u0161v. Salvatoro (St. Salvator) ba\u017eny\u010diose sek\u0117si puikiai &#8211; t\u0105 jie jaut\u0117 i\u0161 \u017ei\u016brov\u0173 plojim\u0173, organizatori\u0173 pad\u0117k\u0173 ir kit\u0173 kolektyv\u0173 palaikymo, noro draugauti.<br \/><\/strong><br \/><strong>\u201ePasiklausius ir \u012fvertinus visus kolektyvus, mes n\u0117 kiek nuo j\u0173 neatsilikome, nei\u0161kritome i\u0161 bendro konteksto ir tai yra labai d\u017eiugu\u201c, &#8211;&nbsp; \u012fsp\u016bd\u017eiais dalijosi \u201eVox Libri\u201c chorved\u0117 Rasa Golubovskien\u0117.<br \/><\/strong><br \/><strong>S\u0117km\u0117 pirmoje i\u0161vykoje \u012f u\u017esien\u012f choro nariams ir j\u0173 vadovei suteik\u0117 daugiau pasitik\u0117jimo ir motyvuoja jud\u0117ti pirmyn &#8211; 2016 metais jie nor\u0117t\u0173 dalyvauti ir chor\u0173 konkursuose.<\/strong><strong><br \/><\/strong><br \/><strong>Pasirod\u0117 ne pras\u010diau<br \/><\/strong><br \/>\u201eGavome oficial\u0173 kvietim\u0105 ir nusprend\u0117me ten va\u017eiuoti, reprezentuoti Lietuv\u0105 ir \u0160ilut\u0119\u201c,&nbsp; &#8211; apie apsisprendim\u0105 va\u017eiuoti \u012f pirm\u0105sias gastroles u\u017esienyje pasakojo vadov\u0117.<\/p>\n<p>\u012e lapkri\u010dio 13-14 dienomis \u010cekijos sostin\u0117je \u012fvykus\u012f adventin\u0117s muzikos festival\u012f suva\u017eiavo 9 chorai i\u0161 Norvegijos, Pranc\u016bzijos, Portugalijos, Vokietijos, Nyderland\u0173, Belgijos.<\/p>\n<p>Anot R.Golubovskien\u0117s, tai auk\u0161tos klas\u0117s kolektyvai, savo \u0161alyse turintys auk\u0161to lygio chorinio dainavimo mokyklas. Chorved\u0117 d\u017eiaugiasi, kad jos vadovaujamas \u201eVox Libri\u201c pasirod\u0117 ne pras\u010diau u\u017e kitus kolektyvus.<\/p>\n<p>\u0160iluti\u0161ki\u0173 repertuar\u0105 sudar\u0117 kal\u0117din\u0117s giesm\u0117s, kurios patiko ne tik klausytojams, bet ir kitiems dalyviams. Kolegos i\u0161 kit\u0173 chor\u0173 netgi pra\u0161\u0117 paskolinti natas.<\/p>\n<p>Laisvu nuo koncertavimo metu \u0161iluti\u0161kiai pamat\u0117 \u012fsp\u016bding\u0105j\u0105 Vito katedr\u0105, Prahos senamiest\u012f, ragavo nacionalini\u0173 \u010deki\u0161k\u0173 patiekal\u0173. Smagu, kad festivalio organizatoriai par\u016bpino gid\u0119 &#8211; lietuv\u0119.<\/p>\n<p>Gr\u012f\u017e\u0119 i\u0161 kelion\u0117s choristai jau\u010diasi pakiliai. \u201eAtsirado visai kitokia motyvacija, jau norisi ruo\u0161tis v\u0117l ka\u017ekur va\u017eiuoti\u201c, &#8211; sak\u0117 R.Golubovskien\u0117.<\/p>\n<p><strong>Dainuoja ir kv\u0117puoja kartu<\/strong><\/p>\n<p>\u201eVox Libri\u201c \u012fsik\u016br\u0117 2013 met\u0173 baland\u017eio m\u0117nes\u012f. R.Golubovskien\u0117 yra baigusi Klaip\u0117dos Stasio \u0160imkaus konservatorij\u0105, kur \u012fgijo chorinio dirigavimo specialyb\u0119, v\u0117liau uostamies\u010dio universitete dar baig\u0117 tos pa\u010dios specialyb\u0117s bakalauro ir magistrant\u016bros studijas. \u0160iuo metu ji vadovauja dar vienam kolektyvui Pag\u0117gi\u0173 kult\u016bros centre.<\/p>\n<p>Nuo pat \u012fsik\u016brimo choras intensyviai dirba, ruo\u0161ia \u012fvairias programas. Kiekvienais metais dalyvauja vietini\u0173 chor\u0173 ap\u017ei\u016broje ir visada pelno auk\u0161\u010diausi\u0105 A kategorij\u0105 (pagal tai gaunamas finansavimas i\u0161 Savivaldyb\u0117s).<\/p>\n<p>\u201eVox Libri\u201c turi kelias kocertines programas ir koncertuoja \u0160ilut\u0117s apskrityje bei mieste. Choras atlieka \u012fvairi\u0173 stili\u0173, \u017eanr\u0173 ir epoch\u0173 k\u016brinius. Didel\u0119 erdv\u0119 repertuare u\u017eima lietuvi\u0173 liaudies, Pamario kra\u0161to dainos. Tokiu repertuaru siekiama pristatyti savo vietov\u0117s m\u0117g\u0117j\u0173 meno tradicijas, atskleid\u017eiant i\u0161skirtinum\u0105.<\/p>\n<p>\u201eMes esame kaip visuma, kur n\u0117ra atskir\u0173 bals\u0173, atskir\u0173 i\u0161si\u0161okim\u0173. Choristai turi kartu ir dainuoti, ir kv\u0117puoti\u201c, &#8211; akcentuoja vadov\u0117.<\/p>\n<p>Chor\u0105 sudaro vyrai ir moterys nuo 24 iki 60 met\u0173. J\u0173 profesijos \u012fvairios &#8211; nuo darbinink\u0173, pedagog\u0173 iki evangelik\u0173 liuteron\u0173 kunigo.<\/p>\n<p>Tik du choristai pa\u017e\u012fsta natas, o visi kiti nariai yra arba seniai dainav\u0119, arba savamoksliai. \u201ePus\u0117 chorist\u0173 neskaito nat\u0173, bet jie kiek \u012fmanoma mokosi, gelbsti vieni kitiems, kad ka\u017ekiek muzikin\u012f ra\u0161t\u0105 pa\u017eint\u0173\u201c,- sak\u0117 R.Golubovskien\u0117.<\/p>\n<p>Choras labai laukia nauj\u0173 nari\u0173, ypa\u010d &#8211; vyr\u0173, nes j\u0173, anot chorved\u0117s, vis\u0105 laik\u0105 tr\u016bksta. Ras\u0105 d\u017eiugina, kad 2015 metais prie choro prisijung\u0117 keturi nauji nariai.<\/p>\n<p>\u201eChoras laikosi principo &#8211; vienas u\u017e visus, visi u\u017e vien\u0105. N\u0117ra terp\u0117s individualizmui, dainuodami tampame visumos dalimi. Dvasia ir \u0161irdis tampa laimingesn\u0117, kai pradedi dom\u0117tis ne vien materialiais dalykais\u201c, &#8211; sak\u0117 kartu su vyru chor\u0105 lankanti Irena Budvytien\u0117.<\/p>\n<p><strong>Be rem\u0117j\u0173 pagalbos neb\u016bt\u0173 i\u0161vyk\u0119<\/strong><\/p>\n<p>Apie kelion\u0119 \u012f adventin\u0117s muzikos festival\u012f choristai \u017einojo jau prie\u0161 metus. Jie intensyviai ruo\u0161\u0117si &#8211; repetavo, sprend\u0117 organizacinius r\u016bpes\u010dius, patys sud\u0117jo po nemenkas sumas pinig\u0173. <\/p>\n<p>Ir visgi be r\u0117m\u0117j\u0173 pagalbos jie neb\u016bt\u0173 gal\u0117j\u0119 i\u0161vykti \u012f Prah\u0105, tod\u0117l choro vadov\u0117 ir nariai u\u017e finansin\u0119 param\u0105 d\u0117kingi ir rajono Savivaldybei, ir verslininkams.<\/p>\n","protected":false},"excerpt":{"rendered":"<p>Prie\u0161 savait\u0119 mi\u0161rus kamerinis choras \u201eVox Libri\u201c dalyvavo adventin\u0117s muzikos festivalyje Prahoje. \u0160iluti\u0161ki\u0173 pasirodymai \u0161v. Nikolo (St. Nicolas) ir \u0161v. Salvatoro (St. Salvator) ba\u017eny\u010diose sek\u0117si puikiai &#8211; t\u0105 jie jaut\u0117 i\u0161 \u017ei\u016brov\u0173 plojim\u0173, organizatori\u0173 pad\u0117k\u0173 ir kit\u0173 kolektyv\u0173 palaikymo, noro draugauti.\u201ePasiklausius ir \u012fvertinus visus kolektyvus, mes n\u0117 kiek nuo j\u0173 neatsilikome, nei\u0161kritome i\u0161 bendro konteksto [&hellip;]<\/p>\n","protected":false},"author":1,"featured_media":0,"comment_status":"open","ping_status":"open","sticky":false,"template":"","format":"standard","meta":{"footnotes":""},"categories":[51],"tags":[],"class_list":{"0":"post-7057","1":"post","2":"type-post","3":"status-publish","4":"format-standard","6":"category-kultura-ir-svietimas"},"yoast_head":"<!-- This site is optimized with the Yoast SEO plugin v27.5 - https:\/\/yoast.com\/product\/yoast-seo-wordpress\/ -->\n<title>Pirmosios choro \u201eVox libri\u201c gastrol\u0117s u\u017esienyje buvo s\u0117kmingos - \u0160ilut\u0117s naujienos<\/title>\n<meta name=\"robots\" content=\"index, follow, max-snippet:-1, max-image-preview:large, max-video-preview:-1\" \/>\n<link rel=\"canonical\" href=\"https:\/\/www.silutesnaujienos.lt\/lt\/pirmosios-choro-vox-libri-gastroles-uzsienyje-buvo-sekmingos\/\" \/>\n<meta property=\"og:locale\" content=\"lt_LT\" \/>\n<meta property=\"og:type\" content=\"article\" \/>\n<meta property=\"og:title\" content=\"Pirmosios choro \u201eVox libri\u201c gastrol\u0117s u\u017esienyje buvo s\u0117kmingos - \u0160ilut\u0117s naujienos\" \/>\n<meta property=\"og:description\" content=\"Prie\u0161 savait\u0119 mi\u0161rus kamerinis choras \u201eVox Libri\u201c dalyvavo adventin\u0117s muzikos festivalyje Prahoje. \u0160iluti\u0161ki\u0173 pasirodymai \u0161v. Nikolo (St. Nicolas) ir \u0161v. Salvatoro (St. Salvator) ba\u017eny\u010diose sek\u0117si puikiai &#8211; t\u0105 jie jaut\u0117 i\u0161 \u017ei\u016brov\u0173 plojim\u0173, organizatori\u0173 pad\u0117k\u0173 ir kit\u0173 kolektyv\u0173 palaikymo, noro draugauti.\u201ePasiklausius ir \u012fvertinus visus kolektyvus, mes n\u0117 kiek nuo j\u0173 neatsilikome, nei\u0161kritome i\u0161 bendro konteksto [&hellip;]\" \/>\n<meta property=\"og:url\" content=\"https:\/\/www.silutesnaujienos.lt\/lt\/pirmosios-choro-vox-libri-gastroles-uzsienyje-buvo-sekmingos\/\" \/>\n<meta property=\"og:site_name\" content=\"\u0160ilut\u0117s naujienos\" \/>\n<meta property=\"article:publisher\" content=\"https:\/\/www.facebook.com\/silutes.naujienos\/\" \/>\n<meta property=\"article:published_time\" content=\"2015-11-23T18:00:00+00:00\" \/>\n<meta property=\"og:image\" content=\"\/\/silutesnaujienos.lt\/images\/stories\/2015\/LAPKRITIS\/20\/thumbnails\/thumb_Choras_Vox_libri.jpg\" \/>\n<meta name=\"author\" content=\"\u0160ilut\u0117s naujien\u0173 inf.\" \/>\n<meta name=\"twitter:card\" content=\"summary_large_image\" \/>\n<meta name=\"twitter:label1\" content=\"Written by\" \/>\n\t<meta name=\"twitter:data1\" content=\"\u0160ilut\u0117s naujien\u0173 inf.\" \/>\n\t<meta name=\"twitter:label2\" content=\"Est. reading time\" \/>\n\t<meta name=\"twitter:data2\" content=\"3 minut\u0117s\" \/>\n<script type=\"application\/ld+json\" class=\"yoast-schema-graph\">{\"@context\":\"https:\\\/\\\/schema.org\",\"@graph\":[{\"@type\":\"Article\",\"@id\":\"https:\\\/\\\/www.silutesnaujienos.lt\\\/lt\\\/pirmosios-choro-vox-libri-gastroles-uzsienyje-buvo-sekmingos\\\/#article\",\"isPartOf\":{\"@id\":\"https:\\\/\\\/www.silutesnaujienos.lt\\\/lt\\\/pirmosios-choro-vox-libri-gastroles-uzsienyje-buvo-sekmingos\\\/\"},\"author\":{\"name\":\"\u0160ilut\u0117s naujien\u0173 inf.\",\"@id\":\"https:\\\/\\\/www.silutesnaujienos.lt\\\/lt\\\/#\\\/schema\\\/person\\\/232f475ddd4a7b5f49b3abc788b17e83\"},\"headline\":\"Pirmosios choro \u201eVox libri\u201c gastrol\u0117s u\u017esienyje buvo s\u0117kmingos\",\"datePublished\":\"2015-11-23T18:00:00+00:00\",\"mainEntityOfPage\":{\"@id\":\"https:\\\/\\\/www.silutesnaujienos.lt\\\/lt\\\/pirmosios-choro-vox-libri-gastroles-uzsienyje-buvo-sekmingos\\\/\"},\"wordCount\":649,\"commentCount\":0,\"publisher\":{\"@id\":\"https:\\\/\\\/www.silutesnaujienos.lt\\\/lt\\\/#organization\"},\"articleSection\":[\"Kult\u016bra ir \u0161vietimas\"],\"inLanguage\":\"lt-LT\",\"potentialAction\":[{\"@type\":\"CommentAction\",\"name\":\"Comment\",\"target\":[\"https:\\\/\\\/www.silutesnaujienos.lt\\\/lt\\\/pirmosios-choro-vox-libri-gastroles-uzsienyje-buvo-sekmingos\\\/#respond\"]}]},{\"@type\":\"WebPage\",\"@id\":\"https:\\\/\\\/www.silutesnaujienos.lt\\\/lt\\\/pirmosios-choro-vox-libri-gastroles-uzsienyje-buvo-sekmingos\\\/\",\"url\":\"https:\\\/\\\/www.silutesnaujienos.lt\\\/lt\\\/pirmosios-choro-vox-libri-gastroles-uzsienyje-buvo-sekmingos\\\/\",\"name\":\"Pirmosios choro \u201eVox libri\u201c gastrol\u0117s u\u017esienyje buvo s\u0117kmingos - \u0160ilut\u0117s naujienos\",\"isPartOf\":{\"@id\":\"https:\\\/\\\/www.silutesnaujienos.lt\\\/lt\\\/#website\"},\"datePublished\":\"2015-11-23T18:00:00+00:00\",\"breadcrumb\":{\"@id\":\"https:\\\/\\\/www.silutesnaujienos.lt\\\/lt\\\/pirmosios-choro-vox-libri-gastroles-uzsienyje-buvo-sekmingos\\\/#breadcrumb\"},\"inLanguage\":\"lt-LT\",\"potentialAction\":[{\"@type\":\"ReadAction\",\"target\":[\"https:\\\/\\\/www.silutesnaujienos.lt\\\/lt\\\/pirmosios-choro-vox-libri-gastroles-uzsienyje-buvo-sekmingos\\\/\"]}]},{\"@type\":\"BreadcrumbList\",\"@id\":\"https:\\\/\\\/www.silutesnaujienos.lt\\\/lt\\\/pirmosios-choro-vox-libri-gastroles-uzsienyje-buvo-sekmingos\\\/#breadcrumb\",\"itemListElement\":[{\"@type\":\"ListItem\",\"position\":1,\"name\":\"Home\",\"item\":\"https:\\\/\\\/www.silutesnaujienos.lt\\\/lt\\\/\"},{\"@type\":\"ListItem\",\"position\":2,\"name\":\"Pirmosios choro \u201eVox libri\u201c gastrol\u0117s u\u017esienyje buvo s\u0117kmingos\"}]},{\"@type\":\"WebSite\",\"@id\":\"https:\\\/\\\/www.silutesnaujienos.lt\\\/lt\\\/#website\",\"url\":\"https:\\\/\\\/www.silutesnaujienos.lt\\\/lt\\\/\",\"name\":\"\u0160ilut\u0117s naujienos\",\"description\":\"B\u016bk ant naujien\u0173 bangos!\",\"publisher\":{\"@id\":\"https:\\\/\\\/www.silutesnaujienos.lt\\\/lt\\\/#organization\"},\"potentialAction\":[{\"@type\":\"SearchAction\",\"target\":{\"@type\":\"EntryPoint\",\"urlTemplate\":\"https:\\\/\\\/www.silutesnaujienos.lt\\\/lt\\\/?s={search_term_string}\"},\"query-input\":{\"@type\":\"PropertyValueSpecification\",\"valueRequired\":true,\"valueName\":\"search_term_string\"}}],\"inLanguage\":\"lt-LT\"},{\"@type\":\"Organization\",\"@id\":\"https:\\\/\\\/www.silutesnaujienos.lt\\\/lt\\\/#organization\",\"name\":\"\u0160ilut\u0117s naujienos\",\"url\":\"https:\\\/\\\/www.silutesnaujienos.lt\\\/lt\\\/\",\"logo\":{\"@type\":\"ImageObject\",\"inLanguage\":\"lt-LT\",\"@id\":\"https:\\\/\\\/www.silutesnaujienos.lt\\\/lt\\\/#\\\/schema\\\/logo\\\/image\\\/\",\"url\":\"https:\\\/\\\/www.silutesnaujienos.lt\\\/lt\\\/wp-content\\\/uploads\\\/2020\\\/06\\\/FB_MAIN.jpg\",\"contentUrl\":\"https:\\\/\\\/www.silutesnaujienos.lt\\\/lt\\\/wp-content\\\/uploads\\\/2020\\\/06\\\/FB_MAIN.jpg\",\"width\":1700,\"height\":956,\"caption\":\"\u0160ilut\u0117s naujienos\"},\"image\":{\"@id\":\"https:\\\/\\\/www.silutesnaujienos.lt\\\/lt\\\/#\\\/schema\\\/logo\\\/image\\\/\"},\"sameAs\":[\"https:\\\/\\\/www.facebook.com\\\/silutes.naujienos\\\/\",\"https:\\\/\\\/www.youtube.com\\\/channel\\\/UCxW-cgrJDt8GxIMxSTAfJZg\"]},{\"@type\":\"Person\",\"@id\":\"https:\\\/\\\/www.silutesnaujienos.lt\\\/lt\\\/#\\\/schema\\\/person\\\/232f475ddd4a7b5f49b3abc788b17e83\",\"name\":\"\u0160ilut\u0117s naujien\u0173 inf.\",\"image\":{\"@type\":\"ImageObject\",\"inLanguage\":\"lt-LT\",\"@id\":\"https:\\\/\\\/www.silutesnaujienos.lt\\\/lt\\\/wp-content\\\/uploads\\\/2020\\\/06\\\/favicon.png\",\"url\":\"https:\\\/\\\/www.silutesnaujienos.lt\\\/lt\\\/wp-content\\\/uploads\\\/2020\\\/06\\\/favicon.png\",\"contentUrl\":\"https:\\\/\\\/www.silutesnaujienos.lt\\\/lt\\\/wp-content\\\/uploads\\\/2020\\\/06\\\/favicon.png\",\"caption\":\"\u0160ilut\u0117s naujien\u0173 inf.\"},\"sameAs\":[\"https:\\\/\\\/www.silutesnaujienos.lt\\\/lt\"],\"url\":\"https:\\\/\\\/www.silutesnaujienos.lt\\\/lt\\\/author\\\/ruta\\\/\"}]}<\/script>\n<!-- \/ Yoast SEO plugin. -->","yoast_head_json":{"title":"Pirmosios choro \u201eVox libri\u201c gastrol\u0117s u\u017esienyje buvo s\u0117kmingos - \u0160ilut\u0117s naujienos","robots":{"index":"index","follow":"follow","max-snippet":"max-snippet:-1","max-image-preview":"max-image-preview:large","max-video-preview":"max-video-preview:-1"},"canonical":"https:\/\/www.silutesnaujienos.lt\/lt\/pirmosios-choro-vox-libri-gastroles-uzsienyje-buvo-sekmingos\/","og_locale":"lt_LT","og_type":"article","og_title":"Pirmosios choro \u201eVox libri\u201c gastrol\u0117s u\u017esienyje buvo s\u0117kmingos - \u0160ilut\u0117s naujienos","og_description":"Prie\u0161 savait\u0119 mi\u0161rus kamerinis choras \u201eVox Libri\u201c dalyvavo adventin\u0117s muzikos festivalyje Prahoje. \u0160iluti\u0161ki\u0173 pasirodymai \u0161v. Nikolo (St. Nicolas) ir \u0161v. Salvatoro (St. Salvator) ba\u017eny\u010diose sek\u0117si puikiai &#8211; t\u0105 jie jaut\u0117 i\u0161 \u017ei\u016brov\u0173 plojim\u0173, organizatori\u0173 pad\u0117k\u0173 ir kit\u0173 kolektyv\u0173 palaikymo, noro draugauti.\u201ePasiklausius ir \u012fvertinus visus kolektyvus, mes n\u0117 kiek nuo j\u0173 neatsilikome, nei\u0161kritome i\u0161 bendro konteksto [&hellip;]","og_url":"https:\/\/www.silutesnaujienos.lt\/lt\/pirmosios-choro-vox-libri-gastroles-uzsienyje-buvo-sekmingos\/","og_site_name":"\u0160ilut\u0117s naujienos","article_publisher":"https:\/\/www.facebook.com\/silutes.naujienos\/","article_published_time":"2015-11-23T18:00:00+00:00","og_image":[{"url":"\/\/silutesnaujienos.lt\/images\/stories\/2015\/LAPKRITIS\/20\/thumbnails\/thumb_Choras_Vox_libri.jpg","type":"","width":"","height":""}],"author":"\u0160ilut\u0117s naujien\u0173 inf.","twitter_card":"summary_large_image","twitter_misc":{"Written by":"\u0160ilut\u0117s naujien\u0173 inf.","Est. reading time":"3 minut\u0117s"},"schema":{"@context":"https:\/\/schema.org","@graph":[{"@type":"Article","@id":"https:\/\/www.silutesnaujienos.lt\/lt\/pirmosios-choro-vox-libri-gastroles-uzsienyje-buvo-sekmingos\/#article","isPartOf":{"@id":"https:\/\/www.silutesnaujienos.lt\/lt\/pirmosios-choro-vox-libri-gastroles-uzsienyje-buvo-sekmingos\/"},"author":{"name":"\u0160ilut\u0117s naujien\u0173 inf.","@id":"https:\/\/www.silutesnaujienos.lt\/lt\/#\/schema\/person\/232f475ddd4a7b5f49b3abc788b17e83"},"headline":"Pirmosios choro \u201eVox libri\u201c gastrol\u0117s u\u017esienyje buvo s\u0117kmingos","datePublished":"2015-11-23T18:00:00+00:00","mainEntityOfPage":{"@id":"https:\/\/www.silutesnaujienos.lt\/lt\/pirmosios-choro-vox-libri-gastroles-uzsienyje-buvo-sekmingos\/"},"wordCount":649,"commentCount":0,"publisher":{"@id":"https:\/\/www.silutesnaujienos.lt\/lt\/#organization"},"articleSection":["Kult\u016bra ir \u0161vietimas"],"inLanguage":"lt-LT","potentialAction":[{"@type":"CommentAction","name":"Comment","target":["https:\/\/www.silutesnaujienos.lt\/lt\/pirmosios-choro-vox-libri-gastroles-uzsienyje-buvo-sekmingos\/#respond"]}]},{"@type":"WebPage","@id":"https:\/\/www.silutesnaujienos.lt\/lt\/pirmosios-choro-vox-libri-gastroles-uzsienyje-buvo-sekmingos\/","url":"https:\/\/www.silutesnaujienos.lt\/lt\/pirmosios-choro-vox-libri-gastroles-uzsienyje-buvo-sekmingos\/","name":"Pirmosios choro \u201eVox libri\u201c gastrol\u0117s u\u017esienyje buvo s\u0117kmingos - \u0160ilut\u0117s naujienos","isPartOf":{"@id":"https:\/\/www.silutesnaujienos.lt\/lt\/#website"},"datePublished":"2015-11-23T18:00:00+00:00","breadcrumb":{"@id":"https:\/\/www.silutesnaujienos.lt\/lt\/pirmosios-choro-vox-libri-gastroles-uzsienyje-buvo-sekmingos\/#breadcrumb"},"inLanguage":"lt-LT","potentialAction":[{"@type":"ReadAction","target":["https:\/\/www.silutesnaujienos.lt\/lt\/pirmosios-choro-vox-libri-gastroles-uzsienyje-buvo-sekmingos\/"]}]},{"@type":"BreadcrumbList","@id":"https:\/\/www.silutesnaujienos.lt\/lt\/pirmosios-choro-vox-libri-gastroles-uzsienyje-buvo-sekmingos\/#breadcrumb","itemListElement":[{"@type":"ListItem","position":1,"name":"Home","item":"https:\/\/www.silutesnaujienos.lt\/lt\/"},{"@type":"ListItem","position":2,"name":"Pirmosios choro \u201eVox libri\u201c gastrol\u0117s u\u017esienyje buvo s\u0117kmingos"}]},{"@type":"WebSite","@id":"https:\/\/www.silutesnaujienos.lt\/lt\/#website","url":"https:\/\/www.silutesnaujienos.lt\/lt\/","name":"\u0160ilut\u0117s naujienos","description":"B\u016bk ant naujien\u0173 bangos!","publisher":{"@id":"https:\/\/www.silutesnaujienos.lt\/lt\/#organization"},"potentialAction":[{"@type":"SearchAction","target":{"@type":"EntryPoint","urlTemplate":"https:\/\/www.silutesnaujienos.lt\/lt\/?s={search_term_string}"},"query-input":{"@type":"PropertyValueSpecification","valueRequired":true,"valueName":"search_term_string"}}],"inLanguage":"lt-LT"},{"@type":"Organization","@id":"https:\/\/www.silutesnaujienos.lt\/lt\/#organization","name":"\u0160ilut\u0117s naujienos","url":"https:\/\/www.silutesnaujienos.lt\/lt\/","logo":{"@type":"ImageObject","inLanguage":"lt-LT","@id":"https:\/\/www.silutesnaujienos.lt\/lt\/#\/schema\/logo\/image\/","url":"https:\/\/www.silutesnaujienos.lt\/lt\/wp-content\/uploads\/2020\/06\/FB_MAIN.jpg","contentUrl":"https:\/\/www.silutesnaujienos.lt\/lt\/wp-content\/uploads\/2020\/06\/FB_MAIN.jpg","width":1700,"height":956,"caption":"\u0160ilut\u0117s naujienos"},"image":{"@id":"https:\/\/www.silutesnaujienos.lt\/lt\/#\/schema\/logo\/image\/"},"sameAs":["https:\/\/www.facebook.com\/silutes.naujienos\/","https:\/\/www.youtube.com\/channel\/UCxW-cgrJDt8GxIMxSTAfJZg"]},{"@type":"Person","@id":"https:\/\/www.silutesnaujienos.lt\/lt\/#\/schema\/person\/232f475ddd4a7b5f49b3abc788b17e83","name":"\u0160ilut\u0117s naujien\u0173 inf.","image":{"@type":"ImageObject","inLanguage":"lt-LT","@id":"https:\/\/www.silutesnaujienos.lt\/lt\/wp-content\/uploads\/2020\/06\/favicon.png","url":"https:\/\/www.silutesnaujienos.lt\/lt\/wp-content\/uploads\/2020\/06\/favicon.png","contentUrl":"https:\/\/www.silutesnaujienos.lt\/lt\/wp-content\/uploads\/2020\/06\/favicon.png","caption":"\u0160ilut\u0117s naujien\u0173 inf."},"sameAs":["https:\/\/www.silutesnaujienos.lt\/lt"],"url":"https:\/\/www.silutesnaujienos.lt\/lt\/author\/ruta\/"}]}},"publishpress_future_workflow_manual_trigger":{"enabledWorkflows":[]},"amp_enabled":true,"_links":{"self":[{"href":"https:\/\/www.silutesnaujienos.lt\/lt\/wp-json\/wp\/v2\/posts\/7057","targetHints":{"allow":["GET"]}}],"collection":[{"href":"https:\/\/www.silutesnaujienos.lt\/lt\/wp-json\/wp\/v2\/posts"}],"about":[{"href":"https:\/\/www.silutesnaujienos.lt\/lt\/wp-json\/wp\/v2\/types\/post"}],"author":[{"embeddable":true,"href":"https:\/\/www.silutesnaujienos.lt\/lt\/wp-json\/wp\/v2\/users\/1"}],"replies":[{"embeddable":true,"href":"https:\/\/www.silutesnaujienos.lt\/lt\/wp-json\/wp\/v2\/comments?post=7057"}],"version-history":[{"count":0,"href":"https:\/\/www.silutesnaujienos.lt\/lt\/wp-json\/wp\/v2\/posts\/7057\/revisions"}],"wp:attachment":[{"href":"https:\/\/www.silutesnaujienos.lt\/lt\/wp-json\/wp\/v2\/media?parent=7057"}],"wp:term":[{"taxonomy":"category","embeddable":true,"href":"https:\/\/www.silutesnaujienos.lt\/lt\/wp-json\/wp\/v2\/categories?post=7057"},{"taxonomy":"post_tag","embeddable":true,"href":"https:\/\/www.silutesnaujienos.lt\/lt\/wp-json\/wp\/v2\/tags?post=7057"}],"curies":[{"name":"wp","href":"https:\/\/api.w.org\/{rel}","templated":true}]}}