{"id":7067,"date":"2015-12-03T12:00:00","date_gmt":"2015-12-03T14:00:00","guid":{"rendered":"https:\/\/www.silutesnaujienos.lt\/lt\/etnografiniu-regionu-metus-islydint\/"},"modified":"2015-12-03T12:00:00","modified_gmt":"2015-12-03T14:00:00","slug":"etnografiniu-regionu-metus-islydint","status":"publish","type":"post","link":"https:\/\/www.silutesnaujienos.lt\/lt\/etnografiniu-regionu-metus-islydint\/","title":{"rendered":"Etnografini\u0173 region\u0173 metus i\u0161lydint"},"content":{"rendered":"<p><a target=\"_blank\" class=\"jcepopup\" href=\"\/\/silutesnaujienos.lt\/images\/stories\/2015\/LAPKRITIS\/27\/SAM_1584.JPG\" rel=\"noopener noreferrer\" data-rel=\"lightbox-gallery-XcqbqtUR\" data-rl_title=\"\" data-rl_caption=\"\" title=\"\"><img loading=\"lazy\" decoding=\"async\" style=\"margin: 5px; float: left;\" alt=\"SAM 1584\" src=\"\/\/silutesnaujienos.lt\/images\/stories\/2015\/LAPKRITIS\/27\/thumbnails\/thumb_SAM_1584.JPG\" height=\"230\" width=\"307\" \/><\/a><strong>Keliaujan\u010dio \u201eKnyg\u0173 Kal\u0117d\u0173\u201c karavano \u201ePrakalbink Kal\u0117das\u201c mar\u0161rutu lapkri\u010dio 27 d. \u0160ilut\u0117s F. Bajorai\u010dio vie\u0161osios bibliotekos Pa\u0161y\u0161i\u0173 filiale apsilank\u0117 \u0160ilut\u0117s kra\u0161totyros draugijos folkloro ansamblis \u201eRamyt\u0117\u201c, vietos bendruomenei pristat\u0119s edukacin\u0119 program\u0105, skirt\u0105 besibaigiantiems Lietuvos etnografini\u0173 region\u0173 metams i\u0161lyd\u0117ti.<\/strong><\/p>\n<p>Norint pristatyti Ma\u017eosios Lietuvos etnografinio regiono savitum\u0105, skatinant bendruomen\u0119 dom\u0117tis kra\u0161to istoriniu, kult\u016briniu paveldu bei populiarinant Pamario kra\u0161to etnin\u0119 kult\u016br\u0105 \u0160ilut\u0117s F. Bajorai\u010dio vie\u0161osios bibliotekos Pa\u0161y\u0161i\u0173 ir Kint\u0173 filialai sudar\u0117 Ma\u017eosios Lietuvos regiono etnin\u0117s kult\u016bros puosel\u0117jimo program\u0105 \u201eKra\u0161tas, kur\u012f kaskart atrandame i\u0161 naujo&#8230;\u201c. Visus metus organizuoti \u012fvair\u016bs renginiai, skirti Pamario kra\u0161to savitumui atskleisti, papro\u010di\u0173 ir tradicij\u0173 autenti\u0161kumui puosel\u0117ti.<\/p>\n<p>Jau daug met\u0173 \u0160ilut\u0117s kra\u0161totyros draugijos folkloro ansamblis ,,Ramyt\u0117\u201c skleid\u017eia Ma\u017eosios Lietuvos kult\u016br\u0105 kra\u0161to gyventojams, tad \u0161is susitikimas su Pa\u0161y\u0161i\u0173 bendruomen\u0117s nariais puikiai vainikavo Etnografini\u0173 region\u0173 metus. Nuotaikingas pasibuvimas kartu, besiklausant lietuvinink\u0173 dain\u0173 apie \u201esunkius ir l\u0117ngvus darb\u0117lius\u201c, porinami pasakojimai, magi\u0161ki \u017evej\u0173 kerai ir burtai, \u0161okiai bei \u017eaidimai leido kiekvienam trumpam pa\u017evelgti \u012f m\u016bs\u0173 kra\u0161to kult\u016bros lobi\u0173 skryni\u0105. \u0160i\u0161ioni\u0161ki\u0173 tarm\u0117 maloniai nuteik\u0117 susirinkusius renginio \u017ei\u016brovus.<\/p>\n<p>Negali nepasteb\u0117ti i\u0161skirtini\u0173 ansamblio \u201eRamyt\u0117\u201c dalyvi\u0173 kostium\u0173. Tautinio kostiumo istorij\u0105, jo raid\u0105 nuo XIX a. prad\u017eios iki XX a. pirmosios pus\u0117s, lietuvinink\u0173 tarme pristat\u0117 etnograf\u0117 Indr\u0117 Skablauskait\u0117. Negali nepasteb\u0117ti lietuvinink\u0173 tautinio kostiumo i\u0161skirtinumo kit\u0173 Lietuvos etnografini\u0173 region\u0173 kostium\u0173 kontekste.<br \/>Skelbdamas advento prad\u017ei\u0105 kolektyvas visiems dovanojo dain\u0105.<\/p>\n<p>Bibliotekinink\u0117 Danut\u0117 Adomavi\u010dien\u0117 pad\u0117kojo \u201eRamyt\u0117s\u201c ansamblio vadovei Giedrei Pocienei ir ansamblio dalyviams u\u017e galimyb\u0119 artimiau pa\u017einti Ma\u017eosios Lietuvos tradicijas bei papro\u010dius. Ji pakviet\u0117 visus pabendrauti prie arbatos puodelio, o malonus cinamoninio obuoli\u0173 pyrago kvapas primin\u0117 apie art\u0117jan\u010dias \u017eiemos \u0161ventes.<\/p>\n","protected":false},"excerpt":{"rendered":"<p>Keliaujan\u010dio \u201eKnyg\u0173 Kal\u0117d\u0173\u201c karavano \u201ePrakalbink Kal\u0117das\u201c mar\u0161rutu lapkri\u010dio 27 d. \u0160ilut\u0117s F. Bajorai\u010dio vie\u0161osios bibliotekos Pa\u0161y\u0161i\u0173 filiale apsilank\u0117 \u0160ilut\u0117s kra\u0161totyros draugijos folkloro ansamblis \u201eRamyt\u0117\u201c, vietos bendruomenei pristat\u0119s edukacin\u0119 program\u0105, skirt\u0105 besibaigiantiems Lietuvos etnografini\u0173 region\u0173 metams i\u0161lyd\u0117ti. Norint pristatyti Ma\u017eosios Lietuvos etnografinio regiono savitum\u0105, skatinant bendruomen\u0119 dom\u0117tis kra\u0161to istoriniu, kult\u016briniu paveldu bei populiarinant Pamario kra\u0161to etnin\u0119 [&hellip;]<\/p>\n","protected":false},"author":1,"featured_media":0,"comment_status":"open","ping_status":"open","sticky":false,"template":"","format":"standard","meta":{"footnotes":""},"categories":[51],"tags":[],"class_list":{"0":"post-7067","1":"post","2":"type-post","3":"status-publish","4":"format-standard","6":"category-kultura-ir-svietimas"},"yoast_head":"<!-- This site is optimized with the Yoast SEO plugin v27.5 - https:\/\/yoast.com\/product\/yoast-seo-wordpress\/ -->\n<title>Etnografini\u0173 region\u0173 metus i\u0161lydint - \u0160ilut\u0117s naujienos<\/title>\n<meta name=\"robots\" content=\"index, follow, max-snippet:-1, max-image-preview:large, max-video-preview:-1\" \/>\n<link rel=\"canonical\" href=\"https:\/\/www.silutesnaujienos.lt\/lt\/etnografiniu-regionu-metus-islydint\/\" \/>\n<meta property=\"og:locale\" content=\"lt_LT\" \/>\n<meta property=\"og:type\" content=\"article\" \/>\n<meta property=\"og:title\" content=\"Etnografini\u0173 region\u0173 metus i\u0161lydint - \u0160ilut\u0117s naujienos\" \/>\n<meta property=\"og:description\" content=\"Keliaujan\u010dio \u201eKnyg\u0173 Kal\u0117d\u0173\u201c karavano \u201ePrakalbink Kal\u0117das\u201c mar\u0161rutu lapkri\u010dio 27 d. \u0160ilut\u0117s F. Bajorai\u010dio vie\u0161osios bibliotekos Pa\u0161y\u0161i\u0173 filiale apsilank\u0117 \u0160ilut\u0117s kra\u0161totyros draugijos folkloro ansamblis \u201eRamyt\u0117\u201c, vietos bendruomenei pristat\u0119s edukacin\u0119 program\u0105, skirt\u0105 besibaigiantiems Lietuvos etnografini\u0173 region\u0173 metams i\u0161lyd\u0117ti. Norint pristatyti Ma\u017eosios Lietuvos etnografinio regiono savitum\u0105, skatinant bendruomen\u0119 dom\u0117tis kra\u0161to istoriniu, kult\u016briniu paveldu bei populiarinant Pamario kra\u0161to etnin\u0119 [&hellip;]\" \/>\n<meta property=\"og:url\" content=\"https:\/\/www.silutesnaujienos.lt\/lt\/etnografiniu-regionu-metus-islydint\/\" \/>\n<meta property=\"og:site_name\" content=\"\u0160ilut\u0117s naujienos\" \/>\n<meta property=\"article:publisher\" content=\"https:\/\/www.facebook.com\/silutes.naujienos\/\" \/>\n<meta property=\"article:published_time\" content=\"2015-12-03T14:00:00+00:00\" \/>\n<meta property=\"og:image\" content=\"\/\/silutesnaujienos.lt\/images\/stories\/2015\/LAPKRITIS\/27\/thumbnails\/thumb_SAM_1584.JPG\" \/>\n<meta name=\"author\" content=\"\u0160ilut\u0117s naujien\u0173 inf.\" \/>\n<meta name=\"twitter:card\" content=\"summary_large_image\" \/>\n<meta name=\"twitter:label1\" content=\"Written by\" \/>\n\t<meta name=\"twitter:data1\" content=\"\u0160ilut\u0117s naujien\u0173 inf.\" \/>\n\t<meta name=\"twitter:label2\" content=\"Est. reading time\" \/>\n\t<meta name=\"twitter:data2\" content=\"2 minut\u0117s\" \/>\n<script type=\"application\/ld+json\" class=\"yoast-schema-graph\">{\"@context\":\"https:\\\/\\\/schema.org\",\"@graph\":[{\"@type\":\"Article\",\"@id\":\"https:\\\/\\\/www.silutesnaujienos.lt\\\/lt\\\/etnografiniu-regionu-metus-islydint\\\/#article\",\"isPartOf\":{\"@id\":\"https:\\\/\\\/www.silutesnaujienos.lt\\\/lt\\\/etnografiniu-regionu-metus-islydint\\\/\"},\"author\":{\"name\":\"\u0160ilut\u0117s naujien\u0173 inf.\",\"@id\":\"https:\\\/\\\/www.silutesnaujienos.lt\\\/lt\\\/#\\\/schema\\\/person\\\/232f475ddd4a7b5f49b3abc788b17e83\"},\"headline\":\"Etnografini\u0173 region\u0173 metus i\u0161lydint\",\"datePublished\":\"2015-12-03T14:00:00+00:00\",\"mainEntityOfPage\":{\"@id\":\"https:\\\/\\\/www.silutesnaujienos.lt\\\/lt\\\/etnografiniu-regionu-metus-islydint\\\/\"},\"wordCount\":317,\"commentCount\":0,\"publisher\":{\"@id\":\"https:\\\/\\\/www.silutesnaujienos.lt\\\/lt\\\/#organization\"},\"articleSection\":[\"Kult\u016bra ir \u0161vietimas\"],\"inLanguage\":\"lt-LT\",\"potentialAction\":[{\"@type\":\"CommentAction\",\"name\":\"Comment\",\"target\":[\"https:\\\/\\\/www.silutesnaujienos.lt\\\/lt\\\/etnografiniu-regionu-metus-islydint\\\/#respond\"]}]},{\"@type\":\"WebPage\",\"@id\":\"https:\\\/\\\/www.silutesnaujienos.lt\\\/lt\\\/etnografiniu-regionu-metus-islydint\\\/\",\"url\":\"https:\\\/\\\/www.silutesnaujienos.lt\\\/lt\\\/etnografiniu-regionu-metus-islydint\\\/\",\"name\":\"Etnografini\u0173 region\u0173 metus i\u0161lydint - \u0160ilut\u0117s naujienos\",\"isPartOf\":{\"@id\":\"https:\\\/\\\/www.silutesnaujienos.lt\\\/lt\\\/#website\"},\"datePublished\":\"2015-12-03T14:00:00+00:00\",\"breadcrumb\":{\"@id\":\"https:\\\/\\\/www.silutesnaujienos.lt\\\/lt\\\/etnografiniu-regionu-metus-islydint\\\/#breadcrumb\"},\"inLanguage\":\"lt-LT\",\"potentialAction\":[{\"@type\":\"ReadAction\",\"target\":[\"https:\\\/\\\/www.silutesnaujienos.lt\\\/lt\\\/etnografiniu-regionu-metus-islydint\\\/\"]}]},{\"@type\":\"BreadcrumbList\",\"@id\":\"https:\\\/\\\/www.silutesnaujienos.lt\\\/lt\\\/etnografiniu-regionu-metus-islydint\\\/#breadcrumb\",\"itemListElement\":[{\"@type\":\"ListItem\",\"position\":1,\"name\":\"Home\",\"item\":\"https:\\\/\\\/www.silutesnaujienos.lt\\\/lt\\\/\"},{\"@type\":\"ListItem\",\"position\":2,\"name\":\"Etnografini\u0173 region\u0173 metus i\u0161lydint\"}]},{\"@type\":\"WebSite\",\"@id\":\"https:\\\/\\\/www.silutesnaujienos.lt\\\/lt\\\/#website\",\"url\":\"https:\\\/\\\/www.silutesnaujienos.lt\\\/lt\\\/\",\"name\":\"\u0160ilut\u0117s naujienos\",\"description\":\"B\u016bk ant naujien\u0173 bangos!\",\"publisher\":{\"@id\":\"https:\\\/\\\/www.silutesnaujienos.lt\\\/lt\\\/#organization\"},\"potentialAction\":[{\"@type\":\"SearchAction\",\"target\":{\"@type\":\"EntryPoint\",\"urlTemplate\":\"https:\\\/\\\/www.silutesnaujienos.lt\\\/lt\\\/?s={search_term_string}\"},\"query-input\":{\"@type\":\"PropertyValueSpecification\",\"valueRequired\":true,\"valueName\":\"search_term_string\"}}],\"inLanguage\":\"lt-LT\"},{\"@type\":\"Organization\",\"@id\":\"https:\\\/\\\/www.silutesnaujienos.lt\\\/lt\\\/#organization\",\"name\":\"\u0160ilut\u0117s naujienos\",\"url\":\"https:\\\/\\\/www.silutesnaujienos.lt\\\/lt\\\/\",\"logo\":{\"@type\":\"ImageObject\",\"inLanguage\":\"lt-LT\",\"@id\":\"https:\\\/\\\/www.silutesnaujienos.lt\\\/lt\\\/#\\\/schema\\\/logo\\\/image\\\/\",\"url\":\"https:\\\/\\\/www.silutesnaujienos.lt\\\/lt\\\/wp-content\\\/uploads\\\/2020\\\/06\\\/FB_MAIN.jpg\",\"contentUrl\":\"https:\\\/\\\/www.silutesnaujienos.lt\\\/lt\\\/wp-content\\\/uploads\\\/2020\\\/06\\\/FB_MAIN.jpg\",\"width\":1700,\"height\":956,\"caption\":\"\u0160ilut\u0117s naujienos\"},\"image\":{\"@id\":\"https:\\\/\\\/www.silutesnaujienos.lt\\\/lt\\\/#\\\/schema\\\/logo\\\/image\\\/\"},\"sameAs\":[\"https:\\\/\\\/www.facebook.com\\\/silutes.naujienos\\\/\",\"https:\\\/\\\/www.youtube.com\\\/channel\\\/UCxW-cgrJDt8GxIMxSTAfJZg\"]},{\"@type\":\"Person\",\"@id\":\"https:\\\/\\\/www.silutesnaujienos.lt\\\/lt\\\/#\\\/schema\\\/person\\\/232f475ddd4a7b5f49b3abc788b17e83\",\"name\":\"\u0160ilut\u0117s naujien\u0173 inf.\",\"image\":{\"@type\":\"ImageObject\",\"inLanguage\":\"lt-LT\",\"@id\":\"https:\\\/\\\/www.silutesnaujienos.lt\\\/lt\\\/wp-content\\\/uploads\\\/2020\\\/06\\\/favicon.png\",\"url\":\"https:\\\/\\\/www.silutesnaujienos.lt\\\/lt\\\/wp-content\\\/uploads\\\/2020\\\/06\\\/favicon.png\",\"contentUrl\":\"https:\\\/\\\/www.silutesnaujienos.lt\\\/lt\\\/wp-content\\\/uploads\\\/2020\\\/06\\\/favicon.png\",\"caption\":\"\u0160ilut\u0117s naujien\u0173 inf.\"},\"sameAs\":[\"https:\\\/\\\/www.silutesnaujienos.lt\\\/lt\"],\"url\":\"https:\\\/\\\/www.silutesnaujienos.lt\\\/lt\\\/author\\\/ruta\\\/\"}]}<\/script>\n<!-- \/ Yoast SEO plugin. -->","yoast_head_json":{"title":"Etnografini\u0173 region\u0173 metus i\u0161lydint - \u0160ilut\u0117s naujienos","robots":{"index":"index","follow":"follow","max-snippet":"max-snippet:-1","max-image-preview":"max-image-preview:large","max-video-preview":"max-video-preview:-1"},"canonical":"https:\/\/www.silutesnaujienos.lt\/lt\/etnografiniu-regionu-metus-islydint\/","og_locale":"lt_LT","og_type":"article","og_title":"Etnografini\u0173 region\u0173 metus i\u0161lydint - \u0160ilut\u0117s naujienos","og_description":"Keliaujan\u010dio \u201eKnyg\u0173 Kal\u0117d\u0173\u201c karavano \u201ePrakalbink Kal\u0117das\u201c mar\u0161rutu lapkri\u010dio 27 d. \u0160ilut\u0117s F. Bajorai\u010dio vie\u0161osios bibliotekos Pa\u0161y\u0161i\u0173 filiale apsilank\u0117 \u0160ilut\u0117s kra\u0161totyros draugijos folkloro ansamblis \u201eRamyt\u0117\u201c, vietos bendruomenei pristat\u0119s edukacin\u0119 program\u0105, skirt\u0105 besibaigiantiems Lietuvos etnografini\u0173 region\u0173 metams i\u0161lyd\u0117ti. Norint pristatyti Ma\u017eosios Lietuvos etnografinio regiono savitum\u0105, skatinant bendruomen\u0119 dom\u0117tis kra\u0161to istoriniu, kult\u016briniu paveldu bei populiarinant Pamario kra\u0161to etnin\u0119 [&hellip;]","og_url":"https:\/\/www.silutesnaujienos.lt\/lt\/etnografiniu-regionu-metus-islydint\/","og_site_name":"\u0160ilut\u0117s naujienos","article_publisher":"https:\/\/www.facebook.com\/silutes.naujienos\/","article_published_time":"2015-12-03T14:00:00+00:00","og_image":[{"url":"\/\/silutesnaujienos.lt\/images\/stories\/2015\/LAPKRITIS\/27\/thumbnails\/thumb_SAM_1584.JPG","type":"","width":"","height":""}],"author":"\u0160ilut\u0117s naujien\u0173 inf.","twitter_card":"summary_large_image","twitter_misc":{"Written by":"\u0160ilut\u0117s naujien\u0173 inf.","Est. reading time":"2 minut\u0117s"},"schema":{"@context":"https:\/\/schema.org","@graph":[{"@type":"Article","@id":"https:\/\/www.silutesnaujienos.lt\/lt\/etnografiniu-regionu-metus-islydint\/#article","isPartOf":{"@id":"https:\/\/www.silutesnaujienos.lt\/lt\/etnografiniu-regionu-metus-islydint\/"},"author":{"name":"\u0160ilut\u0117s naujien\u0173 inf.","@id":"https:\/\/www.silutesnaujienos.lt\/lt\/#\/schema\/person\/232f475ddd4a7b5f49b3abc788b17e83"},"headline":"Etnografini\u0173 region\u0173 metus i\u0161lydint","datePublished":"2015-12-03T14:00:00+00:00","mainEntityOfPage":{"@id":"https:\/\/www.silutesnaujienos.lt\/lt\/etnografiniu-regionu-metus-islydint\/"},"wordCount":317,"commentCount":0,"publisher":{"@id":"https:\/\/www.silutesnaujienos.lt\/lt\/#organization"},"articleSection":["Kult\u016bra ir \u0161vietimas"],"inLanguage":"lt-LT","potentialAction":[{"@type":"CommentAction","name":"Comment","target":["https:\/\/www.silutesnaujienos.lt\/lt\/etnografiniu-regionu-metus-islydint\/#respond"]}]},{"@type":"WebPage","@id":"https:\/\/www.silutesnaujienos.lt\/lt\/etnografiniu-regionu-metus-islydint\/","url":"https:\/\/www.silutesnaujienos.lt\/lt\/etnografiniu-regionu-metus-islydint\/","name":"Etnografini\u0173 region\u0173 metus i\u0161lydint - \u0160ilut\u0117s naujienos","isPartOf":{"@id":"https:\/\/www.silutesnaujienos.lt\/lt\/#website"},"datePublished":"2015-12-03T14:00:00+00:00","breadcrumb":{"@id":"https:\/\/www.silutesnaujienos.lt\/lt\/etnografiniu-regionu-metus-islydint\/#breadcrumb"},"inLanguage":"lt-LT","potentialAction":[{"@type":"ReadAction","target":["https:\/\/www.silutesnaujienos.lt\/lt\/etnografiniu-regionu-metus-islydint\/"]}]},{"@type":"BreadcrumbList","@id":"https:\/\/www.silutesnaujienos.lt\/lt\/etnografiniu-regionu-metus-islydint\/#breadcrumb","itemListElement":[{"@type":"ListItem","position":1,"name":"Home","item":"https:\/\/www.silutesnaujienos.lt\/lt\/"},{"@type":"ListItem","position":2,"name":"Etnografini\u0173 region\u0173 metus i\u0161lydint"}]},{"@type":"WebSite","@id":"https:\/\/www.silutesnaujienos.lt\/lt\/#website","url":"https:\/\/www.silutesnaujienos.lt\/lt\/","name":"\u0160ilut\u0117s naujienos","description":"B\u016bk ant naujien\u0173 bangos!","publisher":{"@id":"https:\/\/www.silutesnaujienos.lt\/lt\/#organization"},"potentialAction":[{"@type":"SearchAction","target":{"@type":"EntryPoint","urlTemplate":"https:\/\/www.silutesnaujienos.lt\/lt\/?s={search_term_string}"},"query-input":{"@type":"PropertyValueSpecification","valueRequired":true,"valueName":"search_term_string"}}],"inLanguage":"lt-LT"},{"@type":"Organization","@id":"https:\/\/www.silutesnaujienos.lt\/lt\/#organization","name":"\u0160ilut\u0117s naujienos","url":"https:\/\/www.silutesnaujienos.lt\/lt\/","logo":{"@type":"ImageObject","inLanguage":"lt-LT","@id":"https:\/\/www.silutesnaujienos.lt\/lt\/#\/schema\/logo\/image\/","url":"https:\/\/www.silutesnaujienos.lt\/lt\/wp-content\/uploads\/2020\/06\/FB_MAIN.jpg","contentUrl":"https:\/\/www.silutesnaujienos.lt\/lt\/wp-content\/uploads\/2020\/06\/FB_MAIN.jpg","width":1700,"height":956,"caption":"\u0160ilut\u0117s naujienos"},"image":{"@id":"https:\/\/www.silutesnaujienos.lt\/lt\/#\/schema\/logo\/image\/"},"sameAs":["https:\/\/www.facebook.com\/silutes.naujienos\/","https:\/\/www.youtube.com\/channel\/UCxW-cgrJDt8GxIMxSTAfJZg"]},{"@type":"Person","@id":"https:\/\/www.silutesnaujienos.lt\/lt\/#\/schema\/person\/232f475ddd4a7b5f49b3abc788b17e83","name":"\u0160ilut\u0117s naujien\u0173 inf.","image":{"@type":"ImageObject","inLanguage":"lt-LT","@id":"https:\/\/www.silutesnaujienos.lt\/lt\/wp-content\/uploads\/2020\/06\/favicon.png","url":"https:\/\/www.silutesnaujienos.lt\/lt\/wp-content\/uploads\/2020\/06\/favicon.png","contentUrl":"https:\/\/www.silutesnaujienos.lt\/lt\/wp-content\/uploads\/2020\/06\/favicon.png","caption":"\u0160ilut\u0117s naujien\u0173 inf."},"sameAs":["https:\/\/www.silutesnaujienos.lt\/lt"],"url":"https:\/\/www.silutesnaujienos.lt\/lt\/author\/ruta\/"}]}},"publishpress_future_workflow_manual_trigger":{"enabledWorkflows":[]},"amp_enabled":true,"_links":{"self":[{"href":"https:\/\/www.silutesnaujienos.lt\/lt\/wp-json\/wp\/v2\/posts\/7067","targetHints":{"allow":["GET"]}}],"collection":[{"href":"https:\/\/www.silutesnaujienos.lt\/lt\/wp-json\/wp\/v2\/posts"}],"about":[{"href":"https:\/\/www.silutesnaujienos.lt\/lt\/wp-json\/wp\/v2\/types\/post"}],"author":[{"embeddable":true,"href":"https:\/\/www.silutesnaujienos.lt\/lt\/wp-json\/wp\/v2\/users\/1"}],"replies":[{"embeddable":true,"href":"https:\/\/www.silutesnaujienos.lt\/lt\/wp-json\/wp\/v2\/comments?post=7067"}],"version-history":[{"count":0,"href":"https:\/\/www.silutesnaujienos.lt\/lt\/wp-json\/wp\/v2\/posts\/7067\/revisions"}],"wp:attachment":[{"href":"https:\/\/www.silutesnaujienos.lt\/lt\/wp-json\/wp\/v2\/media?parent=7067"}],"wp:term":[{"taxonomy":"category","embeddable":true,"href":"https:\/\/www.silutesnaujienos.lt\/lt\/wp-json\/wp\/v2\/categories?post=7067"},{"taxonomy":"post_tag","embeddable":true,"href":"https:\/\/www.silutesnaujienos.lt\/lt\/wp-json\/wp\/v2\/tags?post=7067"}],"curies":[{"name":"wp","href":"https:\/\/api.w.org\/{rel}","templated":true}]}}