{"id":71510,"date":"2025-09-01T08:00:32","date_gmt":"2025-09-01T05:00:32","guid":{"rendered":"https:\/\/www.silutesnaujienos.lt\/lt\/?p=71510"},"modified":"2025-08-27T13:06:21","modified_gmt":"2025-08-27T10:06:21","slug":"eurovizijos-seimininke-2026-m-pasirinkta-viena","status":"publish","type":"post","link":"https:\/\/www.silutesnaujienos.lt\/lt\/eurovizijos-seimininke-2026-m-pasirinkta-viena\/","title":{"rendered":"\u201eEurovizijos\u201c \u0161eimininke 2026 m. pasirinkta Viena"},"content":{"rendered":"<p>2025 m. \u201eEurovizij\u0105\u201c, vykusi\u0105 \u0160veicarijos mieste Bazelyje, laim\u0117jo Austrijos dainininkas JJ su daina \u201eWasted Love\u201c, kurioje derinami techno muzikos ir operos elementai. Jis \u0161aliai suteik\u0117 galimyb\u0119 organizuoti kit\u0173 met\u0173 rengin\u012f. Viena, kuri anks\u010diau \u0161\u012f \u0161ou reng\u0117 1967 ir 2015 m., nurung\u0117 savo konkurent\u0105 Insbruk\u0105, vakar\u0173 Tirolio provincijos sostin\u0119.<\/p>\n<p>Austrijos sostin\u0117je \u201eEurovizijos\u201c finalas vyks kit\u0173 met\u0173 gegu\u017e\u0117s 16 d., o pusfinaliai \u2013 gegu\u017e\u0117s 12 ir 14 d. Renginiui pasirinkta did\u017eiausia u\u017edara arena \u0161alyje.<\/p>\n<p>Nuo 1955 m. rengiama \u201eEurovizija\u201c ilgainiui tapo populiariausiu pasaulyje popmuzikos renginiu. Konkursas \u012f pasaulin\u0117s \u0161lov\u0117s auk\u0161tumas i\u0161k\u0117l\u0117 \u0160vedijos legendin\u0119 grup\u0119 ABBA, pad\u0117jo i\u0161gars\u0117ti Celine Dion, Cliffui Richardui ir Oliviai Newton-John. \u0160i\u0173 met\u0173 konkurs\u0105 steb\u0117jo 166 milijonai \u017ei\u016brov\u0173 37 \u0161alyse, 60 proc. \u017ei\u016brov\u0173 buvo 15\u201324 met\u0173. Konkursas sulauk\u0117 dar daugiau per\u017ei\u016br\u0173 \u201eInstagram\u201c ir \u201eTikTok\u201c platformose. Bazelis konkursui surengti i\u0161leido beveik 40 mln. doleri\u0173.<\/p>\n<p>Labiau d\u0117l klasikin\u0117s muzikos ir baroko architekt\u016bros \u017einoma Austrijos sostin\u0117, pasirinkusi \u0161\u016bk\u012f \u201eEuropa, einam pa\u0161okti?\u201c, siek\u0117 suorganizuoti kit\u0173 met\u0173 konkurs\u0105 remdamasi savo patirtimi rengiant didelius renginius. Ji taip pat gyr\u0117si \u201emil\u017eini\u0161komis\u201c apgyvendinimo galimyb\u0117mis, \u201enepriekai\u0161tingu\u201c susisiekimu ir \u201ekosmopolitizmu\u201c, mat Austrijos sostin\u0117je gyvena du milijonai \u017emoni\u0173.<\/p>\n<p>Kit\u0173 met\u0173 konkursui pasirinktoje arenoje vyko 2015 m. \u201eEurovizija\u201c po to, kai ankstesniais metais j\u012f laim\u0117jo barzdotas drago atlik\u0117jas Conchita Wurst. Vienos centre esan\u010dioje arenos sal\u0117je telpa 16 t\u016bkst. \u017emoni\u0173.<\/p>\n<p>Kai Viena pastar\u0105j\u012f kart\u0105 sureng\u0117 \u201eEurovizijos\u201c konkurs\u0105, mieste buvo \u012frengti \u0161viesoforai, kuriuose vietoj vienos fig\u016bros buvo pavaizduotos tos pa\u010dios lyties ir skirting\u0173 ly\u010di\u0173 poros. \u0160ie \u0161viesoforai sulauk\u0117 tokio populiarumo, kad vald\u017eios institucijos nusprend\u0117 juos palikti visam laikui.<\/p>\n<p><em><strong>ELTA inf.<\/strong><\/em><\/p>\n<p>&nbsp;<\/p>\n<p><img loading=\"lazy\" decoding=\"async\" class=\"alignnone size-full wp-image-68679\" src=\"https:\/\/www.silutesnaujienos.lt\/lt\/wp-content\/uploads\/2025\/03\/Untitled.jpg\" alt=\"\" width=\"643\" height=\"123\" srcset=\"https:\/\/www.silutesnaujienos.lt\/lt\/wp-content\/uploads\/2025\/03\/Untitled.jpg 643w, https:\/\/www.silutesnaujienos.lt\/lt\/wp-content\/uploads\/2025\/03\/Untitled-300x57.jpg 300w, https:\/\/www.silutesnaujienos.lt\/lt\/wp-content\/uploads\/2025\/03\/Untitled-450x86.jpg 450w, https:\/\/www.silutesnaujienos.lt\/lt\/wp-content\/uploads\/2025\/03\/Untitled-200x38.jpg 200w\" sizes=\"auto, (max-width: 643px) 100vw, 643px\" \/><\/p>\n","protected":false},"excerpt":{"rendered":"<p>2025 m. \u201eEurovizij\u0105\u201c, vykusi\u0105 \u0160veicarijos mieste Bazelyje, laim\u0117jo Austrijos dainininkas JJ su daina \u201eWasted Love\u201c, kurioje derinami techno muzikos ir operos elementai. Jis \u0161aliai suteik\u0117 galimyb\u0119 organizuoti kit\u0173 met\u0173 rengin\u012f. Viena, kuri anks\u010diau \u0161\u012f \u0161ou reng\u0117 1967 ir 2015 m., nurung\u0117 savo konkurent\u0105 Insbruk\u0105, vakar\u0173 Tirolio provincijos sostin\u0119. Austrijos sostin\u0117je \u201eEurovizijos\u201c finalas vyks kit\u0173 met\u0173 [&hellip;]<\/p>\n","protected":false},"author":2,"featured_media":69996,"comment_status":"open","ping_status":"closed","sticky":false,"template":"","format":"standard","meta":{"footnotes":""},"categories":[3873],"tags":[47],"class_list":{"0":"post-71510","1":"post","2":"type-post","3":"status-publish","4":"format-standard","5":"has-post-thumbnail","7":"category-elta","8":"tag-pirmasis"},"yoast_head":"<!-- This site is optimized with the Yoast SEO plugin v27.4 - https:\/\/yoast.com\/product\/yoast-seo-wordpress\/ -->\n<title>\u201eEurovizijos\u201c \u0161eimininke 2026 m. pasirinkta Viena - \u0160ilut\u0117s naujienos<\/title>\n<meta name=\"robots\" content=\"index, follow, max-snippet:-1, max-image-preview:large, max-video-preview:-1\" \/>\n<link rel=\"canonical\" href=\"https:\/\/www.silutesnaujienos.lt\/lt\/eurovizijos-seimininke-2026-m-pasirinkta-viena\/\" \/>\n<meta property=\"og:locale\" content=\"lt_LT\" \/>\n<meta property=\"og:type\" content=\"article\" \/>\n<meta property=\"og:title\" content=\"\u201eEurovizijos\u201c \u0161eimininke 2026 m. pasirinkta Viena - \u0160ilut\u0117s naujienos\" \/>\n<meta property=\"og:description\" content=\"2025 m. \u201eEurovizij\u0105\u201c, vykusi\u0105 \u0160veicarijos mieste Bazelyje, laim\u0117jo Austrijos dainininkas JJ su daina \u201eWasted Love\u201c, kurioje derinami techno muzikos ir operos elementai. Jis \u0161aliai suteik\u0117 galimyb\u0119 organizuoti kit\u0173 met\u0173 rengin\u012f. Viena, kuri anks\u010diau \u0161\u012f \u0161ou reng\u0117 1967 ir 2015 m., nurung\u0117 savo konkurent\u0105 Insbruk\u0105, vakar\u0173 Tirolio provincijos sostin\u0119. Austrijos sostin\u0117je \u201eEurovizijos\u201c finalas vyks kit\u0173 met\u0173 [&hellip;]\" \/>\n<meta property=\"og:url\" content=\"https:\/\/www.silutesnaujienos.lt\/lt\/eurovizijos-seimininke-2026-m-pasirinkta-viena\/\" \/>\n<meta property=\"og:site_name\" content=\"\u0160ilut\u0117s naujienos\" \/>\n<meta property=\"article:publisher\" content=\"https:\/\/www.facebook.com\/silutes.naujienos\/\" \/>\n<meta property=\"article:published_time\" content=\"2025-09-01T05:00:32+00:00\" \/>\n<meta property=\"og:image\" content=\"https:\/\/www.silutesnaujienos.lt\/lt\/wp-content\/uploads\/2025\/06\/eurovizija.jpg\" \/>\n\t<meta property=\"og:image:width\" content=\"2020\" \/>\n\t<meta property=\"og:image:height\" content=\"1438\" \/>\n\t<meta property=\"og:image:type\" content=\"image\/jpeg\" \/>\n<meta name=\"author\" content=\"\u0160ilut\u0117s naujien\u0173 inf.\" \/>\n<meta name=\"twitter:card\" content=\"summary_large_image\" \/>\n<meta name=\"twitter:label1\" content=\"Written by\" \/>\n\t<meta name=\"twitter:data1\" content=\"\u0160ilut\u0117s naujien\u0173 inf.\" \/>\n\t<meta name=\"twitter:label2\" content=\"Est. reading time\" \/>\n\t<meta name=\"twitter:data2\" content=\"2 minut\u0117s\" \/>\n<script type=\"application\/ld+json\" class=\"yoast-schema-graph\">{\"@context\":\"https:\\\/\\\/schema.org\",\"@graph\":[{\"@type\":\"Article\",\"@id\":\"https:\\\/\\\/www.silutesnaujienos.lt\\\/lt\\\/eurovizijos-seimininke-2026-m-pasirinkta-viena\\\/#article\",\"isPartOf\":{\"@id\":\"https:\\\/\\\/www.silutesnaujienos.lt\\\/lt\\\/eurovizijos-seimininke-2026-m-pasirinkta-viena\\\/\"},\"author\":{\"name\":\"\u0160ilut\u0117s naujien\u0173 inf.\",\"@id\":\"https:\\\/\\\/www.silutesnaujienos.lt\\\/lt\\\/#\\\/schema\\\/person\\\/976440ef837444400af3c77c19c61454\"},\"headline\":\"\u201eEurovizijos\u201c \u0161eimininke 2026 m. pasirinkta Viena\",\"datePublished\":\"2025-09-01T05:00:32+00:00\",\"mainEntityOfPage\":{\"@id\":\"https:\\\/\\\/www.silutesnaujienos.lt\\\/lt\\\/eurovizijos-seimininke-2026-m-pasirinkta-viena\\\/\"},\"wordCount\":277,\"commentCount\":0,\"publisher\":{\"@id\":\"https:\\\/\\\/www.silutesnaujienos.lt\\\/lt\\\/#organization\"},\"image\":{\"@id\":\"https:\\\/\\\/www.silutesnaujienos.lt\\\/lt\\\/eurovizijos-seimininke-2026-m-pasirinkta-viena\\\/#primaryimage\"},\"thumbnailUrl\":\"https:\\\/\\\/www.silutesnaujienos.lt\\\/lt\\\/wp-content\\\/uploads\\\/2025\\\/06\\\/eurovizija.jpg\",\"keywords\":[\"Pirmasis\"],\"articleSection\":[\"ELTA\"],\"inLanguage\":\"lt-LT\",\"potentialAction\":[{\"@type\":\"CommentAction\",\"name\":\"Comment\",\"target\":[\"https:\\\/\\\/www.silutesnaujienos.lt\\\/lt\\\/eurovizijos-seimininke-2026-m-pasirinkta-viena\\\/#respond\"]}]},{\"@type\":\"WebPage\",\"@id\":\"https:\\\/\\\/www.silutesnaujienos.lt\\\/lt\\\/eurovizijos-seimininke-2026-m-pasirinkta-viena\\\/\",\"url\":\"https:\\\/\\\/www.silutesnaujienos.lt\\\/lt\\\/eurovizijos-seimininke-2026-m-pasirinkta-viena\\\/\",\"name\":\"\u201eEurovizijos\u201c \u0161eimininke 2026 m. pasirinkta Viena - \u0160ilut\u0117s naujienos\",\"isPartOf\":{\"@id\":\"https:\\\/\\\/www.silutesnaujienos.lt\\\/lt\\\/#website\"},\"primaryImageOfPage\":{\"@id\":\"https:\\\/\\\/www.silutesnaujienos.lt\\\/lt\\\/eurovizijos-seimininke-2026-m-pasirinkta-viena\\\/#primaryimage\"},\"image\":{\"@id\":\"https:\\\/\\\/www.silutesnaujienos.lt\\\/lt\\\/eurovizijos-seimininke-2026-m-pasirinkta-viena\\\/#primaryimage\"},\"thumbnailUrl\":\"https:\\\/\\\/www.silutesnaujienos.lt\\\/lt\\\/wp-content\\\/uploads\\\/2025\\\/06\\\/eurovizija.jpg\",\"datePublished\":\"2025-09-01T05:00:32+00:00\",\"breadcrumb\":{\"@id\":\"https:\\\/\\\/www.silutesnaujienos.lt\\\/lt\\\/eurovizijos-seimininke-2026-m-pasirinkta-viena\\\/#breadcrumb\"},\"inLanguage\":\"lt-LT\",\"potentialAction\":[{\"@type\":\"ReadAction\",\"target\":[\"https:\\\/\\\/www.silutesnaujienos.lt\\\/lt\\\/eurovizijos-seimininke-2026-m-pasirinkta-viena\\\/\"]}]},{\"@type\":\"ImageObject\",\"inLanguage\":\"lt-LT\",\"@id\":\"https:\\\/\\\/www.silutesnaujienos.lt\\\/lt\\\/eurovizijos-seimininke-2026-m-pasirinkta-viena\\\/#primaryimage\",\"url\":\"https:\\\/\\\/www.silutesnaujienos.lt\\\/lt\\\/wp-content\\\/uploads\\\/2025\\\/06\\\/eurovizija.jpg\",\"contentUrl\":\"https:\\\/\\\/www.silutesnaujienos.lt\\\/lt\\\/wp-content\\\/uploads\\\/2025\\\/06\\\/eurovizija.jpg\",\"width\":2020,\"height\":1438},{\"@type\":\"BreadcrumbList\",\"@id\":\"https:\\\/\\\/www.silutesnaujienos.lt\\\/lt\\\/eurovizijos-seimininke-2026-m-pasirinkta-viena\\\/#breadcrumb\",\"itemListElement\":[{\"@type\":\"ListItem\",\"position\":1,\"name\":\"Home\",\"item\":\"https:\\\/\\\/www.silutesnaujienos.lt\\\/lt\\\/\"},{\"@type\":\"ListItem\",\"position\":2,\"name\":\"\u201eEurovizijos\u201c \u0161eimininke 2026 m. pasirinkta Viena\"}]},{\"@type\":\"WebSite\",\"@id\":\"https:\\\/\\\/www.silutesnaujienos.lt\\\/lt\\\/#website\",\"url\":\"https:\\\/\\\/www.silutesnaujienos.lt\\\/lt\\\/\",\"name\":\"\u0160ilut\u0117s naujienos\",\"description\":\"B\u016bk ant naujien\u0173 bangos!\",\"publisher\":{\"@id\":\"https:\\\/\\\/www.silutesnaujienos.lt\\\/lt\\\/#organization\"},\"potentialAction\":[{\"@type\":\"SearchAction\",\"target\":{\"@type\":\"EntryPoint\",\"urlTemplate\":\"https:\\\/\\\/www.silutesnaujienos.lt\\\/lt\\\/?s={search_term_string}\"},\"query-input\":{\"@type\":\"PropertyValueSpecification\",\"valueRequired\":true,\"valueName\":\"search_term_string\"}}],\"inLanguage\":\"lt-LT\"},{\"@type\":\"Organization\",\"@id\":\"https:\\\/\\\/www.silutesnaujienos.lt\\\/lt\\\/#organization\",\"name\":\"\u0160ilut\u0117s naujienos\",\"url\":\"https:\\\/\\\/www.silutesnaujienos.lt\\\/lt\\\/\",\"logo\":{\"@type\":\"ImageObject\",\"inLanguage\":\"lt-LT\",\"@id\":\"https:\\\/\\\/www.silutesnaujienos.lt\\\/lt\\\/#\\\/schema\\\/logo\\\/image\\\/\",\"url\":\"https:\\\/\\\/www.silutesnaujienos.lt\\\/lt\\\/wp-content\\\/uploads\\\/2020\\\/06\\\/FB_MAIN.jpg\",\"contentUrl\":\"https:\\\/\\\/www.silutesnaujienos.lt\\\/lt\\\/wp-content\\\/uploads\\\/2020\\\/06\\\/FB_MAIN.jpg\",\"width\":1700,\"height\":956,\"caption\":\"\u0160ilut\u0117s naujienos\"},\"image\":{\"@id\":\"https:\\\/\\\/www.silutesnaujienos.lt\\\/lt\\\/#\\\/schema\\\/logo\\\/image\\\/\"},\"sameAs\":[\"https:\\\/\\\/www.facebook.com\\\/silutes.naujienos\\\/\",\"https:\\\/\\\/www.youtube.com\\\/channel\\\/UCxW-cgrJDt8GxIMxSTAfJZg\"]},{\"@type\":\"Person\",\"@id\":\"https:\\\/\\\/www.silutesnaujienos.lt\\\/lt\\\/#\\\/schema\\\/person\\\/976440ef837444400af3c77c19c61454\",\"name\":\"\u0160ilut\u0117s naujien\u0173 inf.\",\"image\":{\"@type\":\"ImageObject\",\"inLanguage\":\"lt-LT\",\"@id\":\"https:\\\/\\\/www.silutesnaujienos.lt\\\/lt\\\/wp-content\\\/uploads\\\/2020\\\/06\\\/favicon.png\",\"url\":\"https:\\\/\\\/www.silutesnaujienos.lt\\\/lt\\\/wp-content\\\/uploads\\\/2020\\\/06\\\/favicon.png\",\"contentUrl\":\"https:\\\/\\\/www.silutesnaujienos.lt\\\/lt\\\/wp-content\\\/uploads\\\/2020\\\/06\\\/favicon.png\",\"caption\":\"\u0160ilut\u0117s naujien\u0173 inf.\"},\"url\":\"https:\\\/\\\/www.silutesnaujienos.lt\\\/lt\\\/author\\\/vadas\\\/\"}]}<\/script>\n<!-- \/ Yoast SEO plugin. -->","yoast_head_json":{"title":"\u201eEurovizijos\u201c \u0161eimininke 2026 m. pasirinkta Viena - \u0160ilut\u0117s naujienos","robots":{"index":"index","follow":"follow","max-snippet":"max-snippet:-1","max-image-preview":"max-image-preview:large","max-video-preview":"max-video-preview:-1"},"canonical":"https:\/\/www.silutesnaujienos.lt\/lt\/eurovizijos-seimininke-2026-m-pasirinkta-viena\/","og_locale":"lt_LT","og_type":"article","og_title":"\u201eEurovizijos\u201c \u0161eimininke 2026 m. pasirinkta Viena - \u0160ilut\u0117s naujienos","og_description":"2025 m. \u201eEurovizij\u0105\u201c, vykusi\u0105 \u0160veicarijos mieste Bazelyje, laim\u0117jo Austrijos dainininkas JJ su daina \u201eWasted Love\u201c, kurioje derinami techno muzikos ir operos elementai. Jis \u0161aliai suteik\u0117 galimyb\u0119 organizuoti kit\u0173 met\u0173 rengin\u012f. Viena, kuri anks\u010diau \u0161\u012f \u0161ou reng\u0117 1967 ir 2015 m., nurung\u0117 savo konkurent\u0105 Insbruk\u0105, vakar\u0173 Tirolio provincijos sostin\u0119. Austrijos sostin\u0117je \u201eEurovizijos\u201c finalas vyks kit\u0173 met\u0173 [&hellip;]","og_url":"https:\/\/www.silutesnaujienos.lt\/lt\/eurovizijos-seimininke-2026-m-pasirinkta-viena\/","og_site_name":"\u0160ilut\u0117s naujienos","article_publisher":"https:\/\/www.facebook.com\/silutes.naujienos\/","article_published_time":"2025-09-01T05:00:32+00:00","og_image":[{"width":2020,"height":1438,"url":"https:\/\/www.silutesnaujienos.lt\/lt\/wp-content\/uploads\/2025\/06\/eurovizija.jpg","type":"image\/jpeg"}],"author":"\u0160ilut\u0117s naujien\u0173 inf.","twitter_card":"summary_large_image","twitter_misc":{"Written by":"\u0160ilut\u0117s naujien\u0173 inf.","Est. reading time":"2 minut\u0117s"},"schema":{"@context":"https:\/\/schema.org","@graph":[{"@type":"Article","@id":"https:\/\/www.silutesnaujienos.lt\/lt\/eurovizijos-seimininke-2026-m-pasirinkta-viena\/#article","isPartOf":{"@id":"https:\/\/www.silutesnaujienos.lt\/lt\/eurovizijos-seimininke-2026-m-pasirinkta-viena\/"},"author":{"name":"\u0160ilut\u0117s naujien\u0173 inf.","@id":"https:\/\/www.silutesnaujienos.lt\/lt\/#\/schema\/person\/976440ef837444400af3c77c19c61454"},"headline":"\u201eEurovizijos\u201c \u0161eimininke 2026 m. pasirinkta Viena","datePublished":"2025-09-01T05:00:32+00:00","mainEntityOfPage":{"@id":"https:\/\/www.silutesnaujienos.lt\/lt\/eurovizijos-seimininke-2026-m-pasirinkta-viena\/"},"wordCount":277,"commentCount":0,"publisher":{"@id":"https:\/\/www.silutesnaujienos.lt\/lt\/#organization"},"image":{"@id":"https:\/\/www.silutesnaujienos.lt\/lt\/eurovizijos-seimininke-2026-m-pasirinkta-viena\/#primaryimage"},"thumbnailUrl":"https:\/\/www.silutesnaujienos.lt\/lt\/wp-content\/uploads\/2025\/06\/eurovizija.jpg","keywords":["Pirmasis"],"articleSection":["ELTA"],"inLanguage":"lt-LT","potentialAction":[{"@type":"CommentAction","name":"Comment","target":["https:\/\/www.silutesnaujienos.lt\/lt\/eurovizijos-seimininke-2026-m-pasirinkta-viena\/#respond"]}]},{"@type":"WebPage","@id":"https:\/\/www.silutesnaujienos.lt\/lt\/eurovizijos-seimininke-2026-m-pasirinkta-viena\/","url":"https:\/\/www.silutesnaujienos.lt\/lt\/eurovizijos-seimininke-2026-m-pasirinkta-viena\/","name":"\u201eEurovizijos\u201c \u0161eimininke 2026 m. pasirinkta Viena - \u0160ilut\u0117s naujienos","isPartOf":{"@id":"https:\/\/www.silutesnaujienos.lt\/lt\/#website"},"primaryImageOfPage":{"@id":"https:\/\/www.silutesnaujienos.lt\/lt\/eurovizijos-seimininke-2026-m-pasirinkta-viena\/#primaryimage"},"image":{"@id":"https:\/\/www.silutesnaujienos.lt\/lt\/eurovizijos-seimininke-2026-m-pasirinkta-viena\/#primaryimage"},"thumbnailUrl":"https:\/\/www.silutesnaujienos.lt\/lt\/wp-content\/uploads\/2025\/06\/eurovizija.jpg","datePublished":"2025-09-01T05:00:32+00:00","breadcrumb":{"@id":"https:\/\/www.silutesnaujienos.lt\/lt\/eurovizijos-seimininke-2026-m-pasirinkta-viena\/#breadcrumb"},"inLanguage":"lt-LT","potentialAction":[{"@type":"ReadAction","target":["https:\/\/www.silutesnaujienos.lt\/lt\/eurovizijos-seimininke-2026-m-pasirinkta-viena\/"]}]},{"@type":"ImageObject","inLanguage":"lt-LT","@id":"https:\/\/www.silutesnaujienos.lt\/lt\/eurovizijos-seimininke-2026-m-pasirinkta-viena\/#primaryimage","url":"https:\/\/www.silutesnaujienos.lt\/lt\/wp-content\/uploads\/2025\/06\/eurovizija.jpg","contentUrl":"https:\/\/www.silutesnaujienos.lt\/lt\/wp-content\/uploads\/2025\/06\/eurovizija.jpg","width":2020,"height":1438},{"@type":"BreadcrumbList","@id":"https:\/\/www.silutesnaujienos.lt\/lt\/eurovizijos-seimininke-2026-m-pasirinkta-viena\/#breadcrumb","itemListElement":[{"@type":"ListItem","position":1,"name":"Home","item":"https:\/\/www.silutesnaujienos.lt\/lt\/"},{"@type":"ListItem","position":2,"name":"\u201eEurovizijos\u201c \u0161eimininke 2026 m. pasirinkta Viena"}]},{"@type":"WebSite","@id":"https:\/\/www.silutesnaujienos.lt\/lt\/#website","url":"https:\/\/www.silutesnaujienos.lt\/lt\/","name":"\u0160ilut\u0117s naujienos","description":"B\u016bk ant naujien\u0173 bangos!","publisher":{"@id":"https:\/\/www.silutesnaujienos.lt\/lt\/#organization"},"potentialAction":[{"@type":"SearchAction","target":{"@type":"EntryPoint","urlTemplate":"https:\/\/www.silutesnaujienos.lt\/lt\/?s={search_term_string}"},"query-input":{"@type":"PropertyValueSpecification","valueRequired":true,"valueName":"search_term_string"}}],"inLanguage":"lt-LT"},{"@type":"Organization","@id":"https:\/\/www.silutesnaujienos.lt\/lt\/#organization","name":"\u0160ilut\u0117s naujienos","url":"https:\/\/www.silutesnaujienos.lt\/lt\/","logo":{"@type":"ImageObject","inLanguage":"lt-LT","@id":"https:\/\/www.silutesnaujienos.lt\/lt\/#\/schema\/logo\/image\/","url":"https:\/\/www.silutesnaujienos.lt\/lt\/wp-content\/uploads\/2020\/06\/FB_MAIN.jpg","contentUrl":"https:\/\/www.silutesnaujienos.lt\/lt\/wp-content\/uploads\/2020\/06\/FB_MAIN.jpg","width":1700,"height":956,"caption":"\u0160ilut\u0117s naujienos"},"image":{"@id":"https:\/\/www.silutesnaujienos.lt\/lt\/#\/schema\/logo\/image\/"},"sameAs":["https:\/\/www.facebook.com\/silutes.naujienos\/","https:\/\/www.youtube.com\/channel\/UCxW-cgrJDt8GxIMxSTAfJZg"]},{"@type":"Person","@id":"https:\/\/www.silutesnaujienos.lt\/lt\/#\/schema\/person\/976440ef837444400af3c77c19c61454","name":"\u0160ilut\u0117s naujien\u0173 inf.","image":{"@type":"ImageObject","inLanguage":"lt-LT","@id":"https:\/\/www.silutesnaujienos.lt\/lt\/wp-content\/uploads\/2020\/06\/favicon.png","url":"https:\/\/www.silutesnaujienos.lt\/lt\/wp-content\/uploads\/2020\/06\/favicon.png","contentUrl":"https:\/\/www.silutesnaujienos.lt\/lt\/wp-content\/uploads\/2020\/06\/favicon.png","caption":"\u0160ilut\u0117s naujien\u0173 inf."},"url":"https:\/\/www.silutesnaujienos.lt\/lt\/author\/vadas\/"}]}},"publishpress_future_workflow_manual_trigger":{"enabledWorkflows":[]},"amp_enabled":true,"_links":{"self":[{"href":"https:\/\/www.silutesnaujienos.lt\/lt\/wp-json\/wp\/v2\/posts\/71510","targetHints":{"allow":["GET"]}}],"collection":[{"href":"https:\/\/www.silutesnaujienos.lt\/lt\/wp-json\/wp\/v2\/posts"}],"about":[{"href":"https:\/\/www.silutesnaujienos.lt\/lt\/wp-json\/wp\/v2\/types\/post"}],"author":[{"embeddable":true,"href":"https:\/\/www.silutesnaujienos.lt\/lt\/wp-json\/wp\/v2\/users\/2"}],"replies":[{"embeddable":true,"href":"https:\/\/www.silutesnaujienos.lt\/lt\/wp-json\/wp\/v2\/comments?post=71510"}],"version-history":[{"count":1,"href":"https:\/\/www.silutesnaujienos.lt\/lt\/wp-json\/wp\/v2\/posts\/71510\/revisions"}],"predecessor-version":[{"id":71511,"href":"https:\/\/www.silutesnaujienos.lt\/lt\/wp-json\/wp\/v2\/posts\/71510\/revisions\/71511"}],"wp:featuredmedia":[{"embeddable":true,"href":"https:\/\/www.silutesnaujienos.lt\/lt\/wp-json\/wp\/v2\/media\/69996"}],"wp:attachment":[{"href":"https:\/\/www.silutesnaujienos.lt\/lt\/wp-json\/wp\/v2\/media?parent=71510"}],"wp:term":[{"taxonomy":"category","embeddable":true,"href":"https:\/\/www.silutesnaujienos.lt\/lt\/wp-json\/wp\/v2\/categories?post=71510"},{"taxonomy":"post_tag","embeddable":true,"href":"https:\/\/www.silutesnaujienos.lt\/lt\/wp-json\/wp\/v2\/tags?post=71510"}],"curies":[{"name":"wp","href":"https:\/\/api.w.org\/{rel}","templated":true}]}}