{"id":71783,"date":"2025-09-07T16:56:45","date_gmt":"2025-09-07T13:56:45","guid":{"rendered":"https:\/\/www.silutesnaujienos.lt\/lt\/?p=71783"},"modified":"2025-09-07T17:00:59","modified_gmt":"2025-09-07T14:00:59","slug":"d-zebelienes-cekiuku-byla-per-karantina-isigijo-beveik-2-tonas-degalu","status":"publish","type":"post","link":"https:\/\/www.silutesnaujienos.lt\/lt\/d-zebelienes-cekiuku-byla-per-karantina-isigijo-beveik-2-tonas-degalu\/","title":{"rendered":"D. \u017debelien\u0117s \u201e\u010dekiuk\u0173\u201c byla: per karantin\u0105 \u012fsigijo beveik 2 tonas degal\u0173"},"content":{"rendered":"<p>&nbsp;<\/p>\n<p>\u201eKarantino laikotarpiu, kai buvo ribojamas jud\u0117jimas \u0161alyje, buvo nupirkta 1814 litr\u0173 degal\u0173, i\u0161 j\u0173 tarybos narei priklausan\u010dia mok\u0117jimo kortele apmok\u0117ta u\u017e beveik 63 litrus. Teismas taip pat nustat\u0117, kad pateiktuose kvituose buvo nurodytas didesnis degal\u0173 kiekis, nei kad gali tilpti \u012f jos naudot\u0173 automobili\u0173 bakus\u201c, \u2013 ra\u0161oma teis\u0117jos Loretos Bajorinien\u0117s sprendime.<\/p>\n<p>Toks kiekis buvo nupirktas\u00a0nuo 2020 m. kovo iki t\u0173 met\u0173 bir\u017eelio bei nuo 2020 m. lapkri\u010dio iki 2021 m. bir\u017eelio.<\/p>\n<p>Pagal autogidas.lt svetain\u0117je skelbiamus duomenis, teismas nusprend\u0117, kad buvusios tarybos nar\u0117s naudoto automobilio \u201eOpel Frontera\u201c vidutin\u0117s kuro s\u0105naudos yra 8,7 l\/100 km, degal\u0173 bako talpa \u2013 75 litrai, o automobilio \u201eAudi A6 Allroad Quattro\u201c (2006 m.) vidutin\u0117s kuro s\u0105naudos yra 8,9 l\/100 km, degal\u0173 bako talpa \u2013 75 litrai.<\/p>\n<p>Tuo metu pagal pateiktus kvitus D. \u017debelien\u0117 2020 m. rugs\u0117j\u012f \u012fsigijo daugiau nei 91 litr\u0105, spal\u012f \u2013 beveik 97 litrus, lapkrit\u012f \u2013 net 104 litrus.<\/p>\n<p>I\u0161vykos pas R. \u017demaitait\u012f ir G. Naus\u0117dos komand\u0105 n\u0117ra tarybos nario veikla<\/p>\n<p>ELTA primena, kad \u0161i\u0105 savait\u0119 teismas paskelb\u0117, kad politik\u0117 nepagr\u012fstai praturt\u0117jo ir \u0160ilut\u0117s rajono savivaldybei turi gr\u0105\u017einti\u00a06,9 t\u016bkst. eur\u0173. Teismo vertinimu, tik\u0117tina, kad 30 procent\u0173 jos naudot\u0173 automobili\u0173 nuva\u017eiuot\u0173 atstum\u0173 buvo panaudota tarybos nar\u0117s veiklai ir kuro i\u0161laid\u0173 suma gal\u0117jo sudaryti tik 1565 eurus.<\/p>\n<p>Paskelb\u0119s teismo sprendim\u0105, teismas v\u0117liau paskelb\u0117 ir prane\u0161im\u0105, nurodymas platesnius savo verdikto motyvus.<\/p>\n<p>\u201eNors atsakov\u0117 pateik\u0117 s\u0105ra\u0161\u0105 rengini\u0173, i\u0161vyk\u0173, pos\u0117d\u017ei\u0173, kuriuose, jos teigimu, ji dalyvavo kaip tarybos nar\u0117, teismas pa\u017eym\u0117jo, kad vien dalyvavimas \u0161iuose renginiuose ne\u012frodo, jog, vykdydama tarybos nar\u0117s funkcijas, automobiliais ji nuva\u017eiavo beveik 72 t\u016bkst. kilometr\u0173. Atsakov\u0117 nurod\u0117, kad va\u017eiuodavo \u012f kitus rajonus bei miestus susitikti su Seimo nariais, politikais\u201c, \u2013 paskelb\u0117 teis\u0117ja\u00a0L. Bajorinien\u0117.<\/p>\n<p>\u201eTai, teismo vertinimu, n\u0117ra susij\u0119 su tarybos nario veikla. Atsakov\u0117s nurodyti renginiai, susitikimai, tokie kaip agitacija po rajon\u0105 d\u0117l prezidento rinkim\u0173, dalyvavimas debatuose Europos Parlamento rinkimuose, nelaikytini tiesiogiai susij\u0119 su tarybos nario veikla. Be to, pagal atsakov\u0117s naudot\u0173 automobili\u0173 ridas nustatyta, kad bendrai per atsakov\u0117s tarybos nar\u0117s kadencij\u0105, automobiliais nuva\u017eiuota kiek daugiau nei 50 t\u016bkst. kilometr\u0173\u201c, \u2013 nurod\u0117 ji.<\/p>\n<p>Teis\u0117ja atkreip\u0117 d\u0117mes\u012f, kad D. \u017debelien\u0117, b\u016bdama tarybos nare, dirbo samdomus darbus \u012fmon\u0117se. Taip pat teis\u0117jai kilo abejoni\u0173 ir d\u0117l rengini\u0173 kieki\u0173, kuriuos nurod\u0117 politik\u0117. Pavyzd\u017eiui, 2020 m. rugs\u0117jo m\u0117nes\u012f D. \u017debelien\u0117 nurod\u0117 dalyvavusi 36 renginiuose.<\/p>\n<p>Teismas pasisak\u0117 ir d\u0117l tarybos nari\u0173 atsakomyb\u0117s teikiant kvitus. Pasak Taurag\u0117s teismo, Vietos savivaldos \u012fstatymas numato, kad i\u0161moka savivaldyb\u0117s tarybos nariams buvo tikslin\u0117 \u2013 skirta kompensuoti i\u0161laidas, kurias tarybos nariai patyr\u0117 vykdydami b\u016btent tarybos nario veikl\u0105.<\/p>\n<p>\u201ePa\u017eym\u0117tina, kad vien tik formalus kuro \u012fsigijimo dokument\u0173 (degal\u0173 \u012fsigijimo kvit\u0173) tur\u0117jimas ir j\u0173 pateikimas ne\u012frodo, kad visas \u012fsigyt\u0173 degal\u0173 kiekis buvo panaudotas b\u016btent tarybos nario veiklai vykdyti\u201c, \u2013 paskelb\u0117 teis\u0117ja L. Bajorinien\u0117.<\/p>\n<p>\u201eAtsakovei, kuri buvo i\u0161rinkta savivaldyb\u0117s tarybos nare, kuriai taikomi auk\u0161tesni atidumo, r\u016bpestingumo, skaidrumo, s\u0105\u017einingumo, pavyzdingumo, nesavanaudi\u0161kumo, pagarbos \u017emogui ir valstybei reikalavimai, aplinkyb\u0117, jog vien tik degal\u0173 \u012fsigijimo kvito tur\u0117jimo gali nepakakti, kad pagr\u012fsti, jog visa dokumente nurodyta i\u0161laid\u0173 suma yra susijusi su tarybos nario veikla, tur\u0117jo b\u016bti pakankamai ai\u0161kiai suprantama. Juolab, kad atsakov\u0117 visada tur\u0117jo pasirinkim\u0105 neteikti apmok\u0117jimui i\u0161laid\u0173, kuri\u0173 ry\u0161io su tarybos nar\u0117s veikla netur\u0117jo galimybi\u0173 pagr\u012fsti\u201c, \u2013 nurod\u0117 ji.<\/p>\n<p>Parlamento vicepirminink\u0117 D. \u017debelien\u0117 \u00a0teisme sak\u0117 mananti, kad \u0160ilut\u0117s rajono savivaldyb\u0117 gal\u0117jo jai mok\u0117ti u\u017e kur\u0105, kai ji, b\u016bdama \u0161ios tarybos nare, vyko \u012f prezidento Gitano Naus\u0117dos rinkim\u0173 kampanijos renginius, susitikimus su savo partijos lyderiu Remigijumi \u017demaitai\u010diu d\u0117l savo rink\u0117j\u0173 keliam\u0173 problem\u0173.<\/p>\n<p>Min\u0117tas teismo sprendimas dar ne\u012fsiteis\u0117j\u0119s ir per 30 dien\u0173 gali b\u016bti skund\u017eiamas Klaip\u0117dos apygardos teismui.<\/p>\n<p><em><strong>Ingrida Steniulien\u0117 (ELTA)<\/strong><\/em><\/p>\n<p><img loading=\"lazy\" decoding=\"async\" class=\"alignnone size-full wp-image-68679\" src=\"https:\/\/www.silutesnaujienos.lt\/lt\/wp-content\/uploads\/2025\/03\/Untitled.jpg\" alt=\"\" width=\"643\" height=\"123\" srcset=\"https:\/\/www.silutesnaujienos.lt\/lt\/wp-content\/uploads\/2025\/03\/Untitled.jpg 643w, https:\/\/www.silutesnaujienos.lt\/lt\/wp-content\/uploads\/2025\/03\/Untitled-300x57.jpg 300w, https:\/\/www.silutesnaujienos.lt\/lt\/wp-content\/uploads\/2025\/03\/Untitled-450x86.jpg 450w, https:\/\/www.silutesnaujienos.lt\/lt\/wp-content\/uploads\/2025\/03\/Untitled-200x38.jpg 200w\" sizes=\"auto, (max-width: 643px) 100vw, 643px\" \/><\/p>\n","protected":false},"excerpt":{"rendered":"<p>&nbsp; \u201eKarantino laikotarpiu, kai buvo ribojamas jud\u0117jimas \u0161alyje, buvo nupirkta 1814 litr\u0173 degal\u0173, i\u0161 j\u0173 tarybos narei priklausan\u010dia mok\u0117jimo kortele apmok\u0117ta u\u017e beveik 63 litrus. Teismas taip pat nustat\u0117, kad pateiktuose kvituose buvo nurodytas didesnis degal\u0173 kiekis, nei kad gali tilpti \u012f jos naudot\u0173 automobili\u0173 bakus\u201c, \u2013 ra\u0161oma teis\u0117jos Loretos Bajorinien\u0117s sprendime. Toks kiekis buvo [&hellip;]<\/p>\n","protected":false},"author":2,"featured_media":69980,"comment_status":"open","ping_status":"closed","sticky":false,"template":"","format":"standard","meta":{"footnotes":""},"categories":[3873],"tags":[47],"class_list":{"0":"post-71783","1":"post","2":"type-post","3":"status-publish","4":"format-standard","5":"has-post-thumbnail","7":"category-elta","8":"tag-pirmasis"},"yoast_head":"<!-- This site is optimized with the Yoast SEO plugin v27.4 - https:\/\/yoast.com\/product\/yoast-seo-wordpress\/ -->\n<title>D. \u017debelien\u0117s \u201e\u010dekiuk\u0173\u201c byla: per karantin\u0105 \u012fsigijo beveik 2 tonas degal\u0173 - \u0160ilut\u0117s naujienos<\/title>\n<meta name=\"robots\" content=\"index, follow, max-snippet:-1, max-image-preview:large, max-video-preview:-1\" \/>\n<link rel=\"canonical\" href=\"https:\/\/www.silutesnaujienos.lt\/lt\/d-zebelienes-cekiuku-byla-per-karantina-isigijo-beveik-2-tonas-degalu\/\" \/>\n<meta property=\"og:locale\" content=\"lt_LT\" \/>\n<meta property=\"og:type\" content=\"article\" \/>\n<meta property=\"og:title\" content=\"D. \u017debelien\u0117s \u201e\u010dekiuk\u0173\u201c byla: per karantin\u0105 \u012fsigijo beveik 2 tonas degal\u0173 - \u0160ilut\u0117s naujienos\" \/>\n<meta property=\"og:description\" content=\"&nbsp; \u201eKarantino laikotarpiu, kai buvo ribojamas jud\u0117jimas \u0161alyje, buvo nupirkta 1814 litr\u0173 degal\u0173, i\u0161 j\u0173 tarybos narei priklausan\u010dia mok\u0117jimo kortele apmok\u0117ta u\u017e beveik 63 litrus. Teismas taip pat nustat\u0117, kad pateiktuose kvituose buvo nurodytas didesnis degal\u0173 kiekis, nei kad gali tilpti \u012f jos naudot\u0173 automobili\u0173 bakus\u201c, \u2013 ra\u0161oma teis\u0117jos Loretos Bajorinien\u0117s sprendime. Toks kiekis buvo [&hellip;]\" \/>\n<meta property=\"og:url\" content=\"https:\/\/www.silutesnaujienos.lt\/lt\/d-zebelienes-cekiuku-byla-per-karantina-isigijo-beveik-2-tonas-degalu\/\" \/>\n<meta property=\"og:site_name\" content=\"\u0160ilut\u0117s naujienos\" \/>\n<meta property=\"article:publisher\" content=\"https:\/\/www.facebook.com\/silutes.naujienos\/\" \/>\n<meta property=\"article:published_time\" content=\"2025-09-07T13:56:45+00:00\" \/>\n<meta property=\"article:modified_time\" content=\"2025-09-07T14:00:59+00:00\" \/>\n<meta property=\"og:image\" content=\"https:\/\/www.silutesnaujienos.lt\/lt\/wp-content\/uploads\/2025\/06\/zebeliene-elta-scaled.jpg\" \/>\n\t<meta property=\"og:image:width\" content=\"2560\" \/>\n\t<meta property=\"og:image:height\" content=\"1707\" \/>\n\t<meta property=\"og:image:type\" content=\"image\/jpeg\" \/>\n<meta name=\"author\" content=\"\u0160ilut\u0117s naujien\u0173 inf.\" \/>\n<meta name=\"twitter:card\" content=\"summary_large_image\" \/>\n<meta name=\"twitter:label1\" content=\"Written by\" \/>\n\t<meta name=\"twitter:data1\" content=\"\u0160ilut\u0117s naujien\u0173 inf.\" \/>\n\t<meta name=\"twitter:label2\" content=\"Est. reading time\" \/>\n\t<meta name=\"twitter:data2\" content=\"4 minut\u0117s\" \/>\n<script type=\"application\/ld+json\" class=\"yoast-schema-graph\">{\"@context\":\"https:\\\/\\\/schema.org\",\"@graph\":[{\"@type\":\"Article\",\"@id\":\"https:\\\/\\\/www.silutesnaujienos.lt\\\/lt\\\/d-zebelienes-cekiuku-byla-per-karantina-isigijo-beveik-2-tonas-degalu\\\/#article\",\"isPartOf\":{\"@id\":\"https:\\\/\\\/www.silutesnaujienos.lt\\\/lt\\\/d-zebelienes-cekiuku-byla-per-karantina-isigijo-beveik-2-tonas-degalu\\\/\"},\"author\":{\"name\":\"\u0160ilut\u0117s naujien\u0173 inf.\",\"@id\":\"https:\\\/\\\/www.silutesnaujienos.lt\\\/lt\\\/#\\\/schema\\\/person\\\/976440ef837444400af3c77c19c61454\"},\"headline\":\"D. \u017debelien\u0117s \u201e\u010dekiuk\u0173\u201c byla: per karantin\u0105 \u012fsigijo beveik 2 tonas degal\u0173\",\"datePublished\":\"2025-09-07T13:56:45+00:00\",\"dateModified\":\"2025-09-07T14:00:59+00:00\",\"mainEntityOfPage\":{\"@id\":\"https:\\\/\\\/www.silutesnaujienos.lt\\\/lt\\\/d-zebelienes-cekiuku-byla-per-karantina-isigijo-beveik-2-tonas-degalu\\\/\"},\"wordCount\":652,\"commentCount\":0,\"publisher\":{\"@id\":\"https:\\\/\\\/www.silutesnaujienos.lt\\\/lt\\\/#organization\"},\"image\":{\"@id\":\"https:\\\/\\\/www.silutesnaujienos.lt\\\/lt\\\/d-zebelienes-cekiuku-byla-per-karantina-isigijo-beveik-2-tonas-degalu\\\/#primaryimage\"},\"thumbnailUrl\":\"https:\\\/\\\/www.silutesnaujienos.lt\\\/lt\\\/wp-content\\\/uploads\\\/2025\\\/06\\\/zebeliene-elta-scaled.jpg\",\"keywords\":[\"Pirmasis\"],\"articleSection\":[\"ELTA\"],\"inLanguage\":\"lt-LT\",\"potentialAction\":[{\"@type\":\"CommentAction\",\"name\":\"Comment\",\"target\":[\"https:\\\/\\\/www.silutesnaujienos.lt\\\/lt\\\/d-zebelienes-cekiuku-byla-per-karantina-isigijo-beveik-2-tonas-degalu\\\/#respond\"]}]},{\"@type\":\"WebPage\",\"@id\":\"https:\\\/\\\/www.silutesnaujienos.lt\\\/lt\\\/d-zebelienes-cekiuku-byla-per-karantina-isigijo-beveik-2-tonas-degalu\\\/\",\"url\":\"https:\\\/\\\/www.silutesnaujienos.lt\\\/lt\\\/d-zebelienes-cekiuku-byla-per-karantina-isigijo-beveik-2-tonas-degalu\\\/\",\"name\":\"D. \u017debelien\u0117s \u201e\u010dekiuk\u0173\u201c byla: per karantin\u0105 \u012fsigijo beveik 2 tonas degal\u0173 - \u0160ilut\u0117s naujienos\",\"isPartOf\":{\"@id\":\"https:\\\/\\\/www.silutesnaujienos.lt\\\/lt\\\/#website\"},\"primaryImageOfPage\":{\"@id\":\"https:\\\/\\\/www.silutesnaujienos.lt\\\/lt\\\/d-zebelienes-cekiuku-byla-per-karantina-isigijo-beveik-2-tonas-degalu\\\/#primaryimage\"},\"image\":{\"@id\":\"https:\\\/\\\/www.silutesnaujienos.lt\\\/lt\\\/d-zebelienes-cekiuku-byla-per-karantina-isigijo-beveik-2-tonas-degalu\\\/#primaryimage\"},\"thumbnailUrl\":\"https:\\\/\\\/www.silutesnaujienos.lt\\\/lt\\\/wp-content\\\/uploads\\\/2025\\\/06\\\/zebeliene-elta-scaled.jpg\",\"datePublished\":\"2025-09-07T13:56:45+00:00\",\"dateModified\":\"2025-09-07T14:00:59+00:00\",\"breadcrumb\":{\"@id\":\"https:\\\/\\\/www.silutesnaujienos.lt\\\/lt\\\/d-zebelienes-cekiuku-byla-per-karantina-isigijo-beveik-2-tonas-degalu\\\/#breadcrumb\"},\"inLanguage\":\"lt-LT\",\"potentialAction\":[{\"@type\":\"ReadAction\",\"target\":[\"https:\\\/\\\/www.silutesnaujienos.lt\\\/lt\\\/d-zebelienes-cekiuku-byla-per-karantina-isigijo-beveik-2-tonas-degalu\\\/\"]}]},{\"@type\":\"ImageObject\",\"inLanguage\":\"lt-LT\",\"@id\":\"https:\\\/\\\/www.silutesnaujienos.lt\\\/lt\\\/d-zebelienes-cekiuku-byla-per-karantina-isigijo-beveik-2-tonas-degalu\\\/#primaryimage\",\"url\":\"https:\\\/\\\/www.silutesnaujienos.lt\\\/lt\\\/wp-content\\\/uploads\\\/2025\\\/06\\\/zebeliene-elta-scaled.jpg\",\"contentUrl\":\"https:\\\/\\\/www.silutesnaujienos.lt\\\/lt\\\/wp-content\\\/uploads\\\/2025\\\/06\\\/zebeliene-elta-scaled.jpg\",\"width\":2560,\"height\":1707,\"caption\":\"D. \u017debelien\u0117. Andriaus Ufarto (ELTA) nuotr.\"},{\"@type\":\"BreadcrumbList\",\"@id\":\"https:\\\/\\\/www.silutesnaujienos.lt\\\/lt\\\/d-zebelienes-cekiuku-byla-per-karantina-isigijo-beveik-2-tonas-degalu\\\/#breadcrumb\",\"itemListElement\":[{\"@type\":\"ListItem\",\"position\":1,\"name\":\"Home\",\"item\":\"https:\\\/\\\/www.silutesnaujienos.lt\\\/lt\\\/\"},{\"@type\":\"ListItem\",\"position\":2,\"name\":\"D. \u017debelien\u0117s \u201e\u010dekiuk\u0173\u201c byla: per karantin\u0105 \u012fsigijo beveik 2 tonas degal\u0173\"}]},{\"@type\":\"WebSite\",\"@id\":\"https:\\\/\\\/www.silutesnaujienos.lt\\\/lt\\\/#website\",\"url\":\"https:\\\/\\\/www.silutesnaujienos.lt\\\/lt\\\/\",\"name\":\"\u0160ilut\u0117s naujienos\",\"description\":\"B\u016bk ant naujien\u0173 bangos!\",\"publisher\":{\"@id\":\"https:\\\/\\\/www.silutesnaujienos.lt\\\/lt\\\/#organization\"},\"potentialAction\":[{\"@type\":\"SearchAction\",\"target\":{\"@type\":\"EntryPoint\",\"urlTemplate\":\"https:\\\/\\\/www.silutesnaujienos.lt\\\/lt\\\/?s={search_term_string}\"},\"query-input\":{\"@type\":\"PropertyValueSpecification\",\"valueRequired\":true,\"valueName\":\"search_term_string\"}}],\"inLanguage\":\"lt-LT\"},{\"@type\":\"Organization\",\"@id\":\"https:\\\/\\\/www.silutesnaujienos.lt\\\/lt\\\/#organization\",\"name\":\"\u0160ilut\u0117s naujienos\",\"url\":\"https:\\\/\\\/www.silutesnaujienos.lt\\\/lt\\\/\",\"logo\":{\"@type\":\"ImageObject\",\"inLanguage\":\"lt-LT\",\"@id\":\"https:\\\/\\\/www.silutesnaujienos.lt\\\/lt\\\/#\\\/schema\\\/logo\\\/image\\\/\",\"url\":\"https:\\\/\\\/www.silutesnaujienos.lt\\\/lt\\\/wp-content\\\/uploads\\\/2020\\\/06\\\/FB_MAIN.jpg\",\"contentUrl\":\"https:\\\/\\\/www.silutesnaujienos.lt\\\/lt\\\/wp-content\\\/uploads\\\/2020\\\/06\\\/FB_MAIN.jpg\",\"width\":1700,\"height\":956,\"caption\":\"\u0160ilut\u0117s naujienos\"},\"image\":{\"@id\":\"https:\\\/\\\/www.silutesnaujienos.lt\\\/lt\\\/#\\\/schema\\\/logo\\\/image\\\/\"},\"sameAs\":[\"https:\\\/\\\/www.facebook.com\\\/silutes.naujienos\\\/\",\"https:\\\/\\\/www.youtube.com\\\/channel\\\/UCxW-cgrJDt8GxIMxSTAfJZg\"]},{\"@type\":\"Person\",\"@id\":\"https:\\\/\\\/www.silutesnaujienos.lt\\\/lt\\\/#\\\/schema\\\/person\\\/976440ef837444400af3c77c19c61454\",\"name\":\"\u0160ilut\u0117s naujien\u0173 inf.\",\"image\":{\"@type\":\"ImageObject\",\"inLanguage\":\"lt-LT\",\"@id\":\"https:\\\/\\\/www.silutesnaujienos.lt\\\/lt\\\/wp-content\\\/uploads\\\/2020\\\/06\\\/favicon.png\",\"url\":\"https:\\\/\\\/www.silutesnaujienos.lt\\\/lt\\\/wp-content\\\/uploads\\\/2020\\\/06\\\/favicon.png\",\"contentUrl\":\"https:\\\/\\\/www.silutesnaujienos.lt\\\/lt\\\/wp-content\\\/uploads\\\/2020\\\/06\\\/favicon.png\",\"caption\":\"\u0160ilut\u0117s naujien\u0173 inf.\"},\"url\":\"https:\\\/\\\/www.silutesnaujienos.lt\\\/lt\\\/author\\\/vadas\\\/\"}]}<\/script>\n<!-- \/ Yoast SEO plugin. -->","yoast_head_json":{"title":"D. \u017debelien\u0117s \u201e\u010dekiuk\u0173\u201c byla: per karantin\u0105 \u012fsigijo beveik 2 tonas degal\u0173 - \u0160ilut\u0117s naujienos","robots":{"index":"index","follow":"follow","max-snippet":"max-snippet:-1","max-image-preview":"max-image-preview:large","max-video-preview":"max-video-preview:-1"},"canonical":"https:\/\/www.silutesnaujienos.lt\/lt\/d-zebelienes-cekiuku-byla-per-karantina-isigijo-beveik-2-tonas-degalu\/","og_locale":"lt_LT","og_type":"article","og_title":"D. \u017debelien\u0117s \u201e\u010dekiuk\u0173\u201c byla: per karantin\u0105 \u012fsigijo beveik 2 tonas degal\u0173 - \u0160ilut\u0117s naujienos","og_description":"&nbsp; \u201eKarantino laikotarpiu, kai buvo ribojamas jud\u0117jimas \u0161alyje, buvo nupirkta 1814 litr\u0173 degal\u0173, i\u0161 j\u0173 tarybos narei priklausan\u010dia mok\u0117jimo kortele apmok\u0117ta u\u017e beveik 63 litrus. Teismas taip pat nustat\u0117, kad pateiktuose kvituose buvo nurodytas didesnis degal\u0173 kiekis, nei kad gali tilpti \u012f jos naudot\u0173 automobili\u0173 bakus\u201c, \u2013 ra\u0161oma teis\u0117jos Loretos Bajorinien\u0117s sprendime. Toks kiekis buvo [&hellip;]","og_url":"https:\/\/www.silutesnaujienos.lt\/lt\/d-zebelienes-cekiuku-byla-per-karantina-isigijo-beveik-2-tonas-degalu\/","og_site_name":"\u0160ilut\u0117s naujienos","article_publisher":"https:\/\/www.facebook.com\/silutes.naujienos\/","article_published_time":"2025-09-07T13:56:45+00:00","article_modified_time":"2025-09-07T14:00:59+00:00","og_image":[{"width":2560,"height":1707,"url":"https:\/\/www.silutesnaujienos.lt\/lt\/wp-content\/uploads\/2025\/06\/zebeliene-elta-scaled.jpg","type":"image\/jpeg"}],"author":"\u0160ilut\u0117s naujien\u0173 inf.","twitter_card":"summary_large_image","twitter_misc":{"Written by":"\u0160ilut\u0117s naujien\u0173 inf.","Est. reading time":"4 minut\u0117s"},"schema":{"@context":"https:\/\/schema.org","@graph":[{"@type":"Article","@id":"https:\/\/www.silutesnaujienos.lt\/lt\/d-zebelienes-cekiuku-byla-per-karantina-isigijo-beveik-2-tonas-degalu\/#article","isPartOf":{"@id":"https:\/\/www.silutesnaujienos.lt\/lt\/d-zebelienes-cekiuku-byla-per-karantina-isigijo-beveik-2-tonas-degalu\/"},"author":{"name":"\u0160ilut\u0117s naujien\u0173 inf.","@id":"https:\/\/www.silutesnaujienos.lt\/lt\/#\/schema\/person\/976440ef837444400af3c77c19c61454"},"headline":"D. \u017debelien\u0117s \u201e\u010dekiuk\u0173\u201c byla: per karantin\u0105 \u012fsigijo beveik 2 tonas degal\u0173","datePublished":"2025-09-07T13:56:45+00:00","dateModified":"2025-09-07T14:00:59+00:00","mainEntityOfPage":{"@id":"https:\/\/www.silutesnaujienos.lt\/lt\/d-zebelienes-cekiuku-byla-per-karantina-isigijo-beveik-2-tonas-degalu\/"},"wordCount":652,"commentCount":0,"publisher":{"@id":"https:\/\/www.silutesnaujienos.lt\/lt\/#organization"},"image":{"@id":"https:\/\/www.silutesnaujienos.lt\/lt\/d-zebelienes-cekiuku-byla-per-karantina-isigijo-beveik-2-tonas-degalu\/#primaryimage"},"thumbnailUrl":"https:\/\/www.silutesnaujienos.lt\/lt\/wp-content\/uploads\/2025\/06\/zebeliene-elta-scaled.jpg","keywords":["Pirmasis"],"articleSection":["ELTA"],"inLanguage":"lt-LT","potentialAction":[{"@type":"CommentAction","name":"Comment","target":["https:\/\/www.silutesnaujienos.lt\/lt\/d-zebelienes-cekiuku-byla-per-karantina-isigijo-beveik-2-tonas-degalu\/#respond"]}]},{"@type":"WebPage","@id":"https:\/\/www.silutesnaujienos.lt\/lt\/d-zebelienes-cekiuku-byla-per-karantina-isigijo-beveik-2-tonas-degalu\/","url":"https:\/\/www.silutesnaujienos.lt\/lt\/d-zebelienes-cekiuku-byla-per-karantina-isigijo-beveik-2-tonas-degalu\/","name":"D. \u017debelien\u0117s \u201e\u010dekiuk\u0173\u201c byla: per karantin\u0105 \u012fsigijo beveik 2 tonas degal\u0173 - \u0160ilut\u0117s naujienos","isPartOf":{"@id":"https:\/\/www.silutesnaujienos.lt\/lt\/#website"},"primaryImageOfPage":{"@id":"https:\/\/www.silutesnaujienos.lt\/lt\/d-zebelienes-cekiuku-byla-per-karantina-isigijo-beveik-2-tonas-degalu\/#primaryimage"},"image":{"@id":"https:\/\/www.silutesnaujienos.lt\/lt\/d-zebelienes-cekiuku-byla-per-karantina-isigijo-beveik-2-tonas-degalu\/#primaryimage"},"thumbnailUrl":"https:\/\/www.silutesnaujienos.lt\/lt\/wp-content\/uploads\/2025\/06\/zebeliene-elta-scaled.jpg","datePublished":"2025-09-07T13:56:45+00:00","dateModified":"2025-09-07T14:00:59+00:00","breadcrumb":{"@id":"https:\/\/www.silutesnaujienos.lt\/lt\/d-zebelienes-cekiuku-byla-per-karantina-isigijo-beveik-2-tonas-degalu\/#breadcrumb"},"inLanguage":"lt-LT","potentialAction":[{"@type":"ReadAction","target":["https:\/\/www.silutesnaujienos.lt\/lt\/d-zebelienes-cekiuku-byla-per-karantina-isigijo-beveik-2-tonas-degalu\/"]}]},{"@type":"ImageObject","inLanguage":"lt-LT","@id":"https:\/\/www.silutesnaujienos.lt\/lt\/d-zebelienes-cekiuku-byla-per-karantina-isigijo-beveik-2-tonas-degalu\/#primaryimage","url":"https:\/\/www.silutesnaujienos.lt\/lt\/wp-content\/uploads\/2025\/06\/zebeliene-elta-scaled.jpg","contentUrl":"https:\/\/www.silutesnaujienos.lt\/lt\/wp-content\/uploads\/2025\/06\/zebeliene-elta-scaled.jpg","width":2560,"height":1707,"caption":"D. \u017debelien\u0117. Andriaus Ufarto (ELTA) nuotr."},{"@type":"BreadcrumbList","@id":"https:\/\/www.silutesnaujienos.lt\/lt\/d-zebelienes-cekiuku-byla-per-karantina-isigijo-beveik-2-tonas-degalu\/#breadcrumb","itemListElement":[{"@type":"ListItem","position":1,"name":"Home","item":"https:\/\/www.silutesnaujienos.lt\/lt\/"},{"@type":"ListItem","position":2,"name":"D. \u017debelien\u0117s \u201e\u010dekiuk\u0173\u201c byla: per karantin\u0105 \u012fsigijo beveik 2 tonas degal\u0173"}]},{"@type":"WebSite","@id":"https:\/\/www.silutesnaujienos.lt\/lt\/#website","url":"https:\/\/www.silutesnaujienos.lt\/lt\/","name":"\u0160ilut\u0117s naujienos","description":"B\u016bk ant naujien\u0173 bangos!","publisher":{"@id":"https:\/\/www.silutesnaujienos.lt\/lt\/#organization"},"potentialAction":[{"@type":"SearchAction","target":{"@type":"EntryPoint","urlTemplate":"https:\/\/www.silutesnaujienos.lt\/lt\/?s={search_term_string}"},"query-input":{"@type":"PropertyValueSpecification","valueRequired":true,"valueName":"search_term_string"}}],"inLanguage":"lt-LT"},{"@type":"Organization","@id":"https:\/\/www.silutesnaujienos.lt\/lt\/#organization","name":"\u0160ilut\u0117s naujienos","url":"https:\/\/www.silutesnaujienos.lt\/lt\/","logo":{"@type":"ImageObject","inLanguage":"lt-LT","@id":"https:\/\/www.silutesnaujienos.lt\/lt\/#\/schema\/logo\/image\/","url":"https:\/\/www.silutesnaujienos.lt\/lt\/wp-content\/uploads\/2020\/06\/FB_MAIN.jpg","contentUrl":"https:\/\/www.silutesnaujienos.lt\/lt\/wp-content\/uploads\/2020\/06\/FB_MAIN.jpg","width":1700,"height":956,"caption":"\u0160ilut\u0117s naujienos"},"image":{"@id":"https:\/\/www.silutesnaujienos.lt\/lt\/#\/schema\/logo\/image\/"},"sameAs":["https:\/\/www.facebook.com\/silutes.naujienos\/","https:\/\/www.youtube.com\/channel\/UCxW-cgrJDt8GxIMxSTAfJZg"]},{"@type":"Person","@id":"https:\/\/www.silutesnaujienos.lt\/lt\/#\/schema\/person\/976440ef837444400af3c77c19c61454","name":"\u0160ilut\u0117s naujien\u0173 inf.","image":{"@type":"ImageObject","inLanguage":"lt-LT","@id":"https:\/\/www.silutesnaujienos.lt\/lt\/wp-content\/uploads\/2020\/06\/favicon.png","url":"https:\/\/www.silutesnaujienos.lt\/lt\/wp-content\/uploads\/2020\/06\/favicon.png","contentUrl":"https:\/\/www.silutesnaujienos.lt\/lt\/wp-content\/uploads\/2020\/06\/favicon.png","caption":"\u0160ilut\u0117s naujien\u0173 inf."},"url":"https:\/\/www.silutesnaujienos.lt\/lt\/author\/vadas\/"}]}},"publishpress_future_workflow_manual_trigger":{"enabledWorkflows":[]},"amp_enabled":true,"_links":{"self":[{"href":"https:\/\/www.silutesnaujienos.lt\/lt\/wp-json\/wp\/v2\/posts\/71783","targetHints":{"allow":["GET"]}}],"collection":[{"href":"https:\/\/www.silutesnaujienos.lt\/lt\/wp-json\/wp\/v2\/posts"}],"about":[{"href":"https:\/\/www.silutesnaujienos.lt\/lt\/wp-json\/wp\/v2\/types\/post"}],"author":[{"embeddable":true,"href":"https:\/\/www.silutesnaujienos.lt\/lt\/wp-json\/wp\/v2\/users\/2"}],"replies":[{"embeddable":true,"href":"https:\/\/www.silutesnaujienos.lt\/lt\/wp-json\/wp\/v2\/comments?post=71783"}],"version-history":[{"count":1,"href":"https:\/\/www.silutesnaujienos.lt\/lt\/wp-json\/wp\/v2\/posts\/71783\/revisions"}],"predecessor-version":[{"id":71784,"href":"https:\/\/www.silutesnaujienos.lt\/lt\/wp-json\/wp\/v2\/posts\/71783\/revisions\/71784"}],"wp:featuredmedia":[{"embeddable":true,"href":"https:\/\/www.silutesnaujienos.lt\/lt\/wp-json\/wp\/v2\/media\/69980"}],"wp:attachment":[{"href":"https:\/\/www.silutesnaujienos.lt\/lt\/wp-json\/wp\/v2\/media?parent=71783"}],"wp:term":[{"taxonomy":"category","embeddable":true,"href":"https:\/\/www.silutesnaujienos.lt\/lt\/wp-json\/wp\/v2\/categories?post=71783"},{"taxonomy":"post_tag","embeddable":true,"href":"https:\/\/www.silutesnaujienos.lt\/lt\/wp-json\/wp\/v2\/tags?post=71783"}],"curies":[{"name":"wp","href":"https:\/\/api.w.org\/{rel}","templated":true}]}}