{"id":7246,"date":"2017-03-25T06:00:00","date_gmt":"2017-03-25T08:00:00","guid":{"rendered":"https:\/\/www.silutesnaujienos.lt\/lt\/kalbeti-ir-skaityti-lietuviskai-musu-indentiteto-apraiska\/"},"modified":"2017-03-25T06:00:00","modified_gmt":"2017-03-25T08:00:00","slug":"kalbeti-ir-skaityti-lietuviskai-musu-indentiteto-apraiska","status":"publish","type":"post","link":"https:\/\/www.silutesnaujienos.lt\/lt\/kalbeti-ir-skaityti-lietuviskai-musu-indentiteto-apraiska\/","title":{"rendered":"Kalb\u0117ti ir skaityti lietuvi\u0161kai &#8211; m\u016bs\u0173 indentiteto aprai\u0161ka"},"content":{"rendered":"<p><a href=\"\/\/silutesnaujienos.lt\/images\/stories\/2017\/03\/21\/knygnesiu_diena_sveksnoje_Tarvydas_salia_seniuno.jpg\" class=\"jcepopup\" rel=\"caption[Sve\u010dias i\u0161 Garg\u017ed\u0173 \u010c.Tarvydas (s\u0117di pirmas I eil\u0117je) pasakojo apie savo mamos brol\u012f, 1918 met\u0173 Nepriklausomyb\u0117s akto signatar\u0105 J.\u0160aul\u012f.] noopener noreferrer\" target=\"_blank\" data-rel=\"lightbox-gallery-qES2Yo5e\" data-rl_title=\"\" data-rl_caption=\"\"><img loading=\"lazy\" decoding=\"async\" src=\"\/\/silutesnaujienos.lt\/images\/stories\/2017\/03\/21\/thumbnails\/thumb_knygnesiu_diena_sveksnoje_Tarvydas_salia_seniuno.jpg\" alt=\"knygnesiu diena_sveksnoje_Tarvydas_salia_seniuno\" title=\"\" class=\"caption\" style=\"margin: 5px; float: left;\" width=\"307\" height=\"230\" \/><\/a><strong>Knygne\u0161i\u0173 tema \u0161iandien n\u0117ra labai aktuali, ji liko tik istorinio laikotarpio faktu, ta\u010diau, matyt, nema\u017eos dalies tautie\u010di\u0173 pas\u0105mon\u0117je vistik u\u017eima aktyvi\u0105 pozicij\u0105.<br \/><\/strong><br \/><strong>Per knygne\u0161io \u012fvaizd\u012f identifikuojame savo kult\u016brin\u012f i\u0161likim\u0105. Kova u\u017e lietuvi\u0161k\u0105 ra\u0161t\u0105, lietuvi\u0173 kalb\u0105 vyko ir vyksta nuolatos. Kalb\u0117ti lietuvi\u0161kai, m\u0105styti lietuvi\u0161kai yra svarbiausia m\u016bs\u0173 identiteto aprai\u0161ka.<br \/><\/strong><br \/><strong>Kovas &#8211; pirmasis pavasario m\u0117nuo, ne tik skelbiantis gamtos atgimim\u0105, bet ir atne\u0161antis gra\u017ei\u0105 prog\u0105 &#8211; neu\u017emir\u0161ti sunkaus ir tragi\u0161ko lietuvi\u0161ko \u017eod\u017eio kelio.<\/strong><strong><br \/><\/strong><br \/><strong>Paskelb\u0117 fotokonkurs\u0105<br \/><\/strong><br \/>Daug met\u0173 \u0161v\u0117k\u0161ni\u0161ki\u0173 draugija \u201eT\u0117vi\u0161k\u0117\u201c puosel\u0117ja tradicij\u0105 pamin\u0117ti Knygne\u0161io dien\u0105. Kasmet pana\u0161iai organizuojam\u0173 rengini\u0173 rutina ilgainiui ima pabosti, tad nat\u016bralu, kad norisi ka\u017eko naujo.<\/p>\n<p>Draugijos tarybos si\u016blymu, \u0161iemet nutarta suorganizuoti \u0161iai progai skirt\u0105 rengini\u0173 cikl\u0105. Kovo prad\u017eioje paskelbtas fotografij\u0173 konkursas \u201eMano t\u0117vi\u0161k\u0117\u201c, kurio tikslas &#8211; ie\u0161koti, atrasti, kaupti, pasidalinti. Konkurso glob\u0117jas &#8211;&nbsp; kra\u0161tietis Edvardas Jurjonas. Nuotraukas konkursui galima si\u0173sti iki liepos 3 d. el. pa\u0161tu <a href=\"mailto:sveksnateviske@gmail.com\">sveksnateviske@gmail.com<\/a> . Nugal\u0117toj\u0173 apdovanojimo renginys vyks vasar\u0105.<\/p>\n<p><strong>Pagerb\u0117 signatarus Kazimier\u0105 ir Jurg\u012f \u0160aulius<\/strong><\/p>\n<p>Antrasis ciklo renginys Kovo 11-osios i\u0161vakar\u0117se suorganizuotas \u0160v\u0117k\u0161nos bibliotekoje &#8211; susitikimas su Lietuvos Nepriklausomyb\u0117s akto signatar\u0173 Jurgio ir Kazimiero \u0160auli\u0173 giminai\u010diais bei pristatyti leidiniai: Vytauto Ple\u010dkai\u010dio \u201eNepriklausomyb\u0117s Akto signataras Jurgis \u0160aulys\u201c ir Algimanto Katiliaus \u201ePrelatas Kazimieras Steponas \u0160aulys\u201c.<a href=\"\/\/silutesnaujienos.lt\/images\/stories\/2017\/03\/21\/knygnesiu_diena_sveksnoje_paminklas.jpg\" class=\"jcepopup\" rel=\"caption[\u0160v\u0117k\u0161ni\u0161kiai knygne\u0161ius pagerb\u0117 prie jiems skirto paminklo.] noopener noreferrer\" target=\"_blank\" data-rel=\"lightbox-gallery-qES2Yo5e\" data-rl_title=\"\" data-rl_caption=\"\"><img loading=\"lazy\" decoding=\"async\" src=\"\/\/silutesnaujienos.lt\/images\/stories\/2017\/03\/21\/thumbnails\/thumb_knygnesiu_diena_sveksnoje_paminklas.jpg\" alt=\"knygnesiu diena_sveksnoje_paminklas\" title=\"\" class=\"caption\" style=\"margin: 5px; float: right;\" width=\"307\" height=\"230\" \/><\/a><\/p>\n<p>Popiet\u0117s sve\u010dias \u010ceslovas Tarvydas i\u0161 Garg\u017ed\u0173 \u017eaismingai ir \u012fdomiai pasakojo apie savo mamos brol\u012f Jurg\u012f \u0160aul\u012f &#8211; i\u0161kili\u0105 XX a. pirmosios pus\u0117s asmenyb\u0119, varpinink\u0105, Demokrat\u0173 partijos k\u016br\u0117j\u0105, leid\u0117j\u0105 ir \u017eurnalist\u0105, Valstyb\u0117s Tarybos vicepirminink\u0105, Lietuvos pasiuntin\u012f Vokietijoje, Italijoje, prie \u0160ventojo Sosto, Lenkijoje ir \u0160veicarijoje, Lietuvos diplomatijos 1941-1945 m. \u0161ef\u0105, \u017eym\u0173 bibliofil\u0105.<\/p>\n<p>\u012esp\u016bd\u017eiais i\u0161 vizito \u012f Prezident\u016br\u0105 ir Signatar\u0173 namus dalinosi, apie savo gimin\u0117s med\u012f pasakojo, rod\u0117 i\u0161saugotus lai\u0161kus, nuotraukas, testament\u0105 ir kt., Vasario 16-osios Akto signataro, Lietuvos Valstyb\u0117s Tarybos, Steigiamojo Seimo nario prelato Kazimiero Stepono \u0160aulio ketvirtos kartos atstov\u0117 Nijol\u0117 Kairien\u0117 i\u0161 \u0160v\u0117k\u0161nos.<\/p>\n<p>Renginyje taip pat dalyvavo signatar\u0173 giminai\u010diai i\u0161 Bals\u0117n\u0173 kaimo (Klaip\u0117dos r.) ir Stempli\u0173 kaimo (\u0160ilut\u0117s r.). Renginio muzikin\u012f fon\u0105 tautini\u0173 &#8211; patriotini\u0173 dain\u0173 motyvais&nbsp; k\u016br\u0117 Inkakli\u0173 daugiafunkcio centro metodinink\u0117 Jurgita Rum\u0161ien\u0117.<\/p>\n<p><strong>Knygne\u0161iams skyr\u0117 g\u0117les ir eiles<\/strong><\/p>\n<p>Draugijos \u201eT\u0117vi\u0161k\u0117\u201c rengini\u0173 ciklas, skirtas Knygne\u0161iams atminti, u\u017ebaigtas renginiu prie Knygne\u0161i\u0173 paminklo \u0160v\u0117k\u0161nos Liep\u0173 aik\u0161t\u0117s skverelyje kovo 16-\u0105j\u0105 &#8211; Knygne\u0161io dien\u0105. Prie paminklo susirink\u0119s b\u016brelis draugijos nari\u0173 ir \u0161v\u0117k\u0161ni\u0161ki\u0173 pad\u0117jo g\u0117li\u0173 puok\u0161t\u0119, u\u017edeg\u0117 \u017evak\u0119, tylos minute ir malda pagerb\u0117 \u0160v\u0117k\u0161nos knygne\u0161i\u0173: Juozapo Rugio, Andriejaus Bal\u010d\u0117no, Jono Bli\u016bd\u017eiaus, Tado Lomsargio, Marijonos Pup\u0161ait\u0117s, Jono Juciaus, Juozo Toleikio, Domininko Serapino, Juozo Merli\u016bno, Domininko Vanago, Jono Stonkaus, Onos Jucien\u0117s, Jono Vidu\u010dio, Petro Kavaliausko ir kt., atminim\u0105.<\/p>\n<p>Savo k\u016brybos posmus apie knygne\u0161ius paskait\u0117 draugijos nar\u0117, mokytoja Ramut\u0117 Zagurskien\u0117. \u201e\u0160v\u0117k\u0161ni\u0161kiai knygne\u0161iai, &#8211; jautriai savo k\u016bryb\u0105 prad\u0117jo skaityti autor\u0117 ir t\u0119s\u0117: &#8211; iki \u0161irdies gelmi\u0173 graudu i\u0161girsti j\u0173 vardus: Bal\u010d\u0117nas, Rugis, Freitikas ar Bli\u016bd\u017eius, Dauk\u0161ys ir Kavaliauskas, Merli\u016bnas, Jucius&#8230; O kiek dar j\u0173 istorija sena u\u017edengus u\u017emar\u0161ties skara i\u0161duoti pavard\u017ei\u0173 nenori.\u201c<\/p>\n<p>Pasak mokytojos R.Zagurskien\u0117s, ir v\u0117jas, ir saul\u0117, ir debesis, lyd\u0117j\u0119s knygne\u0161ius, lydi kasdien ir \u0161iandien mus visus \u012fvairiom kryptim nuolat skuban\u010dius.<\/p>\n<p>Draugijos narys Domas Merli\u016bnas papasakojo apie savo prosenel\u012f Juoz\u0105 Merli\u016bn\u0105 &#8211; \u0160v\u0117k\u0161nos knygne\u0161\u012f. Ta proga Domas paruo\u0161\u0117 informatyv\u0173 lankstinuk\u0105 ir i\u0161dalijo kiekvienam renginio dalyviui.<\/p>\n<p>\u012e min\u0117jim\u0105 atskub\u0117j\u0119s seni\u016bnas Alfonsas \u0160eputis taip pat pagerb\u0117 knygne\u0161i\u0173 atminim\u0105 &#8211; prie paminklo pad\u0117jo pavasarini\u0173 tulpi\u0173 puok\u0161t\u0119 ir u\u017edeg\u0117 \u017evakut\u0119. Seni\u016bnas pasid\u017eiaug\u0117, kad tradicija pamin\u0117ti Knygne\u0161io dien\u0105 t\u0119siama, kad draugija ie\u0161ko nauj\u0173 erdvi\u0173 ir nauj\u0173 renginio form\u0173, stengiasi neleisti u\u017emar\u0161tin nugrimzti svarbiems praeities istoriniams \u012fvykiams, buria \u0161v\u0117k\u0161ni\u0161ki\u0173 bendruomen\u0119 ir visus kvie\u010dia \u012f organizuojamus renginius.<\/p>\n","protected":false},"excerpt":{"rendered":"<p>Knygne\u0161i\u0173 tema \u0161iandien n\u0117ra labai aktuali, ji liko tik istorinio laikotarpio faktu, ta\u010diau, matyt, nema\u017eos dalies tautie\u010di\u0173 pas\u0105mon\u0117je vistik u\u017eima aktyvi\u0105 pozicij\u0105.Per knygne\u0161io \u012fvaizd\u012f identifikuojame savo kult\u016brin\u012f i\u0161likim\u0105. Kova u\u017e lietuvi\u0161k\u0105 ra\u0161t\u0105, lietuvi\u0173 kalb\u0105 vyko ir vyksta nuolatos. Kalb\u0117ti lietuvi\u0161kai, m\u0105styti lietuvi\u0161kai yra svarbiausia m\u016bs\u0173 identiteto aprai\u0161ka.Kovas &#8211; pirmasis pavasario m\u0117nuo, ne tik skelbiantis gamtos [&hellip;]<\/p>\n","protected":false},"author":1,"featured_media":0,"comment_status":"open","ping_status":"open","sticky":false,"template":"","format":"standard","meta":{"footnotes":""},"categories":[51],"tags":[],"class_list":{"0":"post-7246","1":"post","2":"type-post","3":"status-publish","4":"format-standard","6":"category-kultura-ir-svietimas"},"yoast_head":"<!-- This site is optimized with the Yoast SEO plugin v27.5 - https:\/\/yoast.com\/product\/yoast-seo-wordpress\/ -->\n<title>Kalb\u0117ti ir skaityti lietuvi\u0161kai - m\u016bs\u0173 indentiteto aprai\u0161ka - \u0160ilut\u0117s naujienos<\/title>\n<meta name=\"robots\" content=\"index, follow, max-snippet:-1, max-image-preview:large, max-video-preview:-1\" \/>\n<link rel=\"canonical\" href=\"https:\/\/www.silutesnaujienos.lt\/lt\/kalbeti-ir-skaityti-lietuviskai-musu-indentiteto-apraiska\/\" \/>\n<meta property=\"og:locale\" content=\"lt_LT\" \/>\n<meta property=\"og:type\" content=\"article\" \/>\n<meta property=\"og:title\" content=\"Kalb\u0117ti ir skaityti lietuvi\u0161kai - m\u016bs\u0173 indentiteto aprai\u0161ka - \u0160ilut\u0117s naujienos\" \/>\n<meta property=\"og:description\" content=\"Knygne\u0161i\u0173 tema \u0161iandien n\u0117ra labai aktuali, ji liko tik istorinio laikotarpio faktu, ta\u010diau, matyt, nema\u017eos dalies tautie\u010di\u0173 pas\u0105mon\u0117je vistik u\u017eima aktyvi\u0105 pozicij\u0105.Per knygne\u0161io \u012fvaizd\u012f identifikuojame savo kult\u016brin\u012f i\u0161likim\u0105. Kova u\u017e lietuvi\u0161k\u0105 ra\u0161t\u0105, lietuvi\u0173 kalb\u0105 vyko ir vyksta nuolatos. Kalb\u0117ti lietuvi\u0161kai, m\u0105styti lietuvi\u0161kai yra svarbiausia m\u016bs\u0173 identiteto aprai\u0161ka.Kovas &#8211; pirmasis pavasario m\u0117nuo, ne tik skelbiantis gamtos [&hellip;]\" \/>\n<meta property=\"og:url\" content=\"https:\/\/www.silutesnaujienos.lt\/lt\/kalbeti-ir-skaityti-lietuviskai-musu-indentiteto-apraiska\/\" \/>\n<meta property=\"og:site_name\" content=\"\u0160ilut\u0117s naujienos\" \/>\n<meta property=\"article:publisher\" content=\"https:\/\/www.facebook.com\/silutes.naujienos\/\" \/>\n<meta property=\"article:published_time\" content=\"2017-03-25T08:00:00+00:00\" \/>\n<meta property=\"og:image\" content=\"\/\/silutesnaujienos.lt\/images\/stories\/2017\/03\/21\/thumbnails\/thumb_knygnesiu_diena_sveksnoje_Tarvydas_salia_seniuno.jpg\" \/>\n<meta name=\"author\" content=\"\u0160ilut\u0117s naujien\u0173 inf.\" \/>\n<meta name=\"twitter:card\" content=\"summary_large_image\" \/>\n<meta name=\"twitter:label1\" content=\"Written by\" \/>\n\t<meta name=\"twitter:data1\" content=\"\u0160ilut\u0117s naujien\u0173 inf.\" \/>\n\t<meta name=\"twitter:label2\" content=\"Est. reading time\" \/>\n\t<meta name=\"twitter:data2\" content=\"4 minut\u0117s\" \/>\n<script type=\"application\/ld+json\" class=\"yoast-schema-graph\">{\"@context\":\"https:\\\/\\\/schema.org\",\"@graph\":[{\"@type\":\"Article\",\"@id\":\"https:\\\/\\\/www.silutesnaujienos.lt\\\/lt\\\/kalbeti-ir-skaityti-lietuviskai-musu-indentiteto-apraiska\\\/#article\",\"isPartOf\":{\"@id\":\"https:\\\/\\\/www.silutesnaujienos.lt\\\/lt\\\/kalbeti-ir-skaityti-lietuviskai-musu-indentiteto-apraiska\\\/\"},\"author\":{\"name\":\"\u0160ilut\u0117s naujien\u0173 inf.\",\"@id\":\"https:\\\/\\\/www.silutesnaujienos.lt\\\/lt\\\/#\\\/schema\\\/person\\\/232f475ddd4a7b5f49b3abc788b17e83\"},\"headline\":\"Kalb\u0117ti ir skaityti lietuvi\u0161kai &#8211; m\u016bs\u0173 indentiteto aprai\u0161ka\",\"datePublished\":\"2017-03-25T08:00:00+00:00\",\"mainEntityOfPage\":{\"@id\":\"https:\\\/\\\/www.silutesnaujienos.lt\\\/lt\\\/kalbeti-ir-skaityti-lietuviskai-musu-indentiteto-apraiska\\\/\"},\"wordCount\":718,\"commentCount\":0,\"publisher\":{\"@id\":\"https:\\\/\\\/www.silutesnaujienos.lt\\\/lt\\\/#organization\"},\"articleSection\":[\"Kult\u016bra ir \u0161vietimas\"],\"inLanguage\":\"lt-LT\",\"potentialAction\":[{\"@type\":\"CommentAction\",\"name\":\"Comment\",\"target\":[\"https:\\\/\\\/www.silutesnaujienos.lt\\\/lt\\\/kalbeti-ir-skaityti-lietuviskai-musu-indentiteto-apraiska\\\/#respond\"]}]},{\"@type\":\"WebPage\",\"@id\":\"https:\\\/\\\/www.silutesnaujienos.lt\\\/lt\\\/kalbeti-ir-skaityti-lietuviskai-musu-indentiteto-apraiska\\\/\",\"url\":\"https:\\\/\\\/www.silutesnaujienos.lt\\\/lt\\\/kalbeti-ir-skaityti-lietuviskai-musu-indentiteto-apraiska\\\/\",\"name\":\"Kalb\u0117ti ir skaityti lietuvi\u0161kai - m\u016bs\u0173 indentiteto aprai\u0161ka - \u0160ilut\u0117s naujienos\",\"isPartOf\":{\"@id\":\"https:\\\/\\\/www.silutesnaujienos.lt\\\/lt\\\/#website\"},\"datePublished\":\"2017-03-25T08:00:00+00:00\",\"breadcrumb\":{\"@id\":\"https:\\\/\\\/www.silutesnaujienos.lt\\\/lt\\\/kalbeti-ir-skaityti-lietuviskai-musu-indentiteto-apraiska\\\/#breadcrumb\"},\"inLanguage\":\"lt-LT\",\"potentialAction\":[{\"@type\":\"ReadAction\",\"target\":[\"https:\\\/\\\/www.silutesnaujienos.lt\\\/lt\\\/kalbeti-ir-skaityti-lietuviskai-musu-indentiteto-apraiska\\\/\"]}]},{\"@type\":\"BreadcrumbList\",\"@id\":\"https:\\\/\\\/www.silutesnaujienos.lt\\\/lt\\\/kalbeti-ir-skaityti-lietuviskai-musu-indentiteto-apraiska\\\/#breadcrumb\",\"itemListElement\":[{\"@type\":\"ListItem\",\"position\":1,\"name\":\"Home\",\"item\":\"https:\\\/\\\/www.silutesnaujienos.lt\\\/lt\\\/\"},{\"@type\":\"ListItem\",\"position\":2,\"name\":\"Kalb\u0117ti ir skaityti lietuvi\u0161kai &#8211; m\u016bs\u0173 indentiteto aprai\u0161ka\"}]},{\"@type\":\"WebSite\",\"@id\":\"https:\\\/\\\/www.silutesnaujienos.lt\\\/lt\\\/#website\",\"url\":\"https:\\\/\\\/www.silutesnaujienos.lt\\\/lt\\\/\",\"name\":\"\u0160ilut\u0117s naujienos\",\"description\":\"B\u016bk ant naujien\u0173 bangos!\",\"publisher\":{\"@id\":\"https:\\\/\\\/www.silutesnaujienos.lt\\\/lt\\\/#organization\"},\"potentialAction\":[{\"@type\":\"SearchAction\",\"target\":{\"@type\":\"EntryPoint\",\"urlTemplate\":\"https:\\\/\\\/www.silutesnaujienos.lt\\\/lt\\\/?s={search_term_string}\"},\"query-input\":{\"@type\":\"PropertyValueSpecification\",\"valueRequired\":true,\"valueName\":\"search_term_string\"}}],\"inLanguage\":\"lt-LT\"},{\"@type\":\"Organization\",\"@id\":\"https:\\\/\\\/www.silutesnaujienos.lt\\\/lt\\\/#organization\",\"name\":\"\u0160ilut\u0117s naujienos\",\"url\":\"https:\\\/\\\/www.silutesnaujienos.lt\\\/lt\\\/\",\"logo\":{\"@type\":\"ImageObject\",\"inLanguage\":\"lt-LT\",\"@id\":\"https:\\\/\\\/www.silutesnaujienos.lt\\\/lt\\\/#\\\/schema\\\/logo\\\/image\\\/\",\"url\":\"https:\\\/\\\/www.silutesnaujienos.lt\\\/lt\\\/wp-content\\\/uploads\\\/2020\\\/06\\\/FB_MAIN.jpg\",\"contentUrl\":\"https:\\\/\\\/www.silutesnaujienos.lt\\\/lt\\\/wp-content\\\/uploads\\\/2020\\\/06\\\/FB_MAIN.jpg\",\"width\":1700,\"height\":956,\"caption\":\"\u0160ilut\u0117s naujienos\"},\"image\":{\"@id\":\"https:\\\/\\\/www.silutesnaujienos.lt\\\/lt\\\/#\\\/schema\\\/logo\\\/image\\\/\"},\"sameAs\":[\"https:\\\/\\\/www.facebook.com\\\/silutes.naujienos\\\/\",\"https:\\\/\\\/www.youtube.com\\\/channel\\\/UCxW-cgrJDt8GxIMxSTAfJZg\"]},{\"@type\":\"Person\",\"@id\":\"https:\\\/\\\/www.silutesnaujienos.lt\\\/lt\\\/#\\\/schema\\\/person\\\/232f475ddd4a7b5f49b3abc788b17e83\",\"name\":\"\u0160ilut\u0117s naujien\u0173 inf.\",\"image\":{\"@type\":\"ImageObject\",\"inLanguage\":\"lt-LT\",\"@id\":\"https:\\\/\\\/www.silutesnaujienos.lt\\\/lt\\\/wp-content\\\/uploads\\\/2020\\\/06\\\/favicon.png\",\"url\":\"https:\\\/\\\/www.silutesnaujienos.lt\\\/lt\\\/wp-content\\\/uploads\\\/2020\\\/06\\\/favicon.png\",\"contentUrl\":\"https:\\\/\\\/www.silutesnaujienos.lt\\\/lt\\\/wp-content\\\/uploads\\\/2020\\\/06\\\/favicon.png\",\"caption\":\"\u0160ilut\u0117s naujien\u0173 inf.\"},\"sameAs\":[\"https:\\\/\\\/www.silutesnaujienos.lt\\\/lt\"],\"url\":\"https:\\\/\\\/www.silutesnaujienos.lt\\\/lt\\\/author\\\/ruta\\\/\"}]}<\/script>\n<!-- \/ Yoast SEO plugin. -->","yoast_head_json":{"title":"Kalb\u0117ti ir skaityti lietuvi\u0161kai - m\u016bs\u0173 indentiteto aprai\u0161ka - \u0160ilut\u0117s naujienos","robots":{"index":"index","follow":"follow","max-snippet":"max-snippet:-1","max-image-preview":"max-image-preview:large","max-video-preview":"max-video-preview:-1"},"canonical":"https:\/\/www.silutesnaujienos.lt\/lt\/kalbeti-ir-skaityti-lietuviskai-musu-indentiteto-apraiska\/","og_locale":"lt_LT","og_type":"article","og_title":"Kalb\u0117ti ir skaityti lietuvi\u0161kai - m\u016bs\u0173 indentiteto aprai\u0161ka - \u0160ilut\u0117s naujienos","og_description":"Knygne\u0161i\u0173 tema \u0161iandien n\u0117ra labai aktuali, ji liko tik istorinio laikotarpio faktu, ta\u010diau, matyt, nema\u017eos dalies tautie\u010di\u0173 pas\u0105mon\u0117je vistik u\u017eima aktyvi\u0105 pozicij\u0105.Per knygne\u0161io \u012fvaizd\u012f identifikuojame savo kult\u016brin\u012f i\u0161likim\u0105. Kova u\u017e lietuvi\u0161k\u0105 ra\u0161t\u0105, lietuvi\u0173 kalb\u0105 vyko ir vyksta nuolatos. Kalb\u0117ti lietuvi\u0161kai, m\u0105styti lietuvi\u0161kai yra svarbiausia m\u016bs\u0173 identiteto aprai\u0161ka.Kovas &#8211; pirmasis pavasario m\u0117nuo, ne tik skelbiantis gamtos [&hellip;]","og_url":"https:\/\/www.silutesnaujienos.lt\/lt\/kalbeti-ir-skaityti-lietuviskai-musu-indentiteto-apraiska\/","og_site_name":"\u0160ilut\u0117s naujienos","article_publisher":"https:\/\/www.facebook.com\/silutes.naujienos\/","article_published_time":"2017-03-25T08:00:00+00:00","og_image":[{"url":"\/\/silutesnaujienos.lt\/images\/stories\/2017\/03\/21\/thumbnails\/thumb_knygnesiu_diena_sveksnoje_Tarvydas_salia_seniuno.jpg","type":"","width":"","height":""}],"author":"\u0160ilut\u0117s naujien\u0173 inf.","twitter_card":"summary_large_image","twitter_misc":{"Written by":"\u0160ilut\u0117s naujien\u0173 inf.","Est. reading time":"4 minut\u0117s"},"schema":{"@context":"https:\/\/schema.org","@graph":[{"@type":"Article","@id":"https:\/\/www.silutesnaujienos.lt\/lt\/kalbeti-ir-skaityti-lietuviskai-musu-indentiteto-apraiska\/#article","isPartOf":{"@id":"https:\/\/www.silutesnaujienos.lt\/lt\/kalbeti-ir-skaityti-lietuviskai-musu-indentiteto-apraiska\/"},"author":{"name":"\u0160ilut\u0117s naujien\u0173 inf.","@id":"https:\/\/www.silutesnaujienos.lt\/lt\/#\/schema\/person\/232f475ddd4a7b5f49b3abc788b17e83"},"headline":"Kalb\u0117ti ir skaityti lietuvi\u0161kai &#8211; m\u016bs\u0173 indentiteto aprai\u0161ka","datePublished":"2017-03-25T08:00:00+00:00","mainEntityOfPage":{"@id":"https:\/\/www.silutesnaujienos.lt\/lt\/kalbeti-ir-skaityti-lietuviskai-musu-indentiteto-apraiska\/"},"wordCount":718,"commentCount":0,"publisher":{"@id":"https:\/\/www.silutesnaujienos.lt\/lt\/#organization"},"articleSection":["Kult\u016bra ir \u0161vietimas"],"inLanguage":"lt-LT","potentialAction":[{"@type":"CommentAction","name":"Comment","target":["https:\/\/www.silutesnaujienos.lt\/lt\/kalbeti-ir-skaityti-lietuviskai-musu-indentiteto-apraiska\/#respond"]}]},{"@type":"WebPage","@id":"https:\/\/www.silutesnaujienos.lt\/lt\/kalbeti-ir-skaityti-lietuviskai-musu-indentiteto-apraiska\/","url":"https:\/\/www.silutesnaujienos.lt\/lt\/kalbeti-ir-skaityti-lietuviskai-musu-indentiteto-apraiska\/","name":"Kalb\u0117ti ir skaityti lietuvi\u0161kai - m\u016bs\u0173 indentiteto aprai\u0161ka - \u0160ilut\u0117s naujienos","isPartOf":{"@id":"https:\/\/www.silutesnaujienos.lt\/lt\/#website"},"datePublished":"2017-03-25T08:00:00+00:00","breadcrumb":{"@id":"https:\/\/www.silutesnaujienos.lt\/lt\/kalbeti-ir-skaityti-lietuviskai-musu-indentiteto-apraiska\/#breadcrumb"},"inLanguage":"lt-LT","potentialAction":[{"@type":"ReadAction","target":["https:\/\/www.silutesnaujienos.lt\/lt\/kalbeti-ir-skaityti-lietuviskai-musu-indentiteto-apraiska\/"]}]},{"@type":"BreadcrumbList","@id":"https:\/\/www.silutesnaujienos.lt\/lt\/kalbeti-ir-skaityti-lietuviskai-musu-indentiteto-apraiska\/#breadcrumb","itemListElement":[{"@type":"ListItem","position":1,"name":"Home","item":"https:\/\/www.silutesnaujienos.lt\/lt\/"},{"@type":"ListItem","position":2,"name":"Kalb\u0117ti ir skaityti lietuvi\u0161kai &#8211; m\u016bs\u0173 indentiteto aprai\u0161ka"}]},{"@type":"WebSite","@id":"https:\/\/www.silutesnaujienos.lt\/lt\/#website","url":"https:\/\/www.silutesnaujienos.lt\/lt\/","name":"\u0160ilut\u0117s naujienos","description":"B\u016bk ant naujien\u0173 bangos!","publisher":{"@id":"https:\/\/www.silutesnaujienos.lt\/lt\/#organization"},"potentialAction":[{"@type":"SearchAction","target":{"@type":"EntryPoint","urlTemplate":"https:\/\/www.silutesnaujienos.lt\/lt\/?s={search_term_string}"},"query-input":{"@type":"PropertyValueSpecification","valueRequired":true,"valueName":"search_term_string"}}],"inLanguage":"lt-LT"},{"@type":"Organization","@id":"https:\/\/www.silutesnaujienos.lt\/lt\/#organization","name":"\u0160ilut\u0117s naujienos","url":"https:\/\/www.silutesnaujienos.lt\/lt\/","logo":{"@type":"ImageObject","inLanguage":"lt-LT","@id":"https:\/\/www.silutesnaujienos.lt\/lt\/#\/schema\/logo\/image\/","url":"https:\/\/www.silutesnaujienos.lt\/lt\/wp-content\/uploads\/2020\/06\/FB_MAIN.jpg","contentUrl":"https:\/\/www.silutesnaujienos.lt\/lt\/wp-content\/uploads\/2020\/06\/FB_MAIN.jpg","width":1700,"height":956,"caption":"\u0160ilut\u0117s naujienos"},"image":{"@id":"https:\/\/www.silutesnaujienos.lt\/lt\/#\/schema\/logo\/image\/"},"sameAs":["https:\/\/www.facebook.com\/silutes.naujienos\/","https:\/\/www.youtube.com\/channel\/UCxW-cgrJDt8GxIMxSTAfJZg"]},{"@type":"Person","@id":"https:\/\/www.silutesnaujienos.lt\/lt\/#\/schema\/person\/232f475ddd4a7b5f49b3abc788b17e83","name":"\u0160ilut\u0117s naujien\u0173 inf.","image":{"@type":"ImageObject","inLanguage":"lt-LT","@id":"https:\/\/www.silutesnaujienos.lt\/lt\/wp-content\/uploads\/2020\/06\/favicon.png","url":"https:\/\/www.silutesnaujienos.lt\/lt\/wp-content\/uploads\/2020\/06\/favicon.png","contentUrl":"https:\/\/www.silutesnaujienos.lt\/lt\/wp-content\/uploads\/2020\/06\/favicon.png","caption":"\u0160ilut\u0117s naujien\u0173 inf."},"sameAs":["https:\/\/www.silutesnaujienos.lt\/lt"],"url":"https:\/\/www.silutesnaujienos.lt\/lt\/author\/ruta\/"}]}},"publishpress_future_workflow_manual_trigger":{"enabledWorkflows":[]},"amp_enabled":true,"_links":{"self":[{"href":"https:\/\/www.silutesnaujienos.lt\/lt\/wp-json\/wp\/v2\/posts\/7246","targetHints":{"allow":["GET"]}}],"collection":[{"href":"https:\/\/www.silutesnaujienos.lt\/lt\/wp-json\/wp\/v2\/posts"}],"about":[{"href":"https:\/\/www.silutesnaujienos.lt\/lt\/wp-json\/wp\/v2\/types\/post"}],"author":[{"embeddable":true,"href":"https:\/\/www.silutesnaujienos.lt\/lt\/wp-json\/wp\/v2\/users\/1"}],"replies":[{"embeddable":true,"href":"https:\/\/www.silutesnaujienos.lt\/lt\/wp-json\/wp\/v2\/comments?post=7246"}],"version-history":[{"count":0,"href":"https:\/\/www.silutesnaujienos.lt\/lt\/wp-json\/wp\/v2\/posts\/7246\/revisions"}],"wp:attachment":[{"href":"https:\/\/www.silutesnaujienos.lt\/lt\/wp-json\/wp\/v2\/media?parent=7246"}],"wp:term":[{"taxonomy":"category","embeddable":true,"href":"https:\/\/www.silutesnaujienos.lt\/lt\/wp-json\/wp\/v2\/categories?post=7246"},{"taxonomy":"post_tag","embeddable":true,"href":"https:\/\/www.silutesnaujienos.lt\/lt\/wp-json\/wp\/v2\/tags?post=7246"}],"curies":[{"name":"wp","href":"https:\/\/api.w.org\/{rel}","templated":true}]}}