{"id":7262,"date":"2017-05-13T05:00:00","date_gmt":"2017-05-13T07:00:00","guid":{"rendered":"https:\/\/www.silutesnaujienos.lt\/lt\/spaudos-atgavimo-kalbos-ir-knygos-diena-demesys-ziniasklaidos-baru-atstovams\/"},"modified":"2017-05-13T05:00:00","modified_gmt":"2017-05-13T07:00:00","slug":"spaudos-atgavimo-kalbos-ir-knygos-diena-demesys-ziniasklaidos-baru-atstovams","status":"publish","type":"post","link":"https:\/\/www.silutesnaujienos.lt\/lt\/spaudos-atgavimo-kalbos-ir-knygos-diena-demesys-ziniasklaidos-baru-atstovams\/","title":{"rendered":"Spaudos atgavimo, kalbos ir knygos dien\u0105 &#8211; d\u0117mesys \u017einiasklaidos bar\u0173 atstovams"},"content":{"rendered":"<p><a href=\"\/\/silutesnaujienos.lt\/images\/stories\/2017\/05\/09\/spaudos_diena.jpg\" class=\"jcepopup\" rel=\"caption[Spaudos atgavimo, kalbos ir knygos dien\u0105 \u012fsiam\u017eino \u017einiasklaidos darbuotojai bibliotekininkai.] noopener noreferrer\" target=\"_blank\" data-rel=\"lightbox-gallery-4Oz6wSo5\" data-rl_title=\"\" data-rl_caption=\"\"><img loading=\"lazy\" decoding=\"async\" src=\"\/\/silutesnaujienos.lt\/images\/stories\/2017\/05\/09\/thumbnails\/thumb_spaudos_diena.jpg\" alt=\"spaudos diena\" title=\"\" class=\"caption\" style=\"margin: 5px; float: left;\" height=\"230\" width=\"307\" \/><\/a><strong>Spaudos atgavimo, kalbos ir knygos diena &#8211; visuotin\u0117 lietuvi\u0173 \u0161vent\u0117, tad penktadien\u012f ji ir min\u0117ta pla\u010diai.<br \/><\/strong><br \/><strong>\u0160ilut\u0117s rajono \u017einiasklaidos atstovus pasveikino ir rajono savivaldyb\u0117s, ir did\u017ei\u0173j\u0173 \u012fmoni\u0173 vadovai, ir skaitytojai.<\/strong><strong><br \/><\/strong><br \/><strong>\u017durnalistams teko pasukti galvas<br \/><\/strong><br \/>I\u0161radingasis \u0160ilut\u0117s F.Bajorai\u010do vie\u0161osios bibliotekos kolektyvas i\u0161radingumu i\u0161siskyr\u0117 ir \u0161\u012fkart. \u012e bibliotekoje surengt\u0105 popiet\u0119 kartu su savivaldyb\u0117s vadovais jie sukviet\u0117 vis\u0173 rajono laikra\u0161\u010di\u0173 redakcij\u0173 kolektyvus.<\/p>\n<p>Susirinkusiuosius sveikin\u0119s rajono mero pavaduotojas Algis Bekeris pabr\u0117\u017e\u0117, kad itin prasminga toki\u0105 visiems lietuviams svarbi\u0105 dien\u0105 susirinkti prasmingoje vietoje &#8211; knyg\u0173 namuose. Susirinko, anot pavaduotojo, tie, kas gerbia ir lietuvi\u0173 kalb\u0105, ir spaud\u0105.<a href=\"\/\/silutesnaujienos.lt\/images\/stories\/2017\/05\/09\/spaudos_diena_1.jpg\" class=\"jcepopup\" rel=\"caption[Profesin\u0117s \u0161vent\u0117s proga laikra\u0161\u010di\u0173 redakcij\u0173 darbuotojai bibliotekoje atidar\u0117 pirm\u0105j\u0105 bendr\u0105 spaudos nuotrauk\u0173 parod\u0105, dalyvavo susitikime su \u017eurnaliste L.Lavaste (antra i\u0161 kair\u0117s).] noopener noreferrer\" target=\"_blank\" data-rel=\"lightbox-gallery-4Oz6wSo5\" data-rl_title=\"\" data-rl_caption=\"\"><img loading=\"lazy\" decoding=\"async\" src=\"\/\/silutesnaujienos.lt\/images\/stories\/2017\/05\/09\/thumbnails\/thumb_spaudos_diena_1.jpg\" alt=\"spaudos diena_1\" title=\"\" class=\"caption\" style=\"margin: 5px; float: right;\" height=\"230\" width=\"307\" \/><\/a><\/p>\n<p>\u201e\u012eprasta, kad \u017emon\u0117s buriasi aplink protingus \u017emones, o protingi yra tie, kas skaito\u201c, &#8211; kalb\u0117jo A.Bekeris.<br \/>\u201eKalba &#8211; m\u016bs\u0173 tautos vertyb\u0117, o knyga &#8211; tai i\u0161mintis\u201c, &#8211; antrino jam Savivaldyb\u0117s administracijos direktorius Sigitas \u0160eputis, palink\u0117j\u0119s \u017einiasklaidos bar\u0173 atstovams k\u016brybi\u0161kumo, tolerancijos ir objektyvumo.<\/p>\n<p>\u201eSu \u0161vente. Tik ra\u0161ykit\u201c, &#8211; i\u0161skirtinai lakoni\u0161kas \u0161\u012fkart buvo S.\u0160epu\u010dio pavaduotojas Virgilijus Pozingis.<\/p>\n<p>Bet ne \u0161iaip sau pas\u0117d\u0117ti t\u0105dien sukviesti \u0161i\u0173 dviej\u0173 stovykl\u0173 &#8211; vald\u017eios ir \u017einiasklaidos &#8211; atstovai. <\/p>\n<p>Susirinkusiesiems surengtas kiek kitoks, bet vis d\u0117lto prot\u0173 m\u016b\u0161is. Komandoms teko pasukti galvas sprend\u017eiant galvos\u016bkius apie rajono vald\u017eios \u0161eimynyk\u0161\u010di\u0173 vardus, j\u0173 pana\u0161um\u0105 \u012f \u017einomas pasaulio ir \u0161alies asmenybes, prisimenant savivaldyb\u0117s vadov\u0173 bei konkurent\u0173 &#8211; koleg\u0173 i\u0161 kit\u0173 laikra\u0161\u010di\u0173 ra\u0161ytus straipsnius ir frazes. Kaip kam sek\u0117si? Visaip, bet niekas t\u0105dien d\u0117l vienos ar kitos nes\u0117km\u0117s nei\u0161gyveno, nes ne laim\u0117ti t\u0105dien buvo svarbiausia.<\/p>\n<p>Pabaigoje visi sustojo bendrai nuotraukai, kuri bus i\u0161spausdinta \u0160ilut\u0117s r. savivaldyb\u0117s Komunikacijos skyriaus rengiamoje knygoje apie dabarties \u0160ilut\u0119. Leidinys tur\u0117t\u0173 pasirodyti jau \u0161iemet.<\/p>\n<p>Dar viena Spaudos dienos naujiena: bibliotekos Periodikos skaitykloje atidaryta pirmoji spaudos \u017eurnalist\u0173 fotografij\u0173 paroda. J\u0105 inicijavo kolegos Saulius Sodonis ir Vaidotas Vilkas, paragin\u0119 \u012fvairi\u0173 redakcij\u0173 atstovus atrinkti parodai po 5 reporta\u017eines nuotraukas. Susidar\u0117 keli\u0173 de\u0161im\u010di\u0173 kadr\u0173 ekspozicija, kuri\u0105 dabar gali ap\u017ei\u016br\u0117ti \u0161iluti\u0161kiai, o v\u0117liau ji apkeliaus seni\u016bnij\u0173 bibliotekas.<\/p>\n<p>T\u0105 \u0161ventin\u0119 popiet\u0119 \u0161iluti\u0161kiai tur\u0117jo galimyb\u0119 susitikti su garsia \u017eurnaliste, visuomen\u0119 supur\u010diusi\u0173 knyg\u0173 autore Laima Lavaste. Apie \u0161\u012f susitikim\u0105 papasakosime artimiausiuose \u201e\u0160ilut\u0117s naujien\u0173\u201c numeriuose.<\/p>\n<p><strong>Sve\u010diuose pas baldininkus<\/strong><\/p>\n<p><a href=\"\/\/silutesnaujienos.lt\/images\/stories\/2017\/05\/09\/spaudos_diena_rulete.jpg\" class=\"jcepopup\" rel=\"caption[Bibliotekininkai \u017einiasklaidos darbuotojams sureng\u0117 smag\u0173 \u017eini\u0173 patikrinim\u0105.] noopener noreferrer\" target=\"_blank\" data-rel=\"lightbox-gallery-4Oz6wSo5\" data-rl_title=\"\" data-rl_caption=\"\"><img loading=\"lazy\" decoding=\"async\" src=\"\/\/silutesnaujienos.lt\/images\/stories\/2017\/05\/09\/thumbnails\/thumb_spaudos_diena_rulete.jpg\" alt=\"spaudos diena_rulete\" title=\"\" class=\"caption\" style=\"margin: 5px; float: left;\" height=\"230\" width=\"307\" \/><\/a>Nebe pirmus metus rajono \u017einiasklaidininkus j\u0173 profesin\u0117s \u0161vent\u0117s proga pasveikina ir \u201eLietuvos pa\u0161tas\u201c, ir did\u017eiausios rajono \u012fmon\u0117s &#8211; AB \u201e\u0160ilut\u0117s baldai\u201c vadovai. \u0160\u012fkart \u201e\u0160ilut\u0117s bald\u0173\u201c direktor\u0117 Asta Dijokien\u0117 pabendrauti su rajono \u017einiasklaida pasikviet\u0117 ir tam pa\u010diam SBA koncernui priklausan\u010dios \u012fmon\u0117s, \u012fsik\u016brusios Vilky\u010diuose, &#8211; UAB \u201eGermanika\u201c vadov\u0105 Robert\u0105 Baltuon\u012f.<\/p>\n<p>Prie puodelio kavos buvo pasidalinta mintimis apie baldinink\u0173 ir \u017einiasklaidinink\u0173 kasdienius darbus ir veiklos i\u0161\u0161\u016bkius. Spaudos atstovai ap\u017ei\u016br\u0117jo \u201e\u0160ilut\u0117s bald\u0173\u201c produkcijos naujausius pavyzd\u017eius ir pasid\u017eiaug\u0117 j\u0173 inovatyvumu, daugiafunkcialumu.<\/p>\n<p>S.Dijokien\u0117 d\u0117kojo rajono \u017einiasklaidininkams u\u017e puik\u0173 bendradarbiavim\u0105, \u012fvairi\u0173 iniciatyv\u0173 vie\u0161inim\u0105. Prisimintas ir baldinink\u0173 bendradarbiavimas su \u0160ilut\u0117s meno mokyklos dailininkais, ir Lietuvos prezident\u0117s Dalios Grybauskait\u0117s \u012fvertinta \u201e\u0160ilut\u0117s bald\u0173\u201c iniciatyva Vasario 16-osios proga dar\u017eelinukams dovanoti medini\u0173 kalad\u0117li\u0173, ir grandiozinis \u201e\u0160ilut\u0117s bald\u0173 kult\u016brinis projektas \u201e\u0160ilut\u0117s siena\u201c, sub\u016br\u0119s vis\u0105 \u0160ilut\u0117s bendruomen\u0119. <\/p>\n<p>A.Dijokien\u0117 pasid\u017eiaug\u0117, kad rajono Savivaldyb\u0117 \u0161\u012f pavasar\u012f pasir\u016bpino prat\u0119sti \u0161alia \u201eSienos\u201c esant\u012f \u0161aligatv\u012f iki pat prekybos centro \u201ePamarys\u201c.<\/p>\n<p>D\u0117kojame visiems u\u017e sveikinimus.<\/p>\n","protected":false},"excerpt":{"rendered":"<p>Spaudos atgavimo, kalbos ir knygos diena &#8211; visuotin\u0117 lietuvi\u0173 \u0161vent\u0117, tad penktadien\u012f ji ir min\u0117ta pla\u010diai.\u0160ilut\u0117s rajono \u017einiasklaidos atstovus pasveikino ir rajono savivaldyb\u0117s, ir did\u017ei\u0173j\u0173 \u012fmoni\u0173 vadovai, ir skaitytojai.\u017durnalistams teko pasukti galvasI\u0161radingasis \u0160ilut\u0117s F.Bajorai\u010do vie\u0161osios bibliotekos kolektyvas i\u0161radingumu i\u0161siskyr\u0117 ir \u0161\u012fkart. \u012e bibliotekoje surengt\u0105 popiet\u0119 kartu su savivaldyb\u0117s vadovais jie sukviet\u0117 vis\u0173 rajono laikra\u0161\u010di\u0173 redakcij\u0173 [&hellip;]<\/p>\n","protected":false},"author":1,"featured_media":0,"comment_status":"open","ping_status":"open","sticky":false,"template":"","format":"standard","meta":{"footnotes":""},"categories":[51],"tags":[],"class_list":{"0":"post-7262","1":"post","2":"type-post","3":"status-publish","4":"format-standard","6":"category-kultura-ir-svietimas"},"yoast_head":"<!-- This site is optimized with the Yoast SEO plugin v27.5 - https:\/\/yoast.com\/product\/yoast-seo-wordpress\/ -->\n<title>Spaudos atgavimo, kalbos ir knygos dien\u0105 - d\u0117mesys \u017einiasklaidos bar\u0173 atstovams - \u0160ilut\u0117s naujienos<\/title>\n<meta name=\"robots\" content=\"index, follow, max-snippet:-1, max-image-preview:large, max-video-preview:-1\" \/>\n<link rel=\"canonical\" href=\"https:\/\/www.silutesnaujienos.lt\/lt\/spaudos-atgavimo-kalbos-ir-knygos-diena-demesys-ziniasklaidos-baru-atstovams\/\" \/>\n<meta property=\"og:locale\" content=\"lt_LT\" \/>\n<meta property=\"og:type\" content=\"article\" \/>\n<meta property=\"og:title\" content=\"Spaudos atgavimo, kalbos ir knygos dien\u0105 - d\u0117mesys \u017einiasklaidos bar\u0173 atstovams - \u0160ilut\u0117s naujienos\" \/>\n<meta property=\"og:description\" content=\"Spaudos atgavimo, kalbos ir knygos diena &#8211; visuotin\u0117 lietuvi\u0173 \u0161vent\u0117, tad penktadien\u012f ji ir min\u0117ta pla\u010diai.\u0160ilut\u0117s rajono \u017einiasklaidos atstovus pasveikino ir rajono savivaldyb\u0117s, ir did\u017ei\u0173j\u0173 \u012fmoni\u0173 vadovai, ir skaitytojai.\u017durnalistams teko pasukti galvasI\u0161radingasis \u0160ilut\u0117s F.Bajorai\u010do vie\u0161osios bibliotekos kolektyvas i\u0161radingumu i\u0161siskyr\u0117 ir \u0161\u012fkart. \u012e bibliotekoje surengt\u0105 popiet\u0119 kartu su savivaldyb\u0117s vadovais jie sukviet\u0117 vis\u0173 rajono laikra\u0161\u010di\u0173 redakcij\u0173 [&hellip;]\" \/>\n<meta property=\"og:url\" content=\"https:\/\/www.silutesnaujienos.lt\/lt\/spaudos-atgavimo-kalbos-ir-knygos-diena-demesys-ziniasklaidos-baru-atstovams\/\" \/>\n<meta property=\"og:site_name\" content=\"\u0160ilut\u0117s naujienos\" \/>\n<meta property=\"article:publisher\" content=\"https:\/\/www.facebook.com\/silutes.naujienos\/\" \/>\n<meta property=\"article:published_time\" content=\"2017-05-13T07:00:00+00:00\" \/>\n<meta property=\"og:image\" content=\"\/\/silutesnaujienos.lt\/images\/stories\/2017\/05\/09\/thumbnails\/thumb_spaudos_diena.jpg\" \/>\n<meta name=\"author\" content=\"\u0160ilut\u0117s naujien\u0173 inf.\" \/>\n<meta name=\"twitter:card\" content=\"summary_large_image\" \/>\n<meta name=\"twitter:label1\" content=\"Written by\" \/>\n\t<meta name=\"twitter:data1\" content=\"\u0160ilut\u0117s naujien\u0173 inf.\" \/>\n\t<meta name=\"twitter:label2\" content=\"Est. reading time\" \/>\n\t<meta name=\"twitter:data2\" content=\"3 minut\u0117s\" \/>\n<script type=\"application\/ld+json\" class=\"yoast-schema-graph\">{\"@context\":\"https:\\\/\\\/schema.org\",\"@graph\":[{\"@type\":\"Article\",\"@id\":\"https:\\\/\\\/www.silutesnaujienos.lt\\\/lt\\\/spaudos-atgavimo-kalbos-ir-knygos-diena-demesys-ziniasklaidos-baru-atstovams\\\/#article\",\"isPartOf\":{\"@id\":\"https:\\\/\\\/www.silutesnaujienos.lt\\\/lt\\\/spaudos-atgavimo-kalbos-ir-knygos-diena-demesys-ziniasklaidos-baru-atstovams\\\/\"},\"author\":{\"name\":\"\u0160ilut\u0117s naujien\u0173 inf.\",\"@id\":\"https:\\\/\\\/www.silutesnaujienos.lt\\\/lt\\\/#\\\/schema\\\/person\\\/232f475ddd4a7b5f49b3abc788b17e83\"},\"headline\":\"Spaudos atgavimo, kalbos ir knygos dien\u0105 &#8211; d\u0117mesys \u017einiasklaidos bar\u0173 atstovams\",\"datePublished\":\"2017-05-13T07:00:00+00:00\",\"mainEntityOfPage\":{\"@id\":\"https:\\\/\\\/www.silutesnaujienos.lt\\\/lt\\\/spaudos-atgavimo-kalbos-ir-knygos-diena-demesys-ziniasklaidos-baru-atstovams\\\/\"},\"wordCount\":584,\"commentCount\":0,\"publisher\":{\"@id\":\"https:\\\/\\\/www.silutesnaujienos.lt\\\/lt\\\/#organization\"},\"articleSection\":[\"Kult\u016bra ir \u0161vietimas\"],\"inLanguage\":\"lt-LT\",\"potentialAction\":[{\"@type\":\"CommentAction\",\"name\":\"Comment\",\"target\":[\"https:\\\/\\\/www.silutesnaujienos.lt\\\/lt\\\/spaudos-atgavimo-kalbos-ir-knygos-diena-demesys-ziniasklaidos-baru-atstovams\\\/#respond\"]}]},{\"@type\":\"WebPage\",\"@id\":\"https:\\\/\\\/www.silutesnaujienos.lt\\\/lt\\\/spaudos-atgavimo-kalbos-ir-knygos-diena-demesys-ziniasklaidos-baru-atstovams\\\/\",\"url\":\"https:\\\/\\\/www.silutesnaujienos.lt\\\/lt\\\/spaudos-atgavimo-kalbos-ir-knygos-diena-demesys-ziniasklaidos-baru-atstovams\\\/\",\"name\":\"Spaudos atgavimo, kalbos ir knygos dien\u0105 - d\u0117mesys \u017einiasklaidos bar\u0173 atstovams - \u0160ilut\u0117s naujienos\",\"isPartOf\":{\"@id\":\"https:\\\/\\\/www.silutesnaujienos.lt\\\/lt\\\/#website\"},\"datePublished\":\"2017-05-13T07:00:00+00:00\",\"breadcrumb\":{\"@id\":\"https:\\\/\\\/www.silutesnaujienos.lt\\\/lt\\\/spaudos-atgavimo-kalbos-ir-knygos-diena-demesys-ziniasklaidos-baru-atstovams\\\/#breadcrumb\"},\"inLanguage\":\"lt-LT\",\"potentialAction\":[{\"@type\":\"ReadAction\",\"target\":[\"https:\\\/\\\/www.silutesnaujienos.lt\\\/lt\\\/spaudos-atgavimo-kalbos-ir-knygos-diena-demesys-ziniasklaidos-baru-atstovams\\\/\"]}]},{\"@type\":\"BreadcrumbList\",\"@id\":\"https:\\\/\\\/www.silutesnaujienos.lt\\\/lt\\\/spaudos-atgavimo-kalbos-ir-knygos-diena-demesys-ziniasklaidos-baru-atstovams\\\/#breadcrumb\",\"itemListElement\":[{\"@type\":\"ListItem\",\"position\":1,\"name\":\"Home\",\"item\":\"https:\\\/\\\/www.silutesnaujienos.lt\\\/lt\\\/\"},{\"@type\":\"ListItem\",\"position\":2,\"name\":\"Spaudos atgavimo, kalbos ir knygos dien\u0105 &#8211; d\u0117mesys \u017einiasklaidos bar\u0173 atstovams\"}]},{\"@type\":\"WebSite\",\"@id\":\"https:\\\/\\\/www.silutesnaujienos.lt\\\/lt\\\/#website\",\"url\":\"https:\\\/\\\/www.silutesnaujienos.lt\\\/lt\\\/\",\"name\":\"\u0160ilut\u0117s naujienos\",\"description\":\"B\u016bk ant naujien\u0173 bangos!\",\"publisher\":{\"@id\":\"https:\\\/\\\/www.silutesnaujienos.lt\\\/lt\\\/#organization\"},\"potentialAction\":[{\"@type\":\"SearchAction\",\"target\":{\"@type\":\"EntryPoint\",\"urlTemplate\":\"https:\\\/\\\/www.silutesnaujienos.lt\\\/lt\\\/?s={search_term_string}\"},\"query-input\":{\"@type\":\"PropertyValueSpecification\",\"valueRequired\":true,\"valueName\":\"search_term_string\"}}],\"inLanguage\":\"lt-LT\"},{\"@type\":\"Organization\",\"@id\":\"https:\\\/\\\/www.silutesnaujienos.lt\\\/lt\\\/#organization\",\"name\":\"\u0160ilut\u0117s naujienos\",\"url\":\"https:\\\/\\\/www.silutesnaujienos.lt\\\/lt\\\/\",\"logo\":{\"@type\":\"ImageObject\",\"inLanguage\":\"lt-LT\",\"@id\":\"https:\\\/\\\/www.silutesnaujienos.lt\\\/lt\\\/#\\\/schema\\\/logo\\\/image\\\/\",\"url\":\"https:\\\/\\\/www.silutesnaujienos.lt\\\/lt\\\/wp-content\\\/uploads\\\/2020\\\/06\\\/FB_MAIN.jpg\",\"contentUrl\":\"https:\\\/\\\/www.silutesnaujienos.lt\\\/lt\\\/wp-content\\\/uploads\\\/2020\\\/06\\\/FB_MAIN.jpg\",\"width\":1700,\"height\":956,\"caption\":\"\u0160ilut\u0117s naujienos\"},\"image\":{\"@id\":\"https:\\\/\\\/www.silutesnaujienos.lt\\\/lt\\\/#\\\/schema\\\/logo\\\/image\\\/\"},\"sameAs\":[\"https:\\\/\\\/www.facebook.com\\\/silutes.naujienos\\\/\",\"https:\\\/\\\/www.youtube.com\\\/channel\\\/UCxW-cgrJDt8GxIMxSTAfJZg\"]},{\"@type\":\"Person\",\"@id\":\"https:\\\/\\\/www.silutesnaujienos.lt\\\/lt\\\/#\\\/schema\\\/person\\\/232f475ddd4a7b5f49b3abc788b17e83\",\"name\":\"\u0160ilut\u0117s naujien\u0173 inf.\",\"image\":{\"@type\":\"ImageObject\",\"inLanguage\":\"lt-LT\",\"@id\":\"https:\\\/\\\/www.silutesnaujienos.lt\\\/lt\\\/wp-content\\\/uploads\\\/2020\\\/06\\\/favicon.png\",\"url\":\"https:\\\/\\\/www.silutesnaujienos.lt\\\/lt\\\/wp-content\\\/uploads\\\/2020\\\/06\\\/favicon.png\",\"contentUrl\":\"https:\\\/\\\/www.silutesnaujienos.lt\\\/lt\\\/wp-content\\\/uploads\\\/2020\\\/06\\\/favicon.png\",\"caption\":\"\u0160ilut\u0117s naujien\u0173 inf.\"},\"sameAs\":[\"https:\\\/\\\/www.silutesnaujienos.lt\\\/lt\"],\"url\":\"https:\\\/\\\/www.silutesnaujienos.lt\\\/lt\\\/author\\\/ruta\\\/\"}]}<\/script>\n<!-- \/ Yoast SEO plugin. -->","yoast_head_json":{"title":"Spaudos atgavimo, kalbos ir knygos dien\u0105 - d\u0117mesys \u017einiasklaidos bar\u0173 atstovams - \u0160ilut\u0117s naujienos","robots":{"index":"index","follow":"follow","max-snippet":"max-snippet:-1","max-image-preview":"max-image-preview:large","max-video-preview":"max-video-preview:-1"},"canonical":"https:\/\/www.silutesnaujienos.lt\/lt\/spaudos-atgavimo-kalbos-ir-knygos-diena-demesys-ziniasklaidos-baru-atstovams\/","og_locale":"lt_LT","og_type":"article","og_title":"Spaudos atgavimo, kalbos ir knygos dien\u0105 - d\u0117mesys \u017einiasklaidos bar\u0173 atstovams - \u0160ilut\u0117s naujienos","og_description":"Spaudos atgavimo, kalbos ir knygos diena &#8211; visuotin\u0117 lietuvi\u0173 \u0161vent\u0117, tad penktadien\u012f ji ir min\u0117ta pla\u010diai.\u0160ilut\u0117s rajono \u017einiasklaidos atstovus pasveikino ir rajono savivaldyb\u0117s, ir did\u017ei\u0173j\u0173 \u012fmoni\u0173 vadovai, ir skaitytojai.\u017durnalistams teko pasukti galvasI\u0161radingasis \u0160ilut\u0117s F.Bajorai\u010do vie\u0161osios bibliotekos kolektyvas i\u0161radingumu i\u0161siskyr\u0117 ir \u0161\u012fkart. \u012e bibliotekoje surengt\u0105 popiet\u0119 kartu su savivaldyb\u0117s vadovais jie sukviet\u0117 vis\u0173 rajono laikra\u0161\u010di\u0173 redakcij\u0173 [&hellip;]","og_url":"https:\/\/www.silutesnaujienos.lt\/lt\/spaudos-atgavimo-kalbos-ir-knygos-diena-demesys-ziniasklaidos-baru-atstovams\/","og_site_name":"\u0160ilut\u0117s naujienos","article_publisher":"https:\/\/www.facebook.com\/silutes.naujienos\/","article_published_time":"2017-05-13T07:00:00+00:00","og_image":[{"url":"\/\/silutesnaujienos.lt\/images\/stories\/2017\/05\/09\/thumbnails\/thumb_spaudos_diena.jpg","type":"","width":"","height":""}],"author":"\u0160ilut\u0117s naujien\u0173 inf.","twitter_card":"summary_large_image","twitter_misc":{"Written by":"\u0160ilut\u0117s naujien\u0173 inf.","Est. reading time":"3 minut\u0117s"},"schema":{"@context":"https:\/\/schema.org","@graph":[{"@type":"Article","@id":"https:\/\/www.silutesnaujienos.lt\/lt\/spaudos-atgavimo-kalbos-ir-knygos-diena-demesys-ziniasklaidos-baru-atstovams\/#article","isPartOf":{"@id":"https:\/\/www.silutesnaujienos.lt\/lt\/spaudos-atgavimo-kalbos-ir-knygos-diena-demesys-ziniasklaidos-baru-atstovams\/"},"author":{"name":"\u0160ilut\u0117s naujien\u0173 inf.","@id":"https:\/\/www.silutesnaujienos.lt\/lt\/#\/schema\/person\/232f475ddd4a7b5f49b3abc788b17e83"},"headline":"Spaudos atgavimo, kalbos ir knygos dien\u0105 &#8211; d\u0117mesys \u017einiasklaidos bar\u0173 atstovams","datePublished":"2017-05-13T07:00:00+00:00","mainEntityOfPage":{"@id":"https:\/\/www.silutesnaujienos.lt\/lt\/spaudos-atgavimo-kalbos-ir-knygos-diena-demesys-ziniasklaidos-baru-atstovams\/"},"wordCount":584,"commentCount":0,"publisher":{"@id":"https:\/\/www.silutesnaujienos.lt\/lt\/#organization"},"articleSection":["Kult\u016bra ir \u0161vietimas"],"inLanguage":"lt-LT","potentialAction":[{"@type":"CommentAction","name":"Comment","target":["https:\/\/www.silutesnaujienos.lt\/lt\/spaudos-atgavimo-kalbos-ir-knygos-diena-demesys-ziniasklaidos-baru-atstovams\/#respond"]}]},{"@type":"WebPage","@id":"https:\/\/www.silutesnaujienos.lt\/lt\/spaudos-atgavimo-kalbos-ir-knygos-diena-demesys-ziniasklaidos-baru-atstovams\/","url":"https:\/\/www.silutesnaujienos.lt\/lt\/spaudos-atgavimo-kalbos-ir-knygos-diena-demesys-ziniasklaidos-baru-atstovams\/","name":"Spaudos atgavimo, kalbos ir knygos dien\u0105 - d\u0117mesys \u017einiasklaidos bar\u0173 atstovams - \u0160ilut\u0117s naujienos","isPartOf":{"@id":"https:\/\/www.silutesnaujienos.lt\/lt\/#website"},"datePublished":"2017-05-13T07:00:00+00:00","breadcrumb":{"@id":"https:\/\/www.silutesnaujienos.lt\/lt\/spaudos-atgavimo-kalbos-ir-knygos-diena-demesys-ziniasklaidos-baru-atstovams\/#breadcrumb"},"inLanguage":"lt-LT","potentialAction":[{"@type":"ReadAction","target":["https:\/\/www.silutesnaujienos.lt\/lt\/spaudos-atgavimo-kalbos-ir-knygos-diena-demesys-ziniasklaidos-baru-atstovams\/"]}]},{"@type":"BreadcrumbList","@id":"https:\/\/www.silutesnaujienos.lt\/lt\/spaudos-atgavimo-kalbos-ir-knygos-diena-demesys-ziniasklaidos-baru-atstovams\/#breadcrumb","itemListElement":[{"@type":"ListItem","position":1,"name":"Home","item":"https:\/\/www.silutesnaujienos.lt\/lt\/"},{"@type":"ListItem","position":2,"name":"Spaudos atgavimo, kalbos ir knygos dien\u0105 &#8211; d\u0117mesys \u017einiasklaidos bar\u0173 atstovams"}]},{"@type":"WebSite","@id":"https:\/\/www.silutesnaujienos.lt\/lt\/#website","url":"https:\/\/www.silutesnaujienos.lt\/lt\/","name":"\u0160ilut\u0117s naujienos","description":"B\u016bk ant naujien\u0173 bangos!","publisher":{"@id":"https:\/\/www.silutesnaujienos.lt\/lt\/#organization"},"potentialAction":[{"@type":"SearchAction","target":{"@type":"EntryPoint","urlTemplate":"https:\/\/www.silutesnaujienos.lt\/lt\/?s={search_term_string}"},"query-input":{"@type":"PropertyValueSpecification","valueRequired":true,"valueName":"search_term_string"}}],"inLanguage":"lt-LT"},{"@type":"Organization","@id":"https:\/\/www.silutesnaujienos.lt\/lt\/#organization","name":"\u0160ilut\u0117s naujienos","url":"https:\/\/www.silutesnaujienos.lt\/lt\/","logo":{"@type":"ImageObject","inLanguage":"lt-LT","@id":"https:\/\/www.silutesnaujienos.lt\/lt\/#\/schema\/logo\/image\/","url":"https:\/\/www.silutesnaujienos.lt\/lt\/wp-content\/uploads\/2020\/06\/FB_MAIN.jpg","contentUrl":"https:\/\/www.silutesnaujienos.lt\/lt\/wp-content\/uploads\/2020\/06\/FB_MAIN.jpg","width":1700,"height":956,"caption":"\u0160ilut\u0117s naujienos"},"image":{"@id":"https:\/\/www.silutesnaujienos.lt\/lt\/#\/schema\/logo\/image\/"},"sameAs":["https:\/\/www.facebook.com\/silutes.naujienos\/","https:\/\/www.youtube.com\/channel\/UCxW-cgrJDt8GxIMxSTAfJZg"]},{"@type":"Person","@id":"https:\/\/www.silutesnaujienos.lt\/lt\/#\/schema\/person\/232f475ddd4a7b5f49b3abc788b17e83","name":"\u0160ilut\u0117s naujien\u0173 inf.","image":{"@type":"ImageObject","inLanguage":"lt-LT","@id":"https:\/\/www.silutesnaujienos.lt\/lt\/wp-content\/uploads\/2020\/06\/favicon.png","url":"https:\/\/www.silutesnaujienos.lt\/lt\/wp-content\/uploads\/2020\/06\/favicon.png","contentUrl":"https:\/\/www.silutesnaujienos.lt\/lt\/wp-content\/uploads\/2020\/06\/favicon.png","caption":"\u0160ilut\u0117s naujien\u0173 inf."},"sameAs":["https:\/\/www.silutesnaujienos.lt\/lt"],"url":"https:\/\/www.silutesnaujienos.lt\/lt\/author\/ruta\/"}]}},"publishpress_future_workflow_manual_trigger":{"enabledWorkflows":[]},"amp_enabled":true,"_links":{"self":[{"href":"https:\/\/www.silutesnaujienos.lt\/lt\/wp-json\/wp\/v2\/posts\/7262","targetHints":{"allow":["GET"]}}],"collection":[{"href":"https:\/\/www.silutesnaujienos.lt\/lt\/wp-json\/wp\/v2\/posts"}],"about":[{"href":"https:\/\/www.silutesnaujienos.lt\/lt\/wp-json\/wp\/v2\/types\/post"}],"author":[{"embeddable":true,"href":"https:\/\/www.silutesnaujienos.lt\/lt\/wp-json\/wp\/v2\/users\/1"}],"replies":[{"embeddable":true,"href":"https:\/\/www.silutesnaujienos.lt\/lt\/wp-json\/wp\/v2\/comments?post=7262"}],"version-history":[{"count":0,"href":"https:\/\/www.silutesnaujienos.lt\/lt\/wp-json\/wp\/v2\/posts\/7262\/revisions"}],"wp:attachment":[{"href":"https:\/\/www.silutesnaujienos.lt\/lt\/wp-json\/wp\/v2\/media?parent=7262"}],"wp:term":[{"taxonomy":"category","embeddable":true,"href":"https:\/\/www.silutesnaujienos.lt\/lt\/wp-json\/wp\/v2\/categories?post=7262"},{"taxonomy":"post_tag","embeddable":true,"href":"https:\/\/www.silutesnaujienos.lt\/lt\/wp-json\/wp\/v2\/tags?post=7262"}],"curies":[{"name":"wp","href":"https:\/\/api.w.org\/{rel}","templated":true}]}}