{"id":7294,"date":"2017-07-30T18:00:00","date_gmt":"2017-07-30T20:00:00","guid":{"rendered":"https:\/\/www.silutesnaujienos.lt\/lt\/alumi-atmiestu-vasaros-svenciu-maratona-keicia-blaivus-renginiai\/"},"modified":"2017-07-30T18:00:00","modified_gmt":"2017-07-30T20:00:00","slug":"alumi-atmiestu-vasaros-svenciu-maratona-keicia-blaivus-renginiai","status":"publish","type":"post","link":"https:\/\/www.silutesnaujienos.lt\/lt\/alumi-atmiestu-vasaros-svenciu-maratona-keicia-blaivus-renginiai\/","title":{"rendered":"Alumi atmie\u0161t\u0173 vasaros \u0161ven\u010di\u0173 maraton\u0105 kei\u010dia blaiv\u016bs renginiai"},"content":{"rendered":"<p><a href=\"\/\/silutesnaujienos.lt\/images\/stories\/2017\/07\/28\/vasaros_sventes_sekmines_kiausiniene.jpg\" class=\"jcepopup\" rel=\"caption[\u017demai\u010di\u0173 Naumies\u010dio bendruomen\u0117 jau daug met\u0173 savo \u0161vent\u0117se sve\u010dius vai\u0161ina kiau\u0161iniene, o i\u0161tro\u0161kusiems Sekmini\u0173 dalyviams dar ir... pieno \u0105sot\u012f par\u016bpina.] noopener noreferrer\" target=\"_blank\" data-rel=\"lightbox-gallery-nRXYIE9l\" data-rl_title=\"\" data-rl_caption=\"\"><img loading=\"lazy\" decoding=\"async\" src=\"\/\/silutesnaujienos.lt\/images\/stories\/2017\/07\/28\/thumbnails\/thumb_vasaros_sventes_sekmines_kiausiniene.jpg\" alt=\"vasaros sventes_sekmines_kiausiniene\" title=\"\" class=\"caption\" style=\"margin: 5px; float: left;\" height=\"230\" width=\"307\" \/><\/a><strong>Per i\u0161tisus tris vasaros m\u0117nesius rastume vos kelis savaitgalius, kuomet kurioje nors rajono seni\u016bnijoje nevykt\u0173 \u0161vent\u0117s. Gegu\u017e\u0117s pabaigoje \u0161i\u0173 rengini\u0173 maraton\u0105 prad\u0117j\u0119s \u0160ilut\u0117s miesto gimtadienis estafet\u0119 perduoda Jonines, Onines ir kitokias gyvenvie\u010di\u0173 \u0161ventes rengiantiems sodie\u010diams, ne vienas renginys dar ir vidurvasar\u012f drebina \u0160ilut\u0117s padang\u0119. Ir niekam ne paslaptis, kad beveik visuose juose alus liejasi laisvai&#8230;<br \/><\/strong><br \/><strong>Visgi policijos pareig\u016bnai pastebi, kad \u0161vent\u0117se ma\u017eiau matoma iki nugriuvimo prisivai\u0161inusi\u0173 pilie\u010di\u0173, o d\u0117l tos prie\u017easties beveik nebeb\u016bna kruvin\u0173 mu\u0161tyni\u0173. Vadinasi, po truput\u012f i\u0161mokstame \u0161v\u0119sti blaiviai, nors nema\u017eai daliai m\u016bs\u0173 tautie\u010di\u0173 tokios vie\u0161os \u0161vent\u0117s vis dar yra kone \u201eprivalomos i\u0161gertuv\u0117s\u201c.<br \/><\/strong><br \/><strong>Bet m\u016bs\u0173 rajone jau yra pirm\u0173j\u0173 blaivyb\u0117s kreg\u017ed\u017ei\u0173 &#8211; \u0161ven\u010di\u0173, kuri\u0173 organizatoriai moko linksmintis blaiviai.<\/strong><strong><br \/><\/strong><br \/><strong>Policija laukia blaivi\u0173 \u0161ven\u010di\u0173<br \/><\/strong><br \/>Neabejotinai pagrindin\u0117 rajono \u0161vent\u0117 po \u0160ilut\u0117s miesto gimtadienio yra Vainuto Jonin\u0117s.<\/p>\n<p>Tie, kas \u0161iemet anksti prad\u0117jo sukiotis Vainuto Jonin\u0117se, pasteb\u0117jo, jog pavakar\u0119, kai aik\u0161t\u0117je renginio prad\u017eios lauk\u0117 tik gera de\u0161imtis \u017ei\u016brov\u0173, aplink sukiojosi keturiolika policijos pareig\u016bn\u0173.<\/p>\n<p>\u201ePernai m\u016bs\u0173 buvo dar daugiau &#8211; Jonin\u0117se bud\u0117jo net 18 pareig\u016bn\u0173\u201c, &#8211; sak\u0117 visiems jiems vadovav\u0119s \u0160ilut\u0117s r. policijos komisariato Reagavimo skyriaus vir\u0161ininkas&nbsp;&nbsp;&nbsp;&nbsp;Alvydas Balandis.<\/p>\n<p>\u0160ilut\u0117s r. PK vir\u0161ininkas Art\u016bras Mikalauskas patvirtina, jog \u012f \u0161i\u0105 Vainuto \u0161vent\u0119 visada siun\u010diamos didesn\u0117s pareig\u016bn\u0173 paj\u0117gos. \u201eNeabejojame, kad d\u0117l to \u0161vent\u0117 kasmet yra saugesn\u0117, pastaraisiais metais joje nebeu\u017efiksuojame rimt\u0173 incident\u0173\u201c, &#8211; sako jis.<\/p>\n<p>Kaip \u017einia, pasteb\u0117j\u0119 vie\u0161oje vietoje stiprius alkoholinius g\u0117rimus geriant\u012f \u017emog\u0173 pareig\u016bnai j\u012f gali bausti i\u0161 karto, nes \u0161vent\u0117se galima vartoti tik lengvus alkoholinius g\u0117rimus. Prekyba taip pat leid\u017eiama tik lengvais alkoholiniais g\u0117rimais.<br \/>Bet \u012fgudusi pareig\u016bn\u0173 akis nesunkiai atskiria, kuris \u012f \u0161vent\u0119 patrauk\u0119s sodietis ar sodiet\u0117 mai\u0161eliuose ne\u0161asi ir stipresnio g\u0117rimo. Pareig\u016bnams tenka sudrausminti atsine\u0161tiniais g\u0117rimais vai\u0161intis prad\u0117jusias grupeles.<\/p>\n<p>Pasak A.Mikalausko, policininkai laikosi nuostatos neskub\u0117ti bausti, o prad\u017eioje tik \u012fsp\u0117ti i\u0161g\u0117rin\u0117ti prad\u0117jusius \u017emones.<br \/>\u201eBandym\u0173 pa\u017eeisti \u012fstatymus yra, bet kai paai\u0161kiname \u017emon\u0117ms, kad taip elgtis negalima, da\u017eniausiai tai padeda. Jie paslepia savo butelius ir daugiau j\u0173 nebetraukia. Tod\u0117l griebtis grie\u017etesni\u0173 priemoni\u0173 &#8211; ra\u0161yti protokolus &#8211; da\u017eniausiai neprireikia\u201c, &#8211; sako A.Mikalauskas.<\/p>\n<p>Anot komisariato vir\u0161ininko, optimizmo pareig\u016bnams \u012fkvepia tas faktas, kad nei pernai, nei \u0161iemet Vainuto \u0161vent\u0117se neu\u017efiksuota mu\u0161tyni\u0173 nei didesni\u0173 incident\u0173, nors smulkesni\u0173 konflikt\u0173 nei\u0161vengta.<\/p>\n<p>Visgi, policijos vadovo nuomone, \u0161vent\u0117se dar yra perdaug alkoholio. Jis sako, jog pareig\u016bnai laukia laiko, kai bent vienoje vasaros \u0161vent\u0117je bus visai u\u017edrausta prekiauti alkoholiu.<\/p>\n<p>Kas tokios iniciatyvos tur\u0117t\u0173 imtis?<\/p>\n<p>Policijos vadovas mano, kad jei kuri nors seni\u016bnija parodyt\u0173 pavyzd\u012f, gal ir kitos ja pasekt\u0173. Tai po truput\u012f mus visus pratint\u0173 prie kitokio gyvenimo b\u016bdo.<\/p>\n<p><strong>Gali spr\u0119sti pa\u010dios bendruomen\u0117s<\/strong><\/p>\n<p>Pana\u0161iai mano ir kar\u0105 alkoholizmui Lietuvoje paskelbusi\u0173 bei Alkoholio kontrol\u0117s \u012fstatymo pataisas pasi\u016bliusi\u0173 Valstie\u010di\u0173 \u017eali\u0173j\u0173 partijos lyderis \u0160ilut\u0117je Virgilijus Pozingis. Anot jo, kiekvienos bendruomen\u0117s valia apsispr\u0119sti, kaip \u0161v\u0119sti &#8211; su alkoholiu ar be jo. Savivaldyb\u0117 joki\u0173 nurodym\u0173 d\u0117l to neduoda.<\/p>\n<p>Ta\u010diau, V.Pozingio nuomone, n\u0117ra tragedijos, jei \u0161vent\u0117se galima \u012fsigyti gero, nestipraus alaus. O apsisprendus \u0161v\u0119sti blaiviai, t\u0105dien alkoholiu tur\u0117t\u0173 neprekiauti ir vietos parduotuv\u0117s. O jei tokio sprendimo nepriimta, prekybininkai aplink savo prekybos vietas tur\u0117t\u0173 paruo\u0161ti pakankamai s\u0117dim\u0173j\u0173 viet\u0173, kad \u017emogus gal\u0117t\u0173 kult\u016bringai i\u0161gerti t\u0105 bokal\u0105 alaus.<\/p>\n<p>V.Pozingis pripa\u017e\u012fsta, kad bendruomen\u0117s kol kas nesiry\u017eta tokiam \u017eingsniui. Da\u017eniausi motyvai: \u201e\u012f blaivi\u0105 \u0161vent\u0119 neateis \u017emon\u0117s\u201c, \u201ebe r\u0117m\u0117j\u0173 &#8211; prekybinink\u0173 nebus \u012fmanoma surengti \u0161vent\u0119\u201c.<\/p>\n<p>Bet V.Pozingis sako matantis didelius teigiamus poslinkius &#8211; palyginti su prie\u0161 de\u0161imtmet\u012f rengtomis \u0161vent\u0117mis, dabar m\u016bs\u0173 \u0161vent\u0117se girt\u0173 vis ma\u017eiau. Jis sako ir pats nevengiantis \u012fsp\u0117ti tuos, kurie \u0161vent\u0117se geria ne tam skirtose vietose, vaik\u0161\u010diodami ar jau yra pernelyg \u201epri\u0161vent\u0119\u201c.<\/p>\n<p><strong>Pirmoji kreg\u017ed\u0117 &#8211; ramuti\u0161kiai<\/strong><\/p>\n<p>Visgi pirm\u0173j\u0173 blaivyb\u0117s kreg\u017ed\u017ei\u0173 rajone jau yra &#8211; jau 3 metai savo kaimo \u0161ventes blaiviai \u0161ven\u010dia ramuti\u0161kiai.<\/p>\n<p>\u0160io kaimo bendruomen\u0117s \u201eNavata\u201c pirminink\u0117 Lijana Jagintavi\u010dien\u0117 prisimena visada svajojusi apie blaivius pasibuvimus su savi\u0161kiais. Ir d\u017eiaugiasi, kad tokiam jos si\u016blymui pritar\u0117 bendruomen\u0117s taryba &#8211; jos nariai taip pat palaiko blaiv\u0173 gyvenimo b\u016bd\u0105.<\/p>\n<p>\u201eKok\u012f pavyzd\u012f rodytume savo vaikams, jei girtautume \u0161vent\u0117se? Juk jie visk\u0105 mato ir kopijuoja m\u016bs\u0173 gyvensen\u0105\u201c, &#8211; tokia ramuti\u0161ki\u0173 nuostata.<\/p>\n<p>L.Jagintavi\u010dien\u0117 sako, jog prad\u017eioje jaut\u0117, kad id\u0117ja neleisti \u0161vent\u0117je prekiauti alkoholiu kai kam pasirod\u0117 keistoka, ne vienas ir kritikuoti \u0117m\u0117si. Ir prekybininkus prisikviesti nebuvo lengva. Tod\u0117l organizuodama pernyk\u0161t\u0119 \u0161vent\u0119 prekybininkams ji i\u0161k\u0117l\u0117 s\u0105lyg\u0105 &#8211; prekiauti tik kokybi\u0161ku ir brangiausiu alumi. Prisipa\u017e\u012fsta \u012ftarusi, kad \u0161vent\u0117s dalyviai tokio alaus beveik nepirks. Taip ir nutiko &#8211; pus\u0117s litro bokalas u\u017e ma\u017edaug 10 eur\u0173 ramuti\u0161ki\u0173 ne\u017eav\u0117jo.<\/p>\n<p>\u201eU\u017etat \u0161iemet \u012f kaimo \u0161vent\u0119 at\u0117jo tie, kas tikrai nori ne prisigerti, o \u0161v\u0119sti kult\u016bringai, pab\u016bti su bi\u010diuliais ir pamatyti ger\u0105 koncert\u0105\u201c, &#8211; sako Ramu\u010di\u0173 bendruomen\u0117s pirminink\u0117. O tuos kelet\u0105 \u017emogeli\u0173, kurie visgi paband\u0117 \u0161vent\u0117je \u0161laistytis su alumi rankose jau nebetvirtai stov\u0117dami ant koj\u0173, pirminink\u0117 papra\u0161\u0117 palikti \u0161vent\u0119. Prie\u0161ingu atveju pa\u017ead\u0117jo i\u0161kviesti policijos ekipa\u017e\u0105.<\/p>\n<p>\u201eKeista, bet jie neprie\u0161taravo &#8211; greit dingo i\u0161 renginio\u201c, &#8211; sako L.Jagintavi\u010dien\u0117.<\/p>\n<p><strong>Nemato problemos ir naumiesti\u0161kiai<\/strong><\/p>\n<p>Vos vienas alumi prekiaujantis verslininkas b\u016bna garsiojoje \u017demai\u010di\u0173 Naumies\u010dio Dagotuvi\u0173 \u0161vent\u0117je. \u0160io kra\u0161to etnokult\u016bros centro vadybinink\u0117 Adma Baltutien\u0117 sako, kad \u0161is \u017emogus skiria Dagotuvi\u0173 \u0161ventei itin solid\u017ei\u0105 param\u0105, be kurios \u0161vent\u0117 b\u016bt\u0173 tiesiog nyki, jeigu \u012fvykt\u0173 i\u0161 viso. Tod\u0117l ir jo prekybai neprie\u0161ataraujama.<\/p>\n<p>\u201eM\u016bs\u0173 \u017emon\u0117s apie stiprius g\u0117rimus i\u0161 viso nekalba, tik vienas kitas pasako: \u201eKoks tas \u0161a\u0161lykas be alaus b\u016bt\u0173?\u201c Tad jeigu b\u016bt\u0173 kit\u0173 paramos \u0161altini\u0173, atsisakytume ir to alaus\u201c, &#8211; mano ilgamet\u0117 rajono rengini\u0173 organizator\u0117.<\/p>\n<p>Naumiesti\u0161kiai irgi jau pasteb\u0117jo, jog ne alaus prisiplempti \u017emon\u0117s renkasi \u012f \u0161ventes. Pagrindinis juos viliojantis faktorius yra programa ir ypa\u010d &#8211; vakaro koncerto atlik\u0117jai.<\/p>\n<p>Kita populiari \u017demai\u010di\u0173 Naumies\u010dio \u0161vent\u0117 &#8211; Sekmin\u0117s &#8211; vyksta visi\u0161kai blaiviai. Sekmin\u0117se naumiesti\u0161kiai vai\u0161ina s\u016briais, ledais, saldainiais, o i\u0161tro\u0161kusiems par\u016bpina&#8230; pieno \u0105sot\u012f.<\/p>\n<p><strong>Apie blaivyb\u0119 galvoja ir \u0161iluti\u0161kiai<\/strong><\/p>\n<p>Daug \u012fvairi\u0173 rengini\u0173 organizuojantis \u0161iluti\u0161kis Vygantas Sto\u0161kus sako jau irgi pagalvojantis, jog jie gal\u0117t\u0173 vykti visai be alaus. Jau treti metai jo organizuojamame \u201ePramogadienyje\u201c alaus buvo tik pirmaisiais metais, o jo atsisakius, anot V.Sto\u0161kaus, niekas n\u0117 nepasigedo.<\/p>\n<p>V.Sto\u0161kus sako galvoj\u0119s be alaus surengti ir \u0161iemetin\u012f Rusn\u0117s kantri festival\u012f. Bet paskutin\u0117 mintis visgi liko \u201edar tegu b\u016bna\u201c. Prie\u017eastis &#8211; v\u0117l ta pati: finansin\u0117 parama.<\/p>\n<p>\u201eVienas prekeivis alumi sumoka toki\u0105 sum\u0105, u\u017e kuri\u0105 galima nusamdyti vien\u0105 grup\u0119. Tad kaip gali nesiskaityti su tokiais pinigais, kai tos paramos ie\u0161kai visais \u012fmanomais keliais\u201c, &#8211; sak\u0117 pa\u0161nekovas.<\/p>\n<p>Alaus buvo ir \u0160eimos dienos renginyje, kuris Rusn\u0117s padang\u0119 sudrebino liepos 25-\u0105j\u0105. Bet ateityje, pasak V.Sto\u0161kaus, blaivi\u0173 rengini\u0173 organizuos ir jis.<\/p>\n<p>Beje, anot V.Sto\u0161kaus, neretai solid\u017ei\u0173 honorar\u0173 u\u017esipra\u0161o tik Lietuvos atlik\u0117jai, tuo tarpu \u017eym\u016bs u\u017esienio \u0161ali\u0173 muzikantai, kaip ir \u0160eimos dienoje bliuzo muzikos doz\u0119 dovanoj\u0119 Keegan Mclnroe ir Matt Tedder i\u0161 JAV, pasitenkina minimaliausiu u\u017emokes\u010diu.&nbsp;&nbsp;&nbsp;&nbsp;&nbsp;&nbsp;&nbsp;&nbsp;&nbsp;&nbsp;&nbsp;&nbsp;&nbsp;&nbsp;<\/p>\n","protected":false},"excerpt":{"rendered":"<p>Per i\u0161tisus tris vasaros m\u0117nesius rastume vos kelis savaitgalius, kuomet kurioje nors rajono seni\u016bnijoje nevykt\u0173 \u0161vent\u0117s. Gegu\u017e\u0117s pabaigoje \u0161i\u0173 rengini\u0173 maraton\u0105 prad\u0117j\u0119s \u0160ilut\u0117s miesto gimtadienis estafet\u0119 perduoda Jonines, Onines ir kitokias gyvenvie\u010di\u0173 \u0161ventes rengiantiems sodie\u010diams, ne vienas renginys dar ir vidurvasar\u012f drebina \u0160ilut\u0117s padang\u0119. Ir niekam ne paslaptis, kad beveik visuose juose alus liejasi laisvai&#8230;Visgi [&hellip;]<\/p>\n","protected":false},"author":1,"featured_media":0,"comment_status":"open","ping_status":"open","sticky":false,"template":"","format":"standard","meta":{"footnotes":""},"categories":[51],"tags":[],"class_list":{"0":"post-7294","1":"post","2":"type-post","3":"status-publish","4":"format-standard","6":"category-kultura-ir-svietimas"},"yoast_head":"<!-- This site is optimized with the Yoast SEO plugin v27.5 - https:\/\/yoast.com\/product\/yoast-seo-wordpress\/ -->\n<title>Alumi atmie\u0161t\u0173 vasaros \u0161ven\u010di\u0173 maraton\u0105 kei\u010dia blaiv\u016bs renginiai - \u0160ilut\u0117s naujienos<\/title>\n<meta name=\"robots\" content=\"index, follow, max-snippet:-1, max-image-preview:large, max-video-preview:-1\" \/>\n<link rel=\"canonical\" href=\"https:\/\/www.silutesnaujienos.lt\/lt\/alumi-atmiestu-vasaros-svenciu-maratona-keicia-blaivus-renginiai\/\" \/>\n<meta property=\"og:locale\" content=\"lt_LT\" \/>\n<meta property=\"og:type\" content=\"article\" \/>\n<meta property=\"og:title\" content=\"Alumi atmie\u0161t\u0173 vasaros \u0161ven\u010di\u0173 maraton\u0105 kei\u010dia blaiv\u016bs renginiai - \u0160ilut\u0117s naujienos\" \/>\n<meta property=\"og:description\" content=\"Per i\u0161tisus tris vasaros m\u0117nesius rastume vos kelis savaitgalius, kuomet kurioje nors rajono seni\u016bnijoje nevykt\u0173 \u0161vent\u0117s. Gegu\u017e\u0117s pabaigoje \u0161i\u0173 rengini\u0173 maraton\u0105 prad\u0117j\u0119s \u0160ilut\u0117s miesto gimtadienis estafet\u0119 perduoda Jonines, Onines ir kitokias gyvenvie\u010di\u0173 \u0161ventes rengiantiems sodie\u010diams, ne vienas renginys dar ir vidurvasar\u012f drebina \u0160ilut\u0117s padang\u0119. Ir niekam ne paslaptis, kad beveik visuose juose alus liejasi laisvai&#8230;Visgi [&hellip;]\" \/>\n<meta property=\"og:url\" content=\"https:\/\/www.silutesnaujienos.lt\/lt\/alumi-atmiestu-vasaros-svenciu-maratona-keicia-blaivus-renginiai\/\" \/>\n<meta property=\"og:site_name\" content=\"\u0160ilut\u0117s naujienos\" \/>\n<meta property=\"article:publisher\" content=\"https:\/\/www.facebook.com\/silutes.naujienos\/\" \/>\n<meta property=\"article:published_time\" content=\"2017-07-30T20:00:00+00:00\" \/>\n<meta property=\"og:image\" content=\"\/\/silutesnaujienos.lt\/images\/stories\/2017\/07\/28\/thumbnails\/thumb_vasaros_sventes_sekmines_kiausiniene.jpg\" \/>\n<meta name=\"author\" content=\"\u0160ilut\u0117s naujien\u0173 inf.\" \/>\n<meta name=\"twitter:card\" content=\"summary_large_image\" \/>\n<meta name=\"twitter:label1\" content=\"Written by\" \/>\n\t<meta name=\"twitter:data1\" content=\"\u0160ilut\u0117s naujien\u0173 inf.\" \/>\n\t<meta name=\"twitter:label2\" content=\"Est. reading time\" \/>\n\t<meta name=\"twitter:data2\" content=\"7 minut\u0117s\" \/>\n<script type=\"application\/ld+json\" class=\"yoast-schema-graph\">{\"@context\":\"https:\\\/\\\/schema.org\",\"@graph\":[{\"@type\":\"Article\",\"@id\":\"https:\\\/\\\/www.silutesnaujienos.lt\\\/lt\\\/alumi-atmiestu-vasaros-svenciu-maratona-keicia-blaivus-renginiai\\\/#article\",\"isPartOf\":{\"@id\":\"https:\\\/\\\/www.silutesnaujienos.lt\\\/lt\\\/alumi-atmiestu-vasaros-svenciu-maratona-keicia-blaivus-renginiai\\\/\"},\"author\":{\"name\":\"\u0160ilut\u0117s naujien\u0173 inf.\",\"@id\":\"https:\\\/\\\/www.silutesnaujienos.lt\\\/lt\\\/#\\\/schema\\\/person\\\/232f475ddd4a7b5f49b3abc788b17e83\"},\"headline\":\"Alumi atmie\u0161t\u0173 vasaros \u0161ven\u010di\u0173 maraton\u0105 kei\u010dia blaiv\u016bs renginiai\",\"datePublished\":\"2017-07-30T20:00:00+00:00\",\"mainEntityOfPage\":{\"@id\":\"https:\\\/\\\/www.silutesnaujienos.lt\\\/lt\\\/alumi-atmiestu-vasaros-svenciu-maratona-keicia-blaivus-renginiai\\\/\"},\"wordCount\":1325,\"commentCount\":0,\"publisher\":{\"@id\":\"https:\\\/\\\/www.silutesnaujienos.lt\\\/lt\\\/#organization\"},\"articleSection\":[\"Kult\u016bra ir \u0161vietimas\"],\"inLanguage\":\"lt-LT\",\"potentialAction\":[{\"@type\":\"CommentAction\",\"name\":\"Comment\",\"target\":[\"https:\\\/\\\/www.silutesnaujienos.lt\\\/lt\\\/alumi-atmiestu-vasaros-svenciu-maratona-keicia-blaivus-renginiai\\\/#respond\"]}]},{\"@type\":\"WebPage\",\"@id\":\"https:\\\/\\\/www.silutesnaujienos.lt\\\/lt\\\/alumi-atmiestu-vasaros-svenciu-maratona-keicia-blaivus-renginiai\\\/\",\"url\":\"https:\\\/\\\/www.silutesnaujienos.lt\\\/lt\\\/alumi-atmiestu-vasaros-svenciu-maratona-keicia-blaivus-renginiai\\\/\",\"name\":\"Alumi atmie\u0161t\u0173 vasaros \u0161ven\u010di\u0173 maraton\u0105 kei\u010dia blaiv\u016bs renginiai - \u0160ilut\u0117s naujienos\",\"isPartOf\":{\"@id\":\"https:\\\/\\\/www.silutesnaujienos.lt\\\/lt\\\/#website\"},\"datePublished\":\"2017-07-30T20:00:00+00:00\",\"breadcrumb\":{\"@id\":\"https:\\\/\\\/www.silutesnaujienos.lt\\\/lt\\\/alumi-atmiestu-vasaros-svenciu-maratona-keicia-blaivus-renginiai\\\/#breadcrumb\"},\"inLanguage\":\"lt-LT\",\"potentialAction\":[{\"@type\":\"ReadAction\",\"target\":[\"https:\\\/\\\/www.silutesnaujienos.lt\\\/lt\\\/alumi-atmiestu-vasaros-svenciu-maratona-keicia-blaivus-renginiai\\\/\"]}]},{\"@type\":\"BreadcrumbList\",\"@id\":\"https:\\\/\\\/www.silutesnaujienos.lt\\\/lt\\\/alumi-atmiestu-vasaros-svenciu-maratona-keicia-blaivus-renginiai\\\/#breadcrumb\",\"itemListElement\":[{\"@type\":\"ListItem\",\"position\":1,\"name\":\"Home\",\"item\":\"https:\\\/\\\/www.silutesnaujienos.lt\\\/lt\\\/\"},{\"@type\":\"ListItem\",\"position\":2,\"name\":\"Alumi atmie\u0161t\u0173 vasaros \u0161ven\u010di\u0173 maraton\u0105 kei\u010dia blaiv\u016bs renginiai\"}]},{\"@type\":\"WebSite\",\"@id\":\"https:\\\/\\\/www.silutesnaujienos.lt\\\/lt\\\/#website\",\"url\":\"https:\\\/\\\/www.silutesnaujienos.lt\\\/lt\\\/\",\"name\":\"\u0160ilut\u0117s naujienos\",\"description\":\"B\u016bk ant naujien\u0173 bangos!\",\"publisher\":{\"@id\":\"https:\\\/\\\/www.silutesnaujienos.lt\\\/lt\\\/#organization\"},\"potentialAction\":[{\"@type\":\"SearchAction\",\"target\":{\"@type\":\"EntryPoint\",\"urlTemplate\":\"https:\\\/\\\/www.silutesnaujienos.lt\\\/lt\\\/?s={search_term_string}\"},\"query-input\":{\"@type\":\"PropertyValueSpecification\",\"valueRequired\":true,\"valueName\":\"search_term_string\"}}],\"inLanguage\":\"lt-LT\"},{\"@type\":\"Organization\",\"@id\":\"https:\\\/\\\/www.silutesnaujienos.lt\\\/lt\\\/#organization\",\"name\":\"\u0160ilut\u0117s naujienos\",\"url\":\"https:\\\/\\\/www.silutesnaujienos.lt\\\/lt\\\/\",\"logo\":{\"@type\":\"ImageObject\",\"inLanguage\":\"lt-LT\",\"@id\":\"https:\\\/\\\/www.silutesnaujienos.lt\\\/lt\\\/#\\\/schema\\\/logo\\\/image\\\/\",\"url\":\"https:\\\/\\\/www.silutesnaujienos.lt\\\/lt\\\/wp-content\\\/uploads\\\/2020\\\/06\\\/FB_MAIN.jpg\",\"contentUrl\":\"https:\\\/\\\/www.silutesnaujienos.lt\\\/lt\\\/wp-content\\\/uploads\\\/2020\\\/06\\\/FB_MAIN.jpg\",\"width\":1700,\"height\":956,\"caption\":\"\u0160ilut\u0117s naujienos\"},\"image\":{\"@id\":\"https:\\\/\\\/www.silutesnaujienos.lt\\\/lt\\\/#\\\/schema\\\/logo\\\/image\\\/\"},\"sameAs\":[\"https:\\\/\\\/www.facebook.com\\\/silutes.naujienos\\\/\",\"https:\\\/\\\/www.youtube.com\\\/channel\\\/UCxW-cgrJDt8GxIMxSTAfJZg\"]},{\"@type\":\"Person\",\"@id\":\"https:\\\/\\\/www.silutesnaujienos.lt\\\/lt\\\/#\\\/schema\\\/person\\\/232f475ddd4a7b5f49b3abc788b17e83\",\"name\":\"\u0160ilut\u0117s naujien\u0173 inf.\",\"image\":{\"@type\":\"ImageObject\",\"inLanguage\":\"lt-LT\",\"@id\":\"https:\\\/\\\/www.silutesnaujienos.lt\\\/lt\\\/wp-content\\\/uploads\\\/2020\\\/06\\\/favicon.png\",\"url\":\"https:\\\/\\\/www.silutesnaujienos.lt\\\/lt\\\/wp-content\\\/uploads\\\/2020\\\/06\\\/favicon.png\",\"contentUrl\":\"https:\\\/\\\/www.silutesnaujienos.lt\\\/lt\\\/wp-content\\\/uploads\\\/2020\\\/06\\\/favicon.png\",\"caption\":\"\u0160ilut\u0117s naujien\u0173 inf.\"},\"sameAs\":[\"https:\\\/\\\/www.silutesnaujienos.lt\\\/lt\"],\"url\":\"https:\\\/\\\/www.silutesnaujienos.lt\\\/lt\\\/author\\\/ruta\\\/\"}]}<\/script>\n<!-- \/ Yoast SEO plugin. -->","yoast_head_json":{"title":"Alumi atmie\u0161t\u0173 vasaros \u0161ven\u010di\u0173 maraton\u0105 kei\u010dia blaiv\u016bs renginiai - \u0160ilut\u0117s naujienos","robots":{"index":"index","follow":"follow","max-snippet":"max-snippet:-1","max-image-preview":"max-image-preview:large","max-video-preview":"max-video-preview:-1"},"canonical":"https:\/\/www.silutesnaujienos.lt\/lt\/alumi-atmiestu-vasaros-svenciu-maratona-keicia-blaivus-renginiai\/","og_locale":"lt_LT","og_type":"article","og_title":"Alumi atmie\u0161t\u0173 vasaros \u0161ven\u010di\u0173 maraton\u0105 kei\u010dia blaiv\u016bs renginiai - \u0160ilut\u0117s naujienos","og_description":"Per i\u0161tisus tris vasaros m\u0117nesius rastume vos kelis savaitgalius, kuomet kurioje nors rajono seni\u016bnijoje nevykt\u0173 \u0161vent\u0117s. Gegu\u017e\u0117s pabaigoje \u0161i\u0173 rengini\u0173 maraton\u0105 prad\u0117j\u0119s \u0160ilut\u0117s miesto gimtadienis estafet\u0119 perduoda Jonines, Onines ir kitokias gyvenvie\u010di\u0173 \u0161ventes rengiantiems sodie\u010diams, ne vienas renginys dar ir vidurvasar\u012f drebina \u0160ilut\u0117s padang\u0119. Ir niekam ne paslaptis, kad beveik visuose juose alus liejasi laisvai&#8230;Visgi [&hellip;]","og_url":"https:\/\/www.silutesnaujienos.lt\/lt\/alumi-atmiestu-vasaros-svenciu-maratona-keicia-blaivus-renginiai\/","og_site_name":"\u0160ilut\u0117s naujienos","article_publisher":"https:\/\/www.facebook.com\/silutes.naujienos\/","article_published_time":"2017-07-30T20:00:00+00:00","og_image":[{"url":"\/\/silutesnaujienos.lt\/images\/stories\/2017\/07\/28\/thumbnails\/thumb_vasaros_sventes_sekmines_kiausiniene.jpg","type":"","width":"","height":""}],"author":"\u0160ilut\u0117s naujien\u0173 inf.","twitter_card":"summary_large_image","twitter_misc":{"Written by":"\u0160ilut\u0117s naujien\u0173 inf.","Est. reading time":"7 minut\u0117s"},"schema":{"@context":"https:\/\/schema.org","@graph":[{"@type":"Article","@id":"https:\/\/www.silutesnaujienos.lt\/lt\/alumi-atmiestu-vasaros-svenciu-maratona-keicia-blaivus-renginiai\/#article","isPartOf":{"@id":"https:\/\/www.silutesnaujienos.lt\/lt\/alumi-atmiestu-vasaros-svenciu-maratona-keicia-blaivus-renginiai\/"},"author":{"name":"\u0160ilut\u0117s naujien\u0173 inf.","@id":"https:\/\/www.silutesnaujienos.lt\/lt\/#\/schema\/person\/232f475ddd4a7b5f49b3abc788b17e83"},"headline":"Alumi atmie\u0161t\u0173 vasaros \u0161ven\u010di\u0173 maraton\u0105 kei\u010dia blaiv\u016bs renginiai","datePublished":"2017-07-30T20:00:00+00:00","mainEntityOfPage":{"@id":"https:\/\/www.silutesnaujienos.lt\/lt\/alumi-atmiestu-vasaros-svenciu-maratona-keicia-blaivus-renginiai\/"},"wordCount":1325,"commentCount":0,"publisher":{"@id":"https:\/\/www.silutesnaujienos.lt\/lt\/#organization"},"articleSection":["Kult\u016bra ir \u0161vietimas"],"inLanguage":"lt-LT","potentialAction":[{"@type":"CommentAction","name":"Comment","target":["https:\/\/www.silutesnaujienos.lt\/lt\/alumi-atmiestu-vasaros-svenciu-maratona-keicia-blaivus-renginiai\/#respond"]}]},{"@type":"WebPage","@id":"https:\/\/www.silutesnaujienos.lt\/lt\/alumi-atmiestu-vasaros-svenciu-maratona-keicia-blaivus-renginiai\/","url":"https:\/\/www.silutesnaujienos.lt\/lt\/alumi-atmiestu-vasaros-svenciu-maratona-keicia-blaivus-renginiai\/","name":"Alumi atmie\u0161t\u0173 vasaros \u0161ven\u010di\u0173 maraton\u0105 kei\u010dia blaiv\u016bs renginiai - \u0160ilut\u0117s naujienos","isPartOf":{"@id":"https:\/\/www.silutesnaujienos.lt\/lt\/#website"},"datePublished":"2017-07-30T20:00:00+00:00","breadcrumb":{"@id":"https:\/\/www.silutesnaujienos.lt\/lt\/alumi-atmiestu-vasaros-svenciu-maratona-keicia-blaivus-renginiai\/#breadcrumb"},"inLanguage":"lt-LT","potentialAction":[{"@type":"ReadAction","target":["https:\/\/www.silutesnaujienos.lt\/lt\/alumi-atmiestu-vasaros-svenciu-maratona-keicia-blaivus-renginiai\/"]}]},{"@type":"BreadcrumbList","@id":"https:\/\/www.silutesnaujienos.lt\/lt\/alumi-atmiestu-vasaros-svenciu-maratona-keicia-blaivus-renginiai\/#breadcrumb","itemListElement":[{"@type":"ListItem","position":1,"name":"Home","item":"https:\/\/www.silutesnaujienos.lt\/lt\/"},{"@type":"ListItem","position":2,"name":"Alumi atmie\u0161t\u0173 vasaros \u0161ven\u010di\u0173 maraton\u0105 kei\u010dia blaiv\u016bs renginiai"}]},{"@type":"WebSite","@id":"https:\/\/www.silutesnaujienos.lt\/lt\/#website","url":"https:\/\/www.silutesnaujienos.lt\/lt\/","name":"\u0160ilut\u0117s naujienos","description":"B\u016bk ant naujien\u0173 bangos!","publisher":{"@id":"https:\/\/www.silutesnaujienos.lt\/lt\/#organization"},"potentialAction":[{"@type":"SearchAction","target":{"@type":"EntryPoint","urlTemplate":"https:\/\/www.silutesnaujienos.lt\/lt\/?s={search_term_string}"},"query-input":{"@type":"PropertyValueSpecification","valueRequired":true,"valueName":"search_term_string"}}],"inLanguage":"lt-LT"},{"@type":"Organization","@id":"https:\/\/www.silutesnaujienos.lt\/lt\/#organization","name":"\u0160ilut\u0117s naujienos","url":"https:\/\/www.silutesnaujienos.lt\/lt\/","logo":{"@type":"ImageObject","inLanguage":"lt-LT","@id":"https:\/\/www.silutesnaujienos.lt\/lt\/#\/schema\/logo\/image\/","url":"https:\/\/www.silutesnaujienos.lt\/lt\/wp-content\/uploads\/2020\/06\/FB_MAIN.jpg","contentUrl":"https:\/\/www.silutesnaujienos.lt\/lt\/wp-content\/uploads\/2020\/06\/FB_MAIN.jpg","width":1700,"height":956,"caption":"\u0160ilut\u0117s naujienos"},"image":{"@id":"https:\/\/www.silutesnaujienos.lt\/lt\/#\/schema\/logo\/image\/"},"sameAs":["https:\/\/www.facebook.com\/silutes.naujienos\/","https:\/\/www.youtube.com\/channel\/UCxW-cgrJDt8GxIMxSTAfJZg"]},{"@type":"Person","@id":"https:\/\/www.silutesnaujienos.lt\/lt\/#\/schema\/person\/232f475ddd4a7b5f49b3abc788b17e83","name":"\u0160ilut\u0117s naujien\u0173 inf.","image":{"@type":"ImageObject","inLanguage":"lt-LT","@id":"https:\/\/www.silutesnaujienos.lt\/lt\/wp-content\/uploads\/2020\/06\/favicon.png","url":"https:\/\/www.silutesnaujienos.lt\/lt\/wp-content\/uploads\/2020\/06\/favicon.png","contentUrl":"https:\/\/www.silutesnaujienos.lt\/lt\/wp-content\/uploads\/2020\/06\/favicon.png","caption":"\u0160ilut\u0117s naujien\u0173 inf."},"sameAs":["https:\/\/www.silutesnaujienos.lt\/lt"],"url":"https:\/\/www.silutesnaujienos.lt\/lt\/author\/ruta\/"}]}},"publishpress_future_workflow_manual_trigger":{"enabledWorkflows":[]},"amp_enabled":true,"_links":{"self":[{"href":"https:\/\/www.silutesnaujienos.lt\/lt\/wp-json\/wp\/v2\/posts\/7294","targetHints":{"allow":["GET"]}}],"collection":[{"href":"https:\/\/www.silutesnaujienos.lt\/lt\/wp-json\/wp\/v2\/posts"}],"about":[{"href":"https:\/\/www.silutesnaujienos.lt\/lt\/wp-json\/wp\/v2\/types\/post"}],"author":[{"embeddable":true,"href":"https:\/\/www.silutesnaujienos.lt\/lt\/wp-json\/wp\/v2\/users\/1"}],"replies":[{"embeddable":true,"href":"https:\/\/www.silutesnaujienos.lt\/lt\/wp-json\/wp\/v2\/comments?post=7294"}],"version-history":[{"count":0,"href":"https:\/\/www.silutesnaujienos.lt\/lt\/wp-json\/wp\/v2\/posts\/7294\/revisions"}],"wp:attachment":[{"href":"https:\/\/www.silutesnaujienos.lt\/lt\/wp-json\/wp\/v2\/media?parent=7294"}],"wp:term":[{"taxonomy":"category","embeddable":true,"href":"https:\/\/www.silutesnaujienos.lt\/lt\/wp-json\/wp\/v2\/categories?post=7294"},{"taxonomy":"post_tag","embeddable":true,"href":"https:\/\/www.silutesnaujienos.lt\/lt\/wp-json\/wp\/v2\/tags?post=7294"}],"curies":[{"name":"wp","href":"https:\/\/api.w.org\/{rel}","templated":true}]}}