{"id":7513,"date":"2019-09-26T11:00:00","date_gmt":"2019-09-26T13:00:00","guid":{"rendered":"https:\/\/www.silutesnaujienos.lt\/lt\/europos-paveldo-dienos-siluteje\/"},"modified":"2019-09-26T11:00:00","modified_gmt":"2019-09-26T13:00:00","slug":"europos-paveldo-dienos-siluteje","status":"publish","type":"post","link":"https:\/\/www.silutesnaujienos.lt\/lt\/europos-paveldo-dienos-siluteje\/","title":{"rendered":"Europos paveldo dienos \u0160ilut\u0117je"},"content":{"rendered":"<p><a href=\"\/\/silutesnaujienos.lt\/images\/stories\/2019\/09\/09_24\/Europos_paveldo_dienos.jpg\" class=\"jcepopup\" rel=\"caption[Kartu su buvusiu \u0160ilut\u0117s turizmo ir paslaug\u0173 verslo mokyklos direktoriumi muziejaus P. Avi\u017einiu, lankytojai vaik\u0161\u010diojo po buvusio Teismo r\u016bmus kal\u0117jim\u0105, klaus\u0117si pasakojim\u0173 apie pastat\u0173 j\u0173 buvusi\u0173 savinink\u0173 istorijas.] noopener noreferrer\" target=\"_blank\" data-rel=\"lightbox-gallery-rSnv0YUE\" data-rl_title=\"\" data-rl_caption=\"\"><img loading=\"lazy\" decoding=\"async\" src=\"\/\/silutesnaujienos.lt\/images\/stories\/2019\/09\/09_24\/thumbnails\/thumb_Europos_paveldo_dienos.jpg\" width=\"307\" height=\"230\" alt=\"Europos paveldo_dienos\" title=\"\" class=\"caption\" style=\"margin: 5px; float: left;\" \/><\/a><strong>Rugs\u0117jo 20-22 dienomis visoje Lietuvoje vyko Europos Tarybos programos \u201eEuropos paveldo dienos\u201c. \u0160i\u0173 met\u0173 tema &#8211; \u201eKult\u016bros paveldas: pa\u017eink ir pramogauk\u201c. \u0160ioms dienoms pamin\u0117ti skirti renginiai vyko ir \u0160ilut\u0117je.<\/strong><\/p>\n<p>Pasak \u0160ilut\u0117s rajono savivaldyb\u0117s Kult\u016bros skyriaus vyr. specialist\u0117s Alvydos Vidrinskien\u0117s, \u0161iais renginiais siekiama supa\u017eindinti visuomen\u0119 su kult\u016bros paveldu bei didinti jos s\u0105moningum\u0105 kult\u016bros paveldo objekt\u0173 vert\u0117s suvokimo ir j\u0173 i\u0161saugojimo at\u017evilgiu.<\/p>\n<p>Europos paveldo dien\u0173 programa si\u016bl\u0117 plat\u0173 rengini\u0173 ir veikl\u0173 spektr\u0105: pa\u017eintiniai pasivaik\u0161\u010diojimai, parodos, paskaitos, edukaciniai u\u017esi\u0117mimai, koncertai, \u017eaidimai ir kt.<\/p>\n<p>Rugs\u0117jo 20 dien\u0105, penktadien\u012f, \u0160ilut\u0117s profesinio mokymo centre surengtas edukacinis Europos paveldo dien\u0173 renginys \u201ePagamink, i\u0161kepk ir paragauk jugendo stiliaus detal\u0119!\u201c. Centro gamybin\u0117se &#8211; mokomosiose patalpose i\u0161 meduolin\u0117s te\u0161los buvo formuojami ir kepami jugendo stiliaus pastat\u0173 architekt\u016briniai elementai.<\/p>\n<p>\u0160ilut\u0117je buvo aktualizuojami jugendo stiliaus paveldo objektai: pastatas, Turgaus g. 4; pastatas, Turgaus g. 3; pastatas, Lietuvinink\u0173 g. 1; stoties pastatas, Lietuvinink\u0173 g. 15; gaisrin\u0117, Lietuvinink\u0173 g. 22; pastatas, Lietuvinink\u0173 g. 24; \u0160ilut\u0117s pa\u0161tas, Lietuvinink\u0173 g. 23 \/ Gudobeli\u0173 al. 2; namas, Lietuvinink\u0173 g. 25; \u0160ilut\u0117s liaudies mokykla, Lietuvinink\u0173 g. 38; pastatas, Lietuvinink\u0173 g. 59.<\/p>\n<p>Prane\u0161im\u0105 apie jugendo stiliaus pastatus, esan\u010dius \u0160ilut\u0117s miesto istorin\u0117s dalies centrin\u0117je gatv\u0117je skait\u0117 \u0160ilut\u0117s meno mokyklos dail\u0117s mokytoja metodinink\u0117. Vyko pramoginis Europos paveldo dien\u0173\u201919 u\u017esi\u0117mimas \u201eKuri architekt\u016brin\u0117 detal\u0117 skaniausia \u2013 arka, konsol\u0117, rozet\u0117\u201c.<\/p>\n<p>Didel\u012f susidom\u0117jim\u0105 suk\u0117l\u0117 ekskursija \u201e\u012eeik \u012f kult\u016bros paveldo objekt\u0105!\u201c.<\/p>\n<p>Europos paveldo dien\u0173 lankytojai \u0160ilut\u0117je susitiko su buvusiu \u0160ilut\u0117s turizmo ir paslaug\u0173 verslo mokyklos direktoriumi, istoriku, muziejaus \u012fk\u016br\u0117ju \u0161ioje mokykloje Pranu Avi\u017einiu. Visiems buvo sudaryta galimyb\u0117 pasivaik\u0161\u010dioti po pastatus, kurie \u012fprastai yra visi\u0161kai arba i\u0161 dalies neprieinami visuomenei. Kartu su muziejaus \u012fk\u016br\u0117ju P. Avi\u017einiu vaik\u0161\u010diojome po buvusio Teismo r\u016bmus ir kal\u0117jim\u0105, klaus\u0117m\u0117s ekskursijos vadovo pasakojim\u0173 apie pastat\u0173 ir j\u0173 buvusi\u0173 savinink\u0173 istorijas.<\/p>\n","protected":false},"excerpt":{"rendered":"<p>Rugs\u0117jo 20-22 dienomis visoje Lietuvoje vyko Europos Tarybos programos \u201eEuropos paveldo dienos\u201c. \u0160i\u0173 met\u0173 tema &#8211; \u201eKult\u016bros paveldas: pa\u017eink ir pramogauk\u201c. \u0160ioms dienoms pamin\u0117ti skirti renginiai vyko ir \u0160ilut\u0117je. Pasak \u0160ilut\u0117s rajono savivaldyb\u0117s Kult\u016bros skyriaus vyr. specialist\u0117s Alvydos Vidrinskien\u0117s, \u0161iais renginiais siekiama supa\u017eindinti visuomen\u0119 su kult\u016bros paveldu bei didinti jos s\u0105moningum\u0105 kult\u016bros paveldo objekt\u0173 vert\u0117s [&hellip;]<\/p>\n","protected":false},"author":1,"featured_media":0,"comment_status":"open","ping_status":"open","sticky":false,"template":"","format":"standard","meta":{"footnotes":""},"categories":[51],"tags":[],"class_list":["post-7513","post","type-post","status-publish","format-standard","category-kultura-ir-svietimas"],"yoast_head":"<!-- This site is optimized with the Yoast SEO plugin v28.4 - https:\/\/yoast.com\/product\/yoast-seo-wordpress\/ -->\n<title>Europos paveldo dienos \u0160ilut\u0117je - \u0160ilut\u0117s naujienos<\/title>\n<meta name=\"robots\" content=\"index, follow, max-snippet:-1, max-image-preview:large, max-video-preview:-1\" \/>\n<link rel=\"canonical\" href=\"https:\/\/www.silutesnaujienos.lt\/lt\/europos-paveldo-dienos-siluteje\/\" \/>\n<meta property=\"og:locale\" content=\"lt_LT\" \/>\n<meta property=\"og:type\" content=\"article\" \/>\n<meta property=\"og:title\" content=\"Europos paveldo dienos \u0160ilut\u0117je - \u0160ilut\u0117s naujienos\" \/>\n<meta property=\"og:description\" content=\"Rugs\u0117jo 20-22 dienomis visoje Lietuvoje vyko Europos Tarybos programos \u201eEuropos paveldo dienos\u201c. \u0160i\u0173 met\u0173 tema &#8211; \u201eKult\u016bros paveldas: pa\u017eink ir pramogauk\u201c. \u0160ioms dienoms pamin\u0117ti skirti renginiai vyko ir \u0160ilut\u0117je. Pasak \u0160ilut\u0117s rajono savivaldyb\u0117s Kult\u016bros skyriaus vyr. specialist\u0117s Alvydos Vidrinskien\u0117s, \u0161iais renginiais siekiama supa\u017eindinti visuomen\u0119 su kult\u016bros paveldu bei didinti jos s\u0105moningum\u0105 kult\u016bros paveldo objekt\u0173 vert\u0117s [&hellip;]\" \/>\n<meta property=\"og:url\" content=\"https:\/\/www.silutesnaujienos.lt\/lt\/europos-paveldo-dienos-siluteje\/\" \/>\n<meta property=\"og:site_name\" content=\"\u0160ilut\u0117s naujienos\" \/>\n<meta property=\"article:publisher\" content=\"https:\/\/www.facebook.com\/silutes.naujienos\/\" \/>\n<meta property=\"article:published_time\" content=\"2019-09-26T13:00:00+00:00\" \/>\n<meta property=\"og:image\" content=\"\/\/silutesnaujienos.lt\/images\/stories\/2019\/09\/09_24\/thumbnails\/thumb_Europos_paveldo_dienos.jpg\" \/>\n<meta name=\"author\" content=\"\u0160ilut\u0117s naujien\u0173 inf.\" \/>\n<meta name=\"twitter:card\" content=\"summary_large_image\" \/>\n<meta name=\"twitter:label1\" content=\"Written by\" \/>\n\t<meta name=\"twitter:data1\" content=\"\u0160ilut\u0117s naujien\u0173 inf.\" \/>\n\t<meta name=\"twitter:label2\" content=\"Est. reading time\" \/>\n\t<meta name=\"twitter:data2\" content=\"2 minut\u0117s\" \/>\n<script type=\"application\/ld+json\" class=\"yoast-schema-graph\">{\"@context\":\"https:\\\/\\\/schema.org\",\"@graph\":[{\"@type\":\"Article\",\"@id\":\"https:\\\/\\\/www.silutesnaujienos.lt\\\/lt\\\/europos-paveldo-dienos-siluteje\\\/#article\",\"isPartOf\":{\"@id\":\"https:\\\/\\\/www.silutesnaujienos.lt\\\/lt\\\/europos-paveldo-dienos-siluteje\\\/\"},\"author\":{\"name\":\"\u0160ilut\u0117s naujien\u0173 inf.\",\"@id\":\"https:\\\/\\\/www.silutesnaujienos.lt\\\/lt\\\/#\\\/schema\\\/person\\\/232f475ddd4a7b5f49b3abc788b17e83\"},\"headline\":\"Europos paveldo dienos \u0160ilut\u0117je\",\"datePublished\":\"2019-09-26T13:00:00+00:00\",\"mainEntityOfPage\":{\"@id\":\"https:\\\/\\\/www.silutesnaujienos.lt\\\/lt\\\/europos-paveldo-dienos-siluteje\\\/\"},\"wordCount\":329,\"commentCount\":0,\"publisher\":{\"@id\":\"https:\\\/\\\/www.silutesnaujienos.lt\\\/lt\\\/#organization\"},\"articleSection\":[\"Kult\u016bra ir \u0161vietimas\"],\"inLanguage\":\"lt-LT\",\"potentialAction\":[{\"@type\":\"CommentAction\",\"name\":\"Comment\",\"target\":[\"https:\\\/\\\/www.silutesnaujienos.lt\\\/lt\\\/europos-paveldo-dienos-siluteje\\\/#respond\"]}]},{\"@type\":\"WebPage\",\"@id\":\"https:\\\/\\\/www.silutesnaujienos.lt\\\/lt\\\/europos-paveldo-dienos-siluteje\\\/\",\"url\":\"https:\\\/\\\/www.silutesnaujienos.lt\\\/lt\\\/europos-paveldo-dienos-siluteje\\\/\",\"name\":\"Europos paveldo dienos \u0160ilut\u0117je - \u0160ilut\u0117s naujienos\",\"isPartOf\":{\"@id\":\"https:\\\/\\\/www.silutesnaujienos.lt\\\/lt\\\/#website\"},\"datePublished\":\"2019-09-26T13:00:00+00:00\",\"breadcrumb\":{\"@id\":\"https:\\\/\\\/www.silutesnaujienos.lt\\\/lt\\\/europos-paveldo-dienos-siluteje\\\/#breadcrumb\"},\"inLanguage\":\"lt-LT\",\"potentialAction\":[{\"@type\":\"ReadAction\",\"target\":[\"https:\\\/\\\/www.silutesnaujienos.lt\\\/lt\\\/europos-paveldo-dienos-siluteje\\\/\"]}]},{\"@type\":\"BreadcrumbList\",\"@id\":\"https:\\\/\\\/www.silutesnaujienos.lt\\\/lt\\\/europos-paveldo-dienos-siluteje\\\/#breadcrumb\",\"itemListElement\":[{\"@type\":\"ListItem\",\"position\":1,\"name\":\"Home\",\"item\":\"https:\\\/\\\/www.silutesnaujienos.lt\\\/lt\\\/\"},{\"@type\":\"ListItem\",\"position\":2,\"name\":\"Europos paveldo dienos \u0160ilut\u0117je\"}]},{\"@type\":\"WebSite\",\"@id\":\"https:\\\/\\\/www.silutesnaujienos.lt\\\/lt\\\/#website\",\"url\":\"https:\\\/\\\/www.silutesnaujienos.lt\\\/lt\\\/\",\"name\":\"\u0160ilut\u0117s naujienos\",\"description\":\"B\u016bk ant naujien\u0173 bangos!\",\"publisher\":{\"@id\":\"https:\\\/\\\/www.silutesnaujienos.lt\\\/lt\\\/#organization\"},\"potentialAction\":[{\"@type\":\"SearchAction\",\"target\":{\"@type\":\"EntryPoint\",\"urlTemplate\":\"https:\\\/\\\/www.silutesnaujienos.lt\\\/lt\\\/?s={search_term_string}\"},\"query-input\":{\"@type\":\"PropertyValueSpecification\",\"valueRequired\":true,\"valueName\":\"search_term_string\"}}],\"inLanguage\":\"lt-LT\"},{\"@type\":\"Organization\",\"@id\":\"https:\\\/\\\/www.silutesnaujienos.lt\\\/lt\\\/#organization\",\"name\":\"\u0160ilut\u0117s naujienos\",\"url\":\"https:\\\/\\\/www.silutesnaujienos.lt\\\/lt\\\/\",\"logo\":{\"@type\":\"ImageObject\",\"inLanguage\":\"lt-LT\",\"@id\":\"https:\\\/\\\/www.silutesnaujienos.lt\\\/lt\\\/#\\\/schema\\\/logo\\\/image\\\/\",\"url\":\"https:\\\/\\\/www.silutesnaujienos.lt\\\/lt\\\/wp-content\\\/uploads\\\/2020\\\/06\\\/FB_MAIN.jpg\",\"contentUrl\":\"https:\\\/\\\/www.silutesnaujienos.lt\\\/lt\\\/wp-content\\\/uploads\\\/2020\\\/06\\\/FB_MAIN.jpg\",\"width\":1700,\"height\":956,\"caption\":\"\u0160ilut\u0117s naujienos\"},\"image\":{\"@id\":\"https:\\\/\\\/www.silutesnaujienos.lt\\\/lt\\\/#\\\/schema\\\/logo\\\/image\\\/\"},\"sameAs\":[\"https:\\\/\\\/www.facebook.com\\\/silutes.naujienos\\\/\",\"https:\\\/\\\/www.youtube.com\\\/channel\\\/UCxW-cgrJDt8GxIMxSTAfJZg\"]},{\"@type\":\"Person\",\"@id\":\"https:\\\/\\\/www.silutesnaujienos.lt\\\/lt\\\/#\\\/schema\\\/person\\\/232f475ddd4a7b5f49b3abc788b17e83\",\"name\":\"\u0160ilut\u0117s naujien\u0173 inf.\",\"image\":{\"@type\":\"ImageObject\",\"inLanguage\":\"lt-LT\",\"@id\":\"https:\\\/\\\/www.silutesnaujienos.lt\\\/lt\\\/wp-content\\\/uploads\\\/2020\\\/06\\\/favicon.png\",\"url\":\"https:\\\/\\\/www.silutesnaujienos.lt\\\/lt\\\/wp-content\\\/uploads\\\/2020\\\/06\\\/favicon.png\",\"contentUrl\":\"https:\\\/\\\/www.silutesnaujienos.lt\\\/lt\\\/wp-content\\\/uploads\\\/2020\\\/06\\\/favicon.png\",\"caption\":\"\u0160ilut\u0117s naujien\u0173 inf.\"},\"sameAs\":[\"https:\\\/\\\/www.silutesnaujienos.lt\\\/lt\"],\"url\":\"https:\\\/\\\/www.silutesnaujienos.lt\\\/lt\\\/author\\\/ruta\\\/\"}]}<\/script>\n<!-- \/ Yoast SEO plugin. -->","yoast_head_json":{"title":"Europos paveldo dienos \u0160ilut\u0117je - \u0160ilut\u0117s naujienos","robots":{"index":"index","follow":"follow","max-snippet":"max-snippet:-1","max-image-preview":"max-image-preview:large","max-video-preview":"max-video-preview:-1"},"canonical":"https:\/\/www.silutesnaujienos.lt\/lt\/europos-paveldo-dienos-siluteje\/","og_locale":"lt_LT","og_type":"article","og_title":"Europos paveldo dienos \u0160ilut\u0117je - \u0160ilut\u0117s naujienos","og_description":"Rugs\u0117jo 20-22 dienomis visoje Lietuvoje vyko Europos Tarybos programos \u201eEuropos paveldo dienos\u201c. \u0160i\u0173 met\u0173 tema &#8211; \u201eKult\u016bros paveldas: pa\u017eink ir pramogauk\u201c. \u0160ioms dienoms pamin\u0117ti skirti renginiai vyko ir \u0160ilut\u0117je. Pasak \u0160ilut\u0117s rajono savivaldyb\u0117s Kult\u016bros skyriaus vyr. specialist\u0117s Alvydos Vidrinskien\u0117s, \u0161iais renginiais siekiama supa\u017eindinti visuomen\u0119 su kult\u016bros paveldu bei didinti jos s\u0105moningum\u0105 kult\u016bros paveldo objekt\u0173 vert\u0117s [&hellip;]","og_url":"https:\/\/www.silutesnaujienos.lt\/lt\/europos-paveldo-dienos-siluteje\/","og_site_name":"\u0160ilut\u0117s naujienos","article_publisher":"https:\/\/www.facebook.com\/silutes.naujienos\/","article_published_time":"2019-09-26T13:00:00+00:00","og_image":[{"url":"\/\/silutesnaujienos.lt\/images\/stories\/2019\/09\/09_24\/thumbnails\/thumb_Europos_paveldo_dienos.jpg","type":"","width":"","height":""}],"author":"\u0160ilut\u0117s naujien\u0173 inf.","twitter_card":"summary_large_image","twitter_misc":{"Written by":"\u0160ilut\u0117s naujien\u0173 inf.","Est. reading time":"2 minut\u0117s"},"schema":{"@context":"https:\/\/schema.org","@graph":[{"@type":"Article","@id":"https:\/\/www.silutesnaujienos.lt\/lt\/europos-paveldo-dienos-siluteje\/#article","isPartOf":{"@id":"https:\/\/www.silutesnaujienos.lt\/lt\/europos-paveldo-dienos-siluteje\/"},"author":{"name":"\u0160ilut\u0117s naujien\u0173 inf.","@id":"https:\/\/www.silutesnaujienos.lt\/lt\/#\/schema\/person\/232f475ddd4a7b5f49b3abc788b17e83"},"headline":"Europos paveldo dienos \u0160ilut\u0117je","datePublished":"2019-09-26T13:00:00+00:00","mainEntityOfPage":{"@id":"https:\/\/www.silutesnaujienos.lt\/lt\/europos-paveldo-dienos-siluteje\/"},"wordCount":329,"commentCount":0,"publisher":{"@id":"https:\/\/www.silutesnaujienos.lt\/lt\/#organization"},"articleSection":["Kult\u016bra ir \u0161vietimas"],"inLanguage":"lt-LT","potentialAction":[{"@type":"CommentAction","name":"Comment","target":["https:\/\/www.silutesnaujienos.lt\/lt\/europos-paveldo-dienos-siluteje\/#respond"]}]},{"@type":"WebPage","@id":"https:\/\/www.silutesnaujienos.lt\/lt\/europos-paveldo-dienos-siluteje\/","url":"https:\/\/www.silutesnaujienos.lt\/lt\/europos-paveldo-dienos-siluteje\/","name":"Europos paveldo dienos \u0160ilut\u0117je - \u0160ilut\u0117s naujienos","isPartOf":{"@id":"https:\/\/www.silutesnaujienos.lt\/lt\/#website"},"datePublished":"2019-09-26T13:00:00+00:00","breadcrumb":{"@id":"https:\/\/www.silutesnaujienos.lt\/lt\/europos-paveldo-dienos-siluteje\/#breadcrumb"},"inLanguage":"lt-LT","potentialAction":[{"@type":"ReadAction","target":["https:\/\/www.silutesnaujienos.lt\/lt\/europos-paveldo-dienos-siluteje\/"]}]},{"@type":"BreadcrumbList","@id":"https:\/\/www.silutesnaujienos.lt\/lt\/europos-paveldo-dienos-siluteje\/#breadcrumb","itemListElement":[{"@type":"ListItem","position":1,"name":"Home","item":"https:\/\/www.silutesnaujienos.lt\/lt\/"},{"@type":"ListItem","position":2,"name":"Europos paveldo dienos \u0160ilut\u0117je"}]},{"@type":"WebSite","@id":"https:\/\/www.silutesnaujienos.lt\/lt\/#website","url":"https:\/\/www.silutesnaujienos.lt\/lt\/","name":"\u0160ilut\u0117s naujienos","description":"B\u016bk ant naujien\u0173 bangos!","publisher":{"@id":"https:\/\/www.silutesnaujienos.lt\/lt\/#organization"},"potentialAction":[{"@type":"SearchAction","target":{"@type":"EntryPoint","urlTemplate":"https:\/\/www.silutesnaujienos.lt\/lt\/?s={search_term_string}"},"query-input":{"@type":"PropertyValueSpecification","valueRequired":true,"valueName":"search_term_string"}}],"inLanguage":"lt-LT"},{"@type":"Organization","@id":"https:\/\/www.silutesnaujienos.lt\/lt\/#organization","name":"\u0160ilut\u0117s naujienos","url":"https:\/\/www.silutesnaujienos.lt\/lt\/","logo":{"@type":"ImageObject","inLanguage":"lt-LT","@id":"https:\/\/www.silutesnaujienos.lt\/lt\/#\/schema\/logo\/image\/","url":"https:\/\/www.silutesnaujienos.lt\/lt\/wp-content\/uploads\/2020\/06\/FB_MAIN.jpg","contentUrl":"https:\/\/www.silutesnaujienos.lt\/lt\/wp-content\/uploads\/2020\/06\/FB_MAIN.jpg","width":1700,"height":956,"caption":"\u0160ilut\u0117s naujienos"},"image":{"@id":"https:\/\/www.silutesnaujienos.lt\/lt\/#\/schema\/logo\/image\/"},"sameAs":["https:\/\/www.facebook.com\/silutes.naujienos\/","https:\/\/www.youtube.com\/channel\/UCxW-cgrJDt8GxIMxSTAfJZg"]},{"@type":"Person","@id":"https:\/\/www.silutesnaujienos.lt\/lt\/#\/schema\/person\/232f475ddd4a7b5f49b3abc788b17e83","name":"\u0160ilut\u0117s naujien\u0173 inf.","image":{"@type":"ImageObject","inLanguage":"lt-LT","@id":"https:\/\/www.silutesnaujienos.lt\/lt\/wp-content\/uploads\/2020\/06\/favicon.png","url":"https:\/\/www.silutesnaujienos.lt\/lt\/wp-content\/uploads\/2020\/06\/favicon.png","contentUrl":"https:\/\/www.silutesnaujienos.lt\/lt\/wp-content\/uploads\/2020\/06\/favicon.png","caption":"\u0160ilut\u0117s naujien\u0173 inf."},"sameAs":["https:\/\/www.silutesnaujienos.lt\/lt"],"url":"https:\/\/www.silutesnaujienos.lt\/lt\/author\/ruta\/"}]}},"publishpress_future_workflow_manual_trigger":{"enabledWorkflows":[]},"amp_enabled":true,"_links":{"self":[{"href":"https:\/\/www.silutesnaujienos.lt\/lt\/wp-json\/wp\/v2\/posts\/7513","targetHints":{"allow":["GET"]}}],"collection":[{"href":"https:\/\/www.silutesnaujienos.lt\/lt\/wp-json\/wp\/v2\/posts"}],"about":[{"href":"https:\/\/www.silutesnaujienos.lt\/lt\/wp-json\/wp\/v2\/types\/post"}],"author":[{"embeddable":true,"href":"https:\/\/www.silutesnaujienos.lt\/lt\/wp-json\/wp\/v2\/users\/1"}],"replies":[{"embeddable":true,"href":"https:\/\/www.silutesnaujienos.lt\/lt\/wp-json\/wp\/v2\/comments?post=7513"}],"version-history":[{"count":0,"href":"https:\/\/www.silutesnaujienos.lt\/lt\/wp-json\/wp\/v2\/posts\/7513\/revisions"}],"wp:attachment":[{"href":"https:\/\/www.silutesnaujienos.lt\/lt\/wp-json\/wp\/v2\/media?parent=7513"}],"wp:term":[{"taxonomy":"category","embeddable":true,"href":"https:\/\/www.silutesnaujienos.lt\/lt\/wp-json\/wp\/v2\/categories?post=7513"},{"taxonomy":"post_tag","embeddable":true,"href":"https:\/\/www.silutesnaujienos.lt\/lt\/wp-json\/wp\/v2\/tags?post=7513"}],"curies":[{"name":"wp","href":"https:\/\/api.w.org\/{rel}","templated":true}]}}