{"id":77885,"date":"2025-10-05T16:02:11","date_gmt":"2025-10-05T13:02:11","guid":{"rendered":"https:\/\/www.silutesnaujienos.lt\/lt\/?p=77885"},"modified":"2025-10-05T16:02:11","modified_gmt":"2025-10-05T13:02:11","slug":"zebeliene-apskunde-teismo-sprendima-cekiuku-byloje-priteistu-69-tukst-euru-negrazino","status":"publish","type":"post","link":"https:\/\/www.silutesnaujienos.lt\/lt\/zebeliene-apskunde-teismo-sprendima-cekiuku-byloje-priteistu-69-tukst-euru-negrazino\/","title":{"rendered":"\u017debelien\u0117 apskund\u0117 teismo sprendim\u0105 \u201e\u010dekiuk\u0173\u201c byloje, priteist\u0173 6,9 t\u016bkst. eur\u0173 negr\u0105\u017eino"},"content":{"rendered":"<p>&nbsp;<\/p>\n<p>\u201eManome, kad teismo sprendimas yra neteis\u0117tas ir nepagr\u012fstas, jis apsk\u0173stas apeliacine tvarka. Teismas r\u0117m\u0117si prielaidomis, suk\u016br\u0117 savo skai\u010diavimus, taisykles, kurios neegzistavo. Mano klient\u0117 veik\u0117 teis\u0117tai, pagal tuo metu galiojusius teis\u0117s aktus. Man susidar\u0117 \u012fsp\u016bdis, kad teismas veik\u0117 ne pagal teis\u0119 ir \u012frodymus, bet pagal tam tikras visuomen\u0117s nuotaikas. Tod\u0117l apskund\u0117me. 74 kilometrai per dien\u0105 ar daug ar ma\u017eai aktyviam politikui, kuris dirba \u0160ilut\u0117s rajono savivaldyb\u0117je. Bet kuris asmuo supras, kad tai nedidelis atstumas. Vilnie\u010dio akimis \u2013 nuva\u017eiuoti iki Vievio ir atgal, \u010dia tikrai nedaug\u201c, \u2013 Eltai sak\u0117 politik\u0117s advokatas Laurynas Did\u017eiulis.<\/p>\n<p>Teismas yra nusprend\u0119s, kad, anks\u010diau eidama \u0160ilut\u0117s rajono savivaldyb\u0117s tarybos nar\u0117s pareigas, D. \u017debelien\u0117 nepagr\u012fstai praturt\u0117jo ir \u0161iai savivaldybei turi gr\u0105\u017einti pingus.<\/p>\n<p>Teis\u0117ja Loreta Bajorinien\u0117 akcentavo, kad karantino laikotarpiu, kai buvo ribojamas jud\u0117jimas \u0161alyje, buvo nupirkta 1 t\u016bkst. 814 litr\u0173 degal\u0173, i\u0161 j\u0173 tarybos narei priklausan\u010dia mok\u0117jimo kortele apmok\u0117ta u\u017e beveik 63 litrus. Teis\u0117ja taip pat nustat\u0117, kad pateiktuose kvituose buvo nurodytas didesnis degal\u0173 kiekis, nei kad gali tilpti \u012f jos naudot\u0173 automobili\u0173 bakus.<\/p>\n<p>Tuo metu Seimo nar\u0117s advokatas su tokiomis teismo i\u0161vadomis nesutinka \u2013 L. Did\u017eiulis sako, kad ir per karantin\u0105 automobili\u0173 jud\u0117jimas Lietuvoje nesuma\u017e\u0117jo.<\/p>\n<p>\u201eGatv\u0117s atrod\u0117 taip pat, eismas buvo labai pana\u0161us. Gal \u0161iek tiek ma\u017eesnis. Buvo suvar\u017eymai, bet nebuvo karo pad\u0117tis ar komendanto valanda, kai niekas neina, neva\u017eiuoja. Karantinas yra dirbtinis argumentas\u201c, \u2013 mano advokatas.<\/p>\n<p>Jis mano, kad jeigu \u0161\u012f gin\u010d\u0105 b\u016bt\u0173 inicijavusi ne prokurat\u016bra, o savivaldyb\u0117 ir byla b\u016bt\u0173 nagrin\u0117jama kaip darbo byla, toks ie\u0161kinys b\u016bt\u0173 atmestas.<\/p>\n<p>\u201eA\u0161 \u012f\u017evelgiu politizuot\u0105 bylos atspalv\u012f. Mes pra\u0161\u0117me nevykdyti justicin\u012f populizm\u0105, nepasiduoti visuomen\u0117s nuotaikoms, kurios suformuotos i\u0161 keli\u0173 blog\u0173 atvej\u0173 su \u201e\u010dekiukais&#8221;. Nes dabar visi politikai, kurie kompensavosi, automati\u0161kai priskiriami \u201e\u010dekutininkams\u201c , \u2013 sako buvusios tarybos nar\u0117s advokatas.<\/p>\n<p>Teismas savo sprendime taip pat nurod\u0117, kad D. \u017debelien\u0117s pateiktas rengini\u0173, i\u0161vyk\u0173, pos\u0117d\u017ei\u0173, kuriuose ji dalyvavo kaip tarybos nar\u0117, s\u0105ra\u0161as, ne\u012frodo, jog, vykdydama tarybos nar\u0117s funkcijas, automobiliais ji nuva\u017eiavo beveik 72 t\u016bkst. kilometr\u0173.<\/p>\n<p>Parlamento vicepirminink\u0117 teisme per pos\u0117d\u012f sak\u0117 mananti, kad \u0160ilut\u0117s rajono savivaldyb\u0117 gal\u0117jo jai mok\u0117ti u\u017e kur\u0105, kai ji, b\u016bdama \u0161ios tarybos nare, vyko \u012f prezidento Gitano Naus\u0117dos rinkim\u0173 kampanijos renginius, susitikimus su savo partijos lyderiu Remigijumi \u017demaitai\u010diu d\u0117l savo rink\u0117j\u0173 keliam\u0173 problem\u0173.<\/p>\n<p>Ta\u010diau teismo vertinimu, nurodyti renginiai, susitikimai, tokie kaip agitacija po rajon\u0105 d\u0117l prezidento rinkim\u0173, dalyvavimas debatuose Europos Parlamento rinkimuose, nelaikytini tiesiogiai susij\u0119 su tarybos nario veikla.<\/p>\n<p>Teis\u0117ja taip pat atkreip\u0117 d\u0117mes\u012f, kad D. \u017debelien\u0117, b\u016bdama tarybos nare, dirbo samdomus darbus \u012fmon\u0117se. Taip pat teis\u0117jai kilo abejoni\u0173 ir d\u0117l rengini\u0173 kieki\u0173, kuriuos nurod\u0117 politik\u0117. Pavyzd\u017eiui, 2020 m. rugs\u0117jo m\u0117nes\u012f D. \u017debelien\u0117 nurod\u0117 dalyvavusi 36 renginiuose.<\/p>\n<p><strong>Ingrida Steniulien\u0117 (ELTA) <\/strong><\/p>\n<p>&nbsp;<\/p>\n","protected":false},"excerpt":{"rendered":"<p>&nbsp; \u201eManome, kad teismo sprendimas yra neteis\u0117tas ir nepagr\u012fstas, jis apsk\u0173stas apeliacine tvarka. Teismas r\u0117m\u0117si prielaidomis, suk\u016br\u0117 savo skai\u010diavimus, taisykles, kurios neegzistavo. Mano klient\u0117 veik\u0117 teis\u0117tai, pagal tuo metu galiojusius teis\u0117s aktus. Man susidar\u0117 \u012fsp\u016bdis, kad teismas veik\u0117 ne pagal teis\u0119 ir \u012frodymus, bet pagal tam tikras visuomen\u0117s nuotaikas. Tod\u0117l apskund\u0117me. 74 kilometrai per dien\u0105 [&hellip;]<\/p>\n","protected":false},"author":2,"featured_media":69980,"comment_status":"open","ping_status":"closed","sticky":false,"template":"","format":"standard","meta":{"footnotes":""},"categories":[3873],"tags":[47],"class_list":{"0":"post-77885","1":"post","2":"type-post","3":"status-publish","4":"format-standard","5":"has-post-thumbnail","7":"category-elta","8":"tag-pirmasis"},"yoast_head":"<!-- This site is optimized with the Yoast SEO plugin v27.4 - https:\/\/yoast.com\/product\/yoast-seo-wordpress\/ -->\n<title>\u017debelien\u0117 apskund\u0117 teismo sprendim\u0105 \u201e\u010dekiuk\u0173\u201c byloje, priteist\u0173 6,9 t\u016bkst. eur\u0173 negr\u0105\u017eino - \u0160ilut\u0117s naujienos<\/title>\n<meta name=\"robots\" content=\"index, follow, max-snippet:-1, max-image-preview:large, max-video-preview:-1\" \/>\n<link rel=\"canonical\" href=\"https:\/\/www.silutesnaujienos.lt\/lt\/zebeliene-apskunde-teismo-sprendima-cekiuku-byloje-priteistu-69-tukst-euru-negrazino\/\" \/>\n<meta property=\"og:locale\" content=\"lt_LT\" \/>\n<meta property=\"og:type\" content=\"article\" \/>\n<meta property=\"og:title\" content=\"\u017debelien\u0117 apskund\u0117 teismo sprendim\u0105 \u201e\u010dekiuk\u0173\u201c byloje, priteist\u0173 6,9 t\u016bkst. eur\u0173 negr\u0105\u017eino - \u0160ilut\u0117s naujienos\" \/>\n<meta property=\"og:description\" content=\"&nbsp; \u201eManome, kad teismo sprendimas yra neteis\u0117tas ir nepagr\u012fstas, jis apsk\u0173stas apeliacine tvarka. Teismas r\u0117m\u0117si prielaidomis, suk\u016br\u0117 savo skai\u010diavimus, taisykles, kurios neegzistavo. Mano klient\u0117 veik\u0117 teis\u0117tai, pagal tuo metu galiojusius teis\u0117s aktus. Man susidar\u0117 \u012fsp\u016bdis, kad teismas veik\u0117 ne pagal teis\u0119 ir \u012frodymus, bet pagal tam tikras visuomen\u0117s nuotaikas. Tod\u0117l apskund\u0117me. 74 kilometrai per dien\u0105 [&hellip;]\" \/>\n<meta property=\"og:url\" content=\"https:\/\/www.silutesnaujienos.lt\/lt\/zebeliene-apskunde-teismo-sprendima-cekiuku-byloje-priteistu-69-tukst-euru-negrazino\/\" \/>\n<meta property=\"og:site_name\" content=\"\u0160ilut\u0117s naujienos\" \/>\n<meta property=\"article:publisher\" content=\"https:\/\/www.facebook.com\/silutes.naujienos\/\" \/>\n<meta property=\"article:published_time\" content=\"2025-10-05T13:02:11+00:00\" \/>\n<meta property=\"og:image\" content=\"https:\/\/www.silutesnaujienos.lt\/lt\/wp-content\/uploads\/2025\/06\/zebeliene-elta-scaled.jpg\" \/>\n\t<meta property=\"og:image:width\" content=\"2560\" \/>\n\t<meta property=\"og:image:height\" content=\"1707\" \/>\n\t<meta property=\"og:image:type\" content=\"image\/jpeg\" \/>\n<meta name=\"author\" content=\"\u0160ilut\u0117s naujien\u0173 inf.\" \/>\n<meta name=\"twitter:card\" content=\"summary_large_image\" \/>\n<meta name=\"twitter:label1\" content=\"Written by\" \/>\n\t<meta name=\"twitter:data1\" content=\"\u0160ilut\u0117s naujien\u0173 inf.\" \/>\n\t<meta name=\"twitter:label2\" content=\"Est. reading time\" \/>\n\t<meta name=\"twitter:data2\" content=\"3 minut\u0117s\" \/>\n<script type=\"application\/ld+json\" class=\"yoast-schema-graph\">{\"@context\":\"https:\\\/\\\/schema.org\",\"@graph\":[{\"@type\":\"Article\",\"@id\":\"https:\\\/\\\/www.silutesnaujienos.lt\\\/lt\\\/zebeliene-apskunde-teismo-sprendima-cekiuku-byloje-priteistu-69-tukst-euru-negrazino\\\/#article\",\"isPartOf\":{\"@id\":\"https:\\\/\\\/www.silutesnaujienos.lt\\\/lt\\\/zebeliene-apskunde-teismo-sprendima-cekiuku-byloje-priteistu-69-tukst-euru-negrazino\\\/\"},\"author\":{\"name\":\"\u0160ilut\u0117s naujien\u0173 inf.\",\"@id\":\"https:\\\/\\\/www.silutesnaujienos.lt\\\/lt\\\/#\\\/schema\\\/person\\\/976440ef837444400af3c77c19c61454\"},\"headline\":\"\u017debelien\u0117 apskund\u0117 teismo sprendim\u0105 \u201e\u010dekiuk\u0173\u201c byloje, priteist\u0173 6,9 t\u016bkst. eur\u0173 negr\u0105\u017eino\",\"datePublished\":\"2025-10-05T13:02:11+00:00\",\"mainEntityOfPage\":{\"@id\":\"https:\\\/\\\/www.silutesnaujienos.lt\\\/lt\\\/zebeliene-apskunde-teismo-sprendima-cekiuku-byloje-priteistu-69-tukst-euru-negrazino\\\/\"},\"wordCount\":505,\"commentCount\":2,\"publisher\":{\"@id\":\"https:\\\/\\\/www.silutesnaujienos.lt\\\/lt\\\/#organization\"},\"image\":{\"@id\":\"https:\\\/\\\/www.silutesnaujienos.lt\\\/lt\\\/zebeliene-apskunde-teismo-sprendima-cekiuku-byloje-priteistu-69-tukst-euru-negrazino\\\/#primaryimage\"},\"thumbnailUrl\":\"https:\\\/\\\/www.silutesnaujienos.lt\\\/lt\\\/wp-content\\\/uploads\\\/2025\\\/06\\\/zebeliene-elta-scaled.jpg\",\"keywords\":[\"Pirmasis\"],\"articleSection\":[\"ELTA\"],\"inLanguage\":\"lt-LT\",\"potentialAction\":[{\"@type\":\"CommentAction\",\"name\":\"Comment\",\"target\":[\"https:\\\/\\\/www.silutesnaujienos.lt\\\/lt\\\/zebeliene-apskunde-teismo-sprendima-cekiuku-byloje-priteistu-69-tukst-euru-negrazino\\\/#respond\"]}]},{\"@type\":\"WebPage\",\"@id\":\"https:\\\/\\\/www.silutesnaujienos.lt\\\/lt\\\/zebeliene-apskunde-teismo-sprendima-cekiuku-byloje-priteistu-69-tukst-euru-negrazino\\\/\",\"url\":\"https:\\\/\\\/www.silutesnaujienos.lt\\\/lt\\\/zebeliene-apskunde-teismo-sprendima-cekiuku-byloje-priteistu-69-tukst-euru-negrazino\\\/\",\"name\":\"\u017debelien\u0117 apskund\u0117 teismo sprendim\u0105 \u201e\u010dekiuk\u0173\u201c byloje, priteist\u0173 6,9 t\u016bkst. eur\u0173 negr\u0105\u017eino - \u0160ilut\u0117s naujienos\",\"isPartOf\":{\"@id\":\"https:\\\/\\\/www.silutesnaujienos.lt\\\/lt\\\/#website\"},\"primaryImageOfPage\":{\"@id\":\"https:\\\/\\\/www.silutesnaujienos.lt\\\/lt\\\/zebeliene-apskunde-teismo-sprendima-cekiuku-byloje-priteistu-69-tukst-euru-negrazino\\\/#primaryimage\"},\"image\":{\"@id\":\"https:\\\/\\\/www.silutesnaujienos.lt\\\/lt\\\/zebeliene-apskunde-teismo-sprendima-cekiuku-byloje-priteistu-69-tukst-euru-negrazino\\\/#primaryimage\"},\"thumbnailUrl\":\"https:\\\/\\\/www.silutesnaujienos.lt\\\/lt\\\/wp-content\\\/uploads\\\/2025\\\/06\\\/zebeliene-elta-scaled.jpg\",\"datePublished\":\"2025-10-05T13:02:11+00:00\",\"breadcrumb\":{\"@id\":\"https:\\\/\\\/www.silutesnaujienos.lt\\\/lt\\\/zebeliene-apskunde-teismo-sprendima-cekiuku-byloje-priteistu-69-tukst-euru-negrazino\\\/#breadcrumb\"},\"inLanguage\":\"lt-LT\",\"potentialAction\":[{\"@type\":\"ReadAction\",\"target\":[\"https:\\\/\\\/www.silutesnaujienos.lt\\\/lt\\\/zebeliene-apskunde-teismo-sprendima-cekiuku-byloje-priteistu-69-tukst-euru-negrazino\\\/\"]}]},{\"@type\":\"ImageObject\",\"inLanguage\":\"lt-LT\",\"@id\":\"https:\\\/\\\/www.silutesnaujienos.lt\\\/lt\\\/zebeliene-apskunde-teismo-sprendima-cekiuku-byloje-priteistu-69-tukst-euru-negrazino\\\/#primaryimage\",\"url\":\"https:\\\/\\\/www.silutesnaujienos.lt\\\/lt\\\/wp-content\\\/uploads\\\/2025\\\/06\\\/zebeliene-elta-scaled.jpg\",\"contentUrl\":\"https:\\\/\\\/www.silutesnaujienos.lt\\\/lt\\\/wp-content\\\/uploads\\\/2025\\\/06\\\/zebeliene-elta-scaled.jpg\",\"width\":2560,\"height\":1707,\"caption\":\"D. \u017debelien\u0117. Andriaus Ufarto (ELTA) nuotr.\"},{\"@type\":\"BreadcrumbList\",\"@id\":\"https:\\\/\\\/www.silutesnaujienos.lt\\\/lt\\\/zebeliene-apskunde-teismo-sprendima-cekiuku-byloje-priteistu-69-tukst-euru-negrazino\\\/#breadcrumb\",\"itemListElement\":[{\"@type\":\"ListItem\",\"position\":1,\"name\":\"Home\",\"item\":\"https:\\\/\\\/www.silutesnaujienos.lt\\\/lt\\\/\"},{\"@type\":\"ListItem\",\"position\":2,\"name\":\"\u017debelien\u0117 apskund\u0117 teismo sprendim\u0105 \u201e\u010dekiuk\u0173\u201c byloje, priteist\u0173 6,9 t\u016bkst. eur\u0173 negr\u0105\u017eino\"}]},{\"@type\":\"WebSite\",\"@id\":\"https:\\\/\\\/www.silutesnaujienos.lt\\\/lt\\\/#website\",\"url\":\"https:\\\/\\\/www.silutesnaujienos.lt\\\/lt\\\/\",\"name\":\"\u0160ilut\u0117s naujienos\",\"description\":\"B\u016bk ant naujien\u0173 bangos!\",\"publisher\":{\"@id\":\"https:\\\/\\\/www.silutesnaujienos.lt\\\/lt\\\/#organization\"},\"potentialAction\":[{\"@type\":\"SearchAction\",\"target\":{\"@type\":\"EntryPoint\",\"urlTemplate\":\"https:\\\/\\\/www.silutesnaujienos.lt\\\/lt\\\/?s={search_term_string}\"},\"query-input\":{\"@type\":\"PropertyValueSpecification\",\"valueRequired\":true,\"valueName\":\"search_term_string\"}}],\"inLanguage\":\"lt-LT\"},{\"@type\":\"Organization\",\"@id\":\"https:\\\/\\\/www.silutesnaujienos.lt\\\/lt\\\/#organization\",\"name\":\"\u0160ilut\u0117s naujienos\",\"url\":\"https:\\\/\\\/www.silutesnaujienos.lt\\\/lt\\\/\",\"logo\":{\"@type\":\"ImageObject\",\"inLanguage\":\"lt-LT\",\"@id\":\"https:\\\/\\\/www.silutesnaujienos.lt\\\/lt\\\/#\\\/schema\\\/logo\\\/image\\\/\",\"url\":\"https:\\\/\\\/www.silutesnaujienos.lt\\\/lt\\\/wp-content\\\/uploads\\\/2020\\\/06\\\/FB_MAIN.jpg\",\"contentUrl\":\"https:\\\/\\\/www.silutesnaujienos.lt\\\/lt\\\/wp-content\\\/uploads\\\/2020\\\/06\\\/FB_MAIN.jpg\",\"width\":1700,\"height\":956,\"caption\":\"\u0160ilut\u0117s naujienos\"},\"image\":{\"@id\":\"https:\\\/\\\/www.silutesnaujienos.lt\\\/lt\\\/#\\\/schema\\\/logo\\\/image\\\/\"},\"sameAs\":[\"https:\\\/\\\/www.facebook.com\\\/silutes.naujienos\\\/\",\"https:\\\/\\\/www.youtube.com\\\/channel\\\/UCxW-cgrJDt8GxIMxSTAfJZg\"]},{\"@type\":\"Person\",\"@id\":\"https:\\\/\\\/www.silutesnaujienos.lt\\\/lt\\\/#\\\/schema\\\/person\\\/976440ef837444400af3c77c19c61454\",\"name\":\"\u0160ilut\u0117s naujien\u0173 inf.\",\"image\":{\"@type\":\"ImageObject\",\"inLanguage\":\"lt-LT\",\"@id\":\"https:\\\/\\\/www.silutesnaujienos.lt\\\/lt\\\/wp-content\\\/uploads\\\/2020\\\/06\\\/favicon.png\",\"url\":\"https:\\\/\\\/www.silutesnaujienos.lt\\\/lt\\\/wp-content\\\/uploads\\\/2020\\\/06\\\/favicon.png\",\"contentUrl\":\"https:\\\/\\\/www.silutesnaujienos.lt\\\/lt\\\/wp-content\\\/uploads\\\/2020\\\/06\\\/favicon.png\",\"caption\":\"\u0160ilut\u0117s naujien\u0173 inf.\"},\"url\":\"https:\\\/\\\/www.silutesnaujienos.lt\\\/lt\\\/author\\\/vadas\\\/\"}]}<\/script>\n<!-- \/ Yoast SEO plugin. -->","yoast_head_json":{"title":"\u017debelien\u0117 apskund\u0117 teismo sprendim\u0105 \u201e\u010dekiuk\u0173\u201c byloje, priteist\u0173 6,9 t\u016bkst. eur\u0173 negr\u0105\u017eino - \u0160ilut\u0117s naujienos","robots":{"index":"index","follow":"follow","max-snippet":"max-snippet:-1","max-image-preview":"max-image-preview:large","max-video-preview":"max-video-preview:-1"},"canonical":"https:\/\/www.silutesnaujienos.lt\/lt\/zebeliene-apskunde-teismo-sprendima-cekiuku-byloje-priteistu-69-tukst-euru-negrazino\/","og_locale":"lt_LT","og_type":"article","og_title":"\u017debelien\u0117 apskund\u0117 teismo sprendim\u0105 \u201e\u010dekiuk\u0173\u201c byloje, priteist\u0173 6,9 t\u016bkst. eur\u0173 negr\u0105\u017eino - \u0160ilut\u0117s naujienos","og_description":"&nbsp; \u201eManome, kad teismo sprendimas yra neteis\u0117tas ir nepagr\u012fstas, jis apsk\u0173stas apeliacine tvarka. Teismas r\u0117m\u0117si prielaidomis, suk\u016br\u0117 savo skai\u010diavimus, taisykles, kurios neegzistavo. Mano klient\u0117 veik\u0117 teis\u0117tai, pagal tuo metu galiojusius teis\u0117s aktus. Man susidar\u0117 \u012fsp\u016bdis, kad teismas veik\u0117 ne pagal teis\u0119 ir \u012frodymus, bet pagal tam tikras visuomen\u0117s nuotaikas. Tod\u0117l apskund\u0117me. 74 kilometrai per dien\u0105 [&hellip;]","og_url":"https:\/\/www.silutesnaujienos.lt\/lt\/zebeliene-apskunde-teismo-sprendima-cekiuku-byloje-priteistu-69-tukst-euru-negrazino\/","og_site_name":"\u0160ilut\u0117s naujienos","article_publisher":"https:\/\/www.facebook.com\/silutes.naujienos\/","article_published_time":"2025-10-05T13:02:11+00:00","og_image":[{"width":2560,"height":1707,"url":"https:\/\/www.silutesnaujienos.lt\/lt\/wp-content\/uploads\/2025\/06\/zebeliene-elta-scaled.jpg","type":"image\/jpeg"}],"author":"\u0160ilut\u0117s naujien\u0173 inf.","twitter_card":"summary_large_image","twitter_misc":{"Written by":"\u0160ilut\u0117s naujien\u0173 inf.","Est. reading time":"3 minut\u0117s"},"schema":{"@context":"https:\/\/schema.org","@graph":[{"@type":"Article","@id":"https:\/\/www.silutesnaujienos.lt\/lt\/zebeliene-apskunde-teismo-sprendima-cekiuku-byloje-priteistu-69-tukst-euru-negrazino\/#article","isPartOf":{"@id":"https:\/\/www.silutesnaujienos.lt\/lt\/zebeliene-apskunde-teismo-sprendima-cekiuku-byloje-priteistu-69-tukst-euru-negrazino\/"},"author":{"name":"\u0160ilut\u0117s naujien\u0173 inf.","@id":"https:\/\/www.silutesnaujienos.lt\/lt\/#\/schema\/person\/976440ef837444400af3c77c19c61454"},"headline":"\u017debelien\u0117 apskund\u0117 teismo sprendim\u0105 \u201e\u010dekiuk\u0173\u201c byloje, priteist\u0173 6,9 t\u016bkst. eur\u0173 negr\u0105\u017eino","datePublished":"2025-10-05T13:02:11+00:00","mainEntityOfPage":{"@id":"https:\/\/www.silutesnaujienos.lt\/lt\/zebeliene-apskunde-teismo-sprendima-cekiuku-byloje-priteistu-69-tukst-euru-negrazino\/"},"wordCount":505,"commentCount":2,"publisher":{"@id":"https:\/\/www.silutesnaujienos.lt\/lt\/#organization"},"image":{"@id":"https:\/\/www.silutesnaujienos.lt\/lt\/zebeliene-apskunde-teismo-sprendima-cekiuku-byloje-priteistu-69-tukst-euru-negrazino\/#primaryimage"},"thumbnailUrl":"https:\/\/www.silutesnaujienos.lt\/lt\/wp-content\/uploads\/2025\/06\/zebeliene-elta-scaled.jpg","keywords":["Pirmasis"],"articleSection":["ELTA"],"inLanguage":"lt-LT","potentialAction":[{"@type":"CommentAction","name":"Comment","target":["https:\/\/www.silutesnaujienos.lt\/lt\/zebeliene-apskunde-teismo-sprendima-cekiuku-byloje-priteistu-69-tukst-euru-negrazino\/#respond"]}]},{"@type":"WebPage","@id":"https:\/\/www.silutesnaujienos.lt\/lt\/zebeliene-apskunde-teismo-sprendima-cekiuku-byloje-priteistu-69-tukst-euru-negrazino\/","url":"https:\/\/www.silutesnaujienos.lt\/lt\/zebeliene-apskunde-teismo-sprendima-cekiuku-byloje-priteistu-69-tukst-euru-negrazino\/","name":"\u017debelien\u0117 apskund\u0117 teismo sprendim\u0105 \u201e\u010dekiuk\u0173\u201c byloje, priteist\u0173 6,9 t\u016bkst. eur\u0173 negr\u0105\u017eino - \u0160ilut\u0117s naujienos","isPartOf":{"@id":"https:\/\/www.silutesnaujienos.lt\/lt\/#website"},"primaryImageOfPage":{"@id":"https:\/\/www.silutesnaujienos.lt\/lt\/zebeliene-apskunde-teismo-sprendima-cekiuku-byloje-priteistu-69-tukst-euru-negrazino\/#primaryimage"},"image":{"@id":"https:\/\/www.silutesnaujienos.lt\/lt\/zebeliene-apskunde-teismo-sprendima-cekiuku-byloje-priteistu-69-tukst-euru-negrazino\/#primaryimage"},"thumbnailUrl":"https:\/\/www.silutesnaujienos.lt\/lt\/wp-content\/uploads\/2025\/06\/zebeliene-elta-scaled.jpg","datePublished":"2025-10-05T13:02:11+00:00","breadcrumb":{"@id":"https:\/\/www.silutesnaujienos.lt\/lt\/zebeliene-apskunde-teismo-sprendima-cekiuku-byloje-priteistu-69-tukst-euru-negrazino\/#breadcrumb"},"inLanguage":"lt-LT","potentialAction":[{"@type":"ReadAction","target":["https:\/\/www.silutesnaujienos.lt\/lt\/zebeliene-apskunde-teismo-sprendima-cekiuku-byloje-priteistu-69-tukst-euru-negrazino\/"]}]},{"@type":"ImageObject","inLanguage":"lt-LT","@id":"https:\/\/www.silutesnaujienos.lt\/lt\/zebeliene-apskunde-teismo-sprendima-cekiuku-byloje-priteistu-69-tukst-euru-negrazino\/#primaryimage","url":"https:\/\/www.silutesnaujienos.lt\/lt\/wp-content\/uploads\/2025\/06\/zebeliene-elta-scaled.jpg","contentUrl":"https:\/\/www.silutesnaujienos.lt\/lt\/wp-content\/uploads\/2025\/06\/zebeliene-elta-scaled.jpg","width":2560,"height":1707,"caption":"D. \u017debelien\u0117. Andriaus Ufarto (ELTA) nuotr."},{"@type":"BreadcrumbList","@id":"https:\/\/www.silutesnaujienos.lt\/lt\/zebeliene-apskunde-teismo-sprendima-cekiuku-byloje-priteistu-69-tukst-euru-negrazino\/#breadcrumb","itemListElement":[{"@type":"ListItem","position":1,"name":"Home","item":"https:\/\/www.silutesnaujienos.lt\/lt\/"},{"@type":"ListItem","position":2,"name":"\u017debelien\u0117 apskund\u0117 teismo sprendim\u0105 \u201e\u010dekiuk\u0173\u201c byloje, priteist\u0173 6,9 t\u016bkst. eur\u0173 negr\u0105\u017eino"}]},{"@type":"WebSite","@id":"https:\/\/www.silutesnaujienos.lt\/lt\/#website","url":"https:\/\/www.silutesnaujienos.lt\/lt\/","name":"\u0160ilut\u0117s naujienos","description":"B\u016bk ant naujien\u0173 bangos!","publisher":{"@id":"https:\/\/www.silutesnaujienos.lt\/lt\/#organization"},"potentialAction":[{"@type":"SearchAction","target":{"@type":"EntryPoint","urlTemplate":"https:\/\/www.silutesnaujienos.lt\/lt\/?s={search_term_string}"},"query-input":{"@type":"PropertyValueSpecification","valueRequired":true,"valueName":"search_term_string"}}],"inLanguage":"lt-LT"},{"@type":"Organization","@id":"https:\/\/www.silutesnaujienos.lt\/lt\/#organization","name":"\u0160ilut\u0117s naujienos","url":"https:\/\/www.silutesnaujienos.lt\/lt\/","logo":{"@type":"ImageObject","inLanguage":"lt-LT","@id":"https:\/\/www.silutesnaujienos.lt\/lt\/#\/schema\/logo\/image\/","url":"https:\/\/www.silutesnaujienos.lt\/lt\/wp-content\/uploads\/2020\/06\/FB_MAIN.jpg","contentUrl":"https:\/\/www.silutesnaujienos.lt\/lt\/wp-content\/uploads\/2020\/06\/FB_MAIN.jpg","width":1700,"height":956,"caption":"\u0160ilut\u0117s naujienos"},"image":{"@id":"https:\/\/www.silutesnaujienos.lt\/lt\/#\/schema\/logo\/image\/"},"sameAs":["https:\/\/www.facebook.com\/silutes.naujienos\/","https:\/\/www.youtube.com\/channel\/UCxW-cgrJDt8GxIMxSTAfJZg"]},{"@type":"Person","@id":"https:\/\/www.silutesnaujienos.lt\/lt\/#\/schema\/person\/976440ef837444400af3c77c19c61454","name":"\u0160ilut\u0117s naujien\u0173 inf.","image":{"@type":"ImageObject","inLanguage":"lt-LT","@id":"https:\/\/www.silutesnaujienos.lt\/lt\/wp-content\/uploads\/2020\/06\/favicon.png","url":"https:\/\/www.silutesnaujienos.lt\/lt\/wp-content\/uploads\/2020\/06\/favicon.png","contentUrl":"https:\/\/www.silutesnaujienos.lt\/lt\/wp-content\/uploads\/2020\/06\/favicon.png","caption":"\u0160ilut\u0117s naujien\u0173 inf."},"url":"https:\/\/www.silutesnaujienos.lt\/lt\/author\/vadas\/"}]}},"publishpress_future_workflow_manual_trigger":{"enabledWorkflows":[]},"amp_enabled":true,"_links":{"self":[{"href":"https:\/\/www.silutesnaujienos.lt\/lt\/wp-json\/wp\/v2\/posts\/77885","targetHints":{"allow":["GET"]}}],"collection":[{"href":"https:\/\/www.silutesnaujienos.lt\/lt\/wp-json\/wp\/v2\/posts"}],"about":[{"href":"https:\/\/www.silutesnaujienos.lt\/lt\/wp-json\/wp\/v2\/types\/post"}],"author":[{"embeddable":true,"href":"https:\/\/www.silutesnaujienos.lt\/lt\/wp-json\/wp\/v2\/users\/2"}],"replies":[{"embeddable":true,"href":"https:\/\/www.silutesnaujienos.lt\/lt\/wp-json\/wp\/v2\/comments?post=77885"}],"version-history":[{"count":1,"href":"https:\/\/www.silutesnaujienos.lt\/lt\/wp-json\/wp\/v2\/posts\/77885\/revisions"}],"predecessor-version":[{"id":77886,"href":"https:\/\/www.silutesnaujienos.lt\/lt\/wp-json\/wp\/v2\/posts\/77885\/revisions\/77886"}],"wp:featuredmedia":[{"embeddable":true,"href":"https:\/\/www.silutesnaujienos.lt\/lt\/wp-json\/wp\/v2\/media\/69980"}],"wp:attachment":[{"href":"https:\/\/www.silutesnaujienos.lt\/lt\/wp-json\/wp\/v2\/media?parent=77885"}],"wp:term":[{"taxonomy":"category","embeddable":true,"href":"https:\/\/www.silutesnaujienos.lt\/lt\/wp-json\/wp\/v2\/categories?post=77885"},{"taxonomy":"post_tag","embeddable":true,"href":"https:\/\/www.silutesnaujienos.lt\/lt\/wp-json\/wp\/v2\/tags?post=77885"}],"curies":[{"name":"wp","href":"https:\/\/api.w.org\/{rel}","templated":true}]}}