{"id":80048,"date":"2026-01-22T11:45:24","date_gmt":"2026-01-22T09:45:24","guid":{"rendered":"https:\/\/www.silutesnaujienos.lt\/lt\/?p=80048"},"modified":"2026-01-23T11:54:05","modified_gmt":"2026-01-23T09:54:05","slug":"pirmojoje-gimnazijoje-mokiniu-mustynes-vienam-prireike-mediku","status":"publish","type":"post","link":"https:\/\/www.silutesnaujienos.lt\/lt\/pirmojoje-gimnazijoje-mokiniu-mustynes-vienam-prireike-mediku\/","title":{"rendered":"Pirmojoje gimnazijoje \u2013 mokini\u0173 mu\u0161tyn\u0117s, vienam prireik\u0117 medik\u0173"},"content":{"rendered":"<p>Rimtas gimnazist\u0173 konfliktas kilo antradienio vidurdien\u012f. Dviej\u0173 gimnazist\u0173 \u2013 19 ir 15 met\u0173 vaikin\u0173 \u2013 mu\u0161tyn\u0117s \u012fsipliesk\u0117 gimnazijos koridoriuje. Devyniolikmetis taip sumu\u0161\u0117 penkiolikmet\u012f, kad \u0161iam teko kviesti Greit\u0105j\u0105 pagalb\u0105, jis buvo i\u0161ve\u017etas \u012f ligonin\u0119.<\/p>\n<p>Apie \u012fvyk\u012f prane\u0161ta policijai, jo aplinkybes ai\u0161kinasi pareig\u016bnai, prad\u0117tas ikiteisminis tyrimas d\u0117l nesunkaus sveikatos sutrikdymo. Tam, kas nesunkiai su\u017ealojo \u017emog\u0173, gresia laisv\u0117s apribojimas arba are\u0161tas, o grie\u017e\u010diausia bausm\u0117 \u2013 laisv\u0117s at\u0117mimas iki 3 met\u0173.<\/p>\n","protected":false},"excerpt":{"rendered":"<p>Rimtas gimnazist\u0173 konfliktas kilo antradienio vidurdien\u012f. Dviej\u0173 gimnazist\u0173 \u2013 19 ir 15 met\u0173 vaikin\u0173 \u2013 mu\u0161tyn\u0117s \u012fsipliesk\u0117 gimnazijos koridoriuje. Devyniolikmetis taip sumu\u0161\u0117 penkiolikmet\u012f, kad \u0161iam teko kviesti Greit\u0105j\u0105 pagalb\u0105, jis buvo i\u0161ve\u017etas \u012f ligonin\u0119. Apie \u012fvyk\u012f prane\u0161ta policijai, jo aplinkybes ai\u0161kinasi pareig\u016bnai, prad\u0117tas ikiteisminis tyrimas d\u0117l nesunkaus sveikatos sutrikdymo. Tam, kas nesunkiai su\u017ealojo \u017emog\u0173, gresia [&hellip;]<\/p>\n","protected":false},"author":2,"featured_media":55737,"comment_status":"open","ping_status":"closed","sticky":false,"template":"","format":"standard","meta":{"footnotes":""},"categories":[48],"tags":[47],"class_list":{"0":"post-80048","1":"post","2":"type-post","3":"status-publish","4":"format-standard","5":"has-post-thumbnail","7":"category-teisetvarka","8":"tag-pirmasis"},"yoast_head":"<!-- This site is optimized with the Yoast SEO plugin v27.5 - https:\/\/yoast.com\/product\/yoast-seo-wordpress\/ -->\n<title>Pirmojoje gimnazijoje \u2013 mokini\u0173 mu\u0161tyn\u0117s, vienam prireik\u0117 medik\u0173 - \u0160ilut\u0117s naujienos<\/title>\n<meta name=\"robots\" content=\"index, follow, max-snippet:-1, max-image-preview:large, max-video-preview:-1\" \/>\n<link rel=\"canonical\" href=\"https:\/\/www.silutesnaujienos.lt\/lt\/pirmojoje-gimnazijoje-mokiniu-mustynes-vienam-prireike-mediku\/\" \/>\n<meta property=\"og:locale\" content=\"lt_LT\" \/>\n<meta property=\"og:type\" content=\"article\" \/>\n<meta property=\"og:title\" content=\"Pirmojoje gimnazijoje \u2013 mokini\u0173 mu\u0161tyn\u0117s, vienam prireik\u0117 medik\u0173 - \u0160ilut\u0117s naujienos\" \/>\n<meta property=\"og:description\" content=\"Rimtas gimnazist\u0173 konfliktas kilo antradienio vidurdien\u012f. Dviej\u0173 gimnazist\u0173 \u2013 19 ir 15 met\u0173 vaikin\u0173 \u2013 mu\u0161tyn\u0117s \u012fsipliesk\u0117 gimnazijos koridoriuje. Devyniolikmetis taip sumu\u0161\u0117 penkiolikmet\u012f, kad \u0161iam teko kviesti Greit\u0105j\u0105 pagalb\u0105, jis buvo i\u0161ve\u017etas \u012f ligonin\u0119. Apie \u012fvyk\u012f prane\u0161ta policijai, jo aplinkybes ai\u0161kinasi pareig\u016bnai, prad\u0117tas ikiteisminis tyrimas d\u0117l nesunkaus sveikatos sutrikdymo. Tam, kas nesunkiai su\u017ealojo \u017emog\u0173, gresia [&hellip;]\" \/>\n<meta property=\"og:url\" content=\"https:\/\/www.silutesnaujienos.lt\/lt\/pirmojoje-gimnazijoje-mokiniu-mustynes-vienam-prireike-mediku\/\" \/>\n<meta property=\"og:site_name\" content=\"\u0160ilut\u0117s naujienos\" \/>\n<meta property=\"article:publisher\" content=\"https:\/\/www.facebook.com\/silutes.naujienos\/\" \/>\n<meta property=\"article:published_time\" content=\"2026-01-22T09:45:24+00:00\" \/>\n<meta property=\"article:modified_time\" content=\"2026-01-23T09:54:05+00:00\" \/>\n<meta property=\"og:image\" content=\"https:\/\/www.silutesnaujienos.lt\/lt\/wp-content\/uploads\/2023\/10\/Policijos-pareigunas-scaled.jpg\" \/>\n\t<meta property=\"og:image:width\" content=\"2560\" \/>\n\t<meta property=\"og:image:height\" content=\"1707\" \/>\n\t<meta property=\"og:image:type\" content=\"image\/jpeg\" \/>\n<meta name=\"author\" content=\"\u0160ilut\u0117s naujien\u0173 inf.\" \/>\n<meta name=\"twitter:card\" content=\"summary_large_image\" \/>\n<meta name=\"twitter:label1\" content=\"Written by\" \/>\n\t<meta name=\"twitter:data1\" content=\"\u0160ilut\u0117s naujien\u0173 inf.\" \/>\n\t<meta name=\"twitter:label2\" content=\"Est. reading time\" \/>\n\t<meta name=\"twitter:data2\" content=\"1 minut\u0117\" \/>\n<script type=\"application\/ld+json\" class=\"yoast-schema-graph\">{\"@context\":\"https:\\\/\\\/schema.org\",\"@graph\":[{\"@type\":\"Article\",\"@id\":\"https:\\\/\\\/www.silutesnaujienos.lt\\\/lt\\\/pirmojoje-gimnazijoje-mokiniu-mustynes-vienam-prireike-mediku\\\/#article\",\"isPartOf\":{\"@id\":\"https:\\\/\\\/www.silutesnaujienos.lt\\\/lt\\\/pirmojoje-gimnazijoje-mokiniu-mustynes-vienam-prireike-mediku\\\/\"},\"author\":{\"name\":\"\u0160ilut\u0117s naujien\u0173 inf.\",\"@id\":\"https:\\\/\\\/www.silutesnaujienos.lt\\\/lt\\\/#\\\/schema\\\/person\\\/976440ef837444400af3c77c19c61454\"},\"headline\":\"Pirmojoje gimnazijoje \u2013 mokini\u0173 mu\u0161tyn\u0117s, vienam prireik\u0117 medik\u0173\",\"datePublished\":\"2026-01-22T09:45:24+00:00\",\"dateModified\":\"2026-01-23T09:54:05+00:00\",\"mainEntityOfPage\":{\"@id\":\"https:\\\/\\\/www.silutesnaujienos.lt\\\/lt\\\/pirmojoje-gimnazijoje-mokiniu-mustynes-vienam-prireike-mediku\\\/\"},\"wordCount\":86,\"commentCount\":0,\"publisher\":{\"@id\":\"https:\\\/\\\/www.silutesnaujienos.lt\\\/lt\\\/#organization\"},\"image\":{\"@id\":\"https:\\\/\\\/www.silutesnaujienos.lt\\\/lt\\\/pirmojoje-gimnazijoje-mokiniu-mustynes-vienam-prireike-mediku\\\/#primaryimage\"},\"thumbnailUrl\":\"https:\\\/\\\/www.silutesnaujienos.lt\\\/lt\\\/wp-content\\\/uploads\\\/2023\\\/10\\\/Policijos-pareigunas-scaled.jpg\",\"keywords\":[\"Pirmasis\"],\"articleSection\":[\"Teis\u0117tvarka\"],\"inLanguage\":\"lt-LT\",\"potentialAction\":[{\"@type\":\"CommentAction\",\"name\":\"Comment\",\"target\":[\"https:\\\/\\\/www.silutesnaujienos.lt\\\/lt\\\/pirmojoje-gimnazijoje-mokiniu-mustynes-vienam-prireike-mediku\\\/#respond\"]}]},{\"@type\":\"WebPage\",\"@id\":\"https:\\\/\\\/www.silutesnaujienos.lt\\\/lt\\\/pirmojoje-gimnazijoje-mokiniu-mustynes-vienam-prireike-mediku\\\/\",\"url\":\"https:\\\/\\\/www.silutesnaujienos.lt\\\/lt\\\/pirmojoje-gimnazijoje-mokiniu-mustynes-vienam-prireike-mediku\\\/\",\"name\":\"Pirmojoje gimnazijoje \u2013 mokini\u0173 mu\u0161tyn\u0117s, vienam prireik\u0117 medik\u0173 - \u0160ilut\u0117s naujienos\",\"isPartOf\":{\"@id\":\"https:\\\/\\\/www.silutesnaujienos.lt\\\/lt\\\/#website\"},\"primaryImageOfPage\":{\"@id\":\"https:\\\/\\\/www.silutesnaujienos.lt\\\/lt\\\/pirmojoje-gimnazijoje-mokiniu-mustynes-vienam-prireike-mediku\\\/#primaryimage\"},\"image\":{\"@id\":\"https:\\\/\\\/www.silutesnaujienos.lt\\\/lt\\\/pirmojoje-gimnazijoje-mokiniu-mustynes-vienam-prireike-mediku\\\/#primaryimage\"},\"thumbnailUrl\":\"https:\\\/\\\/www.silutesnaujienos.lt\\\/lt\\\/wp-content\\\/uploads\\\/2023\\\/10\\\/Policijos-pareigunas-scaled.jpg\",\"datePublished\":\"2026-01-22T09:45:24+00:00\",\"dateModified\":\"2026-01-23T09:54:05+00:00\",\"breadcrumb\":{\"@id\":\"https:\\\/\\\/www.silutesnaujienos.lt\\\/lt\\\/pirmojoje-gimnazijoje-mokiniu-mustynes-vienam-prireike-mediku\\\/#breadcrumb\"},\"inLanguage\":\"lt-LT\",\"potentialAction\":[{\"@type\":\"ReadAction\",\"target\":[\"https:\\\/\\\/www.silutesnaujienos.lt\\\/lt\\\/pirmojoje-gimnazijoje-mokiniu-mustynes-vienam-prireike-mediku\\\/\"]}]},{\"@type\":\"ImageObject\",\"inLanguage\":\"lt-LT\",\"@id\":\"https:\\\/\\\/www.silutesnaujienos.lt\\\/lt\\\/pirmojoje-gimnazijoje-mokiniu-mustynes-vienam-prireike-mediku\\\/#primaryimage\",\"url\":\"https:\\\/\\\/www.silutesnaujienos.lt\\\/lt\\\/wp-content\\\/uploads\\\/2023\\\/10\\\/Policijos-pareigunas-scaled.jpg\",\"contentUrl\":\"https:\\\/\\\/www.silutesnaujienos.lt\\\/lt\\\/wp-content\\\/uploads\\\/2023\\\/10\\\/Policijos-pareigunas-scaled.jpg\",\"width\":2560,\"height\":1707},{\"@type\":\"BreadcrumbList\",\"@id\":\"https:\\\/\\\/www.silutesnaujienos.lt\\\/lt\\\/pirmojoje-gimnazijoje-mokiniu-mustynes-vienam-prireike-mediku\\\/#breadcrumb\",\"itemListElement\":[{\"@type\":\"ListItem\",\"position\":1,\"name\":\"Home\",\"item\":\"https:\\\/\\\/www.silutesnaujienos.lt\\\/lt\\\/\"},{\"@type\":\"ListItem\",\"position\":2,\"name\":\"Pirmojoje gimnazijoje \u2013 mokini\u0173 mu\u0161tyn\u0117s, vienam prireik\u0117 medik\u0173\"}]},{\"@type\":\"WebSite\",\"@id\":\"https:\\\/\\\/www.silutesnaujienos.lt\\\/lt\\\/#website\",\"url\":\"https:\\\/\\\/www.silutesnaujienos.lt\\\/lt\\\/\",\"name\":\"\u0160ilut\u0117s naujienos\",\"description\":\"B\u016bk ant naujien\u0173 bangos!\",\"publisher\":{\"@id\":\"https:\\\/\\\/www.silutesnaujienos.lt\\\/lt\\\/#organization\"},\"potentialAction\":[{\"@type\":\"SearchAction\",\"target\":{\"@type\":\"EntryPoint\",\"urlTemplate\":\"https:\\\/\\\/www.silutesnaujienos.lt\\\/lt\\\/?s={search_term_string}\"},\"query-input\":{\"@type\":\"PropertyValueSpecification\",\"valueRequired\":true,\"valueName\":\"search_term_string\"}}],\"inLanguage\":\"lt-LT\"},{\"@type\":\"Organization\",\"@id\":\"https:\\\/\\\/www.silutesnaujienos.lt\\\/lt\\\/#organization\",\"name\":\"\u0160ilut\u0117s naujienos\",\"url\":\"https:\\\/\\\/www.silutesnaujienos.lt\\\/lt\\\/\",\"logo\":{\"@type\":\"ImageObject\",\"inLanguage\":\"lt-LT\",\"@id\":\"https:\\\/\\\/www.silutesnaujienos.lt\\\/lt\\\/#\\\/schema\\\/logo\\\/image\\\/\",\"url\":\"https:\\\/\\\/www.silutesnaujienos.lt\\\/lt\\\/wp-content\\\/uploads\\\/2020\\\/06\\\/FB_MAIN.jpg\",\"contentUrl\":\"https:\\\/\\\/www.silutesnaujienos.lt\\\/lt\\\/wp-content\\\/uploads\\\/2020\\\/06\\\/FB_MAIN.jpg\",\"width\":1700,\"height\":956,\"caption\":\"\u0160ilut\u0117s naujienos\"},\"image\":{\"@id\":\"https:\\\/\\\/www.silutesnaujienos.lt\\\/lt\\\/#\\\/schema\\\/logo\\\/image\\\/\"},\"sameAs\":[\"https:\\\/\\\/www.facebook.com\\\/silutes.naujienos\\\/\",\"https:\\\/\\\/www.youtube.com\\\/channel\\\/UCxW-cgrJDt8GxIMxSTAfJZg\"]},{\"@type\":\"Person\",\"@id\":\"https:\\\/\\\/www.silutesnaujienos.lt\\\/lt\\\/#\\\/schema\\\/person\\\/976440ef837444400af3c77c19c61454\",\"name\":\"\u0160ilut\u0117s naujien\u0173 inf.\",\"image\":{\"@type\":\"ImageObject\",\"inLanguage\":\"lt-LT\",\"@id\":\"https:\\\/\\\/www.silutesnaujienos.lt\\\/lt\\\/wp-content\\\/uploads\\\/2020\\\/06\\\/favicon.png\",\"url\":\"https:\\\/\\\/www.silutesnaujienos.lt\\\/lt\\\/wp-content\\\/uploads\\\/2020\\\/06\\\/favicon.png\",\"contentUrl\":\"https:\\\/\\\/www.silutesnaujienos.lt\\\/lt\\\/wp-content\\\/uploads\\\/2020\\\/06\\\/favicon.png\",\"caption\":\"\u0160ilut\u0117s naujien\u0173 inf.\"},\"url\":\"https:\\\/\\\/www.silutesnaujienos.lt\\\/lt\\\/author\\\/vadas\\\/\"}]}<\/script>\n<!-- \/ Yoast SEO plugin. -->","yoast_head_json":{"title":"Pirmojoje gimnazijoje \u2013 mokini\u0173 mu\u0161tyn\u0117s, vienam prireik\u0117 medik\u0173 - \u0160ilut\u0117s naujienos","robots":{"index":"index","follow":"follow","max-snippet":"max-snippet:-1","max-image-preview":"max-image-preview:large","max-video-preview":"max-video-preview:-1"},"canonical":"https:\/\/www.silutesnaujienos.lt\/lt\/pirmojoje-gimnazijoje-mokiniu-mustynes-vienam-prireike-mediku\/","og_locale":"lt_LT","og_type":"article","og_title":"Pirmojoje gimnazijoje \u2013 mokini\u0173 mu\u0161tyn\u0117s, vienam prireik\u0117 medik\u0173 - \u0160ilut\u0117s naujienos","og_description":"Rimtas gimnazist\u0173 konfliktas kilo antradienio vidurdien\u012f. Dviej\u0173 gimnazist\u0173 \u2013 19 ir 15 met\u0173 vaikin\u0173 \u2013 mu\u0161tyn\u0117s \u012fsipliesk\u0117 gimnazijos koridoriuje. Devyniolikmetis taip sumu\u0161\u0117 penkiolikmet\u012f, kad \u0161iam teko kviesti Greit\u0105j\u0105 pagalb\u0105, jis buvo i\u0161ve\u017etas \u012f ligonin\u0119. Apie \u012fvyk\u012f prane\u0161ta policijai, jo aplinkybes ai\u0161kinasi pareig\u016bnai, prad\u0117tas ikiteisminis tyrimas d\u0117l nesunkaus sveikatos sutrikdymo. Tam, kas nesunkiai su\u017ealojo \u017emog\u0173, gresia [&hellip;]","og_url":"https:\/\/www.silutesnaujienos.lt\/lt\/pirmojoje-gimnazijoje-mokiniu-mustynes-vienam-prireike-mediku\/","og_site_name":"\u0160ilut\u0117s naujienos","article_publisher":"https:\/\/www.facebook.com\/silutes.naujienos\/","article_published_time":"2026-01-22T09:45:24+00:00","article_modified_time":"2026-01-23T09:54:05+00:00","og_image":[{"width":2560,"height":1707,"url":"https:\/\/www.silutesnaujienos.lt\/lt\/wp-content\/uploads\/2023\/10\/Policijos-pareigunas-scaled.jpg","type":"image\/jpeg"}],"author":"\u0160ilut\u0117s naujien\u0173 inf.","twitter_card":"summary_large_image","twitter_misc":{"Written by":"\u0160ilut\u0117s naujien\u0173 inf.","Est. reading time":"1 minut\u0117"},"schema":{"@context":"https:\/\/schema.org","@graph":[{"@type":"Article","@id":"https:\/\/www.silutesnaujienos.lt\/lt\/pirmojoje-gimnazijoje-mokiniu-mustynes-vienam-prireike-mediku\/#article","isPartOf":{"@id":"https:\/\/www.silutesnaujienos.lt\/lt\/pirmojoje-gimnazijoje-mokiniu-mustynes-vienam-prireike-mediku\/"},"author":{"name":"\u0160ilut\u0117s naujien\u0173 inf.","@id":"https:\/\/www.silutesnaujienos.lt\/lt\/#\/schema\/person\/976440ef837444400af3c77c19c61454"},"headline":"Pirmojoje gimnazijoje \u2013 mokini\u0173 mu\u0161tyn\u0117s, vienam prireik\u0117 medik\u0173","datePublished":"2026-01-22T09:45:24+00:00","dateModified":"2026-01-23T09:54:05+00:00","mainEntityOfPage":{"@id":"https:\/\/www.silutesnaujienos.lt\/lt\/pirmojoje-gimnazijoje-mokiniu-mustynes-vienam-prireike-mediku\/"},"wordCount":86,"commentCount":0,"publisher":{"@id":"https:\/\/www.silutesnaujienos.lt\/lt\/#organization"},"image":{"@id":"https:\/\/www.silutesnaujienos.lt\/lt\/pirmojoje-gimnazijoje-mokiniu-mustynes-vienam-prireike-mediku\/#primaryimage"},"thumbnailUrl":"https:\/\/www.silutesnaujienos.lt\/lt\/wp-content\/uploads\/2023\/10\/Policijos-pareigunas-scaled.jpg","keywords":["Pirmasis"],"articleSection":["Teis\u0117tvarka"],"inLanguage":"lt-LT","potentialAction":[{"@type":"CommentAction","name":"Comment","target":["https:\/\/www.silutesnaujienos.lt\/lt\/pirmojoje-gimnazijoje-mokiniu-mustynes-vienam-prireike-mediku\/#respond"]}]},{"@type":"WebPage","@id":"https:\/\/www.silutesnaujienos.lt\/lt\/pirmojoje-gimnazijoje-mokiniu-mustynes-vienam-prireike-mediku\/","url":"https:\/\/www.silutesnaujienos.lt\/lt\/pirmojoje-gimnazijoje-mokiniu-mustynes-vienam-prireike-mediku\/","name":"Pirmojoje gimnazijoje \u2013 mokini\u0173 mu\u0161tyn\u0117s, vienam prireik\u0117 medik\u0173 - \u0160ilut\u0117s naujienos","isPartOf":{"@id":"https:\/\/www.silutesnaujienos.lt\/lt\/#website"},"primaryImageOfPage":{"@id":"https:\/\/www.silutesnaujienos.lt\/lt\/pirmojoje-gimnazijoje-mokiniu-mustynes-vienam-prireike-mediku\/#primaryimage"},"image":{"@id":"https:\/\/www.silutesnaujienos.lt\/lt\/pirmojoje-gimnazijoje-mokiniu-mustynes-vienam-prireike-mediku\/#primaryimage"},"thumbnailUrl":"https:\/\/www.silutesnaujienos.lt\/lt\/wp-content\/uploads\/2023\/10\/Policijos-pareigunas-scaled.jpg","datePublished":"2026-01-22T09:45:24+00:00","dateModified":"2026-01-23T09:54:05+00:00","breadcrumb":{"@id":"https:\/\/www.silutesnaujienos.lt\/lt\/pirmojoje-gimnazijoje-mokiniu-mustynes-vienam-prireike-mediku\/#breadcrumb"},"inLanguage":"lt-LT","potentialAction":[{"@type":"ReadAction","target":["https:\/\/www.silutesnaujienos.lt\/lt\/pirmojoje-gimnazijoje-mokiniu-mustynes-vienam-prireike-mediku\/"]}]},{"@type":"ImageObject","inLanguage":"lt-LT","@id":"https:\/\/www.silutesnaujienos.lt\/lt\/pirmojoje-gimnazijoje-mokiniu-mustynes-vienam-prireike-mediku\/#primaryimage","url":"https:\/\/www.silutesnaujienos.lt\/lt\/wp-content\/uploads\/2023\/10\/Policijos-pareigunas-scaled.jpg","contentUrl":"https:\/\/www.silutesnaujienos.lt\/lt\/wp-content\/uploads\/2023\/10\/Policijos-pareigunas-scaled.jpg","width":2560,"height":1707},{"@type":"BreadcrumbList","@id":"https:\/\/www.silutesnaujienos.lt\/lt\/pirmojoje-gimnazijoje-mokiniu-mustynes-vienam-prireike-mediku\/#breadcrumb","itemListElement":[{"@type":"ListItem","position":1,"name":"Home","item":"https:\/\/www.silutesnaujienos.lt\/lt\/"},{"@type":"ListItem","position":2,"name":"Pirmojoje gimnazijoje \u2013 mokini\u0173 mu\u0161tyn\u0117s, vienam prireik\u0117 medik\u0173"}]},{"@type":"WebSite","@id":"https:\/\/www.silutesnaujienos.lt\/lt\/#website","url":"https:\/\/www.silutesnaujienos.lt\/lt\/","name":"\u0160ilut\u0117s naujienos","description":"B\u016bk ant naujien\u0173 bangos!","publisher":{"@id":"https:\/\/www.silutesnaujienos.lt\/lt\/#organization"},"potentialAction":[{"@type":"SearchAction","target":{"@type":"EntryPoint","urlTemplate":"https:\/\/www.silutesnaujienos.lt\/lt\/?s={search_term_string}"},"query-input":{"@type":"PropertyValueSpecification","valueRequired":true,"valueName":"search_term_string"}}],"inLanguage":"lt-LT"},{"@type":"Organization","@id":"https:\/\/www.silutesnaujienos.lt\/lt\/#organization","name":"\u0160ilut\u0117s naujienos","url":"https:\/\/www.silutesnaujienos.lt\/lt\/","logo":{"@type":"ImageObject","inLanguage":"lt-LT","@id":"https:\/\/www.silutesnaujienos.lt\/lt\/#\/schema\/logo\/image\/","url":"https:\/\/www.silutesnaujienos.lt\/lt\/wp-content\/uploads\/2020\/06\/FB_MAIN.jpg","contentUrl":"https:\/\/www.silutesnaujienos.lt\/lt\/wp-content\/uploads\/2020\/06\/FB_MAIN.jpg","width":1700,"height":956,"caption":"\u0160ilut\u0117s naujienos"},"image":{"@id":"https:\/\/www.silutesnaujienos.lt\/lt\/#\/schema\/logo\/image\/"},"sameAs":["https:\/\/www.facebook.com\/silutes.naujienos\/","https:\/\/www.youtube.com\/channel\/UCxW-cgrJDt8GxIMxSTAfJZg"]},{"@type":"Person","@id":"https:\/\/www.silutesnaujienos.lt\/lt\/#\/schema\/person\/976440ef837444400af3c77c19c61454","name":"\u0160ilut\u0117s naujien\u0173 inf.","image":{"@type":"ImageObject","inLanguage":"lt-LT","@id":"https:\/\/www.silutesnaujienos.lt\/lt\/wp-content\/uploads\/2020\/06\/favicon.png","url":"https:\/\/www.silutesnaujienos.lt\/lt\/wp-content\/uploads\/2020\/06\/favicon.png","contentUrl":"https:\/\/www.silutesnaujienos.lt\/lt\/wp-content\/uploads\/2020\/06\/favicon.png","caption":"\u0160ilut\u0117s naujien\u0173 inf."},"url":"https:\/\/www.silutesnaujienos.lt\/lt\/author\/vadas\/"}]}},"publishpress_future_workflow_manual_trigger":{"enabledWorkflows":[]},"amp_enabled":true,"_links":{"self":[{"href":"https:\/\/www.silutesnaujienos.lt\/lt\/wp-json\/wp\/v2\/posts\/80048","targetHints":{"allow":["GET"]}}],"collection":[{"href":"https:\/\/www.silutesnaujienos.lt\/lt\/wp-json\/wp\/v2\/posts"}],"about":[{"href":"https:\/\/www.silutesnaujienos.lt\/lt\/wp-json\/wp\/v2\/types\/post"}],"author":[{"embeddable":true,"href":"https:\/\/www.silutesnaujienos.lt\/lt\/wp-json\/wp\/v2\/users\/2"}],"replies":[{"embeddable":true,"href":"https:\/\/www.silutesnaujienos.lt\/lt\/wp-json\/wp\/v2\/comments?post=80048"}],"version-history":[{"count":2,"href":"https:\/\/www.silutesnaujienos.lt\/lt\/wp-json\/wp\/v2\/posts\/80048\/revisions"}],"predecessor-version":[{"id":80056,"href":"https:\/\/www.silutesnaujienos.lt\/lt\/wp-json\/wp\/v2\/posts\/80048\/revisions\/80056"}],"wp:featuredmedia":[{"embeddable":true,"href":"https:\/\/www.silutesnaujienos.lt\/lt\/wp-json\/wp\/v2\/media\/55737"}],"wp:attachment":[{"href":"https:\/\/www.silutesnaujienos.lt\/lt\/wp-json\/wp\/v2\/media?parent=80048"}],"wp:term":[{"taxonomy":"category","embeddable":true,"href":"https:\/\/www.silutesnaujienos.lt\/lt\/wp-json\/wp\/v2\/categories?post=80048"},{"taxonomy":"post_tag","embeddable":true,"href":"https:\/\/www.silutesnaujienos.lt\/lt\/wp-json\/wp\/v2\/tags?post=80048"}],"curies":[{"name":"wp","href":"https:\/\/api.w.org\/{rel}","templated":true}]}}