{"id":81123,"date":"2026-03-25T16:00:43","date_gmt":"2026-03-25T14:00:43","guid":{"rendered":"https:\/\/www.silutesnaujienos.lt\/lt\/?p=81123"},"modified":"2026-03-25T13:09:31","modified_gmt":"2026-03-25T11:09:31","slug":"ismuse-krasto-keliu-valanda-patvirtintas-remontu-sarasas-iki-2028-metu","status":"publish","type":"post","link":"https:\/\/www.silutesnaujienos.lt\/lt\/ismuse-krasto-keliu-valanda-patvirtintas-remontu-sarasas-iki-2028-metu\/","title":{"rendered":"I\u0161mu\u0161\u0117 kra\u0161to keli\u0173 valanda: patvirtintas remont\u0173 s\u0105ra\u0161as iki 2028 met\u0173"},"content":{"rendered":"<p><strong>Investicij\u0173 krep\u0161elis \u2013 daugiau kaip 10 milijon\u0173 eur\u0173<\/strong><\/p>\n<p>Planuojama, kad per artimiausius trejus metus savivaldyb\u0119 i\u0161 AB \u201eVia Lietuva\u201c pasieks apie 10,5 mln. eur\u0173. \u0160ios l\u0117\u0161os bus tikslingai naudojamos gatv\u0117ms tiesti, rekonstruoti, kapitaliniam bei paprastajam remontui.<\/p>\n<p><strong>Vis\u0105 straipsn\u012f skaitykite kovo 26 d. \u201e\u0160ilut\u0117s naujien\u0173\u201c laikra\u0161tyje.<\/strong><\/p>\n","protected":false},"excerpt":{"rendered":"<p>Investicij\u0173 krep\u0161elis \u2013 daugiau kaip 10 milijon\u0173 eur\u0173 Planuojama, kad per artimiausius trejus metus savivaldyb\u0119 i\u0161 AB \u201eVia Lietuva\u201c pasieks apie 10,5 mln. eur\u0173. \u0160ios l\u0117\u0161os bus tikslingai naudojamos gatv\u0117ms tiesti, rekonstruoti, kapitaliniam bei paprastajam remontui. Vis\u0105 straipsn\u012f skaitykite kovo 26 d. \u201e\u0160ilut\u0117s naujien\u0173\u201c laikra\u0161tyje.<\/p>\n","protected":false},"author":2,"featured_media":81125,"comment_status":"open","ping_status":"closed","sticky":false,"template":"","format":"standard","meta":{"footnotes":""},"categories":[2],"tags":[47],"class_list":{"0":"post-81123","1":"post","2":"type-post","3":"status-publish","4":"format-standard","5":"has-post-thumbnail","7":"category-aktualijos","8":"tag-pirmasis"},"yoast_head":"<!-- This site is optimized with the Yoast SEO plugin v27.5 - https:\/\/yoast.com\/product\/yoast-seo-wordpress\/ -->\n<title>I\u0161mu\u0161\u0117 kra\u0161to keli\u0173 valanda: patvirtintas remont\u0173 s\u0105ra\u0161as iki 2028 met\u0173 - \u0160ilut\u0117s naujienos<\/title>\n<meta name=\"robots\" content=\"index, follow, max-snippet:-1, max-image-preview:large, max-video-preview:-1\" \/>\n<link rel=\"canonical\" href=\"https:\/\/www.silutesnaujienos.lt\/lt\/ismuse-krasto-keliu-valanda-patvirtintas-remontu-sarasas-iki-2028-metu\/\" \/>\n<meta property=\"og:locale\" content=\"lt_LT\" \/>\n<meta property=\"og:type\" content=\"article\" \/>\n<meta property=\"og:title\" content=\"I\u0161mu\u0161\u0117 kra\u0161to keli\u0173 valanda: patvirtintas remont\u0173 s\u0105ra\u0161as iki 2028 met\u0173 - \u0160ilut\u0117s naujienos\" \/>\n<meta property=\"og:description\" content=\"Investicij\u0173 krep\u0161elis \u2013 daugiau kaip 10 milijon\u0173 eur\u0173 Planuojama, kad per artimiausius trejus metus savivaldyb\u0119 i\u0161 AB \u201eVia Lietuva\u201c pasieks apie 10,5 mln. eur\u0173. \u0160ios l\u0117\u0161os bus tikslingai naudojamos gatv\u0117ms tiesti, rekonstruoti, kapitaliniam bei paprastajam remontui. Vis\u0105 straipsn\u012f skaitykite kovo 26 d. \u201e\u0160ilut\u0117s naujien\u0173\u201c laikra\u0161tyje.\" \/>\n<meta property=\"og:url\" content=\"https:\/\/www.silutesnaujienos.lt\/lt\/ismuse-krasto-keliu-valanda-patvirtintas-remontu-sarasas-iki-2028-metu\/\" \/>\n<meta property=\"og:site_name\" content=\"\u0160ilut\u0117s naujienos\" \/>\n<meta property=\"article:publisher\" content=\"https:\/\/www.facebook.com\/silutes.naujienos\/\" \/>\n<meta property=\"article:published_time\" content=\"2026-03-25T14:00:43+00:00\" \/>\n<meta property=\"og:image\" content=\"https:\/\/www.silutesnaujienos.lt\/lt\/wp-content\/uploads\/2026\/03\/20260323_133810-scaled.jpg\" \/>\n\t<meta property=\"og:image:width\" content=\"2560\" \/>\n\t<meta property=\"og:image:height\" content=\"1920\" \/>\n\t<meta property=\"og:image:type\" content=\"image\/jpeg\" \/>\n<meta name=\"author\" content=\"\u0160ilut\u0117s naujien\u0173 inf.\" \/>\n<meta name=\"twitter:card\" content=\"summary_large_image\" \/>\n<meta name=\"twitter:label1\" content=\"Written by\" \/>\n\t<meta name=\"twitter:data1\" content=\"\u0160ilut\u0117s naujien\u0173 inf.\" \/>\n\t<meta name=\"twitter:label2\" content=\"Est. reading time\" \/>\n\t<meta name=\"twitter:data2\" content=\"1 minut\u0117\" \/>\n<script type=\"application\/ld+json\" class=\"yoast-schema-graph\">{\"@context\":\"https:\\\/\\\/schema.org\",\"@graph\":[{\"@type\":\"Article\",\"@id\":\"https:\\\/\\\/www.silutesnaujienos.lt\\\/lt\\\/ismuse-krasto-keliu-valanda-patvirtintas-remontu-sarasas-iki-2028-metu\\\/#article\",\"isPartOf\":{\"@id\":\"https:\\\/\\\/www.silutesnaujienos.lt\\\/lt\\\/ismuse-krasto-keliu-valanda-patvirtintas-remontu-sarasas-iki-2028-metu\\\/\"},\"author\":{\"name\":\"\u0160ilut\u0117s naujien\u0173 inf.\",\"@id\":\"https:\\\/\\\/www.silutesnaujienos.lt\\\/lt\\\/#\\\/schema\\\/person\\\/976440ef837444400af3c77c19c61454\"},\"headline\":\"I\u0161mu\u0161\u0117 kra\u0161to keli\u0173 valanda: patvirtintas remont\u0173 s\u0105ra\u0161as iki 2028 met\u0173\",\"datePublished\":\"2026-03-25T14:00:43+00:00\",\"mainEntityOfPage\":{\"@id\":\"https:\\\/\\\/www.silutesnaujienos.lt\\\/lt\\\/ismuse-krasto-keliu-valanda-patvirtintas-remontu-sarasas-iki-2028-metu\\\/\"},\"wordCount\":59,\"commentCount\":2,\"publisher\":{\"@id\":\"https:\\\/\\\/www.silutesnaujienos.lt\\\/lt\\\/#organization\"},\"image\":{\"@id\":\"https:\\\/\\\/www.silutesnaujienos.lt\\\/lt\\\/ismuse-krasto-keliu-valanda-patvirtintas-remontu-sarasas-iki-2028-metu\\\/#primaryimage\"},\"thumbnailUrl\":\"https:\\\/\\\/www.silutesnaujienos.lt\\\/lt\\\/wp-content\\\/uploads\\\/2026\\\/03\\\/20260323_133810-scaled.jpg\",\"keywords\":[\"Pirmasis\"],\"articleSection\":[\"Aktualijos\"],\"inLanguage\":\"lt-LT\",\"potentialAction\":[{\"@type\":\"CommentAction\",\"name\":\"Comment\",\"target\":[\"https:\\\/\\\/www.silutesnaujienos.lt\\\/lt\\\/ismuse-krasto-keliu-valanda-patvirtintas-remontu-sarasas-iki-2028-metu\\\/#respond\"]}]},{\"@type\":\"WebPage\",\"@id\":\"https:\\\/\\\/www.silutesnaujienos.lt\\\/lt\\\/ismuse-krasto-keliu-valanda-patvirtintas-remontu-sarasas-iki-2028-metu\\\/\",\"url\":\"https:\\\/\\\/www.silutesnaujienos.lt\\\/lt\\\/ismuse-krasto-keliu-valanda-patvirtintas-remontu-sarasas-iki-2028-metu\\\/\",\"name\":\"I\u0161mu\u0161\u0117 kra\u0161to keli\u0173 valanda: patvirtintas remont\u0173 s\u0105ra\u0161as iki 2028 met\u0173 - \u0160ilut\u0117s naujienos\",\"isPartOf\":{\"@id\":\"https:\\\/\\\/www.silutesnaujienos.lt\\\/lt\\\/#website\"},\"primaryImageOfPage\":{\"@id\":\"https:\\\/\\\/www.silutesnaujienos.lt\\\/lt\\\/ismuse-krasto-keliu-valanda-patvirtintas-remontu-sarasas-iki-2028-metu\\\/#primaryimage\"},\"image\":{\"@id\":\"https:\\\/\\\/www.silutesnaujienos.lt\\\/lt\\\/ismuse-krasto-keliu-valanda-patvirtintas-remontu-sarasas-iki-2028-metu\\\/#primaryimage\"},\"thumbnailUrl\":\"https:\\\/\\\/www.silutesnaujienos.lt\\\/lt\\\/wp-content\\\/uploads\\\/2026\\\/03\\\/20260323_133810-scaled.jpg\",\"datePublished\":\"2026-03-25T14:00:43+00:00\",\"breadcrumb\":{\"@id\":\"https:\\\/\\\/www.silutesnaujienos.lt\\\/lt\\\/ismuse-krasto-keliu-valanda-patvirtintas-remontu-sarasas-iki-2028-metu\\\/#breadcrumb\"},\"inLanguage\":\"lt-LT\",\"potentialAction\":[{\"@type\":\"ReadAction\",\"target\":[\"https:\\\/\\\/www.silutesnaujienos.lt\\\/lt\\\/ismuse-krasto-keliu-valanda-patvirtintas-remontu-sarasas-iki-2028-metu\\\/\"]}]},{\"@type\":\"ImageObject\",\"inLanguage\":\"lt-LT\",\"@id\":\"https:\\\/\\\/www.silutesnaujienos.lt\\\/lt\\\/ismuse-krasto-keliu-valanda-patvirtintas-remontu-sarasas-iki-2028-metu\\\/#primaryimage\",\"url\":\"https:\\\/\\\/www.silutesnaujienos.lt\\\/lt\\\/wp-content\\\/uploads\\\/2026\\\/03\\\/20260323_133810-scaled.jpg\",\"contentUrl\":\"https:\\\/\\\/www.silutesnaujienos.lt\\\/lt\\\/wp-content\\\/uploads\\\/2026\\\/03\\\/20260323_133810-scaled.jpg\",\"width\":2560,\"height\":1920},{\"@type\":\"BreadcrumbList\",\"@id\":\"https:\\\/\\\/www.silutesnaujienos.lt\\\/lt\\\/ismuse-krasto-keliu-valanda-patvirtintas-remontu-sarasas-iki-2028-metu\\\/#breadcrumb\",\"itemListElement\":[{\"@type\":\"ListItem\",\"position\":1,\"name\":\"Home\",\"item\":\"https:\\\/\\\/www.silutesnaujienos.lt\\\/lt\\\/\"},{\"@type\":\"ListItem\",\"position\":2,\"name\":\"I\u0161mu\u0161\u0117 kra\u0161to keli\u0173 valanda: patvirtintas remont\u0173 s\u0105ra\u0161as iki 2028 met\u0173\"}]},{\"@type\":\"WebSite\",\"@id\":\"https:\\\/\\\/www.silutesnaujienos.lt\\\/lt\\\/#website\",\"url\":\"https:\\\/\\\/www.silutesnaujienos.lt\\\/lt\\\/\",\"name\":\"\u0160ilut\u0117s naujienos\",\"description\":\"B\u016bk ant naujien\u0173 bangos!\",\"publisher\":{\"@id\":\"https:\\\/\\\/www.silutesnaujienos.lt\\\/lt\\\/#organization\"},\"potentialAction\":[{\"@type\":\"SearchAction\",\"target\":{\"@type\":\"EntryPoint\",\"urlTemplate\":\"https:\\\/\\\/www.silutesnaujienos.lt\\\/lt\\\/?s={search_term_string}\"},\"query-input\":{\"@type\":\"PropertyValueSpecification\",\"valueRequired\":true,\"valueName\":\"search_term_string\"}}],\"inLanguage\":\"lt-LT\"},{\"@type\":\"Organization\",\"@id\":\"https:\\\/\\\/www.silutesnaujienos.lt\\\/lt\\\/#organization\",\"name\":\"\u0160ilut\u0117s naujienos\",\"url\":\"https:\\\/\\\/www.silutesnaujienos.lt\\\/lt\\\/\",\"logo\":{\"@type\":\"ImageObject\",\"inLanguage\":\"lt-LT\",\"@id\":\"https:\\\/\\\/www.silutesnaujienos.lt\\\/lt\\\/#\\\/schema\\\/logo\\\/image\\\/\",\"url\":\"https:\\\/\\\/www.silutesnaujienos.lt\\\/lt\\\/wp-content\\\/uploads\\\/2020\\\/06\\\/FB_MAIN.jpg\",\"contentUrl\":\"https:\\\/\\\/www.silutesnaujienos.lt\\\/lt\\\/wp-content\\\/uploads\\\/2020\\\/06\\\/FB_MAIN.jpg\",\"width\":1700,\"height\":956,\"caption\":\"\u0160ilut\u0117s naujienos\"},\"image\":{\"@id\":\"https:\\\/\\\/www.silutesnaujienos.lt\\\/lt\\\/#\\\/schema\\\/logo\\\/image\\\/\"},\"sameAs\":[\"https:\\\/\\\/www.facebook.com\\\/silutes.naujienos\\\/\",\"https:\\\/\\\/www.youtube.com\\\/channel\\\/UCxW-cgrJDt8GxIMxSTAfJZg\"]},{\"@type\":\"Person\",\"@id\":\"https:\\\/\\\/www.silutesnaujienos.lt\\\/lt\\\/#\\\/schema\\\/person\\\/976440ef837444400af3c77c19c61454\",\"name\":\"\u0160ilut\u0117s naujien\u0173 inf.\",\"image\":{\"@type\":\"ImageObject\",\"inLanguage\":\"lt-LT\",\"@id\":\"https:\\\/\\\/www.silutesnaujienos.lt\\\/lt\\\/wp-content\\\/uploads\\\/2020\\\/06\\\/favicon.png\",\"url\":\"https:\\\/\\\/www.silutesnaujienos.lt\\\/lt\\\/wp-content\\\/uploads\\\/2020\\\/06\\\/favicon.png\",\"contentUrl\":\"https:\\\/\\\/www.silutesnaujienos.lt\\\/lt\\\/wp-content\\\/uploads\\\/2020\\\/06\\\/favicon.png\",\"caption\":\"\u0160ilut\u0117s naujien\u0173 inf.\"},\"url\":\"https:\\\/\\\/www.silutesnaujienos.lt\\\/lt\\\/author\\\/vadas\\\/\"}]}<\/script>\n<!-- \/ Yoast SEO plugin. -->","yoast_head_json":{"title":"I\u0161mu\u0161\u0117 kra\u0161to keli\u0173 valanda: patvirtintas remont\u0173 s\u0105ra\u0161as iki 2028 met\u0173 - \u0160ilut\u0117s naujienos","robots":{"index":"index","follow":"follow","max-snippet":"max-snippet:-1","max-image-preview":"max-image-preview:large","max-video-preview":"max-video-preview:-1"},"canonical":"https:\/\/www.silutesnaujienos.lt\/lt\/ismuse-krasto-keliu-valanda-patvirtintas-remontu-sarasas-iki-2028-metu\/","og_locale":"lt_LT","og_type":"article","og_title":"I\u0161mu\u0161\u0117 kra\u0161to keli\u0173 valanda: patvirtintas remont\u0173 s\u0105ra\u0161as iki 2028 met\u0173 - \u0160ilut\u0117s naujienos","og_description":"Investicij\u0173 krep\u0161elis \u2013 daugiau kaip 10 milijon\u0173 eur\u0173 Planuojama, kad per artimiausius trejus metus savivaldyb\u0119 i\u0161 AB \u201eVia Lietuva\u201c pasieks apie 10,5 mln. eur\u0173. \u0160ios l\u0117\u0161os bus tikslingai naudojamos gatv\u0117ms tiesti, rekonstruoti, kapitaliniam bei paprastajam remontui. Vis\u0105 straipsn\u012f skaitykite kovo 26 d. \u201e\u0160ilut\u0117s naujien\u0173\u201c laikra\u0161tyje.","og_url":"https:\/\/www.silutesnaujienos.lt\/lt\/ismuse-krasto-keliu-valanda-patvirtintas-remontu-sarasas-iki-2028-metu\/","og_site_name":"\u0160ilut\u0117s naujienos","article_publisher":"https:\/\/www.facebook.com\/silutes.naujienos\/","article_published_time":"2026-03-25T14:00:43+00:00","og_image":[{"width":2560,"height":1920,"url":"https:\/\/www.silutesnaujienos.lt\/lt\/wp-content\/uploads\/2026\/03\/20260323_133810-scaled.jpg","type":"image\/jpeg"}],"author":"\u0160ilut\u0117s naujien\u0173 inf.","twitter_card":"summary_large_image","twitter_misc":{"Written by":"\u0160ilut\u0117s naujien\u0173 inf.","Est. reading time":"1 minut\u0117"},"schema":{"@context":"https:\/\/schema.org","@graph":[{"@type":"Article","@id":"https:\/\/www.silutesnaujienos.lt\/lt\/ismuse-krasto-keliu-valanda-patvirtintas-remontu-sarasas-iki-2028-metu\/#article","isPartOf":{"@id":"https:\/\/www.silutesnaujienos.lt\/lt\/ismuse-krasto-keliu-valanda-patvirtintas-remontu-sarasas-iki-2028-metu\/"},"author":{"name":"\u0160ilut\u0117s naujien\u0173 inf.","@id":"https:\/\/www.silutesnaujienos.lt\/lt\/#\/schema\/person\/976440ef837444400af3c77c19c61454"},"headline":"I\u0161mu\u0161\u0117 kra\u0161to keli\u0173 valanda: patvirtintas remont\u0173 s\u0105ra\u0161as iki 2028 met\u0173","datePublished":"2026-03-25T14:00:43+00:00","mainEntityOfPage":{"@id":"https:\/\/www.silutesnaujienos.lt\/lt\/ismuse-krasto-keliu-valanda-patvirtintas-remontu-sarasas-iki-2028-metu\/"},"wordCount":59,"commentCount":2,"publisher":{"@id":"https:\/\/www.silutesnaujienos.lt\/lt\/#organization"},"image":{"@id":"https:\/\/www.silutesnaujienos.lt\/lt\/ismuse-krasto-keliu-valanda-patvirtintas-remontu-sarasas-iki-2028-metu\/#primaryimage"},"thumbnailUrl":"https:\/\/www.silutesnaujienos.lt\/lt\/wp-content\/uploads\/2026\/03\/20260323_133810-scaled.jpg","keywords":["Pirmasis"],"articleSection":["Aktualijos"],"inLanguage":"lt-LT","potentialAction":[{"@type":"CommentAction","name":"Comment","target":["https:\/\/www.silutesnaujienos.lt\/lt\/ismuse-krasto-keliu-valanda-patvirtintas-remontu-sarasas-iki-2028-metu\/#respond"]}]},{"@type":"WebPage","@id":"https:\/\/www.silutesnaujienos.lt\/lt\/ismuse-krasto-keliu-valanda-patvirtintas-remontu-sarasas-iki-2028-metu\/","url":"https:\/\/www.silutesnaujienos.lt\/lt\/ismuse-krasto-keliu-valanda-patvirtintas-remontu-sarasas-iki-2028-metu\/","name":"I\u0161mu\u0161\u0117 kra\u0161to keli\u0173 valanda: patvirtintas remont\u0173 s\u0105ra\u0161as iki 2028 met\u0173 - \u0160ilut\u0117s naujienos","isPartOf":{"@id":"https:\/\/www.silutesnaujienos.lt\/lt\/#website"},"primaryImageOfPage":{"@id":"https:\/\/www.silutesnaujienos.lt\/lt\/ismuse-krasto-keliu-valanda-patvirtintas-remontu-sarasas-iki-2028-metu\/#primaryimage"},"image":{"@id":"https:\/\/www.silutesnaujienos.lt\/lt\/ismuse-krasto-keliu-valanda-patvirtintas-remontu-sarasas-iki-2028-metu\/#primaryimage"},"thumbnailUrl":"https:\/\/www.silutesnaujienos.lt\/lt\/wp-content\/uploads\/2026\/03\/20260323_133810-scaled.jpg","datePublished":"2026-03-25T14:00:43+00:00","breadcrumb":{"@id":"https:\/\/www.silutesnaujienos.lt\/lt\/ismuse-krasto-keliu-valanda-patvirtintas-remontu-sarasas-iki-2028-metu\/#breadcrumb"},"inLanguage":"lt-LT","potentialAction":[{"@type":"ReadAction","target":["https:\/\/www.silutesnaujienos.lt\/lt\/ismuse-krasto-keliu-valanda-patvirtintas-remontu-sarasas-iki-2028-metu\/"]}]},{"@type":"ImageObject","inLanguage":"lt-LT","@id":"https:\/\/www.silutesnaujienos.lt\/lt\/ismuse-krasto-keliu-valanda-patvirtintas-remontu-sarasas-iki-2028-metu\/#primaryimage","url":"https:\/\/www.silutesnaujienos.lt\/lt\/wp-content\/uploads\/2026\/03\/20260323_133810-scaled.jpg","contentUrl":"https:\/\/www.silutesnaujienos.lt\/lt\/wp-content\/uploads\/2026\/03\/20260323_133810-scaled.jpg","width":2560,"height":1920},{"@type":"BreadcrumbList","@id":"https:\/\/www.silutesnaujienos.lt\/lt\/ismuse-krasto-keliu-valanda-patvirtintas-remontu-sarasas-iki-2028-metu\/#breadcrumb","itemListElement":[{"@type":"ListItem","position":1,"name":"Home","item":"https:\/\/www.silutesnaujienos.lt\/lt\/"},{"@type":"ListItem","position":2,"name":"I\u0161mu\u0161\u0117 kra\u0161to keli\u0173 valanda: patvirtintas remont\u0173 s\u0105ra\u0161as iki 2028 met\u0173"}]},{"@type":"WebSite","@id":"https:\/\/www.silutesnaujienos.lt\/lt\/#website","url":"https:\/\/www.silutesnaujienos.lt\/lt\/","name":"\u0160ilut\u0117s naujienos","description":"B\u016bk ant naujien\u0173 bangos!","publisher":{"@id":"https:\/\/www.silutesnaujienos.lt\/lt\/#organization"},"potentialAction":[{"@type":"SearchAction","target":{"@type":"EntryPoint","urlTemplate":"https:\/\/www.silutesnaujienos.lt\/lt\/?s={search_term_string}"},"query-input":{"@type":"PropertyValueSpecification","valueRequired":true,"valueName":"search_term_string"}}],"inLanguage":"lt-LT"},{"@type":"Organization","@id":"https:\/\/www.silutesnaujienos.lt\/lt\/#organization","name":"\u0160ilut\u0117s naujienos","url":"https:\/\/www.silutesnaujienos.lt\/lt\/","logo":{"@type":"ImageObject","inLanguage":"lt-LT","@id":"https:\/\/www.silutesnaujienos.lt\/lt\/#\/schema\/logo\/image\/","url":"https:\/\/www.silutesnaujienos.lt\/lt\/wp-content\/uploads\/2020\/06\/FB_MAIN.jpg","contentUrl":"https:\/\/www.silutesnaujienos.lt\/lt\/wp-content\/uploads\/2020\/06\/FB_MAIN.jpg","width":1700,"height":956,"caption":"\u0160ilut\u0117s naujienos"},"image":{"@id":"https:\/\/www.silutesnaujienos.lt\/lt\/#\/schema\/logo\/image\/"},"sameAs":["https:\/\/www.facebook.com\/silutes.naujienos\/","https:\/\/www.youtube.com\/channel\/UCxW-cgrJDt8GxIMxSTAfJZg"]},{"@type":"Person","@id":"https:\/\/www.silutesnaujienos.lt\/lt\/#\/schema\/person\/976440ef837444400af3c77c19c61454","name":"\u0160ilut\u0117s naujien\u0173 inf.","image":{"@type":"ImageObject","inLanguage":"lt-LT","@id":"https:\/\/www.silutesnaujienos.lt\/lt\/wp-content\/uploads\/2020\/06\/favicon.png","url":"https:\/\/www.silutesnaujienos.lt\/lt\/wp-content\/uploads\/2020\/06\/favicon.png","contentUrl":"https:\/\/www.silutesnaujienos.lt\/lt\/wp-content\/uploads\/2020\/06\/favicon.png","caption":"\u0160ilut\u0117s naujien\u0173 inf."},"url":"https:\/\/www.silutesnaujienos.lt\/lt\/author\/vadas\/"}]}},"publishpress_future_workflow_manual_trigger":{"enabledWorkflows":[]},"amp_enabled":true,"_links":{"self":[{"href":"https:\/\/www.silutesnaujienos.lt\/lt\/wp-json\/wp\/v2\/posts\/81123","targetHints":{"allow":["GET"]}}],"collection":[{"href":"https:\/\/www.silutesnaujienos.lt\/lt\/wp-json\/wp\/v2\/posts"}],"about":[{"href":"https:\/\/www.silutesnaujienos.lt\/lt\/wp-json\/wp\/v2\/types\/post"}],"author":[{"embeddable":true,"href":"https:\/\/www.silutesnaujienos.lt\/lt\/wp-json\/wp\/v2\/users\/2"}],"replies":[{"embeddable":true,"href":"https:\/\/www.silutesnaujienos.lt\/lt\/wp-json\/wp\/v2\/comments?post=81123"}],"version-history":[{"count":1,"href":"https:\/\/www.silutesnaujienos.lt\/lt\/wp-json\/wp\/v2\/posts\/81123\/revisions"}],"predecessor-version":[{"id":81126,"href":"https:\/\/www.silutesnaujienos.lt\/lt\/wp-json\/wp\/v2\/posts\/81123\/revisions\/81126"}],"wp:featuredmedia":[{"embeddable":true,"href":"https:\/\/www.silutesnaujienos.lt\/lt\/wp-json\/wp\/v2\/media\/81125"}],"wp:attachment":[{"href":"https:\/\/www.silutesnaujienos.lt\/lt\/wp-json\/wp\/v2\/media?parent=81123"}],"wp:term":[{"taxonomy":"category","embeddable":true,"href":"https:\/\/www.silutesnaujienos.lt\/lt\/wp-json\/wp\/v2\/categories?post=81123"},{"taxonomy":"post_tag","embeddable":true,"href":"https:\/\/www.silutesnaujienos.lt\/lt\/wp-json\/wp\/v2\/tags?post=81123"}],"curies":[{"name":"wp","href":"https:\/\/api.w.org\/{rel}","templated":true}]}}