{"id":81182,"date":"2026-03-27T16:00:02","date_gmt":"2026-03-27T14:00:02","guid":{"rendered":"https:\/\/www.silutesnaujienos.lt\/lt\/?p=81182"},"modified":"2026-03-25T13:52:41","modified_gmt":"2026-03-25T11:52:41","slug":"vilkyciuose-startuoja-unikalus-projektas-parkas-ruosiamas-transformacijai","status":"publish","type":"post","link":"https:\/\/www.silutesnaujienos.lt\/lt\/vilkyciuose-startuoja-unikalus-projektas-parkas-ruosiamas-transformacijai\/","title":{"rendered":"Vilky\u010diuose startuoja unikalus projektas \u2013 parkas ruo\u0161iamas transformacijai"},"content":{"rendered":"<p><strong>Nuo stogastulpi\u0173 iki labirinto<\/strong><\/p>\n<p>Kovo 17-osios vakar\u0105 Vilky\u010di\u0173 pagrindin\u0117s mokyklos akt\u0173 sal\u0117 buvo pilnut\u0117l\u0117. \u012e i\u0161pl\u0117stin\u0119 seni\u016bnai\u010di\u0173 sueig\u0105, kuri\u0105 inicijavo Saug\u0173 seni\u016bnas Arvydas Stonis, panoro ateiti ne tik kviestieji: seni\u016bnai\u010diai, bendruomeni\u0173 pirmininkai ar j\u0173 atstovai, \u012fstaig\u0173 vadovai, savivaldyb\u0117s vadovai, bet ir kaimo gyventojai. Nutiko taip, kad seni\u016bnijos socialiniame tinkle, sueigos dienos ryt\u0105 teko vie\u0161ai dalintis informacija. To dar n\u0117ra buv\u0119, kad gyventojai taip aktyviai nor\u0117t\u0173 ir dalyvaut\u0173 organizuojamame susirinkime \u2013 seni\u016bnai\u010di\u0173 i\u0161pl\u0117stin\u0117je sueigoje! Vilky\u010diai nustebino.<\/p>\n<p>&nbsp;<\/p>\n<p><strong>Vis\u0105 straipsn\u012f skaitykite kovo 26 d. \u201e\u0160ilut\u0117s naujien\u0173\u201c laikra\u0161tyje.<\/strong><\/p>\n","protected":false},"excerpt":{"rendered":"<p>Nuo stogastulpi\u0173 iki labirinto Kovo 17-osios vakar\u0105 Vilky\u010di\u0173 pagrindin\u0117s mokyklos akt\u0173 sal\u0117 buvo pilnut\u0117l\u0117. \u012e i\u0161pl\u0117stin\u0119 seni\u016bnai\u010di\u0173 sueig\u0105, kuri\u0105 inicijavo Saug\u0173 seni\u016bnas Arvydas Stonis, panoro ateiti ne tik kviestieji: seni\u016bnai\u010diai, bendruomeni\u0173 pirmininkai ar j\u0173 atstovai, \u012fstaig\u0173 vadovai, savivaldyb\u0117s vadovai, bet ir kaimo gyventojai. Nutiko taip, kad seni\u016bnijos socialiniame tinkle, sueigos dienos ryt\u0105 teko vie\u0161ai dalintis [&hellip;]<\/p>\n","protected":false},"author":2,"featured_media":81134,"comment_status":"open","ping_status":"closed","sticky":false,"template":"","format":"standard","meta":{"footnotes":""},"categories":[2],"tags":[47],"class_list":{"0":"post-81182","1":"post","2":"type-post","3":"status-publish","4":"format-standard","5":"has-post-thumbnail","7":"category-aktualijos","8":"tag-pirmasis"},"yoast_head":"<!-- This site is optimized with the Yoast SEO plugin v27.5 - https:\/\/yoast.com\/product\/yoast-seo-wordpress\/ -->\n<title>Vilky\u010diuose startuoja unikalus projektas \u2013 parkas ruo\u0161iamas transformacijai - \u0160ilut\u0117s naujienos<\/title>\n<meta name=\"robots\" content=\"index, follow, max-snippet:-1, max-image-preview:large, max-video-preview:-1\" \/>\n<link rel=\"canonical\" href=\"https:\/\/www.silutesnaujienos.lt\/lt\/vilkyciuose-startuoja-unikalus-projektas-parkas-ruosiamas-transformacijai\/\" \/>\n<meta property=\"og:locale\" content=\"lt_LT\" \/>\n<meta property=\"og:type\" content=\"article\" \/>\n<meta property=\"og:title\" content=\"Vilky\u010diuose startuoja unikalus projektas \u2013 parkas ruo\u0161iamas transformacijai - \u0160ilut\u0117s naujienos\" \/>\n<meta property=\"og:description\" content=\"Nuo stogastulpi\u0173 iki labirinto Kovo 17-osios vakar\u0105 Vilky\u010di\u0173 pagrindin\u0117s mokyklos akt\u0173 sal\u0117 buvo pilnut\u0117l\u0117. \u012e i\u0161pl\u0117stin\u0119 seni\u016bnai\u010di\u0173 sueig\u0105, kuri\u0105 inicijavo Saug\u0173 seni\u016bnas Arvydas Stonis, panoro ateiti ne tik kviestieji: seni\u016bnai\u010diai, bendruomeni\u0173 pirmininkai ar j\u0173 atstovai, \u012fstaig\u0173 vadovai, savivaldyb\u0117s vadovai, bet ir kaimo gyventojai. Nutiko taip, kad seni\u016bnijos socialiniame tinkle, sueigos dienos ryt\u0105 teko vie\u0161ai dalintis [&hellip;]\" \/>\n<meta property=\"og:url\" content=\"https:\/\/www.silutesnaujienos.lt\/lt\/vilkyciuose-startuoja-unikalus-projektas-parkas-ruosiamas-transformacijai\/\" \/>\n<meta property=\"og:site_name\" content=\"\u0160ilut\u0117s naujienos\" \/>\n<meta property=\"article:publisher\" content=\"https:\/\/www.facebook.com\/silutes.naujienos\/\" \/>\n<meta property=\"article:published_time\" content=\"2026-03-27T14:00:02+00:00\" \/>\n<meta property=\"og:image\" content=\"https:\/\/www.silutesnaujienos.lt\/lt\/wp-content\/uploads\/2026\/03\/Vilkyciu-parkas-2-scaled-e1774439548190.jpg\" \/>\n\t<meta property=\"og:image:width\" content=\"2556\" \/>\n\t<meta property=\"og:image:height\" content=\"1260\" \/>\n\t<meta property=\"og:image:type\" content=\"image\/jpeg\" \/>\n<meta name=\"author\" content=\"\u0160ilut\u0117s naujien\u0173 inf.\" \/>\n<meta name=\"twitter:card\" content=\"summary_large_image\" \/>\n<meta name=\"twitter:label1\" content=\"Written by\" \/>\n\t<meta name=\"twitter:data1\" content=\"\u0160ilut\u0117s naujien\u0173 inf.\" \/>\n\t<meta name=\"twitter:label2\" content=\"Est. reading time\" \/>\n\t<meta name=\"twitter:data2\" content=\"1 minut\u0117\" \/>\n<script type=\"application\/ld+json\" class=\"yoast-schema-graph\">{\"@context\":\"https:\\\/\\\/schema.org\",\"@graph\":[{\"@type\":\"Article\",\"@id\":\"https:\\\/\\\/www.silutesnaujienos.lt\\\/lt\\\/vilkyciuose-startuoja-unikalus-projektas-parkas-ruosiamas-transformacijai\\\/#article\",\"isPartOf\":{\"@id\":\"https:\\\/\\\/www.silutesnaujienos.lt\\\/lt\\\/vilkyciuose-startuoja-unikalus-projektas-parkas-ruosiamas-transformacijai\\\/\"},\"author\":{\"name\":\"\u0160ilut\u0117s naujien\u0173 inf.\",\"@id\":\"https:\\\/\\\/www.silutesnaujienos.lt\\\/lt\\\/#\\\/schema\\\/person\\\/976440ef837444400af3c77c19c61454\"},\"headline\":\"Vilky\u010diuose startuoja unikalus projektas \u2013 parkas ruo\u0161iamas transformacijai\",\"datePublished\":\"2026-03-27T14:00:02+00:00\",\"mainEntityOfPage\":{\"@id\":\"https:\\\/\\\/www.silutesnaujienos.lt\\\/lt\\\/vilkyciuose-startuoja-unikalus-projektas-parkas-ruosiamas-transformacijai\\\/\"},\"wordCount\":114,\"commentCount\":0,\"publisher\":{\"@id\":\"https:\\\/\\\/www.silutesnaujienos.lt\\\/lt\\\/#organization\"},\"image\":{\"@id\":\"https:\\\/\\\/www.silutesnaujienos.lt\\\/lt\\\/vilkyciuose-startuoja-unikalus-projektas-parkas-ruosiamas-transformacijai\\\/#primaryimage\"},\"thumbnailUrl\":\"https:\\\/\\\/www.silutesnaujienos.lt\\\/lt\\\/wp-content\\\/uploads\\\/2026\\\/03\\\/Vilkyciu-parkas-2-scaled-e1774439548190.jpg\",\"keywords\":[\"Pirmasis\"],\"articleSection\":[\"Aktualijos\"],\"inLanguage\":\"lt-LT\",\"potentialAction\":[{\"@type\":\"CommentAction\",\"name\":\"Comment\",\"target\":[\"https:\\\/\\\/www.silutesnaujienos.lt\\\/lt\\\/vilkyciuose-startuoja-unikalus-projektas-parkas-ruosiamas-transformacijai\\\/#respond\"]}]},{\"@type\":\"WebPage\",\"@id\":\"https:\\\/\\\/www.silutesnaujienos.lt\\\/lt\\\/vilkyciuose-startuoja-unikalus-projektas-parkas-ruosiamas-transformacijai\\\/\",\"url\":\"https:\\\/\\\/www.silutesnaujienos.lt\\\/lt\\\/vilkyciuose-startuoja-unikalus-projektas-parkas-ruosiamas-transformacijai\\\/\",\"name\":\"Vilky\u010diuose startuoja unikalus projektas \u2013 parkas ruo\u0161iamas transformacijai - \u0160ilut\u0117s naujienos\",\"isPartOf\":{\"@id\":\"https:\\\/\\\/www.silutesnaujienos.lt\\\/lt\\\/#website\"},\"primaryImageOfPage\":{\"@id\":\"https:\\\/\\\/www.silutesnaujienos.lt\\\/lt\\\/vilkyciuose-startuoja-unikalus-projektas-parkas-ruosiamas-transformacijai\\\/#primaryimage\"},\"image\":{\"@id\":\"https:\\\/\\\/www.silutesnaujienos.lt\\\/lt\\\/vilkyciuose-startuoja-unikalus-projektas-parkas-ruosiamas-transformacijai\\\/#primaryimage\"},\"thumbnailUrl\":\"https:\\\/\\\/www.silutesnaujienos.lt\\\/lt\\\/wp-content\\\/uploads\\\/2026\\\/03\\\/Vilkyciu-parkas-2-scaled-e1774439548190.jpg\",\"datePublished\":\"2026-03-27T14:00:02+00:00\",\"breadcrumb\":{\"@id\":\"https:\\\/\\\/www.silutesnaujienos.lt\\\/lt\\\/vilkyciuose-startuoja-unikalus-projektas-parkas-ruosiamas-transformacijai\\\/#breadcrumb\"},\"inLanguage\":\"lt-LT\",\"potentialAction\":[{\"@type\":\"ReadAction\",\"target\":[\"https:\\\/\\\/www.silutesnaujienos.lt\\\/lt\\\/vilkyciuose-startuoja-unikalus-projektas-parkas-ruosiamas-transformacijai\\\/\"]}]},{\"@type\":\"ImageObject\",\"inLanguage\":\"lt-LT\",\"@id\":\"https:\\\/\\\/www.silutesnaujienos.lt\\\/lt\\\/vilkyciuose-startuoja-unikalus-projektas-parkas-ruosiamas-transformacijai\\\/#primaryimage\",\"url\":\"https:\\\/\\\/www.silutesnaujienos.lt\\\/lt\\\/wp-content\\\/uploads\\\/2026\\\/03\\\/Vilkyciu-parkas-2-scaled-e1774439548190.jpg\",\"contentUrl\":\"https:\\\/\\\/www.silutesnaujienos.lt\\\/lt\\\/wp-content\\\/uploads\\\/2026\\\/03\\\/Vilkyciu-parkas-2-scaled-e1774439548190.jpg\",\"width\":2556,\"height\":1260},{\"@type\":\"BreadcrumbList\",\"@id\":\"https:\\\/\\\/www.silutesnaujienos.lt\\\/lt\\\/vilkyciuose-startuoja-unikalus-projektas-parkas-ruosiamas-transformacijai\\\/#breadcrumb\",\"itemListElement\":[{\"@type\":\"ListItem\",\"position\":1,\"name\":\"Home\",\"item\":\"https:\\\/\\\/www.silutesnaujienos.lt\\\/lt\\\/\"},{\"@type\":\"ListItem\",\"position\":2,\"name\":\"Vilky\u010diuose startuoja unikalus projektas \u2013 parkas ruo\u0161iamas transformacijai\"}]},{\"@type\":\"WebSite\",\"@id\":\"https:\\\/\\\/www.silutesnaujienos.lt\\\/lt\\\/#website\",\"url\":\"https:\\\/\\\/www.silutesnaujienos.lt\\\/lt\\\/\",\"name\":\"\u0160ilut\u0117s naujienos\",\"description\":\"B\u016bk ant naujien\u0173 bangos!\",\"publisher\":{\"@id\":\"https:\\\/\\\/www.silutesnaujienos.lt\\\/lt\\\/#organization\"},\"potentialAction\":[{\"@type\":\"SearchAction\",\"target\":{\"@type\":\"EntryPoint\",\"urlTemplate\":\"https:\\\/\\\/www.silutesnaujienos.lt\\\/lt\\\/?s={search_term_string}\"},\"query-input\":{\"@type\":\"PropertyValueSpecification\",\"valueRequired\":true,\"valueName\":\"search_term_string\"}}],\"inLanguage\":\"lt-LT\"},{\"@type\":\"Organization\",\"@id\":\"https:\\\/\\\/www.silutesnaujienos.lt\\\/lt\\\/#organization\",\"name\":\"\u0160ilut\u0117s naujienos\",\"url\":\"https:\\\/\\\/www.silutesnaujienos.lt\\\/lt\\\/\",\"logo\":{\"@type\":\"ImageObject\",\"inLanguage\":\"lt-LT\",\"@id\":\"https:\\\/\\\/www.silutesnaujienos.lt\\\/lt\\\/#\\\/schema\\\/logo\\\/image\\\/\",\"url\":\"https:\\\/\\\/www.silutesnaujienos.lt\\\/lt\\\/wp-content\\\/uploads\\\/2020\\\/06\\\/FB_MAIN.jpg\",\"contentUrl\":\"https:\\\/\\\/www.silutesnaujienos.lt\\\/lt\\\/wp-content\\\/uploads\\\/2020\\\/06\\\/FB_MAIN.jpg\",\"width\":1700,\"height\":956,\"caption\":\"\u0160ilut\u0117s naujienos\"},\"image\":{\"@id\":\"https:\\\/\\\/www.silutesnaujienos.lt\\\/lt\\\/#\\\/schema\\\/logo\\\/image\\\/\"},\"sameAs\":[\"https:\\\/\\\/www.facebook.com\\\/silutes.naujienos\\\/\",\"https:\\\/\\\/www.youtube.com\\\/channel\\\/UCxW-cgrJDt8GxIMxSTAfJZg\"]},{\"@type\":\"Person\",\"@id\":\"https:\\\/\\\/www.silutesnaujienos.lt\\\/lt\\\/#\\\/schema\\\/person\\\/976440ef837444400af3c77c19c61454\",\"name\":\"\u0160ilut\u0117s naujien\u0173 inf.\",\"image\":{\"@type\":\"ImageObject\",\"inLanguage\":\"lt-LT\",\"@id\":\"https:\\\/\\\/www.silutesnaujienos.lt\\\/lt\\\/wp-content\\\/uploads\\\/2020\\\/06\\\/favicon.png\",\"url\":\"https:\\\/\\\/www.silutesnaujienos.lt\\\/lt\\\/wp-content\\\/uploads\\\/2020\\\/06\\\/favicon.png\",\"contentUrl\":\"https:\\\/\\\/www.silutesnaujienos.lt\\\/lt\\\/wp-content\\\/uploads\\\/2020\\\/06\\\/favicon.png\",\"caption\":\"\u0160ilut\u0117s naujien\u0173 inf.\"},\"url\":\"https:\\\/\\\/www.silutesnaujienos.lt\\\/lt\\\/author\\\/vadas\\\/\"}]}<\/script>\n<!-- \/ Yoast SEO plugin. -->","yoast_head_json":{"title":"Vilky\u010diuose startuoja unikalus projektas \u2013 parkas ruo\u0161iamas transformacijai - \u0160ilut\u0117s naujienos","robots":{"index":"index","follow":"follow","max-snippet":"max-snippet:-1","max-image-preview":"max-image-preview:large","max-video-preview":"max-video-preview:-1"},"canonical":"https:\/\/www.silutesnaujienos.lt\/lt\/vilkyciuose-startuoja-unikalus-projektas-parkas-ruosiamas-transformacijai\/","og_locale":"lt_LT","og_type":"article","og_title":"Vilky\u010diuose startuoja unikalus projektas \u2013 parkas ruo\u0161iamas transformacijai - \u0160ilut\u0117s naujienos","og_description":"Nuo stogastulpi\u0173 iki labirinto Kovo 17-osios vakar\u0105 Vilky\u010di\u0173 pagrindin\u0117s mokyklos akt\u0173 sal\u0117 buvo pilnut\u0117l\u0117. \u012e i\u0161pl\u0117stin\u0119 seni\u016bnai\u010di\u0173 sueig\u0105, kuri\u0105 inicijavo Saug\u0173 seni\u016bnas Arvydas Stonis, panoro ateiti ne tik kviestieji: seni\u016bnai\u010diai, bendruomeni\u0173 pirmininkai ar j\u0173 atstovai, \u012fstaig\u0173 vadovai, savivaldyb\u0117s vadovai, bet ir kaimo gyventojai. Nutiko taip, kad seni\u016bnijos socialiniame tinkle, sueigos dienos ryt\u0105 teko vie\u0161ai dalintis [&hellip;]","og_url":"https:\/\/www.silutesnaujienos.lt\/lt\/vilkyciuose-startuoja-unikalus-projektas-parkas-ruosiamas-transformacijai\/","og_site_name":"\u0160ilut\u0117s naujienos","article_publisher":"https:\/\/www.facebook.com\/silutes.naujienos\/","article_published_time":"2026-03-27T14:00:02+00:00","og_image":[{"width":2556,"height":1260,"url":"https:\/\/www.silutesnaujienos.lt\/lt\/wp-content\/uploads\/2026\/03\/Vilkyciu-parkas-2-scaled-e1774439548190.jpg","type":"image\/jpeg"}],"author":"\u0160ilut\u0117s naujien\u0173 inf.","twitter_card":"summary_large_image","twitter_misc":{"Written by":"\u0160ilut\u0117s naujien\u0173 inf.","Est. reading time":"1 minut\u0117"},"schema":{"@context":"https:\/\/schema.org","@graph":[{"@type":"Article","@id":"https:\/\/www.silutesnaujienos.lt\/lt\/vilkyciuose-startuoja-unikalus-projektas-parkas-ruosiamas-transformacijai\/#article","isPartOf":{"@id":"https:\/\/www.silutesnaujienos.lt\/lt\/vilkyciuose-startuoja-unikalus-projektas-parkas-ruosiamas-transformacijai\/"},"author":{"name":"\u0160ilut\u0117s naujien\u0173 inf.","@id":"https:\/\/www.silutesnaujienos.lt\/lt\/#\/schema\/person\/976440ef837444400af3c77c19c61454"},"headline":"Vilky\u010diuose startuoja unikalus projektas \u2013 parkas ruo\u0161iamas transformacijai","datePublished":"2026-03-27T14:00:02+00:00","mainEntityOfPage":{"@id":"https:\/\/www.silutesnaujienos.lt\/lt\/vilkyciuose-startuoja-unikalus-projektas-parkas-ruosiamas-transformacijai\/"},"wordCount":114,"commentCount":0,"publisher":{"@id":"https:\/\/www.silutesnaujienos.lt\/lt\/#organization"},"image":{"@id":"https:\/\/www.silutesnaujienos.lt\/lt\/vilkyciuose-startuoja-unikalus-projektas-parkas-ruosiamas-transformacijai\/#primaryimage"},"thumbnailUrl":"https:\/\/www.silutesnaujienos.lt\/lt\/wp-content\/uploads\/2026\/03\/Vilkyciu-parkas-2-scaled-e1774439548190.jpg","keywords":["Pirmasis"],"articleSection":["Aktualijos"],"inLanguage":"lt-LT","potentialAction":[{"@type":"CommentAction","name":"Comment","target":["https:\/\/www.silutesnaujienos.lt\/lt\/vilkyciuose-startuoja-unikalus-projektas-parkas-ruosiamas-transformacijai\/#respond"]}]},{"@type":"WebPage","@id":"https:\/\/www.silutesnaujienos.lt\/lt\/vilkyciuose-startuoja-unikalus-projektas-parkas-ruosiamas-transformacijai\/","url":"https:\/\/www.silutesnaujienos.lt\/lt\/vilkyciuose-startuoja-unikalus-projektas-parkas-ruosiamas-transformacijai\/","name":"Vilky\u010diuose startuoja unikalus projektas \u2013 parkas ruo\u0161iamas transformacijai - \u0160ilut\u0117s naujienos","isPartOf":{"@id":"https:\/\/www.silutesnaujienos.lt\/lt\/#website"},"primaryImageOfPage":{"@id":"https:\/\/www.silutesnaujienos.lt\/lt\/vilkyciuose-startuoja-unikalus-projektas-parkas-ruosiamas-transformacijai\/#primaryimage"},"image":{"@id":"https:\/\/www.silutesnaujienos.lt\/lt\/vilkyciuose-startuoja-unikalus-projektas-parkas-ruosiamas-transformacijai\/#primaryimage"},"thumbnailUrl":"https:\/\/www.silutesnaujienos.lt\/lt\/wp-content\/uploads\/2026\/03\/Vilkyciu-parkas-2-scaled-e1774439548190.jpg","datePublished":"2026-03-27T14:00:02+00:00","breadcrumb":{"@id":"https:\/\/www.silutesnaujienos.lt\/lt\/vilkyciuose-startuoja-unikalus-projektas-parkas-ruosiamas-transformacijai\/#breadcrumb"},"inLanguage":"lt-LT","potentialAction":[{"@type":"ReadAction","target":["https:\/\/www.silutesnaujienos.lt\/lt\/vilkyciuose-startuoja-unikalus-projektas-parkas-ruosiamas-transformacijai\/"]}]},{"@type":"ImageObject","inLanguage":"lt-LT","@id":"https:\/\/www.silutesnaujienos.lt\/lt\/vilkyciuose-startuoja-unikalus-projektas-parkas-ruosiamas-transformacijai\/#primaryimage","url":"https:\/\/www.silutesnaujienos.lt\/lt\/wp-content\/uploads\/2026\/03\/Vilkyciu-parkas-2-scaled-e1774439548190.jpg","contentUrl":"https:\/\/www.silutesnaujienos.lt\/lt\/wp-content\/uploads\/2026\/03\/Vilkyciu-parkas-2-scaled-e1774439548190.jpg","width":2556,"height":1260},{"@type":"BreadcrumbList","@id":"https:\/\/www.silutesnaujienos.lt\/lt\/vilkyciuose-startuoja-unikalus-projektas-parkas-ruosiamas-transformacijai\/#breadcrumb","itemListElement":[{"@type":"ListItem","position":1,"name":"Home","item":"https:\/\/www.silutesnaujienos.lt\/lt\/"},{"@type":"ListItem","position":2,"name":"Vilky\u010diuose startuoja unikalus projektas \u2013 parkas ruo\u0161iamas transformacijai"}]},{"@type":"WebSite","@id":"https:\/\/www.silutesnaujienos.lt\/lt\/#website","url":"https:\/\/www.silutesnaujienos.lt\/lt\/","name":"\u0160ilut\u0117s naujienos","description":"B\u016bk ant naujien\u0173 bangos!","publisher":{"@id":"https:\/\/www.silutesnaujienos.lt\/lt\/#organization"},"potentialAction":[{"@type":"SearchAction","target":{"@type":"EntryPoint","urlTemplate":"https:\/\/www.silutesnaujienos.lt\/lt\/?s={search_term_string}"},"query-input":{"@type":"PropertyValueSpecification","valueRequired":true,"valueName":"search_term_string"}}],"inLanguage":"lt-LT"},{"@type":"Organization","@id":"https:\/\/www.silutesnaujienos.lt\/lt\/#organization","name":"\u0160ilut\u0117s naujienos","url":"https:\/\/www.silutesnaujienos.lt\/lt\/","logo":{"@type":"ImageObject","inLanguage":"lt-LT","@id":"https:\/\/www.silutesnaujienos.lt\/lt\/#\/schema\/logo\/image\/","url":"https:\/\/www.silutesnaujienos.lt\/lt\/wp-content\/uploads\/2020\/06\/FB_MAIN.jpg","contentUrl":"https:\/\/www.silutesnaujienos.lt\/lt\/wp-content\/uploads\/2020\/06\/FB_MAIN.jpg","width":1700,"height":956,"caption":"\u0160ilut\u0117s naujienos"},"image":{"@id":"https:\/\/www.silutesnaujienos.lt\/lt\/#\/schema\/logo\/image\/"},"sameAs":["https:\/\/www.facebook.com\/silutes.naujienos\/","https:\/\/www.youtube.com\/channel\/UCxW-cgrJDt8GxIMxSTAfJZg"]},{"@type":"Person","@id":"https:\/\/www.silutesnaujienos.lt\/lt\/#\/schema\/person\/976440ef837444400af3c77c19c61454","name":"\u0160ilut\u0117s naujien\u0173 inf.","image":{"@type":"ImageObject","inLanguage":"lt-LT","@id":"https:\/\/www.silutesnaujienos.lt\/lt\/wp-content\/uploads\/2020\/06\/favicon.png","url":"https:\/\/www.silutesnaujienos.lt\/lt\/wp-content\/uploads\/2020\/06\/favicon.png","contentUrl":"https:\/\/www.silutesnaujienos.lt\/lt\/wp-content\/uploads\/2020\/06\/favicon.png","caption":"\u0160ilut\u0117s naujien\u0173 inf."},"url":"https:\/\/www.silutesnaujienos.lt\/lt\/author\/vadas\/"}]}},"publishpress_future_workflow_manual_trigger":{"enabledWorkflows":[]},"amp_enabled":true,"_links":{"self":[{"href":"https:\/\/www.silutesnaujienos.lt\/lt\/wp-json\/wp\/v2\/posts\/81182","targetHints":{"allow":["GET"]}}],"collection":[{"href":"https:\/\/www.silutesnaujienos.lt\/lt\/wp-json\/wp\/v2\/posts"}],"about":[{"href":"https:\/\/www.silutesnaujienos.lt\/lt\/wp-json\/wp\/v2\/types\/post"}],"author":[{"embeddable":true,"href":"https:\/\/www.silutesnaujienos.lt\/lt\/wp-json\/wp\/v2\/users\/2"}],"replies":[{"embeddable":true,"href":"https:\/\/www.silutesnaujienos.lt\/lt\/wp-json\/wp\/v2\/comments?post=81182"}],"version-history":[{"count":1,"href":"https:\/\/www.silutesnaujienos.lt\/lt\/wp-json\/wp\/v2\/posts\/81182\/revisions"}],"predecessor-version":[{"id":81183,"href":"https:\/\/www.silutesnaujienos.lt\/lt\/wp-json\/wp\/v2\/posts\/81182\/revisions\/81183"}],"wp:featuredmedia":[{"embeddable":true,"href":"https:\/\/www.silutesnaujienos.lt\/lt\/wp-json\/wp\/v2\/media\/81134"}],"wp:attachment":[{"href":"https:\/\/www.silutesnaujienos.lt\/lt\/wp-json\/wp\/v2\/media?parent=81182"}],"wp:term":[{"taxonomy":"category","embeddable":true,"href":"https:\/\/www.silutesnaujienos.lt\/lt\/wp-json\/wp\/v2\/categories?post=81182"},{"taxonomy":"post_tag","embeddable":true,"href":"https:\/\/www.silutesnaujienos.lt\/lt\/wp-json\/wp\/v2\/tags?post=81182"}],"curies":[{"name":"wp","href":"https:\/\/api.w.org\/{rel}","templated":true}]}}