{"id":81216,"date":"2026-03-31T20:00:12","date_gmt":"2026-03-31T17:00:12","guid":{"rendered":"https:\/\/www.silutesnaujienos.lt\/lt\/?p=81216"},"modified":"2026-03-26T12:53:41","modified_gmt":"2026-03-26T10:53:41","slug":"vilkyciuose-startuoja-unikalus-projektas-parkas-ruosiamas-transformacijai-2","status":"publish","type":"post","link":"https:\/\/www.silutesnaujienos.lt\/lt\/vilkyciuose-startuoja-unikalus-projektas-parkas-ruosiamas-transformacijai-2\/","title":{"rendered":"Vilky\u010diuose startuoja unikalus projektas \u2013 parkas ruo\u0161iamas transformacijai"},"content":{"rendered":"<p><strong>Nuo stogastulpi\u0173 iki labirinto<\/strong><\/p>\n<p>Kovo 17-osios vakar\u0105 Vilky\u010di\u0173 pagrindin\u0117s mokyklos akt\u0173 sal\u0117 buvo pilnut\u0117l\u0117. \u012e i\u0161pl\u0117stin\u0119 seni\u016bnai\u010di\u0173 sueig\u0105, kuri\u0105 inicijavo Saug\u0173 seni\u016bnas Arvydas Stonis, panoro ateiti ne tik kviestieji: seni\u016bnai\u010diai, bendruomeni\u0173 pirmininkai ar j\u0173 atstovai, \u012fstaig\u0173 vadovai, savivaldyb\u0117s vadovai, bet ir kaimo gyventojai. Nutiko taip, kad seni\u016bnijos socialiniame tinkle, sueigos dienos ryt\u0105 teko vie\u0161ai dalintis informacija. To dar n\u0117ra buv\u0119, kad gyventojai taip aktyviai nor\u0117t\u0173 ir dalyvaut\u0173 organizuojamame susirinkime \u2013 seni\u016bnai\u010di\u0173 i\u0161pl\u0117stin\u0117je sueigoje! Vilky\u010diai nustebino.<\/p>\n<p>Sueigos darbotvark\u0117je buvo numatytas vienintelis klausimas: \u201eVilky\u010di\u0173 parko sutvarkymo projekto rengimas\u201c.<\/p>\n<p>Vilky\u010di\u0173 parko atgimimo istorija neatsiejama nuo iniciatoriaus, tautodailininko, balti\u0161kosios kult\u016bros puosel\u0117tojo Dariaus Viliaus ir vietos bendruomen\u0117s pastang\u0173. Viskas prasid\u0117jo 2012 m., kai pirmosiose talkose Darius su moksleiviais tvark\u0117 apleistus \u017eeldynus, gen\u0117jo \u0161akas. Ir taip kasmet.<\/p>\n<p>\u201eAugau gamtoje, o viduje visuomet \u201evir\u0117\u201c parko \u012fvaizdis. Norisi, kad \u0161i erdv\u0117 b\u016bt\u0173 pana\u0161i ne \u012f ganykl\u0105, o \u012f turting\u0105 botanin\u0119 erdv\u0119, prisodrint\u0105 skulpt\u016br\u0173 ir poilsio zon\u0173\u201c, \u2013 mintis garsiai i\u0161sak\u0117 projekto siela Darius Vilius, paruo\u0161\u0119s 20 minu\u010di\u0173 skaidri\u0173 pateikt\u012f su atliktais darbai ir ateities vizija.<\/p>\n<p>Per 12 met\u0173 parkas pasipild\u0117 \u012fsp\u016bdingais k\u016briniais: \u010dia vingiuoja trij\u0173 spirali\u0173 bei didysis 36 metr\u0173 skersmens labirintai, lankytojus pasitinka \u201eSaul\u0117s vartai\u201c, kalvi\u0161ka pav\u0117sin\u0117 ir etno \u017eenkl\u0173 \u201egirait\u0117\u201c. Kiekvienas objektas \u2013 nuo tiltelio tur\u0117kl\u0173 iki pernai sukurto did\u017eiojo vart\u0173 komplekso \u2013 atspindi viening\u0105 etno stili\u0173 ir pagarb\u0105 tautiniam paveldui.<\/p>\n<p><strong>Vizija: ap\u017evalgos bok\u0161tas ir plaukiojanti pav\u0117sin\u0117<\/strong><\/p>\n<p>Naujajame pl\u0117tros etape, jeigu jam bus lemta gimti, Vilky\u010di\u0173 parkas planuojamas kaip botanikos ir skulpt\u016br\u0173 parkas. Vizijoje \u2013 ne tik vietiniai med\u017eiai, bet ir ret\u0173 bei dekoratyvini\u0173 augal\u0173 kolekcijos, temin\u0117s zonos bei pa\u017eintiniai takai.<\/p>\n<p>Svarbus projekto akcentas \u2013 tarptautin\u0117 partneryst\u0117. Planuojama bendradarbiauti su kitais Europos botanikos sodais, kurie gal\u0117t\u0173 dovanoti ret\u0173 augal\u0173, taip integruojant Vilky\u010dius \u012f tarptautin\u012f tinkl\u0105. Ta\u010diau parkas i\u0161liks savas ir vietiniams: gyventojai bei r\u0117m\u0117jai kvie\u010diami dovanoti med\u017eius, kurie taps gyvais atminimo \u017eenklais su vardin\u0117mis lentel\u0117mis.<\/p>\n<p>Savivaldyb\u0117s vadovams ir bendruomenei pristatytas ambicingas ateities planas, kuriame numatyta: edukacij\u0173 erdv\u0117s (pastog\u0117 u\u017esi\u0117mimams, mediniai \u201esodai\u201c, klev\u0173 ratas su aik\u0161tele poilsiui); aktyvus poilsis: vaik\u0173 miestelis, s\u016bpyn\u0117s ir karstykl\u0117s bei unikalus bas\u0173 p\u0117d\u0173 takas; i\u0161skirtiniai objektai (ap\u017evalgos bok\u0161tas, hortenzij\u0173 al\u0117ja bei pl\u016bduriuojanti pav\u0117sin\u0117 tvenkinyje); simbolika: prie pagrindini\u0173 parko vart\u0173 ant akmens stovi vilko skulpt\u016bra, o ant \u0161alia esan\u010dio akmens, gal\u0117t\u0173 puikuotis bronzinis parko maketas.<\/p>\n<p><strong>Svarbu i\u0161saugoti prieinamum\u0105<\/strong><\/p>\n<p>Diskusij\u0173 metu kai kurie bendruomen\u0117s nariai i\u0161rei\u0161k\u0117 susir\u016bpinim\u0105 d\u0117l \u201ebotanikos parko\u201c statuso \u2013 baiminamasi grie\u017et\u0173 ribojim\u0173. Ta\u010diau savivaldyb\u0117s meras Vytautas Laurinaitis, dalyvav\u0119s sueigoje, nuramino, patikin\u0119s, kad pavadinimas netaps kli\u016btimi laisvam poilsiui, j\u012f galima bus derinti, kad parkas likt\u0173 atviras \u0161vent\u0117ms, dviratininkams, k\u016brybin\u0117ms dirbtuv\u0117ms, moksleivi\u0173 u\u017esi\u0117mimams ar pasivaik\u0161\u010diojimams su augintiniais.<\/p>\n<p>D. Vilius atviravo, kad visada viduje t\u016bnojo slaptas noras, kad m\u016bs\u0173 kra\u0161te b\u016bt\u0173 ka\u017ekokia erdv\u0117, prisodrinta skulpt\u016bromis, poilsio erdv\u0117mis, kaimo renginiams, garsinanti Pamario kra\u0161t\u0105 ir Ma\u017e\u0105j\u0105 Lietuv\u0105.<\/p>\n<p>Nors projekto dar n\u0117ra, parkas, kaip botanikos ir skulpt\u016br\u0173 erdv\u0117, jau daug met\u0173 s\u0117kmingai pl\u0117tojamas kartu su bendruomene, bendruomen\u0117s l\u0117\u0161omis it kita parama. Svarbiausias siekis, sudominti ir pritraukti jaun\u0105j\u0105 kart\u0105.<\/p>\n<p>\u201eTai gyvas procesas. Ka\u017ekas u\u017eauga, ka\u017ekas nud\u017ei\u016bsta \u2013 svarbu, kad visos tu\u0161\u010dios erdv\u0117s u\u017esipildyt\u0173 prasmingai, tai nesibaigiantis k\u016brybos procesas\u201c, \u2013 teigia projekto iniciatorius ir d\u017eiaugiasi, kad savivaldyb\u0117s vadovai i\u0161girdo vilkyti\u0161ki\u0173 nor\u0105 ir inicijavo \u017eingsn\u012f parko projekto rengimo link. \u201eDal\u012f projekto \u012fgyvendinsime mes, po m\u016bs\u0173 t\u0119s ka\u017ekas kiti\u201c.<\/p>\n<p>Niekas nepaneigs, kad kai \u0161vent\u0117s vyksta gamtoje, tai ir renginiai, ir k\u016bryba \u012f t\u0105 erdv\u0119 \u012fsikomponuoja visai kitaip, nei ant miesto grindinio. \u0160iemet \u012f savivaldyb\u0119 \u201eparsikrausto\u201c ir etno renginys \u201eM\u0117nuo juodaragis\u201c, pasirink\u0119s Vent\u0117s rago teritorij\u0105. Pamario \u2013 Ma\u017eosios Lietuvos kra\u0161tas yra unikalus ir turi nenugalim\u0105 traukos j\u0117g\u0105.<\/p>\n<p>D\u017eiugu, kad savivaldyb\u0117s vadovai i\u0161girdo, atsiliep\u0117 \u012f D. Viliaus ir bendruomen\u0117s iniciatyv\u0105. Jeigu savivaldyb\u0117 parengt\u0173 parko plano projekt\u0105, tai b\u016bt\u0173 did\u017eiausia dovana bendruomenei. Geografin\u0117 parko pad\u0117tis d\u0117kinga, prie pat kelio.<\/p>\n<p><strong>Meras ragina atsisakyti ambicij\u0173<\/strong><\/p>\n<p>Susirinkimas sukviestas Vilky\u010diuose d\u0117l to, kad gyventojai gal\u0117t\u0173 pagr\u012fstai argumentuoti savo nuomones ir pritart\u0173 vieningai parko plano projekto rengimo koncepcijai, kad vis\u0173, vienaip ar kitaip, poreikiai b\u016bt\u0173 patenkinti.<\/p>\n<p>\u201eRenginys \u201eVilko p\u0117domis\u201c Vilky\u010di\u0173 parke prasid\u0117jo nuo balti\u0161kos kult\u016bros. Tai unikali id\u0117ja ir vienintel\u0117 savivaldyb\u0117je vieta, kurioje tai organizuojama ir vyksta. Pynimai i\u0161 \u0161iaud\u0173, ornamentai, yra atgaivintos m\u016bs\u0173 senosios kult\u016bros dalis. D\u0117l to renginys \u012ftrauktas \u012f strategini\u0173 rengini\u0173 s\u0105ra\u0161\u0105. Tur\u0117tum\u0117te apsispr\u0119sti ar orientuojat\u0117s \u012f balti\u0161k\u0105 ar \u012f etnografin\u0119 kult\u016br\u0105? Kokia kryptimi eisite? Ar tai botanikos sodas su rekreacin\u0117mis zonomis, ar pa\u017eintin\u0117s zonos? Projektuotojai turi \u017einoti, kokia parko vizija\u201c, \u2013 apibendrino meras.<\/p>\n<p>Savivaldyb\u0117s vadovai \u0161i\u0105 id\u0117j\u0105 palaiko, reikia tik bendruomen\u0117s sutarimo. Meras V. Laurinaitis savo samprotavimus baig\u0117 pasi\u016blymu sudaryti darbin\u0119 grup\u0119 i\u0161 vis\u0173 Vilky\u010diuose veikian\u010di\u0173 bendruomeni\u0173 (\u0161iuo metu j\u0173 net trys), kuri pateiks konkre\u010dias projektavimo u\u017eduotis techniniam parko projekto rengimui. Seni\u016bnas Arvydas Stonis pasi\u016bl\u0117 \u012f \u0161i\u0105 grup\u0119 \u012ftraukti ir seni\u016bnijos specialist\u0105, vilkyti\u0161k\u012f K\u0119stut\u012f Sadausk\u0105, kaip savivaldyb\u0117s administracijos atstov\u0105. Seni\u016bnija laukia bendruomeni\u0173 pateikt\u0173 kandidat\u0173, darbinei grupei sudaryti, kuri suformuluos tikslias u\u017eduotis projektuotojams.<\/p>\n<p>Vilky\u010di\u0173 parkas pretenduoja tapti ne tik seni\u016bnijos, bet ir viso Pamario kra\u0161to puo\u0161mena, kurioje balti\u0161kos prigimtin\u0117s kult\u016bros dvasia der\u0117s su \u0161iuolaikiniais rekreacijos poreikiais.<\/p>\n","protected":false},"excerpt":{"rendered":"<p>Nuo stogastulpi\u0173 iki labirinto Kovo 17-osios vakar\u0105 Vilky\u010di\u0173 pagrindin\u0117s mokyklos akt\u0173 sal\u0117 buvo pilnut\u0117l\u0117. \u012e i\u0161pl\u0117stin\u0119 seni\u016bnai\u010di\u0173 sueig\u0105, kuri\u0105 inicijavo Saug\u0173 seni\u016bnas Arvydas Stonis, panoro ateiti ne tik kviestieji: seni\u016bnai\u010diai, bendruomeni\u0173 pirmininkai ar j\u0173 atstovai, \u012fstaig\u0173 vadovai, savivaldyb\u0117s vadovai, bet ir kaimo gyventojai. Nutiko taip, kad seni\u016bnijos socialiniame tinkle, sueigos dienos ryt\u0105 teko vie\u0161ai dalintis [&hellip;]<\/p>\n","protected":false},"author":2,"featured_media":81217,"comment_status":"open","ping_status":"closed","sticky":false,"template":"","format":"standard","meta":{"footnotes":""},"categories":[2],"tags":[47],"class_list":{"0":"post-81216","1":"post","2":"type-post","3":"status-publish","4":"format-standard","5":"has-post-thumbnail","7":"category-aktualijos","8":"tag-pirmasis"},"yoast_head":"<!-- This site is optimized with the Yoast SEO plugin v27.4 - https:\/\/yoast.com\/product\/yoast-seo-wordpress\/ -->\n<title>Vilky\u010diuose startuoja unikalus projektas \u2013 parkas ruo\u0161iamas transformacijai - \u0160ilut\u0117s naujienos<\/title>\n<meta name=\"robots\" content=\"index, follow, max-snippet:-1, max-image-preview:large, max-video-preview:-1\" \/>\n<link rel=\"canonical\" href=\"https:\/\/www.silutesnaujienos.lt\/lt\/vilkyciuose-startuoja-unikalus-projektas-parkas-ruosiamas-transformacijai-2\/\" \/>\n<meta property=\"og:locale\" content=\"lt_LT\" \/>\n<meta property=\"og:type\" content=\"article\" \/>\n<meta property=\"og:title\" content=\"Vilky\u010diuose startuoja unikalus projektas \u2013 parkas ruo\u0161iamas transformacijai - \u0160ilut\u0117s naujienos\" \/>\n<meta property=\"og:description\" content=\"Nuo stogastulpi\u0173 iki labirinto Kovo 17-osios vakar\u0105 Vilky\u010di\u0173 pagrindin\u0117s mokyklos akt\u0173 sal\u0117 buvo pilnut\u0117l\u0117. \u012e i\u0161pl\u0117stin\u0119 seni\u016bnai\u010di\u0173 sueig\u0105, kuri\u0105 inicijavo Saug\u0173 seni\u016bnas Arvydas Stonis, panoro ateiti ne tik kviestieji: seni\u016bnai\u010diai, bendruomeni\u0173 pirmininkai ar j\u0173 atstovai, \u012fstaig\u0173 vadovai, savivaldyb\u0117s vadovai, bet ir kaimo gyventojai. Nutiko taip, kad seni\u016bnijos socialiniame tinkle, sueigos dienos ryt\u0105 teko vie\u0161ai dalintis [&hellip;]\" \/>\n<meta property=\"og:url\" content=\"https:\/\/www.silutesnaujienos.lt\/lt\/vilkyciuose-startuoja-unikalus-projektas-parkas-ruosiamas-transformacijai-2\/\" \/>\n<meta property=\"og:site_name\" content=\"\u0160ilut\u0117s naujienos\" \/>\n<meta property=\"article:publisher\" content=\"https:\/\/www.facebook.com\/silutes.naujienos\/\" \/>\n<meta property=\"article:published_time\" content=\"2026-03-31T17:00:12+00:00\" \/>\n<meta property=\"og:image\" content=\"https:\/\/www.silutesnaujienos.lt\/lt\/wp-content\/uploads\/2026\/03\/Vilkyciu-parkas-1-scaled.jpg\" \/>\n\t<meta property=\"og:image:width\" content=\"2560\" \/>\n\t<meta property=\"og:image:height\" content=\"1928\" \/>\n\t<meta property=\"og:image:type\" content=\"image\/jpeg\" \/>\n<meta name=\"author\" content=\"\u0160ilut\u0117s naujien\u0173 inf.\" \/>\n<meta name=\"twitter:card\" content=\"summary_large_image\" \/>\n<meta name=\"twitter:label1\" content=\"Written by\" \/>\n\t<meta name=\"twitter:data1\" content=\"\u0160ilut\u0117s naujien\u0173 inf.\" \/>\n\t<meta name=\"twitter:label2\" content=\"Est. reading time\" \/>\n\t<meta name=\"twitter:data2\" content=\"5 minut\u0117s\" \/>\n<script type=\"application\/ld+json\" class=\"yoast-schema-graph\">{\"@context\":\"https:\\\/\\\/schema.org\",\"@graph\":[{\"@type\":\"Article\",\"@id\":\"https:\\\/\\\/www.silutesnaujienos.lt\\\/lt\\\/vilkyciuose-startuoja-unikalus-projektas-parkas-ruosiamas-transformacijai-2\\\/#article\",\"isPartOf\":{\"@id\":\"https:\\\/\\\/www.silutesnaujienos.lt\\\/lt\\\/vilkyciuose-startuoja-unikalus-projektas-parkas-ruosiamas-transformacijai-2\\\/\"},\"author\":{\"name\":\"\u0160ilut\u0117s naujien\u0173 inf.\",\"@id\":\"https:\\\/\\\/www.silutesnaujienos.lt\\\/lt\\\/#\\\/schema\\\/person\\\/976440ef837444400af3c77c19c61454\"},\"headline\":\"Vilky\u010diuose startuoja unikalus projektas \u2013 parkas ruo\u0161iamas transformacijai\",\"datePublished\":\"2026-03-31T17:00:12+00:00\",\"mainEntityOfPage\":{\"@id\":\"https:\\\/\\\/www.silutesnaujienos.lt\\\/lt\\\/vilkyciuose-startuoja-unikalus-projektas-parkas-ruosiamas-transformacijai-2\\\/\"},\"wordCount\":969,\"commentCount\":0,\"publisher\":{\"@id\":\"https:\\\/\\\/www.silutesnaujienos.lt\\\/lt\\\/#organization\"},\"image\":{\"@id\":\"https:\\\/\\\/www.silutesnaujienos.lt\\\/lt\\\/vilkyciuose-startuoja-unikalus-projektas-parkas-ruosiamas-transformacijai-2\\\/#primaryimage\"},\"thumbnailUrl\":\"https:\\\/\\\/www.silutesnaujienos.lt\\\/lt\\\/wp-content\\\/uploads\\\/2026\\\/03\\\/Vilkyciu-parkas-1-scaled.jpg\",\"keywords\":[\"Pirmasis\"],\"articleSection\":[\"Aktualijos\"],\"inLanguage\":\"lt-LT\",\"potentialAction\":[{\"@type\":\"CommentAction\",\"name\":\"Comment\",\"target\":[\"https:\\\/\\\/www.silutesnaujienos.lt\\\/lt\\\/vilkyciuose-startuoja-unikalus-projektas-parkas-ruosiamas-transformacijai-2\\\/#respond\"]}]},{\"@type\":\"WebPage\",\"@id\":\"https:\\\/\\\/www.silutesnaujienos.lt\\\/lt\\\/vilkyciuose-startuoja-unikalus-projektas-parkas-ruosiamas-transformacijai-2\\\/\",\"url\":\"https:\\\/\\\/www.silutesnaujienos.lt\\\/lt\\\/vilkyciuose-startuoja-unikalus-projektas-parkas-ruosiamas-transformacijai-2\\\/\",\"name\":\"Vilky\u010diuose startuoja unikalus projektas \u2013 parkas ruo\u0161iamas transformacijai - \u0160ilut\u0117s naujienos\",\"isPartOf\":{\"@id\":\"https:\\\/\\\/www.silutesnaujienos.lt\\\/lt\\\/#website\"},\"primaryImageOfPage\":{\"@id\":\"https:\\\/\\\/www.silutesnaujienos.lt\\\/lt\\\/vilkyciuose-startuoja-unikalus-projektas-parkas-ruosiamas-transformacijai-2\\\/#primaryimage\"},\"image\":{\"@id\":\"https:\\\/\\\/www.silutesnaujienos.lt\\\/lt\\\/vilkyciuose-startuoja-unikalus-projektas-parkas-ruosiamas-transformacijai-2\\\/#primaryimage\"},\"thumbnailUrl\":\"https:\\\/\\\/www.silutesnaujienos.lt\\\/lt\\\/wp-content\\\/uploads\\\/2026\\\/03\\\/Vilkyciu-parkas-1-scaled.jpg\",\"datePublished\":\"2026-03-31T17:00:12+00:00\",\"breadcrumb\":{\"@id\":\"https:\\\/\\\/www.silutesnaujienos.lt\\\/lt\\\/vilkyciuose-startuoja-unikalus-projektas-parkas-ruosiamas-transformacijai-2\\\/#breadcrumb\"},\"inLanguage\":\"lt-LT\",\"potentialAction\":[{\"@type\":\"ReadAction\",\"target\":[\"https:\\\/\\\/www.silutesnaujienos.lt\\\/lt\\\/vilkyciuose-startuoja-unikalus-projektas-parkas-ruosiamas-transformacijai-2\\\/\"]}]},{\"@type\":\"ImageObject\",\"inLanguage\":\"lt-LT\",\"@id\":\"https:\\\/\\\/www.silutesnaujienos.lt\\\/lt\\\/vilkyciuose-startuoja-unikalus-projektas-parkas-ruosiamas-transformacijai-2\\\/#primaryimage\",\"url\":\"https:\\\/\\\/www.silutesnaujienos.lt\\\/lt\\\/wp-content\\\/uploads\\\/2026\\\/03\\\/Vilkyciu-parkas-1-scaled.jpg\",\"contentUrl\":\"https:\\\/\\\/www.silutesnaujienos.lt\\\/lt\\\/wp-content\\\/uploads\\\/2026\\\/03\\\/Vilkyciu-parkas-1-scaled.jpg\",\"width\":2560,\"height\":1928},{\"@type\":\"BreadcrumbList\",\"@id\":\"https:\\\/\\\/www.silutesnaujienos.lt\\\/lt\\\/vilkyciuose-startuoja-unikalus-projektas-parkas-ruosiamas-transformacijai-2\\\/#breadcrumb\",\"itemListElement\":[{\"@type\":\"ListItem\",\"position\":1,\"name\":\"Home\",\"item\":\"https:\\\/\\\/www.silutesnaujienos.lt\\\/lt\\\/\"},{\"@type\":\"ListItem\",\"position\":2,\"name\":\"Vilky\u010diuose startuoja unikalus projektas \u2013 parkas ruo\u0161iamas transformacijai\"}]},{\"@type\":\"WebSite\",\"@id\":\"https:\\\/\\\/www.silutesnaujienos.lt\\\/lt\\\/#website\",\"url\":\"https:\\\/\\\/www.silutesnaujienos.lt\\\/lt\\\/\",\"name\":\"\u0160ilut\u0117s naujienos\",\"description\":\"B\u016bk ant naujien\u0173 bangos!\",\"publisher\":{\"@id\":\"https:\\\/\\\/www.silutesnaujienos.lt\\\/lt\\\/#organization\"},\"potentialAction\":[{\"@type\":\"SearchAction\",\"target\":{\"@type\":\"EntryPoint\",\"urlTemplate\":\"https:\\\/\\\/www.silutesnaujienos.lt\\\/lt\\\/?s={search_term_string}\"},\"query-input\":{\"@type\":\"PropertyValueSpecification\",\"valueRequired\":true,\"valueName\":\"search_term_string\"}}],\"inLanguage\":\"lt-LT\"},{\"@type\":\"Organization\",\"@id\":\"https:\\\/\\\/www.silutesnaujienos.lt\\\/lt\\\/#organization\",\"name\":\"\u0160ilut\u0117s naujienos\",\"url\":\"https:\\\/\\\/www.silutesnaujienos.lt\\\/lt\\\/\",\"logo\":{\"@type\":\"ImageObject\",\"inLanguage\":\"lt-LT\",\"@id\":\"https:\\\/\\\/www.silutesnaujienos.lt\\\/lt\\\/#\\\/schema\\\/logo\\\/image\\\/\",\"url\":\"https:\\\/\\\/www.silutesnaujienos.lt\\\/lt\\\/wp-content\\\/uploads\\\/2020\\\/06\\\/FB_MAIN.jpg\",\"contentUrl\":\"https:\\\/\\\/www.silutesnaujienos.lt\\\/lt\\\/wp-content\\\/uploads\\\/2020\\\/06\\\/FB_MAIN.jpg\",\"width\":1700,\"height\":956,\"caption\":\"\u0160ilut\u0117s naujienos\"},\"image\":{\"@id\":\"https:\\\/\\\/www.silutesnaujienos.lt\\\/lt\\\/#\\\/schema\\\/logo\\\/image\\\/\"},\"sameAs\":[\"https:\\\/\\\/www.facebook.com\\\/silutes.naujienos\\\/\",\"https:\\\/\\\/www.youtube.com\\\/channel\\\/UCxW-cgrJDt8GxIMxSTAfJZg\"]},{\"@type\":\"Person\",\"@id\":\"https:\\\/\\\/www.silutesnaujienos.lt\\\/lt\\\/#\\\/schema\\\/person\\\/976440ef837444400af3c77c19c61454\",\"name\":\"\u0160ilut\u0117s naujien\u0173 inf.\",\"image\":{\"@type\":\"ImageObject\",\"inLanguage\":\"lt-LT\",\"@id\":\"https:\\\/\\\/www.silutesnaujienos.lt\\\/lt\\\/wp-content\\\/uploads\\\/2020\\\/06\\\/favicon.png\",\"url\":\"https:\\\/\\\/www.silutesnaujienos.lt\\\/lt\\\/wp-content\\\/uploads\\\/2020\\\/06\\\/favicon.png\",\"contentUrl\":\"https:\\\/\\\/www.silutesnaujienos.lt\\\/lt\\\/wp-content\\\/uploads\\\/2020\\\/06\\\/favicon.png\",\"caption\":\"\u0160ilut\u0117s naujien\u0173 inf.\"},\"url\":\"https:\\\/\\\/www.silutesnaujienos.lt\\\/lt\\\/author\\\/vadas\\\/\"}]}<\/script>\n<!-- \/ Yoast SEO plugin. -->","yoast_head_json":{"title":"Vilky\u010diuose startuoja unikalus projektas \u2013 parkas ruo\u0161iamas transformacijai - \u0160ilut\u0117s naujienos","robots":{"index":"index","follow":"follow","max-snippet":"max-snippet:-1","max-image-preview":"max-image-preview:large","max-video-preview":"max-video-preview:-1"},"canonical":"https:\/\/www.silutesnaujienos.lt\/lt\/vilkyciuose-startuoja-unikalus-projektas-parkas-ruosiamas-transformacijai-2\/","og_locale":"lt_LT","og_type":"article","og_title":"Vilky\u010diuose startuoja unikalus projektas \u2013 parkas ruo\u0161iamas transformacijai - \u0160ilut\u0117s naujienos","og_description":"Nuo stogastulpi\u0173 iki labirinto Kovo 17-osios vakar\u0105 Vilky\u010di\u0173 pagrindin\u0117s mokyklos akt\u0173 sal\u0117 buvo pilnut\u0117l\u0117. \u012e i\u0161pl\u0117stin\u0119 seni\u016bnai\u010di\u0173 sueig\u0105, kuri\u0105 inicijavo Saug\u0173 seni\u016bnas Arvydas Stonis, panoro ateiti ne tik kviestieji: seni\u016bnai\u010diai, bendruomeni\u0173 pirmininkai ar j\u0173 atstovai, \u012fstaig\u0173 vadovai, savivaldyb\u0117s vadovai, bet ir kaimo gyventojai. Nutiko taip, kad seni\u016bnijos socialiniame tinkle, sueigos dienos ryt\u0105 teko vie\u0161ai dalintis [&hellip;]","og_url":"https:\/\/www.silutesnaujienos.lt\/lt\/vilkyciuose-startuoja-unikalus-projektas-parkas-ruosiamas-transformacijai-2\/","og_site_name":"\u0160ilut\u0117s naujienos","article_publisher":"https:\/\/www.facebook.com\/silutes.naujienos\/","article_published_time":"2026-03-31T17:00:12+00:00","og_image":[{"width":2560,"height":1928,"url":"https:\/\/www.silutesnaujienos.lt\/lt\/wp-content\/uploads\/2026\/03\/Vilkyciu-parkas-1-scaled.jpg","type":"image\/jpeg"}],"author":"\u0160ilut\u0117s naujien\u0173 inf.","twitter_card":"summary_large_image","twitter_misc":{"Written by":"\u0160ilut\u0117s naujien\u0173 inf.","Est. reading time":"5 minut\u0117s"},"schema":{"@context":"https:\/\/schema.org","@graph":[{"@type":"Article","@id":"https:\/\/www.silutesnaujienos.lt\/lt\/vilkyciuose-startuoja-unikalus-projektas-parkas-ruosiamas-transformacijai-2\/#article","isPartOf":{"@id":"https:\/\/www.silutesnaujienos.lt\/lt\/vilkyciuose-startuoja-unikalus-projektas-parkas-ruosiamas-transformacijai-2\/"},"author":{"name":"\u0160ilut\u0117s naujien\u0173 inf.","@id":"https:\/\/www.silutesnaujienos.lt\/lt\/#\/schema\/person\/976440ef837444400af3c77c19c61454"},"headline":"Vilky\u010diuose startuoja unikalus projektas \u2013 parkas ruo\u0161iamas transformacijai","datePublished":"2026-03-31T17:00:12+00:00","mainEntityOfPage":{"@id":"https:\/\/www.silutesnaujienos.lt\/lt\/vilkyciuose-startuoja-unikalus-projektas-parkas-ruosiamas-transformacijai-2\/"},"wordCount":969,"commentCount":0,"publisher":{"@id":"https:\/\/www.silutesnaujienos.lt\/lt\/#organization"},"image":{"@id":"https:\/\/www.silutesnaujienos.lt\/lt\/vilkyciuose-startuoja-unikalus-projektas-parkas-ruosiamas-transformacijai-2\/#primaryimage"},"thumbnailUrl":"https:\/\/www.silutesnaujienos.lt\/lt\/wp-content\/uploads\/2026\/03\/Vilkyciu-parkas-1-scaled.jpg","keywords":["Pirmasis"],"articleSection":["Aktualijos"],"inLanguage":"lt-LT","potentialAction":[{"@type":"CommentAction","name":"Comment","target":["https:\/\/www.silutesnaujienos.lt\/lt\/vilkyciuose-startuoja-unikalus-projektas-parkas-ruosiamas-transformacijai-2\/#respond"]}]},{"@type":"WebPage","@id":"https:\/\/www.silutesnaujienos.lt\/lt\/vilkyciuose-startuoja-unikalus-projektas-parkas-ruosiamas-transformacijai-2\/","url":"https:\/\/www.silutesnaujienos.lt\/lt\/vilkyciuose-startuoja-unikalus-projektas-parkas-ruosiamas-transformacijai-2\/","name":"Vilky\u010diuose startuoja unikalus projektas \u2013 parkas ruo\u0161iamas transformacijai - \u0160ilut\u0117s naujienos","isPartOf":{"@id":"https:\/\/www.silutesnaujienos.lt\/lt\/#website"},"primaryImageOfPage":{"@id":"https:\/\/www.silutesnaujienos.lt\/lt\/vilkyciuose-startuoja-unikalus-projektas-parkas-ruosiamas-transformacijai-2\/#primaryimage"},"image":{"@id":"https:\/\/www.silutesnaujienos.lt\/lt\/vilkyciuose-startuoja-unikalus-projektas-parkas-ruosiamas-transformacijai-2\/#primaryimage"},"thumbnailUrl":"https:\/\/www.silutesnaujienos.lt\/lt\/wp-content\/uploads\/2026\/03\/Vilkyciu-parkas-1-scaled.jpg","datePublished":"2026-03-31T17:00:12+00:00","breadcrumb":{"@id":"https:\/\/www.silutesnaujienos.lt\/lt\/vilkyciuose-startuoja-unikalus-projektas-parkas-ruosiamas-transformacijai-2\/#breadcrumb"},"inLanguage":"lt-LT","potentialAction":[{"@type":"ReadAction","target":["https:\/\/www.silutesnaujienos.lt\/lt\/vilkyciuose-startuoja-unikalus-projektas-parkas-ruosiamas-transformacijai-2\/"]}]},{"@type":"ImageObject","inLanguage":"lt-LT","@id":"https:\/\/www.silutesnaujienos.lt\/lt\/vilkyciuose-startuoja-unikalus-projektas-parkas-ruosiamas-transformacijai-2\/#primaryimage","url":"https:\/\/www.silutesnaujienos.lt\/lt\/wp-content\/uploads\/2026\/03\/Vilkyciu-parkas-1-scaled.jpg","contentUrl":"https:\/\/www.silutesnaujienos.lt\/lt\/wp-content\/uploads\/2026\/03\/Vilkyciu-parkas-1-scaled.jpg","width":2560,"height":1928},{"@type":"BreadcrumbList","@id":"https:\/\/www.silutesnaujienos.lt\/lt\/vilkyciuose-startuoja-unikalus-projektas-parkas-ruosiamas-transformacijai-2\/#breadcrumb","itemListElement":[{"@type":"ListItem","position":1,"name":"Home","item":"https:\/\/www.silutesnaujienos.lt\/lt\/"},{"@type":"ListItem","position":2,"name":"Vilky\u010diuose startuoja unikalus projektas \u2013 parkas ruo\u0161iamas transformacijai"}]},{"@type":"WebSite","@id":"https:\/\/www.silutesnaujienos.lt\/lt\/#website","url":"https:\/\/www.silutesnaujienos.lt\/lt\/","name":"\u0160ilut\u0117s naujienos","description":"B\u016bk ant naujien\u0173 bangos!","publisher":{"@id":"https:\/\/www.silutesnaujienos.lt\/lt\/#organization"},"potentialAction":[{"@type":"SearchAction","target":{"@type":"EntryPoint","urlTemplate":"https:\/\/www.silutesnaujienos.lt\/lt\/?s={search_term_string}"},"query-input":{"@type":"PropertyValueSpecification","valueRequired":true,"valueName":"search_term_string"}}],"inLanguage":"lt-LT"},{"@type":"Organization","@id":"https:\/\/www.silutesnaujienos.lt\/lt\/#organization","name":"\u0160ilut\u0117s naujienos","url":"https:\/\/www.silutesnaujienos.lt\/lt\/","logo":{"@type":"ImageObject","inLanguage":"lt-LT","@id":"https:\/\/www.silutesnaujienos.lt\/lt\/#\/schema\/logo\/image\/","url":"https:\/\/www.silutesnaujienos.lt\/lt\/wp-content\/uploads\/2020\/06\/FB_MAIN.jpg","contentUrl":"https:\/\/www.silutesnaujienos.lt\/lt\/wp-content\/uploads\/2020\/06\/FB_MAIN.jpg","width":1700,"height":956,"caption":"\u0160ilut\u0117s naujienos"},"image":{"@id":"https:\/\/www.silutesnaujienos.lt\/lt\/#\/schema\/logo\/image\/"},"sameAs":["https:\/\/www.facebook.com\/silutes.naujienos\/","https:\/\/www.youtube.com\/channel\/UCxW-cgrJDt8GxIMxSTAfJZg"]},{"@type":"Person","@id":"https:\/\/www.silutesnaujienos.lt\/lt\/#\/schema\/person\/976440ef837444400af3c77c19c61454","name":"\u0160ilut\u0117s naujien\u0173 inf.","image":{"@type":"ImageObject","inLanguage":"lt-LT","@id":"https:\/\/www.silutesnaujienos.lt\/lt\/wp-content\/uploads\/2020\/06\/favicon.png","url":"https:\/\/www.silutesnaujienos.lt\/lt\/wp-content\/uploads\/2020\/06\/favicon.png","contentUrl":"https:\/\/www.silutesnaujienos.lt\/lt\/wp-content\/uploads\/2020\/06\/favicon.png","caption":"\u0160ilut\u0117s naujien\u0173 inf."},"url":"https:\/\/www.silutesnaujienos.lt\/lt\/author\/vadas\/"}]}},"publishpress_future_workflow_manual_trigger":{"enabledWorkflows":[]},"amp_enabled":true,"_links":{"self":[{"href":"https:\/\/www.silutesnaujienos.lt\/lt\/wp-json\/wp\/v2\/posts\/81216","targetHints":{"allow":["GET"]}}],"collection":[{"href":"https:\/\/www.silutesnaujienos.lt\/lt\/wp-json\/wp\/v2\/posts"}],"about":[{"href":"https:\/\/www.silutesnaujienos.lt\/lt\/wp-json\/wp\/v2\/types\/post"}],"author":[{"embeddable":true,"href":"https:\/\/www.silutesnaujienos.lt\/lt\/wp-json\/wp\/v2\/users\/2"}],"replies":[{"embeddable":true,"href":"https:\/\/www.silutesnaujienos.lt\/lt\/wp-json\/wp\/v2\/comments?post=81216"}],"version-history":[{"count":1,"href":"https:\/\/www.silutesnaujienos.lt\/lt\/wp-json\/wp\/v2\/posts\/81216\/revisions"}],"predecessor-version":[{"id":81218,"href":"https:\/\/www.silutesnaujienos.lt\/lt\/wp-json\/wp\/v2\/posts\/81216\/revisions\/81218"}],"wp:featuredmedia":[{"embeddable":true,"href":"https:\/\/www.silutesnaujienos.lt\/lt\/wp-json\/wp\/v2\/media\/81217"}],"wp:attachment":[{"href":"https:\/\/www.silutesnaujienos.lt\/lt\/wp-json\/wp\/v2\/media?parent=81216"}],"wp:term":[{"taxonomy":"category","embeddable":true,"href":"https:\/\/www.silutesnaujienos.lt\/lt\/wp-json\/wp\/v2\/categories?post=81216"},{"taxonomy":"post_tag","embeddable":true,"href":"https:\/\/www.silutesnaujienos.lt\/lt\/wp-json\/wp\/v2\/tags?post=81216"}],"curies":[{"name":"wp","href":"https:\/\/api.w.org\/{rel}","templated":true}]}}