{"id":81219,"date":"2026-03-26T13:35:11","date_gmt":"2026-03-26T11:35:11","guid":{"rendered":"https:\/\/www.silutesnaujienos.lt\/lt\/?p=81219"},"modified":"2026-03-26T13:36:37","modified_gmt":"2026-03-26T11:36:37","slug":"lietuva-tampa-pavyzdziu-toliau-pleciamas-pirmasis-valstybes-duomenu-ezeras","status":"publish","type":"post","link":"https:\/\/www.silutesnaujienos.lt\/lt\/lietuva-tampa-pavyzdziu-toliau-pleciamas-pirmasis-valstybes-duomenu-ezeras\/","title":{"rendered":"Lietuva tampa pavyzd\u017eiu: toliau ple\u010diamas pirmasis Valstyb\u0117s duomen\u0173 e\u017eeras"},"content":{"rendered":"<p>&nbsp;<\/p>\n<p>VDA generalinio direktoriaus pavaduotoja Gita\u00a0Litersk\u0117\u00a0teigia, kad\u00a0dar COVID-19 pandemijos metu susiaktualizav\u0119s poreikis tur\u0117ti susistemintus sveikatos\u00a0apsaugos\u00a0sektoriaus duomenis\u00a0tapo paskata\u00a0\u012f vien\u0105 platform\u0105 surinkti\u00a0\u012fvairi\u0173 \u0161alies institucij\u0173 iki \u0161iol decentralizuotai kaupt\u0105 informacij\u0105.<\/p>\n<p>\u201e\u0160is projektas buvo vykdomas Ekonomikos gaivinimo ir atsparumo didinimo priemon\u0117s (RRF) l\u0117\u0161omis, ta\u010diau joms pasibaigus, projektas t\u0119sis. Duomenys auga, j\u0173 svarba did\u0117ja. Galb\u016bt veikla nebus tokia intensyvi, bet t\u0119sis toliau\u201c, \u2013\u00a0Eltai\u00a0sak\u0117 G.\u00a0Litersk\u0117.<\/p>\n<p>Pa\u0161nekov\u0117 pastebi, kad projekto id\u0117ja kilo dar COVID-19 pandemijos metu, kuomet reik\u0117jo priimti centralizuotus sprendimus ir paai\u0161k\u0117jo, kad duomenys decentralizuotai saugomi skirtingose sistemose.<\/p>\n<p>\u201eValstyb\u0117s suprato, kad neturi priemoni\u0173, kaip suvaldyti duomenis. Nors mes turime puikius Registr\u0173 centro, mokes\u010di\u0173 inspekcijos ir kitus duomenis, tuomet reik\u0117jo labai konkre\u010di\u0173 dalyk\u0173 \u2013 ligonini\u0173 informacijos, lov\u0173 skai\u010diaus, ligoni\u0173 skai\u010diaus, diagnozi\u0173 \u2013 duomen\u0173, kuri\u0173 staiga pamat\u0117me, kad n\u0117ra. Tiksliau jie yra, bet yra ka\u017ekur, atskirose institucijose\u201c, \u2013 pasakojo G.\u00a0Litersk\u0117.<\/p>\n<p>Jai antrino projekto vadovas Laurynas\u00a0Trunc\u0117. Anot jo, prad\u0117jus pl\u0117toti duomen\u0173 e\u017eero id\u0117j\u0105 teko ne tik rinkti duomenis, bet ir keisti institucij\u0173 po\u017ei\u016br\u012f \u012f jas.<\/p>\n<p>\u201eU\u017e duomenis valstyb\u0117 tiesiogiai arba netiesiogiai jau yra sumok\u0117jusi, ta\u010diau jie i\u0161m\u0117tyti skirtingose institucijose. Tam, kad padarytume sprendimus valstyb\u0117s lygmeniu, miesto lygmeniu, tuos duomenis reik\u0117jo susirinkti i\u0161 pa\u010di\u0173 \u012fvairiausi\u0173 sistem\u0173, lenteli\u0173, stulpeli\u0173 ir t.t. Visos naudojamos sistemos buvo skirtingos, duomenys traktuojami skirtingai. Did\u017eiausias darbas buvo susirinkti kuo daugiau duomen\u0173 i\u0161 skirting\u0173 institucij\u0173. \u0160iuo metu\u00a0j\u0173 turime vir\u0161 600\u201c, \u2013 atskleid\u0117 L.\u00a0Trunc\u0117.<\/p>\n<p><strong>Prioritetas duomen\u0173 saugumui\u00a0<\/strong><\/p>\n<p>Ne k\u0105 ma\u017eiau tokio masto projekte svarbus duomen\u0173 saugumas. Pa\u0161nekovai pripa\u017e\u012fsta, jog klausim\u0173 ir spekuliacij\u0173 kilo \u012fvairi\u0173, ta\u010diau patikina, kad duomenys apie konkre\u010dius asmenis n\u0117ra renkami, o visa turima informacija koduojama.<\/p>\n<p>\u201eNuo pat prad\u017ei\u0173 saugumas yra projekto prioritetas. Vis\u0173 pirma,\u00a0duomenys, ypa\u010d jautr\u016bs, yra \u0161ifruojami. Analitikai, kurie apsira\u0161in\u0117ja juos, mato tik simboli\u0173 kratin\u012f, kuris negali b\u016bti at\u0161ifruotas atgal, bet tuo pa\u010diu jis \u012fgalina \u017emones susieti. Kitaip sakant, jeigu asmuo yra u\u017e\u0161ifruojamas pasirinktu simboliu, kitoje sistemoje tas pats asmuo bus \u0161ifruojamas tapa\u010diai. Mes \u017einosime, kad asmuo susij\u0119s su abiem institucijomis, bet ne\u017einosime, kas jis toks\u201c, \u2013 papasakojo L.\u00a0Trunc\u0117.<\/p>\n<p>Savo ruo\u017etu G.\u00a0Likersk\u0117\u00a0priduria, kad didel\u012f kiek\u012f duomen\u0173 sukaupus vienoje platformoje b\u016btina apsaugoti ne tik duomenis, bet\u00a0ir\u00a0asmenis.<\/p>\n<p>\u201eTechnologin\u0117s galimyb\u0117s yra mil\u017eini\u0161kos, kuriamas \u012frankis labai galingas, tad pa\u010dioje projekto prad\u017eioje teis\u0117s aktu yra apibr\u0117\u017eta, kad duomenys negali b\u016bti panaudoti prie\u0161 asmen\u012f. Tai rei\u0161kia,\u00a0priimti \u017emogaus at\u017evilgiu sprendimo remiantis m\u016bs\u0173 e\u017eero duomenimis\u00a0nebus galima, ta\u010diau priimti sprendimus, kurie lie\u010dia vis\u0173 \u017emoni\u0173 gerov\u0119 \u2013 taip\u201c, \u2013 akcentavo pa\u0161nekov\u0117.<\/p>\n<p>Kadangi duomenys buvo renkami pla\u010diai, L.\u00a0Trunc\u0117\u00a0prisimena ir kuriozi\u0161k\u0173 situacij\u0173, kuomet savivaldyb\u0117se rasta \u012fmoni\u0173, kurios visus duomenis laiko popieriniuose segtuvuose ar neapsaugotuose \u201eExcel\u201c programos dokumentuose.<\/p>\n<p>\u201e\u010cia v\u0117lgi \u2013 saugumo klausimas. Tokio tipo duomenis gauti ir buvo sunkiausia. Nors nor\u0117jome surinkti kuo daugiau duomen\u0173, ta\u010diau popierini\u0173 segtuv\u0173\u00a0skaitmenizacijos, deja, nedar\u0117me. Visgi \u0161iuo atveju steng\u0117m\u0117s edukuoti institucijas, parodydami, kad jie gali duomenis susitvarkyti, pra\u0161yti tam finansavimo\u201c, \u2013 prisimin\u0117 L.\u00a0Trunc\u0117.<\/p>\n<p><strong>Nauda savivaldai, verslui, mokslui\u00a0<\/strong><\/p>\n<p>Projekto vadovas pasteb\u0117jo, kad Valstyb\u0117s duomen\u0173 e\u017eere sukaupti duomenys bus standartizuoti, tod\u0117l jais\u00a0patogiai naudotis gal\u0117s visi.<\/p>\n<p>\u201eVienas sud\u0117tingesni\u0173 projekt\u0173 etap\u0173 \u2013 duomen\u0173 suvienodinimas. Skirtingose sistemose jie apra\u0161omi skirtingai. Pavyzd\u017eiui, viena sistema \u017emog\u0173 \u012fvardina asmeniu, kitoje vairuotoju, tre\u010dioje pacientu, bet i\u0161 esm\u0117s tai mes kalbame apie t\u0105 pat\u012f \u2013 asmen\u012f, kuris turi asmens kod\u0105. Susivokti tokiuose duomenyse reikia labai daug analitini\u0173 \u017eini\u0173, susisteminti juos taip, kad pavykt\u0173 duomenis apjungti ir panaudoti\u00a0Vyriausybei ar ministrams darant sprendimus, o lygiai taip pat ir moksliniams tyrimams, universitetams, studentams ar verslui\u201c, \u2013 pa\u017eym\u0117jo jis.<\/p>\n<p>G. Litersk\u0117 savo ruo\u017etu patikina, kad sukaupti duomenys bus itin aktual\u016bs nacionaliniams sprendimams ir savivaldai.<\/p>\n<p>\u201eDuomen\u0173 e\u017eeru jau naudojasi labai daug kas, pavyzd\u017eiui kuriant krizi\u0173 ir rizikos planus, valdant Ukrainos\u00a0karo pab\u0117g\u0117li\u0173 srautus, nelegalios imigracijos srautus. Tai yra did\u017eiul\u0117 analitin\u0117 erdv\u0117, kurioje pagal turimas prieigos teises galima naudotis duomenimis\u201c, \u2013 sak\u0117 pa\u0161nekov\u0117.<\/p>\n<p>\u201eVienas aspektas \u2013 \u012fmon\u0117ms galima suma\u017einti administracin\u0119 na\u0161t\u0105. Kitas aspektas \u2013 valstyb\u0117 apie \u017emog\u0173 \u017einojo labai daug, ta\u010diau fragmentuotai skirtingose sistemose. Ateities vizija ta, kad ilgainiui taptume valstybe, galin\u010dia visk\u0105 spr\u0119sti i\u0161 duomen\u0173 ir nebereikt\u0173 \u017emogaus klausti, ar tau reikia i\u0161mokos, mes tai jau \u017einotume\u201c, \u2013 prid\u016br\u0117 ji.<\/p>\n<p>Tuo metu L.\u00a0Trunc\u0117\u00a0pastebi, kad iki \u0161iol sprendimai buvo priimami intuityviai, o nuo \u0161iol specialistai tur\u0117s galimyb\u0119 pagr\u012fsti juos duomenimis. Visgi, pabr\u0117\u017eiama, kad savivaldos atstovai tur\u0117s i\u0161mokti dirbti su\u00a0nauj\u0105ja\u00a0sistema, jeigu nor\u0117s duomenis taikyti tikslingai.<\/p>\n<p>\u201e\u0160iuo metu\u00a057 savivaldyb\u0117s jau turi prisijungimus duomen\u0173 analizei. Savivalda gali naudotis 9 sukurtomis aplikacijomis. Galima vertinti gyventoj\u0173 populiacij\u0105, pasiskirstym\u0105, priedang\u0173 skai\u010di\u0173, planuoti miest\u0105 pagr\u012fstai, o ne sp\u0117liojant\u201c, \u2013 sak\u0117 L.\u00a0Trunc\u0117.<\/p>\n<p>\u201eI\u0161 duomen\u0173 kuriuos surinkome, mes darome tam tikrus analitinius produktus. Vienas j\u0173 \u2013 savivaldos \u201eDataLab\u201c. Su savivaldyb\u0117mis intensyviai dirbame, pateikiame informacij\u0105 ir mokome dirbti su duomenimis. Netrukus tur\u0117sime ir dviej\u0173 dien\u0173 jiems skirt\u0105 rengin\u012f, kur mokysime dirbti su sistema, kelti klausimus ir rasti atsakymus duomenyse\u201c, \u2013 papild\u0117 G.\u00a0Litersk\u0117.<\/p>\n<p>Pasak projekto k\u016br\u0117j\u0173, surinkta labai skirting\u0173 institucini\u0173 duomen\u0173, pradedant Registr\u0173 centru,\u00a0SoDra, Mokes\u010di\u0173 inspekcija, baigiant muziejais ar zoologijos sodu.<\/p>\n<p>Pa\u0161nekovai pabr\u0117\u017e\u0117, kad projekte neapsiribojama vien Vilniumi ar did\u017eiosiomis institucijomis. Tikslas \u2013 surinkti duomenis i\u0161 skirting\u0173, savivaldyb\u0117ms pavald\u017ei\u0173 \u012fmoni\u0173. L.\u00a0Trunc\u0117\u00a0pabr\u0117\u017e\u0117, kad dalis turim\u0173 duomen\u0173 atveriama ir kiekvienam \u017emogui \u2013 galima steb\u0117ti duomenis ir juos analizuoti savo reikm\u0117ms.<\/p>\n<p>Bendras naujien\u0173 agent\u016bros ELTA ir Valstyb\u0117s duomen\u0173 agent\u016bros turinio projektas \u201eValstyb\u0117s duomen\u0173 e\u017eeras\u201c.<\/p>\n<p><strong>Ieva Kniuk\u0161tien\u0117 (ELTA)<\/strong><\/p>\n<p><img loading=\"lazy\" decoding=\"async\" class=\"alignnone size-full wp-image-68679\" src=\"https:\/\/www.silutesnaujienos.lt\/lt\/wp-content\/uploads\/2025\/03\/Untitled.jpg\" alt=\"\" width=\"643\" height=\"123\" srcset=\"https:\/\/www.silutesnaujienos.lt\/lt\/wp-content\/uploads\/2025\/03\/Untitled.jpg 643w, https:\/\/www.silutesnaujienos.lt\/lt\/wp-content\/uploads\/2025\/03\/Untitled-300x57.jpg 300w, https:\/\/www.silutesnaujienos.lt\/lt\/wp-content\/uploads\/2025\/03\/Untitled-450x86.jpg 450w, https:\/\/www.silutesnaujienos.lt\/lt\/wp-content\/uploads\/2025\/03\/Untitled-200x38.jpg 200w\" sizes=\"auto, (max-width: 643px) 100vw, 643px\" \/><\/p>\n","protected":false},"excerpt":{"rendered":"<p>&nbsp; VDA generalinio direktoriaus pavaduotoja Gita\u00a0Litersk\u0117\u00a0teigia, kad\u00a0dar COVID-19 pandemijos metu susiaktualizav\u0119s poreikis tur\u0117ti susistemintus sveikatos\u00a0apsaugos\u00a0sektoriaus duomenis\u00a0tapo paskata\u00a0\u012f vien\u0105 platform\u0105 surinkti\u00a0\u012fvairi\u0173 \u0161alies institucij\u0173 iki \u0161iol decentralizuotai kaupt\u0105 informacij\u0105. \u201e\u0160is projektas buvo vykdomas Ekonomikos gaivinimo ir atsparumo didinimo priemon\u0117s (RRF) l\u0117\u0161omis, ta\u010diau joms pasibaigus, projektas t\u0119sis. Duomenys auga, j\u0173 svarba did\u0117ja. Galb\u016bt veikla nebus tokia intensyvi, bet [&hellip;]<\/p>\n","protected":false},"author":2,"featured_media":81220,"comment_status":"open","ping_status":"closed","sticky":false,"template":"","format":"standard","meta":{"footnotes":""},"categories":[3873],"tags":[47],"class_list":{"0":"post-81219","1":"post","2":"type-post","3":"status-publish","4":"format-standard","5":"has-post-thumbnail","7":"category-elta","8":"tag-pirmasis"},"yoast_head":"<!-- This site is optimized with the Yoast SEO plugin v27.5 - https:\/\/yoast.com\/product\/yoast-seo-wordpress\/ -->\n<title>Lietuva tampa pavyzd\u017eiu: toliau ple\u010diamas pirmasis Valstyb\u0117s duomen\u0173 e\u017eeras - \u0160ilut\u0117s naujienos<\/title>\n<meta name=\"robots\" content=\"index, follow, max-snippet:-1, max-image-preview:large, max-video-preview:-1\" \/>\n<link rel=\"canonical\" href=\"https:\/\/www.silutesnaujienos.lt\/lt\/lietuva-tampa-pavyzdziu-toliau-pleciamas-pirmasis-valstybes-duomenu-ezeras\/\" \/>\n<meta property=\"og:locale\" content=\"lt_LT\" \/>\n<meta property=\"og:type\" content=\"article\" \/>\n<meta property=\"og:title\" content=\"Lietuva tampa pavyzd\u017eiu: toliau ple\u010diamas pirmasis Valstyb\u0117s duomen\u0173 e\u017eeras - \u0160ilut\u0117s naujienos\" \/>\n<meta property=\"og:description\" content=\"&nbsp; VDA generalinio direktoriaus pavaduotoja Gita\u00a0Litersk\u0117\u00a0teigia, kad\u00a0dar COVID-19 pandemijos metu susiaktualizav\u0119s poreikis tur\u0117ti susistemintus sveikatos\u00a0apsaugos\u00a0sektoriaus duomenis\u00a0tapo paskata\u00a0\u012f vien\u0105 platform\u0105 surinkti\u00a0\u012fvairi\u0173 \u0161alies institucij\u0173 iki \u0161iol decentralizuotai kaupt\u0105 informacij\u0105. \u201e\u0160is projektas buvo vykdomas Ekonomikos gaivinimo ir atsparumo didinimo priemon\u0117s (RRF) l\u0117\u0161omis, ta\u010diau joms pasibaigus, projektas t\u0119sis. Duomenys auga, j\u0173 svarba did\u0117ja. Galb\u016bt veikla nebus tokia intensyvi, bet [&hellip;]\" \/>\n<meta property=\"og:url\" content=\"https:\/\/www.silutesnaujienos.lt\/lt\/lietuva-tampa-pavyzdziu-toliau-pleciamas-pirmasis-valstybes-duomenu-ezeras\/\" \/>\n<meta property=\"og:site_name\" content=\"\u0160ilut\u0117s naujienos\" \/>\n<meta property=\"article:publisher\" content=\"https:\/\/www.facebook.com\/silutes.naujienos\/\" \/>\n<meta property=\"article:published_time\" content=\"2026-03-26T11:35:11+00:00\" \/>\n<meta property=\"article:modified_time\" content=\"2026-03-26T11:36:37+00:00\" \/>\n<meta property=\"og:image\" content=\"https:\/\/www.silutesnaujienos.lt\/lt\/wp-content\/uploads\/2026\/03\/photo_6196416-scaled.jpg\" \/>\n\t<meta property=\"og:image:width\" content=\"2560\" \/>\n\t<meta property=\"og:image:height\" content=\"1707\" \/>\n\t<meta property=\"og:image:type\" content=\"image\/jpeg\" \/>\n<meta name=\"author\" content=\"\u0160ilut\u0117s naujien\u0173 inf.\" \/>\n<meta name=\"twitter:card\" content=\"summary_large_image\" \/>\n<meta name=\"twitter:label1\" content=\"Written by\" \/>\n\t<meta name=\"twitter:data1\" content=\"\u0160ilut\u0117s naujien\u0173 inf.\" \/>\n\t<meta name=\"twitter:label2\" content=\"Est. reading time\" \/>\n\t<meta name=\"twitter:data2\" content=\"5 minut\u0117s\" \/>\n<script type=\"application\/ld+json\" class=\"yoast-schema-graph\">{\"@context\":\"https:\\\/\\\/schema.org\",\"@graph\":[{\"@type\":\"Article\",\"@id\":\"https:\\\/\\\/www.silutesnaujienos.lt\\\/lt\\\/lietuva-tampa-pavyzdziu-toliau-pleciamas-pirmasis-valstybes-duomenu-ezeras\\\/#article\",\"isPartOf\":{\"@id\":\"https:\\\/\\\/www.silutesnaujienos.lt\\\/lt\\\/lietuva-tampa-pavyzdziu-toliau-pleciamas-pirmasis-valstybes-duomenu-ezeras\\\/\"},\"author\":{\"name\":\"\u0160ilut\u0117s naujien\u0173 inf.\",\"@id\":\"https:\\\/\\\/www.silutesnaujienos.lt\\\/lt\\\/#\\\/schema\\\/person\\\/976440ef837444400af3c77c19c61454\"},\"headline\":\"Lietuva tampa pavyzd\u017eiu: toliau ple\u010diamas pirmasis Valstyb\u0117s duomen\u0173 e\u017eeras\",\"datePublished\":\"2026-03-26T11:35:11+00:00\",\"dateModified\":\"2026-03-26T11:36:37+00:00\",\"mainEntityOfPage\":{\"@id\":\"https:\\\/\\\/www.silutesnaujienos.lt\\\/lt\\\/lietuva-tampa-pavyzdziu-toliau-pleciamas-pirmasis-valstybes-duomenu-ezeras\\\/\"},\"wordCount\":980,\"commentCount\":0,\"publisher\":{\"@id\":\"https:\\\/\\\/www.silutesnaujienos.lt\\\/lt\\\/#organization\"},\"image\":{\"@id\":\"https:\\\/\\\/www.silutesnaujienos.lt\\\/lt\\\/lietuva-tampa-pavyzdziu-toliau-pleciamas-pirmasis-valstybes-duomenu-ezeras\\\/#primaryimage\"},\"thumbnailUrl\":\"https:\\\/\\\/www.silutesnaujienos.lt\\\/lt\\\/wp-content\\\/uploads\\\/2026\\\/03\\\/photo_6196416-scaled.jpg\",\"keywords\":[\"Pirmasis\"],\"articleSection\":[\"ELTA\"],\"inLanguage\":\"lt-LT\",\"potentialAction\":[{\"@type\":\"CommentAction\",\"name\":\"Comment\",\"target\":[\"https:\\\/\\\/www.silutesnaujienos.lt\\\/lt\\\/lietuva-tampa-pavyzdziu-toliau-pleciamas-pirmasis-valstybes-duomenu-ezeras\\\/#respond\"]}]},{\"@type\":\"WebPage\",\"@id\":\"https:\\\/\\\/www.silutesnaujienos.lt\\\/lt\\\/lietuva-tampa-pavyzdziu-toliau-pleciamas-pirmasis-valstybes-duomenu-ezeras\\\/\",\"url\":\"https:\\\/\\\/www.silutesnaujienos.lt\\\/lt\\\/lietuva-tampa-pavyzdziu-toliau-pleciamas-pirmasis-valstybes-duomenu-ezeras\\\/\",\"name\":\"Lietuva tampa pavyzd\u017eiu: toliau ple\u010diamas pirmasis Valstyb\u0117s duomen\u0173 e\u017eeras - \u0160ilut\u0117s naujienos\",\"isPartOf\":{\"@id\":\"https:\\\/\\\/www.silutesnaujienos.lt\\\/lt\\\/#website\"},\"primaryImageOfPage\":{\"@id\":\"https:\\\/\\\/www.silutesnaujienos.lt\\\/lt\\\/lietuva-tampa-pavyzdziu-toliau-pleciamas-pirmasis-valstybes-duomenu-ezeras\\\/#primaryimage\"},\"image\":{\"@id\":\"https:\\\/\\\/www.silutesnaujienos.lt\\\/lt\\\/lietuva-tampa-pavyzdziu-toliau-pleciamas-pirmasis-valstybes-duomenu-ezeras\\\/#primaryimage\"},\"thumbnailUrl\":\"https:\\\/\\\/www.silutesnaujienos.lt\\\/lt\\\/wp-content\\\/uploads\\\/2026\\\/03\\\/photo_6196416-scaled.jpg\",\"datePublished\":\"2026-03-26T11:35:11+00:00\",\"dateModified\":\"2026-03-26T11:36:37+00:00\",\"breadcrumb\":{\"@id\":\"https:\\\/\\\/www.silutesnaujienos.lt\\\/lt\\\/lietuva-tampa-pavyzdziu-toliau-pleciamas-pirmasis-valstybes-duomenu-ezeras\\\/#breadcrumb\"},\"inLanguage\":\"lt-LT\",\"potentialAction\":[{\"@type\":\"ReadAction\",\"target\":[\"https:\\\/\\\/www.silutesnaujienos.lt\\\/lt\\\/lietuva-tampa-pavyzdziu-toliau-pleciamas-pirmasis-valstybes-duomenu-ezeras\\\/\"]}]},{\"@type\":\"ImageObject\",\"inLanguage\":\"lt-LT\",\"@id\":\"https:\\\/\\\/www.silutesnaujienos.lt\\\/lt\\\/lietuva-tampa-pavyzdziu-toliau-pleciamas-pirmasis-valstybes-duomenu-ezeras\\\/#primaryimage\",\"url\":\"https:\\\/\\\/www.silutesnaujienos.lt\\\/lt\\\/wp-content\\\/uploads\\\/2026\\\/03\\\/photo_6196416-scaled.jpg\",\"contentUrl\":\"https:\\\/\\\/www.silutesnaujienos.lt\\\/lt\\\/wp-content\\\/uploads\\\/2026\\\/03\\\/photo_6196416-scaled.jpg\",\"width\":2560,\"height\":1707,\"caption\":\"ELTA pokalbis. Laurynas Trunc\u0117, Gita Litersk\u0117. \u017dygimanto Gedvilos (ELTA) nuotr.\"},{\"@type\":\"BreadcrumbList\",\"@id\":\"https:\\\/\\\/www.silutesnaujienos.lt\\\/lt\\\/lietuva-tampa-pavyzdziu-toliau-pleciamas-pirmasis-valstybes-duomenu-ezeras\\\/#breadcrumb\",\"itemListElement\":[{\"@type\":\"ListItem\",\"position\":1,\"name\":\"Home\",\"item\":\"https:\\\/\\\/www.silutesnaujienos.lt\\\/lt\\\/\"},{\"@type\":\"ListItem\",\"position\":2,\"name\":\"Lietuva tampa pavyzd\u017eiu: toliau ple\u010diamas pirmasis Valstyb\u0117s duomen\u0173 e\u017eeras\"}]},{\"@type\":\"WebSite\",\"@id\":\"https:\\\/\\\/www.silutesnaujienos.lt\\\/lt\\\/#website\",\"url\":\"https:\\\/\\\/www.silutesnaujienos.lt\\\/lt\\\/\",\"name\":\"\u0160ilut\u0117s naujienos\",\"description\":\"B\u016bk ant naujien\u0173 bangos!\",\"publisher\":{\"@id\":\"https:\\\/\\\/www.silutesnaujienos.lt\\\/lt\\\/#organization\"},\"potentialAction\":[{\"@type\":\"SearchAction\",\"target\":{\"@type\":\"EntryPoint\",\"urlTemplate\":\"https:\\\/\\\/www.silutesnaujienos.lt\\\/lt\\\/?s={search_term_string}\"},\"query-input\":{\"@type\":\"PropertyValueSpecification\",\"valueRequired\":true,\"valueName\":\"search_term_string\"}}],\"inLanguage\":\"lt-LT\"},{\"@type\":\"Organization\",\"@id\":\"https:\\\/\\\/www.silutesnaujienos.lt\\\/lt\\\/#organization\",\"name\":\"\u0160ilut\u0117s naujienos\",\"url\":\"https:\\\/\\\/www.silutesnaujienos.lt\\\/lt\\\/\",\"logo\":{\"@type\":\"ImageObject\",\"inLanguage\":\"lt-LT\",\"@id\":\"https:\\\/\\\/www.silutesnaujienos.lt\\\/lt\\\/#\\\/schema\\\/logo\\\/image\\\/\",\"url\":\"https:\\\/\\\/www.silutesnaujienos.lt\\\/lt\\\/wp-content\\\/uploads\\\/2020\\\/06\\\/FB_MAIN.jpg\",\"contentUrl\":\"https:\\\/\\\/www.silutesnaujienos.lt\\\/lt\\\/wp-content\\\/uploads\\\/2020\\\/06\\\/FB_MAIN.jpg\",\"width\":1700,\"height\":956,\"caption\":\"\u0160ilut\u0117s naujienos\"},\"image\":{\"@id\":\"https:\\\/\\\/www.silutesnaujienos.lt\\\/lt\\\/#\\\/schema\\\/logo\\\/image\\\/\"},\"sameAs\":[\"https:\\\/\\\/www.facebook.com\\\/silutes.naujienos\\\/\",\"https:\\\/\\\/www.youtube.com\\\/channel\\\/UCxW-cgrJDt8GxIMxSTAfJZg\"]},{\"@type\":\"Person\",\"@id\":\"https:\\\/\\\/www.silutesnaujienos.lt\\\/lt\\\/#\\\/schema\\\/person\\\/976440ef837444400af3c77c19c61454\",\"name\":\"\u0160ilut\u0117s naujien\u0173 inf.\",\"image\":{\"@type\":\"ImageObject\",\"inLanguage\":\"lt-LT\",\"@id\":\"https:\\\/\\\/www.silutesnaujienos.lt\\\/lt\\\/wp-content\\\/uploads\\\/2020\\\/06\\\/favicon.png\",\"url\":\"https:\\\/\\\/www.silutesnaujienos.lt\\\/lt\\\/wp-content\\\/uploads\\\/2020\\\/06\\\/favicon.png\",\"contentUrl\":\"https:\\\/\\\/www.silutesnaujienos.lt\\\/lt\\\/wp-content\\\/uploads\\\/2020\\\/06\\\/favicon.png\",\"caption\":\"\u0160ilut\u0117s naujien\u0173 inf.\"},\"url\":\"https:\\\/\\\/www.silutesnaujienos.lt\\\/lt\\\/author\\\/vadas\\\/\"}]}<\/script>\n<!-- \/ Yoast SEO plugin. -->","yoast_head_json":{"title":"Lietuva tampa pavyzd\u017eiu: toliau ple\u010diamas pirmasis Valstyb\u0117s duomen\u0173 e\u017eeras - \u0160ilut\u0117s naujienos","robots":{"index":"index","follow":"follow","max-snippet":"max-snippet:-1","max-image-preview":"max-image-preview:large","max-video-preview":"max-video-preview:-1"},"canonical":"https:\/\/www.silutesnaujienos.lt\/lt\/lietuva-tampa-pavyzdziu-toliau-pleciamas-pirmasis-valstybes-duomenu-ezeras\/","og_locale":"lt_LT","og_type":"article","og_title":"Lietuva tampa pavyzd\u017eiu: toliau ple\u010diamas pirmasis Valstyb\u0117s duomen\u0173 e\u017eeras - \u0160ilut\u0117s naujienos","og_description":"&nbsp; VDA generalinio direktoriaus pavaduotoja Gita\u00a0Litersk\u0117\u00a0teigia, kad\u00a0dar COVID-19 pandemijos metu susiaktualizav\u0119s poreikis tur\u0117ti susistemintus sveikatos\u00a0apsaugos\u00a0sektoriaus duomenis\u00a0tapo paskata\u00a0\u012f vien\u0105 platform\u0105 surinkti\u00a0\u012fvairi\u0173 \u0161alies institucij\u0173 iki \u0161iol decentralizuotai kaupt\u0105 informacij\u0105. \u201e\u0160is projektas buvo vykdomas Ekonomikos gaivinimo ir atsparumo didinimo priemon\u0117s (RRF) l\u0117\u0161omis, ta\u010diau joms pasibaigus, projektas t\u0119sis. Duomenys auga, j\u0173 svarba did\u0117ja. Galb\u016bt veikla nebus tokia intensyvi, bet [&hellip;]","og_url":"https:\/\/www.silutesnaujienos.lt\/lt\/lietuva-tampa-pavyzdziu-toliau-pleciamas-pirmasis-valstybes-duomenu-ezeras\/","og_site_name":"\u0160ilut\u0117s naujienos","article_publisher":"https:\/\/www.facebook.com\/silutes.naujienos\/","article_published_time":"2026-03-26T11:35:11+00:00","article_modified_time":"2026-03-26T11:36:37+00:00","og_image":[{"width":2560,"height":1707,"url":"https:\/\/www.silutesnaujienos.lt\/lt\/wp-content\/uploads\/2026\/03\/photo_6196416-scaled.jpg","type":"image\/jpeg"}],"author":"\u0160ilut\u0117s naujien\u0173 inf.","twitter_card":"summary_large_image","twitter_misc":{"Written by":"\u0160ilut\u0117s naujien\u0173 inf.","Est. reading time":"5 minut\u0117s"},"schema":{"@context":"https:\/\/schema.org","@graph":[{"@type":"Article","@id":"https:\/\/www.silutesnaujienos.lt\/lt\/lietuva-tampa-pavyzdziu-toliau-pleciamas-pirmasis-valstybes-duomenu-ezeras\/#article","isPartOf":{"@id":"https:\/\/www.silutesnaujienos.lt\/lt\/lietuva-tampa-pavyzdziu-toliau-pleciamas-pirmasis-valstybes-duomenu-ezeras\/"},"author":{"name":"\u0160ilut\u0117s naujien\u0173 inf.","@id":"https:\/\/www.silutesnaujienos.lt\/lt\/#\/schema\/person\/976440ef837444400af3c77c19c61454"},"headline":"Lietuva tampa pavyzd\u017eiu: toliau ple\u010diamas pirmasis Valstyb\u0117s duomen\u0173 e\u017eeras","datePublished":"2026-03-26T11:35:11+00:00","dateModified":"2026-03-26T11:36:37+00:00","mainEntityOfPage":{"@id":"https:\/\/www.silutesnaujienos.lt\/lt\/lietuva-tampa-pavyzdziu-toliau-pleciamas-pirmasis-valstybes-duomenu-ezeras\/"},"wordCount":980,"commentCount":0,"publisher":{"@id":"https:\/\/www.silutesnaujienos.lt\/lt\/#organization"},"image":{"@id":"https:\/\/www.silutesnaujienos.lt\/lt\/lietuva-tampa-pavyzdziu-toliau-pleciamas-pirmasis-valstybes-duomenu-ezeras\/#primaryimage"},"thumbnailUrl":"https:\/\/www.silutesnaujienos.lt\/lt\/wp-content\/uploads\/2026\/03\/photo_6196416-scaled.jpg","keywords":["Pirmasis"],"articleSection":["ELTA"],"inLanguage":"lt-LT","potentialAction":[{"@type":"CommentAction","name":"Comment","target":["https:\/\/www.silutesnaujienos.lt\/lt\/lietuva-tampa-pavyzdziu-toliau-pleciamas-pirmasis-valstybes-duomenu-ezeras\/#respond"]}]},{"@type":"WebPage","@id":"https:\/\/www.silutesnaujienos.lt\/lt\/lietuva-tampa-pavyzdziu-toliau-pleciamas-pirmasis-valstybes-duomenu-ezeras\/","url":"https:\/\/www.silutesnaujienos.lt\/lt\/lietuva-tampa-pavyzdziu-toliau-pleciamas-pirmasis-valstybes-duomenu-ezeras\/","name":"Lietuva tampa pavyzd\u017eiu: toliau ple\u010diamas pirmasis Valstyb\u0117s duomen\u0173 e\u017eeras - \u0160ilut\u0117s naujienos","isPartOf":{"@id":"https:\/\/www.silutesnaujienos.lt\/lt\/#website"},"primaryImageOfPage":{"@id":"https:\/\/www.silutesnaujienos.lt\/lt\/lietuva-tampa-pavyzdziu-toliau-pleciamas-pirmasis-valstybes-duomenu-ezeras\/#primaryimage"},"image":{"@id":"https:\/\/www.silutesnaujienos.lt\/lt\/lietuva-tampa-pavyzdziu-toliau-pleciamas-pirmasis-valstybes-duomenu-ezeras\/#primaryimage"},"thumbnailUrl":"https:\/\/www.silutesnaujienos.lt\/lt\/wp-content\/uploads\/2026\/03\/photo_6196416-scaled.jpg","datePublished":"2026-03-26T11:35:11+00:00","dateModified":"2026-03-26T11:36:37+00:00","breadcrumb":{"@id":"https:\/\/www.silutesnaujienos.lt\/lt\/lietuva-tampa-pavyzdziu-toliau-pleciamas-pirmasis-valstybes-duomenu-ezeras\/#breadcrumb"},"inLanguage":"lt-LT","potentialAction":[{"@type":"ReadAction","target":["https:\/\/www.silutesnaujienos.lt\/lt\/lietuva-tampa-pavyzdziu-toliau-pleciamas-pirmasis-valstybes-duomenu-ezeras\/"]}]},{"@type":"ImageObject","inLanguage":"lt-LT","@id":"https:\/\/www.silutesnaujienos.lt\/lt\/lietuva-tampa-pavyzdziu-toliau-pleciamas-pirmasis-valstybes-duomenu-ezeras\/#primaryimage","url":"https:\/\/www.silutesnaujienos.lt\/lt\/wp-content\/uploads\/2026\/03\/photo_6196416-scaled.jpg","contentUrl":"https:\/\/www.silutesnaujienos.lt\/lt\/wp-content\/uploads\/2026\/03\/photo_6196416-scaled.jpg","width":2560,"height":1707,"caption":"ELTA pokalbis. Laurynas Trunc\u0117, Gita Litersk\u0117. \u017dygimanto Gedvilos (ELTA) nuotr."},{"@type":"BreadcrumbList","@id":"https:\/\/www.silutesnaujienos.lt\/lt\/lietuva-tampa-pavyzdziu-toliau-pleciamas-pirmasis-valstybes-duomenu-ezeras\/#breadcrumb","itemListElement":[{"@type":"ListItem","position":1,"name":"Home","item":"https:\/\/www.silutesnaujienos.lt\/lt\/"},{"@type":"ListItem","position":2,"name":"Lietuva tampa pavyzd\u017eiu: toliau ple\u010diamas pirmasis Valstyb\u0117s duomen\u0173 e\u017eeras"}]},{"@type":"WebSite","@id":"https:\/\/www.silutesnaujienos.lt\/lt\/#website","url":"https:\/\/www.silutesnaujienos.lt\/lt\/","name":"\u0160ilut\u0117s naujienos","description":"B\u016bk ant naujien\u0173 bangos!","publisher":{"@id":"https:\/\/www.silutesnaujienos.lt\/lt\/#organization"},"potentialAction":[{"@type":"SearchAction","target":{"@type":"EntryPoint","urlTemplate":"https:\/\/www.silutesnaujienos.lt\/lt\/?s={search_term_string}"},"query-input":{"@type":"PropertyValueSpecification","valueRequired":true,"valueName":"search_term_string"}}],"inLanguage":"lt-LT"},{"@type":"Organization","@id":"https:\/\/www.silutesnaujienos.lt\/lt\/#organization","name":"\u0160ilut\u0117s naujienos","url":"https:\/\/www.silutesnaujienos.lt\/lt\/","logo":{"@type":"ImageObject","inLanguage":"lt-LT","@id":"https:\/\/www.silutesnaujienos.lt\/lt\/#\/schema\/logo\/image\/","url":"https:\/\/www.silutesnaujienos.lt\/lt\/wp-content\/uploads\/2020\/06\/FB_MAIN.jpg","contentUrl":"https:\/\/www.silutesnaujienos.lt\/lt\/wp-content\/uploads\/2020\/06\/FB_MAIN.jpg","width":1700,"height":956,"caption":"\u0160ilut\u0117s naujienos"},"image":{"@id":"https:\/\/www.silutesnaujienos.lt\/lt\/#\/schema\/logo\/image\/"},"sameAs":["https:\/\/www.facebook.com\/silutes.naujienos\/","https:\/\/www.youtube.com\/channel\/UCxW-cgrJDt8GxIMxSTAfJZg"]},{"@type":"Person","@id":"https:\/\/www.silutesnaujienos.lt\/lt\/#\/schema\/person\/976440ef837444400af3c77c19c61454","name":"\u0160ilut\u0117s naujien\u0173 inf.","image":{"@type":"ImageObject","inLanguage":"lt-LT","@id":"https:\/\/www.silutesnaujienos.lt\/lt\/wp-content\/uploads\/2020\/06\/favicon.png","url":"https:\/\/www.silutesnaujienos.lt\/lt\/wp-content\/uploads\/2020\/06\/favicon.png","contentUrl":"https:\/\/www.silutesnaujienos.lt\/lt\/wp-content\/uploads\/2020\/06\/favicon.png","caption":"\u0160ilut\u0117s naujien\u0173 inf."},"url":"https:\/\/www.silutesnaujienos.lt\/lt\/author\/vadas\/"}]}},"publishpress_future_workflow_manual_trigger":{"enabledWorkflows":[]},"amp_enabled":true,"_links":{"self":[{"href":"https:\/\/www.silutesnaujienos.lt\/lt\/wp-json\/wp\/v2\/posts\/81219","targetHints":{"allow":["GET"]}}],"collection":[{"href":"https:\/\/www.silutesnaujienos.lt\/lt\/wp-json\/wp\/v2\/posts"}],"about":[{"href":"https:\/\/www.silutesnaujienos.lt\/lt\/wp-json\/wp\/v2\/types\/post"}],"author":[{"embeddable":true,"href":"https:\/\/www.silutesnaujienos.lt\/lt\/wp-json\/wp\/v2\/users\/2"}],"replies":[{"embeddable":true,"href":"https:\/\/www.silutesnaujienos.lt\/lt\/wp-json\/wp\/v2\/comments?post=81219"}],"version-history":[{"count":3,"href":"https:\/\/www.silutesnaujienos.lt\/lt\/wp-json\/wp\/v2\/posts\/81219\/revisions"}],"predecessor-version":[{"id":81223,"href":"https:\/\/www.silutesnaujienos.lt\/lt\/wp-json\/wp\/v2\/posts\/81219\/revisions\/81223"}],"wp:featuredmedia":[{"embeddable":true,"href":"https:\/\/www.silutesnaujienos.lt\/lt\/wp-json\/wp\/v2\/media\/81220"}],"wp:attachment":[{"href":"https:\/\/www.silutesnaujienos.lt\/lt\/wp-json\/wp\/v2\/media?parent=81219"}],"wp:term":[{"taxonomy":"category","embeddable":true,"href":"https:\/\/www.silutesnaujienos.lt\/lt\/wp-json\/wp\/v2\/categories?post=81219"},{"taxonomy":"post_tag","embeddable":true,"href":"https:\/\/www.silutesnaujienos.lt\/lt\/wp-json\/wp\/v2\/tags?post=81219"}],"curies":[{"name":"wp","href":"https:\/\/api.w.org\/{rel}","templated":true}]}}