{"id":81322,"date":"2026-04-05T20:00:26","date_gmt":"2026-04-05T17:00:26","guid":{"rendered":"https:\/\/www.silutesnaujienos.lt\/lt\/?p=81322"},"modified":"2026-04-01T14:10:18","modified_gmt":"2026-04-01T11:10:18","slug":"motociklininkai-grizta-kodel-sezono-pradzia-pavojingiausia","status":"publish","type":"post","link":"https:\/\/www.silutesnaujienos.lt\/lt\/motociklininkai-grizta-kodel-sezono-pradzia-pavojingiausia\/","title":{"rendered":"Motociklininkai gr\u012f\u017eta: kod\u0117l sezono prad\u017eia pavojingiausia?"},"content":{"rendered":"<p><em><strong>\u012evyki\u0173 padaug\u0117ja<\/strong><\/em><\/p>\n<p>\u201ePrasid\u0117jus motocikl\u0173 sezonui kasmet eismo \u012fvyki\u0173 skai\u010dius auga, o patiriamos \u017ealos da\u017enai b\u016bna itin brangios. Net ir palyginti nedidelis incidentas gali kainuoti kelet\u0105 t\u016bkstan\u010di\u0173 eur\u0173\u201c, \u2013 sako BTA atstov\u0117 Ana Variakojien\u0117.<\/p>\n<p>BTA duomenimis, vidutin\u0117 motocikl\u0173 \u017ealos i\u0161moka yra net 30 proc. didesn\u0117 nei lengv\u0173j\u0173 automobili\u0173. \u0160is skai\u010dius siekia apie 2,5 t\u016bkst. eur\u0173, o didesni incidentai gali b\u016bti ir kelis kartus brangesni. Pavyzd\u017eiui, 2025 m. did\u017eiausia i\u0161moka siek\u0117 apie 13 t\u016bkst. eur\u0173, 2024 m. \u2013 apie 7 t\u016bkst. eur\u0173.<\/p>\n<p>\u201ePrasid\u0117jus sezonui da\u017eniausios klaidos b\u016bna gana paprastos. Viena j\u0173 \u2013 nepakankamas d\u0117mesys motociklo techninei b\u016bklei. Po \u017eiemos pertraukos verta patikrinti stabd\u017eius, j\u0173 pagrindini\u0173 sistem\u0173 veikim\u0105, padangas ir j\u0173 sl\u0117g\u012f, tepalus \u2013 visk\u0105, kas tiesiogiai veikia saugum\u0105. Taip pat nepamir\u0161ti ir draudimo bei technin\u0117s ap\u017ei\u016bros\u201c, \u2013 teigia motociklinink\u0173 klubo \u201eH.O.G. Vilnius Chapter Lithuania\u201c narys Justas Dargu\u017eas.<\/p>\n<p>Dar viena da\u017ena klaida \u2013 tinkamai ne\u012fvertinama oro temperat\u016bra. Motociklo padangos esant \u017eemesnei temperat\u016brai sukiet\u0117ja, tod\u0117l sukibimas su kelio danga prast\u0117ja. Tai ypa\u010d jau\u010diama stabdant ar staigiau pajudant \u2013 motociklas gali slystel\u0117ti visi\u0161kai netik\u0117tai.<\/p>\n<p><em><strong>\u017diem\u0105 \u201emiega\u201c ir \u012fg\u016bd\u017eiai<\/strong><\/em><\/p>\n<p>Sezono prad\u017eia pavojinga ne tik d\u0117l nenusp\u0117jam\u0173 oro s\u0105lyg\u0173, bet ir pa\u010di\u0173 vairuotoj\u0173 nusiteikimo bei \u012fpro\u010di\u0173. \u201eVienas svarbiausi\u0173 aspekt\u0173 \u2013 emocinis faktorius. Po \u017eiemos visi pasiilg\u0119 va\u017eiavimo, tod\u0117l kartais pamir\u0161tama, kad \u012fg\u016bd\u017eiai per kelis m\u0117nesius \u0161iek tiek \u201eu\u017emiega\u201c. Tada atsiranda noras va\u017eiuoti dr\u0105siau nei dar leid\u017eia refleksai. Prie to prisideda ir pavojingas \u012fsitikinimas, kad visi tave mato. Deja, vairuotojai per \u017eiem\u0105 taip pat atpranta nuo motociklinink\u0173, tod\u0117l pavasar\u012f jiems tai tarsi \u201enaujas sezonas\u201c ir akys dar ne visada j\u0173 ie\u0161ko kelyje\u201c, \u2013 tvirtina J. Dargu\u017eas.<\/p>\n<p>Pirmiesiems sezono va\u017eiavimams verta rinktis ramesnius kelius, kuriuose eismas ma\u017eiau intensyvus. Taip galima ramiai prisiminti stabdym\u0105, pos\u016bkius, l\u0117t\u0105 manevravim\u0105. Padeda ir praktiniai mokymai. Po vienos tokios dienos valdymo jausmas gr\u012f\u017eta grei\u010diau nei tiesiog va\u017ein\u0117jant po miest\u0105.<\/p>\n<p>Svarbiausiu aspektu pradedant motocikl\u0173 sezon\u0105 i\u0161lieka budrumas. \u201eDa\u017eniausios situacijos ai\u0161kios \u2013 per didelis greitis, nepakankamas atstumas iki kit\u0173 transporto priemoni\u0173 ir vadinamasis \u201enardymas\u201c tarp automobili\u0173. Ta\u010diau ne ma\u017eiau svarbi prie\u017eastis \u2013 kit\u0173 eismo dalyvi\u0173 d\u0117mesio tr\u016bkumas. Pavasar\u012f vairuotojai dar neb\u016bna pilnai \u201epersijung\u0119\u201c \u012f motociklinink\u0173 matym\u0105, tod\u0117l j\u0173 budrumas b\u016bna ma\u017eesnis\u201c, \u2013 sako J. Dargu\u017eas.<\/p>\n<p><strong>Pagal BNS inf.<\/strong><\/p>\n","protected":false},"excerpt":{"rendered":"<p>\u012evyki\u0173 padaug\u0117ja \u201ePrasid\u0117jus motocikl\u0173 sezonui kasmet eismo \u012fvyki\u0173 skai\u010dius auga, o patiriamos \u017ealos da\u017enai b\u016bna itin brangios. Net ir palyginti nedidelis incidentas gali kainuoti kelet\u0105 t\u016bkstan\u010di\u0173 eur\u0173\u201c, \u2013 sako BTA atstov\u0117 Ana Variakojien\u0117. BTA duomenimis, vidutin\u0117 motocikl\u0173 \u017ealos i\u0161moka yra net 30 proc. didesn\u0117 nei lengv\u0173j\u0173 automobili\u0173. \u0160is skai\u010dius siekia apie 2,5 t\u016bkst. eur\u0173, o [&hellip;]<\/p>\n","protected":false},"author":2,"featured_media":69604,"comment_status":"open","ping_status":"closed","sticky":false,"template":"","format":"standard","meta":{"footnotes":""},"categories":[48],"tags":[47],"class_list":{"0":"post-81322","1":"post","2":"type-post","3":"status-publish","4":"format-standard","5":"has-post-thumbnail","7":"category-teisetvarka","8":"tag-pirmasis"},"yoast_head":"<!-- This site is optimized with the Yoast SEO plugin v27.5 - https:\/\/yoast.com\/product\/yoast-seo-wordpress\/ -->\n<title>Motociklininkai gr\u012f\u017eta: kod\u0117l sezono prad\u017eia pavojingiausia? - \u0160ilut\u0117s naujienos<\/title>\n<meta name=\"robots\" content=\"index, follow, max-snippet:-1, max-image-preview:large, max-video-preview:-1\" \/>\n<link rel=\"canonical\" href=\"https:\/\/www.silutesnaujienos.lt\/lt\/motociklininkai-grizta-kodel-sezono-pradzia-pavojingiausia\/\" \/>\n<meta property=\"og:locale\" content=\"lt_LT\" \/>\n<meta property=\"og:type\" content=\"article\" \/>\n<meta property=\"og:title\" content=\"Motociklininkai gr\u012f\u017eta: kod\u0117l sezono prad\u017eia pavojingiausia? - \u0160ilut\u0117s naujienos\" \/>\n<meta property=\"og:description\" content=\"\u012evyki\u0173 padaug\u0117ja \u201ePrasid\u0117jus motocikl\u0173 sezonui kasmet eismo \u012fvyki\u0173 skai\u010dius auga, o patiriamos \u017ealos da\u017enai b\u016bna itin brangios. Net ir palyginti nedidelis incidentas gali kainuoti kelet\u0105 t\u016bkstan\u010di\u0173 eur\u0173\u201c, \u2013 sako BTA atstov\u0117 Ana Variakojien\u0117. BTA duomenimis, vidutin\u0117 motocikl\u0173 \u017ealos i\u0161moka yra net 30 proc. didesn\u0117 nei lengv\u0173j\u0173 automobili\u0173. \u0160is skai\u010dius siekia apie 2,5 t\u016bkst. eur\u0173, o [&hellip;]\" \/>\n<meta property=\"og:url\" content=\"https:\/\/www.silutesnaujienos.lt\/lt\/motociklininkai-grizta-kodel-sezono-pradzia-pavojingiausia\/\" \/>\n<meta property=\"og:site_name\" content=\"\u0160ilut\u0117s naujienos\" \/>\n<meta property=\"article:publisher\" content=\"https:\/\/www.facebook.com\/silutes.naujienos\/\" \/>\n<meta property=\"article:published_time\" content=\"2026-04-05T17:00:26+00:00\" \/>\n<meta property=\"og:image\" content=\"https:\/\/www.silutesnaujienos.lt\/lt\/wp-content\/uploads\/2025\/05\/Motociklu-1.jpg\" \/>\n\t<meta property=\"og:image:width\" content=\"1920\" \/>\n\t<meta property=\"og:image:height\" content=\"1080\" \/>\n\t<meta property=\"og:image:type\" content=\"image\/jpeg\" \/>\n<meta name=\"author\" content=\"\u0160ilut\u0117s naujien\u0173 inf.\" \/>\n<meta name=\"twitter:card\" content=\"summary_large_image\" \/>\n<meta name=\"twitter:label1\" content=\"Written by\" \/>\n\t<meta name=\"twitter:data1\" content=\"\u0160ilut\u0117s naujien\u0173 inf.\" \/>\n\t<meta name=\"twitter:label2\" content=\"Est. reading time\" \/>\n\t<meta name=\"twitter:data2\" content=\"3 minut\u0117s\" \/>\n<script type=\"application\/ld+json\" class=\"yoast-schema-graph\">{\"@context\":\"https:\\\/\\\/schema.org\",\"@graph\":[{\"@type\":\"Article\",\"@id\":\"https:\\\/\\\/www.silutesnaujienos.lt\\\/lt\\\/motociklininkai-grizta-kodel-sezono-pradzia-pavojingiausia\\\/#article\",\"isPartOf\":{\"@id\":\"https:\\\/\\\/www.silutesnaujienos.lt\\\/lt\\\/motociklininkai-grizta-kodel-sezono-pradzia-pavojingiausia\\\/\"},\"author\":{\"name\":\"\u0160ilut\u0117s naujien\u0173 inf.\",\"@id\":\"https:\\\/\\\/www.silutesnaujienos.lt\\\/lt\\\/#\\\/schema\\\/person\\\/976440ef837444400af3c77c19c61454\"},\"headline\":\"Motociklininkai gr\u012f\u017eta: kod\u0117l sezono prad\u017eia pavojingiausia?\",\"datePublished\":\"2026-04-05T17:00:26+00:00\",\"mainEntityOfPage\":{\"@id\":\"https:\\\/\\\/www.silutesnaujienos.lt\\\/lt\\\/motociklininkai-grizta-kodel-sezono-pradzia-pavojingiausia\\\/\"},\"wordCount\":425,\"commentCount\":0,\"publisher\":{\"@id\":\"https:\\\/\\\/www.silutesnaujienos.lt\\\/lt\\\/#organization\"},\"image\":{\"@id\":\"https:\\\/\\\/www.silutesnaujienos.lt\\\/lt\\\/motociklininkai-grizta-kodel-sezono-pradzia-pavojingiausia\\\/#primaryimage\"},\"thumbnailUrl\":\"https:\\\/\\\/www.silutesnaujienos.lt\\\/lt\\\/wp-content\\\/uploads\\\/2025\\\/05\\\/Motociklu-1.jpg\",\"keywords\":[\"Pirmasis\"],\"articleSection\":[\"Teis\u0117tvarka\"],\"inLanguage\":\"lt-LT\",\"potentialAction\":[{\"@type\":\"CommentAction\",\"name\":\"Comment\",\"target\":[\"https:\\\/\\\/www.silutesnaujienos.lt\\\/lt\\\/motociklininkai-grizta-kodel-sezono-pradzia-pavojingiausia\\\/#respond\"]}]},{\"@type\":\"WebPage\",\"@id\":\"https:\\\/\\\/www.silutesnaujienos.lt\\\/lt\\\/motociklininkai-grizta-kodel-sezono-pradzia-pavojingiausia\\\/\",\"url\":\"https:\\\/\\\/www.silutesnaujienos.lt\\\/lt\\\/motociklininkai-grizta-kodel-sezono-pradzia-pavojingiausia\\\/\",\"name\":\"Motociklininkai gr\u012f\u017eta: kod\u0117l sezono prad\u017eia pavojingiausia? - \u0160ilut\u0117s naujienos\",\"isPartOf\":{\"@id\":\"https:\\\/\\\/www.silutesnaujienos.lt\\\/lt\\\/#website\"},\"primaryImageOfPage\":{\"@id\":\"https:\\\/\\\/www.silutesnaujienos.lt\\\/lt\\\/motociklininkai-grizta-kodel-sezono-pradzia-pavojingiausia\\\/#primaryimage\"},\"image\":{\"@id\":\"https:\\\/\\\/www.silutesnaujienos.lt\\\/lt\\\/motociklininkai-grizta-kodel-sezono-pradzia-pavojingiausia\\\/#primaryimage\"},\"thumbnailUrl\":\"https:\\\/\\\/www.silutesnaujienos.lt\\\/lt\\\/wp-content\\\/uploads\\\/2025\\\/05\\\/Motociklu-1.jpg\",\"datePublished\":\"2026-04-05T17:00:26+00:00\",\"breadcrumb\":{\"@id\":\"https:\\\/\\\/www.silutesnaujienos.lt\\\/lt\\\/motociklininkai-grizta-kodel-sezono-pradzia-pavojingiausia\\\/#breadcrumb\"},\"inLanguage\":\"lt-LT\",\"potentialAction\":[{\"@type\":\"ReadAction\",\"target\":[\"https:\\\/\\\/www.silutesnaujienos.lt\\\/lt\\\/motociklininkai-grizta-kodel-sezono-pradzia-pavojingiausia\\\/\"]}]},{\"@type\":\"ImageObject\",\"inLanguage\":\"lt-LT\",\"@id\":\"https:\\\/\\\/www.silutesnaujienos.lt\\\/lt\\\/motociklininkai-grizta-kodel-sezono-pradzia-pavojingiausia\\\/#primaryimage\",\"url\":\"https:\\\/\\\/www.silutesnaujienos.lt\\\/lt\\\/wp-content\\\/uploads\\\/2025\\\/05\\\/Motociklu-1.jpg\",\"contentUrl\":\"https:\\\/\\\/www.silutesnaujienos.lt\\\/lt\\\/wp-content\\\/uploads\\\/2025\\\/05\\\/Motociklu-1.jpg\",\"width\":1920,\"height\":1080},{\"@type\":\"BreadcrumbList\",\"@id\":\"https:\\\/\\\/www.silutesnaujienos.lt\\\/lt\\\/motociklininkai-grizta-kodel-sezono-pradzia-pavojingiausia\\\/#breadcrumb\",\"itemListElement\":[{\"@type\":\"ListItem\",\"position\":1,\"name\":\"Home\",\"item\":\"https:\\\/\\\/www.silutesnaujienos.lt\\\/lt\\\/\"},{\"@type\":\"ListItem\",\"position\":2,\"name\":\"Motociklininkai gr\u012f\u017eta: kod\u0117l sezono prad\u017eia pavojingiausia?\"}]},{\"@type\":\"WebSite\",\"@id\":\"https:\\\/\\\/www.silutesnaujienos.lt\\\/lt\\\/#website\",\"url\":\"https:\\\/\\\/www.silutesnaujienos.lt\\\/lt\\\/\",\"name\":\"\u0160ilut\u0117s naujienos\",\"description\":\"B\u016bk ant naujien\u0173 bangos!\",\"publisher\":{\"@id\":\"https:\\\/\\\/www.silutesnaujienos.lt\\\/lt\\\/#organization\"},\"potentialAction\":[{\"@type\":\"SearchAction\",\"target\":{\"@type\":\"EntryPoint\",\"urlTemplate\":\"https:\\\/\\\/www.silutesnaujienos.lt\\\/lt\\\/?s={search_term_string}\"},\"query-input\":{\"@type\":\"PropertyValueSpecification\",\"valueRequired\":true,\"valueName\":\"search_term_string\"}}],\"inLanguage\":\"lt-LT\"},{\"@type\":\"Organization\",\"@id\":\"https:\\\/\\\/www.silutesnaujienos.lt\\\/lt\\\/#organization\",\"name\":\"\u0160ilut\u0117s naujienos\",\"url\":\"https:\\\/\\\/www.silutesnaujienos.lt\\\/lt\\\/\",\"logo\":{\"@type\":\"ImageObject\",\"inLanguage\":\"lt-LT\",\"@id\":\"https:\\\/\\\/www.silutesnaujienos.lt\\\/lt\\\/#\\\/schema\\\/logo\\\/image\\\/\",\"url\":\"https:\\\/\\\/www.silutesnaujienos.lt\\\/lt\\\/wp-content\\\/uploads\\\/2020\\\/06\\\/FB_MAIN.jpg\",\"contentUrl\":\"https:\\\/\\\/www.silutesnaujienos.lt\\\/lt\\\/wp-content\\\/uploads\\\/2020\\\/06\\\/FB_MAIN.jpg\",\"width\":1700,\"height\":956,\"caption\":\"\u0160ilut\u0117s naujienos\"},\"image\":{\"@id\":\"https:\\\/\\\/www.silutesnaujienos.lt\\\/lt\\\/#\\\/schema\\\/logo\\\/image\\\/\"},\"sameAs\":[\"https:\\\/\\\/www.facebook.com\\\/silutes.naujienos\\\/\",\"https:\\\/\\\/www.youtube.com\\\/channel\\\/UCxW-cgrJDt8GxIMxSTAfJZg\"]},{\"@type\":\"Person\",\"@id\":\"https:\\\/\\\/www.silutesnaujienos.lt\\\/lt\\\/#\\\/schema\\\/person\\\/976440ef837444400af3c77c19c61454\",\"name\":\"\u0160ilut\u0117s naujien\u0173 inf.\",\"image\":{\"@type\":\"ImageObject\",\"inLanguage\":\"lt-LT\",\"@id\":\"https:\\\/\\\/www.silutesnaujienos.lt\\\/lt\\\/wp-content\\\/uploads\\\/2020\\\/06\\\/favicon.png\",\"url\":\"https:\\\/\\\/www.silutesnaujienos.lt\\\/lt\\\/wp-content\\\/uploads\\\/2020\\\/06\\\/favicon.png\",\"contentUrl\":\"https:\\\/\\\/www.silutesnaujienos.lt\\\/lt\\\/wp-content\\\/uploads\\\/2020\\\/06\\\/favicon.png\",\"caption\":\"\u0160ilut\u0117s naujien\u0173 inf.\"},\"url\":\"https:\\\/\\\/www.silutesnaujienos.lt\\\/lt\\\/author\\\/vadas\\\/\"}]}<\/script>\n<!-- \/ Yoast SEO plugin. -->","yoast_head_json":{"title":"Motociklininkai gr\u012f\u017eta: kod\u0117l sezono prad\u017eia pavojingiausia? - \u0160ilut\u0117s naujienos","robots":{"index":"index","follow":"follow","max-snippet":"max-snippet:-1","max-image-preview":"max-image-preview:large","max-video-preview":"max-video-preview:-1"},"canonical":"https:\/\/www.silutesnaujienos.lt\/lt\/motociklininkai-grizta-kodel-sezono-pradzia-pavojingiausia\/","og_locale":"lt_LT","og_type":"article","og_title":"Motociklininkai gr\u012f\u017eta: kod\u0117l sezono prad\u017eia pavojingiausia? - \u0160ilut\u0117s naujienos","og_description":"\u012evyki\u0173 padaug\u0117ja \u201ePrasid\u0117jus motocikl\u0173 sezonui kasmet eismo \u012fvyki\u0173 skai\u010dius auga, o patiriamos \u017ealos da\u017enai b\u016bna itin brangios. Net ir palyginti nedidelis incidentas gali kainuoti kelet\u0105 t\u016bkstan\u010di\u0173 eur\u0173\u201c, \u2013 sako BTA atstov\u0117 Ana Variakojien\u0117. BTA duomenimis, vidutin\u0117 motocikl\u0173 \u017ealos i\u0161moka yra net 30 proc. didesn\u0117 nei lengv\u0173j\u0173 automobili\u0173. \u0160is skai\u010dius siekia apie 2,5 t\u016bkst. eur\u0173, o [&hellip;]","og_url":"https:\/\/www.silutesnaujienos.lt\/lt\/motociklininkai-grizta-kodel-sezono-pradzia-pavojingiausia\/","og_site_name":"\u0160ilut\u0117s naujienos","article_publisher":"https:\/\/www.facebook.com\/silutes.naujienos\/","article_published_time":"2026-04-05T17:00:26+00:00","og_image":[{"width":1920,"height":1080,"url":"https:\/\/www.silutesnaujienos.lt\/lt\/wp-content\/uploads\/2025\/05\/Motociklu-1.jpg","type":"image\/jpeg"}],"author":"\u0160ilut\u0117s naujien\u0173 inf.","twitter_card":"summary_large_image","twitter_misc":{"Written by":"\u0160ilut\u0117s naujien\u0173 inf.","Est. reading time":"3 minut\u0117s"},"schema":{"@context":"https:\/\/schema.org","@graph":[{"@type":"Article","@id":"https:\/\/www.silutesnaujienos.lt\/lt\/motociklininkai-grizta-kodel-sezono-pradzia-pavojingiausia\/#article","isPartOf":{"@id":"https:\/\/www.silutesnaujienos.lt\/lt\/motociklininkai-grizta-kodel-sezono-pradzia-pavojingiausia\/"},"author":{"name":"\u0160ilut\u0117s naujien\u0173 inf.","@id":"https:\/\/www.silutesnaujienos.lt\/lt\/#\/schema\/person\/976440ef837444400af3c77c19c61454"},"headline":"Motociklininkai gr\u012f\u017eta: kod\u0117l sezono prad\u017eia pavojingiausia?","datePublished":"2026-04-05T17:00:26+00:00","mainEntityOfPage":{"@id":"https:\/\/www.silutesnaujienos.lt\/lt\/motociklininkai-grizta-kodel-sezono-pradzia-pavojingiausia\/"},"wordCount":425,"commentCount":0,"publisher":{"@id":"https:\/\/www.silutesnaujienos.lt\/lt\/#organization"},"image":{"@id":"https:\/\/www.silutesnaujienos.lt\/lt\/motociklininkai-grizta-kodel-sezono-pradzia-pavojingiausia\/#primaryimage"},"thumbnailUrl":"https:\/\/www.silutesnaujienos.lt\/lt\/wp-content\/uploads\/2025\/05\/Motociklu-1.jpg","keywords":["Pirmasis"],"articleSection":["Teis\u0117tvarka"],"inLanguage":"lt-LT","potentialAction":[{"@type":"CommentAction","name":"Comment","target":["https:\/\/www.silutesnaujienos.lt\/lt\/motociklininkai-grizta-kodel-sezono-pradzia-pavojingiausia\/#respond"]}]},{"@type":"WebPage","@id":"https:\/\/www.silutesnaujienos.lt\/lt\/motociklininkai-grizta-kodel-sezono-pradzia-pavojingiausia\/","url":"https:\/\/www.silutesnaujienos.lt\/lt\/motociklininkai-grizta-kodel-sezono-pradzia-pavojingiausia\/","name":"Motociklininkai gr\u012f\u017eta: kod\u0117l sezono prad\u017eia pavojingiausia? - \u0160ilut\u0117s naujienos","isPartOf":{"@id":"https:\/\/www.silutesnaujienos.lt\/lt\/#website"},"primaryImageOfPage":{"@id":"https:\/\/www.silutesnaujienos.lt\/lt\/motociklininkai-grizta-kodel-sezono-pradzia-pavojingiausia\/#primaryimage"},"image":{"@id":"https:\/\/www.silutesnaujienos.lt\/lt\/motociklininkai-grizta-kodel-sezono-pradzia-pavojingiausia\/#primaryimage"},"thumbnailUrl":"https:\/\/www.silutesnaujienos.lt\/lt\/wp-content\/uploads\/2025\/05\/Motociklu-1.jpg","datePublished":"2026-04-05T17:00:26+00:00","breadcrumb":{"@id":"https:\/\/www.silutesnaujienos.lt\/lt\/motociklininkai-grizta-kodel-sezono-pradzia-pavojingiausia\/#breadcrumb"},"inLanguage":"lt-LT","potentialAction":[{"@type":"ReadAction","target":["https:\/\/www.silutesnaujienos.lt\/lt\/motociklininkai-grizta-kodel-sezono-pradzia-pavojingiausia\/"]}]},{"@type":"ImageObject","inLanguage":"lt-LT","@id":"https:\/\/www.silutesnaujienos.lt\/lt\/motociklininkai-grizta-kodel-sezono-pradzia-pavojingiausia\/#primaryimage","url":"https:\/\/www.silutesnaujienos.lt\/lt\/wp-content\/uploads\/2025\/05\/Motociklu-1.jpg","contentUrl":"https:\/\/www.silutesnaujienos.lt\/lt\/wp-content\/uploads\/2025\/05\/Motociklu-1.jpg","width":1920,"height":1080},{"@type":"BreadcrumbList","@id":"https:\/\/www.silutesnaujienos.lt\/lt\/motociklininkai-grizta-kodel-sezono-pradzia-pavojingiausia\/#breadcrumb","itemListElement":[{"@type":"ListItem","position":1,"name":"Home","item":"https:\/\/www.silutesnaujienos.lt\/lt\/"},{"@type":"ListItem","position":2,"name":"Motociklininkai gr\u012f\u017eta: kod\u0117l sezono prad\u017eia pavojingiausia?"}]},{"@type":"WebSite","@id":"https:\/\/www.silutesnaujienos.lt\/lt\/#website","url":"https:\/\/www.silutesnaujienos.lt\/lt\/","name":"\u0160ilut\u0117s naujienos","description":"B\u016bk ant naujien\u0173 bangos!","publisher":{"@id":"https:\/\/www.silutesnaujienos.lt\/lt\/#organization"},"potentialAction":[{"@type":"SearchAction","target":{"@type":"EntryPoint","urlTemplate":"https:\/\/www.silutesnaujienos.lt\/lt\/?s={search_term_string}"},"query-input":{"@type":"PropertyValueSpecification","valueRequired":true,"valueName":"search_term_string"}}],"inLanguage":"lt-LT"},{"@type":"Organization","@id":"https:\/\/www.silutesnaujienos.lt\/lt\/#organization","name":"\u0160ilut\u0117s naujienos","url":"https:\/\/www.silutesnaujienos.lt\/lt\/","logo":{"@type":"ImageObject","inLanguage":"lt-LT","@id":"https:\/\/www.silutesnaujienos.lt\/lt\/#\/schema\/logo\/image\/","url":"https:\/\/www.silutesnaujienos.lt\/lt\/wp-content\/uploads\/2020\/06\/FB_MAIN.jpg","contentUrl":"https:\/\/www.silutesnaujienos.lt\/lt\/wp-content\/uploads\/2020\/06\/FB_MAIN.jpg","width":1700,"height":956,"caption":"\u0160ilut\u0117s naujienos"},"image":{"@id":"https:\/\/www.silutesnaujienos.lt\/lt\/#\/schema\/logo\/image\/"},"sameAs":["https:\/\/www.facebook.com\/silutes.naujienos\/","https:\/\/www.youtube.com\/channel\/UCxW-cgrJDt8GxIMxSTAfJZg"]},{"@type":"Person","@id":"https:\/\/www.silutesnaujienos.lt\/lt\/#\/schema\/person\/976440ef837444400af3c77c19c61454","name":"\u0160ilut\u0117s naujien\u0173 inf.","image":{"@type":"ImageObject","inLanguage":"lt-LT","@id":"https:\/\/www.silutesnaujienos.lt\/lt\/wp-content\/uploads\/2020\/06\/favicon.png","url":"https:\/\/www.silutesnaujienos.lt\/lt\/wp-content\/uploads\/2020\/06\/favicon.png","contentUrl":"https:\/\/www.silutesnaujienos.lt\/lt\/wp-content\/uploads\/2020\/06\/favicon.png","caption":"\u0160ilut\u0117s naujien\u0173 inf."},"url":"https:\/\/www.silutesnaujienos.lt\/lt\/author\/vadas\/"}]}},"publishpress_future_workflow_manual_trigger":{"enabledWorkflows":[]},"amp_enabled":true,"_links":{"self":[{"href":"https:\/\/www.silutesnaujienos.lt\/lt\/wp-json\/wp\/v2\/posts\/81322","targetHints":{"allow":["GET"]}}],"collection":[{"href":"https:\/\/www.silutesnaujienos.lt\/lt\/wp-json\/wp\/v2\/posts"}],"about":[{"href":"https:\/\/www.silutesnaujienos.lt\/lt\/wp-json\/wp\/v2\/types\/post"}],"author":[{"embeddable":true,"href":"https:\/\/www.silutesnaujienos.lt\/lt\/wp-json\/wp\/v2\/users\/2"}],"replies":[{"embeddable":true,"href":"https:\/\/www.silutesnaujienos.lt\/lt\/wp-json\/wp\/v2\/comments?post=81322"}],"version-history":[{"count":1,"href":"https:\/\/www.silutesnaujienos.lt\/lt\/wp-json\/wp\/v2\/posts\/81322\/revisions"}],"predecessor-version":[{"id":81323,"href":"https:\/\/www.silutesnaujienos.lt\/lt\/wp-json\/wp\/v2\/posts\/81322\/revisions\/81323"}],"wp:featuredmedia":[{"embeddable":true,"href":"https:\/\/www.silutesnaujienos.lt\/lt\/wp-json\/wp\/v2\/media\/69604"}],"wp:attachment":[{"href":"https:\/\/www.silutesnaujienos.lt\/lt\/wp-json\/wp\/v2\/media?parent=81322"}],"wp:term":[{"taxonomy":"category","embeddable":true,"href":"https:\/\/www.silutesnaujienos.lt\/lt\/wp-json\/wp\/v2\/categories?post=81322"},{"taxonomy":"post_tag","embeddable":true,"href":"https:\/\/www.silutesnaujienos.lt\/lt\/wp-json\/wp\/v2\/tags?post=81322"}],"curies":[{"name":"wp","href":"https:\/\/api.w.org\/{rel}","templated":true}]}}